{"id":108008,"date":"2014-02-08T03:59:03","date_gmt":"2014-02-08T02:59:03","guid":{"rendered":"http:\/\/vincentiens.org\/?p=108008"},"modified":"2014-02-08T03:59:03","modified_gmt":"2014-02-08T02:59:03","slug":"jacques-yen","status":"publish","type":"post","link":"https:\/\/vincentians.com\/fr\/jacques-yen\/","title":{"rendered":"Jacques Yen"},"content":{"rendered":"<p><a href=\"https:\/\/i0.wp.com\/vincentiens.org\/wp-content\/uploads\/2012\/11\/lazaristes.jpg\"><img data-recalc-dims=\"1\" loading=\"lazy\" decoding=\"async\" class=\"alignright size-medium wp-image-104795\" title=\"lazaristes\" alt=\"\" src=\"https:\/\/i0.wp.com\/vincentiens.org\/wp-content\/uploads\/2012\/11\/lazaristes-236x300.jpg?resize=236%2C300\" width=\"236\" height=\"300\" \/><\/a>\u4e25\u6da4\u4fee<i>Y<\/i><i>EN <\/i><i>T<\/i><i>I<\/i><i>&#8211;<\/i><i>SIEOU<\/i><\/p>\n<p><i>Pr\u00eatre<\/i><\/p>\n<p>N\u00e9 dans le Kien-tch\u2019ang fou \u5efa\u660c\u5e9c (Kiang-si \u6c5f\u897f), le 4 septembre 1839; re\u00e7u au<\/p>\n<p>s\u00e9minaire le 27 septembre 1866; fit les v\u0153ux le 28 septembre 1868; ordonn\u00e9 pr\u00eatre la m\u00eame ann\u00e9e. Missionnaire dans le vicariat du Kiang-si septentrional. D\u00e9c\u00e9d\u00e9 \u00e0 Wan-che-tcheou Lu-kia \u4e07\u7855\u6d32\u5415\u5bb6 , pr\u00e8s de Lin-Kiang, le 30 octobre 1916. S\u00e9pulture \u00e0 Lin-Kiang \u4e34\u6c5f.<\/p>\n<p>Catalogue manuscrit. &#8211; L&rsquo;Ami des Missionnaires du Kiang-si, N\u00b0 7, p. 94.\u00a0 [76]\n","protected":false},"excerpt":{"rendered":"<p>\u4e25\u6da4\u4feeYEN TI&#8211;SIEOU Pr\u00eatre N\u00e9 dans le Kien-tch\u2019ang fou \u5efa\u660c\u5e9c (Kiang-si \u6c5f\u897f), le 4 septembre 1839; re\u00e7u au s\u00e9minaire le 27 septembre 1866; fit les v\u0153ux le 28 septembre 1868; ordonn\u00e9 pr\u00eatre la m\u00eame ann\u00e9e. Missionnaire &#8230; <a href=\"https:\/\/vincentians.com\/fr\/jacques-yen\/\" class=\"more-link\">Read More<\/a><\/p>\n","protected":false},"author":4,"featured_media":189930,"comment_status":"open","ping_status":"open","sticky":false,"template":"","format":"standard","meta":{"jetpack_post_was_ever_published":false,"_jetpack_newsletter_access":"","_jetpack_dont_email_post_to_subs":false,"_jetpack_newsletter_tier_id":0,"_jetpack_memberships_contains_paywalled_content":false,"_jetpack_memberships_contains_paid_content":false,"footnotes":"","jetpack_publicize_message":"","jetpack_publicize_feature_enabled":true,"jetpack_social_post_already_shared":true,"jetpack_social_options":{"image_generator_settings":{"template":"highway","default_image_id":0,"font":"","enabled":false},"version":2}},"categories":[115],"tags":[],"class_list":["post-108008","post","type-post","status-publish","format-standard","has-post-thumbnail","hentry","category-biographies-lazaristes"],"yoast_head":"<!-- This site is optimized with the Yoast SEO plugin v26.3 - https:\/\/yoast.com\/wordpress\/plugins\/seo\/ -->\n<title>Jacques Yen - Nous Sommes Vincentiens<\/title>\n<meta name=\"robots\" content=\"index, follow, max-snippet:-1, max-image-preview:large, max-video-preview:-1\" \/>\n<link rel=\"canonical\" href=\"https:\/\/vincentians.com\/fr\/jacques-yen\/\" \/>\n<meta property=\"og:locale\" content=\"fr_FR\" \/>\n<meta property=\"og:type\" content=\"article\" \/>\n<meta property=\"og:title\" content=\"Jacques Yen - Nous Sommes Vincentiens\" \/>\n<meta property=\"og:description\" content=\"\u4e25\u6da4\u4feeYEN TI&#8211;SIEOU Pr\u00eatre N\u00e9 dans le Kien-tch\u2019ang fou \u5efa\u660c\u5e9c (Kiang-si \u6c5f\u897f), le 4 septembre 1839; re\u00e7u au s\u00e9minaire le 27 septembre 1866; fit les v\u0153ux le 28 septembre 1868; ordonn\u00e9 pr\u00eatre la m\u00eame ann\u00e9e. Missionnaire ... Read More\" \/>\n<meta property=\"og:url\" content=\"https:\/\/vincentians.com\/fr\/jacques-yen\/\" \/>\n<meta property=\"og:site_name\" content=\"Nous Sommes Vincentiens\" \/>\n<meta property=\"article:publisher\" content=\"https:\/\/www.facebook.com\/WeAreVincentians\/\" \/>\n<meta property=\"article:author\" content=\"https:\/\/www.facebook.com\/JavierChento\" \/>\n<meta property=\"article:published_time\" content=\"2014-02-08T02:59:03+00:00\" \/>\n<meta property=\"og:image\" content=\"https:\/\/i0.wp.com\/vincentians.com\/fr\/wp-content\/uploads\/sites\/10\/2016\/08\/bio-congregation-of-the-mission.jpg?fit=1200%2C630&ssl=1\" \/>\n\t<meta property=\"og:image:width\" content=\"1200\" \/>\n\t<meta property=\"og:image:height\" content=\"630\" \/>\n\t<meta property=\"og:image:type\" content=\"image\/jpeg\" \/>\n<meta name=\"author\" content=\"Francisco Javier Fern\u00e1ndez Chento\" \/>\n<meta name=\"twitter:card\" content=\"summary_large_image\" \/>\n<meta name=\"twitter:creator\" content=\"@https:\/\/twitter.com\/javierchento\" \/>\n<meta name=\"twitter:site\" content=\"@WeVincentians\" \/>\n<meta name=\"twitter:label1\" content=\"\u00c9crit par\" \/>\n\t<meta name=\"twitter:data1\" content=\"Francisco Javier Fern\u00e1ndez Chento\" \/>\n<script type=\"application\/ld+json\" class=\"yoast-schema-graph\">{\"@context\":\"https:\/\/schema.org\",\"@graph\":[{\"@type\":\"WebPage\",\"@id\":\"https:\/\/vincentians.com\/fr\/jacques-yen\/\",\"url\":\"https:\/\/vincentians.com\/fr\/jacques-yen\/\",\"name\":\"Jacques Yen - Nous Sommes Vincentiens\",\"isPartOf\":{\"@id\":\"http:\/\/vincentians.com\/fr\/#website\"},\"primaryImageOfPage\":{\"@id\":\"https:\/\/vincentians.com\/fr\/jacques-yen\/#primaryimage\"},\"image\":{\"@id\":\"https:\/\/vincentians.com\/fr\/jacques-yen\/#primaryimage\"},\"thumbnailUrl\":\"https:\/\/i0.wp.com\/vincentians.com\/fr\/wp-content\/uploads\/sites\/10\/2016\/08\/bio-congregation-of-the-mission.jpg?fit=1200%2C630&ssl=1\",\"datePublished\":\"2014-02-08T02:59:03+00:00\",\"author\":{\"@id\":\"http:\/\/vincentians.com\/fr\/#\/schema\/person\/9623ef4d9aa3b2dfb8c061f1499288f2\"},\"breadcrumb\":{\"@id\":\"https:\/\/vincentians.com\/fr\/jacques-yen\/#breadcrumb\"},\"inLanguage\":\"fr-FR\",\"potentialAction\":[{\"@type\":\"ReadAction\",\"target\":[\"https:\/\/vincentians.com\/fr\/jacques-yen\/\"]}]},{\"@type\":\"ImageObject\",\"inLanguage\":\"fr-FR\",\"@id\":\"https:\/\/vincentians.com\/fr\/jacques-yen\/#primaryimage\",\"url\":\"https:\/\/i0.wp.com\/vincentians.com\/fr\/wp-content\/uploads\/sites\/10\/2016\/08\/bio-congregation-of-the-mission.jpg?fit=1200%2C630&ssl=1\",\"contentUrl\":\"https:\/\/i0.wp.com\/vincentians.com\/fr\/wp-content\/uploads\/sites\/10\/2016\/08\/bio-congregation-of-the-mission.jpg?fit=1200%2C630&ssl=1\",\"width\":1200,\"height\":630},{\"@type\":\"BreadcrumbList\",\"@id\":\"https:\/\/vincentians.com\/fr\/jacques-yen\/#breadcrumb\",\"itemListElement\":[{\"@type\":\"ListItem\",\"position\":1,\"name\":\"Portada\",\"item\":\"http:\/\/vincentians.com\/fr\/\"},{\"@type\":\"ListItem\",\"position\":2,\"name\":\"Jacques Yen\"}]},{\"@type\":\"WebSite\",\"@id\":\"http:\/\/vincentians.com\/fr\/#website\",\"url\":\"http:\/\/vincentians.com\/fr\/\",\"name\":\"Nous Sommes Vincentiens\",\"description\":\"Know more to serve more\",\"potentialAction\":[{\"@type\":\"SearchAction\",\"target\":{\"@type\":\"EntryPoint\",\"urlTemplate\":\"http:\/\/vincentians.com\/fr\/?s={search_term_string}\"},\"query-input\":{\"@type\":\"PropertyValueSpecification\",\"valueRequired\":true,\"valueName\":\"search_term_string\"}}],\"inLanguage\":\"fr-FR\"},{\"@type\":\"Person\",\"@id\":\"http:\/\/vincentians.com\/fr\/#\/schema\/person\/9623ef4d9aa3b2dfb8c061f1499288f2\",\"name\":\"Francisco Javier Fern\u00e1ndez Chento\",\"image\":{\"@type\":\"ImageObject\",\"inLanguage\":\"fr-FR\",\"@id\":\"http:\/\/vincentians.com\/fr\/#\/schema\/person\/image\/\",\"url\":\"https:\/\/secure.gravatar.com\/avatar\/497d5cde87b4c3d097d0315953521681ba2cd523ee66e5077c3711f7021e65de?s=96&d=mm&r=g\",\"contentUrl\":\"https:\/\/secure.gravatar.com\/avatar\/497d5cde87b4c3d097d0315953521681ba2cd523ee66e5077c3711f7021e65de?s=96&d=mm&r=g\",\"caption\":\"Francisco Javier Fern\u00e1ndez Chento\"},\"description\":\"Director General y cofundador de La Red de Formaci\u00f3n Vicenciana. Javier es laico vicenciano, afiliado a la Congregaci\u00f3n de la Misi\u00f3n y miembro del Equipo de Misiones Populares de la provincia can\u00f3nica de Zaragoza (Espa\u00f1a) de la Congregaci\u00f3n de la Misi\u00f3n. Graduado en la Universidad Oberta de Catalunya con cuatro grados (Asistente de direcci\u00f3n, Gesti\u00f3n Administrativa, Recursos Humanos y Contabilidad Avanzada). Bil\u00edng\u00fce Espa\u00f1ol\/Ingl\u00e9s. gestiona y mantiene varias p\u00e1ginas web cristianas y vicencianas, incluida including La Red de Formaci\u00f3n Vicenciana, de la que es cofundador. Actualmente es responsable del \u00e1rea de Espa\u00f1ol de .famvin, la Red de Noticias de la Familia Vicenciana. Tambi\u00e9n es m\u00fasico cat\u00f3lico y ha editado varios discos. Es Director General y cofundador de Trovador, una reconocida compa\u00f1\u00eda discogr\u00e1fica critiana de Espa\u00f1a. Trabaja en las Tecnolog\u00edas de la Informaci\u00f3n, ofreciendo servicios de alojamiento, dise\u00f1o y mantenimiento Web, as\u00ed como asesoramiento, formaci\u00f3n y soluciones inform\u00e1ticas, gesti\u00f3n documental y digitalizaci\u00f3n de textos, edici\u00f3n y maquetaci\u00f3n de libros, revistas, flyers, etc.\",\"sameAs\":[\"http:\/\/chento.org\",\"https:\/\/www.facebook.com\/JavierChento\",\"https:\/\/x.com\/https:\/\/twitter.com\/javierchento\"],\"url\":\"https:\/\/vincentians.com\/fr\/author\/chento\/\"}]}<\/script>\n<!-- \/ Yoast SEO plugin. -->","yoast_head_json":{"title":"Jacques Yen - Nous Sommes Vincentiens","robots":{"index":"index","follow":"follow","max-snippet":"max-snippet:-1","max-image-preview":"max-image-preview:large","max-video-preview":"max-video-preview:-1"},"canonical":"https:\/\/vincentians.com\/fr\/jacques-yen\/","og_locale":"fr_FR","og_type":"article","og_title":"Jacques Yen - Nous Sommes Vincentiens","og_description":"\u4e25\u6da4\u4feeYEN TI&#8211;SIEOU Pr\u00eatre N\u00e9 dans le Kien-tch\u2019ang fou \u5efa\u660c\u5e9c (Kiang-si \u6c5f\u897f), le 4 septembre 1839; re\u00e7u au s\u00e9minaire le 27 septembre 1866; fit les v\u0153ux le 28 septembre 1868; ordonn\u00e9 pr\u00eatre la m\u00eame ann\u00e9e. Missionnaire ... Read More","og_url":"https:\/\/vincentians.com\/fr\/jacques-yen\/","og_site_name":"Nous Sommes Vincentiens","article_publisher":"https:\/\/www.facebook.com\/WeAreVincentians\/","article_author":"https:\/\/www.facebook.com\/JavierChento","article_published_time":"2014-02-08T02:59:03+00:00","og_image":[{"width":1200,"height":630,"url":"https:\/\/i0.wp.com\/vincentians.com\/fr\/wp-content\/uploads\/sites\/10\/2016\/08\/bio-congregation-of-the-mission.jpg?fit=1200%2C630&ssl=1","type":"image\/jpeg"}],"author":"Francisco Javier Fern\u00e1ndez Chento","twitter_card":"summary_large_image","twitter_creator":"@https:\/\/twitter.com\/javierchento","twitter_site":"@WeVincentians","twitter_misc":{"\u00c9crit par":"Francisco Javier Fern\u00e1ndez Chento"},"schema":{"@context":"https:\/\/schema.org","@graph":[{"@type":"WebPage","@id":"https:\/\/vincentians.com\/fr\/jacques-yen\/","url":"https:\/\/vincentians.com\/fr\/jacques-yen\/","name":"Jacques Yen - Nous Sommes Vincentiens","isPartOf":{"@id":"http:\/\/vincentians.com\/fr\/#website"},"primaryImageOfPage":{"@id":"https:\/\/vincentians.com\/fr\/jacques-yen\/#primaryimage"},"image":{"@id":"https:\/\/vincentians.com\/fr\/jacques-yen\/#primaryimage"},"thumbnailUrl":"https:\/\/i0.wp.com\/vincentians.com\/fr\/wp-content\/uploads\/sites\/10\/2016\/08\/bio-congregation-of-the-mission.jpg?fit=1200%2C630&ssl=1","datePublished":"2014-02-08T02:59:03+00:00","author":{"@id":"http:\/\/vincentians.com\/fr\/#\/schema\/person\/9623ef4d9aa3b2dfb8c061f1499288f2"},"breadcrumb":{"@id":"https:\/\/vincentians.com\/fr\/jacques-yen\/#breadcrumb"},"inLanguage":"fr-FR","potentialAction":[{"@type":"ReadAction","target":["https:\/\/vincentians.com\/fr\/jacques-yen\/"]}]},{"@type":"ImageObject","inLanguage":"fr-FR","@id":"https:\/\/vincentians.com\/fr\/jacques-yen\/#primaryimage","url":"https:\/\/i0.wp.com\/vincentians.com\/fr\/wp-content\/uploads\/sites\/10\/2016\/08\/bio-congregation-of-the-mission.jpg?fit=1200%2C630&ssl=1","contentUrl":"https:\/\/i0.wp.com\/vincentians.com\/fr\/wp-content\/uploads\/sites\/10\/2016\/08\/bio-congregation-of-the-mission.jpg?fit=1200%2C630&ssl=1","width":1200,"height":630},{"@type":"BreadcrumbList","@id":"https:\/\/vincentians.com\/fr\/jacques-yen\/#breadcrumb","itemListElement":[{"@type":"ListItem","position":1,"name":"Portada","item":"http:\/\/vincentians.com\/fr\/"},{"@type":"ListItem","position":2,"name":"Jacques Yen"}]},{"@type":"WebSite","@id":"http:\/\/vincentians.com\/fr\/#website","url":"http:\/\/vincentians.com\/fr\/","name":"Nous Sommes Vincentiens","description":"Know more to serve more","potentialAction":[{"@type":"SearchAction","target":{"@type":"EntryPoint","urlTemplate":"http:\/\/vincentians.com\/fr\/?s={search_term_string}"},"query-input":{"@type":"PropertyValueSpecification","valueRequired":true,"valueName":"search_term_string"}}],"inLanguage":"fr-FR"},{"@type":"Person","@id":"http:\/\/vincentians.com\/fr\/#\/schema\/person\/9623ef4d9aa3b2dfb8c061f1499288f2","name":"Francisco Javier Fern\u00e1ndez Chento","image":{"@type":"ImageObject","inLanguage":"fr-FR","@id":"http:\/\/vincentians.com\/fr\/#\/schema\/person\/image\/","url":"https:\/\/secure.gravatar.com\/avatar\/497d5cde87b4c3d097d0315953521681ba2cd523ee66e5077c3711f7021e65de?s=96&d=mm&r=g","contentUrl":"https:\/\/secure.gravatar.com\/avatar\/497d5cde87b4c3d097d0315953521681ba2cd523ee66e5077c3711f7021e65de?s=96&d=mm&r=g","caption":"Francisco Javier Fern\u00e1ndez Chento"},"description":"Director General y cofundador de La Red de Formaci\u00f3n Vicenciana. Javier es laico vicenciano, afiliado a la Congregaci\u00f3n de la Misi\u00f3n y miembro del Equipo de Misiones Populares de la provincia can\u00f3nica de Zaragoza (Espa\u00f1a) de la Congregaci\u00f3n de la Misi\u00f3n. Graduado en la Universidad Oberta de Catalunya con cuatro grados (Asistente de direcci\u00f3n, Gesti\u00f3n Administrativa, Recursos Humanos y Contabilidad Avanzada). Bil\u00edng\u00fce Espa\u00f1ol\/Ingl\u00e9s. gestiona y mantiene varias p\u00e1ginas web cristianas y vicencianas, incluida including La Red de Formaci\u00f3n Vicenciana, de la que es cofundador. Actualmente es responsable del \u00e1rea de Espa\u00f1ol de .famvin, la Red de Noticias de la Familia Vicenciana. Tambi\u00e9n es m\u00fasico cat\u00f3lico y ha editado varios discos. Es Director General y cofundador de Trovador, una reconocida compa\u00f1\u00eda discogr\u00e1fica critiana de Espa\u00f1a. Trabaja en las Tecnolog\u00edas de la Informaci\u00f3n, ofreciendo servicios de alojamiento, dise\u00f1o y mantenimiento Web, as\u00ed como asesoramiento, formaci\u00f3n y soluciones inform\u00e1ticas, gesti\u00f3n documental y digitalizaci\u00f3n de textos, edici\u00f3n y maquetaci\u00f3n de libros, revistas, flyers, etc.","sameAs":["http:\/\/chento.org","https:\/\/www.facebook.com\/JavierChento","https:\/\/x.com\/https:\/\/twitter.com\/javierchento"],"url":"https:\/\/vincentians.com\/fr\/author\/chento\/"}]}},"jetpack_publicize_connections":[],"jetpack_featured_media_url":"https:\/\/i0.wp.com\/vincentians.com\/fr\/wp-content\/uploads\/sites\/10\/2016\/08\/bio-congregation-of-the-mission.jpg?fit=1200%2C630&ssl=1","jetpack_sharing_enabled":true,"jetpack_shortlink":"https:\/\/wp.me\/p7ETMP-s64","jetpack-related-posts":[{"id":106265,"url":"https:\/\/vincentians.com\/fr\/matthieu-lu\/","url_meta":{"origin":108008,"position":0},"title":"Matthieu Lu","author":"Francisco Javier Fern\u00e1ndez Chento","date":"10\/04\/2013","format":false,"excerpt":"LU \u5415 Pr\u00eatre. N\u00e9 \u00e0 Wan-che-tcheou Lu-kia \u4e07\u7855\u6d32\u5415\u5bb6 pr\u00e8s de Lin-Kiang\u4e34\u6c5f (Kiang-si\u6c5f\u897f), en 1802; re\u00e7u au s\u00e9minaire \u00e0 Macao \u6fb3\u95e8 en 1828; arrive en France en 1830; rentr\u00e9 en Chine en 1831; fit les v\u0153ux \u00e0 Macao le 20 mai 1832; ordonn\u00e9 \u00e0 Manille le 29 juillet 1838. Missionnaire au\u2026","rel":"","context":"Dans &quot;Biographies Lazaristes&quot;","block_context":{"text":"Biographies Lazaristes","link":"https:\/\/vincentians.com\/fr\/category\/biographies-lazaristes\/"},"img":{"alt_text":"","src":"https:\/\/i0.wp.com\/vincentians.com\/fr\/wp-content\/uploads\/sites\/10\/2016\/08\/bio-congregation-of-the-mission.jpg?fit=1200%2C630&ssl=1&resize=350%2C200","width":350,"height":200,"srcset":"https:\/\/i0.wp.com\/vincentians.com\/fr\/wp-content\/uploads\/sites\/10\/2016\/08\/bio-congregation-of-the-mission.jpg?fit=1200%2C630&ssl=1&resize=350%2C200 1x, https:\/\/i0.wp.com\/vincentians.com\/fr\/wp-content\/uploads\/sites\/10\/2016\/08\/bio-congregation-of-the-mission.jpg?fit=1200%2C630&ssl=1&resize=525%2C300 1.5x, https:\/\/i0.wp.com\/vincentians.com\/fr\/wp-content\/uploads\/sites\/10\/2016\/08\/bio-congregation-of-the-mission.jpg?fit=1200%2C630&ssl=1&resize=700%2C400 2x, https:\/\/i0.wp.com\/vincentians.com\/fr\/wp-content\/uploads\/sites\/10\/2016\/08\/bio-congregation-of-the-mission.jpg?fit=1200%2C630&ssl=1&resize=1050%2C600 3x"},"classes":[]},{"id":108007,"url":"https:\/\/vincentians.com\/fr\/philippe-li\/","url_meta":{"origin":108008,"position":1},"title":"Philippe Li","author":"Francisco Javier Fern\u00e1ndez Chento","date":"07\/02\/2014","format":false,"excerpt":"\u674e\u90c1\u6e05LI YU-TS\u2019ING Pr\u00eatre. N\u00e9 \u00e0 Nan-fong hsien \u5357\u4e30\u53bf (Kiang-si \u6c5f\u897f), le 4 juin 1843; ordonn\u00e9 pr\u00eatre le 10 juin 1866; re\u00e7u au s\u00e9minaire le 26 septembre suivant; fit les v\u0153ux le 27 septembre 1868. Missionnaire au Kiang-si \u6c5f\u897f , lors de l'\u00e9rection du Kiang-si oriental il resta dans ce dernier\u2026","rel":"","context":"Dans &quot;Biographies Lazaristes&quot;","block_context":{"text":"Biographies Lazaristes","link":"https:\/\/vincentians.com\/fr\/category\/biographies-lazaristes\/"},"img":{"alt_text":"","src":"https:\/\/i0.wp.com\/vincentians.com\/fr\/wp-content\/uploads\/sites\/10\/2016\/08\/bio-congregation-of-the-mission.jpg?fit=1200%2C630&ssl=1&resize=350%2C200","width":350,"height":200,"srcset":"https:\/\/i0.wp.com\/vincentians.com\/fr\/wp-content\/uploads\/sites\/10\/2016\/08\/bio-congregation-of-the-mission.jpg?fit=1200%2C630&ssl=1&resize=350%2C200 1x, https:\/\/i0.wp.com\/vincentians.com\/fr\/wp-content\/uploads\/sites\/10\/2016\/08\/bio-congregation-of-the-mission.jpg?fit=1200%2C630&ssl=1&resize=525%2C300 1.5x, https:\/\/i0.wp.com\/vincentians.com\/fr\/wp-content\/uploads\/sites\/10\/2016\/08\/bio-congregation-of-the-mission.jpg?fit=1200%2C630&ssl=1&resize=700%2C400 2x, https:\/\/i0.wp.com\/vincentians.com\/fr\/wp-content\/uploads\/sites\/10\/2016\/08\/bio-congregation-of-the-mission.jpg?fit=1200%2C630&ssl=1&resize=1050%2C600 3x"},"classes":[]},{"id":107100,"url":"https:\/\/vincentians.com\/fr\/laurent-yuen\/","url_meta":{"origin":108008,"position":2},"title":"Laurent Yuen","author":"Francisco Javier Fern\u00e1ndez Chento","date":"10\/12\/2013","format":false,"excerpt":"\u8881\u9053\u5b89YUEN TAO-NGAN Pr\u00eatre. N\u00e9 \u00e0 Wan-che-tcheou Yuen-kia \u4e07\u7855\u6d32\u8881\u5bb6, pr\u00e8s de Lin-Kiang \u4e34\u6c5f\u00a0 (Kiang-si \u6c5f\u897f), en 1828; re\u00e7u au s\u00e9minaire le 1er ao\u00fbt 1850; fit les v\u0153ux le 4 avril 1853; fut ordonn\u00e9 pr\u00eatre en 1856. Missionnaire au Kiang-si septentrional, ensuite au Kiang-si m\u00e9ridional. D\u00e9c\u00e9d\u00e9 le 13 octobre 1885, \u00e0 P'ing-lou\u2026","rel":"","context":"Dans &quot;Biographies Lazaristes&quot;","block_context":{"text":"Biographies Lazaristes","link":"https:\/\/vincentians.com\/fr\/category\/biographies-lazaristes\/"},"img":{"alt_text":"","src":"https:\/\/i0.wp.com\/vincentians.com\/fr\/wp-content\/uploads\/sites\/10\/2016\/08\/bio-congregation-of-the-mission.jpg?fit=1200%2C630&ssl=1&resize=350%2C200","width":350,"height":200,"srcset":"https:\/\/i0.wp.com\/vincentians.com\/fr\/wp-content\/uploads\/sites\/10\/2016\/08\/bio-congregation-of-the-mission.jpg?fit=1200%2C630&ssl=1&resize=350%2C200 1x, https:\/\/i0.wp.com\/vincentians.com\/fr\/wp-content\/uploads\/sites\/10\/2016\/08\/bio-congregation-of-the-mission.jpg?fit=1200%2C630&ssl=1&resize=525%2C300 1.5x, https:\/\/i0.wp.com\/vincentians.com\/fr\/wp-content\/uploads\/sites\/10\/2016\/08\/bio-congregation-of-the-mission.jpg?fit=1200%2C630&ssl=1&resize=700%2C400 2x, https:\/\/i0.wp.com\/vincentians.com\/fr\/wp-content\/uploads\/sites\/10\/2016\/08\/bio-congregation-of-the-mission.jpg?fit=1200%2C630&ssl=1&resize=1050%2C600 3x"},"classes":[]},{"id":106363,"url":"https:\/\/vincentians.com\/fr\/joseph-yeou\/","url_meta":{"origin":108008,"position":3},"title":"Joseph Yeou","author":"Francisco Javier Fern\u00e1ndez Chento","date":"20\/05\/2013","format":false,"excerpt":"\u6e38\u9053\u5ba3 YEOU TAO-SUEN Pr\u00eatre. N\u00e9 \u00e0 Kion-tou \u4e5d\u90fd, pr\u00e8s de Kien-tch\u2019angfou \u5efa\u660c\u5e9c (Kiang-si \u6c5f\u897f) le 1er juillet 1817; re\u00e7u au s\u00e9minaire \u00e0 Macao \u6fb3\u95e8 le 10 septembre 1835; il y fit les v\u0153ux le 8 avril 1841; ordonn\u00e9 pr\u00eatre \u00e0 Tchong-kia-pang (Kien-tch\u2019ang -fou ) le 24 d\u00e9cembre 1844. Missionnaire au\u2026","rel":"","context":"Dans &quot;Biographies Lazaristes&quot;","block_context":{"text":"Biographies Lazaristes","link":"https:\/\/vincentians.com\/fr\/category\/biographies-lazaristes\/"},"img":{"alt_text":"","src":"https:\/\/i0.wp.com\/vincentians.com\/fr\/wp-content\/uploads\/sites\/10\/2016\/08\/bio-congregation-of-the-mission.jpg?fit=1200%2C630&ssl=1&resize=350%2C200","width":350,"height":200,"srcset":"https:\/\/i0.wp.com\/vincentians.com\/fr\/wp-content\/uploads\/sites\/10\/2016\/08\/bio-congregation-of-the-mission.jpg?fit=1200%2C630&ssl=1&resize=350%2C200 1x, https:\/\/i0.wp.com\/vincentians.com\/fr\/wp-content\/uploads\/sites\/10\/2016\/08\/bio-congregation-of-the-mission.jpg?fit=1200%2C630&ssl=1&resize=525%2C300 1.5x, https:\/\/i0.wp.com\/vincentians.com\/fr\/wp-content\/uploads\/sites\/10\/2016\/08\/bio-congregation-of-the-mission.jpg?fit=1200%2C630&ssl=1&resize=700%2C400 2x, https:\/\/i0.wp.com\/vincentians.com\/fr\/wp-content\/uploads\/sites\/10\/2016\/08\/bio-congregation-of-the-mission.jpg?fit=1200%2C630&ssl=1&resize=1050%2C600 3x"},"classes":[]},{"id":106230,"url":"https:\/\/vincentians.com\/fr\/jean-pe\/","url_meta":{"origin":108008,"position":4},"title":"Jean P\u00e9","author":"Francisco Javier Fern\u00e1ndez Chento","date":"28\/03\/2013","format":false,"excerpt":"\u767dPE Pr\u00eatre. N\u00e9 \u00e0 Han-tchoang\u97e9\u5e84, K'iao-chan-hsien \u786e\u5c71\u53bf(Ho-nan\u6cb3\u5357), le 10 septembre 1804 ; re\u00e7u au s\u00e9minaire \u00e0 Macao\u6fb3\u95e8 le 26 septembre 1825 ; il y fit les v\u0153ux, le 27 septembre 1827 ; ordonn\u00e9 pr\u00eatre \u00e0 Manille 8 avril 1832. Missionnaire au Hou-p\u00e9 \u6e56\u5317en 1842 et 1843, au Tche-kiang\u6d59\u6c5f, au Kiang-si\u6c5f\u897f\u2026","rel":"","context":"Dans &quot;Biographies Lazaristes&quot;","block_context":{"text":"Biographies Lazaristes","link":"https:\/\/vincentians.com\/fr\/category\/biographies-lazaristes\/"},"img":{"alt_text":"","src":"https:\/\/i0.wp.com\/vincentians.com\/fr\/wp-content\/uploads\/sites\/10\/2016\/08\/bio-congregation-of-the-mission.jpg?fit=1200%2C630&ssl=1&resize=350%2C200","width":350,"height":200,"srcset":"https:\/\/i0.wp.com\/vincentians.com\/fr\/wp-content\/uploads\/sites\/10\/2016\/08\/bio-congregation-of-the-mission.jpg?fit=1200%2C630&ssl=1&resize=350%2C200 1x, https:\/\/i0.wp.com\/vincentians.com\/fr\/wp-content\/uploads\/sites\/10\/2016\/08\/bio-congregation-of-the-mission.jpg?fit=1200%2C630&ssl=1&resize=525%2C300 1.5x, https:\/\/i0.wp.com\/vincentians.com\/fr\/wp-content\/uploads\/sites\/10\/2016\/08\/bio-congregation-of-the-mission.jpg?fit=1200%2C630&ssl=1&resize=700%2C400 2x, https:\/\/i0.wp.com\/vincentians.com\/fr\/wp-content\/uploads\/sites\/10\/2016\/08\/bio-congregation-of-the-mission.jpg?fit=1200%2C630&ssl=1&resize=1050%2C600 3x"},"classes":[]},{"id":106387,"url":"https:\/\/vincentians.com\/fr\/jean-baptiste-wang\/","url_meta":{"origin":108008,"position":5},"title":"Jean-Baptiste Wang","author":"Francisco Javier Fern\u00e1ndez Chento","date":"26\/05\/2013","format":false,"excerpt":"\u738b\u5112\u701a WANG JOU-HAN Pr\u00eatre. N\u00e9 \u00e0 Kien-tch\u2019ang fou \u5efa\u660c\u5e9c(Kiang.si\u6c5f\u897f), le 10 janvier 1809; re\u00e7u au s\u00e9minaire \u00e0 Macao \u6fb3\u95e8 le 29 novembre 1837; il y fit les v\u0153ux le 30 novembre 1839; ordonn\u00e9 pr\u00eatre au Tche-kiang \u6d59\u6c5f par Mgr Rameaux. Missionnaire au Tche-kiang vers 1841, puis au Kiang-si en 1846.\u2026","rel":"","context":"Dans &quot;Biographies Lazaristes&quot;","block_context":{"text":"Biographies Lazaristes","link":"https:\/\/vincentians.com\/fr\/category\/biographies-lazaristes\/"},"img":{"alt_text":"","src":"https:\/\/i0.wp.com\/vincentians.com\/fr\/wp-content\/uploads\/sites\/10\/2016\/08\/bio-congregation-of-the-mission.jpg?fit=1200%2C630&ssl=1&resize=350%2C200","width":350,"height":200,"srcset":"https:\/\/i0.wp.com\/vincentians.com\/fr\/wp-content\/uploads\/sites\/10\/2016\/08\/bio-congregation-of-the-mission.jpg?fit=1200%2C630&ssl=1&resize=350%2C200 1x, https:\/\/i0.wp.com\/vincentians.com\/fr\/wp-content\/uploads\/sites\/10\/2016\/08\/bio-congregation-of-the-mission.jpg?fit=1200%2C630&ssl=1&resize=525%2C300 1.5x, https:\/\/i0.wp.com\/vincentians.com\/fr\/wp-content\/uploads\/sites\/10\/2016\/08\/bio-congregation-of-the-mission.jpg?fit=1200%2C630&ssl=1&resize=700%2C400 2x, https:\/\/i0.wp.com\/vincentians.com\/fr\/wp-content\/uploads\/sites\/10\/2016\/08\/bio-congregation-of-the-mission.jpg?fit=1200%2C630&ssl=1&resize=1050%2C600 3x"},"classes":[]}],"_links":{"self":[{"href":"https:\/\/vincentians.com\/fr\/wp-json\/wp\/v2\/posts\/108008","targetHints":{"allow":["GET"]}}],"collection":[{"href":"https:\/\/vincentians.com\/fr\/wp-json\/wp\/v2\/posts"}],"about":[{"href":"https:\/\/vincentians.com\/fr\/wp-json\/wp\/v2\/types\/post"}],"author":[{"embeddable":true,"href":"https:\/\/vincentians.com\/fr\/wp-json\/wp\/v2\/users\/4"}],"replies":[{"embeddable":true,"href":"https:\/\/vincentians.com\/fr\/wp-json\/wp\/v2\/comments?post=108008"}],"version-history":[{"count":0,"href":"https:\/\/vincentians.com\/fr\/wp-json\/wp\/v2\/posts\/108008\/revisions"}],"wp:featuredmedia":[{"embeddable":true,"href":"https:\/\/vincentians.com\/fr\/wp-json\/wp\/v2\/media\/189930"}],"wp:attachment":[{"href":"https:\/\/vincentians.com\/fr\/wp-json\/wp\/v2\/media?parent=108008"}],"wp:term":[{"taxonomy":"category","embeddable":true,"href":"https:\/\/vincentians.com\/fr\/wp-json\/wp\/v2\/categories?post=108008"},{"taxonomy":"post_tag","embeddable":true,"href":"https:\/\/vincentians.com\/fr\/wp-json\/wp\/v2\/tags?post=108008"}],"curies":[{"name":"wp","href":"https:\/\/api.w.org\/{rel}","templated":true}]}}