{"id":107987,"date":"2014-02-09T19:18:22","date_gmt":"2014-02-09T18:18:22","guid":{"rendered":"http:\/\/vincentiens.org\/?p=107987"},"modified":"2014-02-09T19:18:22","modified_gmt":"2014-02-09T18:18:22","slug":"histoire-generale-de-la-congregation-de-la-mission-43","status":"publish","type":"post","link":"https:\/\/vincentians.com\/fr\/histoire-generale-de-la-congregation-de-la-mission-43\/","title":{"rendered":"Histoire g\u00e9n\u00e9rale de la Congr\u00e9gation de la Mission (43)"},"content":{"rendered":"<h2><b><b><b><b>XLIII. Autre assembl\u00e9e g\u00e9n\u00e9rale en 1692. Ses d\u00e9crets.<\/b><\/b><\/b><\/b><\/h2>\n<p><a href=\"https:\/\/i0.wp.com\/vincentiens.org\/wp-content\/uploads\/2012\/12\/logocm.png\"><img data-recalc-dims=\"1\" loading=\"lazy\" decoding=\"async\" class=\"alignright size-medium wp-image-104093\" alt=\"logocm\" src=\"https:\/\/i0.wp.com\/vincentiens.org\/wp-content\/uploads\/2012\/12\/logocm-245x300.png?resize=245%2C300\" width=\"245\" height=\"300\" \/><\/a>On a d\u00e9j\u00e0 dit ci-dessus que le d\u00e9cret de l\u2019assembl\u00e9e pr\u00e9c\u00e9dante qui donne une place distingu\u00e9e aux assistants faisait beaucoup de peine \u00e0 M. Jolly. Et qu\u2019il le jugeait contraire \u00e0 la simplicit\u00e9, dont la Congr\u00e9gation fait une profession particuli\u00e8re. Peut-\u00eatre voyait-il que Mrs. ses assistants faisaient trop valoir ce d\u00e9cret, en affectant toujours de prendre de telles places. Les anciens de St.-Lazare semblaient n\u2019en \u00eatre pas \u00e9difi\u00e9s, et un de ceux qui avaient rendu de meilleurs services, nomm\u00e9 M. Louis Serre, pour faire conna\u00eetre ce qu\u2019il pensait d\u2019une telle distinction, allait toujours dans le ch\u0153ur se mettre le dernier des clercs, ce qui faisant peine au pr\u00e9fet du ch\u0153ur, et l\u2019ayant averti en vain de se mettre en son rang, parmi les pr\u00eatres, alla enfin le dire \u00e0 M. Jolly, de qui il re\u00e7ut cette r\u00e9ponse : Laissez le faire.<b> <\/b>Il sait bien \u00e0 qu\u2019il fait. Le g\u00e9n\u00e9ral r\u00e9solu donc de faire abroger ce d\u00e9cret, et pour cela de tenir une autre assembl\u00e9e g\u00e9n\u00e9rale.<\/p>\n<p>Il avait d\u2019abord pens\u00e9 \u00e0 en convoquer, suivant les constitutions, une sexennale, six ans apr\u00e8s la derni\u00e8re assembl\u00e9e g\u00e9n\u00e9rale, qui avait \u00e9t\u00e9 tenue, comme on a vu, en 1685. Mais les guerres \u00e9taient survenues ; elles rendirent les chemins difficiles, surtout pour les \u00e9trangers qui devaient \u00e0 venir d\u2019Italie et de Pologne, et qui pour cela s\u2019excus\u00e8rent. Elles ne permirent donc pas de le faire. Voici ce qu\u2019en \u00e9crivit M. Jolly aux maisons de la Compagnie, dans une lettre du 18 d\u00e9cembre 1690 : Le visiteur des maisons d\u2019Italie m ayant \u00e9crit, il y a quelques mois, \u00e0 l\u2019occasion de l\u2019assembl\u00e9e sexennale qui doit se tenir l\u2019ann\u00e9e prochaine, qu\u2019en cas de continuation de guerre il serait malais\u00e9 de venir de ce pays-l\u00e0, ici, \u00e0 cause de la rupture avec le duc de<b> <\/b>Savoie et parce que les Pi\u00e9montais, qui sont en bon nombre dans la Congr\u00e9gation, ne pourraient pas entrer en France, quelque voie qu\u2019ils prissent pour cela. C\u2019est parce que S[on] A[ltesse] R[oyale] ne le voulait pas. Faisant aussi attention que le voyage serait difficile pour les Polonais, attendu que l\u2019Allemagne est pleine de gens de guerre ; de l\u2019avis de nos assistants \u00e0 qui j\u2019ai propos\u00e9 tout cela et de plus notre intention qui \u00e9tait de convoquer une assembl\u00e9e g\u00e9n\u00e9rale pour quelques raisons qui regardent le bien de la Congr\u00e9gation, on a jug\u00e9 \u00e0 propos de n\u2019en point tenir de sexennale l\u2019ann\u00e9e prochaine, \u00e0 moins qu\u2019on ne v\u00eet cette difficult\u00e9 du chemin, lev\u00e9e. Je fus de m\u00eame bien aise de savoir le sentiment de tous les visiteurs des provinces ; ceux-ci ayant pareillement jug\u00e9 cette assembl\u00e9e sexennale n\u2019\u00eatre pas n\u00e9cessaire,<b> <\/b>nous avons r\u00e9solu de ne pas la tenir, mais d\u2019en convoquer une g\u00e9n\u00e9rale sit\u00f4t que les chemins seront libres et qu\u2019on pourra voyager avec assurance. J\u2019ai voulu faire savoir ceci aux maisons, parce que quelques sup\u00e9rieurs faisaient des instances pour \u00eatre inform\u00e9s du temps de cette assembl\u00e9e sexennale et pouvoir, sans interrompre les fonctions, convoquer leur assembl\u00e9e domestique.<\/p>\n<p>Il n\u2019attendit pas bien de temps \u00e0 convoquer cette assembl\u00e9e g\u00e9n\u00e9rale ; l\u2019ayant indiqu\u00e9e \u00e0 Paris imm\u00e9diatement apr\u00e8s P\u00e2ques de l\u2019ann\u00e9e 1692.<\/p>\n<p>L\u2019affaire des assistants lui tenait fortement \u00e0 c\u0153ur, et le voyant d\u00e9j\u00e0 vieux de plus de 70 ans, il ne voulait pas qu\u2019on attend\u00eet apr\u00e8s sa mort dans une assembl\u00e9e g\u00e9n\u00e9rale pour une future \u00e9lection, o\u00f9 les assistants n\u2019ayant pas le g\u00e9n\u00e9ral \u00e0 leur t\u00eate, auraient peut \u00eatre trop d\u00e9pourvu, ainsi le d\u00e9cret aurait ais\u00e9ment subsist\u00e9.<b> <\/b><\/p>\n<p>Les Italiens, ayant pour visiteur M. Terrarossa, sup\u00e9rieur de Rome, vinrent par mer aborder \u00e0 Marseille ; et les Polonais, qui avaient pour chef M. Tarlo, prirent des passeports pour venir par la Hollande et Bruxelles. Les assembl\u00e9es provinciales de France se firent et se tinrent pacifiquement, et les d\u00e9put\u00e9s se rendirent \u00e0 Paris avec les visiteurs au temps marqu\u00e9. Les assistants du g\u00e9n\u00e9ral t\u00e9moign\u00e8rent d\u2019abord de la fermet\u00e9, pour maintenir le d\u00e9cret en leur faveur. Mr. Talec, un d\u2019entre eux disant qu\u2019il en avait jur\u00e9 l\u2019observation comme de tous des autres. Toutefois l\u2019assembl\u00e9e ne jugea pas leur pr\u00e9tention raisonnable. Et M. Talec fut d\u00e9pos\u00e9 de son<b> <\/b>assistance, ayant vu lui-m\u00eame qu\u2019il \u00e9tait oblig\u00e9 de demander sa d\u00e9mission. Il \u00e9tait de plus admoniteur du g\u00e9n\u00e9ral, et M. Ren\u00e9 Gouhier<span id='easy-footnote-1-107987' class='easy-footnote-margin-adjust'><\/span><span class='easy-footnote'><a href='https:\/\/vincentians.com\/fr\/histoire-generale-de-la-congregation-de-la-mission-43\/#easy-footnote-bottom-1-107987' title='Robert Gouhier, n\u00e9 1630.'><sup>1<\/sup><\/a><\/span>, homme distingu\u00e9 par son savoir et connu m\u00eame dans Paris pour cela, en qui M. Jolly avait grande confiance, fut mis \u00e0 la place de M. Talec pour ce dernier office ; mais on ne lui substitua pas d\u2019assistant. Il en restait trois comme ci-devant, attendu que l\u2019assembl\u00e9e pr\u00e9c\u00e9dente avait jug\u00e9 \u00e0 propos d\u2019y en ajouter un quatri\u00e8me pour les nations \u00e9trang\u00e8res et surtout pour la nation italienne. Ce fut M. Thomas Robicolli<span id='easy-footnote-2-107987' class='easy-footnote-margin-adjust'><\/span><span class='easy-footnote'><a href='https:\/\/vincentians.com\/fr\/histoire-generale-de-la-congregation-de-la-mission-43\/#easy-footnote-bottom-2-107987' title='Inconnu.'><sup>2<\/sup><\/a><\/span>, pr\u00eatre, de la maison de Rome, qui vint le premier \u00e0 Paris pour exercer cet office, et cet usage a continu\u00e9 depuis. Nous allons rapporter en abr\u00e9g\u00e9 les d\u00e9crets de cette assembl\u00e9e.<b> <\/b><\/p>\n<p>On a trait\u00e9, dit-on, du d\u00e9cret de la pr\u00e9s\u00e9ance accord\u00e9e dans la derni\u00e8re assembl\u00e9e aux assistants du g\u00e9n\u00e9ral, et la pr\u00e9sente a d\u00e9clar\u00e9 d\u2019un consentement unanime, et des assistants m\u00eame, qui pour le bien de la paix, et de la Congr\u00e9gation y ont renonc\u00e9 que sans avoir \u00e9gard \u00e0 ce d\u00e9cret, il fallait s\u2019en tenir \u00e0 l\u2019ordonnance \u00e0 l\u2019usage observ\u00e9 auparavant dans la Congr\u00e9gation. Savoir : que hors le cas des assembl\u00e9es g\u00e9n\u00e9rales, il n\u2019y ait point de places particuli\u00e8res pour les assistants, et l\u2019assembl\u00e9e d\u00e9fend \u00e0 tous et un champ de sujets de la compagnie de rien proposer \u00e0 l\u2019avenir, dans quelque assembl\u00e9e que ce soit, qui tende \u00e0 se procurer \u00e0 soi-m\u00eame ou aux autres directement ou indirectement aucune pr\u00e9s\u00e9ance, sous telle peine que l\u2019assembl\u00e9e jugera \u00e0 propos. Ce d\u00e9cret est<b> <\/b>vigoureux. Il fait conna\u00eetre que M. Jolly quoique vieux, savait encore se faire ob\u00e9ir, en imposant la loi \u00e0 la Congr\u00e9gation, en gagnant les esprits, pourvu maintenir la simplicit\u00e9 et l\u2019humilit\u00e9, en quoi il avait certainement raison.<\/p>\n<p>Les autres d\u00e9crets sont encore en grand nombre : savoir, qu\u2019\u00e0 l\u2019\u00e9gard des sous-assistants, pour lesquels on demandait s\u2019ils devaient prendre s\u00e9ance imm\u00e9diatement apr\u00e8s l\u2019assistant au ch\u0153ur ; qu\u2019except\u00e9 la maison de St.-Lazare, o\u00f9 pour de bonnes raisons le sous-assistant \u00e0 la place imm\u00e9diatement apr\u00e8s l\u2019assistant, il fallait s\u2019en tenir ailleurs \u00e0 ce qui avait \u00e9t\u00e9 pratiqu\u00e9 jusqu\u2019\u00e0 pr\u00e9sent. L\u2019assistant qui fait tout l\u2019office du sup\u00e9rieur ou d\u00e9funt, ou rappel\u00e9, ou absent, ou gri\u00e8vement malade, n\u2019a pas droit quand il ne peut aller<b> <\/b>\u00e0 l\u2019assembl\u00e9e provinciale, d\u2019en substituer un autre, les constitutions ne l\u2019accordant qu\u2019au seul sup\u00e9rieur. En cas que celui qui est \u00e9lu d\u00e9put\u00e9 dans l\u2019assembl\u00e9e domestique, pour aller \u00e0 la provinciale, renonce \u00e0 son \u00e9lection, et, avant ou apr\u00e8s, refuse de partir, on ne peut faire de nouvelle \u00e9lection \u00e0 cause de plusieurs inconv\u00e9nients qui seraient \u00e0 craindre. L\u2019on ne doit pas refuser l\u00e0 o\u00f9 l\u2019on dirige les s\u00e9minaires externes, l\u2019honneur, et la charge d\u2019examiner les ordinands, que les \u00e9v\u00eaques d\u00e9f\u00e8rent\u00a0quelquefois, mais bien celui d\u2019examiner les confesseurs, ou d\u2019\u00eatre admis \u00e0 leur conseil, sans obtenir la permission du g\u00e9n\u00e9ral. Et si on l\u2019obtient, s\u2019en tenir \u00e0 ce qu\u2019a r\u00e9gl\u00e9 l\u2019assembl\u00e9e de 1668. En parlant de la direction des conf\u00e9rences du dioc\u00e8se, pour ce qui est de la confession des malades, des pauvres, et des prisonniers,<b> <\/b>qu\u2019on pourrait visiter, il ne faut rien innover, mais s\u2019en tenir aux r\u00e8gles et aux usages de la Congr\u00e9gation.<\/p>\n<p>Dans la lecture que l\u2019on fit de ce qu\u2019avaient propos\u00e9 entre eux les d\u00e9put\u00e9s, pour examiner diff\u00e9rentes questions, savoir, s\u2019il fallait enseigner aux \u00e9tudiants l\u2019administration des sacrements, et les y exercer, les faire pr\u00eacher au r\u00e9fectoire, ils pens\u00e8rent de devoir les exercices aux sacrements une ou deux fois le mois, que pour ceux qui \u00e9taient d\u00e9j\u00e0 dans les ordres sacr\u00e9s, qu\u2019on devait renvoyer les sermons du r\u00e9fectoire, au temps des vacances pour ne pas interrompre les \u00e9tudes, \u00e0 moins qu\u2019il ne fut question de jeunes pr\u00eatres restant \u00e0 St.-Lazare quelque temps apr\u00e8s leur ordination, ou d\u2019anciens \u00e9tudiants qui avaient d\u00e9j\u00e0 achev\u00e9 leurs \u00e9tudes, qu\u2019il fallait permettre aux<b> <\/b>m\u00eames \u00e9tudiants, d\u2019entrer dans la chambre de leur r\u00e9gent seulement pour les \u00e9tudes, \u00e0 condition que tandis qu\u2019ils seraient dans la chambre, la porte serait ouverte, on peut la fermer quand ils sont avec le pr\u00e9fet des \u00e9tudes. Qu\u2019il convient de m\u00eame que les s\u00e9minaristes externes puissent aller voir dans leurs chambres les n\u00f4tres qui sont leurs r\u00e9gents, ou leurs directeurs, mais que pour l\u2019ordinaire la porte doit \u00eatre ouverte. Qu\u2019il fallait laisser au jugement du sup\u00e9rieur, ou du directeur de donner permission aux s\u00e9minaristes internes, de se promener les f\u00eates et dimanche apr\u00e8s v\u00eapres, mais ne rien innover dans l\u2019usage de la maison de St.-Lazare. Touchant la permission de quelque sorte d\u2019\u00e9tude sur la fin du s\u00e9minaire<b> <\/b>interne, que les sup\u00e9rieurs pour \u00e9crire dans diverses lettres les choses qui doivent \u00eatre \u00e9crites, sans obliger d\u2019observer leur r\u00e8gle, o\u00f9 tout est clairement expliqu\u00e9. Et de m\u00eame pour signer les comptes du procureur. L\u2019assembl\u00e9e approuva toutes ces r\u00e9solutions.<\/p>\n<p>Il y eut pareillement des disputes pour examiner, les difficult\u00e9s touchant les fonctions, et sur leur rapport qu\u2019en certains lieux, il y avait du bruit pour porter l\u2019\u00e9tole dans les enterrements. Entre les anciens pr\u00eatres, ou l\u2019assistant, et l\u2019hebdomadier nomm\u00e9 pour faire les enterrements. Il fut dit suivant l\u2019avis des m\u00eames d\u00e9put\u00e9s, que cela n\u2019appartient ni aux anciens pr\u00eatres, ni \u00e0 l\u2019assistant, \u00e0 moins pour cela ; que l\u2019uniformit\u00e9 parfaite dans les paroisses souhait\u00e9e par plusieurs \u00e9tait difficile<b> <\/b>que c\u2019est au sup\u00e9rieur d\u2019appliquer un chacun aux fonctions selon son talent ; qu\u2019il faut incessamment faire un coutumier, o\u00f9 on marque tout ce qu\u2019il y a \u00e0 faire dans la paroisse, le donner ensuite \u00e0 examiner au visiteur, puis l\u2019envoyer au g\u00e9n\u00e9ral ; que dans les contestes survenues quelquefois entre les assistants et les procureurs, en ce que leurs r\u00e8gles semblent leur recommander le soin des m\u00eames choses, comme de visiter la cuisine, grenier, d\u00e9pense, &amp;c, pour d\u00e9terminer ce qui est de l\u2019office, d\u2019un chacun, on doit observer \u00e0 l\u2019avenir ceci : c\u2019est \u00e0 l\u2019assistant \u00e0 visiteur ces endroits, et faire en sorte que ceux qui en ont soin, s\u2019acquittent de leur devoir, et au procureur de prendre garde, s\u2019ils font quelque chose contre le bon ordre, afin<b> <\/b>d\u2019avertir le sup\u00e9rieur ou l\u2019assistant, mais sans rien ordonner l\u00e0 y m\u00eame. Le procureur doit faire les provisions, de ce qui peut se garder, comme bl\u00e9, \u00e9toffes, &amp;c, de l\u2019ordre du sup\u00e9rieur, et l\u2019assistant prendra soin qu\u2019on les fasse de bonne heure, et que le tout soit de bonne garde. Le procureur pourra visiter tout cela, afin que s\u2019il remarque quelque chose qui se g\u00e2te, il en avertisse le sup\u00e9rieur, ou l\u2019assistant, toutefois il n\u2019appartient ni \u00e0 lui ni a l\u2019autre, de d\u00e9terminer \u00e0 qui le fr\u00e8re ach\u00e8tera, pour la d\u00e9pense journali\u00e8re, en jours maigres, ou en quelques autres. Cela appartient au sup\u00e9rieur seul, \u00e0 moins que pour certaines raisons, il ne s\u2019en d\u00e9charge sur l\u2019assistant. C\u2019est l\u2019office du procureur de garder chez lui ce qui sert pour les usages ord[inai]res des gens de la maison, comme<b> <\/b>papier, ceinture, &amp;c, qu\u2019on ne pouvait pas encore dresser un r\u00e8glement, pour \u00eatre observ\u00e9 par les cur\u00e9s, faisant la retraite annuelle dans les maisons. Qu\u2019il fallait attendre d\u2019\u00eatre bien inform\u00e9 par exp\u00e9rience, de ce qui \u00e9tait plus convenable, plus[ieu]rs cur\u00e9s n\u2019agr\u00e9ant pas notre usage de r\u00e9p\u00e9ter l\u2019oraison, et ne voulant pas pour cela venir en retrait, et les \u00e9v\u00eaques souhaitant de m\u00eame qu\u2019on le supprima. Il se faut donc contenter de l\u2019introduire, o\u00f9 l\u2019on peut, \u00e0 moins que les cur\u00e9s n\u2019en parussent absolument \u00e9loign\u00e9s. Il ne faut point introduire de lecture de pi\u00e9t\u00e9 en public dans les s\u00e9minaires externes, comme quelques-uns les demand\u00e8rent, sous ce pr\u00e9texte que les s\u00e9minaristes<b> <\/b>la n\u00e9gligent en particulier, mais se contenter que leurs directeurs, et confesseurs, la leur recommandent, ou ordonnent.<\/p>\n<p>Quelques-uns uns trouvaient de l\u2019obscurit\u00e9 dans ces termes, des r\u00e8gles Chap. 10 et 13. que les jours de chapitre on doit s\u2019accuser devant les autres au sup\u00e9rieur, ou autre tenant sa place, o\u00f9 en fixa le sens en ordonnant que cela devait se faire quand il y avait trois personnes pour s\u2019accuser, et y garder l\u2019ordre observ\u00e9 jusqu\u2019\u00e0 pr\u00e9sent, que ceux d\u2019un diff\u00e9rent \u00e9tat s\u2019accusent s\u00e9par\u00e9ment, savoir, un pr\u00eatre ancien seul, s\u2019il n\u2019y en a pas d\u2019autres, de m\u00eame un \u00e9tudiant, ou pr\u00eatre qui n\u2019aurait pas encore deux ans apr\u00e8s les v\u0153ux.<\/p>\n<p>On parla aussi des erreurs des qui\u00e9tistes, et pour t\u00e9moigner un singulier respect et ob\u00e9issance<b> <\/b>\u00e0 l\u2019\u00e9gard du St.-Si\u00e8ge, ce qu\u2019on jugea \u00eatre n\u00e9cessaire \u00e0 la Congr\u00e9gation, on ordonna \u00e0 tous ses sujets d\u2019\u00e9viter avec soin toutes les d[ernier]es erreurs et les abus introduits, sous pr\u00e9texte d\u2019une oraison particuli\u00e8re, renouvelant en cons\u00e9quence dans son entier le d\u00e9cret et ordonnance faite l\u00e0-dessus en la derni\u00e8re assembl\u00e9e, d\u00e9fendant \u00e0 chaque sup\u00e9rieur, ou autres d\u2019enseigner aux sujets de la Congr\u00e9gation, ou externes cette nouvelle m\u00e9thode, de garder ferm\u00e9s \u00e0 cl\u00e9, avec les livres d\u00e9fendus, tous ceux qui ont \u00e9t\u00e9 \u00e9crit sur ce sujet, et condamn\u00e9s par le St. Si\u00e8ge. De m\u00eame de n\u2019ordonner point \u00e0 lire d\u2019autres qui parlent de cette m\u00e9thode d\u2019oraison. Si quelqu\u2019un apprend qu\u2019on n\u2019ob\u00e9it pas \u00e0 ce d\u00e9cret, il sera oblig\u00e9 d\u2019en avertir le g\u00e9n\u00e9ral, pour punir selon la prudence, punir le d\u00e9linquant, et, s\u2019il en \u00e9tait besoin \u00e0 cause de son opini\u00e2tret\u00e9, le chasser<b> <\/b>de la Compagnie. Sur quelques doutes fournis \u00e0 l\u2019occasion du r\u00e8glement, et avis donn\u00e9s pour les missions, on r\u00e9solut que personne, except\u00e9 le directeur ou un autre \u00e0 qui il en donnera la commission, ne distribuera des chapelets ou images, le cat\u00e9chiste peut pourtant en donner quelques-uns dans le cat\u00e9chisme. L\u2019action de la communion doit se faire imm\u00e9diatement apr\u00e8s avoir pris l\u2019ablution, ensuite achever la messe, et communier le peuple.<\/p>\n","protected":false},"excerpt":{"rendered":"<p>XLIII. Autre assembl\u00e9e g\u00e9n\u00e9rale en 1692. Ses d\u00e9crets. On a d\u00e9j\u00e0 dit ci-dessus que le d\u00e9cret de l\u2019assembl\u00e9e pr\u00e9c\u00e9dante qui donne une place distingu\u00e9e aux assistants faisait beaucoup de peine \u00e0 M. Jolly. Et qu\u2019il &#8230; <a href=\"https:\/\/vincentians.com\/fr\/histoire-generale-de-la-congregation-de-la-mission-43\/\" class=\"more-link\">Read More<\/a><\/p>\n","protected":false},"author":4,"featured_media":189808,"comment_status":"open","ping_status":"open","sticky":false,"template":"","format":"standard","meta":{"jetpack_post_was_ever_published":false,"_jetpack_newsletter_access":"","_jetpack_dont_email_post_to_subs":false,"_jetpack_newsletter_tier_id":0,"_jetpack_memberships_contains_paywalled_content":false,"_jetpack_memberships_contains_paid_content":false,"footnotes":"","jetpack_publicize_message":"","jetpack_publicize_feature_enabled":true,"jetpack_social_post_already_shared":true,"jetpack_social_options":{"image_generator_settings":{"template":"highway","default_image_id":0,"font":"","enabled":false},"version":2}},"categories":[134],"tags":[],"class_list":["post-107987","post","type-post","status-publish","format-standard","has-post-thumbnail","hentry","category-histoire-de-la-congregation-de-la-mission"],"yoast_head":"<!-- This site is optimized with the Yoast SEO plugin v26.3 - https:\/\/yoast.com\/wordpress\/plugins\/seo\/ -->\n<title>Histoire g\u00e9n\u00e9rale de la Congr\u00e9gation de la Mission (43) - Nous Sommes Vincentiens<\/title>\n<meta name=\"robots\" content=\"index, follow, max-snippet:-1, max-image-preview:large, max-video-preview:-1\" \/>\n<link rel=\"canonical\" href=\"http:\/\/vincentians.com\/fr\/histoire-generale-de-la-congregation-de-la-mission-43\/\" \/>\n<meta property=\"og:locale\" content=\"fr_FR\" \/>\n<meta property=\"og:type\" content=\"article\" \/>\n<meta property=\"og:title\" content=\"Histoire g\u00e9n\u00e9rale de la Congr\u00e9gation de la Mission (43) - Nous Sommes Vincentiens\" \/>\n<meta property=\"og:description\" content=\"XLIII. Autre assembl\u00e9e g\u00e9n\u00e9rale en 1692. Ses d\u00e9crets. On a d\u00e9j\u00e0 dit ci-dessus que le d\u00e9cret de l\u2019assembl\u00e9e pr\u00e9c\u00e9dante qui donne une place distingu\u00e9e aux assistants faisait beaucoup de peine \u00e0 M. Jolly. Et qu\u2019il ... Read More\" \/>\n<meta property=\"og:url\" content=\"http:\/\/vincentians.com\/fr\/histoire-generale-de-la-congregation-de-la-mission-43\/\" \/>\n<meta property=\"og:site_name\" content=\"Nous Sommes Vincentiens\" \/>\n<meta property=\"article:publisher\" content=\"https:\/\/www.facebook.com\/WeAreVincentians\/\" \/>\n<meta property=\"article:author\" content=\"https:\/\/www.facebook.com\/JavierChento\" \/>\n<meta property=\"article:published_time\" content=\"2014-02-09T18:18:22+00:00\" \/>\n<meta property=\"og:image\" content=\"https:\/\/i0.wp.com\/vincentians.com\/fr\/wp-content\/uploads\/sites\/10\/2016\/07\/histoire-generale-de-la-congregation-de-la-mission.jpg?fit=1200%2C630\" \/>\n\t<meta property=\"og:image:width\" content=\"1200\" \/>\n\t<meta property=\"og:image:height\" content=\"630\" \/>\n\t<meta property=\"og:image:type\" content=\"image\/jpeg\" \/>\n<meta name=\"author\" content=\"Francisco Javier Fern\u00e1ndez Chento\" \/>\n<meta name=\"twitter:card\" content=\"summary_large_image\" \/>\n<meta name=\"twitter:creator\" content=\"@https:\/\/twitter.com\/javierchento\" \/>\n<meta name=\"twitter:site\" content=\"@WeVincentians\" \/>\n<meta name=\"twitter:label1\" content=\"\u00c9crit par\" \/>\n\t<meta name=\"twitter:data1\" content=\"Francisco Javier Fern\u00e1ndez Chento\" \/>\n\t<meta name=\"twitter:label2\" content=\"Dur\u00e9e de lecture estim\u00e9e\" \/>\n\t<meta name=\"twitter:data2\" content=\"13 minutes\" \/>\n<script type=\"application\/ld+json\" class=\"yoast-schema-graph\">{\"@context\":\"https:\/\/schema.org\",\"@graph\":[{\"@type\":\"WebPage\",\"@id\":\"http:\/\/vincentians.com\/fr\/histoire-generale-de-la-congregation-de-la-mission-43\/\",\"url\":\"http:\/\/vincentians.com\/fr\/histoire-generale-de-la-congregation-de-la-mission-43\/\",\"name\":\"Histoire g\u00e9n\u00e9rale de la Congr\u00e9gation de la Mission (43) - Nous Sommes Vincentiens\",\"isPartOf\":{\"@id\":\"http:\/\/vincentians.com\/fr\/#website\"},\"primaryImageOfPage\":{\"@id\":\"http:\/\/vincentians.com\/fr\/histoire-generale-de-la-congregation-de-la-mission-43\/#primaryimage\"},\"image\":{\"@id\":\"http:\/\/vincentians.com\/fr\/histoire-generale-de-la-congregation-de-la-mission-43\/#primaryimage\"},\"thumbnailUrl\":\"https:\/\/i0.wp.com\/vincentians.com\/fr\/wp-content\/uploads\/sites\/10\/2016\/07\/histoire-generale-de-la-congregation-de-la-mission.jpg?fit=1200%2C630&ssl=1\",\"datePublished\":\"2014-02-09T18:18:22+00:00\",\"author\":{\"@id\":\"http:\/\/vincentians.com\/fr\/#\/schema\/person\/9623ef4d9aa3b2dfb8c061f1499288f2\"},\"breadcrumb\":{\"@id\":\"http:\/\/vincentians.com\/fr\/histoire-generale-de-la-congregation-de-la-mission-43\/#breadcrumb\"},\"inLanguage\":\"fr-FR\",\"potentialAction\":[{\"@type\":\"ReadAction\",\"target\":[\"http:\/\/vincentians.com\/fr\/histoire-generale-de-la-congregation-de-la-mission-43\/\"]}]},{\"@type\":\"ImageObject\",\"inLanguage\":\"fr-FR\",\"@id\":\"http:\/\/vincentians.com\/fr\/histoire-generale-de-la-congregation-de-la-mission-43\/#primaryimage\",\"url\":\"https:\/\/i0.wp.com\/vincentians.com\/fr\/wp-content\/uploads\/sites\/10\/2016\/07\/histoire-generale-de-la-congregation-de-la-mission.jpg?fit=1200%2C630&ssl=1\",\"contentUrl\":\"https:\/\/i0.wp.com\/vincentians.com\/fr\/wp-content\/uploads\/sites\/10\/2016\/07\/histoire-generale-de-la-congregation-de-la-mission.jpg?fit=1200%2C630&ssl=1\",\"width\":1200,\"height\":630},{\"@type\":\"BreadcrumbList\",\"@id\":\"http:\/\/vincentians.com\/fr\/histoire-generale-de-la-congregation-de-la-mission-43\/#breadcrumb\",\"itemListElement\":[{\"@type\":\"ListItem\",\"position\":1,\"name\":\"Portada\",\"item\":\"http:\/\/vincentians.com\/fr\/\"},{\"@type\":\"ListItem\",\"position\":2,\"name\":\"Histoire g\u00e9n\u00e9rale de la Congr\u00e9gation de la Mission (43)\"}]},{\"@type\":\"WebSite\",\"@id\":\"http:\/\/vincentians.com\/fr\/#website\",\"url\":\"http:\/\/vincentians.com\/fr\/\",\"name\":\"Nous Sommes Vincentiens\",\"description\":\"Know more to serve more\",\"potentialAction\":[{\"@type\":\"SearchAction\",\"target\":{\"@type\":\"EntryPoint\",\"urlTemplate\":\"http:\/\/vincentians.com\/fr\/?s={search_term_string}\"},\"query-input\":{\"@type\":\"PropertyValueSpecification\",\"valueRequired\":true,\"valueName\":\"search_term_string\"}}],\"inLanguage\":\"fr-FR\"},{\"@type\":\"Person\",\"@id\":\"http:\/\/vincentians.com\/fr\/#\/schema\/person\/9623ef4d9aa3b2dfb8c061f1499288f2\",\"name\":\"Francisco Javier Fern\u00e1ndez Chento\",\"image\":{\"@type\":\"ImageObject\",\"inLanguage\":\"fr-FR\",\"@id\":\"http:\/\/vincentians.com\/fr\/#\/schema\/person\/image\/\",\"url\":\"https:\/\/secure.gravatar.com\/avatar\/497d5cde87b4c3d097d0315953521681ba2cd523ee66e5077c3711f7021e65de?s=96&d=mm&r=g\",\"contentUrl\":\"https:\/\/secure.gravatar.com\/avatar\/497d5cde87b4c3d097d0315953521681ba2cd523ee66e5077c3711f7021e65de?s=96&d=mm&r=g\",\"caption\":\"Francisco Javier Fern\u00e1ndez Chento\"},\"description\":\"Director General y cofundador de La Red de Formaci\u00f3n Vicenciana. Javier es laico vicenciano, afiliado a la Congregaci\u00f3n de la Misi\u00f3n y miembro del Equipo de Misiones Populares de la provincia can\u00f3nica de Zaragoza (Espa\u00f1a) de la Congregaci\u00f3n de la Misi\u00f3n. Graduado en la Universidad Oberta de Catalunya con cuatro grados (Asistente de direcci\u00f3n, Gesti\u00f3n Administrativa, Recursos Humanos y Contabilidad Avanzada). Bil\u00edng\u00fce Espa\u00f1ol\/Ingl\u00e9s. gestiona y mantiene varias p\u00e1ginas web cristianas y vicencianas, incluida including La Red de Formaci\u00f3n Vicenciana, de la que es cofundador. Actualmente es responsable del \u00e1rea de Espa\u00f1ol de .famvin, la Red de Noticias de la Familia Vicenciana. Tambi\u00e9n es m\u00fasico cat\u00f3lico y ha editado varios discos. Es Director General y cofundador de Trovador, una reconocida compa\u00f1\u00eda discogr\u00e1fica critiana de Espa\u00f1a. Trabaja en las Tecnolog\u00edas de la Informaci\u00f3n, ofreciendo servicios de alojamiento, dise\u00f1o y mantenimiento Web, as\u00ed como asesoramiento, formaci\u00f3n y soluciones inform\u00e1ticas, gesti\u00f3n documental y digitalizaci\u00f3n de textos, edici\u00f3n y maquetaci\u00f3n de libros, revistas, flyers, etc.\",\"sameAs\":[\"http:\/\/chento.org\",\"https:\/\/www.facebook.com\/JavierChento\",\"https:\/\/x.com\/https:\/\/twitter.com\/javierchento\"],\"url\":\"https:\/\/vincentians.com\/fr\/author\/chento\/\"}]}<\/script>\n<!-- \/ Yoast SEO plugin. -->","yoast_head_json":{"title":"Histoire g\u00e9n\u00e9rale de la Congr\u00e9gation de la Mission (43) - Nous Sommes Vincentiens","robots":{"index":"index","follow":"follow","max-snippet":"max-snippet:-1","max-image-preview":"max-image-preview:large","max-video-preview":"max-video-preview:-1"},"canonical":"http:\/\/vincentians.com\/fr\/histoire-generale-de-la-congregation-de-la-mission-43\/","og_locale":"fr_FR","og_type":"article","og_title":"Histoire g\u00e9n\u00e9rale de la Congr\u00e9gation de la Mission (43) - Nous Sommes Vincentiens","og_description":"XLIII. Autre assembl\u00e9e g\u00e9n\u00e9rale en 1692. Ses d\u00e9crets. On a d\u00e9j\u00e0 dit ci-dessus que le d\u00e9cret de l\u2019assembl\u00e9e pr\u00e9c\u00e9dante qui donne une place distingu\u00e9e aux assistants faisait beaucoup de peine \u00e0 M. Jolly. Et qu\u2019il ... Read More","og_url":"http:\/\/vincentians.com\/fr\/histoire-generale-de-la-congregation-de-la-mission-43\/","og_site_name":"Nous Sommes Vincentiens","article_publisher":"https:\/\/www.facebook.com\/WeAreVincentians\/","article_author":"https:\/\/www.facebook.com\/JavierChento","article_published_time":"2014-02-09T18:18:22+00:00","og_image":[{"width":1200,"height":630,"url":"https:\/\/i0.wp.com\/vincentians.com\/fr\/wp-content\/uploads\/sites\/10\/2016\/07\/histoire-generale-de-la-congregation-de-la-mission.jpg?fit=1200%2C630","type":"image\/jpeg"}],"author":"Francisco Javier Fern\u00e1ndez Chento","twitter_card":"summary_large_image","twitter_creator":"@https:\/\/twitter.com\/javierchento","twitter_site":"@WeVincentians","twitter_misc":{"\u00c9crit par":"Francisco Javier Fern\u00e1ndez Chento","Dur\u00e9e de lecture estim\u00e9e":"13 minutes"},"schema":{"@context":"https:\/\/schema.org","@graph":[{"@type":"WebPage","@id":"http:\/\/vincentians.com\/fr\/histoire-generale-de-la-congregation-de-la-mission-43\/","url":"http:\/\/vincentians.com\/fr\/histoire-generale-de-la-congregation-de-la-mission-43\/","name":"Histoire g\u00e9n\u00e9rale de la Congr\u00e9gation de la Mission (43) - Nous Sommes Vincentiens","isPartOf":{"@id":"http:\/\/vincentians.com\/fr\/#website"},"primaryImageOfPage":{"@id":"http:\/\/vincentians.com\/fr\/histoire-generale-de-la-congregation-de-la-mission-43\/#primaryimage"},"image":{"@id":"http:\/\/vincentians.com\/fr\/histoire-generale-de-la-congregation-de-la-mission-43\/#primaryimage"},"thumbnailUrl":"https:\/\/i0.wp.com\/vincentians.com\/fr\/wp-content\/uploads\/sites\/10\/2016\/07\/histoire-generale-de-la-congregation-de-la-mission.jpg?fit=1200%2C630&ssl=1","datePublished":"2014-02-09T18:18:22+00:00","author":{"@id":"http:\/\/vincentians.com\/fr\/#\/schema\/person\/9623ef4d9aa3b2dfb8c061f1499288f2"},"breadcrumb":{"@id":"http:\/\/vincentians.com\/fr\/histoire-generale-de-la-congregation-de-la-mission-43\/#breadcrumb"},"inLanguage":"fr-FR","potentialAction":[{"@type":"ReadAction","target":["http:\/\/vincentians.com\/fr\/histoire-generale-de-la-congregation-de-la-mission-43\/"]}]},{"@type":"ImageObject","inLanguage":"fr-FR","@id":"http:\/\/vincentians.com\/fr\/histoire-generale-de-la-congregation-de-la-mission-43\/#primaryimage","url":"https:\/\/i0.wp.com\/vincentians.com\/fr\/wp-content\/uploads\/sites\/10\/2016\/07\/histoire-generale-de-la-congregation-de-la-mission.jpg?fit=1200%2C630&ssl=1","contentUrl":"https:\/\/i0.wp.com\/vincentians.com\/fr\/wp-content\/uploads\/sites\/10\/2016\/07\/histoire-generale-de-la-congregation-de-la-mission.jpg?fit=1200%2C630&ssl=1","width":1200,"height":630},{"@type":"BreadcrumbList","@id":"http:\/\/vincentians.com\/fr\/histoire-generale-de-la-congregation-de-la-mission-43\/#breadcrumb","itemListElement":[{"@type":"ListItem","position":1,"name":"Portada","item":"http:\/\/vincentians.com\/fr\/"},{"@type":"ListItem","position":2,"name":"Histoire g\u00e9n\u00e9rale de la Congr\u00e9gation de la Mission (43)"}]},{"@type":"WebSite","@id":"http:\/\/vincentians.com\/fr\/#website","url":"http:\/\/vincentians.com\/fr\/","name":"Nous Sommes Vincentiens","description":"Know more to serve more","potentialAction":[{"@type":"SearchAction","target":{"@type":"EntryPoint","urlTemplate":"http:\/\/vincentians.com\/fr\/?s={search_term_string}"},"query-input":{"@type":"PropertyValueSpecification","valueRequired":true,"valueName":"search_term_string"}}],"inLanguage":"fr-FR"},{"@type":"Person","@id":"http:\/\/vincentians.com\/fr\/#\/schema\/person\/9623ef4d9aa3b2dfb8c061f1499288f2","name":"Francisco Javier Fern\u00e1ndez Chento","image":{"@type":"ImageObject","inLanguage":"fr-FR","@id":"http:\/\/vincentians.com\/fr\/#\/schema\/person\/image\/","url":"https:\/\/secure.gravatar.com\/avatar\/497d5cde87b4c3d097d0315953521681ba2cd523ee66e5077c3711f7021e65de?s=96&d=mm&r=g","contentUrl":"https:\/\/secure.gravatar.com\/avatar\/497d5cde87b4c3d097d0315953521681ba2cd523ee66e5077c3711f7021e65de?s=96&d=mm&r=g","caption":"Francisco Javier Fern\u00e1ndez Chento"},"description":"Director General y cofundador de La Red de Formaci\u00f3n Vicenciana. Javier es laico vicenciano, afiliado a la Congregaci\u00f3n de la Misi\u00f3n y miembro del Equipo de Misiones Populares de la provincia can\u00f3nica de Zaragoza (Espa\u00f1a) de la Congregaci\u00f3n de la Misi\u00f3n. Graduado en la Universidad Oberta de Catalunya con cuatro grados (Asistente de direcci\u00f3n, Gesti\u00f3n Administrativa, Recursos Humanos y Contabilidad Avanzada). Bil\u00edng\u00fce Espa\u00f1ol\/Ingl\u00e9s. gestiona y mantiene varias p\u00e1ginas web cristianas y vicencianas, incluida including La Red de Formaci\u00f3n Vicenciana, de la que es cofundador. Actualmente es responsable del \u00e1rea de Espa\u00f1ol de .famvin, la Red de Noticias de la Familia Vicenciana. Tambi\u00e9n es m\u00fasico cat\u00f3lico y ha editado varios discos. Es Director General y cofundador de Trovador, una reconocida compa\u00f1\u00eda discogr\u00e1fica critiana de Espa\u00f1a. Trabaja en las Tecnolog\u00edas de la Informaci\u00f3n, ofreciendo servicios de alojamiento, dise\u00f1o y mantenimiento Web, as\u00ed como asesoramiento, formaci\u00f3n y soluciones inform\u00e1ticas, gesti\u00f3n documental y digitalizaci\u00f3n de textos, edici\u00f3n y maquetaci\u00f3n de libros, revistas, flyers, etc.","sameAs":["http:\/\/chento.org","https:\/\/www.facebook.com\/JavierChento","https:\/\/x.com\/https:\/\/twitter.com\/javierchento"],"url":"https:\/\/vincentians.com\/fr\/author\/chento\/"}]}},"jetpack_publicize_connections":[],"jetpack_featured_media_url":"https:\/\/i0.wp.com\/vincentians.com\/fr\/wp-content\/uploads\/sites\/10\/2016\/07\/histoire-generale-de-la-congregation-de-la-mission.jpg?fit=1200%2C630&ssl=1","jetpack_sharing_enabled":true,"jetpack_shortlink":"https:\/\/wp.me\/p7ETMP-s5J","jetpack-related-posts":[{"id":54379,"url":"https:\/\/vincentians.com\/fr\/les-voeux-dans-la-congregation-nature-necessite-et-utilite\/","url_meta":{"origin":107987,"position":0},"title":"Les voeux dans la Congr\u00e9gation: nature, necessit\u00e9 et utilit\u00e9","author":"Francisco Javier Fern\u00e1ndez Chento","date":"03\/11\/2012","format":false,"excerpt":"Remarque pr\u00e9liminaire: Les membres de ce Groupe, constitu\u00e9 par le Sup\u00e9rieur G\u00e9n\u00e9ral (Constitutions n. 54, D\u00e9crets Temporaires n. 2) s'acquittent d'un double devoir: chacun y repr\u00e9sente une section de la Congr\u00e9gation (un groupe linguistique ou g\u00e9ographique), y travaille avec sa propre comp\u00e9tence. En tant que repr\u00e9sentant, il doit veiller \u00e1\u2026","rel":"","context":"Dans &quot;Congr\u00e9gation de la Mission&quot;","block_context":{"text":"Congr\u00e9gation de la Mission","link":"https:\/\/vincentians.com\/fr\/category\/congregation-de-la-mission\/"},"img":{"alt_text":"","src":"https:\/\/i0.wp.com\/vincentiens.org\/wp-content\/uploads\/2011\/08\/logocm-237x300.jpg?resize=350%2C200","width":350,"height":200},"classes":[]},{"id":108219,"url":"https:\/\/vincentians.com\/fr\/histoire-generale-de-la-congregation-de-la-mission-50\/","url_meta":{"origin":107987,"position":1},"title":"Histoire g\u00e9n\u00e9rale de la Congr\u00e9gation de la Mission (50)","author":"Francisco Javier Fern\u00e1ndez Chento","date":"16\/02\/2014","format":false,"excerpt":"L. D\u00e9crets de l\u2019assembl\u00e9e de 1697 L\u2019\u00e9lection \u00e9tant faite, on se contenta d\u2019ajouter peu de d\u00e9crets aux pr\u00e9c\u00e9dents, qui regardaient presque tous des choses \u00e0 r\u00e9gler pour le bon ordre des assembl\u00e9es et le v\u0153u de pauvret\u00e9, toujours sujet \u00e0 \u00eatre enfreint dans la Compagnie. On dit que si quelqu\u2019un\u2026","rel":"","context":"Dans &quot;Histoire de la Congr\u00e9gation de la Mission&quot;","block_context":{"text":"Histoire de la Congr\u00e9gation de la Mission","link":"https:\/\/vincentians.com\/fr\/category\/histoire-de-la-congregation-de-la-mission\/"},"img":{"alt_text":"","src":"https:\/\/i0.wp.com\/vincentians.com\/fr\/wp-content\/uploads\/sites\/10\/2016\/07\/histoire-generale-de-la-congregation-de-la-mission.jpg?fit=1200%2C630&ssl=1&resize=350%2C200","width":350,"height":200,"srcset":"https:\/\/i0.wp.com\/vincentians.com\/fr\/wp-content\/uploads\/sites\/10\/2016\/07\/histoire-generale-de-la-congregation-de-la-mission.jpg?fit=1200%2C630&ssl=1&resize=350%2C200 1x, https:\/\/i0.wp.com\/vincentians.com\/fr\/wp-content\/uploads\/sites\/10\/2016\/07\/histoire-generale-de-la-congregation-de-la-mission.jpg?fit=1200%2C630&ssl=1&resize=525%2C300 1.5x, https:\/\/i0.wp.com\/vincentians.com\/fr\/wp-content\/uploads\/sites\/10\/2016\/07\/histoire-generale-de-la-congregation-de-la-mission.jpg?fit=1200%2C630&ssl=1&resize=700%2C400 2x, https:\/\/i0.wp.com\/vincentians.com\/fr\/wp-content\/uploads\/sites\/10\/2016\/07\/histoire-generale-de-la-congregation-de-la-mission.jpg?fit=1200%2C630&ssl=1&resize=1050%2C600 3x"},"classes":[]},{"id":107767,"url":"https:\/\/vincentians.com\/fr\/histoire-generale-de-la-congregation-de-la-mission-10\/","url_meta":{"origin":107987,"position":2},"title":"Histoire g\u00e9n\u00e9rale de la Congr\u00e9gation de la Mission (10)","author":"Francisco Javier Fern\u00e1ndez Chento","date":"05\/01\/2014","format":false,"excerpt":"X. [L\u2019a]ssembl\u00e9e de [16]68 et ses d\u00e9crets. La Compagnie se multipliait ainsi sous la sage conduite de M. Alm\u00e9ras et quoiqu\u2019il n\u2019y e\u00fbt qu\u2019environ sept ans qu\u2019on avait eu une assembl\u00e9e g\u00e9n\u00e9rale comme il se trouvait un grand nombre de maisons et qu\u2019on n\u2019avait fait aucun d\u00e9cret dans la derni\u00e8re,\u2026","rel":"","context":"Dans &quot;Histoire de la Congr\u00e9gation de la Mission&quot;","block_context":{"text":"Histoire de la Congr\u00e9gation de la Mission","link":"https:\/\/vincentians.com\/fr\/category\/histoire-de-la-congregation-de-la-mission\/"},"img":{"alt_text":"","src":"https:\/\/i0.wp.com\/vincentians.com\/fr\/wp-content\/uploads\/sites\/10\/2016\/07\/histoire-generale-de-la-congregation-de-la-mission.jpg?fit=1200%2C630&ssl=1&resize=350%2C200","width":350,"height":200,"srcset":"https:\/\/i0.wp.com\/vincentians.com\/fr\/wp-content\/uploads\/sites\/10\/2016\/07\/histoire-generale-de-la-congregation-de-la-mission.jpg?fit=1200%2C630&ssl=1&resize=350%2C200 1x, https:\/\/i0.wp.com\/vincentians.com\/fr\/wp-content\/uploads\/sites\/10\/2016\/07\/histoire-generale-de-la-congregation-de-la-mission.jpg?fit=1200%2C630&ssl=1&resize=525%2C300 1.5x, https:\/\/i0.wp.com\/vincentians.com\/fr\/wp-content\/uploads\/sites\/10\/2016\/07\/histoire-generale-de-la-congregation-de-la-mission.jpg?fit=1200%2C630&ssl=1&resize=700%2C400 2x, https:\/\/i0.wp.com\/vincentians.com\/fr\/wp-content\/uploads\/sites\/10\/2016\/07\/histoire-generale-de-la-congregation-de-la-mission.jpg?fit=1200%2C630&ssl=1&resize=1050%2C600 3x"},"classes":[]},{"id":107988,"url":"https:\/\/vincentians.com\/fr\/histoire-generale-de-la-congregation-de-la-mission-44\/","url_meta":{"origin":107987,"position":3},"title":"Histoire g\u00e9n\u00e9rale de la Congr\u00e9gation de la Mission (44)","author":"Francisco Javier Fern\u00e1ndez Chento","date":"10\/02\/2014","format":false,"excerpt":"XLIV. Lettres circulaires apr\u00e8s l\u2019assembl\u00e9e Ces d\u00e9crets de l\u2019assembl\u00e9e sont bien dig\u00e9r\u00e9s et le latin en est bon ; il venait de M. H\u00e9bert, pour lors cur\u00e9 de Versailles, qui avait du talent pour cette langue, comme chacun lui en reconna\u00eet pour parler en public et surtout pour faire des\u2026","rel":"","context":"Dans &quot;Histoire de la Congr\u00e9gation de la Mission&quot;","block_context":{"text":"Histoire de la Congr\u00e9gation de la Mission","link":"https:\/\/vincentians.com\/fr\/category\/histoire-de-la-congregation-de-la-mission\/"},"img":{"alt_text":"","src":"https:\/\/i0.wp.com\/vincentians.com\/fr\/wp-content\/uploads\/sites\/10\/2016\/07\/histoire-generale-de-la-congregation-de-la-mission.jpg?fit=1200%2C630&ssl=1&resize=350%2C200","width":350,"height":200,"srcset":"https:\/\/i0.wp.com\/vincentians.com\/fr\/wp-content\/uploads\/sites\/10\/2016\/07\/histoire-generale-de-la-congregation-de-la-mission.jpg?fit=1200%2C630&ssl=1&resize=350%2C200 1x, https:\/\/i0.wp.com\/vincentians.com\/fr\/wp-content\/uploads\/sites\/10\/2016\/07\/histoire-generale-de-la-congregation-de-la-mission.jpg?fit=1200%2C630&ssl=1&resize=525%2C300 1.5x, https:\/\/i0.wp.com\/vincentians.com\/fr\/wp-content\/uploads\/sites\/10\/2016\/07\/histoire-generale-de-la-congregation-de-la-mission.jpg?fit=1200%2C630&ssl=1&resize=700%2C400 2x, https:\/\/i0.wp.com\/vincentians.com\/fr\/wp-content\/uploads\/sites\/10\/2016\/07\/histoire-generale-de-la-congregation-de-la-mission.jpg?fit=1200%2C630&ssl=1&resize=1050%2C600 3x"},"classes":[]},{"id":151054,"url":"https:\/\/vincentians.com\/fr\/histoire-generale-de-la-congregation-de-la-mission-64\/","url_meta":{"origin":107987,"position":4},"title":"Histoire g\u00e9n\u00e9rale de la Congr\u00e9gation de la Mission (64)","author":"Francisco Javier Fern\u00e1ndez Chento","date":"10\/01\/2015","format":false,"excerpt":"LXIV. D\u00e9crets de l\u2019assembl\u00e9e de 1711. S\u00e9minaire de r\u00e9novation L\u2019assembl\u00e9e o\u00f9 M. Bonnet fut \u00e9lu g\u00e9n\u00e9ral est la 8\u00e8me des assembl\u00e9es g\u00e9n\u00e9rales. On y fit quelques d\u00e9crets en latin, comme dans toutes les autres. On demanda, s\u2019il n\u2019\u00e9tait pas temps d\u2019ex\u00e9cuter le dessein pris sous M. Vincent, de faire passer\u2026","rel":"","context":"Dans &quot;Histoire de la Congr\u00e9gation de la Mission&quot;","block_context":{"text":"Histoire de la Congr\u00e9gation de la Mission","link":"https:\/\/vincentians.com\/fr\/category\/histoire-de-la-congregation-de-la-mission\/"},"img":{"alt_text":"","src":"https:\/\/i0.wp.com\/vincentians.com\/fr\/wp-content\/uploads\/sites\/10\/2016\/07\/histoire-generale-de-la-congregation-de-la-mission.jpg?fit=1200%2C630&ssl=1&resize=350%2C200","width":350,"height":200,"srcset":"https:\/\/i0.wp.com\/vincentians.com\/fr\/wp-content\/uploads\/sites\/10\/2016\/07\/histoire-generale-de-la-congregation-de-la-mission.jpg?fit=1200%2C630&ssl=1&resize=350%2C200 1x, https:\/\/i0.wp.com\/vincentians.com\/fr\/wp-content\/uploads\/sites\/10\/2016\/07\/histoire-generale-de-la-congregation-de-la-mission.jpg?fit=1200%2C630&ssl=1&resize=525%2C300 1.5x, https:\/\/i0.wp.com\/vincentians.com\/fr\/wp-content\/uploads\/sites\/10\/2016\/07\/histoire-generale-de-la-congregation-de-la-mission.jpg?fit=1200%2C630&ssl=1&resize=700%2C400 2x, https:\/\/i0.wp.com\/vincentians.com\/fr\/wp-content\/uploads\/sites\/10\/2016\/07\/histoire-generale-de-la-congregation-de-la-mission.jpg?fit=1200%2C630&ssl=1&resize=1050%2C600 3x"},"classes":[]},{"id":107867,"url":"https:\/\/vincentians.com\/fr\/histoire-generale-de-la-congregation-de-la-mission-21\/","url_meta":{"origin":107987,"position":5},"title":"Histoire g\u00e9n\u00e9rale de la Congr\u00e9gation de la Mission (21)","author":"Francisco Javier Fern\u00e1ndez Chento","date":"18\/01\/2014","format":false,"excerpt":"XXI. D\u00e9crets de l\u2019assembl\u00e9e de 1673 L\u2019assembl\u00e9e de 1673 tenue cinq ans apr\u00e8s la pr\u00e9c\u00e9dante, o\u00f9 se trouv\u00e8rent une bonne partie des d\u00e9put\u00e9s qui avaient assist\u00e9 \u00e0 la premi\u00e8re, apr\u00e8s avoir pourvu la Congr\u00e9gation d\u2019un chef, en la personne du sup\u00e9rieur g\u00e9n\u00e9ral, voulut se conformer \u00e0 l\u2019autre assembl\u00e9e pour faire\u2026","rel":"","context":"Dans &quot;Histoire de la Congr\u00e9gation de la Mission&quot;","block_context":{"text":"Histoire de la Congr\u00e9gation de la Mission","link":"https:\/\/vincentians.com\/fr\/category\/histoire-de-la-congregation-de-la-mission\/"},"img":{"alt_text":"","src":"https:\/\/i0.wp.com\/vincentians.com\/fr\/wp-content\/uploads\/sites\/10\/2016\/07\/histoire-generale-de-la-congregation-de-la-mission.jpg?fit=1200%2C630&ssl=1&resize=350%2C200","width":350,"height":200,"srcset":"https:\/\/i0.wp.com\/vincentians.com\/fr\/wp-content\/uploads\/sites\/10\/2016\/07\/histoire-generale-de-la-congregation-de-la-mission.jpg?fit=1200%2C630&ssl=1&resize=350%2C200 1x, https:\/\/i0.wp.com\/vincentians.com\/fr\/wp-content\/uploads\/sites\/10\/2016\/07\/histoire-generale-de-la-congregation-de-la-mission.jpg?fit=1200%2C630&ssl=1&resize=525%2C300 1.5x, https:\/\/i0.wp.com\/vincentians.com\/fr\/wp-content\/uploads\/sites\/10\/2016\/07\/histoire-generale-de-la-congregation-de-la-mission.jpg?fit=1200%2C630&ssl=1&resize=700%2C400 2x, https:\/\/i0.wp.com\/vincentians.com\/fr\/wp-content\/uploads\/sites\/10\/2016\/07\/histoire-generale-de-la-congregation-de-la-mission.jpg?fit=1200%2C630&ssl=1&resize=1050%2C600 3x"},"classes":[]}],"_links":{"self":[{"href":"https:\/\/vincentians.com\/fr\/wp-json\/wp\/v2\/posts\/107987","targetHints":{"allow":["GET"]}}],"collection":[{"href":"https:\/\/vincentians.com\/fr\/wp-json\/wp\/v2\/posts"}],"about":[{"href":"https:\/\/vincentians.com\/fr\/wp-json\/wp\/v2\/types\/post"}],"author":[{"embeddable":true,"href":"https:\/\/vincentians.com\/fr\/wp-json\/wp\/v2\/users\/4"}],"replies":[{"embeddable":true,"href":"https:\/\/vincentians.com\/fr\/wp-json\/wp\/v2\/comments?post=107987"}],"version-history":[{"count":0,"href":"https:\/\/vincentians.com\/fr\/wp-json\/wp\/v2\/posts\/107987\/revisions"}],"wp:featuredmedia":[{"embeddable":true,"href":"https:\/\/vincentians.com\/fr\/wp-json\/wp\/v2\/media\/189808"}],"wp:attachment":[{"href":"https:\/\/vincentians.com\/fr\/wp-json\/wp\/v2\/media?parent=107987"}],"wp:term":[{"taxonomy":"category","embeddable":true,"href":"https:\/\/vincentians.com\/fr\/wp-json\/wp\/v2\/categories?post=107987"},{"taxonomy":"post_tag","embeddable":true,"href":"https:\/\/vincentians.com\/fr\/wp-json\/wp\/v2\/tags?post=107987"}],"curies":[{"name":"wp","href":"https:\/\/api.w.org\/{rel}","templated":true}]}}