{"id":107986,"date":"2014-02-08T11:18:22","date_gmt":"2014-02-08T10:18:22","guid":{"rendered":"http:\/\/vincentiens.org\/?p=107986"},"modified":"2014-02-08T11:18:22","modified_gmt":"2014-02-08T10:18:22","slug":"histoire-generale-de-la-congregation-de-la-mission-42","status":"publish","type":"post","link":"https:\/\/vincentians.com\/fr\/histoire-generale-de-la-congregation-de-la-mission-42\/","title":{"rendered":"Histoire g\u00e9n\u00e9rale de la Congr\u00e9gation de la Mission (42)"},"content":{"rendered":"<h2><b><b><b><b>XLII. M. Jolly mortifi\u00e9 au sujet du sup\u00e9rieur des Invalides. Son attache pour la saine doctrine<\/b><\/b><\/b><\/b><\/h2>\n<p><a href=\"https:\/\/i0.wp.com\/vincentiens.org\/wp-content\/uploads\/2012\/12\/logocm.png\"><img data-recalc-dims=\"1\" loading=\"lazy\" decoding=\"async\" class=\"alignright size-medium wp-image-104093\" alt=\"logocm\" src=\"https:\/\/i0.wp.com\/vincentiens.org\/wp-content\/uploads\/2012\/12\/logocm-245x300.png?resize=245%2C300\" width=\"245\" height=\"300\" \/><\/a>M. Jolly, tout bon sup\u00e9rieur qu\u2019il f\u00fbt, ne manqua pas de peines dans l\u2019exercice de son gouvernement ; il lui en arriva une des plus sensibles en l\u2019ann\u00e9e 1690. On a vu assez souvent de semblables mortifications dans les communaut\u00e9s les plus saintes, o\u00f9 les d\u00e9r\u00e8glements de quelques particuliers ne doivent jamais emp\u00eacher de faire cas de ce qu\u2019il y a de bon, surtout si le gros de l\u2019arbre est en bon \u00e9tat et que l\u2019esprit de l\u2019institut soit commun\u00e9ment en vigueur. Il avait \u00e9tabli cur\u00e9 aux Invalides le c\u00e9l\u00e8bre M. Mauroy, homme bien fait de sa personne, qui eut quelques intrigues dans le monde, et m\u00eame avec des personnes de l\u2019autre sexe, plut\u00f4t par vanit\u00e9 que pour tomber dans<b> <\/b>des d\u00e9sordres scandaleux. Il sut si bien les cacher, que M. Jolly n\u2019en eut de connaissance certaine, que quand ils furent publics, le missionnaire \u00e9tait d\u2019une famille riche, et accommod\u00e9e, il avait d\u00e9j\u00e0 donn\u00e9 dans quelques exc\u00e8s avant que d\u2019entrer dans la Compagnie, et ses parents avaient \u00e9t\u00e9 oblig\u00e9s de le mettre parmi les pensionnaires de St.-Lazare. Il s\u2019y comporta si bien et parut tellement touch\u00e9 de Dieu, que dans le dessein qu\u2019il t\u00e9moigna avoir d\u2019entrer dans la Compagnie. Il n\u2019y avait pas lieu de soup\u00e7onner de l\u2019hypocrisie, outre qu\u2019on l\u2019\u00e9prouva quelque temps, et qu\u2019on le trouva toujours de m\u00eame. \u00c9tant admis au s\u00e9minaire, il y fit tr\u00e8s bien, vivant toujours bien retir\u00e9, et avan\u00e7ant dans les voies de la vie spirituelle. Il contenta \u00e9galement dans les \u00e9tudes, et telle sorte qu\u2019ayant \u00e9t\u00e9 fait pr\u00eatre<b> <\/b>en son rang, on le chargea quelque temps apr\u00e8s de la conduite des exercitants, \u00e0 qui il parlait d\u2019une mani\u00e8re pleine d\u2019onction, jusqu\u2019\u00e0 tirer les larmes des yeux. Et chacun avouait qu\u2019il avait un talent des plus particuliers, pour parler de Dieu avec fruit, et d\u2019une mani\u00e8re propre \u00e0 toucher les c\u0153urs. Tous ces messieurs qui faisaient la retraite, en sortaient pleins d\u2019estime, et d\u2019admiration pour lui, et s\u2019il \u00e9tait toujours rest\u00e9 dans cet emploi, dont il s\u2019acquittait merveilleusement bien, on a tout lieu de croire qu\u2019il se servit soutenu dans la pi\u00e9t\u00e9.<\/p>\n<p>Le g\u00e9n\u00e9ral crut qu\u2019il ferait \u00e9galement bien, \u00e9tant charg\u00e9 de la cure des Invalides, o\u00f9 il fallait un homme sage, et d\u00e9vot. Il est vrai que quand on le pr\u00e9senta au roi, S[a] M[ajest\u00e9] le trouva un peu jeune, et de m\u00eame, Mr. le marquis de Louvois<span id='easy-footnote-1-107986' class='easy-footnote-margin-adjust'><\/span><span class='easy-footnote'><a href='https:\/\/vincentians.com\/fr\/histoire-generale-de-la-congregation-de-la-mission-42\/#easy-footnote-bottom-1-107986' title='&lt;i&gt;Annales&lt;\/i&gt; : \u201c Ce fut au sujet d&amp;rsquo;un Missionnaire encore jeune qu&amp;rsquo;il avait \u00e9tabli cur\u00e9 aux Invalides, et dont d\u2019abord tout le monde fut satisfait.\u00a0\u201d Ainsi le sommaire dans les &lt;i&gt;Annales &lt;\/i&gt;de l\u2019histoire de M. de Mauroy. L\u2019histoire de l\u2019abbaye de Sept-Fons, par contre, dit: \u201c\u00a0Quant \u00e0 dom Alexis de Mauroy, membre de la Congr\u00e9gation des P\u00e8res de Saint-Lazare, il \u00e9tait cur\u00e9 des Invalides quand la gr\u00e2ce l\u2019avait conduit \u00e0 Sept-Fons. \u2018Fort entendu d\u2019esprit\u2019, il ne tarda pas, lui non plus \u00e0 gagner la confiance de son abb\u00e9 [Dom Eustache de Beaufort] et \u00e0 jouer le r\u00f4le \u2018d\u2019intendant des b\u00e2timents\u2019.\u00a0\u201d \u00c0 sa mort en 1709, Dom Eustache avait pour successeur Dom Joseph Hargenvilliers, et pas Mauroy, comme le texte de Lacour semble sugg\u00e9rer. (Lamy, Firmin, &lt;i&gt;Histoire de Notre-Dame de Saint-Lieu-Sept-Fons. L\u2019Ancien Sept-Fons&lt;\/i&gt;, Dompierre-sur-Besbre, 1937, 163-64.)'><sup>1<\/sup><\/a><\/span>. Le mal fut qu\u2019il se trouva avoir quelques affaires de famille et des int\u00e9r\u00eats<b> <\/b>de parents \u00e0 m\u00e9nager. Il souhaita que devant aller souvent en ville, on lui permette de se servir d\u2019un carrosse de louage. Ce que M. Jolly accorda ne se doutant de rien sa conduite commen\u00e7a \u00e0 faire quelque bruit, et Mgr l\u2019archev\u00eaque de Paris, dit-on, en avertit M. Jolly, qui se tenait assur\u00e9 par la conduite pass\u00e9e de M. de Mauroy de la vertu pr\u00e9sente. Et s\u2019excusa aupr\u00e8s de S[a] G[randeur] en disant qu\u2019il connaissait \u00e0 fond ce sup\u00e9rieur. En fin, en 1690, la chose \u00e9clata par le moyen de quelques joailliers de Paris, chez lesquels il avait pris pour environ quinze mille livres de pierreries, et qui le poursuivaient vivement. Leurs poursuites donn\u00e8rent lieu \u00e0 \u00eatre inform\u00e9s d\u2019autres \u00e9garements, qui l\u2019oblig\u00e8rent de se cacher, apr\u00e8s avoir nomm\u00e9 certaines gens \u00e0 qui on pouvait s\u2019adresser pour savoir l\u2019\u00e9tat de ses<b> <\/b>affaires, lesquels n\u2019en furent pas trop contents, entre autres M. l\u2019abb\u00e9 Desmarets, \u00e0 pr\u00e9sent \u00e9v\u00eaque de St. Malo, quoiqu\u2019il ne l\u2019eut connu et fr\u00e9quent\u00e9 un peu depuis que parce qu\u2019il avait fait une retraite \u00e0 St.-Lazare, o\u00f9 il avait eu pour directeur. Son proc\u00e8s ayant \u00e9t\u00e9 poursuivi, il fut condamn\u00e9 par l\u2019officialit\u00e9 de Paris \u00e0 une rude et longue p\u00e9nitence, savoir \u00e0 vivre du pain de douleur et de l\u2019eau d\u2019angoisse, etc. La p\u00e9nitence \u00e9tant un peu infamante, il en appela en la primatie de Lyon, et parut m\u00eame par-devant Mgr l\u2019archev\u00eaque, Camille de Neufville<span id='easy-footnote-2-107986' class='easy-footnote-margin-adjust'><\/span><span class='easy-footnote'><a href='https:\/\/vincentians.com\/fr\/histoire-generale-de-la-congregation-de-la-mission-42\/#easy-footnote-bottom-2-107986' title='Camille de Neufville-Villeroy, \u2020 1693.'><sup>2<\/sup><\/a><\/span>.<\/p>\n<p>Ce ne fut pas tout. Les joailliers dont on a parl\u00e9 le poursuivirent au ch\u00e2telet de Paris. Il y fut condamn\u00e9 aux gal\u00e8res, et M. de Mauroy pour \u00e9viter le coup, prit la r\u00e9solution de se retirer secr\u00e8tement \u00e0 l\u2019abbaye de Septfonts sur la Loire. M. Jolly<b> <\/b>fut tr\u00e8s mortifi\u00e9, comme on peut penser de cette triste aventure d\u2019un sujet de la Congr\u00e9gation qu\u2019il avait aim\u00e9. Il s\u2019alla jeter aux pieds du roi, qui eut la bont\u00e9 de lui dire que les fautes \u00e9taient personnelles, et qu\u2019il ne prot\u00e9gerait pas moins la compagnie. Ce charitable sup\u00e9rieur rendait aupr\u00e8s de S[a] M[ajest\u00e9] un bon service \u00e0 sa brebis \u00e9gar\u00e9e, obtenant de ce grand prince la r\u00e9vocation de la sentence, qui le condamnait aux gal\u00e8res, pourvu qu\u2019il alla faire p\u00e9nitence \u00e0 Septfonts, sans quoi sa condamnation aurait son effet. Un officier l\u2019y conduisit. Il y prit l\u2019habit et y donna des marques de sa premi\u00e8re ferveur, qui l\u2019y a fait conna\u00eetre sous le nom de Fr\u00e8re Alexis. Il y \u00e9tait tellement estim\u00e9, que M. l\u2019abb\u00e9, homme de m\u00e9rite, dit qu\u2019il l\u2019avait fait nommer pour son successeur<b> <\/b>n\u2019\u00e9tait les affaires qu\u2019il avait eues ci-devant dans le monde. Il est mort depuis quelques ann\u00e9es. Le public lui a donn\u00e9 apr\u00e8s son d\u00e9c\u00e8s un livre qui a pour titre <i>Le d\u00e9go\u00fbt du monde<\/i>, mais il n\u2019y a pas d\u2019apparence que l\u2019envie lui ait prise de composer. Mr. Jolly mit en sa place aux Invalides un vertueux pr\u00eatre nomm\u00e9 M. Dandinier, d\u2019une famille distingu\u00e9e dans le parlement de Bretagne, homme dou\u00e9 d\u2019une mortification, et d\u2019un recueillement propre \u00e0 r\u00e9tablir ce que la dissipation de M. De Mauroy avait affaibli dans la r\u00e9gularit\u00e9 de la maison<span id='easy-footnote-3-107986' class='easy-footnote-margin-adjust'><\/span><span class='easy-footnote'><a href='https:\/\/vincentians.com\/fr\/histoire-generale-de-la-congregation-de-la-mission-42\/#easy-footnote-bottom-3-107986' title='Les &lt;i&gt;Annales &lt;\/i&gt;ont fit le sommaire suivant de cette histoire r\u00e9marquable\u00a0:: \u201c Il qui l&amp;rsquo;amen\u00e8rent \u00e0 m\u00e9conna\u00eetre ses obligations. M. Jolly en fut tr\u00e8s mortifi\u00e9. Il mit \u00e0 sa place aux Invalides un vertueux pr\u00eatre.\u00a0\u201d'><sup>3<\/sup><\/a><\/span>.<\/p>\n<p>M. Jolly, comme on l\u2019a remarqu\u00e9 plus haut, avait fait conna\u00eetre son attachement pour la doctrine de l\u2019\u00c9glise, quand elle condamna les mauvais livres des qui\u00e9tistes ; il en donna de nouvelles marques, lorsque Mgr l\u2019archev\u00eaque de Paris censura les sept volumes de la <i>Nouvelle Biblioth\u00e8que des auteurs eccl\u00e9siastiques<\/i>,<b> <\/b>compos\u00e9s par M. Dupin, alors jeune docteur, un peu hardi \u00e0 dire son sentiment et \u00e0 d\u00e9cider sur le g\u00e9nie et les ouvrages des P\u00e8res. Il y eut pareillement arr\u00eat du Parlement et une d\u00e9claration dudit M. Dupin pour reconna\u00eetre sa faute. Le g\u00e9n\u00e9ral de la Congr\u00e9gation en \u00e9crivit incontinent aux maisons une lettre circulaire, dat\u00e9e du 18 mai 1693, o\u00f9 il dit que cette censure ayant \u00e9t\u00e9 faite avec beaucoup de soin et d\u2019exactitude, et ladite d\u00e9claration contenant un abr\u00e9g\u00e9 des principales fautes que cet auteur a faites dans cet ouvrage, lesquelles il reconna\u00eet et r\u00e9tract\u00e9, il envoie le tout aux diff\u00e9rentes maisons, afin que celles qui auraient ce livre le renfermassent ; d\u2019autant que la lecture en est dangereuse et d\u00e9fendue.<\/p>\n<p>Nous ne devons rien tant appr\u00e9hender, ajoute-t-il, que de nous laisser emporter \u00e0 la curiosit\u00e9 et au mauvais go\u00fbt<b> <\/b>des choses nouvelles, tant en ce qui regarde les m\u0153urs qu\u2019en ce qui concerne la doctrine ; il faut lire publiquement cette censure avec la d\u00e9claration et l\u2019arr\u00eat, et faire en fermer ledit livre avec les autres d\u00e9fendus.<\/p>\n<p>Il voulait qu\u2019on f\u00eet la m\u00eame chose pour tous les autres ouvrages qui \u00e9taient d\u2019un grand examen, et c\u2019est par ce principe qu\u2019il se d\u00e9fia d\u2019abord du c\u00e9l\u00e8bre livre des <i>R\u00e9flexions morales<\/i> du P\u00e8re Quesnel sur le Nouveau Testament, lequel commen\u00e7a \u00e0 para\u00eetre en ce temps-ci ; ouvrage depuis tr\u00e8s fameux et condamn\u00e9 avec cent et une propositions qui en ont \u00e9t\u00e9 extraites, par la bulle <i>Unigenitus<\/i>. Et les successeurs de M. Jolly ont suivi le m\u00eame train, adressant aux maisons de la Compagnie les diff\u00e9rentes d\u00e9cisions de l\u2019\u00c9glise, apr\u00e8s que certains livres en ont \u00e9t\u00e9 condamn\u00e9s.<\/p>\n","protected":false},"excerpt":{"rendered":"<p>XLII. M. Jolly mortifi\u00e9 au sujet du sup\u00e9rieur des Invalides. Son attache pour la saine doctrine M. Jolly, tout bon sup\u00e9rieur qu\u2019il f\u00fbt, ne manqua pas de peines dans l\u2019exercice de son gouvernement ; il &#8230; <a href=\"https:\/\/vincentians.com\/fr\/histoire-generale-de-la-congregation-de-la-mission-42\/\" class=\"more-link\">Read More<\/a><\/p>\n","protected":false},"author":4,"featured_media":189808,"comment_status":"open","ping_status":"open","sticky":false,"template":"","format":"standard","meta":{"jetpack_post_was_ever_published":false,"_jetpack_newsletter_access":"","_jetpack_dont_email_post_to_subs":false,"_jetpack_newsletter_tier_id":0,"_jetpack_memberships_contains_paywalled_content":false,"_jetpack_memberships_contains_paid_content":false,"footnotes":"","jetpack_publicize_message":"","jetpack_publicize_feature_enabled":true,"jetpack_social_post_already_shared":true,"jetpack_social_options":{"image_generator_settings":{"template":"highway","default_image_id":0,"font":"","enabled":false},"version":2}},"categories":[134],"tags":[],"class_list":["post-107986","post","type-post","status-publish","format-standard","has-post-thumbnail","hentry","category-histoire-de-la-congregation-de-la-mission"],"yoast_head":"<!-- This site is optimized with the Yoast SEO plugin v26.3 - https:\/\/yoast.com\/wordpress\/plugins\/seo\/ -->\n<title>Histoire g\u00e9n\u00e9rale de la Congr\u00e9gation de la Mission (42) - Nous Sommes Vincentiens<\/title>\n<meta name=\"robots\" content=\"index, follow, max-snippet:-1, max-image-preview:large, max-video-preview:-1\" \/>\n<link rel=\"canonical\" href=\"http:\/\/vincentians.com\/fr\/histoire-generale-de-la-congregation-de-la-mission-42\/\" \/>\n<meta property=\"og:locale\" content=\"fr_FR\" \/>\n<meta property=\"og:type\" content=\"article\" \/>\n<meta property=\"og:title\" content=\"Histoire g\u00e9n\u00e9rale de la Congr\u00e9gation de la Mission (42) - Nous Sommes Vincentiens\" \/>\n<meta property=\"og:description\" content=\"XLII. M. Jolly mortifi\u00e9 au sujet du sup\u00e9rieur des Invalides. Son attache pour la saine doctrine M. Jolly, tout bon sup\u00e9rieur qu\u2019il f\u00fbt, ne manqua pas de peines dans l\u2019exercice de son gouvernement ; il ... Read More\" \/>\n<meta property=\"og:url\" content=\"http:\/\/vincentians.com\/fr\/histoire-generale-de-la-congregation-de-la-mission-42\/\" \/>\n<meta property=\"og:site_name\" content=\"Nous Sommes Vincentiens\" \/>\n<meta property=\"article:publisher\" content=\"https:\/\/www.facebook.com\/WeAreVincentians\/\" \/>\n<meta property=\"article:author\" content=\"https:\/\/www.facebook.com\/JavierChento\" \/>\n<meta property=\"article:published_time\" content=\"2014-02-08T10:18:22+00:00\" \/>\n<meta property=\"og:image\" content=\"https:\/\/i0.wp.com\/vincentians.com\/fr\/wp-content\/uploads\/sites\/10\/2016\/07\/histoire-generale-de-la-congregation-de-la-mission.jpg?fit=1200%2C630\" \/>\n\t<meta property=\"og:image:width\" content=\"1200\" \/>\n\t<meta property=\"og:image:height\" content=\"630\" \/>\n\t<meta property=\"og:image:type\" content=\"image\/jpeg\" \/>\n<meta name=\"author\" content=\"Francisco Javier Fern\u00e1ndez Chento\" \/>\n<meta name=\"twitter:card\" content=\"summary_large_image\" \/>\n<meta name=\"twitter:creator\" content=\"@https:\/\/twitter.com\/javierchento\" \/>\n<meta name=\"twitter:site\" content=\"@WeVincentians\" \/>\n<meta name=\"twitter:label1\" content=\"\u00c9crit par\" \/>\n\t<meta name=\"twitter:data1\" content=\"Francisco Javier Fern\u00e1ndez Chento\" \/>\n\t<meta name=\"twitter:label2\" content=\"Dur\u00e9e de lecture estim\u00e9e\" \/>\n\t<meta name=\"twitter:data2\" content=\"8 minutes\" \/>\n<script type=\"application\/ld+json\" class=\"yoast-schema-graph\">{\"@context\":\"https:\/\/schema.org\",\"@graph\":[{\"@type\":\"WebPage\",\"@id\":\"http:\/\/vincentians.com\/fr\/histoire-generale-de-la-congregation-de-la-mission-42\/\",\"url\":\"http:\/\/vincentians.com\/fr\/histoire-generale-de-la-congregation-de-la-mission-42\/\",\"name\":\"Histoire g\u00e9n\u00e9rale de la Congr\u00e9gation de la Mission (42) - Nous Sommes Vincentiens\",\"isPartOf\":{\"@id\":\"http:\/\/vincentians.com\/fr\/#website\"},\"primaryImageOfPage\":{\"@id\":\"http:\/\/vincentians.com\/fr\/histoire-generale-de-la-congregation-de-la-mission-42\/#primaryimage\"},\"image\":{\"@id\":\"http:\/\/vincentians.com\/fr\/histoire-generale-de-la-congregation-de-la-mission-42\/#primaryimage\"},\"thumbnailUrl\":\"https:\/\/i0.wp.com\/vincentians.com\/fr\/wp-content\/uploads\/sites\/10\/2016\/07\/histoire-generale-de-la-congregation-de-la-mission.jpg?fit=1200%2C630&ssl=1\",\"datePublished\":\"2014-02-08T10:18:22+00:00\",\"author\":{\"@id\":\"http:\/\/vincentians.com\/fr\/#\/schema\/person\/9623ef4d9aa3b2dfb8c061f1499288f2\"},\"breadcrumb\":{\"@id\":\"http:\/\/vincentians.com\/fr\/histoire-generale-de-la-congregation-de-la-mission-42\/#breadcrumb\"},\"inLanguage\":\"fr-FR\",\"potentialAction\":[{\"@type\":\"ReadAction\",\"target\":[\"http:\/\/vincentians.com\/fr\/histoire-generale-de-la-congregation-de-la-mission-42\/\"]}]},{\"@type\":\"ImageObject\",\"inLanguage\":\"fr-FR\",\"@id\":\"http:\/\/vincentians.com\/fr\/histoire-generale-de-la-congregation-de-la-mission-42\/#primaryimage\",\"url\":\"https:\/\/i0.wp.com\/vincentians.com\/fr\/wp-content\/uploads\/sites\/10\/2016\/07\/histoire-generale-de-la-congregation-de-la-mission.jpg?fit=1200%2C630&ssl=1\",\"contentUrl\":\"https:\/\/i0.wp.com\/vincentians.com\/fr\/wp-content\/uploads\/sites\/10\/2016\/07\/histoire-generale-de-la-congregation-de-la-mission.jpg?fit=1200%2C630&ssl=1\",\"width\":1200,\"height\":630},{\"@type\":\"BreadcrumbList\",\"@id\":\"http:\/\/vincentians.com\/fr\/histoire-generale-de-la-congregation-de-la-mission-42\/#breadcrumb\",\"itemListElement\":[{\"@type\":\"ListItem\",\"position\":1,\"name\":\"Portada\",\"item\":\"http:\/\/vincentians.com\/fr\/\"},{\"@type\":\"ListItem\",\"position\":2,\"name\":\"Histoire g\u00e9n\u00e9rale de la Congr\u00e9gation de la Mission (42)\"}]},{\"@type\":\"WebSite\",\"@id\":\"http:\/\/vincentians.com\/fr\/#website\",\"url\":\"http:\/\/vincentians.com\/fr\/\",\"name\":\"Nous Sommes Vincentiens\",\"description\":\"Know more to serve more\",\"potentialAction\":[{\"@type\":\"SearchAction\",\"target\":{\"@type\":\"EntryPoint\",\"urlTemplate\":\"http:\/\/vincentians.com\/fr\/?s={search_term_string}\"},\"query-input\":{\"@type\":\"PropertyValueSpecification\",\"valueRequired\":true,\"valueName\":\"search_term_string\"}}],\"inLanguage\":\"fr-FR\"},{\"@type\":\"Person\",\"@id\":\"http:\/\/vincentians.com\/fr\/#\/schema\/person\/9623ef4d9aa3b2dfb8c061f1499288f2\",\"name\":\"Francisco Javier Fern\u00e1ndez Chento\",\"image\":{\"@type\":\"ImageObject\",\"inLanguage\":\"fr-FR\",\"@id\":\"http:\/\/vincentians.com\/fr\/#\/schema\/person\/image\/\",\"url\":\"https:\/\/secure.gravatar.com\/avatar\/497d5cde87b4c3d097d0315953521681ba2cd523ee66e5077c3711f7021e65de?s=96&d=mm&r=g\",\"contentUrl\":\"https:\/\/secure.gravatar.com\/avatar\/497d5cde87b4c3d097d0315953521681ba2cd523ee66e5077c3711f7021e65de?s=96&d=mm&r=g\",\"caption\":\"Francisco Javier Fern\u00e1ndez Chento\"},\"description\":\"Director General y cofundador de La Red de Formaci\u00f3n Vicenciana. Javier es laico vicenciano, afiliado a la Congregaci\u00f3n de la Misi\u00f3n y miembro del Equipo de Misiones Populares de la provincia can\u00f3nica de Zaragoza (Espa\u00f1a) de la Congregaci\u00f3n de la Misi\u00f3n. Graduado en la Universidad Oberta de Catalunya con cuatro grados (Asistente de direcci\u00f3n, Gesti\u00f3n Administrativa, Recursos Humanos y Contabilidad Avanzada). Bil\u00edng\u00fce Espa\u00f1ol\/Ingl\u00e9s. gestiona y mantiene varias p\u00e1ginas web cristianas y vicencianas, incluida including La Red de Formaci\u00f3n Vicenciana, de la que es cofundador. Actualmente es responsable del \u00e1rea de Espa\u00f1ol de .famvin, la Red de Noticias de la Familia Vicenciana. Tambi\u00e9n es m\u00fasico cat\u00f3lico y ha editado varios discos. Es Director General y cofundador de Trovador, una reconocida compa\u00f1\u00eda discogr\u00e1fica critiana de Espa\u00f1a. Trabaja en las Tecnolog\u00edas de la Informaci\u00f3n, ofreciendo servicios de alojamiento, dise\u00f1o y mantenimiento Web, as\u00ed como asesoramiento, formaci\u00f3n y soluciones inform\u00e1ticas, gesti\u00f3n documental y digitalizaci\u00f3n de textos, edici\u00f3n y maquetaci\u00f3n de libros, revistas, flyers, etc.\",\"sameAs\":[\"http:\/\/chento.org\",\"https:\/\/www.facebook.com\/JavierChento\",\"https:\/\/x.com\/https:\/\/twitter.com\/javierchento\"],\"url\":\"https:\/\/vincentians.com\/fr\/author\/chento\/\"}]}<\/script>\n<!-- \/ Yoast SEO plugin. -->","yoast_head_json":{"title":"Histoire g\u00e9n\u00e9rale de la Congr\u00e9gation de la Mission (42) - Nous Sommes Vincentiens","robots":{"index":"index","follow":"follow","max-snippet":"max-snippet:-1","max-image-preview":"max-image-preview:large","max-video-preview":"max-video-preview:-1"},"canonical":"http:\/\/vincentians.com\/fr\/histoire-generale-de-la-congregation-de-la-mission-42\/","og_locale":"fr_FR","og_type":"article","og_title":"Histoire g\u00e9n\u00e9rale de la Congr\u00e9gation de la Mission (42) - Nous Sommes Vincentiens","og_description":"XLII. M. Jolly mortifi\u00e9 au sujet du sup\u00e9rieur des Invalides. Son attache pour la saine doctrine M. Jolly, tout bon sup\u00e9rieur qu\u2019il f\u00fbt, ne manqua pas de peines dans l\u2019exercice de son gouvernement ; il ... Read More","og_url":"http:\/\/vincentians.com\/fr\/histoire-generale-de-la-congregation-de-la-mission-42\/","og_site_name":"Nous Sommes Vincentiens","article_publisher":"https:\/\/www.facebook.com\/WeAreVincentians\/","article_author":"https:\/\/www.facebook.com\/JavierChento","article_published_time":"2014-02-08T10:18:22+00:00","og_image":[{"width":1200,"height":630,"url":"https:\/\/i0.wp.com\/vincentians.com\/fr\/wp-content\/uploads\/sites\/10\/2016\/07\/histoire-generale-de-la-congregation-de-la-mission.jpg?fit=1200%2C630","type":"image\/jpeg"}],"author":"Francisco Javier Fern\u00e1ndez Chento","twitter_card":"summary_large_image","twitter_creator":"@https:\/\/twitter.com\/javierchento","twitter_site":"@WeVincentians","twitter_misc":{"\u00c9crit par":"Francisco Javier Fern\u00e1ndez Chento","Dur\u00e9e de lecture estim\u00e9e":"8 minutes"},"schema":{"@context":"https:\/\/schema.org","@graph":[{"@type":"WebPage","@id":"http:\/\/vincentians.com\/fr\/histoire-generale-de-la-congregation-de-la-mission-42\/","url":"http:\/\/vincentians.com\/fr\/histoire-generale-de-la-congregation-de-la-mission-42\/","name":"Histoire g\u00e9n\u00e9rale de la Congr\u00e9gation de la Mission (42) - Nous Sommes Vincentiens","isPartOf":{"@id":"http:\/\/vincentians.com\/fr\/#website"},"primaryImageOfPage":{"@id":"http:\/\/vincentians.com\/fr\/histoire-generale-de-la-congregation-de-la-mission-42\/#primaryimage"},"image":{"@id":"http:\/\/vincentians.com\/fr\/histoire-generale-de-la-congregation-de-la-mission-42\/#primaryimage"},"thumbnailUrl":"https:\/\/i0.wp.com\/vincentians.com\/fr\/wp-content\/uploads\/sites\/10\/2016\/07\/histoire-generale-de-la-congregation-de-la-mission.jpg?fit=1200%2C630&ssl=1","datePublished":"2014-02-08T10:18:22+00:00","author":{"@id":"http:\/\/vincentians.com\/fr\/#\/schema\/person\/9623ef4d9aa3b2dfb8c061f1499288f2"},"breadcrumb":{"@id":"http:\/\/vincentians.com\/fr\/histoire-generale-de-la-congregation-de-la-mission-42\/#breadcrumb"},"inLanguage":"fr-FR","potentialAction":[{"@type":"ReadAction","target":["http:\/\/vincentians.com\/fr\/histoire-generale-de-la-congregation-de-la-mission-42\/"]}]},{"@type":"ImageObject","inLanguage":"fr-FR","@id":"http:\/\/vincentians.com\/fr\/histoire-generale-de-la-congregation-de-la-mission-42\/#primaryimage","url":"https:\/\/i0.wp.com\/vincentians.com\/fr\/wp-content\/uploads\/sites\/10\/2016\/07\/histoire-generale-de-la-congregation-de-la-mission.jpg?fit=1200%2C630&ssl=1","contentUrl":"https:\/\/i0.wp.com\/vincentians.com\/fr\/wp-content\/uploads\/sites\/10\/2016\/07\/histoire-generale-de-la-congregation-de-la-mission.jpg?fit=1200%2C630&ssl=1","width":1200,"height":630},{"@type":"BreadcrumbList","@id":"http:\/\/vincentians.com\/fr\/histoire-generale-de-la-congregation-de-la-mission-42\/#breadcrumb","itemListElement":[{"@type":"ListItem","position":1,"name":"Portada","item":"http:\/\/vincentians.com\/fr\/"},{"@type":"ListItem","position":2,"name":"Histoire g\u00e9n\u00e9rale de la Congr\u00e9gation de la Mission (42)"}]},{"@type":"WebSite","@id":"http:\/\/vincentians.com\/fr\/#website","url":"http:\/\/vincentians.com\/fr\/","name":"Nous Sommes Vincentiens","description":"Know more to serve more","potentialAction":[{"@type":"SearchAction","target":{"@type":"EntryPoint","urlTemplate":"http:\/\/vincentians.com\/fr\/?s={search_term_string}"},"query-input":{"@type":"PropertyValueSpecification","valueRequired":true,"valueName":"search_term_string"}}],"inLanguage":"fr-FR"},{"@type":"Person","@id":"http:\/\/vincentians.com\/fr\/#\/schema\/person\/9623ef4d9aa3b2dfb8c061f1499288f2","name":"Francisco Javier Fern\u00e1ndez Chento","image":{"@type":"ImageObject","inLanguage":"fr-FR","@id":"http:\/\/vincentians.com\/fr\/#\/schema\/person\/image\/","url":"https:\/\/secure.gravatar.com\/avatar\/497d5cde87b4c3d097d0315953521681ba2cd523ee66e5077c3711f7021e65de?s=96&d=mm&r=g","contentUrl":"https:\/\/secure.gravatar.com\/avatar\/497d5cde87b4c3d097d0315953521681ba2cd523ee66e5077c3711f7021e65de?s=96&d=mm&r=g","caption":"Francisco Javier Fern\u00e1ndez Chento"},"description":"Director General y cofundador de La Red de Formaci\u00f3n Vicenciana. Javier es laico vicenciano, afiliado a la Congregaci\u00f3n de la Misi\u00f3n y miembro del Equipo de Misiones Populares de la provincia can\u00f3nica de Zaragoza (Espa\u00f1a) de la Congregaci\u00f3n de la Misi\u00f3n. Graduado en la Universidad Oberta de Catalunya con cuatro grados (Asistente de direcci\u00f3n, Gesti\u00f3n Administrativa, Recursos Humanos y Contabilidad Avanzada). Bil\u00edng\u00fce Espa\u00f1ol\/Ingl\u00e9s. gestiona y mantiene varias p\u00e1ginas web cristianas y vicencianas, incluida including La Red de Formaci\u00f3n Vicenciana, de la que es cofundador. Actualmente es responsable del \u00e1rea de Espa\u00f1ol de .famvin, la Red de Noticias de la Familia Vicenciana. Tambi\u00e9n es m\u00fasico cat\u00f3lico y ha editado varios discos. Es Director General y cofundador de Trovador, una reconocida compa\u00f1\u00eda discogr\u00e1fica critiana de Espa\u00f1a. Trabaja en las Tecnolog\u00edas de la Informaci\u00f3n, ofreciendo servicios de alojamiento, dise\u00f1o y mantenimiento Web, as\u00ed como asesoramiento, formaci\u00f3n y soluciones inform\u00e1ticas, gesti\u00f3n documental y digitalizaci\u00f3n de textos, edici\u00f3n y maquetaci\u00f3n de libros, revistas, flyers, etc.","sameAs":["http:\/\/chento.org","https:\/\/www.facebook.com\/JavierChento","https:\/\/x.com\/https:\/\/twitter.com\/javierchento"],"url":"https:\/\/vincentians.com\/fr\/author\/chento\/"}]}},"jetpack_publicize_connections":[],"jetpack_featured_media_url":"https:\/\/i0.wp.com\/vincentians.com\/fr\/wp-content\/uploads\/sites\/10\/2016\/07\/histoire-generale-de-la-congregation-de-la-mission.jpg?fit=1200%2C630&ssl=1","jetpack_sharing_enabled":true,"jetpack_shortlink":"https:\/\/wp.me\/p7ETMP-s5I","jetpack-related-posts":[{"id":107949,"url":"https:\/\/vincentians.com\/fr\/histoire-generale-de-la-congregation-de-la-mission-31\/","url_meta":{"origin":107986,"position":0},"title":"Histoire g\u00e9n\u00e9rale de la Congr\u00e9gation de la Mission (31)","author":"Francisco Javier Fern\u00e1ndez Chento","date":"28\/01\/2014","format":false,"excerpt":"XXXI. Fermet\u00e9 de M. Jolly Il se trouve par le d\u00e9nombrement qu\u2019on vient de faire de tous ces \u00e9tablissements de la Congr\u00e9gation sous le g\u00e9n\u00e9ralat de M. Jolly, qu\u2019il en a accept\u00e9, au nombre de 38. C\u2019est \u00e0 dire une fois plus qu\u2019il n\u2019y en avait dans la Compagnie ces\u2026","rel":"","context":"Dans &quot;Histoire de la Congr\u00e9gation de la Mission&quot;","block_context":{"text":"Histoire de la Congr\u00e9gation de la Mission","link":"https:\/\/vincentians.com\/fr\/category\/histoire-de-la-congregation-de-la-mission\/"},"img":{"alt_text":"","src":"https:\/\/i0.wp.com\/vincentians.com\/fr\/wp-content\/uploads\/sites\/10\/2016\/07\/histoire-generale-de-la-congregation-de-la-mission.jpg?fit=1200%2C630&ssl=1&resize=350%2C200","width":350,"height":200,"srcset":"https:\/\/i0.wp.com\/vincentians.com\/fr\/wp-content\/uploads\/sites\/10\/2016\/07\/histoire-generale-de-la-congregation-de-la-mission.jpg?fit=1200%2C630&ssl=1&resize=350%2C200 1x, https:\/\/i0.wp.com\/vincentians.com\/fr\/wp-content\/uploads\/sites\/10\/2016\/07\/histoire-generale-de-la-congregation-de-la-mission.jpg?fit=1200%2C630&ssl=1&resize=525%2C300 1.5x, https:\/\/i0.wp.com\/vincentians.com\/fr\/wp-content\/uploads\/sites\/10\/2016\/07\/histoire-generale-de-la-congregation-de-la-mission.jpg?fit=1200%2C630&ssl=1&resize=700%2C400 2x, https:\/\/i0.wp.com\/vincentians.com\/fr\/wp-content\/uploads\/sites\/10\/2016\/07\/histoire-generale-de-la-congregation-de-la-mission.jpg?fit=1200%2C630&ssl=1&resize=1050%2C600 3x"},"classes":[]},{"id":107950,"url":"https:\/\/vincentians.com\/fr\/histoire-generale-de-la-congregation-de-la-mission-32\/","url_meta":{"origin":107986,"position":1},"title":"Histoire g\u00e9n\u00e9rale de la Congr\u00e9gation de la Mission (32)","author":"Francisco Javier Fern\u00e1ndez Chento","date":"29\/01\/2014","format":false,"excerpt":"XXXII. Conduite de M. Jolly Sa conduite a \u00e9t\u00e9 g\u00e9n\u00e9ralement estim\u00e9e dans tous les postes o\u00f9 il s\u2019est trouv\u00e9. Mgr le cardinal de Retz, \u00e9l\u00e8ve de M. Vincent, et si fameux par la figure qu\u2019il a faite sous le nom de coadjuteur de Paris, du temps de la minorit\u00e9 du\u2026","rel":"","context":"Dans &quot;Histoire de la Congr\u00e9gation de la Mission&quot;","block_context":{"text":"Histoire de la Congr\u00e9gation de la Mission","link":"https:\/\/vincentians.com\/fr\/category\/histoire-de-la-congregation-de-la-mission\/"},"img":{"alt_text":"","src":"https:\/\/i0.wp.com\/vincentians.com\/fr\/wp-content\/uploads\/sites\/10\/2016\/07\/histoire-generale-de-la-congregation-de-la-mission.jpg?fit=1200%2C630&ssl=1&resize=350%2C200","width":350,"height":200,"srcset":"https:\/\/i0.wp.com\/vincentians.com\/fr\/wp-content\/uploads\/sites\/10\/2016\/07\/histoire-generale-de-la-congregation-de-la-mission.jpg?fit=1200%2C630&ssl=1&resize=350%2C200 1x, https:\/\/i0.wp.com\/vincentians.com\/fr\/wp-content\/uploads\/sites\/10\/2016\/07\/histoire-generale-de-la-congregation-de-la-mission.jpg?fit=1200%2C630&ssl=1&resize=525%2C300 1.5x, https:\/\/i0.wp.com\/vincentians.com\/fr\/wp-content\/uploads\/sites\/10\/2016\/07\/histoire-generale-de-la-congregation-de-la-mission.jpg?fit=1200%2C630&ssl=1&resize=700%2C400 2x, https:\/\/i0.wp.com\/vincentians.com\/fr\/wp-content\/uploads\/sites\/10\/2016\/07\/histoire-generale-de-la-congregation-de-la-mission.jpg?fit=1200%2C630&ssl=1&resize=1050%2C600 3x"},"classes":[]},{"id":108221,"url":"https:\/\/vincentians.com\/fr\/histoire-generale-de-la-congregation-de-la-mission-48\/","url_meta":{"origin":107986,"position":2},"title":"Histoire g\u00e9n\u00e9rale de la Congr\u00e9gation de la Mission (48)","author":"Francisco Javier Fern\u00e1ndez Chento","date":"14\/02\/2014","format":false,"excerpt":"XLVIII. Caducit\u00e9 de M. Jolly. Sa mort La sant\u00e9 de M. Jolly \u00e9tait devenue fort chancelante ; il ne pouvait plus \u00e0 raison de l\u2019incommodit\u00e9 de ses jambes et encore plus \u00e0 cause de son grand \u00e2ge et de sa caducit\u00e9, sortir en ville, pour assister aux conf\u00e9rences des eccl\u00e9siastiques\u2026","rel":"","context":"Dans &quot;Histoire de la Congr\u00e9gation de la Mission&quot;","block_context":{"text":"Histoire de la Congr\u00e9gation de la Mission","link":"https:\/\/vincentians.com\/fr\/category\/histoire-de-la-congregation-de-la-mission\/"},"img":{"alt_text":"","src":"https:\/\/i0.wp.com\/vincentians.com\/fr\/wp-content\/uploads\/sites\/10\/2016\/07\/histoire-generale-de-la-congregation-de-la-mission.jpg?fit=1200%2C630&ssl=1&resize=350%2C200","width":350,"height":200,"srcset":"https:\/\/i0.wp.com\/vincentians.com\/fr\/wp-content\/uploads\/sites\/10\/2016\/07\/histoire-generale-de-la-congregation-de-la-mission.jpg?fit=1200%2C630&ssl=1&resize=350%2C200 1x, https:\/\/i0.wp.com\/vincentians.com\/fr\/wp-content\/uploads\/sites\/10\/2016\/07\/histoire-generale-de-la-congregation-de-la-mission.jpg?fit=1200%2C630&ssl=1&resize=525%2C300 1.5x, https:\/\/i0.wp.com\/vincentians.com\/fr\/wp-content\/uploads\/sites\/10\/2016\/07\/histoire-generale-de-la-congregation-de-la-mission.jpg?fit=1200%2C630&ssl=1&resize=700%2C400 2x, https:\/\/i0.wp.com\/vincentians.com\/fr\/wp-content\/uploads\/sites\/10\/2016\/07\/histoire-generale-de-la-congregation-de-la-mission.jpg?fit=1200%2C630&ssl=1&resize=1050%2C600 3x"},"classes":[]},{"id":190336,"url":"https:\/\/vincentians.com\/fr\/ephemerides-26-mars\/","url_meta":{"origin":107986,"position":3},"title":"Eph\u00e9m\u00e9rides : 26 mars","author":"Francisco Javier Fern\u00e1ndez Chento","date":"26\/03\/2017","format":false,"excerpt":"l697. \u00c0 Paris , mort de M. Edme Jolly, troisi\u00e8me Sup\u00e9rieur g\u00e9n\u00e9ral de la Congr\u00e9gation de la Mission. Fils du procureur fiscal de Doue, au dioc\u00e8se de Meaux, o\u00f9 il est n\u00e9 le 24 octobre 1622, Edme Jolly, apr\u00e8s avoir \u00e9tudi\u00e9 la philosophie et la th\u00e9ologie \u00e0 Beauvais, avait \u00e9t\u00e9\u2026","rel":"","context":"Dans &quot;\u00c9ph\u00e9m\u00e9rides vincentiens&quot;","block_context":{"text":"\u00c9ph\u00e9m\u00e9rides vincentiens","link":"https:\/\/vincentians.com\/fr\/category\/ephemerides-vincentiens\/"},"img":{"alt_text":"","src":"https:\/\/i0.wp.com\/vincentians.com\/fr\/wp-content\/uploads\/sites\/10\/2016\/07\/ephemerides-fb.jpg?fit=1200%2C630&ssl=1&resize=350%2C200","width":350,"height":200,"srcset":"https:\/\/i0.wp.com\/vincentians.com\/fr\/wp-content\/uploads\/sites\/10\/2016\/07\/ephemerides-fb.jpg?fit=1200%2C630&ssl=1&resize=350%2C200 1x, https:\/\/i0.wp.com\/vincentians.com\/fr\/wp-content\/uploads\/sites\/10\/2016\/07\/ephemerides-fb.jpg?fit=1200%2C630&ssl=1&resize=525%2C300 1.5x, https:\/\/i0.wp.com\/vincentians.com\/fr\/wp-content\/uploads\/sites\/10\/2016\/07\/ephemerides-fb.jpg?fit=1200%2C630&ssl=1&resize=700%2C400 2x, https:\/\/i0.wp.com\/vincentians.com\/fr\/wp-content\/uploads\/sites\/10\/2016\/07\/ephemerides-fb.jpg?fit=1200%2C630&ssl=1&resize=1050%2C600 3x"},"classes":[]},{"id":107866,"url":"https:\/\/vincentians.com\/fr\/histoire-generale-de-la-congregation-de-la-mission-20\/","url_meta":{"origin":107986,"position":4},"title":"Histoire g\u00e9n\u00e9rale de la Congr\u00e9gation de la Mission (20)","author":"Francisco Javier Fern\u00e1ndez Chento","date":"17\/01\/2014","format":false,"excerpt":"XX. Mort de M. Alm\u00e9ras M. Jolly son successeur Dieu retira du monde M. Alm\u00e9ras apr\u00e8s avoir \u00e9prouv\u00e9 sa patience par un long \u00e9puisement, accompagn\u00e9 d\u2019hydropisie. Son d\u00e9c\u00e8s arriva le deuxi\u00e8me septembre, f\u00eate de St.-Lazare, 1672. Il fut enterr\u00e9 \u00e0 c\u00f4t\u00e9 droit de M. Vincent \u00e0 milieu du ch\u0153ur, et\u2026","rel":"","context":"Dans &quot;Histoire de la Congr\u00e9gation de la Mission&quot;","block_context":{"text":"Histoire de la Congr\u00e9gation de la Mission","link":"https:\/\/vincentians.com\/fr\/category\/histoire-de-la-congregation-de-la-mission\/"},"img":{"alt_text":"","src":"https:\/\/i0.wp.com\/vincentians.com\/fr\/wp-content\/uploads\/sites\/10\/2016\/07\/histoire-generale-de-la-congregation-de-la-mission.jpg?fit=1200%2C630&ssl=1&resize=350%2C200","width":350,"height":200,"srcset":"https:\/\/i0.wp.com\/vincentians.com\/fr\/wp-content\/uploads\/sites\/10\/2016\/07\/histoire-generale-de-la-congregation-de-la-mission.jpg?fit=1200%2C630&ssl=1&resize=350%2C200 1x, https:\/\/i0.wp.com\/vincentians.com\/fr\/wp-content\/uploads\/sites\/10\/2016\/07\/histoire-generale-de-la-congregation-de-la-mission.jpg?fit=1200%2C630&ssl=1&resize=525%2C300 1.5x, https:\/\/i0.wp.com\/vincentians.com\/fr\/wp-content\/uploads\/sites\/10\/2016\/07\/histoire-generale-de-la-congregation-de-la-mission.jpg?fit=1200%2C630&ssl=1&resize=700%2C400 2x, https:\/\/i0.wp.com\/vincentians.com\/fr\/wp-content\/uploads\/sites\/10\/2016\/07\/histoire-generale-de-la-congregation-de-la-mission.jpg?fit=1200%2C630&ssl=1&resize=1050%2C600 3x"},"classes":[]},{"id":107987,"url":"https:\/\/vincentians.com\/fr\/histoire-generale-de-la-congregation-de-la-mission-43\/","url_meta":{"origin":107986,"position":5},"title":"Histoire g\u00e9n\u00e9rale de la Congr\u00e9gation de la Mission (43)","author":"Francisco Javier Fern\u00e1ndez Chento","date":"09\/02\/2014","format":false,"excerpt":"XLIII. Autre assembl\u00e9e g\u00e9n\u00e9rale en 1692. Ses d\u00e9crets. On a d\u00e9j\u00e0 dit ci-dessus que le d\u00e9cret de l\u2019assembl\u00e9e pr\u00e9c\u00e9dante qui donne une place distingu\u00e9e aux assistants faisait beaucoup de peine \u00e0 M. Jolly. Et qu\u2019il le jugeait contraire \u00e0 la simplicit\u00e9, dont la Congr\u00e9gation fait une profession particuli\u00e8re. Peut-\u00eatre voyait-il\u2026","rel":"","context":"Dans &quot;Histoire de la Congr\u00e9gation de la Mission&quot;","block_context":{"text":"Histoire de la Congr\u00e9gation de la Mission","link":"https:\/\/vincentians.com\/fr\/category\/histoire-de-la-congregation-de-la-mission\/"},"img":{"alt_text":"","src":"https:\/\/i0.wp.com\/vincentians.com\/fr\/wp-content\/uploads\/sites\/10\/2016\/07\/histoire-generale-de-la-congregation-de-la-mission.jpg?fit=1200%2C630&ssl=1&resize=350%2C200","width":350,"height":200,"srcset":"https:\/\/i0.wp.com\/vincentians.com\/fr\/wp-content\/uploads\/sites\/10\/2016\/07\/histoire-generale-de-la-congregation-de-la-mission.jpg?fit=1200%2C630&ssl=1&resize=350%2C200 1x, https:\/\/i0.wp.com\/vincentians.com\/fr\/wp-content\/uploads\/sites\/10\/2016\/07\/histoire-generale-de-la-congregation-de-la-mission.jpg?fit=1200%2C630&ssl=1&resize=525%2C300 1.5x, https:\/\/i0.wp.com\/vincentians.com\/fr\/wp-content\/uploads\/sites\/10\/2016\/07\/histoire-generale-de-la-congregation-de-la-mission.jpg?fit=1200%2C630&ssl=1&resize=700%2C400 2x, https:\/\/i0.wp.com\/vincentians.com\/fr\/wp-content\/uploads\/sites\/10\/2016\/07\/histoire-generale-de-la-congregation-de-la-mission.jpg?fit=1200%2C630&ssl=1&resize=1050%2C600 3x"},"classes":[]}],"_links":{"self":[{"href":"https:\/\/vincentians.com\/fr\/wp-json\/wp\/v2\/posts\/107986","targetHints":{"allow":["GET"]}}],"collection":[{"href":"https:\/\/vincentians.com\/fr\/wp-json\/wp\/v2\/posts"}],"about":[{"href":"https:\/\/vincentians.com\/fr\/wp-json\/wp\/v2\/types\/post"}],"author":[{"embeddable":true,"href":"https:\/\/vincentians.com\/fr\/wp-json\/wp\/v2\/users\/4"}],"replies":[{"embeddable":true,"href":"https:\/\/vincentians.com\/fr\/wp-json\/wp\/v2\/comments?post=107986"}],"version-history":[{"count":0,"href":"https:\/\/vincentians.com\/fr\/wp-json\/wp\/v2\/posts\/107986\/revisions"}],"wp:featuredmedia":[{"embeddable":true,"href":"https:\/\/vincentians.com\/fr\/wp-json\/wp\/v2\/media\/189808"}],"wp:attachment":[{"href":"https:\/\/vincentians.com\/fr\/wp-json\/wp\/v2\/media?parent=107986"}],"wp:term":[{"taxonomy":"category","embeddable":true,"href":"https:\/\/vincentians.com\/fr\/wp-json\/wp\/v2\/categories?post=107986"},{"taxonomy":"post_tag","embeddable":true,"href":"https:\/\/vincentians.com\/fr\/wp-json\/wp\/v2\/tags?post=107986"}],"curies":[{"name":"wp","href":"https:\/\/api.w.org\/{rel}","templated":true}]}}