{"id":107985,"date":"2014-02-07T19:18:22","date_gmt":"2014-02-07T18:18:22","guid":{"rendered":"http:\/\/vincentiens.org\/?p=107985"},"modified":"2014-02-07T19:18:22","modified_gmt":"2014-02-07T18:18:22","slug":"histoire-generale-de-la-congregation-de-la-mission-41","status":"publish","type":"post","link":"https:\/\/vincentians.com\/fr\/histoire-generale-de-la-congregation-de-la-mission-41\/","title":{"rendered":"Histoire g\u00e9n\u00e9rale de la Congr\u00e9gation de la Mission (41)"},"content":{"rendered":"<h2><b><b><b><b>XLI. Missionnaires \u00e0 Londres<\/b><\/b><\/b><\/b><\/h2>\n<p><a href=\"https:\/\/i0.wp.com\/vincentiens.org\/wp-content\/uploads\/2012\/12\/logocm.png\"><img data-recalc-dims=\"1\" loading=\"lazy\" decoding=\"async\" class=\"alignright size-medium wp-image-104093\" alt=\"logocm\" src=\"https:\/\/i0.wp.com\/vincentiens.org\/wp-content\/uploads\/2012\/12\/logocm-245x300.png?resize=245%2C300\" width=\"245\" height=\"300\" \/><\/a>Le roi Jacques II avait succ\u00e9d\u00e9 dans le tr\u00f4ne d\u2019Angleterre \u00e0 son fr\u00e8re Charles II. \u00c9tant encore duc d\u2019York, il avait embrass\u00e9 la religion catholique. Et quand il fut devenu roi en 1685, il envoya l\u2019ann\u00e9e suivante un ambassadeur \u00e0 Rome, et re\u00e7ut, de m\u00eame, \u00e0 Londres, un nonce apostolique. Ce prince d\u00e9sira aussi des Missionnaires pour conduire sa chapelle royale, comme il savait qu\u2019en France le Roi tr\u00e8s chr\u00e9tien en avait \u00e0 Versailles. M. Jolly en envoya sous la conduite de M. Le Lasseur<span id='easy-footnote-1-107985' class='easy-footnote-margin-adjust'><\/span><span class='easy-footnote'><a href='https:\/\/vincentians.com\/fr\/histoire-generale-de-la-congregation-de-la-mission-41\/#easy-footnote-bottom-1-107985' title='Olivier Lasseur, n\u00e9 1653.'><sup>1<\/sup><\/a><\/span>, homme d\u2019esprit et de m\u00e9rite ; ils furent fort bien venus du Roi, et commenc\u00e8rent faire leurs fonctions. M. Le Lasseur en \u00e9crivit en ces termes \u00e0 M. Jolly, le 8 mai 1687 :<\/p>\n<p>Nous avons \u00e9t\u00e9 re\u00e7us de S[a] M[ajest\u00e9] avec toutes les d\u00e9monstrations possibles<b> <\/b>de son affection ; elle nous a d\u00e9j\u00e0 entretenus deux fois, nous interrogeant sur les fonctions de notre Congr\u00e9gation, sur quoi elle t\u00e9moignait plaisir de nous entendre parler. Il ne s\u2019est jamais vu un prince plus z\u00e9l\u00e9, ni plus pieux que lui, mais son z\u00e8le trouve deux grands obstacles. Quelques politiques ont m\u00eame cru qu\u2019il se pressait un peu trop, et qu\u2019il e\u00fbt gagn\u00e9 davantage d\u2019aller plus lentement. Cette m\u00eame ann\u00e9e 1687, il fit un \u00e9dit qui permettait dans tous ses royaumes la libert\u00e9 de conscience. D\u2019autres, au contraire, ont pens\u00e9 qu\u2019il y n\u2019avait pas assez de vigueur. M. Le Lasseur continue : L\u2019esprit des Anglais est infiniment \u00e9loign\u00e9 de la religion romaine ; le Roi n\u2019a pu trouver de disposition dans tous ceux qui devaient composer le Parlement pour leur faire approuver la libert\u00e9 de conscience, qu\u2019il n\u2019a pas laiss\u00e9 de faire publier de sa propre autorit\u00e9. Il y a pr\u00e9sentement sept ou huit chapelles et \u00e9glises dans<b> <\/b>Londres, o\u00f9 l\u2019on dit la messe publiquement, sans compter celle du Roi, dans laquelle nous faisons l\u2019office avec le plus de pompe que nous pouvons, tandis que nous officions \u00e0 l\u2019autel, aid\u00e9s de huit enfants de ch\u0153ur. La musique du roi chante ce qu\u2019il y a \u00e0 chanter ; jamais le Roi ni la Reine ne perdent grande messe ni v\u00eapres, que nous chantons en leur pr\u00e9sence tous les dimanches et f\u00eates. On y pr\u00eache aussi, mais en anglais ; on pr\u00eache en fran\u00e7ais seulement dans la chapelle de Messieurs les Ambassadeurs de France et d\u2019Espagne : nous ne pouvons nous dispenser de pr\u00eacher quelquefois dans la premi\u00e8re et je pense qu\u2019il faudra le faire de m\u00eame dans la seconde. Nous ne sommes pas encore log\u00e9s dans le Louvre, parce que l\u2019appartement qui nous a \u00e9t\u00e9 destin\u00e9 ne sera pr\u00eat qu\u2019au retour<b> <\/b>de Windsor, o\u00f9 le Roi va passer l\u2019\u00e9t\u00e9, et o\u00f9 nous allons aussi avec lui. Nous ne portons pas encore l\u2019habit eccl\u00e9siastique dans les rues, mais nous en approchons le plus pr\u00e8s que nous pouvons, afin d\u2019y accoutumer les gens. Jusqu\u2019ici nous avons port\u00e9 la cravate, nous commen\u00e7ons pr\u00e9sentement \u00e0 para\u00eetre avec le petit collet d\u2019abb\u00e9 et une petite perruque ; j\u2019esp\u00e8re que bient\u00f4t nous marcherons enti\u00e8rement dans les formes.<\/p>\n<p>Il continue encore : Les RR[\u00e9v\u00e9rends] PP[\u00e8res] J\u00e9suites commencent \u00e0 se relever et \u00e0 devenir puissants ; il y en \u00e0 un qui est confesseur du Roi, un autre de la Reine, et un troisi\u00e8me qui est grand favori du Roi. C\u2019\u00e9tait le P. Peter \u00e0 qui on a attribu\u00e9 quelques-uns uns des mauvais effets qui arrivent dans la suite. Nous vivons fort bien avec eux, quoiqu\u2019il ne se fasse pas beaucoup de relations. Il y a pourtant quelques Mylords qui se sont convertis depuis peu, d\u2019autres, qui commencent d\u2019aller \u00e0 la messe en particulier <i>propter metum Jud\u00e6orum<\/i>.<b> <\/b>Les PP J\u00e9suites ouvriront dans quinze jours un coll\u00e8ge dans Londres, il n\u2019y aura d\u2019abord que deux classes pour commencer.<\/p>\n<p>Telle fut la relation que M. Le Lasseur envoya de Londres. Laquelle fit plaisir \u00e0 M. Jolly, mais les esp\u00e9rances s\u2019en all\u00e8rent bient\u00f4t en fum\u00e9e. Les Anglais, enclins \u00e0 la r\u00e9bellion, se soulev\u00e8rent. Le Roi fut oblig\u00e9 de se r\u00e9fugier en France, o\u00f9 la Reine \u00e9tait d\u00e9j\u00e0 arriv\u00e9e avec le jeune prince de Galles. L\u2019ann\u00e9e d\u2019apr\u00e8s, le prince d\u2019Orange, gendre du Roi et chef des conspirateurs fut proclam\u00e9 roi sous le nom de Guillaume III. Les Missionnaires eurent de la peine \u00e0 revenir en France o\u00f9 pourtant ils abord\u00e8rent en sant\u00e9. Tout ce qui avait \u00e9t\u00e9 fait pour la religion fut renvers\u00e9 ; et le prince d\u2019Orange, devenu Roi, eut encore l\u2019adresse de faire signer \u00e0 Augsbourg,<b> <\/b>une ligue \u00e0 la plupart des princes chr\u00e9tiens contre la France, qui seule pouvait donner du secours \u00e0 Jacques II.<\/p>\n<p>Le pape Innocent XI \u00e9tait brouill\u00e9 avec la m\u00eame couronne au sujet des r\u00e9gales, d\u00e9fendant Mgr l\u2019\u00e9v\u00eaque de Pamiers des franchises de Rome et d\u2019autres sujets. Il autorisa aussi l\u2019\u00e9lection du jeune prince Cl\u00e9ment de Bavi\u00e8re \u00e0 l\u2019archev\u00each\u00e9 de Cologne tandis que la France soutenait celle du cardinal de Furstemberg<span id='easy-footnote-2-107985' class='easy-footnote-margin-adjust'><\/span><span class='easy-footnote'><a href='https:\/\/vincentians.com\/fr\/histoire-generale-de-la-congregation-de-la-mission-41\/#easy-footnote-bottom-2-107985' title='Wilhelm Egon von F\u00fcrstemberg, 1629-1704.'><sup>2<\/sup><\/a><\/span>, et ce grand pontife, qui menait une vie fort exemplaire, n\u2019\u00e9tait pas agr\u00e9able aux fran\u00e7ais.<\/p>\n<p>Il favorisait n\u00e9anmoins la Congr\u00e9gation, et il voulait qu\u2019elle conserv\u00e2t sa premi\u00e8re simplicit\u00e9. Il estimait M. Simon, sup\u00e9rieur de la maison de Rome. Mais quelques-uns ayant malicieusement repr\u00e9sent\u00e9 en France que ce sup\u00e9rieur se m\u00ealait un peu des affaires, il \u00e9tait effectivement intime ami du cardinal<b> <\/b>Cibo, tout puissant sous le pontificat d\u2019Innocent XI. Le roi tr\u00e8s chr\u00e9tien en parla \u00e0 M. Jolly qui se vit oblig\u00e9 de le retirer de Rome et de mettre M. Martin sup\u00e9rieur en sa place. M. Simon mourut, quelques ann\u00e9es apr\u00e8s \u00eatre revenu en France, d\u2019une mort assez pitoyable, son esprit ayant baiss\u00e9. C\u2019est un Missionnaire qui a pass\u00e9 pour \u00eatre habile et pour avoir des mani\u00e8res plus insinuantes. On l\u2019a cru du moins pour la plus grande partie auteur de la vie de M. Vincent, imprim\u00e9e \u00e0 Rome, en italien, en 1687, et d\u00e9di\u00e9e au m\u00eame pape Innocent XI, ouvrage qui a \u00e9t\u00e9 estim\u00e9 en cette langue. Il porte le nom du P. Dominique Accami, pr\u00eatre de l\u2019Oratoire de Rome. Et on voulut en agir ainsi en Italie, comme on avait en fait en France, o\u00f9 Mgr l\u2019\u00e9v\u00eaque de Rodez se donna pour auteur de la Vie de M. Vincent en fran\u00e7ais parce que ce digne fondateur a mis la Congr\u00e9gation dans<b> <\/b>la pratique de ne point publier le livre. Il est dit dans la pr\u00e9face de la Vie italienne que le serviteur de Dieu ayant \u00e9t\u00e9 dou\u00e9 d\u2019une charit\u00e9 tr\u00e8s ardente pour les pauvres et d\u2019un grand z\u00e8le pour la sanctification du clerg\u00e9, le livre se trouvait par-l\u00e0 digne d\u2019\u00eatre publi\u00e9, ayant, en t\u00eate le nom d\u2019un si grand pape, regard\u00e9 d\u2019un chacun comme le p\u00e8re des pauvres et un excellent mod\u00e8le d\u2019un eccl\u00e9siastique parfait. On y fait un abr\u00e9g\u00e9 de ce qu\u2019avait dit plus amplement l\u2019\u00e9diteur de la Vie fran\u00e7aise, en parlant pourtant un peu au long de ce qui regarde les fonctions de la Compagnie, tant pour l\u2019utilit\u00e9 des Missionnaires, qui verraient dans ce recueil ce qu\u2019ils sont oblig\u00e9s de faire, que pour l\u2019\u00e9dification des lecteurs, lesquels seront bon gr\u00e9 d\u2019apprendre de telles choses.<b> <\/b><\/p>\n<p>M. Martin, qu\u2019on mettait \u00e0 la place de M. Simon, \u00e9tait bien vu \u00e0 Rome, ayant demeur\u00e9 depuis longtemps en Italie, dans presque toutes les maisons. Il \u00e9tait fort attach\u00e9 aux maximes de M. Vincent, surtout au d\u00e9sint\u00e9ressement, ce qu\u2019il fit para\u00eetre dans une rencontre qui m\u00e9rite d\u2019\u00eatre rapport\u00e9e. Un pr\u00eatre de Rome, qui avait gagn\u00e9 quelque bien dans un office qu\u2019il avait exerc\u00e9, \u00e9tait bon ami de la maison et lui avait donn\u00e9 une argenterie de chapelle compl\u00e8te. Il se nommait M. Balamola. On cultivait son amiti\u00e9, comme de raison ; mais il mit \u00e0 l\u2019\u00e9preuve le d\u00e9sint\u00e9ressement des Missionnaires.<\/p>\n<p>Il fit semblant de ne plus les estimer autant ; il ne les recevait plus gracieusement comme \u00e0 son ordinaire et il caressait d\u2019autres communaut\u00e9s.<b> <\/b>Il fit m\u00eame redemander l\u2019argenterie qu\u2019il avait donn\u00e9e ci-devant. M. Martin mit la chose en d\u00e9lib\u00e9ration dans son conseil s\u2019il la fallait renvoyer ; plusieurs estimaient qu\u2019on n\u2019en devait rien faire, attendu qu\u2019il l\u2019avait donn\u00e9e de son plein gr\u00e9. M. Martin fut d\u2019un autre avis et y ramena ses confr\u00e8res. On reporta donc l\u2019argenterie que ce bon pr\u00eatre, tout malade qu\u2019il \u00e9tait, re\u00e7ut et fit mettre \u00e0 quartier. \u00c9tant d\u00e9c\u00e9d\u00e9 quelque temps apr\u00e8s, M. Martin eut la curiosit\u00e9 de savoir, par un fr\u00e8re qu\u2019il envoya expr\u00e8s, le contenu de son testament, et il fut surpris d\u2019apprendre qu\u2019il y faisait fort au long \u00e9loge du d\u00e9sint\u00e9ressement et des autres bonnes qualit\u00e9s de l\u2019esprit de la Mission qu\u2019il avait reconnues, et que, pour cela, il voulait qu\u2019on rend\u00eet \u00e0 la maison l\u2019argenterie qu\u2019il en avait fait rapporter. Et de plus lui donnait tous ses biens de son hoirie qui montaient \u00e0 environ vint mille \u00e9cus romains. Cet exemple singulier est digne d\u2019attention.<\/p>\n<p>Avant que de partir de Rome, M. Simon avait fort bien orn\u00e9 la chapelle de la maison. Quelques personnes \u00e9taient d\u2019avis qu\u2019on l\u2019ouvr\u00eet pour les externes ; il n\u2019y avait eu jusque-l\u00e0 aucune entr\u00e9e sur la rue. On en parla au pape Innocent XI, qui ne le voulut pas, disant que les missionnaires devaient rester dans leur premi\u00e8re simplicit\u00e9. M. Martin quelque temps apr\u00e8s devint fort caduc ; il ne pouvait plus faire facilement son office de visiteur de la province, ni m\u00eame celui de sup\u00e9rieur de la maison de Rome. M. Jolly nomma en sa place M. Jean-Pierre Terrarossa<span id='easy-footnote-3-107985' class='easy-footnote-margin-adjust'><\/span><span class='easy-footnote'><a href='https:\/\/vincentians.com\/fr\/histoire-generale-de-la-congregation-de-la-mission-41\/#easy-footnote-bottom-3-107985' title='Giampiero Terrarossa, 1646-1700.'><sup>3<\/sup><\/a><\/span>, qui fut ainsi le premier sup\u00e9rieur italien \u00e0 Rome, comme il l\u2019avait d\u00e9j\u00e0 \u00e9lu \u00e0 Turin,<b> <\/b>apr\u00e8s la mort de M. Pesnelle<span id='easy-footnote-4-107985' class='easy-footnote-margin-adjust'><\/span><span class='easy-footnote'><a href='https:\/\/vincentians.com\/fr\/histoire-generale-de-la-congregation-de-la-mission-41\/#easy-footnote-bottom-4-107985' title='Jacques Pesnelle, n\u00e9 1624.'><sup>4<\/sup><\/a><\/span>, dernier sup\u00e9rieur fran\u00e7ais, qui arriva en 1683. Et, depuis, cela a continu\u00e9 de m\u00eame.<\/p>\n","protected":false},"excerpt":{"rendered":"<p>XLI. Missionnaires \u00e0 Londres Le roi Jacques II avait succ\u00e9d\u00e9 dans le tr\u00f4ne d\u2019Angleterre \u00e0 son fr\u00e8re Charles II. \u00c9tant encore duc d\u2019York, il avait embrass\u00e9 la religion catholique. Et quand il fut devenu roi &#8230; <a href=\"https:\/\/vincentians.com\/fr\/histoire-generale-de-la-congregation-de-la-mission-41\/\" class=\"more-link\">Read More<\/a><\/p>\n","protected":false},"author":4,"featured_media":189808,"comment_status":"open","ping_status":"open","sticky":false,"template":"","format":"standard","meta":{"jetpack_post_was_ever_published":false,"_jetpack_newsletter_access":"","_jetpack_dont_email_post_to_subs":false,"_jetpack_newsletter_tier_id":0,"_jetpack_memberships_contains_paywalled_content":false,"_jetpack_memberships_contains_paid_content":false,"footnotes":"","jetpack_publicize_message":"","jetpack_publicize_feature_enabled":true,"jetpack_social_post_already_shared":true,"jetpack_social_options":{"image_generator_settings":{"template":"highway","default_image_id":0,"font":"","enabled":false},"version":2}},"categories":[134],"tags":[],"class_list":["post-107985","post","type-post","status-publish","format-standard","has-post-thumbnail","hentry","category-histoire-de-la-congregation-de-la-mission"],"yoast_head":"<!-- This site is optimized with the Yoast SEO plugin v26.3 - https:\/\/yoast.com\/wordpress\/plugins\/seo\/ -->\n<title>Histoire g\u00e9n\u00e9rale de la Congr\u00e9gation de la Mission (41) - Nous Sommes Vincentiens<\/title>\n<meta name=\"robots\" content=\"index, follow, max-snippet:-1, max-image-preview:large, max-video-preview:-1\" \/>\n<link rel=\"canonical\" href=\"http:\/\/vincentians.com\/fr\/histoire-generale-de-la-congregation-de-la-mission-41\/\" \/>\n<meta property=\"og:locale\" content=\"fr_FR\" \/>\n<meta property=\"og:type\" content=\"article\" \/>\n<meta property=\"og:title\" content=\"Histoire g\u00e9n\u00e9rale de la Congr\u00e9gation de la Mission (41) - Nous Sommes Vincentiens\" \/>\n<meta property=\"og:description\" content=\"XLI. Missionnaires \u00e0 Londres Le roi Jacques II avait succ\u00e9d\u00e9 dans le tr\u00f4ne d\u2019Angleterre \u00e0 son fr\u00e8re Charles II. \u00c9tant encore duc d\u2019York, il avait embrass\u00e9 la religion catholique. Et quand il fut devenu roi ... Read More\" \/>\n<meta property=\"og:url\" content=\"http:\/\/vincentians.com\/fr\/histoire-generale-de-la-congregation-de-la-mission-41\/\" \/>\n<meta property=\"og:site_name\" content=\"Nous Sommes Vincentiens\" \/>\n<meta property=\"article:publisher\" content=\"https:\/\/www.facebook.com\/WeAreVincentians\/\" \/>\n<meta property=\"article:author\" content=\"https:\/\/www.facebook.com\/JavierChento\" \/>\n<meta property=\"article:published_time\" content=\"2014-02-07T18:18:22+00:00\" \/>\n<meta property=\"og:image\" content=\"https:\/\/i0.wp.com\/vincentians.com\/fr\/wp-content\/uploads\/sites\/10\/2016\/07\/histoire-generale-de-la-congregation-de-la-mission.jpg?fit=1200%2C630\" \/>\n\t<meta property=\"og:image:width\" content=\"1200\" \/>\n\t<meta property=\"og:image:height\" content=\"630\" \/>\n\t<meta property=\"og:image:type\" content=\"image\/jpeg\" \/>\n<meta name=\"author\" content=\"Francisco Javier Fern\u00e1ndez Chento\" \/>\n<meta name=\"twitter:card\" content=\"summary_large_image\" \/>\n<meta name=\"twitter:creator\" content=\"@https:\/\/twitter.com\/javierchento\" \/>\n<meta name=\"twitter:site\" content=\"@WeVincentians\" \/>\n<meta name=\"twitter:label1\" content=\"\u00c9crit par\" \/>\n\t<meta name=\"twitter:data1\" content=\"Francisco Javier Fern\u00e1ndez Chento\" \/>\n\t<meta name=\"twitter:label2\" content=\"Dur\u00e9e de lecture estim\u00e9e\" \/>\n\t<meta name=\"twitter:data2\" content=\"9 minutes\" \/>\n<script type=\"application\/ld+json\" class=\"yoast-schema-graph\">{\"@context\":\"https:\/\/schema.org\",\"@graph\":[{\"@type\":\"WebPage\",\"@id\":\"http:\/\/vincentians.com\/fr\/histoire-generale-de-la-congregation-de-la-mission-41\/\",\"url\":\"http:\/\/vincentians.com\/fr\/histoire-generale-de-la-congregation-de-la-mission-41\/\",\"name\":\"Histoire g\u00e9n\u00e9rale de la Congr\u00e9gation de la Mission (41) - Nous Sommes Vincentiens\",\"isPartOf\":{\"@id\":\"http:\/\/vincentians.com\/fr\/#website\"},\"primaryImageOfPage\":{\"@id\":\"http:\/\/vincentians.com\/fr\/histoire-generale-de-la-congregation-de-la-mission-41\/#primaryimage\"},\"image\":{\"@id\":\"http:\/\/vincentians.com\/fr\/histoire-generale-de-la-congregation-de-la-mission-41\/#primaryimage\"},\"thumbnailUrl\":\"https:\/\/i0.wp.com\/vincentians.com\/fr\/wp-content\/uploads\/sites\/10\/2016\/07\/histoire-generale-de-la-congregation-de-la-mission.jpg?fit=1200%2C630&ssl=1\",\"datePublished\":\"2014-02-07T18:18:22+00:00\",\"author\":{\"@id\":\"http:\/\/vincentians.com\/fr\/#\/schema\/person\/9623ef4d9aa3b2dfb8c061f1499288f2\"},\"breadcrumb\":{\"@id\":\"http:\/\/vincentians.com\/fr\/histoire-generale-de-la-congregation-de-la-mission-41\/#breadcrumb\"},\"inLanguage\":\"fr-FR\",\"potentialAction\":[{\"@type\":\"ReadAction\",\"target\":[\"http:\/\/vincentians.com\/fr\/histoire-generale-de-la-congregation-de-la-mission-41\/\"]}]},{\"@type\":\"ImageObject\",\"inLanguage\":\"fr-FR\",\"@id\":\"http:\/\/vincentians.com\/fr\/histoire-generale-de-la-congregation-de-la-mission-41\/#primaryimage\",\"url\":\"https:\/\/i0.wp.com\/vincentians.com\/fr\/wp-content\/uploads\/sites\/10\/2016\/07\/histoire-generale-de-la-congregation-de-la-mission.jpg?fit=1200%2C630&ssl=1\",\"contentUrl\":\"https:\/\/i0.wp.com\/vincentians.com\/fr\/wp-content\/uploads\/sites\/10\/2016\/07\/histoire-generale-de-la-congregation-de-la-mission.jpg?fit=1200%2C630&ssl=1\",\"width\":1200,\"height\":630},{\"@type\":\"BreadcrumbList\",\"@id\":\"http:\/\/vincentians.com\/fr\/histoire-generale-de-la-congregation-de-la-mission-41\/#breadcrumb\",\"itemListElement\":[{\"@type\":\"ListItem\",\"position\":1,\"name\":\"Portada\",\"item\":\"http:\/\/vincentians.com\/fr\/\"},{\"@type\":\"ListItem\",\"position\":2,\"name\":\"Histoire g\u00e9n\u00e9rale de la Congr\u00e9gation de la Mission (41)\"}]},{\"@type\":\"WebSite\",\"@id\":\"http:\/\/vincentians.com\/fr\/#website\",\"url\":\"http:\/\/vincentians.com\/fr\/\",\"name\":\"Nous Sommes Vincentiens\",\"description\":\"Know more to serve more\",\"potentialAction\":[{\"@type\":\"SearchAction\",\"target\":{\"@type\":\"EntryPoint\",\"urlTemplate\":\"http:\/\/vincentians.com\/fr\/?s={search_term_string}\"},\"query-input\":{\"@type\":\"PropertyValueSpecification\",\"valueRequired\":true,\"valueName\":\"search_term_string\"}}],\"inLanguage\":\"fr-FR\"},{\"@type\":\"Person\",\"@id\":\"http:\/\/vincentians.com\/fr\/#\/schema\/person\/9623ef4d9aa3b2dfb8c061f1499288f2\",\"name\":\"Francisco Javier Fern\u00e1ndez Chento\",\"image\":{\"@type\":\"ImageObject\",\"inLanguage\":\"fr-FR\",\"@id\":\"http:\/\/vincentians.com\/fr\/#\/schema\/person\/image\/\",\"url\":\"https:\/\/secure.gravatar.com\/avatar\/497d5cde87b4c3d097d0315953521681ba2cd523ee66e5077c3711f7021e65de?s=96&d=mm&r=g\",\"contentUrl\":\"https:\/\/secure.gravatar.com\/avatar\/497d5cde87b4c3d097d0315953521681ba2cd523ee66e5077c3711f7021e65de?s=96&d=mm&r=g\",\"caption\":\"Francisco Javier Fern\u00e1ndez Chento\"},\"description\":\"Director General y cofundador de La Red de Formaci\u00f3n Vicenciana. Javier es laico vicenciano, afiliado a la Congregaci\u00f3n de la Misi\u00f3n y miembro del Equipo de Misiones Populares de la provincia can\u00f3nica de Zaragoza (Espa\u00f1a) de la Congregaci\u00f3n de la Misi\u00f3n. Graduado en la Universidad Oberta de Catalunya con cuatro grados (Asistente de direcci\u00f3n, Gesti\u00f3n Administrativa, Recursos Humanos y Contabilidad Avanzada). Bil\u00edng\u00fce Espa\u00f1ol\/Ingl\u00e9s. gestiona y mantiene varias p\u00e1ginas web cristianas y vicencianas, incluida including La Red de Formaci\u00f3n Vicenciana, de la que es cofundador. Actualmente es responsable del \u00e1rea de Espa\u00f1ol de .famvin, la Red de Noticias de la Familia Vicenciana. Tambi\u00e9n es m\u00fasico cat\u00f3lico y ha editado varios discos. Es Director General y cofundador de Trovador, una reconocida compa\u00f1\u00eda discogr\u00e1fica critiana de Espa\u00f1a. Trabaja en las Tecnolog\u00edas de la Informaci\u00f3n, ofreciendo servicios de alojamiento, dise\u00f1o y mantenimiento Web, as\u00ed como asesoramiento, formaci\u00f3n y soluciones inform\u00e1ticas, gesti\u00f3n documental y digitalizaci\u00f3n de textos, edici\u00f3n y maquetaci\u00f3n de libros, revistas, flyers, etc.\",\"sameAs\":[\"http:\/\/chento.org\",\"https:\/\/www.facebook.com\/JavierChento\",\"https:\/\/x.com\/https:\/\/twitter.com\/javierchento\"],\"url\":\"https:\/\/vincentians.com\/fr\/author\/chento\/\"}]}<\/script>\n<!-- \/ Yoast SEO plugin. -->","yoast_head_json":{"title":"Histoire g\u00e9n\u00e9rale de la Congr\u00e9gation de la Mission (41) - Nous Sommes Vincentiens","robots":{"index":"index","follow":"follow","max-snippet":"max-snippet:-1","max-image-preview":"max-image-preview:large","max-video-preview":"max-video-preview:-1"},"canonical":"http:\/\/vincentians.com\/fr\/histoire-generale-de-la-congregation-de-la-mission-41\/","og_locale":"fr_FR","og_type":"article","og_title":"Histoire g\u00e9n\u00e9rale de la Congr\u00e9gation de la Mission (41) - Nous Sommes Vincentiens","og_description":"XLI. Missionnaires \u00e0 Londres Le roi Jacques II avait succ\u00e9d\u00e9 dans le tr\u00f4ne d\u2019Angleterre \u00e0 son fr\u00e8re Charles II. \u00c9tant encore duc d\u2019York, il avait embrass\u00e9 la religion catholique. Et quand il fut devenu roi ... Read More","og_url":"http:\/\/vincentians.com\/fr\/histoire-generale-de-la-congregation-de-la-mission-41\/","og_site_name":"Nous Sommes Vincentiens","article_publisher":"https:\/\/www.facebook.com\/WeAreVincentians\/","article_author":"https:\/\/www.facebook.com\/JavierChento","article_published_time":"2014-02-07T18:18:22+00:00","og_image":[{"width":1200,"height":630,"url":"https:\/\/i0.wp.com\/vincentians.com\/fr\/wp-content\/uploads\/sites\/10\/2016\/07\/histoire-generale-de-la-congregation-de-la-mission.jpg?fit=1200%2C630","type":"image\/jpeg"}],"author":"Francisco Javier Fern\u00e1ndez Chento","twitter_card":"summary_large_image","twitter_creator":"@https:\/\/twitter.com\/javierchento","twitter_site":"@WeVincentians","twitter_misc":{"\u00c9crit par":"Francisco Javier Fern\u00e1ndez Chento","Dur\u00e9e de lecture estim\u00e9e":"9 minutes"},"schema":{"@context":"https:\/\/schema.org","@graph":[{"@type":"WebPage","@id":"http:\/\/vincentians.com\/fr\/histoire-generale-de-la-congregation-de-la-mission-41\/","url":"http:\/\/vincentians.com\/fr\/histoire-generale-de-la-congregation-de-la-mission-41\/","name":"Histoire g\u00e9n\u00e9rale de la Congr\u00e9gation de la Mission (41) - Nous Sommes Vincentiens","isPartOf":{"@id":"http:\/\/vincentians.com\/fr\/#website"},"primaryImageOfPage":{"@id":"http:\/\/vincentians.com\/fr\/histoire-generale-de-la-congregation-de-la-mission-41\/#primaryimage"},"image":{"@id":"http:\/\/vincentians.com\/fr\/histoire-generale-de-la-congregation-de-la-mission-41\/#primaryimage"},"thumbnailUrl":"https:\/\/i0.wp.com\/vincentians.com\/fr\/wp-content\/uploads\/sites\/10\/2016\/07\/histoire-generale-de-la-congregation-de-la-mission.jpg?fit=1200%2C630&ssl=1","datePublished":"2014-02-07T18:18:22+00:00","author":{"@id":"http:\/\/vincentians.com\/fr\/#\/schema\/person\/9623ef4d9aa3b2dfb8c061f1499288f2"},"breadcrumb":{"@id":"http:\/\/vincentians.com\/fr\/histoire-generale-de-la-congregation-de-la-mission-41\/#breadcrumb"},"inLanguage":"fr-FR","potentialAction":[{"@type":"ReadAction","target":["http:\/\/vincentians.com\/fr\/histoire-generale-de-la-congregation-de-la-mission-41\/"]}]},{"@type":"ImageObject","inLanguage":"fr-FR","@id":"http:\/\/vincentians.com\/fr\/histoire-generale-de-la-congregation-de-la-mission-41\/#primaryimage","url":"https:\/\/i0.wp.com\/vincentians.com\/fr\/wp-content\/uploads\/sites\/10\/2016\/07\/histoire-generale-de-la-congregation-de-la-mission.jpg?fit=1200%2C630&ssl=1","contentUrl":"https:\/\/i0.wp.com\/vincentians.com\/fr\/wp-content\/uploads\/sites\/10\/2016\/07\/histoire-generale-de-la-congregation-de-la-mission.jpg?fit=1200%2C630&ssl=1","width":1200,"height":630},{"@type":"BreadcrumbList","@id":"http:\/\/vincentians.com\/fr\/histoire-generale-de-la-congregation-de-la-mission-41\/#breadcrumb","itemListElement":[{"@type":"ListItem","position":1,"name":"Portada","item":"http:\/\/vincentians.com\/fr\/"},{"@type":"ListItem","position":2,"name":"Histoire g\u00e9n\u00e9rale de la Congr\u00e9gation de la Mission (41)"}]},{"@type":"WebSite","@id":"http:\/\/vincentians.com\/fr\/#website","url":"http:\/\/vincentians.com\/fr\/","name":"Nous Sommes Vincentiens","description":"Know more to serve more","potentialAction":[{"@type":"SearchAction","target":{"@type":"EntryPoint","urlTemplate":"http:\/\/vincentians.com\/fr\/?s={search_term_string}"},"query-input":{"@type":"PropertyValueSpecification","valueRequired":true,"valueName":"search_term_string"}}],"inLanguage":"fr-FR"},{"@type":"Person","@id":"http:\/\/vincentians.com\/fr\/#\/schema\/person\/9623ef4d9aa3b2dfb8c061f1499288f2","name":"Francisco Javier Fern\u00e1ndez Chento","image":{"@type":"ImageObject","inLanguage":"fr-FR","@id":"http:\/\/vincentians.com\/fr\/#\/schema\/person\/image\/","url":"https:\/\/secure.gravatar.com\/avatar\/497d5cde87b4c3d097d0315953521681ba2cd523ee66e5077c3711f7021e65de?s=96&d=mm&r=g","contentUrl":"https:\/\/secure.gravatar.com\/avatar\/497d5cde87b4c3d097d0315953521681ba2cd523ee66e5077c3711f7021e65de?s=96&d=mm&r=g","caption":"Francisco Javier Fern\u00e1ndez Chento"},"description":"Director General y cofundador de La Red de Formaci\u00f3n Vicenciana. Javier es laico vicenciano, afiliado a la Congregaci\u00f3n de la Misi\u00f3n y miembro del Equipo de Misiones Populares de la provincia can\u00f3nica de Zaragoza (Espa\u00f1a) de la Congregaci\u00f3n de la Misi\u00f3n. Graduado en la Universidad Oberta de Catalunya con cuatro grados (Asistente de direcci\u00f3n, Gesti\u00f3n Administrativa, Recursos Humanos y Contabilidad Avanzada). Bil\u00edng\u00fce Espa\u00f1ol\/Ingl\u00e9s. gestiona y mantiene varias p\u00e1ginas web cristianas y vicencianas, incluida including La Red de Formaci\u00f3n Vicenciana, de la que es cofundador. Actualmente es responsable del \u00e1rea de Espa\u00f1ol de .famvin, la Red de Noticias de la Familia Vicenciana. Tambi\u00e9n es m\u00fasico cat\u00f3lico y ha editado varios discos. Es Director General y cofundador de Trovador, una reconocida compa\u00f1\u00eda discogr\u00e1fica critiana de Espa\u00f1a. Trabaja en las Tecnolog\u00edas de la Informaci\u00f3n, ofreciendo servicios de alojamiento, dise\u00f1o y mantenimiento Web, as\u00ed como asesoramiento, formaci\u00f3n y soluciones inform\u00e1ticas, gesti\u00f3n documental y digitalizaci\u00f3n de textos, edici\u00f3n y maquetaci\u00f3n de libros, revistas, flyers, etc.","sameAs":["http:\/\/chento.org","https:\/\/www.facebook.com\/JavierChento","https:\/\/x.com\/https:\/\/twitter.com\/javierchento"],"url":"https:\/\/vincentians.com\/fr\/author\/chento\/"}]}},"jetpack_publicize_connections":[],"jetpack_featured_media_url":"https:\/\/i0.wp.com\/vincentians.com\/fr\/wp-content\/uploads\/sites\/10\/2016\/07\/histoire-generale-de-la-congregation-de-la-mission.jpg?fit=1200%2C630&ssl=1","jetpack_sharing_enabled":true,"jetpack_shortlink":"https:\/\/wp.me\/p7ETMP-s5H","jetpack-related-posts":[{"id":57593,"url":"https:\/\/vincentians.com\/fr\/lexpansion-de-la-congregation-de-la-mission-pendant-la-vie-de-st-vincent\/","url_meta":{"origin":107985,"position":0},"title":"L&rsquo;expansion de la Congregation de la Mission pendant la vie de St. Vincent","author":"Francisco Javier Fern\u00e1ndez Chento","date":"20\/05\/2015","format":false,"excerpt":"Pierre Collet (\"La Vie de St. Vincent de Paul\", Nancy 1748, II, 325) a constat\u00e9 que les biographies des grands fondateurs d'ordres sont concentr\u00e9es sur la personne elle-m\u00eame du fondateur. On n'y trouve pas le r\u00e9cit des travaux de leurs premiers disciples.En suivant cet exemple Collet voulut supprimer dans sa\u2026","rel":"","context":"Dans &quot;Au temps de Vincent de Paul&quot;","block_context":{"text":"Au temps de Vincent de Paul","link":"https:\/\/vincentians.com\/fr\/category\/au-temps-de-vincent-de-paul\/"},"img":{"alt_text":"","src":"https:\/\/i0.wp.com\/vincentians.com\/fr\/wp-content\/uploads\/sites\/10\/2015\/05\/congregation-de-la-mission-lazaristes.jpg?fit=1200%2C630&ssl=1&resize=350%2C200","width":350,"height":200,"srcset":"https:\/\/i0.wp.com\/vincentians.com\/fr\/wp-content\/uploads\/sites\/10\/2015\/05\/congregation-de-la-mission-lazaristes.jpg?fit=1200%2C630&ssl=1&resize=350%2C200 1x, https:\/\/i0.wp.com\/vincentians.com\/fr\/wp-content\/uploads\/sites\/10\/2015\/05\/congregation-de-la-mission-lazaristes.jpg?fit=1200%2C630&ssl=1&resize=525%2C300 1.5x, https:\/\/i0.wp.com\/vincentians.com\/fr\/wp-content\/uploads\/sites\/10\/2015\/05\/congregation-de-la-mission-lazaristes.jpg?fit=1200%2C630&ssl=1&resize=700%2C400 2x, https:\/\/i0.wp.com\/vincentians.com\/fr\/wp-content\/uploads\/sites\/10\/2015\/05\/congregation-de-la-mission-lazaristes.jpg?fit=1200%2C630&ssl=1&resize=1050%2C600 3x"},"classes":[]},{"id":107947,"url":"https:\/\/vincentians.com\/fr\/histoire-generale-de-la-congregation-de-la-mission-29\/","url_meta":{"origin":107985,"position":1},"title":"Histoire g\u00e9n\u00e9rale de la Congr\u00e9gation de la Mission (29)","author":"Francisco Javier Fern\u00e1ndez Chento","date":"26\/01\/2014","format":false,"excerpt":"XXIX. Autres \u00e9tablissem[ents] en France Nous avons ainsi r\u00e9uni dans un sel endroit tous les \u00e9tablissements de s\u00e9minaires faits sous le g\u00e9n\u00e9ralat de M. Jolly, au nombre de 19 pour n\u2019en faire qu\u2019un seul article, qu\u2019on lise de suite sans \u00eatre oblig\u00e9 de les chercher dans les endroits dispers\u00e9s quand\u2026","rel":"","context":"Dans &quot;Histoire de la Congr\u00e9gation de la Mission&quot;","block_context":{"text":"Histoire de la Congr\u00e9gation de la Mission","link":"https:\/\/vincentians.com\/fr\/category\/histoire-de-la-congregation-de-la-mission\/"},"img":{"alt_text":"","src":"https:\/\/i0.wp.com\/vincentians.com\/fr\/wp-content\/uploads\/sites\/10\/2016\/07\/histoire-generale-de-la-congregation-de-la-mission.jpg?fit=1200%2C630&ssl=1&resize=350%2C200","width":350,"height":200,"srcset":"https:\/\/i0.wp.com\/vincentians.com\/fr\/wp-content\/uploads\/sites\/10\/2016\/07\/histoire-generale-de-la-congregation-de-la-mission.jpg?fit=1200%2C630&ssl=1&resize=350%2C200 1x, https:\/\/i0.wp.com\/vincentians.com\/fr\/wp-content\/uploads\/sites\/10\/2016\/07\/histoire-generale-de-la-congregation-de-la-mission.jpg?fit=1200%2C630&ssl=1&resize=525%2C300 1.5x, https:\/\/i0.wp.com\/vincentians.com\/fr\/wp-content\/uploads\/sites\/10\/2016\/07\/histoire-generale-de-la-congregation-de-la-mission.jpg?fit=1200%2C630&ssl=1&resize=700%2C400 2x, https:\/\/i0.wp.com\/vincentians.com\/fr\/wp-content\/uploads\/sites\/10\/2016\/07\/histoire-generale-de-la-congregation-de-la-mission.jpg?fit=1200%2C630&ssl=1&resize=1050%2C600 3x"},"classes":[]},{"id":45335,"url":"https:\/\/vincentians.com\/fr\/saint-vincent-et-les-missions\/","url_meta":{"origin":107985,"position":2},"title":"Saint Vincent et les Missions","author":"Francisco Javier Fern\u00e1ndez Chento","date":"14\/12\/2014","format":false,"excerpt":"Introduction A.- Lorsque nous essayons d'\u00e9tudier le travail missionnaire de Vincent de Paul et de ses premiers compagnons, nous trouvons une v\u00e9ritable mystique de la Mission; alors que nous d\u00e9sirerions que le Saint nous ait donn\u00e9 aussi une doctrine th\u00e9ologique sur ce qui constitue l'objectif de sa vie, sur ce\u2026","rel":"","context":"Dans &quot;Vincent de Paul&quot;","block_context":{"text":"Vincent de Paul","link":"https:\/\/vincentians.com\/fr\/category\/the-vincentian-family\/founders\/vincent-de-paul\/"},"img":{"alt_text":"Vincent de Paul portrait","src":"https:\/\/i0.wp.com\/vincentiens.org\/wp-content\/uploads\/2014\/12\/Vincent-de-Paul-portrait-300x300.jpg?resize=350%2C200","width":350,"height":200},"classes":[]},{"id":107981,"url":"https:\/\/vincentians.com\/fr\/histoire-generale-de-la-congregation-de-la-mission-36\/","url_meta":{"origin":107985,"position":3},"title":"Histoire g\u00e9n\u00e9rale de la Congr\u00e9gation de la Mission (36)","author":"Francisco Javier Fern\u00e1ndez Chento","date":"02\/02\/2014","format":false,"excerpt":"XXXVI. Missionnaires d\u2019Alger, et de Madagascar On recevait de temps en temps des nouvelles de M. Levacher qui, depuis la mort de M. Vincent, continuait de travailler \u00e0 Alger, en Barbarie, au service et soulagement des pauvres esclaves chr\u00e9tiens, comme avaient fait M. Julien Gu\u00e9rin et autres ses pr\u00e9d\u00e9cesseurs. Nous\u2026","rel":"","context":"Dans &quot;Histoire de la Congr\u00e9gation de la Mission&quot;","block_context":{"text":"Histoire de la Congr\u00e9gation de la Mission","link":"https:\/\/vincentians.com\/fr\/category\/histoire-de-la-congregation-de-la-mission\/"},"img":{"alt_text":"","src":"https:\/\/i0.wp.com\/vincentians.com\/fr\/wp-content\/uploads\/sites\/10\/2016\/07\/histoire-generale-de-la-congregation-de-la-mission.jpg?fit=1200%2C630&ssl=1&resize=350%2C200","width":350,"height":200,"srcset":"https:\/\/i0.wp.com\/vincentians.com\/fr\/wp-content\/uploads\/sites\/10\/2016\/07\/histoire-generale-de-la-congregation-de-la-mission.jpg?fit=1200%2C630&ssl=1&resize=350%2C200 1x, https:\/\/i0.wp.com\/vincentians.com\/fr\/wp-content\/uploads\/sites\/10\/2016\/07\/histoire-generale-de-la-congregation-de-la-mission.jpg?fit=1200%2C630&ssl=1&resize=525%2C300 1.5x, https:\/\/i0.wp.com\/vincentians.com\/fr\/wp-content\/uploads\/sites\/10\/2016\/07\/histoire-generale-de-la-congregation-de-la-mission.jpg?fit=1200%2C630&ssl=1&resize=700%2C400 2x, https:\/\/i0.wp.com\/vincentians.com\/fr\/wp-content\/uploads\/sites\/10\/2016\/07\/histoire-generale-de-la-congregation-de-la-mission.jpg?fit=1200%2C630&ssl=1&resize=1050%2C600 3x"},"classes":[]},{"id":107944,"url":"https:\/\/vincentians.com\/fr\/histoire-generale-de-la-congregation-de-la-mission-27\/","url_meta":{"origin":107985,"position":4},"title":"Histoire g\u00e9n\u00e9rale de la Congr\u00e9gation de la Mission (27)","author":"Francisco Javier Fern\u00e1ndez Chento","date":"24\/01\/2014","format":false,"excerpt":"XXVII. Vexation des chevaliers de St.-Lazare, Bref du St. Si\u00e8ge On a pu remarquer, par tout ce qu\u2019on vient de dire, qu\u2019apr\u00e8s la retraite des d\u00e9put\u00e9s de l\u2019assembl\u00e9e, M. Jolly, nouveau g\u00e9n\u00e9ral, ne fut pas sans occupations, \u00e9tant charg\u00e9 de faire dresser tous ces m\u00e9moires, et de r\u00e9pondre \u00e0 ces\u2026","rel":"","context":"Dans &quot;Histoire de la Congr\u00e9gation de la Mission&quot;","block_context":{"text":"Histoire de la Congr\u00e9gation de la Mission","link":"https:\/\/vincentians.com\/fr\/category\/histoire-de-la-congregation-de-la-mission\/"},"img":{"alt_text":"","src":"https:\/\/i0.wp.com\/vincentians.com\/fr\/wp-content\/uploads\/sites\/10\/2016\/07\/histoire-generale-de-la-congregation-de-la-mission.jpg?fit=1200%2C630&ssl=1&resize=350%2C200","width":350,"height":200,"srcset":"https:\/\/i0.wp.com\/vincentians.com\/fr\/wp-content\/uploads\/sites\/10\/2016\/07\/histoire-generale-de-la-congregation-de-la-mission.jpg?fit=1200%2C630&ssl=1&resize=350%2C200 1x, https:\/\/i0.wp.com\/vincentians.com\/fr\/wp-content\/uploads\/sites\/10\/2016\/07\/histoire-generale-de-la-congregation-de-la-mission.jpg?fit=1200%2C630&ssl=1&resize=525%2C300 1.5x, https:\/\/i0.wp.com\/vincentians.com\/fr\/wp-content\/uploads\/sites\/10\/2016\/07\/histoire-generale-de-la-congregation-de-la-mission.jpg?fit=1200%2C630&ssl=1&resize=700%2C400 2x, https:\/\/i0.wp.com\/vincentians.com\/fr\/wp-content\/uploads\/sites\/10\/2016\/07\/histoire-generale-de-la-congregation-de-la-mission.jpg?fit=1200%2C630&ssl=1&resize=1050%2C600 3x"},"classes":[]},{"id":108239,"url":"https:\/\/vincentians.com\/fr\/histoire-generale-de-la-congregation-de-la-mission-55\/","url_meta":{"origin":107985,"position":5},"title":"Histoire g\u00e9n\u00e9rale de la Congr\u00e9gation de la Mission (55)","author":"Francisco Javier Fern\u00e1ndez Chento","date":"21\/02\/2014","format":false,"excerpt":"LV. Nouveaux \u00e9tablissem[en]ts de la Compagnie Quelque court qu\u2019ait \u00e9t\u00e9 ce g\u00e9n\u00e9ralat, on ne laissa pas d\u2019y voir de nouvelles maisons de la Congr\u00e9gation, \u00e9tablies en France et dans les pays \u00e9trangers. En France, on envoya des Missionnaires \u00e0 Fontenay-le-Comte dans le bas Poitou, et \u00e0 Vannes, en Bretagne. Il\u2026","rel":"","context":"Dans &quot;Histoire de la Congr\u00e9gation de la Mission&quot;","block_context":{"text":"Histoire de la Congr\u00e9gation de la Mission","link":"https:\/\/vincentians.com\/fr\/category\/histoire-de-la-congregation-de-la-mission\/"},"img":{"alt_text":"","src":"https:\/\/i0.wp.com\/vincentians.com\/fr\/wp-content\/uploads\/sites\/10\/2016\/07\/histoire-generale-de-la-congregation-de-la-mission.jpg?fit=1200%2C630&ssl=1&resize=350%2C200","width":350,"height":200,"srcset":"https:\/\/i0.wp.com\/vincentians.com\/fr\/wp-content\/uploads\/sites\/10\/2016\/07\/histoire-generale-de-la-congregation-de-la-mission.jpg?fit=1200%2C630&ssl=1&resize=350%2C200 1x, https:\/\/i0.wp.com\/vincentians.com\/fr\/wp-content\/uploads\/sites\/10\/2016\/07\/histoire-generale-de-la-congregation-de-la-mission.jpg?fit=1200%2C630&ssl=1&resize=525%2C300 1.5x, https:\/\/i0.wp.com\/vincentians.com\/fr\/wp-content\/uploads\/sites\/10\/2016\/07\/histoire-generale-de-la-congregation-de-la-mission.jpg?fit=1200%2C630&ssl=1&resize=700%2C400 2x, https:\/\/i0.wp.com\/vincentians.com\/fr\/wp-content\/uploads\/sites\/10\/2016\/07\/histoire-generale-de-la-congregation-de-la-mission.jpg?fit=1200%2C630&ssl=1&resize=1050%2C600 3x"},"classes":[]}],"_links":{"self":[{"href":"https:\/\/vincentians.com\/fr\/wp-json\/wp\/v2\/posts\/107985","targetHints":{"allow":["GET"]}}],"collection":[{"href":"https:\/\/vincentians.com\/fr\/wp-json\/wp\/v2\/posts"}],"about":[{"href":"https:\/\/vincentians.com\/fr\/wp-json\/wp\/v2\/types\/post"}],"author":[{"embeddable":true,"href":"https:\/\/vincentians.com\/fr\/wp-json\/wp\/v2\/users\/4"}],"replies":[{"embeddable":true,"href":"https:\/\/vincentians.com\/fr\/wp-json\/wp\/v2\/comments?post=107985"}],"version-history":[{"count":0,"href":"https:\/\/vincentians.com\/fr\/wp-json\/wp\/v2\/posts\/107985\/revisions"}],"wp:featuredmedia":[{"embeddable":true,"href":"https:\/\/vincentians.com\/fr\/wp-json\/wp\/v2\/media\/189808"}],"wp:attachment":[{"href":"https:\/\/vincentians.com\/fr\/wp-json\/wp\/v2\/media?parent=107985"}],"wp:term":[{"taxonomy":"category","embeddable":true,"href":"https:\/\/vincentians.com\/fr\/wp-json\/wp\/v2\/categories?post=107985"},{"taxonomy":"post_tag","embeddable":true,"href":"https:\/\/vincentians.com\/fr\/wp-json\/wp\/v2\/tags?post=107985"}],"curies":[{"name":"wp","href":"https:\/\/api.w.org\/{rel}","templated":true}]}}