{"id":107933,"date":"2014-12-12T21:06:53","date_gmt":"2014-12-12T20:06:53","guid":{"rendered":"http:\/\/vincentiens.org\/?p=107933"},"modified":"2014-12-12T21:06:53","modified_gmt":"2014-12-12T20:06:53","slug":"frederic-ozanam-lhomme-et-loeuvre-chapitre-4","status":"publish","type":"post","link":"https:\/\/vincentians.com\/fr\/frederic-ozanam-lhomme-et-loeuvre-chapitre-4\/","title":{"rendered":"Fr\u00e9d\u00e9ric Ozanam, l\u2019homme et l\u2019\u0153uvre (Chapitre 4)"},"content":{"rendered":"<h2>Chapitre IV: Les id\u00e9es politiques<\/h2>\n<p><a href=\"https:\/\/i0.wp.com\/vincentiens.org\/wp-content\/uploads\/2014\/12\/Ozanam01.jpg\"><img data-recalc-dims=\"1\" loading=\"lazy\" decoding=\"async\" class=\"alignright size-medium wp-image-132766\" src=\"https:\/\/i0.wp.com\/vincentiens.org\/wp-content\/uploads\/2014\/12\/Ozanam01-254x300.jpg?resize=254%2C300\" alt=\"Ozanam01\" width=\"254\" height=\"300\" \/><\/a>C\u2019est au moment o\u00f9 tout semblait r\u00e9ussir \u00e0 Ozanam, m\u00eame au del\u00e0 de tous ses v\u0153ux, alors qu\u2019il se prodiguait partout o\u00f9 la cause catholique semblait le r\u00e9clamer, que l\u2019heure du sacrifice commen\u00e7a \u00e0 sonner pour lui.<\/p>\n<p>Au mois de juillet 1846, \u00e9tant all\u00e9 respirer pendant quelques semaines l\u2019air des bois de Mcudon, il fut atteint d\u2019une fi\u00e8vre pernicieuse qui mit un instant ses jours en danger. Epuis\u00e9 par un travail excessif et incessant, il offrait une proie facile \u00e0 la maladie. La convalescence fut tr\u00e8s longue ; sa sant\u00e9 avait re\u00e7u un coup fatal dont elle ne se releva jamais compl\u00e8tement.<\/p>\n<p>A la rentr\u00e9e des Facult\u00e9s, Ozanam se trouvait dans l&rsquo;impossibilit\u00e9 de reprendre son cours, et les m\u00e9decins d\u00e9clar\u00e8rent qu\u2019un repos complet d\u2019une ann\u00e9e restait la seule chance de salut. Mais comment obtenir de son activit\u00e9 une ann\u00e9e con\u00adsacr\u00e9e compl\u00e8tement au repos ?<\/p>\n<p>M. de Salvandy, alors ministre de l\u2019Instruc\u00adtion publique, instruit de la situation, chargea Ozanam d\u2019une mission litt\u00e9raire en Italie. C\u2019\u00e9tait le seul moyen de l\u2019arracher \u00e0 ses travaux sans nombre ; mais on craignait, non sans raison, que ce ne f\u00fbt pour lui qu\u2019un changement de fatigue.<\/p>\n<p>Ozanam partit avec sa femme \u00e0 la fin de no\u00advembre 1846. Apr\u00e8s une excursion dans le midi de la France, ils gagn\u00e8rent \u00e0 petites journ\u00e9es G\u00eanes, puis Florence, se dirigeant sur Rome o\u00f9 ils devaient passer tout l\u2019hiver. A Florence, ils s\u2019arr\u00eat\u00e8rent quelque temps : Ozanam voulait ren\u00addre visite \u00e0 quelques membres de sa famille, qui habitaient encore cette ville, mais surtout il d\u00e9si\u00adrait y travailler et y entreprendre quelques re\u00adcherches dans les biblioth\u00e8ques. Il se m\u00e9nagea si peu qu\u2019\u00e0 son arriv\u00e9e \u00e0 Rome il fut pris d\u2019un ma\u00adlaise nerveux qui heureusement, sous l\u2019influence bienfaisante du climat, disparut rapidement. De ce voyage en Italie nous poss\u00e9dons des notes et de nombreuses lettres qui constituent un v\u00e9ri\u00adtable journal.<\/p>\n<p>C\u2019est encore le m\u00eame enthousiasme \u00e0 la vue de Rome, la m\u00eame ivresse devant les chefs-d\u2019\u0153uvre connus, les monuments pr\u00e9f\u00e9r\u00e9s.<\/p>\n<p>A Rome, il continua ses travaux : ce fut l\u00e0 qu\u2019il mit la derni\u00e8re main \u00e0 la pr\u00e9face de son livre sur les Germains, qu\u2019il \u00e9crivit son Rapport sur les \u00e9coles en Italie au temps des barbares, et qu\u2019il recueillit les documents in\u00e9dits pour servir \u00e0 l\u2019histoire litt\u00e9raire de l\u2019Italie, du huiti\u00e8me au treizi\u00e8me si\u00e8cle.<\/p>\n<p>Aussit\u00f4t apr\u00e8s les f\u00eates de P\u00e2ques, il partit seul pour se livrer \u00e0 quelques recherches dans la c\u00e9l\u00e8bre biblioth\u00e8que des moines du Mont-Cassin. Il en revint fatigu\u00e9 et d\u00e9sappoint\u00e9 : oc Dans un lieu qu\u2019on s\u2019attend \u00e0 trouver tout rempli de souvenirs de l\u2019antiquit\u00e9 chr\u00e9tienne, on ne voit qu\u2019une \u00e9glise du dix-huiti\u00e8me si\u00e8cle, riche en marbres, en dorures, mais sans un tableau, sans une statue de prix. \u00bb<\/p>\n<p>Le 21 avril de cette ann\u00e9e 1847, Rome c\u00e9l\u00e9bra l\u2019an 2600 de sa fondation ; le peuple f\u00eata cet anniversaire par un grand banquet donn\u00e9 pr\u00e8s des thermes de Titus, pr\u00e9texte \u00e0 harangues et \u00e0 discours. Il en fut prononc\u00e9 plusieurs, entre autres par le c\u00e9l\u00e8bre professeur Orioli et le gendre de Manzoni, le marquis d\u2019Azeglio. Le lendemain de cet anniversaire r\u00e9servait une surprise. Le Pape, par une circulaire du cardinal Gizzi, ordonna que chaque province envoy\u00e2t les noms de trois no\u00adtables parmi lesquels le gouvernement en choi\u00adsirait un qui repr\u00e9senterait sa province \u00e0 Rome d\u2019une mani\u00e8re permanente et qui pourrait donner toutes les informations n\u00e9cessaires \u00e0 une r\u00e9forme des institutions municipales. L\u2019enthousiasme sus\u00adcit\u00e9 par cette ordonnance fut indescriptible. Sans mot d\u2019ordre, le peuple se porta en masse sur la place del Popolo pour se rendre de l\u00e0 en cort\u00e8ge \u00e0 la place de Monte-Cavallo. L\u00e0, du haut de son balcon, Pie IX donna sa b\u00e9n\u00e9diction au milieu des acclamations et des ovations de la ville enti\u00e8re.<\/p>\n<p>Ozanam fut vivement frapp\u00e9 de cette manifes\u00adtation spontan\u00e9e. Il applaudissait d\u2019autant plus \u00e0 la conduite du Souverain Pontife qu\u2019il y voyait un acheminement \u00e0 la r\u00e9alisation de son id\u00e9al, de son credo politique. Il quitta la place du Quirinal avec les derniers groupes du peuple, \u00e0 travers les rues calmes et solitaires de Rome endormie. Quelques jours apr\u00e8s, \u00e9crivant \u00e0 ses fr\u00e8res le r\u00e9cit de ce qu\u2019il venait de voir, il terminait ainsi sa lettre : \u00ab Ces Romains \u00e9taient all\u00e9s dormir comme d\u2019honn\u00eates enfants qui, avant de dormir, avaient voulu dire bonsoir \u00e0 leur p\u00e8re. \u00bb Ozanam dit, quelque part, qu\u2019il ne s\u2019est jamais senti un homme politique. Il le prouva dans cette cir\u00adconstance : l\u00e0 o\u00f9 il ne crut voir que respect et amour, il ne sut pas distinguer les sympt\u00f4mes alarmants d\u2019une r\u00e9volution qui se pr\u00e9parait.<\/p>\n<p>A leur d\u00e9part de Rome, Ozanam et sa femme travers\u00e8rent l\u2019Ombrie, s\u2019arr\u00eatant \u00e0 Sienne et \u00e0 Assise.<\/p>\n<p>\u00ab Il semble, \u00e9crit-il, qu\u2019il ait suffi d\u2019ensevelir un saint quelque part pour que tous les arts vins\u00adsent fleurir alentour. \u00bb Mais de tous les sanc\u00adtuaires qu\u2019il visita, aucun ne devait lui procurer une impression plus profonde que la triple \u00e9glise d\u2019Assise. \u00ab C\u2019est une fid\u00e8le image du Saint qu\u2019on y honore ; c\u2019est pauvre et beau. \u00abAvec attendris\u00adsement il parcourut les sentiers de la colline o\u00f9 il lui sembla retrouver les traces des pas de saint Fran\u00e7ois : son amour pour les pauvres l\u2019attirait vers ce mod\u00e8le de la pauvret\u00e9 et de la charit\u00e9 \u00e9vang\u00e9lique. A ce s\u00e9jour \u00e0 Assise, nous devons rattacher ce volume charmant o\u00f9, apr\u00e8s avoir \u00e9tudi\u00e9 les d\u00e9buts de la po\u00e9sie populaire en Italie, il s\u2019arr\u00eate avec complaisance sur saint Fran\u00e7ois et ses disciples, ces <em>po\u00e8tes franciscains<\/em> de l\u2019Italie du XIII<sup>e<\/sup> si\u00e8cle chez qui tout est charme et amour Les voyageurs arriv\u00e8rent \u00e0 Venise vers la fin de mai. Ils y pass\u00e8rent dix jours, qu\u2019Ozanam v\u00e9cut au milieu d\u2019un r\u00eave : \u00ab Le jour est venu . dix fois je l\u2019ai vu se lever sur Venise, et dix fois j\u2019ai trouv\u00e9 que mon r\u00eave n\u2019\u00e9tait pas \u00e9vanoui. Venise m\u2019a tenu bien plus que je ne m\u2019en \u00e9tais promis.\u00a0\u00bb Aucune \u00e9glise d\u2019Italie ne lui sembla comparable \u00e0 Saint-Marc.<\/p>\n<p>Le temps s\u2019\u00e9coulait, et il fallait songer au retour. Apr\u00e8s avoir travers\u00e9 la Suisse, remont\u00e9 le Rhin et parcouru rapidement la Belgique, ils rentr\u00e8rent en France.<\/p>\n<p>La sant\u00e9 d\u2019Ozanam semblait r\u00e9tablie, et il \u00e9tait impatient \u00e0 l\u2019id\u00e9e de recommencer son cours, les vacances termin\u00e9es.<\/p>\n<p>Il le fit avec un redoublement de z\u00e8le comme pour compenser l&rsquo;ann\u00e9e de repos qu\u2019il avait d\u00fb prendre. Tout en s\u2019occupant de son enseignement et de la publication prochaine de son ouvrage sur la civilisation chr\u00e9tienne chez les Francs, il suivait avec anxi\u00e9t\u00e9 les \u00e9v\u00e9nements qui se pr\u00e9ci\u00adpitaient.<\/p>\n<p>Ce fut pour lui l\u2019occasion de prononcer un discours au cercle catholique, discours reproduit plus tard dans le Correspondant, sur les dangers de Rome et ses esp\u00e9rances. Ce discours n\u2019\u00e9tait pas fait pour flatter son auditoire : les plaintes qu\u2019il souleva le prouv\u00e8rent abondamment; mais Ozanam crut ainsi remplir un v\u00e9ritable devoir, persuad\u00e9 que nombre de ses amis faisaient fausse route. D\u2019un c\u00f4t\u00e9, il d\u00e9sapprouvait hautement la politique intransigeante et violente de certaines feuilles catholiques ; de l\u2019autre, il cherchait \u00e0 secouer le d\u00e9couragement d\u2019un autre parti dont la politique impopulaire trouvait alors un certain \u00e9cho dans le Correspondant.<\/p>\n<p>Ce discours \u00e9tait une apologie de la r\u00e9forme pacifique accomplie par le lib\u00e9ral Pic IX. Il se terminait par un mot qui souleva une campagne de presse, de v\u00e9ritables cris d\u2019indignation de la part de quelques-uns : \u00ab Passons aux barbares ! Suivons Pie IX1 \u00ae C\u2019\u00e9tait une v\u00e9ritable profession de foi politique. Ozanam voulait dire par l\u00e0 qu\u2019il se pr\u00e9parait \u00e0 suivre le Souverain Pontife dans la nouvelle oie qu\u2019il s\u2019\u00e9tait trac\u00e9e par scs r\u00e9centes r\u00e9formes. Pie IX s\u2019\u00e9tait mis \u00e0 la t\u00eate du mou\u00advement lib\u00e9ral qui embrassait 1 Europe enti\u00e8re, et Ozanam engageait les catholiques \u00e0 suivre ce mouvement en se joignant aux barbares, c\u2019est- \u00e0-dire \u00ab en abandonnant le camp des monarques et des hommes d\u2019Etat pour aller au peuple et l\u2019entra\u00eener vers l\u2019\u00c9glise. \u00bb Il r\u00eavait ainsi d\u2019une r\u00e9publique id\u00e9\u00ee \u2019e o\u00f9 chacun jouirait de toute la libert\u00e9 possible, assur\u00e9e par l\u2019\u00c9glise.<\/p>\n<p>Appartenant au parti que M. Lenormant appe\u00adlait le parti de la confiance, il s&rsquo;\u00e9tait laiss\u00e9 abuser par cette conspiration des ovations faites \u00e0 Pie IX pendant son s\u00e9jour \u00e0 Rome et qui l\u2019avait si pro\u00adfond\u00e9ment touch\u00e9. A c\u00f4t\u00e9 de la saine philosophie, du grand jugement qu\u2019on rel\u00e8ve dans les actes comme dans les \u0153uvres d\u2019Ozanam, trouvaient place un fond d\u2019utopie et des illusions dans les\u00adquelles il gardait une croyance enti\u00e8re. Il avait foi dans l\u2019avenir de la d\u00e9mocratie, qui lui appa\u00adraissait comme une mar\u00e9e montante, qu\u2019aucune volont\u00e9 ne pouvait arr\u00eater. Mais dans cette future d\u00e9mocratie essentiellement libre, \u2014 car la libert\u00e9 que le monde catholique r\u00e9clamait \u00e9tait pour lui le droit primordial et imp\u00e9rieux, \u2014 l\u2019\u00e9l\u00e9ment de coh\u00e9sion indispensable dans un Etat serait la religion. L\u2019Eglise ainsi donnerait \u00e0 la soci\u00e9t\u00e9 le pouvoir de se gouverner elle-m\u00eame et montrerait \u00e0 ses adversaires qu\u2019elle seule pourrait donner et sauvegarder la libert\u00e9.<\/p>\n<p>Ces th\u00e9ories expliquent l\u2019enthousiasme qui le saisit \u00e0 la proclamation de la Consulta par le Souverain Pontife. N\u2019\u00e9tait-ce pas l\u00e0 le premier pas fait vers l\u2019accomplissement de son id\u00e9al : l\u2019Eglise donnant la libert\u00e9 au peuple, qui, d\u00e9sor\u00admais christianis\u00e9, se gouvernera sans r\u00e9volutions avec s\u00e9curit\u00e9 et stabilit\u00e9 ? Ce r\u00e8gne de justice et de libert\u00e9 lui paraissait d\u2019autant plus possible que pour lui l\u2019humanit\u00e9 en g\u00e9n\u00e9ral, les Fran\u00e7ais en particulier, \u00e9taient facilement gouvernables. Il ne croyait pas \u00e0 l\u2019erreur volontaire, \u00e0 la haine ; pour lui, il n\u2019y avait que des \u00e9gar\u00e9s et des tromp\u00e9s, qui, une fois la v\u00e9rit\u00e9 connue, ne demandaient qu\u2019\u00e0 revenir au bien. Derri\u00e8re les barricades m\u00eame, il ne voyait que \u00ab des pauvres diables abus\u00e9s, mais qui sont chr\u00e9tiens de c\u0153ur et pr\u00eats \u00e0 se rendre devant une parole de bont\u00e9 \u00bb. Cette parole de bont\u00e9 et de v\u00e9rit\u00e9, l&rsquo;Eglise se chargeait de la leur donner. Constatons, pour la seconde fois, combien Ozanam disait vrai quand il se trouvait l\u2019homme le moins politique du monde : chez lui la a perfection th\u00e9orique de son id\u00e9al \u00bb lui faisait oublier les moyens pratiques d\u2019y arri\u00adver, les passions, la nature humaine elle-m\u00eame. Il r\u00eavait, comme tant d\u2019autres, d\u2019une r\u00e9publique id\u00e9alis\u00e9e dont l\u2019\u00e9l\u00e9ment religieux, apr\u00e8s avoir r\u00e9form\u00e9 le peuple, formerait le centre et l\u2019union. Noble pens\u00e9e, mais profonde utopie !<\/p>\n<p>Il \u00e9tait convaincu que la force d\u2019un peuple \u00e9tait en raison de la libert\u00e9 qu\u2019on pouvait lui donner sans porter pr\u00e9judice pour l\u2019ordre \u00e9tabli. Nouvelles raisons de son enthousiasme pour \u00ab cette r\u00e9volution de fleurs et de po\u00e9sie \u00bb dont il avait \u00e9t\u00e9 \u00e0Rome le spectateur ravi. \u00ab Ne m\u00e9prisons pas ces populations qui marchent vers la libert\u00e9 \u00e0 travers des rues enguirland\u00e9es de fleurs et orn\u00e9es de drapeaux, s\u2019\u00e9crie-t-il&#8230; Ne levons point les \u00e9paules comme les hommes qui ne croient qu\u2019\u00e0 la puissance de l\u2019\u00e9p\u00e9e. Nous pou\u00advons attendre de grandes choses d\u2019un peuple qui charme ainsi les premi\u00e8res heures de son \u00e9man\u00adcipation ; qui se contente de peu ; qui n\u2019est ni blas\u00e9, ni fatigu\u00e9 de la vie, parmi lequel on ne s\u2019as- sassine pas par vanit\u00e9 ou par paresse; un peuple qui a peu d\u2019exp\u00e9rience, mais beaucoup d\u2019enthou\u00adsiasme, et qui s\u2019en tient fermement \u00e0 la foi, qui est le vrai principe de l\u2019ordre, et \u00e0 l\u2019amour, le vrai principe de la libert\u00e9. \u00bb<\/p>\n<p>La libert\u00e9 lui apparaissait un bien tellement sup\u00e9rieur qu\u2019il regardait comme de nobles aspi\u00adrations tous ces grands mouvements r\u00e9volution\u00adnaires qui travers\u00e8rent l\u2019histoire du monde; et pour lui l\u2019histoire devait se r\u00e9sumer dans la marche de l\u2019humanit\u00e9, conduite par le christia\u00adnisme vers cette libert\u00e9, but supr\u00eame.<\/p>\n<p>Jamais il ne devait abandonner cet id\u00e9al qu\u2019il s\u2019\u00e9tait forg\u00e9.<\/p>\n<p>Ces th\u00e9ories, cinquante ans d&rsquo;histoire con\u00adtemporaine nous les font juger s\u00e9v\u00e8rement. Le tort d\u2019Ozanam fut de g\u00e9n\u00e9raliser outre mesure dans un ordre d\u2019id\u00e9e qui ne supporte gu\u00e8re la g\u00e9n\u00e9ralisation : l\u2019histoire politique du monde. Il vivait dans le pass\u00e9, dans le moyen \u00e2ge, et l\u00e0 il avait puis\u00e9 s.cs id\u00e9es d\u00e9mocratiques. Il a cru retrouver chez ses contemporains de 1843 l\u2019\u00e2me des peuples d\u2019autrefois, leur respect de l\u2019auto\u00adrit\u00e9, leur foi dans leurs chefs ; il confondait la r\u00e9publique d\u2019alors avec les r\u00e9publiques du moyen \u00e2ge, sans penser que dans ces derni\u00e8res l\u2019\u00e9l\u00e9ment aristocratique dirigeait le gouvernement. Il gardait enfin dans l\u2019humanit\u00e9 une confiance aveugle et d\u00e9cevante.<\/p>\n<p>Si les th\u00e9oriespolitiques d\u2019Ozanam nous parais\u00adsent sujettes \u00e0 caution et ne lui permirent jamais de devenir \u00ab un des hommes de la situation \u00bb ; nous devons cependant remarquer la clart\u00e9 avec laquelle il sut comprendre, se distinguant en cela de plusieurs personnalit\u00e9s de son parti, que la question sociale, bien plus que la question poli\u00adtique, devait alors fixer l\u2019attention.<\/p>\n<p>D\u00e8s 1836, il \u00e9crivait \u00e0 un ami : \u00ab Si la ques\u00adtion qui agite aujourd&rsquo;hui le monde autour de nous n\u2019est ni une question de personnes ni une question de formes politiques, mais une question sociale ; si c\u2019est la lutte de ceux qui n\u2019ont rien et de ceux qui ont trop ; si c\u2019est le choc violent de l\u2019opulence et de la pauvret\u00e9 qui fait trembler le sol sous nos pas, notre devoir, \u00e0 nous chr\u00e9tiens, est de nous interposer entre ces ennemis irr\u00e9\u00adconciliables, et de faire que les uns se d\u00e9pouillent comme pour l\u2019accomplissement d\u2019une loi, et que les autres re\u00e7oivent comme un bienfait ; que les uns cessent d\u2019exiger et les autres de refu\u00adser; que. l\u2019\u00e9galit\u00e9 s&rsquo;op\u00e8re autant que possible parmi les hommes ; que la communaut\u00e9 volon\u00adtaire remplace l\u2019imp\u00f4t et l\u2019emprunt forc\u00e9s ; que la charit\u00e9 fasse ce que la justice seule ne saurait faire. \u00bb Ne trouvons-nous pas dans ces quel\u00adques lignes le plan que se propos\u00e8rent, soixante ans plus tard, certains hommes politiques catho\u00adliques ?<\/p>\n<p>Lorsque la r\u00e9volution de 18-18 vint \u00e0 \u00e9clater, r\u00e9volution que, dans sa sagacit\u00e9, il avait entre\u00advue, il r\u00e9p\u00e9tait ce qu&rsquo;il avait d\u00e9j\u00e0 dit n\u2019\u00e9tant encore que simple \u00e9tudiant : &lt;\u00a3 C\u2019est une ques\u00adtion sociale ; christianisez le peuple, et vous mettrez fin aux r\u00e9volutions. \u00bb<\/p>\n<p>La r\u00e9volution \u00e9clatait le 24 f\u00e9vrier ; elle trouva Ozanam calme, les yeux toujours fix\u00e9s avec confiance sur ce qu\u2019il croyait l\u2019avenir. Il rev\u00eatit son uniforme de garde national, pr\u00eat \u00e0 remplir son devoir. Mais l\u00e0 n\u2019\u00e9tait pas sa place : il le sen\u00adtait bien quand il \u00e9crivait, quelques jours plus tard, \u00e0 M. Foisset une longue lettre, o\u00f9 se trouvent exprim\u00e9s tous les sentiments qui devant les \u00e9v\u00e9\u00adnements remplissaient son c\u0153ur : \u00ab Jamais je n\u2019ai mieux senti ma faiblesse et mon incomp\u00e9tence. Je suis moins pr\u00e9par\u00e9 que tout autre aux ques\u00adtions qui vont occuper les esprits, je veux dire \u00e0 ces questions de travail, de salaire, d\u2019industrie, d\u2019economie, plus consid\u00e9rables que toutes les controverses politiques. L\u2019histoire m\u00eame des r\u00e9\u00advolutions modernes m\u2019est\u00e0peupr\u00e9s \u00e9trang\u00e8re. Je m\u2019\u00e9tais renferm\u00e9 avec une sorte de pr\u00e9dilection dans ce moyen \u00e2ge que j\u2019\u00e9tudiais passionn\u00e9ment; et c\u2019est l\u00e0 que je crois avoir trouv\u00e9 le peu de lu\u00admi\u00e8re qui me reste, dans l\u2019obscurit\u00e9 des circon\u00adstances pr\u00e9sentes. Je ne suispashomme d\u2019action; je ne suis n\u00e9 ni pour la tribune, ni pour la place publique. Si je puis quelque chose, et bien peu de chose, c\u2019est dans ma chaire ; c\u2019est peut-\u00eatre dans le recueillement d\u2019une biblioth\u00e8que, c\u2019est tout au plus de tirer de la philosophie chr\u00e9tienne de l\u2019histoire des temps chr\u00e9tiens, une suite d\u2019i\u00add\u00e9es que je puisse proposer aux jeunes gens, aux esprits troubl\u00e9s et incertains, pour les rassurer, les ranimer, les rallier, au milieu de la confusion du pr\u00e9sent et des incertitudes de l\u2019avenir. Je ne sais si je m\u2019abuse ; mais il me semble que ce plan de Dieu, dont nous apercevions les premi\u00e8res traces, se d\u00e9roule plus rapidement que nous n\u2019avions cru, que les \u00e9v\u00e9nements de Vienne ach\u00e8\u00advent d\u2019expliquer ceux de Paris et de Rome, et qu\u2019on entend d\u00e9j\u00e0 la voix qui dit : Ecce fucio c\u0153- los novos et terram novam. Depuis la chute de l\u2019Empire romain, le monde n\u2019a pas vu de r\u00e9volu\u00adtion pareille \u00e0 celle-ci. Je crois encore\u00e0 l\u2019invasion des Barbares, maisjusqu\u2019icij&rsquo;y voisplus de Francs et de Goths que de Huns et de Vandales. Enfin je crois \u00e0 l\u2019\u00e9mancipation des nationalit\u00e9s opprim\u00e9es et plus que jamais j\u2019admire la mission de Pie IX, suscit\u00e9e si \u00e0 propos pour l\u2019Italie et pour le monde. En un mot, je ne me dissimule ni les p\u00e9rils du temps, ni la duret\u00e9 des c\u0153urs ; je m\u2019attends \u00e0 voir beaucoup de mis\u00e8re, de d\u00e9sordre et peut-\u00eatre de pillages, une longue \u00e9clipse pour les lettres aux\u00adquelles j\u2019avais vou\u00e9 ma vie. Je crois que nous pouvons \u00eatre broy\u00e9s, mais que ce sera sous le char de triomphe du christianisme<span id='easy-footnote-1-107933' class='easy-footnote-margin-adjust'><\/span><span class='easy-footnote'><a href='https:\/\/vincentians.com\/fr\/frederic-ozanam-lhomme-et-loeuvre-chapitre-4\/#easy-footnote-bottom-1-107933' title='Lettre \u00e0 M. Foisset, 22 mars 1843.'><sup>1<\/sup><\/a><\/span>. \u00bb<\/p>\n<p>Dans cette longue et int\u00e9ressante lettre nous retrouvons toujours ce m\u00e9lange de jugement, de clairvoyance et d\u2019utopie que nous avons d\u00e9j\u00e0 constat\u00e9 chaque fois qu\u2019Ozanam parle d\u2019avenir et de politique.<\/p>\n<p>C\u2019est dans cette persuasion que la d\u00e9mocratie chr\u00e9tienne \u00e9tait le terme naturel du progr\u00e8s poli\u00adtique, et que Dieu y menait le monde, qu\u2019Ozanam devint un des plus ardents fondateurs d\u2019un jour\u00adnal dont le titre significatif r\u00e9sumait le but pour\u00adsuivi : l&rsquo;Ere nouvelle. Les prospectus de ce nouvel organe chr\u00e9tien parurent le 1<sup>er<\/sup> mars, et le pre\u00admier num\u00e9ro fut distribu\u00e9 le 15 avril suivant. La tentative \u00e9tait encourag\u00e9e par Mgr Affre, qui prit sous sa protection cette publication naissante. Lacordaire nous raconte qu\u2019un jour o\u00f9 il d\u00e9lib\u00e9\u00adrait avec lui-m\u00eame sur les mesures \u00e0 prendre devant les \u00e9v\u00e9nements, M. l&rsquo;abb\u00e9 Maret et Oza\u00adnam frapp\u00e8rent \u00e0 sa porte<span id='easy-footnote-2-107933' class='easy-footnote-margin-adjust'><\/span><span class='easy-footnote'><a href='https:\/\/vincentians.com\/fr\/frederic-ozanam-lhomme-et-loeuvre-chapitre-4\/#easy-footnote-bottom-2-107933' title='Le R. P. Chocarne, Lacordaire, t. II, p. 210.'><sup>2<\/sup><\/a><\/span>. \u00ab Ils venaient me dire, raconte-t-il, que le trouble et l\u2019incertitude r\u00e9gnaient parmi les catholiques ; que les points de ralliement disparaissaient dans une confusion qui pouvait devenir irr\u00e9m\u00e9diable, nous rendre hostile le r\u00e9gime nouveau, etnous \u00f4terles chances d\u2019obtenir de lui les libert\u00e9s que le gouvernement ant\u00e9rieur nous avait obstin\u00e9ment refus\u00e9es. La R\u00e9publique, ajoutaient-ils, est bien dispos\u00e9e pour nous ; nous n\u2019avons \u00e0 lui reprocher aucun des actes d\u2019irr\u00e9ligion et de barbarie qui ont signal\u00e9 la r\u00e9volution de 1830. Elle croit, elle esp\u00e8re en nous : faut-il la d\u00e9courager ? Que faire d\u2019ailleurs? Et \u00e0 quel autre parti se rattacher ? Qu\u2019y a-t-il devant nous, sinon des ruines ? Et qu\u2019est-ce que la R\u00e9publique, sinon le gouvernement naturel d\u2019une soci\u00e9t\u00e9 quand elle a perdu toutes ses ancres et toutes ses traditions?\u00bb Ozanam ajoutait \u00e0 ses pens\u00e9es d\u2019autres raisons de circonstance, d\u2019autres vues plus hautes et plus g\u00e9n\u00e9rales, puis\u00e9es dans l\u2019avenir de la soci\u00e9t\u00e9 europ\u00e9enne et dans l\u2019im\u00adpuissance o\u00f9 semblait la monarchie d\u2019y retrouver jamais des principes de solidit\u00e9. Lacordaire n\u2019al\u00adlait pas si loin qu\u2019Ozanam: il n\u2019acceptait la R\u00e9pu\u00adblique que comme une n\u00e9cessit\u00e9 du moment. La divergence \u00e9tait profonde, et ne permettait gu\u00e8re untravail commun. N\u00e9anmoins lep\u00e9rilpressait, et de cette entrevue naissait VEre nouvelle. Le nou\u00adveau journal fut pendant quelque temps extraor\u00addinairement r\u00e9pandu : il en fut vendu jusqu\u2019\u00e0 dix mille exemplaires dans les rues de Paris. Mais les r\u00e9dacteurs qui s&rsquo;\u00e9taient propos\u00e9 de se mettre au-dessus des partis, pour pouvoir amener plus facilement la pacification religieuse, s\u2019aper\u00e7urent bient\u00f4t qu\u2019ils n\u2019aboutissaient qu\u2019\u00e0 une lutte \u00e0 outrance. Les uns applaudissaient et cherchaient \u00e0 donner \u00e0 l \u00c8re nouvelle une teinte encore plus d\u00e9mocratique ; d\u2019autres se plaignaient de voir ce journal d\u00e9vou\u00e9 en tout \u00e0 la cause de la R\u00e9publique. Le P\u00e8re Lacordaire, devant ce r\u00e9sultat si peu pr\u00e9vu, se retira de la r\u00e9daction. Ozanam continua \u00e0 s\u2019y int\u00e9resser, bien qu\u2019en y collaborant de fa\u00e7on moins active. Le journal cessa de para\u00eetre au mois d\u2019avril de l\u2019ann\u00e9e suivante, et ce fut pour r\u00e9pondre aux insinuations malveillantes de cer\u00adtains qu&rsquo;Ozanam \u00e9crivait alors : \u00ab&#8230; Si je croyais pouvoir me tromper en politique, je ne craignais pas d\u2019errer en religion&#8230; La v\u00e9rit\u00e9 est que la divine Providence ne nous a pas encore livr\u00e9 le secret de cette formidable ann\u00e9e 1848, que les meilleurs esprits peuvent s\u2019y perdre, et que le parti le plus sage, entre chr\u00e9tiens, est de ne pas se ha\u00efr pour des raisons si controxersables. \u00bb<\/p>\n<p>Plusieurs des articles compos\u00e9s par Ozanam pour YEre nouvelle se retrouvent dans les \u0152u\u00advres compl\u00e8tes. Nous citerons seulement ceux sur le divorce, l\u2019aum\u00f4ne, les causes de la mis\u00e8re, les origines du socialisme.<\/p>\n<p>Le nom d\u2019Ozanam avait \u00e9t\u00e9 inscrit sur plu\u00adsieurs listes de candidats aux \u00e9lections \u00e0 l\u2019As\u00adsembl\u00e9e nationale. Il d\u00e9clina d\u2019abord avec force toute candidature ; il ne se sentait pas fait pour la vie parlementaire ; il ne voulait pas assumer la responsabilit\u00e9 qui s\u2019attache \u00e0 toute part prise dans le gouvernement. Il \u00e9tait dans ces dispo\u00adsitions quand il re\u00e7ut l\u2019offre d\u2019une candidature \u00e0 Lyon : on le conjurait d\u2019accepter avec une telle insistance qu\u2019il se laissa convaincre. Son nom cependant ne devait pas r\u00e9unir le nombre dcvoix n\u00e9cessaire.<\/p>\n<p>Lorsque l\u2019insurrection de Juin \u00e9clata, bien qu\u2019il e\u00fbt mille raisons de se soustraire au service de garde national, Ozanam tint \u00e0 le remplir ponc\u00adtuellement : \u00ab Ma conscience \u00e9tait en r\u00e8gle, \u00e9crivait-il \u00e0 son fr\u00e8re, et je n\u2019aurais pas recul\u00e9 devant le p\u00e9ril. Cependant je dois avouer que c\u2019est un terrible moment que celui o\u00f9 l\u2019on embrasse sa femme et son enfant, en pensant que c\u2019est peut-\u00eatre pour la derni\u00e8re fois. \u00bb<\/p>\n<p>Le dimanche 25 juin, il \u00e9tait de service en compagnie de MM. Cornudet et Bailly. Ils s\u2019en\u00adtretenaient de la prolongation de cette lutte sinis\u00adtre dont Paris \u00e9tait le th\u00e9\u00e2tre, lorsque l\u2019interven\u00adtion possible de l\u2019archev\u00eaque de Paris leur vint \u00e0 l\u2019esprit. Ils all\u00e8rent aussit\u00f4t trouver un des vicaires g\u00e9n\u00e9raux, M. l\u2019abb\u00e9 Buquet, qui leur donna une lettre pour p\u00e9n\u00e9trer \u00e0 l\u2019archev\u00each\u00e9. Mgr Affre, tr\u00e8s anxieux, apr\u00e8s avoir \u00e9cout\u00e9 le motil de leur visite, leur d\u00e9clara qu\u2019il \u00e9tait hant\u00e9 par la m\u00eame id\u00e9e, mais qu\u2019il doutait de pouvoir arriver jusqu\u2019aux insurg\u00e9s. Les trois amis r\u00e9pondirent \u00e0 toutes les objections en assurant \u00e0 l\u2019archev\u00eaque que partout il serait re\u00e7u avec v\u00e9n\u00e9ration. La d\u00e9cision de Mgr Affre \u00e9tait prise. A l\u2019instant o\u00f9 il s\u2019appr\u00eatait \u00e0 quitter l&rsquo;archev\u00each\u00e9, un pr\u00eatre entra, apportant les plus mauvaises nouvelles. Mais rien ne devait plus \u00e9branler sa r\u00e9solution. Il \u00e9tait pr\u00eat \u00e0 partir, lorsque ces messieurs insis\u00adt\u00e8rent pour qu\u2019il m\u00eet sa soutane violette. Docile, il la rev\u00eatit aussit\u00f4t et partit pour l\u2019Assembl\u00e9e nationale, afin de faire part de sa r\u00e9solution au g\u00e9n\u00e9ral Cavaignac. Le peuple ne d\u00e9mentit point les promesses d\u2019Ozanam et de ses amis : partout l\u2019archev\u00eaque fut l\u2019objet de marques de v\u00e9n\u00e9ra\u00adtion et de respect. Le g\u00e9n\u00e9ral Cavaignac re\u00e7ut larchev\u00eaque et lui remit une proclamation aux insurg\u00e9s et une promesse d\u2019amnistie s\u2019ils met\u00adtaient bas les armes. On sait le reste : Mgr Affre qui avait voulu que personne ne l\u2019accompagn\u00e2t, tomba victime de son d\u00e9vouement. Le sang du pasteur fut le dernier vers\u00e9. La nouvelle de cette mort glorieuse ne fut connue que le lendemain. Ozanam en fut douloureusement affect\u00e9 : \u00e0 ses regrets se m\u00ealaient des remords, et il ne pouvait se consoler de la part involontaire qu\u2019il avait eue dans cette catastrophe.<\/p>\n<p>Ces \u00e9v\u00e9nements auxquels il se trouvait m\u00eal\u00e9 ne r\u00e9ussirentpoint\u00e0 d\u00e9cevoir son id\u00e9al politique: loin d\u2019\u00eatre d\u00e9courag\u00e9,il restait fermement convaincu de la possibilit\u00e9 del\u00e0 d\u00e9mocratie chr\u00e9tienne. Ce fut \u00e0 ce moment,apr\u00e8s les terribles journ\u00e9es de Juin,que sa collaboration \u00e0 l\u2019j\u00c8re Nouvelle fut la plus active.<\/p>\n<p>Il y avait bien des ruines \u00e0 relever, bien des d\u00e9couragements \u00e0 consoler : il s\u2019y employa de toutes ses forces. Le 3 juillet il \u00e9crivait \u00e0 son fr\u00e8re que depuis dix jours il avait d\u00fb faire cinq articles. Il en \u00e9tait r\u00e9compens\u00e9 en constatant que plus de huit mille exemplaires avaient \u00e9t\u00e9 vendus dans une seule journ\u00e9e. Nous avons vu plus haut com\u00adbien devait \u00eatre courte la dur\u00e9e de ce journal. Son histoire r\u00e9sume bien d\u2019autres destin\u00e9es. N\u00e9 d\u2019un \u00e9lan de g\u00e9n\u00e9rosit\u00e9, de patriotisme et de foi, il ne disparut pas sous les coups d\u2019adversaires, sous la rancune d\u2019un gouvernement ; il fut consum\u00e9 par la mauvaise foi et par la discorde du parti qu&rsquo;il pr\u00e9tendait d\u00e9fendre.<\/p>\n","protected":false},"excerpt":{"rendered":"<p>Chapitre IV: Les id\u00e9es politiques C\u2019est au moment o\u00f9 tout semblait r\u00e9ussir \u00e0 Ozanam, m\u00eame au del\u00e0 de tous ses v\u0153ux, alors qu\u2019il se prodiguait partout o\u00f9 la cause catholique semblait le r\u00e9clamer, que l\u2019heure &#8230; <a href=\"https:\/\/vincentians.com\/fr\/frederic-ozanam-lhomme-et-loeuvre-chapitre-4\/\" class=\"more-link\">Read More<\/a><\/p>\n","protected":false},"author":4,"featured_media":132766,"comment_status":"open","ping_status":"open","sticky":false,"template":"","format":"standard","meta":{"jetpack_post_was_ever_published":false,"_jetpack_newsletter_access":"","_jetpack_dont_email_post_to_subs":false,"_jetpack_newsletter_tier_id":0,"_jetpack_memberships_contains_paywalled_content":false,"_jetpack_memberships_contains_paid_content":false,"footnotes":"","jetpack_publicize_message":"","jetpack_publicize_feature_enabled":true,"jetpack_social_post_already_shared":true,"jetpack_social_options":{"image_generator_settings":{"template":"highway","default_image_id":0,"font":"","enabled":false},"version":2}},"categories":[11],"tags":[],"class_list":["post-107933","post","type-post","status-publish","format-standard","has-post-thumbnail","hentry","category-frederic-ozanam"],"yoast_head":"<!-- This site is optimized with the Yoast SEO plugin v26.3 - https:\/\/yoast.com\/wordpress\/plugins\/seo\/ -->\n<title>Fr\u00e9d\u00e9ric Ozanam, l\u2019homme et l\u2019\u0153uvre (Chapitre 4) - Nous Sommes Vincentiens<\/title>\n<meta name=\"robots\" content=\"index, follow, max-snippet:-1, max-image-preview:large, max-video-preview:-1\" \/>\n<link rel=\"canonical\" href=\"https:\/\/vincentians.com\/fr\/frederic-ozanam-lhomme-et-loeuvre-chapitre-4\/\" \/>\n<meta property=\"og:locale\" content=\"fr_FR\" \/>\n<meta property=\"og:type\" content=\"article\" \/>\n<meta property=\"og:title\" content=\"Fr\u00e9d\u00e9ric Ozanam, l\u2019homme et l\u2019\u0153uvre (Chapitre 4) - Nous Sommes Vincentiens\" \/>\n<meta property=\"og:description\" content=\"Chapitre IV: Les id\u00e9es politiques C\u2019est au moment o\u00f9 tout semblait r\u00e9ussir \u00e0 Ozanam, m\u00eame au del\u00e0 de tous ses v\u0153ux, alors qu\u2019il se prodiguait partout o\u00f9 la cause catholique semblait le r\u00e9clamer, que l\u2019heure ... Read More\" \/>\n<meta property=\"og:url\" content=\"https:\/\/vincentians.com\/fr\/frederic-ozanam-lhomme-et-loeuvre-chapitre-4\/\" \/>\n<meta property=\"og:site_name\" content=\"Nous Sommes Vincentiens\" \/>\n<meta property=\"article:publisher\" content=\"https:\/\/www.facebook.com\/WeAreVincentians\/\" \/>\n<meta property=\"article:author\" content=\"https:\/\/www.facebook.com\/JavierChento\" \/>\n<meta property=\"article:published_time\" content=\"2014-12-12T20:06:53+00:00\" \/>\n<meta name=\"author\" content=\"Francisco Javier Fern\u00e1ndez Chento\" \/>\n<meta name=\"twitter:card\" content=\"summary_large_image\" \/>\n<meta name=\"twitter:creator\" content=\"@https:\/\/twitter.com\/javierchento\" \/>\n<meta name=\"twitter:site\" content=\"@WeVincentians\" \/>\n<meta name=\"twitter:label1\" content=\"\u00c9crit par\" \/>\n\t<meta name=\"twitter:data1\" content=\"Francisco Javier Fern\u00e1ndez Chento\" \/>\n\t<meta name=\"twitter:label2\" content=\"Dur\u00e9e de lecture estim\u00e9e\" \/>\n\t<meta name=\"twitter:data2\" content=\"22 minutes\" \/>\n<script type=\"application\/ld+json\" class=\"yoast-schema-graph\">{\"@context\":\"https:\/\/schema.org\",\"@graph\":[{\"@type\":\"WebPage\",\"@id\":\"https:\/\/vincentians.com\/fr\/frederic-ozanam-lhomme-et-loeuvre-chapitre-4\/\",\"url\":\"https:\/\/vincentians.com\/fr\/frederic-ozanam-lhomme-et-loeuvre-chapitre-4\/\",\"name\":\"Fr\u00e9d\u00e9ric Ozanam, l\u2019homme et l\u2019\u0153uvre (Chapitre 4) - Nous Sommes Vincentiens\",\"isPartOf\":{\"@id\":\"http:\/\/vincentians.com\/fr\/#website\"},\"primaryImageOfPage\":{\"@id\":\"https:\/\/vincentians.com\/fr\/frederic-ozanam-lhomme-et-loeuvre-chapitre-4\/#primaryimage\"},\"image\":{\"@id\":\"https:\/\/vincentians.com\/fr\/frederic-ozanam-lhomme-et-loeuvre-chapitre-4\/#primaryimage\"},\"thumbnailUrl\":\"\",\"datePublished\":\"2014-12-12T20:06:53+00:00\",\"author\":{\"@id\":\"http:\/\/vincentians.com\/fr\/#\/schema\/person\/9623ef4d9aa3b2dfb8c061f1499288f2\"},\"breadcrumb\":{\"@id\":\"https:\/\/vincentians.com\/fr\/frederic-ozanam-lhomme-et-loeuvre-chapitre-4\/#breadcrumb\"},\"inLanguage\":\"fr-FR\",\"potentialAction\":[{\"@type\":\"ReadAction\",\"target\":[\"https:\/\/vincentians.com\/fr\/frederic-ozanam-lhomme-et-loeuvre-chapitre-4\/\"]}]},{\"@type\":\"ImageObject\",\"inLanguage\":\"fr-FR\",\"@id\":\"https:\/\/vincentians.com\/fr\/frederic-ozanam-lhomme-et-loeuvre-chapitre-4\/#primaryimage\",\"url\":\"\",\"contentUrl\":\"\"},{\"@type\":\"BreadcrumbList\",\"@id\":\"https:\/\/vincentians.com\/fr\/frederic-ozanam-lhomme-et-loeuvre-chapitre-4\/#breadcrumb\",\"itemListElement\":[{\"@type\":\"ListItem\",\"position\":1,\"name\":\"Portada\",\"item\":\"http:\/\/vincentians.com\/fr\/\"},{\"@type\":\"ListItem\",\"position\":2,\"name\":\"Fr\u00e9d\u00e9ric Ozanam, l\u2019homme et l\u2019\u0153uvre (Chapitre 4)\"}]},{\"@type\":\"WebSite\",\"@id\":\"http:\/\/vincentians.com\/fr\/#website\",\"url\":\"http:\/\/vincentians.com\/fr\/\",\"name\":\"Nous Sommes Vincentiens\",\"description\":\"Know more to serve more\",\"potentialAction\":[{\"@type\":\"SearchAction\",\"target\":{\"@type\":\"EntryPoint\",\"urlTemplate\":\"http:\/\/vincentians.com\/fr\/?s={search_term_string}\"},\"query-input\":{\"@type\":\"PropertyValueSpecification\",\"valueRequired\":true,\"valueName\":\"search_term_string\"}}],\"inLanguage\":\"fr-FR\"},{\"@type\":\"Person\",\"@id\":\"http:\/\/vincentians.com\/fr\/#\/schema\/person\/9623ef4d9aa3b2dfb8c061f1499288f2\",\"name\":\"Francisco Javier Fern\u00e1ndez Chento\",\"image\":{\"@type\":\"ImageObject\",\"inLanguage\":\"fr-FR\",\"@id\":\"http:\/\/vincentians.com\/fr\/#\/schema\/person\/image\/\",\"url\":\"https:\/\/secure.gravatar.com\/avatar\/497d5cde87b4c3d097d0315953521681ba2cd523ee66e5077c3711f7021e65de?s=96&d=mm&r=g\",\"contentUrl\":\"https:\/\/secure.gravatar.com\/avatar\/497d5cde87b4c3d097d0315953521681ba2cd523ee66e5077c3711f7021e65de?s=96&d=mm&r=g\",\"caption\":\"Francisco Javier Fern\u00e1ndez Chento\"},\"description\":\"Director General y cofundador de La Red de Formaci\u00f3n Vicenciana. Javier es laico vicenciano, afiliado a la Congregaci\u00f3n de la Misi\u00f3n y miembro del Equipo de Misiones Populares de la provincia can\u00f3nica de Zaragoza (Espa\u00f1a) de la Congregaci\u00f3n de la Misi\u00f3n. Graduado en la Universidad Oberta de Catalunya con cuatro grados (Asistente de direcci\u00f3n, Gesti\u00f3n Administrativa, Recursos Humanos y Contabilidad Avanzada). Bil\u00edng\u00fce Espa\u00f1ol\/Ingl\u00e9s. gestiona y mantiene varias p\u00e1ginas web cristianas y vicencianas, incluida including La Red de Formaci\u00f3n Vicenciana, de la que es cofundador. Actualmente es responsable del \u00e1rea de Espa\u00f1ol de .famvin, la Red de Noticias de la Familia Vicenciana. Tambi\u00e9n es m\u00fasico cat\u00f3lico y ha editado varios discos. Es Director General y cofundador de Trovador, una reconocida compa\u00f1\u00eda discogr\u00e1fica critiana de Espa\u00f1a. Trabaja en las Tecnolog\u00edas de la Informaci\u00f3n, ofreciendo servicios de alojamiento, dise\u00f1o y mantenimiento Web, as\u00ed como asesoramiento, formaci\u00f3n y soluciones inform\u00e1ticas, gesti\u00f3n documental y digitalizaci\u00f3n de textos, edici\u00f3n y maquetaci\u00f3n de libros, revistas, flyers, etc.\",\"sameAs\":[\"http:\/\/chento.org\",\"https:\/\/www.facebook.com\/JavierChento\",\"https:\/\/x.com\/https:\/\/twitter.com\/javierchento\"],\"url\":\"https:\/\/vincentians.com\/fr\/author\/chento\/\"}]}<\/script>\n<!-- \/ Yoast SEO plugin. -->","yoast_head_json":{"title":"Fr\u00e9d\u00e9ric Ozanam, l\u2019homme et l\u2019\u0153uvre (Chapitre 4) - Nous Sommes Vincentiens","robots":{"index":"index","follow":"follow","max-snippet":"max-snippet:-1","max-image-preview":"max-image-preview:large","max-video-preview":"max-video-preview:-1"},"canonical":"https:\/\/vincentians.com\/fr\/frederic-ozanam-lhomme-et-loeuvre-chapitre-4\/","og_locale":"fr_FR","og_type":"article","og_title":"Fr\u00e9d\u00e9ric Ozanam, l\u2019homme et l\u2019\u0153uvre (Chapitre 4) - Nous Sommes Vincentiens","og_description":"Chapitre IV: Les id\u00e9es politiques C\u2019est au moment o\u00f9 tout semblait r\u00e9ussir \u00e0 Ozanam, m\u00eame au del\u00e0 de tous ses v\u0153ux, alors qu\u2019il se prodiguait partout o\u00f9 la cause catholique semblait le r\u00e9clamer, que l\u2019heure ... Read More","og_url":"https:\/\/vincentians.com\/fr\/frederic-ozanam-lhomme-et-loeuvre-chapitre-4\/","og_site_name":"Nous Sommes Vincentiens","article_publisher":"https:\/\/www.facebook.com\/WeAreVincentians\/","article_author":"https:\/\/www.facebook.com\/JavierChento","article_published_time":"2014-12-12T20:06:53+00:00","author":"Francisco Javier Fern\u00e1ndez Chento","twitter_card":"summary_large_image","twitter_creator":"@https:\/\/twitter.com\/javierchento","twitter_site":"@WeVincentians","twitter_misc":{"\u00c9crit par":"Francisco Javier Fern\u00e1ndez Chento","Dur\u00e9e de lecture estim\u00e9e":"22 minutes"},"schema":{"@context":"https:\/\/schema.org","@graph":[{"@type":"WebPage","@id":"https:\/\/vincentians.com\/fr\/frederic-ozanam-lhomme-et-loeuvre-chapitre-4\/","url":"https:\/\/vincentians.com\/fr\/frederic-ozanam-lhomme-et-loeuvre-chapitre-4\/","name":"Fr\u00e9d\u00e9ric Ozanam, l\u2019homme et l\u2019\u0153uvre (Chapitre 4) - Nous Sommes Vincentiens","isPartOf":{"@id":"http:\/\/vincentians.com\/fr\/#website"},"primaryImageOfPage":{"@id":"https:\/\/vincentians.com\/fr\/frederic-ozanam-lhomme-et-loeuvre-chapitre-4\/#primaryimage"},"image":{"@id":"https:\/\/vincentians.com\/fr\/frederic-ozanam-lhomme-et-loeuvre-chapitre-4\/#primaryimage"},"thumbnailUrl":"","datePublished":"2014-12-12T20:06:53+00:00","author":{"@id":"http:\/\/vincentians.com\/fr\/#\/schema\/person\/9623ef4d9aa3b2dfb8c061f1499288f2"},"breadcrumb":{"@id":"https:\/\/vincentians.com\/fr\/frederic-ozanam-lhomme-et-loeuvre-chapitre-4\/#breadcrumb"},"inLanguage":"fr-FR","potentialAction":[{"@type":"ReadAction","target":["https:\/\/vincentians.com\/fr\/frederic-ozanam-lhomme-et-loeuvre-chapitre-4\/"]}]},{"@type":"ImageObject","inLanguage":"fr-FR","@id":"https:\/\/vincentians.com\/fr\/frederic-ozanam-lhomme-et-loeuvre-chapitre-4\/#primaryimage","url":"","contentUrl":""},{"@type":"BreadcrumbList","@id":"https:\/\/vincentians.com\/fr\/frederic-ozanam-lhomme-et-loeuvre-chapitre-4\/#breadcrumb","itemListElement":[{"@type":"ListItem","position":1,"name":"Portada","item":"http:\/\/vincentians.com\/fr\/"},{"@type":"ListItem","position":2,"name":"Fr\u00e9d\u00e9ric Ozanam, l\u2019homme et l\u2019\u0153uvre (Chapitre 4)"}]},{"@type":"WebSite","@id":"http:\/\/vincentians.com\/fr\/#website","url":"http:\/\/vincentians.com\/fr\/","name":"Nous Sommes Vincentiens","description":"Know more to serve more","potentialAction":[{"@type":"SearchAction","target":{"@type":"EntryPoint","urlTemplate":"http:\/\/vincentians.com\/fr\/?s={search_term_string}"},"query-input":{"@type":"PropertyValueSpecification","valueRequired":true,"valueName":"search_term_string"}}],"inLanguage":"fr-FR"},{"@type":"Person","@id":"http:\/\/vincentians.com\/fr\/#\/schema\/person\/9623ef4d9aa3b2dfb8c061f1499288f2","name":"Francisco Javier Fern\u00e1ndez Chento","image":{"@type":"ImageObject","inLanguage":"fr-FR","@id":"http:\/\/vincentians.com\/fr\/#\/schema\/person\/image\/","url":"https:\/\/secure.gravatar.com\/avatar\/497d5cde87b4c3d097d0315953521681ba2cd523ee66e5077c3711f7021e65de?s=96&d=mm&r=g","contentUrl":"https:\/\/secure.gravatar.com\/avatar\/497d5cde87b4c3d097d0315953521681ba2cd523ee66e5077c3711f7021e65de?s=96&d=mm&r=g","caption":"Francisco Javier Fern\u00e1ndez Chento"},"description":"Director General y cofundador de La Red de Formaci\u00f3n Vicenciana. Javier es laico vicenciano, afiliado a la Congregaci\u00f3n de la Misi\u00f3n y miembro del Equipo de Misiones Populares de la provincia can\u00f3nica de Zaragoza (Espa\u00f1a) de la Congregaci\u00f3n de la Misi\u00f3n. Graduado en la Universidad Oberta de Catalunya con cuatro grados (Asistente de direcci\u00f3n, Gesti\u00f3n Administrativa, Recursos Humanos y Contabilidad Avanzada). Bil\u00edng\u00fce Espa\u00f1ol\/Ingl\u00e9s. gestiona y mantiene varias p\u00e1ginas web cristianas y vicencianas, incluida including La Red de Formaci\u00f3n Vicenciana, de la que es cofundador. Actualmente es responsable del \u00e1rea de Espa\u00f1ol de .famvin, la Red de Noticias de la Familia Vicenciana. Tambi\u00e9n es m\u00fasico cat\u00f3lico y ha editado varios discos. Es Director General y cofundador de Trovador, una reconocida compa\u00f1\u00eda discogr\u00e1fica critiana de Espa\u00f1a. Trabaja en las Tecnolog\u00edas de la Informaci\u00f3n, ofreciendo servicios de alojamiento, dise\u00f1o y mantenimiento Web, as\u00ed como asesoramiento, formaci\u00f3n y soluciones inform\u00e1ticas, gesti\u00f3n documental y digitalizaci\u00f3n de textos, edici\u00f3n y maquetaci\u00f3n de libros, revistas, flyers, etc.","sameAs":["http:\/\/chento.org","https:\/\/www.facebook.com\/JavierChento","https:\/\/x.com\/https:\/\/twitter.com\/javierchento"],"url":"https:\/\/vincentians.com\/fr\/author\/chento\/"}]}},"jetpack_publicize_connections":[],"jetpack_featured_media_url":"","jetpack_sharing_enabled":true,"jetpack_shortlink":"https:\/\/wp.me\/p7ETMP-s4R","jetpack-related-posts":[{"id":98069,"url":"https:\/\/vincentians.com\/fr\/ozanam-et-assise-genese-dun-regard-romantique-sur-le-moyen-age\/","url_meta":{"origin":107933,"position":0},"title":"Ozanam et Assise. Gen\u00e8se d\u2019un regard romantique sur le Moyen Age","author":"Francisco Javier Fern\u00e1ndez Chento","date":"08\/10\/2013","format":false,"excerpt":"\u00a0\u00ab ITALIE. Doit se voir imm\u00e9diatement apr\u00e8s le mariage. \u2013 Donne bien des d\u00e9ceptions, n\u2019est pas si belle qu\u2019on dit . \u00bb Bien des bourgeois du XIXe si\u00e8cle fran\u00e7ais n\u2019ont pas fait mentir Flaubert o\u00f9 l\u2019on aura reconnu un des lieux communs qu\u2019il se pla\u00eet \u00e0 r\u00e9unir dans son Dictionnaire\u2026","rel":"","context":"Dans &quot;Fr\u00e9d\u00e9ric Ozanam&quot;","block_context":{"text":"Fr\u00e9d\u00e9ric Ozanam","link":"https:\/\/vincentians.com\/fr\/category\/the-vincentian-family\/founders\/frederic-ozanam\/"},"img":{"alt_text":"","src":"https:\/\/i0.wp.com\/vincentiens.org\/wp-content\/uploads\/2012\/11\/ozanam-240x300.jpg?resize=350%2C200","width":350,"height":200},"classes":[]},{"id":106943,"url":"https:\/\/vincentians.com\/fr\/frederic-ozanam-lhomme-et-loeuvre-chapitre-1\/","url_meta":{"origin":107933,"position":1},"title":"Fr\u00e9d\u00e9ric Ozanam, l\u2019homme et l\u2019\u0153uvre (Chapitre 1)","author":"Francisco Javier Fern\u00e1ndez Chento","date":"09\/12\/2014","format":false,"excerpt":"Chapitre I: La jeunesse C\u2019est \u00e0 Milan, dans la petite rue San Pielro a l'Orto, que Fr\u00e9d\u00e9ric Ozanam naquit le 13 avril 1813. Son p\u00e8re, Antoine, enr\u00f4l\u00e9 en 1793 dans les arm\u00e9es r\u00e9volutionnaires, avait pris une part bril\u00adlante aux combats des arm\u00e9es d\u2019Italie. Les guer\u00adres de la R\u00e9publique termin\u00e9es, il\u2026","rel":"","context":"Dans &quot;Fr\u00e9d\u00e9ric Ozanam&quot;","block_context":{"text":"Fr\u00e9d\u00e9ric Ozanam","link":"https:\/\/vincentians.com\/fr\/category\/the-vincentian-family\/founders\/frederic-ozanam\/"},"img":{"alt_text":"Ozanam01","src":"https:\/\/i0.wp.com\/vincentiens.org\/wp-content\/uploads\/2014\/12\/Ozanam01-254x300.jpg?resize=350%2C200","width":350,"height":200},"classes":[]},{"id":48005,"url":"https:\/\/vincentians.com\/fr\/le-pere-jean-leon-le-prevost\/","url_meta":{"origin":107933,"position":2},"title":"Le P\u00e8re Jean-L\u00e9on Le Prevost","author":"Francisco Javier Fern\u00e1ndez Chento","date":"05\/07\/2016","format":false,"excerpt":"I. PR\u00c9CURSEUR DE L'APOSTOLAT DES LA\u00cfCS Il n'est pas inutile de nous attarder sur la vie du fondateur des Fr\u00e8res de Saint Vincent de Paul, le P\u00e8re Jean-L\u00e9on Le Prevost, puisqu'il a \u00e9t\u00e9 l'initiateur d'une authentique action catholique. UNE JEUNESSE LA\u00cfQUE ET ROMANTIQUE Jean-L\u00e9on Le Prevost est n\u00e9 en Normandie\u2026","rel":"","context":"Dans &quot;Religieux de Saint Vincent de Paul&quot;","block_context":{"text":"Religieux de Saint Vincent de Paul","link":"https:\/\/vincentians.com\/fr\/category\/religieux-de-saint-vincent-de-paul\/"},"img":{"alt_text":"","src":"https:\/\/i0.wp.com\/vincentians.com\/fr\/wp-content\/uploads\/sites\/10\/2016\/07\/Prevost.jpg?fit=1200%2C630&ssl=1&resize=350%2C200","width":350,"height":200,"srcset":"https:\/\/i0.wp.com\/vincentians.com\/fr\/wp-content\/uploads\/sites\/10\/2016\/07\/Prevost.jpg?fit=1200%2C630&ssl=1&resize=350%2C200 1x, https:\/\/i0.wp.com\/vincentians.com\/fr\/wp-content\/uploads\/sites\/10\/2016\/07\/Prevost.jpg?fit=1200%2C630&ssl=1&resize=525%2C300 1.5x, https:\/\/i0.wp.com\/vincentians.com\/fr\/wp-content\/uploads\/sites\/10\/2016\/07\/Prevost.jpg?fit=1200%2C630&ssl=1&resize=700%2C400 2x, https:\/\/i0.wp.com\/vincentians.com\/fr\/wp-content\/uploads\/sites\/10\/2016\/07\/Prevost.jpg?fit=1200%2C630&ssl=1&resize=1050%2C600 3x"},"classes":[]},{"id":105783,"url":"https:\/\/vincentians.com\/fr\/la-pensee-sociale-de-frederic-ozanam-iv\/","url_meta":{"origin":107933,"position":3},"title":"La Pens\u00e9e sociale de Fr\u00e9d\u00e9ric Ozanam (IV)","author":"Francisco Javier Fern\u00e1ndez Chento","date":"25\/02\/2013","format":false,"excerpt":"Ozanam, interpr\u00e8te savant et fid\u00e8le de toute la tradi\u00adtion catholique, se garde bien de ne faire appel qu'\u00e0 la justice. L'aum\u00f4ne, a-t-il \u00e9crit, et par l\u00e0 il \u00e9tait loin d'en\u00adtendre seulement l'aum\u00f4ne mat\u00e9rielle du bon de pain ou du secours en argent, \u00ab l'aum\u00f4ne r\u00e9tribue (les services qui n'ont pas\u2026","rel":"","context":"Dans &quot;Fr\u00e9d\u00e9ric Ozanam&quot;","block_context":{"text":"Fr\u00e9d\u00e9ric Ozanam","link":"https:\/\/vincentians.com\/fr\/category\/the-vincentian-family\/founders\/frederic-ozanam\/"},"img":{"alt_text":"ozanam","src":"https:\/\/i0.wp.com\/vincentiens.org\/wp-content\/uploads\/2012\/11\/ozanam-240x300.jpg?resize=350%2C200","width":350,"height":200},"classes":[]},{"id":104277,"url":"https:\/\/vincentians.com\/fr\/frederic-ozanam-lettre-0005-a-sa-mere\/","url_meta":{"origin":107933,"position":4},"title":"Fr\u00e9d\u00e9ric Ozanam, Lettre 0005. A sa M\u00e8re","author":"Francisco Javier Fern\u00e1ndez Chento","date":"19\/08\/2016","format":false,"excerpt":"1827. Ch\u00e8re maman, C'est encore cet \u00e9colier \u00e9tourdi, qui vient vous rompre la t\u00eate avec son latin. Prenez-vous-en \u00e0 votre indulgence; vous l'avez accoutum\u00e9 \u00e0 croire que tout ce qu'il fait pour vous peut vous \u00eatre agr\u00e9able. D'ailleurs, il vous paye de sa monnaie. C'est le seul pr\u00e9sent que sa\u2026","rel":"","context":"Dans &quot;Lettres de Fr\u00e9d\u00e9ric Ozanam&quot;","block_context":{"text":"Lettres de Fr\u00e9d\u00e9ric Ozanam","link":"https:\/\/vincentians.com\/fr\/category\/lettres-de-frederic-ozanam\/"},"img":{"alt_text":"","src":"https:\/\/i0.wp.com\/vincentians.com\/fr\/wp-content\/uploads\/sites\/10\/2016\/07\/cartas-federico-ozanam.jpg?fit=1200%2C630&ssl=1&resize=350%2C200","width":350,"height":200,"srcset":"https:\/\/i0.wp.com\/vincentians.com\/fr\/wp-content\/uploads\/sites\/10\/2016\/07\/cartas-federico-ozanam.jpg?fit=1200%2C630&ssl=1&resize=350%2C200 1x, https:\/\/i0.wp.com\/vincentians.com\/fr\/wp-content\/uploads\/sites\/10\/2016\/07\/cartas-federico-ozanam.jpg?fit=1200%2C630&ssl=1&resize=525%2C300 1.5x, https:\/\/i0.wp.com\/vincentians.com\/fr\/wp-content\/uploads\/sites\/10\/2016\/07\/cartas-federico-ozanam.jpg?fit=1200%2C630&ssl=1&resize=700%2C400 2x, https:\/\/i0.wp.com\/vincentians.com\/fr\/wp-content\/uploads\/sites\/10\/2016\/07\/cartas-federico-ozanam.jpg?fit=1200%2C630&ssl=1&resize=1050%2C600 3x"},"classes":[]},{"id":104274,"url":"https:\/\/vincentians.com\/fr\/frederic-ozanam-lettre-0002-a-son-pere\/","url_meta":{"origin":107933,"position":5},"title":"Fr\u00e9d\u00e9ric Ozanam, Lettre 0002. A son P\u00e8re","author":"Francisco Javier Fern\u00e1ndez Chento","date":"12\/08\/2016","format":false,"excerpt":"Lyon, 17 janvier 1820. Cher Papa, Je voudrais que le jour de Saint-Antoine f\u00fbt un jour de plaisir puisque c'est ta f\u00eate, je ne sais comment faire pour la bien c\u00e9l\u00e9brer, je ne peux te donner que beaucoup de baisers et le r\u00e9p\u00e9ter mille et mille fois: je te souhaite\u2026","rel":"","context":"Dans &quot;Lettres de Fr\u00e9d\u00e9ric Ozanam&quot;","block_context":{"text":"Lettres de Fr\u00e9d\u00e9ric Ozanam","link":"https:\/\/vincentians.com\/fr\/category\/lettres-de-frederic-ozanam\/"},"img":{"alt_text":"","src":"https:\/\/i0.wp.com\/vincentians.com\/fr\/wp-content\/uploads\/sites\/10\/2016\/07\/cartas-federico-ozanam.jpg?fit=1200%2C630&ssl=1&resize=350%2C200","width":350,"height":200,"srcset":"https:\/\/i0.wp.com\/vincentians.com\/fr\/wp-content\/uploads\/sites\/10\/2016\/07\/cartas-federico-ozanam.jpg?fit=1200%2C630&ssl=1&resize=350%2C200 1x, https:\/\/i0.wp.com\/vincentians.com\/fr\/wp-content\/uploads\/sites\/10\/2016\/07\/cartas-federico-ozanam.jpg?fit=1200%2C630&ssl=1&resize=525%2C300 1.5x, https:\/\/i0.wp.com\/vincentians.com\/fr\/wp-content\/uploads\/sites\/10\/2016\/07\/cartas-federico-ozanam.jpg?fit=1200%2C630&ssl=1&resize=700%2C400 2x, https:\/\/i0.wp.com\/vincentians.com\/fr\/wp-content\/uploads\/sites\/10\/2016\/07\/cartas-federico-ozanam.jpg?fit=1200%2C630&ssl=1&resize=1050%2C600 3x"},"classes":[]}],"_links":{"self":[{"href":"https:\/\/vincentians.com\/fr\/wp-json\/wp\/v2\/posts\/107933","targetHints":{"allow":["GET"]}}],"collection":[{"href":"https:\/\/vincentians.com\/fr\/wp-json\/wp\/v2\/posts"}],"about":[{"href":"https:\/\/vincentians.com\/fr\/wp-json\/wp\/v2\/types\/post"}],"author":[{"embeddable":true,"href":"https:\/\/vincentians.com\/fr\/wp-json\/wp\/v2\/users\/4"}],"replies":[{"embeddable":true,"href":"https:\/\/vincentians.com\/fr\/wp-json\/wp\/v2\/comments?post=107933"}],"version-history":[{"count":0,"href":"https:\/\/vincentians.com\/fr\/wp-json\/wp\/v2\/posts\/107933\/revisions"}],"wp:featuredmedia":[{"embeddable":true,"href":"https:\/\/vincentians.com\/fr\/wp-json\/"}],"wp:attachment":[{"href":"https:\/\/vincentians.com\/fr\/wp-json\/wp\/v2\/media?parent=107933"}],"wp:term":[{"taxonomy":"category","embeddable":true,"href":"https:\/\/vincentians.com\/fr\/wp-json\/wp\/v2\/categories?post=107933"},{"taxonomy":"post_tag","embeddable":true,"href":"https:\/\/vincentians.com\/fr\/wp-json\/wp\/v2\/tags?post=107933"}],"curies":[{"name":"wp","href":"https:\/\/api.w.org\/{rel}","templated":true}]}}