{"id":107790,"date":"2014-01-04T08:17:28","date_gmt":"2014-01-04T07:17:28","guid":{"rendered":"http:\/\/vincentiens.org\/?p=107790"},"modified":"2014-01-04T08:17:28","modified_gmt":"2014-01-04T07:17:28","slug":"elizabeth-seton-1774-1821-la-premiere-sainte-du-nouveau-monde","status":"publish","type":"post","link":"https:\/\/vincentians.com\/fr\/elizabeth-seton-1774-1821-la-premiere-sainte-du-nouveau-monde\/","title":{"rendered":"Elizabeth Seton (1774-1821) \u2013 La premi\u00e8re sainte du Nouveau-Monde"},"content":{"rendered":"<p><a href=\"https:\/\/i0.wp.com\/vincentiens.org\/wp-content\/uploads\/2014\/01\/elizabeth-seton-conte.jpg\"><img data-recalc-dims=\"1\" loading=\"lazy\" decoding=\"async\" class=\"alignright size-full wp-image-107791\" alt=\"elizabeth-seton-conte\" src=\"https:\/\/i0.wp.com\/vincentiens.org\/wp-content\/uploads\/2014\/01\/elizabeth-seton-conte.jpg?resize=214%2C234\" width=\"214\" height=\"234\" \/><\/a>Faisons un bond dans le pass\u00e9 et imaginons la ville de New-York en 1774\u00a0: pas de gratte-ciels, mais des petites maisons aux fa\u00e7ades de brique rose\u00a0; pas de longues avenues encombr\u00e9es de v\u00e9hicules, mais des petites rues \u00e9troites et mal pav\u00e9es o\u00f9 passent des cal\u00e8ches ou des charrettes tir\u00e9es par des chevaux, faiblement \u00e9clair\u00e9es par des r\u00e9verb\u00e8res \u00e0 huile. C\u2019est dans ce d\u00e9cor d\u2019autrefois que na\u00eet la petite Elizabeth Ann Bayle, le 28 ao\u00fbt 1774.Ses jeunes ann\u00e9es sont marqu\u00e9es par le malheur\u00a0: d\u2019abord un terrible incendie qui d\u00e9truit New-York quand elle a deux ans\u00a0; ensuite la guerre, car les \u00c9tats-Unis comme nous les connaissons aujourd\u2019hui n\u2019existent pas encore, ils appartiennent \u00e0 l\u2019Angleterre et veulent se s\u00e9parer d\u2019elle pour devenir un pays ind\u00e9pendant\u00a0; la mort de sa m\u00e8re, enfin, quand Elizabeth a trois ans. Son p\u00e8re se remarie un an plus tard, mais sa belle-m\u00e8re, trop jeune, ne s\u2019occupe pas d\u2019Elizabeth qui est envoy\u00e9e en pension.<\/p>\n<p>La jeune nation am\u00e9ricaine ne veut pas de la religion catholique, car elle se m\u00e9fie du Pape\u00a0; de plus, c\u2019est la religion des pauvres gens. Elle adopte donc une religion proche de l\u2019anglicanisme (les Anglicans admettent le mariage des pr\u00eatres et, aujourd\u2019hui, l\u2019ordination des femmes\u00a0; ils ne reconnaissent pas l\u2019autorit\u00e9 du Pape et ne croient pas que J\u00e9sus est vraiment pr\u00e9sent dans l\u2019hostie).<\/p>\n<p>Elizabeth, ignor\u00e9e par sa belle-m\u00e8re et dont le p\u00e8re m\u00e9decin est souvent absent, trouve en Dieu la tendresse et la s\u00e9curit\u00e9\u00a0:<\/p>\n<p>&#8211; Dieu est mon P\u00e8re, je le prie de ne jamais m\u2019abandonner.<\/p>\n<p>Elizabeth grandit ainsi. \u00c0 dix-huit ans, cette jeune fille de petite taille aux yeux bruns, aux longs cheveux ch\u00e2tains coiff\u00e9s en anglaises, \u00e0 l\u2019air s\u00e9rieux, cherche, dans les f\u00eates et les bals, \u00e0 oublier qu\u2019elle n\u2019a pas \u00e9t\u00e9 aim\u00e9e par sa famille. Elle a un sentiment de vide et d\u2019abandon , et pense m\u00eame parfois au suicide. Elle dira plus tard\u00a0:<\/p>\n<p>&#8211; Je remercie des milliers de fois le Seigneur de n\u2019avoir pas accompli cette horrible action\u00a0!<\/p>\n<p>Dans le m\u00eame temps, pourtant, elle a un r\u00eave secret\u00a0:<\/p>\n<p>&#8211; M\u2019occuper d\u2019enfants dans un endroit o\u00f9 les gens pourraient s\u2019enfermer loin du monde et prier.<\/p>\n<p>Tout change quand elle rencontre le beau et sympathique William, l\u2019a\u00een\u00e9 des treize enfants qui composent la famille Seton, l\u2019une des plus estim\u00e9es de New-York. Ils se marient le 25 janvier 1794. Jour de joie o\u00f9 aucun nuage ne devrait passer dans le ciel\u00a0! Pourtant, Elizabeth est inqui\u00e8te\u00a0: son mari n\u2019est pas en bonne sant\u00e9. D\u2019ailleurs, dans la famille Seton, une myst\u00e9rieuse maladie fait des ravages\u00a0: peu connue, mal soign\u00e9e, on l\u2019appelle la tuberculose.<\/p>\n<p>Le 3 mai 1795 na\u00eet la petite Anna-Maria. Combl\u00e9e d\u2019amour et de tendresse, la joie de ce b\u00e9b\u00e9 rappelle \u00e0 Elizabeth son enfance malheureuse\u00a0:<\/p>\n<p>&#8211; Certains petits \u00eatres sont n\u00e9s pour \u00eatre entour\u00e9s de tendresse, d\u2019autres non.<\/p>\n<p>Apr\u00e8s Anna-Maria, en huit ans, vont na\u00eetre William, Richard, Catherine et R\u00e9becca. Le bonheur de ces naissances a ramen\u00e9 Elizabeth vers la foi de son enfance\u00a0:<\/p>\n<p>&#8211; Je suis devenue \u00ab\u00a0celle qui regarde en haut\u00a0\u00bb.<\/p>\n<p>Elle souffre doublement\u00a0: parce que son mari est malade et parce qu\u2019il n\u2019est pas croyant.<\/p>\n<p>Alors qu\u2019elle est bien occup\u00e9e avec ses cinq enfants, le p\u00e8re de William meurt et Elizabeth doit recueillir les plus jeunes fr\u00e8res et s\u0153urs de son mari\u00a0: six enfants de plus\u00a0! William, \u00e0 qui la mort de son p\u00e8re a enlev\u00e9 toutes ses forces, ne l\u2019aide pas et la jeune femme conna\u00eet un moment de d\u00e9couragement. Onze enfants \u00e0 charge\u00a0!<\/p>\n<p>&#8211; Pour moi qui aime si fort ma tranquillit\u00e9, c\u2019est un tr\u00e8s grand changement\u00a0!<\/p>\n<p>Courageusement, elle prononce ces mots qui vont devenir sa devise\u00a0:<\/p>\n<p>&#8211; Il me faut t\u00e2cher de faire face\u00a0!<\/p>\n<p>William ne va pas bien. Parce qu\u2019elle sent qu\u2019elle en train de le perdre, Elizabeth veut accorder \u00e0 son mari une derni\u00e8re joie\u00a0: ce voyage en Italie dont il a tellement r\u00eav\u00e9. H\u00e9las\u00a0! Apr\u00e8s une travers\u00e9e de quarante-huit jours, William arrive mourant en Italie. Gr\u00e2ce \u00e0 sa femme, il ouvre son c\u0153ur \u00e0 l\u2019amour de Dieu et devient chr\u00e9tien. Il meurt le 28 d\u00e9cembre 1803 en murmurant le nom de J\u00e9sus.<\/p>\n<p>Que va faire Elizabeth, jeune veuve de vingt-neuf ans, seule avec sa fille a\u00een\u00e9e Anna-Maria, \u00e2g\u00e9e de huit ans, dans ce pays inconnu\u00a0? Elle veut rentrer \u00e0 New-York pour y retrouver ses autres enfants, confi\u00e9s \u00e0 sa famille\u00a0! Mais les voyages, \u00e0 l\u2019\u00e9poque, sont longs et difficiles. Elle doit attendre six mois le prochain bateau pour l\u2019Am\u00e9rique\u00a0! Elle est accueillie par une famille de catholiques italiens, les Filicchi. Un jour, le p\u00e8re de famille, Antonio, lui montre comment faire le signe de croix. Pour cette Am\u00e9ricaine, la d\u00e9couverte est immense\u00a0:<\/p>\n<p>&#8211; Oh\u00a0! la formidable impression que je ressentis \u00e0 le faire pour la premi\u00e8re fois\u00a0!<\/p>\n<p>Une autre fois, elle est \u00e0 la fen\u00eatre quand passe une procession du Saint-Sacrement. Elle regarde la blanche hostie et tous ces gens qui s\u2019agenouillent sur son passage\u00a0:<\/p>\n<p>&#8211; Suis-je la seule que J\u00e9sus ne b\u00e9nit pas\u00a0?, se demande-t-elle avec angoisse.<\/p>\n<p>Le 4 juin 1804, Elizabeth est de retour \u00e0 New-York. Quelle joie de retrouver ses enfants et tous ses amis\u00a0! Mais quand elle raconte ce qu\u2019elle a d\u00e9couvert de la foi catholique, elle est aussit\u00f4t critiqu\u00e9e\u00a0:<\/p>\n<p>&#8211; La v\u00e9ritable \u00c9glise est la n\u00f4tre\u00a0!<\/p>\n<p>Elizabeth essaie d\u2019ob\u00e9ir. Pourtant, quand elle est trop triste, sa consolation est d\u2019entrer en pens\u00e9e dans une \u00e9glise catholique. Ses enfants la soutiennent et elle d\u00e9cide de faire ce que son c\u0153ur lui commande\u00a0: Elizabeth devient catholique, en faisant sa profession de foi, le 27 f\u00e9vrier 1805\u00a0:<\/p>\n<p>&#8211; En route pour une existence nouvelle\u00a0!<\/p>\n<p>Cette vie nouvelle va vraiment commencer avec la rencontre de Mgr Carroll, \u00e9v\u00eaque de Baltimore. Elle lui raconte le r\u00eave qu\u2019elle faisait \u00e0 dix-huit ans d\u2019une maison pleine d\u2019enfants. Il lui r\u00e9pond\u00a0:<\/p>\n<p>&#8211; Et pourquoi pas cela d\u00e8s maintenant\u00a0?<\/p>\n<p>C\u2019est ainsi que le 15 juin 1808, Elizabeth et ses enfants arrivent \u00e0 Baltimore pour ouvrir, \u00e0 c\u00f4t\u00e9 du s\u00e9minaire et de l\u2019\u00e9cole de gar\u00e7ons tenus par les Sulpiciens fran\u00e7ais, une petite maison d\u2019\u00e9ducation pour les filles. L\u2019ann\u00e9e scolaire commence avec sept \u00e9l\u00e8ves\u2026 dont les trois filles d\u2019Elizabeth\u00a0! Mais celle-ci, dans la foi, sait d\u00e9j\u00e0 que son \u0153uvre va grandir\u00a0:<\/p>\n<p>&#8211; On attend de moi que je sois la m\u00e8re de nombreuses filles.<\/p>\n<p>Des jeunes filles, attir\u00e9es par l\u2019exemple d\u2019Elizabeth, la rejoignent bient\u00f4t. Le 21 juin 1809, elles sont cinq, les premi\u00e8res consacr\u00e9es d\u2019Am\u00e9rique, \u00e0 s\u2019installer \u00e0 Emmitsburg\u00a0; elles se confient \u00e0 saint Vincent de Paul et deviennent les Filles de la Charit\u00e9 de Saint-Joseph. Elizabeth a beau \u00eatre devenue fondatrice, elle est toujours m\u00e8re de famille et tient \u00e0 veiller sur l\u2019\u00e9ducation de ses propres enfants. Mais elle offre \u00e0 Dieu toutes ses inqui\u00e9tudes\u00a0:<\/p>\n<p>&#8211; Prier et aimer, c\u2019est tout ce qu\u2019une m\u00e8re peut faire pour ses ch\u00e9ris\u00a0!<\/p>\n<p>Le nombre de s\u0153urs augmente, le nombre d\u2019\u00e9l\u00e8ves aussi. Mais le 12 mars 1812, la mort de sa fille a\u00een\u00e9e, Anna-Maria, \u00e2g\u00e9e de 17 ans, porte \u00e0 Elizabeth un coup terrible. Catherine aussi semble fragile, mais c\u2019est la petite R\u00e9becca que la tuberculose emporte \u00e0 son tour, \u00e0 13 ans, en 1816. La communaut\u00e9 de \u00ab\u00a0Mother Seton\u00a0\u00bb (M\u00e8re Seton) est reconnue par l\u2019\u00c9glise en 1817\u00a0; alors, tous ceux qui lui avaient tourn\u00e9 le dos lors de son passage au catholicisme, amis, famille, tous reviennent vers elle et la comparent fi\u00e8rement \u00e0 un nouveau Jean-Baptiste\u00a0! Mais Elizabeth est \u00e0 la derni\u00e8re limite de ses forces, la tuberculose envahit ses poumons. Elle confie \u00e0 sa fille Catherine qui ne la quitte pas\u00a0:<\/p>\n<p>&#8211; Oh\u00a0! Si je pouvais en \u00eatre aux derni\u00e8res quintes de toux\u2026<\/p>\n<p>Le 31d\u00e9cembre, \u00e0 46 ans, tandis que les douze coups de minuit sonnent le d\u00e9but de l\u2019ann\u00e9e 1821, elle re\u00e7oit le Corps de J\u00e9sus pour la derni\u00e8re fois\u00a0:<\/p>\n<p>&#8211; Une communion encore, et puis l\u2019\u00c9ternit\u00e9\u00a0!<\/p>\n<p>Le 2 janvier, elle r\u00e9unit ses s\u0153urs autour d\u2019elle et les encourage. Ses derniers mots sont\u00a0:<\/p>\n<p>&#8211; Soyez enfants de l\u2019\u00c9glise\u2026<\/p>\n<p>Catherine est pr\u00e8s d\u2019elle et les s\u0153urs se relaient \u00e0 son chevet pour r\u00e9citer sans cesse les Psaumes qu\u2019elle aime tant. Elle s\u2019\u00e9teint, le 4 janvier 1821, \u00e0 l\u2019aube, dans un calme profond, disant\u00a0:<\/p>\n<p>&#8211; Je rentre \u00e0 la Maison.<\/p>\n<p>Le pape Jean XXIII d\u00e9clare Elizabeth Seton bienheureuse le 17 mars 1963, lui demandant pour le peuple am\u00e9ricain \u00ab\u00a0la fermet\u00e9 dans la foi et l\u2019ardeur dans la charit\u00e9\u00a0\u00bb. La vie d\u2019Elizabeth nous invite aussi \u00e0 prier pour l\u2019unit\u00e9 des Chr\u00e9tiens\u00a0: catholiques, protestants, orthodoxes, anglicans, etc., nous sommes tous l\u2019\u00c9glise \u00e0 laquelle J\u00e9sus a donn\u00e9 naissance au pied de la Croix, par l\u2019eau et le sang qui ont coul\u00e9 de son C\u0153ur, nous sommes tous le Corp.<\/p>\n","protected":false},"excerpt":{"rendered":"<p>Faisons un bond dans le pass\u00e9 et imaginons la ville de New-York en 1774\u00a0: pas de gratte-ciels, mais des petites maisons aux fa\u00e7ades de brique rose\u00a0; pas de longues avenues encombr\u00e9es de v\u00e9hicules, mais des &#8230; <a href=\"https:\/\/vincentians.com\/fr\/elizabeth-seton-1774-1821-la-premiere-sainte-du-nouveau-monde\/\" class=\"more-link\">Read More<\/a><\/p>\n","protected":false},"author":4,"featured_media":107791,"comment_status":"open","ping_status":"open","sticky":false,"template":"","format":"standard","meta":{"jetpack_post_was_ever_published":false,"_jetpack_newsletter_access":"","_jetpack_dont_email_post_to_subs":false,"_jetpack_newsletter_tier_id":0,"_jetpack_memberships_contains_paywalled_content":false,"_jetpack_memberships_contains_paid_content":false,"footnotes":"","jetpack_publicize_message":"","jetpack_publicize_feature_enabled":true,"jetpack_social_post_already_shared":true,"jetpack_social_options":{"image_generator_settings":{"template":"highway","default_image_id":0,"font":"","enabled":false},"version":2}},"categories":[142],"tags":[],"class_list":["post-107790","post","type-post","status-publish","format-standard","has-post-thumbnail","hentry","category-elizabeth-ann-bayley-seton"],"yoast_head":"<!-- This site is optimized with the Yoast SEO plugin v26.3 - https:\/\/yoast.com\/wordpress\/plugins\/seo\/ -->\n<title>Elizabeth Seton (1774-1821) \u2013 La premi\u00e8re sainte du Nouveau-Monde - Nous Sommes Vincentiens<\/title>\n<meta name=\"robots\" content=\"index, follow, max-snippet:-1, max-image-preview:large, max-video-preview:-1\" \/>\n<link rel=\"canonical\" href=\"https:\/\/vincentians.com\/fr\/elizabeth-seton-1774-1821-la-premiere-sainte-du-nouveau-monde\/\" \/>\n<meta property=\"og:locale\" content=\"fr_FR\" \/>\n<meta property=\"og:type\" content=\"article\" \/>\n<meta property=\"og:title\" content=\"Elizabeth Seton (1774-1821) \u2013 La premi\u00e8re sainte du Nouveau-Monde - Nous Sommes Vincentiens\" \/>\n<meta property=\"og:description\" content=\"Faisons un bond dans le pass\u00e9 et imaginons la ville de New-York en 1774\u00a0: pas de gratte-ciels, mais des petites maisons aux fa\u00e7ades de brique rose\u00a0; pas de longues avenues encombr\u00e9es de v\u00e9hicules, mais des ... Read More\" \/>\n<meta property=\"og:url\" content=\"https:\/\/vincentians.com\/fr\/elizabeth-seton-1774-1821-la-premiere-sainte-du-nouveau-monde\/\" \/>\n<meta property=\"og:site_name\" content=\"Nous Sommes Vincentiens\" \/>\n<meta property=\"article:publisher\" content=\"https:\/\/www.facebook.com\/WeAreVincentians\/\" \/>\n<meta property=\"article:author\" content=\"https:\/\/www.facebook.com\/JavierChento\" \/>\n<meta property=\"article:published_time\" content=\"2014-01-04T07:17:28+00:00\" \/>\n<meta name=\"author\" content=\"Francisco Javier Fern\u00e1ndez Chento\" \/>\n<meta name=\"twitter:card\" content=\"summary_large_image\" \/>\n<meta name=\"twitter:creator\" content=\"@https:\/\/twitter.com\/javierchento\" \/>\n<meta name=\"twitter:site\" content=\"@WeVincentians\" \/>\n<meta name=\"twitter:label1\" content=\"\u00c9crit par\" \/>\n\t<meta name=\"twitter:data1\" content=\"Francisco Javier Fern\u00e1ndez Chento\" \/>\n\t<meta name=\"twitter:label2\" content=\"Dur\u00e9e de lecture estim\u00e9e\" \/>\n\t<meta name=\"twitter:data2\" content=\"8 minutes\" \/>\n<script type=\"application\/ld+json\" class=\"yoast-schema-graph\">{\"@context\":\"https:\/\/schema.org\",\"@graph\":[{\"@type\":\"WebPage\",\"@id\":\"https:\/\/vincentians.com\/fr\/elizabeth-seton-1774-1821-la-premiere-sainte-du-nouveau-monde\/\",\"url\":\"https:\/\/vincentians.com\/fr\/elizabeth-seton-1774-1821-la-premiere-sainte-du-nouveau-monde\/\",\"name\":\"Elizabeth Seton (1774-1821) \u2013 La premi\u00e8re sainte du Nouveau-Monde - Nous Sommes Vincentiens\",\"isPartOf\":{\"@id\":\"https:\/\/vincentians.com\/fr\/#website\"},\"primaryImageOfPage\":{\"@id\":\"https:\/\/vincentians.com\/fr\/elizabeth-seton-1774-1821-la-premiere-sainte-du-nouveau-monde\/#primaryimage\"},\"image\":{\"@id\":\"https:\/\/vincentians.com\/fr\/elizabeth-seton-1774-1821-la-premiere-sainte-du-nouveau-monde\/#primaryimage\"},\"thumbnailUrl\":\"\",\"datePublished\":\"2014-01-04T07:17:28+00:00\",\"author\":{\"@id\":\"https:\/\/vincentians.com\/fr\/#\/schema\/person\/9623ef4d9aa3b2dfb8c061f1499288f2\"},\"breadcrumb\":{\"@id\":\"https:\/\/vincentians.com\/fr\/elizabeth-seton-1774-1821-la-premiere-sainte-du-nouveau-monde\/#breadcrumb\"},\"inLanguage\":\"fr-FR\",\"potentialAction\":[{\"@type\":\"ReadAction\",\"target\":[\"https:\/\/vincentians.com\/fr\/elizabeth-seton-1774-1821-la-premiere-sainte-du-nouveau-monde\/\"]}]},{\"@type\":\"ImageObject\",\"inLanguage\":\"fr-FR\",\"@id\":\"https:\/\/vincentians.com\/fr\/elizabeth-seton-1774-1821-la-premiere-sainte-du-nouveau-monde\/#primaryimage\",\"url\":\"\",\"contentUrl\":\"\"},{\"@type\":\"BreadcrumbList\",\"@id\":\"https:\/\/vincentians.com\/fr\/elizabeth-seton-1774-1821-la-premiere-sainte-du-nouveau-monde\/#breadcrumb\",\"itemListElement\":[{\"@type\":\"ListItem\",\"position\":1,\"name\":\"Portada\",\"item\":\"https:\/\/vincentians.com\/fr\/\"},{\"@type\":\"ListItem\",\"position\":2,\"name\":\"Elizabeth Seton (1774-1821) \u2013 La premi\u00e8re sainte du Nouveau-Monde\"}]},{\"@type\":\"WebSite\",\"@id\":\"https:\/\/vincentians.com\/fr\/#website\",\"url\":\"https:\/\/vincentians.com\/fr\/\",\"name\":\"Nous Sommes Vincentiens\",\"description\":\"Know more to serve more\",\"potentialAction\":[{\"@type\":\"SearchAction\",\"target\":{\"@type\":\"EntryPoint\",\"urlTemplate\":\"https:\/\/vincentians.com\/fr\/?s={search_term_string}\"},\"query-input\":{\"@type\":\"PropertyValueSpecification\",\"valueRequired\":true,\"valueName\":\"search_term_string\"}}],\"inLanguage\":\"fr-FR\"},{\"@type\":\"Person\",\"@id\":\"https:\/\/vincentians.com\/fr\/#\/schema\/person\/9623ef4d9aa3b2dfb8c061f1499288f2\",\"name\":\"Francisco Javier Fern\u00e1ndez Chento\",\"image\":{\"@type\":\"ImageObject\",\"inLanguage\":\"fr-FR\",\"@id\":\"https:\/\/vincentians.com\/fr\/#\/schema\/person\/image\/\",\"url\":\"https:\/\/secure.gravatar.com\/avatar\/497d5cde87b4c3d097d0315953521681ba2cd523ee66e5077c3711f7021e65de?s=96&d=mm&r=g\",\"contentUrl\":\"https:\/\/secure.gravatar.com\/avatar\/497d5cde87b4c3d097d0315953521681ba2cd523ee66e5077c3711f7021e65de?s=96&d=mm&r=g\",\"caption\":\"Francisco Javier Fern\u00e1ndez Chento\"},\"description\":\"Director General y cofundador de La Red de Formaci\u00f3n Vicenciana. Javier es laico vicenciano, afiliado a la Congregaci\u00f3n de la Misi\u00f3n y miembro del Equipo de Misiones Populares de la provincia can\u00f3nica de Zaragoza (Espa\u00f1a) de la Congregaci\u00f3n de la Misi\u00f3n. Graduado en la Universidad Oberta de Catalunya con cuatro grados (Asistente de direcci\u00f3n, Gesti\u00f3n Administrativa, Recursos Humanos y Contabilidad Avanzada). Bil\u00edng\u00fce Espa\u00f1ol\/Ingl\u00e9s. gestiona y mantiene varias p\u00e1ginas web cristianas y vicencianas, incluida including La Red de Formaci\u00f3n Vicenciana, de la que es cofundador. Actualmente es responsable del \u00e1rea de Espa\u00f1ol de .famvin, la Red de Noticias de la Familia Vicenciana. Tambi\u00e9n es m\u00fasico cat\u00f3lico y ha editado varios discos. Es Director General y cofundador de Trovador, una reconocida compa\u00f1\u00eda discogr\u00e1fica critiana de Espa\u00f1a. Trabaja en las Tecnolog\u00edas de la Informaci\u00f3n, ofreciendo servicios de alojamiento, dise\u00f1o y mantenimiento Web, as\u00ed como asesoramiento, formaci\u00f3n y soluciones inform\u00e1ticas, gesti\u00f3n documental y digitalizaci\u00f3n de textos, edici\u00f3n y maquetaci\u00f3n de libros, revistas, flyers, etc.\",\"sameAs\":[\"http:\/\/chento.org\",\"https:\/\/www.facebook.com\/JavierChento\",\"https:\/\/x.com\/https:\/\/twitter.com\/javierchento\"],\"url\":\"https:\/\/vincentians.com\/fr\/author\/chento\/\"}]}<\/script>\n<!-- \/ Yoast SEO plugin. -->","yoast_head_json":{"title":"Elizabeth Seton (1774-1821) \u2013 La premi\u00e8re sainte du Nouveau-Monde - Nous Sommes Vincentiens","robots":{"index":"index","follow":"follow","max-snippet":"max-snippet:-1","max-image-preview":"max-image-preview:large","max-video-preview":"max-video-preview:-1"},"canonical":"https:\/\/vincentians.com\/fr\/elizabeth-seton-1774-1821-la-premiere-sainte-du-nouveau-monde\/","og_locale":"fr_FR","og_type":"article","og_title":"Elizabeth Seton (1774-1821) \u2013 La premi\u00e8re sainte du Nouveau-Monde - Nous Sommes Vincentiens","og_description":"Faisons un bond dans le pass\u00e9 et imaginons la ville de New-York en 1774\u00a0: pas de gratte-ciels, mais des petites maisons aux fa\u00e7ades de brique rose\u00a0; pas de longues avenues encombr\u00e9es de v\u00e9hicules, mais des ... Read More","og_url":"https:\/\/vincentians.com\/fr\/elizabeth-seton-1774-1821-la-premiere-sainte-du-nouveau-monde\/","og_site_name":"Nous Sommes Vincentiens","article_publisher":"https:\/\/www.facebook.com\/WeAreVincentians\/","article_author":"https:\/\/www.facebook.com\/JavierChento","article_published_time":"2014-01-04T07:17:28+00:00","author":"Francisco Javier Fern\u00e1ndez Chento","twitter_card":"summary_large_image","twitter_creator":"@https:\/\/twitter.com\/javierchento","twitter_site":"@WeVincentians","twitter_misc":{"\u00c9crit par":"Francisco Javier Fern\u00e1ndez Chento","Dur\u00e9e de lecture estim\u00e9e":"8 minutes"},"schema":{"@context":"https:\/\/schema.org","@graph":[{"@type":"WebPage","@id":"https:\/\/vincentians.com\/fr\/elizabeth-seton-1774-1821-la-premiere-sainte-du-nouveau-monde\/","url":"https:\/\/vincentians.com\/fr\/elizabeth-seton-1774-1821-la-premiere-sainte-du-nouveau-monde\/","name":"Elizabeth Seton (1774-1821) \u2013 La premi\u00e8re sainte du Nouveau-Monde - Nous Sommes Vincentiens","isPartOf":{"@id":"https:\/\/vincentians.com\/fr\/#website"},"primaryImageOfPage":{"@id":"https:\/\/vincentians.com\/fr\/elizabeth-seton-1774-1821-la-premiere-sainte-du-nouveau-monde\/#primaryimage"},"image":{"@id":"https:\/\/vincentians.com\/fr\/elizabeth-seton-1774-1821-la-premiere-sainte-du-nouveau-monde\/#primaryimage"},"thumbnailUrl":"","datePublished":"2014-01-04T07:17:28+00:00","author":{"@id":"https:\/\/vincentians.com\/fr\/#\/schema\/person\/9623ef4d9aa3b2dfb8c061f1499288f2"},"breadcrumb":{"@id":"https:\/\/vincentians.com\/fr\/elizabeth-seton-1774-1821-la-premiere-sainte-du-nouveau-monde\/#breadcrumb"},"inLanguage":"fr-FR","potentialAction":[{"@type":"ReadAction","target":["https:\/\/vincentians.com\/fr\/elizabeth-seton-1774-1821-la-premiere-sainte-du-nouveau-monde\/"]}]},{"@type":"ImageObject","inLanguage":"fr-FR","@id":"https:\/\/vincentians.com\/fr\/elizabeth-seton-1774-1821-la-premiere-sainte-du-nouveau-monde\/#primaryimage","url":"","contentUrl":""},{"@type":"BreadcrumbList","@id":"https:\/\/vincentians.com\/fr\/elizabeth-seton-1774-1821-la-premiere-sainte-du-nouveau-monde\/#breadcrumb","itemListElement":[{"@type":"ListItem","position":1,"name":"Portada","item":"https:\/\/vincentians.com\/fr\/"},{"@type":"ListItem","position":2,"name":"Elizabeth Seton (1774-1821) \u2013 La premi\u00e8re sainte du Nouveau-Monde"}]},{"@type":"WebSite","@id":"https:\/\/vincentians.com\/fr\/#website","url":"https:\/\/vincentians.com\/fr\/","name":"Nous Sommes Vincentiens","description":"Know more to serve more","potentialAction":[{"@type":"SearchAction","target":{"@type":"EntryPoint","urlTemplate":"https:\/\/vincentians.com\/fr\/?s={search_term_string}"},"query-input":{"@type":"PropertyValueSpecification","valueRequired":true,"valueName":"search_term_string"}}],"inLanguage":"fr-FR"},{"@type":"Person","@id":"https:\/\/vincentians.com\/fr\/#\/schema\/person\/9623ef4d9aa3b2dfb8c061f1499288f2","name":"Francisco Javier Fern\u00e1ndez Chento","image":{"@type":"ImageObject","inLanguage":"fr-FR","@id":"https:\/\/vincentians.com\/fr\/#\/schema\/person\/image\/","url":"https:\/\/secure.gravatar.com\/avatar\/497d5cde87b4c3d097d0315953521681ba2cd523ee66e5077c3711f7021e65de?s=96&d=mm&r=g","contentUrl":"https:\/\/secure.gravatar.com\/avatar\/497d5cde87b4c3d097d0315953521681ba2cd523ee66e5077c3711f7021e65de?s=96&d=mm&r=g","caption":"Francisco Javier Fern\u00e1ndez Chento"},"description":"Director General y cofundador de La Red de Formaci\u00f3n Vicenciana. Javier es laico vicenciano, afiliado a la Congregaci\u00f3n de la Misi\u00f3n y miembro del Equipo de Misiones Populares de la provincia can\u00f3nica de Zaragoza (Espa\u00f1a) de la Congregaci\u00f3n de la Misi\u00f3n. Graduado en la Universidad Oberta de Catalunya con cuatro grados (Asistente de direcci\u00f3n, Gesti\u00f3n Administrativa, Recursos Humanos y Contabilidad Avanzada). Bil\u00edng\u00fce Espa\u00f1ol\/Ingl\u00e9s. gestiona y mantiene varias p\u00e1ginas web cristianas y vicencianas, incluida including La Red de Formaci\u00f3n Vicenciana, de la que es cofundador. Actualmente es responsable del \u00e1rea de Espa\u00f1ol de .famvin, la Red de Noticias de la Familia Vicenciana. Tambi\u00e9n es m\u00fasico cat\u00f3lico y ha editado varios discos. Es Director General y cofundador de Trovador, una reconocida compa\u00f1\u00eda discogr\u00e1fica critiana de Espa\u00f1a. Trabaja en las Tecnolog\u00edas de la Informaci\u00f3n, ofreciendo servicios de alojamiento, dise\u00f1o y mantenimiento Web, as\u00ed como asesoramiento, formaci\u00f3n y soluciones inform\u00e1ticas, gesti\u00f3n documental y digitalizaci\u00f3n de textos, edici\u00f3n y maquetaci\u00f3n de libros, revistas, flyers, etc.","sameAs":["http:\/\/chento.org","https:\/\/www.facebook.com\/JavierChento","https:\/\/x.com\/https:\/\/twitter.com\/javierchento"],"url":"https:\/\/vincentians.com\/fr\/author\/chento\/"}]}},"jetpack_publicize_connections":[],"jetpack_featured_media_url":"","jetpack_sharing_enabled":true,"jetpack_shortlink":"https:\/\/wp.me\/p7ETMP-s2y","jetpack-related-posts":[{"id":58520,"url":"https:\/\/vincentians.com\/fr\/elizabeth-seton-une-pionniere-spirituelle-du-nouveau-monde\/","url_meta":{"origin":107790,"position":0},"title":"Elizabeth Seton, une pionni\u00e8re spirituelle du Nouveau-Monde","author":"Francisco Javier Fern\u00e1ndez Chento","date":"04\/01\/2014","format":false,"excerpt":"Faisons un bond dans le pass\u00e9 et imaginons, au d\u00e9but du XIXe si\u00e8cle, la ville de New-York : plus de hauts buildings, mais de minuscules maisons aux fa\u00e7ades de brique rose ou cr\u00e9pies \u00e0 la chaux, plus de longues avenues rectilignes, mais de petites rues tortueuses et mal pav\u00e9es, anim\u00e9es,\u2026","rel":"","context":"Dans &quot;Elizabeth Ann Bayley Seton&quot;","block_context":{"text":"Elizabeth Ann Bayley Seton","link":"https:\/\/vincentians.com\/fr\/category\/elizabeth-ann-bayley-seton\/"},"img":{"alt_text":"","src":"https:\/\/i0.wp.com\/vincentiens.org\/wp-content\/uploads\/2012\/12\/isabel_seton_04-213x300.jpg?resize=350%2C200","width":350,"height":200},"classes":[]},{"id":105826,"url":"https:\/\/vincentians.com\/fr\/joaquin-de-souza-saraiva\/","url_meta":{"origin":107790,"position":1},"title":"Joaquin De Souza Saraiva","author":"Francisco Javier Fern\u00e1ndez Chento","date":"17\/01\/2013","format":false,"excerpt":"\u00c9v\u00eaque. N\u00e9 au dioc\u00e8se de Leiria (Portugal) le 23 octobre 1774 ; re\u00e7u au s\u00e9minaire \u00e0 Lisbonne. Arriv\u00e9 \u00e0 Macao \u6fb3\u95e8 le 16 septembre 1804. Nomm\u00e9 \u00e9v\u00eaque de Tipasa et coadjuteur de l'\u00e9v\u00eaque de Pekin\u5317\u4eac, le 20 d\u00e9cembre 1804 ; sacr\u00e9 \u00e0 Macao le 20 octobre 1805. La pers\u00e9cution l'ayant\u2026","rel":"","context":"Dans &quot;Biographies Lazaristes&quot;","block_context":{"text":"Biographies Lazaristes","link":"https:\/\/vincentians.com\/fr\/category\/biographies-lazaristes\/"},"img":{"alt_text":"","src":"https:\/\/i0.wp.com\/vincentians.com\/fr\/wp-content\/uploads\/sites\/10\/2016\/08\/bio-congregation-of-the-mission.jpg?fit=1200%2C630&ssl=1&resize=350%2C200","width":350,"height":200,"srcset":"https:\/\/i0.wp.com\/vincentians.com\/fr\/wp-content\/uploads\/sites\/10\/2016\/08\/bio-congregation-of-the-mission.jpg?fit=1200%2C630&ssl=1&resize=350%2C200 1x, https:\/\/i0.wp.com\/vincentians.com\/fr\/wp-content\/uploads\/sites\/10\/2016\/08\/bio-congregation-of-the-mission.jpg?fit=1200%2C630&ssl=1&resize=525%2C300 1.5x, https:\/\/i0.wp.com\/vincentians.com\/fr\/wp-content\/uploads\/sites\/10\/2016\/08\/bio-congregation-of-the-mission.jpg?fit=1200%2C630&ssl=1&resize=700%2C400 2x, https:\/\/i0.wp.com\/vincentians.com\/fr\/wp-content\/uploads\/sites\/10\/2016\/08\/bio-congregation-of-the-mission.jpg?fit=1200%2C630&ssl=1&resize=1050%2C600 3x"},"classes":[]},{"id":104822,"url":"https:\/\/vincentians.com\/fr\/jean-joseph-ghislain\/","url_meta":{"origin":107790,"position":2},"title":"Jean-Joseph Ghislain","author":"Francisco Javier Fern\u00e1ndez Chento","date":"07\/12\/2012","format":false,"excerpt":"\u5409\u5fb7\u660e KI TE-MING ; sur son tombeau KI\u5180 Pr\u00eatre. N\u00e9 \u00e0 Salles pr\u00e8s de Chimay, Hainaut (Belgique), le 5 mai 1751 ; re\u00e7u au s\u00e9minaire \u00e0 Paris le 1er juillet 1774 ; il y fit les v\u0153ux le 2 juillet 1776 ; y fut ordonn\u00e9 pr\u00eatre le 11 mars 1780.\u2026","rel":"","context":"Dans &quot;Biographies Lazaristes&quot;","block_context":{"text":"Biographies Lazaristes","link":"https:\/\/vincentians.com\/fr\/category\/biographies-lazaristes\/"},"img":{"alt_text":"","src":"https:\/\/i0.wp.com\/vincentians.com\/fr\/wp-content\/uploads\/sites\/10\/2016\/08\/bio-congregation-of-the-mission.jpg?fit=1200%2C630&ssl=1&resize=350%2C200","width":350,"height":200,"srcset":"https:\/\/i0.wp.com\/vincentians.com\/fr\/wp-content\/uploads\/sites\/10\/2016\/08\/bio-congregation-of-the-mission.jpg?fit=1200%2C630&ssl=1&resize=350%2C200 1x, https:\/\/i0.wp.com\/vincentians.com\/fr\/wp-content\/uploads\/sites\/10\/2016\/08\/bio-congregation-of-the-mission.jpg?fit=1200%2C630&ssl=1&resize=525%2C300 1.5x, https:\/\/i0.wp.com\/vincentians.com\/fr\/wp-content\/uploads\/sites\/10\/2016\/08\/bio-congregation-of-the-mission.jpg?fit=1200%2C630&ssl=1&resize=700%2C400 2x, https:\/\/i0.wp.com\/vincentians.com\/fr\/wp-content\/uploads\/sites\/10\/2016\/08\/bio-congregation-of-the-mission.jpg?fit=1200%2C630&ssl=1&resize=1050%2C600 3x"},"classes":[]},{"id":189331,"url":"https:\/\/vincentians.com\/fr\/ephemerides-11-juilliet\/","url_meta":{"origin":107790,"position":3},"title":"Eph\u00e9m\u00e9rides: 11 juilliet","author":"Francisco Javier Fern\u00e1ndez Chento","date":"11\/07\/2017","format":false,"excerpt":"1657. \u00c0 Paris, Monsieur Vincent pr\u00e9side l\u2019assembl\u00e9e des Dames de la Charit\u00e9 de l\u2019H\u00f4tel-Dieu. Cette r\u00e9union avait lieu chaque semaine chez la sup\u00e9rieure des Dames, ou \u00e0 Saint-Lazare, ou chez les S\u0153urs. L\u2019assembl\u00e9e de ce jour m\u00e9rite d\u2019\u00eatre not\u00e9e, parce qu\u2019Abelly nous a conserv\u00e9 le texte du discours que Monsieur\u2026","rel":"","context":"Dans &quot;\u00c9ph\u00e9m\u00e9rides vincentiens&quot;","block_context":{"text":"\u00c9ph\u00e9m\u00e9rides vincentiens","link":"https:\/\/vincentians.com\/fr\/category\/ephemerides-vincentiens\/"},"img":{"alt_text":"","src":"https:\/\/i0.wp.com\/vincentians.com\/fr\/wp-content\/uploads\/sites\/10\/2016\/07\/ephemerides-fb.jpg?fit=1200%2C630&ssl=1&resize=350%2C200","width":350,"height":200,"srcset":"https:\/\/i0.wp.com\/vincentians.com\/fr\/wp-content\/uploads\/sites\/10\/2016\/07\/ephemerides-fb.jpg?fit=1200%2C630&ssl=1&resize=350%2C200 1x, https:\/\/i0.wp.com\/vincentians.com\/fr\/wp-content\/uploads\/sites\/10\/2016\/07\/ephemerides-fb.jpg?fit=1200%2C630&ssl=1&resize=525%2C300 1.5x, https:\/\/i0.wp.com\/vincentians.com\/fr\/wp-content\/uploads\/sites\/10\/2016\/07\/ephemerides-fb.jpg?fit=1200%2C630&ssl=1&resize=700%2C400 2x, https:\/\/i0.wp.com\/vincentians.com\/fr\/wp-content\/uploads\/sites\/10\/2016\/07\/ephemerides-fb.jpg?fit=1200%2C630&ssl=1&resize=1050%2C600 3x"},"classes":[]},{"id":105212,"url":"https:\/\/vincentians.com\/fr\/paul-song\/","url_meta":{"origin":107790,"position":4},"title":"Paul Song","author":"Francisco Javier Fern\u00e1ndez Chento","date":"30\/12\/2012","format":false,"excerpt":"\u5b8b\u4fdd\u7984 SONG PAO-LOU Pr\u00eatre. N\u00e9 dans le K'ai-fong fou\u5f00\u5c01\u5e9c, Ho-nan\u6cb3\u5357, en 1774 ; re\u00e7u au s\u00e9minaire \u00e0 Pekin \u5317\u4eac, le 14 d\u00e9cembre 1799 ; il y fit les v\u0153ux le 15 d\u00e9cembre 1801 y fut ordonn\u00e9 pr\u00eatre le 4 juin 1803. Missionnaire au Hou-koang\u6e56\u5e7f, o\u00f9 il arriva en juin 1804.\u2026","rel":"","context":"Dans &quot;Biographies Lazaristes&quot;","block_context":{"text":"Biographies Lazaristes","link":"https:\/\/vincentians.com\/fr\/category\/biographies-lazaristes\/"},"img":{"alt_text":"","src":"https:\/\/i0.wp.com\/vincentians.com\/fr\/wp-content\/uploads\/sites\/10\/2016\/08\/bio-congregation-of-the-mission.jpg?fit=1200%2C630&ssl=1&resize=350%2C200","width":350,"height":200,"srcset":"https:\/\/i0.wp.com\/vincentians.com\/fr\/wp-content\/uploads\/sites\/10\/2016\/08\/bio-congregation-of-the-mission.jpg?fit=1200%2C630&ssl=1&resize=350%2C200 1x, https:\/\/i0.wp.com\/vincentians.com\/fr\/wp-content\/uploads\/sites\/10\/2016\/08\/bio-congregation-of-the-mission.jpg?fit=1200%2C630&ssl=1&resize=525%2C300 1.5x, https:\/\/i0.wp.com\/vincentians.com\/fr\/wp-content\/uploads\/sites\/10\/2016\/08\/bio-congregation-of-the-mission.jpg?fit=1200%2C630&ssl=1&resize=700%2C400 2x, https:\/\/i0.wp.com\/vincentians.com\/fr\/wp-content\/uploads\/sites\/10\/2016\/08\/bio-congregation-of-the-mission.jpg?fit=1200%2C630&ssl=1&resize=1050%2C600 3x"},"classes":[]},{"id":189341,"url":"https:\/\/vincentians.com\/fr\/ephemerides-01-juilliet\/","url_meta":{"origin":107790,"position":5},"title":"Eph\u00e9m\u00e9rides: 01 juilliet","author":"Francisco Javier Fern\u00e1ndez Chento","date":"01\/07\/2017","format":false,"excerpt":"1634. Barbe Angiboust, \u00e2g\u00e9e de 29 ans, quitte sa famille et rejoint le petit groupe des Servantes des Pauvres de Paris. Son premier service sera sur la paroisse Saint Nicolas du Chardonnet. Vincent de Paul et Louise de Marillac, ayant d\u00e9couvert la richesse et la solidit\u00e9 de sa personnalit\u00e9, l'enverront\u2026","rel":"","context":"Dans &quot;\u00c9ph\u00e9m\u00e9rides vincentiens&quot;","block_context":{"text":"\u00c9ph\u00e9m\u00e9rides vincentiens","link":"https:\/\/vincentians.com\/fr\/category\/ephemerides-vincentiens\/"},"img":{"alt_text":"","src":"https:\/\/i0.wp.com\/vincentians.com\/fr\/wp-content\/uploads\/sites\/10\/2016\/07\/ephemerides-fb.jpg?fit=1200%2C630&ssl=1&resize=350%2C200","width":350,"height":200,"srcset":"https:\/\/i0.wp.com\/vincentians.com\/fr\/wp-content\/uploads\/sites\/10\/2016\/07\/ephemerides-fb.jpg?fit=1200%2C630&ssl=1&resize=350%2C200 1x, https:\/\/i0.wp.com\/vincentians.com\/fr\/wp-content\/uploads\/sites\/10\/2016\/07\/ephemerides-fb.jpg?fit=1200%2C630&ssl=1&resize=525%2C300 1.5x, https:\/\/i0.wp.com\/vincentians.com\/fr\/wp-content\/uploads\/sites\/10\/2016\/07\/ephemerides-fb.jpg?fit=1200%2C630&ssl=1&resize=700%2C400 2x, https:\/\/i0.wp.com\/vincentians.com\/fr\/wp-content\/uploads\/sites\/10\/2016\/07\/ephemerides-fb.jpg?fit=1200%2C630&ssl=1&resize=1050%2C600 3x"},"classes":[]}],"_links":{"self":[{"href":"https:\/\/vincentians.com\/fr\/wp-json\/wp\/v2\/posts\/107790","targetHints":{"allow":["GET"]}}],"collection":[{"href":"https:\/\/vincentians.com\/fr\/wp-json\/wp\/v2\/posts"}],"about":[{"href":"https:\/\/vincentians.com\/fr\/wp-json\/wp\/v2\/types\/post"}],"author":[{"embeddable":true,"href":"https:\/\/vincentians.com\/fr\/wp-json\/wp\/v2\/users\/4"}],"replies":[{"embeddable":true,"href":"https:\/\/vincentians.com\/fr\/wp-json\/wp\/v2\/comments?post=107790"}],"version-history":[{"count":0,"href":"https:\/\/vincentians.com\/fr\/wp-json\/wp\/v2\/posts\/107790\/revisions"}],"wp:featuredmedia":[{"embeddable":true,"href":"https:\/\/vincentians.com\/fr\/wp-json\/"}],"wp:attachment":[{"href":"https:\/\/vincentians.com\/fr\/wp-json\/wp\/v2\/media?parent=107790"}],"wp:term":[{"taxonomy":"category","embeddable":true,"href":"https:\/\/vincentians.com\/fr\/wp-json\/wp\/v2\/categories?post=107790"},{"taxonomy":"post_tag","embeddable":true,"href":"https:\/\/vincentians.com\/fr\/wp-json\/wp\/v2\/tags?post=107790"}],"curies":[{"name":"wp","href":"https:\/\/api.w.org\/{rel}","templated":true}]}}