{"id":107767,"date":"2014-01-05T19:18:22","date_gmt":"2014-01-05T18:18:22","guid":{"rendered":"http:\/\/vincentiens.org\/?p=107767"},"modified":"2014-01-05T19:18:22","modified_gmt":"2014-01-05T18:18:22","slug":"histoire-generale-de-la-congregation-de-la-mission-10","status":"publish","type":"post","link":"https:\/\/vincentians.com\/fr\/histoire-generale-de-la-congregation-de-la-mission-10\/","title":{"rendered":"Histoire g\u00e9n\u00e9rale de la Congr\u00e9gation de la Mission (10)"},"content":{"rendered":"<h2><b><b>X. [L\u2019a]ssembl\u00e9e de [16]68 et ses d\u00e9crets.<\/b><\/b><\/h2>\n<p><a href=\"https:\/\/i0.wp.com\/vincentiens.org\/wp-content\/uploads\/2012\/12\/logocm.png\"><img data-recalc-dims=\"1\" loading=\"lazy\" decoding=\"async\" class=\"alignright size-medium wp-image-104093\" alt=\"logocm\" src=\"https:\/\/i0.wp.com\/vincentiens.org\/wp-content\/uploads\/2012\/12\/logocm-245x300.png?resize=245%2C300\" width=\"245\" height=\"300\" \/><\/a>La Compagnie se multipliait ainsi sous la sage conduite de M. Alm\u00e9ras et quoiqu\u2019il n\u2019y e\u00fbt qu\u2019environ sept ans qu\u2019on avait eu une assembl\u00e9e g\u00e9n\u00e9rale comme il se trouvait un grand nombre de maisons et qu\u2019on n\u2019avait fait aucun d\u00e9cret dans la derni\u00e8re, le g\u00e9n\u00e9ral jugea qu\u2019il \u00e9tait \u00e0 propos de r\u00e9gler plusieurs articles, et que pour donner plus de poids aux r\u00e8glements qui se feraient, il \u00e9tait bon de les faire autoriser par une assembl\u00e9e g\u00e9n\u00e9rale. Il avait rappel\u00e9 de Rome aupr\u00e8s de lui M. Jolly, d\u00e8s le mois d\u2019octobre de l\u2019ann\u00e9e 1665, en ayant besoin \u00e0 cause de ses infirmit\u00e9s continuelles, il l\u2019y fit assistant de la maison. Cette assembl\u00e9e de toute la Congr\u00e9gation, tenue \u00e0 St.-Lazare, est remarquable. Elle a \u00e9t\u00e9 comme le mod\u00e8le des autres qui se tinrent dans la<b> <\/b>suite, pour maintenir le bon ordre de la Compagnie et la premi\u00e8re o\u00f9 l\u2019on a fait des d\u00e9crets en langue latine \u00e0 l\u2019usage de toutes les maisons et propos\u00e9 diff\u00e9rents moyens pour conserver le premier esprit de l\u2019Institut dans les sup\u00e9rieurs et inf\u00e9rieurs par rapport aux emplois et laiss\u00e9 plusieurs articles \u00e0 r\u00e9soudre par l\u2019autorit\u00e9 du sup\u00e9rieur g\u00e9n\u00e9ral, ce qui s\u2019est pratiqu\u00e9 dans la suite dans toutes les autres assembl\u00e9es.<\/p>\n<p>Les d\u00e9crets de celle-ci sont, en substance que tous les pr\u00eatres de la Mission seront tenus de dire une messe pour chaque d\u00e9funt de la Compagnie ; outre laquelle les pr\u00eatres de chaque maison seront exhort\u00e9s d\u2019en c\u00e9l\u00e9brer deux autres apr\u00e8s le d\u00e9c\u00e8s de ceux qui mourraient dans la m\u00eame maison, si cela est compatible avec les charges de la chapelle qu\u2019on dessert, et les clercs et les fr\u00e8res devront dire une fois l\u2019office des morts avec une communion ; et un rosaire pour ceux qui ne savent pas lire, plus chaque pr\u00eatre dira tous les mois tant que faire se pourra une messe<b> <\/b>pour les d\u00e9funts de la Compagnie en g\u00e9n\u00e9ral et les autres une fois l\u2019office des morts ou le Rosaire. Les sup\u00e9rieurs locaux ni m\u00eame les visiteurs ne pourront sans la permission du g\u00e9n\u00e9ral accepter des fondations de messes perp\u00e9tuelles, de peur que dans la suite les maisons ne s\u2019en trouvent trop charg\u00e9es. Toutefois, si le sup\u00e9rieur juge avec les consulteurs qu\u2019il en faille accepter quelqu\u2019une, et que la chose presse tellement qu\u2019on ne puisse attendre la r\u00e9ponse du g\u00e9n\u00e9ral, duquel on aurait lieu de pr\u00e9sumer le consentement, on pourrait l\u2019accepter, bien entendu qu\u2019on en \u00e9crive promptement audit g\u00e9n\u00e9ral pour faire approuver la fondation, et pour lors le sup\u00e9rieur sera oblig\u00e9 de mettre le capital en rente ou achat de fonds. Ordre de se servir aux missions d\u2019une clochette pour avertir celui qui pr\u00eache de finir apr\u00e8s une heure et s\u2019il ne le fait, redoubler de sonner m\u00eame pour le sup\u00e9rieur et directeur afin que ce<b> <\/b>moyen soit plus efficace que les autres employ\u00e9s ci-devant pour emp\u00eacher la trop grande longueur des sermons, comme le sablier ou l\u2019avertissement de quelque qui dirait par derri\u00e8re le pr\u00e9dicateur un quart d\u2019heure avant la fin qu\u2019il faut avertir le peuple d\u00e8s la commencement de la mission que les jours ouvriers on ne sera que trois quart d\u2019heure en chaire et une heure tout au plus f\u00eate et dimanche.<\/p>\n<p>Pour plus grande uniformit\u00e9 dans les maisons et en m\u00eame temps pr\u00e9venir les moindres exc\u00e8s au boire et au manger outre ce qu\u2019on sert ordinairement \u00e0 table chaque jour, on ajoutera un autre plat \u00e0 No\u00ebl, \u00e0 l\u2019\u00e9piphanie, \u00e0 p\u00e2ques, le dimanche de la Quinquag\u00e9sime, et le jour du patron de la maison selon l\u2019usage de celle de St.-Lazare, et s\u2019il survient quelque doute sur la qualit\u00e9 de ce service, ce sera aux visiteurs \u00e0 le r\u00e9gler, ce visiteur passant par les maisons de la province hors le cours de la visite,<b> <\/b>le sup\u00e9rieur doit lui c\u00e9der la place d\u2019honneur au r\u00e9fectoire, et ailleurs, mais faire pour le reste son office, toutefois il ne convient pas que le visiteur assiste au chapitre et aux autres exercices humiliants, dans la r\u00e9p\u00e9tition d\u2019oraison on sera uniforme en se conformant pour la situation &amp;c., au qui se pratique dans les conf\u00e9rence spirituelles, c\u2019est-\u00e0-dire, que tout le monde sera couvert et assis tant que faire se pourra ; mais ceux qui parleront seront d\u00e9couverts et debouts, except\u00e9 les pr\u00eatres qui apr\u00e8s deux ans complets pass\u00e9s dans la Congr\u00e9gation parleront d\u00e9couverts mais assis ; on parla fort au long dans cette assembl\u00e9e des moyens de conserver sans alt\u00e9ration l\u2019esprit primitif de la Congr\u00e9gation ; chaque d\u00e9put\u00e9 proposa ceux qui lui semblaient les meilleurs, et on les \u00e9crivait en abr\u00e9g\u00e9 \u00e0 mesure qu\u2019on les proposait. Il fut dit qu\u2019\u00e0 la premi\u00e8re occasion on les mettrait en ordre pour les envoyer ensuite aux maisons avec les autres d\u00e9crets, chacun fut d\u2019avis qu\u2019il \u00e9tait exp\u00e9dient d\u2019ob\u00e9ir aux \u00e9v\u00eaques quand<b> <\/b>ils font l\u2019honneur aux missionnaires de les envoyer pour instituer, diriger, ou visiter les conf\u00e9rences eccl\u00e9siastiques de leur dioc\u00e8se, toutefois qu\u2019il fallait s\u2019excuser humblement si les autres fonctions de l\u2019institut en souffraient trop, et en avertir le sup\u00e9rieur g\u00e9n\u00e9ral, on t\u00e9moigna beaucoup de respect en toutes choses \u00e0 Mrs. les vicaires g\u00e9n\u00e9raux et craindre que quelque de la Compagnie n\u2019y faill\u00eet ; qu\u2019entre autres choses on devait leur d\u00e9f\u00e9rer l\u2019honneur de pr\u00e9sider aux conf\u00e9rences des eccl\u00e9siastiques externes qui se tiennent dans chaque maison, quoiqu\u2019on pr\u00e9voie qu\u2019ils ne l\u2019accepteront pas, leur faisant m\u00eame des instances pour cela ; du m\u00eame leur laisser b\u00e9nir la table quand ils mangent avec les missionnaires ; ordre aux sup\u00e9rieurs des maisons de ne donner que rarement aux inf\u00e9rieurs la permission d\u2019aller pr\u00eacher, confesser, ou aider autrement les cur\u00e9s des petites villes ou villages hors le temps des missions et seulement deux<b> <\/b>ou trois jours dans le besoin tant seulement ou quand il y a des raisons d\u2019\u00e9quit\u00e9 \u00e0 cause des b\u00e9n\u00e9fices ou bien ou peu consid\u00e9rables qu\u2019on a dans ces endroits l\u00e0, et on doit encore \u00eatre plus difficile \u00e0 accorder cette permission pour les f\u00eates de patron, et la refuser toujours \u00e0 celui qui la demanderait par soi m\u00eame ou par l\u2019entremise des autres\u00a0; on prie le sup\u00e9rieur g\u00e9n\u00e9ral tous en commun de n\u2019\u00eatre pas si longtemps de changer les visiteurs et sup\u00e9rieurs ; ces changements paraissants \u00eatre du bien de toute la Compagnie.<\/p>\n<p>On lut dans la m\u00eame assembl\u00e9e le rapport et diff\u00e9rentes propositions des provinces touchant les missions qu\u2019avaient faits des d\u00e9put\u00e9s choisis pour cela. L\u2019assembl\u00e9e les approuva, et en fit ins\u00e9rer quelques-unes dans le r\u00e8glement des missions, ou dans les avis qu\u2019on a coutume de donner pour cet emploi ; on r\u00e9solut d\u2019ajouter les autres \u00e0 la fin dudit r\u00e8glement, jusqu\u2019\u00e0 ce qu\u2019on v\u00eet s\u2019il fallait les y ins\u00e9rer et en quel endroit.<b> <\/b>On lut et on approuva de m\u00eame les r\u00e9ponses aux autres propositions touchant les s\u00e9minaires dont on avait la direction. Tous les d\u00e9put\u00e9s comprirent que l\u2019usage de la communication int\u00e9rieure \u00e9tait important pour la compagnie et souhait\u00e8rent en cons\u00e9quence qu\u2019il y fut toujours maintenu et apr\u00e8s avoir charg\u00e9 tous les moyens de la conserver en vigueur, on enjoignit \u00e0 tous les missionnaires l\u2019observance exacte de tout ce qui en est prescrit au chapitre dixi\u00e8me des r\u00e8gles communes avec ordre aux sup\u00e9rieurs de veiller \u00e0 l\u2019ex\u00e9cution de cette r\u00e8gle, faire de temps en temps des conf\u00e9rences l\u00e0-dessus pendant l\u2019ann\u00e9e, et assigner tous les trois mois un temps aux inf\u00e9rieurs pour le pr\u00e9parer \u00e0 la communication et les \u00e9couter ensuite ; Enfin, on parla fort d\u2019un projet fait par M. Vincent, qu\u2019il avait fort recommand\u00e9 et m\u00eame commen\u00e7ait d\u00e9j\u00e0 \u00e0 ex\u00e9cuter de faire passer un certain temps de retraite en quelque maison aux missionnaires pour s\u2019y renouveler<b> <\/b>apr\u00e8s quelques ann\u00e9es depuis l\u2019\u00e9mission de leurs v\u0153ux dans l\u2019esprit de l\u2019Institut, et acqu\u00e9rir une connaissance plus ample des fonctions. Il fut dit que quoique la situation pr\u00e9sente de la Compagnie ne perm\u00eet pas de commencer une si utile entreprise et qu\u2019il n\u2019y e\u00fbt pas m\u00eame d\u2019apparence de la commencer si t\u00f4t, il fallait pourtant essayer d\u2019en venir \u00e0 bout d\u2019abord que la chose serait possible, en donnant six mois de temps qui seraient d\u00e9termin\u00e9s par le sup\u00e9rieur g\u00e9n\u00e9ral, avec pouvoir toutefois de les abr\u00e9ger et m\u00eame d\u2019en dispenser absolument quelques-uns, ces Missionnaires ayant d\u00e9j\u00e0 travaill\u00e9s dans la vigne du Seigneur s\u2019y recueilleront et s\u2019y renouvelleront dans la pratique de la vie int\u00e9rieure ; de quoi ceux qui dans la suite passeront au s\u00e9minaire seront avertis avant les v\u0153ux pour savoir \u00e0 quoi ils seront tenus dor\u00e9navant ; mais on n\u2019y pourra obliger ceux qui se sont d\u00e9j\u00e0 agr\u00e9g\u00e9s \u00e0 la Compagnie, et il n\u2019est pas m\u00eame \u00e0 propos de les y inviter, la plupart le souhaitant avec ardeur.<b> <\/b><\/p>\n<p>Tels sont les d\u00e9crets de cette sage assembl\u00e9e. On y remarque que ne pouvant pas tout terminer, elle laissa bien des choses \u00e0 r\u00e9gler ou plut\u00f4t \u00e0 mettre en ordre pour pouvoir ensuite \u00eatre envoy\u00e9es aux maisons de la Congr\u00e9gation. M. Alm\u00e9ras malgr\u00e9 ses infirmit\u00e9s y fit travailler et y travailla lui-m\u00eame avec tant de diligence que ces diff\u00e9rents m\u00e9moires furent dress\u00e9s presque aussit\u00f4t apr\u00e8s que l\u2019assembl\u00e9e e\u00fbt \u00e9t\u00e9 cong\u00e9di\u00e9e.<\/p>\n","protected":false},"excerpt":{"rendered":"<p>X. [L\u2019a]ssembl\u00e9e de [16]68 et ses d\u00e9crets. La Compagnie se multipliait ainsi sous la sage conduite de M. Alm\u00e9ras et quoiqu\u2019il n\u2019y e\u00fbt qu\u2019environ sept ans qu\u2019on avait eu une assembl\u00e9e g\u00e9n\u00e9rale comme il se &#8230; <a href=\"https:\/\/vincentians.com\/fr\/histoire-generale-de-la-congregation-de-la-mission-10\/\" class=\"more-link\">Read More<\/a><\/p>\n","protected":false},"author":4,"featured_media":189808,"comment_status":"open","ping_status":"open","sticky":false,"template":"","format":"standard","meta":{"jetpack_post_was_ever_published":false,"_jetpack_newsletter_access":"","_jetpack_dont_email_post_to_subs":false,"_jetpack_newsletter_tier_id":0,"_jetpack_memberships_contains_paywalled_content":false,"_jetpack_memberships_contains_paid_content":false,"footnotes":"","jetpack_publicize_message":"","jetpack_publicize_feature_enabled":true,"jetpack_social_post_already_shared":true,"jetpack_social_options":{"image_generator_settings":{"template":"highway","default_image_id":0,"font":"","enabled":false},"version":2}},"categories":[134],"tags":[],"class_list":["post-107767","post","type-post","status-publish","format-standard","has-post-thumbnail","hentry","category-histoire-de-la-congregation-de-la-mission"],"yoast_head":"<!-- This site is optimized with the Yoast SEO plugin v26.3 - https:\/\/yoast.com\/wordpress\/plugins\/seo\/ -->\n<title>Histoire g\u00e9n\u00e9rale de la Congr\u00e9gation de la Mission (10) - Nous Sommes Vincentiens<\/title>\n<meta name=\"robots\" content=\"index, follow, max-snippet:-1, max-image-preview:large, max-video-preview:-1\" \/>\n<link rel=\"canonical\" href=\"https:\/\/vincentians.com\/fr\/histoire-generale-de-la-congregation-de-la-mission-10\/\" \/>\n<meta property=\"og:locale\" content=\"fr_FR\" \/>\n<meta property=\"og:type\" content=\"article\" \/>\n<meta property=\"og:title\" content=\"Histoire g\u00e9n\u00e9rale de la Congr\u00e9gation de la Mission (10) - Nous Sommes Vincentiens\" \/>\n<meta property=\"og:description\" content=\"X. [L\u2019a]ssembl\u00e9e de [16]68 et ses d\u00e9crets. La Compagnie se multipliait ainsi sous la sage conduite de M. Alm\u00e9ras et quoiqu\u2019il n\u2019y e\u00fbt qu\u2019environ sept ans qu\u2019on avait eu une assembl\u00e9e g\u00e9n\u00e9rale comme il se ... Read More\" \/>\n<meta property=\"og:url\" content=\"https:\/\/vincentians.com\/fr\/histoire-generale-de-la-congregation-de-la-mission-10\/\" \/>\n<meta property=\"og:site_name\" content=\"Nous Sommes Vincentiens\" \/>\n<meta property=\"article:publisher\" content=\"https:\/\/www.facebook.com\/WeAreVincentians\/\" \/>\n<meta property=\"article:author\" content=\"https:\/\/www.facebook.com\/JavierChento\" \/>\n<meta property=\"article:published_time\" content=\"2014-01-05T18:18:22+00:00\" \/>\n<meta property=\"og:image\" content=\"https:\/\/i0.wp.com\/vincentians.com\/fr\/wp-content\/uploads\/sites\/10\/2016\/07\/histoire-generale-de-la-congregation-de-la-mission.jpg?fit=1200%2C630&ssl=1\" \/>\n\t<meta property=\"og:image:width\" content=\"1200\" \/>\n\t<meta property=\"og:image:height\" content=\"630\" \/>\n\t<meta property=\"og:image:type\" content=\"image\/jpeg\" \/>\n<meta name=\"author\" content=\"Francisco Javier Fern\u00e1ndez Chento\" \/>\n<meta name=\"twitter:card\" content=\"summary_large_image\" \/>\n<meta name=\"twitter:creator\" content=\"@https:\/\/twitter.com\/javierchento\" \/>\n<meta name=\"twitter:site\" content=\"@WeVincentians\" \/>\n<meta name=\"twitter:label1\" content=\"\u00c9crit par\" \/>\n\t<meta name=\"twitter:data1\" content=\"Francisco Javier Fern\u00e1ndez Chento\" \/>\n\t<meta name=\"twitter:label2\" content=\"Dur\u00e9e de lecture estim\u00e9e\" \/>\n\t<meta name=\"twitter:data2\" content=\"9 minutes\" \/>\n<script type=\"application\/ld+json\" class=\"yoast-schema-graph\">{\"@context\":\"https:\/\/schema.org\",\"@graph\":[{\"@type\":\"WebPage\",\"@id\":\"https:\/\/vincentians.com\/fr\/histoire-generale-de-la-congregation-de-la-mission-10\/\",\"url\":\"https:\/\/vincentians.com\/fr\/histoire-generale-de-la-congregation-de-la-mission-10\/\",\"name\":\"Histoire g\u00e9n\u00e9rale de la Congr\u00e9gation de la Mission (10) - Nous Sommes Vincentiens\",\"isPartOf\":{\"@id\":\"https:\/\/vincentians.com\/fr\/#website\"},\"primaryImageOfPage\":{\"@id\":\"https:\/\/vincentians.com\/fr\/histoire-generale-de-la-congregation-de-la-mission-10\/#primaryimage\"},\"image\":{\"@id\":\"https:\/\/vincentians.com\/fr\/histoire-generale-de-la-congregation-de-la-mission-10\/#primaryimage\"},\"thumbnailUrl\":\"https:\/\/i0.wp.com\/vincentians.com\/fr\/wp-content\/uploads\/sites\/10\/2016\/07\/histoire-generale-de-la-congregation-de-la-mission.jpg?fit=1200%2C630&ssl=1\",\"datePublished\":\"2014-01-05T18:18:22+00:00\",\"author\":{\"@id\":\"https:\/\/vincentians.com\/fr\/#\/schema\/person\/9623ef4d9aa3b2dfb8c061f1499288f2\"},\"breadcrumb\":{\"@id\":\"https:\/\/vincentians.com\/fr\/histoire-generale-de-la-congregation-de-la-mission-10\/#breadcrumb\"},\"inLanguage\":\"fr-FR\",\"potentialAction\":[{\"@type\":\"ReadAction\",\"target\":[\"https:\/\/vincentians.com\/fr\/histoire-generale-de-la-congregation-de-la-mission-10\/\"]}]},{\"@type\":\"ImageObject\",\"inLanguage\":\"fr-FR\",\"@id\":\"https:\/\/vincentians.com\/fr\/histoire-generale-de-la-congregation-de-la-mission-10\/#primaryimage\",\"url\":\"https:\/\/i0.wp.com\/vincentians.com\/fr\/wp-content\/uploads\/sites\/10\/2016\/07\/histoire-generale-de-la-congregation-de-la-mission.jpg?fit=1200%2C630&ssl=1\",\"contentUrl\":\"https:\/\/i0.wp.com\/vincentians.com\/fr\/wp-content\/uploads\/sites\/10\/2016\/07\/histoire-generale-de-la-congregation-de-la-mission.jpg?fit=1200%2C630&ssl=1\",\"width\":1200,\"height\":630},{\"@type\":\"BreadcrumbList\",\"@id\":\"https:\/\/vincentians.com\/fr\/histoire-generale-de-la-congregation-de-la-mission-10\/#breadcrumb\",\"itemListElement\":[{\"@type\":\"ListItem\",\"position\":1,\"name\":\"Portada\",\"item\":\"https:\/\/vincentians.com\/fr\/\"},{\"@type\":\"ListItem\",\"position\":2,\"name\":\"Histoire g\u00e9n\u00e9rale de la Congr\u00e9gation de la Mission (10)\"}]},{\"@type\":\"WebSite\",\"@id\":\"https:\/\/vincentians.com\/fr\/#website\",\"url\":\"https:\/\/vincentians.com\/fr\/\",\"name\":\"Nous Sommes Vincentiens\",\"description\":\"Know more to serve more\",\"potentialAction\":[{\"@type\":\"SearchAction\",\"target\":{\"@type\":\"EntryPoint\",\"urlTemplate\":\"https:\/\/vincentians.com\/fr\/?s={search_term_string}\"},\"query-input\":{\"@type\":\"PropertyValueSpecification\",\"valueRequired\":true,\"valueName\":\"search_term_string\"}}],\"inLanguage\":\"fr-FR\"},{\"@type\":\"Person\",\"@id\":\"https:\/\/vincentians.com\/fr\/#\/schema\/person\/9623ef4d9aa3b2dfb8c061f1499288f2\",\"name\":\"Francisco Javier Fern\u00e1ndez Chento\",\"image\":{\"@type\":\"ImageObject\",\"inLanguage\":\"fr-FR\",\"@id\":\"https:\/\/vincentians.com\/fr\/#\/schema\/person\/image\/\",\"url\":\"https:\/\/secure.gravatar.com\/avatar\/497d5cde87b4c3d097d0315953521681ba2cd523ee66e5077c3711f7021e65de?s=96&d=mm&r=g\",\"contentUrl\":\"https:\/\/secure.gravatar.com\/avatar\/497d5cde87b4c3d097d0315953521681ba2cd523ee66e5077c3711f7021e65de?s=96&d=mm&r=g\",\"caption\":\"Francisco Javier Fern\u00e1ndez Chento\"},\"description\":\"Director General y cofundador de La Red de Formaci\u00f3n Vicenciana. Javier es laico vicenciano, afiliado a la Congregaci\u00f3n de la Misi\u00f3n y miembro del Equipo de Misiones Populares de la provincia can\u00f3nica de Zaragoza (Espa\u00f1a) de la Congregaci\u00f3n de la Misi\u00f3n. Graduado en la Universidad Oberta de Catalunya con cuatro grados (Asistente de direcci\u00f3n, Gesti\u00f3n Administrativa, Recursos Humanos y Contabilidad Avanzada). Bil\u00edng\u00fce Espa\u00f1ol\/Ingl\u00e9s. gestiona y mantiene varias p\u00e1ginas web cristianas y vicencianas, incluida including La Red de Formaci\u00f3n Vicenciana, de la que es cofundador. Actualmente es responsable del \u00e1rea de Espa\u00f1ol de .famvin, la Red de Noticias de la Familia Vicenciana. Tambi\u00e9n es m\u00fasico cat\u00f3lico y ha editado varios discos. Es Director General y cofundador de Trovador, una reconocida compa\u00f1\u00eda discogr\u00e1fica critiana de Espa\u00f1a. Trabaja en las Tecnolog\u00edas de la Informaci\u00f3n, ofreciendo servicios de alojamiento, dise\u00f1o y mantenimiento Web, as\u00ed como asesoramiento, formaci\u00f3n y soluciones inform\u00e1ticas, gesti\u00f3n documental y digitalizaci\u00f3n de textos, edici\u00f3n y maquetaci\u00f3n de libros, revistas, flyers, etc.\",\"sameAs\":[\"http:\/\/chento.org\",\"https:\/\/www.facebook.com\/JavierChento\",\"https:\/\/x.com\/https:\/\/twitter.com\/javierchento\"],\"url\":\"https:\/\/vincentians.com\/fr\/author\/chento\/\"}]}<\/script>\n<!-- \/ Yoast SEO plugin. -->","yoast_head_json":{"title":"Histoire g\u00e9n\u00e9rale de la Congr\u00e9gation de la Mission (10) - Nous Sommes Vincentiens","robots":{"index":"index","follow":"follow","max-snippet":"max-snippet:-1","max-image-preview":"max-image-preview:large","max-video-preview":"max-video-preview:-1"},"canonical":"https:\/\/vincentians.com\/fr\/histoire-generale-de-la-congregation-de-la-mission-10\/","og_locale":"fr_FR","og_type":"article","og_title":"Histoire g\u00e9n\u00e9rale de la Congr\u00e9gation de la Mission (10) - Nous Sommes Vincentiens","og_description":"X. [L\u2019a]ssembl\u00e9e de [16]68 et ses d\u00e9crets. La Compagnie se multipliait ainsi sous la sage conduite de M. Alm\u00e9ras et quoiqu\u2019il n\u2019y e\u00fbt qu\u2019environ sept ans qu\u2019on avait eu une assembl\u00e9e g\u00e9n\u00e9rale comme il se ... Read More","og_url":"https:\/\/vincentians.com\/fr\/histoire-generale-de-la-congregation-de-la-mission-10\/","og_site_name":"Nous Sommes Vincentiens","article_publisher":"https:\/\/www.facebook.com\/WeAreVincentians\/","article_author":"https:\/\/www.facebook.com\/JavierChento","article_published_time":"2014-01-05T18:18:22+00:00","og_image":[{"width":1200,"height":630,"url":"https:\/\/i0.wp.com\/vincentians.com\/fr\/wp-content\/uploads\/sites\/10\/2016\/07\/histoire-generale-de-la-congregation-de-la-mission.jpg?fit=1200%2C630&ssl=1","type":"image\/jpeg"}],"author":"Francisco Javier Fern\u00e1ndez Chento","twitter_card":"summary_large_image","twitter_creator":"@https:\/\/twitter.com\/javierchento","twitter_site":"@WeVincentians","twitter_misc":{"\u00c9crit par":"Francisco Javier Fern\u00e1ndez Chento","Dur\u00e9e de lecture estim\u00e9e":"9 minutes"},"schema":{"@context":"https:\/\/schema.org","@graph":[{"@type":"WebPage","@id":"https:\/\/vincentians.com\/fr\/histoire-generale-de-la-congregation-de-la-mission-10\/","url":"https:\/\/vincentians.com\/fr\/histoire-generale-de-la-congregation-de-la-mission-10\/","name":"Histoire g\u00e9n\u00e9rale de la Congr\u00e9gation de la Mission (10) - Nous Sommes Vincentiens","isPartOf":{"@id":"https:\/\/vincentians.com\/fr\/#website"},"primaryImageOfPage":{"@id":"https:\/\/vincentians.com\/fr\/histoire-generale-de-la-congregation-de-la-mission-10\/#primaryimage"},"image":{"@id":"https:\/\/vincentians.com\/fr\/histoire-generale-de-la-congregation-de-la-mission-10\/#primaryimage"},"thumbnailUrl":"https:\/\/i0.wp.com\/vincentians.com\/fr\/wp-content\/uploads\/sites\/10\/2016\/07\/histoire-generale-de-la-congregation-de-la-mission.jpg?fit=1200%2C630&ssl=1","datePublished":"2014-01-05T18:18:22+00:00","author":{"@id":"https:\/\/vincentians.com\/fr\/#\/schema\/person\/9623ef4d9aa3b2dfb8c061f1499288f2"},"breadcrumb":{"@id":"https:\/\/vincentians.com\/fr\/histoire-generale-de-la-congregation-de-la-mission-10\/#breadcrumb"},"inLanguage":"fr-FR","potentialAction":[{"@type":"ReadAction","target":["https:\/\/vincentians.com\/fr\/histoire-generale-de-la-congregation-de-la-mission-10\/"]}]},{"@type":"ImageObject","inLanguage":"fr-FR","@id":"https:\/\/vincentians.com\/fr\/histoire-generale-de-la-congregation-de-la-mission-10\/#primaryimage","url":"https:\/\/i0.wp.com\/vincentians.com\/fr\/wp-content\/uploads\/sites\/10\/2016\/07\/histoire-generale-de-la-congregation-de-la-mission.jpg?fit=1200%2C630&ssl=1","contentUrl":"https:\/\/i0.wp.com\/vincentians.com\/fr\/wp-content\/uploads\/sites\/10\/2016\/07\/histoire-generale-de-la-congregation-de-la-mission.jpg?fit=1200%2C630&ssl=1","width":1200,"height":630},{"@type":"BreadcrumbList","@id":"https:\/\/vincentians.com\/fr\/histoire-generale-de-la-congregation-de-la-mission-10\/#breadcrumb","itemListElement":[{"@type":"ListItem","position":1,"name":"Portada","item":"https:\/\/vincentians.com\/fr\/"},{"@type":"ListItem","position":2,"name":"Histoire g\u00e9n\u00e9rale de la Congr\u00e9gation de la Mission (10)"}]},{"@type":"WebSite","@id":"https:\/\/vincentians.com\/fr\/#website","url":"https:\/\/vincentians.com\/fr\/","name":"Nous Sommes Vincentiens","description":"Know more to serve more","potentialAction":[{"@type":"SearchAction","target":{"@type":"EntryPoint","urlTemplate":"https:\/\/vincentians.com\/fr\/?s={search_term_string}"},"query-input":{"@type":"PropertyValueSpecification","valueRequired":true,"valueName":"search_term_string"}}],"inLanguage":"fr-FR"},{"@type":"Person","@id":"https:\/\/vincentians.com\/fr\/#\/schema\/person\/9623ef4d9aa3b2dfb8c061f1499288f2","name":"Francisco Javier Fern\u00e1ndez Chento","image":{"@type":"ImageObject","inLanguage":"fr-FR","@id":"https:\/\/vincentians.com\/fr\/#\/schema\/person\/image\/","url":"https:\/\/secure.gravatar.com\/avatar\/497d5cde87b4c3d097d0315953521681ba2cd523ee66e5077c3711f7021e65de?s=96&d=mm&r=g","contentUrl":"https:\/\/secure.gravatar.com\/avatar\/497d5cde87b4c3d097d0315953521681ba2cd523ee66e5077c3711f7021e65de?s=96&d=mm&r=g","caption":"Francisco Javier Fern\u00e1ndez Chento"},"description":"Director General y cofundador de La Red de Formaci\u00f3n Vicenciana. Javier es laico vicenciano, afiliado a la Congregaci\u00f3n de la Misi\u00f3n y miembro del Equipo de Misiones Populares de la provincia can\u00f3nica de Zaragoza (Espa\u00f1a) de la Congregaci\u00f3n de la Misi\u00f3n. Graduado en la Universidad Oberta de Catalunya con cuatro grados (Asistente de direcci\u00f3n, Gesti\u00f3n Administrativa, Recursos Humanos y Contabilidad Avanzada). Bil\u00edng\u00fce Espa\u00f1ol\/Ingl\u00e9s. gestiona y mantiene varias p\u00e1ginas web cristianas y vicencianas, incluida including La Red de Formaci\u00f3n Vicenciana, de la que es cofundador. Actualmente es responsable del \u00e1rea de Espa\u00f1ol de .famvin, la Red de Noticias de la Familia Vicenciana. Tambi\u00e9n es m\u00fasico cat\u00f3lico y ha editado varios discos. Es Director General y cofundador de Trovador, una reconocida compa\u00f1\u00eda discogr\u00e1fica critiana de Espa\u00f1a. Trabaja en las Tecnolog\u00edas de la Informaci\u00f3n, ofreciendo servicios de alojamiento, dise\u00f1o y mantenimiento Web, as\u00ed como asesoramiento, formaci\u00f3n y soluciones inform\u00e1ticas, gesti\u00f3n documental y digitalizaci\u00f3n de textos, edici\u00f3n y maquetaci\u00f3n de libros, revistas, flyers, etc.","sameAs":["http:\/\/chento.org","https:\/\/www.facebook.com\/JavierChento","https:\/\/x.com\/https:\/\/twitter.com\/javierchento"],"url":"https:\/\/vincentians.com\/fr\/author\/chento\/"}]}},"jetpack_publicize_connections":[],"jetpack_featured_media_url":"https:\/\/i0.wp.com\/vincentians.com\/fr\/wp-content\/uploads\/sites\/10\/2016\/07\/histoire-generale-de-la-congregation-de-la-mission.jpg?fit=1200%2C630&ssl=1","jetpack_sharing_enabled":true,"jetpack_shortlink":"https:\/\/wp.me\/p7ETMP-s2b","jetpack-related-posts":[{"id":54379,"url":"https:\/\/vincentians.com\/fr\/les-voeux-dans-la-congregation-nature-necessite-et-utilite\/","url_meta":{"origin":107767,"position":0},"title":"Les voeux dans la Congr\u00e9gation: nature, necessit\u00e9 et utilit\u00e9","author":"Francisco Javier Fern\u00e1ndez Chento","date":"03\/11\/2012","format":false,"excerpt":"Remarque pr\u00e9liminaire: Les membres de ce Groupe, constitu\u00e9 par le Sup\u00e9rieur G\u00e9n\u00e9ral (Constitutions n. 54, D\u00e9crets Temporaires n. 2) s'acquittent d'un double devoir: chacun y repr\u00e9sente une section de la Congr\u00e9gation (un groupe linguistique ou g\u00e9ographique), y travaille avec sa propre comp\u00e9tence. En tant que repr\u00e9sentant, il doit veiller \u00e1\u2026","rel":"","context":"Dans &quot;Congr\u00e9gation de la Mission&quot;","block_context":{"text":"Congr\u00e9gation de la Mission","link":"https:\/\/vincentians.com\/fr\/category\/congregation-de-la-mission\/"},"img":{"alt_text":"","src":"https:\/\/i0.wp.com\/vincentiens.org\/wp-content\/uploads\/2011\/08\/logocm-237x300.jpg?resize=350%2C200","width":350,"height":200},"classes":[]},{"id":108219,"url":"https:\/\/vincentians.com\/fr\/histoire-generale-de-la-congregation-de-la-mission-50\/","url_meta":{"origin":107767,"position":1},"title":"Histoire g\u00e9n\u00e9rale de la Congr\u00e9gation de la Mission (50)","author":"Francisco Javier Fern\u00e1ndez Chento","date":"16\/02\/2014","format":false,"excerpt":"L. D\u00e9crets de l\u2019assembl\u00e9e de 1697 L\u2019\u00e9lection \u00e9tant faite, on se contenta d\u2019ajouter peu de d\u00e9crets aux pr\u00e9c\u00e9dents, qui regardaient presque tous des choses \u00e0 r\u00e9gler pour le bon ordre des assembl\u00e9es et le v\u0153u de pauvret\u00e9, toujours sujet \u00e0 \u00eatre enfreint dans la Compagnie. On dit que si quelqu\u2019un\u2026","rel":"","context":"Dans &quot;Histoire de la Congr\u00e9gation de la Mission&quot;","block_context":{"text":"Histoire de la Congr\u00e9gation de la Mission","link":"https:\/\/vincentians.com\/fr\/category\/histoire-de-la-congregation-de-la-mission\/"},"img":{"alt_text":"","src":"https:\/\/i0.wp.com\/vincentians.com\/fr\/wp-content\/uploads\/sites\/10\/2016\/07\/histoire-generale-de-la-congregation-de-la-mission.jpg?fit=1200%2C630&ssl=1&resize=350%2C200","width":350,"height":200,"srcset":"https:\/\/i0.wp.com\/vincentians.com\/fr\/wp-content\/uploads\/sites\/10\/2016\/07\/histoire-generale-de-la-congregation-de-la-mission.jpg?fit=1200%2C630&ssl=1&resize=350%2C200 1x, https:\/\/i0.wp.com\/vincentians.com\/fr\/wp-content\/uploads\/sites\/10\/2016\/07\/histoire-generale-de-la-congregation-de-la-mission.jpg?fit=1200%2C630&ssl=1&resize=525%2C300 1.5x, https:\/\/i0.wp.com\/vincentians.com\/fr\/wp-content\/uploads\/sites\/10\/2016\/07\/histoire-generale-de-la-congregation-de-la-mission.jpg?fit=1200%2C630&ssl=1&resize=700%2C400 2x, https:\/\/i0.wp.com\/vincentians.com\/fr\/wp-content\/uploads\/sites\/10\/2016\/07\/histoire-generale-de-la-congregation-de-la-mission.jpg?fit=1200%2C630&ssl=1&resize=1050%2C600 3x"},"classes":[]},{"id":107867,"url":"https:\/\/vincentians.com\/fr\/histoire-generale-de-la-congregation-de-la-mission-21\/","url_meta":{"origin":107767,"position":2},"title":"Histoire g\u00e9n\u00e9rale de la Congr\u00e9gation de la Mission (21)","author":"Francisco Javier Fern\u00e1ndez Chento","date":"18\/01\/2014","format":false,"excerpt":"XXI. D\u00e9crets de l\u2019assembl\u00e9e de 1673 L\u2019assembl\u00e9e de 1673 tenue cinq ans apr\u00e8s la pr\u00e9c\u00e9dante, o\u00f9 se trouv\u00e8rent une bonne partie des d\u00e9put\u00e9s qui avaient assist\u00e9 \u00e0 la premi\u00e8re, apr\u00e8s avoir pourvu la Congr\u00e9gation d\u2019un chef, en la personne du sup\u00e9rieur g\u00e9n\u00e9ral, voulut se conformer \u00e0 l\u2019autre assembl\u00e9e pour faire\u2026","rel":"","context":"Dans &quot;Histoire de la Congr\u00e9gation de la Mission&quot;","block_context":{"text":"Histoire de la Congr\u00e9gation de la Mission","link":"https:\/\/vincentians.com\/fr\/category\/histoire-de-la-congregation-de-la-mission\/"},"img":{"alt_text":"","src":"https:\/\/i0.wp.com\/vincentians.com\/fr\/wp-content\/uploads\/sites\/10\/2016\/07\/histoire-generale-de-la-congregation-de-la-mission.jpg?fit=1200%2C630&ssl=1&resize=350%2C200","width":350,"height":200,"srcset":"https:\/\/i0.wp.com\/vincentians.com\/fr\/wp-content\/uploads\/sites\/10\/2016\/07\/histoire-generale-de-la-congregation-de-la-mission.jpg?fit=1200%2C630&ssl=1&resize=350%2C200 1x, https:\/\/i0.wp.com\/vincentians.com\/fr\/wp-content\/uploads\/sites\/10\/2016\/07\/histoire-generale-de-la-congregation-de-la-mission.jpg?fit=1200%2C630&ssl=1&resize=525%2C300 1.5x, https:\/\/i0.wp.com\/vincentians.com\/fr\/wp-content\/uploads\/sites\/10\/2016\/07\/histoire-generale-de-la-congregation-de-la-mission.jpg?fit=1200%2C630&ssl=1&resize=700%2C400 2x, https:\/\/i0.wp.com\/vincentians.com\/fr\/wp-content\/uploads\/sites\/10\/2016\/07\/histoire-generale-de-la-congregation-de-la-mission.jpg?fit=1200%2C630&ssl=1&resize=1050%2C600 3x"},"classes":[]},{"id":107987,"url":"https:\/\/vincentians.com\/fr\/histoire-generale-de-la-congregation-de-la-mission-43\/","url_meta":{"origin":107767,"position":3},"title":"Histoire g\u00e9n\u00e9rale de la Congr\u00e9gation de la Mission (43)","author":"Francisco Javier Fern\u00e1ndez Chento","date":"09\/02\/2014","format":false,"excerpt":"XLIII. Autre assembl\u00e9e g\u00e9n\u00e9rale en 1692. Ses d\u00e9crets. On a d\u00e9j\u00e0 dit ci-dessus que le d\u00e9cret de l\u2019assembl\u00e9e pr\u00e9c\u00e9dante qui donne une place distingu\u00e9e aux assistants faisait beaucoup de peine \u00e0 M. Jolly. Et qu\u2019il le jugeait contraire \u00e0 la simplicit\u00e9, dont la Congr\u00e9gation fait une profession particuli\u00e8re. Peut-\u00eatre voyait-il\u2026","rel":"","context":"Dans &quot;Histoire de la Congr\u00e9gation de la Mission&quot;","block_context":{"text":"Histoire de la Congr\u00e9gation de la Mission","link":"https:\/\/vincentians.com\/fr\/category\/histoire-de-la-congregation-de-la-mission\/"},"img":{"alt_text":"","src":"https:\/\/i0.wp.com\/vincentians.com\/fr\/wp-content\/uploads\/sites\/10\/2016\/07\/histoire-generale-de-la-congregation-de-la-mission.jpg?fit=1200%2C630&ssl=1&resize=350%2C200","width":350,"height":200,"srcset":"https:\/\/i0.wp.com\/vincentians.com\/fr\/wp-content\/uploads\/sites\/10\/2016\/07\/histoire-generale-de-la-congregation-de-la-mission.jpg?fit=1200%2C630&ssl=1&resize=350%2C200 1x, https:\/\/i0.wp.com\/vincentians.com\/fr\/wp-content\/uploads\/sites\/10\/2016\/07\/histoire-generale-de-la-congregation-de-la-mission.jpg?fit=1200%2C630&ssl=1&resize=525%2C300 1.5x, https:\/\/i0.wp.com\/vincentians.com\/fr\/wp-content\/uploads\/sites\/10\/2016\/07\/histoire-generale-de-la-congregation-de-la-mission.jpg?fit=1200%2C630&ssl=1&resize=700%2C400 2x, https:\/\/i0.wp.com\/vincentians.com\/fr\/wp-content\/uploads\/sites\/10\/2016\/07\/histoire-generale-de-la-congregation-de-la-mission.jpg?fit=1200%2C630&ssl=1&resize=1050%2C600 3x"},"classes":[]},{"id":151055,"url":"https:\/\/vincentians.com\/fr\/histoire-generale-de-la-congregation-de-la-mission-65\/","url_meta":{"origin":107767,"position":4},"title":"Histoire g\u00e9n\u00e9rale de la Congr\u00e9gation de la Mission (65)","author":"Francisco Javier Fern\u00e1ndez Chento","date":"11\/01\/2015","format":false,"excerpt":"LXV. Demandes de l\u2019assembl\u00e9e et des r\u00e9ponses. On laissa \u00e0 l\u2019ordinaire d\u2019autres demandes en cette assembl\u00e9e pour \u00eatre r\u00e9solues par le g\u00e9n\u00e9ral. Il y r\u00e9pondit peu apr\u00e8s. On souhaita donc qu\u2019on v\u00eet imprimer le second tome des C\u00e9r\u00e9monies promis tant de fois. On en r\u00e9gla la d\u00e9pense des malades, qui\u2026","rel":"","context":"Dans &quot;Histoire de la Congr\u00e9gation de la Mission&quot;","block_context":{"text":"Histoire de la Congr\u00e9gation de la Mission","link":"https:\/\/vincentians.com\/fr\/category\/histoire-de-la-congregation-de-la-mission\/"},"img":{"alt_text":"","src":"https:\/\/i0.wp.com\/vincentians.com\/fr\/wp-content\/uploads\/sites\/10\/2016\/07\/histoire-generale-de-la-congregation-de-la-mission.jpg?fit=1200%2C630&ssl=1&resize=350%2C200","width":350,"height":200,"srcset":"https:\/\/i0.wp.com\/vincentians.com\/fr\/wp-content\/uploads\/sites\/10\/2016\/07\/histoire-generale-de-la-congregation-de-la-mission.jpg?fit=1200%2C630&ssl=1&resize=350%2C200 1x, https:\/\/i0.wp.com\/vincentians.com\/fr\/wp-content\/uploads\/sites\/10\/2016\/07\/histoire-generale-de-la-congregation-de-la-mission.jpg?fit=1200%2C630&ssl=1&resize=525%2C300 1.5x, https:\/\/i0.wp.com\/vincentians.com\/fr\/wp-content\/uploads\/sites\/10\/2016\/07\/histoire-generale-de-la-congregation-de-la-mission.jpg?fit=1200%2C630&ssl=1&resize=700%2C400 2x, https:\/\/i0.wp.com\/vincentians.com\/fr\/wp-content\/uploads\/sites\/10\/2016\/07\/histoire-generale-de-la-congregation-de-la-mission.jpg?fit=1200%2C630&ssl=1&resize=1050%2C600 3x"},"classes":[]},{"id":107980,"url":"https:\/\/vincentians.com\/fr\/histoire-generale-de-la-congregation-de-la-mission-37\/","url_meta":{"origin":107767,"position":5},"title":"Histoire g\u00e9n\u00e9rale de la Congr\u00e9gation de la Mission (37)","author":"Francisco Javier Fern\u00e1ndez Chento","date":"03\/02\/2014","format":false,"excerpt":"XXXVII. Assembl\u00e9e sexennale On ne vit pas dor\u00e9navant de relations si amples ni si circonstanci\u00e9es du succ\u00e8s des fonctions de la Compagnie dans diff\u00e9rentes maisons, et les sup\u00e9rieurs g\u00e9n\u00e9raux n\u2019en n\u2019informeront plus autant dans le d\u00e9tail les familles particuli\u00e8res, soit parce que les emplois paraissent mieux r\u00e9ussir dans le commencement,\u2026","rel":"","context":"Dans &quot;Histoire de la Congr\u00e9gation de la Mission&quot;","block_context":{"text":"Histoire de la Congr\u00e9gation de la Mission","link":"https:\/\/vincentians.com\/fr\/category\/histoire-de-la-congregation-de-la-mission\/"},"img":{"alt_text":"","src":"https:\/\/i0.wp.com\/vincentians.com\/fr\/wp-content\/uploads\/sites\/10\/2016\/07\/histoire-generale-de-la-congregation-de-la-mission.jpg?fit=1200%2C630&ssl=1&resize=350%2C200","width":350,"height":200,"srcset":"https:\/\/i0.wp.com\/vincentians.com\/fr\/wp-content\/uploads\/sites\/10\/2016\/07\/histoire-generale-de-la-congregation-de-la-mission.jpg?fit=1200%2C630&ssl=1&resize=350%2C200 1x, https:\/\/i0.wp.com\/vincentians.com\/fr\/wp-content\/uploads\/sites\/10\/2016\/07\/histoire-generale-de-la-congregation-de-la-mission.jpg?fit=1200%2C630&ssl=1&resize=525%2C300 1.5x, https:\/\/i0.wp.com\/vincentians.com\/fr\/wp-content\/uploads\/sites\/10\/2016\/07\/histoire-generale-de-la-congregation-de-la-mission.jpg?fit=1200%2C630&ssl=1&resize=700%2C400 2x, https:\/\/i0.wp.com\/vincentians.com\/fr\/wp-content\/uploads\/sites\/10\/2016\/07\/histoire-generale-de-la-congregation-de-la-mission.jpg?fit=1200%2C630&ssl=1&resize=1050%2C600 3x"},"classes":[]}],"_links":{"self":[{"href":"https:\/\/vincentians.com\/fr\/wp-json\/wp\/v2\/posts\/107767","targetHints":{"allow":["GET"]}}],"collection":[{"href":"https:\/\/vincentians.com\/fr\/wp-json\/wp\/v2\/posts"}],"about":[{"href":"https:\/\/vincentians.com\/fr\/wp-json\/wp\/v2\/types\/post"}],"author":[{"embeddable":true,"href":"https:\/\/vincentians.com\/fr\/wp-json\/wp\/v2\/users\/4"}],"replies":[{"embeddable":true,"href":"https:\/\/vincentians.com\/fr\/wp-json\/wp\/v2\/comments?post=107767"}],"version-history":[{"count":0,"href":"https:\/\/vincentians.com\/fr\/wp-json\/wp\/v2\/posts\/107767\/revisions"}],"wp:featuredmedia":[{"embeddable":true,"href":"https:\/\/vincentians.com\/fr\/wp-json\/wp\/v2\/media\/189808"}],"wp:attachment":[{"href":"https:\/\/vincentians.com\/fr\/wp-json\/wp\/v2\/media?parent=107767"}],"wp:term":[{"taxonomy":"category","embeddable":true,"href":"https:\/\/vincentians.com\/fr\/wp-json\/wp\/v2\/categories?post=107767"},{"taxonomy":"post_tag","embeddable":true,"href":"https:\/\/vincentians.com\/fr\/wp-json\/wp\/v2\/tags?post=107767"}],"curies":[{"name":"wp","href":"https:\/\/api.w.org\/{rel}","templated":true}]}}