{"id":107766,"date":"2014-01-06T19:18:22","date_gmt":"2014-01-06T18:18:22","guid":{"rendered":"http:\/\/vincentiens.org\/?p=107766"},"modified":"2014-01-06T19:18:22","modified_gmt":"2014-01-06T18:18:22","slug":"histoire-generale-de-la-congregation-de-la-mission-11","status":"publish","type":"post","link":"https:\/\/vincentians.com\/fr\/histoire-generale-de-la-congregation-de-la-mission-11\/","title":{"rendered":"Histoire g\u00e9n\u00e9rale de la Congr\u00e9gation de la Mission (11)"},"content":{"rendered":"<h2><b><b>XI. M\u00e9moires importants dress\u00e9s par ordre de l\u2019assembl\u00e9e.<\/b><\/b><\/h2>\n<p><a href=\"https:\/\/i0.wp.com\/vincentiens.org\/wp-content\/uploads\/2012\/12\/logocm.png\"><img data-recalc-dims=\"1\" loading=\"lazy\" decoding=\"async\" class=\"alignright size-medium wp-image-104093\" alt=\"logocm\" src=\"https:\/\/i0.wp.com\/vincentiens.org\/wp-content\/uploads\/2012\/12\/logocm-245x300.png?resize=245%2C300\" width=\"245\" height=\"300\" \/><\/a>Entre les autres m\u00e9moires, un des plus beaux est celui qui contient les moyens propos\u00e9s dans l\u2019assembl\u00e9e pour conserver le premier esprit de l\u2019Institut. Ils sont excellents tant par rapport au bien particulier des missionnaires que pour l\u2019utilit\u00e9 de la Compagnie en g\u00e9n\u00e9ral. Ces moyens sont la pri\u00e8re, o\u00f9 l\u2019on demande \u00e0 Dieu qui a donn\u00e9 cet esprit de le conserver, disant pour cela la messe une fois le mois,<b> <\/b>communiant et r\u00e9citant quelques pri\u00e8res vocales, entre autres l\u2019oraison de l\u2019octave de saint Laurent<span id='easy-footnote-1-107766' class='easy-footnote-margin-adjust'><\/span><span class='easy-footnote'><a href='https:\/\/vincentians.com\/fr\/histoire-generale-de-la-congregation-de-la-mission-11\/#easy-footnote-bottom-1-107766' title='17 ao\u00fbt : &lt;i&gt;Excita, Domine, in Ecclesia tua, Spiritum, cui beatus Laurentius Levita servivit : ut, eodem nos repleti, studeamus amare quod amavit, et opere exercere quod docuit&lt;\/i&gt;.'><sup>1<\/sup><\/a><\/span>, en y changeant son nom en celui du serviteur de Dieu, Vincent de Paul ; l\u2019estime et l\u2019observance des r\u00e8gles o\u00f9 est renferm\u00e9 cet esprit, et principalement de celles qui regardent les v\u0153ux, l\u2019oraison mentale du matin, la pratique de la mortification, la communication de son int\u00e9rieur tous les trois mois, la retraite tous les ans, et l\u2019observance des avis qu\u2019on a donn\u00e9s pour le bon acquit des fonctions, \u00e0 quoi les principaux officiers de la maison doivent veiller ; la lecture de la Vie de M. Vincent de temps en temps au r\u00e9fectoire et en son particulier pour remarquer si on ne s\u2019\u00e9loigne pas de ses maximes et de ses exemples : ce digne fondateur ayant \u00e9t\u00e9 rempli de cet esprit qui ne s\u2019est communiqu\u00e9 que par son entremise \u00e0 la Congr\u00e9gation ; les conf\u00e9rences spirituelles si utiles jusqu\u2019\u00e0 pr\u00e9sent, m\u00eame parmi les externes ;<b> <\/b>en assigner quelques fois pour sujet pendant l\u2019ann\u00e9e l\u2019importance de conserver cet esprit et de pratiquer les vertus qui le composent, comme la simplicit\u00e9, l\u2019humilit\u00e9, le d\u00e9sint\u00e9ressement qui l\u2019ont fait si fort estimer aux externes, sans oublier de traiter des marques qui doivent faire juger si on conserve cet esprit o\u00f9 si on en est d\u00e9chu ; faire un bon usage des visites, qui servent merveilleusement \u00e0 conserver le m\u00eame esprit, et apportent ordinairement beaucoup de b\u00e9n\u00e9dictions aux maisons, quand on les y re\u00e7oit avec respect et avec d\u00e9sir d\u2019en profiter, et une bonne volont\u00e9 d\u2019en garder les ordonnances et de se rendre fid\u00e8le aux avis que l\u2019on y donne pour le dedans et pour le dehors.<\/p>\n<p>\u00c0 ces premiers moyens on ajoute les suivants : se communiquer ensemble les biens qui se font dans les maisons pour la gloire de Dieu et du salut des \u00e2mes ;<b> <\/b>entendre avec plaisir les recueils des vies et actions des Missionnaires d\u00e9funts, l\u2019usage \u00e9tant d\u2019en faire part \u00e0 toute la Compagnie ; veiller bien sur les s\u00e9minaristes avant que de les admettre aux v\u0153ux, afin de bien conna\u00eetre l\u2019inclination et l\u2019aptitude \u00e0 l\u2019\u00e9gard de l\u2019Institut et de ses fonctions ; et pour cela ne les \u00e9loigner pas du s\u00e9minaire, \u00e0 moins que ce ne soit pour les envoyer en mission, et leur faire ainsi conna\u00eetre d\u2019abord par exp\u00e9rience, estimer et aimer cette principale fonction, que s\u2019il s\u2019en trouve quelqu\u2019un dans les maisons particuli\u00e8res, les sup\u00e9rieurs en doivent prendre un grand soin, les exercer \u00e0 la vertu et les obliger \u00e0 ne pas n\u00e9gliger les pratiques du s\u00e9minaire ; veiller de m\u00eame sur les \u00e9tudiants, dont il faut que les r\u00e9gents soient pleins de ce m\u00eame esprit pour porter les \u00e9coliers \u00e0 l\u2019humilit\u00e9, \u00e0 la mortification,<b> <\/b>\u00e0 l\u2019oraison et \u00e0 l\u2019observance de tous les usages de la Compagnie, de peur que les \u00e9tudes quoique saintes et entreprises pour une bonne fin ne soient une occasion de se rel\u00e2cher dans la pi\u00e9t\u00e9 et par-l\u00e0 une disposition \u00e0 perdre l\u2019esprit de leur \u00e9tat pour en prendre un tout contraire, quand il se fait de nouveaux \u00e9tablissements, prendre bien garde qu\u2019y chacun contribue \u00e0 un bon commencement et donner \u00e0 ces nouvelles maisons le train et la forme la plus approchante de celle de St.-Lazare, attendu qu\u2019il est plus ais\u00e9 de continuer ce qu\u2019on a bien commenc\u00e9 que de redresser ce qui d\u2019abord a \u00e9t\u00e9 mal fait, et il faut construire ou ranger un b\u00e2timent d\u00e9j\u00e0 fait, et en prendre auparavant les avis du g\u00e9n\u00e9ral ou du visiteur, parce que la r\u00e9gularit\u00e9 d\u2019un \u00e9difice dans la juste disposition des salles et appartements sert beaucoup \u00e0<b> <\/b>maintenir l\u2019esprit et \u00e0 \u00e9loigner la dissipation. Bien se pr\u00e9cautionner contre le rel\u00e2chement et le d\u00e9faut de r\u00e9collection qui s\u2019introduit ais\u00e9ment dans les petites communaut\u00e9s o\u00f9 il y a peu de monde, et quelques fois beaucoup de fonctions \u00e0 faire, sp\u00e9cialement dans les cures, o\u00f9 les sup\u00e9rieurs doivent maintenir soigneusement l\u2019ordre et le train des exercices avec l\u2019observance des r\u00e8gles ; faire quelques jours de retraite apr\u00e8s la fin des missions surtout de celles qui durent quelques temps, car pour lors on perd assez ordinairement le go\u00fbt et l\u2019affection du train de la communaut\u00e9, enfin pratiquer la r\u00e8gle qui ordonne de se servir de toutes sortes de pr\u00e9cautions imaginables pour garder la puret\u00e9, ne parlant aux personnes du sexe que dans la n\u00e9cessit\u00e9, et cela avec de grandes circonspections, et m\u00eame dans les fonctions les plus saintes ; s\u2019\u00e9loigner<b> <\/b>tant qu\u2019on peut de tout commerce du monde dont l\u2019esprit est tout \u00e0 fait oppos\u00e9 \u00e0 celui de la Compagnie ; ce qui oblige \u00e0 retrancher les visites actives et passives non n\u00e9cessaires, les lettres superflues, la sollicitation des affaires, la direction de gens du monde.<\/p>\n<p>Voil\u00e0 les moyens que, pour lors, on jugea pour lors utiles \u00e0 conserver le premier esprit de l\u2019\u00e9tat. On reconna\u00eet bien que ceux qui les proposaient en \u00e9taient eux-m\u00eames remplis et tr\u00e8s propres pour les transmettre aux autres ; heureux seront les Missionnaires s\u2019ils ne d\u00e9g\u00e9n\u00e8rent pas, ni en ceci ni en d\u2019autres choses, de la d\u00e9votion et de la ferveur de leurs pr\u00e9d\u00e9cesseurs. On dressa de m\u00eame un m\u00e9moire des avis donn\u00e9s dans l\u2019assembl\u00e9e pour la perfection des fonctions de la Compagnie en commen\u00e7ant par les Missions, on dit qu\u2019il doit y avoir au moins trois pr\u00eatres pour une plus grande exactitude dans l\u2019observance du r\u00e8glement, lequel doit \u00eatre lu m\u00eame en pr\u00e9sence des pr\u00eatres externes, s\u2019il y en a, mais non les avis particuliers pour le directeur et les autres. Il faut chaque jour deux sermons, l\u2019un en<b> <\/b>forme de grand cat\u00e9chisme, selon ce qui a \u00e9t\u00e9 en usage d\u00e8s le commencement et l\u00e0 apr\u00e8s quelques interrogations faites \u00e0 des enfants durant un demi quart d\u2019heure sur ce qui a \u00e9t\u00e9 dit au petit cat\u00e9chisme, on explique un pr\u00e9cepte du d\u00e9calogue ou la substance et les circonstances d\u2019un myst\u00e8re s\u2019il en est question, et ensuite les fruits qu\u2019il en faut tirer pour la pratique d\u2019un seul sermon peut suffire par tous dans les petits lieux quand il y a peu des pr\u00e9dicateurs, les commen\u00e7ants seront appliqu\u00e9s aux petits cat\u00e9chismes avant que de les faire pr\u00eacher, puis occup\u00e9s selon leurs talents et dispositions \u00e0 d\u00e9biter de grands cat\u00e9chismes et des pi\u00e8ces de mouvement ; on se sert du cat\u00e9chisme de la mission \u00e0 moins que les \u00e9v\u00eaques ou les cur\u00e9s ne souhaitent qu\u2019on prenne celui du dioc\u00e8se, et pour lors il faudrait s\u2019accommoder dans les sujets qu\u2019on choisit aux demandes et r\u00e9ponses qui y sont, il convient de donner un temps aux sourds et aux enfants pour les confesser, ne pas suivre, au tribunal les opinions rel\u00e2ch\u00e9es et surtout celles<b> <\/b>que les derniers Papes ont condamn\u00e9es ; s\u2019attacher toujours aux sentiments les mieux appuy\u00e9s de l\u2019\u00c9vangile, des conciles et des P\u00e8res ; ne pas se charger des restitutions \u00e0 moins de n\u00e9cessit\u00e9, et pour lors les remettre entre les mains des sup\u00e9rieurs [<i>sic<\/i>] ou directeur qui retirera de celui \u00e0 qui on rend un billet pour le remettre \u00e0 l\u2019autre dont on l\u2019a re\u00e7u et si ces sont de restitutions incertaines, prendre l\u2019avis de quelques personnes sages, surtout du cur\u00e9 pour en faire l\u2019application en des \u0153uvres de pi\u00e9t\u00e9, de plus ne se montrer pas facile \u00e0 recevoir l\u2019argent qu\u2019offriraient des p\u00e9nitents pour les aum\u00f4nes ; ou si on le re\u00e7oit, c\u2019est au directeur et non \u00e0 nul autre \u00e0 qui il convient d\u2019en faire la distribution \u00e0 la fin de la mission, sans pourtant se charger de distribuer de la paye ou des denr\u00e9es que le p\u00e9nitent lui-m\u00eame doit donner ou faire donner par qui il voudra, ce n\u2019est point aux confesseurs \u00e0 donner des chapelets, images, &amp;c., \u00e0 ceux qu\u2019ils entendent, mais au directeur ou au cat\u00e9chiste \u00e0 qui il faut les renvoyer quand ils en demandent.<\/p>\n<p>On ne fait faire qu\u2019une communion<b> <\/b>g\u00e9n\u00e9rale et prendre un jour auparavant pour y faire communier les infirmes et autres personnes n\u00e9cessaires \u00e0 garder la maison tant seulement, il ne faut pas imiter la pratique de quelques autres communaut\u00e9s, ou missionnaires dans les missions de donner tous les soirs la b\u00e9n\u00e9diction du Saint-Sacrement, ni communier du monde apr\u00e8s midi sans grande raison ; les missionnaires feront bien de quitter le confessionnal le jour de la F\u00eate-Dieu pendant la procession pour y assister ; quand ils ont besoin de se r\u00e9concilier, ce doit \u00eatre \u00e0 la sacristie, ou dans l\u2019\u00e9glise, et non \u00e0 la maison sans n\u00e9cessit\u00e9, prendre soin d\u2019\u00e9tablir non seulement la Confr\u00e9rie de la Charit\u00e9, mais encore de la faire subsister en la visitant ensuite aux frais de la maison, engageant les cur\u00e9s ou \u00e0 leur d\u00e9faut quelques autres eccl\u00e9siastiques \u00e0 en prendre soin ; obtenir en sa faveur des indulgences de Rome. La Congr\u00e9gation en a obtenu de g\u00e9n\u00e9rales pour toutes les missions sous le pontificat d\u2019Innocent XII ; porter les s\u0153urs \u00e0 faire des qu\u00eates dans les<b> <\/b>\u00e9glises les f\u00eates et dimanches, et d\u2019autres en la campagne en temps de missions et de vendanges, de mettre des bo\u00eetes dans les h\u00f4telleries, d\u2019introduire la pratique de donner quelques choses \u00e0 ces confr\u00e9ries dans les testaments.<\/p>\n<p>Il faut veiller avec tr\u00e8s grand soin dans les Missions \u00e0 la conservation de la chastet\u00e9, qui sans cela courrait risque dans ces fonctions et pour cela disposer les place de confesseurs de telle sorte qu\u2019ils ne soient pas cach\u00e9s, mais en vue, les uns des autres, ne pas confesser de nuit \u00e0 moins qu\u2019il n\u2019y ait une lumi\u00e8re qui \u00e9claire devant le confessionnal, ne pas se servir de la manche du surplis pour courir <b>[couvrir\u00a0?]<\/b> celle du p\u00e9nitent, avoir au d\u00e9faut de confessionnaux ordinaires d\u2019autres petits confessionnaux portatifs de fer dont on se sert en Italie pour ou\u00efr les personnes de l\u2019autre sexe, c\u2019est l\u2019affaire du sup\u00e9rieur ou directeur de veiller \u00e0 tout cela, visitant expr\u00e8s de temps en temps les confesseurs, et personne ne doit rester seul dans l\u2019\u00e9glise apr\u00e8s l\u2019heure marqu\u00e9e dans le r\u00e8glement sous quelque pr\u00e9texte que ce soit, n\u2019y faire aucune visite m\u00eame n\u00e9cessaire dans la paroisse ou quelqu\u2019un des hameaux sans la permission<b> <\/b>du Directeur, qui doit donner un compagnon, f\u00fbt-ce un externe, &amp;c. on sera tr\u00e8s fid\u00e8le \u00e0 l\u2019article du r\u00e8glement qui exclue toutes sortes de femmes et filles de la chambre des missionnaires, quant aux fr\u00e8res il faut veiller qu\u2019ils ne parlent pas \u00e0 ces personnes en des lieux suspects ou \u00e0 heures indues, qu\u2019ils s\u2019occupent pendant tout le jour, et que quand le besoin demande d\u2019aller en quelque logis acheter des provisions, ils se tiennent \u00e0 la porte, ou s\u2019ils entrent ils la laissent ouverte, qu\u2019ils n\u2019ayant aucune liaison avec les filles qui servent dans les maisons o\u00f9 on loge, et n\u2019ailleurs nulle part sans en donner avis au directeur, lequel doit sortir de temps en temps de l\u2019\u00e9glise pour voir ce qui se passe \u00e0 la maison, en fin le fr\u00e8re doit mener une vie exemplaire et \u00e9difiante sans se m\u00ealer de cat\u00e9chiser ou donner des avis de direction, si le directeur observe que lui ou quelque autre manque \u00e0 quelqu\u2019un des articles susdits il faut les en avertir, et en cas qu\u2019on n\u2019y rem\u00e9die pas, en donner promptement avis au sup\u00e9rieur ou au visiteur ; ce sont l\u00e0 les sages r\u00e8gles<b> <\/b>que cette assembl\u00e9e crut devoir prescrire pour garantir les Missionnaires du rel\u00e2chement dans les Missions et rendre cette fonction plus utile au peuple.<\/p>\n<p>Elle prit pareillement des mesures pour les s\u00e9minaires et on ne se contenta pas d\u2019envoyer \u00e0 toutes les maisons o\u00f9 l\u2019on \u00e9l\u00e8ve de jeunes eccl\u00e9siastiques pour se disposer aux saints ordres des r\u00e8glements tant pour le train de la journ\u00e9e que pour la pratique des vertus et les usages auxquels on doit les accoutumer pour le bon ordre o\u00f9 on ordonna de les conserver dans un livre expr\u00e8s, afin que les Directeurs et sup\u00e9rieurs y eussent recours dans le besoin, et en fissent faire la lecture aux s\u00e9minaristes, quand ils le jugent \u00e0 propos comme aussi pour les exercitants qui font la retraite dans les maisons, et pour les exercices de l\u2019ordination, quand c\u2019\u00e9tait la coutume d\u2019en faire quelque part conform\u00e9ment \u00e0 la pratique de Saint-Lazare. Ils sont pr\u00e9sentement partout abolis en France, chaque \u00e9v\u00eaque ou ayant des s\u00e9minaires dans leur ville \u00e9piscopale ou envoyant ailleurs<b> <\/b>leurs eccl\u00e9siastiques pour y passer quelques temps ; on prit ensuite diverses r\u00e9solutions qui furent envoy\u00e9es aux maisons par l\u2019organe du g\u00e9n\u00e9ral, comme s\u2019en suit.<\/p>\n<p>Il faut r\u00e9it\u00e9rer partout, pour plus grande uniformit\u00e9 le br\u00e9viaire romain, \u00e0 moins que l\u2019\u00e9v\u00eaque ne veille faire r\u00e9citer le dioc\u00e9sain, et toujours enseigner les rubriques du br\u00e9viaire romain, prendre des auteurs \u00e0 enseigner la capacit\u00e9 des s\u00e9minaristes, le temps qu\u2019ils restent au s\u00e9minaire, leurs facult\u00e9s \u00e0 se pourvoir de tout, et la volont\u00e9 de l\u2019\u00c9v\u00eaque, et si les jeunes gens ont coutume d\u2019\u00eatre un peu plus savants, prendre quelques auteurs plus profonds que ceux qui sont d\u2019usage ; obliger les s\u00e9minaristes \u00e0 r\u00e9p\u00e9ter leurs le\u00e7ons en latin, mais dans l\u2019explication m\u00ealer un peu de fran\u00e7ais pour soulager ceux qui n\u2019ont pas assez l\u2019usage du latin, \u00eatre une heure et demi en classe pour r\u00e9p\u00e9ter, la premi\u00e8re demi-heure la le\u00e7on, la demi-heure ensuite entendre les difficult\u00e9s propos\u00e9es par les \u00e9coliers et faire l\u2019explication la derni\u00e8re, mais bien<b> <\/b>pr\u00e9par\u00e9e pour \u00eatre plus ais\u00e9e \u00e0 r\u00e9p\u00e9ter de faire beaucoup parler les s\u00e9minaristes, on leur fait chaque semaine r\u00e9p\u00e9ter ce qu\u2019on a dit, \u00e0 moins qu\u2019il y ait eu bien peu de classes \u00e0 raison des f\u00eates et dimanches ou autres circonstances qui arrivent en quelques semaines et pareillement \u00e0 la fin de chaque trait\u00e9 toujours par mani\u00e8re d\u2019examen ; on d\u00e9sire qu\u2019au moins une fois chaque ann\u00e9e, on fasse les exercices de l\u2019ordination tant le matin que le soir selon le mod\u00e8le des entretiens de pi\u00e9t\u00e9 et de doctrine envoy\u00e9s pour cela de St.-Lazare, et qu\u2019on a encore dans plusieurs maisons. Ils \u00e9taient bons et m\u00e9thodiques ; mais, comme on a dit, ils ne sont plus d\u2019usage ; et on se contente pr\u00e9sentement avant les ordinations de faire des retraites o\u00f9 il n\u2019entre que des conf\u00e9rences de pi\u00e9t\u00e9 et des r\u00e9p\u00e9titions d\u2019oraison.<\/p>\n<p>Les missionnaires doivent servir de fois \u00e0 autre \u00e0 table et m\u00eame le sup\u00e9rieur aux f\u00eates solennelles, mais il ne convient<b> <\/b>pas qu\u2019on le fasse pendant toute une semaine comme les s\u00e9minaristes<span id='easy-footnote-2-107766' class='easy-footnote-margin-adjust'><\/span><span class='easy-footnote'><a href='https:\/\/vincentians.com\/fr\/histoire-generale-de-la-congregation-de-la-mission-11\/#easy-footnote-bottom-2-107766' title='Il semble que le copiste ait saut\u00e9 sur une section apr\u00e8s ce mot, en regardant le prochaine occurrence. L\u2019\u00e9diteur des &lt;i&gt;Annales&lt;\/i&gt; essaie restaurer le sens de cette deuxi\u00e8me section par l\u2019addition du suivant: \u201c\u00a0On ne doit point admettre de &lt;i&gt;s\u00e9minaristes&lt;\/i&gt;. . .\u00a0\u201d'><sup>2<\/sup><\/a><\/span> pour le moins de trois mois \u00e0 moins que l\u2019\u00e9v\u00eaque ne le voulusse, et en ce cas il faudrait lui repr\u00e9senter les inconv\u00e9nients auxquels un s\u00e9jour plus court est sujet comme pareillement avec les \u00e9v\u00eaques des cas o\u00f9 il faut cong\u00e9dier les s\u00e9minaristes comme s\u2019ils couchent dehors &amp;c, et faire toujours agr\u00e9er leur renvoi au pr\u00e9lat, ou \u00e0 leur grand vicaire, commencer toujours le s\u00e9minaire, surtout quand il n\u2019y a qu\u2019une entr\u00e9e, par la retraite deux ou trois jours apr\u00e8s que les \u00e9l\u00e8ves sont venus ; faire cette retraite en commun et y conserver l\u2019usage de la r\u00e9p\u00e9tition devant et apr\u00e8s le d\u00e9part, et sur la fin expliquer le r\u00e8glement et tous les exercices de la communaut\u00e9 : l\u2019examen particulier, confession, lecture, fr\u00e9quentation des sacrements, &amp;c. ; veiller beaucoup \u00e0 rendre les s\u00e9minaristes int\u00e9rieurs par les exercices spirituels et pour cela leur bien apprendre la m\u00e9thode de l\u2019oraison mentale, dont<b> <\/b>ils doivent faire chaque jour demi-heure le matin sans y comprendre la lecture du sujet ; prendre un auteur qui entre dans le d\u00e9tail des choses qui leur sont propres ; on n\u2019en peut gu\u00e8re avoir de meilleur que Beuvelet<span id='easy-footnote-3-107766' class='easy-footnote-margin-adjust'><\/span><span class='easy-footnote'><a href='https:\/\/vincentians.com\/fr\/histoire-generale-de-la-congregation-de-la-mission-11\/#easy-footnote-bottom-3-107766' title='Matthieu Beuvelet, pr\u00eatre du s\u00e9minaire de Saint Nicolas du Chardonnet.'><sup>3<\/sup><\/a><\/span> ; commencer par les m\u00e9ditations de la vie purgative sur le p\u00e9ch\u00e9 et les jugements de Dieu, puis celles de la vie illuminative sur les vertus chr\u00e9tiennes, l\u2019humilit\u00e9 et la mortification, &amp;ca, et eccl\u00e9siastiques, \u00e9tant important de travailler \u00e0 les rendre de bons chr\u00e9tiens avant que de penser \u00e0 en faire de bons pr\u00eatres ; faire r\u00e9p\u00e9ter l\u2019oraison f\u00eates et dimanches tour \u00e0 tour aux s\u00e9minaristes, chaque semaine une conf\u00e9rence spirituelle marquant un sujet qu\u2019on leur propose auparavant afin qu\u2019ils se pr\u00e9parent, les engager \u00e0 se confesser f\u00eates et dimanches, quoique pour la communion il faille s\u2019en rapporter \u00e0 l\u2019avis du confesseur et le sup\u00e9rieur ne doit pas confesser pour plusieurs raisons, \u00e0 moins que quelques uns<b> <\/b>ne l\u2019en prient express\u00e9ment, les attirer de m\u00eame \u00e0 la communication int\u00e9rieure et surtout ceux en qui on voit de meilleures dispositions pour en profiter.<\/p>\n<p>Quant aux r\u00e9gents ils doivent prendre soin d\u2019enseigner d\u2019une mani\u00e8re d\u00e9vote et non qui porte \u00e0 la dissipation par l\u2019\u00e9clat et la vanit\u00e9 ; de plus les former aux fonctions du minist\u00e8re comme \u00e0 cat\u00e9chiser, \u00e0 pr\u00eacher, \u00e0 administrer les sacrements, les c\u00e9r\u00e9monies, rubriques, &amp;ca., et personne ne devrait sortir du s\u00e9minaire qu\u2019il ne fut raisonnablement instruit de toutes ces choses, et en \u00e9tat de s\u2019en acquitter passablement ; les exercer m\u00eame au cat\u00e9chisme dans les h\u00f4pitaux et les paroisses, du consentement des cur\u00e9s, pour les rendre plus hardis, mais sans danger de dissipation ; leur inculquer la modestie des habits, l\u2019observance des saints canons pour la tonsure et les cheveux courts, veiller sur leur r\u00e9cr\u00e9ation et quelqu\u2019un de la maison doit toujours s\u2019y trouver<b> <\/b>, mais non pas deux dans une m\u00eame bande, ce qui est sujet \u00e0 bien d\u2019inconv\u00e9nients ; pour ce qui est des eccl\u00e9siastiques mal not\u00e9s ou censur\u00e9s que les \u00e9v\u00eaques envoient quelque fois au s\u00e9minaire, on les re\u00e7oit avec bont\u00e9 pour la retraite ; mais si c\u2019est pour plus longtemps il faut repr\u00e9senter au pr\u00e9lat ou au grand vicaire les suites f\u00e2cheuses d\u2019un long s\u00e9jour de ces gens-l\u00e0 dans le s\u00e9minaire toujours pr\u00e9judiciable aux jeunes \u00e9l\u00e8ves, pour les d\u00e9tourner de les envoyer \u00e0 l\u2019avenir ; mais y recevoir ceux qui sans \u00eatre tout \u00e0 fait mal not\u00e9s y viennent volontiers, et pour profiter n\u2019exempter de la classe qui que ce soit de ceux qui viennent pour se disposer aux ordres, on en pourrait toutefois dispenser quelques jeunes pr\u00eatres qui vont au s\u00e9minaire et pareillement admettre aux conf\u00e9rences eccl\u00e9siastiques quelques eccl\u00e9siastiques externes sages et vertueux ; dans l\u2019impossibilit\u00e9 o\u00f9 l\u2019on est de refuser absolument<b> <\/b>des certificats \u00e0 ceux qui en demandent, de se montrer pourtant difficiles d\u2019en accorder \u00e0 ceux qui en sont indignes pour obvier plusieurs inconv\u00e9nients, ces eccl\u00e9siastiques s\u2019en servant souvent pour obtenir des b\u00e9n\u00e9fices ; il est inutile de donner des attestations \u00e0 ceux du dioc\u00e8se ou rend t\u00e9moignage de vive voix au pr\u00e9lat, et on peut au lieu de certificat \u00e9crire \u00e0 leurs sup\u00e9rieurs ; ces r\u00e8glements sont tr\u00e8s prudents, et quand on les observe, ils ne peuvent que contribuer \u00e0 s\u2019acquitter, comme il faut, de cette fonction si utile \u00e0 l\u2019\u00e9tat eccl\u00e9siastique.<\/p>\n","protected":false},"excerpt":{"rendered":"<p>XI. M\u00e9moires importants dress\u00e9s par ordre de l\u2019assembl\u00e9e. Entre les autres m\u00e9moires, un des plus beaux est celui qui contient les moyens propos\u00e9s dans l\u2019assembl\u00e9e pour conserver le premier esprit de l\u2019Institut. Ils sont excellents &#8230; <a href=\"https:\/\/vincentians.com\/fr\/histoire-generale-de-la-congregation-de-la-mission-11\/\" class=\"more-link\">Read More<\/a><\/p>\n","protected":false},"author":4,"featured_media":189808,"comment_status":"open","ping_status":"open","sticky":false,"template":"","format":"standard","meta":{"jetpack_post_was_ever_published":false,"_jetpack_newsletter_access":"","_jetpack_dont_email_post_to_subs":false,"_jetpack_newsletter_tier_id":0,"_jetpack_memberships_contains_paywalled_content":false,"_jetpack_memberships_contains_paid_content":false,"footnotes":"","jetpack_publicize_message":"","jetpack_publicize_feature_enabled":true,"jetpack_social_post_already_shared":true,"jetpack_social_options":{"image_generator_settings":{"template":"highway","default_image_id":0,"font":"","enabled":false},"version":2}},"categories":[134],"tags":[],"class_list":["post-107766","post","type-post","status-publish","format-standard","has-post-thumbnail","hentry","category-histoire-de-la-congregation-de-la-mission"],"yoast_head":"<!-- This site is optimized with the Yoast SEO plugin v26.3 - https:\/\/yoast.com\/wordpress\/plugins\/seo\/ -->\n<title>Histoire g\u00e9n\u00e9rale de la Congr\u00e9gation de la Mission (11) - Nous Sommes Vincentiens<\/title>\n<meta name=\"robots\" content=\"index, follow, max-snippet:-1, max-image-preview:large, max-video-preview:-1\" \/>\n<link rel=\"canonical\" href=\"https:\/\/vincentians.com\/fr\/histoire-generale-de-la-congregation-de-la-mission-11\/\" \/>\n<meta property=\"og:locale\" content=\"fr_FR\" \/>\n<meta property=\"og:type\" content=\"article\" \/>\n<meta property=\"og:title\" content=\"Histoire g\u00e9n\u00e9rale de la Congr\u00e9gation de la Mission (11) - Nous Sommes Vincentiens\" \/>\n<meta property=\"og:description\" content=\"XI. M\u00e9moires importants dress\u00e9s par ordre de l\u2019assembl\u00e9e. Entre les autres m\u00e9moires, un des plus beaux est celui qui contient les moyens propos\u00e9s dans l\u2019assembl\u00e9e pour conserver le premier esprit de l\u2019Institut. Ils sont excellents ... Read More\" \/>\n<meta property=\"og:url\" content=\"https:\/\/vincentians.com\/fr\/histoire-generale-de-la-congregation-de-la-mission-11\/\" \/>\n<meta property=\"og:site_name\" content=\"Nous Sommes Vincentiens\" \/>\n<meta property=\"article:publisher\" content=\"https:\/\/www.facebook.com\/WeAreVincentians\/\" \/>\n<meta property=\"article:author\" content=\"https:\/\/www.facebook.com\/JavierChento\" \/>\n<meta property=\"article:published_time\" content=\"2014-01-06T18:18:22+00:00\" \/>\n<meta property=\"og:image\" content=\"https:\/\/i0.wp.com\/vincentians.com\/fr\/wp-content\/uploads\/sites\/10\/2016\/07\/histoire-generale-de-la-congregation-de-la-mission.jpg?fit=1200%2C630&ssl=1\" \/>\n\t<meta property=\"og:image:width\" content=\"1200\" \/>\n\t<meta property=\"og:image:height\" content=\"630\" \/>\n\t<meta property=\"og:image:type\" content=\"image\/jpeg\" \/>\n<meta name=\"author\" content=\"Francisco Javier Fern\u00e1ndez Chento\" \/>\n<meta name=\"twitter:card\" content=\"summary_large_image\" \/>\n<meta name=\"twitter:creator\" content=\"@https:\/\/twitter.com\/javierchento\" \/>\n<meta name=\"twitter:site\" content=\"@WeVincentians\" \/>\n<meta name=\"twitter:label1\" content=\"\u00c9crit par\" \/>\n\t<meta name=\"twitter:data1\" content=\"Francisco Javier Fern\u00e1ndez Chento\" \/>\n\t<meta name=\"twitter:label2\" content=\"Dur\u00e9e de lecture estim\u00e9e\" \/>\n\t<meta name=\"twitter:data2\" content=\"18 minutes\" \/>\n<script type=\"application\/ld+json\" class=\"yoast-schema-graph\">{\"@context\":\"https:\/\/schema.org\",\"@graph\":[{\"@type\":\"WebPage\",\"@id\":\"https:\/\/vincentians.com\/fr\/histoire-generale-de-la-congregation-de-la-mission-11\/\",\"url\":\"https:\/\/vincentians.com\/fr\/histoire-generale-de-la-congregation-de-la-mission-11\/\",\"name\":\"Histoire g\u00e9n\u00e9rale de la Congr\u00e9gation de la Mission (11) - Nous Sommes Vincentiens\",\"isPartOf\":{\"@id\":\"https:\/\/vincentians.com\/fr\/#website\"},\"primaryImageOfPage\":{\"@id\":\"https:\/\/vincentians.com\/fr\/histoire-generale-de-la-congregation-de-la-mission-11\/#primaryimage\"},\"image\":{\"@id\":\"https:\/\/vincentians.com\/fr\/histoire-generale-de-la-congregation-de-la-mission-11\/#primaryimage\"},\"thumbnailUrl\":\"https:\/\/i0.wp.com\/vincentians.com\/fr\/wp-content\/uploads\/sites\/10\/2016\/07\/histoire-generale-de-la-congregation-de-la-mission.jpg?fit=1200%2C630&ssl=1\",\"datePublished\":\"2014-01-06T18:18:22+00:00\",\"author\":{\"@id\":\"https:\/\/vincentians.com\/fr\/#\/schema\/person\/9623ef4d9aa3b2dfb8c061f1499288f2\"},\"breadcrumb\":{\"@id\":\"https:\/\/vincentians.com\/fr\/histoire-generale-de-la-congregation-de-la-mission-11\/#breadcrumb\"},\"inLanguage\":\"fr-FR\",\"potentialAction\":[{\"@type\":\"ReadAction\",\"target\":[\"https:\/\/vincentians.com\/fr\/histoire-generale-de-la-congregation-de-la-mission-11\/\"]}]},{\"@type\":\"ImageObject\",\"inLanguage\":\"fr-FR\",\"@id\":\"https:\/\/vincentians.com\/fr\/histoire-generale-de-la-congregation-de-la-mission-11\/#primaryimage\",\"url\":\"https:\/\/i0.wp.com\/vincentians.com\/fr\/wp-content\/uploads\/sites\/10\/2016\/07\/histoire-generale-de-la-congregation-de-la-mission.jpg?fit=1200%2C630&ssl=1\",\"contentUrl\":\"https:\/\/i0.wp.com\/vincentians.com\/fr\/wp-content\/uploads\/sites\/10\/2016\/07\/histoire-generale-de-la-congregation-de-la-mission.jpg?fit=1200%2C630&ssl=1\",\"width\":1200,\"height\":630},{\"@type\":\"BreadcrumbList\",\"@id\":\"https:\/\/vincentians.com\/fr\/histoire-generale-de-la-congregation-de-la-mission-11\/#breadcrumb\",\"itemListElement\":[{\"@type\":\"ListItem\",\"position\":1,\"name\":\"Portada\",\"item\":\"https:\/\/vincentians.com\/fr\/\"},{\"@type\":\"ListItem\",\"position\":2,\"name\":\"Histoire g\u00e9n\u00e9rale de la Congr\u00e9gation de la Mission (11)\"}]},{\"@type\":\"WebSite\",\"@id\":\"https:\/\/vincentians.com\/fr\/#website\",\"url\":\"https:\/\/vincentians.com\/fr\/\",\"name\":\"Nous Sommes Vincentiens\",\"description\":\"Know more to serve more\",\"potentialAction\":[{\"@type\":\"SearchAction\",\"target\":{\"@type\":\"EntryPoint\",\"urlTemplate\":\"https:\/\/vincentians.com\/fr\/?s={search_term_string}\"},\"query-input\":{\"@type\":\"PropertyValueSpecification\",\"valueRequired\":true,\"valueName\":\"search_term_string\"}}],\"inLanguage\":\"fr-FR\"},{\"@type\":\"Person\",\"@id\":\"https:\/\/vincentians.com\/fr\/#\/schema\/person\/9623ef4d9aa3b2dfb8c061f1499288f2\",\"name\":\"Francisco Javier Fern\u00e1ndez Chento\",\"image\":{\"@type\":\"ImageObject\",\"inLanguage\":\"fr-FR\",\"@id\":\"https:\/\/vincentians.com\/fr\/#\/schema\/person\/image\/\",\"url\":\"https:\/\/secure.gravatar.com\/avatar\/497d5cde87b4c3d097d0315953521681ba2cd523ee66e5077c3711f7021e65de?s=96&d=mm&r=g\",\"contentUrl\":\"https:\/\/secure.gravatar.com\/avatar\/497d5cde87b4c3d097d0315953521681ba2cd523ee66e5077c3711f7021e65de?s=96&d=mm&r=g\",\"caption\":\"Francisco Javier Fern\u00e1ndez Chento\"},\"description\":\"Director General y cofundador de La Red de Formaci\u00f3n Vicenciana. Javier es laico vicenciano, afiliado a la Congregaci\u00f3n de la Misi\u00f3n y miembro del Equipo de Misiones Populares de la provincia can\u00f3nica de Zaragoza (Espa\u00f1a) de la Congregaci\u00f3n de la Misi\u00f3n. Graduado en la Universidad Oberta de Catalunya con cuatro grados (Asistente de direcci\u00f3n, Gesti\u00f3n Administrativa, Recursos Humanos y Contabilidad Avanzada). Bil\u00edng\u00fce Espa\u00f1ol\/Ingl\u00e9s. gestiona y mantiene varias p\u00e1ginas web cristianas y vicencianas, incluida including La Red de Formaci\u00f3n Vicenciana, de la que es cofundador. Actualmente es responsable del \u00e1rea de Espa\u00f1ol de .famvin, la Red de Noticias de la Familia Vicenciana. Tambi\u00e9n es m\u00fasico cat\u00f3lico y ha editado varios discos. Es Director General y cofundador de Trovador, una reconocida compa\u00f1\u00eda discogr\u00e1fica critiana de Espa\u00f1a. Trabaja en las Tecnolog\u00edas de la Informaci\u00f3n, ofreciendo servicios de alojamiento, dise\u00f1o y mantenimiento Web, as\u00ed como asesoramiento, formaci\u00f3n y soluciones inform\u00e1ticas, gesti\u00f3n documental y digitalizaci\u00f3n de textos, edici\u00f3n y maquetaci\u00f3n de libros, revistas, flyers, etc.\",\"sameAs\":[\"http:\/\/chento.org\",\"https:\/\/www.facebook.com\/JavierChento\",\"https:\/\/x.com\/https:\/\/twitter.com\/javierchento\"],\"url\":\"https:\/\/vincentians.com\/fr\/author\/chento\/\"}]}<\/script>\n<!-- \/ Yoast SEO plugin. -->","yoast_head_json":{"title":"Histoire g\u00e9n\u00e9rale de la Congr\u00e9gation de la Mission (11) - Nous Sommes Vincentiens","robots":{"index":"index","follow":"follow","max-snippet":"max-snippet:-1","max-image-preview":"max-image-preview:large","max-video-preview":"max-video-preview:-1"},"canonical":"https:\/\/vincentians.com\/fr\/histoire-generale-de-la-congregation-de-la-mission-11\/","og_locale":"fr_FR","og_type":"article","og_title":"Histoire g\u00e9n\u00e9rale de la Congr\u00e9gation de la Mission (11) - Nous Sommes Vincentiens","og_description":"XI. M\u00e9moires importants dress\u00e9s par ordre de l\u2019assembl\u00e9e. Entre les autres m\u00e9moires, un des plus beaux est celui qui contient les moyens propos\u00e9s dans l\u2019assembl\u00e9e pour conserver le premier esprit de l\u2019Institut. Ils sont excellents ... Read More","og_url":"https:\/\/vincentians.com\/fr\/histoire-generale-de-la-congregation-de-la-mission-11\/","og_site_name":"Nous Sommes Vincentiens","article_publisher":"https:\/\/www.facebook.com\/WeAreVincentians\/","article_author":"https:\/\/www.facebook.com\/JavierChento","article_published_time":"2014-01-06T18:18:22+00:00","og_image":[{"width":1200,"height":630,"url":"https:\/\/i0.wp.com\/vincentians.com\/fr\/wp-content\/uploads\/sites\/10\/2016\/07\/histoire-generale-de-la-congregation-de-la-mission.jpg?fit=1200%2C630&ssl=1","type":"image\/jpeg"}],"author":"Francisco Javier Fern\u00e1ndez Chento","twitter_card":"summary_large_image","twitter_creator":"@https:\/\/twitter.com\/javierchento","twitter_site":"@WeVincentians","twitter_misc":{"\u00c9crit par":"Francisco Javier Fern\u00e1ndez Chento","Dur\u00e9e de lecture estim\u00e9e":"18 minutes"},"schema":{"@context":"https:\/\/schema.org","@graph":[{"@type":"WebPage","@id":"https:\/\/vincentians.com\/fr\/histoire-generale-de-la-congregation-de-la-mission-11\/","url":"https:\/\/vincentians.com\/fr\/histoire-generale-de-la-congregation-de-la-mission-11\/","name":"Histoire g\u00e9n\u00e9rale de la Congr\u00e9gation de la Mission (11) - Nous Sommes Vincentiens","isPartOf":{"@id":"https:\/\/vincentians.com\/fr\/#website"},"primaryImageOfPage":{"@id":"https:\/\/vincentians.com\/fr\/histoire-generale-de-la-congregation-de-la-mission-11\/#primaryimage"},"image":{"@id":"https:\/\/vincentians.com\/fr\/histoire-generale-de-la-congregation-de-la-mission-11\/#primaryimage"},"thumbnailUrl":"https:\/\/i0.wp.com\/vincentians.com\/fr\/wp-content\/uploads\/sites\/10\/2016\/07\/histoire-generale-de-la-congregation-de-la-mission.jpg?fit=1200%2C630&ssl=1","datePublished":"2014-01-06T18:18:22+00:00","author":{"@id":"https:\/\/vincentians.com\/fr\/#\/schema\/person\/9623ef4d9aa3b2dfb8c061f1499288f2"},"breadcrumb":{"@id":"https:\/\/vincentians.com\/fr\/histoire-generale-de-la-congregation-de-la-mission-11\/#breadcrumb"},"inLanguage":"fr-FR","potentialAction":[{"@type":"ReadAction","target":["https:\/\/vincentians.com\/fr\/histoire-generale-de-la-congregation-de-la-mission-11\/"]}]},{"@type":"ImageObject","inLanguage":"fr-FR","@id":"https:\/\/vincentians.com\/fr\/histoire-generale-de-la-congregation-de-la-mission-11\/#primaryimage","url":"https:\/\/i0.wp.com\/vincentians.com\/fr\/wp-content\/uploads\/sites\/10\/2016\/07\/histoire-generale-de-la-congregation-de-la-mission.jpg?fit=1200%2C630&ssl=1","contentUrl":"https:\/\/i0.wp.com\/vincentians.com\/fr\/wp-content\/uploads\/sites\/10\/2016\/07\/histoire-generale-de-la-congregation-de-la-mission.jpg?fit=1200%2C630&ssl=1","width":1200,"height":630},{"@type":"BreadcrumbList","@id":"https:\/\/vincentians.com\/fr\/histoire-generale-de-la-congregation-de-la-mission-11\/#breadcrumb","itemListElement":[{"@type":"ListItem","position":1,"name":"Portada","item":"https:\/\/vincentians.com\/fr\/"},{"@type":"ListItem","position":2,"name":"Histoire g\u00e9n\u00e9rale de la Congr\u00e9gation de la Mission (11)"}]},{"@type":"WebSite","@id":"https:\/\/vincentians.com\/fr\/#website","url":"https:\/\/vincentians.com\/fr\/","name":"Nous Sommes Vincentiens","description":"Know more to serve more","potentialAction":[{"@type":"SearchAction","target":{"@type":"EntryPoint","urlTemplate":"https:\/\/vincentians.com\/fr\/?s={search_term_string}"},"query-input":{"@type":"PropertyValueSpecification","valueRequired":true,"valueName":"search_term_string"}}],"inLanguage":"fr-FR"},{"@type":"Person","@id":"https:\/\/vincentians.com\/fr\/#\/schema\/person\/9623ef4d9aa3b2dfb8c061f1499288f2","name":"Francisco Javier Fern\u00e1ndez Chento","image":{"@type":"ImageObject","inLanguage":"fr-FR","@id":"https:\/\/vincentians.com\/fr\/#\/schema\/person\/image\/","url":"https:\/\/secure.gravatar.com\/avatar\/497d5cde87b4c3d097d0315953521681ba2cd523ee66e5077c3711f7021e65de?s=96&d=mm&r=g","contentUrl":"https:\/\/secure.gravatar.com\/avatar\/497d5cde87b4c3d097d0315953521681ba2cd523ee66e5077c3711f7021e65de?s=96&d=mm&r=g","caption":"Francisco Javier Fern\u00e1ndez Chento"},"description":"Director General y cofundador de La Red de Formaci\u00f3n Vicenciana. Javier es laico vicenciano, afiliado a la Congregaci\u00f3n de la Misi\u00f3n y miembro del Equipo de Misiones Populares de la provincia can\u00f3nica de Zaragoza (Espa\u00f1a) de la Congregaci\u00f3n de la Misi\u00f3n. Graduado en la Universidad Oberta de Catalunya con cuatro grados (Asistente de direcci\u00f3n, Gesti\u00f3n Administrativa, Recursos Humanos y Contabilidad Avanzada). Bil\u00edng\u00fce Espa\u00f1ol\/Ingl\u00e9s. gestiona y mantiene varias p\u00e1ginas web cristianas y vicencianas, incluida including La Red de Formaci\u00f3n Vicenciana, de la que es cofundador. Actualmente es responsable del \u00e1rea de Espa\u00f1ol de .famvin, la Red de Noticias de la Familia Vicenciana. Tambi\u00e9n es m\u00fasico cat\u00f3lico y ha editado varios discos. Es Director General y cofundador de Trovador, una reconocida compa\u00f1\u00eda discogr\u00e1fica critiana de Espa\u00f1a. Trabaja en las Tecnolog\u00edas de la Informaci\u00f3n, ofreciendo servicios de alojamiento, dise\u00f1o y mantenimiento Web, as\u00ed como asesoramiento, formaci\u00f3n y soluciones inform\u00e1ticas, gesti\u00f3n documental y digitalizaci\u00f3n de textos, edici\u00f3n y maquetaci\u00f3n de libros, revistas, flyers, etc.","sameAs":["http:\/\/chento.org","https:\/\/www.facebook.com\/JavierChento","https:\/\/x.com\/https:\/\/twitter.com\/javierchento"],"url":"https:\/\/vincentians.com\/fr\/author\/chento\/"}]}},"jetpack_publicize_connections":[],"jetpack_featured_media_url":"https:\/\/i0.wp.com\/vincentians.com\/fr\/wp-content\/uploads\/sites\/10\/2016\/07\/histoire-generale-de-la-congregation-de-la-mission.jpg?fit=1200%2C630&ssl=1","jetpack_sharing_enabled":true,"jetpack_shortlink":"https:\/\/wp.me\/p7ETMP-s2a","jetpack-related-posts":[{"id":38477,"url":"https:\/\/vincentians.com\/fr\/le-directeur-provincial-animateur-des-filles-de-la-charite\/","url_meta":{"origin":107766,"position":0},"title":"Le Directeur Provincial \u201canimateur\u201d des Filles de la Charit\u00e9","author":"Francisco Javier Fern\u00e1ndez Chento","date":"03\/10\/2012","format":false,"excerpt":"Dans les Constitutions des Filles de la Charit\u00e9, nous trouvons \u00e0 l\u2019article 3.38: le Directeur Provincial est un pr\u00eatre de la Congr\u00e9gation de la Mission, nomm\u00e9 par le Sup\u00e9rieur G\u00e9n\u00e9ral; \u201cil partage avec la Visitatrice et son Conseil la responsabilit\u00e9 de promouvoir l\u2019esprit vincentien dans la Province\u201d Missionnaire, le directeur\u2026","rel":"","context":"Dans &quot;Congr\u00e9gation de la Mission&quot;","block_context":{"text":"Congr\u00e9gation de la Mission","link":"https:\/\/vincentians.com\/fr\/category\/congregation-de-la-mission\/"},"img":{"alt_text":"","src":"https:\/\/i0.wp.com\/vincentiens.org\/wp-content\/uploads\/2011\/05\/filles_charite-228x300.jpg?resize=350%2C200","width":350,"height":200},"classes":[]},{"id":107761,"url":"https:\/\/vincentians.com\/fr\/histoire-generale-de-la-congregation-de-la-mission-12\/","url_meta":{"origin":107766,"position":1},"title":"Histoire g\u00e9n\u00e9rale de la Congr\u00e9gation de la Mission (12)","author":"Francisco Javier Fern\u00e1ndez Chento","date":"07\/01\/2014","format":false,"excerpt":"XII. Autres m\u00e9moires de l\u2019assembl\u00e9e pour le dedans de la Congr\u00e9gation. L\u2019assembl\u00e9e de 1668, ayant ainsi pourvu \u00e0 l\u2019utilit\u00e9 des fonctions commises aux soins de la Compagnie qui regardent les gens du dehors, ne n\u00e9gligea pas ce qui pouvait servir \u00e0 maintenir la r\u00e9gularit\u00e9 parmi ceux du dedans, ce qu\u2019on\u2026","rel":"","context":"Dans &quot;Histoire de la Congr\u00e9gation de la Mission&quot;","block_context":{"text":"Histoire de la Congr\u00e9gation de la Mission","link":"https:\/\/vincentians.com\/fr\/category\/histoire-de-la-congregation-de-la-mission\/"},"img":{"alt_text":"","src":"https:\/\/i0.wp.com\/vincentians.com\/fr\/wp-content\/uploads\/sites\/10\/2016\/07\/histoire-generale-de-la-congregation-de-la-mission.jpg?fit=1200%2C630&ssl=1&resize=350%2C200","width":350,"height":200,"srcset":"https:\/\/i0.wp.com\/vincentians.com\/fr\/wp-content\/uploads\/sites\/10\/2016\/07\/histoire-generale-de-la-congregation-de-la-mission.jpg?fit=1200%2C630&ssl=1&resize=350%2C200 1x, https:\/\/i0.wp.com\/vincentians.com\/fr\/wp-content\/uploads\/sites\/10\/2016\/07\/histoire-generale-de-la-congregation-de-la-mission.jpg?fit=1200%2C630&ssl=1&resize=525%2C300 1.5x, https:\/\/i0.wp.com\/vincentians.com\/fr\/wp-content\/uploads\/sites\/10\/2016\/07\/histoire-generale-de-la-congregation-de-la-mission.jpg?fit=1200%2C630&ssl=1&resize=700%2C400 2x, https:\/\/i0.wp.com\/vincentians.com\/fr\/wp-content\/uploads\/sites\/10\/2016\/07\/histoire-generale-de-la-congregation-de-la-mission.jpg?fit=1200%2C630&ssl=1&resize=1050%2C600 3x"},"classes":[]},{"id":107494,"url":"https:\/\/vincentians.com\/fr\/histoire-generale-de-la-congregation-de-la-mission-00-preface\/","url_meta":{"origin":107766,"position":2},"title":"Histoire g\u00e9n\u00e9rale de la Congr\u00e9gation de la Mission. (00 Pr\u00e9face)","author":"Francisco Javier Fern\u00e1ndez Chento","date":"26\/12\/2013","format":false,"excerpt":"Histoire g\u00e9n\u00e9rale de la Congr\u00e9gation de la Mission commen\u00e7ant depuis la mort de B. Vincent de Paul et finissant vers l\u2019ann\u00e9e 1720. Elle a \u00e9t\u00e9 \u00e9crite par M. Claude Joseph Lacour qui est mort Sup.r de la maison de la Cong. de la Mission de Sens Le 29 juin 1731\u2026","rel":"","context":"Dans &quot;Histoire de la Congr\u00e9gation de la Mission&quot;","block_context":{"text":"Histoire de la Congr\u00e9gation de la Mission","link":"https:\/\/vincentians.com\/fr\/category\/histoire-de-la-congregation-de-la-mission\/"},"img":{"alt_text":"","src":"https:\/\/i0.wp.com\/vincentians.com\/fr\/wp-content\/uploads\/sites\/10\/2016\/07\/histoire-generale-de-la-congregation-de-la-mission.jpg?fit=1200%2C630&ssl=1&resize=350%2C200","width":350,"height":200,"srcset":"https:\/\/i0.wp.com\/vincentians.com\/fr\/wp-content\/uploads\/sites\/10\/2016\/07\/histoire-generale-de-la-congregation-de-la-mission.jpg?fit=1200%2C630&ssl=1&resize=350%2C200 1x, https:\/\/i0.wp.com\/vincentians.com\/fr\/wp-content\/uploads\/sites\/10\/2016\/07\/histoire-generale-de-la-congregation-de-la-mission.jpg?fit=1200%2C630&ssl=1&resize=525%2C300 1.5x, https:\/\/i0.wp.com\/vincentians.com\/fr\/wp-content\/uploads\/sites\/10\/2016\/07\/histoire-generale-de-la-congregation-de-la-mission.jpg?fit=1200%2C630&ssl=1&resize=700%2C400 2x, https:\/\/i0.wp.com\/vincentians.com\/fr\/wp-content\/uploads\/sites\/10\/2016\/07\/histoire-generale-de-la-congregation-de-la-mission.jpg?fit=1200%2C630&ssl=1&resize=1050%2C600 3x"},"classes":[]},{"id":107500,"url":"https:\/\/vincentians.com\/fr\/histoire-generale-de-la-congregation-de-la-mission-02\/","url_meta":{"origin":107766,"position":3},"title":"Histoire g\u00e9n\u00e9rale de la Congr\u00e9gation de la Mission (02)","author":"Francisco Javier Fern\u00e1ndez Chento","date":"28\/12\/2013","format":false,"excerpt":"II. [El]ection de [M.] Alm\u00e9ras [\u00e9]lu 2e [g\u00e9]n\u00e9ral de [la] Congr\u00e9gation. 1661. M. Vincent eut donn\u00e9 la consolation de voir, avant sa mort, la Congr\u00e9gation assez bien affermie et il avait lieu d\u2019esp\u00e9rer que cette Compagnie dont il s\u2019\u00e9tait trouv\u00e9 l\u2019Instituteur, sans penser au commencement d\u2019en former aucune dans l\u2019\u00e9glise,\u2026","rel":"","context":"Dans &quot;Histoire de la Congr\u00e9gation de la Mission&quot;","block_context":{"text":"Histoire de la Congr\u00e9gation de la Mission","link":"https:\/\/vincentians.com\/fr\/category\/histoire-de-la-congregation-de-la-mission\/"},"img":{"alt_text":"","src":"https:\/\/i0.wp.com\/vincentians.com\/fr\/wp-content\/uploads\/sites\/10\/2016\/07\/histoire-generale-de-la-congregation-de-la-mission.jpg?fit=1200%2C630&ssl=1&resize=350%2C200","width":350,"height":200,"srcset":"https:\/\/i0.wp.com\/vincentians.com\/fr\/wp-content\/uploads\/sites\/10\/2016\/07\/histoire-generale-de-la-congregation-de-la-mission.jpg?fit=1200%2C630&ssl=1&resize=350%2C200 1x, https:\/\/i0.wp.com\/vincentians.com\/fr\/wp-content\/uploads\/sites\/10\/2016\/07\/histoire-generale-de-la-congregation-de-la-mission.jpg?fit=1200%2C630&ssl=1&resize=525%2C300 1.5x, https:\/\/i0.wp.com\/vincentians.com\/fr\/wp-content\/uploads\/sites\/10\/2016\/07\/histoire-generale-de-la-congregation-de-la-mission.jpg?fit=1200%2C630&ssl=1&resize=700%2C400 2x, https:\/\/i0.wp.com\/vincentians.com\/fr\/wp-content\/uploads\/sites\/10\/2016\/07\/histoire-generale-de-la-congregation-de-la-mission.jpg?fit=1200%2C630&ssl=1&resize=1050%2C600 3x"},"classes":[]},{"id":54379,"url":"https:\/\/vincentians.com\/fr\/les-voeux-dans-la-congregation-nature-necessite-et-utilite\/","url_meta":{"origin":107766,"position":4},"title":"Les voeux dans la Congr\u00e9gation: nature, necessit\u00e9 et utilit\u00e9","author":"Francisco Javier Fern\u00e1ndez Chento","date":"03\/11\/2012","format":false,"excerpt":"Remarque pr\u00e9liminaire: Les membres de ce Groupe, constitu\u00e9 par le Sup\u00e9rieur G\u00e9n\u00e9ral (Constitutions n. 54, D\u00e9crets Temporaires n. 2) s'acquittent d'un double devoir: chacun y repr\u00e9sente une section de la Congr\u00e9gation (un groupe linguistique ou g\u00e9ographique), y travaille avec sa propre comp\u00e9tence. En tant que repr\u00e9sentant, il doit veiller \u00e1\u2026","rel":"","context":"Dans &quot;Congr\u00e9gation de la Mission&quot;","block_context":{"text":"Congr\u00e9gation de la Mission","link":"https:\/\/vincentians.com\/fr\/category\/congregation-de-la-mission\/"},"img":{"alt_text":"","src":"https:\/\/i0.wp.com\/vincentiens.org\/wp-content\/uploads\/2011\/08\/logocm-237x300.jpg?resize=350%2C200","width":350,"height":200},"classes":[]},{"id":107767,"url":"https:\/\/vincentians.com\/fr\/histoire-generale-de-la-congregation-de-la-mission-10\/","url_meta":{"origin":107766,"position":5},"title":"Histoire g\u00e9n\u00e9rale de la Congr\u00e9gation de la Mission (10)","author":"Francisco Javier Fern\u00e1ndez Chento","date":"05\/01\/2014","format":false,"excerpt":"X. [L\u2019a]ssembl\u00e9e de [16]68 et ses d\u00e9crets. La Compagnie se multipliait ainsi sous la sage conduite de M. Alm\u00e9ras et quoiqu\u2019il n\u2019y e\u00fbt qu\u2019environ sept ans qu\u2019on avait eu une assembl\u00e9e g\u00e9n\u00e9rale comme il se trouvait un grand nombre de maisons et qu\u2019on n\u2019avait fait aucun d\u00e9cret dans la derni\u00e8re,\u2026","rel":"","context":"Dans &quot;Histoire de la Congr\u00e9gation de la Mission&quot;","block_context":{"text":"Histoire de la Congr\u00e9gation de la Mission","link":"https:\/\/vincentians.com\/fr\/category\/histoire-de-la-congregation-de-la-mission\/"},"img":{"alt_text":"","src":"https:\/\/i0.wp.com\/vincentians.com\/fr\/wp-content\/uploads\/sites\/10\/2016\/07\/histoire-generale-de-la-congregation-de-la-mission.jpg?fit=1200%2C630&ssl=1&resize=350%2C200","width":350,"height":200,"srcset":"https:\/\/i0.wp.com\/vincentians.com\/fr\/wp-content\/uploads\/sites\/10\/2016\/07\/histoire-generale-de-la-congregation-de-la-mission.jpg?fit=1200%2C630&ssl=1&resize=350%2C200 1x, https:\/\/i0.wp.com\/vincentians.com\/fr\/wp-content\/uploads\/sites\/10\/2016\/07\/histoire-generale-de-la-congregation-de-la-mission.jpg?fit=1200%2C630&ssl=1&resize=525%2C300 1.5x, https:\/\/i0.wp.com\/vincentians.com\/fr\/wp-content\/uploads\/sites\/10\/2016\/07\/histoire-generale-de-la-congregation-de-la-mission.jpg?fit=1200%2C630&ssl=1&resize=700%2C400 2x, https:\/\/i0.wp.com\/vincentians.com\/fr\/wp-content\/uploads\/sites\/10\/2016\/07\/histoire-generale-de-la-congregation-de-la-mission.jpg?fit=1200%2C630&ssl=1&resize=1050%2C600 3x"},"classes":[]}],"_links":{"self":[{"href":"https:\/\/vincentians.com\/fr\/wp-json\/wp\/v2\/posts\/107766","targetHints":{"allow":["GET"]}}],"collection":[{"href":"https:\/\/vincentians.com\/fr\/wp-json\/wp\/v2\/posts"}],"about":[{"href":"https:\/\/vincentians.com\/fr\/wp-json\/wp\/v2\/types\/post"}],"author":[{"embeddable":true,"href":"https:\/\/vincentians.com\/fr\/wp-json\/wp\/v2\/users\/4"}],"replies":[{"embeddable":true,"href":"https:\/\/vincentians.com\/fr\/wp-json\/wp\/v2\/comments?post=107766"}],"version-history":[{"count":0,"href":"https:\/\/vincentians.com\/fr\/wp-json\/wp\/v2\/posts\/107766\/revisions"}],"wp:featuredmedia":[{"embeddable":true,"href":"https:\/\/vincentians.com\/fr\/wp-json\/wp\/v2\/media\/189808"}],"wp:attachment":[{"href":"https:\/\/vincentians.com\/fr\/wp-json\/wp\/v2\/media?parent=107766"}],"wp:term":[{"taxonomy":"category","embeddable":true,"href":"https:\/\/vincentians.com\/fr\/wp-json\/wp\/v2\/categories?post=107766"},{"taxonomy":"post_tag","embeddable":true,"href":"https:\/\/vincentians.com\/fr\/wp-json\/wp\/v2\/tags?post=107766"}],"curies":[{"name":"wp","href":"https:\/\/api.w.org\/{rel}","templated":true}]}}