{"id":107765,"date":"2014-01-09T19:18:22","date_gmt":"2014-01-09T18:18:22","guid":{"rendered":"http:\/\/vincentiens.org\/?p=107765"},"modified":"2014-01-09T19:18:22","modified_gmt":"2014-01-09T18:18:22","slug":"histoire-generale-de-la-congregation-de-la-mission-14","status":"publish","type":"post","link":"https:\/\/vincentians.com\/fr\/histoire-generale-de-la-congregation-de-la-mission-14\/","title":{"rendered":"Histoire g\u00e9n\u00e9rale de la Congr\u00e9gation de la Mission (14)"},"content":{"rendered":"<h2><b><b>XIV. Caducit\u00e9 de M. Alm\u00e9ras l\u2019\u00e9tablissement \u00e0 Lyon<\/b>.<\/b><\/h2>\n<p><a href=\"https:\/\/i0.wp.com\/vincentiens.org\/wp-content\/uploads\/2012\/12\/logocm.png\"><img data-recalc-dims=\"1\" loading=\"lazy\" decoding=\"async\" class=\"alignright size-medium wp-image-104093\" alt=\"logocm\" src=\"https:\/\/i0.wp.com\/vincentiens.org\/wp-content\/uploads\/2012\/12\/logocm-245x300.png?resize=245%2C300\" width=\"245\" height=\"300\" \/><\/a>Nous avons expliqu\u00e9 ici un peu au long tous les r\u00e8glements qui se firent dans l\u2019assembl\u00e9e de 1668, parce qu\u2019ils ont servi ensuite de mod\u00e8le aux autres assembl\u00e9es g\u00e9n\u00e9rales, celle-ci \u00e9tant la premi\u00e8re de toutes o\u00f9 il s\u2019est fait de pareils d\u00e9crets et r\u00e8glements.<b> <\/b>La mort avait enlev\u00e9 un peu auparavant M. d\u2019Horgny, qui \u00e9tait un des assistants et admoniteur du g\u00e9n\u00e9ral. L\u2019assembl\u00e9e substitua M. Jolly en sa place, et il \u00e9tait comme le bras droit de Mr. Alm\u00e9ras, r\u00e9duit par ses infirmit\u00e9s \u00e0 la n\u00e9cessit\u00e9 de garder souvent le lit et presque toujours la chambre, ce qui l\u2019avait oblig\u00e9 \u00e0 demander instamment d\u2019accepter la d\u00e9mission de son office en cette assembl\u00e9e, qui n\u2019eut gard\u00e9 d\u2019accepter sa demande comme la premi\u00e8re de toutes l\u2019avait refus\u00e9 \u00e0 M. Vincent. Il ne laissait pas d\u2019\u00eatre inform\u00e9 de tout et les fr\u00e8res de la maison avec des ouvriers avaient travaill\u00e9 un orgue tr\u00e8s propre, et une armoire pour y poser les tuyaux, le procureur y ayant donn\u00e9 les mains. Des anciens pr\u00eatres vinrent trouver M. Alm\u00e9ras pour lui repr\u00e9senter qu\u2019un tel enjolivement qu\u2019on voulait mettre dans l\u2019\u00e9glise \u00e9tait contraire \u00e0 la simplicit\u00e9 tant recommand\u00e9e par M. Vincent, les deux grandes figures d\u2019anges \u00e9taient d\u00e9j\u00e0 pos\u00e9es. Mr.<b> <\/b>Alm\u00e9ras en \u00e9tant averti se rendit les fit porter en bas et d\u2019un ton agr\u00e9able, comme s\u2019il n\u2019eut rien su de tout cela et dut ensuite approuver le tout, se fit expliquer par ordre au fr\u00e8re comment il disposerait tout ce bel ouvrage ; ce que celui-ci prenait plaisir de lui dire, comme si le g\u00e9n\u00e9ral fut entr\u00e9 dans sa pens\u00e9e. Mais, \u00e0 la fin, M. Alm\u00e9ras prit un ton s\u00e9rieux et ordonna \u00e0 ce fr\u00e8re d\u2019emporter tout, de balayer bien la place le jour m\u00eame, et de se d\u00e9faire de son ouvrage qui fut vendu \u00e0 la paroisse de Saint-Roch o\u00f9 ce bel orgue se voit encore. Le premier jour de l\u2019assembl\u00e9e, M. Alm\u00e9ras fit humilier le procureur devant tout le monde, le tenant assez longtemps \u00e0 genoux, et racontant agr\u00e9ablement \u00e0 toute la famille le pr\u00e9judice que cela pourrait porter aux fonctions des missions et autres, o\u00f9 l\u2019on ne voudrait pas permettre d\u2019aller \u00e0 ceux qui seraient destin\u00e9s \u00e0 la maison pour toucher l\u2019orgue<b> <\/b>et former quelque concert, \u00e0 l\u2019exemple d\u2019une certaine communaut\u00e9 qu\u2019il disait avoir vue autrefois \u00e0 Rome, ayant pour fonction de son institut d\u2019aller aider les agonisants \u00e0 bien mourir ; mais l\u2019usage s\u2019\u00e9tant introduit dans la chapelle de cette communaut\u00e9 de faire un salut tous les soirs avec un motet de musique chant\u00e9 par les personnes de la maison, quand on en voulait envoyer quelques-uns aux agonisants ils s\u2019en excusaient, ou les autres pour eux, en disant que c\u2019\u00e9tait dommage de troubler leur concert ; ce que les Missionnaires pourraient aussi r\u00e9pondre, disait M. Alm\u00e9ras, quand on voudrait envoyer en mission ou ailleurs ceux qui s\u2019appliqueraient \u00e0 l\u2019orgue.<\/p>\n<p>Quelque ferme qu\u2019il fut, il ne laissait pas d\u2019avoir beaucoup de bont\u00e9, et il craignait que les sup\u00e9rieurs ne manquassent de cette qualit\u00e9 dans leur conduite. Envoyant pour sup\u00e9rieur d\u2019une maison un pr\u00eatre qui passait pour \u00eatre bon, il lui recommanda entre autres choses<b> <\/b>de n\u2019\u00eatre pas trop bon ; mais dans la crainte que cet avis n\u2019engage\u00e2t ce pr\u00eatre \u00e0 diminuer quelque chose de sa douceur, il le fit rappeler \u00e0 sa chambre quand il \u00e9tait pr\u00eat de descendre dans le r\u00e9fectoire et puis encore du r\u00e9fectoire m\u00eame avant qu\u2019il sort\u00eet de la maison pour lui dire de ne pas avoir \u00e9gard \u00e0 ce qu\u2019il lui avait dit sur ce point et qu\u2019il ne pouvait \u00eatre trop bon \u00e0 l\u2019\u00e9gard de ses inf\u00e9rieurs. Tel [<i>sic<\/i>] \u00e9tait la conduite de ce sage g\u00e9n\u00e9ral que chacun voyait avec regret approcher de sa fin.<\/p>\n<p>Il eut encore la consolation avant sa mort de voir l\u2019\u00e9tablissement de Lyon conclu et commenc\u00e9. Il \u00e9tait avantageux \u00e0 la Compagnie, puisque c\u2019est une grande ville, bien peupl\u00e9e, o\u00f9 l\u2019on pouvait \u00e9tablir un s\u00e9minaire interne qui fournirait de bons sujets, comme en effet cela est arriv\u00e9 : il en est sorti plusieurs sujets qui ont ensuite travaill\u00e9 utilement et le font encore aujourd\u2019hui ; jusque-l\u00e0, qu\u2019il n\u2019y avait eu d\u2019autre s\u00e9minaire que celui de St.-Lazare.<b> <\/b>De plus, il fallait contenter M. l\u2019abb\u00e9 Chomel, eccl\u00e9siastique riche, originaire de cette ville, ci-devant conseiller au Parlement de Paris, qui \u00e9tait un des \u00e9l\u00e8ves de feu M. Vincent dans le coll\u00e8ge des Bons-Enfants. Il souhaitait ardemment de voir une maison de la Congr\u00e9gation dans sa patrie et offrait g\u00e9n\u00e9reusement une somme d\u2019argent consid\u00e9rable pour en faire la fondation sans obliger les Missionnaires \u00e0 quoique ce soit, pas seulement \u00e0 une messe, se contentant, disait-il, qu\u2019ils fissent l\u00e0 leurs fonctions, et croyant ainsi rendre un service signal\u00e9 \u00e0 sa patrie. On envoya l\u00e0 quelques pr\u00eatres sous la conduite de M. Berthe, un des assistants du g\u00e9n\u00e9ral, qu\u2019on crut \u00eatre le plus propre pour \u00eatre la pierre fondamentale de cette maison. Apr\u00e8s quelques jours de s\u00e9jour \u00e0 Lyon, il n\u00e9gocia si bien que Messieurs de la Communaut\u00e9 de St.-Michel, lesquels \u00e9taient d\u00e9j\u00e0 \u00e9tablis dans cette ville pour faire des missions dans la campagne, et parmi lesquels il y avait<b> <\/b>quelques gens de qualit\u00e9 peu accoutum\u00e9s \u00e0 soutenir les travaux des missions ; ne trouvant pas d\u2019ailleurs ais\u00e9ment des ouvriers pour cela, consentirent \u00e0 s\u2019unir \u00e0 une Congr\u00e9gation d\u00e9j\u00e0 form\u00e9e, qui avait \u00e0 peu pr\u00e8s la m\u00eame fin qu\u2019eux<span id='easy-footnote-1-107765' class='easy-footnote-margin-adjust'><\/span><span class='easy-footnote'><a href='https:\/\/vincentians.com\/fr\/histoire-generale-de-la-congregation-de-la-mission-14\/#easy-footnote-bottom-1-107765' title='1670.'><sup>1<\/sup><\/a><\/span>. Quelques-uns de leurs ouvriers go\u00fbt\u00e8rent cette union, entre autres M. Blanc, qui entra lui-m\u00eame dans la Compagnie, o\u00f9 il a depuis rendu des services signal\u00e9s en conduisant longtemps les missions dans le dioc\u00e8se de Lyon.<\/p>\n<p>La conclusion de cette affaire fit plaisir \u00e0 M. Alm\u00e9ras qui avait d\u00e9j\u00e0 donn\u00e9 avis aux maisons de la Compagnie de ce nouvel \u00e9tablissement par une lettre du 26 juillet 1669, o\u00f9 il marque que la petite Communaut\u00e9 de Lyon avait enfin commenc\u00e9 dans une maison de louage au Garillan sur le chemin qui m\u00e8ne \u00e0 la colline de Fourvi\u00e8re et pas \u00e9loign\u00e9 d\u2019un autre plus spacieux o\u00f9 ils sont depuis log\u00e9s en achetant du bien de M. Chomel, la maison et le grand clos de M. Mascerauny de la Verri\u00e8re.<b> <\/b>M. Alm\u00e9ras poursuit Messieurs Dubois et Gr\u00e9goire, pr\u00eatres de la Mission estim\u00e9s, sont all\u00e9s joindre M. Berthe et dans une autre lettre du 4 mars de l\u2019ann\u00e9e suivante, l\u2019union avec ces Messieurs susnomm\u00e9s \u00e9tant faite, voici ce que M. Alm\u00e9ras en dit plus au long :<\/p>\n<p>Je vous ai fait part de temps en temps de notre \u00e9tablissement de Lyon, et pr\u00e9sentement je vais vous donner une plus ample connaissance de son commencement et de sa suite. Dieu, qui en est l\u2019auteur, donna le premier mouvement \u00e0 M. Chomel, autrefois conseiller au Parlement, et pr\u00eatre depuis plusieurs ann\u00e9es, homme de grande pi\u00e9t\u00e9 et ancien ami de la Compagnie, de nous fonder en cette ville comme en un poste fort propre pour procurer l\u2019avancement de sa gloire en plusieurs provinces ; il fit proposer son pieux dessein \u00e0 Mgr l\u2019Archev\u00eaque qui pour lors \u00e9tait \u00e0 Paris afin de savoir s\u2019il en agr\u00e9erait l\u2019ex\u00e9cution. Il le fit, et \u00e9tant de retour \u00e0 Lyon,<b> <\/b>il d\u00e9sira que quelqu\u2019un des n\u00f4tres y all\u00e2t pour diverses formalit\u00e9s qu\u2019il fallait observer en cette affaire, et qui la rendait plus difficile qu\u2019en un autre temps, \u00e0 cause d\u2019un \u00e9dit du roi sur les nouveaux \u00e9tablissements des communaut\u00e9s.<\/p>\n<p>Nous envoy\u00e2mes M. Berthe pour y travailler, et y \u00e9tant arriv\u00e9, il obtint le consentement du pr\u00e9lat et de la ville. Il fut n\u00e9cessaire ensuite d\u2019avoir des lettres patentes du roi pour lesquelles Mgr l\u2019Archev\u00eaque \u00e9crivit en cour, et on les fit enregistrer au Parlement ; ce qui ne put se faire qu\u2019avec un peu de temps. Ce pr\u00e9lat \u00e9tait pour lors messire Camille de Neuville, de la maison de Villeroy, lieutenant de roi dans la province, et tout-puissant \u00e0 Lyon. Puis il fut question d\u2019avoir une maison d\u2019achat ou de louage, et des difficult\u00e9s ayant emp\u00each\u00e9 de faire d\u2019abord une acquisition, on se contenta d\u2019en louer une, en attendant, nous y envoy\u00e2mes MM. Dubois, sup\u00e9rieur de la maison d\u2019Annecy, et Gr\u00e9goire, directeur<b> <\/b>de notre s\u00e9minaire interne, avec Mr Bezeron<span id='easy-footnote-2-107765' class='easy-footnote-margin-adjust'><\/span><span class='easy-footnote'><a href='https:\/\/vincentians.com\/fr\/histoire-generale-de-la-congregation-de-la-mission-14\/#easy-footnote-bottom-2-107765' title='Fran\u00e7ois P\u00e8zeron, n\u00e9 1638.'><sup>2<\/sup><\/a><\/span>, pr\u00eatre dudit s\u00e9minaire ; pour bien former dans l\u2019esprit de la Congr\u00e9gation ce nouvel \u00e9tablissement, consid\u00e9rable pour plusieurs raisons, nous y laiss\u00e2mes M. Berthe pour sup\u00e9rieur, cette maison ayant besoin dans son commencement d\u2019un chef exp\u00e9riment\u00e9 et intelligent comme il est, pour r\u00e9pondre \u00e0 l\u2019attente du pr\u00e9lat et de quantit\u00e9 de personnes d\u2019autorit\u00e9 et de pi\u00e9t\u00e9 qui sont en cette ville ; comme aussi \u00e0 cause de la disposition qui se trouvait \u00e0 une chose dont nous allons parler, et qui demandait une personne capable de la traiter et de la mettre en bon train. C\u2019est l\u2019union susdite ; occasion, dit M. Alm\u00e9ras, que Dieu seul a suscit\u00e9e sans que nous y eussions aucunement pens\u00e9, ce qui fait le principal sujet de cette lettre.<\/p>\n<p>Il raconte ensuite fort au long l\u2019origine de cette communaut\u00e9. Depuis environ 25 ans, dit-il, il s\u2019est form\u00e9 dans Lyon deux communaut\u00e9s de<b> <\/b>pr\u00eatres qui se sont appliqu\u00e9s aux missions. Les uns sont appel\u00e9s Missionnaires de St.-Joseph, autrement Cartenistes, \u00e0 cause de leur fondateur nomm\u00e9 M. Cartenet, la\u00efc et chirurgien de profession, mais homme d\u2019oraison et fort z\u00e9l\u00e9, qui allait quelquefois instruire les pauvres gens de la campagne. Ces Messieurs ne sont connus \u00e0 Lyon que sous le nom de Missionnaires de Saint-Joseph. La seconde communaut\u00e9 \u00e9tait proprement des Missionnaires de Mgr l\u2019Archev\u00eaque, institu\u00e9e par son autorit\u00e9 et confirm\u00e9e par lettres patentes du roi, v\u00e9rifi\u00e9es en Parlement. On les nommait ordinairement Messrs de St.-Michel \u00e0 cause d\u2019une cure de la ville qu\u2019ils servaient, quelques-uns de ceux-ci ayant vu M. Berthe \u00e0 Lyon, \u00e0 dessein d\u2019y \u00e9tablir une maison, eurent peu apr\u00e8s son arriv\u00e9e la pens\u00e9e d\u2019unir leur communaut\u00e9 \u00e0 la n\u00f4tre ; ils en parl\u00e8rent \u00e0 leurs confr\u00e8res et \u00e0 quelques externes. M. Berthe les \u00e9couta avec respect, et nous en ayant \u00e9crit, nous le pri\u00e2mes de ne faire aucune avance<b> <\/b>pour cela, mais de les laisser agir et de nous commettre \u00e0 la seule Providence, comme il a fait, pour nous conformer \u00e0 la s[ain]te. pratique de feu M. Vincent, qui n\u2019allait jamais au-devant des \u00e9tablissements ni des avantages temporels. Notre \u00e9tablissement \u00e9tant fait, ces Messieurs qui d\u00e9siraient de s\u2019unir \u00e0 nous furent bien ais\u00e9s, avant que de conclure, d\u2019assister \u00e0 une de nos missions, et y ayant travaill\u00e9, ils en revinrent si contents des n\u00f4tres et de leur mani\u00e8re d\u2019agir qu\u2019ils demand\u00e8rent instamment \u00e0 Mgr l\u2019Archev\u00eaque la permission de faire promptement l\u2019union, ce qu\u2019il accorda. Ils eurent plusieurs conf\u00e9rences avec M. Berthe pour en traiter, et \u00e9tant convenus des conditions, il en a pass\u00e9 le contrat sign\u00e9 de part et d\u2019autre et homologu\u00e9 par Mgr l\u2019Archev\u00eaque, avec la d\u00e9sunion de la cure de Saint-Michel, M. Berthe lui ayant repr\u00e9sent\u00e9 de notre part que nous avions pris la r\u00e9solution depuis plusieurs ann\u00e9es<b> <\/b>de n\u2019accepter aucune cure, et ne pouvant d\u2019ailleurs exercer nos fonctions au dehors \u00e0 l\u2019\u00e9gard du prochain dans une ville \u00e9piscopale comme Lyon. On s\u2019en tenait l\u00e0 fortement pour lors ; depuis, on a accept\u00e9 quelques cures et celle-ci \u00e9tait assez \u00e0 la biens\u00e9ance des Missionnaires, qui se trouvaient avoir un logement aupr\u00e8s&#8211;dans le plus beau quartier de Lyon, qui est Bellecour, et ils n\u2019avaient pas \u00e9t\u00e9 oblig\u00e9s dans la suite de faire une d\u00e9pense consid\u00e9rable d\u2019environ cent mille livres pour acheter&#8211;le clos de Mr de la Verri\u00e8re. Mgr l\u2019Archev\u00eaque ne voulant pas que cette cure fut desservie par un seul cur\u00e9, et \u00e9tant abb\u00e9 d\u2019Aynay, abbaye voisine, d\u2019o\u00f9 d\u00e9pend cette cure, il en procura la s\u00e9cularisation \u00e0 Rome et remit aux nouveaux chanoines ladite cure \u00e0 servir.<\/p>\n<p>M. Alm\u00e9ras dit encore que c\u2019\u00e9tait l\u00e0 un bien consid\u00e9rable fait \u00e0 cette maison naissante, qui \u00e9tait fort faible pour le nombre des sujets et pour la subsistance, n\u2019ayant que mille<span id='easy-footnote-3-107765' class='easy-footnote-margin-adjust'><\/span><span class='easy-footnote'><a href='https:\/\/vincentians.com\/fr\/histoire-generale-de-la-congregation-de-la-mission-14\/#easy-footnote-bottom-3-107765' title='&lt;i&gt;Annales&lt;\/i&gt; a \u201c\u00a0deux mille\u00a0\u201d, tandis que l\u2019un des originaux a \u201c\u00a0mille\u00a0\u201d.'><sup>3<\/sup><\/a><\/span> livres<b> <\/b>de rentes pour entretenir deux pr\u00eatres et un fr\u00e8re, sans que M. Chomel eut pu faire d\u2019avantage pour lors, quoique cette grande ville demanda quelque chose de plus, disant qu\u2019il voulait que nous eussions du moins un pied dans Lyon, et que s\u2019il ne faisait une fondation compl\u00e8te, il en souhaitait un commencement pour le pr\u00e9sent, esp\u00e9rant de faire un jour quelque chose de plus, et que Dieu pourrait aussi donner quelque accroissement par d\u2019autres moyens, il est arriv\u00e9, Sa Divine Majest\u00e9 ayant fortifi\u00e9 cet \u00e9tablissement en sujets et en revenus par l\u2019union susdite. Toutefois ces Messieurs ne se sont point incorpor\u00e9s \u00e0 la Congr\u00e9gation ; ils sont libres, vivants et travaillants avec les Missionnaires tant que bon leur semblera, et s\u2019accommodants \u00e0 nos pratiques, qui est tout ce que nous souhaitons. Ils nous ont c\u00e9d\u00e9 de plein gr\u00e9 leurs fondations, rentes, fonds et droits temporels qu\u2019ils avaient en<b> <\/b>commun, de sorte que chacun d\u2019eux venant \u00e0 mourir ou \u00e0 se retirer, \u00e0 raison de quelque b\u00e9n\u00e9fice ou emploi, nous substituerons \u00e0 leur place quelqu\u2019un de notre Congr\u00e9gation, et ainsi, dans quelques ann\u00e9es, nous jouirons seuls du revenu qui leur \u00e9tait affect\u00e9, lequel fournira \u00e0 l\u2019entretien de cinq pr\u00eatres, outre les deux fond\u00e9s par M. Chomel.<\/p>\n<p>Il ajoute de plus : Les n\u00f4tres ont d\u00e9j\u00e0 fait quatre missions dans le dioc\u00e8se avec b\u00e9n\u00e9diction : 1\u00b0 dans un petit lieu comme nous le leur avons recommand\u00e9s, pour honorer l\u2019humilit\u00e9 de N[otre]. S[eigneur]. et suivre de plus pr\u00e8s les traces de N[otre]. V\u00e9n[\u00e9rable] P\u00e8re, puis, par une providence particuli\u00e8re de Dieu, dans la ville de Ch\u00e2tillon-les-Dombes, o\u00f9 se trouv\u00e8rent ces Messieurs de St.-Michel, et o\u00f9 M. Vincent avait fait autrefois tant de fruits par ses ferventes pr\u00e9dications et ses bons exemples,<b> <\/b>dont le souvenir leur donna tout ensemble un grand sujet de consolation et un puissant motif pour s\u2019efforcer \u00e0 l\u2019imiter.<\/p>\n<p>Depuis l\u2019union, ils ont fait une mission plus consid\u00e9rable dans un lieu fort peupl\u00e9 avec plusieurs de ces Messieurs, et Dieu a fait voir aussi bien que dans les pr\u00e9c\u00e9dentes, des marques sensibles de la gr\u00e2ce particuli\u00e8re qu\u2019il a donn\u00e9e \u00e0 la Compagnie pour ce principal emploi de notre Institut. Je vous prie de nous aider \u00e0 rendre gr\u00e2ces \u00e0 Dieu de tous ces biens, et sp\u00e9cialement de cette union, en lui demandant la pl\u00e9nitude de son esprit pour nos confr\u00e8res de Lyon, qui en ont besoin pour bien \u00e9difier ces Mess.rs avec qui nous nous sommes unis et pour s\u2019acquitter de nos fonctions avec la fid\u00e9lit\u00e9 et le fruit qui est \u00e0 d\u00e9sirer. Nous avons de<b> <\/b>m\u00eame toute obligation de prier Dieu pour ces Mess[ieu]rs et en particulier pour Mgr l\u2019Archev\u00eaque, qui nous a trait\u00e9s fort paternellement en cette occasion.<\/p>\n<p>Cette lettre du sup\u00e9rieur g\u00e9n\u00e9ral entre dans un grand d\u00e9tail de cet \u00e9tablissement, ce qu\u2019on ne trouve pas avoir \u00e9t\u00e9 fait pour aucun autre ; c\u2019est qu\u2019on regardait d\u00e8s lors cette maison comme de cons\u00e9quence. Il n\u2019y eut qu\u2019un de ces Mrs., savoir M. Blanc<span id='easy-footnote-4-107765' class='easy-footnote-margin-adjust'><\/span><span class='easy-footnote'><a href='https:\/\/vincentians.com\/fr\/histoire-generale-de-la-congregation-de-la-mission-14\/#easy-footnote-bottom-4-107765' title='Jean Blanc, n\u00e9 1634; v\u0153ux 1673.'><sup>4<\/sup><\/a><\/span>, qui entra dans la Congr\u00e9gation. On donna aux autres une pension viag\u00e8re de plus de trois cents livres, quoique quelques-uns d\u2019eux eussent d\u2019autres emplois o\u00f9 ils trouvaient du profit \u00e0 faire cependant, le contrat supposait qu\u2019ils travailleraient avec les Missionnaires, ce qui fit quelque peine \u00e0 des sup\u00e9rieurs suivants ; mais on jugea \u00e0 propos par motif de leur continuer la pension. Les biens de ces Messieurs<b> <\/b>pouvaient monter \u00e0 environ 80 ou 100 mille livres, somme assez consid\u00e9rable pour mettre au large cette maison ; toutefois elle est demeur\u00e9e assez longtemps pauvre, et il a fallu suppl\u00e9er par d\u2019autres endroits \u00e0 la subsistance des sept pr\u00eatres dont il est parl\u00e9 dans la lettre de M. Alm\u00e9ras. La d\u00e9pense que l\u2019on fit pour l\u2019achat de la maison dont on a parl\u00e9 ci-dessus l\u2019incommoda beaucoup, et quoique Lyon soit une bonne ville o\u00f9 les autres communaut\u00e9s s\u2019accommodent fort bien par la lib\u00e9ralit\u00e9 des bourgeois assez port\u00e9s \u00e0 donner aux \u00e9glises, la maison de Lyon est rest\u00e9e longtemps assez pauvre et endett\u00e9e jusqu\u2019\u00e0 l\u2019extinction des pensions viag\u00e8res dont elle \u00e9tait charg\u00e9e et \u00e0 l\u2019union du prieur\u00e9 de Mornant, b\u00e9n\u00e9fice d\u2019environ trois ou quatre mille livres de rente, avec de beaux droits, dont on parlera ci-apr\u00e8s.<\/p>\n","protected":false},"excerpt":{"rendered":"<p>XIV. Caducit\u00e9 de M. Alm\u00e9ras l\u2019\u00e9tablissement \u00e0 Lyon. Nous avons expliqu\u00e9 ici un peu au long tous les r\u00e8glements qui se firent dans l\u2019assembl\u00e9e de 1668, parce qu\u2019ils ont servi ensuite de mod\u00e8le aux autres &#8230; <a href=\"https:\/\/vincentians.com\/fr\/histoire-generale-de-la-congregation-de-la-mission-14\/\" class=\"more-link\">Read More<\/a><\/p>\n","protected":false},"author":4,"featured_media":189808,"comment_status":"open","ping_status":"open","sticky":false,"template":"","format":"standard","meta":{"jetpack_post_was_ever_published":false,"_jetpack_newsletter_access":"","_jetpack_dont_email_post_to_subs":false,"_jetpack_newsletter_tier_id":0,"_jetpack_memberships_contains_paywalled_content":false,"_jetpack_memberships_contains_paid_content":false,"footnotes":"","jetpack_publicize_message":"","jetpack_publicize_feature_enabled":true,"jetpack_social_post_already_shared":true,"jetpack_social_options":{"image_generator_settings":{"template":"highway","default_image_id":0,"font":"","enabled":false},"version":2}},"categories":[134],"tags":[],"class_list":["post-107765","post","type-post","status-publish","format-standard","has-post-thumbnail","hentry","category-histoire-de-la-congregation-de-la-mission"],"yoast_head":"<!-- This site is optimized with the Yoast SEO plugin v26.3 - https:\/\/yoast.com\/wordpress\/plugins\/seo\/ -->\n<title>Histoire g\u00e9n\u00e9rale de la Congr\u00e9gation de la Mission (14) - Nous Sommes Vincentiens<\/title>\n<meta name=\"robots\" content=\"index, follow, max-snippet:-1, max-image-preview:large, max-video-preview:-1\" \/>\n<link rel=\"canonical\" href=\"https:\/\/vincentians.com\/fr\/histoire-generale-de-la-congregation-de-la-mission-14\/\" \/>\n<meta property=\"og:locale\" content=\"fr_FR\" \/>\n<meta property=\"og:type\" content=\"article\" \/>\n<meta property=\"og:title\" content=\"Histoire g\u00e9n\u00e9rale de la Congr\u00e9gation de la Mission (14) - Nous Sommes Vincentiens\" \/>\n<meta property=\"og:description\" content=\"XIV. Caducit\u00e9 de M. Alm\u00e9ras l\u2019\u00e9tablissement \u00e0 Lyon. Nous avons expliqu\u00e9 ici un peu au long tous les r\u00e8glements qui se firent dans l\u2019assembl\u00e9e de 1668, parce qu\u2019ils ont servi ensuite de mod\u00e8le aux autres ... Read More\" \/>\n<meta property=\"og:url\" content=\"https:\/\/vincentians.com\/fr\/histoire-generale-de-la-congregation-de-la-mission-14\/\" \/>\n<meta property=\"og:site_name\" content=\"Nous Sommes Vincentiens\" \/>\n<meta property=\"article:publisher\" content=\"https:\/\/www.facebook.com\/WeAreVincentians\/\" \/>\n<meta property=\"article:author\" content=\"https:\/\/www.facebook.com\/JavierChento\" \/>\n<meta property=\"article:published_time\" content=\"2014-01-09T18:18:22+00:00\" \/>\n<meta property=\"og:image\" content=\"https:\/\/i0.wp.com\/vincentians.com\/fr\/wp-content\/uploads\/sites\/10\/2016\/07\/histoire-generale-de-la-congregation-de-la-mission.jpg?fit=1200%2C630&ssl=1\" \/>\n\t<meta property=\"og:image:width\" content=\"1200\" \/>\n\t<meta property=\"og:image:height\" content=\"630\" \/>\n\t<meta property=\"og:image:type\" content=\"image\/jpeg\" \/>\n<meta name=\"author\" content=\"Francisco Javier Fern\u00e1ndez Chento\" \/>\n<meta name=\"twitter:card\" content=\"summary_large_image\" \/>\n<meta name=\"twitter:creator\" content=\"@https:\/\/twitter.com\/javierchento\" \/>\n<meta name=\"twitter:site\" content=\"@WeVincentians\" \/>\n<meta name=\"twitter:label1\" content=\"\u00c9crit par\" \/>\n\t<meta name=\"twitter:data1\" content=\"Francisco Javier Fern\u00e1ndez Chento\" \/>\n\t<meta name=\"twitter:label2\" content=\"Dur\u00e9e de lecture estim\u00e9e\" \/>\n\t<meta name=\"twitter:data2\" content=\"15 minutes\" \/>\n<script type=\"application\/ld+json\" class=\"yoast-schema-graph\">{\"@context\":\"https:\/\/schema.org\",\"@graph\":[{\"@type\":\"WebPage\",\"@id\":\"https:\/\/vincentians.com\/fr\/histoire-generale-de-la-congregation-de-la-mission-14\/\",\"url\":\"https:\/\/vincentians.com\/fr\/histoire-generale-de-la-congregation-de-la-mission-14\/\",\"name\":\"Histoire g\u00e9n\u00e9rale de la Congr\u00e9gation de la Mission (14) - Nous Sommes Vincentiens\",\"isPartOf\":{\"@id\":\"https:\/\/vincentians.com\/fr\/#website\"},\"primaryImageOfPage\":{\"@id\":\"https:\/\/vincentians.com\/fr\/histoire-generale-de-la-congregation-de-la-mission-14\/#primaryimage\"},\"image\":{\"@id\":\"https:\/\/vincentians.com\/fr\/histoire-generale-de-la-congregation-de-la-mission-14\/#primaryimage\"},\"thumbnailUrl\":\"https:\/\/i0.wp.com\/vincentians.com\/fr\/wp-content\/uploads\/sites\/10\/2016\/07\/histoire-generale-de-la-congregation-de-la-mission.jpg?fit=1200%2C630&ssl=1\",\"datePublished\":\"2014-01-09T18:18:22+00:00\",\"author\":{\"@id\":\"https:\/\/vincentians.com\/fr\/#\/schema\/person\/9623ef4d9aa3b2dfb8c061f1499288f2\"},\"breadcrumb\":{\"@id\":\"https:\/\/vincentians.com\/fr\/histoire-generale-de-la-congregation-de-la-mission-14\/#breadcrumb\"},\"inLanguage\":\"fr-FR\",\"potentialAction\":[{\"@type\":\"ReadAction\",\"target\":[\"https:\/\/vincentians.com\/fr\/histoire-generale-de-la-congregation-de-la-mission-14\/\"]}]},{\"@type\":\"ImageObject\",\"inLanguage\":\"fr-FR\",\"@id\":\"https:\/\/vincentians.com\/fr\/histoire-generale-de-la-congregation-de-la-mission-14\/#primaryimage\",\"url\":\"https:\/\/i0.wp.com\/vincentians.com\/fr\/wp-content\/uploads\/sites\/10\/2016\/07\/histoire-generale-de-la-congregation-de-la-mission.jpg?fit=1200%2C630&ssl=1\",\"contentUrl\":\"https:\/\/i0.wp.com\/vincentians.com\/fr\/wp-content\/uploads\/sites\/10\/2016\/07\/histoire-generale-de-la-congregation-de-la-mission.jpg?fit=1200%2C630&ssl=1\",\"width\":1200,\"height\":630},{\"@type\":\"BreadcrumbList\",\"@id\":\"https:\/\/vincentians.com\/fr\/histoire-generale-de-la-congregation-de-la-mission-14\/#breadcrumb\",\"itemListElement\":[{\"@type\":\"ListItem\",\"position\":1,\"name\":\"Portada\",\"item\":\"https:\/\/vincentians.com\/fr\/\"},{\"@type\":\"ListItem\",\"position\":2,\"name\":\"Histoire g\u00e9n\u00e9rale de la Congr\u00e9gation de la Mission (14)\"}]},{\"@type\":\"WebSite\",\"@id\":\"https:\/\/vincentians.com\/fr\/#website\",\"url\":\"https:\/\/vincentians.com\/fr\/\",\"name\":\"Nous Sommes Vincentiens\",\"description\":\"Know more to serve more\",\"potentialAction\":[{\"@type\":\"SearchAction\",\"target\":{\"@type\":\"EntryPoint\",\"urlTemplate\":\"https:\/\/vincentians.com\/fr\/?s={search_term_string}\"},\"query-input\":{\"@type\":\"PropertyValueSpecification\",\"valueRequired\":true,\"valueName\":\"search_term_string\"}}],\"inLanguage\":\"fr-FR\"},{\"@type\":\"Person\",\"@id\":\"https:\/\/vincentians.com\/fr\/#\/schema\/person\/9623ef4d9aa3b2dfb8c061f1499288f2\",\"name\":\"Francisco Javier Fern\u00e1ndez Chento\",\"image\":{\"@type\":\"ImageObject\",\"inLanguage\":\"fr-FR\",\"@id\":\"https:\/\/vincentians.com\/fr\/#\/schema\/person\/image\/\",\"url\":\"https:\/\/secure.gravatar.com\/avatar\/497d5cde87b4c3d097d0315953521681ba2cd523ee66e5077c3711f7021e65de?s=96&d=mm&r=g\",\"contentUrl\":\"https:\/\/secure.gravatar.com\/avatar\/497d5cde87b4c3d097d0315953521681ba2cd523ee66e5077c3711f7021e65de?s=96&d=mm&r=g\",\"caption\":\"Francisco Javier Fern\u00e1ndez Chento\"},\"description\":\"Director General y cofundador de La Red de Formaci\u00f3n Vicenciana. Javier es laico vicenciano, afiliado a la Congregaci\u00f3n de la Misi\u00f3n y miembro del Equipo de Misiones Populares de la provincia can\u00f3nica de Zaragoza (Espa\u00f1a) de la Congregaci\u00f3n de la Misi\u00f3n. Graduado en la Universidad Oberta de Catalunya con cuatro grados (Asistente de direcci\u00f3n, Gesti\u00f3n Administrativa, Recursos Humanos y Contabilidad Avanzada). Bil\u00edng\u00fce Espa\u00f1ol\/Ingl\u00e9s. gestiona y mantiene varias p\u00e1ginas web cristianas y vicencianas, incluida including La Red de Formaci\u00f3n Vicenciana, de la que es cofundador. Actualmente es responsable del \u00e1rea de Espa\u00f1ol de .famvin, la Red de Noticias de la Familia Vicenciana. Tambi\u00e9n es m\u00fasico cat\u00f3lico y ha editado varios discos. Es Director General y cofundador de Trovador, una reconocida compa\u00f1\u00eda discogr\u00e1fica critiana de Espa\u00f1a. Trabaja en las Tecnolog\u00edas de la Informaci\u00f3n, ofreciendo servicios de alojamiento, dise\u00f1o y mantenimiento Web, as\u00ed como asesoramiento, formaci\u00f3n y soluciones inform\u00e1ticas, gesti\u00f3n documental y digitalizaci\u00f3n de textos, edici\u00f3n y maquetaci\u00f3n de libros, revistas, flyers, etc.\",\"sameAs\":[\"http:\/\/chento.org\",\"https:\/\/www.facebook.com\/JavierChento\",\"https:\/\/x.com\/https:\/\/twitter.com\/javierchento\"],\"url\":\"https:\/\/vincentians.com\/fr\/author\/chento\/\"}]}<\/script>\n<!-- \/ Yoast SEO plugin. -->","yoast_head_json":{"title":"Histoire g\u00e9n\u00e9rale de la Congr\u00e9gation de la Mission (14) - Nous Sommes Vincentiens","robots":{"index":"index","follow":"follow","max-snippet":"max-snippet:-1","max-image-preview":"max-image-preview:large","max-video-preview":"max-video-preview:-1"},"canonical":"https:\/\/vincentians.com\/fr\/histoire-generale-de-la-congregation-de-la-mission-14\/","og_locale":"fr_FR","og_type":"article","og_title":"Histoire g\u00e9n\u00e9rale de la Congr\u00e9gation de la Mission (14) - Nous Sommes Vincentiens","og_description":"XIV. Caducit\u00e9 de M. Alm\u00e9ras l\u2019\u00e9tablissement \u00e0 Lyon. Nous avons expliqu\u00e9 ici un peu au long tous les r\u00e8glements qui se firent dans l\u2019assembl\u00e9e de 1668, parce qu\u2019ils ont servi ensuite de mod\u00e8le aux autres ... Read More","og_url":"https:\/\/vincentians.com\/fr\/histoire-generale-de-la-congregation-de-la-mission-14\/","og_site_name":"Nous Sommes Vincentiens","article_publisher":"https:\/\/www.facebook.com\/WeAreVincentians\/","article_author":"https:\/\/www.facebook.com\/JavierChento","article_published_time":"2014-01-09T18:18:22+00:00","og_image":[{"width":1200,"height":630,"url":"https:\/\/i0.wp.com\/vincentians.com\/fr\/wp-content\/uploads\/sites\/10\/2016\/07\/histoire-generale-de-la-congregation-de-la-mission.jpg?fit=1200%2C630&ssl=1","type":"image\/jpeg"}],"author":"Francisco Javier Fern\u00e1ndez Chento","twitter_card":"summary_large_image","twitter_creator":"@https:\/\/twitter.com\/javierchento","twitter_site":"@WeVincentians","twitter_misc":{"\u00c9crit par":"Francisco Javier Fern\u00e1ndez Chento","Dur\u00e9e de lecture estim\u00e9e":"15 minutes"},"schema":{"@context":"https:\/\/schema.org","@graph":[{"@type":"WebPage","@id":"https:\/\/vincentians.com\/fr\/histoire-generale-de-la-congregation-de-la-mission-14\/","url":"https:\/\/vincentians.com\/fr\/histoire-generale-de-la-congregation-de-la-mission-14\/","name":"Histoire g\u00e9n\u00e9rale de la Congr\u00e9gation de la Mission (14) - Nous Sommes Vincentiens","isPartOf":{"@id":"https:\/\/vincentians.com\/fr\/#website"},"primaryImageOfPage":{"@id":"https:\/\/vincentians.com\/fr\/histoire-generale-de-la-congregation-de-la-mission-14\/#primaryimage"},"image":{"@id":"https:\/\/vincentians.com\/fr\/histoire-generale-de-la-congregation-de-la-mission-14\/#primaryimage"},"thumbnailUrl":"https:\/\/i0.wp.com\/vincentians.com\/fr\/wp-content\/uploads\/sites\/10\/2016\/07\/histoire-generale-de-la-congregation-de-la-mission.jpg?fit=1200%2C630&ssl=1","datePublished":"2014-01-09T18:18:22+00:00","author":{"@id":"https:\/\/vincentians.com\/fr\/#\/schema\/person\/9623ef4d9aa3b2dfb8c061f1499288f2"},"breadcrumb":{"@id":"https:\/\/vincentians.com\/fr\/histoire-generale-de-la-congregation-de-la-mission-14\/#breadcrumb"},"inLanguage":"fr-FR","potentialAction":[{"@type":"ReadAction","target":["https:\/\/vincentians.com\/fr\/histoire-generale-de-la-congregation-de-la-mission-14\/"]}]},{"@type":"ImageObject","inLanguage":"fr-FR","@id":"https:\/\/vincentians.com\/fr\/histoire-generale-de-la-congregation-de-la-mission-14\/#primaryimage","url":"https:\/\/i0.wp.com\/vincentians.com\/fr\/wp-content\/uploads\/sites\/10\/2016\/07\/histoire-generale-de-la-congregation-de-la-mission.jpg?fit=1200%2C630&ssl=1","contentUrl":"https:\/\/i0.wp.com\/vincentians.com\/fr\/wp-content\/uploads\/sites\/10\/2016\/07\/histoire-generale-de-la-congregation-de-la-mission.jpg?fit=1200%2C630&ssl=1","width":1200,"height":630},{"@type":"BreadcrumbList","@id":"https:\/\/vincentians.com\/fr\/histoire-generale-de-la-congregation-de-la-mission-14\/#breadcrumb","itemListElement":[{"@type":"ListItem","position":1,"name":"Portada","item":"https:\/\/vincentians.com\/fr\/"},{"@type":"ListItem","position":2,"name":"Histoire g\u00e9n\u00e9rale de la Congr\u00e9gation de la Mission (14)"}]},{"@type":"WebSite","@id":"https:\/\/vincentians.com\/fr\/#website","url":"https:\/\/vincentians.com\/fr\/","name":"Nous Sommes Vincentiens","description":"Know more to serve more","potentialAction":[{"@type":"SearchAction","target":{"@type":"EntryPoint","urlTemplate":"https:\/\/vincentians.com\/fr\/?s={search_term_string}"},"query-input":{"@type":"PropertyValueSpecification","valueRequired":true,"valueName":"search_term_string"}}],"inLanguage":"fr-FR"},{"@type":"Person","@id":"https:\/\/vincentians.com\/fr\/#\/schema\/person\/9623ef4d9aa3b2dfb8c061f1499288f2","name":"Francisco Javier Fern\u00e1ndez Chento","image":{"@type":"ImageObject","inLanguage":"fr-FR","@id":"https:\/\/vincentians.com\/fr\/#\/schema\/person\/image\/","url":"https:\/\/secure.gravatar.com\/avatar\/497d5cde87b4c3d097d0315953521681ba2cd523ee66e5077c3711f7021e65de?s=96&d=mm&r=g","contentUrl":"https:\/\/secure.gravatar.com\/avatar\/497d5cde87b4c3d097d0315953521681ba2cd523ee66e5077c3711f7021e65de?s=96&d=mm&r=g","caption":"Francisco Javier Fern\u00e1ndez Chento"},"description":"Director General y cofundador de La Red de Formaci\u00f3n Vicenciana. Javier es laico vicenciano, afiliado a la Congregaci\u00f3n de la Misi\u00f3n y miembro del Equipo de Misiones Populares de la provincia can\u00f3nica de Zaragoza (Espa\u00f1a) de la Congregaci\u00f3n de la Misi\u00f3n. Graduado en la Universidad Oberta de Catalunya con cuatro grados (Asistente de direcci\u00f3n, Gesti\u00f3n Administrativa, Recursos Humanos y Contabilidad Avanzada). Bil\u00edng\u00fce Espa\u00f1ol\/Ingl\u00e9s. gestiona y mantiene varias p\u00e1ginas web cristianas y vicencianas, incluida including La Red de Formaci\u00f3n Vicenciana, de la que es cofundador. Actualmente es responsable del \u00e1rea de Espa\u00f1ol de .famvin, la Red de Noticias de la Familia Vicenciana. Tambi\u00e9n es m\u00fasico cat\u00f3lico y ha editado varios discos. Es Director General y cofundador de Trovador, una reconocida compa\u00f1\u00eda discogr\u00e1fica critiana de Espa\u00f1a. Trabaja en las Tecnolog\u00edas de la Informaci\u00f3n, ofreciendo servicios de alojamiento, dise\u00f1o y mantenimiento Web, as\u00ed como asesoramiento, formaci\u00f3n y soluciones inform\u00e1ticas, gesti\u00f3n documental y digitalizaci\u00f3n de textos, edici\u00f3n y maquetaci\u00f3n de libros, revistas, flyers, etc.","sameAs":["http:\/\/chento.org","https:\/\/www.facebook.com\/JavierChento","https:\/\/x.com\/https:\/\/twitter.com\/javierchento"],"url":"https:\/\/vincentians.com\/fr\/author\/chento\/"}]}},"jetpack_publicize_connections":[],"jetpack_featured_media_url":"https:\/\/i0.wp.com\/vincentians.com\/fr\/wp-content\/uploads\/sites\/10\/2016\/07\/histoire-generale-de-la-congregation-de-la-mission.jpg?fit=1200%2C630&ssl=1","jetpack_sharing_enabled":true,"jetpack_shortlink":"https:\/\/wp.me\/p7ETMP-s29","jetpack-related-posts":[{"id":107500,"url":"https:\/\/vincentians.com\/fr\/histoire-generale-de-la-congregation-de-la-mission-02\/","url_meta":{"origin":107765,"position":0},"title":"Histoire g\u00e9n\u00e9rale de la Congr\u00e9gation de la Mission (02)","author":"Francisco Javier Fern\u00e1ndez Chento","date":"28\/12\/2013","format":false,"excerpt":"II. [El]ection de [M.] Alm\u00e9ras [\u00e9]lu 2e [g\u00e9]n\u00e9ral de [la] Congr\u00e9gation. 1661. M. Vincent eut donn\u00e9 la consolation de voir, avant sa mort, la Congr\u00e9gation assez bien affermie et il avait lieu d\u2019esp\u00e9rer que cette Compagnie dont il s\u2019\u00e9tait trouv\u00e9 l\u2019Instituteur, sans penser au commencement d\u2019en former aucune dans l\u2019\u00e9glise,\u2026","rel":"","context":"Dans &quot;Histoire de la Congr\u00e9gation de la Mission&quot;","block_context":{"text":"Histoire de la Congr\u00e9gation de la Mission","link":"https:\/\/vincentians.com\/fr\/category\/histoire-de-la-congregation-de-la-mission\/"},"img":{"alt_text":"","src":"https:\/\/i0.wp.com\/vincentians.com\/fr\/wp-content\/uploads\/sites\/10\/2016\/07\/histoire-generale-de-la-congregation-de-la-mission.jpg?fit=1200%2C630&ssl=1&resize=350%2C200","width":350,"height":200,"srcset":"https:\/\/i0.wp.com\/vincentians.com\/fr\/wp-content\/uploads\/sites\/10\/2016\/07\/histoire-generale-de-la-congregation-de-la-mission.jpg?fit=1200%2C630&ssl=1&resize=350%2C200 1x, https:\/\/i0.wp.com\/vincentians.com\/fr\/wp-content\/uploads\/sites\/10\/2016\/07\/histoire-generale-de-la-congregation-de-la-mission.jpg?fit=1200%2C630&ssl=1&resize=525%2C300 1.5x, https:\/\/i0.wp.com\/vincentians.com\/fr\/wp-content\/uploads\/sites\/10\/2016\/07\/histoire-generale-de-la-congregation-de-la-mission.jpg?fit=1200%2C630&ssl=1&resize=700%2C400 2x, https:\/\/i0.wp.com\/vincentians.com\/fr\/wp-content\/uploads\/sites\/10\/2016\/07\/histoire-generale-de-la-congregation-de-la-mission.jpg?fit=1200%2C630&ssl=1&resize=1050%2C600 3x"},"classes":[]},{"id":107767,"url":"https:\/\/vincentians.com\/fr\/histoire-generale-de-la-congregation-de-la-mission-10\/","url_meta":{"origin":107765,"position":1},"title":"Histoire g\u00e9n\u00e9rale de la Congr\u00e9gation de la Mission (10)","author":"Francisco Javier Fern\u00e1ndez Chento","date":"05\/01\/2014","format":false,"excerpt":"X. [L\u2019a]ssembl\u00e9e de [16]68 et ses d\u00e9crets. La Compagnie se multipliait ainsi sous la sage conduite de M. Alm\u00e9ras et quoiqu\u2019il n\u2019y e\u00fbt qu\u2019environ sept ans qu\u2019on avait eu une assembl\u00e9e g\u00e9n\u00e9rale comme il se trouvait un grand nombre de maisons et qu\u2019on n\u2019avait fait aucun d\u00e9cret dans la derni\u00e8re,\u2026","rel":"","context":"Dans &quot;Histoire de la Congr\u00e9gation de la Mission&quot;","block_context":{"text":"Histoire de la Congr\u00e9gation de la Mission","link":"https:\/\/vincentians.com\/fr\/category\/histoire-de-la-congregation-de-la-mission\/"},"img":{"alt_text":"","src":"https:\/\/i0.wp.com\/vincentians.com\/fr\/wp-content\/uploads\/sites\/10\/2016\/07\/histoire-generale-de-la-congregation-de-la-mission.jpg?fit=1200%2C630&ssl=1&resize=350%2C200","width":350,"height":200,"srcset":"https:\/\/i0.wp.com\/vincentians.com\/fr\/wp-content\/uploads\/sites\/10\/2016\/07\/histoire-generale-de-la-congregation-de-la-mission.jpg?fit=1200%2C630&ssl=1&resize=350%2C200 1x, https:\/\/i0.wp.com\/vincentians.com\/fr\/wp-content\/uploads\/sites\/10\/2016\/07\/histoire-generale-de-la-congregation-de-la-mission.jpg?fit=1200%2C630&ssl=1&resize=525%2C300 1.5x, https:\/\/i0.wp.com\/vincentians.com\/fr\/wp-content\/uploads\/sites\/10\/2016\/07\/histoire-generale-de-la-congregation-de-la-mission.jpg?fit=1200%2C630&ssl=1&resize=700%2C400 2x, https:\/\/i0.wp.com\/vincentians.com\/fr\/wp-content\/uploads\/sites\/10\/2016\/07\/histoire-generale-de-la-congregation-de-la-mission.jpg?fit=1200%2C630&ssl=1&resize=1050%2C600 3x"},"classes":[]},{"id":54379,"url":"https:\/\/vincentians.com\/fr\/les-voeux-dans-la-congregation-nature-necessite-et-utilite\/","url_meta":{"origin":107765,"position":2},"title":"Les voeux dans la Congr\u00e9gation: nature, necessit\u00e9 et utilit\u00e9","author":"Francisco Javier Fern\u00e1ndez Chento","date":"03\/11\/2012","format":false,"excerpt":"Remarque pr\u00e9liminaire: Les membres de ce Groupe, constitu\u00e9 par le Sup\u00e9rieur G\u00e9n\u00e9ral (Constitutions n. 54, D\u00e9crets Temporaires n. 2) s'acquittent d'un double devoir: chacun y repr\u00e9sente une section de la Congr\u00e9gation (un groupe linguistique ou g\u00e9ographique), y travaille avec sa propre comp\u00e9tence. En tant que repr\u00e9sentant, il doit veiller \u00e1\u2026","rel":"","context":"Dans &quot;Congr\u00e9gation de la Mission&quot;","block_context":{"text":"Congr\u00e9gation de la Mission","link":"https:\/\/vincentians.com\/fr\/category\/congregation-de-la-mission\/"},"img":{"alt_text":"","src":"https:\/\/i0.wp.com\/vincentiens.org\/wp-content\/uploads\/2011\/08\/logocm-237x300.jpg?resize=350%2C200","width":350,"height":200},"classes":[]},{"id":107980,"url":"https:\/\/vincentians.com\/fr\/histoire-generale-de-la-congregation-de-la-mission-37\/","url_meta":{"origin":107765,"position":3},"title":"Histoire g\u00e9n\u00e9rale de la Congr\u00e9gation de la Mission (37)","author":"Francisco Javier Fern\u00e1ndez Chento","date":"03\/02\/2014","format":false,"excerpt":"XXXVII. Assembl\u00e9e sexennale On ne vit pas dor\u00e9navant de relations si amples ni si circonstanci\u00e9es du succ\u00e8s des fonctions de la Compagnie dans diff\u00e9rentes maisons, et les sup\u00e9rieurs g\u00e9n\u00e9raux n\u2019en n\u2019informeront plus autant dans le d\u00e9tail les familles particuli\u00e8res, soit parce que les emplois paraissent mieux r\u00e9ussir dans le commencement,\u2026","rel":"","context":"Dans &quot;Histoire de la Congr\u00e9gation de la Mission&quot;","block_context":{"text":"Histoire de la Congr\u00e9gation de la Mission","link":"https:\/\/vincentians.com\/fr\/category\/histoire-de-la-congregation-de-la-mission\/"},"img":{"alt_text":"","src":"https:\/\/i0.wp.com\/vincentians.com\/fr\/wp-content\/uploads\/sites\/10\/2016\/07\/histoire-generale-de-la-congregation-de-la-mission.jpg?fit=1200%2C630&ssl=1&resize=350%2C200","width":350,"height":200,"srcset":"https:\/\/i0.wp.com\/vincentians.com\/fr\/wp-content\/uploads\/sites\/10\/2016\/07\/histoire-generale-de-la-congregation-de-la-mission.jpg?fit=1200%2C630&ssl=1&resize=350%2C200 1x, https:\/\/i0.wp.com\/vincentians.com\/fr\/wp-content\/uploads\/sites\/10\/2016\/07\/histoire-generale-de-la-congregation-de-la-mission.jpg?fit=1200%2C630&ssl=1&resize=525%2C300 1.5x, https:\/\/i0.wp.com\/vincentians.com\/fr\/wp-content\/uploads\/sites\/10\/2016\/07\/histoire-generale-de-la-congregation-de-la-mission.jpg?fit=1200%2C630&ssl=1&resize=700%2C400 2x, https:\/\/i0.wp.com\/vincentians.com\/fr\/wp-content\/uploads\/sites\/10\/2016\/07\/histoire-generale-de-la-congregation-de-la-mission.jpg?fit=1200%2C630&ssl=1&resize=1050%2C600 3x"},"classes":[]},{"id":151055,"url":"https:\/\/vincentians.com\/fr\/histoire-generale-de-la-congregation-de-la-mission-65\/","url_meta":{"origin":107765,"position":4},"title":"Histoire g\u00e9n\u00e9rale de la Congr\u00e9gation de la Mission (65)","author":"Francisco Javier Fern\u00e1ndez Chento","date":"11\/01\/2015","format":false,"excerpt":"LXV. Demandes de l\u2019assembl\u00e9e et des r\u00e9ponses. On laissa \u00e0 l\u2019ordinaire d\u2019autres demandes en cette assembl\u00e9e pour \u00eatre r\u00e9solues par le g\u00e9n\u00e9ral. Il y r\u00e9pondit peu apr\u00e8s. On souhaita donc qu\u2019on v\u00eet imprimer le second tome des C\u00e9r\u00e9monies promis tant de fois. On en r\u00e9gla la d\u00e9pense des malades, qui\u2026","rel":"","context":"Dans &quot;Histoire de la Congr\u00e9gation de la Mission&quot;","block_context":{"text":"Histoire de la Congr\u00e9gation de la Mission","link":"https:\/\/vincentians.com\/fr\/category\/histoire-de-la-congregation-de-la-mission\/"},"img":{"alt_text":"","src":"https:\/\/i0.wp.com\/vincentians.com\/fr\/wp-content\/uploads\/sites\/10\/2016\/07\/histoire-generale-de-la-congregation-de-la-mission.jpg?fit=1200%2C630&ssl=1&resize=350%2C200","width":350,"height":200,"srcset":"https:\/\/i0.wp.com\/vincentians.com\/fr\/wp-content\/uploads\/sites\/10\/2016\/07\/histoire-generale-de-la-congregation-de-la-mission.jpg?fit=1200%2C630&ssl=1&resize=350%2C200 1x, https:\/\/i0.wp.com\/vincentians.com\/fr\/wp-content\/uploads\/sites\/10\/2016\/07\/histoire-generale-de-la-congregation-de-la-mission.jpg?fit=1200%2C630&ssl=1&resize=525%2C300 1.5x, https:\/\/i0.wp.com\/vincentians.com\/fr\/wp-content\/uploads\/sites\/10\/2016\/07\/histoire-generale-de-la-congregation-de-la-mission.jpg?fit=1200%2C630&ssl=1&resize=700%2C400 2x, https:\/\/i0.wp.com\/vincentians.com\/fr\/wp-content\/uploads\/sites\/10\/2016\/07\/histoire-generale-de-la-congregation-de-la-mission.jpg?fit=1200%2C630&ssl=1&resize=1050%2C600 3x"},"classes":[]},{"id":107866,"url":"https:\/\/vincentians.com\/fr\/histoire-generale-de-la-congregation-de-la-mission-20\/","url_meta":{"origin":107765,"position":5},"title":"Histoire g\u00e9n\u00e9rale de la Congr\u00e9gation de la Mission (20)","author":"Francisco Javier Fern\u00e1ndez Chento","date":"17\/01\/2014","format":false,"excerpt":"XX. Mort de M. Alm\u00e9ras M. Jolly son successeur Dieu retira du monde M. Alm\u00e9ras apr\u00e8s avoir \u00e9prouv\u00e9 sa patience par un long \u00e9puisement, accompagn\u00e9 d\u2019hydropisie. Son d\u00e9c\u00e8s arriva le deuxi\u00e8me septembre, f\u00eate de St.-Lazare, 1672. Il fut enterr\u00e9 \u00e0 c\u00f4t\u00e9 droit de M. Vincent \u00e0 milieu du ch\u0153ur, et\u2026","rel":"","context":"Dans &quot;Histoire de la Congr\u00e9gation de la Mission&quot;","block_context":{"text":"Histoire de la Congr\u00e9gation de la Mission","link":"https:\/\/vincentians.com\/fr\/category\/histoire-de-la-congregation-de-la-mission\/"},"img":{"alt_text":"","src":"https:\/\/i0.wp.com\/vincentians.com\/fr\/wp-content\/uploads\/sites\/10\/2016\/07\/histoire-generale-de-la-congregation-de-la-mission.jpg?fit=1200%2C630&ssl=1&resize=350%2C200","width":350,"height":200,"srcset":"https:\/\/i0.wp.com\/vincentians.com\/fr\/wp-content\/uploads\/sites\/10\/2016\/07\/histoire-generale-de-la-congregation-de-la-mission.jpg?fit=1200%2C630&ssl=1&resize=350%2C200 1x, https:\/\/i0.wp.com\/vincentians.com\/fr\/wp-content\/uploads\/sites\/10\/2016\/07\/histoire-generale-de-la-congregation-de-la-mission.jpg?fit=1200%2C630&ssl=1&resize=525%2C300 1.5x, https:\/\/i0.wp.com\/vincentians.com\/fr\/wp-content\/uploads\/sites\/10\/2016\/07\/histoire-generale-de-la-congregation-de-la-mission.jpg?fit=1200%2C630&ssl=1&resize=700%2C400 2x, https:\/\/i0.wp.com\/vincentians.com\/fr\/wp-content\/uploads\/sites\/10\/2016\/07\/histoire-generale-de-la-congregation-de-la-mission.jpg?fit=1200%2C630&ssl=1&resize=1050%2C600 3x"},"classes":[]}],"_links":{"self":[{"href":"https:\/\/vincentians.com\/fr\/wp-json\/wp\/v2\/posts\/107765","targetHints":{"allow":["GET"]}}],"collection":[{"href":"https:\/\/vincentians.com\/fr\/wp-json\/wp\/v2\/posts"}],"about":[{"href":"https:\/\/vincentians.com\/fr\/wp-json\/wp\/v2\/types\/post"}],"author":[{"embeddable":true,"href":"https:\/\/vincentians.com\/fr\/wp-json\/wp\/v2\/users\/4"}],"replies":[{"embeddable":true,"href":"https:\/\/vincentians.com\/fr\/wp-json\/wp\/v2\/comments?post=107765"}],"version-history":[{"count":0,"href":"https:\/\/vincentians.com\/fr\/wp-json\/wp\/v2\/posts\/107765\/revisions"}],"wp:featuredmedia":[{"embeddable":true,"href":"https:\/\/vincentians.com\/fr\/wp-json\/wp\/v2\/media\/189808"}],"wp:attachment":[{"href":"https:\/\/vincentians.com\/fr\/wp-json\/wp\/v2\/media?parent=107765"}],"wp:term":[{"taxonomy":"category","embeddable":true,"href":"https:\/\/vincentians.com\/fr\/wp-json\/wp\/v2\/categories?post=107765"},{"taxonomy":"post_tag","embeddable":true,"href":"https:\/\/vincentians.com\/fr\/wp-json\/wp\/v2\/tags?post=107765"}],"curies":[{"name":"wp","href":"https:\/\/api.w.org\/{rel}","templated":true}]}}