{"id":107762,"date":"2014-01-08T19:18:22","date_gmt":"2014-01-08T18:18:22","guid":{"rendered":"http:\/\/vincentiens.org\/?p=107762"},"modified":"2014-01-08T19:18:22","modified_gmt":"2014-01-08T18:18:22","slug":"histoire-generale-de-la-congregation-de-la-mission-13","status":"publish","type":"post","link":"https:\/\/vincentians.com\/fr\/histoire-generale-de-la-congregation-de-la-mission-13\/","title":{"rendered":"Histoire g\u00e9n\u00e9rale de la Congr\u00e9gation de la Mission (13)"},"content":{"rendered":"<h2><b><b>XIII. Demandes faites dans l\u2019assembl\u00e9e, r\u00e9ponse du g\u00e9n\u00e9ral.<\/b><\/b><\/h2>\n<p><a href=\"https:\/\/i0.wp.com\/vincentiens.org\/wp-content\/uploads\/2012\/12\/logocm.png\"><img data-recalc-dims=\"1\" loading=\"lazy\" decoding=\"async\" class=\"alignright size-medium wp-image-104093\" alt=\"logocm\" src=\"https:\/\/i0.wp.com\/vincentiens.org\/wp-content\/uploads\/2012\/12\/logocm-245x300.png?resize=245%2C300\" width=\"245\" height=\"300\" \/><\/a>En fin l\u2019assembl\u00e9e de 1668, apr\u00e8s avoir pourvu \u00e0 tant de choses de la fa\u00e7on que nous avons dit, laissa \u00e0 Mons.r Alm\u00e9ras le soin de r\u00e9pondre \u00e0 plusieurs demandes qui avaient \u00e9t\u00e9 faites et remises \u00e0 son jugement. Ce vigilant sup\u00e9rieur ne tarda gu\u00e8re \u00e0 satisfaire \u00e0 ces demandes qui \u00e9taient entre autres : si les maisons peuvent prendre quelque chose des exercitants et ordinands, n\u2019\u00e9tant pas fond\u00e9s [<i>sic<\/i>] pour cela ; si on pouvait se charger de la direction de quelques externes apr\u00e8s les avoir confess\u00e9s ; quels pouvoirs on avait du pape<b> <\/b>et des \u00e9v\u00eaques pour les confessions, et s\u2019il n\u2019\u00e9tait pas exp\u00e9dient de dresser un m\u00e9moire o\u00f9 on explique les cas dans lesquels l\u2019absolution doit \u00eatre diff\u00e9r\u00e9e, \u00e0 qui se confesser, quand on voyage plusieurs missionnaires ensemble, si on doit lire \u00e0 table \u00e0 collation les jours de je\u00fbne, transf\u00e9rer la conf\u00e9rence du vendredi soir \u00e0 un temps plus commode, on l\u2019avait jusque-l\u00e0 fait en ce temps-l\u00e0 \u00e0 St.-Lazare et de m\u00eame dans les maisons particuli\u00e8res, de quoi on remarquait plusieurs inconv\u00e9nients, surtout de la part du sommeil qui accablait bien des personnes, si les sup\u00e9rieurs devaient avoir chacun un coutumier dans leur maison et les sup\u00e9rieurs lire les lettres envoy\u00e9es dans leur paquet quoiqu\u2019elles eussent d\u00e9j\u00e0 pass\u00e9es sous les yeux d\u2019un sup\u00e9rieur ; se mettre \u00e0 genoux en entrant et sortant des salles de la maison, prendre des domestiques ; s\u2019il ne fallait pas changer plus souvent les sup\u00e9rieurs et visiteurs ; enfin quel \u00e9tait l\u2019usage de la Compagnie \u00e0 l\u2019\u00e9gard<b> <\/b>des livres d\u00e9fendus ?<\/p>\n<p>M. Alm\u00e9ras envoya promptement sa r\u00e9ponse \u00e0 toutes ces demandes, savoir : que, nonobstant l\u2019usage de la Mission de faire les fonctions gratis, quand les \u00e9v\u00eaques obligent les eccl\u00e9siastiques de faire dans les maisons les exercices de la retraite, on en pouvait prendre ce qui \u00e9tait n\u00e9cessaire pour leur d\u00e9pense, et \u00e0 l\u2019\u00e9gard des autres se r\u00e9gler sur le revenu de la famille, et il \u00e9tait toujours permis de recevoir ce qu\u2019on offrait de plein gr\u00e9 ; que la pratique de la Compagnie a \u00e9t\u00e9 d\u00e8s le commencement de ne confesser les externes que dans des retraites spirituelles, si ce n\u2019est dans certaines maisons o\u00f9 il y a eu des raisons particuli\u00e8res pour en agir autrement, et en cela il faut \u00e9viter les entretiens longs et fr\u00e9quentes surtout avec les femmes et filles, quant au pouvoir accord\u00e9 pour la confession de la part du pape, et des \u00e9v\u00eaques, il faut recourir au bref de Sa Saintet\u00e9, et au mandement ou concession des pr\u00e9lats<b> <\/b>qui les accordent plus ou moins \u00e9tendu selon qu\u2019ils jugent \u00e0 propos et chacun en doit \u00eatre instruit avant que de commencer \u00e0 faire aucune fonction, en g\u00e9n\u00e9ral les pouvoirs accord\u00e9s commun\u00e9ment pas les \u00e9v\u00eaques ne regardent pas le r\u00e9tablissement des mariages, la dispensation des irr\u00e9gularit\u00e9s, des v\u0153ux &amp;ca., qu\u2019on peut s\u2019\u00e9claircir en lisant quelques bons auteurs quand il faut diff\u00e9rer l\u2019absolution, que divers bons th\u00e9ologiens estimaient que missionnaires approuv\u00e9s dans un dioc\u00e8se et y devant revenir peuvent se confesser les uns aux autres en voyageant, mais que le plus s\u00fbr \u00e9tait de s\u2019adresser au cur\u00e9 jusqu\u2019\u00e0 ce qu\u2019on ait obtenu du pape ce pouvoir, le St.-Si\u00e8ge l\u2019accorda bient\u00f4t apr\u00e8s.<\/p>\n<p>Il continue \u00e0 dire qu\u2019\u00e0 St.-Lazare depuis quelques ann\u00e9es on lisait \u00e0 table \u00e0 collation, qu\u2019il fallait le faire partout pour de bonnes raisons, m\u00eame en mission ; qu\u2019on peut choisir de l\u2019avis du visiteur en certaines maisons un temps autre que le vendredi au soir pour faire la conf\u00e9rence spirituelle, quoi<b> <\/b>qu\u2019il soit cependant bon de conserver tant qu\u2019on pourra l\u2019uniformit\u00e9 avec celle de St.-Lazare, o\u00f9 \u00e0 pr\u00e9sent on la fait le samedi matin ; qu\u2019un coutumier \u00e9tait bon dans une maison pour donner lieu aux nouveaux venus de s\u2019instruire de tous les usages de chaque famille, mais qu\u2019il devait \u00eatre approuv\u00e9 du visiteur avant que de s\u2019\u00e9crire dans le livre ; que le visiteur peut, s\u2019il veut, lire les lettres de tous les sujets de sa province, \u00e0 moins qu\u2019elles ne soient adress\u00e9es au g\u00e9n\u00e9ral ; que les r\u00e8gles parlent seulement des chambres et non des salles pour se mettre \u00e0 genoux en entrant et sortant, que dans le besoin on peut prendre des domestiques qui souvent sont utiles l\u00e0 o\u00f9 il y a beaucoup de monde, mais ne doivent pas \u00eatre en plus grand nombre que les fr\u00e8res, et il faut qu\u2019ils aient environ vingt ans, d\u2019une humeur paisible, et sans causer du trouble, que diverses raisons montrent l\u2019utilit\u00e9 du changement des sup\u00e9rieurs, mais que l\u2019\u00e9tat de la Congr\u00e9gation ne l\u2019ayant pas permis jusqu\u2019\u00e0 pr\u00e9sent, on fera en tout \u00e0 l\u2019avenir<b> <\/b>que ces changements soient plus fr\u00e9quents, suivant l\u2019intention de l\u2019assembl\u00e9e, qu\u2019il faut en chaque maison tenir ferm\u00e9 \u00e0 cl\u00e9 dans quelque lieu particulier les livres d\u00e9fendus, parce que la lecture en peut \u00eatre nuisible \u00e0 la perfection comme au salut de plusieurs, \u00e0 quoi les visiteurs doivent prendre garde dans le cours de leur visite, et s\u2019ils jugent \u00e0 propos que quelque missionnaire lise de tels livres, ils doivent en informer le g\u00e9n\u00e9ral qui d\u00e9terminera ce qu\u2019il trouvera bon. C\u2019est ainsi que M. Alm\u00e9ras r\u00e9pondit \u00e0 toutes ces questions. On voit d\u2019une part l\u2019intention et la vigilance de ceux qui avaient fait ces demandes, et de l\u2019autre l\u2019esprit et l\u2019exactitude du g\u00e9n\u00e9ral qui y r\u00e9pondait.<\/p>\n<p>Il r\u00e9solut de m\u00eame certains doutes qu\u2019on avait form\u00e9es sur ce que disent les r\u00e8gles communes au chapitre de l\u2019ob\u00e9issance A.11, que personne ne doit \u00e9crire ni ouvrir des lettres sans la permission du sup\u00e9rieur \u00e0 qui il faut<b> <\/b>les remettre pour les envoyer ou retenir comme il trouvera bon, il conclue qu\u2019il n\u2019\u00e9tait pas la question de lettres adress\u00e9es au g\u00e9n\u00e9ral ou au visiteur ou \u00e9crites par eux ; en cas d\u2019absence du sup\u00e9rieur l\u2019assistant qui tient sa place attendra son retour pour lui remettre les lettres qu\u2019on lui aura \u00e9crites comme \u00e0 quelque autre de la maison, ou bien les lui enverra l\u00e0 o\u00f9 il est, \u00e0 moins que le sup\u00e9rieur ne lui ait dit de faire autrement, ou que la n\u00e9cessit\u00e9 ne le demande ; sur quoi il faut demander l\u2019avis des consulteurs, si quelqu\u2019un a \u00e0 communiquer quelque secret au seul sup\u00e9rieur g\u00e9n\u00e9ral, il n\u2019aura qu\u2019\u00e0 lui envoyer la lettre s\u00e9par\u00e9ment, ou si elle se trouve dans quelque paquet \u00e9crit sur le dos le mot, <i>soli<\/i>, un sup\u00e9rieur ou directeur de mission \u00e9crivant \u00e0 un externe dans une ville o\u00f9 est une maison de la Compagnie, il doit envoyer sa lettre au sup\u00e9rieur de<b> <\/b>cette maison, s\u2019il est son sup\u00e9rieur m\u00e9diat ou imm\u00e9diat, qui ensuite la fait rendre.<\/p>\n<p>En expliquant ce qui est dit de l\u2019ob\u00e9issance dans le livre des r\u00e8gles on doit porter cette vertu jusqu\u2019\u00e0 \u00eatre pr\u00eat de tout faire, si le sup\u00e9rieur l\u2019ordonne ou m\u00eame marque que c\u2019est l\u00e0 son avis. Le g\u00e9n\u00e9ral dit que de peur que quelques fr\u00e8res ne doutent qu\u2019il faille \u00e9tendre l\u2019ob\u00e9issance \u00e0 la forme et \u00e0 la couleur de leurs habits, au commencement de la Compagnie, leurs habits \u00e9taient comme en forme de justaucorps et de couleur noire ; on jugea \u00e0 propos de les r\u00e9duire \u00e0 des pourpoints avec des hauts-de-chausses ouverts par le bas, le tout de couleur brune ; M. Alm\u00e9ras d\u00e9clare qu\u2019ils doivent se soumettre en cela \u00e0 ce que le sup\u00e9rieur et le visiteur auront ordonn\u00e9 apr\u00e8s en avoir consult\u00e9 le g\u00e9n\u00e9ral ; en telle sorte que si on accorde \u00e0 quelqu\u2019un d\u2019eux, m\u00eame avant l\u2019\u00e9mission des v\u0153ux, un habit<b> <\/b>noir, et on le refuse \u00e0 un autre des plus anciens, ou qu\u2019on ordonne \u00e0 quelque autre de quitter cet habit noir qu\u2019il porte depuis longtemps, personne n\u2019y trouvera \u00e0 redire.<\/p>\n<p>M. Alm\u00e9ras ne trouvait pas \u00e0 propos que les Missionnaires dans les provinces argumentassent dans les th\u00e8ses publiques, comme il l\u2019\u00e9crivit \u00e0 quelques sup\u00e9rieurs particuliers, leur disant que cela ne se faisait pas au coll\u00e8ge des Bons-Enfants, et que ce n\u2019\u00e9tait pas la l\u2019esprit de Mr. Vincent. Il avait un extr\u00eame soin qu\u2019on ne s\u2019\u00e9cart\u00e2t en aucune maison des maximes et des usages de ce tr\u00e8s digne instituteur.<\/p>\n","protected":false},"excerpt":{"rendered":"<p>XIII. Demandes faites dans l\u2019assembl\u00e9e, r\u00e9ponse du g\u00e9n\u00e9ral. En fin l\u2019assembl\u00e9e de 1668, apr\u00e8s avoir pourvu \u00e0 tant de choses de la fa\u00e7on que nous avons dit, laissa \u00e0 Mons.r Alm\u00e9ras le soin de r\u00e9pondre &#8230; <a href=\"https:\/\/vincentians.com\/fr\/histoire-generale-de-la-congregation-de-la-mission-13\/\" class=\"more-link\">Read More<\/a><\/p>\n","protected":false},"author":4,"featured_media":189808,"comment_status":"open","ping_status":"open","sticky":false,"template":"","format":"standard","meta":{"jetpack_post_was_ever_published":false,"_jetpack_newsletter_access":"","_jetpack_dont_email_post_to_subs":false,"_jetpack_newsletter_tier_id":0,"_jetpack_memberships_contains_paywalled_content":false,"_jetpack_memberships_contains_paid_content":false,"footnotes":"","jetpack_publicize_message":"","jetpack_publicize_feature_enabled":true,"jetpack_social_post_already_shared":true,"jetpack_social_options":{"image_generator_settings":{"template":"highway","default_image_id":0,"font":"","enabled":false},"version":2}},"categories":[134],"tags":[],"class_list":["post-107762","post","type-post","status-publish","format-standard","has-post-thumbnail","hentry","category-histoire-de-la-congregation-de-la-mission"],"yoast_head":"<!-- This site is optimized with the Yoast SEO plugin v26.3 - https:\/\/yoast.com\/wordpress\/plugins\/seo\/ -->\n<title>Histoire g\u00e9n\u00e9rale de la Congr\u00e9gation de la Mission (13) - Nous Sommes Vincentiens<\/title>\n<meta name=\"robots\" content=\"index, follow, max-snippet:-1, max-image-preview:large, max-video-preview:-1\" \/>\n<link rel=\"canonical\" href=\"http:\/\/vincentians.com\/fr\/histoire-generale-de-la-congregation-de-la-mission-13\/\" \/>\n<meta property=\"og:locale\" content=\"fr_FR\" \/>\n<meta property=\"og:type\" content=\"article\" \/>\n<meta property=\"og:title\" content=\"Histoire g\u00e9n\u00e9rale de la Congr\u00e9gation de la Mission (13) - Nous Sommes Vincentiens\" \/>\n<meta property=\"og:description\" content=\"XIII. Demandes faites dans l\u2019assembl\u00e9e, r\u00e9ponse du g\u00e9n\u00e9ral. En fin l\u2019assembl\u00e9e de 1668, apr\u00e8s avoir pourvu \u00e0 tant de choses de la fa\u00e7on que nous avons dit, laissa \u00e0 Mons.r Alm\u00e9ras le soin de r\u00e9pondre ... Read More\" \/>\n<meta property=\"og:url\" content=\"http:\/\/vincentians.com\/fr\/histoire-generale-de-la-congregation-de-la-mission-13\/\" \/>\n<meta property=\"og:site_name\" content=\"Nous Sommes Vincentiens\" \/>\n<meta property=\"article:publisher\" content=\"https:\/\/www.facebook.com\/WeAreVincentians\/\" \/>\n<meta property=\"article:author\" content=\"https:\/\/www.facebook.com\/JavierChento\" \/>\n<meta property=\"article:published_time\" content=\"2014-01-08T18:18:22+00:00\" \/>\n<meta property=\"og:image\" content=\"https:\/\/i0.wp.com\/vincentians.com\/fr\/wp-content\/uploads\/sites\/10\/2016\/07\/histoire-generale-de-la-congregation-de-la-mission.jpg?fit=1200%2C630\" \/>\n\t<meta property=\"og:image:width\" content=\"1200\" \/>\n\t<meta property=\"og:image:height\" content=\"630\" \/>\n\t<meta property=\"og:image:type\" content=\"image\/jpeg\" \/>\n<meta name=\"author\" content=\"Francisco Javier Fern\u00e1ndez Chento\" \/>\n<meta name=\"twitter:card\" content=\"summary_large_image\" \/>\n<meta name=\"twitter:creator\" content=\"@https:\/\/twitter.com\/javierchento\" \/>\n<meta name=\"twitter:site\" content=\"@WeVincentians\" \/>\n<meta name=\"twitter:label1\" content=\"\u00c9crit par\" \/>\n\t<meta name=\"twitter:data1\" content=\"Francisco Javier Fern\u00e1ndez Chento\" \/>\n\t<meta name=\"twitter:label2\" content=\"Dur\u00e9e de lecture estim\u00e9e\" \/>\n\t<meta name=\"twitter:data2\" content=\"8 minutes\" \/>\n<script type=\"application\/ld+json\" class=\"yoast-schema-graph\">{\"@context\":\"https:\/\/schema.org\",\"@graph\":[{\"@type\":\"WebPage\",\"@id\":\"http:\/\/vincentians.com\/fr\/histoire-generale-de-la-congregation-de-la-mission-13\/\",\"url\":\"http:\/\/vincentians.com\/fr\/histoire-generale-de-la-congregation-de-la-mission-13\/\",\"name\":\"Histoire g\u00e9n\u00e9rale de la Congr\u00e9gation de la Mission (13) - Nous Sommes Vincentiens\",\"isPartOf\":{\"@id\":\"https:\/\/vincentians.com\/fr\/#website\"},\"primaryImageOfPage\":{\"@id\":\"http:\/\/vincentians.com\/fr\/histoire-generale-de-la-congregation-de-la-mission-13\/#primaryimage\"},\"image\":{\"@id\":\"http:\/\/vincentians.com\/fr\/histoire-generale-de-la-congregation-de-la-mission-13\/#primaryimage\"},\"thumbnailUrl\":\"https:\/\/i0.wp.com\/vincentians.com\/fr\/wp-content\/uploads\/sites\/10\/2016\/07\/histoire-generale-de-la-congregation-de-la-mission.jpg?fit=1200%2C630&ssl=1\",\"datePublished\":\"2014-01-08T18:18:22+00:00\",\"author\":{\"@id\":\"https:\/\/vincentians.com\/fr\/#\/schema\/person\/9623ef4d9aa3b2dfb8c061f1499288f2\"},\"breadcrumb\":{\"@id\":\"http:\/\/vincentians.com\/fr\/histoire-generale-de-la-congregation-de-la-mission-13\/#breadcrumb\"},\"inLanguage\":\"fr-FR\",\"potentialAction\":[{\"@type\":\"ReadAction\",\"target\":[\"http:\/\/vincentians.com\/fr\/histoire-generale-de-la-congregation-de-la-mission-13\/\"]}]},{\"@type\":\"ImageObject\",\"inLanguage\":\"fr-FR\",\"@id\":\"http:\/\/vincentians.com\/fr\/histoire-generale-de-la-congregation-de-la-mission-13\/#primaryimage\",\"url\":\"https:\/\/i0.wp.com\/vincentians.com\/fr\/wp-content\/uploads\/sites\/10\/2016\/07\/histoire-generale-de-la-congregation-de-la-mission.jpg?fit=1200%2C630&ssl=1\",\"contentUrl\":\"https:\/\/i0.wp.com\/vincentians.com\/fr\/wp-content\/uploads\/sites\/10\/2016\/07\/histoire-generale-de-la-congregation-de-la-mission.jpg?fit=1200%2C630&ssl=1\",\"width\":1200,\"height\":630},{\"@type\":\"BreadcrumbList\",\"@id\":\"http:\/\/vincentians.com\/fr\/histoire-generale-de-la-congregation-de-la-mission-13\/#breadcrumb\",\"itemListElement\":[{\"@type\":\"ListItem\",\"position\":1,\"name\":\"Portada\",\"item\":\"https:\/\/vincentians.com\/fr\/\"},{\"@type\":\"ListItem\",\"position\":2,\"name\":\"Histoire g\u00e9n\u00e9rale de la Congr\u00e9gation de la Mission (13)\"}]},{\"@type\":\"WebSite\",\"@id\":\"https:\/\/vincentians.com\/fr\/#website\",\"url\":\"https:\/\/vincentians.com\/fr\/\",\"name\":\"Nous Sommes Vincentiens\",\"description\":\"Know more to serve more\",\"potentialAction\":[{\"@type\":\"SearchAction\",\"target\":{\"@type\":\"EntryPoint\",\"urlTemplate\":\"https:\/\/vincentians.com\/fr\/?s={search_term_string}\"},\"query-input\":{\"@type\":\"PropertyValueSpecification\",\"valueRequired\":true,\"valueName\":\"search_term_string\"}}],\"inLanguage\":\"fr-FR\"},{\"@type\":\"Person\",\"@id\":\"https:\/\/vincentians.com\/fr\/#\/schema\/person\/9623ef4d9aa3b2dfb8c061f1499288f2\",\"name\":\"Francisco Javier Fern\u00e1ndez Chento\",\"image\":{\"@type\":\"ImageObject\",\"inLanguage\":\"fr-FR\",\"@id\":\"https:\/\/vincentians.com\/fr\/#\/schema\/person\/image\/\",\"url\":\"https:\/\/secure.gravatar.com\/avatar\/497d5cde87b4c3d097d0315953521681ba2cd523ee66e5077c3711f7021e65de?s=96&d=mm&r=g\",\"contentUrl\":\"https:\/\/secure.gravatar.com\/avatar\/497d5cde87b4c3d097d0315953521681ba2cd523ee66e5077c3711f7021e65de?s=96&d=mm&r=g\",\"caption\":\"Francisco Javier Fern\u00e1ndez Chento\"},\"description\":\"Director General y cofundador de La Red de Formaci\u00f3n Vicenciana. Javier es laico vicenciano, afiliado a la Congregaci\u00f3n de la Misi\u00f3n y miembro del Equipo de Misiones Populares de la provincia can\u00f3nica de Zaragoza (Espa\u00f1a) de la Congregaci\u00f3n de la Misi\u00f3n. Graduado en la Universidad Oberta de Catalunya con cuatro grados (Asistente de direcci\u00f3n, Gesti\u00f3n Administrativa, Recursos Humanos y Contabilidad Avanzada). Bil\u00edng\u00fce Espa\u00f1ol\/Ingl\u00e9s. gestiona y mantiene varias p\u00e1ginas web cristianas y vicencianas, incluida including La Red de Formaci\u00f3n Vicenciana, de la que es cofundador. Actualmente es responsable del \u00e1rea de Espa\u00f1ol de .famvin, la Red de Noticias de la Familia Vicenciana. Tambi\u00e9n es m\u00fasico cat\u00f3lico y ha editado varios discos. Es Director General y cofundador de Trovador, una reconocida compa\u00f1\u00eda discogr\u00e1fica critiana de Espa\u00f1a. Trabaja en las Tecnolog\u00edas de la Informaci\u00f3n, ofreciendo servicios de alojamiento, dise\u00f1o y mantenimiento Web, as\u00ed como asesoramiento, formaci\u00f3n y soluciones inform\u00e1ticas, gesti\u00f3n documental y digitalizaci\u00f3n de textos, edici\u00f3n y maquetaci\u00f3n de libros, revistas, flyers, etc.\",\"sameAs\":[\"http:\/\/chento.org\",\"https:\/\/www.facebook.com\/JavierChento\",\"https:\/\/x.com\/https:\/\/twitter.com\/javierchento\"],\"url\":\"https:\/\/vincentians.com\/fr\/author\/chento\/\"}]}<\/script>\n<!-- \/ Yoast SEO plugin. -->","yoast_head_json":{"title":"Histoire g\u00e9n\u00e9rale de la Congr\u00e9gation de la Mission (13) - Nous Sommes Vincentiens","robots":{"index":"index","follow":"follow","max-snippet":"max-snippet:-1","max-image-preview":"max-image-preview:large","max-video-preview":"max-video-preview:-1"},"canonical":"http:\/\/vincentians.com\/fr\/histoire-generale-de-la-congregation-de-la-mission-13\/","og_locale":"fr_FR","og_type":"article","og_title":"Histoire g\u00e9n\u00e9rale de la Congr\u00e9gation de la Mission (13) - Nous Sommes Vincentiens","og_description":"XIII. Demandes faites dans l\u2019assembl\u00e9e, r\u00e9ponse du g\u00e9n\u00e9ral. En fin l\u2019assembl\u00e9e de 1668, apr\u00e8s avoir pourvu \u00e0 tant de choses de la fa\u00e7on que nous avons dit, laissa \u00e0 Mons.r Alm\u00e9ras le soin de r\u00e9pondre ... Read More","og_url":"http:\/\/vincentians.com\/fr\/histoire-generale-de-la-congregation-de-la-mission-13\/","og_site_name":"Nous Sommes Vincentiens","article_publisher":"https:\/\/www.facebook.com\/WeAreVincentians\/","article_author":"https:\/\/www.facebook.com\/JavierChento","article_published_time":"2014-01-08T18:18:22+00:00","og_image":[{"width":1200,"height":630,"url":"https:\/\/i0.wp.com\/vincentians.com\/fr\/wp-content\/uploads\/sites\/10\/2016\/07\/histoire-generale-de-la-congregation-de-la-mission.jpg?fit=1200%2C630","type":"image\/jpeg"}],"author":"Francisco Javier Fern\u00e1ndez Chento","twitter_card":"summary_large_image","twitter_creator":"@https:\/\/twitter.com\/javierchento","twitter_site":"@WeVincentians","twitter_misc":{"\u00c9crit par":"Francisco Javier Fern\u00e1ndez Chento","Dur\u00e9e de lecture estim\u00e9e":"8 minutes"},"schema":{"@context":"https:\/\/schema.org","@graph":[{"@type":"WebPage","@id":"http:\/\/vincentians.com\/fr\/histoire-generale-de-la-congregation-de-la-mission-13\/","url":"http:\/\/vincentians.com\/fr\/histoire-generale-de-la-congregation-de-la-mission-13\/","name":"Histoire g\u00e9n\u00e9rale de la Congr\u00e9gation de la Mission (13) - Nous Sommes Vincentiens","isPartOf":{"@id":"https:\/\/vincentians.com\/fr\/#website"},"primaryImageOfPage":{"@id":"http:\/\/vincentians.com\/fr\/histoire-generale-de-la-congregation-de-la-mission-13\/#primaryimage"},"image":{"@id":"http:\/\/vincentians.com\/fr\/histoire-generale-de-la-congregation-de-la-mission-13\/#primaryimage"},"thumbnailUrl":"https:\/\/i0.wp.com\/vincentians.com\/fr\/wp-content\/uploads\/sites\/10\/2016\/07\/histoire-generale-de-la-congregation-de-la-mission.jpg?fit=1200%2C630&ssl=1","datePublished":"2014-01-08T18:18:22+00:00","author":{"@id":"https:\/\/vincentians.com\/fr\/#\/schema\/person\/9623ef4d9aa3b2dfb8c061f1499288f2"},"breadcrumb":{"@id":"http:\/\/vincentians.com\/fr\/histoire-generale-de-la-congregation-de-la-mission-13\/#breadcrumb"},"inLanguage":"fr-FR","potentialAction":[{"@type":"ReadAction","target":["http:\/\/vincentians.com\/fr\/histoire-generale-de-la-congregation-de-la-mission-13\/"]}]},{"@type":"ImageObject","inLanguage":"fr-FR","@id":"http:\/\/vincentians.com\/fr\/histoire-generale-de-la-congregation-de-la-mission-13\/#primaryimage","url":"https:\/\/i0.wp.com\/vincentians.com\/fr\/wp-content\/uploads\/sites\/10\/2016\/07\/histoire-generale-de-la-congregation-de-la-mission.jpg?fit=1200%2C630&ssl=1","contentUrl":"https:\/\/i0.wp.com\/vincentians.com\/fr\/wp-content\/uploads\/sites\/10\/2016\/07\/histoire-generale-de-la-congregation-de-la-mission.jpg?fit=1200%2C630&ssl=1","width":1200,"height":630},{"@type":"BreadcrumbList","@id":"http:\/\/vincentians.com\/fr\/histoire-generale-de-la-congregation-de-la-mission-13\/#breadcrumb","itemListElement":[{"@type":"ListItem","position":1,"name":"Portada","item":"https:\/\/vincentians.com\/fr\/"},{"@type":"ListItem","position":2,"name":"Histoire g\u00e9n\u00e9rale de la Congr\u00e9gation de la Mission (13)"}]},{"@type":"WebSite","@id":"https:\/\/vincentians.com\/fr\/#website","url":"https:\/\/vincentians.com\/fr\/","name":"Nous Sommes Vincentiens","description":"Know more to serve more","potentialAction":[{"@type":"SearchAction","target":{"@type":"EntryPoint","urlTemplate":"https:\/\/vincentians.com\/fr\/?s={search_term_string}"},"query-input":{"@type":"PropertyValueSpecification","valueRequired":true,"valueName":"search_term_string"}}],"inLanguage":"fr-FR"},{"@type":"Person","@id":"https:\/\/vincentians.com\/fr\/#\/schema\/person\/9623ef4d9aa3b2dfb8c061f1499288f2","name":"Francisco Javier Fern\u00e1ndez Chento","image":{"@type":"ImageObject","inLanguage":"fr-FR","@id":"https:\/\/vincentians.com\/fr\/#\/schema\/person\/image\/","url":"https:\/\/secure.gravatar.com\/avatar\/497d5cde87b4c3d097d0315953521681ba2cd523ee66e5077c3711f7021e65de?s=96&d=mm&r=g","contentUrl":"https:\/\/secure.gravatar.com\/avatar\/497d5cde87b4c3d097d0315953521681ba2cd523ee66e5077c3711f7021e65de?s=96&d=mm&r=g","caption":"Francisco Javier Fern\u00e1ndez Chento"},"description":"Director General y cofundador de La Red de Formaci\u00f3n Vicenciana. Javier es laico vicenciano, afiliado a la Congregaci\u00f3n de la Misi\u00f3n y miembro del Equipo de Misiones Populares de la provincia can\u00f3nica de Zaragoza (Espa\u00f1a) de la Congregaci\u00f3n de la Misi\u00f3n. Graduado en la Universidad Oberta de Catalunya con cuatro grados (Asistente de direcci\u00f3n, Gesti\u00f3n Administrativa, Recursos Humanos y Contabilidad Avanzada). Bil\u00edng\u00fce Espa\u00f1ol\/Ingl\u00e9s. gestiona y mantiene varias p\u00e1ginas web cristianas y vicencianas, incluida including La Red de Formaci\u00f3n Vicenciana, de la que es cofundador. Actualmente es responsable del \u00e1rea de Espa\u00f1ol de .famvin, la Red de Noticias de la Familia Vicenciana. Tambi\u00e9n es m\u00fasico cat\u00f3lico y ha editado varios discos. Es Director General y cofundador de Trovador, una reconocida compa\u00f1\u00eda discogr\u00e1fica critiana de Espa\u00f1a. Trabaja en las Tecnolog\u00edas de la Informaci\u00f3n, ofreciendo servicios de alojamiento, dise\u00f1o y mantenimiento Web, as\u00ed como asesoramiento, formaci\u00f3n y soluciones inform\u00e1ticas, gesti\u00f3n documental y digitalizaci\u00f3n de textos, edici\u00f3n y maquetaci\u00f3n de libros, revistas, flyers, etc.","sameAs":["http:\/\/chento.org","https:\/\/www.facebook.com\/JavierChento","https:\/\/x.com\/https:\/\/twitter.com\/javierchento"],"url":"https:\/\/vincentians.com\/fr\/author\/chento\/"}]}},"jetpack_publicize_connections":[],"jetpack_featured_media_url":"https:\/\/i0.wp.com\/vincentians.com\/fr\/wp-content\/uploads\/sites\/10\/2016\/07\/histoire-generale-de-la-congregation-de-la-mission.jpg?fit=1200%2C630&ssl=1","jetpack_sharing_enabled":true,"jetpack_shortlink":"https:\/\/wp.me\/p7ETMP-s26","jetpack-related-posts":[{"id":107983,"url":"https:\/\/vincentians.com\/fr\/histoire-generale-de-la-congregation-de-la-mission-40\/","url_meta":{"origin":107762,"position":0},"title":"Histoire g\u00e9n\u00e9rale de la Congr\u00e9gation de la Mission (40)","author":"Francisco Javier Fern\u00e1ndez Chento","date":"06\/02\/2014","format":false,"excerpt":"XL. M. Jolly satisfait aux demandes de l\u2019assembl\u00e9e il \u00e9crit d\u2019autres lettres circul[ai]res Il resta un bon nombre d\u2019autres demandes dont l\u2019assembl\u00e9e ne voulant pas se m\u00ealer, laissa comme on avait fait ci-devant, le soin au sup\u00e9rieur g\u00e9n\u00e9ral d\u2019y r\u00e9pondre. Il y satisfait bient\u00f4t en \u00e9crivant une lettre \u00e0 toutes\u2026","rel":"","context":"Dans &quot;Histoire de la Congr\u00e9gation de la Mission&quot;","block_context":{"text":"Histoire de la Congr\u00e9gation de la Mission","link":"https:\/\/vincentians.com\/fr\/category\/histoire-de-la-congregation-de-la-mission\/"},"img":{"alt_text":"","src":"https:\/\/i0.wp.com\/vincentians.com\/fr\/wp-content\/uploads\/sites\/10\/2016\/07\/histoire-generale-de-la-congregation-de-la-mission.jpg?fit=1200%2C630&ssl=1&resize=350%2C200","width":350,"height":200,"srcset":"https:\/\/i0.wp.com\/vincentians.com\/fr\/wp-content\/uploads\/sites\/10\/2016\/07\/histoire-generale-de-la-congregation-de-la-mission.jpg?fit=1200%2C630&ssl=1&resize=350%2C200 1x, https:\/\/i0.wp.com\/vincentians.com\/fr\/wp-content\/uploads\/sites\/10\/2016\/07\/histoire-generale-de-la-congregation-de-la-mission.jpg?fit=1200%2C630&ssl=1&resize=525%2C300 1.5x, https:\/\/i0.wp.com\/vincentians.com\/fr\/wp-content\/uploads\/sites\/10\/2016\/07\/histoire-generale-de-la-congregation-de-la-mission.jpg?fit=1200%2C630&ssl=1&resize=700%2C400 2x, https:\/\/i0.wp.com\/vincentians.com\/fr\/wp-content\/uploads\/sites\/10\/2016\/07\/histoire-generale-de-la-congregation-de-la-mission.jpg?fit=1200%2C630&ssl=1&resize=1050%2C600 3x"},"classes":[]},{"id":45335,"url":"https:\/\/vincentians.com\/fr\/saint-vincent-et-les-missions\/","url_meta":{"origin":107762,"position":1},"title":"Saint Vincent et les Missions","author":"Francisco Javier Fern\u00e1ndez Chento","date":"14\/12\/2014","format":false,"excerpt":"Introduction A.- Lorsque nous essayons d'\u00e9tudier le travail missionnaire de Vincent de Paul et de ses premiers compagnons, nous trouvons une v\u00e9ritable mystique de la Mission; alors que nous d\u00e9sirerions que le Saint nous ait donn\u00e9 aussi une doctrine th\u00e9ologique sur ce qui constitue l'objectif de sa vie, sur ce\u2026","rel":"","context":"Dans &quot;Vincent de Paul&quot;","block_context":{"text":"Vincent de Paul","link":"https:\/\/vincentians.com\/fr\/category\/the-vincentian-family\/founders\/vincent-de-paul\/"},"img":{"alt_text":"Vincent de Paul portrait","src":"https:\/\/i0.wp.com\/vincentiens.org\/wp-content\/uploads\/2014\/12\/Vincent-de-Paul-portrait-300x300.jpg?resize=350%2C200","width":350,"height":200},"classes":[]},{"id":108224,"url":"https:\/\/vincentians.com\/fr\/histoire-generale-de-la-congregation-de-la-mission-45\/","url_meta":{"origin":107762,"position":2},"title":"Histoire g\u00e9n\u00e9rale de la Congr\u00e9gation de la Mission (45)","author":"Francisco Javier Fern\u00e1ndez Chento","date":"11\/02\/2014","format":false,"excerpt":"XLV. R\u00e9ponses du g\u00e9n\u00e9ral aux demandes de l\u2019assembl\u00e9e. La m\u00eame assembl\u00e9e remit, selon la coutume des pr\u00e9c\u00e9dentes, au g\u00e9n\u00e9ral plusieurs demandes qu\u2019on y avait fait au jugement du g\u00e9n\u00e9ral ; pour y r\u00e9pondre. Ce qu\u2019il fit, et il en envoya bient\u00f4t apr\u00e8s le m\u00e9moire aux maisons de la Compagnie. On\u2026","rel":"","context":"Dans &quot;Histoire de la Congr\u00e9gation de la Mission&quot;","block_context":{"text":"Histoire de la Congr\u00e9gation de la Mission","link":"https:\/\/vincentians.com\/fr\/category\/histoire-de-la-congregation-de-la-mission\/"},"img":{"alt_text":"","src":"https:\/\/i0.wp.com\/vincentians.com\/fr\/wp-content\/uploads\/sites\/10\/2016\/07\/histoire-generale-de-la-congregation-de-la-mission.jpg?fit=1200%2C630&ssl=1&resize=350%2C200","width":350,"height":200,"srcset":"https:\/\/i0.wp.com\/vincentians.com\/fr\/wp-content\/uploads\/sites\/10\/2016\/07\/histoire-generale-de-la-congregation-de-la-mission.jpg?fit=1200%2C630&ssl=1&resize=350%2C200 1x, https:\/\/i0.wp.com\/vincentians.com\/fr\/wp-content\/uploads\/sites\/10\/2016\/07\/histoire-generale-de-la-congregation-de-la-mission.jpg?fit=1200%2C630&ssl=1&resize=525%2C300 1.5x, https:\/\/i0.wp.com\/vincentians.com\/fr\/wp-content\/uploads\/sites\/10\/2016\/07\/histoire-generale-de-la-congregation-de-la-mission.jpg?fit=1200%2C630&ssl=1&resize=700%2C400 2x, https:\/\/i0.wp.com\/vincentians.com\/fr\/wp-content\/uploads\/sites\/10\/2016\/07\/histoire-generale-de-la-congregation-de-la-mission.jpg?fit=1200%2C630&ssl=1&resize=1050%2C600 3x"},"classes":[]},{"id":108235,"url":"https:\/\/vincentians.com\/fr\/histoire-generale-de-la-congregation-de-la-mission-59\/","url_meta":{"origin":107762,"position":3},"title":"Histoire g\u00e9n\u00e9rale de la Congr\u00e9gation de la Mission (59)","author":"Francisco Javier Fern\u00e1ndez Chento","date":"25\/02\/2014","format":false,"excerpt":"LIX. D\u00e9crets de l\u2019assembl\u00e9e de 1703. Cette assembl\u00e9e, apr\u00e8s les s\u00e9ances n\u00e9cessaires pour l\u2019\u00e9lection d\u2019un g\u00e9n\u00e9ral, s\u2019appliqua dans les suivantes \u00e0 faire quelques d\u00e9crets, pour r\u00e9gler certains articles qui lui parurent de quelque cons\u00e9quence. Il y fut dit que l\u2019intention de l\u2019assembl\u00e9e \u00e9tait que nul pr\u00eatre qui aurait pass\u00e9 douze\u2026","rel":"","context":"Dans &quot;Histoire de la Congr\u00e9gation de la Mission&quot;","block_context":{"text":"Histoire de la Congr\u00e9gation de la Mission","link":"https:\/\/vincentians.com\/fr\/category\/histoire-de-la-congregation-de-la-mission\/"},"img":{"alt_text":"","src":"https:\/\/i0.wp.com\/vincentians.com\/fr\/wp-content\/uploads\/sites\/10\/2016\/07\/histoire-generale-de-la-congregation-de-la-mission.jpg?fit=1200%2C630&ssl=1&resize=350%2C200","width":350,"height":200,"srcset":"https:\/\/i0.wp.com\/vincentians.com\/fr\/wp-content\/uploads\/sites\/10\/2016\/07\/histoire-generale-de-la-congregation-de-la-mission.jpg?fit=1200%2C630&ssl=1&resize=350%2C200 1x, https:\/\/i0.wp.com\/vincentians.com\/fr\/wp-content\/uploads\/sites\/10\/2016\/07\/histoire-generale-de-la-congregation-de-la-mission.jpg?fit=1200%2C630&ssl=1&resize=525%2C300 1.5x, https:\/\/i0.wp.com\/vincentians.com\/fr\/wp-content\/uploads\/sites\/10\/2016\/07\/histoire-generale-de-la-congregation-de-la-mission.jpg?fit=1200%2C630&ssl=1&resize=700%2C400 2x, https:\/\/i0.wp.com\/vincentians.com\/fr\/wp-content\/uploads\/sites\/10\/2016\/07\/histoire-generale-de-la-congregation-de-la-mission.jpg?fit=1200%2C630&ssl=1&resize=1050%2C600 3x"},"classes":[]},{"id":38477,"url":"https:\/\/vincentians.com\/fr\/le-directeur-provincial-animateur-des-filles-de-la-charite\/","url_meta":{"origin":107762,"position":4},"title":"Le Directeur Provincial \u201canimateur\u201d des Filles de la Charit\u00e9","author":"Francisco Javier Fern\u00e1ndez Chento","date":"03\/10\/2012","format":false,"excerpt":"Dans les Constitutions des Filles de la Charit\u00e9, nous trouvons \u00e0 l\u2019article 3.38: le Directeur Provincial est un pr\u00eatre de la Congr\u00e9gation de la Mission, nomm\u00e9 par le Sup\u00e9rieur G\u00e9n\u00e9ral; \u201cil partage avec la Visitatrice et son Conseil la responsabilit\u00e9 de promouvoir l\u2019esprit vincentien dans la Province\u201d Missionnaire, le directeur\u2026","rel":"","context":"Dans &quot;Congr\u00e9gation de la Mission&quot;","block_context":{"text":"Congr\u00e9gation de la Mission","link":"https:\/\/vincentians.com\/fr\/category\/congregation-de-la-mission\/"},"img":{"alt_text":"","src":"https:\/\/i0.wp.com\/vincentiens.org\/wp-content\/uploads\/2011\/05\/filles_charite-228x300.jpg?resize=350%2C200","width":350,"height":200},"classes":[]},{"id":107944,"url":"https:\/\/vincentians.com\/fr\/histoire-generale-de-la-congregation-de-la-mission-27\/","url_meta":{"origin":107762,"position":5},"title":"Histoire g\u00e9n\u00e9rale de la Congr\u00e9gation de la Mission (27)","author":"Francisco Javier Fern\u00e1ndez Chento","date":"24\/01\/2014","format":false,"excerpt":"XXVII. Vexation des chevaliers de St.-Lazare, Bref du St. Si\u00e8ge On a pu remarquer, par tout ce qu\u2019on vient de dire, qu\u2019apr\u00e8s la retraite des d\u00e9put\u00e9s de l\u2019assembl\u00e9e, M. Jolly, nouveau g\u00e9n\u00e9ral, ne fut pas sans occupations, \u00e9tant charg\u00e9 de faire dresser tous ces m\u00e9moires, et de r\u00e9pondre \u00e0 ces\u2026","rel":"","context":"Dans &quot;Histoire de la Congr\u00e9gation de la Mission&quot;","block_context":{"text":"Histoire de la Congr\u00e9gation de la Mission","link":"https:\/\/vincentians.com\/fr\/category\/histoire-de-la-congregation-de-la-mission\/"},"img":{"alt_text":"","src":"https:\/\/i0.wp.com\/vincentians.com\/fr\/wp-content\/uploads\/sites\/10\/2016\/07\/histoire-generale-de-la-congregation-de-la-mission.jpg?fit=1200%2C630&ssl=1&resize=350%2C200","width":350,"height":200,"srcset":"https:\/\/i0.wp.com\/vincentians.com\/fr\/wp-content\/uploads\/sites\/10\/2016\/07\/histoire-generale-de-la-congregation-de-la-mission.jpg?fit=1200%2C630&ssl=1&resize=350%2C200 1x, https:\/\/i0.wp.com\/vincentians.com\/fr\/wp-content\/uploads\/sites\/10\/2016\/07\/histoire-generale-de-la-congregation-de-la-mission.jpg?fit=1200%2C630&ssl=1&resize=525%2C300 1.5x, https:\/\/i0.wp.com\/vincentians.com\/fr\/wp-content\/uploads\/sites\/10\/2016\/07\/histoire-generale-de-la-congregation-de-la-mission.jpg?fit=1200%2C630&ssl=1&resize=700%2C400 2x, https:\/\/i0.wp.com\/vincentians.com\/fr\/wp-content\/uploads\/sites\/10\/2016\/07\/histoire-generale-de-la-congregation-de-la-mission.jpg?fit=1200%2C630&ssl=1&resize=1050%2C600 3x"},"classes":[]}],"_links":{"self":[{"href":"https:\/\/vincentians.com\/fr\/wp-json\/wp\/v2\/posts\/107762","targetHints":{"allow":["GET"]}}],"collection":[{"href":"https:\/\/vincentians.com\/fr\/wp-json\/wp\/v2\/posts"}],"about":[{"href":"https:\/\/vincentians.com\/fr\/wp-json\/wp\/v2\/types\/post"}],"author":[{"embeddable":true,"href":"https:\/\/vincentians.com\/fr\/wp-json\/wp\/v2\/users\/4"}],"replies":[{"embeddable":true,"href":"https:\/\/vincentians.com\/fr\/wp-json\/wp\/v2\/comments?post=107762"}],"version-history":[{"count":0,"href":"https:\/\/vincentians.com\/fr\/wp-json\/wp\/v2\/posts\/107762\/revisions"}],"wp:featuredmedia":[{"embeddable":true,"href":"https:\/\/vincentians.com\/fr\/wp-json\/wp\/v2\/media\/189808"}],"wp:attachment":[{"href":"https:\/\/vincentians.com\/fr\/wp-json\/wp\/v2\/media?parent=107762"}],"wp:term":[{"taxonomy":"category","embeddable":true,"href":"https:\/\/vincentians.com\/fr\/wp-json\/wp\/v2\/categories?post=107762"},{"taxonomy":"post_tag","embeddable":true,"href":"https:\/\/vincentians.com\/fr\/wp-json\/wp\/v2\/tags?post=107762"}],"curies":[{"name":"wp","href":"https:\/\/api.w.org\/{rel}","templated":true}]}}