{"id":107655,"date":"2014-01-12T12:10:44","date_gmt":"2014-01-12T11:10:44","guid":{"rendered":"http:\/\/vincentiens.org\/?p=107655"},"modified":"2014-01-12T12:10:44","modified_gmt":"2014-01-12T11:10:44","slug":"francois-regis-clet-pretre-de-la-mission-martyr-en-chine-1748-1820-12","status":"publish","type":"post","link":"https:\/\/vincentians.com\/fr\/francois-regis-clet-pretre-de-la-mission-martyr-en-chine-1748-1820-12\/","title":{"rendered":"Fran\u00e7ois-R\u00e9gis Clet : pr\u00eatre de la Mission, martyr en Chine, 1748-1820 (12)"},"content":{"rendered":"<h2>XI &#8211; L&rsquo;\u00c9preuve supr\u00e9me<\/h2>\n<p><a href=\"https:\/\/i0.wp.com\/vincentiens.org\/wp-content\/uploads\/2014\/01\/regis_clet.jpg\"><img data-recalc-dims=\"1\" loading=\"lazy\" decoding=\"async\" class=\"alignright size-medium wp-image-107633\" alt=\"Vie du Bienheureux Fran\u00e7ois-R\u00e9gis Clet : pr\u00eatre de la Congr\u00e9\" src=\"https:\/\/i0.wp.com\/vincentiens.org\/wp-content\/uploads\/2014\/01\/regis_clet-210x300.jpg?resize=210%2C300\" width=\"210\" height=\"300\" \/><\/a>On dit que pour les condamn\u00e9s \u00e0 mort, l&rsquo;incertitude sur le jour de leur ex\u00e9cution et les d\u00e9lais d&rsquo;attente sont une \u00e9preuve aussi cruelle que la mort elle-m\u00eame. Cela ne semble pas avoir \u00e9t\u00e9 le cas pour Fran\u00e7ois-R\u00e9gis. Il \u00e9tait \u00e0 peu pr\u00e8s certain de la sentence imp\u00e9riale de mort, mais il ne la redoutait pas, il la d\u00e9sirait : \u00ab\u00a0Il ne me reste plus qu&rsquo;\u00e0 me pr\u00e9parer \u00e0 mourir, ce que je d\u00e9sire plut\u00f4t que de vivre&#8230; me voici \u00e0 ce que j&rsquo;esp\u00e8re peu \u00e9loign\u00e9 du port.\u00a0\u00bb<\/p>\n<p>Apr\u00e8s la comparution devant le tribunal au 1er janvier, et une autre comparution plus solennelle quelques jours plus tard, un courrier a \u00e9t\u00e9 envoy\u00e9 \u00e0 l&rsquo;autorit\u00e9 supr\u00eame, \u00e0 l&#8217;empereur \u00e0 P\u00e9kin pour le mettre au courant et pour qu&rsquo;il d\u00e9cide lui-m\u00eame du sort \u00e0 r\u00e9server au missionnaire qui s&rsquo;est mis en dehors des lois officielles de l&#8217;empire.<\/p>\n<p>En attendant la r\u00e9ponse de P\u00e9kin, la f\u00eate de la Conversion de St. Paul, le 25 janvier, qui est aussi l&rsquo;anniversaire de la fondation de la Congr\u00e9gation de la Mission, le P. Clet et les prisonniers chr\u00e9tiens ont pu communier de la main du P. Tchang et, gr\u00e2ce \u00e0 la g\u00e9n\u00e9rosit\u00e9 du P. Lamiot, ils ont m\u00eame pu faire une petite f\u00eate. Ils \u00e9taient neuf \u00e0 prendre part \u00e0 ce festin, trois pr\u00eatres et six la\u00efcs, dont quatre \u00e9taient venus du dehors. Dans l&rsquo;esprit de M. Clet c&rsquo;\u00e9tait un repas d&rsquo;adieu. M. Lamiot dans une lettre \u00e0 son fr\u00e8re confirme le fait : \u00a0\u00bb En attendant l&rsquo;ex\u00e9cution qui ne pouvait avoir lieu qu&rsquo;apr\u00e8s confirmation de l&rsquo;Empereur, M. Clet assembla dans sa prison huit grands chefs de chr\u00e9tient\u00e9 et leur donna ses derniers avis dans un repas frugal qui rappelait les agapes des premiers temps.. \u00a0\u00bb (La Congr\u00e9gation de la Mission en Chine, II, p. 577)<\/p>\n<p>Pendant ces quelques jours qui le s\u00e9paraient du jour fatal, le P. Clet \u00e9tait en proie \u00e0 de vives peines de conscience. Il se reprochait toujours son imprudence dans ses \u00e9crits qui avaient fait arr\u00eater, croyait-il, le P. Lamiot et aussi dans ses aveux au tribunal qui avaient \u00e9t\u00e9 cause, pensait-il, de l&rsquo;arrestation et des \u00e9preuves des chr\u00e9tiens.<\/p>\n<p>Il \u00e9tait \u00e9galement navr\u00e9 de constater qu&rsquo;un certain nombre de chr\u00e9tiens avaient faibli et reni\u00e9 leur foi. \u00a0\u00bb Quatre vingt accus\u00e9s, tant chr\u00e9tiens que gentils, y figuraient, \u00e9crit M. Lamiot. Vingt trois chr\u00e9tiens, pour avoir refus\u00e9 d&rsquo;abjurer, furent condamn\u00e9s \u00e0 un exil perp\u00e9tuel, les autres furent mis en libert\u00e9. M. Clet fut condamn\u00e9 \u00e0 mort pour avoir troubl\u00e9 beaucoup de monde&#8230; \u00a0\u00bb<\/p>\n<h3>Le jour fatal<\/h3>\n<p>Le courrier qui avait \u00e9t\u00e9 envoy\u00e9 \u00e0 P\u00e9kin, se pr\u00e9senta \u00e0 la nuit tombante le soir du 17 f\u00e9vrier au port de Hankow et prit le bateau qui, en traversant le Yang-tseu-kiang, faisait la navette jusqu&rsquo;\u00e0 Ou-tchang-fou situ\u00e9e sur la rive sud du fleuve. Il se rendit sans tarder au palais du vice-roi pour remettre le courrier venant de la Cour de P\u00e9kin. Un rescrit sign\u00e9 \u00e0 l&rsquo;encre rouge de la main m\u00eame de l&rsquo;Empereur condamnait \u00e0 mort le vieux Li\u00e9ou. Les r\u00e9ponses de l&#8217;empereur \u00e9taient toujours sign\u00e9es \u00e0 l&rsquo;encre rouge.<\/p>\n<p>Celle-ci disait : \u00a0\u00bb Chang-Yan-Hang (le pr\u00e9sident du tribunal d&rsquo;Ou-tchang-fou) m&rsquo;informe qu&rsquo;il a port\u00e9 sentence contre Li\u00e9ou Fran\u00e7ois qui pr\u00eachait et professait la religion chr\u00e9tienne. Cet Europ\u00e9en \u00e9tant entr\u00e9 secr\u00e8tement dans l&rsquo;int\u00e9rieur de l&#8217;empire, et changeant de nom et de surnom, pr\u00eachait et enseignait sa doctrine, il trompait beaucoup de monde et ainsi il y avait lieu de le faire \u00e9trangler&#8230; \u00a0\u00bb Il traite ensuite du cas de M. Lamiot qu&rsquo;il exile \u00e0 Canton puis Macao pour le faire renvoyer en Europe. Mais il le d\u00e9core en m\u00eame temps du titre de mandarin. (La Congr\u00e9gation de la Mission en Chine, II, p. 578)<\/p>\n<p>L&rsquo;ordre venu de P\u00e9kin devait \u00eatre ex\u00e9cut\u00e9 dans les plus brefs d\u00e9lais, sans m\u00eame attendre le lendemain. C&rsquo;\u00e9tait la coutume ainsi.<\/p>\n<h4>Les derniers moments dans la prison<\/h4>\n<p>D\u00e8s l&rsquo;arriv\u00e9e du courrier imp\u00e9rial, le vice-roi, apr\u00e8s avoir pris connaissance de la d\u00e9cision de l&rsquo;Empereur, envoya une escouade de soldats \u00e0 la prison alors que la nuit \u00e9tait venue. A leur arriv\u00e9e le P. Clet comprit de quoi il s&rsquo;agissait. Le chef de la troupe lui demanda de le suivre. Le P. Clet lui demanda alors : Me ram\u00e8nerez vous ici ? D\u00e9contenanc\u00e9 devant tant de r\u00e9signation et de douceur, le militaire ne savait quoi dire. Le P. Chen le tira d&#8217;embarras en lui disant qu&rsquo;il ne devait pas craindre d&rsquo;annoncer sans feinte au P. Clet qu&rsquo;il venait le chercher pour le conduire \u00e0 la mort, car les chr\u00e9tiens et surtout les pr\u00eatres ne redoutaient pas la mort. L&rsquo;officier dit alors avec effort ce qu&rsquo;il avait \u00e0 dire. Le P. Clet l&rsquo;\u00e9couta avec calme, puis il demanda aux soldats de lui accorder quelques instants. Il tomba \u00e0 genoux et demanda au P. Chen de lui donner une derni\u00e8re absolution, le P. Chen le fit avec les yeux pleins de larmes. Il voulut ensuite lui faire endosser des v\u00eatements neufs que le P. Lamiot avait envoy\u00e9s pour qu&rsquo;il les port\u00e2t au moment solennel o\u00f9 il allait para\u00eetre devant Dieu. Mais il ne voulut pas les mettre disant que ses vieux habits suffisaient pour quelqu&rsquo;un qui allait \u00e0 la mort comme un p\u00e9nitent. Il voulait pratiquer jusqu&rsquo;au bout la pauvret\u00e9 qui avait accompagn\u00e9 sa vie de missionnaire. Les chr\u00e9tiens s&rsquo;\u00e9taient group\u00e9s autour des deux pr\u00eatres et tous pleuraient.<\/p>\n<p>Le P. Clet leur adressa quelques paroles de r\u00e9confort. Il leur dit de ne point s&rsquo;affliger mais, au contraire, de se r\u00e9jouir puisqu&rsquo;il avait le bonheur de mourir pour J\u00e9sus-Christ. Il leur fit cette recommandation : \u00ab\u00a0Soyez toujours de fervents serviteurs de Dieu et n&rsquo;abandonnez jamais la foi.\u00a0\u00bb<\/p>\n<p>Puis il les b\u00e9nit une derni\u00e8re fois. \u00c9mus eux aussi, les soldats attendaient en silence.<\/p>\n<h4>L&rsquo;ex\u00e9cution<\/h4>\n<p>Puis le P. Clet se livra aux soldats et le cort\u00e8ge se mit en route. Il n&rsquo;y avait personne dans les rues, car on \u00e9tait en pleine nuit. On sortit de la ville par la porte Tcha-hou-men qui donne sur une hauteur appel\u00e9e la Montagne rouge \u00e0 cause de la couleur du sol d&rsquo;argile rouge et qui \u00e9tait \u00e0 l&rsquo;ouest de la ville le lieu r\u00e9serv\u00e9 aux ex\u00e9cutions capitales. Il faisait un froid assez vif et un peu de neige couvrait le sol. La nuit \u00e9tait noire et la marche de la petite troupe n&rsquo;\u00e9tait \u00e9clair\u00e9e que par les lanternes de papier huil\u00e9 que portaient les soldats. Quand les ex\u00e9cutions ont lieu pendant la journ\u00e9e, il ne manque pas de badauds pour accompagner le cort\u00e8ge et assister au spectacle, mais il faisait nuit et il faisait froid, aussi il n&rsquo;y avait presque personne.<\/p>\n<p>On s&rsquo;arr\u00eata aupr\u00e8s d&rsquo;un poteau d&rsquo;environ deux m\u00e8tres de haut plant\u00e9 dans le sol. Il portait \u00e0 sa partie sup\u00e9rieure une traverse qui lui donnait \u00e0 peu pr\u00e8s l&rsquo;allure d&rsquo;une croix. Le P. Clet demanda aux mandarins qui \u00e9taient venus pr\u00e9sider \u00e0 l&rsquo;ex\u00e9cution, la permission de faire une pri\u00e8re avant de mourir. Ils le permirent sans difficult\u00e9. Il se mit donc \u00e0 genoux dans la boue et pria pour ses chr\u00e9tiens, pour ses confr\u00e8res, pour l&rsquo;Eglise de Chine et pour ses bourreaux. Se relevant il dit aux soldats : Liez-moi ! Ils le li\u00e8rent au poteau en lui attachant les mains par derri\u00e8re \u00e0 la barre transversale de la croix et en m\u00eame temps derri\u00e8re le dos Les pieds furent li\u00e9s l&rsquo;un contre l&rsquo;autre et au montant de la croix, mais repli\u00e9s de sorte qu&rsquo;il ne touchaient plus le sol. L&rsquo;un des bourreaux lui passa alors autour du cou une corde formant un grand collier nou\u00e9 \u00e0 un b\u00e2ton. En tournant avec vivacit\u00e9 ce b\u00e2ton, le bourreau \u00e9tranglait le condamn\u00e9, mais au premier essai trop brutal, la corde se rompit, et le patient put reprendre sa respiration. Il fallut une autre corde. Selon la coutume la corde fut serr\u00e9e \u00e0 trois reprises, laissant \u00e0 chaque rel\u00e2che la victime reprendre son souffle. A la troisi\u00e8me reprise le bourreau serra plus fort jusqu&rsquo;\u00e0 ce que ce que la victime ait rendu son dernier souffle. La langue lui sortit de la bouche et il rendit un flot de sang qui inonda son vieil habit, pendant que sa t\u00eate s&rsquo;affaissait doucement. Les \u00e9preuves du P. Clet \u00e9taient finies, on \u00e9tait dans la nuit du 17 au 18 f\u00e9vrier 1820, il avait 72 ans, dont 28 ans pass\u00e9s en Chine. Ainsi finissait glorieusement une longue vie d&rsquo;ap\u00f4tre, dont \u00e0 l&rsquo;exemple du Ma\u00eetre, le t\u00e9moignage \u00e9tait consacr\u00e9 par le sacrifice supr\u00eame.<\/p>\n<h4>Qu&rsquo;advint-il de son corps<\/h4>\n<p>Le corps du martyr resta sur le gibet toute la nuit. Mais d\u00e8s le matin , le bourreau revint avec les soldats sur les lieux de l&rsquo;ex\u00e9cution, ils d\u00e9tach\u00e8rent le corps et l&#8217;emport\u00e8rent pour l&rsquo;ensevelir dans le cimeti\u00e8re des condamn\u00e9s \u00e0 mort qui \u00e9tait tout proche. Mais un groupe de chr\u00e9tiens, sous la conduite du cat\u00e9chiste Fran\u00e7ois Fong, obtint, en offrant de l&rsquo;argent aux soldats, de pouvoir r\u00e9cup\u00e9rer comme de pr\u00e9cieuses reliques du martyr, son habit tach\u00e9 de sang, les cha\u00eenes qu&rsquo;il a port\u00e9es, la corde qui l&rsquo;a \u00e9trangl\u00e9, le bambou du mandarin qui l&rsquo;avait frapp\u00e9. Plusieurs de ces reliques furent exp\u00e9di\u00e9es \u00e0 la Maison-M\u00e8re \u00e0 Paris par M. Lamiot. La tunique tach\u00e9e de sang fut pr\u00e9sent\u00e9e par M. Perboyre aux s\u00e9minaristes futurs missionnaires auxquels il tint ces propos : \u00a0\u00bb Voici l&rsquo;habit d&rsquo;un martyr, voici l&rsquo;habit de M. Clet, voici la corde avec laquelle il a \u00e9t\u00e9 \u00e9trangl\u00e9 ! Quel bonheur pour nous si nous avions un jour le m\u00eame sort ! \u00a0\u00bb Jean-Gabriel r\u00e9alisera lui-m\u00eame \u00e0 la lettre ce qu&rsquo;il souhaitait.<\/p>\n<p>Mais les chr\u00e9tiens ne pouvaient admettre que le corps de leur P\u00e8re v\u00e9n\u00e9r\u00e9 demeur\u00e2t enseveli avec les corps des criminels. Ils soudoy\u00e8rent \u00e0 nouveau les soldats pour obtenir leur silence et, de nuit, ils vinrent exhumer le corps pour lui assurer une s\u00e9pulture plus d\u00e9cente, au cimeti\u00e8re chr\u00e9tien de la Montagne rouge o\u00f9 d\u00e9j\u00e0 d&rsquo;autres missionnaires avaient \u00e9t\u00e9 enterr\u00e9s, dont plusieurs j\u00e9suites.<\/p>\n<p>En 1840 c&rsquo;est aussi dans une tombe du Cimeti\u00e8re de la Montagne rouge que sera enterr\u00e9 Jean-Gabriel Perboyre qui avait fid\u00e8lement suivi jusque dans la mort les traces de celui qu&rsquo;il consid\u00e9rait comme son mod\u00e8le Fran\u00e7ois-R\u00e9gis Clet. Le corps rev\u00eatu d&rsquo;habits neufs, fut plac\u00e9 dans un cercueil garni de ouate, qui fut d\u00e9pos\u00e9 dans une tombe sans ma\u00e7onnerie.<\/p>\n<p>Sur la tombe on pla\u00e7a une st\u00e8le qui portait cette belle inscription en latin et en chinois grav\u00e9e en lettres rouges :<\/p>\n<p style=\"text-align: center\">Ici gisent les ossements du v\u00e9n\u00e9rable Serviteur de Dieu, Fran\u00e7ois CLET,<br \/>\nde la Congr\u00e9gation de la Mission, P\u00e8re plein de m\u00e9rites de l&rsquo;\u00c9glise du Houp\u00e9,<br \/>\nqui s&rsquo;acquitta de nombreux travaux dans la vigne du Seigneur,<br \/>\net marqu\u00e9 par la vieillesse, m\u00e9rita la couronne du martyre<br \/>\nl&rsquo;an du Seigneur 1820, le 14 des calendes de mars.<\/p>\n<p>En des temps troubl\u00e9s une arm\u00e9e de rebelles s&#8217;empara de la ville de Ou-tchang-fou et ils \u00e9lev\u00e8rent \u00e0 la h\u00e2te un rempart autour de la ville, en utilisant toutes les pierres de quelque dimension, en particulier les pierres tombales du cimeti\u00e8re. Cette pierre tombale bris\u00e9e par les rebelles fut utilis\u00e9e avec d&rsquo;autres pour la construction du rempart. Par bonheur, il en restait cependant un fragment sur la tombe.<\/p>\n","protected":false},"excerpt":{"rendered":"<p>XI &#8211; L&rsquo;\u00c9preuve supr\u00e9me On dit que pour les condamn\u00e9s \u00e0 mort, l&rsquo;incertitude sur le jour de leur ex\u00e9cution et les d\u00e9lais d&rsquo;attente sont une \u00e9preuve aussi cruelle que la mort elle-m\u00eame. Cela ne semble &#8230; <a href=\"https:\/\/vincentians.com\/fr\/francois-regis-clet-pretre-de-la-mission-martyr-en-chine-1748-1820-12\/\" class=\"more-link\">Read More<\/a><\/p>\n","protected":false},"author":4,"featured_media":107633,"comment_status":"open","ping_status":"open","sticky":false,"template":"","format":"standard","meta":{"jetpack_post_was_ever_published":false,"_jetpack_newsletter_access":"","_jetpack_dont_email_post_to_subs":false,"_jetpack_newsletter_tier_id":0,"_jetpack_memberships_contains_paywalled_content":false,"_jetpack_memberships_contains_paid_content":false,"footnotes":"","jetpack_publicize_message":"","jetpack_publicize_feature_enabled":true,"jetpack_social_post_already_shared":true,"jetpack_social_options":{"image_generator_settings":{"template":"highway","default_image_id":0,"font":"","enabled":false},"version":2}},"categories":[133],"tags":[],"class_list":["post-107655","post","type-post","status-publish","format-standard","has-post-thumbnail","hentry","category-francois-regis-clet"],"yoast_head":"<!-- This site is optimized with the Yoast SEO plugin v26.3 - https:\/\/yoast.com\/wordpress\/plugins\/seo\/ -->\n<title>Fran\u00e7ois-R\u00e9gis Clet : pr\u00eatre de la Mission, martyr en Chine, 1748-1820 (12) - Nous Sommes Vincentiens<\/title>\n<meta name=\"robots\" content=\"index, follow, max-snippet:-1, max-image-preview:large, max-video-preview:-1\" \/>\n<link rel=\"canonical\" href=\"https:\/\/vincentians.com\/fr\/francois-regis-clet-pretre-de-la-mission-martyr-en-chine-1748-1820-12\/\" \/>\n<meta property=\"og:locale\" content=\"fr_FR\" \/>\n<meta property=\"og:type\" content=\"article\" \/>\n<meta property=\"og:title\" content=\"Fran\u00e7ois-R\u00e9gis Clet : pr\u00eatre de la Mission, martyr en Chine, 1748-1820 (12) - Nous Sommes Vincentiens\" \/>\n<meta property=\"og:description\" content=\"XI &#8211; L&rsquo;\u00c9preuve supr\u00e9me On dit que pour les condamn\u00e9s \u00e0 mort, l&rsquo;incertitude sur le jour de leur ex\u00e9cution et les d\u00e9lais d&rsquo;attente sont une \u00e9preuve aussi cruelle que la mort elle-m\u00eame. Cela ne semble ... Read More\" \/>\n<meta property=\"og:url\" content=\"https:\/\/vincentians.com\/fr\/francois-regis-clet-pretre-de-la-mission-martyr-en-chine-1748-1820-12\/\" \/>\n<meta property=\"og:site_name\" content=\"Nous Sommes Vincentiens\" \/>\n<meta property=\"article:publisher\" content=\"https:\/\/www.facebook.com\/WeAreVincentians\/\" \/>\n<meta property=\"article:author\" content=\"https:\/\/www.facebook.com\/JavierChento\" \/>\n<meta property=\"article:published_time\" content=\"2014-01-12T11:10:44+00:00\" \/>\n<meta name=\"author\" content=\"Francisco Javier Fern\u00e1ndez Chento\" \/>\n<meta name=\"twitter:card\" content=\"summary_large_image\" \/>\n<meta name=\"twitter:creator\" content=\"@https:\/\/twitter.com\/javierchento\" \/>\n<meta name=\"twitter:site\" content=\"@WeVincentians\" \/>\n<meta name=\"twitter:label1\" content=\"\u00c9crit par\" \/>\n\t<meta name=\"twitter:data1\" content=\"Francisco Javier Fern\u00e1ndez Chento\" \/>\n\t<meta name=\"twitter:label2\" content=\"Dur\u00e9e de lecture estim\u00e9e\" \/>\n\t<meta name=\"twitter:data2\" content=\"10 minutes\" \/>\n<script type=\"application\/ld+json\" class=\"yoast-schema-graph\">{\"@context\":\"https:\/\/schema.org\",\"@graph\":[{\"@type\":\"WebPage\",\"@id\":\"https:\/\/vincentians.com\/fr\/francois-regis-clet-pretre-de-la-mission-martyr-en-chine-1748-1820-12\/\",\"url\":\"https:\/\/vincentians.com\/fr\/francois-regis-clet-pretre-de-la-mission-martyr-en-chine-1748-1820-12\/\",\"name\":\"Fran\u00e7ois-R\u00e9gis Clet : pr\u00eatre de la Mission, martyr en Chine, 1748-1820 (12) - Nous Sommes Vincentiens\",\"isPartOf\":{\"@id\":\"https:\/\/vincentians.com\/fr\/#website\"},\"primaryImageOfPage\":{\"@id\":\"https:\/\/vincentians.com\/fr\/francois-regis-clet-pretre-de-la-mission-martyr-en-chine-1748-1820-12\/#primaryimage\"},\"image\":{\"@id\":\"https:\/\/vincentians.com\/fr\/francois-regis-clet-pretre-de-la-mission-martyr-en-chine-1748-1820-12\/#primaryimage\"},\"thumbnailUrl\":\"\",\"datePublished\":\"2014-01-12T11:10:44+00:00\",\"author\":{\"@id\":\"https:\/\/vincentians.com\/fr\/#\/schema\/person\/9623ef4d9aa3b2dfb8c061f1499288f2\"},\"breadcrumb\":{\"@id\":\"https:\/\/vincentians.com\/fr\/francois-regis-clet-pretre-de-la-mission-martyr-en-chine-1748-1820-12\/#breadcrumb\"},\"inLanguage\":\"fr-FR\",\"potentialAction\":[{\"@type\":\"ReadAction\",\"target\":[\"https:\/\/vincentians.com\/fr\/francois-regis-clet-pretre-de-la-mission-martyr-en-chine-1748-1820-12\/\"]}]},{\"@type\":\"ImageObject\",\"inLanguage\":\"fr-FR\",\"@id\":\"https:\/\/vincentians.com\/fr\/francois-regis-clet-pretre-de-la-mission-martyr-en-chine-1748-1820-12\/#primaryimage\",\"url\":\"\",\"contentUrl\":\"\"},{\"@type\":\"BreadcrumbList\",\"@id\":\"https:\/\/vincentians.com\/fr\/francois-regis-clet-pretre-de-la-mission-martyr-en-chine-1748-1820-12\/#breadcrumb\",\"itemListElement\":[{\"@type\":\"ListItem\",\"position\":1,\"name\":\"Portada\",\"item\":\"https:\/\/vincentians.com\/fr\/\"},{\"@type\":\"ListItem\",\"position\":2,\"name\":\"Fran\u00e7ois-R\u00e9gis Clet : pr\u00eatre de la Mission, martyr en Chine, 1748-1820 (12)\"}]},{\"@type\":\"WebSite\",\"@id\":\"https:\/\/vincentians.com\/fr\/#website\",\"url\":\"https:\/\/vincentians.com\/fr\/\",\"name\":\"Nous Sommes Vincentiens\",\"description\":\"Know more to serve more\",\"potentialAction\":[{\"@type\":\"SearchAction\",\"target\":{\"@type\":\"EntryPoint\",\"urlTemplate\":\"https:\/\/vincentians.com\/fr\/?s={search_term_string}\"},\"query-input\":{\"@type\":\"PropertyValueSpecification\",\"valueRequired\":true,\"valueName\":\"search_term_string\"}}],\"inLanguage\":\"fr-FR\"},{\"@type\":\"Person\",\"@id\":\"https:\/\/vincentians.com\/fr\/#\/schema\/person\/9623ef4d9aa3b2dfb8c061f1499288f2\",\"name\":\"Francisco Javier Fern\u00e1ndez Chento\",\"image\":{\"@type\":\"ImageObject\",\"inLanguage\":\"fr-FR\",\"@id\":\"https:\/\/vincentians.com\/fr\/#\/schema\/person\/image\/\",\"url\":\"https:\/\/secure.gravatar.com\/avatar\/497d5cde87b4c3d097d0315953521681ba2cd523ee66e5077c3711f7021e65de?s=96&d=mm&r=g\",\"contentUrl\":\"https:\/\/secure.gravatar.com\/avatar\/497d5cde87b4c3d097d0315953521681ba2cd523ee66e5077c3711f7021e65de?s=96&d=mm&r=g\",\"caption\":\"Francisco Javier Fern\u00e1ndez Chento\"},\"description\":\"Director General y cofundador de La Red de Formaci\u00f3n Vicenciana. Javier es laico vicenciano, afiliado a la Congregaci\u00f3n de la Misi\u00f3n y miembro del Equipo de Misiones Populares de la provincia can\u00f3nica de Zaragoza (Espa\u00f1a) de la Congregaci\u00f3n de la Misi\u00f3n. Graduado en la Universidad Oberta de Catalunya con cuatro grados (Asistente de direcci\u00f3n, Gesti\u00f3n Administrativa, Recursos Humanos y Contabilidad Avanzada). Bil\u00edng\u00fce Espa\u00f1ol\/Ingl\u00e9s. gestiona y mantiene varias p\u00e1ginas web cristianas y vicencianas, incluida including La Red de Formaci\u00f3n Vicenciana, de la que es cofundador. Actualmente es responsable del \u00e1rea de Espa\u00f1ol de .famvin, la Red de Noticias de la Familia Vicenciana. Tambi\u00e9n es m\u00fasico cat\u00f3lico y ha editado varios discos. Es Director General y cofundador de Trovador, una reconocida compa\u00f1\u00eda discogr\u00e1fica critiana de Espa\u00f1a. Trabaja en las Tecnolog\u00edas de la Informaci\u00f3n, ofreciendo servicios de alojamiento, dise\u00f1o y mantenimiento Web, as\u00ed como asesoramiento, formaci\u00f3n y soluciones inform\u00e1ticas, gesti\u00f3n documental y digitalizaci\u00f3n de textos, edici\u00f3n y maquetaci\u00f3n de libros, revistas, flyers, etc.\",\"sameAs\":[\"http:\/\/chento.org\",\"https:\/\/www.facebook.com\/JavierChento\",\"https:\/\/x.com\/https:\/\/twitter.com\/javierchento\"],\"url\":\"https:\/\/vincentians.com\/fr\/author\/chento\/\"}]}<\/script>\n<!-- \/ Yoast SEO plugin. -->","yoast_head_json":{"title":"Fran\u00e7ois-R\u00e9gis Clet : pr\u00eatre de la Mission, martyr en Chine, 1748-1820 (12) - Nous Sommes Vincentiens","robots":{"index":"index","follow":"follow","max-snippet":"max-snippet:-1","max-image-preview":"max-image-preview:large","max-video-preview":"max-video-preview:-1"},"canonical":"https:\/\/vincentians.com\/fr\/francois-regis-clet-pretre-de-la-mission-martyr-en-chine-1748-1820-12\/","og_locale":"fr_FR","og_type":"article","og_title":"Fran\u00e7ois-R\u00e9gis Clet : pr\u00eatre de la Mission, martyr en Chine, 1748-1820 (12) - Nous Sommes Vincentiens","og_description":"XI &#8211; L&rsquo;\u00c9preuve supr\u00e9me On dit que pour les condamn\u00e9s \u00e0 mort, l&rsquo;incertitude sur le jour de leur ex\u00e9cution et les d\u00e9lais d&rsquo;attente sont une \u00e9preuve aussi cruelle que la mort elle-m\u00eame. Cela ne semble ... Read More","og_url":"https:\/\/vincentians.com\/fr\/francois-regis-clet-pretre-de-la-mission-martyr-en-chine-1748-1820-12\/","og_site_name":"Nous Sommes Vincentiens","article_publisher":"https:\/\/www.facebook.com\/WeAreVincentians\/","article_author":"https:\/\/www.facebook.com\/JavierChento","article_published_time":"2014-01-12T11:10:44+00:00","author":"Francisco Javier Fern\u00e1ndez Chento","twitter_card":"summary_large_image","twitter_creator":"@https:\/\/twitter.com\/javierchento","twitter_site":"@WeVincentians","twitter_misc":{"\u00c9crit par":"Francisco Javier Fern\u00e1ndez Chento","Dur\u00e9e de lecture estim\u00e9e":"10 minutes"},"schema":{"@context":"https:\/\/schema.org","@graph":[{"@type":"WebPage","@id":"https:\/\/vincentians.com\/fr\/francois-regis-clet-pretre-de-la-mission-martyr-en-chine-1748-1820-12\/","url":"https:\/\/vincentians.com\/fr\/francois-regis-clet-pretre-de-la-mission-martyr-en-chine-1748-1820-12\/","name":"Fran\u00e7ois-R\u00e9gis Clet : pr\u00eatre de la Mission, martyr en Chine, 1748-1820 (12) - Nous Sommes Vincentiens","isPartOf":{"@id":"https:\/\/vincentians.com\/fr\/#website"},"primaryImageOfPage":{"@id":"https:\/\/vincentians.com\/fr\/francois-regis-clet-pretre-de-la-mission-martyr-en-chine-1748-1820-12\/#primaryimage"},"image":{"@id":"https:\/\/vincentians.com\/fr\/francois-regis-clet-pretre-de-la-mission-martyr-en-chine-1748-1820-12\/#primaryimage"},"thumbnailUrl":"","datePublished":"2014-01-12T11:10:44+00:00","author":{"@id":"https:\/\/vincentians.com\/fr\/#\/schema\/person\/9623ef4d9aa3b2dfb8c061f1499288f2"},"breadcrumb":{"@id":"https:\/\/vincentians.com\/fr\/francois-regis-clet-pretre-de-la-mission-martyr-en-chine-1748-1820-12\/#breadcrumb"},"inLanguage":"fr-FR","potentialAction":[{"@type":"ReadAction","target":["https:\/\/vincentians.com\/fr\/francois-regis-clet-pretre-de-la-mission-martyr-en-chine-1748-1820-12\/"]}]},{"@type":"ImageObject","inLanguage":"fr-FR","@id":"https:\/\/vincentians.com\/fr\/francois-regis-clet-pretre-de-la-mission-martyr-en-chine-1748-1820-12\/#primaryimage","url":"","contentUrl":""},{"@type":"BreadcrumbList","@id":"https:\/\/vincentians.com\/fr\/francois-regis-clet-pretre-de-la-mission-martyr-en-chine-1748-1820-12\/#breadcrumb","itemListElement":[{"@type":"ListItem","position":1,"name":"Portada","item":"https:\/\/vincentians.com\/fr\/"},{"@type":"ListItem","position":2,"name":"Fran\u00e7ois-R\u00e9gis Clet : pr\u00eatre de la Mission, martyr en Chine, 1748-1820 (12)"}]},{"@type":"WebSite","@id":"https:\/\/vincentians.com\/fr\/#website","url":"https:\/\/vincentians.com\/fr\/","name":"Nous Sommes Vincentiens","description":"Know more to serve more","potentialAction":[{"@type":"SearchAction","target":{"@type":"EntryPoint","urlTemplate":"https:\/\/vincentians.com\/fr\/?s={search_term_string}"},"query-input":{"@type":"PropertyValueSpecification","valueRequired":true,"valueName":"search_term_string"}}],"inLanguage":"fr-FR"},{"@type":"Person","@id":"https:\/\/vincentians.com\/fr\/#\/schema\/person\/9623ef4d9aa3b2dfb8c061f1499288f2","name":"Francisco Javier Fern\u00e1ndez Chento","image":{"@type":"ImageObject","inLanguage":"fr-FR","@id":"https:\/\/vincentians.com\/fr\/#\/schema\/person\/image\/","url":"https:\/\/secure.gravatar.com\/avatar\/497d5cde87b4c3d097d0315953521681ba2cd523ee66e5077c3711f7021e65de?s=96&d=mm&r=g","contentUrl":"https:\/\/secure.gravatar.com\/avatar\/497d5cde87b4c3d097d0315953521681ba2cd523ee66e5077c3711f7021e65de?s=96&d=mm&r=g","caption":"Francisco Javier Fern\u00e1ndez Chento"},"description":"Director General y cofundador de La Red de Formaci\u00f3n Vicenciana. Javier es laico vicenciano, afiliado a la Congregaci\u00f3n de la Misi\u00f3n y miembro del Equipo de Misiones Populares de la provincia can\u00f3nica de Zaragoza (Espa\u00f1a) de la Congregaci\u00f3n de la Misi\u00f3n. Graduado en la Universidad Oberta de Catalunya con cuatro grados (Asistente de direcci\u00f3n, Gesti\u00f3n Administrativa, Recursos Humanos y Contabilidad Avanzada). Bil\u00edng\u00fce Espa\u00f1ol\/Ingl\u00e9s. gestiona y mantiene varias p\u00e1ginas web cristianas y vicencianas, incluida including La Red de Formaci\u00f3n Vicenciana, de la que es cofundador. Actualmente es responsable del \u00e1rea de Espa\u00f1ol de .famvin, la Red de Noticias de la Familia Vicenciana. Tambi\u00e9n es m\u00fasico cat\u00f3lico y ha editado varios discos. Es Director General y cofundador de Trovador, una reconocida compa\u00f1\u00eda discogr\u00e1fica critiana de Espa\u00f1a. Trabaja en las Tecnolog\u00edas de la Informaci\u00f3n, ofreciendo servicios de alojamiento, dise\u00f1o y mantenimiento Web, as\u00ed como asesoramiento, formaci\u00f3n y soluciones inform\u00e1ticas, gesti\u00f3n documental y digitalizaci\u00f3n de textos, edici\u00f3n y maquetaci\u00f3n de libros, revistas, flyers, etc.","sameAs":["http:\/\/chento.org","https:\/\/www.facebook.com\/JavierChento","https:\/\/x.com\/https:\/\/twitter.com\/javierchento"],"url":"https:\/\/vincentians.com\/fr\/author\/chento\/"}]}},"jetpack_publicize_connections":[],"jetpack_featured_media_url":"","jetpack_sharing_enabled":true,"jetpack_shortlink":"https:\/\/wp.me\/p7ETMP-s0n","jetpack-related-posts":[{"id":107652,"url":"https:\/\/vincentians.com\/fr\/francois-regis-clet-pretre-de-la-mission-martyr-en-chine-1748-1820-15\/","url_meta":{"origin":107655,"position":0},"title":"Fran\u00e7ois-R\u00e9gis Clet : pr\u00eatre de la Mission, martyr en Chine, 1748-1820 (15)","author":"Francisco Javier Fern\u00e1ndez Chento","date":"15\/01\/2014","format":false,"excerpt":"Annexe II : Les principales dates de la vie du P. Fran\u00e7ois-R\u00e9gis Clet 1748 19 ao\u00fbt Naissance de Fran\u00e7ois R\u00e9gis \u00e0 Grenoble au n\u00b0 14 de la rue Porte-Traine 1748 23 ao\u00fbt Bapt\u00eame \u00e0 l'\u00e9glise St. Louis 1769 6 mars Entr\u00e9e dans la Congr\u00e9gation de la Mission \u00e0 Lyon 1771\u2026","rel":"","context":"Dans &quot;Fran\u00e7ois-R\u00e9gis Clet&quot;","block_context":{"text":"Fran\u00e7ois-R\u00e9gis Clet","link":"https:\/\/vincentians.com\/fr\/category\/francois-regis-clet\/"},"img":{"alt_text":"","src":"","width":0,"height":0},"classes":[]},{"id":107631,"url":"https:\/\/vincentians.com\/fr\/francois-regis-clet-pretre-de-la-mission-martyr-en-chine-1748-1820-01\/","url_meta":{"origin":107655,"position":1},"title":"Fran\u00e7ois-R\u00e9gis Clet : pr\u00eatre de la Mission, martyr en Chine, 1748-1820 (01)","author":"Francisco Javier Fern\u00e1ndez Chento","date":"01\/01\/2014","format":false,"excerpt":"Avant Propos Le 2 juin 1997 sur la grande place Saint Pierre de Rome se d\u00e9roul\u00e8rent les fastes de la canonisation de saint Jean-Gabriel Perboyre. Un soleil \u00e9clatant mettait en valeur les couleurs rouge ou amarante des soutanes cardinalices ou \u00e9piscopales, les uniformes aux rayures de bleu et d'orange des\u2026","rel":"","context":"Dans &quot;Fran\u00e7ois-R\u00e9gis Clet&quot;","block_context":{"text":"Fran\u00e7ois-R\u00e9gis Clet","link":"https:\/\/vincentians.com\/fr\/category\/francois-regis-clet\/"},"img":{"alt_text":"Vie du Bienheureux Fran\u00e7ois-R\u00e9gis Clet : pr\u00eatre de la Congr\u00e9","src":"https:\/\/i0.wp.com\/vincentiens.org\/wp-content\/uploads\/2014\/01\/regis_clet-210x300.jpg?resize=350%2C200","width":350,"height":200},"classes":[]},{"id":107656,"url":"https:\/\/vincentians.com\/fr\/francois-regis-clet-pretre-de-la-mission-martyr-en-chine-1748-1820-11\/","url_meta":{"origin":107655,"position":2},"title":"Fran\u00e7ois-R\u00e9gis Clet : pr\u00eatre de la Mission, martyr en Chine, 1748-1820 (11)","author":"Francisco Javier Fern\u00e1ndez Chento","date":"11\/01\/2014","format":false,"excerpt":"X - Les derniers mois Le P. Clet \u00e9crivant le 14 janvier 1820 au P. Marchini procureur de la Congr\u00e9gation de la Propagande \u00e0 Macao, lui d\u00e9crit les conditions de sa d\u00e9tention : \"Il faut avouer que nous jouissons ici d'une telle libert\u00e9 que je me persuaderais \u00e0 peine que\u2026","rel":"","context":"Dans &quot;Fran\u00e7ois-R\u00e9gis Clet&quot;","block_context":{"text":"Fran\u00e7ois-R\u00e9gis Clet","link":"https:\/\/vincentians.com\/fr\/category\/francois-regis-clet\/"},"img":{"alt_text":"Vie du Bienheureux Fran\u00e7ois-R\u00e9gis Clet : pr\u00eatre de la Congr\u00e9","src":"https:\/\/i0.wp.com\/vincentiens.org\/wp-content\/uploads\/2014\/01\/regis_clet-210x300.jpg?resize=350%2C200","width":350,"height":200},"classes":[]},{"id":105225,"url":"https:\/\/vincentians.com\/fr\/bx-jean-francois-regis-clet\/","url_meta":{"origin":107655,"position":3},"title":"Bx Jean-Fran\u00e7ois-R\u00e9gis Clet","author":"Francisco Javier Fern\u00e1ndez Chento","date":"20\/12\/2012","format":false,"excerpt":"\u5218\u65b9\u6d4e LIEOU FANG-TSI Pr\u00eatre. N\u00e9 \u00e0 Grenoble, Is\u00e8re (France), le 19 ao\u00fbt 1748 ; re\u00e7u au s\u00e9minaire \u00e0 Lyon le 6 mars 1769 ; il y fit les v\u0153ux le 18 mars 1771 et fut ordonn\u00e9 pr\u00eatre le 27 mars 1773. Nomm\u00e9 la m\u00eame ann\u00e9e professeur de morale au grand\u2026","rel":"","context":"Dans &quot;Biographies Lazaristes&quot;","block_context":{"text":"Biographies Lazaristes","link":"https:\/\/vincentians.com\/fr\/category\/biographies-lazaristes\/"},"img":{"alt_text":"","src":"https:\/\/i0.wp.com\/vincentians.com\/fr\/wp-content\/uploads\/sites\/10\/2016\/08\/bio-congregation-of-the-mission.jpg?fit=1200%2C630&ssl=1&resize=350%2C200","width":350,"height":200,"srcset":"https:\/\/i0.wp.com\/vincentians.com\/fr\/wp-content\/uploads\/sites\/10\/2016\/08\/bio-congregation-of-the-mission.jpg?fit=1200%2C630&ssl=1&resize=350%2C200 1x, https:\/\/i0.wp.com\/vincentians.com\/fr\/wp-content\/uploads\/sites\/10\/2016\/08\/bio-congregation-of-the-mission.jpg?fit=1200%2C630&ssl=1&resize=525%2C300 1.5x, https:\/\/i0.wp.com\/vincentians.com\/fr\/wp-content\/uploads\/sites\/10\/2016\/08\/bio-congregation-of-the-mission.jpg?fit=1200%2C630&ssl=1&resize=700%2C400 2x, https:\/\/i0.wp.com\/vincentians.com\/fr\/wp-content\/uploads\/sites\/10\/2016\/08\/bio-congregation-of-the-mission.jpg?fit=1200%2C630&ssl=1&resize=1050%2C600 3x"},"classes":[]},{"id":107640,"url":"https:\/\/vincentians.com\/fr\/francois-regis-clet-pretre-de-la-mission-martyr-en-chine-1748-1820-06\/","url_meta":{"origin":107655,"position":4},"title":"Fran\u00e7ois-R\u00e9gis Clet : pr\u00eatre de la Mission, martyr en Chine, 1748-1820 (06)","author":"Francisco Javier Fern\u00e1ndez Chento","date":"06\/01\/2014","format":false,"excerpt":"V - La Mission au Hou-Kouang La vie de la Mission Transfert au Houkouang Au bout d'un an de travail apostolique au Kiang-si, M. Raux, le sup\u00e9rieur des Lazaristes en Chine, demande \u00e0 M. Clet d'aller dans la province voisine, le Hou-kouang, o\u00f9 se trouvent M.M. Aubin et Pesn\u00e9 dont\u2026","rel":"","context":"Dans &quot;Fran\u00e7ois-R\u00e9gis Clet&quot;","block_context":{"text":"Fran\u00e7ois-R\u00e9gis Clet","link":"https:\/\/vincentians.com\/fr\/category\/francois-regis-clet\/"},"img":{"alt_text":"Vie du Bienheureux Fran\u00e7ois-R\u00e9gis Clet : pr\u00eatre de la Congr\u00e9","src":"https:\/\/i0.wp.com\/vincentiens.org\/wp-content\/uploads\/2014\/01\/regis_clet-210x300.jpg?resize=350%2C200","width":350,"height":200},"classes":[]},{"id":107636,"url":"https:\/\/vincentians.com\/fr\/francois-regis-clet-pretre-de-la-mission-martyr-en-chine-1748-1820-02\/","url_meta":{"origin":107655,"position":5},"title":"Fran\u00e7ois-R\u00e9gis Clet : pr\u00eatre de la Mission, martyr en Chine, 1748-1820 (02)","author":"Francisco Javier Fern\u00e1ndez Chento","date":"02\/01\/2014","format":false,"excerpt":"I - Les origines Le Pays Le caract\u00e8re d'un homme est marqu\u00e9 par ses origines, son pays, sa famille, sa formation premi\u00e8re, son si\u00e8cle. Il n'y a que Melchis\u00e9dech dont l'\u00c9criture dit qu'il n'avait ni p\u00e8re ni m\u00e8re, ni g\u00e9n\u00e9alogie (H\u00e9br. 7, 3). Le saint missionnaire dont nous allons essayer\u2026","rel":"","context":"Dans &quot;Fran\u00e7ois-R\u00e9gis Clet&quot;","block_context":{"text":"Fran\u00e7ois-R\u00e9gis Clet","link":"https:\/\/vincentians.com\/fr\/category\/francois-regis-clet\/"},"img":{"alt_text":"Vie du Bienheureux Fran\u00e7ois-R\u00e9gis Clet : pr\u00eatre de la Congr\u00e9","src":"https:\/\/i0.wp.com\/vincentiens.org\/wp-content\/uploads\/2014\/01\/regis_clet-210x300.jpg?resize=350%2C200","width":350,"height":200},"classes":[]}],"_links":{"self":[{"href":"https:\/\/vincentians.com\/fr\/wp-json\/wp\/v2\/posts\/107655","targetHints":{"allow":["GET"]}}],"collection":[{"href":"https:\/\/vincentians.com\/fr\/wp-json\/wp\/v2\/posts"}],"about":[{"href":"https:\/\/vincentians.com\/fr\/wp-json\/wp\/v2\/types\/post"}],"author":[{"embeddable":true,"href":"https:\/\/vincentians.com\/fr\/wp-json\/wp\/v2\/users\/4"}],"replies":[{"embeddable":true,"href":"https:\/\/vincentians.com\/fr\/wp-json\/wp\/v2\/comments?post=107655"}],"version-history":[{"count":0,"href":"https:\/\/vincentians.com\/fr\/wp-json\/wp\/v2\/posts\/107655\/revisions"}],"wp:featuredmedia":[{"embeddable":true,"href":"https:\/\/vincentians.com\/fr\/wp-json\/"}],"wp:attachment":[{"href":"https:\/\/vincentians.com\/fr\/wp-json\/wp\/v2\/media?parent=107655"}],"wp:term":[{"taxonomy":"category","embeddable":true,"href":"https:\/\/vincentians.com\/fr\/wp-json\/wp\/v2\/categories?post=107655"},{"taxonomy":"post_tag","embeddable":true,"href":"https:\/\/vincentians.com\/fr\/wp-json\/wp\/v2\/tags?post=107655"}],"curies":[{"name":"wp","href":"https:\/\/api.w.org\/{rel}","templated":true}]}}