{"id":107654,"date":"2014-01-13T12:10:44","date_gmt":"2014-01-13T11:10:44","guid":{"rendered":"http:\/\/vincentiens.org\/?p=107654"},"modified":"2014-01-13T12:10:44","modified_gmt":"2014-01-13T11:10:44","slug":"francois-regis-clet-pretre-de-la-mission-martyr-en-chine-1748-1820-13","status":"publish","type":"post","link":"https:\/\/vincentians.com\/fr\/francois-regis-clet-pretre-de-la-mission-martyr-en-chine-1748-1820-13\/","title":{"rendered":"Fran\u00e7ois-R\u00e9gis Clet : pr\u00eatre de la Mission, martyr en Chine, 1748-1820 (13)"},"content":{"rendered":"<h2>XII &#8211; La V\u00e9n\u00e9ration \u00e0 l&rsquo;\u00e9gard du martyr<\/h2>\n<p><a href=\"https:\/\/i0.wp.com\/vincentiens.org\/wp-content\/uploads\/2014\/01\/regis_clet.jpg\"><img data-recalc-dims=\"1\" loading=\"lazy\" decoding=\"async\" class=\"alignright size-medium wp-image-107633\" alt=\"Vie du Bienheureux Fran\u00e7ois-R\u00e9gis Clet : pr\u00eatre de la Congr\u00e9\" src=\"https:\/\/i0.wp.com\/vincentiens.org\/wp-content\/uploads\/2014\/01\/regis_clet-210x300.jpg?resize=210%2C300\" width=\"210\" height=\"300\" \/><\/a>Le P. Clet \u00e9tait entour\u00e9 d&rsquo;une telle r\u00e9putation de saintet\u00e9 que sa tombe devint l&rsquo;objet d&rsquo;un v\u00e9ritable p\u00e8lerinage. Les chr\u00e9tiens et les pa\u00efens allaient, avec une totale confiance, demander au saint martyr la d\u00e9livrance de leurs maux. Ils allaient jusqu&rsquo;\u00e0 arracher les fleurs et les herbes qui avaient germ\u00e9 sur la tombe et en composaient des rem\u00e8des.<\/p>\n<p>Des faits \u00e0 caract\u00e8re surnaturel se produisirent qui frapp\u00e8rent les imaginations. Ainsi, au moment de la mort du martyr, d&rsquo;\u00e9paisses t\u00e9n\u00e8bres envelopp\u00e8rent la ville de P\u00e9kin et ses environs pendant trois jours, le fait est rapport\u00e9 par sept t\u00e9moins dans l&rsquo;enqu\u00eate pour le proc\u00e8s de b\u00e9atification. Divers miracles de gu\u00e9rison eurent lieu, attribu\u00e9s par les b\u00e9n\u00e9ficiaires \u00e0 l&rsquo;intercession du martyr.<\/p>\n<p>L&rsquo;enqu\u00eate entreprise en vue de la b\u00e9atification devait comporter l&rsquo;exhumation et la reconnaissance des restes mortels du martyr. Cela se fit en 1858 sous la pr\u00e9sidence de Mgr. Delaplace, vicaire apostolique du Tch\u00e9Kiang, et de Mgr. Spelta, vicaire apostolique du Houp\u00e9. Malgr\u00e9 le t\u00e9moignage d&rsquo;une chr\u00e9tienne dont le p\u00e8re et l&rsquo;oncle avaient transf\u00e9r\u00e9 le corps du cimeti\u00e8re des criminels au cimeti\u00e8re de la Montagne rouge, un doute subsistait sur l&rsquo;identit\u00e9 de la tombe. En effet, il y avait les tombes de deux P\u00e8res Li\u00e9ou, le n\u00f4tre car Li\u00e9ou \u00e9tait le nom chinois du P. Clet, et un autre missionnaire qui portait ce m\u00eame nom de Li\u00e9ou et qui \u00e9tait j\u00e9suite. A la vue du fragment de st\u00e8le rest\u00e9 en place sur la tombe, Mgr. Delaplace se souvint que les rebelles avaient emport\u00e9 les pierres tombales pour construire le rempart de la ville. Il alerta les chr\u00e9tiens les priant d&rsquo;essayer de retrouver dans le mur du rempart la fameuse pierre tombale. Ils la retrouv\u00e8rent et l&rsquo;inscription qu&rsquo;elle portait faisait suite aux quelques lettres qu&rsquo;on pouvait d\u00e9chiffrer sur le fragment rest\u00e9 en place. Les premiers mots grav\u00e9s en rouge de l&rsquo;inscription en chinois \u00e9taient : \u00a0\u00bb Fran\u00e7ois Li\u00e9ou de la Soci\u00e9t\u00e9 de St. Vincent&#8230; \u00a0\u00bb<\/p>\n<p>Aucun doute n&rsquo;\u00e9tait plus possible. L&rsquo;on demanda au vieux fossoyeur pa\u00efen qui \u00e9tait gardien du cimeti\u00e8re, d&rsquo;ouvrir la tombe. Il dit : \u00a0\u00bb Vous voulez celui-l\u00e0 ? &#8211; oui, qu&rsquo;est-ce qu&rsquo;il a celui-l\u00e0 ? &#8211; Oh il est venu de nuit, j&rsquo;\u00e9tais alors un gamin de quinze \u00e0 seize ans, mon p\u00e8re m&rsquo;envoya piocher ici&#8230; &#8211; Et pourquoi l&rsquo;a-t-on apport\u00e9 de nuit ? &#8211; Je ne sais pas au juste, mais il parait que c&rsquo;\u00e9tait un criminel (un Fan-jen) et qu&rsquo;il avait eu des affaires au tribunal&#8230; \u00a0\u00bb (Demimuid, p. 382) C&rsquo;est Mgr. Delaplace lui-m\u00eame qui rapporte ce dialogue. Il emporta les pr\u00e9cieux ossements et les fit mettre en s\u00fbret\u00e9. Il avait l&rsquo;intention de les ramener \u00e0 Paris, comme l&rsquo;on avait d\u00e9j\u00e0 fait pour les ossements de Jean-Gabriel Perboyre. Mais les chr\u00e9tiens firent opposition. Mgr. Spelta, dans une lettre \u00e0 Mgr. Delaplace, exprimait leur sentiment : \u00a0\u00bb Plusieurs missionnaires et un bon nombre de chr\u00e9tiens d\u00e9sirent que le V\u00e9n\u00e9rable martyr Clet reste ici pour les prot\u00e9ger. Ils veulent b\u00e2tir une \u00e9glise o\u00f9 ils lui \u00e9l\u00e8veraient un monument. Bref ils s&rsquo;opposent \u00e0 son d\u00e9part et veulent tout mettre en \u0153uvre pour le retenir chez eux. \u00a0\u00bb (Ibid., p. 384) et Mgr. Delaplace ajoute \u00a0\u00bb Cette ardeur des chr\u00e9tiens du Houp\u00e9 ne me surprend pas du tout, ils aimaient, ils v\u00e9n\u00e9raient tant M. Clet ! Si vous saviez combien marque la figure de M. Clet au milieu de tous les missionnaires qui sont venus en Chine ! Quel respectable souvenir il a laiss\u00e9. J&rsquo;ai rencontr\u00e9 nombre de chr\u00e9tiens qui jadis ont \u00e9t\u00e9 sous sa direction, jamais ils ne tarissent sur le vieux P\u00e8re Li\u00e9ou ! \u00a0\u00bb<\/p>\n<p>Les restes du P. Clet avaient \u00e9t\u00e9, en ces temps de troubles, mis en s\u00fbret\u00e9 dans la chapelle du S\u00e9minaire de Hankow. En 1868 \u00e0 la demande du Sup\u00e9rieur g\u00e9n\u00e9ral de la Mission M. Etienne, Mgr. Delaplace s&rsquo;entendit avec Mgr. Zanoli successeur de Mgr. Spelta et obtint d&#8217;emporter ces pr\u00e9cieuses reliques en France. Exhum\u00e9es \u00e0 nouveau en 1868, elles furent transport\u00e9s \u00e0 Paris par Mgr. Delaplace. Touch\u00e9 par les regrets des chr\u00e9tiens, Mgr. Delaplace \u00e9crit : \u00a0\u00bb Ces pauvres chr\u00e9tiens du Houp\u00e9, ah ! ils ont le c\u0153ur gros! Durant plus de 30 ans M. Clet avait \u00e9t\u00e9 leur p\u00e8re. Ils l&rsquo;aimaient, le v\u00e9n\u00e9raient, le tenaient pour un Saint, plein de l&rsquo;esprit des proph\u00e8tes et des thaumaturges. Ils esp\u00e9raient le garder&#8230; Je les ai consol\u00e9s, missionnaires et chr\u00e9tiens en leur promettant que je prierais M. notre tr\u00e8s honor\u00e9 P\u00e8re de faire don au Houp\u00e9 d&rsquo;une relique insigne de chacun de nos martyrs (M.M. Clet et Perboyre) d\u00e8s qu&rsquo;ils seraient canonis\u00e9s. \u00a0\u00bb (Demimuid, p. 385)<\/p>\n<p>Les chr\u00e9tiens adress\u00e8rent une supplique \u00e0 Mgr. Delaplace pour le prier de leur laisser le corps de leur protecteur. Ils disaient : \u00a0\u00bb Au nom de tous les chr\u00e9tiens du Hou-kouang, nous vous adressons la pr\u00e9sente supplique pour obtenir de garder parmi nous le corps saint du V\u00e9n\u00e9rable Clet, pour la m\u00e9moire \u00e9ternelle de son martyre et l&rsquo;augmentation du respect religieux que nous professons pour lui&#8230; Il y a quelques dizaines d&rsquo;ann\u00e9es, la pers\u00e9cution s\u00e9vissait dans la province du Hou-kouang, les P\u00e8res Li\u00e9ou et Tong (Perboyre) ont \u00e9t\u00e9 \u00e9trangl\u00e9s pour la foi. D\u00e8s que leurs \u00e2mes admirables furent dans le ciel, des miracles apparurent sur la terre&#8230; L&rsquo;\u00e9v\u00eaque SU (Mgr. Spelta) eut l&rsquo;occasion d&rsquo;accompagner, avec le regret qui lui est d\u00fb, le corps v\u00e9n\u00e9rable du P. Tong (Perboyre). Il avait demand\u00e9 avec instance qu&rsquo;on laiss\u00e2t \u00e0 la province du Hou-kouang les reliques du v\u00e9n\u00e9rable P\u00e8re Li\u00e9ou et il avait ordonn\u00e9 aux chr\u00e9tiens de pr\u00e9parer une \u00e9glise o\u00f9 l&rsquo;on v\u00e9n\u00e9rerait plus tard ces pr\u00e9cieuses reliques. Tous nous avions applaudi \u00e0 cette proposition. Mais les rebelles nous ont dispers\u00e9s et r\u00e9duits \u00e0 de tels malheurs que l&rsquo;\u00e9glise projet\u00e9e n&rsquo;a pas \u00e9t\u00e9 b\u00e2tie. Nous voulons pourtant la b\u00e2tir, c&rsquo;est certain&#8230; Nous vous adressons cette humble supplique, vous conjurant d&rsquo;avoir \u00e9gard \u00e0 l&rsquo;affection de tout ce troupeau de fid\u00e8les, et de lui laisser le corps de son ancien pasteur Nous nous cotiserons tous pour lui \u00e9lever une \u00e9glise au lieu m\u00eame de son martyre et par l\u00e0, nous serons combl\u00e9s de bienfaits spirituels durant dix mille et cent mille ans. \u00a0\u00bb (Demimuid, p. 386)<\/p>\n<p>Mais Mgr. Delaplace \u00e9tait d\u00e9j\u00e0 en route pour la France et Paris avec son pr\u00e9cieux d\u00e9p\u00f4t. Il le remit \u00e0 la Maison-M\u00e8re au d\u00e9but de 1869. Alors que les \u00e9tapes du proc\u00e8s de b\u00e9atification suivaient leur cours en Chine et en France, les reliques furent reconnues canoniquement par Mgr. Richard le 6 septembre 1878. En attendant la b\u00e9atification elles furent plac\u00e9es dans un petit caveau dans la bas c\u00f4t\u00e9 gauche de la chapelle des Lazaristes, avec une plaque qui portait cette inscription :<\/p>\n<p>Ici repose le corps du V\u00e9n\u00e9rable Fran\u00e7ois-R\u00e9gis Clet<\/p>\n<h3>La B\u00e9atification en 1900<\/h3>\n<p>La cause de b\u00e9atification introduite en 1843 aboutit en 1900. Le St. P\u00e8re L\u00e9on XIII d\u00e9clara bienheureux, le dimanche 27 mai, 77 martyrs de Chine, du Tonkin, et de Cochinchine. Parmi eux quelques pr\u00eatres dioc\u00e9sains et quelques la\u00efcs, mais surtout 49 membres de la Soci\u00e9t\u00e9 des Missions \u00e9trang\u00e8res de Paris, 26 membres de la famille dominicaine, un franciscain italien le P. De Triora, et enfin notre missionnaire Fran\u00e7ois-R\u00e9gis Clet.<\/p>\n<p>Le Bref pontifical parle du P. Clet en ces termes \u00a0\u00bb La Congr\u00e9gation de la Mission de St. Vincent de Paul, qui embrasse toutes les \u0153uvres de charit\u00e9 et qui est \u00e9tendue jusqu&rsquo;aux extr\u00e9mit\u00e9s du monde, a associ\u00e9 aux martyrs indiqu\u00e9s plus haut, le V\u00e9n\u00e9rable serviteur de Dieu Fran\u00e7ois Clet : les travaux apostoliques ne l&rsquo;ont point abattu ; les dangers et les menaces ne l&rsquo;ont point effray\u00e9 ; il a subi avec la plus grande constance un long et cruel martyre, la torture d&rsquo;une dure captivit\u00e9, l&rsquo;ignominie des plus mauvais traitements, et enfin la mort par le supplice de la strangulation. \u00a0\u00bb<\/p>\n<p>Les st\u00e8les qui marquaient l&#8217;emplacement des tombes du P. Clet et du P. Perboyre \u00e9taient rest\u00e9es en place. Elles furent enterr\u00e9es par les chr\u00e9tiens au d\u00e9but de la R\u00e9volution culturelle, de crainte qu&rsquo;elles ne soient profan\u00e9es ou bris\u00e9es. Mgr. Dong, l&rsquo;actuel archev\u00eaque de Hankow-Wuhan, les a fait rechercher et installer avec honneur sur le terrain du Grand S\u00e9minaire r\u00e9gional de Wuhan, afin que les futurs pr\u00eatres se souviennent de ceux qui furent leurs \u00a0\u00bb P\u00e8res dans la Foi \u00a0\u00bb et soient encourag\u00e9s \u00e0 marcher sur leurs traces.<\/p>\n<p>Depuis la b\u00e9atification, un autel a \u00e9t\u00e9 \u00e9lev\u00e9 en l&rsquo;honneur du martyr dans le bas c\u00f4t\u00e9 gauche de la chapelle des Lazaristes, en face de celui de Jean-Gabriel Perboyre. Lors de la c\u00e9r\u00e9monie de canonisation de St. Jean-Gabriel Perboyre le 2 juin 1997, le St. P\u00e8re dans son discours final sur la place Saint-Pierre a dit qu&rsquo;il esp\u00e9rait pouvoir bient\u00f4t canoniser d&rsquo;autres martyrs de Chine.<\/p>\n","protected":false},"excerpt":{"rendered":"<p>XII &#8211; La V\u00e9n\u00e9ration \u00e0 l&rsquo;\u00e9gard du martyr Le P. Clet \u00e9tait entour\u00e9 d&rsquo;une telle r\u00e9putation de saintet\u00e9 que sa tombe devint l&rsquo;objet d&rsquo;un v\u00e9ritable p\u00e8lerinage. Les chr\u00e9tiens et les pa\u00efens allaient, avec une totale &#8230; <a href=\"https:\/\/vincentians.com\/fr\/francois-regis-clet-pretre-de-la-mission-martyr-en-chine-1748-1820-13\/\" class=\"more-link\">Read More<\/a><\/p>\n","protected":false},"author":4,"featured_media":107633,"comment_status":"open","ping_status":"open","sticky":false,"template":"","format":"standard","meta":{"jetpack_post_was_ever_published":false,"_jetpack_newsletter_access":"","_jetpack_dont_email_post_to_subs":false,"_jetpack_newsletter_tier_id":0,"_jetpack_memberships_contains_paywalled_content":false,"_jetpack_memberships_contains_paid_content":false,"footnotes":"","jetpack_publicize_message":"","jetpack_publicize_feature_enabled":true,"jetpack_social_post_already_shared":true,"jetpack_social_options":{"image_generator_settings":{"template":"highway","default_image_id":0,"font":"","enabled":false},"version":2}},"categories":[133],"tags":[],"class_list":["post-107654","post","type-post","status-publish","format-standard","has-post-thumbnail","hentry","category-francois-regis-clet"],"yoast_head":"<!-- This site is optimized with the Yoast SEO plugin v26.3 - https:\/\/yoast.com\/wordpress\/plugins\/seo\/ -->\n<title>Fran\u00e7ois-R\u00e9gis Clet : pr\u00eatre de la Mission, martyr en Chine, 1748-1820 (13) - Nous Sommes Vincentiens<\/title>\n<meta name=\"robots\" content=\"index, follow, max-snippet:-1, max-image-preview:large, max-video-preview:-1\" \/>\n<link rel=\"canonical\" href=\"https:\/\/vincentians.com\/fr\/francois-regis-clet-pretre-de-la-mission-martyr-en-chine-1748-1820-13\/\" \/>\n<meta property=\"og:locale\" content=\"fr_FR\" \/>\n<meta property=\"og:type\" content=\"article\" \/>\n<meta property=\"og:title\" content=\"Fran\u00e7ois-R\u00e9gis Clet : pr\u00eatre de la Mission, martyr en Chine, 1748-1820 (13) - Nous Sommes Vincentiens\" \/>\n<meta property=\"og:description\" content=\"XII &#8211; La V\u00e9n\u00e9ration \u00e0 l&rsquo;\u00e9gard du martyr Le P. Clet \u00e9tait entour\u00e9 d&rsquo;une telle r\u00e9putation de saintet\u00e9 que sa tombe devint l&rsquo;objet d&rsquo;un v\u00e9ritable p\u00e8lerinage. Les chr\u00e9tiens et les pa\u00efens allaient, avec une totale ... Read More\" \/>\n<meta property=\"og:url\" content=\"https:\/\/vincentians.com\/fr\/francois-regis-clet-pretre-de-la-mission-martyr-en-chine-1748-1820-13\/\" \/>\n<meta property=\"og:site_name\" content=\"Nous Sommes Vincentiens\" \/>\n<meta property=\"article:publisher\" content=\"https:\/\/www.facebook.com\/WeAreVincentians\/\" \/>\n<meta property=\"article:author\" content=\"https:\/\/www.facebook.com\/JavierChento\" \/>\n<meta property=\"article:published_time\" content=\"2014-01-13T11:10:44+00:00\" \/>\n<meta name=\"author\" content=\"Francisco Javier Fern\u00e1ndez Chento\" \/>\n<meta name=\"twitter:card\" content=\"summary_large_image\" \/>\n<meta name=\"twitter:creator\" content=\"@https:\/\/twitter.com\/javierchento\" \/>\n<meta name=\"twitter:site\" content=\"@WeVincentians\" \/>\n<meta name=\"twitter:label1\" content=\"\u00c9crit par\" \/>\n\t<meta name=\"twitter:data1\" content=\"Francisco Javier Fern\u00e1ndez Chento\" \/>\n\t<meta name=\"twitter:label2\" content=\"Dur\u00e9e de lecture estim\u00e9e\" \/>\n\t<meta name=\"twitter:data2\" content=\"8 minutes\" \/>\n<script type=\"application\/ld+json\" class=\"yoast-schema-graph\">{\"@context\":\"https:\/\/schema.org\",\"@graph\":[{\"@type\":\"WebPage\",\"@id\":\"https:\/\/vincentians.com\/fr\/francois-regis-clet-pretre-de-la-mission-martyr-en-chine-1748-1820-13\/\",\"url\":\"https:\/\/vincentians.com\/fr\/francois-regis-clet-pretre-de-la-mission-martyr-en-chine-1748-1820-13\/\",\"name\":\"Fran\u00e7ois-R\u00e9gis Clet : pr\u00eatre de la Mission, martyr en Chine, 1748-1820 (13) - Nous Sommes Vincentiens\",\"isPartOf\":{\"@id\":\"https:\/\/vincentians.com\/fr\/#website\"},\"primaryImageOfPage\":{\"@id\":\"https:\/\/vincentians.com\/fr\/francois-regis-clet-pretre-de-la-mission-martyr-en-chine-1748-1820-13\/#primaryimage\"},\"image\":{\"@id\":\"https:\/\/vincentians.com\/fr\/francois-regis-clet-pretre-de-la-mission-martyr-en-chine-1748-1820-13\/#primaryimage\"},\"thumbnailUrl\":\"\",\"datePublished\":\"2014-01-13T11:10:44+00:00\",\"author\":{\"@id\":\"https:\/\/vincentians.com\/fr\/#\/schema\/person\/9623ef4d9aa3b2dfb8c061f1499288f2\"},\"breadcrumb\":{\"@id\":\"https:\/\/vincentians.com\/fr\/francois-regis-clet-pretre-de-la-mission-martyr-en-chine-1748-1820-13\/#breadcrumb\"},\"inLanguage\":\"fr-FR\",\"potentialAction\":[{\"@type\":\"ReadAction\",\"target\":[\"https:\/\/vincentians.com\/fr\/francois-regis-clet-pretre-de-la-mission-martyr-en-chine-1748-1820-13\/\"]}]},{\"@type\":\"ImageObject\",\"inLanguage\":\"fr-FR\",\"@id\":\"https:\/\/vincentians.com\/fr\/francois-regis-clet-pretre-de-la-mission-martyr-en-chine-1748-1820-13\/#primaryimage\",\"url\":\"\",\"contentUrl\":\"\"},{\"@type\":\"BreadcrumbList\",\"@id\":\"https:\/\/vincentians.com\/fr\/francois-regis-clet-pretre-de-la-mission-martyr-en-chine-1748-1820-13\/#breadcrumb\",\"itemListElement\":[{\"@type\":\"ListItem\",\"position\":1,\"name\":\"Portada\",\"item\":\"https:\/\/vincentians.com\/fr\/\"},{\"@type\":\"ListItem\",\"position\":2,\"name\":\"Fran\u00e7ois-R\u00e9gis Clet : pr\u00eatre de la Mission, martyr en Chine, 1748-1820 (13)\"}]},{\"@type\":\"WebSite\",\"@id\":\"https:\/\/vincentians.com\/fr\/#website\",\"url\":\"https:\/\/vincentians.com\/fr\/\",\"name\":\"Nous Sommes Vincentiens\",\"description\":\"Know more to serve more\",\"potentialAction\":[{\"@type\":\"SearchAction\",\"target\":{\"@type\":\"EntryPoint\",\"urlTemplate\":\"https:\/\/vincentians.com\/fr\/?s={search_term_string}\"},\"query-input\":{\"@type\":\"PropertyValueSpecification\",\"valueRequired\":true,\"valueName\":\"search_term_string\"}}],\"inLanguage\":\"fr-FR\"},{\"@type\":\"Person\",\"@id\":\"https:\/\/vincentians.com\/fr\/#\/schema\/person\/9623ef4d9aa3b2dfb8c061f1499288f2\",\"name\":\"Francisco Javier Fern\u00e1ndez Chento\",\"image\":{\"@type\":\"ImageObject\",\"inLanguage\":\"fr-FR\",\"@id\":\"https:\/\/vincentians.com\/fr\/#\/schema\/person\/image\/\",\"url\":\"https:\/\/secure.gravatar.com\/avatar\/497d5cde87b4c3d097d0315953521681ba2cd523ee66e5077c3711f7021e65de?s=96&d=mm&r=g\",\"contentUrl\":\"https:\/\/secure.gravatar.com\/avatar\/497d5cde87b4c3d097d0315953521681ba2cd523ee66e5077c3711f7021e65de?s=96&d=mm&r=g\",\"caption\":\"Francisco Javier Fern\u00e1ndez Chento\"},\"description\":\"Director General y cofundador de La Red de Formaci\u00f3n Vicenciana. Javier es laico vicenciano, afiliado a la Congregaci\u00f3n de la Misi\u00f3n y miembro del Equipo de Misiones Populares de la provincia can\u00f3nica de Zaragoza (Espa\u00f1a) de la Congregaci\u00f3n de la Misi\u00f3n. Graduado en la Universidad Oberta de Catalunya con cuatro grados (Asistente de direcci\u00f3n, Gesti\u00f3n Administrativa, Recursos Humanos y Contabilidad Avanzada). Bil\u00edng\u00fce Espa\u00f1ol\/Ingl\u00e9s. gestiona y mantiene varias p\u00e1ginas web cristianas y vicencianas, incluida including La Red de Formaci\u00f3n Vicenciana, de la que es cofundador. Actualmente es responsable del \u00e1rea de Espa\u00f1ol de .famvin, la Red de Noticias de la Familia Vicenciana. Tambi\u00e9n es m\u00fasico cat\u00f3lico y ha editado varios discos. Es Director General y cofundador de Trovador, una reconocida compa\u00f1\u00eda discogr\u00e1fica critiana de Espa\u00f1a. Trabaja en las Tecnolog\u00edas de la Informaci\u00f3n, ofreciendo servicios de alojamiento, dise\u00f1o y mantenimiento Web, as\u00ed como asesoramiento, formaci\u00f3n y soluciones inform\u00e1ticas, gesti\u00f3n documental y digitalizaci\u00f3n de textos, edici\u00f3n y maquetaci\u00f3n de libros, revistas, flyers, etc.\",\"sameAs\":[\"http:\/\/chento.org\",\"https:\/\/www.facebook.com\/JavierChento\",\"https:\/\/x.com\/https:\/\/twitter.com\/javierchento\"],\"url\":\"https:\/\/vincentians.com\/fr\/author\/chento\/\"}]}<\/script>\n<!-- \/ Yoast SEO plugin. -->","yoast_head_json":{"title":"Fran\u00e7ois-R\u00e9gis Clet : pr\u00eatre de la Mission, martyr en Chine, 1748-1820 (13) - Nous Sommes Vincentiens","robots":{"index":"index","follow":"follow","max-snippet":"max-snippet:-1","max-image-preview":"max-image-preview:large","max-video-preview":"max-video-preview:-1"},"canonical":"https:\/\/vincentians.com\/fr\/francois-regis-clet-pretre-de-la-mission-martyr-en-chine-1748-1820-13\/","og_locale":"fr_FR","og_type":"article","og_title":"Fran\u00e7ois-R\u00e9gis Clet : pr\u00eatre de la Mission, martyr en Chine, 1748-1820 (13) - Nous Sommes Vincentiens","og_description":"XII &#8211; La V\u00e9n\u00e9ration \u00e0 l&rsquo;\u00e9gard du martyr Le P. Clet \u00e9tait entour\u00e9 d&rsquo;une telle r\u00e9putation de saintet\u00e9 que sa tombe devint l&rsquo;objet d&rsquo;un v\u00e9ritable p\u00e8lerinage. Les chr\u00e9tiens et les pa\u00efens allaient, avec une totale ... Read More","og_url":"https:\/\/vincentians.com\/fr\/francois-regis-clet-pretre-de-la-mission-martyr-en-chine-1748-1820-13\/","og_site_name":"Nous Sommes Vincentiens","article_publisher":"https:\/\/www.facebook.com\/WeAreVincentians\/","article_author":"https:\/\/www.facebook.com\/JavierChento","article_published_time":"2014-01-13T11:10:44+00:00","author":"Francisco Javier Fern\u00e1ndez Chento","twitter_card":"summary_large_image","twitter_creator":"@https:\/\/twitter.com\/javierchento","twitter_site":"@WeVincentians","twitter_misc":{"\u00c9crit par":"Francisco Javier Fern\u00e1ndez Chento","Dur\u00e9e de lecture estim\u00e9e":"8 minutes"},"schema":{"@context":"https:\/\/schema.org","@graph":[{"@type":"WebPage","@id":"https:\/\/vincentians.com\/fr\/francois-regis-clet-pretre-de-la-mission-martyr-en-chine-1748-1820-13\/","url":"https:\/\/vincentians.com\/fr\/francois-regis-clet-pretre-de-la-mission-martyr-en-chine-1748-1820-13\/","name":"Fran\u00e7ois-R\u00e9gis Clet : pr\u00eatre de la Mission, martyr en Chine, 1748-1820 (13) - Nous Sommes Vincentiens","isPartOf":{"@id":"https:\/\/vincentians.com\/fr\/#website"},"primaryImageOfPage":{"@id":"https:\/\/vincentians.com\/fr\/francois-regis-clet-pretre-de-la-mission-martyr-en-chine-1748-1820-13\/#primaryimage"},"image":{"@id":"https:\/\/vincentians.com\/fr\/francois-regis-clet-pretre-de-la-mission-martyr-en-chine-1748-1820-13\/#primaryimage"},"thumbnailUrl":"","datePublished":"2014-01-13T11:10:44+00:00","author":{"@id":"https:\/\/vincentians.com\/fr\/#\/schema\/person\/9623ef4d9aa3b2dfb8c061f1499288f2"},"breadcrumb":{"@id":"https:\/\/vincentians.com\/fr\/francois-regis-clet-pretre-de-la-mission-martyr-en-chine-1748-1820-13\/#breadcrumb"},"inLanguage":"fr-FR","potentialAction":[{"@type":"ReadAction","target":["https:\/\/vincentians.com\/fr\/francois-regis-clet-pretre-de-la-mission-martyr-en-chine-1748-1820-13\/"]}]},{"@type":"ImageObject","inLanguage":"fr-FR","@id":"https:\/\/vincentians.com\/fr\/francois-regis-clet-pretre-de-la-mission-martyr-en-chine-1748-1820-13\/#primaryimage","url":"","contentUrl":""},{"@type":"BreadcrumbList","@id":"https:\/\/vincentians.com\/fr\/francois-regis-clet-pretre-de-la-mission-martyr-en-chine-1748-1820-13\/#breadcrumb","itemListElement":[{"@type":"ListItem","position":1,"name":"Portada","item":"https:\/\/vincentians.com\/fr\/"},{"@type":"ListItem","position":2,"name":"Fran\u00e7ois-R\u00e9gis Clet : pr\u00eatre de la Mission, martyr en Chine, 1748-1820 (13)"}]},{"@type":"WebSite","@id":"https:\/\/vincentians.com\/fr\/#website","url":"https:\/\/vincentians.com\/fr\/","name":"Nous Sommes Vincentiens","description":"Know more to serve more","potentialAction":[{"@type":"SearchAction","target":{"@type":"EntryPoint","urlTemplate":"https:\/\/vincentians.com\/fr\/?s={search_term_string}"},"query-input":{"@type":"PropertyValueSpecification","valueRequired":true,"valueName":"search_term_string"}}],"inLanguage":"fr-FR"},{"@type":"Person","@id":"https:\/\/vincentians.com\/fr\/#\/schema\/person\/9623ef4d9aa3b2dfb8c061f1499288f2","name":"Francisco Javier Fern\u00e1ndez Chento","image":{"@type":"ImageObject","inLanguage":"fr-FR","@id":"https:\/\/vincentians.com\/fr\/#\/schema\/person\/image\/","url":"https:\/\/secure.gravatar.com\/avatar\/497d5cde87b4c3d097d0315953521681ba2cd523ee66e5077c3711f7021e65de?s=96&d=mm&r=g","contentUrl":"https:\/\/secure.gravatar.com\/avatar\/497d5cde87b4c3d097d0315953521681ba2cd523ee66e5077c3711f7021e65de?s=96&d=mm&r=g","caption":"Francisco Javier Fern\u00e1ndez Chento"},"description":"Director General y cofundador de La Red de Formaci\u00f3n Vicenciana. Javier es laico vicenciano, afiliado a la Congregaci\u00f3n de la Misi\u00f3n y miembro del Equipo de Misiones Populares de la provincia can\u00f3nica de Zaragoza (Espa\u00f1a) de la Congregaci\u00f3n de la Misi\u00f3n. Graduado en la Universidad Oberta de Catalunya con cuatro grados (Asistente de direcci\u00f3n, Gesti\u00f3n Administrativa, Recursos Humanos y Contabilidad Avanzada). Bil\u00edng\u00fce Espa\u00f1ol\/Ingl\u00e9s. gestiona y mantiene varias p\u00e1ginas web cristianas y vicencianas, incluida including La Red de Formaci\u00f3n Vicenciana, de la que es cofundador. Actualmente es responsable del \u00e1rea de Espa\u00f1ol de .famvin, la Red de Noticias de la Familia Vicenciana. Tambi\u00e9n es m\u00fasico cat\u00f3lico y ha editado varios discos. Es Director General y cofundador de Trovador, una reconocida compa\u00f1\u00eda discogr\u00e1fica critiana de Espa\u00f1a. Trabaja en las Tecnolog\u00edas de la Informaci\u00f3n, ofreciendo servicios de alojamiento, dise\u00f1o y mantenimiento Web, as\u00ed como asesoramiento, formaci\u00f3n y soluciones inform\u00e1ticas, gesti\u00f3n documental y digitalizaci\u00f3n de textos, edici\u00f3n y maquetaci\u00f3n de libros, revistas, flyers, etc.","sameAs":["http:\/\/chento.org","https:\/\/www.facebook.com\/JavierChento","https:\/\/x.com\/https:\/\/twitter.com\/javierchento"],"url":"https:\/\/vincentians.com\/fr\/author\/chento\/"}]}},"jetpack_publicize_connections":[],"jetpack_featured_media_url":"","jetpack_sharing_enabled":true,"jetpack_shortlink":"https:\/\/wp.me\/p7ETMP-s0m","jetpack-related-posts":[{"id":107631,"url":"https:\/\/vincentians.com\/fr\/francois-regis-clet-pretre-de-la-mission-martyr-en-chine-1748-1820-01\/","url_meta":{"origin":107654,"position":0},"title":"Fran\u00e7ois-R\u00e9gis Clet : pr\u00eatre de la Mission, martyr en Chine, 1748-1820 (01)","author":"Francisco Javier Fern\u00e1ndez Chento","date":"01\/01\/2014","format":false,"excerpt":"Avant Propos Le 2 juin 1997 sur la grande place Saint Pierre de Rome se d\u00e9roul\u00e8rent les fastes de la canonisation de saint Jean-Gabriel Perboyre. Un soleil \u00e9clatant mettait en valeur les couleurs rouge ou amarante des soutanes cardinalices ou \u00e9piscopales, les uniformes aux rayures de bleu et d'orange des\u2026","rel":"","context":"Dans &quot;Fran\u00e7ois-R\u00e9gis Clet&quot;","block_context":{"text":"Fran\u00e7ois-R\u00e9gis Clet","link":"https:\/\/vincentians.com\/fr\/category\/francois-regis-clet\/"},"img":{"alt_text":"Vie du Bienheureux Fran\u00e7ois-R\u00e9gis Clet : pr\u00eatre de la Congr\u00e9","src":"https:\/\/i0.wp.com\/vincentiens.org\/wp-content\/uploads\/2014\/01\/regis_clet-210x300.jpg?resize=350%2C200","width":350,"height":200},"classes":[]},{"id":107652,"url":"https:\/\/vincentians.com\/fr\/francois-regis-clet-pretre-de-la-mission-martyr-en-chine-1748-1820-15\/","url_meta":{"origin":107654,"position":1},"title":"Fran\u00e7ois-R\u00e9gis Clet : pr\u00eatre de la Mission, martyr en Chine, 1748-1820 (15)","author":"Francisco Javier Fern\u00e1ndez Chento","date":"15\/01\/2014","format":false,"excerpt":"Annexe II : Les principales dates de la vie du P. Fran\u00e7ois-R\u00e9gis Clet 1748 19 ao\u00fbt Naissance de Fran\u00e7ois R\u00e9gis \u00e0 Grenoble au n\u00b0 14 de la rue Porte-Traine 1748 23 ao\u00fbt Bapt\u00eame \u00e0 l'\u00e9glise St. Louis 1769 6 mars Entr\u00e9e dans la Congr\u00e9gation de la Mission \u00e0 Lyon 1771\u2026","rel":"","context":"Dans &quot;Fran\u00e7ois-R\u00e9gis Clet&quot;","block_context":{"text":"Fran\u00e7ois-R\u00e9gis Clet","link":"https:\/\/vincentians.com\/fr\/category\/francois-regis-clet\/"},"img":{"alt_text":"","src":"","width":0,"height":0},"classes":[]},{"id":107655,"url":"https:\/\/vincentians.com\/fr\/francois-regis-clet-pretre-de-la-mission-martyr-en-chine-1748-1820-12\/","url_meta":{"origin":107654,"position":2},"title":"Fran\u00e7ois-R\u00e9gis Clet : pr\u00eatre de la Mission, martyr en Chine, 1748-1820 (12)","author":"Francisco Javier Fern\u00e1ndez Chento","date":"12\/01\/2014","format":false,"excerpt":"XI - L'\u00c9preuve supr\u00e9me On dit que pour les condamn\u00e9s \u00e0 mort, l'incertitude sur le jour de leur ex\u00e9cution et les d\u00e9lais d'attente sont une \u00e9preuve aussi cruelle que la mort elle-m\u00eame. Cela ne semble pas avoir \u00e9t\u00e9 le cas pour Fran\u00e7ois-R\u00e9gis. Il \u00e9tait \u00e0 peu pr\u00e8s certain de la\u2026","rel":"","context":"Dans &quot;Fran\u00e7ois-R\u00e9gis Clet&quot;","block_context":{"text":"Fran\u00e7ois-R\u00e9gis Clet","link":"https:\/\/vincentians.com\/fr\/category\/francois-regis-clet\/"},"img":{"alt_text":"Vie du Bienheureux Fran\u00e7ois-R\u00e9gis Clet : pr\u00eatre de la Congr\u00e9","src":"https:\/\/i0.wp.com\/vincentiens.org\/wp-content\/uploads\/2014\/01\/regis_clet-210x300.jpg?resize=350%2C200","width":350,"height":200},"classes":[]},{"id":107672,"url":"https:\/\/vincentians.com\/fr\/francois-regis-clet-pretre-de-la-mission-martyr-en-chine-1748-1820-19\/","url_meta":{"origin":107654,"position":3},"title":"Fran\u00e7ois-R\u00e9gis Clet : pr\u00eatre de la Mission, martyr en Chine, 1748-1820 (19)","author":"Francisco Javier Fern\u00e1ndez Chento","date":"19\/01\/2014","format":false,"excerpt":"Annexe VI : Le r\u00e9gime p\u00e9nitentiaire chinois propos\u00e9 en exemple Le P. Clet envoie \u00e0 son correspondant \u00e0 Paris, son confr\u00e8re M. Richenet, une description d\u00e9taill\u00e9e des prisons de Chine, souhaitant qu'avec l'agr\u00e9ment du Sup\u00e9rieur g\u00e9n\u00e9ral, elle soit publi\u00e9e et transmise aux pouvoirs publics de la France, mais ne veut\u2026","rel":"","context":"Dans &quot;Fran\u00e7ois-R\u00e9gis Clet&quot;","block_context":{"text":"Fran\u00e7ois-R\u00e9gis Clet","link":"https:\/\/vincentians.com\/fr\/category\/francois-regis-clet\/"},"img":{"alt_text":"","src":"","width":0,"height":0},"classes":[]},{"id":107649,"url":"https:\/\/vincentians.com\/fr\/francois-regis-clet-pretre-de-la-mission-martyr-en-chine-1748-1820-16\/","url_meta":{"origin":107654,"position":4},"title":"Fran\u00e7ois-R\u00e9gis Clet : pr\u00eatre de la Mission, martyr en Chine, 1748-1820 (16)","author":"Francisco Javier Fern\u00e1ndez Chento","date":"16\/01\/2014","format":false,"excerpt":"Annexe III : Pierre Vigne - 1670-1740 Il na\u00eet le 20 ao\u00fbt 1670, \u00e0 Privas, de parents protestants, mais il est baptis\u00e9 \u00e0 l'\u00e9glise St. Thomas, car il n'y avait pas de lieu de culte protestant. Il est \u00e9lev\u00e9 dans la foi calviniste bien qu'il fr\u00e9quente parfois les c\u00e9r\u00e9monies catholiques.\u2026","rel":"","context":"Dans &quot;Fran\u00e7ois-R\u00e9gis Clet&quot;","block_context":{"text":"Fran\u00e7ois-R\u00e9gis Clet","link":"https:\/\/vincentians.com\/fr\/category\/francois-regis-clet\/"},"img":{"alt_text":"","src":"","width":0,"height":0},"classes":[]},{"id":107653,"url":"https:\/\/vincentians.com\/fr\/francois-regis-clet-pretre-de-la-mission-martyr-en-chine-1748-1820-14\/","url_meta":{"origin":107654,"position":5},"title":"Fran\u00e7ois-R\u00e9gis Clet : pr\u00eatre de la Mission, martyr en Chine, 1748-1820 (14)","author":"Francisco Javier Fern\u00e1ndez Chento","date":"14\/01\/2014","format":false,"excerpt":"Annexe I : Les grandes dates de l'histoire chr\u00e9tienne de la Chine 645 Introduction du bouddhisme en Chine par un p\u00e8lerin chinois de retour d'un p\u00e8lerinage en Inde aux sources du bouddhisme. 627-549 R\u00e8gne de l'empereur Taitsong le Grand 635 Arriv\u00e9e \u00e0 la capitale Tchan-Ngan du moine nestorien Alopen venant\u2026","rel":"","context":"Dans &quot;Fran\u00e7ois-R\u00e9gis Clet&quot;","block_context":{"text":"Fran\u00e7ois-R\u00e9gis Clet","link":"https:\/\/vincentians.com\/fr\/category\/francois-regis-clet\/"},"img":{"alt_text":"","src":"","width":0,"height":0},"classes":[]}],"_links":{"self":[{"href":"https:\/\/vincentians.com\/fr\/wp-json\/wp\/v2\/posts\/107654","targetHints":{"allow":["GET"]}}],"collection":[{"href":"https:\/\/vincentians.com\/fr\/wp-json\/wp\/v2\/posts"}],"about":[{"href":"https:\/\/vincentians.com\/fr\/wp-json\/wp\/v2\/types\/post"}],"author":[{"embeddable":true,"href":"https:\/\/vincentians.com\/fr\/wp-json\/wp\/v2\/users\/4"}],"replies":[{"embeddable":true,"href":"https:\/\/vincentians.com\/fr\/wp-json\/wp\/v2\/comments?post=107654"}],"version-history":[{"count":0,"href":"https:\/\/vincentians.com\/fr\/wp-json\/wp\/v2\/posts\/107654\/revisions"}],"wp:featuredmedia":[{"embeddable":true,"href":"https:\/\/vincentians.com\/fr\/wp-json\/"}],"wp:attachment":[{"href":"https:\/\/vincentians.com\/fr\/wp-json\/wp\/v2\/media?parent=107654"}],"wp:term":[{"taxonomy":"category","embeddable":true,"href":"https:\/\/vincentians.com\/fr\/wp-json\/wp\/v2\/categories?post=107654"},{"taxonomy":"post_tag","embeddable":true,"href":"https:\/\/vincentians.com\/fr\/wp-json\/wp\/v2\/tags?post=107654"}],"curies":[{"name":"wp","href":"https:\/\/api.w.org\/{rel}","templated":true}]}}