{"id":107651,"date":"2014-01-08T12:10:44","date_gmt":"2014-01-08T11:10:44","guid":{"rendered":"http:\/\/vincentiens.org\/?p=107651"},"modified":"2014-01-08T12:10:44","modified_gmt":"2014-01-08T11:10:44","slug":"francois-regis-clet-pretre-de-la-mission-martyr-en-chine-1748-1820-08","status":"publish","type":"post","link":"https:\/\/vincentians.com\/fr\/francois-regis-clet-pretre-de-la-mission-martyr-en-chine-1748-1820-08\/","title":{"rendered":"Fran\u00e7ois-R\u00e9gis Clet : pr\u00eatre de la Mission, martyr en Chine, 1748-1820 (08)"},"content":{"rendered":"<h2>VII &#8211; La Vie de la Mission<\/h2>\n<h3>Une existence marqu\u00e9e par la pauvret\u00e9<\/h3>\n<p><a href=\"https:\/\/i0.wp.com\/vincentiens.org\/wp-content\/uploads\/2014\/01\/regis_clet.jpg\"><img data-recalc-dims=\"1\" loading=\"lazy\" decoding=\"async\" class=\"alignright size-medium wp-image-107633\" alt=\"Vie du Bienheureux Fran\u00e7ois-R\u00e9gis Clet : pr\u00eatre de la Congr\u00e9\" src=\"https:\/\/i0.wp.com\/vincentiens.org\/wp-content\/uploads\/2014\/01\/regis_clet-210x300.jpg?resize=210%2C300\" width=\"210\" height=\"300\" \/><\/a>A travers sa correspondance avec le P. Song, nous avons pu remarquer l&rsquo;extr\u00eame pauvret\u00e9 dans laquelle se d\u00e9bat le missionnaire. Il ne se plaint pas, mais il d\u00e9plore de ne pouvoir envoyer \u00e0 ses confr\u00e8res les secours dont ils auraient besoin. Il sollicite des sup\u00e9rieurs de P\u00e9kin quelques subsides, \u00ab\u00a0car la famine qui s&rsquo;est fait sentir nous a fort appauvris. Vous ne me demandez point d&rsquo;argent et vous faites bien, car je n&rsquo;en ai point \u00e0 vous envoyer. Il ne me reste qu&rsquo;environ dix huit ta\u00ebls , dont il me faut distraire dix ou douze pour M. Chen qui part dans la plaine. A vue d&rsquo;\u0153il, dans quinze jours il ne restera aucune sap\u00e8que \u00e0 la maison.\u00a0\u00bb<\/p>\n<p>Il \u00e9crit au P. Ghislain \u00e0 P\u00e9kin, en ao\u00fbt 1810 : \u00ab\u00a0Cette ann\u00e9e \u00e0 cause de la s\u00e9cheresse, point de riz, il faut presque tout acheter, tout est cher, voyez si vous \u00eates assez riche pour aider notre pauvret\u00e9.\u00a0\u00bb (Lettre n\u00b0 50)<\/p>\n<p>Il met l&rsquo;assistance aux pauvres au premier rang de ses pr\u00e9occupations, il ne renvoie jamais les mains vides les d\u00e9sh\u00e9rit\u00e9s qui frappent \u00e0 sa porte. En donnant l&rsquo;autorisation au P. Song de recevoir des pr\u00e9sents et de faire des aum\u00f4nes, \u00ab\u00a0autant que peut le souffrir notre v\u0153u de pauvret\u00e9, et souvenez-vous des paroles de St. Paul qu&rsquo;il vaut mieux donner que recevoir&#8230;\u00a0\u00bb<\/p>\n<p>Au P. Richenet il \u00e9crit : \u00ab\u00a0J&rsquo;ai oubli\u00e9 de vous dire que nous avons besoin d&rsquo;argent, mais je pense que vous le sentez assez, car quoique nous soyons accus\u00e9s de simonie, je crois pouvoir assurer qu&rsquo;il y a peu d&rsquo;endroits o\u00f9 l&rsquo;on exerce le minist\u00e8re plus gratuitement que chez nous&#8230;\u00a0\u00bb (Lettre n\u00b0 52) et il ajoute pour expliquer le peu de ressources de sa chr\u00e9tient\u00e9 : \u00ab\u00a0Nous n&rsquo;avons sous notre d\u00e9pendance aucun richard. Ici point de commer\u00e7ants, ce qui par parenth\u00e8se me fait grand plaisir. (Il est piquant de le voir faire ces remarques, lui qui \u00e9tait fils d&rsquo;un commer\u00e7ant grenoblois.) En Chine plus que partout ailleurs, un marchand et un fripon sont presque synonymes. Nous n&rsquo;avons \u00e0 peu pr\u00e8s que des cultivateurs dont les deux tiers ne peuvent joindre les deux bouts de l&rsquo;ann\u00e9e. Ainsi nous sommes bien plus dans le cas de donner que de recevoir&#8230;\u00a0\u00bb (Lettre n\u00b0 52)<\/p>\n<p>Sa pauvret\u00e9 est manifeste dans les conditions dont il se contente comme logement. A plusieurs reprises il parle dans ses lettres de notre ch\u00e2teau de paille, il d\u00e9signe par cette expression plaisante, sa r\u00e9sidence centrale \u00e0 Tchai-Yuen-K\u00e9ou . C&rsquo;est une modeste maison en pis\u00e9, au sol de terre battue et au toit de chaume ; l&rsquo;\u00e9glise elle aussi est b\u00e2tie avec les m\u00eames mat\u00e9riaux.<\/p>\n<h3>Il a le souci de ses confr\u00e8res<\/h3>\n<p>Il donne rendez-vous chaque ann\u00e9e \u00e0 tous ses confr\u00e8res qui missionnent parfois au loin, pour qu&rsquo;ils viennent passer quelques semaines ensemble dans son ch\u00e2teau de paille afin de mener un peu une vie de communaut\u00e9 et de se refaire corporellement et spirituellement. Ces rencontres entretenaient la ferveur des missionnaires et ravivait leur sentiment d&rsquo;appartenir \u00e0 une Communaut\u00e9 vivante et soucieuse de ses membres.<\/p>\n<p>A la fin de ces semaines fraternelles pass\u00e9es au ch\u00e2teau de paille, chacun rejoignait son champ d&rsquo;apostolat, dans le Hou-kouang et dans les provinces voisines Kiang-si, Kiangnan et les districts de la r\u00e9gion.<\/p>\n<p>Chef de mission, le P. Clet estime n\u00e9cessaire de rappeler \u00e0 tous ses collaborateurs un certain nombre de principes qui doivent inspirer leur action. Il le fait dans plusieurs \u00a0\u00bb Lettre circulaire \u00ab\u00a0. Nous n&rsquo;en avons malheureusement que deux. De la premi\u00e8re dat\u00e9e du d\u00e9but de 1811 nous n&rsquo;avons h\u00e9las que quelques fragments (Lettre n\u00b0 53)<\/p>\n<p>Il recommande aux missionnaires patience et mis\u00e9ricorde envers les p\u00e9cheurs au lieu de s&rsquo;indigner contre eux : \u00ab\u00a0Rev\u00eatons nous donc de tendresse et de mis\u00e9ricorde, de bont\u00e9, d&rsquo;humilit\u00e9 et de patience, car nous devons nous qui sommes plus forts, soutenir la faiblesse des infirmes et ne pas nous complaire en nous-m\u00eames&#8230;\u00a0\u00bb<\/p>\n<p>Il les met en garde contre l&rsquo;esprit de lucre dans l&rsquo;administration des sacrements et l&rsquo;accomplissement de leur minist\u00e8re. \u00ab\u00a0Que les richesses du salut, la sagesse, la science et la crainte de Dieu soient tout leur tr\u00e9sor&#8230;\u00a0\u00bb<\/p>\n<p>Il annonce enfin aux missionnaires que la Ste Vierge, sous le vocable de l&rsquo;Immacul\u00e9e Conception, est institu\u00e9e par le St. P\u00e8re comme patronne principale de la province du Hou-kouang.<\/p>\n<p>La deuxi\u00e8me Circulaire que nous avons (Lettre n\u00b0 59) date du 10 avril 1813. Elle est \u00e9crite en latin, afin d&rsquo;\u00eatre bien comprise par tous, car certains ne saisissent pas toutes les nuances du fran\u00e7ais. Il invite d&rsquo;abord ses confr\u00e8res \u00e0 l&rsquo;union entre eux \u00ab\u00a0afin que nous soyons tous d&rsquo;accord et unanimes en ce qui regarde le gouvernement de nos brebis, et qu&rsquo;elles ne forment ainsi qu&rsquo;un seul troupeau, comme il n&rsquo;y a qu&rsquo;un seul Pasteur, Notre Seigneur J\u00e9sus-Christ.\u00a0\u00bb<\/p>\n<p>1\u00b0 Il traite de l&rsquo;instruction religieuse et demande pour cela que l&rsquo;on fasse lire chaque dimanche ou f\u00eate d&rsquo;obligation la 5\u00e8me partie du Cat\u00e9chisme et que l&rsquo;on rappelle ensuite les f\u00eates et les je\u00fbnes de la semaine. De plus chaque mois deux cat\u00e9chistes, un homme et une femme pr\u00e9sideront aux examens de cat\u00e9chisme auxquels sont soumis les enfants de sept \u00e0 dix-sept ans.<\/p>\n<p>2\u00b0 Il rappelle l&rsquo;obligation pour les chr\u00e9tiens de faire tous leurs efforts pour baptiser les enfants de pa\u00efens qui seraient en p\u00e9ril de mort. Deux chr\u00e9tiens, un homme et une femme, en seront particuli\u00e8rement charg\u00e9s dans chaque district. Mais il faut aussi apprendre \u00e0 chacun \u00e0 administrer le bapt\u00eame.<\/p>\n<p>3\u00b0 Dans les repas surtout les repas de mariage, subsiste la f\u00e2cheuse coutume de pousser les gens \u00e0 boire plus que de raison, d&rsquo;o\u00f9 il s&rsquo;ensuit toutes sortes de d\u00e9sordres. Il faut absolument d\u00e9tourner les chr\u00e9tiens de ces usages d\u00e9plorables, qui sentent le paganisme.<\/p>\n<p>4\u00b0 Il existe des r\u00e8glements pour la conduite de la vie dans diverses circonstances. Ils sont imprim\u00e9s en chinois sur quatre feuillets. Il faudra en lire chaque dimanche la septi\u00e8me partie pour les rappeler opportun\u00e9ment aux fid\u00e8les, afin qu&rsquo;ils s&rsquo;y conforment.<\/p>\n<p>Enfin les missionnaires devront \u00eatre des exemples vivants pour leurs fid\u00e8les et entretenir en eux-m\u00eames la ferveur par la fid\u00e9lit\u00e9 \u00e0 leurs exercices de pi\u00e9t\u00e9 tels que l&rsquo;oraison, l&rsquo;examen, la lecture de l&rsquo;\u00c9vangile et de livres de d\u00e9votion et la retraite.<\/p>\n<h3>La v\u00e9n\u00e9ration \u00e0 l&rsquo;\u00e9gard du P. Clet<\/h3>\n<p>Ce que le P. Clet recommande \u00e0 ses confr\u00e8res il en donne l&rsquo;exemple lui-m\u00eame, aussi tous l&rsquo;ont en v\u00e9n\u00e9ration, particuli\u00e8rement le P. Song qui a eu plus que d&rsquo;autres le temps d&rsquo;\u00e9prouver la patience et la douceur de son sup\u00e9rieur.<\/p>\n<p>Longtemps apr\u00e8s sa mort on se souvenait encore dans les districts qu&rsquo;il avait administr\u00e9 du saint P\u00e8re Lieou, c&rsquo;est le nom chinois du P. Clet. Un vieux chr\u00e9tien dont on recueillit le t\u00e9moignage en 1869, soit 49 ans apr\u00e8s sa mort, disait au sujet de l&rsquo;action du missionnaire. \u00a0\u00bb Notre district o\u00f9 r\u00e9gnaient des abus et des scandales a chang\u00e9 compl\u00e8tement de face \u00e0 la suite d&rsquo;une visite du P. Lieou. Par sa prudence et par son z\u00e8le il est parvenu \u00e0 apaiser les querelles, les usages superstitieux ont \u00e9t\u00e9 d\u00e9racin\u00e9s, et il a pu ramener au bercail les p\u00e9cheurs les plus endurcis. \u00a0\u00bb<\/p>\n<p>Le rayonnement du vieux missionnaire se r\u00e9pand m\u00eame parmi les pa\u00efens qui \u00e9prouvent envers lui une sorte de sentiment religieux. Ils lui attribuent un pouvoir extraordinaire aupr\u00e8s du Ma\u00eetre du Ciel. Ils s&rsquo;adressent \u00e0 lui dans leurs peines, ou bien lorsque le pays est d\u00e9sol\u00e9 par quelque fl\u00e9au, afin d&rsquo;obtenir par ses pri\u00e8res la cessation de leurs maux.<\/p>\n<p>En 1863 un missionnaire, le P. Salvan, recueillant des t\u00e9moignages sur le P. Clet \u00e9crivait \u00a0\u00bb Notre v\u00e9n\u00e9rable martyr M. Clet jouissait de son vivant d&rsquo;une telle r\u00e9putation de saintet\u00e9 que chr\u00e9tiens et pa\u00efens recouraient \u00e0 lui dans les malheurs priv\u00e9s et publics. On raconte plusieurs merveilles, fruits de ses pri\u00e8res. Une fois entre autres au temps de la s\u00e9cheresse, la population d&rsquo;un hameau vint le prier d&rsquo;obtenir de la pluie. Aussit\u00f4t il envoya les chr\u00e9tiens dans l&rsquo;oratoire commun et se renferma lui-m\u00eame dans sa chambre. Il y resta au moins deux heures en pri\u00e8res, et lorsqu&rsquo;il en sortit les yeux inond\u00e9s de larmes, il dit aux chr\u00e9tiens qui attendaient sa r\u00e9ponse : Vous en aurez trop &#8230; trop&#8230; Et en effet il survint une pluie si abondante que ce fut une inondation. \u00a0\u00bb (Lettre n\u00b0 50, note 3)<\/p>\n<p>La v\u00e9n\u00e9ration populaire l&rsquo;entoure comme d&rsquo;une aur\u00e9ole surnaturelle. On raconte qu&rsquo;une fois alors qu&rsquo;il revenait d&rsquo;une exp\u00e9dition missionnaire dans une de ses chr\u00e9tient\u00e9s, une embuscade de quelques pa\u00efens l&rsquo;attendait en un endroit propice pour se saisir de lui, le d\u00e9pouiller et le d\u00e9valiser. Ceux-ci furent \u00e9pouvant\u00e9s \u00e0 la vue d&rsquo;un ph\u00e9nom\u00e8ne extraordinaire. Ils virent le vieux missionnaire environn\u00e9 de lumi\u00e8re et \u00e9lev\u00e9 de deux palmes au dessus du sol. Revenus \u00e0 eux ils lui demand\u00e8rent pardon de leur attitude et de leurs mauvaises intentions. Ce sont ces pa\u00efens eux-m\u00eames qui racont\u00e8rent par la suite le fait \u00e0 des chr\u00e9tiens.<\/p>\n<p>Une lettre de M. Lamiot qui connaissait bien le P. Clet dit \u00e0 son sujet qu&rsquo;on lui attribuait le don de lire dans les consciences, et m\u00eame ce qui semble incroyable, de deviner les p\u00e9ch\u00e9s que les chr\u00e9tiens \u00e9taient sur le point de commettre. Cette v\u00e9n\u00e9ration pour leur missionnaire fit qu&rsquo;apr\u00e8s sa mort, les chr\u00e9tiens recueillirent avec une pi\u00e9t\u00e9 toute filiale les objets qui lui avaient appartenu et qu&rsquo;ils consid\u00e9raient comme des reliques.<\/p>\n<p>Le Vicaire apostolique du Chansi, Mgr. De Madello l&rsquo;avait en grande estime et disait de lui : \u00a0\u00bb Les \u0153uvres admirables de M. Clet, sa prudence, son z\u00e8le pour le salut des \u00e2mes, n&rsquo;ont pas besoin qu&rsquo;un autre les exalte, ces qualit\u00e9s sont assez connues&#8230; Je proteste lui accorder toute mon estime. Pl\u00fbt \u00e0 Dieu que j&rsquo;eusse vingt missionnaires comme lui, toutes mes souffrances se changeraient en d\u00e9lices. Je dois ce t\u00e9moignage \u00e0 sa vertu&#8230; \u00a0\u00bb (Demimuid, Vie du V\u00e9n\u00e9rable Clet, p. 292)<\/p>\n<p>Plus de quinze ans apr\u00e8s la mort de notre martyr, Jean-Gabriel Perboyre qui \u00e9tait sur les lieux m\u00eames o\u00f9 le P. Clet avait v\u00e9cu et s&rsquo;\u00e9tait d\u00e9vou\u00e9, recueillait encore aupr\u00e8s de la population des t\u00e9moignages d&rsquo;admiration \u00e0 l&rsquo;\u00e9gard du P. Clet qu&rsquo;il consid\u00e9rait comme son mod\u00e8le. Il avait suivi le m\u00eame cheminement, bien qu&rsquo;un peu plus rapide. Il avait \u00e9t\u00e9 comme le P. Clet professeur dans un s\u00e9minaire dioc\u00e9sain, puis directeur du noviciat et enfin missionnaire en Chine. A ses s\u00e9minaristes auxquels il montrait l&rsquo;habit que portait le P. Clet au moment de son martyre, Jean-Gabriel disait : \u00a0\u00bb Voici l&rsquo;habit d&rsquo;un martyr, voici l&rsquo;habit de M. Clet, voici la corde avec laquelle il a \u00e9t\u00e9 \u00e9trangl\u00e9. Quel bonheur pour nous si nous avions un jour le m\u00eame sort !&#8230; Quelle belle fin que celle de M. Clet ! Priez Dieu que je finisse comme lui. \u00a0\u00bb<\/p>\n<p>Jean-Gabriel suivra sur les m\u00eames lieux de mission les exemples de saintet\u00e9 h\u00e9ro\u00efque et de d\u00e9vouement du P. Clet. Comme lui, il sera trahi, arr\u00eat\u00e9, tra\u00een\u00e9 de tribunal en tribunal, condamn\u00e9 \u00e0 mort, et comme lui \u00e9trangl\u00e9 sur un gibet en forme de croix, au m\u00eame lieu. Leurs tombes seront voisines au cimeti\u00e8re de la Montagne rouge en dehors des murs de la ville Ou-tchang-fou.<\/p>\n<p>L&rsquo;\u0153uvre missionnaire du P. Clet a \u00e9t\u00e9 pieusement continu\u00e9e par ses confr\u00e8res chinois, mais le v\u00e9ritable h\u00e9ritier de son action, de son esprit et de ses vertus a \u00e9t\u00e9 Jean-Gabriel Perboyre. Leur souvenir commun, sur les lieux o\u00f9 ils ont successivement travaill\u00e9, est entour\u00e9 de la m\u00eame v\u00e9n\u00e9ration, par les fid\u00e8les, selon le t\u00e9moignage de Mgr. Dong, l&rsquo;archev\u00eaque de Wuhan l&rsquo;ancienne Ou-tchang-fou capitale de ce qui \u00e9tait alors le Hou-kouang<\/p>\n<h3>Relations du P. Clet avec les sup\u00e9rieurs de P\u00e9kin<\/h3>\n<p>Pour assurer le remplacement progressif des J\u00e9suites, les premiers Lazaristes arriv\u00e8rent \u00e0 P\u00e9kin le 29 avril 1785. Ils \u00e9taient trois M.M. Raux et Ghislain, et le fr\u00e8re Paris. M. Raux fut install\u00e9 comme sup\u00e9rieur. Ils prirent possession de la paroisse du P\u00e9tang. La prudence et la bont\u00e9 de M. Raux facilit\u00e8rent beaucoup la transition entre les ex-j\u00e9suites et les Lazaristes. M. Ghislain fut charg\u00e9 par le P. Raux de former des futurs pr\u00eatres, et il s&rsquo;y employa avec succ\u00e8s. Le s\u00e9minaire qu&rsquo;il dirigea et anima fournit aux Lazaristes d&rsquo;excellentes vocations. Quinze d&rsquo;entre eux arriv\u00e8rent au sacerdoce dans la Congr\u00e9gation de la Mission et deux furent fr\u00e8res coadjuteurs. Arriv\u00e9 en 1791 \u00e0 Macao, le P. Clet, apr\u00e8s quelques mois d&rsquo;apprentissage du chinois, re\u00e7ut du P. Raux son ordre de mission, pour la province du Kiang-si.<\/p>\n<p>Il y travailla environ un an. Mais en 1792 M. Raux jugeant que la pr\u00e9sence d&rsquo;un missionnaire europ\u00e9en serait n\u00e9cessaire dans la province voisine le Hou-kouang, y envoya le P. Clet, il devait y travailler avec plusieurs jeunes confr\u00e8res chinois, car deux confr\u00e8res fran\u00e7ais \u00e9taient hors course, M. Aubin emprisonn\u00e9 et M. Pesn\u00e9 mort pr\u00e9matur\u00e9ment, d&rsquo;\u00e9puisement.<\/p>\n<p>Nous n&rsquo;avons qu&rsquo;un embryon de lettre du P. Clet au P. Raux, lettre n\u00b0 11. Il dit au P. Raux sa volont\u00e9 de demeurer ferme au milieu de ses chr\u00e9tiens.<\/p>\n<p>Malheureusement M. Raux mourut le 24 novembre 1801, d&rsquo;une attaque d&rsquo;apoplexie, regrett\u00e9 de tous et m\u00eame des infid\u00e8les dit M. Ghislain et il ajoute \u00a0\u00bb Vraiment il avait toutes les vertus et les qualit\u00e9s qu&rsquo;on peut d\u00e9sirer dans un missionnaire et dans un sup\u00e9rieur. \u00a0\u00bb<\/p>\n<p>Selon les pouvoirs qu&rsquo;il avait re\u00e7us du P\u00e8re g\u00e9n\u00e9ral, M. Raux nomma, pour lui succ\u00e9der comme sup\u00e9rieur des missions lazaristes, M. Ghislain et celui-ci remplit ce r\u00f4le de sup\u00e9rieur des lazaristes de la Mission fran\u00e7aise de Chine jusqu&rsquo;\u00e0 sa mort, survenue en 1812. Mais il continua surtout \u00e0 s&rsquo;occuper de ses s\u00e9minaristes chinois, tout en assurant des tourn\u00e9es missionnaires dans les chr\u00e9tient\u00e9s rurales de la r\u00e9gion de P\u00e9kin.<\/p>\n<p>Si nous n&rsquo;avons qu&rsquo;une lettre de M. Clet \u00e0 M. Ghislain, Lettre n\u00b0 50, nous savons par des allusions dans d&rsquo;autres lettres qu&rsquo;ils \u00e9taient n\u00e9anmoins en relations par des courriers. \u00c9crivant \u00e0 son collaborateur M. Song, le P. Clet se plaint plusieurs fois d&rsquo;\u00eatre sans nouvelles de M. Ghislain : \u00ab\u00a0Si M. Ghislain continue \u00e0 garder le silence \u00e0 notre \u00e9gard, il faudra nous r\u00e9soudre \u00e0 lui envoyer deux courriers dans la onzi\u00e8me ou douzi\u00e8me lune pour lui donner de nos nouvelles et lui demander un missionnaire et de l&rsquo;argent, &#8230;\u00a0\u00bb (Lettre n\u00b0 28)<\/p>\n<p>C&rsquo;\u00e9tait en novembre 1807. Quelques semaines plus tard il \u00e9crit encore au P. Song : \u00ab\u00a0La mission a besoin d&rsquo;argent. Il me parait bon que dans les premiers jours de la 11\u00e8me lune, nous envoyions des courriers \u00e0 la capitale si, dans le cours de la 10\u00e8me lune, nous ne recevons aucune nouvelle de M. Ghislain. Voyez ce que vous en pensez. Si vous \u00eates de cet avis, je vous prie de m&rsquo;en \u00e9crire&#8230;\u00a0\u00bb (Lettre n\u00b029)<\/p>\n<p>Enfin dans une lettre du 14 avril 1809, (Lettre n\u00b0 39) le P. Clet annonce au P. Song qu&rsquo;il a re\u00e7u des nouvelles de M. Ghislain qui lui envoie le fr\u00e8re Ouang pour \u00eatre gardien et \u00e9conome de la maison et qu&rsquo;il est porteur d&rsquo;un peu d&rsquo;argent. Il est accompagn\u00e9 d&rsquo;un la\u00efc qui pourra aider \u00e0 la mission car le P. Ghislain n&rsquo;a pas trouv\u00e9 de pr\u00eatre \u00e0 envoyer en renfort &#8230; Rien de nouveau \u00e0 P\u00e9kin : M. Ghislain n&rsquo;est pas bien portant&#8230;<\/p>\n<p>Dans une autre lettre au P. Song du 17 novembre 1809, le P. Clet dit avoir re\u00e7u des nouvelles de la capitale et il ajoute : \u00ab\u00a0M.M. Ghislain et Lamiot qui n&rsquo;ont pas le temps de vous \u00e9crire, me chargent de vous saluer amicalement de leur part.\u00a0\u00bb<\/p>\n<p>Dans la seule lettre que nous ayons du P. Clet \u00e0 son sup\u00e9rieur M. Ghislain. (Lettre n\u00b0 50), le P. Clet d\u00e9taille au P. Ghislain la r\u00e9partition qu&rsquo;il a faite de ses confr\u00e8res dans les missions dont ils sont charg\u00e9s. M. Chin ira au Kiang-si, M. Tchang est dans le Kiangnan, M. Ho entre Koutching et Hanyang et M. Dumazel restera sur place et formera 4 ou 5 \u00e9l\u00e8ves auxquels il fait faire du latin et ils seront envoy\u00e9s ensuite \u00e0 P\u00e9kin. M. Song est en mission depuis 2 ans dans le Chantsinghien&#8230; Le P. Clet profite de cette lettre pour demander \u00e0 \u00eatre d\u00e9charg\u00e9 du sup\u00e9riorat de la Mission. Il se plaint de la s\u00e9cheresse qui va obliger \u00e0 tout acheter.. Voyez si vous \u00eates assez riche pour aider notre pauvret\u00e9&#8230; Les relations du P. Clet avec le P. Ghislain ont l&rsquo;air tr\u00e8s cordiales, ce qui nous fait regretter de n&rsquo;avoir point d&rsquo;autres lettres.<\/p>\n<p>A partir de 1794, M. Ghislain fut aid\u00e9 dans son r\u00f4le de formateur de pr\u00eatres par M. Lamiot, qui lui succ\u00e9da apr\u00e8s sa mort, comme sup\u00e9rieur des lazaristes de Chine en 1812.<\/p>\n","protected":false},"excerpt":{"rendered":"<p>VII &#8211; La Vie de la Mission Une existence marqu\u00e9e par la pauvret\u00e9 A travers sa correspondance avec le P. Song, nous avons pu remarquer l&rsquo;extr\u00eame pauvret\u00e9 dans laquelle se d\u00e9bat le missionnaire. Il ne &#8230; <a href=\"https:\/\/vincentians.com\/fr\/francois-regis-clet-pretre-de-la-mission-martyr-en-chine-1748-1820-08\/\" class=\"more-link\">Read More<\/a><\/p>\n","protected":false},"author":4,"featured_media":107633,"comment_status":"open","ping_status":"open","sticky":false,"template":"","format":"standard","meta":{"jetpack_post_was_ever_published":false,"_jetpack_newsletter_access":"","_jetpack_dont_email_post_to_subs":false,"_jetpack_newsletter_tier_id":0,"_jetpack_memberships_contains_paywalled_content":false,"_jetpack_memberships_contains_paid_content":false,"footnotes":"","jetpack_publicize_message":"","jetpack_publicize_feature_enabled":true,"jetpack_social_post_already_shared":true,"jetpack_social_options":{"image_generator_settings":{"template":"highway","default_image_id":0,"font":"","enabled":false},"version":2}},"categories":[133],"tags":[],"class_list":["post-107651","post","type-post","status-publish","format-standard","has-post-thumbnail","hentry","category-francois-regis-clet"],"yoast_head":"<!-- This site is optimized with the Yoast SEO plugin v26.3 - https:\/\/yoast.com\/wordpress\/plugins\/seo\/ -->\n<title>Fran\u00e7ois-R\u00e9gis Clet : pr\u00eatre de la Mission, martyr en Chine, 1748-1820 (08) - Nous Sommes Vincentiens<\/title>\n<meta name=\"robots\" content=\"index, follow, max-snippet:-1, max-image-preview:large, max-video-preview:-1\" \/>\n<link rel=\"canonical\" href=\"https:\/\/vincentians.com\/fr\/francois-regis-clet-pretre-de-la-mission-martyr-en-chine-1748-1820-08\/\" \/>\n<meta property=\"og:locale\" content=\"fr_FR\" \/>\n<meta property=\"og:type\" content=\"article\" \/>\n<meta property=\"og:title\" content=\"Fran\u00e7ois-R\u00e9gis Clet : pr\u00eatre de la Mission, martyr en Chine, 1748-1820 (08) - Nous Sommes Vincentiens\" \/>\n<meta property=\"og:description\" content=\"VII &#8211; La Vie de la Mission Une existence marqu\u00e9e par la pauvret\u00e9 A travers sa correspondance avec le P. Song, nous avons pu remarquer l&rsquo;extr\u00eame pauvret\u00e9 dans laquelle se d\u00e9bat le missionnaire. Il ne ... Read More\" \/>\n<meta property=\"og:url\" content=\"https:\/\/vincentians.com\/fr\/francois-regis-clet-pretre-de-la-mission-martyr-en-chine-1748-1820-08\/\" \/>\n<meta property=\"og:site_name\" content=\"Nous Sommes Vincentiens\" \/>\n<meta property=\"article:publisher\" content=\"https:\/\/www.facebook.com\/WeAreVincentians\/\" \/>\n<meta property=\"article:author\" content=\"https:\/\/www.facebook.com\/JavierChento\" \/>\n<meta property=\"article:published_time\" content=\"2014-01-08T11:10:44+00:00\" \/>\n<meta name=\"author\" content=\"Francisco Javier Fern\u00e1ndez Chento\" \/>\n<meta name=\"twitter:card\" content=\"summary_large_image\" \/>\n<meta name=\"twitter:creator\" content=\"@https:\/\/twitter.com\/javierchento\" \/>\n<meta name=\"twitter:site\" content=\"@WeVincentians\" \/>\n<meta name=\"twitter:label1\" content=\"\u00c9crit par\" \/>\n\t<meta name=\"twitter:data1\" content=\"Francisco Javier Fern\u00e1ndez Chento\" \/>\n\t<meta name=\"twitter:label2\" content=\"Dur\u00e9e de lecture estim\u00e9e\" \/>\n\t<meta name=\"twitter:data2\" content=\"15 minutes\" \/>\n<script type=\"application\/ld+json\" class=\"yoast-schema-graph\">{\"@context\":\"https:\/\/schema.org\",\"@graph\":[{\"@type\":\"WebPage\",\"@id\":\"https:\/\/vincentians.com\/fr\/francois-regis-clet-pretre-de-la-mission-martyr-en-chine-1748-1820-08\/\",\"url\":\"https:\/\/vincentians.com\/fr\/francois-regis-clet-pretre-de-la-mission-martyr-en-chine-1748-1820-08\/\",\"name\":\"Fran\u00e7ois-R\u00e9gis Clet : pr\u00eatre de la Mission, martyr en Chine, 1748-1820 (08) - Nous Sommes Vincentiens\",\"isPartOf\":{\"@id\":\"https:\/\/vincentians.com\/fr\/#website\"},\"primaryImageOfPage\":{\"@id\":\"https:\/\/vincentians.com\/fr\/francois-regis-clet-pretre-de-la-mission-martyr-en-chine-1748-1820-08\/#primaryimage\"},\"image\":{\"@id\":\"https:\/\/vincentians.com\/fr\/francois-regis-clet-pretre-de-la-mission-martyr-en-chine-1748-1820-08\/#primaryimage\"},\"thumbnailUrl\":\"\",\"datePublished\":\"2014-01-08T11:10:44+00:00\",\"author\":{\"@id\":\"https:\/\/vincentians.com\/fr\/#\/schema\/person\/9623ef4d9aa3b2dfb8c061f1499288f2\"},\"breadcrumb\":{\"@id\":\"https:\/\/vincentians.com\/fr\/francois-regis-clet-pretre-de-la-mission-martyr-en-chine-1748-1820-08\/#breadcrumb\"},\"inLanguage\":\"fr-FR\",\"potentialAction\":[{\"@type\":\"ReadAction\",\"target\":[\"https:\/\/vincentians.com\/fr\/francois-regis-clet-pretre-de-la-mission-martyr-en-chine-1748-1820-08\/\"]}]},{\"@type\":\"ImageObject\",\"inLanguage\":\"fr-FR\",\"@id\":\"https:\/\/vincentians.com\/fr\/francois-regis-clet-pretre-de-la-mission-martyr-en-chine-1748-1820-08\/#primaryimage\",\"url\":\"\",\"contentUrl\":\"\"},{\"@type\":\"BreadcrumbList\",\"@id\":\"https:\/\/vincentians.com\/fr\/francois-regis-clet-pretre-de-la-mission-martyr-en-chine-1748-1820-08\/#breadcrumb\",\"itemListElement\":[{\"@type\":\"ListItem\",\"position\":1,\"name\":\"Portada\",\"item\":\"https:\/\/vincentians.com\/fr\/\"},{\"@type\":\"ListItem\",\"position\":2,\"name\":\"Fran\u00e7ois-R\u00e9gis Clet : pr\u00eatre de la Mission, martyr en Chine, 1748-1820 (08)\"}]},{\"@type\":\"WebSite\",\"@id\":\"https:\/\/vincentians.com\/fr\/#website\",\"url\":\"https:\/\/vincentians.com\/fr\/\",\"name\":\"Nous Sommes Vincentiens\",\"description\":\"Know more to serve more\",\"potentialAction\":[{\"@type\":\"SearchAction\",\"target\":{\"@type\":\"EntryPoint\",\"urlTemplate\":\"https:\/\/vincentians.com\/fr\/?s={search_term_string}\"},\"query-input\":{\"@type\":\"PropertyValueSpecification\",\"valueRequired\":true,\"valueName\":\"search_term_string\"}}],\"inLanguage\":\"fr-FR\"},{\"@type\":\"Person\",\"@id\":\"https:\/\/vincentians.com\/fr\/#\/schema\/person\/9623ef4d9aa3b2dfb8c061f1499288f2\",\"name\":\"Francisco Javier Fern\u00e1ndez Chento\",\"image\":{\"@type\":\"ImageObject\",\"inLanguage\":\"fr-FR\",\"@id\":\"https:\/\/vincentians.com\/fr\/#\/schema\/person\/image\/\",\"url\":\"https:\/\/secure.gravatar.com\/avatar\/497d5cde87b4c3d097d0315953521681ba2cd523ee66e5077c3711f7021e65de?s=96&d=mm&r=g\",\"contentUrl\":\"https:\/\/secure.gravatar.com\/avatar\/497d5cde87b4c3d097d0315953521681ba2cd523ee66e5077c3711f7021e65de?s=96&d=mm&r=g\",\"caption\":\"Francisco Javier Fern\u00e1ndez Chento\"},\"description\":\"Director General y cofundador de La Red de Formaci\u00f3n Vicenciana. Javier es laico vicenciano, afiliado a la Congregaci\u00f3n de la Misi\u00f3n y miembro del Equipo de Misiones Populares de la provincia can\u00f3nica de Zaragoza (Espa\u00f1a) de la Congregaci\u00f3n de la Misi\u00f3n. Graduado en la Universidad Oberta de Catalunya con cuatro grados (Asistente de direcci\u00f3n, Gesti\u00f3n Administrativa, Recursos Humanos y Contabilidad Avanzada). Bil\u00edng\u00fce Espa\u00f1ol\/Ingl\u00e9s. gestiona y mantiene varias p\u00e1ginas web cristianas y vicencianas, incluida including La Red de Formaci\u00f3n Vicenciana, de la que es cofundador. Actualmente es responsable del \u00e1rea de Espa\u00f1ol de .famvin, la Red de Noticias de la Familia Vicenciana. Tambi\u00e9n es m\u00fasico cat\u00f3lico y ha editado varios discos. Es Director General y cofundador de Trovador, una reconocida compa\u00f1\u00eda discogr\u00e1fica critiana de Espa\u00f1a. Trabaja en las Tecnolog\u00edas de la Informaci\u00f3n, ofreciendo servicios de alojamiento, dise\u00f1o y mantenimiento Web, as\u00ed como asesoramiento, formaci\u00f3n y soluciones inform\u00e1ticas, gesti\u00f3n documental y digitalizaci\u00f3n de textos, edici\u00f3n y maquetaci\u00f3n de libros, revistas, flyers, etc.\",\"sameAs\":[\"http:\/\/chento.org\",\"https:\/\/www.facebook.com\/JavierChento\",\"https:\/\/x.com\/https:\/\/twitter.com\/javierchento\"],\"url\":\"https:\/\/vincentians.com\/fr\/author\/chento\/\"}]}<\/script>\n<!-- \/ Yoast SEO plugin. -->","yoast_head_json":{"title":"Fran\u00e7ois-R\u00e9gis Clet : pr\u00eatre de la Mission, martyr en Chine, 1748-1820 (08) - Nous Sommes Vincentiens","robots":{"index":"index","follow":"follow","max-snippet":"max-snippet:-1","max-image-preview":"max-image-preview:large","max-video-preview":"max-video-preview:-1"},"canonical":"https:\/\/vincentians.com\/fr\/francois-regis-clet-pretre-de-la-mission-martyr-en-chine-1748-1820-08\/","og_locale":"fr_FR","og_type":"article","og_title":"Fran\u00e7ois-R\u00e9gis Clet : pr\u00eatre de la Mission, martyr en Chine, 1748-1820 (08) - Nous Sommes Vincentiens","og_description":"VII &#8211; La Vie de la Mission Une existence marqu\u00e9e par la pauvret\u00e9 A travers sa correspondance avec le P. Song, nous avons pu remarquer l&rsquo;extr\u00eame pauvret\u00e9 dans laquelle se d\u00e9bat le missionnaire. Il ne ... Read More","og_url":"https:\/\/vincentians.com\/fr\/francois-regis-clet-pretre-de-la-mission-martyr-en-chine-1748-1820-08\/","og_site_name":"Nous Sommes Vincentiens","article_publisher":"https:\/\/www.facebook.com\/WeAreVincentians\/","article_author":"https:\/\/www.facebook.com\/JavierChento","article_published_time":"2014-01-08T11:10:44+00:00","author":"Francisco Javier Fern\u00e1ndez Chento","twitter_card":"summary_large_image","twitter_creator":"@https:\/\/twitter.com\/javierchento","twitter_site":"@WeVincentians","twitter_misc":{"\u00c9crit par":"Francisco Javier Fern\u00e1ndez Chento","Dur\u00e9e de lecture estim\u00e9e":"15 minutes"},"schema":{"@context":"https:\/\/schema.org","@graph":[{"@type":"WebPage","@id":"https:\/\/vincentians.com\/fr\/francois-regis-clet-pretre-de-la-mission-martyr-en-chine-1748-1820-08\/","url":"https:\/\/vincentians.com\/fr\/francois-regis-clet-pretre-de-la-mission-martyr-en-chine-1748-1820-08\/","name":"Fran\u00e7ois-R\u00e9gis Clet : pr\u00eatre de la Mission, martyr en Chine, 1748-1820 (08) - Nous Sommes Vincentiens","isPartOf":{"@id":"https:\/\/vincentians.com\/fr\/#website"},"primaryImageOfPage":{"@id":"https:\/\/vincentians.com\/fr\/francois-regis-clet-pretre-de-la-mission-martyr-en-chine-1748-1820-08\/#primaryimage"},"image":{"@id":"https:\/\/vincentians.com\/fr\/francois-regis-clet-pretre-de-la-mission-martyr-en-chine-1748-1820-08\/#primaryimage"},"thumbnailUrl":"","datePublished":"2014-01-08T11:10:44+00:00","author":{"@id":"https:\/\/vincentians.com\/fr\/#\/schema\/person\/9623ef4d9aa3b2dfb8c061f1499288f2"},"breadcrumb":{"@id":"https:\/\/vincentians.com\/fr\/francois-regis-clet-pretre-de-la-mission-martyr-en-chine-1748-1820-08\/#breadcrumb"},"inLanguage":"fr-FR","potentialAction":[{"@type":"ReadAction","target":["https:\/\/vincentians.com\/fr\/francois-regis-clet-pretre-de-la-mission-martyr-en-chine-1748-1820-08\/"]}]},{"@type":"ImageObject","inLanguage":"fr-FR","@id":"https:\/\/vincentians.com\/fr\/francois-regis-clet-pretre-de-la-mission-martyr-en-chine-1748-1820-08\/#primaryimage","url":"","contentUrl":""},{"@type":"BreadcrumbList","@id":"https:\/\/vincentians.com\/fr\/francois-regis-clet-pretre-de-la-mission-martyr-en-chine-1748-1820-08\/#breadcrumb","itemListElement":[{"@type":"ListItem","position":1,"name":"Portada","item":"https:\/\/vincentians.com\/fr\/"},{"@type":"ListItem","position":2,"name":"Fran\u00e7ois-R\u00e9gis Clet : pr\u00eatre de la Mission, martyr en Chine, 1748-1820 (08)"}]},{"@type":"WebSite","@id":"https:\/\/vincentians.com\/fr\/#website","url":"https:\/\/vincentians.com\/fr\/","name":"Nous Sommes Vincentiens","description":"Know more to serve more","potentialAction":[{"@type":"SearchAction","target":{"@type":"EntryPoint","urlTemplate":"https:\/\/vincentians.com\/fr\/?s={search_term_string}"},"query-input":{"@type":"PropertyValueSpecification","valueRequired":true,"valueName":"search_term_string"}}],"inLanguage":"fr-FR"},{"@type":"Person","@id":"https:\/\/vincentians.com\/fr\/#\/schema\/person\/9623ef4d9aa3b2dfb8c061f1499288f2","name":"Francisco Javier Fern\u00e1ndez Chento","image":{"@type":"ImageObject","inLanguage":"fr-FR","@id":"https:\/\/vincentians.com\/fr\/#\/schema\/person\/image\/","url":"https:\/\/secure.gravatar.com\/avatar\/497d5cde87b4c3d097d0315953521681ba2cd523ee66e5077c3711f7021e65de?s=96&d=mm&r=g","contentUrl":"https:\/\/secure.gravatar.com\/avatar\/497d5cde87b4c3d097d0315953521681ba2cd523ee66e5077c3711f7021e65de?s=96&d=mm&r=g","caption":"Francisco Javier Fern\u00e1ndez Chento"},"description":"Director General y cofundador de La Red de Formaci\u00f3n Vicenciana. Javier es laico vicenciano, afiliado a la Congregaci\u00f3n de la Misi\u00f3n y miembro del Equipo de Misiones Populares de la provincia can\u00f3nica de Zaragoza (Espa\u00f1a) de la Congregaci\u00f3n de la Misi\u00f3n. Graduado en la Universidad Oberta de Catalunya con cuatro grados (Asistente de direcci\u00f3n, Gesti\u00f3n Administrativa, Recursos Humanos y Contabilidad Avanzada). Bil\u00edng\u00fce Espa\u00f1ol\/Ingl\u00e9s. gestiona y mantiene varias p\u00e1ginas web cristianas y vicencianas, incluida including La Red de Formaci\u00f3n Vicenciana, de la que es cofundador. Actualmente es responsable del \u00e1rea de Espa\u00f1ol de .famvin, la Red de Noticias de la Familia Vicenciana. Tambi\u00e9n es m\u00fasico cat\u00f3lico y ha editado varios discos. Es Director General y cofundador de Trovador, una reconocida compa\u00f1\u00eda discogr\u00e1fica critiana de Espa\u00f1a. Trabaja en las Tecnolog\u00edas de la Informaci\u00f3n, ofreciendo servicios de alojamiento, dise\u00f1o y mantenimiento Web, as\u00ed como asesoramiento, formaci\u00f3n y soluciones inform\u00e1ticas, gesti\u00f3n documental y digitalizaci\u00f3n de textos, edici\u00f3n y maquetaci\u00f3n de libros, revistas, flyers, etc.","sameAs":["http:\/\/chento.org","https:\/\/www.facebook.com\/JavierChento","https:\/\/x.com\/https:\/\/twitter.com\/javierchento"],"url":"https:\/\/vincentians.com\/fr\/author\/chento\/"}]}},"jetpack_publicize_connections":[],"jetpack_featured_media_url":"","jetpack_sharing_enabled":true,"jetpack_shortlink":"https:\/\/wp.me\/p7ETMP-s0j","jetpack-related-posts":[{"id":107635,"url":"https:\/\/vincentians.com\/fr\/francois-regis-clet-pretre-de-la-mission-martyr-en-chine-1748-1820-07\/","url_meta":{"origin":107651,"position":0},"title":"Fran\u00e7ois-R\u00e9gis Clet : pr\u00eatre de la Mission, martyr en Chine, 1748-1820 (07)","author":"Francisco Javier Fern\u00e1ndez Chento","date":"07\/01\/2014","format":false,"excerpt":"VI - La correspondance du P. Clet Les lettres de Fran\u00e7ois-R\u00e9gis \u00e0 sa s\u0153ur Nous n'avons que cinq lettres de M. Clet \u00e0 sa s\u0153ur a\u00een\u00e9e et marraine Marie-Th\u00e9r\u00e8se. Elles concernent sa candidature de missionnaire pour la Chine et son voyage. Il essaie de lui faire part de son enthousiasme.\u2026","rel":"","context":"Dans &quot;Fran\u00e7ois-R\u00e9gis Clet&quot;","block_context":{"text":"Fran\u00e7ois-R\u00e9gis Clet","link":"https:\/\/vincentians.com\/fr\/category\/francois-regis-clet\/"},"img":{"alt_text":"Vie du Bienheureux Fran\u00e7ois-R\u00e9gis Clet : pr\u00eatre de la Congr\u00e9","src":"https:\/\/i0.wp.com\/vincentiens.org\/wp-content\/uploads\/2014\/01\/regis_clet-210x300.jpg?resize=350%2C200","width":350,"height":200},"classes":[]},{"id":107655,"url":"https:\/\/vincentians.com\/fr\/francois-regis-clet-pretre-de-la-mission-martyr-en-chine-1748-1820-12\/","url_meta":{"origin":107651,"position":1},"title":"Fran\u00e7ois-R\u00e9gis Clet : pr\u00eatre de la Mission, martyr en Chine, 1748-1820 (12)","author":"Francisco Javier Fern\u00e1ndez Chento","date":"12\/01\/2014","format":false,"excerpt":"XI - L'\u00c9preuve supr\u00e9me On dit que pour les condamn\u00e9s \u00e0 mort, l'incertitude sur le jour de leur ex\u00e9cution et les d\u00e9lais d'attente sont une \u00e9preuve aussi cruelle que la mort elle-m\u00eame. Cela ne semble pas avoir \u00e9t\u00e9 le cas pour Fran\u00e7ois-R\u00e9gis. Il \u00e9tait \u00e0 peu pr\u00e8s certain de la\u2026","rel":"","context":"Dans &quot;Fran\u00e7ois-R\u00e9gis Clet&quot;","block_context":{"text":"Fran\u00e7ois-R\u00e9gis Clet","link":"https:\/\/vincentians.com\/fr\/category\/francois-regis-clet\/"},"img":{"alt_text":"Vie du Bienheureux Fran\u00e7ois-R\u00e9gis Clet : pr\u00eatre de la Congr\u00e9","src":"https:\/\/i0.wp.com\/vincentiens.org\/wp-content\/uploads\/2014\/01\/regis_clet-210x300.jpg?resize=350%2C200","width":350,"height":200},"classes":[]},{"id":107640,"url":"https:\/\/vincentians.com\/fr\/francois-regis-clet-pretre-de-la-mission-martyr-en-chine-1748-1820-06\/","url_meta":{"origin":107651,"position":2},"title":"Fran\u00e7ois-R\u00e9gis Clet : pr\u00eatre de la Mission, martyr en Chine, 1748-1820 (06)","author":"Francisco Javier Fern\u00e1ndez Chento","date":"06\/01\/2014","format":false,"excerpt":"V - La Mission au Hou-Kouang La vie de la Mission Transfert au Houkouang Au bout d'un an de travail apostolique au Kiang-si, M. Raux, le sup\u00e9rieur des Lazaristes en Chine, demande \u00e0 M. Clet d'aller dans la province voisine, le Hou-kouang, o\u00f9 se trouvent M.M. Aubin et Pesn\u00e9 dont\u2026","rel":"","context":"Dans &quot;Fran\u00e7ois-R\u00e9gis Clet&quot;","block_context":{"text":"Fran\u00e7ois-R\u00e9gis Clet","link":"https:\/\/vincentians.com\/fr\/category\/francois-regis-clet\/"},"img":{"alt_text":"Vie du Bienheureux Fran\u00e7ois-R\u00e9gis Clet : pr\u00eatre de la Congr\u00e9","src":"https:\/\/i0.wp.com\/vincentiens.org\/wp-content\/uploads\/2014\/01\/regis_clet-210x300.jpg?resize=350%2C200","width":350,"height":200},"classes":[]},{"id":107652,"url":"https:\/\/vincentians.com\/fr\/francois-regis-clet-pretre-de-la-mission-martyr-en-chine-1748-1820-15\/","url_meta":{"origin":107651,"position":3},"title":"Fran\u00e7ois-R\u00e9gis Clet : pr\u00eatre de la Mission, martyr en Chine, 1748-1820 (15)","author":"Francisco Javier Fern\u00e1ndez Chento","date":"15\/01\/2014","format":false,"excerpt":"Annexe II : Les principales dates de la vie du P. Fran\u00e7ois-R\u00e9gis Clet 1748 19 ao\u00fbt Naissance de Fran\u00e7ois R\u00e9gis \u00e0 Grenoble au n\u00b0 14 de la rue Porte-Traine 1748 23 ao\u00fbt Bapt\u00eame \u00e0 l'\u00e9glise St. Louis 1769 6 mars Entr\u00e9e dans la Congr\u00e9gation de la Mission \u00e0 Lyon 1771\u2026","rel":"","context":"Dans &quot;Fran\u00e7ois-R\u00e9gis Clet&quot;","block_context":{"text":"Fran\u00e7ois-R\u00e9gis Clet","link":"https:\/\/vincentians.com\/fr\/category\/francois-regis-clet\/"},"img":{"alt_text":"","src":"","width":0,"height":0},"classes":[]},{"id":107653,"url":"https:\/\/vincentians.com\/fr\/francois-regis-clet-pretre-de-la-mission-martyr-en-chine-1748-1820-14\/","url_meta":{"origin":107651,"position":4},"title":"Fran\u00e7ois-R\u00e9gis Clet : pr\u00eatre de la Mission, martyr en Chine, 1748-1820 (14)","author":"Francisco Javier Fern\u00e1ndez Chento","date":"14\/01\/2014","format":false,"excerpt":"Annexe I : Les grandes dates de l'histoire chr\u00e9tienne de la Chine 645 Introduction du bouddhisme en Chine par un p\u00e8lerin chinois de retour d'un p\u00e8lerinage en Inde aux sources du bouddhisme. 627-549 R\u00e8gne de l'empereur Taitsong le Grand 635 Arriv\u00e9e \u00e0 la capitale Tchan-Ngan du moine nestorien Alopen venant\u2026","rel":"","context":"Dans &quot;Fran\u00e7ois-R\u00e9gis Clet&quot;","block_context":{"text":"Fran\u00e7ois-R\u00e9gis Clet","link":"https:\/\/vincentians.com\/fr\/category\/francois-regis-clet\/"},"img":{"alt_text":"","src":"","width":0,"height":0},"classes":[]},{"id":37777,"url":"https:\/\/vincentians.com\/fr\/jusquau-bout-de-lamour-francois-regis-clet-1748-1820\/","url_meta":{"origin":107651,"position":5},"title":"\u00abJusqu\u2019au Bout De L\u2019amour&#8230;\u00bb: Fran\u00e7ois-R\u00e9gis Clet (1748-1820)","author":"Francisco Javier Fern\u00e1ndez Chento","date":"30\/12\/2012","format":false,"excerpt":"\u00c0 la decouverte de l\u2019amour 1) L\u2019enfance d\u2019une vie Grenoble \u00abla rebelle: compte pr\u00e8s de 30 000 habitants en cette ann\u00e9e 1748. La famille Clet habite la rue Porte Traine, au num\u00e9ro 14, pr\u00e8s de l\u2019atelier du n\u00e9gociant en toiles qui emploie le p\u00e8re. C\u00e9saire Clet est mari\u00e9 \u00e0 Claudine\u2026","rel":"","context":"Dans &quot;Fran\u00e7ois-R\u00e9gis Clet&quot;","block_context":{"text":"Fran\u00e7ois-R\u00e9gis Clet","link":"https:\/\/vincentians.com\/fr\/category\/francois-regis-clet\/"},"img":{"alt_text":"Fran\u00e7ois-R\u00e9gis Clet","src":"https:\/\/i0.wp.com\/vincentiens.org\/wp-content\/uploads\/2012\/12\/Fco_Regis_Clet-163x300.jpg?resize=350%2C200","width":350,"height":200},"classes":[]}],"_links":{"self":[{"href":"https:\/\/vincentians.com\/fr\/wp-json\/wp\/v2\/posts\/107651","targetHints":{"allow":["GET"]}}],"collection":[{"href":"https:\/\/vincentians.com\/fr\/wp-json\/wp\/v2\/posts"}],"about":[{"href":"https:\/\/vincentians.com\/fr\/wp-json\/wp\/v2\/types\/post"}],"author":[{"embeddable":true,"href":"https:\/\/vincentians.com\/fr\/wp-json\/wp\/v2\/users\/4"}],"replies":[{"embeddable":true,"href":"https:\/\/vincentians.com\/fr\/wp-json\/wp\/v2\/comments?post=107651"}],"version-history":[{"count":0,"href":"https:\/\/vincentians.com\/fr\/wp-json\/wp\/v2\/posts\/107651\/revisions"}],"wp:featuredmedia":[{"embeddable":true,"href":"https:\/\/vincentians.com\/fr\/wp-json\/"}],"wp:attachment":[{"href":"https:\/\/vincentians.com\/fr\/wp-json\/wp\/v2\/media?parent=107651"}],"wp:term":[{"taxonomy":"category","embeddable":true,"href":"https:\/\/vincentians.com\/fr\/wp-json\/wp\/v2\/categories?post=107651"},{"taxonomy":"post_tag","embeddable":true,"href":"https:\/\/vincentians.com\/fr\/wp-json\/wp\/v2\/tags?post=107651"}],"curies":[{"name":"wp","href":"https:\/\/api.w.org\/{rel}","templated":true}]}}