{"id":107640,"date":"2014-01-06T12:05:44","date_gmt":"2014-01-06T11:05:44","guid":{"rendered":"http:\/\/vincentiens.org\/?p=107640"},"modified":"2014-01-06T12:05:44","modified_gmt":"2014-01-06T11:05:44","slug":"francois-regis-clet-pretre-de-la-mission-martyr-en-chine-1748-1820-06","status":"publish","type":"post","link":"https:\/\/vincentians.com\/fr\/francois-regis-clet-pretre-de-la-mission-martyr-en-chine-1748-1820-06\/","title":{"rendered":"Fran\u00e7ois-R\u00e9gis Clet : pr\u00eatre de la Mission, martyr en Chine, 1748-1820 (06)"},"content":{"rendered":"<h2>V &#8211; La Mission au Hou-Kouang<\/h2>\n<h3>La vie de la Mission<\/h3>\n<h4>Transfert au Houkouang<\/h4>\n<p><a href=\"https:\/\/i0.wp.com\/vincentiens.org\/wp-content\/uploads\/2014\/01\/regis_clet.jpg\"><img data-recalc-dims=\"1\" loading=\"lazy\" decoding=\"async\" class=\"alignright size-medium wp-image-107633\" alt=\"Vie du Bienheureux Fran\u00e7ois-R\u00e9gis Clet : pr\u00eatre de la Congr\u00e9\" src=\"https:\/\/i0.wp.com\/vincentiens.org\/wp-content\/uploads\/2014\/01\/regis_clet-210x300.jpg?resize=210%2C300\" width=\"210\" height=\"300\" \/><\/a>Au bout d&rsquo;un an de travail apostolique au Kiang-si, M. Raux, le sup\u00e9rieur des Lazaristes en Chine, demande \u00e0 M. Clet d&rsquo;aller dans la province voisine, le Hou-kouang, o\u00f9 se trouvent M.M. Aubin et Pesn\u00e9 dont la sant\u00e9 est bien \u00e9prouv\u00e9e. Cette province du Hou-kouang est immense, elle a la r\u00e9putation d&rsquo;\u00eatre le grenier de l&#8217;empire. Elle sera partag\u00e9e en deux en 1818 avec au nord le Houp\u00e9, et au sud le Hounan.<\/p>\n<p>La r\u00e9sidence centrale des missionnaires se trouve non loin de Kou-tcheng, ainsi que Fran\u00e7ois-R\u00e9gis l&rsquo;\u00e9crit \u00e0 son fr\u00e8re : \u00ab\u00a0Je me suis rendu dans la partie septentrionale du Hou-kouang, pays montagneux o\u00f9 j&rsquo;ai autour de moi \u00e0 une petite distance plus de 2000 chr\u00e9tiens. Ici les conversions des pa\u00efens sont rares, t\u00e9moins du scandale de quelques mauvais chr\u00e9tiens, ils refusent de s&rsquo;instruire d&rsquo;une religion si mal pratiqu\u00e9e.\u00a0\u00bb (Lettre n\u00b0 12)<\/p>\n<p>Cette r\u00e9sidence sera aussi, 40 ans plus tard, celle de Jean-Gabriel Perboyre.<\/p>\n<h4>Les jeunes confr\u00e8res fran\u00e7ais de M. Clet<\/h4>\n<p>Ces deux missionnaires vont finir pr\u00e9matur\u00e9ment. L&rsquo;un, M. Aubin, parti en voyage, appel\u00e9 par l&rsquo;\u00e9v\u00eaque du Chensi dont il d\u00e9pendait, sera arr\u00eat\u00e9 et mourra en prison \u00e0 la suite, croit-on, d&rsquo;un empoisonnement. L&rsquo;autre jeune confr\u00e8re, M. Pesn\u00e9, va mourir d&rsquo;\u00e9puisement \u00e0 29 ans, si bien que le P. Clet va rapidement se retrouver seul pour un territoire immense.<\/p>\n<p>Dans la m\u00eame lettre n\u00b0 12 \u00e0 son fr\u00e8re, il d\u00e9crit son champ d&rsquo;action : \u00ab\u00a0A pr\u00e9sent ma demeure la plus habituelle est entre des montagnes qui, dans un arrondissement de 7 \u00e0 8 lieues, renferment plus de deux mille chr\u00e9tiens, divis\u00e9s en plus de vingt districts qu&rsquo;on administre successivement. Mais en outre, il y a un grand nombre de chr\u00e9tient\u00e9s \u00e9loign\u00e9es de 20, 40, ou 50 lieues qu&rsquo;il faut aussi visiter. En me supposant seul comme je le suis en effet depuis 3 ans, j&rsquo;ai \u00e0 parcourir un espace de 200 lieues qui ne renferme toutefois que dix mille chr\u00e9tiens \u00e0 peu pr\u00e8s. Deux confr\u00e8res europ\u00e9ens morts presque en m\u00eame temps, l&rsquo;un en prison, l&rsquo;autre sous mes yeux, m&rsquo;ont laiss\u00e9 \u00e0 d\u00e9fricher ou cultiver un si vaste champ.\u00a0\u00bb<\/p>\n<h4>La secte du N\u00e9nuphar blanc<\/h4>\n<p>Mais l&rsquo;activit\u00e9 et les d\u00e9placements de notre missionnaire sont tr\u00e8s g\u00ean\u00e9s par les d\u00e9pr\u00e9dations d&rsquo;une secte en r\u00e9volte contre le pouvoir imp\u00e9rial tartare. C&rsquo;est la secte du N\u00e9nuphar blanc, lointaine h\u00e9riti\u00e8re de la secte multis\u00e9culaire des Bonnets jaunes. Ses adeptes sont en r\u00e9volte continuelle contre l&#8217;empire. Leurs bandes pillent incendient et massacrent sur leur passage ceux qui pr\u00e9tendent leur r\u00e9sister. Leurs all\u00e9es et venues g\u00eanent beaucoup notre missionnaire dans son action : \u00ab\u00a0Depuis deux ans et demi, je ne puis faire des excursions au loin, \u00e0 cause d&rsquo;une guerre civile dont ma province a \u00e9t\u00e9 et est encore un des principaux th\u00e9\u00e2tres. Les r\u00e9volt\u00e9s forment une secte infiniment nombreuse &#8230; Ces rebelles br\u00fblent tous les lieux par o\u00f9 ils passent et massacrent tous ceux qui ne veulent pas prendre parti avec eux. Ils se sont assez approch\u00e9s de nos montagnes pour nous jeter dans les plus vives alarmes. Ils n&rsquo;ont jamais \u00e9t\u00e9 plus proches de nous que de 5 \u00e0 6 lieues, mais certes c&rsquo;est bien assez&#8230;\u00a0\u00bb (Lettre n\u00b0 12)<\/p>\n<p>Il arriva une fois que les rebelles pill\u00e8rent la r\u00e9sidence du P. Clet, et s&rsquo;attard\u00e8rent \u00e0 boire son vin, si bien qu&rsquo;ils ne trouv\u00e8rent pas le missionnaire qui s&rsquo;\u00e9tait cach\u00e9. Les rebelles, appel\u00e9s du nom chinois de Pei-lin-kiao, marchent en troupes de huit \u00e0 dix mille, mais les chinois ont fortifi\u00e9 des camps pour se d\u00e9fendre de ces pillards. Ils s&rsquo;y r\u00e9fugient en cas de danger et ils en descendent quand l&rsquo;orage est pass\u00e9. Les r\u00e9volt\u00e9s ont m\u00eame p\u00e9n\u00e9tr\u00e9 dans la ville de P\u00e9kin mais \u00e0 cause de leur indiscipline ils furent battus, leurs chefs pris et d\u00e9capit\u00e9s.<\/p>\n<p>Mais on a parfois lanc\u00e9 le faux bruit que les chr\u00e9tiens avaient partie li\u00e9e avec les rebelles, le P. Clet dans une lettre au P. Letondal \u00e0 Macao d\u00e9crit cet incident : \u00ab\u00a0Dans mon canton, nous venons d&rsquo;\u00eatre menac\u00e9s d&rsquo;une pers\u00e9cution. Quelques infid\u00e8les ont malignement r\u00e9pandu le bruit que les chr\u00e9tiens, \u00e0 telle \u00e9poque fixe, l\u00e8veraient l&rsquo;\u00e9tendard de la r\u00e9volte. Cette calomnie, de la plus grande absurdit\u00e9, eu \u00e9gard au petit nombre des chr\u00e9tiens relativement \u00e0 celui des pa\u00efens, prend toutefois cr\u00e9ance et excite de grandes rumeurs. Le mandarin du lieu appelle des chr\u00e9tiens qui r\u00e9pondent qu&rsquo;\u00e9tant en si petit nombre, il y aurait pour eux de la folie \u00e0 se r\u00e9volter. Trois calomniateurs d\u00e9montr\u00e9s tels, sont saisis et punis de mort comme perturbateurs du repos public. L&rsquo;affaire a \u00e9t\u00e9 ainsi termin\u00e9e sans m\u00eame emprisonnement des chr\u00e9tiens.\u00a0\u00bb (Lettre n\u00b0 15)<\/p>\n<h4>Le surmenage du missionnaire<\/h4>\n<p>M. Clet est en temps ordinaire suroccup\u00e9. Il dit lui m\u00eame : \u00ab\u00a0Comme je ne suis pas rev\u00eatu de l&rsquo;esprit d&rsquo;oraison, je n&rsquo;attire pas les b\u00e9n\u00e9dictions du ciel sur mon minist\u00e8re. Ma grande occupation est de confesser, ordinairement neuf \u00e0 dix heures par jour, \u00e0 moins que je ne sois oblig\u00e9 d&rsquo;aller administrer les sacrements ce qui est fr\u00e9quent.\u00a0\u00bb (Lettre n\u00b0 12)<\/p>\n<p>Son sup\u00e9rieur de P\u00e9kin, M. Raux, l&rsquo;invite \u00e0 temp\u00e9rer son z\u00e8le, il dit de lui : \u00a0\u00bb Ses chr\u00e9tiens ne lui donnent aucun repos, il arrive tr\u00e8s souvent qu&rsquo;apr\u00e8s avoir \u00e9t\u00e9 bien fatigu\u00e9 dans la journ\u00e9e, on vient le soir l&rsquo;inviter \u00e0 aller \u00e0 deux ou trois lieues et au del\u00e0 pour assister des malades. Son z\u00e8le aussi infatigable que timide craint toujours de ne pas arriver \u00e0 temps&#8230; Je lui disais dans une lettre que le bien g\u00e9n\u00e9ral de la mission demandait qu&rsquo;il mit des bornes \u00e0 son z\u00e8le&#8230; \u00a0\u00bb<\/p>\n<p>Le P. Clet n&rsquo;est d&rsquo;ailleurs pas d&rsquo;une sant\u00e9 tr\u00e8s solide, il \u00e9crit \u00e0 M. Letondal \u00e0 Macao : \u00ab\u00a0Je sors d&rsquo;une maladie qui m&rsquo;a conduit assez pr\u00e8s de la mort. Une fi\u00e8vre parodique de deux jours l&rsquo;un et l&rsquo;hydropisie compliqu\u00e9es concouraient \u00e0 me tracer la route du tombeau. A pr\u00e9sent gr\u00e2ce \u00e0 Dieu, je suis convalescent. Mais je suis bien faible et je ne puis faire que quelques pas, apr\u00e8s lesquels je suis tout harass\u00e9&#8230;\u00a0\u00bb (Lettre n\u00b0 10)<\/p>\n<h4>Les collaborateurs chinois de M. Clet<\/h4>\n<p>Les jeunes missionnaires M.M. Aubin et Pesn\u00e9 \u00e9taient morts en 1795, le P. Clet se retrouva seul. Il demanda du secours \u00e0 M. Raux \u00e0 P\u00e9kin, mais celui-ci sachant les troubles provoqu\u00e9s par la r\u00e9bellion au Hou-kouang, n&rsquo;osa envoyer personne pour le moment. Au cours de l&rsquo;ann\u00e9e 1798, le P. Clet lui adresse deux courriers pour lui dire la d\u00e9tresse dans laquelle se trouve la mission. (Lettre n\u00b0 13) Les confr\u00e8res chinois envoy\u00e9s en renfort au Hou-kouang ont \u00e9t\u00e9 form\u00e9s \u00e0 P\u00e9kin par le P. Ghislain, compagnon du sup\u00e9rieur des missionnaires, M. Raux.<\/p>\n<p>En 1795, M. Raux avait envoy\u00e9 en renfort au P. Clet un confr\u00e8re de 40 ans, M. Joseph Ly, un converti d&rsquo;origine musulmane. Il vient d\u00e9charger le P. Clet du souci de la mission au Kiang-si o\u00f9 il alla s&rsquo;\u00e9tablir. Il mourut en 1827.<\/p>\n<p>En 1799, arriva M. Jean Tchang qui avait 30 ans. Il \u00e9tait n\u00e9 \u00e0 P\u00e9kin de parents chr\u00e9tiens. A partir de 1807, il alla au Kiang-si et au Kiangnan et il visitait de temps en temps les chr\u00e9tient\u00e9s du Tch\u00e9kiang.<\/p>\n<p>En 1800, ce fut Juventin Tchang qui malheureusement mourut pr\u00e9matur\u00e9ment en 1803, assist\u00e9 par M. Clet.<\/p>\n<p>En 1804, apr\u00e8s la mort du P. Juventin Tchang, arriva au Hou-kouang Paul Song qui avait 30 ans. Il collabora avec M. Clet pendant seize ann\u00e9es, c&rsquo;est-\u00e0-dire jusqu&rsquo;en 1820. Il fut arr\u00eat\u00e9 en 1852 et mourut en 1854. Ce confr\u00e8re exer\u00e7a parfois la patience de M. Clet.<\/p>\n<p>En 1808, M. Clet eut le renfort d&rsquo;un jeune pr\u00eatre de 27 ans natif de P\u00e9kin le P. Ignace Ho . Il \u00e9tait tr\u00e8s pieux et fut la consolation du P. Clet. Apr\u00e8s la mort de M. Clet, il jugea prudent de changer son nom et s&rsquo;appela Tong. Arr\u00eat\u00e9 en 1830, il fut exil\u00e9 au Turkestan avec son cat\u00e9chiste, avec lequel il ouvrit, pour vivre, une pharmacie. Il s&rsquo;occupa des chr\u00e9tiens en exil et mourut en 1844.<\/p>\n<p>En m\u00eame temps que le P. Ho, arriva en 1808 Fran\u00e7ois Tchen. Il fut le compagnon de prison du P. Clet et fut exil\u00e9 lui aussi au Turkestan et mourut en 1825 massacr\u00e9 par les rebelles musulmans avec les habitants de la ville de son exil.<\/p>\n<p>M. Antoine Tcheng, arriv\u00e9 en 1809 au Hou-kouang y missionna quelque temps puis fut envoy\u00e9 au Kiang-si o\u00f9 il mourut en 1835.<\/p>\n<p>M. Stanislas Ngang, natif du Houp\u00e9, et envoy\u00e9 dans sa province d&rsquo;origine, il y travailla d\u00e8s 1817, il mourut en 1849. Il admirait les vertus de M. Clet et il lui succ\u00e9da dans l&rsquo;administration de la mission. M. Rameaux, arriv\u00e9 dans cette mission en 1832, dira de lui qu&rsquo;il avait tous les dons du Saint Esprit.<\/p>\n<p>Le P. Clet a donc re\u00e7u de 1795 \u00e0 1820 le renfort de huit lazaristes chinois. Mais il aura recours aussi aux services d&rsquo;une Fr\u00e8re, qui \u00e9tait procureur de la mission de P\u00e9kin, le fr\u00e8re Paul Wang qui s&rsquo;occupait aussi des int\u00e9r\u00eats de la mission du Hou-kouang, ne plaignant jamais sa peine en de longs et fatigants voyages.<\/p>\n<p>Le P. Clet, dans ses lettres, a l&rsquo;occasion de parler des uns et des autres et l&rsquo;on voit qu&rsquo;il estime leur collaboration tr\u00e8s pr\u00e9cieuse.<\/p>\n","protected":false},"excerpt":{"rendered":"<p>V &#8211; La Mission au Hou-Kouang La vie de la Mission Transfert au Houkouang Au bout d&rsquo;un an de travail apostolique au Kiang-si, M. Raux, le sup\u00e9rieur des Lazaristes en Chine, demande \u00e0 M. Clet &#8230; <a href=\"https:\/\/vincentians.com\/fr\/francois-regis-clet-pretre-de-la-mission-martyr-en-chine-1748-1820-06\/\" class=\"more-link\">Read More<\/a><\/p>\n","protected":false},"author":4,"featured_media":107633,"comment_status":"open","ping_status":"open","sticky":false,"template":"","format":"standard","meta":{"jetpack_post_was_ever_published":false,"_jetpack_newsletter_access":"","_jetpack_dont_email_post_to_subs":false,"_jetpack_newsletter_tier_id":0,"_jetpack_memberships_contains_paywalled_content":false,"_jetpack_memberships_contains_paid_content":false,"footnotes":"","jetpack_publicize_message":"","jetpack_publicize_feature_enabled":true,"jetpack_social_post_already_shared":true,"jetpack_social_options":{"image_generator_settings":{"template":"highway","default_image_id":0,"font":"","enabled":false},"version":2}},"categories":[133],"tags":[],"class_list":["post-107640","post","type-post","status-publish","format-standard","has-post-thumbnail","hentry","category-francois-regis-clet"],"yoast_head":"<!-- This site is optimized with the Yoast SEO plugin v26.3 - https:\/\/yoast.com\/wordpress\/plugins\/seo\/ -->\n<title>Fran\u00e7ois-R\u00e9gis Clet : pr\u00eatre de la Mission, martyr en Chine, 1748-1820 (06) - Nous Sommes Vincentiens<\/title>\n<meta name=\"robots\" content=\"index, follow, max-snippet:-1, max-image-preview:large, max-video-preview:-1\" \/>\n<link rel=\"canonical\" href=\"https:\/\/vincentians.com\/fr\/francois-regis-clet-pretre-de-la-mission-martyr-en-chine-1748-1820-06\/\" \/>\n<meta property=\"og:locale\" content=\"fr_FR\" \/>\n<meta property=\"og:type\" content=\"article\" \/>\n<meta property=\"og:title\" content=\"Fran\u00e7ois-R\u00e9gis Clet : pr\u00eatre de la Mission, martyr en Chine, 1748-1820 (06) - Nous Sommes Vincentiens\" \/>\n<meta property=\"og:description\" content=\"V &#8211; La Mission au Hou-Kouang La vie de la Mission Transfert au Houkouang Au bout d&rsquo;un an de travail apostolique au Kiang-si, M. Raux, le sup\u00e9rieur des Lazaristes en Chine, demande \u00e0 M. Clet ... Read More\" \/>\n<meta property=\"og:url\" content=\"https:\/\/vincentians.com\/fr\/francois-regis-clet-pretre-de-la-mission-martyr-en-chine-1748-1820-06\/\" \/>\n<meta property=\"og:site_name\" content=\"Nous Sommes Vincentiens\" \/>\n<meta property=\"article:publisher\" content=\"https:\/\/www.facebook.com\/WeAreVincentians\/\" \/>\n<meta property=\"article:author\" content=\"https:\/\/www.facebook.com\/JavierChento\" \/>\n<meta property=\"article:published_time\" content=\"2014-01-06T11:05:44+00:00\" \/>\n<meta name=\"author\" content=\"Francisco Javier Fern\u00e1ndez Chento\" \/>\n<meta name=\"twitter:card\" content=\"summary_large_image\" \/>\n<meta name=\"twitter:creator\" content=\"@https:\/\/twitter.com\/javierchento\" \/>\n<meta name=\"twitter:site\" content=\"@WeVincentians\" \/>\n<meta name=\"twitter:label1\" content=\"\u00c9crit par\" \/>\n\t<meta name=\"twitter:data1\" content=\"Francisco Javier Fern\u00e1ndez Chento\" \/>\n\t<meta name=\"twitter:label2\" content=\"Dur\u00e9e de lecture estim\u00e9e\" \/>\n\t<meta name=\"twitter:data2\" content=\"8 minutes\" \/>\n<script type=\"application\/ld+json\" class=\"yoast-schema-graph\">{\"@context\":\"https:\/\/schema.org\",\"@graph\":[{\"@type\":\"WebPage\",\"@id\":\"https:\/\/vincentians.com\/fr\/francois-regis-clet-pretre-de-la-mission-martyr-en-chine-1748-1820-06\/\",\"url\":\"https:\/\/vincentians.com\/fr\/francois-regis-clet-pretre-de-la-mission-martyr-en-chine-1748-1820-06\/\",\"name\":\"Fran\u00e7ois-R\u00e9gis Clet : pr\u00eatre de la Mission, martyr en Chine, 1748-1820 (06) - Nous Sommes Vincentiens\",\"isPartOf\":{\"@id\":\"https:\/\/vincentians.com\/fr\/#website\"},\"primaryImageOfPage\":{\"@id\":\"https:\/\/vincentians.com\/fr\/francois-regis-clet-pretre-de-la-mission-martyr-en-chine-1748-1820-06\/#primaryimage\"},\"image\":{\"@id\":\"https:\/\/vincentians.com\/fr\/francois-regis-clet-pretre-de-la-mission-martyr-en-chine-1748-1820-06\/#primaryimage\"},\"thumbnailUrl\":\"\",\"datePublished\":\"2014-01-06T11:05:44+00:00\",\"author\":{\"@id\":\"https:\/\/vincentians.com\/fr\/#\/schema\/person\/9623ef4d9aa3b2dfb8c061f1499288f2\"},\"breadcrumb\":{\"@id\":\"https:\/\/vincentians.com\/fr\/francois-regis-clet-pretre-de-la-mission-martyr-en-chine-1748-1820-06\/#breadcrumb\"},\"inLanguage\":\"fr-FR\",\"potentialAction\":[{\"@type\":\"ReadAction\",\"target\":[\"https:\/\/vincentians.com\/fr\/francois-regis-clet-pretre-de-la-mission-martyr-en-chine-1748-1820-06\/\"]}]},{\"@type\":\"ImageObject\",\"inLanguage\":\"fr-FR\",\"@id\":\"https:\/\/vincentians.com\/fr\/francois-regis-clet-pretre-de-la-mission-martyr-en-chine-1748-1820-06\/#primaryimage\",\"url\":\"\",\"contentUrl\":\"\"},{\"@type\":\"BreadcrumbList\",\"@id\":\"https:\/\/vincentians.com\/fr\/francois-regis-clet-pretre-de-la-mission-martyr-en-chine-1748-1820-06\/#breadcrumb\",\"itemListElement\":[{\"@type\":\"ListItem\",\"position\":1,\"name\":\"Portada\",\"item\":\"https:\/\/vincentians.com\/fr\/\"},{\"@type\":\"ListItem\",\"position\":2,\"name\":\"Fran\u00e7ois-R\u00e9gis Clet : pr\u00eatre de la Mission, martyr en Chine, 1748-1820 (06)\"}]},{\"@type\":\"WebSite\",\"@id\":\"https:\/\/vincentians.com\/fr\/#website\",\"url\":\"https:\/\/vincentians.com\/fr\/\",\"name\":\"Nous Sommes Vincentiens\",\"description\":\"Know more to serve more\",\"potentialAction\":[{\"@type\":\"SearchAction\",\"target\":{\"@type\":\"EntryPoint\",\"urlTemplate\":\"https:\/\/vincentians.com\/fr\/?s={search_term_string}\"},\"query-input\":{\"@type\":\"PropertyValueSpecification\",\"valueRequired\":true,\"valueName\":\"search_term_string\"}}],\"inLanguage\":\"fr-FR\"},{\"@type\":\"Person\",\"@id\":\"https:\/\/vincentians.com\/fr\/#\/schema\/person\/9623ef4d9aa3b2dfb8c061f1499288f2\",\"name\":\"Francisco Javier Fern\u00e1ndez Chento\",\"image\":{\"@type\":\"ImageObject\",\"inLanguage\":\"fr-FR\",\"@id\":\"https:\/\/vincentians.com\/fr\/#\/schema\/person\/image\/\",\"url\":\"https:\/\/secure.gravatar.com\/avatar\/497d5cde87b4c3d097d0315953521681ba2cd523ee66e5077c3711f7021e65de?s=96&d=mm&r=g\",\"contentUrl\":\"https:\/\/secure.gravatar.com\/avatar\/497d5cde87b4c3d097d0315953521681ba2cd523ee66e5077c3711f7021e65de?s=96&d=mm&r=g\",\"caption\":\"Francisco Javier Fern\u00e1ndez Chento\"},\"description\":\"Director General y cofundador de La Red de Formaci\u00f3n Vicenciana. Javier es laico vicenciano, afiliado a la Congregaci\u00f3n de la Misi\u00f3n y miembro del Equipo de Misiones Populares de la provincia can\u00f3nica de Zaragoza (Espa\u00f1a) de la Congregaci\u00f3n de la Misi\u00f3n. Graduado en la Universidad Oberta de Catalunya con cuatro grados (Asistente de direcci\u00f3n, Gesti\u00f3n Administrativa, Recursos Humanos y Contabilidad Avanzada). Bil\u00edng\u00fce Espa\u00f1ol\/Ingl\u00e9s. gestiona y mantiene varias p\u00e1ginas web cristianas y vicencianas, incluida including La Red de Formaci\u00f3n Vicenciana, de la que es cofundador. Actualmente es responsable del \u00e1rea de Espa\u00f1ol de .famvin, la Red de Noticias de la Familia Vicenciana. Tambi\u00e9n es m\u00fasico cat\u00f3lico y ha editado varios discos. Es Director General y cofundador de Trovador, una reconocida compa\u00f1\u00eda discogr\u00e1fica critiana de Espa\u00f1a. Trabaja en las Tecnolog\u00edas de la Informaci\u00f3n, ofreciendo servicios de alojamiento, dise\u00f1o y mantenimiento Web, as\u00ed como asesoramiento, formaci\u00f3n y soluciones inform\u00e1ticas, gesti\u00f3n documental y digitalizaci\u00f3n de textos, edici\u00f3n y maquetaci\u00f3n de libros, revistas, flyers, etc.\",\"sameAs\":[\"http:\/\/chento.org\",\"https:\/\/www.facebook.com\/JavierChento\",\"https:\/\/x.com\/https:\/\/twitter.com\/javierchento\"],\"url\":\"https:\/\/vincentians.com\/fr\/author\/chento\/\"}]}<\/script>\n<!-- \/ Yoast SEO plugin. -->","yoast_head_json":{"title":"Fran\u00e7ois-R\u00e9gis Clet : pr\u00eatre de la Mission, martyr en Chine, 1748-1820 (06) - Nous Sommes Vincentiens","robots":{"index":"index","follow":"follow","max-snippet":"max-snippet:-1","max-image-preview":"max-image-preview:large","max-video-preview":"max-video-preview:-1"},"canonical":"https:\/\/vincentians.com\/fr\/francois-regis-clet-pretre-de-la-mission-martyr-en-chine-1748-1820-06\/","og_locale":"fr_FR","og_type":"article","og_title":"Fran\u00e7ois-R\u00e9gis Clet : pr\u00eatre de la Mission, martyr en Chine, 1748-1820 (06) - Nous Sommes Vincentiens","og_description":"V &#8211; La Mission au Hou-Kouang La vie de la Mission Transfert au Houkouang Au bout d&rsquo;un an de travail apostolique au Kiang-si, M. Raux, le sup\u00e9rieur des Lazaristes en Chine, demande \u00e0 M. Clet ... Read More","og_url":"https:\/\/vincentians.com\/fr\/francois-regis-clet-pretre-de-la-mission-martyr-en-chine-1748-1820-06\/","og_site_name":"Nous Sommes Vincentiens","article_publisher":"https:\/\/www.facebook.com\/WeAreVincentians\/","article_author":"https:\/\/www.facebook.com\/JavierChento","article_published_time":"2014-01-06T11:05:44+00:00","author":"Francisco Javier Fern\u00e1ndez Chento","twitter_card":"summary_large_image","twitter_creator":"@https:\/\/twitter.com\/javierchento","twitter_site":"@WeVincentians","twitter_misc":{"\u00c9crit par":"Francisco Javier Fern\u00e1ndez Chento","Dur\u00e9e de lecture estim\u00e9e":"8 minutes"},"schema":{"@context":"https:\/\/schema.org","@graph":[{"@type":"WebPage","@id":"https:\/\/vincentians.com\/fr\/francois-regis-clet-pretre-de-la-mission-martyr-en-chine-1748-1820-06\/","url":"https:\/\/vincentians.com\/fr\/francois-regis-clet-pretre-de-la-mission-martyr-en-chine-1748-1820-06\/","name":"Fran\u00e7ois-R\u00e9gis Clet : pr\u00eatre de la Mission, martyr en Chine, 1748-1820 (06) - Nous Sommes Vincentiens","isPartOf":{"@id":"https:\/\/vincentians.com\/fr\/#website"},"primaryImageOfPage":{"@id":"https:\/\/vincentians.com\/fr\/francois-regis-clet-pretre-de-la-mission-martyr-en-chine-1748-1820-06\/#primaryimage"},"image":{"@id":"https:\/\/vincentians.com\/fr\/francois-regis-clet-pretre-de-la-mission-martyr-en-chine-1748-1820-06\/#primaryimage"},"thumbnailUrl":"","datePublished":"2014-01-06T11:05:44+00:00","author":{"@id":"https:\/\/vincentians.com\/fr\/#\/schema\/person\/9623ef4d9aa3b2dfb8c061f1499288f2"},"breadcrumb":{"@id":"https:\/\/vincentians.com\/fr\/francois-regis-clet-pretre-de-la-mission-martyr-en-chine-1748-1820-06\/#breadcrumb"},"inLanguage":"fr-FR","potentialAction":[{"@type":"ReadAction","target":["https:\/\/vincentians.com\/fr\/francois-regis-clet-pretre-de-la-mission-martyr-en-chine-1748-1820-06\/"]}]},{"@type":"ImageObject","inLanguage":"fr-FR","@id":"https:\/\/vincentians.com\/fr\/francois-regis-clet-pretre-de-la-mission-martyr-en-chine-1748-1820-06\/#primaryimage","url":"","contentUrl":""},{"@type":"BreadcrumbList","@id":"https:\/\/vincentians.com\/fr\/francois-regis-clet-pretre-de-la-mission-martyr-en-chine-1748-1820-06\/#breadcrumb","itemListElement":[{"@type":"ListItem","position":1,"name":"Portada","item":"https:\/\/vincentians.com\/fr\/"},{"@type":"ListItem","position":2,"name":"Fran\u00e7ois-R\u00e9gis Clet : pr\u00eatre de la Mission, martyr en Chine, 1748-1820 (06)"}]},{"@type":"WebSite","@id":"https:\/\/vincentians.com\/fr\/#website","url":"https:\/\/vincentians.com\/fr\/","name":"Nous Sommes Vincentiens","description":"Know more to serve more","potentialAction":[{"@type":"SearchAction","target":{"@type":"EntryPoint","urlTemplate":"https:\/\/vincentians.com\/fr\/?s={search_term_string}"},"query-input":{"@type":"PropertyValueSpecification","valueRequired":true,"valueName":"search_term_string"}}],"inLanguage":"fr-FR"},{"@type":"Person","@id":"https:\/\/vincentians.com\/fr\/#\/schema\/person\/9623ef4d9aa3b2dfb8c061f1499288f2","name":"Francisco Javier Fern\u00e1ndez Chento","image":{"@type":"ImageObject","inLanguage":"fr-FR","@id":"https:\/\/vincentians.com\/fr\/#\/schema\/person\/image\/","url":"https:\/\/secure.gravatar.com\/avatar\/497d5cde87b4c3d097d0315953521681ba2cd523ee66e5077c3711f7021e65de?s=96&d=mm&r=g","contentUrl":"https:\/\/secure.gravatar.com\/avatar\/497d5cde87b4c3d097d0315953521681ba2cd523ee66e5077c3711f7021e65de?s=96&d=mm&r=g","caption":"Francisco Javier Fern\u00e1ndez Chento"},"description":"Director General y cofundador de La Red de Formaci\u00f3n Vicenciana. Javier es laico vicenciano, afiliado a la Congregaci\u00f3n de la Misi\u00f3n y miembro del Equipo de Misiones Populares de la provincia can\u00f3nica de Zaragoza (Espa\u00f1a) de la Congregaci\u00f3n de la Misi\u00f3n. Graduado en la Universidad Oberta de Catalunya con cuatro grados (Asistente de direcci\u00f3n, Gesti\u00f3n Administrativa, Recursos Humanos y Contabilidad Avanzada). Bil\u00edng\u00fce Espa\u00f1ol\/Ingl\u00e9s. gestiona y mantiene varias p\u00e1ginas web cristianas y vicencianas, incluida including La Red de Formaci\u00f3n Vicenciana, de la que es cofundador. Actualmente es responsable del \u00e1rea de Espa\u00f1ol de .famvin, la Red de Noticias de la Familia Vicenciana. Tambi\u00e9n es m\u00fasico cat\u00f3lico y ha editado varios discos. Es Director General y cofundador de Trovador, una reconocida compa\u00f1\u00eda discogr\u00e1fica critiana de Espa\u00f1a. Trabaja en las Tecnolog\u00edas de la Informaci\u00f3n, ofreciendo servicios de alojamiento, dise\u00f1o y mantenimiento Web, as\u00ed como asesoramiento, formaci\u00f3n y soluciones inform\u00e1ticas, gesti\u00f3n documental y digitalizaci\u00f3n de textos, edici\u00f3n y maquetaci\u00f3n de libros, revistas, flyers, etc.","sameAs":["http:\/\/chento.org","https:\/\/www.facebook.com\/JavierChento","https:\/\/x.com\/https:\/\/twitter.com\/javierchento"],"url":"https:\/\/vincentians.com\/fr\/author\/chento\/"}]}},"jetpack_publicize_connections":[],"jetpack_featured_media_url":"","jetpack_sharing_enabled":true,"jetpack_shortlink":"https:\/\/wp.me\/p7ETMP-s08","jetpack-related-posts":[{"id":107652,"url":"https:\/\/vincentians.com\/fr\/francois-regis-clet-pretre-de-la-mission-martyr-en-chine-1748-1820-15\/","url_meta":{"origin":107640,"position":0},"title":"Fran\u00e7ois-R\u00e9gis Clet : pr\u00eatre de la Mission, martyr en Chine, 1748-1820 (15)","author":"Francisco Javier Fern\u00e1ndez Chento","date":"15\/01\/2014","format":false,"excerpt":"Annexe II : Les principales dates de la vie du P. Fran\u00e7ois-R\u00e9gis Clet 1748 19 ao\u00fbt Naissance de Fran\u00e7ois R\u00e9gis \u00e0 Grenoble au n\u00b0 14 de la rue Porte-Traine 1748 23 ao\u00fbt Bapt\u00eame \u00e0 l'\u00e9glise St. Louis 1769 6 mars Entr\u00e9e dans la Congr\u00e9gation de la Mission \u00e0 Lyon 1771\u2026","rel":"","context":"Dans &quot;Fran\u00e7ois-R\u00e9gis Clet&quot;","block_context":{"text":"Fran\u00e7ois-R\u00e9gis Clet","link":"https:\/\/vincentians.com\/fr\/category\/francois-regis-clet\/"},"img":{"alt_text":"","src":"","width":0,"height":0},"classes":[]},{"id":105225,"url":"https:\/\/vincentians.com\/fr\/bx-jean-francois-regis-clet\/","url_meta":{"origin":107640,"position":1},"title":"Bx Jean-Fran\u00e7ois-R\u00e9gis Clet","author":"Francisco Javier Fern\u00e1ndez Chento","date":"20\/12\/2012","format":false,"excerpt":"\u5218\u65b9\u6d4e LIEOU FANG-TSI Pr\u00eatre. N\u00e9 \u00e0 Grenoble, Is\u00e8re (France), le 19 ao\u00fbt 1748 ; re\u00e7u au s\u00e9minaire \u00e0 Lyon le 6 mars 1769 ; il y fit les v\u0153ux le 18 mars 1771 et fut ordonn\u00e9 pr\u00eatre le 27 mars 1773. Nomm\u00e9 la m\u00eame ann\u00e9e professeur de morale au grand\u2026","rel":"","context":"Dans &quot;Biographies Lazaristes&quot;","block_context":{"text":"Biographies Lazaristes","link":"https:\/\/vincentians.com\/fr\/category\/biographies-lazaristes\/"},"img":{"alt_text":"","src":"https:\/\/i0.wp.com\/vincentians.com\/fr\/wp-content\/uploads\/sites\/10\/2016\/08\/bio-congregation-of-the-mission.jpg?fit=1200%2C630&ssl=1&resize=350%2C200","width":350,"height":200,"srcset":"https:\/\/i0.wp.com\/vincentians.com\/fr\/wp-content\/uploads\/sites\/10\/2016\/08\/bio-congregation-of-the-mission.jpg?fit=1200%2C630&ssl=1&resize=350%2C200 1x, https:\/\/i0.wp.com\/vincentians.com\/fr\/wp-content\/uploads\/sites\/10\/2016\/08\/bio-congregation-of-the-mission.jpg?fit=1200%2C630&ssl=1&resize=525%2C300 1.5x, https:\/\/i0.wp.com\/vincentians.com\/fr\/wp-content\/uploads\/sites\/10\/2016\/08\/bio-congregation-of-the-mission.jpg?fit=1200%2C630&ssl=1&resize=700%2C400 2x, https:\/\/i0.wp.com\/vincentians.com\/fr\/wp-content\/uploads\/sites\/10\/2016\/08\/bio-congregation-of-the-mission.jpg?fit=1200%2C630&ssl=1&resize=1050%2C600 3x"},"classes":[]},{"id":107651,"url":"https:\/\/vincentians.com\/fr\/francois-regis-clet-pretre-de-la-mission-martyr-en-chine-1748-1820-08\/","url_meta":{"origin":107640,"position":2},"title":"Fran\u00e7ois-R\u00e9gis Clet : pr\u00eatre de la Mission, martyr en Chine, 1748-1820 (08)","author":"Francisco Javier Fern\u00e1ndez Chento","date":"08\/01\/2014","format":false,"excerpt":"VII - La Vie de la Mission Une existence marqu\u00e9e par la pauvret\u00e9 A travers sa correspondance avec le P. Song, nous avons pu remarquer l'extr\u00eame pauvret\u00e9 dans laquelle se d\u00e9bat le missionnaire. Il ne se plaint pas, mais il d\u00e9plore de ne pouvoir envoyer \u00e0 ses confr\u00e8res les secours\u2026","rel":"","context":"Dans &quot;Fran\u00e7ois-R\u00e9gis Clet&quot;","block_context":{"text":"Fran\u00e7ois-R\u00e9gis Clet","link":"https:\/\/vincentians.com\/fr\/category\/francois-regis-clet\/"},"img":{"alt_text":"Vie du Bienheureux Fran\u00e7ois-R\u00e9gis Clet : pr\u00eatre de la Congr\u00e9","src":"https:\/\/i0.wp.com\/vincentiens.org\/wp-content\/uploads\/2014\/01\/regis_clet-210x300.jpg?resize=350%2C200","width":350,"height":200},"classes":[]},{"id":107654,"url":"https:\/\/vincentians.com\/fr\/francois-regis-clet-pretre-de-la-mission-martyr-en-chine-1748-1820-13\/","url_meta":{"origin":107640,"position":3},"title":"Fran\u00e7ois-R\u00e9gis Clet : pr\u00eatre de la Mission, martyr en Chine, 1748-1820 (13)","author":"Francisco Javier Fern\u00e1ndez Chento","date":"13\/01\/2014","format":false,"excerpt":"XII - La V\u00e9n\u00e9ration \u00e0 l'\u00e9gard du martyr Le P. Clet \u00e9tait entour\u00e9 d'une telle r\u00e9putation de saintet\u00e9 que sa tombe devint l'objet d'un v\u00e9ritable p\u00e8lerinage. Les chr\u00e9tiens et les pa\u00efens allaient, avec une totale confiance, demander au saint martyr la d\u00e9livrance de leurs maux. Ils allaient jusqu'\u00e0 arracher les\u2026","rel":"","context":"Dans &quot;Fran\u00e7ois-R\u00e9gis Clet&quot;","block_context":{"text":"Fran\u00e7ois-R\u00e9gis Clet","link":"https:\/\/vincentians.com\/fr\/category\/francois-regis-clet\/"},"img":{"alt_text":"Vie du Bienheureux Fran\u00e7ois-R\u00e9gis Clet : pr\u00eatre de la Congr\u00e9","src":"https:\/\/i0.wp.com\/vincentiens.org\/wp-content\/uploads\/2014\/01\/regis_clet-210x300.jpg?resize=350%2C200","width":350,"height":200},"classes":[]},{"id":107635,"url":"https:\/\/vincentians.com\/fr\/francois-regis-clet-pretre-de-la-mission-martyr-en-chine-1748-1820-07\/","url_meta":{"origin":107640,"position":4},"title":"Fran\u00e7ois-R\u00e9gis Clet : pr\u00eatre de la Mission, martyr en Chine, 1748-1820 (07)","author":"Francisco Javier Fern\u00e1ndez Chento","date":"07\/01\/2014","format":false,"excerpt":"VI - La correspondance du P. Clet Les lettres de Fran\u00e7ois-R\u00e9gis \u00e0 sa s\u0153ur Nous n'avons que cinq lettres de M. Clet \u00e0 sa s\u0153ur a\u00een\u00e9e et marraine Marie-Th\u00e9r\u00e8se. Elles concernent sa candidature de missionnaire pour la Chine et son voyage. Il essaie de lui faire part de son enthousiasme.\u2026","rel":"","context":"Dans &quot;Fran\u00e7ois-R\u00e9gis Clet&quot;","block_context":{"text":"Fran\u00e7ois-R\u00e9gis Clet","link":"https:\/\/vincentians.com\/fr\/category\/francois-regis-clet\/"},"img":{"alt_text":"Vie du Bienheureux Fran\u00e7ois-R\u00e9gis Clet : pr\u00eatre de la Congr\u00e9","src":"https:\/\/i0.wp.com\/vincentiens.org\/wp-content\/uploads\/2014\/01\/regis_clet-210x300.jpg?resize=350%2C200","width":350,"height":200},"classes":[]},{"id":37777,"url":"https:\/\/vincentians.com\/fr\/jusquau-bout-de-lamour-francois-regis-clet-1748-1820\/","url_meta":{"origin":107640,"position":5},"title":"\u00abJusqu\u2019au Bout De L\u2019amour&#8230;\u00bb: Fran\u00e7ois-R\u00e9gis Clet (1748-1820)","author":"Francisco Javier Fern\u00e1ndez Chento","date":"30\/12\/2012","format":false,"excerpt":"\u00c0 la decouverte de l\u2019amour 1) L\u2019enfance d\u2019une vie Grenoble \u00abla rebelle: compte pr\u00e8s de 30 000 habitants en cette ann\u00e9e 1748. La famille Clet habite la rue Porte Traine, au num\u00e9ro 14, pr\u00e8s de l\u2019atelier du n\u00e9gociant en toiles qui emploie le p\u00e8re. C\u00e9saire Clet est mari\u00e9 \u00e0 Claudine\u2026","rel":"","context":"Dans &quot;Fran\u00e7ois-R\u00e9gis Clet&quot;","block_context":{"text":"Fran\u00e7ois-R\u00e9gis Clet","link":"https:\/\/vincentians.com\/fr\/category\/francois-regis-clet\/"},"img":{"alt_text":"Fran\u00e7ois-R\u00e9gis Clet","src":"https:\/\/i0.wp.com\/vincentiens.org\/wp-content\/uploads\/2012\/12\/Fco_Regis_Clet-163x300.jpg?resize=350%2C200","width":350,"height":200},"classes":[]}],"_links":{"self":[{"href":"https:\/\/vincentians.com\/fr\/wp-json\/wp\/v2\/posts\/107640","targetHints":{"allow":["GET"]}}],"collection":[{"href":"https:\/\/vincentians.com\/fr\/wp-json\/wp\/v2\/posts"}],"about":[{"href":"https:\/\/vincentians.com\/fr\/wp-json\/wp\/v2\/types\/post"}],"author":[{"embeddable":true,"href":"https:\/\/vincentians.com\/fr\/wp-json\/wp\/v2\/users\/4"}],"replies":[{"embeddable":true,"href":"https:\/\/vincentians.com\/fr\/wp-json\/wp\/v2\/comments?post=107640"}],"version-history":[{"count":0,"href":"https:\/\/vincentians.com\/fr\/wp-json\/wp\/v2\/posts\/107640\/revisions"}],"wp:featuredmedia":[{"embeddable":true,"href":"https:\/\/vincentians.com\/fr\/wp-json\/"}],"wp:attachment":[{"href":"https:\/\/vincentians.com\/fr\/wp-json\/wp\/v2\/media?parent=107640"}],"wp:term":[{"taxonomy":"category","embeddable":true,"href":"https:\/\/vincentians.com\/fr\/wp-json\/wp\/v2\/categories?post=107640"},{"taxonomy":"post_tag","embeddable":true,"href":"https:\/\/vincentians.com\/fr\/wp-json\/wp\/v2\/tags?post=107640"}],"curies":[{"name":"wp","href":"https:\/\/api.w.org\/{rel}","templated":true}]}}