{"id":107638,"date":"2014-01-04T12:05:41","date_gmt":"2014-01-04T11:05:41","guid":{"rendered":"http:\/\/vincentiens.org\/?p=107638"},"modified":"2014-01-04T12:05:41","modified_gmt":"2014-01-04T11:05:41","slug":"francois-regis-clet-pretre-de-la-mission-martyr-en-chine-1748-1820-04","status":"publish","type":"post","link":"https:\/\/vincentians.com\/fr\/francois-regis-clet-pretre-de-la-mission-martyr-en-chine-1748-1820-04\/","title":{"rendered":"Fran\u00e7ois-R\u00e9gis Clet : pr\u00eatre de la Mission, martyr en Chine, 1748-1820 (04)"},"content":{"rendered":"<h2>III &#8211; Vers la Chine<\/h2>\n<h3>L&rsquo;appel de la Chine<\/h3>\n<p><a href=\"https:\/\/i0.wp.com\/vincentiens.org\/wp-content\/uploads\/2014\/01\/regis_clet.jpg\"><img data-recalc-dims=\"1\" loading=\"lazy\" decoding=\"async\" class=\"alignright size-medium wp-image-107633\" alt=\"Vie du Bienheureux Fran\u00e7ois-R\u00e9gis Clet : pr\u00eatre de la Congr\u00e9\" src=\"https:\/\/i0.wp.com\/vincentiens.org\/wp-content\/uploads\/2014\/01\/regis_clet-210x300.jpg?resize=210%2C300\" width=\"210\" height=\"300\" \/><\/a>En 1783 le Roi de France et le Pape avaient demand\u00e9 au P\u00e8re g\u00e9n\u00e9ral des Lazaristes M. Jacquier d&rsquo;envoyer des missionnaires en Chine pour remplacer les J\u00e9suites, un premier d\u00e9part de trois missionnaires avait eu lieu en 1784, un autre de deux en 1788. M. Cayla qui recevait de Chine des nouvelles encourageantes en fit part \u00e0 la Congr\u00e9gation dans ses Lettres circulaires du d\u00e9but de 1790 et 1791 et il pr\u00e9para un nouvel envoi de missionnaires.<\/p>\n<p>M. Clet avait d\u00e9j\u00e0 demand\u00e9 \u00e0 partir en mission , mais on avait alors jug\u00e9 qu&rsquo;il \u00e9tait plus utile dans son r\u00f4le de directeur du S\u00e9minaire. Comme l&rsquo;avenir semblait bien incertain en France et qu&rsquo;il avait appris qu&rsquo;un d\u00e9part pour la Chine se pr\u00e9parait, M. Clet renouvela sa demande au P\u00e8re g\u00e9n\u00e9ral.<\/p>\n<p>Le d\u00e9part des missionnaires \u00e9tait d\u00e9cid\u00e9 pour f\u00e9vrier 1791, deux jeunes diacres devaient \u00eatre de l&rsquo;exp\u00e9dition M.M. Pesn\u00e9 et Lamiot, ainsi qu&rsquo;un pr\u00eatre. Les deux diacres \u00e9taient pr\u00eats, mais le pr\u00eatre ne l&rsquo;\u00e9tait pas, il \u00e9tait retenu en province par des affaires \u00e0 r\u00e9gler. Le bateau allait attendre \u00e0 Lorient jusqu&rsquo;au 15 mars, mais pas au del\u00e0. M. Cayla re\u00e7oit de Lorient lettre sur lettre, le pressant de h\u00e2ter l&rsquo;envoi des missionnaires. M. Clet voit dans ces circonstances un signe de la Providence. Il r\u00e9it\u00e8re sa demande qui, cette fois est accept\u00e9e. L&rsquo;horizon en effet s&rsquo;assombrit en France et M. Cayla voit arriver le moment o\u00f9 tous ses confr\u00e8res vont \u00eatre dispers\u00e9s, en particulier les s\u00e9minaristes, et la maison de Saint-Lazare confisqu\u00e9e.<\/p>\n<p>Comme le temps presse, Fran\u00e7ois-R\u00e9gis n&rsquo;a pas le temps qui serait n\u00e9cessaire pour aller saluer sa famille et revoir le s\u00e9minaire d&rsquo;Annecy. Il va \u00e9crire avant son d\u00e9part plusieurs lettres \u00e0 sa s\u0153ur a\u00een\u00e9e Marie-Th\u00e9r\u00e8se. Pour lui c&rsquo;est elle qui repr\u00e9sente la famille.<\/p>\n<h3>Lettres d&rsquo;adieu<\/h3>\n<p>C\u00e9saire Clet, le p\u00e8re de notre missionnaire, est mort en 1783 et son \u00e9pouse Claudine Bourquy en 1787. Aussi c&rsquo;est \u00e0 sa s\u0153ur a\u00een\u00e9e et qui est aussi sa marraine, Marie-Th\u00e9r\u00e8se, que Fran\u00e7ois-R\u00e9gis \u00e9crit pour lui annoncer la grande nouvelle de son d\u00e9part pour la Chine. Il pr\u00e9voit que cette perspective impr\u00e9vue va surprendre douloureusement sa s\u0153ur et toute la famille, mais sa r\u00e9solution est prise. Il lui \u00e9crit en date du 10 mars 1791 : \u00ab\u00a0N&rsquo;entreprenez pas de me d\u00e9tourner de ce voyage, car ma r\u00e9solution est prise. Il n&rsquo;y aura que l&rsquo;impossibilit\u00e9 de m&#8217;embarquer qui m&#8217;emp\u00eachera de la r\u00e9aliser. Bien loin de m&rsquo;en d\u00e9tourner, vous devez me f\u00e9liciter de ce que Dieu me fait la faveur insigne de travailler \u00e0 son \u0153uvre&#8230;\u00a0\u00bb<\/p>\n<p>Il la charge de g\u00e9rer la part qui lui revient de l&rsquo;h\u00e9ritage paternel, et lui demande de lui verser annuellement l\u00e0-dessus une rente pour couvrir ses frais de mission. Sa s\u0153ur lui r\u00e9pondit combien tous \u00e9taient constern\u00e9s de son prochain d\u00e9part, mais elle sait que sa r\u00e9solution est in\u00e9branlable, cependant elle se fait l&rsquo;interpr\u00e8te de toute la famille pour essayer de le retenir.<\/p>\n<p>Il lui r\u00e9pond avant de partir pour Lorient le port d&#8217;embarquement : \u00ab\u00a0Je profite de la nuit qui pr\u00e9c\u00e8de mon d\u00e9part pour r\u00e9pondre \u00e0 votre attendrissante lettre. Je m&rsquo;attendais bien que votre constante et vive amiti\u00e9 pour moi ne vous permettrait pas d&rsquo;ob\u00e9ir \u00e0 l&rsquo;invitation que je vous faisais de ne tenter aucun effort pour rompre mon projet. Mais ayant pris ma d\u00e9termination l\u00e0-dessus avant de vous \u00e9crire, je m&rsquo;\u00e9tais pr\u00e9par\u00e9 aux assauts que votre tendresse et votre sensibilit\u00e9 me livreraient. Les choses \u00e9tant trop avanc\u00e9es pour reculer, je ne me repens pas d&rsquo;avoir agi ainsi, non par manque d&rsquo;amiti\u00e9 pour vous, mais parce que je crois suivre en cela les vues de la Providence sur moi &#8230; Je pars ce matin pour Lorient en poste avec deux de nos messieurs&#8230;\u00a0\u00bb<\/p>\n<p>Un tel voyage \u00e9tait une exp\u00e9dition fatigante qui, pour les 500 km s\u00e9parant Paris de Lorient, durait trois ou quatre jours en passant par Chartres, Le Mans, Laval et Rennes, pendant lesquels les voyageurs, entass\u00e9s sur les banquettes de la voiture de poste, \u00e9taient secou\u00e9s au gr\u00e9 des cahots de la route. Les chevaux marchaient au grand trot et on en changeait environ tous les 12 km. On s&rsquo;arr\u00eatait pour le repas du soir et la nuit dans une auberge proche du relais de poste. Les voyageurs arrivaient fourbus. L&rsquo;aubergiste ainsi que ses domestiques et servantes s&#8217;empressaient aupr\u00e8s des voyageurs.<\/p>\n<p>Apr\u00e8s une nuit de repos, au son d&rsquo;une trompe, on repartait de bon matin. Nos missionnaires arriv\u00e8rent \u00e0 Lorient quelques jours avant le d\u00e9part du bateau. Le matin du d\u00e9part, le 2 avril 1791, Fran\u00e7ois-R\u00e9gis \u00e9crit encore \u00e0 Marie Th\u00e9r\u00e8se : \u00ab\u00a0Me voici \u00e0 Lorient depuis quelques jours, j&rsquo;y suis arriv\u00e9 \u00e0 bon port et notre d\u00e9part est fix\u00e9 \u00e0 aujourd&rsquo;hui sur les 11 heures, si les vents n&rsquo;y mettent obstacle. A peine ai-je le temps de respirer. Je n&rsquo;ai qu&rsquo;\u00e0 vous remercier de vos bont\u00e9s \u00e0 mon \u00e9gard, vous recevrez tous les ans de mes nouvelles&#8230; je ne vous r\u00e9p\u00e9terai pas que je suis tr\u00e8s content de ma destination&#8230; N&rsquo;est ce pas une grande consolation pour vous de penser qu&rsquo;un de vos fr\u00e8res est destin\u00e9 au minist\u00e8re apostolique ? Renouvelez mes tendres amiti\u00e9s \u00e0 mes ch\u00e8res s\u0153urs et \u00e0 mes fr\u00e8res &#8230; Recommandez moi aux pri\u00e8res de ma tante et de ma s\u0153ur carm\u00e9lites et de toute la communaut\u00e9&#8230;\u00a0\u00bb<\/p>\n<p>Le bateau devait en principe lever l&rsquo;ancre vers 11 h., le 2 avril, si les vents \u00e9taient favorables. Mais il fallut attendre encore que le chargement de la cargaison fut achev\u00e9. Notre missionnaire va laisser, avec le c\u0153ur gros, un pays en pleine \u00e9bullition et dont l&rsquo;avenir lui para\u00eet bien sombre, et il s&rsquo;en va vers des rivages inconnus pour r\u00e9pondre \u00e0 l&rsquo;appel du Ma\u00eetre de la moisson. Saint Vincent n&rsquo;avait-il pas dit aux siens \u00a0\u00bb Le Fils de Dieu a promis qu&rsquo;il serait dans son \u00c9glise jusqu&rsquo;\u00e0 la fin des si\u00e8cles, mais il n&rsquo;a pas promis que cette \u00c9glise serait en France ou en Espagne&#8230; S&rsquo;il y avait un pays auquel il d\u00fbt la laisser, il semble qu&rsquo;il n&rsquo;y en avait point qui d\u00fbt \u00eatre pr\u00e9f\u00e9r\u00e9 \u00e0 la Terre sainte&#8230; cependant c&rsquo;est \u00e0 elle qu&rsquo;il a \u00f4t\u00e9 premi\u00e8rement son \u00c9glise pour la donner aux gentils &#8230; nous devons travailler \u00e0 lui faire de nouvelles conqu\u00eates et \u00e0 le faire reconna\u00eetre par les peuples les plus \u00e9loign\u00e9s. \u00a0\u00bb (Coste XI, 353-355)<\/p>\n<p>Le voyage se fit sans incident notable, la mer \u00e9tait assez calme et les vents qui n&rsquo;\u00e9taient pas toujours favorables permirent pourtant au navire de tenir une allure tranquille. Il y eut bien le \u00a0\u00bb passage de la ligne \u00ab\u00a0, c&rsquo;est \u00e0 dire les gages ou petites \u00e9preuves auxquelles on soumet ceux qui passent l&rsquo;\u00e9quateur pour la premi\u00e8re fois, mais ce ne fut pas bien m\u00e9chant .<\/p>\n<p>La vaisseau mit presque trois mois du 10 avril au 2 juillet pour arriver en face du Cap de Bonne Esp\u00e9rance. Notre missionnaire \u00e9crit \u00e0 sa s\u0153ur depuis cette escale et la rassure sur les conditions du voyage : \u00ab\u00a0Nous avons appareill\u00e9 \u00e0 Lorient le 10 avril et nous sommes aujourd&rsquo;hui le 2 juillet pr\u00e8s du Cap de Bonne Esp\u00e9rance qui fut \u00e0 notre vue le 29 juin, mais que nous n&rsquo;avons pas encore doubl\u00e9 \u00e0 cause d&rsquo;un calme qui est survenu. La mer n&rsquo;a point produit en moi les effets qu&rsquo;elle occasionne ordinairement. Tandis que presque tous les nouveaux navigateurs payaient \u00e0 la mer leur tribut par des vomissements fatigants, je n&rsquo;\u00e9prouvais moi-m\u00eame qu&rsquo;une certaine fadeur de c\u0153ur qui fut bient\u00f4t dissip\u00e9e. Je me suis toujours bien port\u00e9 jusqu&rsquo;\u00e0 pr\u00e9sent malgr\u00e9 la succession rapide des saisons temp\u00e9r\u00e9es, br\u00fblantes et froides que nous avons parcourues. Nous n&rsquo;avons eu \u00e0 nous plaindre d&rsquo;aucun gros temps.\u00a0\u00bb<\/p>\n<p>Cette lettre est port\u00e9e en France par un navire de retour des Indes et qui faisait rel\u00e2che au Cap. Le voyage continua sans incident et nos voyageurs abord\u00e8rent \u00e0 Macao trois mois plus tard.<\/p>\n<h3>Bref rappel des \u00e9tapes de l&rsquo;\u00e9vang\u00e9lisation de la Chine<\/h3>\n<h4>Les nestoriens d&rsquo;origine persane<\/h4>\n<p>Les premiers missionnaires de l&rsquo;Evangile furent des moines persans qui arriv\u00e8rent en Chine au cours du VIe par la route de l&rsquo;Asie centrale, la route de la soie. Ils apportaient avec eux le christianisme de leur pays, marqu\u00e9 par la doctrine de Nestorius . Ce christianisme d&rsquo;origine et d&rsquo;organisation monastique se r\u00e9pandit m\u00eame au del\u00e0 de la Chine jusqu&rsquo;en Indon\u00e9sie. Une st\u00e8le d\u00e9couverte vers 1624 pr\u00e8s de Xian, ancienne capitale, porte une longue inscription datant de l&rsquo;an 781 de notre \u00e8re et faisant \u00e9tat de la bienveillance de l&#8217;empereur \u00e0 l&rsquo;\u00e9gard du christianisme. Le texte pr\u00e9sente un r\u00e9sum\u00e9 de la doctrine chr\u00e9tienne, apport\u00e9e de l&rsquo;Occident et mentionne un d\u00e9cret de l&#8217;empereur Taitsong, en 638, approuvant la diffusion de la foi chr\u00e9tienne. Mais ce christianisme dont les relations avec la Perse sont coup\u00e9es \u00e0 cause de la pr\u00e9sence de l&rsquo;Islam en Asie centrale, est englob\u00e9 aux si\u00e8cles suivants dans la d\u00e9faveur et m\u00eame la pers\u00e9cution qui atteint le bouddhisme.<\/p>\n<p>Au XIIIe, alors que la domination mongole s&rsquo;est \u00e9tendue \u00e0 une grande partie de l&rsquo;Asie, des contacts reprennent entre les chr\u00e9tiens de Chine et l&rsquo;Occident. Un moine chr\u00e9tien, Rabban Sauma, part de Chine avec un jeune compagnon Marc vers l&rsquo;occident. Il s&rsquo;arr\u00eatent \u00e0 Bagdad o\u00f9 ils sont re\u00e7us par le patriarche de l&rsquo;Eglise nestorienne r\u00e9sidant \u00e0 S\u00e9leucie-Ct\u00e9siphon. Ils visitent les lieux saints de la r\u00e9gion, et ceux de l&rsquo;Arm\u00e9nie. Mais le patriarche vient \u00e0 mourir, c&rsquo;est Marc qui est alors \u00e9lu patriarche sous le nom de Mar-Jabalaha.<\/p>\n<p>A la suite de ces \u00e9v\u00e9nements, Raban Sauma est envoy\u00e9 en Europe par le Khan mongol de Perse. Il fait visite au roi de France, au roi d&rsquo;Angleterre et au Pape avec lequel il \u00e9tablit une entente \u0153cum\u00e9nique et l&rsquo;intercommunion entre l&rsquo;Eglise nestorienne et l&rsquo;Eglise catholique. Il communie de la main du Pape et le Pape assiste \u00e0 sa messe. Il revient enfin en Perse et meurt \u00e0 Bagdad en 1294.<\/p>\n<h4>Les missionnaires franciscains<\/h4>\n<p>En sens inverse, l&rsquo;Occident se tourne vers la Chine. Le pape envoie en ambassade aupr\u00e8s du grand Khan, en 1245, un franciscain, Jean de Plan Carpin. Le roi Saint Louis, quelques ann\u00e9es plus tard, en 1253 envoie un autre franciscain Guillaume de Rubrouck pour \u00e9tudier les dispositions des Mongols.<\/p>\n<p>Vers la fin du si\u00e8cle, en 1289, le pape Nicolas IV envoie en Chine un homme d&rsquo;exp\u00e9rience Jean de Montcorvin, qui arrive par mer. Il est bien accueilli \u00e0 P\u00e9kin (Khanbalik) par le grand Khan, et malgr\u00e9 la rivalit\u00e9 des chr\u00e9tiens nestoriens, il rassemble un petite chr\u00e9tient\u00e9 et construit une \u00e9glise.<\/p>\n<p>En 1305 il \u00e9crit au pape pour demander du renfort. Cl\u00e9ment V, pape d&rsquo;Avignon, lui envoie 7 franciscains qu&rsquo;il consacre \u00e9v\u00eaques. Ils ont pour mandat de consacrer Jean de Montcorvin comme archev\u00eaque et de devenir ses suffragants. Avec la faveur de l&#8217;empereur, des communaut\u00e9s chr\u00e9tiennes s&rsquo;organisent dans les grandes villes ; le voyageur Marco Polo est t\u00e9moin de cette vitalit\u00e9 de l&rsquo;Eglise. Il y a encore un envoi de 32 missionnaires franciscains en 1338 en r\u00e9ponse \u00e0 la demande de l&#8217;empereur et des chr\u00e9tiens.<\/p>\n<p>Mais la dynastie mongole s&rsquo;effondre en 1368 et la bienveillance dont b\u00e9n\u00e9ficiaient les chr\u00e9tiens latins et nestoriens cesse. Aussi les chr\u00e9tient\u00e9s qui ne sont plus aliment\u00e9e en missionnaires s&rsquo;\u00e9tiolent et disparaissent.<\/p>\n<h4>Au XVIe, les J\u00e9suites<\/h4>\n<p>Un nouvel effort d&rsquo;\u00e9vang\u00e9lisation est entrepris. L&rsquo;Institut, nouvellement cr\u00e9\u00e9, des J\u00e9suites envoie en Extr\u00eame Orient un de ses plus illustres membres Fran\u00e7ois Xavier. Apr\u00e8s \u00eatre all\u00e9 porter la Bonne nouvelle au Japon, il voudrait p\u00e9n\u00e9trer en Chine. Mais il n&rsquo;y r\u00e9ussit pas, il meurt d&rsquo;\u00e9puisement sur un \u00eelot rocheux, Sancian, en face de Macao le 3 d\u00e9cembre 1552. Cependant une petite communaut\u00e9 chr\u00e9tienne se d\u00e9veloppe \u00e0 Macao . La souverainet\u00e9 sur ce petit territoire est conc\u00e9d\u00e9e aux Portugais en 1557. Une \u00c9glise florissante s&rsquo;y d\u00e9veloppe. Macao devint la porte d&rsquo;entr\u00e9e des missionnaires en Chine et le refuge pour ceux qui \u00e9taient oblig\u00e9s de quitter le territoire chinois. Une communaut\u00e9 de J\u00e9suites s&rsquo;installe \u00e0 Macao, mais aussi des dominicains, des franciscains et des augustins.<\/p>\n<p>A partir de 1582 deux j\u00e9suites italiens Matteo Ricci et Michel Ruggeri font un s\u00e9jour de quelques mois aupr\u00e8s du Vice-roi \u00e0 Zhaoqing dans la r\u00e9gion de Canton. Leurs connaissances des math\u00e9matiques et de la g\u00e9ographie leur sont tr\u00e8s utiles. Tout en se p\u00e9n\u00e9trant de la culture chinoise, Ricci obtient de pouvoir p\u00e9n\u00e9trer plus \u00e0 l&rsquo;int\u00e9rieur de la Chine. Il \u00e9tablit une r\u00e9sidence \u00e0 Nanchang et obtient enfin en 1601 l&rsquo;autorisation de s&rsquo;installer \u00e0 P\u00e9kin. Il adopte le style de vie et la tenue des docteurs confuc\u00e9ens. Il fait parvenir \u00e0 l&#8217;empereur divers pr\u00e9sents, entre autres une horloge astronomique et un tableau repr\u00e9sentant la Vierge et l&rsquo;enfant J\u00e9sus.<\/p>\n<p>Ricci se fait de nombreux amis parmi les lettr\u00e9s et il obtient des conversions. La r\u00e9sidence du P. Ricci et de ses confr\u00e8res est tr\u00e8s fr\u00e9quent\u00e9e par les intellectuels. Mais Ricci meurt en 1610. Les J\u00e9suites par leurs comp\u00e9tences se rendent indispensables aupr\u00e8s de l&#8217;empereur qui leur donne un r\u00f4le officiel, comme math\u00e9maticiens, astronomes et ing\u00e9nieurs. C&rsquo;est ainsi que les P\u00e8res Schall et Verbiest firent partie du Bureau d&rsquo;Astronomie. Ils \u00e9taient j\u00e9suites, le P. Schall \u00e9tait n\u00e9 \u00e0 Cologne en 1591 et le P. Verbiest pr\u00e8s de Courtrai en 1623.<\/p>\n<p>La mission semble alors solidement \u00e9tablie \u00e0 P\u00e9kin et dans quelques autres lieux comme Nankin, Shanghai, Hangtch\u00e9ou, Nanchang, et dans le Houkouang.<\/p>\n<p>Les franciscains et les dominicains r\u00e9ussirent eux aussi \u00e0 p\u00e9n\u00e9trer en Chine et la Congr\u00e9gation de la Propagande leur confia en Chine centrale et m\u00e9ridionale, de vastes r\u00e9gions \u00e0 \u00e9vang\u00e9liser. Nous les rencontrerons au cours de la vie missionnaire du P. Clet et plus tard du P. Perboyre auxquels ils apporteront une aide fraternelle.<\/p>\n<h4>Le Padroado et la Congr\u00e9gation de la Propagande<\/h4>\n<p>Le roi du Portugal par accord avec le Pape L\u00e9on X en 1516 obtint le privil\u00e8ge (appel\u00e9 Padroado c&rsquo;est-\u00e0-dire Patronage) de pouvoir pr\u00e9senter des candidats aux si\u00e8ges \u00e9piscopaux des Indes et d&rsquo;Extr\u00eame Orient. Ils \u00e9taient plac\u00e9s sous la juridiction de l&rsquo;archev\u00eaque de Goa. L&rsquo;entr\u00e9e en Chine de tout missionnaire par Macao ne pouvait se faire qu&rsquo;avec l&rsquo;agr\u00e9ment du gouverneur portugais de Macao. Pour contourner ce monopole encombrant, la Congr\u00e9gation de la Propagande d\u00e9cida d&rsquo;envoyer ses propres missionnaires et de nommer des Vicaires apostoliques qui d\u00e9pendraient directement du Pape.<\/p>\n<p>C&rsquo;est par la Congr\u00e9gation \u00a0\u00bb De Propaganda Fide \u00a0\u00bb que furent envoy\u00e9s en Chine en 1684 les premiers P\u00e8res des Missions \u00e9trang\u00e8res de Paris, et parmi eux Mgr. Pallu. et \u00e9galement en 1685 des Franciscains italiens parmi lesquels Mgr. Della Chiesa qui devint par la suite archev\u00eaque de P\u00e9kin.<\/p>\n<h4>Les premiers Lazaristes<\/h4>\n<p>Parmi ces missionnaires envoy\u00e9s par la Congr\u00e9gation romaine figurent deux lazaristes italiens : Louis Appiani et Th\u00e9odoric Pedrini.<\/p>\n<p>Louis Appiani qui avait \u00e9t\u00e9 directeur au Coll\u00e8ge de la Propagande \u00e0 G\u00eanes, partit pour la Chine en 1697 avec un de ses \u00e9l\u00e8ves, un jeune pr\u00eatre d&rsquo;origine allemande, Jean M\u00fcllener. Ils pass\u00e8rent par la Syrie, la Perse et gagn\u00e8rent Madras en Inde. Le jeune M\u00fcllener demanda au P. Appiani de l&rsquo;admettre dans la Congr\u00e9gation de la Mission. Il y fut re\u00e7u \u00e0 Madras le 25 janvier 1699. Arriv\u00e9s en Chine ils all\u00e8rent s&rsquo;\u00e9tablir \u00e0 Tchongking, au Setchouen. M. M\u00fcllener y fonda un s\u00e9minaire et devint plus tard en 1715 Vicaire apostolique du Setchouen, et administrateur du Hou-kouang, province voisine. Il se d\u00e9pensa jusqu&rsquo;\u00e0 sa mort qui survint en 1742.<\/p>\n<p>M. Appiani partit de Tchongking en 1705 chercher \u00e0 Canton des subsides pour la mission du Setchouen. Il y rencontra le L\u00e9gat du pape Mgr. De Tournon qui avait \u00e9t\u00e9 envoy\u00e9 en ambassade en Chine pour essayer de r\u00e9gler la question des \u00a0\u00bb Rites chinois \u00ab\u00a0. Le L\u00e9gat s&rsquo;attacha le P. Appiani comme interpr\u00e8te. Le P. Appiani conna\u00eetra avec Mgr. De Tournon toutes sortes d&rsquo;\u00e9preuves y compris la prison pendant une vingtaine d&rsquo;ann\u00e9es. Il mourut \u00e0 Macao en 1732.<\/p>\n<p>M. Pedrini devait faire partie du voyage du L\u00e9gat qui lui avait donn\u00e9 rendez-vous aux Canaries pour le d\u00e9part en avril 1703. Mais il ne put s&rsquo;y rendre en temps voulu. Il prit alors \u00e0 Saint-Malo un bateau qui le conduisit au P\u00e9rou et de l\u00e0 un autre qui le d\u00e9barqua \u00e0 Acapulco au Mexique. Il fit la travers\u00e9e du Pacifique jusqu&rsquo;\u00e0 Manille, et apr\u00e8s de multiples obstacles il aborda \u00e0 Macao au d\u00e9but de 1710, soit apr\u00e8s 8 ann\u00e9es de voyage depuis son d\u00e9part d&rsquo;Italie.<\/p>\n<p>A cause de ses talents de musicien, l&rsquo;Empereur le fit venir \u00e0 la Cour \u00e0 P\u00e9kin, o\u00f9 il fit l&rsquo;\u00e9ducation musicale des fils du Prince. Il fut impliqu\u00e9 dans la querelle des Rites chinois, que nous \u00e9voquons ci-dessous. De ce fait il endura bien des avanies y compris la prison \u00e0 cause de sa fid\u00e9lit\u00e9 au Pape. Apr\u00e8s la mort de l&rsquo;Empereur en 1722, et sous ses successeurs, M. Pedrini retrouva sa place de musicien officiel \u00e0 la Cour. Mais il tomba malade en 1741 et mourut en 1747.<\/p>\n<p>Ces premiers lazaristes form\u00e8rent au Setchouen et \u00e0 Macao plusieurs dizaines de jeunes gens qui devinrent pr\u00eatres, parmi lesquels plusieurs lazaristes chinois, qui furent d&rsquo;excellents missionnaires.<\/p>\n<p>Au cours du XVIIIe le christianisme fut fortement secou\u00e9 par la Querelle des Rites . Est-ce que les c\u00e9r\u00e9monies officielles chinoises avec leurs rites en l&rsquo;honneur des d\u00e9funts \u00e9taient entach\u00e9es de superstitions ou non ? Et donc est-ce que les chr\u00e9tiens pouvaient y prendre part et dans quelle mesure ? Les uns, dont les P\u00e8res j\u00e9suites, pensaient qu&rsquo;on pouvait s&rsquo;y conformer, la majorit\u00e9 des autres missionnaires les regardaient comme superstitieux.<\/p>\n<p>On en r\u00e9f\u00e9ra \u00e0 Rome qui ordonna des enqu\u00eates et conclut au caract\u00e8re superstitieux de ces c\u00e9r\u00e9monies. La d\u00e9cision de Rome fut mal re\u00e7ue par les partisans des rites et les chr\u00e9tient\u00e9s furent troubl\u00e9es pendant plusieurs d\u00e9cennies. Le P. Pedrini et Mgr. de Tournon furent pers\u00e9cut\u00e9s par les partisans des Rites et subirent la prison et l&rsquo;exil.<\/p>\n<h4>Le remplacement des J\u00e9suites<\/h4>\n<p>A la demande instante des cours bourboniennes d&rsquo;Europe, et pour des raisons surtout politiques, le Saint P\u00e8re, Cl\u00e9ment XIV, par un Bref du 21 juillet 1773, Dominus ac Redemptor, d\u00e9cr\u00e9ta la dissolution de la Compagnie de J\u00e9sus. C&rsquo;\u00e9tait un rude coup port\u00e9 aux Missions de Chine. La d\u00e9cision officielle en fut notifi\u00e9e aux J\u00e9suites de Chine en novembre 1775.<\/p>\n<p>La mission de P\u00e9kin \u00e9tait patronn\u00e9e et en partie soutenue financi\u00e8rement par le Roi de France. Les P\u00e8res j\u00e9suites demeur\u00e8rent sur place et continu\u00e8rent leur minist\u00e8re, mais il fallait envisager leur remplacement. Les Missions \u00e9trang\u00e8res de Paris contact\u00e9es refus\u00e8rent la proposition. Le Roi apr\u00e8s avoir song\u00e9 aux B\u00e9n\u00e9dictins ou aux Oratoriens, se tourna vers M. Jacquier, sup\u00e9rieur g\u00e9n\u00e9ral des Lazaristes.<\/p>\n<p>Apr\u00e8s avoir d\u00e9clin\u00e9 cette offre par deux fois, M. Jacquier, sur l&rsquo;insistance du Roi finit par accepter. Le Roi proposa cette solution \u00e0 Pie VI et par un Bref du 7 d\u00e9cembre 1783, le Pape agr\u00e9a cette demande.<\/p>\n<p>Il fallait trouver des scientifiques pour occuper des postes officiels \u00e0 la cour de P\u00e9kin. Le P. Jacquier proposa trois premiers candidats : M. Nicolas Raux , le sup\u00e9rieur, qui avait fait des \u00e9tudes d&rsquo;astronomie, de g\u00e9ographie, de botanique et d&rsquo;histoire naturelle. M. Jean-Joseph Ghislain sp\u00e9cialis\u00e9 en math\u00e9matiques et en physique, et le fr\u00e8re Charles Paris, horloger, m\u00e9canicien et tourneur, qui avait pris des le\u00e7ons de clavecin.<\/p>\n<p>Ces trois missionnaires, partis de Brest le 20 mars 1784, d\u00e9barqu\u00e8rent \u00e0 Canton le 29 ao\u00fbt. D\u00e8s leur arriv\u00e9e ils \u00e9crivirent aux J\u00e9suites de P\u00e9kin et ils en re\u00e7urent une r\u00e9ponse tr\u00e8s cordiale. Apr\u00e8s un s\u00e9jour de cinq mois \u00e0 Canton, ils arriv\u00e8rent \u00e0 P\u00e9kin le 29 avril 1785.<\/p>\n<p>La transmission des pouvoirs se fit sans heurt. La prudence et la bienveillance de M. Raux lui attir\u00e8rent la sympathie g\u00e9n\u00e9rale. Il ne restait que cinq ex-j\u00e9suites pr\u00eatres et un fr\u00e8re. Un des premiers soucis de M. Raux fut d&rsquo;ouvrir un s\u00e9minaire qu&rsquo;il confia \u00e0 son confr\u00e8re M. Ghislain, avec une quinzaine d&rsquo;\u00e9l\u00e8ves. Il en sortit plusieurs excellents pr\u00eatres lazaristes et dioc\u00e9sains.<\/p>\n<p>Les lazaristes devaient assurer la succession des J\u00e9suites \u00e0 P\u00e9kin \u00e0 l&rsquo;\u00e9glise du P\u00e9tang, mais aussi dans diverses provinces o\u00f9 nous les trouverons par la suite : Kiang-si, Hou-kouang, Tch\u00e9-kiang<\/p>\n<h4>La deuxi\u00e8me vague<\/h4>\n<p>Le 21 septembre 1788, d\u00e9barqu\u00e8rent \u00e0 Macao deux jeunes lazaristes M. Hanna , irlandais et M. Aubin , fran\u00e7ais, qui durent attendre deux ans l&rsquo;autorisation de sortir du territoire portugais. M. Hanna resta cependant \u00e0 Macao pour enseigner au s\u00e9minaire Saint Joseph fond\u00e9 par les Lazaristes portugais et M. Aubin partit secr\u00e8tement pour le Hou-kouang. Il s&rsquo;y d\u00e9pensa avec les pr\u00eatres chinois au service des chr\u00e9tiens de la r\u00e9gion de Kou-tcheng. Mais il fut arr\u00eat\u00e9 le 27 mars 1795. Traduit devant les tribunaux, il ne r\u00e9v\u00e9la rien qui put compromettre ni les missionnaires ni les chr\u00e9tiens, mais les mandarins le firent empoisonner dans sa prison et il mourut le 1er ao\u00fbt 1795.<\/p>\n<p>La R\u00e9volution en France bouleversait toutes les donn\u00e9es. En 1791, M. Clet estimant qu&rsquo;il serait plus utile en mission qu&rsquo;en France se proposa au P\u00e8re g\u00e9n\u00e9ral pour partir en Chine. Il partit de Lorient avec deux jeunes confr\u00e8res qui n&rsquo;\u00e9taient encore que diacres : Louis Lamiot et Augustin Pesn\u00e9 . Ils embarqu\u00e8rent le 10 avril et arriv\u00e8rent \u00e0 Macao le 15 octobre suivant. Mais nous allons les retrouver en suivant la carri\u00e8re missionnaire du P. Clet.<\/p>\n<p>Nos missionnaires re\u00e7urent \u00e0 Macao une lettre de M. Raux, le sup\u00e9rieur des Lazaristes qui r\u00e9sidait \u00e0 P\u00e9kin. Il leur assignait \u00e0 chacun sa destination. Le P. Lamiot qui \u00e9tait un scientifique devait aller \u00e0 P\u00e9kin, tandis que les P\u00e8res Clet et Pesn\u00e9 devaient aller au Hou-kouang.<\/p>\n<h4>La situation en Chine \u00e0 la fin du XVIIIe.<\/h4>\n<p>L&#8217;empereur Kangshi apr\u00e8s un long r\u00e8gne de plus de 60 ans \u00e9tait mort le 30 d\u00e9cembre 1722. Il avait \u00e9t\u00e9 m\u00eal\u00e9 \u00e0 la Querelle des Rites chinois et s&rsquo;\u00e9tait irrit\u00e9 de ce qu&rsquo;il estimait \u00eatre une intrusion du Pape dans les Affaires religieuses int\u00e9rieures de la Chine. Les P\u00e8res Appiani et Pedrini en support\u00e8rent les cons\u00e9quences et furent, pendant quelque temps, jet\u00e9s en prison ainsi que le l\u00e9gat Mgr. de Tournon.<\/p>\n<p>Le successeur de Kangshi fut un de ses fils qui prit le nom de Koutcheng. Il fit sortir de prison M. Pedrini qui avait \u00e9t\u00e9 son professeur de musique. Il rendit aussi la libert\u00e9 \u00e0 M. Appiani. Mais du fait de la participation d&rsquo;un j\u00e9suite, le P. Morao, \u00e0 une conspiration, \u00e0 la suite de laquelle il fut mis \u00e0 mort, l&#8217;empereur con\u00e7ut une certaine animosit\u00e9 contre les missionnaires. A part quelques-uns tol\u00e9r\u00e9s \u00e0 P\u00e9kin, il les fit tous expulser \u00e0 Macao en 1732. Koutcheng mourut en 1735.<\/p>\n<p>Un des ses fils, Kienlong, lui succ\u00e9da et annula les mesures prises par son p\u00e8re \u00e0 l&rsquo;encontre des missionnaires \u00e9trangers. Mais tout au long de son r\u00e8gne il y eut de-ci de-l\u00e0, dans les provinces, diverses pers\u00e9cutions \u00e0 l&rsquo;initiative des pouvoirs locaux, car on soup\u00e7onnait chr\u00e9tiens et missionnaires d&rsquo;\u00eatre complices de la r\u00e9volte anti-mandchoue du N\u00e9nuphar blanc. Cependant un d\u00e9cret imp\u00e9rial en 1785 rendit la libert\u00e9 aux missionnaires qui avaient \u00e9t\u00e9 emprisonn\u00e9s.<\/p>\n<p>L&#8217;empereur mourut en 1796 apr\u00e8s un long r\u00e8gne qui avait dur\u00e9 61 ans.<\/p>\n<p>M. Clet avait alors commenc\u00e9 son minist\u00e8re missionnaire au Hou-kouang.<\/p>\n","protected":false},"excerpt":{"rendered":"<p>III &#8211; Vers la Chine L&rsquo;appel de la Chine En 1783 le Roi de France et le Pape avaient demand\u00e9 au P\u00e8re g\u00e9n\u00e9ral des Lazaristes M. Jacquier d&rsquo;envoyer des missionnaires en Chine pour remplacer les &#8230; <a href=\"https:\/\/vincentians.com\/fr\/francois-regis-clet-pretre-de-la-mission-martyr-en-chine-1748-1820-04\/\" class=\"more-link\">Read More<\/a><\/p>\n","protected":false},"author":4,"featured_media":107633,"comment_status":"open","ping_status":"open","sticky":false,"template":"","format":"standard","meta":{"jetpack_post_was_ever_published":false,"_jetpack_newsletter_access":"","_jetpack_dont_email_post_to_subs":false,"_jetpack_newsletter_tier_id":0,"_jetpack_memberships_contains_paywalled_content":false,"_jetpack_memberships_contains_paid_content":false,"footnotes":"","jetpack_publicize_message":"","jetpack_publicize_feature_enabled":true,"jetpack_social_post_already_shared":true,"jetpack_social_options":{"image_generator_settings":{"template":"highway","default_image_id":0,"font":"","enabled":false},"version":2}},"categories":[133],"tags":[],"class_list":["post-107638","post","type-post","status-publish","format-standard","has-post-thumbnail","hentry","category-francois-regis-clet"],"yoast_head":"<!-- This site is optimized with the Yoast SEO plugin v26.3 - https:\/\/yoast.com\/wordpress\/plugins\/seo\/ -->\n<title>Fran\u00e7ois-R\u00e9gis Clet : pr\u00eatre de la Mission, martyr en Chine, 1748-1820 (04) - Nous Sommes Vincentiens<\/title>\n<meta name=\"robots\" content=\"index, follow, max-snippet:-1, max-image-preview:large, max-video-preview:-1\" \/>\n<link rel=\"canonical\" href=\"https:\/\/vincentians.com\/fr\/francois-regis-clet-pretre-de-la-mission-martyr-en-chine-1748-1820-04\/\" \/>\n<meta property=\"og:locale\" content=\"fr_FR\" \/>\n<meta property=\"og:type\" content=\"article\" \/>\n<meta property=\"og:title\" content=\"Fran\u00e7ois-R\u00e9gis Clet : pr\u00eatre de la Mission, martyr en Chine, 1748-1820 (04) - Nous Sommes Vincentiens\" \/>\n<meta property=\"og:description\" content=\"III &#8211; Vers la Chine L&rsquo;appel de la Chine En 1783 le Roi de France et le Pape avaient demand\u00e9 au P\u00e8re g\u00e9n\u00e9ral des Lazaristes M. Jacquier d&rsquo;envoyer des missionnaires en Chine pour remplacer les ... Read More\" \/>\n<meta property=\"og:url\" content=\"https:\/\/vincentians.com\/fr\/francois-regis-clet-pretre-de-la-mission-martyr-en-chine-1748-1820-04\/\" \/>\n<meta property=\"og:site_name\" content=\"Nous Sommes Vincentiens\" \/>\n<meta property=\"article:publisher\" content=\"https:\/\/www.facebook.com\/WeAreVincentians\/\" \/>\n<meta property=\"article:author\" content=\"https:\/\/www.facebook.com\/JavierChento\" \/>\n<meta property=\"article:published_time\" content=\"2014-01-04T11:05:41+00:00\" \/>\n<meta name=\"author\" content=\"Francisco Javier Fern\u00e1ndez Chento\" \/>\n<meta name=\"twitter:card\" content=\"summary_large_image\" \/>\n<meta name=\"twitter:creator\" content=\"@https:\/\/twitter.com\/javierchento\" \/>\n<meta name=\"twitter:site\" content=\"@WeVincentians\" \/>\n<meta name=\"twitter:label1\" content=\"\u00c9crit par\" \/>\n\t<meta name=\"twitter:data1\" content=\"Francisco Javier Fern\u00e1ndez Chento\" \/>\n\t<meta name=\"twitter:label2\" content=\"Dur\u00e9e de lecture estim\u00e9e\" \/>\n\t<meta name=\"twitter:data2\" content=\"20 minutes\" \/>\n<script type=\"application\/ld+json\" class=\"yoast-schema-graph\">{\"@context\":\"https:\/\/schema.org\",\"@graph\":[{\"@type\":\"WebPage\",\"@id\":\"https:\/\/vincentians.com\/fr\/francois-regis-clet-pretre-de-la-mission-martyr-en-chine-1748-1820-04\/\",\"url\":\"https:\/\/vincentians.com\/fr\/francois-regis-clet-pretre-de-la-mission-martyr-en-chine-1748-1820-04\/\",\"name\":\"Fran\u00e7ois-R\u00e9gis Clet : pr\u00eatre de la Mission, martyr en Chine, 1748-1820 (04) - Nous Sommes Vincentiens\",\"isPartOf\":{\"@id\":\"https:\/\/vincentians.com\/fr\/#website\"},\"primaryImageOfPage\":{\"@id\":\"https:\/\/vincentians.com\/fr\/francois-regis-clet-pretre-de-la-mission-martyr-en-chine-1748-1820-04\/#primaryimage\"},\"image\":{\"@id\":\"https:\/\/vincentians.com\/fr\/francois-regis-clet-pretre-de-la-mission-martyr-en-chine-1748-1820-04\/#primaryimage\"},\"thumbnailUrl\":\"\",\"datePublished\":\"2014-01-04T11:05:41+00:00\",\"author\":{\"@id\":\"https:\/\/vincentians.com\/fr\/#\/schema\/person\/9623ef4d9aa3b2dfb8c061f1499288f2\"},\"breadcrumb\":{\"@id\":\"https:\/\/vincentians.com\/fr\/francois-regis-clet-pretre-de-la-mission-martyr-en-chine-1748-1820-04\/#breadcrumb\"},\"inLanguage\":\"fr-FR\",\"potentialAction\":[{\"@type\":\"ReadAction\",\"target\":[\"https:\/\/vincentians.com\/fr\/francois-regis-clet-pretre-de-la-mission-martyr-en-chine-1748-1820-04\/\"]}]},{\"@type\":\"ImageObject\",\"inLanguage\":\"fr-FR\",\"@id\":\"https:\/\/vincentians.com\/fr\/francois-regis-clet-pretre-de-la-mission-martyr-en-chine-1748-1820-04\/#primaryimage\",\"url\":\"\",\"contentUrl\":\"\"},{\"@type\":\"BreadcrumbList\",\"@id\":\"https:\/\/vincentians.com\/fr\/francois-regis-clet-pretre-de-la-mission-martyr-en-chine-1748-1820-04\/#breadcrumb\",\"itemListElement\":[{\"@type\":\"ListItem\",\"position\":1,\"name\":\"Portada\",\"item\":\"https:\/\/vincentians.com\/fr\/\"},{\"@type\":\"ListItem\",\"position\":2,\"name\":\"Fran\u00e7ois-R\u00e9gis Clet : pr\u00eatre de la Mission, martyr en Chine, 1748-1820 (04)\"}]},{\"@type\":\"WebSite\",\"@id\":\"https:\/\/vincentians.com\/fr\/#website\",\"url\":\"https:\/\/vincentians.com\/fr\/\",\"name\":\"Nous Sommes Vincentiens\",\"description\":\"Know more to serve more\",\"potentialAction\":[{\"@type\":\"SearchAction\",\"target\":{\"@type\":\"EntryPoint\",\"urlTemplate\":\"https:\/\/vincentians.com\/fr\/?s={search_term_string}\"},\"query-input\":{\"@type\":\"PropertyValueSpecification\",\"valueRequired\":true,\"valueName\":\"search_term_string\"}}],\"inLanguage\":\"fr-FR\"},{\"@type\":\"Person\",\"@id\":\"https:\/\/vincentians.com\/fr\/#\/schema\/person\/9623ef4d9aa3b2dfb8c061f1499288f2\",\"name\":\"Francisco Javier Fern\u00e1ndez Chento\",\"image\":{\"@type\":\"ImageObject\",\"inLanguage\":\"fr-FR\",\"@id\":\"https:\/\/vincentians.com\/fr\/#\/schema\/person\/image\/\",\"url\":\"https:\/\/secure.gravatar.com\/avatar\/497d5cde87b4c3d097d0315953521681ba2cd523ee66e5077c3711f7021e65de?s=96&d=mm&r=g\",\"contentUrl\":\"https:\/\/secure.gravatar.com\/avatar\/497d5cde87b4c3d097d0315953521681ba2cd523ee66e5077c3711f7021e65de?s=96&d=mm&r=g\",\"caption\":\"Francisco Javier Fern\u00e1ndez Chento\"},\"description\":\"Director General y cofundador de La Red de Formaci\u00f3n Vicenciana. Javier es laico vicenciano, afiliado a la Congregaci\u00f3n de la Misi\u00f3n y miembro del Equipo de Misiones Populares de la provincia can\u00f3nica de Zaragoza (Espa\u00f1a) de la Congregaci\u00f3n de la Misi\u00f3n. Graduado en la Universidad Oberta de Catalunya con cuatro grados (Asistente de direcci\u00f3n, Gesti\u00f3n Administrativa, Recursos Humanos y Contabilidad Avanzada). Bil\u00edng\u00fce Espa\u00f1ol\/Ingl\u00e9s. gestiona y mantiene varias p\u00e1ginas web cristianas y vicencianas, incluida including La Red de Formaci\u00f3n Vicenciana, de la que es cofundador. Actualmente es responsable del \u00e1rea de Espa\u00f1ol de .famvin, la Red de Noticias de la Familia Vicenciana. Tambi\u00e9n es m\u00fasico cat\u00f3lico y ha editado varios discos. Es Director General y cofundador de Trovador, una reconocida compa\u00f1\u00eda discogr\u00e1fica critiana de Espa\u00f1a. Trabaja en las Tecnolog\u00edas de la Informaci\u00f3n, ofreciendo servicios de alojamiento, dise\u00f1o y mantenimiento Web, as\u00ed como asesoramiento, formaci\u00f3n y soluciones inform\u00e1ticas, gesti\u00f3n documental y digitalizaci\u00f3n de textos, edici\u00f3n y maquetaci\u00f3n de libros, revistas, flyers, etc.\",\"sameAs\":[\"http:\/\/chento.org\",\"https:\/\/www.facebook.com\/JavierChento\",\"https:\/\/x.com\/https:\/\/twitter.com\/javierchento\"],\"url\":\"https:\/\/vincentians.com\/fr\/author\/chento\/\"}]}<\/script>\n<!-- \/ Yoast SEO plugin. -->","yoast_head_json":{"title":"Fran\u00e7ois-R\u00e9gis Clet : pr\u00eatre de la Mission, martyr en Chine, 1748-1820 (04) - Nous Sommes Vincentiens","robots":{"index":"index","follow":"follow","max-snippet":"max-snippet:-1","max-image-preview":"max-image-preview:large","max-video-preview":"max-video-preview:-1"},"canonical":"https:\/\/vincentians.com\/fr\/francois-regis-clet-pretre-de-la-mission-martyr-en-chine-1748-1820-04\/","og_locale":"fr_FR","og_type":"article","og_title":"Fran\u00e7ois-R\u00e9gis Clet : pr\u00eatre de la Mission, martyr en Chine, 1748-1820 (04) - Nous Sommes Vincentiens","og_description":"III &#8211; Vers la Chine L&rsquo;appel de la Chine En 1783 le Roi de France et le Pape avaient demand\u00e9 au P\u00e8re g\u00e9n\u00e9ral des Lazaristes M. Jacquier d&rsquo;envoyer des missionnaires en Chine pour remplacer les ... Read More","og_url":"https:\/\/vincentians.com\/fr\/francois-regis-clet-pretre-de-la-mission-martyr-en-chine-1748-1820-04\/","og_site_name":"Nous Sommes Vincentiens","article_publisher":"https:\/\/www.facebook.com\/WeAreVincentians\/","article_author":"https:\/\/www.facebook.com\/JavierChento","article_published_time":"2014-01-04T11:05:41+00:00","author":"Francisco Javier Fern\u00e1ndez Chento","twitter_card":"summary_large_image","twitter_creator":"@https:\/\/twitter.com\/javierchento","twitter_site":"@WeVincentians","twitter_misc":{"\u00c9crit par":"Francisco Javier Fern\u00e1ndez Chento","Dur\u00e9e de lecture estim\u00e9e":"20 minutes"},"schema":{"@context":"https:\/\/schema.org","@graph":[{"@type":"WebPage","@id":"https:\/\/vincentians.com\/fr\/francois-regis-clet-pretre-de-la-mission-martyr-en-chine-1748-1820-04\/","url":"https:\/\/vincentians.com\/fr\/francois-regis-clet-pretre-de-la-mission-martyr-en-chine-1748-1820-04\/","name":"Fran\u00e7ois-R\u00e9gis Clet : pr\u00eatre de la Mission, martyr en Chine, 1748-1820 (04) - Nous Sommes Vincentiens","isPartOf":{"@id":"https:\/\/vincentians.com\/fr\/#website"},"primaryImageOfPage":{"@id":"https:\/\/vincentians.com\/fr\/francois-regis-clet-pretre-de-la-mission-martyr-en-chine-1748-1820-04\/#primaryimage"},"image":{"@id":"https:\/\/vincentians.com\/fr\/francois-regis-clet-pretre-de-la-mission-martyr-en-chine-1748-1820-04\/#primaryimage"},"thumbnailUrl":"","datePublished":"2014-01-04T11:05:41+00:00","author":{"@id":"https:\/\/vincentians.com\/fr\/#\/schema\/person\/9623ef4d9aa3b2dfb8c061f1499288f2"},"breadcrumb":{"@id":"https:\/\/vincentians.com\/fr\/francois-regis-clet-pretre-de-la-mission-martyr-en-chine-1748-1820-04\/#breadcrumb"},"inLanguage":"fr-FR","potentialAction":[{"@type":"ReadAction","target":["https:\/\/vincentians.com\/fr\/francois-regis-clet-pretre-de-la-mission-martyr-en-chine-1748-1820-04\/"]}]},{"@type":"ImageObject","inLanguage":"fr-FR","@id":"https:\/\/vincentians.com\/fr\/francois-regis-clet-pretre-de-la-mission-martyr-en-chine-1748-1820-04\/#primaryimage","url":"","contentUrl":""},{"@type":"BreadcrumbList","@id":"https:\/\/vincentians.com\/fr\/francois-regis-clet-pretre-de-la-mission-martyr-en-chine-1748-1820-04\/#breadcrumb","itemListElement":[{"@type":"ListItem","position":1,"name":"Portada","item":"https:\/\/vincentians.com\/fr\/"},{"@type":"ListItem","position":2,"name":"Fran\u00e7ois-R\u00e9gis Clet : pr\u00eatre de la Mission, martyr en Chine, 1748-1820 (04)"}]},{"@type":"WebSite","@id":"https:\/\/vincentians.com\/fr\/#website","url":"https:\/\/vincentians.com\/fr\/","name":"Nous Sommes Vincentiens","description":"Know more to serve more","potentialAction":[{"@type":"SearchAction","target":{"@type":"EntryPoint","urlTemplate":"https:\/\/vincentians.com\/fr\/?s={search_term_string}"},"query-input":{"@type":"PropertyValueSpecification","valueRequired":true,"valueName":"search_term_string"}}],"inLanguage":"fr-FR"},{"@type":"Person","@id":"https:\/\/vincentians.com\/fr\/#\/schema\/person\/9623ef4d9aa3b2dfb8c061f1499288f2","name":"Francisco Javier Fern\u00e1ndez Chento","image":{"@type":"ImageObject","inLanguage":"fr-FR","@id":"https:\/\/vincentians.com\/fr\/#\/schema\/person\/image\/","url":"https:\/\/secure.gravatar.com\/avatar\/497d5cde87b4c3d097d0315953521681ba2cd523ee66e5077c3711f7021e65de?s=96&d=mm&r=g","contentUrl":"https:\/\/secure.gravatar.com\/avatar\/497d5cde87b4c3d097d0315953521681ba2cd523ee66e5077c3711f7021e65de?s=96&d=mm&r=g","caption":"Francisco Javier Fern\u00e1ndez Chento"},"description":"Director General y cofundador de La Red de Formaci\u00f3n Vicenciana. Javier es laico vicenciano, afiliado a la Congregaci\u00f3n de la Misi\u00f3n y miembro del Equipo de Misiones Populares de la provincia can\u00f3nica de Zaragoza (Espa\u00f1a) de la Congregaci\u00f3n de la Misi\u00f3n. Graduado en la Universidad Oberta de Catalunya con cuatro grados (Asistente de direcci\u00f3n, Gesti\u00f3n Administrativa, Recursos Humanos y Contabilidad Avanzada). Bil\u00edng\u00fce Espa\u00f1ol\/Ingl\u00e9s. gestiona y mantiene varias p\u00e1ginas web cristianas y vicencianas, incluida including La Red de Formaci\u00f3n Vicenciana, de la que es cofundador. Actualmente es responsable del \u00e1rea de Espa\u00f1ol de .famvin, la Red de Noticias de la Familia Vicenciana. Tambi\u00e9n es m\u00fasico cat\u00f3lico y ha editado varios discos. Es Director General y cofundador de Trovador, una reconocida compa\u00f1\u00eda discogr\u00e1fica critiana de Espa\u00f1a. Trabaja en las Tecnolog\u00edas de la Informaci\u00f3n, ofreciendo servicios de alojamiento, dise\u00f1o y mantenimiento Web, as\u00ed como asesoramiento, formaci\u00f3n y soluciones inform\u00e1ticas, gesti\u00f3n documental y digitalizaci\u00f3n de textos, edici\u00f3n y maquetaci\u00f3n de libros, revistas, flyers, etc.","sameAs":["http:\/\/chento.org","https:\/\/www.facebook.com\/JavierChento","https:\/\/x.com\/https:\/\/twitter.com\/javierchento"],"url":"https:\/\/vincentians.com\/fr\/author\/chento\/"}]}},"jetpack_publicize_connections":[],"jetpack_featured_media_url":"","jetpack_sharing_enabled":true,"jetpack_shortlink":"https:\/\/wp.me\/p7ETMP-s06","jetpack-related-posts":[{"id":107653,"url":"https:\/\/vincentians.com\/fr\/francois-regis-clet-pretre-de-la-mission-martyr-en-chine-1748-1820-14\/","url_meta":{"origin":107638,"position":0},"title":"Fran\u00e7ois-R\u00e9gis Clet : pr\u00eatre de la Mission, martyr en Chine, 1748-1820 (14)","author":"Francisco Javier Fern\u00e1ndez Chento","date":"14\/01\/2014","format":false,"excerpt":"Annexe I : Les grandes dates de l'histoire chr\u00e9tienne de la Chine 645 Introduction du bouddhisme en Chine par un p\u00e8lerin chinois de retour d'un p\u00e8lerinage en Inde aux sources du bouddhisme. 627-549 R\u00e8gne de l'empereur Taitsong le Grand 635 Arriv\u00e9e \u00e0 la capitale Tchan-Ngan du moine nestorien Alopen venant\u2026","rel":"","context":"Dans &quot;Fran\u00e7ois-R\u00e9gis Clet&quot;","block_context":{"text":"Fran\u00e7ois-R\u00e9gis Clet","link":"https:\/\/vincentians.com\/fr\/category\/francois-regis-clet\/"},"img":{"alt_text":"","src":"","width":0,"height":0},"classes":[]},{"id":107631,"url":"https:\/\/vincentians.com\/fr\/francois-regis-clet-pretre-de-la-mission-martyr-en-chine-1748-1820-01\/","url_meta":{"origin":107638,"position":1},"title":"Fran\u00e7ois-R\u00e9gis Clet : pr\u00eatre de la Mission, martyr en Chine, 1748-1820 (01)","author":"Francisco Javier Fern\u00e1ndez Chento","date":"01\/01\/2014","format":false,"excerpt":"Avant Propos Le 2 juin 1997 sur la grande place Saint Pierre de Rome se d\u00e9roul\u00e8rent les fastes de la canonisation de saint Jean-Gabriel Perboyre. Un soleil \u00e9clatant mettait en valeur les couleurs rouge ou amarante des soutanes cardinalices ou \u00e9piscopales, les uniformes aux rayures de bleu et d'orange des\u2026","rel":"","context":"Dans &quot;Fran\u00e7ois-R\u00e9gis Clet&quot;","block_context":{"text":"Fran\u00e7ois-R\u00e9gis Clet","link":"https:\/\/vincentians.com\/fr\/category\/francois-regis-clet\/"},"img":{"alt_text":"Vie du Bienheureux Fran\u00e7ois-R\u00e9gis Clet : pr\u00eatre de la Congr\u00e9","src":"https:\/\/i0.wp.com\/vincentiens.org\/wp-content\/uploads\/2014\/01\/regis_clet-210x300.jpg?resize=350%2C200","width":350,"height":200},"classes":[]},{"id":37777,"url":"https:\/\/vincentians.com\/fr\/jusquau-bout-de-lamour-francois-regis-clet-1748-1820\/","url_meta":{"origin":107638,"position":2},"title":"\u00abJusqu\u2019au Bout De L\u2019amour&#8230;\u00bb: Fran\u00e7ois-R\u00e9gis Clet (1748-1820)","author":"Francisco Javier Fern\u00e1ndez Chento","date":"30\/12\/2012","format":false,"excerpt":"\u00c0 la decouverte de l\u2019amour 1) L\u2019enfance d\u2019une vie Grenoble \u00abla rebelle: compte pr\u00e8s de 30 000 habitants en cette ann\u00e9e 1748. La famille Clet habite la rue Porte Traine, au num\u00e9ro 14, pr\u00e8s de l\u2019atelier du n\u00e9gociant en toiles qui emploie le p\u00e8re. C\u00e9saire Clet est mari\u00e9 \u00e0 Claudine\u2026","rel":"","context":"Dans &quot;Fran\u00e7ois-R\u00e9gis Clet&quot;","block_context":{"text":"Fran\u00e7ois-R\u00e9gis Clet","link":"https:\/\/vincentians.com\/fr\/category\/francois-regis-clet\/"},"img":{"alt_text":"Fran\u00e7ois-R\u00e9gis Clet","src":"https:\/\/i0.wp.com\/vincentiens.org\/wp-content\/uploads\/2012\/12\/Fco_Regis_Clet-163x300.jpg?resize=350%2C200","width":350,"height":200},"classes":[]},{"id":107635,"url":"https:\/\/vincentians.com\/fr\/francois-regis-clet-pretre-de-la-mission-martyr-en-chine-1748-1820-07\/","url_meta":{"origin":107638,"position":3},"title":"Fran\u00e7ois-R\u00e9gis Clet : pr\u00eatre de la Mission, martyr en Chine, 1748-1820 (07)","author":"Francisco Javier Fern\u00e1ndez Chento","date":"07\/01\/2014","format":false,"excerpt":"VI - La correspondance du P. Clet Les lettres de Fran\u00e7ois-R\u00e9gis \u00e0 sa s\u0153ur Nous n'avons que cinq lettres de M. Clet \u00e0 sa s\u0153ur a\u00een\u00e9e et marraine Marie-Th\u00e9r\u00e8se. Elles concernent sa candidature de missionnaire pour la Chine et son voyage. Il essaie de lui faire part de son enthousiasme.\u2026","rel":"","context":"Dans &quot;Fran\u00e7ois-R\u00e9gis Clet&quot;","block_context":{"text":"Fran\u00e7ois-R\u00e9gis Clet","link":"https:\/\/vincentians.com\/fr\/category\/francois-regis-clet\/"},"img":{"alt_text":"Vie du Bienheureux Fran\u00e7ois-R\u00e9gis Clet : pr\u00eatre de la Congr\u00e9","src":"https:\/\/i0.wp.com\/vincentiens.org\/wp-content\/uploads\/2014\/01\/regis_clet-210x300.jpg?resize=350%2C200","width":350,"height":200},"classes":[]},{"id":107654,"url":"https:\/\/vincentians.com\/fr\/francois-regis-clet-pretre-de-la-mission-martyr-en-chine-1748-1820-13\/","url_meta":{"origin":107638,"position":4},"title":"Fran\u00e7ois-R\u00e9gis Clet : pr\u00eatre de la Mission, martyr en Chine, 1748-1820 (13)","author":"Francisco Javier Fern\u00e1ndez Chento","date":"13\/01\/2014","format":false,"excerpt":"XII - La V\u00e9n\u00e9ration \u00e0 l'\u00e9gard du martyr Le P. Clet \u00e9tait entour\u00e9 d'une telle r\u00e9putation de saintet\u00e9 que sa tombe devint l'objet d'un v\u00e9ritable p\u00e8lerinage. Les chr\u00e9tiens et les pa\u00efens allaient, avec une totale confiance, demander au saint martyr la d\u00e9livrance de leurs maux. Ils allaient jusqu'\u00e0 arracher les\u2026","rel":"","context":"Dans &quot;Fran\u00e7ois-R\u00e9gis Clet&quot;","block_context":{"text":"Fran\u00e7ois-R\u00e9gis Clet","link":"https:\/\/vincentians.com\/fr\/category\/francois-regis-clet\/"},"img":{"alt_text":"Vie du Bienheureux Fran\u00e7ois-R\u00e9gis Clet : pr\u00eatre de la Congr\u00e9","src":"https:\/\/i0.wp.com\/vincentiens.org\/wp-content\/uploads\/2014\/01\/regis_clet-210x300.jpg?resize=350%2C200","width":350,"height":200},"classes":[]},{"id":107672,"url":"https:\/\/vincentians.com\/fr\/francois-regis-clet-pretre-de-la-mission-martyr-en-chine-1748-1820-19\/","url_meta":{"origin":107638,"position":5},"title":"Fran\u00e7ois-R\u00e9gis Clet : pr\u00eatre de la Mission, martyr en Chine, 1748-1820 (19)","author":"Francisco Javier Fern\u00e1ndez Chento","date":"19\/01\/2014","format":false,"excerpt":"Annexe VI : Le r\u00e9gime p\u00e9nitentiaire chinois propos\u00e9 en exemple Le P. Clet envoie \u00e0 son correspondant \u00e0 Paris, son confr\u00e8re M. Richenet, une description d\u00e9taill\u00e9e des prisons de Chine, souhaitant qu'avec l'agr\u00e9ment du Sup\u00e9rieur g\u00e9n\u00e9ral, elle soit publi\u00e9e et transmise aux pouvoirs publics de la France, mais ne veut\u2026","rel":"","context":"Dans &quot;Fran\u00e7ois-R\u00e9gis Clet&quot;","block_context":{"text":"Fran\u00e7ois-R\u00e9gis Clet","link":"https:\/\/vincentians.com\/fr\/category\/francois-regis-clet\/"},"img":{"alt_text":"","src":"","width":0,"height":0},"classes":[]}],"_links":{"self":[{"href":"https:\/\/vincentians.com\/fr\/wp-json\/wp\/v2\/posts\/107638","targetHints":{"allow":["GET"]}}],"collection":[{"href":"https:\/\/vincentians.com\/fr\/wp-json\/wp\/v2\/posts"}],"about":[{"href":"https:\/\/vincentians.com\/fr\/wp-json\/wp\/v2\/types\/post"}],"author":[{"embeddable":true,"href":"https:\/\/vincentians.com\/fr\/wp-json\/wp\/v2\/users\/4"}],"replies":[{"embeddable":true,"href":"https:\/\/vincentians.com\/fr\/wp-json\/wp\/v2\/comments?post=107638"}],"version-history":[{"count":0,"href":"https:\/\/vincentians.com\/fr\/wp-json\/wp\/v2\/posts\/107638\/revisions"}],"wp:featuredmedia":[{"embeddable":true,"href":"https:\/\/vincentians.com\/fr\/wp-json\/"}],"wp:attachment":[{"href":"https:\/\/vincentians.com\/fr\/wp-json\/wp\/v2\/media?parent=107638"}],"wp:term":[{"taxonomy":"category","embeddable":true,"href":"https:\/\/vincentians.com\/fr\/wp-json\/wp\/v2\/categories?post=107638"},{"taxonomy":"post_tag","embeddable":true,"href":"https:\/\/vincentians.com\/fr\/wp-json\/wp\/v2\/tags?post=107638"}],"curies":[{"name":"wp","href":"https:\/\/api.w.org\/{rel}","templated":true}]}}