{"id":107460,"date":"2013-12-27T10:27:29","date_gmt":"2013-12-27T09:27:29","guid":{"rendered":"http:\/\/vincentiens.org\/?p=107460"},"modified":"2013-12-27T10:27:29","modified_gmt":"2013-12-27T09:27:29","slug":"histoire-dun-regard-sur-le-pauvre-3","status":"publish","type":"post","link":"https:\/\/vincentians.com\/fr\/histoire-dun-regard-sur-le-pauvre-3\/","title":{"rendered":"Histoire d&rsquo;un regard sur le pauvre (3)"},"content":{"rendered":"<h2>3. Un regard qui s&rsquo;\u00e9largit, un regard gni s&rsquo;universalise (1618-1648&#8230;)<\/h2>\n<p><a href=\"https:\/\/i0.wp.com\/vincentiens.org\/wp-content\/uploads\/2013\/12\/Un_infini_regard_.jpg\"><img data-recalc-dims=\"1\" loading=\"lazy\" decoding=\"async\" class=\"alignright size-medium wp-image-107455\" alt=\"Un_infini_regard_\" src=\"https:\/\/i0.wp.com\/vincentiens.org\/wp-content\/uploads\/2013\/12\/Un_infini_regard_-225x300.jpg?resize=225%2C300\" width=\"225\" height=\"300\" \/><\/a>Apr\u00e8s l&rsquo;exp\u00e9rience spirituelle et pastoraie de Ch\u00e2tillon, saint Vincent croit avoir enfin trouv\u00e9 sa vocation, sa voie : il sera cur\u00e9 de campagne, comme le \u00ab cur\u00e9 d&rsquo;Ars \u00bb quelque deux cents ans plus tard \u00e0 peu pr\u00e8s dans la m\u00eame r\u00e9gion. Un cur\u00e9 de campagne ayant un projet (un projet pastoral, dirait-on aujourd&rsquo;hui) : donner priorit\u00e9 aux pauvres, susciter et animer pour cela un la\u00efcat, veiller \u00e0 mener toujours de front promotion (saint Vincent disait service) et \u00e9vang\u00e9lisation. On trouve dans les documents du proc\u00e8s de b\u00e9atification le bilan impressionnant de son action pastorale au cours de ces quelque six mois de pr\u00e9sence dans la paroisse de Ch\u00e2tillon (XIII, 45-54).<\/p>\n<p>Six mois seulement, en effet, car la famille des Gondi ne s&rsquo;est pas con\u00adsol\u00e9e de son d\u00e9part et a entrepris toutes les d\u00e9marches n\u00e9cessaires pour l&rsquo;obli\u00adger moralement \u00e0 r\u00e9int\u00e9grer son poste. Saint Vincent quitte Ch\u00e2tillon aux environs de No\u00ebl 1617 mais il ne revient pas chez les de Gondi pour reprendre son poste de pr\u00e9cepteur. Il revient pour se consacrer totalement aux quelque 7 ou 8 000 pauvres villageois qui vivent sur les immenses terres de la famille. Peut-\u00eatre, le souvenir du pauvre vieillard de Gannes a-t-il eu quelque influence dans cette d\u00e9cision qui, on le verra, n&rsquo;est en rien un pas en arri\u00e8re&#8230; bien au contraire ! Saint Vincent se croyait appel\u00e9 \u00e0 \u00eatre et demeurer un bon cur\u00e9 de campagne ; la Providence lui destinait un champ d&rsquo;action infiniment plus vaste et, jour apr\u00e8s jour, exp\u00e9rience apr\u00e8s exp\u00e9rience, il en prendra pro\u00adgressivement conscience.<\/p>\n<p>Revenu chez les de Gondi, il envisage d&rsquo;exploiter et monnayer les exp\u00e9\u00adriences capitales de Gannes-Folleville et de Ch\u00e2tillon : il pr\u00eachera des mis\u00adsions dans chacun des villages situ\u00e9s sur les terres des Gondi (comme \u00e0 Folle-ville) et y constituera des \u00e9quipes de la\u00efcs pour venir en aide aux pauvres malades en s&rsquo;inspirant de la premi\u00e8re Confr\u00e9rie de la Charit\u00e9 de Ch\u00e2tillon. Les objectifs sont donc clairs et le champ d\u00e9limit\u00e9 : des \u00ab missions \u00bb rurales, des \u00ab confr\u00e9ries \u00bb pour les pauvres malades \u00e0 domicile. Missions et confr\u00e9\u00adries \u00e9tant en quelque sorte les deux volets de son action pastorale et sociale.<\/p>\n<p>Au d\u00e9but de l&rsquo;ann\u00e9e 1618, il croit pouvoir en rester l\u00e0 et vivre ainsi son sacerdoce et son charisme. Il a parfaitement assimil\u00e9 les exp\u00e9riences de Gannes-Folleville et de Ch\u00e2tillon et va en faire b\u00e9n\u00e9ficier les pauvres villa\u00adgeois.<\/p>\n<p>Mais saint Vincent n&rsquo;est d\u00e9cid\u00e9ment l&rsquo;homme ni d&rsquo;une sp\u00e9cialisation ni d&rsquo;un territoire d\u00e9limit\u00e9 ; il est trop attentif \u00e0 ce que l&rsquo;on appellerait aujourd&rsquo;hui \u00ab les signes des temps \u00bb. Pour l&rsquo;instant, <i>sociologiquement <\/i>il ne s&rsquo;adresse qu&rsquo;aux pauvres du monde rural ; <i>g\u00e9ographiquement <\/i>il se limite au domaine, d&rsquo;ailleurs tr\u00e8s vaste, des Gondi. Entre 1618 et 1648, <i>les \u00e9v\u00e9nements <\/i>qui, pour lui, comme disait Pascal, seront \u00ab <i>des MAITRES que Dieu nous donne \u00bb <\/i>vont l&rsquo;amener \u00e0 \u00e9largir ind\u00e9finiment sa conception sociologique du pauvre, \u00e0 \u00e9tendre son regard et le sens de sa responsabilit\u00e9 jusqu&rsquo;aux extr\u00e9\u00admit\u00e9s du monde.<\/p>\n<p>Pour suivre ce cheminement providentiel d&rsquo;une conversion prenant irr\u00e9sistiblement les dimensions de l&rsquo;Eglise et du monde, le mieux est, sans doute, d&rsquo;\u00e9voquer rapidement l&rsquo;\u00e9volution des trois fondations principales de saint Vincent du point de vue sociologique, puis g\u00e9ographique : d&rsquo;abord les Confr\u00e9ries de la Charit\u00e9, ensuite la Congr\u00e9gation de la Mission et enfin la Compagnie des Filles de la Charit\u00e9.<\/p>\n<h3><i>a. Un regard qui s&rsquo;\u00e9largit<\/i><\/h3>\n<p style=\"text-align: center\"><i>de la rencontre d&rsquo;un pauvre \u00e0 la d\u00e9couverte de TOUS les PAUVRES.<\/i><\/p>\n<h4>i. LES \u00ab CONFR\u00c9RIES \u00bb.<\/h4>\n<p>Lorsque saint Vincent revient sur les terres des Gondi, il envisage de fonder en chaque village \u00ab une confr\u00e9rie \u00bb sur le mod\u00e8le de Ch\u00e2tillon : pour la visite des malades pauvres \u00e0 <i>domicile ; <\/i>mais en septembre 1618, pr\u00eachant une mission \u00e0 Joigny, il visite un petit h\u00f4pital. Depuis l&rsquo;exp\u00e9rience de Ch\u00e2til\u00adlon, il pensait que les malades les plus abandonn\u00e9s \u00e9taient ceux qui restaient \u00e9loign\u00e9s de tout et de tous, et il se rend compte que les pauvres \u00ab hospitali\u00ads\u00e9s \u00bb sont \u00e9galement parmi les plus d\u00e9sh\u00e9rit\u00e9s. Qu&rsquo;importe, sa toute jeune fondation \u00e9voluera pour r\u00e9pondre \u00e0 cet appel (XIII, 441). Dans ce cas pr\u00e9cis, l&rsquo;\u00e9volution est minime et sans probl\u00e8me puisqu&rsquo;il s&rsquo;agit d&rsquo;ouvrir une institu\u00adtion con\u00e7ue pour les pauvres malades-\u00e0-domicile \u00e0 des malades hospitalis\u00e9s, mais ce que l&rsquo;on peut appeler le \u00ab <i>r\u00e9flexe vincentien \u00bb est d\u00e9j\u00e0 discernable. Saint Vincent n&rsquo;est pas homme d&rsquo;institution ni de sp\u00e9cialisation. Il accepte spontan\u00e9ment la r\u00e9alit\u00e9 du pauvre telle qu&rsquo;elle est et quelle qu&rsquo;elle soit, quitte \u00e0 modifier plan, projet et structures pour les adapter sans cesse \u00e0 la r\u00e9alit\u00e9 du pauvre et \u00e0 ses appels circonstanci\u00e9s.<\/i><\/p>\n<p>En 1619, Vincent, sur intervention de M. de Gondi, est nomm\u00e9 \u00ab aum\u00f4nier g\u00e9n\u00e9ral des gal\u00e8res \u00bb (l&rsquo;\u00e9quivalent peut-\u00eatre d&rsquo;aum\u00f4nier g\u00e9n\u00e9ral des prisons aujourd&rsquo;hui). Cette responsabilit\u00e9 l&rsquo;am\u00e8ne \u00e0 approcher une nou\u00advelle forme de mis\u00e8re et l&rsquo;on s&rsquo;aper\u00e7oit qu&rsquo;aussit\u00f4t sa fondation des \u00ab Con\u00adfr\u00e9ries de la Charit\u00e9 \u00bb s&rsquo;adapte pour r\u00e9pondre \u00e0 cet appel des pauvres prison\u00adniers (XIII, 475.).<\/p>\n<p>Le 23 octobre 1620, la \u00ab Confr\u00e9rie \u00bb est encore remani\u00e9e et, cette fois, de fond en comble, devenant une association mixte. C&rsquo;est qu&rsquo;une fois encore, le regard de saint Vincent s&rsquo;est consid\u00e9rablement \u00e9largi&#8230; au rythme de ses rencontres et observations. Jusque-l\u00e0, mis \u00e0 part le cas des prisonniers, il s&rsquo;en \u00e9tait tenu au service des malades pauvres (qui conserveront d&rsquo;ailleurs, dans l&rsquo;action de saint Vincent, comme une sorte de pr\u00e9dilection et de prio\u00adrit\u00e9) ; mais une exp\u00e9rfence plus \u00e9tendue l&rsquo;am\u00e8ne \u00e0 prendre conscience de quantit\u00e9 d&rsquo;autres formes et situations de mis\u00e8re et d&rsquo;injustice : les enfants pauvres (probl\u00e8mes d&rsquo;\u00e9ducation et d&rsquo;apprentissage), les vieillards, les adultes sans travail, les orphelins, les veuves et m\u00eame ce qu&rsquo;il appelle \u00ab <i>les pauvres honteux \u00bb : <\/i>les ruin\u00e9s du fait des guerres. Comme toujours, le \u00ab r\u00e9flexe vin\u00adcentien \u00bb se manifeste, rapide, adapt\u00e9 et la structure de la \u00ab Confr\u00e9rie \u00bb se transforme pour r\u00e9pondre efficacement \u00e0 ces divers appels des pauvres (XIII, 484).<\/p>\n<p>Nous sommes en 1620, trois ans \u00e0 peine apr\u00e8s la \u00ab r\u00e9v\u00e9lation \u00bb de Ch\u00e2\u00adtillon et d\u00e9j\u00e0 bien loin de ces \u00ab huit pieuses demoiselles et vertueuses bour\u00adgeoises \u00bb du premier r\u00e8glement des \u00ab Confr\u00e9ries \u00bb. Depuis, le regard de saint Vincent s&rsquo;est \u00e9tendu aux h\u00f4pitaux, aux prisons, aux \u00e9coles, \u00e0 l&rsquo;apprentissage, aux vieillards, aux veuves pauvres et aux \u00ab pauvres honteux \u00bb. Il en sera ainsi jusqu&rsquo;\u00e0 la mort de saint Vincent, et depuis, en ce qui concerne les \u00ab <i>Confr\u00e9\u00adries de la Charit\u00e9 \u00bb <\/i>(aujourd&rsquo;hui : Equipes Saint Vincent en France et Asso\u00adciation Internationale des Charit\u00e9s \u2014 A.I.C. \u2014 sur le plan international).<\/p>\n<h4>ii. LA CONGR\u00c9GATION DE LA MISSION.<\/h4>\n<p>Fond\u00e9e par saint Vincent le 17 avril 1625. Le processus est exactement le m\u00eame : il s&rsquo;agit, au d\u00e9part, d&rsquo;une petite \u00e9quipe de pr\u00eatres consacr\u00e9s \u00e0 l&rsquo;\u00e9vang\u00e9lisation des \u00ab <i>pauvres gens des champs \u00bb, <\/i>vivant et travaillant sur les terres des Gondi : une institution donc sp\u00e9cialis\u00e9e et \u00ab localis\u00e9e \u00bb (XIII, 197\u00ad202).<\/p>\n<p>Or, tr\u00e8s rapidement, cette \u00ab sp\u00e9cialisation sociologique \u00bb et cette limi\u00adtation g\u00e9ographique sont provoqu\u00e9es et contest\u00e9es par les r\u00e9alit\u00e9s, les exigen\u00adces, les appels des pauvres et, l\u00e0 encore, la structure, les projets, les plans de la Congr\u00e9gation de la Mission ne cessent d&rsquo;\u00e9voluer, de s&rsquo;adapter aux nouvel\u00adles situations de pauvret\u00e9 auxquelles elle se trouve confront\u00e9e.<\/p>\n<p>Condition particuli\u00e8rement ins\u00e9curisante pour un jeune institut et dans l&rsquo;une de ses meilleures conf\u00e9rences, celle du 6 d\u00e9cembre 1658 (XII, 73-94), saint Vincent \u00e2g\u00e9 de 78 ans \u00e9voque, mime et ridiculise presque (en bon gas\u00adcon) l&rsquo;attitude et les r\u00e9actions de ses jeunes disciples trop timor\u00e9s \u00e0 son go\u00fbt devant l&rsquo;effarant \u00e9ventail des engagements missionnaires et sociaux qui leur sont propos\u00e9s.<\/p>\n<p style=\"padding-left: 30px\">\u00ab Mais qui sera-ce qui nous d\u00e9tournera de ces biens commenc\u00e9s ? Ce seront des esprits libertins, libertins, libertins, qui ne demandent qu&rsquo;\u00e0 se divertir et pourvu qu&rsquo;il y ait \u00e0 d\u00eener, ne se mettent en peine d&rsquo;autre chose. Qui encore ? Ce seront&#8230; Il vaut mieux que je ne le dise pas ! Ce seront des gens mitonn\u00e9s (il disait cela, note le secr\u00e9taire, en mettant les mains sous ses aisselles, contre\u00adfaisant le paresseux), des gens qui <i>N&rsquo;ONT QU&rsquo;UNE PETITE PERIPHERIE, QUI BORNENT leur <\/i>vue et leurs desseins \u00e0 <i>CERTAINE CIRCONFERENCE <\/i>o\u00f9 ils <i>S&rsquo;ENFERMENT <\/i>comme en un point ; <i>ILS NE VEULENT SORTIR DE LA ; <\/i>et si on leur montre quelque chose <i>AU<\/i><i>&#8211;<\/i><i>DELA <\/i>et qu&rsquo;ils s&rsquo;en approchent pour la consid\u00e9rer, aussit\u00f4t ils retournent en leur centre, <i>COMME LES LIMA\u00c7ONS EN LEUR COQUILLE&#8230; <\/i>(et le secr\u00e9taire, manifestement sub\u00adjugu\u00e9 par le fond et la forme du passage, ajoute en note : il faisait de certains gestes de mains et des mouvements de t\u00eate, et avec une certaine inflexion de voix d\u00e9daigneuse, en sorte que cela exprimait mieux ce qu&rsquo;il voulait dire que ce qu&rsquo;il disait. \u00bb (XII, 92-93.)<\/p>\n<p>Il est bien vrai que pour suivre saint Vincent, dans la Congr\u00e9gation de la Mission, mieux valait ne pas \u00eatre \u00ab lima\u00e7on \u00bb ! Fond\u00e9 d&rsquo;abord et unique\u00adment pour l&rsquo;\u00e9vang\u00e9lisation des pauvres gens des champs, l&rsquo;institut eut \u00e0 se conformer et s&rsquo;adapter, progressivement, \u00e0 toutes les formes et situations de mis\u00e8res et injustices que saint Vincent d\u00e9celait et rencontrait, tant \u00e0 la ville qu&rsquo;\u00e0 la campagne, dans les prisons, les h\u00f4pitaux, les orphelinats, etc. Se rendant rapidement compte de l&rsquo;importance de bdns pasteurs orient\u00e9s vers les pauvres, saint Vincent engagea \u00e9galement ses confr\u00e8res dans la formation du clerg\u00e9. On comprend que les \u00ab gens mitonn\u00e9s et de petite p\u00e9riph\u00e9rie \u00bb se soient un peu sentis asphyxi\u00e9s par un tel programme missionnaire. Pas saint Vincent, m\u00eame \u00e0 78 ans ! Comme il le dira et redira : \u00ab <i>les pauvres sont nos ma\u00eetres et seigneurs \u00bb. <\/i>A eux de se manifester tels qu&rsquo;ils sont ; \u00e0 nous de nous adapter, de nous convertir pour les rejoindre l\u00e0 o\u00f9 ils sont.<\/p>\n<h4>iii. LES FILLES DE LA CHARIT\u00c9.<\/h4>\n<p>La Compagnie des Filles de la Charit\u00e9 fut fond\u00e9e en novembre 1633 <i>par saint Vincent et sainte Louise de Marillac. <\/i>On pourrait ajouter \u00e0 ces deux noms tr\u00e8s connus celui de <i>Marguerite Naseau : <\/i>une pauvre villageoise de Suresne qui se pr\u00e9senta un jour de 1630 \u00e0 saint Vincent \u00ab <i>pour servir les pau\u00advres \u00bb. <\/i>Jusqu&rsquo;alors, dans la logique de l&rsquo;exp\u00e9rience de Ch\u00e2tillon et aussi de son long s\u00e9jour chez les de Gondi, saint Vincent s&#8217;employait surtout \u00e0 orien\u00adter la g\u00e9n\u00e9rosit\u00e9 des personnes plus favoris\u00e9es vers les pauvres. Marguerite Naseau, lui rappelant soudainement ses propres origines paysannes et pau\u00advres, l&rsquo;am\u00e8ne \u00e0 concevoir ou pressentir ce que l&rsquo;on appellerait aujourd&rsquo;hui l&rsquo;apostolat du milieu par le milieu ou la n\u00e9cessit\u00e9 pour un milieu de trouver en son sein les ressorts de sa propre promotion et de son salut. L&rsquo;engagement de Marguerite Naseau, \u00ab <i>la premi\u00e8re Fille de la Charit\u00e9 \u00bb <\/i>selon saint Vincent (IX, 77), est certainement \u00e0 l&rsquo;origine de la fondation des Filles de la Charit\u00e9.<\/p>\n<p>Con\u00e7ues d&rsquo;abord pour la visite des malades pauvres \u00e0 domicile, dans le cadre des Confr\u00e9ries de la Charit\u00e9 de Paris, elles se retrouveront tr\u00e8s vite dans les h\u00f4pitaux, les \u00e9coles pauvres, au service des prisonniers, sur le champ de bataille soignant les bless\u00e9s&#8230; et&#8230; partout o\u00f9 il y a des pauvres.<\/p>\n<p>Nous retrouvons l\u00e0 exactement la m\u00eame \u00e9volution que dans les Con\u00adfr\u00e9ries et la Congr\u00e9gation de la Mission. D\u00e9cid\u00e9ment, il semble que ce soit la tare ou plut\u00f4t la gr\u00e2ce originelle de toutes les fondations de saint Vincent : dans un premier temps, bien court !, l&rsquo;objectif appara\u00eet bien pr\u00e9cis et d\u00e9li\u00admit\u00e9. Mais la d\u00e9couverte des formes pratiquement infinies de pauvret\u00e9 dans le Royaume de France et dans le monde am\u00e8ne saint Vincent \u00e0 \u00e9largir sans cesse les horizons de ses instituts et \u00e0 les adapter en cons\u00e9quence. Cela d&rsquo;ail\u00adleurs ne semble gu\u00e8re le pr\u00e9occuper. Dans une conf\u00e9rence aux Filles de la Charit\u00e9 du 18 octobre 1655, il pr\u00e9sente m\u00eame cette diversification invraisem\u00adblable des oeuvres et engagements comme une gr\u00e2ce et une sorte de r\u00e9com\u00adpense de la Providence !<\/p>\n<p style=\"padding-left: 30px\">\u00ab Vous vous \u00eates donn\u00e9es principalement \u00e0 Dieu pour vivre en bonnes chr\u00e9\u00adtiennes, pour \u00eatre bonnes Filles de la Charit\u00e9, pour travailler aux vertus pro\u00adpres \u00e0 votre fin, <i>POUR <\/i>assister les pauvres malades&#8230; et Dieu voyant qu&rsquo;elles le faisaient si soigneusement, les allant chercher dans leur maison comme fai\u00adsait Notre-Seigneur le plus souvent, a dit : \u00ab Ces filles me plaisent ; elles se sont bien acquitt\u00e9es de cet emploi ; <i>JE VEUX LEUR EN DONNER UN SECOND. \u00bb <\/i>C&rsquo;est, mes soeurs, ces pauvres enfants abandonn\u00e9s qui n&rsquo;avaient personne qui prissent soin d&rsquo;eux ; et Notre-Seigneur s&rsquo;est voulu servir de la Compagnie pour en avoir soin ; dont je rends gr\u00e2ces \u00e0 sa bont\u00e9.<\/p>\n<p style=\"padding-left: 30px\">Comme il a donc vu que vous aviez embrass\u00e9 cela avec tant de charit\u00e9, il a dit : \u00ab Je veux encore leur donner un autre emploi \u00bb&#8230; c&rsquo;est l&rsquo;assistance des pau\u00advres criminels ou for\u00e7ats&#8230; \u00bb (X, 124-125.)<\/p>\n<p>Et voil\u00e0 comment Saint Vincent, avec sans doute un peu d&rsquo;humour et beaucoup de foi, justifie la diversit\u00e9 des engagements de la Compagnie des Filles de la Charit\u00e9. Les pauvres sont innombrables et infiniment diversifi\u00e9s mais ils sont \u00ab <i>ma\u00eetres et seigneurs \u00bb ; <\/i>aux servantes et serviteurs de s&rsquo;y adap\u00adter.<\/p>\n<p>C&rsquo;est ainsi que, sociologiquement, le regard de saint Vincent n&rsquo;a cess\u00e9 de s&rsquo;\u00e9largir depuis 1617 et, avec lui, les horizons de ses fondations. Il semble bien s&rsquo;\u00eatre toujours refus\u00e9 \u00e0 faire un choix parmi les pauvres, il les accepte tous, tels qu&rsquo;ils sont, dans leurs situations concr\u00e8tes, dans leurs besoins et leurs appels particuliers. Son regard s&rsquo;\u00e9largit sans cesse et s&rsquo;adapte comme doivent aussi s&rsquo;adapter ses structures et institutions.<\/p>\n<h3><i>b. Un regard qui s&rsquo;universalise<\/i><\/h3>\n<p style=\"text-align: center\"><i>de la petite paroisse de Ch\u00e2tillon&#8230; \u00e0 Madagascar<\/i><\/p>\n<p>Du pauvre vieillard de Gannes et de la famille abandonn\u00e9e de Ch\u00e2til\u00adlon, saint Vincent, simplement attentif \u00e0 la Providence se manifestant dans l&rsquo;\u00e9v\u00e9nement, en arrive \u00e0 se sentir solidaire et responsable pratiquement de toutes les mis\u00e8res et injustices de son temps. <i>GEOGRAPHIQUEMENT <\/i>le processus est le m\u00eame et son champ de conscience ne fera que s&rsquo;\u00e9tendre jusqu&rsquo;\u00e0 atteindre les limites de la terre.<\/p>\n<p>En ao\u00fbt 1617, les horizons de M. Vincent sont ceux de la petite paroisse rurale de Ch\u00e2tillon-les-Dombes. Au d\u00e9but de l&rsquo;ann\u00e9e 1618, son ter\u00adritoire \u00ab pastoral et social \u00bb s&rsquo;\u00e9tend sur toutes les terres des Gondi et, dix ans plus tard, le l<sup>er<\/sup> ao\u00fbt 1628, il \u00e9crit au pape Urbain VIII, parlant des travaux de ses premiers missionnaires :<\/p>\n<p style=\"padding-left: 30px\">\u00ab Ils remplissent leur pieux minist\u00e8re&#8230; non seulement dans les bourgs et les villages situ\u00e9s sur les terres (des Gondi)&#8230; mais encore dans beaucoup d&rsquo;autres parties de <i>ce <\/i>royaume de France, comme dans les archev\u00each\u00e9s de Paris et de Sens, dans les \u00e9v\u00each\u00e9s de Chalons, en Champagne, de Troyes, Soissons, Beau\u00advais, Amiens et Chartres o\u00f9 ils exercent leurs emplois pour le plus grand bien du pauvre peuple&#8230; \u00bb (I, 59.)<\/p>\n<p>Et apr\u00e8s le Royaume de France, ce seront l&rsquo;Italie, la Pologne, l&rsquo;Irlande, Alger, Tunis et enfin Madagascar en 1648. D\u00e9sormais, la charit\u00e9 et le regard de saint Vincent auront vraiment trouv\u00e9 leur champ de responsabi\u00adlit\u00e9 et d&rsquo;action : <i>TOUS <\/i>les pauvres <i>PARTOUT <\/i>o\u00f9 ils sont.<\/p>\n<p>La fondation de la <i>Mission de Madagascar <\/i>fut certainement, pour saint Vincent, une \u00e9tape tr\u00e8s importante et une r\u00e9v\u00e9lation du genre de celle de Folleville et de Ch\u00e2tillon. C&rsquo;est alors que sa charit\u00e9 prend d\u00e9finitivement les dimensions de l&rsquo;Eglise et du monde des pauvres. Et, jusqu&rsquo;\u00e0 sa mort, il se souciera beaucoup de l&rsquo;universalisme du regard et de la totale disponibilit\u00e9 de ses disciples. Un pr\u00eatre de la Mission qui n&rsquo;est pas imm\u00e9diatement dispos\u00e9 \u00e0 partir \u00e0 Madagascar n&rsquo;est qu&rsquo;une <i>carcasse <\/i>de missionnaire et une <i>poule mouill\u00e9e.<\/i><\/p>\n<p>Le 30 ao\u00fbt 1657, il apprend que, de tous les pr\u00eatres qu&rsquo;il a envoy\u00e9s dans la grande Ile, un seul a surv\u00e9cu, les autres ayant \u00e9t\u00e9 victimes de naufra\u00adges (le voyage durait alors plus de six mois !) ou victimes des fi\u00e8vres \u00e0 peine arriv\u00e9s. Et saint Vincent interpelle sa communaut\u00e9 :<\/p>\n<p style=\"padding-left: 30px\">\u00ab Quelqu&rsquo;un de cette Compagnie dira peut-\u00eatre qu&rsquo;il faut abandonner Mada\u00adgascar ; la chair et le sang tiendront ce langage qu&rsquo;il ne faut plus y envoyer ; mais je m&rsquo;assure que l&rsquo;esprit dit autrement. Quoi ! Messieurs, laisserons-nous l\u00e0 tout seul notre bon M. Bourdaise ?&#8230; serait-il bien possible que nous fus\u00adsions si l\u00e2ches de coeur et si eff\u00e9min\u00e9s que d&rsquo;abandonner cette vigne du Sei\u00adgneur o\u00f9 sa divine Majest\u00e9 nous a appel\u00e9s, parce que seulement en voil\u00e0 qua\u00adtre ou cinq ou six qui sont morts ! Et dites-moi, ce serait une belle arm\u00e9e, celle qui, pour avoir perdu deux ou trois, quatre ou cinq mille hommes&#8230; abandon\u00adnerait tout l\u00e0 ! Il ferait beau voir une arm\u00e9e ainsi faite, fuyarde et poltronne ! Disons de m\u00eame de la Mission : ce serait une belle Compagnie que celle de la Mission si, parce qu&rsquo;en voil\u00e0 cinq ou six de morts, elle abandonnait l&rsquo;oeuvre de Dieu ; Compagnie l\u00e2che, attach\u00e9e \u00e0 la chair et au sang ! Oh ! non, je ne crois pas que, dans la Compagnie, il y en ait un seul qui ait si peu de courage et qui ne soit tout dispos\u00e9 \u00e0 aller remplir les places de ceux qui sont morts. Je ne doute pas que la nature ne fr\u00e9misse un peu d&rsquo;abord ; mais l&rsquo;esprit qui tient le dessus, dit : \u00ab Je le veux ; Dieu m&rsquo;en a donn\u00e9 le d\u00e9sir ; non, cela ne sera pas capable de me faire abandonner cette r\u00e9solution&#8230; \u00bb (XI, 420-422.)<\/p>\n<p>Effectivement les volontaires ne manqu\u00e8rent jamais pour remplir les vides dans la Mission. Madagascar fut ainsi, tout \u00e0 la fois, la hantise et la grande passion de saint Vincent durant les derni\u00e8res ann\u00e9es de sa vie. Quel\u00adques mois avant sa mort, il \u00e9crivait \u00e0 M. Bourdaise; d\u00e9c\u00e9d\u00e9 depuis deux ans d\u00e9j\u00e0&#8230;, mais les communications \u00e9taient alors tragiquement incertaines !<\/p>\n<p style=\"padding-left: 30px\">\u00ab Je vous dirai d&rsquo;abord, Monsieur, la juste appr\u00e9hension o\u00f9 nous sommes que vous ne soyez plus en cette vie mortelle, dans la vue du peu de temps que vos confr\u00e8res qui vous ont pr\u00e9c\u00e9d\u00e9, accompagn\u00e9 et suivi ont v\u00e9cu en cette terre ingrate, qui a d\u00e9vor\u00e9 tant de bons ouvriers envoy\u00e9s pour la d\u00e9fricher. Si vous \u00eates encore vivant, oh ! que notre joie en sera grande lorsque nous en serons assur\u00e9s \u00bb<\/p>\n<p>et il terminait ainsi cette lettre :<\/p>\n<p style=\"padding-left: 30px\">\u00ab Priez aussi Notre-Seigneur pour moi, s&rsquo;il vous pla\u00eet, car je ne la ferai pas longue, \u00e0 cause de mon \u00e2ge, qui passe \u00e0 quatre-vingts ans, et de mes mauvaises jambes, qui ne me veulent plus porter. <i>Je mourrais content si je savais que vous vivez&#8230; \u00bb <\/i>(VIII, 156-160.)<\/p>\n<p>Il est impressionnant de surprendre ainsi le regard de ce vieillard fix\u00e9 sur l&rsquo;Ile si lointaine de Madagascar, alors que tant de fondations, tant d&rsquo;oeuvres et tant d&rsquo;urgences le sollicitent en France et ailleurs dans le monde. Il est bien loin le temps o\u00f9 il r\u00eavait de rester un bon cur\u00e9 de campagne. Selon la devise qu&rsquo;il a laiss\u00e9e aux Filles de la Charit\u00e9 \u00ab <i>Caritas Christi urget nos \u00bb <\/i>(la charit\u00e9 de J\u00e9sus-Christ nous presse), la charit\u00e9 du Christ l&rsquo;a pouss\u00e9 tou\u00adjours plus loin et il se sent responsable de <i>TOUS LES PAUVRES <\/i>quels qu&rsquo;ils soient, tels qu&rsquo;ils sont et o\u00f9 qu&rsquo;ils soient&#8230; <i>PARTOUT, <\/i>comme il le dit un jour aux Filles de la Charit\u00e9 :<\/p>\n<p style=\"padding-left: 30px\">\u00ab C&rsquo;est ainsi qu&rsquo;il faut vous comporter pour \u00eatre bonnes Filles de la Charit\u00e9, pour aller o\u00f9 Dieu voudra ; si c&rsquo;est \u00e0 l&rsquo;Afrique, en Afrique ; \u00e0 l&rsquo;arm\u00e9e (pour soigner les bless\u00e9s), aux Indes, o\u00f9 l&rsquo;on vous demande, \u00e0 la bonne heure ; vous \u00eates Filles de la Charit\u00e9, il faut y aller&#8230; \u00bb (X, 128.)<\/p>\n<p style=\"padding-left: 30px\">\u00ab O mes soeurs, donnez-vous \u00e0 Dieu d\u00e8s ce moment pour aller <i>PARTOUT <\/i>o\u00f9 il se voudra servir de vous&#8230; Et dites-lui : \u00ab Je m&rsquo;abandonne \u00e0 vous et me jette entre vos bras, comme un enfant entre les bras de son p\u00e8re, pour faire votre sainte volont\u00e9. Je suis du Havre de Gr\u00e2ce ; si vous voulez, je suis de Metz ou de Cahors, je suis de toutes parts, de <i>PARTOUT <\/i>o\u00f9 il vous plaira&#8230; \u00bb (X, 513.)<\/p>\n<p>On se souvient qu&rsquo;un jour saint Vincent avait ironis\u00e9 sur les gens \u00ab <i>qui n&rsquo;ont qu&rsquo;une petite p\u00e9riph\u00e9rie, qui bornent leur vue et leurs desseins \u00e0 cer\u00adtaine circonf\u00e9rence o\u00f9 ils s&rsquo;enferment \u00bb&#8230; <\/i>Le regard de saint Vincent \u00e9tait de tr\u00e8s grande p\u00e9riph\u00e9rie et, fait remarquable, il a su cependant conserver tou\u00adjours une extraordinaire attention \u00e0 la personne du pauvre, \u00e0 sa dignit\u00e9 pro\u00adpre, \u00e0 sa souffrance particuli\u00e8re. C&rsquo;est qu&rsquo;en s&rsquo;\u00e9largissant et s&rsquo;universalisant, son regard n&rsquo;a cess\u00e9 de s&rsquo;approfondir et nous touchons ici, sans doute, au coeur de son exp\u00e9rience et \u00e0 la source m\u00eame de sa charit\u00e9.<\/p>\n<h3><i>c. Un regard qui s&rsquo;approfondit<\/i><\/h3>\n<p style=\"text-align: center\"><i>du pauvre \u00e0 J\u00e9sus-Christ, de J\u00e9sus-Christ au pauvre<\/i><\/p>\n<p>La charit\u00e9 de M. Vincent est un peu \u00e0 l&rsquo;image du c\u00e9l\u00e8bre et tr\u00e8s vieux ch\u00eane pr\u00e8s de la maison de Ranquines. Elle \u00e9tend et multiplie ind\u00e9finiment ses branches parce que r\u00e9guli\u00e8rement et vigoureusement elle assure et fortifie ses racines.<\/p>\n<p>Au fur et \u00e0 mesure, en effet, que le regard de saint Vincent s&rsquo;\u00e9tend \u00e0 toutes les cat\u00e9gories de pauvres et aux pauvres du monde entier&#8230; jusqu&rsquo;\u00e0 Madagascar&#8230; ce regard sur le pauvre s&rsquo;approfondit jusqu&rsquo;\u00e0 y rencontrer J\u00e9sus-Christ lui-m\u00eame.<\/p>\n<p>En la fameuse ann\u00e9e 1617, le pauvre vieillard de Gannes et la pauvre famille malade de Ch\u00e2tillon sont \u00e9videmment et d&rsquo;abord, pour saint Vincent, des personnes humaines dans une situation concr\u00e8te de mis\u00e8re et d&rsquo;aban\u00addon : c&rsquo;est face \u00e0 cette d\u00e9tresse bien pr\u00e9cise qu&rsquo;imm\u00e9diatement il r\u00e9agit.<\/p>\n<p>Mais ces pauvres gens lui apparaissent rapidement autres et plus que personnes humaines. En les rencontrant, il a comme l&rsquo;impression, l&rsquo;\u00e9vidence d&rsquo;avoir, de quelque fa\u00e7on, rencontr\u00e9 J\u00e9sus-Christ.<\/p>\n<p>Depuis sept ans, on s&rsquo;en souvient, il s&rsquo;interrogeait et multipliait les exp\u00e9riences : abb\u00e9 de cour, cur\u00e9 de Clichy, pr\u00e9cepteur de grande famille&#8230; ne parvenant pas \u00e0 sacrifier vraiment son projet \u00ab <i>d&rsquo;honn\u00eate retirade \u00bb. <\/i>Il pre\u00adnait conseil aupr\u00e8s des ma\u00eetres spirituels les plus illustres, tel B\u00e9rulle, mais demeurait dans le doute et le malaise. Et voil\u00e0 que deux rencontres de pau\u00advres, coup sur coup, en l&rsquo;espace de six mois \u00e0 peine, lui apportent une lumi\u00e8re inesp\u00e9r\u00e9e et se r\u00e9v\u00e8lent capables de le contraindre \u00e0 changer radicale\u00adment de regard et de vie. A Folleville comme \u00e0 Ch\u00e2tillon, il en est de plus en plus convaincu, Dieu est intervenu de quelque fa\u00e7on dans sa vie et il est inter\u00advenu par l&rsquo;interm\u00e9diaire des pauvres.<\/p>\n<p>Cette \u00e9vidence d&rsquo;une intervention de Dieu, saint Vincent la rappelle et l&rsquo;affirme chaque fois qu&rsquo;il \u00e9voque les \u00e9v\u00e9nements de Gannes-Folleville et de Ch\u00e2tillon :<\/p>\n<p style=\"padding-left: 30px\">\u00ab H\u00e9las ! Messieurs et mes fr\u00e8res, jamais personne n&rsquo;avait pens\u00e9 \u00e0 cela, l&rsquo;on ne savait ce que c&rsquo;\u00e9tait que missions, nous n&rsquo;y pensions point et ne savions ce que c&rsquo;\u00e9tait, et c&rsquo;est en cela que l&rsquo;on <i>RECONNAIT QUE C&rsquo;EST UNE OEU\u00adVRE DE DIEU. \u00bb <\/i>(XI, 169.)<\/p>\n<p style=\"padding-left: 30px\">\u00ab Appellerez-vous humain ce que l&rsquo;entendement humain n&rsquo;a point pr\u00e9vu et ce que la volont\u00e9 n&rsquo;a d\u00e9sir\u00e9 ni recherch\u00e9 en mani\u00e8re quelconque ? (et il semble bien vrai qu&rsquo;en janvier 1617, saint Vincent \u00e9tait bien loin d&rsquo;imaginer qu&rsquo;il con\u00adsacrerait le reste de sa vie \u00e0 l&rsquo;\u00e9vang\u00e9lisation des pauvres !) Le pauvre M. Por\u00adtail (son premier compagnon dans la Mission) n&rsquo;y avait point pens\u00e9 ; je n&rsquo;y avais point pens\u00e9 non plus ; cela s&rsquo;est fait <i>CONTRE TOUTE MON ESPE\u00adRANCE <\/i>et sans que j&rsquo;y songeasse en aucune fa\u00e7on \u00bb (XII, 7.)<\/p>\n<p>Et, pour prouver l&rsquo;incontestable intervention de Dieu en cette affaire, il raconte une nouvelle fois l&rsquo;\u00e9v\u00e9nement providentiel de Gannes-Folleville.<\/p>\n<p>M\u00eame r\u00e9action, m\u00eame certitude pour l&rsquo;\u00e9v\u00e9nement de Ch\u00e2tillon qui, \u00e0 moyen terme, fut \u00e0 l&rsquo;origine de la fondation des Filles de la Charit\u00e9.<\/p>\n<p style=\"padding-left: 30px\">\u00ab Il se peut dire en effet que <i>C&rsquo;EST DIEU <\/i>qui a fait votre Compagnie. J&rsquo;y pensais aujourd&rsquo;hui et je me disais : \u00ab Est-ce toi qui a song\u00e9 \u00e0 faire une Com\u00adpagnie de filles ? Oh ! nenni. Est-ce Mademoiselle Le Gras ? (Louise de Marillac, cofondatrice des Filles de la Charit\u00e9). Aussi peu. \u00bb Je n&rsquo;y ai jamais pens\u00e9, je peux vous le dire en v\u00e9rit\u00e9&#8230; <i>C&rsquo;ETAIT DIEU <\/i>et non pas moi. \u00bb (IX, 208.)<\/p>\n<p>Et pour le prouver, saint Vincent reprend le r\u00e9cit de Ch\u00e2tillon.<\/p>\n<p>Il semble donc bien clair, pour saint Vincent, que <i>Dieu s&rsquo;est, <\/i>de quel\u00adque fa\u00e7on, <i>manifest\u00e9 \u00e0 lui \u00e0 <\/i>Folleville et Ch\u00e2tillon et il s&rsquo;est manifest\u00e9 <i>dans la personne des pauvres. <\/i>Il sait ainsi, d&rsquo;exp\u00e9rience, qu&rsquo;en ce qui le concerne, Dieu parle et <i>SE REVELE DE PREFERENCE DANS LES PAUVRES. <\/i>Il dira un jour aux Filles de la Charit\u00e9<\/p>\n<p style=\"padding-left: 30px\">\u00ab Vous servez J\u00e9sus-Christ dans la personne des pauvres et <i>CELA EST AUSSI VRAI QUE NOUS SOMMES ICI. \u00bb <\/i>(IX, 252.)<\/p>\n<p>Ces derniers mots nous donnent une id\u00e9e de l&rsquo;extraordinaire r\u00e9alisme avec lequel il va vivre cette pr\u00e9sence de J\u00e9sus-Christ dans le pauvre.<\/p>\n<p>Ces exp\u00e9riences, que l&rsquo;on peut qualifier de \u00ab mystiques \u00bb, de Folleville et Ch\u00e2tilon, saint Vincent a essay\u00e9 par la suite de les comprendre et de les pr\u00e9senter \u00e0 la lumi\u00e8re surtout de deux passages de l&rsquo;Evangile.<\/p>\n<p>Pour ce qu&rsquo;il a v\u00e9cu \u00e0 Gannes-Folleville, il se r\u00e9f\u00e8re de pr\u00e9f\u00e9rence \u00e0 Luc IV, 18 : J\u00e9sus revient \u00e0 Nazareth, au d\u00e9but de sa vie publique, et entre \u00e0 la synagogue. Il lit devant l&rsquo;assembl\u00e9e, un texte du proph\u00e8te Isa\u00efe :<\/p>\n<p style=\"padding-left: 30px\">\u00ab L&rsquo;Esprit du Seigneur est sur moi<br \/>\nparce que le Seigneur m&rsquo;a consacr\u00e9 par l&rsquo;onction.<br \/>\n<i>IL M&rsquo;A ENVOYE PORTER LA BONNE NOUVELLE AUX PAUVRES<\/i><br \/>\nannoncer aux captifs la d\u00e9livrance<br \/>\net aux aveugles le retour \u00e0 la vue,<br \/>\napporter aux opprim\u00e9s la lib\u00e9ration<br \/>\nproclamer une ann\u00e9e de gr\u00e2ce du seigneur. \u00bb<br \/>\nJ\u00e9sus referma le livre, le rendit au servant et s&rsquo;assit.<br \/>\nTous, dans la synagogue, avaient les yeux fix\u00e9s sur lui.<br \/>\nAlors il se mit \u00e0 leur dire :<br \/>\n<i>\u00abAUJOURD&rsquo;HUI, <\/i>s&rsquo;accomplit \u00e0 vos oreilles ce passage de l&rsquo;Ecriture \u00bb<br \/>\n(Luc IV, 17-22)<\/p>\n<p>Pour saint Vincent, apr\u00e8s l&rsquo;exp\u00e9rience de Gannes-Folleville, ce texte de l&rsquo;Evangile affirme clairement que J\u00e9sus-Christ est venu \u00e9vang\u00e9liser les pau\u00advres, d\u00e9livrer les captifs, lib\u00e9rer les opprim\u00e9s. Prioritaires de la \u00ab mission \u00bb de J\u00e9sus-Christ, les pauvres doivent donc \u00eatre les prioritaires de l&rsquo;Eglise de J\u00e9sus-Christ. Or les pauvres sont, le plus souvent, abandonn\u00e9s de l&rsquo;Eglise comme de la soci\u00e9t\u00e9. Jeune pr\u00eatre, M. Vincent lui-m\u00eame a, pendant quelque dix-sept ans, recherch\u00e9 plut\u00f4t et c\u00f4toy\u00e9 les riches et les grands. L&rsquo;exp\u00e9rience de Gannes-Folleville lui a rappel\u00e9 brutalement et providentiellement les priori\u00adt\u00e9s de l&rsquo;Evangile. A l&rsquo;image et \u00e0 la suite de J\u00e9sus-Christ, il se consacrera donc aux \u00ab propri\u00e9taires \u00bb : aux pauvres, aux captifs, aux opprim\u00e9s et il travail\u00adlera sans rel\u00e2che \u00e0 ramener l&rsquo;Eglise de son temps \u00e0 sa vocation premi\u00e8re : l&rsquo;\u00e9vang\u00e9lisation des pauvres.<\/p>\n<p>Vers 1620, alors qu&rsquo;il pr\u00eache des missions dans les villages situ\u00e9s sur les terres des Gondi, un \u00e9v\u00e9nement intervient qui am\u00e8ne saint Vincent \u00e0 appro\u00adfondir davantage sa lecture de ce passage de l&rsquo;Evangile de Luc. Il rencontre un protestant qui l&rsquo;interpelle en ces termes :<\/p>\n<p style=\"padding-left: 30px\">\u00ab Monsieur, vous m&rsquo;avez dit que l&rsquo;Eglise de Rome est conduite du Saint-Esprit, mais c&rsquo;est ce que je ne puis croire, parce que, d&rsquo;un c\u00f4t\u00e9, l&rsquo;on voit les catholiques de la campagne abandonn\u00e9s \u00e0 des pasteurs vicieux et ignorants, sans \u00eatre instruits de leurs devoirs, sans que la plupart sachent seulement ce que c&rsquo;est que la religion chr\u00e9tienne ; et, d&rsquo;un autre, l&rsquo;on voit les villes pleines de pr\u00eatres et de moines qui ne font rien ; et peut-\u00eatre que dans Paris il s&rsquo;en trouverait dix mille, qui laissent cependant ces pauvres gens des champs dans l&rsquo;ignorance&#8230; Et vous voudriez me persuader que cela soit conduit du Saint-Esprit ? Je ne le croirai jamais&#8230; \u00bb (XI, 34.)<\/p>\n<p>C&rsquo;est saint Vincent lui-m\u00eame qui raconte ce souvenir \u00e0 ses confr\u00e8res et l&rsquo;on devine ais\u00e9ment que cette violente contestation du protestant le boule\u00adversa&#8230; Il y a trois ans \u00e0 peine, il \u00e9tait encore du nombre de ces dix mille pr\u00ea\u00adtres \u00ab ne faisant rien et loin des pauvres gens des champs \u00bb !<\/p>\n<p>L&rsquo;ann\u00e9e suivante, saint Vincent revint en cette contr\u00e9e pour pr\u00eacher l\u00e0 mission ; le protestant y assista et fut, \u00e0 son tour, boulevers\u00e9 par la fa\u00e7on dont on parlait aux pauvres gens et par le soin que l&rsquo;on mettait \u00e0 leur service spirituel et corporel :<\/p>\n<p style=\"padding-left: 30px\">\u00ab C&rsquo;est maintenant, avoua-t-il, que je vois que le Saint-Esprit conduit l&rsquo;Eglise romaine, puisqu&rsquo;on y prend soin de l&rsquo;instruction et du salut des pauvres villa\u00adgeois&#8230; \u00bb (XI, 36.)<\/p>\n<p>Et saint Vincent de conclure ainsi ce r\u00e9cit :<\/p>\n<p style=\"padding-left: 30px\">\u00ab Oh ! quel bonheur \u00e0 nous missionnaires de v\u00e9rifier la conduite du Saint-Esprit sur son Eglise, <i>EN TRAVAILLANT, <\/i>comme nous faisons, \u00e0 <i>l&rsquo;INS\u00adTRUCTION <\/i>et <i>SANCTIFICATION DES PAUVRES ! <\/i>(XI, 37.)<\/p>\n<p>Cet \u00e9v\u00e9nement l&rsquo;aida certainement \u00e0 mieux comprendre et approfondir sa vocation. Ce n&rsquo;est que dans la mesure o\u00f9 l&rsquo;Eglise se tourne en priorit\u00e9 vers les pauvr\u00e9s qu&rsquo;elle est fid\u00e8le \u00e0 sa vocation et, se consacrant \u00e0 l&rsquo;\u00e9vang\u00e9lisation des pauvres, saint Vincent est d\u00e9sormais convaincu qu&rsquo;il se situe, sans doute possible, dans la ligne de la mission de J\u00e9sus-Christ.<\/p>\n<p>Avec un autre passage de l&rsquo;Evangile, le regard de saint Vincent sur le pauvre s&rsquo;approfondit encore. Il s&rsquo;agit de Matthieu XXV, 31-46. Les ap\u00f4tres ont demand\u00e9 des \u00e9claircissements sur l&rsquo;entr\u00e9e dans le Royaume et J\u00e9sus parle du \u00ab jugement dernier \u00bb :<\/p>\n<p style=\"padding-left: 30px\"><i>\u00ab Alors le Roi dira \u00e0 ceux qui seront \u00e0 sa droite : Venez les b\u00e9nis de mon P\u00e8re&#8230; Car j&rsquo;ai eu faim et vous m&rsquo;avez donn\u00e9 \u00e0 manger, j&rsquo;ai eu soif et vous m&rsquo;avez donn\u00e9 \u00e0 boire, j&rsquo;\u00e9tais un \u00e9tranger et vous m&rsquo;avez accueilli nu et vous m&rsquo;avez v\u00eatu, malade et vous m&rsquo;avez visit\u00e9 prisonnier et vous \u00eates venus me voir&#8230; \u00bb<\/i><\/p>\n<p>Etonn\u00e9s, les \u00ab \u00e9lus \u00bb demandent quand ils ont visit\u00e9, v\u00eatu, nourri, soi\u00adgn\u00e9 les pauvres et J\u00e9sus ajoute :<\/p>\n<p style=\"padding-left: 30px\"><i>\u00ab Le Roi leur fera cette r\u00e9ponse : En v\u00e9rit\u00e9, je vous le dis, dans la mesure o\u00f9 vous l&rsquo;avez fait \u00e0 l&rsquo;un de ces plus petits de mes fr\u00e8res, C&rsquo;EST A MOI QUE VOUS L&rsquo;AVEZ FAIT. \u00bb<\/i><\/p>\n<p>Ce passage de l&rsquo;Evangile de Saint Matthieu est \u00e9voqu\u00e9 dans l&rsquo;Acte offi\u00adciel instituant la premi\u00e8re Confr\u00e9rie de la Charit\u00e9 (XIV, 126) et il semble bien que ce texte a \u00e9t\u00e9, pour saint Vincent, comme la \u00ab lumi\u00e8re de Ch\u00e2tillon \u00bb qui lui a permis de comprendre et d&rsquo;approfondir l&rsquo;\u00e9v\u00e9nement qu&rsquo;il vivait. On se souvient que le 20 ao\u00fbt 1617, on vint le trouver avant la messe du dimanche pour lui parler d&rsquo;une famille pauvre, \u00e9loign\u00e9e du village et contamin\u00e9e par la maladie. Son hom\u00e9lie, \u00e0 la messe, fut un appel en faveur de ces pauvres gens et la r\u00e9ponse de la paroisse fut inesp\u00e9r\u00e9e. D&rsquo;o\u00f9 la fondation de la premi\u00e8re Confr\u00e9rie de la Charit\u00e9 :<\/p>\n<p style=\"padding-left: 30px\"><i>\u00ab J&rsquo;avais faim et vous M&rsquo;avez donn\u00e9 \u00e0 manger&#8230;<br \/>\nJ&rsquo;\u00e9tais malade et vous M&rsquo;avez visit\u00e9&#8230; \u00bb<\/i><\/p>\n<p>On voit ais\u00e9ment le rapprochement entre ce texte de l&rsquo;Evangile et l&rsquo;\u00e9v\u00e9\u00adnement. Saint Vincent l&rsquo;a per\u00e7u et, mieux, il l&rsquo;a v\u00e9cu. Il a pris l&rsquo;Evangile \u00e0 la lettre et il a essay\u00e9 de le vivre chaque jour dans sa relation aux pauvres. C&rsquo;est sans doute l\u00e0 que son regard atteint sa v\u00e9ritable profondeur : <i>le pauvre c&rsquo;est J\u00e9sus-Christ.<\/i><\/p>\n<p style=\"padding-left: 30px\">\u00ab Servant le pauvre, dit-il aux Filles de la Charit\u00e9, on sert J\u00e9sus-Christ&#8230; Vous-servez J\u00e9sus-Christ en la personne des pauvres et <i>cela est aussi vrai que nous sommes ici. <\/i>Une soeur ira dix fois le jour voir les malades, et dix fois par jour elle y trouvera Dieu&#8230; Allez voir les pauvres for\u00e7ats \u00e0 la cha\u00eene, vous y trouve\u00adrez Dieu ; servez ces petits enfants (abandonn\u00e9s), vous y trouverez Dieu&#8230; vous allez en de pauvres maisons, mais vous y trouvez Dieu. \u00bb (IX, 252.)<\/p>\n<p>Pour saint Vincent, ce ne sont pas l\u00e0 des formules spirituelles et faciles, c&rsquo;est l&rsquo;\u00e9cho vivant d&rsquo;une exp\u00e9rience personnelle, profonde ; l&rsquo;\u00e9cho de Gannes-Folleville et de Ch\u00e2tillon qui se refait entendre chaque fois qu&rsquo;il ren\u00adcontre un pauvre malade, un for\u00e7at \u00e0 la cha\u00eene, un petit enfant abandonn\u00e9&#8230; Et cette conviction, on peut dire cette <i>EVIDENCE, <\/i>d&rsquo;une myst\u00e9rieuse soli\u00addarit\u00e9 entre le pauvre et le Christ, d&rsquo;une sorte d&rsquo;identification de l&rsquo;un \u00e0 l&rsquo;autre, modifie et renouvelle d\u00e9finitivement le regard de saint Vincent.<\/p>\n<p>Ainsi, sa charit\u00e9, sa fa\u00e7on personnelle de servir les pauvres \u00e9viteront, le plus souvent, la tentation du \u00ab paternalisme \u00bb m\u00eame si les usages de l&rsquo;\u00e9poque peuvent appara\u00eetre aujourd&rsquo;hui assez curieux. J\u00e9sus-Christ \u00e9tant dans le pau\u00advre, \u00e9tant le pauvre&#8230; nous ne pouvons \u00eatre, pense saint Vincent, vis-\u00e0-vis du pauvre qu&rsquo;en situation de serviteurs et de servantes. C&rsquo;est l\u00e0 une sorte de r\u00e9volution des mentalit\u00e9s, au xvir si\u00e8cle surtout. La dame des Confr\u00e9ries, le pr\u00eatre de la Mission, la Fille de la Charit\u00e9 ne sont pas des poss\u00e9dants, des ma\u00eetres qui condescendent, qui p\u00e0rtagent, qui se penchent vers les pauvres, des bienfaiteurs ; ce sont des serviteurs et des servantes qui, comme dit le psaume, <i>l\u00e8vent <\/i>les yeux vers leurs ma\u00eetres. Saint Vincent ne cesse d&rsquo;insister sur ce point et il est probable que ce renversement du comportement et des mentalit\u00e9s, dans l&rsquo;exercice de la charit\u00e9 chr\u00e9tienne, a \u00e9t\u00e9 autant et plus b\u00e9n\u00e9\u00adfique dans l&rsquo;Eglise et dans le monde que les innombrables fondations et entreprises sociales suscit\u00e9es par saint Vincent.<\/p>\n<p>Cette conversion des mentalit\u00e9s n&rsquo;est en fait, pour lui, que la cons\u00e9\u00adquence logique d&rsquo;une conviction, d&rsquo;une exp\u00e9rience : J\u00e9sus-Christ est dans le pauvre ; le pauvre, de quelque fa\u00e7on, <i>c&rsquo;est J\u00e9sus-Christ.<\/i><\/p>\n<p>Dans ces perspectives nouvelles, le risque demeure, on l&rsquo;a \u00e9voqu\u00e9 au cours de cette \u00e9tude, de faire du service des pauvres une sorte d&rsquo;acte de d\u00e9vo\u00adtion, une \u00ab bonne action \u00bb, une recherche spirituelle plus ou moins d\u00e9sint\u00e9\u00adress\u00e9e. En saint Vincent, il n&rsquo;en est rien. Il a connu \u00ab <i>par exp\u00e9rience et par nature \u00bb <\/i>la condition des pauvres et jamais sa rencontre de J\u00e9sus-Christ dans le pauvre ne g\u00eane, n&rsquo;att\u00e9nue son attention pour la situation concr\u00e8te, humaine et sociale des pauvres, ni son sens de la dignit\u00e9 de la personne des pauvres.<\/p>\n<p>Le regard de saint Vincent s&rsquo;approfondit au point de rencontrer vrai\u00adment J\u00e9sus-Christ dans le pauvre mais sans jamais obscurcir pour autant la r\u00e9alit\u00e9 ni les valeurs qui sont celles des pauvres.<\/p>\n<p>Reste, au terme de cette \u00e9tude, \u00e0 souligner un aspect, le plus caract\u00e9ris\u00adtique, peut-\u00eatre, du regard de saint Vincent sur le pauvre : l&rsquo;unit\u00e9, ou pour employer son propre terme : \u00ab <i>la simplicit\u00e9 \u00bb.<\/i><\/p>\n<p>La p\u00e9riode qui a pr\u00e9c\u00e9d\u00e9 la grande ann\u00e9e 1617 nous a r\u00e9v\u00e9l\u00e9 un Vincent de Paul compliqu\u00e9, doutant de tout, de lui surtout, multipliant les essais et les exp\u00e9riences de fa\u00e7on assez incertaine, anarchique. Apr\u00e8s Folleville et Ch\u00e2tillon, parce qu&rsquo;il d\u00e9cide de se consacrer \u00e0 l&rsquo;\u00e9vang\u00e9lisation et au service des pauvres, tout semble soudain s&rsquo;unifier, se simplifier dans sa personnalit\u00e9 et dans sa vie. Tout se coordonne et s&rsquo;organise progressivement autour de cette conviction : <i>J\u00e9sus-Christ est dans le pauvre ; le pauvre, c&rsquo;est J\u00e9sus-Christ.<\/i><\/p>\n<p>Ainsi s&rsquo;instaure une merveilleuse et toute naturelle <i>continuit\u00e9 <\/i>entre foi et engagement, entre pri\u00e8re et vie, entre deux mondes que, trop souvent, on consid\u00e8re distincts, sinon s\u00e9par\u00e9s. Pour saint Vincent, le Christ que l&rsquo;on cherche dans la pri\u00e8re \u00e9tant aussi dans le pauvre, il n&rsquo;y a plus de difficult\u00e9. Il dit aux Filles de la Charit\u00e9 :<\/p>\n<p style=\"padding-left: 30px\">\u00ab Mes filles, le service des pauvres doit <i>TOUJOURS <\/i>\u00eatre pr\u00e9f\u00e9r\u00e9 \u00e0 <i>TOUTES CHOSES. <\/i>Vous pouvez m\u00eame laisser d&rsquo;entendre la messe un jour de f\u00eate (c&rsquo;est-\u00e0-dire vous en dispenser), mais seulement en cas de n\u00e9cessit\u00e9&#8230; De la sorte, vous \u00eates assur\u00e9es d&rsquo;\u00eatre fid\u00e8les au r\u00e8glement, et encore <i>plus, <\/i>puisque l&rsquo;ob\u00e9issance est r\u00e9put\u00e9e de Dieu comme sacrifice. C&rsquo;est Dieu, mes filles, que vous voulez servir ? Pensez-vous qu&rsquo;il soit moins raisonnable que les ma\u00eetres de ce monde ? Si le ma\u00eetre dit \u00e0 son valet : \u00ab Faites ceci \u00bb et que, avant que son ordre soit ex\u00e9cut\u00e9, il demande autre chose, il ne trouve point mauvais que le valet laisse ce qui a \u00e9t\u00e9 command\u00e9 en premier lieu ; au contraire, il en est plus content. Ainsi en est-il de notre bon Dieu. Il vous a appel\u00e9es en une Com\u00adpagnie <i>pour le service des pauvres ; <\/i>et pour se rendre votre service agr\u00e9able, il vous y a donn\u00e9 des r\u00e8gles ; alors que vous les pratiquez, il vous demande ail\u00adleurs ; allez-y, \u00e0 la bonne heure, mes soeurs, sans douter que ce soit la volont\u00e9 de Dieu. \u00bb (IX, 216.)<\/p>\n<p>On remarque, dans ce texte, la facilit\u00e9, la spontan\u00e9it\u00e9 d\u00e9concertante avec lesquelles saint Vincent confond le Dieu qui parle dans le r\u00e8glement, le Dieu que l&rsquo;on rencontre dans l&rsquo;oraison et la messe&#8230; et le Dieu qui appelle dans le pauvre : c&rsquo;est, selon lui, le m\u00eame Ma\u00eetre qui d&rsquo;abord a command\u00e9 quelque chose et ensuite en commande une autre. Dans ce cas, selon l&rsquo;expres\u00adsion connue et tellement significative de saint Vincent : \u00ab <i>c&rsquo;est quitter Dieu pour Dieu \u00bb, <\/i>le Dieu de la messe pour le m\u00eame Dieu pr\u00e9sent dans le pauvre.<\/p>\n<p>Ainsi, dans la vie du croyant, tout est unifi\u00e9 et chez le disciple de saint Vincent tout devrait \u00eatre simple : le pauvre est pr\u00e9sent dans sa pri\u00e8re et le Christ est pr\u00e9sent dans le pauvre qu&rsquo;il sert.<\/p>\n<p>C&rsquo;est ainsi que le regard de Vincent de Paul est devenu aussi simple que riche et profond. <i>C&rsquo;est ainsi que saint Vincent de Paul a vu le pauvre. <\/i>Et l&rsquo;on comprend qu&rsquo;il ait pu dire un jour \u00e0 ses missionnaires :<\/p>\n<p style=\"padding-left: 30px\">\u00ab &#8230; Tournez la m\u00e9daille, et vous verrez par les lumi\u00e8res de la foi que le Fils de Dieu, qui a voulu \u00eatre pauvre, nous est repr\u00e9sent\u00e9 par ces pauvres&#8230; O Dieu ! qu&rsquo;il fait beau VOIR les pauvres, si nous les consid\u00e9rons en Dieu et dans l&rsquo;estime que J\u00e9sus-Christ en a faite !&#8230; \u00bb (XI, 32.)<\/p>\n<h2>Bibliographie<\/h2>\n<ul>\n<li><i>Le grand saint du grand si\u00e8cle : Monsieur Vincent, <\/i>par Pierre Coste (3 volumes). Descl\u00e9es de Brouwer et Cie, Paris, 1932.<\/li>\n<li><i>Correspondances, Entretiens et Documents de saint Vincent de Paul <\/i>(14 tomes publi\u00e9s et annot\u00e9s) par Pierre Coste. J. Gabalda, \u00e9diteur,1920-1925. (Les citations de saint Vincent que nous publions sont tir\u00e9es de ces ouvrages ; avec indication du tome (chiffres romains) et de la page.)<\/li>\n<li><i>La vie du v\u00e9n\u00e9rable serviteur de Dieu, Vincent de Paul, <\/i>par Abelly, premier biographe de saint Vincent. Paris, 1664.<\/li>\n<li><i>Saint Vincent de Paul, <\/i>par J. Calvet. Ed. Albin Michel, Paris, 1948 et 1959.<\/li>\n<li><i>Guide de saint Vincent de Paul \u00e0 travers Paris, <\/i>par R.P. Chalumeau. Ed. CEFAG, Paris, 1960 et 1977.<\/li>\n<li><i>Saint Vincent de Paul et la charit\u00e9, <\/i>par Andr\u00e9 Dodin. \u00ab Ma\u00eetres spirituels \u00bb, \u00e9d. du Seuil, 1960.<\/li>\n<li><i>Entretiens spirituels de saint Vincent de Paul. <\/i>Textes r\u00e9unis et pr\u00e9sent\u00e9s par Andr\u00e9 Dodin. Ed. du Seuil, 1960.<\/li>\n<li><i>La parole est \u00e0 Monsieur Vincent, <\/i>par Marcelle Auclair. Ed. Bayard-Presse, 1960.<\/li>\n<li><i>Votre tr\u00e8s humble serviteur Vincent Depaul, <\/i>par Andr\u00e9 Frossard. Ed. Bloud et Gay, 1960.<\/li>\n<li><i>Le coeur de saint Vincent de Paul, <\/i>par Leuret-Dupanloup. Chez Lethielleux, 1971.<\/li>\n<li><i>Ce que croyait Monsieur Vincent, <\/i>par Jacques Delarue. Chez Mame, 1974.<\/li>\n<li><i>Saint Vincent de Paul ou le tr\u00e9sor des pauvres, <\/i>par W. de Spens. Paris, 1978.<\/li>\n<li><i>Saint Vincent de Paul, <\/i>par J.-F. Six. Centurion, Paris, 1980.<\/li>\n<li><i>Monsieur Vincent, <\/i>texte de Daniel-Rops. Ed. du Chalet, 1959.<\/li>\n<li><i>La vie et l&rsquo;\u00e2me de M. Vincent, <\/i>D. Rops et R.P. Chalumeau. Ed. Fayard, 1959.<\/li>\n<li><i>Monsieur Vincent. <\/i>Ed. Fleurus, 1978 (bandes dessin\u00e9es).<\/li>\n<li><i>Vincent de Paul et le journal de la tendresse chr\u00e9tienne. <\/i>Ed. Univers-Media, 1979. <i>Saint Vincent aujourd&rsquo;hui comme hier. <\/i>Ed. C.I.F., 1980.<\/li>\n<\/ul>\n","protected":false},"excerpt":{"rendered":"<p>3. Un regard qui s&rsquo;\u00e9largit, un regard gni s&rsquo;universalise (1618-1648&#8230;) Apr\u00e8s l&rsquo;exp\u00e9rience spirituelle et pastoraie de Ch\u00e2tillon, saint Vincent croit avoir enfin trouv\u00e9 sa vocation, sa voie : il sera cur\u00e9 de campagne, comme le &#8230; <a href=\"https:\/\/vincentians.com\/fr\/histoire-dun-regard-sur-le-pauvre-3\/\" class=\"more-link\">Read More<\/a><\/p>\n","protected":false},"author":4,"featured_media":107455,"comment_status":"open","ping_status":"open","sticky":false,"template":"","format":"standard","meta":{"jetpack_post_was_ever_published":false,"_jetpack_newsletter_access":"","_jetpack_dont_email_post_to_subs":false,"_jetpack_newsletter_tier_id":0,"_jetpack_memberships_contains_paywalled_content":false,"_jetpack_memberships_contains_paid_content":false,"footnotes":"","jetpack_publicize_message":"","jetpack_publicize_feature_enabled":true,"jetpack_social_post_already_shared":true,"jetpack_social_options":{"image_generator_settings":{"template":"highway","default_image_id":0,"font":"","enabled":false},"version":2}},"categories":[128],"tags":[],"class_list":["post-107460","post","type-post","status-publish","format-standard","has-post-thumbnail","hentry","category-au-temps-de-vincent-de-paul"],"yoast_head":"<!-- This site is optimized with the Yoast SEO plugin v26.3 - https:\/\/yoast.com\/wordpress\/plugins\/seo\/ -->\n<title>Histoire d&#039;un regard sur le pauvre (3) - Nous Sommes Vincentiens<\/title>\n<meta name=\"robots\" content=\"index, follow, max-snippet:-1, max-image-preview:large, max-video-preview:-1\" \/>\n<link rel=\"canonical\" href=\"https:\/\/vincentians.com\/fr\/histoire-dun-regard-sur-le-pauvre-3\/\" \/>\n<meta property=\"og:locale\" content=\"fr_FR\" \/>\n<meta property=\"og:type\" content=\"article\" \/>\n<meta property=\"og:title\" content=\"Histoire d&#039;un regard sur le pauvre (3) - Nous Sommes Vincentiens\" \/>\n<meta property=\"og:description\" content=\"3. Un regard qui s&rsquo;\u00e9largit, un regard gni s&rsquo;universalise (1618-1648&#8230;) Apr\u00e8s l&rsquo;exp\u00e9rience spirituelle et pastoraie de Ch\u00e2tillon, saint Vincent croit avoir enfin trouv\u00e9 sa vocation, sa voie : il sera cur\u00e9 de campagne, comme le ... Read More\" \/>\n<meta property=\"og:url\" content=\"https:\/\/vincentians.com\/fr\/histoire-dun-regard-sur-le-pauvre-3\/\" \/>\n<meta property=\"og:site_name\" content=\"Nous Sommes Vincentiens\" \/>\n<meta property=\"article:publisher\" content=\"https:\/\/www.facebook.com\/WeAreVincentians\/\" \/>\n<meta property=\"article:author\" content=\"https:\/\/www.facebook.com\/JavierChento\" \/>\n<meta property=\"article:published_time\" content=\"2013-12-27T09:27:29+00:00\" \/>\n<meta name=\"author\" content=\"Francisco Javier Fern\u00e1ndez Chento\" \/>\n<meta name=\"twitter:card\" content=\"summary_large_image\" \/>\n<meta name=\"twitter:creator\" content=\"@https:\/\/twitter.com\/javierchento\" \/>\n<meta name=\"twitter:site\" content=\"@WeVincentians\" \/>\n<meta name=\"twitter:label1\" content=\"\u00c9crit par\" \/>\n\t<meta name=\"twitter:data1\" content=\"Francisco Javier Fern\u00e1ndez Chento\" \/>\n\t<meta name=\"twitter:label2\" content=\"Dur\u00e9e de lecture estim\u00e9e\" \/>\n\t<meta name=\"twitter:data2\" content=\"34 minutes\" \/>\n<script type=\"application\/ld+json\" class=\"yoast-schema-graph\">{\"@context\":\"https:\/\/schema.org\",\"@graph\":[{\"@type\":\"WebPage\",\"@id\":\"https:\/\/vincentians.com\/fr\/histoire-dun-regard-sur-le-pauvre-3\/\",\"url\":\"https:\/\/vincentians.com\/fr\/histoire-dun-regard-sur-le-pauvre-3\/\",\"name\":\"Histoire d'un regard sur le pauvre (3) - Nous Sommes Vincentiens\",\"isPartOf\":{\"@id\":\"http:\/\/vincentians.com\/fr\/#website\"},\"primaryImageOfPage\":{\"@id\":\"https:\/\/vincentians.com\/fr\/histoire-dun-regard-sur-le-pauvre-3\/#primaryimage\"},\"image\":{\"@id\":\"https:\/\/vincentians.com\/fr\/histoire-dun-regard-sur-le-pauvre-3\/#primaryimage\"},\"thumbnailUrl\":\"\",\"datePublished\":\"2013-12-27T09:27:29+00:00\",\"author\":{\"@id\":\"http:\/\/vincentians.com\/fr\/#\/schema\/person\/9623ef4d9aa3b2dfb8c061f1499288f2\"},\"breadcrumb\":{\"@id\":\"https:\/\/vincentians.com\/fr\/histoire-dun-regard-sur-le-pauvre-3\/#breadcrumb\"},\"inLanguage\":\"fr-FR\",\"potentialAction\":[{\"@type\":\"ReadAction\",\"target\":[\"https:\/\/vincentians.com\/fr\/histoire-dun-regard-sur-le-pauvre-3\/\"]}]},{\"@type\":\"ImageObject\",\"inLanguage\":\"fr-FR\",\"@id\":\"https:\/\/vincentians.com\/fr\/histoire-dun-regard-sur-le-pauvre-3\/#primaryimage\",\"url\":\"\",\"contentUrl\":\"\"},{\"@type\":\"BreadcrumbList\",\"@id\":\"https:\/\/vincentians.com\/fr\/histoire-dun-regard-sur-le-pauvre-3\/#breadcrumb\",\"itemListElement\":[{\"@type\":\"ListItem\",\"position\":1,\"name\":\"Portada\",\"item\":\"http:\/\/vincentians.com\/fr\/\"},{\"@type\":\"ListItem\",\"position\":2,\"name\":\"Histoire d&rsquo;un regard sur le pauvre (3)\"}]},{\"@type\":\"WebSite\",\"@id\":\"http:\/\/vincentians.com\/fr\/#website\",\"url\":\"http:\/\/vincentians.com\/fr\/\",\"name\":\"Nous Sommes Vincentiens\",\"description\":\"Know more to serve more\",\"potentialAction\":[{\"@type\":\"SearchAction\",\"target\":{\"@type\":\"EntryPoint\",\"urlTemplate\":\"http:\/\/vincentians.com\/fr\/?s={search_term_string}\"},\"query-input\":{\"@type\":\"PropertyValueSpecification\",\"valueRequired\":true,\"valueName\":\"search_term_string\"}}],\"inLanguage\":\"fr-FR\"},{\"@type\":\"Person\",\"@id\":\"http:\/\/vincentians.com\/fr\/#\/schema\/person\/9623ef4d9aa3b2dfb8c061f1499288f2\",\"name\":\"Francisco Javier Fern\u00e1ndez Chento\",\"image\":{\"@type\":\"ImageObject\",\"inLanguage\":\"fr-FR\",\"@id\":\"http:\/\/vincentians.com\/fr\/#\/schema\/person\/image\/\",\"url\":\"https:\/\/secure.gravatar.com\/avatar\/497d5cde87b4c3d097d0315953521681ba2cd523ee66e5077c3711f7021e65de?s=96&d=mm&r=g\",\"contentUrl\":\"https:\/\/secure.gravatar.com\/avatar\/497d5cde87b4c3d097d0315953521681ba2cd523ee66e5077c3711f7021e65de?s=96&d=mm&r=g\",\"caption\":\"Francisco Javier Fern\u00e1ndez Chento\"},\"description\":\"Director General y cofundador de La Red de Formaci\u00f3n Vicenciana. Javier es laico vicenciano, afiliado a la Congregaci\u00f3n de la Misi\u00f3n y miembro del Equipo de Misiones Populares de la provincia can\u00f3nica de Zaragoza (Espa\u00f1a) de la Congregaci\u00f3n de la Misi\u00f3n. Graduado en la Universidad Oberta de Catalunya con cuatro grados (Asistente de direcci\u00f3n, Gesti\u00f3n Administrativa, Recursos Humanos y Contabilidad Avanzada). Bil\u00edng\u00fce Espa\u00f1ol\/Ingl\u00e9s. gestiona y mantiene varias p\u00e1ginas web cristianas y vicencianas, incluida including La Red de Formaci\u00f3n Vicenciana, de la que es cofundador. Actualmente es responsable del \u00e1rea de Espa\u00f1ol de .famvin, la Red de Noticias de la Familia Vicenciana. Tambi\u00e9n es m\u00fasico cat\u00f3lico y ha editado varios discos. Es Director General y cofundador de Trovador, una reconocida compa\u00f1\u00eda discogr\u00e1fica critiana de Espa\u00f1a. Trabaja en las Tecnolog\u00edas de la Informaci\u00f3n, ofreciendo servicios de alojamiento, dise\u00f1o y mantenimiento Web, as\u00ed como asesoramiento, formaci\u00f3n y soluciones inform\u00e1ticas, gesti\u00f3n documental y digitalizaci\u00f3n de textos, edici\u00f3n y maquetaci\u00f3n de libros, revistas, flyers, etc.\",\"sameAs\":[\"http:\/\/chento.org\",\"https:\/\/www.facebook.com\/JavierChento\",\"https:\/\/x.com\/https:\/\/twitter.com\/javierchento\"],\"url\":\"https:\/\/vincentians.com\/fr\/author\/chento\/\"}]}<\/script>\n<!-- \/ Yoast SEO plugin. -->","yoast_head_json":{"title":"Histoire d'un regard sur le pauvre (3) - Nous Sommes Vincentiens","robots":{"index":"index","follow":"follow","max-snippet":"max-snippet:-1","max-image-preview":"max-image-preview:large","max-video-preview":"max-video-preview:-1"},"canonical":"https:\/\/vincentians.com\/fr\/histoire-dun-regard-sur-le-pauvre-3\/","og_locale":"fr_FR","og_type":"article","og_title":"Histoire d'un regard sur le pauvre (3) - Nous Sommes Vincentiens","og_description":"3. Un regard qui s&rsquo;\u00e9largit, un regard gni s&rsquo;universalise (1618-1648&#8230;) Apr\u00e8s l&rsquo;exp\u00e9rience spirituelle et pastoraie de Ch\u00e2tillon, saint Vincent croit avoir enfin trouv\u00e9 sa vocation, sa voie : il sera cur\u00e9 de campagne, comme le ... Read More","og_url":"https:\/\/vincentians.com\/fr\/histoire-dun-regard-sur-le-pauvre-3\/","og_site_name":"Nous Sommes Vincentiens","article_publisher":"https:\/\/www.facebook.com\/WeAreVincentians\/","article_author":"https:\/\/www.facebook.com\/JavierChento","article_published_time":"2013-12-27T09:27:29+00:00","author":"Francisco Javier Fern\u00e1ndez Chento","twitter_card":"summary_large_image","twitter_creator":"@https:\/\/twitter.com\/javierchento","twitter_site":"@WeVincentians","twitter_misc":{"\u00c9crit par":"Francisco Javier Fern\u00e1ndez Chento","Dur\u00e9e de lecture estim\u00e9e":"34 minutes"},"schema":{"@context":"https:\/\/schema.org","@graph":[{"@type":"WebPage","@id":"https:\/\/vincentians.com\/fr\/histoire-dun-regard-sur-le-pauvre-3\/","url":"https:\/\/vincentians.com\/fr\/histoire-dun-regard-sur-le-pauvre-3\/","name":"Histoire d'un regard sur le pauvre (3) - Nous Sommes Vincentiens","isPartOf":{"@id":"http:\/\/vincentians.com\/fr\/#website"},"primaryImageOfPage":{"@id":"https:\/\/vincentians.com\/fr\/histoire-dun-regard-sur-le-pauvre-3\/#primaryimage"},"image":{"@id":"https:\/\/vincentians.com\/fr\/histoire-dun-regard-sur-le-pauvre-3\/#primaryimage"},"thumbnailUrl":"","datePublished":"2013-12-27T09:27:29+00:00","author":{"@id":"http:\/\/vincentians.com\/fr\/#\/schema\/person\/9623ef4d9aa3b2dfb8c061f1499288f2"},"breadcrumb":{"@id":"https:\/\/vincentians.com\/fr\/histoire-dun-regard-sur-le-pauvre-3\/#breadcrumb"},"inLanguage":"fr-FR","potentialAction":[{"@type":"ReadAction","target":["https:\/\/vincentians.com\/fr\/histoire-dun-regard-sur-le-pauvre-3\/"]}]},{"@type":"ImageObject","inLanguage":"fr-FR","@id":"https:\/\/vincentians.com\/fr\/histoire-dun-regard-sur-le-pauvre-3\/#primaryimage","url":"","contentUrl":""},{"@type":"BreadcrumbList","@id":"https:\/\/vincentians.com\/fr\/histoire-dun-regard-sur-le-pauvre-3\/#breadcrumb","itemListElement":[{"@type":"ListItem","position":1,"name":"Portada","item":"http:\/\/vincentians.com\/fr\/"},{"@type":"ListItem","position":2,"name":"Histoire d&rsquo;un regard sur le pauvre (3)"}]},{"@type":"WebSite","@id":"http:\/\/vincentians.com\/fr\/#website","url":"http:\/\/vincentians.com\/fr\/","name":"Nous Sommes Vincentiens","description":"Know more to serve more","potentialAction":[{"@type":"SearchAction","target":{"@type":"EntryPoint","urlTemplate":"http:\/\/vincentians.com\/fr\/?s={search_term_string}"},"query-input":{"@type":"PropertyValueSpecification","valueRequired":true,"valueName":"search_term_string"}}],"inLanguage":"fr-FR"},{"@type":"Person","@id":"http:\/\/vincentians.com\/fr\/#\/schema\/person\/9623ef4d9aa3b2dfb8c061f1499288f2","name":"Francisco Javier Fern\u00e1ndez Chento","image":{"@type":"ImageObject","inLanguage":"fr-FR","@id":"http:\/\/vincentians.com\/fr\/#\/schema\/person\/image\/","url":"https:\/\/secure.gravatar.com\/avatar\/497d5cde87b4c3d097d0315953521681ba2cd523ee66e5077c3711f7021e65de?s=96&d=mm&r=g","contentUrl":"https:\/\/secure.gravatar.com\/avatar\/497d5cde87b4c3d097d0315953521681ba2cd523ee66e5077c3711f7021e65de?s=96&d=mm&r=g","caption":"Francisco Javier Fern\u00e1ndez Chento"},"description":"Director General y cofundador de La Red de Formaci\u00f3n Vicenciana. Javier es laico vicenciano, afiliado a la Congregaci\u00f3n de la Misi\u00f3n y miembro del Equipo de Misiones Populares de la provincia can\u00f3nica de Zaragoza (Espa\u00f1a) de la Congregaci\u00f3n de la Misi\u00f3n. Graduado en la Universidad Oberta de Catalunya con cuatro grados (Asistente de direcci\u00f3n, Gesti\u00f3n Administrativa, Recursos Humanos y Contabilidad Avanzada). Bil\u00edng\u00fce Espa\u00f1ol\/Ingl\u00e9s. gestiona y mantiene varias p\u00e1ginas web cristianas y vicencianas, incluida including La Red de Formaci\u00f3n Vicenciana, de la que es cofundador. Actualmente es responsable del \u00e1rea de Espa\u00f1ol de .famvin, la Red de Noticias de la Familia Vicenciana. Tambi\u00e9n es m\u00fasico cat\u00f3lico y ha editado varios discos. Es Director General y cofundador de Trovador, una reconocida compa\u00f1\u00eda discogr\u00e1fica critiana de Espa\u00f1a. Trabaja en las Tecnolog\u00edas de la Informaci\u00f3n, ofreciendo servicios de alojamiento, dise\u00f1o y mantenimiento Web, as\u00ed como asesoramiento, formaci\u00f3n y soluciones inform\u00e1ticas, gesti\u00f3n documental y digitalizaci\u00f3n de textos, edici\u00f3n y maquetaci\u00f3n de libros, revistas, flyers, etc.","sameAs":["http:\/\/chento.org","https:\/\/www.facebook.com\/JavierChento","https:\/\/x.com\/https:\/\/twitter.com\/javierchento"],"url":"https:\/\/vincentians.com\/fr\/author\/chento\/"}]}},"jetpack_publicize_connections":[],"jetpack_featured_media_url":"","jetpack_sharing_enabled":true,"jetpack_shortlink":"https:\/\/wp.me\/p7ETMP-rXe","jetpack-related-posts":[{"id":52031,"url":"https:\/\/vincentians.com\/fr\/saint-vincent-de-paul-et-sa-mission-sociale-i-la-vocation-3\/","url_meta":{"origin":107460,"position":0},"title":"Saint Vincent De Paul Et Sa Mission Sociale. I &#8211; La vocation (3)","author":"Francisco Javier Fern\u00e1ndez Chento","date":"20\/12\/2014","format":false,"excerpt":"L\u2019APOSTOLAT DE LA CHARIT\u00c9. Les pr\u00e9mices du dix-septi\u00e8me si\u00e8cle. \u2014 Vincent de Paul et le P. de B\u00e9rulle. \u2014 Vincent est nomm\u00e9 cur\u00e9 de Clichy. \u2014 Ses premiers travaux. \u2014 Son entr\u00e9e dans la maison de Gondi. - Les pauvres gens des campagnes. \u2014 Premi\u00e8re mission \u00e0 Folleville. \u2014 Vincent\u2026","rel":"","context":"Dans &quot;Vincent de Paul&quot;","block_context":{"text":"Vincent de Paul","link":"https:\/\/vincentians.com\/fr\/category\/the-vincentian-family\/founders\/vincent-de-paul\/"},"img":{"alt_text":"","src":"https:\/\/i0.wp.com\/vincentians.com\/fr\/wp-content\/uploads\/sites\/10\/2016\/07\/vincent-et-sa-action-sociale.jpg?fit=1160%2C630&ssl=1&resize=350%2C200","width":350,"height":200,"srcset":"https:\/\/i0.wp.com\/vincentians.com\/fr\/wp-content\/uploads\/sites\/10\/2016\/07\/vincent-et-sa-action-sociale.jpg?fit=1160%2C630&ssl=1&resize=350%2C200 1x, https:\/\/i0.wp.com\/vincentians.com\/fr\/wp-content\/uploads\/sites\/10\/2016\/07\/vincent-et-sa-action-sociale.jpg?fit=1160%2C630&ssl=1&resize=525%2C300 1.5x, https:\/\/i0.wp.com\/vincentians.com\/fr\/wp-content\/uploads\/sites\/10\/2016\/07\/vincent-et-sa-action-sociale.jpg?fit=1160%2C630&ssl=1&resize=700%2C400 2x, https:\/\/i0.wp.com\/vincentians.com\/fr\/wp-content\/uploads\/sites\/10\/2016\/07\/vincent-et-sa-action-sociale.jpg?fit=1160%2C630&ssl=1&resize=1050%2C600 3x"},"classes":[]},{"id":107459,"url":"https:\/\/vincentians.com\/fr\/histoire-dun-regard-sur-le-pauvre-2\/","url_meta":{"origin":107460,"position":1},"title":"Histoire d&rsquo;un regard sur le pauvre (2)","author":"Francisco Javier Fern\u00e1ndez Chento","date":"26\/12\/2013","format":false,"excerpt":"2. Un regard qui se centre, un regard qui se fixe (1617) En janvier 1617, M. Vincent est donc pr\u00e9cepteur dans la famille des de Gondi. Il peut estimer avoir atteint cette situation enviable \u00e0 laquelle il aspire depuis des ann\u00e9es. Mais il conna\u00eet alors une grave crise spirituelle et\u2026","rel":"","context":"Dans &quot;Au temps de Vincent de Paul&quot;","block_context":{"text":"Au temps de Vincent de Paul","link":"https:\/\/vincentians.com\/fr\/category\/au-temps-de-vincent-de-paul\/"},"img":{"alt_text":"Un_infini_regard_","src":"https:\/\/i0.wp.com\/vincentiens.org\/wp-content\/uploads\/2013\/12\/Un_infini_regard_-225x300.jpg?resize=350%2C200","width":350,"height":200},"classes":[]},{"id":38477,"url":"https:\/\/vincentians.com\/fr\/le-directeur-provincial-animateur-des-filles-de-la-charite\/","url_meta":{"origin":107460,"position":2},"title":"Le Directeur Provincial \u201canimateur\u201d des Filles de la Charit\u00e9","author":"Francisco Javier Fern\u00e1ndez Chento","date":"03\/10\/2012","format":false,"excerpt":"Dans les Constitutions des Filles de la Charit\u00e9, nous trouvons \u00e0 l\u2019article 3.38: le Directeur Provincial est un pr\u00eatre de la Congr\u00e9gation de la Mission, nomm\u00e9 par le Sup\u00e9rieur G\u00e9n\u00e9ral; \u201cil partage avec la Visitatrice et son Conseil la responsabilit\u00e9 de promouvoir l\u2019esprit vincentien dans la Province\u201d Missionnaire, le directeur\u2026","rel":"","context":"Dans &quot;Congr\u00e9gation de la Mission&quot;","block_context":{"text":"Congr\u00e9gation de la Mission","link":"https:\/\/vincentians.com\/fr\/category\/congregation-de-la-mission\/"},"img":{"alt_text":"","src":"https:\/\/i0.wp.com\/vincentiens.org\/wp-content\/uploads\/2011\/05\/filles_charite-228x300.jpg?resize=350%2C200","width":350,"height":200},"classes":[]},{"id":52033,"url":"https:\/\/vincentians.com\/fr\/saint-vincent-de-paul-et-sa-mission-sociale-ii-les-oeuvres-1\/","url_meta":{"origin":107460,"position":3},"title":"Saint Vincent De Paul Et Sa Mission Sociale. II &#8211; Les \u0152uvres (1)","author":"Francisco Javier Fern\u00e1ndez Chento","date":"21\/12\/2014","format":false,"excerpt":"LES CONFR\u00c9RIES DE LA CHARIT\u00c9. Organisation et d\u00e9veloppement de la confr\u00e9rie de la Charit\u00e9. \u2014 Les domaines du seigneur de Gondi. \u2014 Premi\u00e8re id\u00e9e de la congr\u00e9gation de la Mission. \u2014 Vincent de Paul devient aum\u00f4nier royal des gal\u00e8res et sup\u00e9rieur des religieuses de la Visitation. \u2014 Saint Fran\u00e7ois de\u2026","rel":"","context":"Dans &quot;Vincent de Paul&quot;","block_context":{"text":"Vincent de Paul","link":"https:\/\/vincentians.com\/fr\/category\/the-vincentian-family\/founders\/vincent-de-paul\/"},"img":{"alt_text":"","src":"https:\/\/i0.wp.com\/vincentians.com\/fr\/wp-content\/uploads\/sites\/10\/2016\/07\/vincent-et-sa-action-sociale.jpg?fit=1160%2C630&ssl=1&resize=350%2C200","width":350,"height":200,"srcset":"https:\/\/i0.wp.com\/vincentians.com\/fr\/wp-content\/uploads\/sites\/10\/2016\/07\/vincent-et-sa-action-sociale.jpg?fit=1160%2C630&ssl=1&resize=350%2C200 1x, https:\/\/i0.wp.com\/vincentians.com\/fr\/wp-content\/uploads\/sites\/10\/2016\/07\/vincent-et-sa-action-sociale.jpg?fit=1160%2C630&ssl=1&resize=525%2C300 1.5x, https:\/\/i0.wp.com\/vincentians.com\/fr\/wp-content\/uploads\/sites\/10\/2016\/07\/vincent-et-sa-action-sociale.jpg?fit=1160%2C630&ssl=1&resize=700%2C400 2x, https:\/\/i0.wp.com\/vincentians.com\/fr\/wp-content\/uploads\/sites\/10\/2016\/07\/vincent-et-sa-action-sociale.jpg?fit=1160%2C630&ssl=1&resize=1050%2C600 3x"},"classes":[]},{"id":45335,"url":"https:\/\/vincentians.com\/fr\/saint-vincent-et-les-missions\/","url_meta":{"origin":107460,"position":4},"title":"Saint Vincent et les Missions","author":"Francisco Javier Fern\u00e1ndez Chento","date":"14\/12\/2014","format":false,"excerpt":"Introduction A.- Lorsque nous essayons d'\u00e9tudier le travail missionnaire de Vincent de Paul et de ses premiers compagnons, nous trouvons une v\u00e9ritable mystique de la Mission; alors que nous d\u00e9sirerions que le Saint nous ait donn\u00e9 aussi une doctrine th\u00e9ologique sur ce qui constitue l'objectif de sa vie, sur ce\u2026","rel":"","context":"Dans &quot;Vincent de Paul&quot;","block_context":{"text":"Vincent de Paul","link":"https:\/\/vincentians.com\/fr\/category\/the-vincentian-family\/founders\/vincent-de-paul\/"},"img":{"alt_text":"Vincent de Paul portrait","src":"https:\/\/i0.wp.com\/vincentiens.org\/wp-content\/uploads\/2014\/12\/Vincent-de-Paul-portrait-300x300.jpg?resize=350%2C200","width":350,"height":200},"classes":[]},{"id":106813,"url":"https:\/\/vincentians.com\/fr\/saint-vincent-de-paul-ou-le-realisme-de-la-charite-3-de-la-cure-de-clichy-au-palais-des-gondi\/","url_meta":{"origin":107460,"position":5},"title":"Saint Vincent de Paul ou le realisme de la charit\u00e9. 3. De la cure de Clichy au palais des Gondi","author":"Francisco Javier Fern\u00e1ndez Chento","date":"07\/01\/2014","format":false,"excerpt":"De la cure de Clichy au palais des Gondi Philippe-Emmanuel de Gondi, comte de Joigny, marquis des Iles d'Or, Baron de Montmirail, g\u00e9n\u00e9ral des gal\u00e8res et lieutenant g\u00e9n\u00e9ral du roi \u00e8s mers du Levant, \u00e9tait fils du mar\u00e9chal Albert de Gondi et neveu du Cardinal Pierre de Gondi, \u00e9v\u00eaque de\u2026","rel":"","context":"Dans &quot;Vincent de Paul&quot;","block_context":{"text":"Vincent de Paul","link":"https:\/\/vincentians.com\/fr\/category\/the-vincentian-family\/founders\/vincent-de-paul\/"},"img":{"alt_text":"","src":"","width":0,"height":0},"classes":[]}],"_links":{"self":[{"href":"https:\/\/vincentians.com\/fr\/wp-json\/wp\/v2\/posts\/107460","targetHints":{"allow":["GET"]}}],"collection":[{"href":"https:\/\/vincentians.com\/fr\/wp-json\/wp\/v2\/posts"}],"about":[{"href":"https:\/\/vincentians.com\/fr\/wp-json\/wp\/v2\/types\/post"}],"author":[{"embeddable":true,"href":"https:\/\/vincentians.com\/fr\/wp-json\/wp\/v2\/users\/4"}],"replies":[{"embeddable":true,"href":"https:\/\/vincentians.com\/fr\/wp-json\/wp\/v2\/comments?post=107460"}],"version-history":[{"count":0,"href":"https:\/\/vincentians.com\/fr\/wp-json\/wp\/v2\/posts\/107460\/revisions"}],"wp:featuredmedia":[{"embeddable":true,"href":"https:\/\/vincentians.com\/fr\/wp-json\/"}],"wp:attachment":[{"href":"https:\/\/vincentians.com\/fr\/wp-json\/wp\/v2\/media?parent=107460"}],"wp:term":[{"taxonomy":"category","embeddable":true,"href":"https:\/\/vincentians.com\/fr\/wp-json\/wp\/v2\/categories?post=107460"},{"taxonomy":"post_tag","embeddable":true,"href":"https:\/\/vincentians.com\/fr\/wp-json\/wp\/v2\/tags?post=107460"}],"curies":[{"name":"wp","href":"https:\/\/api.w.org\/{rel}","templated":true}]}}