{"id":107453,"date":"2013-12-28T10:27:29","date_gmt":"2013-12-28T09:27:29","guid":{"rendered":"http:\/\/vincentiens.org\/?p=107453"},"modified":"2013-12-28T10:27:29","modified_gmt":"2013-12-28T09:27:29","slug":"panorama-de-la-vie-de-m-vincent","status":"publish","type":"post","link":"https:\/\/vincentians.com\/fr\/panorama-de-la-vie-de-m-vincent\/","title":{"rendered":"Panorama de la vie de M. Vincent"},"content":{"rendered":"<p><a href=\"https:\/\/i0.wp.com\/vincentiens.org\/wp-content\/uploads\/2013\/04\/saint-vincent-de-paul-11.jpg\"><img data-recalc-dims=\"1\" loading=\"lazy\" decoding=\"async\" class=\"alignright size-medium wp-image-106309\" alt=\"saint-vincent-de-paul-11\" src=\"https:\/\/i0.wp.com\/vincentiens.org\/wp-content\/uploads\/2013\/04\/saint-vincent-de-paul-11-197x300.jpg?resize=197%2C300\" width=\"197\" height=\"300\" \/><\/a>1581 En avril : naissance \u00e0 Pouy (pr\u00e8s de Dax, Landes). Aujourd&rsquo;hui : Saint Vincent de Paul.<\/p>\n<p>1595 Premi\u00e8res \u00e9tudes \u00e0 Dax et pr\u00e9ceptorat chez M. de Comet.<\/p>\n<p>1596 Tonsure et ordres mineurs \u00e0 Bidache (Pyr\u00e9n\u00e9es-Atlantiques).<\/p>\n<p>1598 Mort de son p\u00e8re. Sous diaconat et diaconat \u00e0 Tarbes (Hautes-Pyr\u00e9n\u00e9es).<\/p>\n<p>1600 Le 23 septembre : ordination sacerdotale \u00e0 Ch\u00e2teau-l&rsquo;Ev\u00eaque (Dordogne) ; premi\u00e8re messe \u00e0 Buzet (Tarn). Nomination \u00e0 Tilh (Landes) dont il ne prend pas possession. Premier voyage \u00e0 Rome.<\/p>\n<p>1604 Apr\u00e8s 7 ans d&rsquo;\u00e9tudes \u00e0 Toulouse, il est re\u00e7u bachelier en th\u00e9ologie (12 octobre).<\/p>\n<p>1605 Voyages \u00e0 Bordeaux, Toulouse, Marseille&#8230; Lettre sur la captivit\u00e9 en Barbarie.<\/p>\n<p>1607 Autre voyage \u00e0 Rome.<\/p>\n<p>1608 Arriv\u00e9e \u00e0 Paris.<\/p>\n<p>1609 Fausse accusation de vol par le juge de Sore. Premi\u00e8re rencontre avec B\u00e9rulle.<\/p>\n<p>1610 Aum\u00f4nier \u00e0 la Cour de la reine Marguerite de Valois. Acquisition de l&rsquo;abbaye de Saint-L\u00e9onard-de-Chaumes (pr\u00e8s de La Rochelle).<\/p>\n<p>1612 Cur\u00e9 \u00e0 la paroisse de Clichy.<\/p>\n<p>1613 En septembre, nomination chez les de Gondi en qualit\u00e9 de pr\u00e9cepteur.<\/p>\n<p>1614 Tentation contre la foi durant 3 ou 4 ann\u00e9es.<\/p>\n<p><i><strong>1617 Ann\u00e9e d\u00e9terminante dans la vie de M. Vincent.<\/strong><br \/>\n<\/i>Deux \u00e9v\u00e9nements majeurs :<\/p>\n<ol>\n<li>Confession du paysan de Gannes (Oise) et sermon de Fol leville donn\u00e9 le 25 janvier.<\/li>\n<li>En juillet, M. Vincent a quitt\u00e9 les Gondi : il est nomm\u00e9 \u00e0 la cure de Ch\u00e2tillon-les-Dombes (Ain). Le 23 ao\u00fbt, \u00e9ta\u00adblissement de la premi\u00e8re <i>Confr\u00e9rie de la Charit\u00e9. <\/i>Retour chez les Gondi, \u00e0 No\u00ebl 1617.<\/li>\n<\/ol>\n<p>1618 Rencontre de Fran\u00e7ois de Sales.<\/p>\n<p>1619 Nomm\u00e9 aum\u00f4nier g\u00e9n\u00e9ral des Gal\u00e8res (8 f\u00e9vrier).<\/p>\n<p>1621 S\u00e9jour \u00e0 M\u00e2con, oit il s&rsquo;occupe des pauvres mendiants.<\/p>\n<p>1622 Nomm\u00e9 aum\u00f4nier de la Visitation \u00e0 Paris. Mort de Fran\u00e7ois de Sales (22 d\u00e9c.)<\/p>\n<p>1623 Mission donn\u00e9e aux gal\u00e9riens de Bordeaux. Il en profite pour faire un dernier voyage aupr\u00e8s des siens \u00e0 Dax, et \u00e0 Buglose. Il prend \u00e0 Paris le dipl\u00f4me de licence en Droit Canon qui lui per\u00admettra d&rsquo;acc\u00e9der au principalat du Coll\u00e8ge des Bons-Enfants (1624).<\/p>\n<p><strong><i>1625 Contrat de fondation de la Congr\u00e9gation de la Mission<br \/>\n<\/i><\/strong>(Lazaristes), le 17 avril.<\/p>\n<p>1626 Les premiers missionnaires signent un acte d&rsquo;association dans la Congr\u00e9gation de la Mission.<\/p>\n<p>1628 En septembre, premi\u00e8re retraite aux ordinants \u00e0 Beauvais. D\u00e8s lors, M. Vincent travaillera \u00e9galement \u00e0 la formation des pr\u00ea\u00adtres.<\/p>\n<p>1631 D\u00e9but des exercices des ordinands \u00e0 Paris.<\/p>\n<p>1632 Prise de possession du prieur\u00e9 de Saint-Lazare.<\/p>\n<p><i>1633 <\/i>Les conf\u00e9rences eccl\u00e9siastiques du Mardi prennent naissance.<br \/>\n<strong><i>Le 29 novembre, fondation de la Compagnie des Filles de la Charit\u00e9.<\/i><\/strong><\/p>\n<p>1636 A la demande du chancelier Seguier, dix missionnaires partent comme aum\u00f4niers aux arm\u00e9es.<\/p>\n<p>1638 Une mission est donn\u00e9e \u00e0 la Cour, \u00e0 Saint-Germain-en-Laye, par les membres des Conf\u00e9rences des Mardis. D\u00e9but de l&rsquo;oeuvre des Enfants Trouv\u00e9s.<\/p>\n<p>1639 M. Vincent organise les secours en Lorraine (ravag\u00e9e par la guerre).<\/p>\n<p>1640 D\u00e9marche de M. Vincent aupr\u00e8s de Richelieu en faveur de la paix.<\/p>\n<p>1642 Assembl\u00e9e g\u00e9n\u00e9rale de la Mission : M. Vincent donne sa d\u00e9mis\u00adsion de sup\u00e9rieur de la Mission (refus\u00e9e). Etablissement du premier s\u00e9minaire au Coll\u00e8ge des Bons-Enfants.<\/p>\n<p>1643 M. Vincent assiste Louis XIII \u00e0 son lit de mort. Il est nomm\u00e9 au Conseil de Conscience de la R\u00e9gence. Mazarin Premier ministre.<\/p>\n<p>1644 Grave maladie de M. Vincent.<\/p>\n<p>1646 Fondation de la Mission d&rsquo;Alger. Des missionnaires sont envoy\u00e9s en Irlande et en Ecosse.<\/p>\n<p>1648 Fondation de la Mission de Madagasc\u00e2r.<\/p>\n<p>1649 D\u00e9marche de M. Vincent aupr\u00e8s de la Reine et de Mazarin en faveur de la paix. Il poursuit un long voyage pour visiter les maisons de l&rsquo;Ouest de la France. Malade, il rentrera \u00e0 Paris (13 juin).<\/p>\n<p>1651 Organisation des secours en Picardie, Champagne et Ile-de\u00adFrance. Fondation de la Mission en Pologne.<\/p>\n<p>1653 M. Vincent quitte le Conseil de Conscience.<\/p>\n<p>1654 D\u00e9but de l&rsquo;H\u00f4pital du Nom de J\u00e9sus.<\/p>\n<p>1658 Distribution et explication des R\u00e8gles de la Congr\u00e9gation de la Mission. Une mission est donn\u00e9e \u00e0 Metz par les membres de la Conf\u00e9\u00adrence des Mardis ; Bossuet y prend part.<\/p>\n<p>1659 Immobilis\u00e9 par ses maux de jambe, il garde la chambre. Son\u00adgeant \u00e0 sa succession, il d\u00e9signe secr\u00e8tement M. Alm\u00e9ras.<\/p>\n<p><i>1660 <\/i>Mort de M. Portail (14 f\u00e9vrier), puis de Louise de Marillac (15 mars). Projet de mission en Chine.<br \/>\n<strong><i>Le 27 septembre, \u00e0 4 h 45 du matin, mort de M. Vincent.<\/i><\/strong><\/p>\n<p>1737 Canonisation de saint Vincent de Paul. (Actuellement, son corps est expos\u00e9 en la chapelle du 95, rue de S\u00e8vres. Paris Vle).<\/p>\n","protected":false},"excerpt":{"rendered":"<p>1581 En avril : naissance \u00e0 Pouy (pr\u00e8s de Dax, Landes). Aujourd&rsquo;hui : Saint Vincent de Paul. 1595 Premi\u00e8res \u00e9tudes \u00e0 Dax et pr\u00e9ceptorat chez M. de Comet. 1596 Tonsure et ordres mineurs \u00e0 Bidache &#8230; <a href=\"https:\/\/vincentians.com\/fr\/panorama-de-la-vie-de-m-vincent\/\" class=\"more-link\">Read More<\/a><\/p>\n","protected":false},"author":4,"featured_media":106027,"comment_status":"open","ping_status":"open","sticky":false,"template":"","format":"standard","meta":{"jetpack_post_was_ever_published":false,"_jetpack_newsletter_access":"","_jetpack_dont_email_post_to_subs":false,"_jetpack_newsletter_tier_id":0,"_jetpack_memberships_contains_paywalled_content":false,"_jetpack_memberships_contains_paid_content":false,"footnotes":"","jetpack_publicize_message":"","jetpack_publicize_feature_enabled":true,"jetpack_social_post_already_shared":true,"jetpack_social_options":{"image_generator_settings":{"template":"highway","default_image_id":0,"font":"","enabled":false},"version":2}},"categories":[128],"tags":[],"class_list":["post-107453","post","type-post","status-publish","format-standard","has-post-thumbnail","hentry","category-au-temps-de-vincent-de-paul"],"yoast_head":"<!-- This site is optimized with the Yoast SEO plugin v26.3 - https:\/\/yoast.com\/wordpress\/plugins\/seo\/ -->\n<title>Panorama de la vie de M. Vincent - Nous Sommes Vincentiens<\/title>\n<meta name=\"robots\" content=\"index, follow, max-snippet:-1, max-image-preview:large, max-video-preview:-1\" \/>\n<link rel=\"canonical\" href=\"https:\/\/vincentians.com\/fr\/panorama-de-la-vie-de-m-vincent\/\" \/>\n<meta property=\"og:locale\" content=\"fr_FR\" \/>\n<meta property=\"og:type\" content=\"article\" \/>\n<meta property=\"og:title\" content=\"Panorama de la vie de M. Vincent - Nous Sommes Vincentiens\" \/>\n<meta property=\"og:description\" content=\"1581 En avril : naissance \u00e0 Pouy (pr\u00e8s de Dax, Landes). Aujourd&rsquo;hui : Saint Vincent de Paul. 1595 Premi\u00e8res \u00e9tudes \u00e0 Dax et pr\u00e9ceptorat chez M. de Comet. 1596 Tonsure et ordres mineurs \u00e0 Bidache ... Read More\" \/>\n<meta property=\"og:url\" content=\"https:\/\/vincentians.com\/fr\/panorama-de-la-vie-de-m-vincent\/\" \/>\n<meta property=\"og:site_name\" content=\"Nous Sommes Vincentiens\" \/>\n<meta property=\"article:publisher\" content=\"https:\/\/www.facebook.com\/WeAreVincentians\/\" \/>\n<meta property=\"article:author\" content=\"https:\/\/www.facebook.com\/JavierChento\" \/>\n<meta property=\"article:published_time\" content=\"2013-12-28T09:27:29+00:00\" \/>\n<meta name=\"author\" content=\"Francisco Javier Fern\u00e1ndez Chento\" \/>\n<meta name=\"twitter:card\" content=\"summary_large_image\" \/>\n<meta name=\"twitter:creator\" content=\"@https:\/\/twitter.com\/javierchento\" \/>\n<meta name=\"twitter:site\" content=\"@WeVincentians\" \/>\n<meta name=\"twitter:label1\" content=\"\u00c9crit par\" \/>\n\t<meta name=\"twitter:data1\" content=\"Francisco Javier Fern\u00e1ndez Chento\" \/>\n\t<meta name=\"twitter:label2\" content=\"Dur\u00e9e de lecture estim\u00e9e\" \/>\n\t<meta name=\"twitter:data2\" content=\"4 minutes\" \/>\n<script type=\"application\/ld+json\" class=\"yoast-schema-graph\">{\"@context\":\"https:\/\/schema.org\",\"@graph\":[{\"@type\":\"WebPage\",\"@id\":\"https:\/\/vincentians.com\/fr\/panorama-de-la-vie-de-m-vincent\/\",\"url\":\"https:\/\/vincentians.com\/fr\/panorama-de-la-vie-de-m-vincent\/\",\"name\":\"Panorama de la vie de M. Vincent - Nous Sommes Vincentiens\",\"isPartOf\":{\"@id\":\"http:\/\/vincentians.com\/fr\/#website\"},\"primaryImageOfPage\":{\"@id\":\"https:\/\/vincentians.com\/fr\/panorama-de-la-vie-de-m-vincent\/#primaryimage\"},\"image\":{\"@id\":\"https:\/\/vincentians.com\/fr\/panorama-de-la-vie-de-m-vincent\/#primaryimage\"},\"thumbnailUrl\":\"\",\"datePublished\":\"2013-12-28T09:27:29+00:00\",\"author\":{\"@id\":\"http:\/\/vincentians.com\/fr\/#\/schema\/person\/9623ef4d9aa3b2dfb8c061f1499288f2\"},\"breadcrumb\":{\"@id\":\"https:\/\/vincentians.com\/fr\/panorama-de-la-vie-de-m-vincent\/#breadcrumb\"},\"inLanguage\":\"fr-FR\",\"potentialAction\":[{\"@type\":\"ReadAction\",\"target\":[\"https:\/\/vincentians.com\/fr\/panorama-de-la-vie-de-m-vincent\/\"]}]},{\"@type\":\"ImageObject\",\"inLanguage\":\"fr-FR\",\"@id\":\"https:\/\/vincentians.com\/fr\/panorama-de-la-vie-de-m-vincent\/#primaryimage\",\"url\":\"\",\"contentUrl\":\"\"},{\"@type\":\"BreadcrumbList\",\"@id\":\"https:\/\/vincentians.com\/fr\/panorama-de-la-vie-de-m-vincent\/#breadcrumb\",\"itemListElement\":[{\"@type\":\"ListItem\",\"position\":1,\"name\":\"Portada\",\"item\":\"http:\/\/vincentians.com\/fr\/\"},{\"@type\":\"ListItem\",\"position\":2,\"name\":\"Panorama de la vie de M. Vincent\"}]},{\"@type\":\"WebSite\",\"@id\":\"http:\/\/vincentians.com\/fr\/#website\",\"url\":\"http:\/\/vincentians.com\/fr\/\",\"name\":\"Nous Sommes Vincentiens\",\"description\":\"Know more to serve more\",\"potentialAction\":[{\"@type\":\"SearchAction\",\"target\":{\"@type\":\"EntryPoint\",\"urlTemplate\":\"http:\/\/vincentians.com\/fr\/?s={search_term_string}\"},\"query-input\":{\"@type\":\"PropertyValueSpecification\",\"valueRequired\":true,\"valueName\":\"search_term_string\"}}],\"inLanguage\":\"fr-FR\"},{\"@type\":\"Person\",\"@id\":\"http:\/\/vincentians.com\/fr\/#\/schema\/person\/9623ef4d9aa3b2dfb8c061f1499288f2\",\"name\":\"Francisco Javier Fern\u00e1ndez Chento\",\"image\":{\"@type\":\"ImageObject\",\"inLanguage\":\"fr-FR\",\"@id\":\"http:\/\/vincentians.com\/fr\/#\/schema\/person\/image\/\",\"url\":\"https:\/\/secure.gravatar.com\/avatar\/497d5cde87b4c3d097d0315953521681ba2cd523ee66e5077c3711f7021e65de?s=96&d=mm&r=g\",\"contentUrl\":\"https:\/\/secure.gravatar.com\/avatar\/497d5cde87b4c3d097d0315953521681ba2cd523ee66e5077c3711f7021e65de?s=96&d=mm&r=g\",\"caption\":\"Francisco Javier Fern\u00e1ndez Chento\"},\"description\":\"Director General y cofundador de La Red de Formaci\u00f3n Vicenciana. Javier es laico vicenciano, afiliado a la Congregaci\u00f3n de la Misi\u00f3n y miembro del Equipo de Misiones Populares de la provincia can\u00f3nica de Zaragoza (Espa\u00f1a) de la Congregaci\u00f3n de la Misi\u00f3n. Graduado en la Universidad Oberta de Catalunya con cuatro grados (Asistente de direcci\u00f3n, Gesti\u00f3n Administrativa, Recursos Humanos y Contabilidad Avanzada). Bil\u00edng\u00fce Espa\u00f1ol\/Ingl\u00e9s. gestiona y mantiene varias p\u00e1ginas web cristianas y vicencianas, incluida including La Red de Formaci\u00f3n Vicenciana, de la que es cofundador. Actualmente es responsable del \u00e1rea de Espa\u00f1ol de .famvin, la Red de Noticias de la Familia Vicenciana. Tambi\u00e9n es m\u00fasico cat\u00f3lico y ha editado varios discos. Es Director General y cofundador de Trovador, una reconocida compa\u00f1\u00eda discogr\u00e1fica critiana de Espa\u00f1a. Trabaja en las Tecnolog\u00edas de la Informaci\u00f3n, ofreciendo servicios de alojamiento, dise\u00f1o y mantenimiento Web, as\u00ed como asesoramiento, formaci\u00f3n y soluciones inform\u00e1ticas, gesti\u00f3n documental y digitalizaci\u00f3n de textos, edici\u00f3n y maquetaci\u00f3n de libros, revistas, flyers, etc.\",\"sameAs\":[\"http:\/\/chento.org\",\"https:\/\/www.facebook.com\/JavierChento\",\"https:\/\/x.com\/https:\/\/twitter.com\/javierchento\"],\"url\":\"https:\/\/vincentians.com\/fr\/author\/chento\/\"}]}<\/script>\n<!-- \/ Yoast SEO plugin. -->","yoast_head_json":{"title":"Panorama de la vie de M. Vincent - Nous Sommes Vincentiens","robots":{"index":"index","follow":"follow","max-snippet":"max-snippet:-1","max-image-preview":"max-image-preview:large","max-video-preview":"max-video-preview:-1"},"canonical":"https:\/\/vincentians.com\/fr\/panorama-de-la-vie-de-m-vincent\/","og_locale":"fr_FR","og_type":"article","og_title":"Panorama de la vie de M. Vincent - Nous Sommes Vincentiens","og_description":"1581 En avril : naissance \u00e0 Pouy (pr\u00e8s de Dax, Landes). Aujourd&rsquo;hui : Saint Vincent de Paul. 1595 Premi\u00e8res \u00e9tudes \u00e0 Dax et pr\u00e9ceptorat chez M. de Comet. 1596 Tonsure et ordres mineurs \u00e0 Bidache ... Read More","og_url":"https:\/\/vincentians.com\/fr\/panorama-de-la-vie-de-m-vincent\/","og_site_name":"Nous Sommes Vincentiens","article_publisher":"https:\/\/www.facebook.com\/WeAreVincentians\/","article_author":"https:\/\/www.facebook.com\/JavierChento","article_published_time":"2013-12-28T09:27:29+00:00","author":"Francisco Javier Fern\u00e1ndez Chento","twitter_card":"summary_large_image","twitter_creator":"@https:\/\/twitter.com\/javierchento","twitter_site":"@WeVincentians","twitter_misc":{"\u00c9crit par":"Francisco Javier Fern\u00e1ndez Chento","Dur\u00e9e de lecture estim\u00e9e":"4 minutes"},"schema":{"@context":"https:\/\/schema.org","@graph":[{"@type":"WebPage","@id":"https:\/\/vincentians.com\/fr\/panorama-de-la-vie-de-m-vincent\/","url":"https:\/\/vincentians.com\/fr\/panorama-de-la-vie-de-m-vincent\/","name":"Panorama de la vie de M. Vincent - Nous Sommes Vincentiens","isPartOf":{"@id":"http:\/\/vincentians.com\/fr\/#website"},"primaryImageOfPage":{"@id":"https:\/\/vincentians.com\/fr\/panorama-de-la-vie-de-m-vincent\/#primaryimage"},"image":{"@id":"https:\/\/vincentians.com\/fr\/panorama-de-la-vie-de-m-vincent\/#primaryimage"},"thumbnailUrl":"","datePublished":"2013-12-28T09:27:29+00:00","author":{"@id":"http:\/\/vincentians.com\/fr\/#\/schema\/person\/9623ef4d9aa3b2dfb8c061f1499288f2"},"breadcrumb":{"@id":"https:\/\/vincentians.com\/fr\/panorama-de-la-vie-de-m-vincent\/#breadcrumb"},"inLanguage":"fr-FR","potentialAction":[{"@type":"ReadAction","target":["https:\/\/vincentians.com\/fr\/panorama-de-la-vie-de-m-vincent\/"]}]},{"@type":"ImageObject","inLanguage":"fr-FR","@id":"https:\/\/vincentians.com\/fr\/panorama-de-la-vie-de-m-vincent\/#primaryimage","url":"","contentUrl":""},{"@type":"BreadcrumbList","@id":"https:\/\/vincentians.com\/fr\/panorama-de-la-vie-de-m-vincent\/#breadcrumb","itemListElement":[{"@type":"ListItem","position":1,"name":"Portada","item":"http:\/\/vincentians.com\/fr\/"},{"@type":"ListItem","position":2,"name":"Panorama de la vie de M. Vincent"}]},{"@type":"WebSite","@id":"http:\/\/vincentians.com\/fr\/#website","url":"http:\/\/vincentians.com\/fr\/","name":"Nous Sommes Vincentiens","description":"Know more to serve more","potentialAction":[{"@type":"SearchAction","target":{"@type":"EntryPoint","urlTemplate":"http:\/\/vincentians.com\/fr\/?s={search_term_string}"},"query-input":{"@type":"PropertyValueSpecification","valueRequired":true,"valueName":"search_term_string"}}],"inLanguage":"fr-FR"},{"@type":"Person","@id":"http:\/\/vincentians.com\/fr\/#\/schema\/person\/9623ef4d9aa3b2dfb8c061f1499288f2","name":"Francisco Javier Fern\u00e1ndez Chento","image":{"@type":"ImageObject","inLanguage":"fr-FR","@id":"http:\/\/vincentians.com\/fr\/#\/schema\/person\/image\/","url":"https:\/\/secure.gravatar.com\/avatar\/497d5cde87b4c3d097d0315953521681ba2cd523ee66e5077c3711f7021e65de?s=96&d=mm&r=g","contentUrl":"https:\/\/secure.gravatar.com\/avatar\/497d5cde87b4c3d097d0315953521681ba2cd523ee66e5077c3711f7021e65de?s=96&d=mm&r=g","caption":"Francisco Javier Fern\u00e1ndez Chento"},"description":"Director General y cofundador de La Red de Formaci\u00f3n Vicenciana. Javier es laico vicenciano, afiliado a la Congregaci\u00f3n de la Misi\u00f3n y miembro del Equipo de Misiones Populares de la provincia can\u00f3nica de Zaragoza (Espa\u00f1a) de la Congregaci\u00f3n de la Misi\u00f3n. Graduado en la Universidad Oberta de Catalunya con cuatro grados (Asistente de direcci\u00f3n, Gesti\u00f3n Administrativa, Recursos Humanos y Contabilidad Avanzada). Bil\u00edng\u00fce Espa\u00f1ol\/Ingl\u00e9s. gestiona y mantiene varias p\u00e1ginas web cristianas y vicencianas, incluida including La Red de Formaci\u00f3n Vicenciana, de la que es cofundador. Actualmente es responsable del \u00e1rea de Espa\u00f1ol de .famvin, la Red de Noticias de la Familia Vicenciana. Tambi\u00e9n es m\u00fasico cat\u00f3lico y ha editado varios discos. Es Director General y cofundador de Trovador, una reconocida compa\u00f1\u00eda discogr\u00e1fica critiana de Espa\u00f1a. Trabaja en las Tecnolog\u00edas de la Informaci\u00f3n, ofreciendo servicios de alojamiento, dise\u00f1o y mantenimiento Web, as\u00ed como asesoramiento, formaci\u00f3n y soluciones inform\u00e1ticas, gesti\u00f3n documental y digitalizaci\u00f3n de textos, edici\u00f3n y maquetaci\u00f3n de libros, revistas, flyers, etc.","sameAs":["http:\/\/chento.org","https:\/\/www.facebook.com\/JavierChento","https:\/\/x.com\/https:\/\/twitter.com\/javierchento"],"url":"https:\/\/vincentians.com\/fr\/author\/chento\/"}]}},"jetpack_publicize_connections":[],"jetpack_featured_media_url":"","jetpack_sharing_enabled":true,"jetpack_shortlink":"https:\/\/wp.me\/p7ETMP-rX7","jetpack-related-posts":[{"id":42953,"url":"https:\/\/vincentians.com\/fr\/marguerite-rutan-une-intrepide-fille-de-saint-vincent\/","url_meta":{"origin":107453,"position":0},"title":"Marguerite Rutan, une intr\u00e9pide fille de Saint Vincent","author":"Francisco Javier Fern\u00e1ndez Chento","date":"14\/11\/2013","format":false,"excerpt":"Le 19 juin 2011, plus de deux cents ans apr\u00e8s sa\u00a0d\u00e9capitation, s\u0153ur Marguerite Rutan,\u00a0premi\u00e8re sup\u00e9rieure de l'h\u00f4pital, sera\u00a0b\u00e9atifi\u00e9e par l'\u00e9missaire du pape dans les\u00a0ar\u00e8nes de la ville. Sous l'\u00e9gide de Mgr\u00a0Breton, un comit\u00e9 permanent et 15 \u00ab\u00a0animateurs de chantiers \u00bb pr\u00e9parent la\u00a0b\u00e9atification de s\u0153ur Marguerite Rutan. Il fut un temps\u2026","rel":"","context":"Dans &quot;Marguerite Rutan&quot;","block_context":{"text":"Marguerite Rutan","link":"https:\/\/vincentians.com\/fr\/category\/marguerite-rutan\/"},"img":{"alt_text":"","src":"https:\/\/i0.wp.com\/vincentiens.org\/wp-content\/uploads\/2012\/10\/rutan1-143x300.jpg?resize=350%2C200","width":350,"height":200},"classes":[]},{"id":190723,"url":"https:\/\/vincentians.com\/fr\/saint-vincent-paul-biographie-03-projets-et-infortunes\/","url_meta":{"origin":107453,"position":1},"title":"Saint Vincent de Paul, biographie 03 &#8211; Projets et infortunes","author":"Francisco Javier Fern\u00e1ndez Chento","date":"23\/12\/2016","format":false,"excerpt":"Deuxi\u00e8me Partie : Les ann\u00e9es de P\u00e8lerinage et d\u2019Apprentissage (1600-1617) Chapitre 3\u00a0:\u00a0 Projets et infortunes Le premier projet \u00c0 peine avait-il re\u00e7u le sacerdoce que Vincent parut arriver aussi \u00e0 ce qu\u2019il avait tant d\u00e9sir\u00e9 : un office eccl\u00e9siastique r\u00e9mun\u00e9r\u00e9. C\u2019\u00e9tait le premier projet concret parmi tous ceux qu\u2019il \u00e9chafaudera\u2026","rel":"","context":"Dans &quot;Vincent de Paul&quot;","block_context":{"text":"Vincent de Paul","link":"https:\/\/vincentians.com\/fr\/category\/the-vincentian-family\/founders\/vincent-de-paul\/"},"img":{"alt_text":"","src":"https:\/\/i0.wp.com\/vincentians.com\/fr\/wp-content\/uploads\/sites\/10\/2016\/07\/Saint-Vincent-de-Paul-a-biography.jpg?fit=1200%2C630&ssl=1&resize=350%2C200","width":350,"height":200,"srcset":"https:\/\/i0.wp.com\/vincentians.com\/fr\/wp-content\/uploads\/sites\/10\/2016\/07\/Saint-Vincent-de-Paul-a-biography.jpg?fit=1200%2C630&ssl=1&resize=350%2C200 1x, https:\/\/i0.wp.com\/vincentians.com\/fr\/wp-content\/uploads\/sites\/10\/2016\/07\/Saint-Vincent-de-Paul-a-biography.jpg?fit=1200%2C630&ssl=1&resize=525%2C300 1.5x, https:\/\/i0.wp.com\/vincentians.com\/fr\/wp-content\/uploads\/sites\/10\/2016\/07\/Saint-Vincent-de-Paul-a-biography.jpg?fit=1200%2C630&ssl=1&resize=700%2C400 2x, https:\/\/i0.wp.com\/vincentians.com\/fr\/wp-content\/uploads\/sites\/10\/2016\/07\/Saint-Vincent-de-Paul-a-biography.jpg?fit=1200%2C630&ssl=1&resize=1050%2C600 3x"},"classes":[]},{"id":52020,"url":"https:\/\/vincentians.com\/fr\/saint-vincent-de-paul-et-sa-mission-sociale-i-la-vocation-1\/","url_meta":{"origin":107453,"position":2},"title":"Saint Vincent De Paul Et Sa Mission Sociale. I &#8211; La vocation (1)","author":"Francisco Javier Fern\u00e1ndez Chento","date":"18\/12\/2014","format":false,"excerpt":"L\u2019HOMME ET L\u2019\u0152UVRE \u2014 Le seizi\u00e8me si\u00e8cle et le protestantisme en France. \u2014 Ravages caus\u00e9s par les guerres de religion. \u2014 Changements dans la soci\u00e9t\u00e9. \u2014 Accroissement de la mis\u00e8re. \u2014 L\u2019\u0153uvre nouvelle de la Charit\u00e9. \u2014 Saint Vincent de Paul. \u2014 Sa mission. \u2014 Naissance et premi\u00e8res ann\u00e9es. \u2014\u2026","rel":"","context":"Dans &quot;Vincent de Paul&quot;","block_context":{"text":"Vincent de Paul","link":"https:\/\/vincentians.com\/fr\/category\/the-vincentian-family\/founders\/vincent-de-paul\/"},"img":{"alt_text":"","src":"https:\/\/i0.wp.com\/vincentians.com\/fr\/wp-content\/uploads\/sites\/10\/2016\/07\/vincent-et-sa-action-sociale.jpg?fit=1160%2C630&ssl=1&resize=350%2C200","width":350,"height":200,"srcset":"https:\/\/i0.wp.com\/vincentians.com\/fr\/wp-content\/uploads\/sites\/10\/2016\/07\/vincent-et-sa-action-sociale.jpg?fit=1160%2C630&ssl=1&resize=350%2C200 1x, https:\/\/i0.wp.com\/vincentians.com\/fr\/wp-content\/uploads\/sites\/10\/2016\/07\/vincent-et-sa-action-sociale.jpg?fit=1160%2C630&ssl=1&resize=525%2C300 1.5x, https:\/\/i0.wp.com\/vincentians.com\/fr\/wp-content\/uploads\/sites\/10\/2016\/07\/vincent-et-sa-action-sociale.jpg?fit=1160%2C630&ssl=1&resize=700%2C400 2x, https:\/\/i0.wp.com\/vincentians.com\/fr\/wp-content\/uploads\/sites\/10\/2016\/07\/vincent-et-sa-action-sociale.jpg?fit=1160%2C630&ssl=1&resize=1050%2C600 3x"},"classes":[]},{"id":190722,"url":"https:\/\/vincentians.com\/fr\/saint-vincent-paul-biographie-02-une-adolescence-pleine-desperance\/","url_meta":{"origin":107453,"position":3},"title":"Saint Vincent de Paul, biographie 02 &#8211; Une adolescence pleine d\u2019esp\u00e9rance","author":"Francisco Javier Fern\u00e1ndez Chento","date":"22\/12\/2016","format":false,"excerpt":"Chapitre 2\u00a0: Une adolescence pleine d\u2019esp\u00e9rance \u00ab\u00a0Paris vaut bien une messe\u00a0\u00bb Les ann\u00e9es 1593 \u00e0 1595 furent importantes pour la France, quand le paysan du Pouy d\u00e9cida de faire \u00e9tudier son fils Vincent. Ce furent des ann\u00e9es-clefs non seulement pour ce petit berger \u00e9veill\u00e9, mais aussi pour tous les fran\u00e7ais.\u2026","rel":"","context":"Dans &quot;Vincent de Paul&quot;","block_context":{"text":"Vincent de Paul","link":"https:\/\/vincentians.com\/fr\/category\/the-vincentian-family\/founders\/vincent-de-paul\/"},"img":{"alt_text":"","src":"https:\/\/i0.wp.com\/vincentians.com\/fr\/wp-content\/uploads\/sites\/10\/2016\/07\/Saint-Vincent-de-Paul-a-biography.jpg?fit=1200%2C630&ssl=1&resize=350%2C200","width":350,"height":200,"srcset":"https:\/\/i0.wp.com\/vincentians.com\/fr\/wp-content\/uploads\/sites\/10\/2016\/07\/Saint-Vincent-de-Paul-a-biography.jpg?fit=1200%2C630&ssl=1&resize=350%2C200 1x, https:\/\/i0.wp.com\/vincentians.com\/fr\/wp-content\/uploads\/sites\/10\/2016\/07\/Saint-Vincent-de-Paul-a-biography.jpg?fit=1200%2C630&ssl=1&resize=525%2C300 1.5x, https:\/\/i0.wp.com\/vincentians.com\/fr\/wp-content\/uploads\/sites\/10\/2016\/07\/Saint-Vincent-de-Paul-a-biography.jpg?fit=1200%2C630&ssl=1&resize=700%2C400 2x, https:\/\/i0.wp.com\/vincentians.com\/fr\/wp-content\/uploads\/sites\/10\/2016\/07\/Saint-Vincent-de-Paul-a-biography.jpg?fit=1200%2C630&ssl=1&resize=1050%2C600 3x"},"classes":[]},{"id":52024,"url":"https:\/\/vincentians.com\/fr\/saint-vincent-de-paul-et-sa-mission-sociale-i-la-vocation-2\/","url_meta":{"origin":107453,"position":4},"title":"Saint Vincent De Paul Et Sa Mission Sociale. I &#8211; La vocation (2)","author":"Francisco Javier Fern\u00e1ndez Chento","date":"19\/12\/2014","format":false,"excerpt":"LA PR\u00c9PARATION. Vincent ach\u00e8ve ses \u00e9tudes th\u00e9ologiques et re\u00e7oit les ordres sacr\u00e9s. \u2014 Son voyage \u00e0 Bordeaux. \u2014 Sa captivit\u00e9 en Tunisie. \u2014 Il va \u00e0 Rome. \u2014 Mission aupr\u00e8s de Henri IV. \u2014 Le juge de Sore. \u2014 Vincent chez la reine Marguerite. \u2014 Commencement de sa vocation. \u2014\u2026","rel":"","context":"Dans &quot;Vincent de Paul&quot;","block_context":{"text":"Vincent de Paul","link":"https:\/\/vincentians.com\/fr\/category\/the-vincentian-family\/founders\/vincent-de-paul\/"},"img":{"alt_text":"","src":"https:\/\/i0.wp.com\/vincentians.com\/fr\/wp-content\/uploads\/sites\/10\/2016\/07\/vincent-et-sa-action-sociale.jpg?fit=1160%2C630&ssl=1&resize=350%2C200","width":350,"height":200,"srcset":"https:\/\/i0.wp.com\/vincentians.com\/fr\/wp-content\/uploads\/sites\/10\/2016\/07\/vincent-et-sa-action-sociale.jpg?fit=1160%2C630&ssl=1&resize=350%2C200 1x, https:\/\/i0.wp.com\/vincentians.com\/fr\/wp-content\/uploads\/sites\/10\/2016\/07\/vincent-et-sa-action-sociale.jpg?fit=1160%2C630&ssl=1&resize=525%2C300 1.5x, https:\/\/i0.wp.com\/vincentians.com\/fr\/wp-content\/uploads\/sites\/10\/2016\/07\/vincent-et-sa-action-sociale.jpg?fit=1160%2C630&ssl=1&resize=700%2C400 2x, https:\/\/i0.wp.com\/vincentians.com\/fr\/wp-content\/uploads\/sites\/10\/2016\/07\/vincent-et-sa-action-sociale.jpg?fit=1160%2C630&ssl=1&resize=1050%2C600 3x"},"classes":[]},{"id":104560,"url":"https:\/\/vincentians.com\/fr\/vincent-de-paul-lettre-0002-a-monsieur-de-comet\/","url_meta":{"origin":107453,"position":5},"title":"Vincent de Paul, Lettre 0002. A Monsieur de Comet","author":"Francisco Javier Fern\u00e1ndez Chento","date":"11\/07\/2016","format":false,"excerpt":"Monsieur, Je vous ai \u00e9crit deux fois par l'ordinaire d'Espagne, qui passe \u00e0 Paris et \u00e0 Bayonne, et adress\u00e9 mes lettres chez Monsieur de la Lande pour les faire tenir \u00e0 Monsieur le procureur du roi, que je me ressouviens \u00eatre parents, et ne savoir cui altati vovere vota mea\u2026","rel":"","context":"Dans &quot;\u00c9crits de Vincent de Paul&quot;","block_context":{"text":"\u00c9crits de Vincent de Paul","link":"https:\/\/vincentians.com\/fr\/category\/ecrits-de-vincent-de-paul\/"},"img":{"alt_text":"","src":"https:\/\/i0.wp.com\/vincentians.com\/fr\/wp-content\/uploads\/sites\/10\/2016\/07\/cartas-vicente-de-paul.jpg?fit=1200%2C630&ssl=1&resize=350%2C200","width":350,"height":200,"srcset":"https:\/\/i0.wp.com\/vincentians.com\/fr\/wp-content\/uploads\/sites\/10\/2016\/07\/cartas-vicente-de-paul.jpg?fit=1200%2C630&ssl=1&resize=350%2C200 1x, https:\/\/i0.wp.com\/vincentians.com\/fr\/wp-content\/uploads\/sites\/10\/2016\/07\/cartas-vicente-de-paul.jpg?fit=1200%2C630&ssl=1&resize=525%2C300 1.5x, https:\/\/i0.wp.com\/vincentians.com\/fr\/wp-content\/uploads\/sites\/10\/2016\/07\/cartas-vicente-de-paul.jpg?fit=1200%2C630&ssl=1&resize=700%2C400 2x, https:\/\/i0.wp.com\/vincentians.com\/fr\/wp-content\/uploads\/sites\/10\/2016\/07\/cartas-vicente-de-paul.jpg?fit=1200%2C630&ssl=1&resize=1050%2C600 3x"},"classes":[]}],"_links":{"self":[{"href":"https:\/\/vincentians.com\/fr\/wp-json\/wp\/v2\/posts\/107453","targetHints":{"allow":["GET"]}}],"collection":[{"href":"https:\/\/vincentians.com\/fr\/wp-json\/wp\/v2\/posts"}],"about":[{"href":"https:\/\/vincentians.com\/fr\/wp-json\/wp\/v2\/types\/post"}],"author":[{"embeddable":true,"href":"https:\/\/vincentians.com\/fr\/wp-json\/wp\/v2\/users\/4"}],"replies":[{"embeddable":true,"href":"https:\/\/vincentians.com\/fr\/wp-json\/wp\/v2\/comments?post=107453"}],"version-history":[{"count":0,"href":"https:\/\/vincentians.com\/fr\/wp-json\/wp\/v2\/posts\/107453\/revisions"}],"wp:featuredmedia":[{"embeddable":true,"href":"https:\/\/vincentians.com\/fr\/wp-json\/"}],"wp:attachment":[{"href":"https:\/\/vincentians.com\/fr\/wp-json\/wp\/v2\/media?parent=107453"}],"wp:term":[{"taxonomy":"category","embeddable":true,"href":"https:\/\/vincentians.com\/fr\/wp-json\/wp\/v2\/categories?post=107453"},{"taxonomy":"post_tag","embeddable":true,"href":"https:\/\/vincentians.com\/fr\/wp-json\/wp\/v2\/tags?post=107453"}],"curies":[{"name":"wp","href":"https:\/\/api.w.org\/{rel}","templated":true}]}}