{"id":107445,"date":"2013-12-25T10:27:29","date_gmt":"2013-12-25T09:27:29","guid":{"rendered":"http:\/\/vincentiens.org\/?p=107445"},"modified":"2013-12-25T10:27:29","modified_gmt":"2013-12-25T09:27:29","slug":"histoire-dun-regard-sur-le-pauvre-1","status":"publish","type":"post","link":"https:\/\/vincentians.com\/fr\/histoire-dun-regard-sur-le-pauvre-1\/","title":{"rendered":"Histoire d&rsquo;un regard sur le pauvre (1)"},"content":{"rendered":"<p><a href=\"https:\/\/i0.wp.com\/vincentiens.org\/wp-content\/uploads\/2013\/12\/Un_infini_regard_.jpg\"><img data-recalc-dims=\"1\" loading=\"lazy\" decoding=\"async\" class=\"alignright size-medium wp-image-107455\" alt=\"Un_infini_regard_\" src=\"https:\/\/i0.wp.com\/vincentiens.org\/wp-content\/uploads\/2013\/12\/Un_infini_regard_-225x300.jpg?resize=225%2C300\" width=\"225\" height=\"300\" \/><\/a>Dans les quelques portraits anciens que l&rsquo;on a conserv\u00e9s de saint Vin\u00adcent de Paul, ceux de Simon Fran\u00e7ois de Tours, de Nicolas Pitau, de Van Schuppen, de Ren\u00e9 Lochon (ci-contre)&#8230;, ce sont les <i>yeux <\/i>qui, sans doute, impressionnent le plus. On y devine une grande qualit\u00e9 d&rsquo;attention, d&rsquo;obser\u00advation ; on y d\u00e9couvre aussi comme une pointe de malice bien gasconne ; on y trouve surtout une tr\u00e8s grande bont\u00e9.<\/p>\n<p>Ce regard n&rsquo;est pas celui d&rsquo;un r\u00eaveur, ni celui d&rsquo;un \u00ab d\u00e9vot \u00bb, comme il en existait au xvlle si\u00e8cle et que saint Vincent lui-m\u00eame d\u00e9non\u00e7ait avec vigueur et humour dans un c\u00e9l\u00e8bre passage :<\/p>\n<p style=\"padding-left: 30px\">\u00ab Aimons Dieu, mes fr\u00e8res, aimons Dieu, mais que ce soit aux d\u00e9pens de nos bras, que ce soit \u00e0 la sueur de nos visages. Car bien souvent tant d&rsquo;actes d&rsquo;amour de Dieu, de complaisance, de bienveillance, et autres semblables affections et pratiques int\u00e9rieures d&rsquo;un coeur tendre, quoique tr\u00e8s bonnes et tr\u00e8s d\u00e9sirables, sont n\u00e9anmoins tr\u00e8s suspectes quand on n&rsquo;en vient point \u00e0 la <i>pratique <\/i>de l&rsquo;amour <i>effectif&#8230; <\/i>Car il y en a plusieurs qui, pour avoir l&rsquo;ext\u00e9\u00adrieur bien compos\u00e9 et l&rsquo;int\u00e9rieur rempli de grands sentiments de Dieu, s&rsquo;arr\u00ea\u00adtent \u00e0 cela ; et quand ce vient <i>au fait <\/i>et qu&rsquo;ils se trouvent dans les <i>occasions d&rsquo;agir, ils demeurent court. <\/i>Ils se flattent de leur imagination \u00e9chauff\u00e9e ; ils se contentent de doux entretiens qu&rsquo;ils ont avec Dieu dans l&rsquo;oraison ; ils en par\u00adlent m\u00eame comme des anges ; mais au sortir de l\u00e0, est-il question de travailler pour Dieu, de souffrir, de se mortifier, d&rsquo;instruire les pauvres, d&rsquo;aller chercher la brebis \u00e9gar\u00e9e, d&rsquo;aimer qu&rsquo;il leur manque quelque chose, d&rsquo;agr\u00e9er les mala\u00addies ou quelque disgr\u00e2ce, h\u00e9las ! <i>il n&rsquo;y a plus personne ! <\/i>le courage leur man\u00adque. Non, non, ne nous trompons pas ! \u00bb (XI, 40.)<\/p>\n<h2><i>Mais pourquoi l&rsquo;histoire d&rsquo;un regard ?<\/i><\/h2>\n<p>L&rsquo;Evangile, on le sait, souligne assez souvent les regards du Christ&#8230; comme si cela avait quelque importance dans l&rsquo;annonce du Message. Dans l&rsquo;\u00e9pisode de l&rsquo;homme \u00e0 la main dess\u00e9ch\u00e9e, saint Luc pr\u00e9cise : \u00ab et <i>promenant son regard <\/i>sur eux tous, il lui dit : Etends la main \u00bb (Luc 6, 10). A propos de la veuve de Na\u00efm : \u00ab Le Seigneur la <i>regarda <\/i>et il en eut piti\u00e9 \u00bb (Luc 7, 13). Pour le jeune homme riche : \u00ab J\u00e9sus, fixant <i>son regard <\/i>sur lui, l&rsquo;aima \u00bb (Marc 10, 21). Et \u00e0 la Passion, apr\u00e8s le reniement : \u00ab Et aussit\u00f4t, comme il parlait encore, le coq chanta. Et le Seigneur, <i>s&rsquo;\u00e9tant retourn\u00e9, regarda <\/i>Pierre&#8230; \u00bb (Luc 22, 61). Sans vouloir solliciter les textes, il semble vraisem\u00adblable que les Evang\u00e9listes et t\u00e9moins ont \u00e9t\u00e9 parfois impressionn\u00e9s par les regards du Christ parce qu&rsquo;ils y lisaient, sans doute, une certaine qualit\u00e9 de relation aux hommes.<\/p>\n<p>Or, dans les conf\u00e9rences et. \u00e9crits de saint Vincent, les verbes <i>VOIR, REGARDER <\/i>sont \u00e9galement tr\u00e8s employ\u00e9s et parfois de fa\u00e7on tr\u00e8s significa\u00adtive.<\/p>\n<p>Au pape Innocent X, \u00e0 qui il demande d&rsquo;intervenir en faveur de la paix, il d\u00e9crit les horreurs et les injustices de la guerre et il ajoute : \u00ab C&rsquo;est peu d&rsquo;entendre et de lire ces choses, il faut les <i>VOIR <\/i>et les <i>CONSTATER DE SES YEUX \u00bb <\/i>(IV, 458).<\/p>\n<p>Au fr\u00e8re Jean Parr\u00e9 qui organise les secours en Picardie, il \u00e9crit \u00e0 pro\u00adpos des pauvres \u00e0 aider : \u00ab &#8230; Pour les bien discerner, il faudrait les <i>VOIR <\/i>chez eux, pour <i>CONNAITRE A L&rsquo;OEIL <\/i>les plus n\u00e9cessiteux et ceux qui le sont moins \u00bb (VI, 367).<\/p>\n<p>Quand on conna\u00eet un peu saint Vincent, on ne peut \u00eatre \u00e9tonn\u00e9 de tou\u00adtes ces expressions savoureuses qui se rapportent au <i>VOIR. <\/i>Saint Vincent, en effet, n&rsquo;est pas un th\u00e9oricien ; c&rsquo;est un homme concret, un homme de l&rsquo;exp\u00e9\u00adrience qui a besoin de voir, de regarder pour analyser et entreprendre.<\/p>\n<p>\u00ab Le regard sur le pauvre \u00bb semble donc \u00eatre un th\u00e8me d&rsquo;\u00e9tude valable et riche en ce qui concerne saint Vincent, d&rsquo;autant, on le devine, que cette \u00e9tude d\u00e9passera de beaucoup le simple inventaire des regards de saint Vin\u00adcent sur les pauvres. Le regard, tel qu&rsquo;on l&rsquo;entendra ici, est ce lieu myst\u00e9rieux de rencontre entre la r\u00e9alit\u00e9 et une personnalit\u00e9, ce lieu de synth\u00e8se entre ce que l&rsquo;on <i>voit <\/i>et ce que l&rsquo;941<sup>.<\/sup>-tbSf.&rsquo; \u00ab L&rsquo;histoire d&rsquo;un regard sur le<sup>&#8211;<\/sup> pauvre \u00bb devrait \u00eatre ainsi l&rsquo;histoire d&rsquo;une personnalit\u00e9, d&rsquo;une saintet\u00e9&#8230;, l&rsquo;histoire de M. Vincent, dans sa relation aux pauvres.<\/p>\n<h2>1. Un regard qui se forme, un regard qui se cherche (1581-1617)<\/h2>\n<p>Il existe en optique une op\u00e9ration qui correspond assez bien \u00e0 cette pre\u00admi\u00e8re \u00e9tape de la vie de saint Vincent : <i>l&rsquo;accommodation, <\/i>cette op\u00e9ration qui am\u00e8ne progressivement et souvent par t\u00e2tonnements l&rsquo;oeil, l&rsquo;objectif \u00e0 des images de plus en plus nettes. C&rsquo;est ainsi, de quelque fa\u00e7on, que le regard de saint Vincent sur les plus pauvres s&rsquo;est form\u00e9 et. cherch\u00e9. Peut-\u00eatre que, dans un premier temps, entre 1581 et 1595, le jeune Vincent \u00e9tait trop pr\u00e8s, trop impliqu\u00e9 dans une situation de pauvret\u00e9 pour en avoir une vue objective ; puis, entre 1595 et 1617, il s&rsquo;en est, cette fois, beaucoup trop \u00e9loign\u00e9. Mais cette premi\u00e8re et longue \u00e9tape a certainement \u00e9t\u00e9 des plus utiles et riches pour l&rsquo;accommodation du regard de saint Vincent sur les pauvres.<\/p>\n<h3><i>a. Un regard de l&rsquo;int\u00e9rieur (1581-1595)<\/i><\/h3>\n<p>Les premiers regards de saint Vincent sur les pauvres ont \u00e9t\u00e9 des regards sur ses parents, sa famille, ses voisins, son milieu. <i>Un regard de pau\u00advre sur les pauvres.<\/i><\/p>\n<p>Vincent est n\u00e9 en avril 1581, au village de Pouy, pr\u00e8s de Dax. Il \u00e9tait le troisi\u00e8me de six enfants (4 gar\u00e7ons et 2 filles). Son p\u00e8re Jean de Paul et sa m\u00e8re Bertrande de Moras \u00e9taient, selon son expression, \u00ab des pauvres labou\u00adreurs \u00bb, propri\u00e9taires d&rsquo;une petite ferme de quelques arpents de terre. C&rsquo;est l\u00e0 qu&rsquo;il v\u00e9cut ses quatorze premi\u00e8res ann\u00e9es, entour\u00e9 d&rsquo;affection sans doute, mais soumis, tr\u00e8s t\u00f4t, \u00e0 la vie rude \u00ab des pauvres gens des champs \u00bb : \u00ab Je suis fils d&rsquo;un laboureur qui ai gard\u00e9 les pourceaux et les vaches \u00bb (IV, 215).<\/p>\n<p>Cette premi\u00e8re exp\u00e9rience de la pauvret\u00e9 et du travail sera, pour lui, marquante comme sont toujours marquantes les premi\u00e8res exp\u00e9riences de l&rsquo;enfance, du milieu familial et social. Saint Vincent a ainsi vu les pauvres d&rsquo;abord \u00ab de l&rsquo;int\u00e9rieur \u00bb, et en de nombreux passages de ses \u00e9crits et conf\u00e9\u00adrences on peut ais\u00e9ment retrouver ce regard d&rsquo;enfant sur sa m\u00e8re et ses soeurs rentrant des champs, sur son p\u00e8re, ses fr\u00e8res, ses voisins travaillant sous un soleil de plomb pour r\u00e9colter un peu de \u00ab millet \u00bb et nourrir la famille.<\/p>\n<p>C&rsquo;est d&rsquo;ailleurs explicitement dans ses souvenirs d&rsquo;enfance que saint Vincent puise ses exemples lorsqu&rsquo;il parle des pauvres gens des champs.<\/p>\n<p style=\"padding-left: 30px\">\u00ab Je vous parlerai plus volontiers, dit-il aux premi\u00e8res Filles de la Charit\u00e9, des vertus des bonnes villageoises \u00e0 <i>cause de la connaissance que j&rsquo;en ai par EXPERIENCE et par NATURE, <\/i>\u00e9tant fils d&rsquo;un pauvre laboureur et ayant v\u00e9cu \u00e0 la campagne jusqu&rsquo;en l&rsquo;\u00e2ge de 15 ans. \u00bb (X, 81.)<\/p>\n<p>On remarquera l&rsquo;insistance \u00ab par exp\u00e9rience et par nature \u00bb et la r\u00e9f\u00e9\u00adrence explicite \u00e0 ces quatorze premi\u00e8res ann\u00e9es. Il est donc tr\u00e8s vraisemblable qu&rsquo;au cours des descriptions si r\u00e9alistes qui suivent, saint Vincent revoit, par la pens\u00e9e, sa m\u00e8re, ses soeurs. Il a alors 62 ans mais ses souvenirs d&rsquo;enfance demeurent sensibles et pr\u00e9cis :<\/p>\n<p style=\"padding-left: 30px\">\u00ab Les bonnes villageoises ne se glorifient point de ce qu&rsquo;elles ont&#8230; elles ne pensent point avoir de l&rsquo;esprit, vont tout bonnement&#8230; leur parler est tout sim\u00adple&#8230; elles ont une grande sobri\u00e9t\u00e9 en leur manger. La plupart se contentent souvent de pain et de potage, quoiqu&rsquo;elles travaillent incessamment et en ouvrages p\u00e9nibles&#8230; <i>Au pays dont je suis, <\/i>mes ch\u00e8res soeurs, on est nourri d&rsquo;une petite graine appel\u00e9e millet que l&rsquo;on met cuire dans un pot ; \u00e0 l&rsquo;heure du repas, elle est vers\u00e9e dans un vaisseau et ceux de la maison viennent autour prendre leur r\u00e9fection et <i>apr\u00e8s ils vont \u00e0 l&rsquo;ouvrage. \u00bb <\/i>(IX, 81-84.)<\/p>\n<p>Ces derniers mots \u00ab et apr\u00e8s ils vont \u00e0 l&rsquo;ouvrage \u00bb sont peut-\u00eatre les plus significatifs du rythme de vie dans la pauvre famille de \u00ab Ranquines \u00bb, les repas n&rsquo;\u00e9tant qu&rsquo;une courte halte dans une journ\u00e9e laborieuse. D&rsquo;ailleurs saint Vincent continue :<\/p>\n<p style=\"padding-left: 30px\">\u00ab (Les pauvres villageoises) se contentent de ce qu&rsquo;elles ont, soit au v\u00eatir ou pour la nourriture&#8230; Reviennent-elles de leur travail \u00e0 la maison pour prendre un maigre repas, lass\u00e9es et fatigu\u00e9es, toutes mouill\u00e9es et crott\u00e9es, \u00e0 peine y sont-elles, si le temps est propre au travail ou si leurs p\u00e8re et m\u00e8re leur com\u00admandent de retourner, aussit\u00f4t elles s&rsquo;en retournent sans s&rsquo;arr\u00eater \u00e0 leur lassi\u00adtude ni \u00e0 leurs crottes et sans regarder comme elles sont agenc\u00e9es. \u00bb (IX, 91.)<\/p>\n<p>Ces descriptions sont d&rsquo;un r\u00e9alisme qui ne trompe pas. Saint Vincent enfant, adolescent, a manifestement v\u00e9cu ces pauvres repas \u00e9court\u00e9s \u00e0 cause du travail ; il a vu sa m\u00e8re, ses soeurs \u00ab lass\u00e9es, fatigu\u00e9es, toutes mouill\u00e9es et crott\u00e9es \u00bb ; il s&rsquo;est nourri au vaisseau de millet. Tr\u00e8s jeune, il a appris \u00e0 con\u00adsid\u00e9rer le pain comme un luxe (IX, 83).<\/p>\n<p>Beaucoup d&rsquo;autres passages des \u00e9crits ou conf\u00e9rences de saint Vincent sont ainsi comme enracin\u00e9s dans cette premi\u00e8re exp\u00e9rience familiale de la pauvret\u00e9. On y retrouve m\u00eame parfois l&rsquo;\u00e9cho d&rsquo;un sentiment d&rsquo;injustice sinon de r\u00e9volte qui marque le monde des pauvres et qui germe in\u00e9vitablement dans la mis\u00e8re. Dans ces textes, par exemple, o\u00f9 saint Vincent met en parall\u00e8le la vie trop facile des eccl\u00e9siastiques un peu embourgeois\u00e9s et de la vie rude des paysans :<\/p>\n<p style=\"padding-left: 30px\">\u00ab S&rsquo;il y a une vraie religion&#8230; qu&rsquo;ai-je dit, mis\u00e9rable&#8230; s&rsquo;il y a une vraie reli\u00adgion ! Dieu me pardonne ! Je parle mat\u00e9riellement. C&rsquo;est parmi eux, c&rsquo;est en ces pauvres gens que se conserve la vraie religion, une foi vive&#8230; pauvres vignerons, qui nous donnent leur travail, qui s&rsquo;attendent \u00e0 ce que nous prie\u00adrons pour eux, tandis qu&rsquo;ils se fatiguent pour nous nourrir !<\/p>\n<p style=\"padding-left: 30px\">On cherche l&rsquo;ombre ; on ne voudrait pas sortir au soleil ; nous aimons si fort nos aises ! En mission du moins on est dans l&rsquo;\u00e9glise \u00e0 couvert des injures du temps, de l&rsquo;ardeur du soleil, de la pluie, auxquelles ces pauvres gens sont expo\u00ads\u00e9s. Et nous crions \u00e0 l&rsquo;aide si l&rsquo;on nous donne un temps soit peu plus d&rsquo;occu\u00adpations qu&rsquo;\u00e0 l&rsquo;ordinaire. <i>MA <\/i>chambre, <i>MES <\/i>livres, <i>MA <\/i>messe !&#8230; Nous vivons du patrimoine de J\u00e9sus-Christ, <i>de la sueur des pauvres gens&#8230; J&rsquo;ai <\/i>sou\u00advent cette pens\u00e9e qui me fait entrer en confusion : Mis\u00e9rable, as-tu gagn\u00e9 le pain que tu vas manger, <i>CE PAIN QUI TE VIENT DU TRAVAIL DES PAUVRES. \u00bb <\/i>(XI, 200-201.)<\/p>\n<p>Voil\u00e0 encore un ton qui ne trompe pas, une v\u00e9h\u00e9mence et m\u00eame une violence n\u00e9es d&rsquo;une exp\u00e9rience vraie et rude du milieu des pauvres, de la vie r\u00e9elle, concr\u00e8te des pauvres.<\/p>\n<p>Apr\u00e8s 1617, on le verra, et par rapport aux pauvres, saint Vincent se sentira toujours \u00ab l&rsquo;un d&rsquo;entre eux \u00bb. Il les verra comme un pauvre voit les pauvres ; il en parlera comme un pauvre parle des pauvres parce que, selon sa propre expression, il conna\u00eet les pauvres \u00ab par exp\u00e9rience et par nature \u00bb.<\/p>\n<p>De ce fait, sa relation aux pauvres est d&rsquo;ordinaire spontan\u00e9ment juste, r\u00e9aliste, sans complexe ni surench\u00e8re. Il est \u00ab du milieu \u00bb comme l&rsquo;on dirait aujourd&rsquo;hui, son regard est de \u00ab l&rsquo;int\u00e9rieur \u00bb et il per\u00e7oit naturellement les valeurs de ce monde des humbles, des travailleurs mais aussi ses limites et ses travers. Il conna\u00eet les ruses de la mis\u00e8re, et il en parle d&rsquo;une fa\u00e7on tellement r\u00e9aliste que cela peut appara\u00eetre choquant aujourd&rsquo;hui (XI, 32 ; VI, 367&#8230;). Il faut \u00eatre du \u00ab milieu \u00bb pour oser parler ainsi sans complaisance ni censure, dans le monde des pauvres, la rudesse \u00e9tant souvent une forme de sinc\u00e9rit\u00e9 et l&rsquo;habit de la v\u00e9rit\u00e9. Pendant quatorze ans, saint Vincent a v\u00e9cu dans ce monde. C&rsquo;est d&rsquo;abord en ces ann\u00e9es que s&rsquo;enracine et se fa\u00e7onnesa charit\u00e9.<\/p>\n<p>Le fait d&rsquo;avoir \u00e9t\u00e9 pauvre, d&rsquo;\u00eatre sorti du monde des pauvres, du \u00ab milieu social \u00bb des pauvres a, en effet, certainement donn\u00e9 \u00e0 la charit\u00e9 vin\u00adcentienne son <i>r\u00e9alisme. <\/i>Certes, apr\u00e8s 1617, apr\u00e8s sa \u00ab conversion \u00bb, saint Vincent verra dans le pauvre une pr\u00e9sence myst\u00e9rieuse de J\u00e9sus-Christ, mais cette approche authentiquement mystique du pauvre n&rsquo;att\u00e9nuera jamais ni en aucune fa\u00e7on la rencontre avec la personne <i>humaine <\/i>du pauvre et les con\u00additions concr\u00e8tes et sociales de sa vie. Pour saint Vincent, le pauvre sera tou\u00adjours et avant tout cet homme, cette femme, cet enfant vivant dans une situa\u00adtion donn\u00e9e de mis\u00e8re et d&rsquo;injustice.<\/p>\n<p>Il faudrait \u00e9voquer ici toutes les \u00e9tudes minutieuses, les contacts directs, ces petits chefs-d&rsquo;\u0153uvre d&rsquo;enqu\u00eates sociologiques avant la lettre qui, sur le terrain, pr\u00e9c\u00e8dent le plus souvent les interventions charitables et socia\u00adles de saint Vincent : qu&rsquo;il s&rsquo;agisse des prisons, des enfants trouv\u00e9s, des men\u00addiants de M\u00e2con, des ch\u00f4meurs de Joigny ou des secours en faveur des victi\u00admes de guerre.<\/p>\n<p>Sous pr\u00e9texte de charit\u00e9 chr\u00e9tienne et surnaturelle, on a eu parfois ten\u00addance \u00e0 oublier ou minimiser les valeurs et r\u00e9alit\u00e9s humaines ; saint Vincent n&rsquo;est jamais tomb\u00e9 dans ce pi\u00e8ge qui d\u00e9figure la charit\u00e9. Et cette attention de l&rsquo;homme, ce r\u00e9alisme \u00ab social \u00bb dans la relation aux pauvres, il les a certaine\u00adment, en grande partie, puis\u00e9s dans \u00ab sa nature et son exp\u00e9rience \u00bb de pauvre villageois. Pendant ses quatorze premi\u00e8res ann\u00e9es, au Pouy, il a eu tout le loisir de se rendre compte que ni les bonnes pens\u00e9es, ni les belles paroles, ni m\u00eame les ferventes pri\u00e8res ne suffisaient, pas plus d&rsquo;ailleurs que les aum\u00f4nes, devant la pauvret\u00e9, la mis\u00e8re et l&rsquo;injustice. Ce regard de pauvre sur les pauvres, ce regard de \u00ab l&rsquo;int\u00e9rieur \u00bb a, incontestablement et profond\u00e9ment mar\u00adqu\u00e9 la charit\u00e9 de saint Vincent de Paul et lui a donn\u00e9 sa qualit\u00e9 humaine et son solide r\u00e9alisme.<\/p>\n<h3><i>b. Un regard de \u00ab l&rsquo;ext\u00e9rieur \u00bb (1595-1617)<\/i><\/h3>\n<p>Ces quatorze premi\u00e8res ann\u00e9es, au Pouy, ont donc \u00e9t\u00e9 des plus riches. M. Vincent n&rsquo;en prendra conscience que beaucoup plus tard, lorsqu&rsquo;il d\u00e9ci\u00addera de consacrer sa vie aux pauvres.<\/p>\n<p>En 1595, sans regret semble-t-il, le jeune Vincent quitte la ferme pater\u00adnelle, la rude vie des laboureurs et, jusqu&rsquo;en 1617, les exp\u00e9riences se multi\u00adplient, les situations se succ\u00e8dent : \u00e9colier, \u00e9tudiant, grand voyageur, aum\u00f4\u00adnier de cour, cur\u00e9, pr\u00e9cepteur&#8230;, mais dans cette p\u00e9riode si chaotique, un projet d\u00e9termin\u00e9 et poursuivi m\u00e9thodiquement : M. Vincent veut changer de \u00ab milieu social \u00bb, se naturaliser en un autre milieu, il s&rsquo;\u00e9carte effectivement des pauvres et ne les voit plus que de loin, occasionnellement&#8230; \u00ab de l&rsquo;ext\u00e9\u00adrieur \u00bb.<\/p>\n<p>En 1595, donc, Vincent est envoy\u00e9 dans un petit coll\u00e8ge de Dax, pr\u00e8s des Cordeliers, et il loge dans une famille bourgeoise : les de Comet. Change\u00adment brutal, exp\u00e9rience in\u00e9dite pour le jeune Landais qui, jusque-l\u00e0, n&rsquo;est gu\u00e8re sorti de la ferme et du village de Pouy. On retrouve sans doute l&rsquo;\u00e9cho de ce qui se passe alors dans sa psychologie et sa mentalit\u00e9 sous ce souvenir d&rsquo;enfance qu&rsquo;il \u00e9voque lui-m\u00eame au cours d&rsquo;une des derni\u00e8res conf\u00e9rences qu&rsquo;il fit \u00e0 ses missionnaires. Saint Vincent avait alors 79 ans et son p\u00e8re \u00e9tait mort depuis 62 ans !<\/p>\n<p style=\"padding-left: 30px\">\u00ab J&rsquo;y pensais encore tant\u00f4t, et je me ressouviens qu&rsquo;\u00e9tant petit gar\u00e7on, comme mon p\u00e8re me menait avec lui dans la ville, parce qu&rsquo;il \u00e9tait mal habill\u00e9 et un peu boiteux, <i>j&rsquo;avais honte d&rsquo;aller avec lui <\/i>et de le reconna\u00eetre pour mon p\u00e8re&#8230; &lsquo;en demande pardon \u00e0 Dieu ; je vous demande aussi pardon et \u00e0 toute la Compagnie&#8230; \u00bb (XII, 432.)<\/p>\n<p>Ecolier \u00e0 Dax, le jeune Vincent commence d\u00e9j\u00e0 \u00e0 se d\u00e9solidariser un peu de son milieu. Il est parti du Pouy pour faire des \u00e9tudes et obtenir une situation qui lui permette de venir en aide \u00e0 sa famille. C&rsquo;est aussi le calcul de ses parents et, dans son testament, son p\u00e8re demande que tout soit fait pour que Vincent puisse continuer ses \u00e9tudes. Or, \u00e0 l&rsquo;\u00e9poque, la voie la plus acces\u00adsible pour les pauvres est l&rsquo;\u00e9tat eccl\u00e9siastique et c&rsquo;est dans cette voie que s&rsquo;engage Vincent, avec une certaine pr\u00e9cipitation et beaucoup de succ\u00e8s.<\/p>\n<p>Pratiquement illettr\u00e9 \u00e0 14 ans, il est ordonn\u00e9 pr\u00eatre \u00e0 19 ans et demi alors qu&rsquo;il poursuit des \u00e9tudes de th\u00e9ologie \u00e0 l&rsquo;Universit\u00e9 de Toulouse. Comme beaucoup d&rsquo;\u00e9tudiants pauvres, il m\u00e8ne de pair la direction d&rsquo;une petite pension \u00e0 Buzet dans le Tarn. Sorti bachelier en th\u00e9ologie de l&rsquo;Univer\u00adsit\u00e9, ce qui d\u00e9j\u00e0 le situe \u00e0 un niveau tr\u00e8s honorable dans le clerg\u00e9 de l&rsquo;\u00e9poque, Vincent de Paul entreprend une s\u00e9rie de voyages en vue d&rsquo;obtenir la situation conforme \u00e0 ses grandes ambitions&#8230; un \u00e9v\u00each\u00e9 peut-\u00eatre ? Il va \u00e0 Bordeaux, \u00e0 Marseille, deux fois \u00e0 Rome, \u00e0 Avignon. Pendant deux ans, on perd sa trace : c&rsquo;est alors que l&rsquo;on situe le r\u00e9cit contest\u00e9 de la captivit\u00e9 en Barbarie. On le retrouve en 1608 \u00e0 Paris o\u00f9 il s&#8217;empresse de nouer des relations qui lui permettent d&rsquo;entrer dans le groupe d&rsquo;aum\u00f4niers de la cour de la reine Mar\u00adguerite de Valois (la Reine Margot). Nous sommes en 1610, le jeune abb\u00e9 Vincent a 29 ans et c&rsquo;est alors qu&rsquo;il \u00e9crit \u00e0 sa m\u00e8re cette lettre, dat\u00e9e du 17 f\u00e9vrier, qui r\u00e9v\u00e8le clairement son projet, comme aussi son grand attachement \u00e0 sa famille :<\/p>\n<p style=\"padding-left: 30px\">17 f\u00e9vrier 1610.<\/p>\n<p style=\"padding-left: 30px\">\u00ab L&rsquo;assurance que Monsieur de Saint-Martin m&rsquo;a donn\u00e9e de votre bon porte\u00adment m&rsquo;a autant r\u00e9joui que le s\u00e9jour qu&rsquo;il me faut encore faire en cette ville pour recouvrer l&rsquo;occasion de mon avancement (que mes d\u00e9sastres m&rsquo;ont ravi) me rend f\u00e2ch\u00e9 pour ne vous pouvoir aller rendre les services que je vous dois ; mais j&rsquo;esp\u00e8re tant en la gr\u00e2ce de Dieu qu&rsquo;il b\u00e9nira mon labeur et qu&rsquo;il me donnera bient\u00f4t le moyen de faire une honn\u00eate retraite, pour employer le reste de mes jours aupr\u00e8s de vous. J&rsquo;ai dit l&rsquo;\u00e9tat de mes affaires \u00e0 Monsieur de Saint\u00adMartin, qui m&rsquo;a t\u00e9moign\u00e9 qu&rsquo;il voulait succ\u00e9der \u00e0 la bienveillance et \u00e0 l&rsquo;affec\u00adtion qu&rsquo;il a plu \u00e0 Monsieur de Cornet nous porter. Je l&rsquo;ai suppli\u00e9 de vous com\u00admuniquer le tout.<\/p>\n<p style=\"padding-left: 30px\">J&rsquo;eusse bien d\u00e9sir\u00e9 savoir l&rsquo;\u00e9tat des affaires de la maison et si tous mes fr\u00e8res et soeurs et le reste de nos autres parents et amis se portent bien, et notamment si mon fr\u00e8re Gayon est mari\u00e9 et \u00e0 qui, d&rsquo;ailleurs, comment vont les affaires de ma soeur Marie, de Paillole, et si elle vit toujours et fait une m\u00eame maison avec son beau-fr\u00e8re Bertrand. Quant \u00e0 mon autre soeur, j&rsquo;estime qu&rsquo;elle ne peut \u00eatre qu&rsquo;\u00e0 son aise, tant qu&rsquo;il plaira \u00e0 Dieu la tenir accompagn\u00e9e. Je d\u00e9si\u00adrerais aussi que mon fr\u00e8re fit \u00e9tudier quelqu&rsquo;un de mes neveux. Mes infortu\u00adnes et le peu de service que j&rsquo;ai encore pu faire \u00e0 la maison lui en pourront pos\u00adsible \u00f4ter la volont\u00e9 ; mais qu&rsquo;il se repr\u00e9sente que l&rsquo;infortune pr\u00e9sente pr\u00e9sup\u00adpose un bonheur \u00e0 l&rsquo;avenir.<\/p>\n<p style=\"padding-left: 30px\">C&rsquo;est tout, ma m\u00e8re, ce que je vous puis dire par la pr\u00e9sente, fors que je vous supplie pr\u00e9senter mes humbles recommandations \u00e0 tous mes fr\u00e8res et soeurs et \u00e0 tous nos autres parents et amis, et que je prie Dieu sans cesse pour votre sant\u00e9 et pour la prosp\u00e9rit\u00e9 de la maison, comme celui qui vous est et vous sera, ma m\u00e8re, le plus humble, le plus ob\u00e9issant et serviable fils et serviteur.<\/p>\n<p style=\"padding-left: 30px\">DEPAUL.<\/p>\n<p style=\"padding-left: 30px\">Je vous supplie pr\u00e9senter mes humbles recommandations \u00e0 tous mes fr\u00e8res et soeurs et \u00e0 tous nos parents et amis, et notamment \u00e0 B\u00e9tan. \u00bb<\/p>\n<p style=\"padding-left: 30px\">(I, 18-20.)<\/p>\n<p>\u00ab L&rsquo;occasion de mon avancement \u00bb&#8230; \u00ab le moyen de faire une honn\u00eate retraite \u00bb&#8230; \u00ab l&rsquo;\u00e9tat de mes affaires \u00bb&#8230; Autant d&rsquo;expressions qui explicitent bien la mentalit\u00e9, le projet de M. Vincent en 1610 et sans doute depuis long\u00adtemps. Rien l\u00e0 de tellement scandaleux mais rien non plus qui, de quelque fa\u00e7on, laisse entrevoir l&rsquo;avenir. A 29 ans, saint Vincent pense \u00e0 l&rsquo;honn\u00eate retirade et il y pense pour bient\u00f4t.<\/p>\n<p>Et c&rsquo;est au moment pr\u00e9cis o\u00f9 il croit toucher au but que d\u00e9ceptions et difficult\u00e9s se multiplient. L&rsquo;ann\u00e9e pr\u00e9c\u00e9dente d\u00e9j\u00e0, il a \u00e9t\u00e9 accus\u00e9 publiquement d&rsquo;un vol qu&rsquo;il n&rsquo;avait pas commis. Ce fut une s\u00e9rieuse \u00e9preuve. Lui qui s&rsquo;\u00e9tait employ\u00e9 \u00e0 nouer d&rsquo;influentes relations se voit brutalement oblig\u00e9 de changer de quartier et de paroisse.<\/p>\n<p>Le 14 mai 1610, il fait l&rsquo;acquisition de l&rsquo;abbaye de Saint-L\u00e9onard-de\u00adChaumes, pr\u00e8s de La Rochelle, dont il croit les revenus consid\u00e9rables mais l&rsquo;affaire se r\u00e9v\u00e8le mauvaise et il devra s&rsquo;en d\u00e9faire. D\u00e9sempar\u00e9, il se confie \u00e0 M. de B\u00e9rulle, eccl\u00e9siastique de renom et de grande influence qui fonde l&rsquo;Oratoire en novembre 1611. M. Vincent y s\u00e9journe quelques mois. Puis il accepte la cure de Clichy, alors paroisse rurale de quelques 6 000 habitants. Il en prend possession le 2 mai 1612 et y restera seize mois. Seize mois au cours desquels il semble retrouver un peu son \u00e9quilibre. Il est pr\u00eatre depuis douze ans et c&rsquo;est pratiquement la premi\u00e8re fois qu&rsquo;il se trouve en situation pasto\u00adrale, \u00ab au milieu des pauvres gens des champs \u00bb. Il y est aussit\u00f4t \u00e0 l&rsquo;aise et m\u00eame heureux :<\/p>\n<p style=\"padding-left: 30px\">\u00ab J&rsquo;\u00e9tais si content, dira-t-il, que je me disais \u00e0 moi-m\u00eame : mon Dieu ! que tu es heureux d&rsquo;avoir un si bon peuple&#8230; Je pense que le pape n&rsquo;est pas si heureux qu&rsquo;un cur\u00e9 <i>au milieu d&rsquo;un peuple <\/i>qui a si bon coeur. \u00bb (IX, 646.)<\/p>\n<p>Il y a l\u00e0 comme l&rsquo;\u00e9cho d&rsquo;une r\u00e9v\u00e9lation pour un homme qui, jusqu&rsquo;alors, a justement souhait\u00e9 monter vite et haut.<\/p>\n<p>Mais alors, pourquoi ne pas rester \u00e0 Clichy ? C&rsquo;est que M. Vincent n&rsquo;a pas encore renonc\u00e9 \u00e0 son projet de situation et de retirade ; en septembre 1613 sur pr\u00e9sentation de M. de B\u00e9rulle, il entre comme pr\u00e9cepteur dans la grande famille des de Gondi. C&rsquo;est une place tr\u00e8s enviable et qui remet M. Vincent en relation avec les grands de la soci\u00e9t\u00e9. Mais est-ce oisivet\u00e9 ou nostalgie de Clichy ou plus simplement travail de la gr\u00e2ce ?&#8230; M. Vincent entre alors dans une des p\u00e9riodes les plus sombres de sa vie. Sa foi chr\u00e9tienne elle-m\u00eame vacille et l&rsquo;on raconte que ne pouvant m\u00eame plus articuler une pri\u00e8re, il a \u00e9crit le Credo sur un papier qu&rsquo;il touche de temps \u00e0 autre en guise d&rsquo;acte de foi. C&rsquo;est vraisemblablement en cet \u00e9tat de d\u00e9sarroi que les \u00e9v\u00e9ne\u00adments de 1617 vont bient\u00f4t le surprendre et l&rsquo;interpeller au point de l&rsquo;amener \u00e0 changer radicalement de vie.<\/p>\n<p>Mais qu&rsquo;en est-il, pour l&rsquo;instant, du regard de saint Vincent sur le pau\u00advre ? Depuis 1595 et l&rsquo;entr\u00e9e au petit coll\u00e8ge de Dax, il n&rsquo;en a gu\u00e8re \u00e9t\u00e9 ques\u00adtion. Ces vingt-deux ann\u00e9es ont \u00e9t\u00e9 surtout consacr\u00e9es \u00e0 la poursuite d&rsquo;un projet humain, \u00e0 une volont\u00e9 de promotion et \u00e0 la recherche d&rsquo;une situation. Il n&rsquo;y a pas en cela que de l&rsquo;\u00e9go\u00efsme ou de la vanit\u00e9. M. Vincent sait que sa famille a fait de gros sacrifices pour ses \u00e9tudes ; il consid\u00e8re la r\u00e9ussite humaine et le retour au pays comme une sorte de justice.<\/p>\n<p>En 1622, \u00e0 l&rsquo;occasion d&rsquo;une mission \u00e0 Bordeaux, il ira au Pouy, trou\u00advera sa famille dans la m\u00eame pauvret\u00e9 et en reviendra boulevers\u00e9. Lui-m\u00eame raconte :<\/p>\n<p style=\"padding-left: 30px\">\u00ab Le jour que je partis, j&rsquo;eus tant de douleur de quitter mes pauvres parents que je ne fis que pleurer tout le long du chemin et quasi pleurer sans cesse. A ces larmes succ\u00e9da la pens\u00e9e <i>de les aider et de les mettre en meilleur \u00e9tat, <\/i>de donner \u00e0 tel ceci, \u00e0 telle cela. Mon esprit attendri partageait ainsi ce que j&rsquo;avais et ce que je n&rsquo;avais pas&#8230; Je fus trois mois dans cette passion impor\u00adtune <i>d&rsquo;avancer mes fr\u00e8res et mes soeurs ; <\/i>c&rsquo;\u00e9tait le poids continuel de mon pauvre esprit. \u00bb (XII, 219.)<\/p>\n<p>Ce t\u00e9moignage permet de mieux comprendre ce que fut le projet, l&rsquo;ambition de M. Vincent de 1595 \u00e0 1617&#8230; p\u00e9riode au cours de laquelle \u00ab les pauvres \u00bb n&rsquo;ont gu\u00e8re de place, mise \u00e0 part, peut-\u00eatre, l&rsquo;heureuse parenth\u00e8se de Clichy. Se glissant progressivement et m\u00e9thodiquement dans le monde des grands et des riches, il ne voit les pauvres que de loin, de \u00ab l&rsquo;ext\u00e9rieur \u00bb, il les voit du c\u00f4t\u00e9 des riches et en leur nom&#8230; Lorsqu&rsquo;il est aum\u00f4nier \u00e0 la cour de Marguerite de Valois, il va visiter les malades de l&rsquo;h\u00f4pital de la Charit\u00e9 mais il y va au nom de la reine pour distribuer ses aum\u00f4nes ; chez les de Gondi, il lui arrive de visiter les pauvres villageois travaillant sur le domaine immense de la famille mais, l\u00e0 encore, il accompagne Mme de Gondi et sa relation aux pauvres en est \u00e9videmment affect\u00e9e.<\/p>\n<p>Cette exp\u00e9rience n&rsquo;en sera pas moins fort utile pour la formation du regard de saint Vincent sur les pauvres. Il voit comment les grands se com\u00adportent vis-\u00e0-vis d&rsquo;eux. La \u00ab Reine Margot \u00bb, par exemple, qui alterne les soir\u00e9es les plus luxueuses et mondaines et les aum\u00f4nes les plus g\u00e9n\u00e9reuses, ne manquait jamais, chaque semaine sainte, de visiter ses pauvres. Mme de Gondi est sans doute d&rsquo;une autre trempe mais il y a \u00e9galement dans sa rela\u00adtion aux pauvres quelque chose d&rsquo;\u00e9pisodique et d&rsquo;artificiel. Elle \u00ab va aux pauvres \u00bb par charit\u00e9, sans doute, mais aussi pour sortir d&rsquo;elle-m\u00eame, de ses probl\u00e8mes int\u00e9rieurs, de ses scrupules et de son d\u00e9soeuvrement.<\/p>\n<p>On ne peut \u00e9videmment dire que saint Vincent, surtout entre 1610 et 1617, adopte ce type de relation aux pauvres mais il les voit de ce c\u00f4t\u00e9-l\u00e0 et il a tout le loisir d&rsquo;\u00e9tudier, de r\u00e9fl\u00e9chir. Incontestablement, cette exp\u00e9rience l&rsquo;a marqu\u00e9 profond\u00e9ment pour toute une partie de son activit\u00e9 sociale et pasto\u00adrale, en particulier avec les Confr\u00e9ries et les Dames de la Charit\u00e9. Car si M. Vincent per\u00e7oit clairement les limites et l&rsquo;ambigu\u00eft\u00e9 de la relation de la haute soci\u00e9t\u00e9 aux pauvres, il prend conscience, avec la m\u00eame objectivit\u00e9, des ressources mat\u00e9rielles et morales de ce monde&#8230;, ressources, les secondes surtout, souvent m\u00e9connues et inexploit\u00e9es.<\/p>\n<p>Nous touchons ici \u00e0 un aspect du comportement et de la spiritualit\u00e9 de saint Vincent apparemment assez contradictoire et bien provocant pour nos mentalit\u00e9s d&rsquo;aujourd&rsquo;hui. Apr\u00e8s 1617 et jusqu&rsquo;\u00e0 sa mort, saint Vincent con\u00adsacrera tout son temps \u00e0 l&rsquo;\u00e9vang\u00e9lisation et au service des pauvres ; cepen\u00addant il ne cessera de maintenir le contact avec les grands, les riches et les puis\u00adsants. Comment le \u00ab regard de saint Vincent \u00bb a-t-il pu ainsi concilier la passion pour les pauvres et une bienveillance, un souci profond\u00e9ment pastoral pour tous ? La r\u00e9ponse est peut-\u00eatre dans ce fameux sermon de Bossuet \u00ab <i>sur l&rsquo;\u00e9minente dignit\u00e9 des pauvres \u00bb, <\/i>un sermon que l&rsquo;on dit avoir \u00e9t\u00e9 demand\u00e9 et inspir\u00e9 par saint Vincent lui-m\u00eame, tout \u00e0 la fin de sa vie.<\/p>\n<p>Dans ce sermon, la conception de l&rsquo;Eglise appara\u00eet totalement renver\u00ads\u00e9e du simple fait que les pauvres y occupent la premi\u00e8re place. Les puissants et les riches n&rsquo;en sont pas exclus mais ils n&rsquo;y entrent et ne s&rsquo;y sauvent que dans la mesure o\u00f9 ils mettent leur puissance et leur richesse au service des pauvres. Et Bossuet conclut :<\/p>\n<p style=\"padding-left: 30px\">\u00ab Donc, l&rsquo;Eglise de J\u00e9sus-Christ est v\u00e9ritablement la <i>Ville <\/i>des pauvres. Les riches, je ne crains pas de le dire, en qualit\u00e9 de riches&#8230; n&rsquo;y sont soufferts que par tol\u00e9rance. Venez donc, \u00f4 riches, la porte de l&rsquo;Eglise vous est ouverte mais elle vous est ouverte <i>en faveur des pauvres et \u00e0 condition de les servir. <\/i>C&rsquo;est pour l&rsquo;amour de ses enfants que Dieu permet l&rsquo;entr\u00e9e \u00e0 ces \u00e9trangers. Voyez le miracle de la pauvret\u00e9. Les riches \u00e9taient \u00e9trangers, mais <i>le service des pauvres les NATURALISE. <\/i>Par cons\u00e9quent, riches du si\u00e8cle, prenez tant qu&rsquo;il vous plaira les titres superbes, vous les pouvez porter dans le monde ; dans l&rsquo;Eglise de J\u00e9sus-Christ, vous \u00eates seulement les <i>serviteurs des pauvres&#8230; \u00bb<\/i><\/p>\n<p>Ce texte de Bossuet restitue peut-\u00eatre assez fid\u00e8lement ce que l&rsquo;on pourrait appeler la pens\u00e9e \u00ab politique, sociale et pastorale \u00bb de saint Vincent et explique son comportement dans la soci\u00e9t\u00e9 de son temps. La p\u00e9riode 1595\u00ad1617, et surtout \u00e0 partir de 1610, lui a permis de voir de pr\u00e8s les travers et le \u00ab p\u00e9ch\u00e9 \u00bb des riches mais aussi les valeurs et les ressources inexploit\u00e9es de ce monde et c&rsquo;est ainsi que \u00ab servant les pauvres \u00bb, il a pu \u00ab naturaliser \u00bb (selon le mot de Bossuet) tant de riches et de grands, \u00e0 commencer par Louise de Marillac, en leur ouvrant les yeux et le coeur \u00e0 la mis\u00e8re et \u00e0 l&rsquo;injustice et en les amenant \u00e0 devenir \u00ab les serviteurs \u00bb des pauvres.<\/p>\n","protected":false},"excerpt":{"rendered":"<p>Dans les quelques portraits anciens que l&rsquo;on a conserv\u00e9s de saint Vin\u00adcent de Paul, ceux de Simon Fran\u00e7ois de Tours, de Nicolas Pitau, de Van Schuppen, de Ren\u00e9 Lochon (ci-contre)&#8230;, ce sont les yeux qui, &#8230; <a href=\"https:\/\/vincentians.com\/fr\/histoire-dun-regard-sur-le-pauvre-1\/\" class=\"more-link\">Read More<\/a><\/p>\n","protected":false},"author":4,"featured_media":107455,"comment_status":"open","ping_status":"open","sticky":false,"template":"","format":"standard","meta":{"jetpack_post_was_ever_published":false,"_jetpack_newsletter_access":"","_jetpack_dont_email_post_to_subs":false,"_jetpack_newsletter_tier_id":0,"_jetpack_memberships_contains_paywalled_content":false,"_jetpack_memberships_contains_paid_content":false,"footnotes":"","jetpack_publicize_message":"","jetpack_publicize_feature_enabled":true,"jetpack_social_post_already_shared":true,"jetpack_social_options":{"image_generator_settings":{"template":"highway","default_image_id":0,"font":"","enabled":false},"version":2}},"categories":[128],"tags":[],"class_list":["post-107445","post","type-post","status-publish","format-standard","has-post-thumbnail","hentry","category-au-temps-de-vincent-de-paul"],"yoast_head":"<!-- This site is optimized with the Yoast SEO plugin v26.3 - https:\/\/yoast.com\/wordpress\/plugins\/seo\/ -->\n<title>Histoire d&#039;un regard sur le pauvre (1) - Nous Sommes Vincentiens<\/title>\n<meta name=\"robots\" content=\"index, follow, max-snippet:-1, max-image-preview:large, max-video-preview:-1\" \/>\n<link rel=\"canonical\" href=\"https:\/\/vincentians.com\/fr\/histoire-dun-regard-sur-le-pauvre-1\/\" \/>\n<meta property=\"og:locale\" content=\"fr_FR\" \/>\n<meta property=\"og:type\" content=\"article\" \/>\n<meta property=\"og:title\" content=\"Histoire d&#039;un regard sur le pauvre (1) - Nous Sommes Vincentiens\" \/>\n<meta property=\"og:description\" content=\"Dans les quelques portraits anciens que l&rsquo;on a conserv\u00e9s de saint Vin\u00adcent de Paul, ceux de Simon Fran\u00e7ois de Tours, de Nicolas Pitau, de Van Schuppen, de Ren\u00e9 Lochon (ci-contre)&#8230;, ce sont les yeux qui, ... Read More\" \/>\n<meta property=\"og:url\" content=\"https:\/\/vincentians.com\/fr\/histoire-dun-regard-sur-le-pauvre-1\/\" \/>\n<meta property=\"og:site_name\" content=\"Nous Sommes Vincentiens\" \/>\n<meta property=\"article:publisher\" content=\"https:\/\/www.facebook.com\/WeAreVincentians\/\" \/>\n<meta property=\"article:author\" content=\"https:\/\/www.facebook.com\/JavierChento\" \/>\n<meta property=\"article:published_time\" content=\"2013-12-25T09:27:29+00:00\" \/>\n<meta name=\"author\" content=\"Francisco Javier Fern\u00e1ndez Chento\" \/>\n<meta name=\"twitter:card\" content=\"summary_large_image\" \/>\n<meta name=\"twitter:creator\" content=\"@https:\/\/twitter.com\/javierchento\" \/>\n<meta name=\"twitter:site\" content=\"@WeVincentians\" \/>\n<meta name=\"twitter:label1\" content=\"\u00c9crit par\" \/>\n\t<meta name=\"twitter:data1\" content=\"Francisco Javier Fern\u00e1ndez Chento\" \/>\n\t<meta name=\"twitter:label2\" content=\"Dur\u00e9e de lecture estim\u00e9e\" \/>\n\t<meta name=\"twitter:data2\" content=\"24 minutes\" \/>\n<script type=\"application\/ld+json\" class=\"yoast-schema-graph\">{\"@context\":\"https:\/\/schema.org\",\"@graph\":[{\"@type\":\"WebPage\",\"@id\":\"https:\/\/vincentians.com\/fr\/histoire-dun-regard-sur-le-pauvre-1\/\",\"url\":\"https:\/\/vincentians.com\/fr\/histoire-dun-regard-sur-le-pauvre-1\/\",\"name\":\"Histoire d'un regard sur le pauvre (1) - Nous Sommes Vincentiens\",\"isPartOf\":{\"@id\":\"http:\/\/vincentians.com\/fr\/#website\"},\"primaryImageOfPage\":{\"@id\":\"https:\/\/vincentians.com\/fr\/histoire-dun-regard-sur-le-pauvre-1\/#primaryimage\"},\"image\":{\"@id\":\"https:\/\/vincentians.com\/fr\/histoire-dun-regard-sur-le-pauvre-1\/#primaryimage\"},\"thumbnailUrl\":\"\",\"datePublished\":\"2013-12-25T09:27:29+00:00\",\"author\":{\"@id\":\"http:\/\/vincentians.com\/fr\/#\/schema\/person\/9623ef4d9aa3b2dfb8c061f1499288f2\"},\"breadcrumb\":{\"@id\":\"https:\/\/vincentians.com\/fr\/histoire-dun-regard-sur-le-pauvre-1\/#breadcrumb\"},\"inLanguage\":\"fr-FR\",\"potentialAction\":[{\"@type\":\"ReadAction\",\"target\":[\"https:\/\/vincentians.com\/fr\/histoire-dun-regard-sur-le-pauvre-1\/\"]}]},{\"@type\":\"ImageObject\",\"inLanguage\":\"fr-FR\",\"@id\":\"https:\/\/vincentians.com\/fr\/histoire-dun-regard-sur-le-pauvre-1\/#primaryimage\",\"url\":\"\",\"contentUrl\":\"\"},{\"@type\":\"BreadcrumbList\",\"@id\":\"https:\/\/vincentians.com\/fr\/histoire-dun-regard-sur-le-pauvre-1\/#breadcrumb\",\"itemListElement\":[{\"@type\":\"ListItem\",\"position\":1,\"name\":\"Portada\",\"item\":\"http:\/\/vincentians.com\/fr\/\"},{\"@type\":\"ListItem\",\"position\":2,\"name\":\"Histoire d&rsquo;un regard sur le pauvre (1)\"}]},{\"@type\":\"WebSite\",\"@id\":\"http:\/\/vincentians.com\/fr\/#website\",\"url\":\"http:\/\/vincentians.com\/fr\/\",\"name\":\"Nous Sommes Vincentiens\",\"description\":\"Know more to serve more\",\"potentialAction\":[{\"@type\":\"SearchAction\",\"target\":{\"@type\":\"EntryPoint\",\"urlTemplate\":\"http:\/\/vincentians.com\/fr\/?s={search_term_string}\"},\"query-input\":{\"@type\":\"PropertyValueSpecification\",\"valueRequired\":true,\"valueName\":\"search_term_string\"}}],\"inLanguage\":\"fr-FR\"},{\"@type\":\"Person\",\"@id\":\"http:\/\/vincentians.com\/fr\/#\/schema\/person\/9623ef4d9aa3b2dfb8c061f1499288f2\",\"name\":\"Francisco Javier Fern\u00e1ndez Chento\",\"image\":{\"@type\":\"ImageObject\",\"inLanguage\":\"fr-FR\",\"@id\":\"http:\/\/vincentians.com\/fr\/#\/schema\/person\/image\/\",\"url\":\"https:\/\/secure.gravatar.com\/avatar\/497d5cde87b4c3d097d0315953521681ba2cd523ee66e5077c3711f7021e65de?s=96&d=mm&r=g\",\"contentUrl\":\"https:\/\/secure.gravatar.com\/avatar\/497d5cde87b4c3d097d0315953521681ba2cd523ee66e5077c3711f7021e65de?s=96&d=mm&r=g\",\"caption\":\"Francisco Javier Fern\u00e1ndez Chento\"},\"description\":\"Director General y cofundador de La Red de Formaci\u00f3n Vicenciana. Javier es laico vicenciano, afiliado a la Congregaci\u00f3n de la Misi\u00f3n y miembro del Equipo de Misiones Populares de la provincia can\u00f3nica de Zaragoza (Espa\u00f1a) de la Congregaci\u00f3n de la Misi\u00f3n. Graduado en la Universidad Oberta de Catalunya con cuatro grados (Asistente de direcci\u00f3n, Gesti\u00f3n Administrativa, Recursos Humanos y Contabilidad Avanzada). Bil\u00edng\u00fce Espa\u00f1ol\/Ingl\u00e9s. gestiona y mantiene varias p\u00e1ginas web cristianas y vicencianas, incluida including La Red de Formaci\u00f3n Vicenciana, de la que es cofundador. Actualmente es responsable del \u00e1rea de Espa\u00f1ol de .famvin, la Red de Noticias de la Familia Vicenciana. Tambi\u00e9n es m\u00fasico cat\u00f3lico y ha editado varios discos. Es Director General y cofundador de Trovador, una reconocida compa\u00f1\u00eda discogr\u00e1fica critiana de Espa\u00f1a. Trabaja en las Tecnolog\u00edas de la Informaci\u00f3n, ofreciendo servicios de alojamiento, dise\u00f1o y mantenimiento Web, as\u00ed como asesoramiento, formaci\u00f3n y soluciones inform\u00e1ticas, gesti\u00f3n documental y digitalizaci\u00f3n de textos, edici\u00f3n y maquetaci\u00f3n de libros, revistas, flyers, etc.\",\"sameAs\":[\"http:\/\/chento.org\",\"https:\/\/www.facebook.com\/JavierChento\",\"https:\/\/x.com\/https:\/\/twitter.com\/javierchento\"],\"url\":\"https:\/\/vincentians.com\/fr\/author\/chento\/\"}]}<\/script>\n<!-- \/ Yoast SEO plugin. -->","yoast_head_json":{"title":"Histoire d'un regard sur le pauvre (1) - Nous Sommes Vincentiens","robots":{"index":"index","follow":"follow","max-snippet":"max-snippet:-1","max-image-preview":"max-image-preview:large","max-video-preview":"max-video-preview:-1"},"canonical":"https:\/\/vincentians.com\/fr\/histoire-dun-regard-sur-le-pauvre-1\/","og_locale":"fr_FR","og_type":"article","og_title":"Histoire d'un regard sur le pauvre (1) - Nous Sommes Vincentiens","og_description":"Dans les quelques portraits anciens que l&rsquo;on a conserv\u00e9s de saint Vin\u00adcent de Paul, ceux de Simon Fran\u00e7ois de Tours, de Nicolas Pitau, de Van Schuppen, de Ren\u00e9 Lochon (ci-contre)&#8230;, ce sont les yeux qui, ... Read More","og_url":"https:\/\/vincentians.com\/fr\/histoire-dun-regard-sur-le-pauvre-1\/","og_site_name":"Nous Sommes Vincentiens","article_publisher":"https:\/\/www.facebook.com\/WeAreVincentians\/","article_author":"https:\/\/www.facebook.com\/JavierChento","article_published_time":"2013-12-25T09:27:29+00:00","author":"Francisco Javier Fern\u00e1ndez Chento","twitter_card":"summary_large_image","twitter_creator":"@https:\/\/twitter.com\/javierchento","twitter_site":"@WeVincentians","twitter_misc":{"\u00c9crit par":"Francisco Javier Fern\u00e1ndez Chento","Dur\u00e9e de lecture estim\u00e9e":"24 minutes"},"schema":{"@context":"https:\/\/schema.org","@graph":[{"@type":"WebPage","@id":"https:\/\/vincentians.com\/fr\/histoire-dun-regard-sur-le-pauvre-1\/","url":"https:\/\/vincentians.com\/fr\/histoire-dun-regard-sur-le-pauvre-1\/","name":"Histoire d'un regard sur le pauvre (1) - Nous Sommes Vincentiens","isPartOf":{"@id":"http:\/\/vincentians.com\/fr\/#website"},"primaryImageOfPage":{"@id":"https:\/\/vincentians.com\/fr\/histoire-dun-regard-sur-le-pauvre-1\/#primaryimage"},"image":{"@id":"https:\/\/vincentians.com\/fr\/histoire-dun-regard-sur-le-pauvre-1\/#primaryimage"},"thumbnailUrl":"","datePublished":"2013-12-25T09:27:29+00:00","author":{"@id":"http:\/\/vincentians.com\/fr\/#\/schema\/person\/9623ef4d9aa3b2dfb8c061f1499288f2"},"breadcrumb":{"@id":"https:\/\/vincentians.com\/fr\/histoire-dun-regard-sur-le-pauvre-1\/#breadcrumb"},"inLanguage":"fr-FR","potentialAction":[{"@type":"ReadAction","target":["https:\/\/vincentians.com\/fr\/histoire-dun-regard-sur-le-pauvre-1\/"]}]},{"@type":"ImageObject","inLanguage":"fr-FR","@id":"https:\/\/vincentians.com\/fr\/histoire-dun-regard-sur-le-pauvre-1\/#primaryimage","url":"","contentUrl":""},{"@type":"BreadcrumbList","@id":"https:\/\/vincentians.com\/fr\/histoire-dun-regard-sur-le-pauvre-1\/#breadcrumb","itemListElement":[{"@type":"ListItem","position":1,"name":"Portada","item":"http:\/\/vincentians.com\/fr\/"},{"@type":"ListItem","position":2,"name":"Histoire d&rsquo;un regard sur le pauvre (1)"}]},{"@type":"WebSite","@id":"http:\/\/vincentians.com\/fr\/#website","url":"http:\/\/vincentians.com\/fr\/","name":"Nous Sommes Vincentiens","description":"Know more to serve more","potentialAction":[{"@type":"SearchAction","target":{"@type":"EntryPoint","urlTemplate":"http:\/\/vincentians.com\/fr\/?s={search_term_string}"},"query-input":{"@type":"PropertyValueSpecification","valueRequired":true,"valueName":"search_term_string"}}],"inLanguage":"fr-FR"},{"@type":"Person","@id":"http:\/\/vincentians.com\/fr\/#\/schema\/person\/9623ef4d9aa3b2dfb8c061f1499288f2","name":"Francisco Javier Fern\u00e1ndez Chento","image":{"@type":"ImageObject","inLanguage":"fr-FR","@id":"http:\/\/vincentians.com\/fr\/#\/schema\/person\/image\/","url":"https:\/\/secure.gravatar.com\/avatar\/497d5cde87b4c3d097d0315953521681ba2cd523ee66e5077c3711f7021e65de?s=96&d=mm&r=g","contentUrl":"https:\/\/secure.gravatar.com\/avatar\/497d5cde87b4c3d097d0315953521681ba2cd523ee66e5077c3711f7021e65de?s=96&d=mm&r=g","caption":"Francisco Javier Fern\u00e1ndez Chento"},"description":"Director General y cofundador de La Red de Formaci\u00f3n Vicenciana. Javier es laico vicenciano, afiliado a la Congregaci\u00f3n de la Misi\u00f3n y miembro del Equipo de Misiones Populares de la provincia can\u00f3nica de Zaragoza (Espa\u00f1a) de la Congregaci\u00f3n de la Misi\u00f3n. Graduado en la Universidad Oberta de Catalunya con cuatro grados (Asistente de direcci\u00f3n, Gesti\u00f3n Administrativa, Recursos Humanos y Contabilidad Avanzada). Bil\u00edng\u00fce Espa\u00f1ol\/Ingl\u00e9s. gestiona y mantiene varias p\u00e1ginas web cristianas y vicencianas, incluida including La Red de Formaci\u00f3n Vicenciana, de la que es cofundador. Actualmente es responsable del \u00e1rea de Espa\u00f1ol de .famvin, la Red de Noticias de la Familia Vicenciana. Tambi\u00e9n es m\u00fasico cat\u00f3lico y ha editado varios discos. Es Director General y cofundador de Trovador, una reconocida compa\u00f1\u00eda discogr\u00e1fica critiana de Espa\u00f1a. Trabaja en las Tecnolog\u00edas de la Informaci\u00f3n, ofreciendo servicios de alojamiento, dise\u00f1o y mantenimiento Web, as\u00ed como asesoramiento, formaci\u00f3n y soluciones inform\u00e1ticas, gesti\u00f3n documental y digitalizaci\u00f3n de textos, edici\u00f3n y maquetaci\u00f3n de libros, revistas, flyers, etc.","sameAs":["http:\/\/chento.org","https:\/\/www.facebook.com\/JavierChento","https:\/\/x.com\/https:\/\/twitter.com\/javierchento"],"url":"https:\/\/vincentians.com\/fr\/author\/chento\/"}]}},"jetpack_publicize_connections":[],"jetpack_featured_media_url":"","jetpack_sharing_enabled":true,"jetpack_shortlink":"https:\/\/wp.me\/p7ETMP-rWZ","jetpack-related-posts":[{"id":52061,"url":"https:\/\/vincentians.com\/fr\/saint-vincent-de-paul-et-sa-mission-sociale-iv-le-saint\/","url_meta":{"origin":107445,"position":0},"title":"Saint Vincent De Paul Et Sa Mission Sociale. IV &#8211; Le Saint","author":"Francisco Javier Fern\u00e1ndez Chento","date":"28\/12\/2014","format":false,"excerpt":"La charit\u00e9 ; ses sources, ses effets. \u2014 Foi, humilit\u00e9, douceur de Vincent de Paul. \u2014 Traits de ses vertus. \u2014 Les miracles. \u2014 La vision des deux globes. \u2014 La journ\u00e9e de Vincent ; occupations et aust\u00e9rit\u00e9s. \u2014 Les derniers temps de sa vie. \u2014 Mort et canonisation. \u2014\u2026","rel":"","context":"Dans &quot;Vincent de Paul&quot;","block_context":{"text":"Vincent de Paul","link":"https:\/\/vincentians.com\/fr\/category\/the-vincentian-family\/founders\/vincent-de-paul\/"},"img":{"alt_text":"","src":"https:\/\/i0.wp.com\/vincentians.com\/fr\/wp-content\/uploads\/sites\/10\/2016\/07\/vincent-et-sa-action-sociale.jpg?fit=1160%2C630&ssl=1&resize=350%2C200","width":350,"height":200,"srcset":"https:\/\/i0.wp.com\/vincentians.com\/fr\/wp-content\/uploads\/sites\/10\/2016\/07\/vincent-et-sa-action-sociale.jpg?fit=1160%2C630&ssl=1&resize=350%2C200 1x, https:\/\/i0.wp.com\/vincentians.com\/fr\/wp-content\/uploads\/sites\/10\/2016\/07\/vincent-et-sa-action-sociale.jpg?fit=1160%2C630&ssl=1&resize=525%2C300 1.5x, https:\/\/i0.wp.com\/vincentians.com\/fr\/wp-content\/uploads\/sites\/10\/2016\/07\/vincent-et-sa-action-sociale.jpg?fit=1160%2C630&ssl=1&resize=700%2C400 2x, https:\/\/i0.wp.com\/vincentians.com\/fr\/wp-content\/uploads\/sites\/10\/2016\/07\/vincent-et-sa-action-sociale.jpg?fit=1160%2C630&ssl=1&resize=1050%2C600 3x"},"classes":[]},{"id":52020,"url":"https:\/\/vincentians.com\/fr\/saint-vincent-de-paul-et-sa-mission-sociale-i-la-vocation-1\/","url_meta":{"origin":107445,"position":1},"title":"Saint Vincent De Paul Et Sa Mission Sociale. I &#8211; La vocation (1)","author":"Francisco Javier Fern\u00e1ndez Chento","date":"18\/12\/2014","format":false,"excerpt":"L\u2019HOMME ET L\u2019\u0152UVRE \u2014 Le seizi\u00e8me si\u00e8cle et le protestantisme en France. \u2014 Ravages caus\u00e9s par les guerres de religion. \u2014 Changements dans la soci\u00e9t\u00e9. \u2014 Accroissement de la mis\u00e8re. \u2014 L\u2019\u0153uvre nouvelle de la Charit\u00e9. \u2014 Saint Vincent de Paul. \u2014 Sa mission. \u2014 Naissance et premi\u00e8res ann\u00e9es. \u2014\u2026","rel":"","context":"Dans &quot;Vincent de Paul&quot;","block_context":{"text":"Vincent de Paul","link":"https:\/\/vincentians.com\/fr\/category\/the-vincentian-family\/founders\/vincent-de-paul\/"},"img":{"alt_text":"","src":"https:\/\/i0.wp.com\/vincentians.com\/fr\/wp-content\/uploads\/sites\/10\/2016\/07\/vincent-et-sa-action-sociale.jpg?fit=1160%2C630&ssl=1&resize=350%2C200","width":350,"height":200,"srcset":"https:\/\/i0.wp.com\/vincentians.com\/fr\/wp-content\/uploads\/sites\/10\/2016\/07\/vincent-et-sa-action-sociale.jpg?fit=1160%2C630&ssl=1&resize=350%2C200 1x, https:\/\/i0.wp.com\/vincentians.com\/fr\/wp-content\/uploads\/sites\/10\/2016\/07\/vincent-et-sa-action-sociale.jpg?fit=1160%2C630&ssl=1&resize=525%2C300 1.5x, https:\/\/i0.wp.com\/vincentians.com\/fr\/wp-content\/uploads\/sites\/10\/2016\/07\/vincent-et-sa-action-sociale.jpg?fit=1160%2C630&ssl=1&resize=700%2C400 2x, https:\/\/i0.wp.com\/vincentians.com\/fr\/wp-content\/uploads\/sites\/10\/2016\/07\/vincent-et-sa-action-sociale.jpg?fit=1160%2C630&ssl=1&resize=1050%2C600 3x"},"classes":[]},{"id":52035,"url":"https:\/\/vincentians.com\/fr\/saint-vincent-de-paul-et-sa-mission-sociale-ii-les-oeuvres-2\/","url_meta":{"origin":107445,"position":2},"title":"Saint Vincent De Paul Et Sa Mission Sociale. II &#8211; Les \u0152uvres (2)","author":"Francisco Javier Fern\u00e1ndez Chento","date":"22\/12\/2014","format":false,"excerpt":"LA CONGR\u00c9GATION DE LA MISSION. \u2014 Fondation de la Mission. \u2014 Madame de Gondi. \u2014 Vincent de Paul est nomm\u00e9 sup\u00e9rieur du coll\u00e8ge des Bons-Enfants. \u2014 Les fondateurs d\u2019ordre. \u2014 But de la Congr\u00e9gation de la Mission. \u2014 L\u2019\u00e9vang\u00e9lisation des pauvres. \u2014 \u00c9tablissement \u00e0 Saint-Lazare. \u2014 Premiers travaux des missionnaires.\u2026","rel":"","context":"Dans &quot;Vincent de Paul&quot;","block_context":{"text":"Vincent de Paul","link":"https:\/\/vincentians.com\/fr\/category\/the-vincentian-family\/founders\/vincent-de-paul\/"},"img":{"alt_text":"","src":"https:\/\/i0.wp.com\/vincentians.com\/fr\/wp-content\/uploads\/sites\/10\/2016\/07\/vincent-et-sa-action-sociale.jpg?fit=1160%2C630&ssl=1&resize=350%2C200","width":350,"height":200,"srcset":"https:\/\/i0.wp.com\/vincentians.com\/fr\/wp-content\/uploads\/sites\/10\/2016\/07\/vincent-et-sa-action-sociale.jpg?fit=1160%2C630&ssl=1&resize=350%2C200 1x, https:\/\/i0.wp.com\/vincentians.com\/fr\/wp-content\/uploads\/sites\/10\/2016\/07\/vincent-et-sa-action-sociale.jpg?fit=1160%2C630&ssl=1&resize=525%2C300 1.5x, https:\/\/i0.wp.com\/vincentians.com\/fr\/wp-content\/uploads\/sites\/10\/2016\/07\/vincent-et-sa-action-sociale.jpg?fit=1160%2C630&ssl=1&resize=700%2C400 2x, https:\/\/i0.wp.com\/vincentians.com\/fr\/wp-content\/uploads\/sites\/10\/2016\/07\/vincent-et-sa-action-sociale.jpg?fit=1160%2C630&ssl=1&resize=1050%2C600 3x"},"classes":[]},{"id":52155,"url":"https:\/\/vincentians.com\/fr\/theologie-de-la-charite-selon-saint-vincent-de-paul\/","url_meta":{"origin":107445,"position":3},"title":"Th\u00e9ologie De La Charit\u00e9 Selon Saint Vincent De Paul","author":"Francisco Javier Fern\u00e1ndez Chento","date":"12\/12\/2014","format":false,"excerpt":"Caract\u00e9riser la th\u00e9ologie de la charit\u00e9 n'est pas t\u00e2che facile. Nous nous trouvons devant deux difficult\u00e9s majeures barrant notre route. Qu'est-ce exactement que la \u00abth\u00e9ologie de la charit\u00e9\u00bb? La dogmatique et la morale de la troisi\u00e8me vertu th\u00e9ologale, l'expli\u00adcation de son enracinement dans la gr\u00e2ce cr\u00e9\u00e9e, la description de ses\u2026","rel":"","context":"Dans &quot;Vincent de Paul&quot;","block_context":{"text":"Vincent de Paul","link":"https:\/\/vincentians.com\/fr\/category\/the-vincentian-family\/founders\/vincent-de-paul\/"},"img":{"alt_text":"","src":"https:\/\/i0.wp.com\/vincentiens.org\/wp-content\/uploads\/2011\/09\/Vincent_de_Paul_and_bread-188x300.jpg?resize=350%2C200","width":350,"height":200},"classes":[]},{"id":49618,"url":"https:\/\/vincentians.com\/fr\/la-priere-de-monsieur-vincent-de-paul\/","url_meta":{"origin":107445,"position":4},"title":"La pri\u00e8re de Monsieur Vincent de Paul","author":"Francisco Javier Fern\u00e1ndez Chento","date":"15\/12\/2014","format":false,"excerpt":"Summarium Ne suis-je pas imprudent en voulant traiter ce sujet? Les contemporains de Monsieur Vincent ne sont pas arriv\u00e9s \u00e1 caract\u00e9\u00adriser la pri\u00e8re de l'homme qu'ils avaient sous les yeux. Leur t\u00e9moignage est une accusation explicite de t\u00e9m\u00e9rit\u00e9. Voici ce qu'\u00e9crit L. Abelly, le premier biographe, au mois de septembre\u2026","rel":"","context":"Dans &quot;Vincent de Paul&quot;","block_context":{"text":"Vincent de Paul","link":"https:\/\/vincentians.com\/fr\/category\/the-vincentian-family\/founders\/vincent-de-paul\/"},"img":{"alt_text":"","src":"https:\/\/i0.wp.com\/vincentiens.org\/wp-content\/uploads\/2011\/09\/vincent_de_paul2-195x300.jpg?resize=350%2C200","width":350,"height":200},"classes":[]},{"id":52016,"url":"https:\/\/vincentians.com\/fr\/saint-vincent-de-paul-et-sa-mission-sociale-introduction\/","url_meta":{"origin":107445,"position":5},"title":"Saint Vincent De Paul Et Sa Mission Sociale. Introduction","author":"Francisco Javier Fern\u00e1ndez Chento","date":"17\/12\/2014","format":false,"excerpt":"Les antiennes que l\u2019on chante aux premi\u00e8res v\u00eapres de saint Vincent de Paul sont le portrait et l\u2019\u00e9loge le plus exact que l\u2019on puisse faire de ce h\u00e9ros de la charit\u00e9 : Les indigents et les pauvres cherchent de l\u2019eau et n\u2019en trouvent pas ; moi, dit le Seigneur, je\u2026","rel":"","context":"Dans &quot;Vincent de Paul&quot;","block_context":{"text":"Vincent de Paul","link":"https:\/\/vincentians.com\/fr\/category\/the-vincentian-family\/founders\/vincent-de-paul\/"},"img":{"alt_text":"","src":"https:\/\/i0.wp.com\/vincentians.com\/fr\/wp-content\/uploads\/sites\/10\/2016\/07\/vincent-et-sa-action-sociale.jpg?fit=1160%2C630&ssl=1&resize=350%2C200","width":350,"height":200,"srcset":"https:\/\/i0.wp.com\/vincentians.com\/fr\/wp-content\/uploads\/sites\/10\/2016\/07\/vincent-et-sa-action-sociale.jpg?fit=1160%2C630&ssl=1&resize=350%2C200 1x, https:\/\/i0.wp.com\/vincentians.com\/fr\/wp-content\/uploads\/sites\/10\/2016\/07\/vincent-et-sa-action-sociale.jpg?fit=1160%2C630&ssl=1&resize=525%2C300 1.5x, https:\/\/i0.wp.com\/vincentians.com\/fr\/wp-content\/uploads\/sites\/10\/2016\/07\/vincent-et-sa-action-sociale.jpg?fit=1160%2C630&ssl=1&resize=700%2C400 2x, https:\/\/i0.wp.com\/vincentians.com\/fr\/wp-content\/uploads\/sites\/10\/2016\/07\/vincent-et-sa-action-sociale.jpg?fit=1160%2C630&ssl=1&resize=1050%2C600 3x"},"classes":[]}],"_links":{"self":[{"href":"https:\/\/vincentians.com\/fr\/wp-json\/wp\/v2\/posts\/107445","targetHints":{"allow":["GET"]}}],"collection":[{"href":"https:\/\/vincentians.com\/fr\/wp-json\/wp\/v2\/posts"}],"about":[{"href":"https:\/\/vincentians.com\/fr\/wp-json\/wp\/v2\/types\/post"}],"author":[{"embeddable":true,"href":"https:\/\/vincentians.com\/fr\/wp-json\/wp\/v2\/users\/4"}],"replies":[{"embeddable":true,"href":"https:\/\/vincentians.com\/fr\/wp-json\/wp\/v2\/comments?post=107445"}],"version-history":[{"count":0,"href":"https:\/\/vincentians.com\/fr\/wp-json\/wp\/v2\/posts\/107445\/revisions"}],"wp:featuredmedia":[{"embeddable":true,"href":"https:\/\/vincentians.com\/fr\/wp-json\/"}],"wp:attachment":[{"href":"https:\/\/vincentians.com\/fr\/wp-json\/wp\/v2\/media?parent=107445"}],"wp:term":[{"taxonomy":"category","embeddable":true,"href":"https:\/\/vincentians.com\/fr\/wp-json\/wp\/v2\/categories?post=107445"},{"taxonomy":"post_tag","embeddable":true,"href":"https:\/\/vincentians.com\/fr\/wp-json\/wp\/v2\/tags?post=107445"}],"curies":[{"name":"wp","href":"https:\/\/api.w.org\/{rel}","templated":true}]}}