{"id":107246,"date":"2017-09-17T04:00:58","date_gmt":"2017-09-17T02:00:58","guid":{"rendered":"http:\/\/vincentiens.org\/?p=107246"},"modified":"2016-08-11T21:54:21","modified_gmt":"2016-08-11T19:54:21","slug":"jean-gabriel-perboyre-lettre-063-a-pierre-le-go-c-m-a-paris","status":"publish","type":"post","link":"https:\/\/vincentians.com\/fr\/jean-gabriel-perboyre-lettre-063-a-pierre-le-go-c-m-a-paris\/","title":{"rendered":"Jean-Gabriel Perboyre, Lettre 063. A Pierre Le Go, C.M., \u00e0 Paris"},"content":{"rendered":"<p>Macao, le 9 septembre 1835.<\/p>\n<p>Monsieur et tr\u00e8s honor\u00e9 confr\u00e8re<span id='easy-footnote-1-107246' class='easy-footnote-margin-adjust'><\/span><span class='easy-footnote'><a href='https:\/\/vincentians.com\/fr\/jean-gabriel-perboyre-lettre-063-a-pierre-le-go-c-m-a-paris\/#easy-footnote-bottom-1-107246' title='Le Go, voir Lettre 12, note 1, p. 22.'><sup>1<\/sup><\/a><\/span>,<\/p>\n<p>La gr\u00e2ce de N.S. soit toujours avec nous.<\/p>\n<p>M\u2019y voil\u00e0, tel est le mot d\u2019ordre par lequel je devais vous donner mon premier signe de vie de Macao\u00a0; oui, m\u2019y voil\u00e0 et b\u00e9ni soit le Seigneur qui m\u2019y a lui-m\u00eame conduit et port\u00e9, <i>si sumpsero pennas meas diluculo et habitavero in extremis maris, manus tua deducet me et tenebit me dextera tua<\/i><span id='easy-footnote-2-107246' class='easy-footnote-margin-adjust'><\/span><span class='easy-footnote'><a href='https:\/\/vincentians.com\/fr\/jean-gabriel-perboyre-lettre-063-a-pierre-le-go-c-m-a-paris\/#easy-footnote-bottom-2-107246' title='\u00ab\u00a0Si je prends des ailes au point du jour pour aller aux extr\u00e9mit\u00e9s de la mer, c\u2019est votre main qui m\u2019y conduit et c\u2019est votre droite qui m\u2019y soutient.\u00a0\u00bb (Ps. CXXXVIII, 9-10).'><sup>2<\/sup><\/a><\/span>.<\/p>\n<p>Par les lettres que j\u2019ai \u00e9crites au T. H. P\u00e8re de Batavia et de Surabaya, vous aurez appris que nous avions eu jusque l\u00e0 une travers\u00e9e fort heureuse\u00a0; elle ne l\u2019a pas \u00e9t\u00e9 moins depuis.<\/p>\n<p>Nous avons fait un s\u00e9jour de trois semaines sur la rade de Surabaya. Cette station a \u00e9t\u00e9 pour nous ce que sont des vacances pass\u00e9es \u00e0 la campagne pour des hommes \u00e9puis\u00e9s par les fatigues d\u2019une p\u00e9nible ann\u00e9e. Les chaleurs du climat br\u00fblant de Java \u00e9taient temp\u00e9r\u00e9es par une petite fra\u00eecheur que nous envoyait une montagne voisine.<\/p>\n<p>Quoique nous fussions occup\u00e9s \u00e0 l\u2019\u00e9tude ou \u00e0 la pri\u00e8re depuis cinq \u00e0 six heures du matin jusqu\u2019\u00e0 dix heures du soir, cependant, comme sous plusieurs rapports nous \u00e9tions beaucoup mieux sur notre nouveau navire que sur le pr\u00e9c\u00e9dent et que nous ne nous sentions plus ballot\u00e9s par les vagues, nous prenions de jour en jour plus de forces pour continuer notre route. Nous allions \u00e0 la ville dire la sainte messe aussi souvent que nous pouvions, c\u2019est-\u00e0-dire une ou deux fois la semaine. Quelquefois, mais rarement, nous faisions des excursions sur les c\u00f4tes de Java et de Madura.<\/p>\n<p>A cette occasion, plusieurs de mes confr\u00e8res qui avaient d\u00e9j\u00e0 pris des bains de mer, me press\u00e8rent d\u2019en faire autant. Me rappelant votre recommandation et celle du m\u00e9decin \u00e0 cet \u00e9gard, je me laissai d\u00e9terminer \u00e0 en prendre l\u2019avant-veille de notre d\u00e9part. Apr\u00e8s \u00eatre rest\u00e9 une heure et demie dans l\u2019eau, j\u2019\u00e9tais all\u00e9 m\u2019habiller et j\u2019\u00e9tais rentr\u00e9 ensuite dans le bateau pour mettre mes bas. Mais marchant sans pr\u00e9caution, je le fis pencher un peu et une cabriole involontaire me procura un nouveau bain. Heureusement le fond n\u2019\u00e9tait pas bas et les eaux avec lesquelles je venais de me jouer me trouvant aguerri, je reparus bient\u00f4t sur l\u2019horizon sans avoir eu ni mal ni grand peur\u00a0; et apr\u00e8s avoir ressaisi mon chapeau que le reflux emportait, j\u2019allais d\u00e9jeuner avec du biscuit et des bananes sur le rivage o\u00f9 mes compagnons m\u2019attendaient.<\/p>\n<p>En cette rencontre comme en bien d\u2019autres, Dieu ne m\u2019a puni de mon \u00e9tourderie qu\u2019en me tirant du danger o\u00f9 je m\u2019\u00e9tais mis.<\/p>\n<p>Nous sommes partis de Surabaya le 7 ao\u00fbt. Nous f\u00fbmes oblig\u00e9s de mouiller \u00e0 quatre ou cinq lieues de l\u00e0 pour attendre le retour de la mar\u00e9e\u00a0; car le navire sillonnait la vase \u00e0 plusieurs pieds de profondeur. Le lendemain, peu apr\u00e8s qu\u2019on se f\u00fbt remis en route, le bon pilote alla nous enfoncer fort avant dans un banc. Par bonheur le capitaine s\u2019avisa assez t\u00f4t pour disposer les voiles de mani\u00e8re \u00e0 faire reculer le navire sur lui-m\u00eame afin de lui donner une autre direction. Dans un pareil p\u00e9ril, on doit son salut \u00e0 l\u2019habilet\u00e9 des chefs, \u00e0 la force du vent&#8230; ou plut\u00f4t \u00e0 cette Providence divine qui domine tout et dont les causes secondes ne font qu\u2019ex\u00e9cuter les jugements de justice ou de mis\u00e9ricorde.<\/p>\n<p>La mousson de sud-ouest r\u00e8gne encore une partie du mois d\u2019ao\u00fbt sur la mer de Chine. Elle nous favorisa pendant quelque temps et le 29 nous sommes enfin arriv\u00e9s \u00e0 Macao. Quoique nous eussions \u00e9t\u00e9 dispos\u00e9s \u00e0 faire une navigation cent fois plus longue, si cela e\u00fbt \u00e9t\u00e9 dans l\u2019ordre de l\u2019ob\u00e9issance, je vous assure que nous en avons vu la fin avec grand contentement et que nos c\u0153urs ne se sont pas peu \u00e9panouis lorsque nous avons pos\u00e9 le pied sur cette terre apr\u00e8s laquelle nous soupirions depuis si longtemps, et lorsque nous avons embrass\u00e9 notre digne sup\u00e9rieur, M.\u00a0Torrette, son excellent collaborateur, M.\u00a0Danicourt qui vint nous chercher au navire, et nos bons chinois, tous en parfaite sant\u00e9.<\/p>\n<p>Cette Communaut\u00e9 ne nous a pas seulement fait respirer un air de repos, mais encore pour ainsi dire un air d\u2019\u00e9dification qui nous a embaum\u00e9s tout d\u2019abord de la bonne odeur de N. S. Le plus bel ordre et la plus parfaite r\u00e9gularit\u00e9 r\u00e8gnent dans notre maison de Macao\u00a0: pr\u00eatres, \u00e9tudiants, s\u00e9minaristes, jeunes aspirants, tous y contribuent. Si les saintes pratiques de l\u2019ancien Saint-Lazare avaient pu se perdre en France, on les aurait retrouv\u00e9es vivantes au fond de la Chine.<\/p>\n<p>Je vous dirai aussi que j\u2019ai vu nos confr\u00e8res portugais, avec une singuli\u00e8re satisfaction. MM.\u00a0Leite<span id='easy-footnote-3-107246' class='easy-footnote-margin-adjust'><\/span><span class='easy-footnote'><a href='https:\/\/vincentians.com\/fr\/jean-gabriel-perboyre-lettre-063-a-pierre-le-go-c-m-a-paris\/#easy-footnote-bottom-3-107246' title='Leite (Joaquim-Jos\u00e9), C.M., pr\u00eatre, n\u00e9 \u00e0 Villanova dos lnfantes, canton de Guimaraes, Portugal, le 16 septembre 1764\u00a0; re\u00e7u au s\u00e9minaire \u00e0 Lisbonne le 27 octobre 1781\u00a0; y fit les v\u0153ux le 28 octobre 1783. Arriv\u00e9 \u00e0 Macao le 20 mai 1801. D\u00e9c\u00e9d\u00e9 \u00e0 Macao le 25 juin 1853.'><sup>3<\/sup><\/a><\/span>, Borja<span id='easy-footnote-4-107246' class='easy-footnote-margin-adjust'><\/span><span class='easy-footnote'><a href='https:\/\/vincentians.com\/fr\/jean-gabriel-perboyre-lettre-063-a-pierre-le-go-c-m-a-paris\/#easy-footnote-bottom-4-107246' title='Borja (Nicolao-Rodriguez Pereira de), C.M., \u00e9v\u00eaque, n\u00e9 \u00e0 Corti\u00e7ada, commune d\u2019Aguiar de Beira, Portugal, en 1777\u00a0; re\u00e7u au s\u00e9minaire \u00e0 Lisbonne en 1794. Arriv\u00e9 \u00e0 Macao le 3 ao\u00fbt 1802. Elu \u00e9v\u00eaque de Macao, prend possession de son si\u00e8ge le 14 novembre 1843. D\u00e9c\u00e9d\u00e9 le 29 mars 1845, avant son sacre.'><sup>4<\/sup><\/a><\/span>, Miranda<span id='easy-footnote-5-107246' class='easy-footnote-margin-adjust'><\/span><span class='easy-footnote'><a href='https:\/\/vincentians.com\/fr\/jean-gabriel-perboyre-lettre-063-a-pierre-le-go-c-m-a-paris\/#easy-footnote-bottom-5-107246' title='Miranda (Jos\u00e9-Joaquim Pereira de) senior, C.M., pr\u00eatre n\u00e9 \u00e0 Nozellos de Montforte de Rio Livre, Portugal, en 1776\u00a0; re\u00e7u au s\u00e9minaire de Lisbonne en 1793 ou 1794. Arriv\u00e9 \u00e0 Macao le 7 d\u00e9cembre 1803. D\u00e9c\u00e9d\u00e9 \u00e0 Macao le 4 novembre 1856.'><sup>5<\/sup><\/a><\/span>, Gonzalv\u00e8s<span id='easy-footnote-6-107246' class='easy-footnote-margin-adjust'><\/span><span class='easy-footnote'><a href='https:\/\/vincentians.com\/fr\/jean-gabriel-perboyre-lettre-063-a-pierre-le-go-c-m-a-paris\/#easy-footnote-bottom-6-107246' title='Gon\u00e7alves (Joaquim-Alfonso), C.M., pr\u00eatre, n\u00e9 \u00e0 Tojal, province de Tras-os-Montes, Portugal, le 23 mars 1781\u00a0; re\u00e7u au s\u00e9minaire \u00e0 Lisbonne le 17 mai 1799\u00a0; y fit les v\u0153ux le 18 mai 1801. Arriv\u00e9 \u00e0 Macao le 28 juin 1813. D\u00e9c\u00e9d\u00e9 \u00e0 Macao le 3 octobre 1841.'><sup>6<\/sup><\/a><\/span> et Matta<span id='easy-footnote-7-107246' class='easy-footnote-margin-adjust'><\/span><span class='easy-footnote'><a href='https:\/\/vincentians.com\/fr\/jean-gabriel-perboyre-lettre-063-a-pierre-le-go-c-m-a-paris\/#easy-footnote-bottom-7-107246' title='Matta (Jeronimo-Jos\u00e9 da), C.M., \u00e9v\u00eaque, n\u00e9 \u00e0 Arnoia, province de Beira-Baixa, le 18 d\u00e9cembre 1804\u00a0; re\u00e7u au s\u00e9minaire de Lisbonne en 1823\u00a0; arriv\u00e9 en Chine le 24 octobre 1825\u00a0; ordonn\u00e9 pr\u00eatre aux Philippines en 1829\u00a0; nomm\u00e9 coadjuteur de Mgr Borja en 1844\u00a0; succ\u00e8de le 29 mars 1845\u00a0; sacr\u00e9 aux Philippines en 1846\u00a0; r\u00e9signe son si\u00e8ge en 1859. D\u00e9c\u00e9d\u00e9 \u00e0 Campo Maior, Portugal, le 5 mai 1862.'><sup>7<\/sup><\/a><\/span> qui dirigent le s\u00e9minaire Saint-Joseph, sont des hommes bien respectables et de beaucoup de m\u00e9rite. Ils sont attach\u00e9s par le fond de leurs entrailles \u00e0 la Congr\u00e9gation et en observent rigoureusement les r\u00e8gles. L\u2019\u00e9loignement semble ne rendre l\u2019autorit\u00e9 que plus sacr\u00e9e \u00e0 leurs yeux\u00a0; mais il est dommage que les rapports n\u2019en deviennent que plus difficiles et plus rares.<\/p>\n<p>Ils n\u2019ont re\u00e7u aucune r\u00e9ponse touchant l\u2019affaire pour laquelle ils avaient \u00e9crit \u00e0 Paris, il y a environ deux ans. Je leur ai dit qu\u2019elle avait d\u00fb leur venir par Lisbonne. Mais toute relation se trouvait rompue par ce qui s\u2019est pass\u00e9 en Portugal. Pour la m\u00eame cause, ils n\u2019avaient pas appris la nouvelle charge de M.\u00a0Torrette qui n\u2019avait pas jug\u00e9 urgent de leur en parler\u00a0; je leur en ai souffl\u00e9 un mot, et M.\u00a0Torrette dans une retraite qu\u2019il doit faire chez eux au premier jour, leur montrera sa patente et tout sera r\u00e9gl\u00e9 sans la moindre difficult\u00e9.<\/p>\n<p>Ne me demandez-vous pas d\u00e9j\u00e0, Monsieur, quelle va \u00eatre ma destination dans ce nouveau monde\u00a0? Il faut que je vous avoue ma compl\u00e8te ignorance sur ce point. Depuis longtemps, ma principale r\u00e9solution \u00e9tait pour la pratique de l\u2019indiff\u00e9rence en arrivant ici, j\u2019ai t\u00e2ch\u00e9 d\u2019y tenir ferme plus que jamais. Les premiers jours, lorsque j\u2019ouvrais comme au hasard le livre de l\u2019Imitation, mes yeux tombaient toujours sur ces paroles\u00a0: \u00ab\u00a0<i>Fili, sine me tecum agere quod volo, scio quid expedit tibi<\/i><span id='easy-footnote-8-107246' class='easy-footnote-margin-adjust'><\/span><span class='easy-footnote'><a href='https:\/\/vincentians.com\/fr\/jean-gabriel-perboyre-lettre-063-a-pierre-le-go-c-m-a-paris\/#easy-footnote-bottom-8-107246' title='\u00a0\u00ab\u00a0Mon fils laissez-moi agir comme je veux \u00e0 votre \u00e9gard. Je sais ce qui vous est le plus exp\u00e9dient\u00a0\u00bb. (Imit. III, c. XVII, 1).'><sup>8<\/sup><\/a><\/span>.\u00a0\u00bb Je m\u2019empressais de r\u00e9pondre par un des versets suivants\u00a0: \u00ab\u00a0<i>Domine, dummodo voluntas mea recta et firma ad te permaneat, fac de me quidquid tibi placuerit<\/i><span id='easy-footnote-9-107246' class='easy-footnote-margin-adjust'><\/span><span class='easy-footnote'><a href='https:\/\/vincentians.com\/fr\/jean-gabriel-perboyre-lettre-063-a-pierre-le-go-c-m-a-paris\/#easy-footnote-bottom-9-107246' title='\u00ab\u00a0Seigneur, pourvu que ma volont\u00e9 soit toujours droite et constamment attach\u00e9e \u00e0 vous, faites de moi tout ce qu\u2019il vous plaira.\u00a0\u00bb (Imit. III, c. XVII, 1).'><sup>9<\/sup><\/a><\/span>.\u00a0\u00bb<\/p>\n<p>J\u2019aime beaucoup ce myst\u00e8re de la Providence qui se pla\u00eet \u00e0 me faire vivre en quelque sorte au jour le jour. Quand le temps en sera venu, nous recevrons chacun notre mission. Je ne saurais me mettre en peine de celle qui m\u2019\u00e9cherra\u00a0: tous nos confr\u00e8res de Chine qui avaient donn\u00e9 dans nos divers \u00e9tablissements de France tant de preuves de sagesse, de pi\u00e9t\u00e9 et de z\u00e8le et dont Dieu a merveilleusement b\u00e9ni les travaux dans ces contr\u00e9es \u00e9trang\u00e8res, poss\u00e8dent d\u2019avance toute mon estime et toute ma confiance. Leur charit\u00e9 et leur exp\u00e9rience m\u2019assurent \u00e9galement de leur part une direction aussi bienveillante que s\u00fbre et n\u00e9cessaire.<\/p>\n<p>Nous avons cependant commenc\u00e9 \u00e0 \u00e9tudier le Chinois. M.\u00a0Ly est notre professeur. Je crois qu\u2019il m\u2019en co\u00fbtera long d\u2019apprendre cette langue\u00a0; \u00e0 en juger d\u2019apr\u00e8s les premi\u00e8res apparences, je ne m\u2019en tirerai pas avec autant d\u2019honneur que M.\u00a0Gabet et M.\u00a0Perry. On dit que M.\u00a0Clet ne l\u2019a parl\u00e9e qu\u2019avec une grande difficult\u00e9. Mes pr\u00e9c\u00e9dents me donnent quelques traits de ressemblance avec lui. Puiss\u00e8-je ressembler jusqu\u2019\u00e0 la fin \u00e0 un v\u00e9n\u00e9rable confr\u00e8re dont la longue vie apostolique a \u00e9t\u00e9 couronn\u00e9e par la glorieuse palme du martyre\u00a0!<\/p>\n<p>Vous me sauriez mauvais gr\u00e9, Monsieur et tr\u00e8s honor\u00e9 confr\u00e8re, si je ne vous disais rien de notre sant\u00e9. J\u2019ai \u00e9prouv\u00e9 un grand mieux dans mes malaises. L\u2019air de la mer m\u2019a beaucoup d\u00e9gag\u00e9 la t\u00eate et m\u2019a d\u00e9livr\u00e9 de cet \u00e9chauffement qui me consumait tous les membres, de sorte que me voil\u00e0 \u00e0 peu pr\u00e8s aussi bien que mon temp\u00e9rament puisse le permettre. Mes deux compagnons de voyage jouissent d\u2019une tr\u00e8s bonne sant\u00e9. Comme ils ont toujours \u00e9t\u00e9 tels que vous les avez connus \u00e0 Paris, je n\u2019entrerai dans aucun d\u00e9tail \u00e0 leur sujet. Ils n\u2019ont cess\u00e9 de travailler sur l\u2019Ecriture sainte et le Cat\u00e9chisme du Concile de Trente. Pour moi, ma principale occupation a \u00e9t\u00e9 la lecture de la vie de saint Vincent. Je ne pouvais me consoler de la perte que j\u2019avais faite de vos doux et sages entretiens que par ceux de ce bon P\u00e8re. La plupart des Messieurs des Missions \u00e9trang\u00e8res ont eu la d\u00e9votion de lire cette vie. Ils auraient m\u00eame d\u00e9sir\u00e9 que j\u2019eusse pu leur en c\u00e9der quelque exemplaire.<\/p>\n<p>Ces cinq Messieurs, qui sont venus avec nous, sont des sujets distingu\u00e9s, et lorsque leurs missions sont si bien fournies, il ne faut pas s\u2019\u00e9tonner de les voir prosp\u00e9rer. Le bien des n\u00f4tres tient beaucoup \u00e0 ce qu\u2019il n\u2019y soit envoy\u00e9 aussi que des hommes choisis, des hommes longtemps pr\u00e9par\u00e9s, des hommes d\u2019une grande abn\u00e9gation et pleins de l\u2019esprit de Dieu\u00a0; pour cela il est absolument n\u00e9cessaire qu\u2019ils aient pass\u00e9 plusieurs ann\u00e9es \u00e0 notre bonne \u00e9cole de Paris.<\/p>\n<p>Vous savez que nous ne devions pas passer par Manille. Y fussions-nous pass\u00e9s, nous n\u2019eussions pas \u00e9t\u00e9 plus avanc\u00e9s pour l\u2019ordination de M.\u00a0Perry, puisque d\u2019apr\u00e8s la bulle de Beno\u00eet XIV, les Sup\u00e9rieurs de la Congr\u00e9gation ne peuvent donner des dimissoires que pour leurs sujets qui ont fait les v\u0153ux.<\/p>\n<p>Il me tarde de recevoir des nouvelles de nos confr\u00e8res d\u2019Europe, en particulier de nos respectables anciens de la maison de Paris. Dieu veuille nous les conserver longtemps et continuer \u00e0 r\u00e9pandre sur eux ses plus abondantes b\u00e9n\u00e9dictions. Il ne me tardera pas peu aussi de conna\u00eetre les r\u00e9sultats de la derni\u00e8re assembl\u00e9e. Quoique encore sur mer, nous f\u00eemes une neuvaine \u00e0 l\u2019\u00e9poque o\u00f9 elle devait avoir lieu. Avant que vous ayez re\u00e7u cette lettre, le Tr\u00e8s Honor\u00e9 P\u00e8re aura satisfait \u00e0 notre juste impatience. Vous savez combien tout ce qui concerne la Congr\u00e9gation me touche au vif. Parmi les consolations que Dieu peut me r\u00e9server, la moindre ne sera pas celle d\u2019apprendre par vous qu\u2019il la prot\u00e8ge toujours et qu\u2019il l\u2019anime de plus en plus de l\u2019esprit du saint fondateur. Je tiendrais beaucoup \u00e0 avoir quelques lettres de vous\u00a0; elles seraient plus pr\u00e9cieuses pour moi que l\u2019or et le topaze. J\u2019aime tant vos avis et m\u00eame vos paternelles r\u00e9primandes.<\/p>\n<p>Comme je n\u2019\u00e9cris pas par cette occasion au Tr\u00e8s Honor\u00e9 P\u00e8re, laissant \u00e0 M.\u00a0Torrette le soin de lui annoncer notre arriv\u00e9e, permettez-moi de vous confier celui d\u2019interpr\u00e9ter aupr\u00e8s de lui les sentiments de mon profond respect.<\/p>\n<p>Si je ne craignais de me rendre trop importun, je vous prierais encore de m\u2019acquitter aupr\u00e8s de nos confr\u00e8res et de nos S\u0153urs selon votre commodit\u00e9. Je suis persuad\u00e9 que vous ne m\u2019oublierez pas aupr\u00e8s de la m\u00e8re Beaucourt<span id='easy-footnote-10-107246' class='easy-footnote-margin-adjust'><\/span><span class='easy-footnote'><a href='https:\/\/vincentians.com\/fr\/jean-gabriel-perboyre-lettre-063-a-pierre-le-go-c-m-a-paris\/#easy-footnote-bottom-10-107246' title='S\u0153ur Antoinette Beaucourt, Fille de la Charit\u00e9, Sup\u00e9rieure de la Compagnie de 1827 \u00e0 1833\u00a0; d\u00e9c\u00e9d\u00e9e le 4 janvier 1837.'><sup>10<\/sup><\/a><\/span>. Je suis s\u00fbr encore que vous chercherez \u00e0 nous obtenir un nouveau tribut de pri\u00e8res. La perspective de la seconde campagne qui nous reste \u00e0 faire et qui est bien plus p\u00e9rilleuse que la premi\u00e8re nous en fait vivement sentir le besoin, surtout \u00e0 moi qui n\u2019ai aucune vertu du missionnaire. Ce serait peut-\u00eatre le cas de faire pleurer la bonne s\u0153ur G.<\/p>\n<p>Si M.\u00a0Saphary et autres vous demandaient de mes nouvelles, je vous serais oblig\u00e9 de m\u2019acquitter \u00e0 leur \u00e9gard. Je ne vous recommanderai pas de nouveau mon petit fr\u00e8re, connaissant tout l\u2019int\u00e9r\u00eat que vous lui portez. Il est dans un paradis terrestre, je serais d\u00e9sol\u00e9 qu\u2019il n\u2019y pers\u00e9v\u00e9r\u00e2t pas.<\/p>\n<p>Veuillez agr\u00e9er, Monsieur et tr\u00e8s honor\u00e9 Confr\u00e8re, l\u2019hommage des sentiments de respect, d\u2019attachement et de reconnaissance que je vous ai vou\u00e9s pour la vie et avec lesquels je suis, en union de vos pri\u00e8res et saints sacrifices, votre tr\u00e8s humble et tr\u00e8s ob\u00e9issant serviteur,<\/p>\n<p>J.G. Perboyre i. p. d. l. m.<\/p>\n<p>\u2014 <i>Item<\/i> de la part de MM.\u00a0Gabet et Perry.<\/p>\n<p><em><b>Lettre 63.<\/b> \u2014 Maison-M\u00e8re, original 50bis.<\/em><\/p>\n","protected":false},"excerpt":{"rendered":"<p>Macao, le 9 septembre 1835. Monsieur et tr\u00e8s honor\u00e9 confr\u00e8re, La gr\u00e2ce de N.S. soit toujours avec nous. M\u2019y voil\u00e0, tel est le mot d\u2019ordre par lequel je devais vous donner mon premier signe de &#8230; <a href=\"https:\/\/vincentians.com\/fr\/jean-gabriel-perboyre-lettre-063-a-pierre-le-go-c-m-a-paris\/\" class=\"more-link\">Read More<\/a><\/p>\n","protected":false},"author":4,"featured_media":189778,"comment_status":"open","ping_status":"open","sticky":false,"template":"","format":"standard","meta":{"jetpack_post_was_ever_published":false,"_jetpack_newsletter_access":"","_jetpack_dont_email_post_to_subs":false,"_jetpack_newsletter_tier_id":0,"_jetpack_memberships_contains_paywalled_content":false,"_jetpack_memberships_contains_paid_content":false,"footnotes":"","jetpack_publicize_message":"","jetpack_publicize_feature_enabled":true,"jetpack_social_post_already_shared":true,"jetpack_social_options":{"image_generator_settings":{"template":"highway","default_image_id":0,"font":"","enabled":false},"version":2}},"categories":[114],"tags":[],"class_list":["post-107246","post","type-post","status-publish","format-standard","has-post-thumbnail","hentry","category-ecrits-de-jean-gabriel-perboyre"],"yoast_head":"<!-- This site is optimized with the Yoast SEO plugin v26.3 - https:\/\/yoast.com\/wordpress\/plugins\/seo\/ -->\n<title>Jean-Gabriel Perboyre, Lettre 063. A Pierre Le Go, C.M., \u00e0 Paris - Nous Sommes Vincentiens<\/title>\n<meta name=\"robots\" content=\"index, follow, max-snippet:-1, max-image-preview:large, max-video-preview:-1\" \/>\n<link rel=\"canonical\" href=\"https:\/\/vincentians.com\/fr\/jean-gabriel-perboyre-lettre-063-a-pierre-le-go-c-m-a-paris\/\" \/>\n<meta property=\"og:locale\" content=\"fr_FR\" \/>\n<meta property=\"og:type\" content=\"article\" \/>\n<meta property=\"og:title\" content=\"Jean-Gabriel Perboyre, Lettre 063. A Pierre Le Go, C.M., \u00e0 Paris - Nous Sommes Vincentiens\" \/>\n<meta property=\"og:description\" content=\"Macao, le 9 septembre 1835. Monsieur et tr\u00e8s honor\u00e9 confr\u00e8re, La gr\u00e2ce de N.S. soit toujours avec nous. M\u2019y voil\u00e0, tel est le mot d\u2019ordre par lequel je devais vous donner mon premier signe de ... Read More\" \/>\n<meta property=\"og:url\" content=\"https:\/\/vincentians.com\/fr\/jean-gabriel-perboyre-lettre-063-a-pierre-le-go-c-m-a-paris\/\" \/>\n<meta property=\"og:site_name\" content=\"Nous Sommes Vincentiens\" \/>\n<meta property=\"article:publisher\" content=\"https:\/\/www.facebook.com\/WeAreVincentians\/\" \/>\n<meta property=\"article:author\" content=\"https:\/\/www.facebook.com\/JavierChento\" \/>\n<meta property=\"article:published_time\" content=\"2017-09-17T02:00:58+00:00\" \/>\n<meta property=\"og:image\" content=\"https:\/\/i0.wp.com\/vincentians.com\/fr\/wp-content\/uploads\/sites\/10\/2016\/07\/cartas-perboyre.jpg?fit=1200%2C630&ssl=1\" \/>\n\t<meta property=\"og:image:width\" content=\"1200\" \/>\n\t<meta property=\"og:image:height\" content=\"630\" \/>\n\t<meta property=\"og:image:type\" content=\"image\/jpeg\" \/>\n<meta name=\"author\" content=\"Francisco Javier Fern\u00e1ndez Chento\" \/>\n<meta name=\"twitter:card\" content=\"summary_large_image\" \/>\n<meta name=\"twitter:creator\" content=\"@https:\/\/twitter.com\/javierchento\" \/>\n<meta name=\"twitter:site\" content=\"@WeVincentians\" \/>\n<meta name=\"twitter:label1\" content=\"\u00c9crit par\" \/>\n\t<meta name=\"twitter:data1\" content=\"Francisco Javier Fern\u00e1ndez Chento\" \/>\n\t<meta name=\"twitter:label2\" content=\"Dur\u00e9e de lecture estim\u00e9e\" \/>\n\t<meta name=\"twitter:data2\" content=\"13 minutes\" \/>\n<script type=\"application\/ld+json\" class=\"yoast-schema-graph\">{\"@context\":\"https:\/\/schema.org\",\"@graph\":[{\"@type\":\"WebPage\",\"@id\":\"https:\/\/vincentians.com\/fr\/jean-gabriel-perboyre-lettre-063-a-pierre-le-go-c-m-a-paris\/\",\"url\":\"https:\/\/vincentians.com\/fr\/jean-gabriel-perboyre-lettre-063-a-pierre-le-go-c-m-a-paris\/\",\"name\":\"Jean-Gabriel Perboyre, Lettre 063. A Pierre Le Go, C.M., \u00e0 Paris - Nous Sommes Vincentiens\",\"isPartOf\":{\"@id\":\"http:\/\/vincentians.com\/fr\/#website\"},\"primaryImageOfPage\":{\"@id\":\"https:\/\/vincentians.com\/fr\/jean-gabriel-perboyre-lettre-063-a-pierre-le-go-c-m-a-paris\/#primaryimage\"},\"image\":{\"@id\":\"https:\/\/vincentians.com\/fr\/jean-gabriel-perboyre-lettre-063-a-pierre-le-go-c-m-a-paris\/#primaryimage\"},\"thumbnailUrl\":\"https:\/\/i0.wp.com\/vincentians.com\/fr\/wp-content\/uploads\/sites\/10\/2016\/07\/cartas-perboyre.jpg?fit=1200%2C630&ssl=1\",\"datePublished\":\"2017-09-17T02:00:58+00:00\",\"author\":{\"@id\":\"http:\/\/vincentians.com\/fr\/#\/schema\/person\/9623ef4d9aa3b2dfb8c061f1499288f2\"},\"breadcrumb\":{\"@id\":\"https:\/\/vincentians.com\/fr\/jean-gabriel-perboyre-lettre-063-a-pierre-le-go-c-m-a-paris\/#breadcrumb\"},\"inLanguage\":\"fr-FR\",\"potentialAction\":[{\"@type\":\"ReadAction\",\"target\":[\"https:\/\/vincentians.com\/fr\/jean-gabriel-perboyre-lettre-063-a-pierre-le-go-c-m-a-paris\/\"]}]},{\"@type\":\"ImageObject\",\"inLanguage\":\"fr-FR\",\"@id\":\"https:\/\/vincentians.com\/fr\/jean-gabriel-perboyre-lettre-063-a-pierre-le-go-c-m-a-paris\/#primaryimage\",\"url\":\"https:\/\/i0.wp.com\/vincentians.com\/fr\/wp-content\/uploads\/sites\/10\/2016\/07\/cartas-perboyre.jpg?fit=1200%2C630&ssl=1\",\"contentUrl\":\"https:\/\/i0.wp.com\/vincentians.com\/fr\/wp-content\/uploads\/sites\/10\/2016\/07\/cartas-perboyre.jpg?fit=1200%2C630&ssl=1\",\"width\":1200,\"height\":630},{\"@type\":\"BreadcrumbList\",\"@id\":\"https:\/\/vincentians.com\/fr\/jean-gabriel-perboyre-lettre-063-a-pierre-le-go-c-m-a-paris\/#breadcrumb\",\"itemListElement\":[{\"@type\":\"ListItem\",\"position\":1,\"name\":\"Portada\",\"item\":\"http:\/\/vincentians.com\/fr\/\"},{\"@type\":\"ListItem\",\"position\":2,\"name\":\"Jean-Gabriel Perboyre, Lettre 063. A Pierre Le Go, C.M., \u00e0 Paris\"}]},{\"@type\":\"WebSite\",\"@id\":\"http:\/\/vincentians.com\/fr\/#website\",\"url\":\"http:\/\/vincentians.com\/fr\/\",\"name\":\"Nous Sommes Vincentiens\",\"description\":\"Know more to serve more\",\"potentialAction\":[{\"@type\":\"SearchAction\",\"target\":{\"@type\":\"EntryPoint\",\"urlTemplate\":\"http:\/\/vincentians.com\/fr\/?s={search_term_string}\"},\"query-input\":{\"@type\":\"PropertyValueSpecification\",\"valueRequired\":true,\"valueName\":\"search_term_string\"}}],\"inLanguage\":\"fr-FR\"},{\"@type\":\"Person\",\"@id\":\"http:\/\/vincentians.com\/fr\/#\/schema\/person\/9623ef4d9aa3b2dfb8c061f1499288f2\",\"name\":\"Francisco Javier Fern\u00e1ndez Chento\",\"image\":{\"@type\":\"ImageObject\",\"inLanguage\":\"fr-FR\",\"@id\":\"http:\/\/vincentians.com\/fr\/#\/schema\/person\/image\/\",\"url\":\"https:\/\/secure.gravatar.com\/avatar\/497d5cde87b4c3d097d0315953521681ba2cd523ee66e5077c3711f7021e65de?s=96&d=mm&r=g\",\"contentUrl\":\"https:\/\/secure.gravatar.com\/avatar\/497d5cde87b4c3d097d0315953521681ba2cd523ee66e5077c3711f7021e65de?s=96&d=mm&r=g\",\"caption\":\"Francisco Javier Fern\u00e1ndez Chento\"},\"description\":\"Director General y cofundador de La Red de Formaci\u00f3n Vicenciana. Javier es laico vicenciano, afiliado a la Congregaci\u00f3n de la Misi\u00f3n y miembro del Equipo de Misiones Populares de la provincia can\u00f3nica de Zaragoza (Espa\u00f1a) de la Congregaci\u00f3n de la Misi\u00f3n. Graduado en la Universidad Oberta de Catalunya con cuatro grados (Asistente de direcci\u00f3n, Gesti\u00f3n Administrativa, Recursos Humanos y Contabilidad Avanzada). Bil\u00edng\u00fce Espa\u00f1ol\/Ingl\u00e9s. gestiona y mantiene varias p\u00e1ginas web cristianas y vicencianas, incluida including La Red de Formaci\u00f3n Vicenciana, de la que es cofundador. Actualmente es responsable del \u00e1rea de Espa\u00f1ol de .famvin, la Red de Noticias de la Familia Vicenciana. Tambi\u00e9n es m\u00fasico cat\u00f3lico y ha editado varios discos. Es Director General y cofundador de Trovador, una reconocida compa\u00f1\u00eda discogr\u00e1fica critiana de Espa\u00f1a. Trabaja en las Tecnolog\u00edas de la Informaci\u00f3n, ofreciendo servicios de alojamiento, dise\u00f1o y mantenimiento Web, as\u00ed como asesoramiento, formaci\u00f3n y soluciones inform\u00e1ticas, gesti\u00f3n documental y digitalizaci\u00f3n de textos, edici\u00f3n y maquetaci\u00f3n de libros, revistas, flyers, etc.\",\"sameAs\":[\"http:\/\/chento.org\",\"https:\/\/www.facebook.com\/JavierChento\",\"https:\/\/x.com\/https:\/\/twitter.com\/javierchento\"],\"url\":\"https:\/\/vincentians.com\/fr\/author\/chento\/\"}]}<\/script>\n<!-- \/ Yoast SEO plugin. -->","yoast_head_json":{"title":"Jean-Gabriel Perboyre, Lettre 063. A Pierre Le Go, C.M., \u00e0 Paris - Nous Sommes Vincentiens","robots":{"index":"index","follow":"follow","max-snippet":"max-snippet:-1","max-image-preview":"max-image-preview:large","max-video-preview":"max-video-preview:-1"},"canonical":"https:\/\/vincentians.com\/fr\/jean-gabriel-perboyre-lettre-063-a-pierre-le-go-c-m-a-paris\/","og_locale":"fr_FR","og_type":"article","og_title":"Jean-Gabriel Perboyre, Lettre 063. A Pierre Le Go, C.M., \u00e0 Paris - Nous Sommes Vincentiens","og_description":"Macao, le 9 septembre 1835. Monsieur et tr\u00e8s honor\u00e9 confr\u00e8re, La gr\u00e2ce de N.S. soit toujours avec nous. M\u2019y voil\u00e0, tel est le mot d\u2019ordre par lequel je devais vous donner mon premier signe de ... Read More","og_url":"https:\/\/vincentians.com\/fr\/jean-gabriel-perboyre-lettre-063-a-pierre-le-go-c-m-a-paris\/","og_site_name":"Nous Sommes Vincentiens","article_publisher":"https:\/\/www.facebook.com\/WeAreVincentians\/","article_author":"https:\/\/www.facebook.com\/JavierChento","article_published_time":"2017-09-17T02:00:58+00:00","og_image":[{"width":1200,"height":630,"url":"https:\/\/i0.wp.com\/vincentians.com\/fr\/wp-content\/uploads\/sites\/10\/2016\/07\/cartas-perboyre.jpg?fit=1200%2C630&ssl=1","type":"image\/jpeg"}],"author":"Francisco Javier Fern\u00e1ndez Chento","twitter_card":"summary_large_image","twitter_creator":"@https:\/\/twitter.com\/javierchento","twitter_site":"@WeVincentians","twitter_misc":{"\u00c9crit par":"Francisco Javier Fern\u00e1ndez Chento","Dur\u00e9e de lecture estim\u00e9e":"13 minutes"},"schema":{"@context":"https:\/\/schema.org","@graph":[{"@type":"WebPage","@id":"https:\/\/vincentians.com\/fr\/jean-gabriel-perboyre-lettre-063-a-pierre-le-go-c-m-a-paris\/","url":"https:\/\/vincentians.com\/fr\/jean-gabriel-perboyre-lettre-063-a-pierre-le-go-c-m-a-paris\/","name":"Jean-Gabriel Perboyre, Lettre 063. A Pierre Le Go, C.M., \u00e0 Paris - Nous Sommes Vincentiens","isPartOf":{"@id":"http:\/\/vincentians.com\/fr\/#website"},"primaryImageOfPage":{"@id":"https:\/\/vincentians.com\/fr\/jean-gabriel-perboyre-lettre-063-a-pierre-le-go-c-m-a-paris\/#primaryimage"},"image":{"@id":"https:\/\/vincentians.com\/fr\/jean-gabriel-perboyre-lettre-063-a-pierre-le-go-c-m-a-paris\/#primaryimage"},"thumbnailUrl":"https:\/\/i0.wp.com\/vincentians.com\/fr\/wp-content\/uploads\/sites\/10\/2016\/07\/cartas-perboyre.jpg?fit=1200%2C630&ssl=1","datePublished":"2017-09-17T02:00:58+00:00","author":{"@id":"http:\/\/vincentians.com\/fr\/#\/schema\/person\/9623ef4d9aa3b2dfb8c061f1499288f2"},"breadcrumb":{"@id":"https:\/\/vincentians.com\/fr\/jean-gabriel-perboyre-lettre-063-a-pierre-le-go-c-m-a-paris\/#breadcrumb"},"inLanguage":"fr-FR","potentialAction":[{"@type":"ReadAction","target":["https:\/\/vincentians.com\/fr\/jean-gabriel-perboyre-lettre-063-a-pierre-le-go-c-m-a-paris\/"]}]},{"@type":"ImageObject","inLanguage":"fr-FR","@id":"https:\/\/vincentians.com\/fr\/jean-gabriel-perboyre-lettre-063-a-pierre-le-go-c-m-a-paris\/#primaryimage","url":"https:\/\/i0.wp.com\/vincentians.com\/fr\/wp-content\/uploads\/sites\/10\/2016\/07\/cartas-perboyre.jpg?fit=1200%2C630&ssl=1","contentUrl":"https:\/\/i0.wp.com\/vincentians.com\/fr\/wp-content\/uploads\/sites\/10\/2016\/07\/cartas-perboyre.jpg?fit=1200%2C630&ssl=1","width":1200,"height":630},{"@type":"BreadcrumbList","@id":"https:\/\/vincentians.com\/fr\/jean-gabriel-perboyre-lettre-063-a-pierre-le-go-c-m-a-paris\/#breadcrumb","itemListElement":[{"@type":"ListItem","position":1,"name":"Portada","item":"http:\/\/vincentians.com\/fr\/"},{"@type":"ListItem","position":2,"name":"Jean-Gabriel Perboyre, Lettre 063. A Pierre Le Go, C.M., \u00e0 Paris"}]},{"@type":"WebSite","@id":"http:\/\/vincentians.com\/fr\/#website","url":"http:\/\/vincentians.com\/fr\/","name":"Nous Sommes Vincentiens","description":"Know more to serve more","potentialAction":[{"@type":"SearchAction","target":{"@type":"EntryPoint","urlTemplate":"http:\/\/vincentians.com\/fr\/?s={search_term_string}"},"query-input":{"@type":"PropertyValueSpecification","valueRequired":true,"valueName":"search_term_string"}}],"inLanguage":"fr-FR"},{"@type":"Person","@id":"http:\/\/vincentians.com\/fr\/#\/schema\/person\/9623ef4d9aa3b2dfb8c061f1499288f2","name":"Francisco Javier Fern\u00e1ndez Chento","image":{"@type":"ImageObject","inLanguage":"fr-FR","@id":"http:\/\/vincentians.com\/fr\/#\/schema\/person\/image\/","url":"https:\/\/secure.gravatar.com\/avatar\/497d5cde87b4c3d097d0315953521681ba2cd523ee66e5077c3711f7021e65de?s=96&d=mm&r=g","contentUrl":"https:\/\/secure.gravatar.com\/avatar\/497d5cde87b4c3d097d0315953521681ba2cd523ee66e5077c3711f7021e65de?s=96&d=mm&r=g","caption":"Francisco Javier Fern\u00e1ndez Chento"},"description":"Director General y cofundador de La Red de Formaci\u00f3n Vicenciana. Javier es laico vicenciano, afiliado a la Congregaci\u00f3n de la Misi\u00f3n y miembro del Equipo de Misiones Populares de la provincia can\u00f3nica de Zaragoza (Espa\u00f1a) de la Congregaci\u00f3n de la Misi\u00f3n. Graduado en la Universidad Oberta de Catalunya con cuatro grados (Asistente de direcci\u00f3n, Gesti\u00f3n Administrativa, Recursos Humanos y Contabilidad Avanzada). Bil\u00edng\u00fce Espa\u00f1ol\/Ingl\u00e9s. gestiona y mantiene varias p\u00e1ginas web cristianas y vicencianas, incluida including La Red de Formaci\u00f3n Vicenciana, de la que es cofundador. Actualmente es responsable del \u00e1rea de Espa\u00f1ol de .famvin, la Red de Noticias de la Familia Vicenciana. Tambi\u00e9n es m\u00fasico cat\u00f3lico y ha editado varios discos. Es Director General y cofundador de Trovador, una reconocida compa\u00f1\u00eda discogr\u00e1fica critiana de Espa\u00f1a. Trabaja en las Tecnolog\u00edas de la Informaci\u00f3n, ofreciendo servicios de alojamiento, dise\u00f1o y mantenimiento Web, as\u00ed como asesoramiento, formaci\u00f3n y soluciones inform\u00e1ticas, gesti\u00f3n documental y digitalizaci\u00f3n de textos, edici\u00f3n y maquetaci\u00f3n de libros, revistas, flyers, etc.","sameAs":["http:\/\/chento.org","https:\/\/www.facebook.com\/JavierChento","https:\/\/x.com\/https:\/\/twitter.com\/javierchento"],"url":"https:\/\/vincentians.com\/fr\/author\/chento\/"}]}},"jetpack_publicize_connections":[],"jetpack_featured_media_url":"https:\/\/i0.wp.com\/vincentians.com\/fr\/wp-content\/uploads\/sites\/10\/2016\/07\/cartas-perboyre.jpg?fit=1200%2C630&ssl=1","jetpack_sharing_enabled":true,"jetpack_shortlink":"https:\/\/wp.me\/p7ETMP-rTM","jetpack-related-posts":[{"id":105354,"url":"https:\/\/vincentians.com\/fr\/jean-gabriel-perboyre-lettre-045-a-jean-baptiste-torrette-c-m-a-macao\/","url_meta":{"origin":107246,"position":0},"title":"Jean-Gabriel Perboyre, Lettre 045. A Jean-Baptiste Torrette, C.M., \u00e0 Macao","author":"Francisco Javier Fern\u00e1ndez Chento","date":"14\/05\/2017","format":false,"excerpt":"Monsieur et tr\u00e8s cher confr\u00e8re, La gr\u00e2ce de N. S. soit toujours avec nous. Un jour que nous aimions, M.\u00a0Martin et moi, \u00e0 nous rappeler que nous avions \u00e9t\u00e9 ordonn\u00e9s pr\u00eatres avec vous, nous conv\u00eenmes que nous vous enverrions un petit souvenir. J\u2019ai pens\u00e9 que vous liriez avec plaisir les\u2026","rel":"","context":"Dans &quot;\u00c9crits de Jean-Gabriel Perboyre&quot;","block_context":{"text":"\u00c9crits de Jean-Gabriel Perboyre","link":"https:\/\/vincentians.com\/fr\/category\/ecrits-de-jean-gabriel-perboyre\/"},"img":{"alt_text":"","src":"https:\/\/i0.wp.com\/vincentians.com\/fr\/wp-content\/uploads\/sites\/10\/2016\/07\/cartas-perboyre.jpg?fit=1200%2C630&ssl=1&resize=350%2C200","width":350,"height":200,"srcset":"https:\/\/i0.wp.com\/vincentians.com\/fr\/wp-content\/uploads\/sites\/10\/2016\/07\/cartas-perboyre.jpg?fit=1200%2C630&ssl=1&resize=350%2C200 1x, https:\/\/i0.wp.com\/vincentians.com\/fr\/wp-content\/uploads\/sites\/10\/2016\/07\/cartas-perboyre.jpg?fit=1200%2C630&ssl=1&resize=525%2C300 1.5x, https:\/\/i0.wp.com\/vincentians.com\/fr\/wp-content\/uploads\/sites\/10\/2016\/07\/cartas-perboyre.jpg?fit=1200%2C630&ssl=1&resize=700%2C400 2x, https:\/\/i0.wp.com\/vincentians.com\/fr\/wp-content\/uploads\/sites\/10\/2016\/07\/cartas-perboyre.jpg?fit=1200%2C630&ssl=1&resize=1050%2C600 3x"},"classes":[]},{"id":190676,"url":"https:\/\/vincentians.com\/fr\/jean-gabriel-perboyre-lettre-075-jean-baptiste-torrette-c-m-macao\/","url_meta":{"origin":107246,"position":1},"title":"Jean-Gabriel Perboyre, Lettre 075. A Jean-Baptiste Torrette, C.M., \u00e0 Macao","author":"Francisco Javier Fern\u00e1ndez Chento","date":"10\/12\/2017","format":false,"excerpt":"Kiang-Si, 3 avril 1836. Monsieur et tr\u00e8s cher confr\u00e8re, La gr\u00e2ce de N. S. soit toujours avec nous. Encore un petit signe de vie avant de parvenir au Houp\u00e9. Ce n\u2019est que le 15 mars que nous sommes partis du Fokien. Les sept ou huit premiers jours nous n\u2019avons fait\u2026","rel":"","context":"Dans &quot;\u00c9crits de Jean-Gabriel Perboyre&quot;","block_context":{"text":"\u00c9crits de Jean-Gabriel Perboyre","link":"https:\/\/vincentians.com\/fr\/category\/ecrits-de-jean-gabriel-perboyre\/"},"img":{"alt_text":"","src":"https:\/\/i0.wp.com\/vincentians.com\/fr\/wp-content\/uploads\/sites\/10\/2016\/07\/cartas-perboyre.jpg?fit=1200%2C630&ssl=1&resize=350%2C200","width":350,"height":200,"srcset":"https:\/\/i0.wp.com\/vincentians.com\/fr\/wp-content\/uploads\/sites\/10\/2016\/07\/cartas-perboyre.jpg?fit=1200%2C630&ssl=1&resize=350%2C200 1x, https:\/\/i0.wp.com\/vincentians.com\/fr\/wp-content\/uploads\/sites\/10\/2016\/07\/cartas-perboyre.jpg?fit=1200%2C630&ssl=1&resize=525%2C300 1.5x, https:\/\/i0.wp.com\/vincentians.com\/fr\/wp-content\/uploads\/sites\/10\/2016\/07\/cartas-perboyre.jpg?fit=1200%2C630&ssl=1&resize=700%2C400 2x, https:\/\/i0.wp.com\/vincentians.com\/fr\/wp-content\/uploads\/sites\/10\/2016\/07\/cartas-perboyre.jpg?fit=1200%2C630&ssl=1&resize=1050%2C600 3x"},"classes":[]},{"id":107242,"url":"https:\/\/vincentians.com\/fr\/jean-gabriel-perboyre-lettre-066-frere-jacques-paris\/","url_meta":{"origin":107246,"position":2},"title":"Jean-Gabriel Perboyre, Lettre 066. A son Fr\u00e8re Jacques, \u00e0 Paris","author":"Francisco Javier Fern\u00e1ndez Chento","date":"08\/10\/2017","format":false,"excerpt":"Macao, le 14 Septembre 1835. Mon tr\u00e8s cher fr\u00e8re, La gr\u00e2ce de N. S. soit toujours avec nous. N\u2019ayant qu\u2019un instant pour \u00e9crire, r\u00e9signez-vous \u00e0 n\u2019avoir que deux lignes pour cette fois. Ne vous suffit-il pas d\u2019apprendre que depuis que je vous ai \u00e9crit de Batavia, le Bon Dieu a\u2026","rel":"","context":"Dans &quot;\u00c9crits de Jean-Gabriel Perboyre&quot;","block_context":{"text":"\u00c9crits de Jean-Gabriel Perboyre","link":"https:\/\/vincentians.com\/fr\/category\/ecrits-de-jean-gabriel-perboyre\/"},"img":{"alt_text":"","src":"https:\/\/i0.wp.com\/vincentians.com\/fr\/wp-content\/uploads\/sites\/10\/2016\/07\/cartas-perboyre.jpg?fit=1200%2C630&ssl=1&resize=350%2C200","width":350,"height":200,"srcset":"https:\/\/i0.wp.com\/vincentians.com\/fr\/wp-content\/uploads\/sites\/10\/2016\/07\/cartas-perboyre.jpg?fit=1200%2C630&ssl=1&resize=350%2C200 1x, https:\/\/i0.wp.com\/vincentians.com\/fr\/wp-content\/uploads\/sites\/10\/2016\/07\/cartas-perboyre.jpg?fit=1200%2C630&ssl=1&resize=525%2C300 1.5x, https:\/\/i0.wp.com\/vincentians.com\/fr\/wp-content\/uploads\/sites\/10\/2016\/07\/cartas-perboyre.jpg?fit=1200%2C630&ssl=1&resize=700%2C400 2x, https:\/\/i0.wp.com\/vincentians.com\/fr\/wp-content\/uploads\/sites\/10\/2016\/07\/cartas-perboyre.jpg?fit=1200%2C630&ssl=1&resize=1050%2C600 3x"},"classes":[]},{"id":107174,"url":"https:\/\/vincentians.com\/fr\/jean-gabriel-perboyre-lettre-051-a-un-pretre-de-saint-flour\/","url_meta":{"origin":107246,"position":3},"title":"Jean-Gabriel Perboyre, Lettre 051. A un Pr\u00eatre de Saint-Flour","author":"Francisco Javier Fern\u00e1ndez Chento","date":"25\/06\/2017","format":false,"excerpt":"[entre ao\u00fbt 1832 et mars 1835] Mon cher Monsieur, En attendant que votre fr\u00e8re vous \u00e9crive lui-m\u00eame, je m\u2019empresse de vous annoncer qu\u2019il est arriv\u00e9 aujourd\u2019hui bien portant et bien content. Son voyage ne l\u2019a pas fatigu\u00e9. Je ne puis vous exprimer avec quel plaisir j\u2019ai embrass\u00e9 ce cher enfant\u00a0:\u2026","rel":"","context":"Dans &quot;\u00c9crits de Jean-Gabriel Perboyre&quot;","block_context":{"text":"\u00c9crits de Jean-Gabriel Perboyre","link":"https:\/\/vincentians.com\/fr\/category\/ecrits-de-jean-gabriel-perboyre\/"},"img":{"alt_text":"","src":"https:\/\/i0.wp.com\/vincentians.com\/fr\/wp-content\/uploads\/sites\/10\/2016\/07\/cartas-perboyre.jpg?fit=1200%2C630&ssl=1&resize=350%2C200","width":350,"height":200,"srcset":"https:\/\/i0.wp.com\/vincentians.com\/fr\/wp-content\/uploads\/sites\/10\/2016\/07\/cartas-perboyre.jpg?fit=1200%2C630&ssl=1&resize=350%2C200 1x, https:\/\/i0.wp.com\/vincentians.com\/fr\/wp-content\/uploads\/sites\/10\/2016\/07\/cartas-perboyre.jpg?fit=1200%2C630&ssl=1&resize=525%2C300 1.5x, https:\/\/i0.wp.com\/vincentians.com\/fr\/wp-content\/uploads\/sites\/10\/2016\/07\/cartas-perboyre.jpg?fit=1200%2C630&ssl=1&resize=700%2C400 2x, https:\/\/i0.wp.com\/vincentians.com\/fr\/wp-content\/uploads\/sites\/10\/2016\/07\/cartas-perboyre.jpg?fit=1200%2C630&ssl=1&resize=1050%2C600 3x"},"classes":[]},{"id":107244,"url":"https:\/\/vincentians.com\/fr\/jean-gabriel-perboyre-lettre-064-a-son-oncle-a-montauban\/","url_meta":{"origin":107246,"position":4},"title":"Jean-Gabriel Perboyre, Lettre 064. A son Oncle, \u00e0 Montauban","author":"Francisco Javier Fern\u00e1ndez Chento","date":"24\/09\/2017","format":false,"excerpt":"Macao le 13 septembre 1835. Mon tr\u00e8s cher oncle, La gr\u00e2ce de N.S. soit toujours avec nous. Si, comme je l\u2019esp\u00e8re, vous avez re\u00e7u la lettre que je vous ai \u00e9crite de Surabaya vers la fin de juillet, elle vous aura d\u00e9li\u00advr\u00e9 de toute inqui\u00e9tude relativement \u00e0 ma travers\u00e9e, qui\u2026","rel":"","context":"Dans &quot;\u00c9crits de Jean-Gabriel Perboyre&quot;","block_context":{"text":"\u00c9crits de Jean-Gabriel Perboyre","link":"https:\/\/vincentians.com\/fr\/category\/ecrits-de-jean-gabriel-perboyre\/"},"img":{"alt_text":"","src":"https:\/\/i0.wp.com\/vincentians.com\/fr\/wp-content\/uploads\/sites\/10\/2016\/07\/cartas-perboyre.jpg?fit=1200%2C630&ssl=1&resize=350%2C200","width":350,"height":200,"srcset":"https:\/\/i0.wp.com\/vincentians.com\/fr\/wp-content\/uploads\/sites\/10\/2016\/07\/cartas-perboyre.jpg?fit=1200%2C630&ssl=1&resize=350%2C200 1x, https:\/\/i0.wp.com\/vincentians.com\/fr\/wp-content\/uploads\/sites\/10\/2016\/07\/cartas-perboyre.jpg?fit=1200%2C630&ssl=1&resize=525%2C300 1.5x, https:\/\/i0.wp.com\/vincentians.com\/fr\/wp-content\/uploads\/sites\/10\/2016\/07\/cartas-perboyre.jpg?fit=1200%2C630&ssl=1&resize=700%2C400 2x, https:\/\/i0.wp.com\/vincentians.com\/fr\/wp-content\/uploads\/sites\/10\/2016\/07\/cartas-perboyre.jpg?fit=1200%2C630&ssl=1&resize=1050%2C600 3x"},"classes":[]},{"id":107249,"url":"https:\/\/vincentians.com\/fr\/jean-gabriel-perboyre-lettre-057-a-son-oncle-a-montauban\/","url_meta":{"origin":107246,"position":5},"title":"Jean-Gabriel Perboyre, Lettre 057. A son Oncle, \u00e0 Montauban","author":"Francisco Javier Fern\u00e1ndez Chento","date":"06\/08\/2017","format":false,"excerpt":"Le Havre, 18 mars 1835. Mon tr\u00e8s cher oncle, Me voici au Havre depuis avant-hier au soir. Nous avions besoin d\u2019\u00eatre ici quelque temps avant l\u2019embarquement pour faire nos petits pr\u00e9paratifs. Notre navire, l\u2019Edmond, est d\u00e9j\u00e0 charg\u00e9 et on n\u2019attend plus pour se mettre en mer que le moment o\u00f9\u2026","rel":"","context":"Dans &quot;\u00c9crits de Jean-Gabriel Perboyre&quot;","block_context":{"text":"\u00c9crits de Jean-Gabriel Perboyre","link":"https:\/\/vincentians.com\/fr\/category\/ecrits-de-jean-gabriel-perboyre\/"},"img":{"alt_text":"","src":"https:\/\/i0.wp.com\/vincentians.com\/fr\/wp-content\/uploads\/sites\/10\/2016\/07\/cartas-perboyre.jpg?fit=1200%2C630&ssl=1&resize=350%2C200","width":350,"height":200,"srcset":"https:\/\/i0.wp.com\/vincentians.com\/fr\/wp-content\/uploads\/sites\/10\/2016\/07\/cartas-perboyre.jpg?fit=1200%2C630&ssl=1&resize=350%2C200 1x, https:\/\/i0.wp.com\/vincentians.com\/fr\/wp-content\/uploads\/sites\/10\/2016\/07\/cartas-perboyre.jpg?fit=1200%2C630&ssl=1&resize=525%2C300 1.5x, https:\/\/i0.wp.com\/vincentians.com\/fr\/wp-content\/uploads\/sites\/10\/2016\/07\/cartas-perboyre.jpg?fit=1200%2C630&ssl=1&resize=700%2C400 2x, https:\/\/i0.wp.com\/vincentians.com\/fr\/wp-content\/uploads\/sites\/10\/2016\/07\/cartas-perboyre.jpg?fit=1200%2C630&ssl=1&resize=1050%2C600 3x"},"classes":[]}],"_links":{"self":[{"href":"https:\/\/vincentians.com\/fr\/wp-json\/wp\/v2\/posts\/107246","targetHints":{"allow":["GET"]}}],"collection":[{"href":"https:\/\/vincentians.com\/fr\/wp-json\/wp\/v2\/posts"}],"about":[{"href":"https:\/\/vincentians.com\/fr\/wp-json\/wp\/v2\/types\/post"}],"author":[{"embeddable":true,"href":"https:\/\/vincentians.com\/fr\/wp-json\/wp\/v2\/users\/4"}],"replies":[{"embeddable":true,"href":"https:\/\/vincentians.com\/fr\/wp-json\/wp\/v2\/comments?post=107246"}],"version-history":[{"count":0,"href":"https:\/\/vincentians.com\/fr\/wp-json\/wp\/v2\/posts\/107246\/revisions"}],"wp:featuredmedia":[{"embeddable":true,"href":"https:\/\/vincentians.com\/fr\/wp-json\/wp\/v2\/media\/189778"}],"wp:attachment":[{"href":"https:\/\/vincentians.com\/fr\/wp-json\/wp\/v2\/media?parent=107246"}],"wp:term":[{"taxonomy":"category","embeddable":true,"href":"https:\/\/vincentians.com\/fr\/wp-json\/wp\/v2\/categories?post=107246"},{"taxonomy":"post_tag","embeddable":true,"href":"https:\/\/vincentians.com\/fr\/wp-json\/wp\/v2\/tags?post=107246"}],"curies":[{"name":"wp","href":"https:\/\/api.w.org\/{rel}","templated":true}]}}