{"id":107243,"date":"2017-10-01T04:00:58","date_gmt":"2017-10-01T02:00:58","guid":{"rendered":"http:\/\/vincentiens.org\/?p=107243"},"modified":"2016-08-11T21:54:25","modified_gmt":"2016-08-11T19:54:25","slug":"jean-gabriel-perboyre-lettre-065-a-son-frere-antoine-au-puech","status":"publish","type":"post","link":"https:\/\/vincentians.com\/fr\/jean-gabriel-perboyre-lettre-065-a-son-frere-antoine-au-puech\/","title":{"rendered":"Jean-Gabriel Perboyre, Lettre 065. A son Fr\u00e8re Antoine, au Puech"},"content":{"rendered":"<p>Macao, le 13 septembre 1835.<\/p>\n<p>Mon tr\u00e8s cher fr\u00e8re,<\/p>\n<p>La gr\u00e2ce de N. S. soit toujours avec nous.<\/p>\n<p>La lettre que j\u2019\u00e9crivis \u00e0 Papa de Java vous apprenait que j\u2019\u00e9tais d\u00e9j\u00e0 parvenu plus loin que notre bon fr\u00e8re Louis, Dieu ne m\u2019ayant pas jug\u00e9 digne du Ciel comme lui. Celle-ci vous apprendra que je suis maintenant arriv\u00e9 sain et sauf jusqu\u2019aux portes de la Chine. Nous sommes \u00e0 Macao depuis le 29 du mois d\u2019ao\u00fbt. Dieu nous a prot\u00e9g\u00e9s pendant toute notre travers\u00e9e, et quelque longue qu\u2019elle ait \u00e9t\u00e9, je me suis m\u00eame mieux port\u00e9 \u00e0 la fin qu\u2019au commencement. Ne croyez donc pas qu\u2019aller en Chine, c\u2019est aller \u00e0 la mort. Mes confr\u00e8res qui sont venus dans ce pays y vivent comme ailleurs, et quelques fatigues qu\u2019ils aient \u00e0 essuyer, ils sont tr\u00e8s contents d\u2019avoir fait le sacrifice de tout pour apporter la lumi\u00e8re de la foi parmi les Infid\u00e8les.<\/p>\n<p>Vous reconnaissez que Notre Seigneur m\u2019a fait une grande gr\u00e2ce en me donnant la m\u00eame vocation\u00a0; j\u2019esp\u00e8re que vous finirez par vous en r\u00e9jouir.<\/p>\n<p>Vous savez bien que notre vrai bonheur ne consiste pas \u00e0 avoir toutes sortes de consolations en ce monde, mais \u00e0 faire la volont\u00e9 de Dieu, \u00e0 le servir et \u00e0 le faire servir autant que nous le pouvons. Vous m\u2019avez dit qu\u2019en partant, je vous priverais des bons avis que je pouvais vous donner en France. D\u2019abord il faut vous rappeler que Dieu a sp\u00e9cialement charg\u00e9 de votre salut votre pasteur et votre confesseur. C\u2019est \u00e0 eux que vous devez souvent recourir pour recevoir leurs instructions et leurs conseils. Si donc vos affaires spirituelles n\u2019allaient pas, il faudrait l\u2019attribuer \u00e0 votre n\u00e9gligence et non au d\u00e9faut de moyens salutaires et \u00e0 mon \u00e9loignement. D\u2019ailleurs, \u00e9loign\u00e9 comme rapproch\u00e9, je ne cesserai de vous exciter et de vous encourager \u00e0 la vertu et \u00e0 la pratique de tous vos devoirs.<\/p>\n<p>Notre respectable cousin, M.\u00a0le Cur\u00e9 de Catus, voudra bien aussi vous rendre ce m\u00eame service. Pr\u00e9sentez-lui mes\u00a0 hommages, ainsi qu\u2019\u00e0 M.\u00a0le Cur\u00e9 de Mongesty\u00a0; \u00e0 nos oncles, \u00e0 nos autres parents.<\/p>\n<p>J\u2019embrasse Papa, Maman et toute la famille au Puech et \u00e0 la Bastidette-Haute<span id='easy-footnote-1-107243' class='easy-footnote-margin-adjust'><\/span><span class='easy-footnote'><a href='https:\/\/vincentians.com\/fr\/jean-gabriel-perboyre-lettre-065-a-son-frere-antoine-au-puech\/#easy-footnote-bottom-1-107243' title='Labastidette-Haute \u00e9tait la r\u00e9sidence de M.\u00a0Lavernhe, beau-fr\u00e8re du saint.'><sup>1<\/sup><\/a><\/span>.<\/p>\n<p>Allons, vivez tous en paix et dans la crainte du Seigneur. Je ne vous oublie pas dans mes pri\u00e8res, et je serai toujours votre tout d\u00e9vou\u00e9 et affectionn\u00e9 fr\u00e8re,<\/p>\n<p>J.G. Perboyre.<\/p>\n<p><i>Suscription<\/i>\u00a0: Monsieur Monsieur Antoine Perboyre. Au Puech, Commune de Mongesty. Par Catus-Lot.<\/p>\n<p><em><b>Lettre 65.<\/b> \u2014 Maison-M\u00e8re, original 52.<\/em><\/p>\n","protected":false},"excerpt":{"rendered":"<p>Macao, le 13 septembre 1835. Mon tr\u00e8s cher fr\u00e8re, La gr\u00e2ce de N. S. soit toujours avec nous. La lettre que j\u2019\u00e9crivis \u00e0 Papa de Java vous apprenait que j\u2019\u00e9tais d\u00e9j\u00e0 parvenu plus loin que &#8230; <a href=\"https:\/\/vincentians.com\/fr\/jean-gabriel-perboyre-lettre-065-a-son-frere-antoine-au-puech\/\" class=\"more-link\">Read More<\/a><\/p>\n","protected":false},"author":4,"featured_media":189778,"comment_status":"open","ping_status":"open","sticky":false,"template":"","format":"standard","meta":{"jetpack_post_was_ever_published":false,"_jetpack_newsletter_access":"","_jetpack_dont_email_post_to_subs":false,"_jetpack_newsletter_tier_id":0,"_jetpack_memberships_contains_paywalled_content":false,"_jetpack_memberships_contains_paid_content":false,"footnotes":"","jetpack_publicize_message":"","jetpack_publicize_feature_enabled":true,"jetpack_social_post_already_shared":true,"jetpack_social_options":{"image_generator_settings":{"template":"highway","default_image_id":0,"font":"","enabled":false},"version":2}},"categories":[114],"tags":[],"class_list":["post-107243","post","type-post","status-publish","format-standard","has-post-thumbnail","hentry","category-ecrits-de-jean-gabriel-perboyre"],"yoast_head":"<!-- This site is optimized with the Yoast SEO plugin v26.3 - https:\/\/yoast.com\/wordpress\/plugins\/seo\/ -->\n<title>Jean-Gabriel Perboyre, Lettre 065. A son Fr\u00e8re Antoine, au Puech - Nous Sommes Vincentiens<\/title>\n<meta name=\"robots\" content=\"index, follow, max-snippet:-1, max-image-preview:large, max-video-preview:-1\" \/>\n<link rel=\"canonical\" href=\"https:\/\/vincentians.com\/fr\/jean-gabriel-perboyre-lettre-065-a-son-frere-antoine-au-puech\/\" \/>\n<meta property=\"og:locale\" content=\"fr_FR\" \/>\n<meta property=\"og:type\" content=\"article\" \/>\n<meta property=\"og:title\" content=\"Jean-Gabriel Perboyre, Lettre 065. A son Fr\u00e8re Antoine, au Puech - Nous Sommes Vincentiens\" \/>\n<meta property=\"og:description\" content=\"Macao, le 13 septembre 1835. Mon tr\u00e8s cher fr\u00e8re, La gr\u00e2ce de N. S. soit toujours avec nous. La lettre que j\u2019\u00e9crivis \u00e0 Papa de Java vous apprenait que j\u2019\u00e9tais d\u00e9j\u00e0 parvenu plus loin que ... Read More\" \/>\n<meta property=\"og:url\" content=\"https:\/\/vincentians.com\/fr\/jean-gabriel-perboyre-lettre-065-a-son-frere-antoine-au-puech\/\" \/>\n<meta property=\"og:site_name\" content=\"Nous Sommes Vincentiens\" \/>\n<meta property=\"article:publisher\" content=\"https:\/\/www.facebook.com\/WeAreVincentians\/\" \/>\n<meta property=\"article:author\" content=\"https:\/\/www.facebook.com\/JavierChento\" \/>\n<meta property=\"article:published_time\" content=\"2017-10-01T02:00:58+00:00\" \/>\n<meta property=\"og:image\" content=\"https:\/\/i0.wp.com\/vincentians.com\/fr\/wp-content\/uploads\/sites\/10\/2016\/07\/cartas-perboyre.jpg?fit=1200%2C630&ssl=1\" \/>\n\t<meta property=\"og:image:width\" content=\"1200\" \/>\n\t<meta property=\"og:image:height\" content=\"630\" \/>\n\t<meta property=\"og:image:type\" content=\"image\/jpeg\" \/>\n<meta name=\"author\" content=\"Francisco Javier Fern\u00e1ndez Chento\" \/>\n<meta name=\"twitter:card\" content=\"summary_large_image\" \/>\n<meta name=\"twitter:creator\" content=\"@https:\/\/twitter.com\/javierchento\" \/>\n<meta name=\"twitter:site\" content=\"@WeVincentians\" \/>\n<meta name=\"twitter:label1\" content=\"\u00c9crit par\" \/>\n\t<meta name=\"twitter:data1\" content=\"Francisco Javier Fern\u00e1ndez Chento\" \/>\n\t<meta name=\"twitter:label2\" content=\"Dur\u00e9e de lecture estim\u00e9e\" \/>\n\t<meta name=\"twitter:data2\" content=\"2 minutes\" \/>\n<script type=\"application\/ld+json\" class=\"yoast-schema-graph\">{\"@context\":\"https:\/\/schema.org\",\"@graph\":[{\"@type\":\"WebPage\",\"@id\":\"https:\/\/vincentians.com\/fr\/jean-gabriel-perboyre-lettre-065-a-son-frere-antoine-au-puech\/\",\"url\":\"https:\/\/vincentians.com\/fr\/jean-gabriel-perboyre-lettre-065-a-son-frere-antoine-au-puech\/\",\"name\":\"Jean-Gabriel Perboyre, Lettre 065. A son Fr\u00e8re Antoine, au Puech - Nous Sommes Vincentiens\",\"isPartOf\":{\"@id\":\"http:\/\/vincentians.com\/fr\/#website\"},\"primaryImageOfPage\":{\"@id\":\"https:\/\/vincentians.com\/fr\/jean-gabriel-perboyre-lettre-065-a-son-frere-antoine-au-puech\/#primaryimage\"},\"image\":{\"@id\":\"https:\/\/vincentians.com\/fr\/jean-gabriel-perboyre-lettre-065-a-son-frere-antoine-au-puech\/#primaryimage\"},\"thumbnailUrl\":\"https:\/\/i0.wp.com\/vincentians.com\/fr\/wp-content\/uploads\/sites\/10\/2016\/07\/cartas-perboyre.jpg?fit=1200%2C630&ssl=1\",\"datePublished\":\"2017-10-01T02:00:58+00:00\",\"author\":{\"@id\":\"http:\/\/vincentians.com\/fr\/#\/schema\/person\/9623ef4d9aa3b2dfb8c061f1499288f2\"},\"breadcrumb\":{\"@id\":\"https:\/\/vincentians.com\/fr\/jean-gabriel-perboyre-lettre-065-a-son-frere-antoine-au-puech\/#breadcrumb\"},\"inLanguage\":\"fr-FR\",\"potentialAction\":[{\"@type\":\"ReadAction\",\"target\":[\"https:\/\/vincentians.com\/fr\/jean-gabriel-perboyre-lettre-065-a-son-frere-antoine-au-puech\/\"]}]},{\"@type\":\"ImageObject\",\"inLanguage\":\"fr-FR\",\"@id\":\"https:\/\/vincentians.com\/fr\/jean-gabriel-perboyre-lettre-065-a-son-frere-antoine-au-puech\/#primaryimage\",\"url\":\"https:\/\/i0.wp.com\/vincentians.com\/fr\/wp-content\/uploads\/sites\/10\/2016\/07\/cartas-perboyre.jpg?fit=1200%2C630&ssl=1\",\"contentUrl\":\"https:\/\/i0.wp.com\/vincentians.com\/fr\/wp-content\/uploads\/sites\/10\/2016\/07\/cartas-perboyre.jpg?fit=1200%2C630&ssl=1\",\"width\":1200,\"height\":630},{\"@type\":\"BreadcrumbList\",\"@id\":\"https:\/\/vincentians.com\/fr\/jean-gabriel-perboyre-lettre-065-a-son-frere-antoine-au-puech\/#breadcrumb\",\"itemListElement\":[{\"@type\":\"ListItem\",\"position\":1,\"name\":\"Portada\",\"item\":\"http:\/\/vincentians.com\/fr\/\"},{\"@type\":\"ListItem\",\"position\":2,\"name\":\"Jean-Gabriel Perboyre, Lettre 065. A son Fr\u00e8re Antoine, au Puech\"}]},{\"@type\":\"WebSite\",\"@id\":\"http:\/\/vincentians.com\/fr\/#website\",\"url\":\"http:\/\/vincentians.com\/fr\/\",\"name\":\"Nous Sommes Vincentiens\",\"description\":\"Know more to serve more\",\"potentialAction\":[{\"@type\":\"SearchAction\",\"target\":{\"@type\":\"EntryPoint\",\"urlTemplate\":\"http:\/\/vincentians.com\/fr\/?s={search_term_string}\"},\"query-input\":{\"@type\":\"PropertyValueSpecification\",\"valueRequired\":true,\"valueName\":\"search_term_string\"}}],\"inLanguage\":\"fr-FR\"},{\"@type\":\"Person\",\"@id\":\"http:\/\/vincentians.com\/fr\/#\/schema\/person\/9623ef4d9aa3b2dfb8c061f1499288f2\",\"name\":\"Francisco Javier Fern\u00e1ndez Chento\",\"image\":{\"@type\":\"ImageObject\",\"inLanguage\":\"fr-FR\",\"@id\":\"http:\/\/vincentians.com\/fr\/#\/schema\/person\/image\/\",\"url\":\"https:\/\/secure.gravatar.com\/avatar\/497d5cde87b4c3d097d0315953521681ba2cd523ee66e5077c3711f7021e65de?s=96&d=mm&r=g\",\"contentUrl\":\"https:\/\/secure.gravatar.com\/avatar\/497d5cde87b4c3d097d0315953521681ba2cd523ee66e5077c3711f7021e65de?s=96&d=mm&r=g\",\"caption\":\"Francisco Javier Fern\u00e1ndez Chento\"},\"description\":\"Director General y cofundador de La Red de Formaci\u00f3n Vicenciana. Javier es laico vicenciano, afiliado a la Congregaci\u00f3n de la Misi\u00f3n y miembro del Equipo de Misiones Populares de la provincia can\u00f3nica de Zaragoza (Espa\u00f1a) de la Congregaci\u00f3n de la Misi\u00f3n. Graduado en la Universidad Oberta de Catalunya con cuatro grados (Asistente de direcci\u00f3n, Gesti\u00f3n Administrativa, Recursos Humanos y Contabilidad Avanzada). Bil\u00edng\u00fce Espa\u00f1ol\/Ingl\u00e9s. gestiona y mantiene varias p\u00e1ginas web cristianas y vicencianas, incluida including La Red de Formaci\u00f3n Vicenciana, de la que es cofundador. Actualmente es responsable del \u00e1rea de Espa\u00f1ol de .famvin, la Red de Noticias de la Familia Vicenciana. Tambi\u00e9n es m\u00fasico cat\u00f3lico y ha editado varios discos. Es Director General y cofundador de Trovador, una reconocida compa\u00f1\u00eda discogr\u00e1fica critiana de Espa\u00f1a. Trabaja en las Tecnolog\u00edas de la Informaci\u00f3n, ofreciendo servicios de alojamiento, dise\u00f1o y mantenimiento Web, as\u00ed como asesoramiento, formaci\u00f3n y soluciones inform\u00e1ticas, gesti\u00f3n documental y digitalizaci\u00f3n de textos, edici\u00f3n y maquetaci\u00f3n de libros, revistas, flyers, etc.\",\"sameAs\":[\"http:\/\/chento.org\",\"https:\/\/www.facebook.com\/JavierChento\",\"https:\/\/x.com\/https:\/\/twitter.com\/javierchento\"],\"url\":\"https:\/\/vincentians.com\/fr\/author\/chento\/\"}]}<\/script>\n<!-- \/ Yoast SEO plugin. -->","yoast_head_json":{"title":"Jean-Gabriel Perboyre, Lettre 065. A son Fr\u00e8re Antoine, au Puech - Nous Sommes Vincentiens","robots":{"index":"index","follow":"follow","max-snippet":"max-snippet:-1","max-image-preview":"max-image-preview:large","max-video-preview":"max-video-preview:-1"},"canonical":"https:\/\/vincentians.com\/fr\/jean-gabriel-perboyre-lettre-065-a-son-frere-antoine-au-puech\/","og_locale":"fr_FR","og_type":"article","og_title":"Jean-Gabriel Perboyre, Lettre 065. A son Fr\u00e8re Antoine, au Puech - Nous Sommes Vincentiens","og_description":"Macao, le 13 septembre 1835. Mon tr\u00e8s cher fr\u00e8re, La gr\u00e2ce de N. S. soit toujours avec nous. La lettre que j\u2019\u00e9crivis \u00e0 Papa de Java vous apprenait que j\u2019\u00e9tais d\u00e9j\u00e0 parvenu plus loin que ... Read More","og_url":"https:\/\/vincentians.com\/fr\/jean-gabriel-perboyre-lettre-065-a-son-frere-antoine-au-puech\/","og_site_name":"Nous Sommes Vincentiens","article_publisher":"https:\/\/www.facebook.com\/WeAreVincentians\/","article_author":"https:\/\/www.facebook.com\/JavierChento","article_published_time":"2017-10-01T02:00:58+00:00","og_image":[{"width":1200,"height":630,"url":"https:\/\/i0.wp.com\/vincentians.com\/fr\/wp-content\/uploads\/sites\/10\/2016\/07\/cartas-perboyre.jpg?fit=1200%2C630&ssl=1","type":"image\/jpeg"}],"author":"Francisco Javier Fern\u00e1ndez Chento","twitter_card":"summary_large_image","twitter_creator":"@https:\/\/twitter.com\/javierchento","twitter_site":"@WeVincentians","twitter_misc":{"\u00c9crit par":"Francisco Javier Fern\u00e1ndez Chento","Dur\u00e9e de lecture estim\u00e9e":"2 minutes"},"schema":{"@context":"https:\/\/schema.org","@graph":[{"@type":"WebPage","@id":"https:\/\/vincentians.com\/fr\/jean-gabriel-perboyre-lettre-065-a-son-frere-antoine-au-puech\/","url":"https:\/\/vincentians.com\/fr\/jean-gabriel-perboyre-lettre-065-a-son-frere-antoine-au-puech\/","name":"Jean-Gabriel Perboyre, Lettre 065. A son Fr\u00e8re Antoine, au Puech - Nous Sommes Vincentiens","isPartOf":{"@id":"http:\/\/vincentians.com\/fr\/#website"},"primaryImageOfPage":{"@id":"https:\/\/vincentians.com\/fr\/jean-gabriel-perboyre-lettre-065-a-son-frere-antoine-au-puech\/#primaryimage"},"image":{"@id":"https:\/\/vincentians.com\/fr\/jean-gabriel-perboyre-lettre-065-a-son-frere-antoine-au-puech\/#primaryimage"},"thumbnailUrl":"https:\/\/i0.wp.com\/vincentians.com\/fr\/wp-content\/uploads\/sites\/10\/2016\/07\/cartas-perboyre.jpg?fit=1200%2C630&ssl=1","datePublished":"2017-10-01T02:00:58+00:00","author":{"@id":"http:\/\/vincentians.com\/fr\/#\/schema\/person\/9623ef4d9aa3b2dfb8c061f1499288f2"},"breadcrumb":{"@id":"https:\/\/vincentians.com\/fr\/jean-gabriel-perboyre-lettre-065-a-son-frere-antoine-au-puech\/#breadcrumb"},"inLanguage":"fr-FR","potentialAction":[{"@type":"ReadAction","target":["https:\/\/vincentians.com\/fr\/jean-gabriel-perboyre-lettre-065-a-son-frere-antoine-au-puech\/"]}]},{"@type":"ImageObject","inLanguage":"fr-FR","@id":"https:\/\/vincentians.com\/fr\/jean-gabriel-perboyre-lettre-065-a-son-frere-antoine-au-puech\/#primaryimage","url":"https:\/\/i0.wp.com\/vincentians.com\/fr\/wp-content\/uploads\/sites\/10\/2016\/07\/cartas-perboyre.jpg?fit=1200%2C630&ssl=1","contentUrl":"https:\/\/i0.wp.com\/vincentians.com\/fr\/wp-content\/uploads\/sites\/10\/2016\/07\/cartas-perboyre.jpg?fit=1200%2C630&ssl=1","width":1200,"height":630},{"@type":"BreadcrumbList","@id":"https:\/\/vincentians.com\/fr\/jean-gabriel-perboyre-lettre-065-a-son-frere-antoine-au-puech\/#breadcrumb","itemListElement":[{"@type":"ListItem","position":1,"name":"Portada","item":"http:\/\/vincentians.com\/fr\/"},{"@type":"ListItem","position":2,"name":"Jean-Gabriel Perboyre, Lettre 065. A son Fr\u00e8re Antoine, au Puech"}]},{"@type":"WebSite","@id":"http:\/\/vincentians.com\/fr\/#website","url":"http:\/\/vincentians.com\/fr\/","name":"Nous Sommes Vincentiens","description":"Know more to serve more","potentialAction":[{"@type":"SearchAction","target":{"@type":"EntryPoint","urlTemplate":"http:\/\/vincentians.com\/fr\/?s={search_term_string}"},"query-input":{"@type":"PropertyValueSpecification","valueRequired":true,"valueName":"search_term_string"}}],"inLanguage":"fr-FR"},{"@type":"Person","@id":"http:\/\/vincentians.com\/fr\/#\/schema\/person\/9623ef4d9aa3b2dfb8c061f1499288f2","name":"Francisco Javier Fern\u00e1ndez Chento","image":{"@type":"ImageObject","inLanguage":"fr-FR","@id":"http:\/\/vincentians.com\/fr\/#\/schema\/person\/image\/","url":"https:\/\/secure.gravatar.com\/avatar\/497d5cde87b4c3d097d0315953521681ba2cd523ee66e5077c3711f7021e65de?s=96&d=mm&r=g","contentUrl":"https:\/\/secure.gravatar.com\/avatar\/497d5cde87b4c3d097d0315953521681ba2cd523ee66e5077c3711f7021e65de?s=96&d=mm&r=g","caption":"Francisco Javier Fern\u00e1ndez Chento"},"description":"Director General y cofundador de La Red de Formaci\u00f3n Vicenciana. Javier es laico vicenciano, afiliado a la Congregaci\u00f3n de la Misi\u00f3n y miembro del Equipo de Misiones Populares de la provincia can\u00f3nica de Zaragoza (Espa\u00f1a) de la Congregaci\u00f3n de la Misi\u00f3n. Graduado en la Universidad Oberta de Catalunya con cuatro grados (Asistente de direcci\u00f3n, Gesti\u00f3n Administrativa, Recursos Humanos y Contabilidad Avanzada). Bil\u00edng\u00fce Espa\u00f1ol\/Ingl\u00e9s. gestiona y mantiene varias p\u00e1ginas web cristianas y vicencianas, incluida including La Red de Formaci\u00f3n Vicenciana, de la que es cofundador. Actualmente es responsable del \u00e1rea de Espa\u00f1ol de .famvin, la Red de Noticias de la Familia Vicenciana. Tambi\u00e9n es m\u00fasico cat\u00f3lico y ha editado varios discos. Es Director General y cofundador de Trovador, una reconocida compa\u00f1\u00eda discogr\u00e1fica critiana de Espa\u00f1a. Trabaja en las Tecnolog\u00edas de la Informaci\u00f3n, ofreciendo servicios de alojamiento, dise\u00f1o y mantenimiento Web, as\u00ed como asesoramiento, formaci\u00f3n y soluciones inform\u00e1ticas, gesti\u00f3n documental y digitalizaci\u00f3n de textos, edici\u00f3n y maquetaci\u00f3n de libros, revistas, flyers, etc.","sameAs":["http:\/\/chento.org","https:\/\/www.facebook.com\/JavierChento","https:\/\/x.com\/https:\/\/twitter.com\/javierchento"],"url":"https:\/\/vincentians.com\/fr\/author\/chento\/"}]}},"jetpack_publicize_connections":[],"jetpack_featured_media_url":"https:\/\/i0.wp.com\/vincentians.com\/fr\/wp-content\/uploads\/sites\/10\/2016\/07\/cartas-perboyre.jpg?fit=1200%2C630&ssl=1","jetpack_sharing_enabled":true,"jetpack_shortlink":"https:\/\/wp.me\/p7ETMP-rTJ","jetpack-related-posts":[{"id":107242,"url":"https:\/\/vincentians.com\/fr\/jean-gabriel-perboyre-lettre-066-frere-jacques-paris\/","url_meta":{"origin":107243,"position":0},"title":"Jean-Gabriel Perboyre, Lettre 066. A son Fr\u00e8re Jacques, \u00e0 Paris","author":"Francisco Javier Fern\u00e1ndez Chento","date":"08\/10\/2017","format":false,"excerpt":"Macao, le 14 Septembre 1835. Mon tr\u00e8s cher fr\u00e8re, La gr\u00e2ce de N. S. soit toujours avec nous. N\u2019ayant qu\u2019un instant pour \u00e9crire, r\u00e9signez-vous \u00e0 n\u2019avoir que deux lignes pour cette fois. Ne vous suffit-il pas d\u2019apprendre que depuis que je vous ai \u00e9crit de Batavia, le Bon Dieu a\u2026","rel":"","context":"Dans &quot;\u00c9crits de Jean-Gabriel Perboyre&quot;","block_context":{"text":"\u00c9crits de Jean-Gabriel Perboyre","link":"https:\/\/vincentians.com\/fr\/category\/ecrits-de-jean-gabriel-perboyre\/"},"img":{"alt_text":"","src":"https:\/\/i0.wp.com\/vincentians.com\/fr\/wp-content\/uploads\/sites\/10\/2016\/07\/cartas-perboyre.jpg?fit=1200%2C630&ssl=1&resize=350%2C200","width":350,"height":200,"srcset":"https:\/\/i0.wp.com\/vincentians.com\/fr\/wp-content\/uploads\/sites\/10\/2016\/07\/cartas-perboyre.jpg?fit=1200%2C630&ssl=1&resize=350%2C200 1x, https:\/\/i0.wp.com\/vincentians.com\/fr\/wp-content\/uploads\/sites\/10\/2016\/07\/cartas-perboyre.jpg?fit=1200%2C630&ssl=1&resize=525%2C300 1.5x, https:\/\/i0.wp.com\/vincentians.com\/fr\/wp-content\/uploads\/sites\/10\/2016\/07\/cartas-perboyre.jpg?fit=1200%2C630&ssl=1&resize=700%2C400 2x, https:\/\/i0.wp.com\/vincentians.com\/fr\/wp-content\/uploads\/sites\/10\/2016\/07\/cartas-perboyre.jpg?fit=1200%2C630&ssl=1&resize=1050%2C600 3x"},"classes":[]},{"id":190686,"url":"https:\/\/vincentians.com\/fr\/jean-gabriel-perboyre-lettre-071-frere-jacques-paris\/","url_meta":{"origin":107243,"position":1},"title":"Jean-Gabriel Perboyre, Lettre 071. A son Fr\u00e8re Jacques, \u00e0 Paris","author":"Francisco Javier Fern\u00e1ndez Chento","date":"12\/11\/2017","format":false,"excerpt":"[Macao, 21 d\u00e9cembre 1835] [Mon tr\u00e8s cher Fr\u00e8re,] Il faut que je me h\u00e2te de vous donner de mes nouvelles, pour ne pas vous en priver pendant trop longtemps. Aujourd\u2019hui je m\u2019embarque pour me rendre dans l\u2019int\u00e9rieur de la Chine, o\u00f9 je n\u2019aurai r\u00e9guli\u00e8rement des occasions pour Macao, et, par\u2026","rel":"","context":"Dans &quot;\u00c9crits de Jean-Gabriel Perboyre&quot;","block_context":{"text":"\u00c9crits de Jean-Gabriel Perboyre","link":"https:\/\/vincentians.com\/fr\/category\/ecrits-de-jean-gabriel-perboyre\/"},"img":{"alt_text":"","src":"https:\/\/i0.wp.com\/vincentians.com\/fr\/wp-content\/uploads\/sites\/10\/2016\/07\/cartas-perboyre.jpg?fit=1200%2C630&ssl=1&resize=350%2C200","width":350,"height":200,"srcset":"https:\/\/i0.wp.com\/vincentians.com\/fr\/wp-content\/uploads\/sites\/10\/2016\/07\/cartas-perboyre.jpg?fit=1200%2C630&ssl=1&resize=350%2C200 1x, https:\/\/i0.wp.com\/vincentians.com\/fr\/wp-content\/uploads\/sites\/10\/2016\/07\/cartas-perboyre.jpg?fit=1200%2C630&ssl=1&resize=525%2C300 1.5x, https:\/\/i0.wp.com\/vincentians.com\/fr\/wp-content\/uploads\/sites\/10\/2016\/07\/cartas-perboyre.jpg?fit=1200%2C630&ssl=1&resize=700%2C400 2x, https:\/\/i0.wp.com\/vincentians.com\/fr\/wp-content\/uploads\/sites\/10\/2016\/07\/cartas-perboyre.jpg?fit=1200%2C630&ssl=1&resize=1050%2C600 3x"},"classes":[]},{"id":107244,"url":"https:\/\/vincentians.com\/fr\/jean-gabriel-perboyre-lettre-064-a-son-oncle-a-montauban\/","url_meta":{"origin":107243,"position":2},"title":"Jean-Gabriel Perboyre, Lettre 064. A son Oncle, \u00e0 Montauban","author":"Francisco Javier Fern\u00e1ndez Chento","date":"24\/09\/2017","format":false,"excerpt":"Macao le 13 septembre 1835. Mon tr\u00e8s cher oncle, La gr\u00e2ce de N.S. soit toujours avec nous. Si, comme je l\u2019esp\u00e8re, vous avez re\u00e7u la lettre que je vous ai \u00e9crite de Surabaya vers la fin de juillet, elle vous aura d\u00e9li\u00advr\u00e9 de toute inqui\u00e9tude relativement \u00e0 ma travers\u00e9e, qui\u2026","rel":"","context":"Dans &quot;\u00c9crits de Jean-Gabriel Perboyre&quot;","block_context":{"text":"\u00c9crits de Jean-Gabriel Perboyre","link":"https:\/\/vincentians.com\/fr\/category\/ecrits-de-jean-gabriel-perboyre\/"},"img":{"alt_text":"","src":"https:\/\/i0.wp.com\/vincentians.com\/fr\/wp-content\/uploads\/sites\/10\/2016\/07\/cartas-perboyre.jpg?fit=1200%2C630&ssl=1&resize=350%2C200","width":350,"height":200,"srcset":"https:\/\/i0.wp.com\/vincentians.com\/fr\/wp-content\/uploads\/sites\/10\/2016\/07\/cartas-perboyre.jpg?fit=1200%2C630&ssl=1&resize=350%2C200 1x, https:\/\/i0.wp.com\/vincentians.com\/fr\/wp-content\/uploads\/sites\/10\/2016\/07\/cartas-perboyre.jpg?fit=1200%2C630&ssl=1&resize=525%2C300 1.5x, https:\/\/i0.wp.com\/vincentians.com\/fr\/wp-content\/uploads\/sites\/10\/2016\/07\/cartas-perboyre.jpg?fit=1200%2C630&ssl=1&resize=700%2C400 2x, https:\/\/i0.wp.com\/vincentians.com\/fr\/wp-content\/uploads\/sites\/10\/2016\/07\/cartas-perboyre.jpg?fit=1200%2C630&ssl=1&resize=1050%2C600 3x"},"classes":[]},{"id":107249,"url":"https:\/\/vincentians.com\/fr\/jean-gabriel-perboyre-lettre-057-a-son-oncle-a-montauban\/","url_meta":{"origin":107243,"position":3},"title":"Jean-Gabriel Perboyre, Lettre 057. A son Oncle, \u00e0 Montauban","author":"Francisco Javier Fern\u00e1ndez Chento","date":"06\/08\/2017","format":false,"excerpt":"Le Havre, 18 mars 1835. Mon tr\u00e8s cher oncle, Me voici au Havre depuis avant-hier au soir. Nous avions besoin d\u2019\u00eatre ici quelque temps avant l\u2019embarquement pour faire nos petits pr\u00e9paratifs. Notre navire, l\u2019Edmond, est d\u00e9j\u00e0 charg\u00e9 et on n\u2019attend plus pour se mettre en mer que le moment o\u00f9\u2026","rel":"","context":"Dans &quot;\u00c9crits de Jean-Gabriel Perboyre&quot;","block_context":{"text":"\u00c9crits de Jean-Gabriel Perboyre","link":"https:\/\/vincentians.com\/fr\/category\/ecrits-de-jean-gabriel-perboyre\/"},"img":{"alt_text":"","src":"https:\/\/i0.wp.com\/vincentians.com\/fr\/wp-content\/uploads\/sites\/10\/2016\/07\/cartas-perboyre.jpg?fit=1200%2C630&ssl=1&resize=350%2C200","width":350,"height":200,"srcset":"https:\/\/i0.wp.com\/vincentians.com\/fr\/wp-content\/uploads\/sites\/10\/2016\/07\/cartas-perboyre.jpg?fit=1200%2C630&ssl=1&resize=350%2C200 1x, https:\/\/i0.wp.com\/vincentians.com\/fr\/wp-content\/uploads\/sites\/10\/2016\/07\/cartas-perboyre.jpg?fit=1200%2C630&ssl=1&resize=525%2C300 1.5x, https:\/\/i0.wp.com\/vincentians.com\/fr\/wp-content\/uploads\/sites\/10\/2016\/07\/cartas-perboyre.jpg?fit=1200%2C630&ssl=1&resize=700%2C400 2x, https:\/\/i0.wp.com\/vincentians.com\/fr\/wp-content\/uploads\/sites\/10\/2016\/07\/cartas-perboyre.jpg?fit=1200%2C630&ssl=1&resize=1050%2C600 3x"},"classes":[]},{"id":105354,"url":"https:\/\/vincentians.com\/fr\/jean-gabriel-perboyre-lettre-045-a-jean-baptiste-torrette-c-m-a-macao\/","url_meta":{"origin":107243,"position":4},"title":"Jean-Gabriel Perboyre, Lettre 045. A Jean-Baptiste Torrette, C.M., \u00e0 Macao","author":"Francisco Javier Fern\u00e1ndez Chento","date":"14\/05\/2017","format":false,"excerpt":"Monsieur et tr\u00e8s cher confr\u00e8re, La gr\u00e2ce de N. S. soit toujours avec nous. Un jour que nous aimions, M.\u00a0Martin et moi, \u00e0 nous rappeler que nous avions \u00e9t\u00e9 ordonn\u00e9s pr\u00eatres avec vous, nous conv\u00eenmes que nous vous enverrions un petit souvenir. J\u2019ai pens\u00e9 que vous liriez avec plaisir les\u2026","rel":"","context":"Dans &quot;\u00c9crits de Jean-Gabriel Perboyre&quot;","block_context":{"text":"\u00c9crits de Jean-Gabriel Perboyre","link":"https:\/\/vincentians.com\/fr\/category\/ecrits-de-jean-gabriel-perboyre\/"},"img":{"alt_text":"","src":"https:\/\/i0.wp.com\/vincentians.com\/fr\/wp-content\/uploads\/sites\/10\/2016\/07\/cartas-perboyre.jpg?fit=1200%2C630&ssl=1&resize=350%2C200","width":350,"height":200,"srcset":"https:\/\/i0.wp.com\/vincentians.com\/fr\/wp-content\/uploads\/sites\/10\/2016\/07\/cartas-perboyre.jpg?fit=1200%2C630&ssl=1&resize=350%2C200 1x, https:\/\/i0.wp.com\/vincentians.com\/fr\/wp-content\/uploads\/sites\/10\/2016\/07\/cartas-perboyre.jpg?fit=1200%2C630&ssl=1&resize=525%2C300 1.5x, https:\/\/i0.wp.com\/vincentians.com\/fr\/wp-content\/uploads\/sites\/10\/2016\/07\/cartas-perboyre.jpg?fit=1200%2C630&ssl=1&resize=700%2C400 2x, https:\/\/i0.wp.com\/vincentians.com\/fr\/wp-content\/uploads\/sites\/10\/2016\/07\/cartas-perboyre.jpg?fit=1200%2C630&ssl=1&resize=1050%2C600 3x"},"classes":[]},{"id":105038,"url":"https:\/\/vincentians.com\/fr\/jean-gabriel-perboyre-lettre-034-a-son-frere-antoine-au-puech\/","url_meta":{"origin":107243,"position":5},"title":"Jean-Gabriel Perboyre, Lettre 034. A son Fr\u00e8re Antoine, au Puech","author":"Francisco Javier Fern\u00e1ndez Chento","date":"26\/02\/2017","format":false,"excerpt":"Paris, 23 mars 1833. Mon tr\u00e8s cher fr\u00e8re, On dirait que vous boudez, tant on a de peine \u00e0 vous arracher une lettre. Voyons, \u00e9crivez-moi quelques mots. Dites-moi si vous avez tir\u00e9 au sort, si vous y \u00eates tomb\u00e9 ou non, quel parti vous avez pris pour ne pas devenir\u2026","rel":"","context":"Dans &quot;\u00c9crits de Jean-Gabriel Perboyre&quot;","block_context":{"text":"\u00c9crits de Jean-Gabriel Perboyre","link":"https:\/\/vincentians.com\/fr\/category\/ecrits-de-jean-gabriel-perboyre\/"},"img":{"alt_text":"","src":"https:\/\/i0.wp.com\/vincentians.com\/fr\/wp-content\/uploads\/sites\/10\/2016\/07\/cartas-perboyre.jpg?fit=1200%2C630&ssl=1&resize=350%2C200","width":350,"height":200,"srcset":"https:\/\/i0.wp.com\/vincentians.com\/fr\/wp-content\/uploads\/sites\/10\/2016\/07\/cartas-perboyre.jpg?fit=1200%2C630&ssl=1&resize=350%2C200 1x, https:\/\/i0.wp.com\/vincentians.com\/fr\/wp-content\/uploads\/sites\/10\/2016\/07\/cartas-perboyre.jpg?fit=1200%2C630&ssl=1&resize=525%2C300 1.5x, https:\/\/i0.wp.com\/vincentians.com\/fr\/wp-content\/uploads\/sites\/10\/2016\/07\/cartas-perboyre.jpg?fit=1200%2C630&ssl=1&resize=700%2C400 2x, https:\/\/i0.wp.com\/vincentians.com\/fr\/wp-content\/uploads\/sites\/10\/2016\/07\/cartas-perboyre.jpg?fit=1200%2C630&ssl=1&resize=1050%2C600 3x"},"classes":[]}],"_links":{"self":[{"href":"https:\/\/vincentians.com\/fr\/wp-json\/wp\/v2\/posts\/107243","targetHints":{"allow":["GET"]}}],"collection":[{"href":"https:\/\/vincentians.com\/fr\/wp-json\/wp\/v2\/posts"}],"about":[{"href":"https:\/\/vincentians.com\/fr\/wp-json\/wp\/v2\/types\/post"}],"author":[{"embeddable":true,"href":"https:\/\/vincentians.com\/fr\/wp-json\/wp\/v2\/users\/4"}],"replies":[{"embeddable":true,"href":"https:\/\/vincentians.com\/fr\/wp-json\/wp\/v2\/comments?post=107243"}],"version-history":[{"count":0,"href":"https:\/\/vincentians.com\/fr\/wp-json\/wp\/v2\/posts\/107243\/revisions"}],"wp:featuredmedia":[{"embeddable":true,"href":"https:\/\/vincentians.com\/fr\/wp-json\/wp\/v2\/media\/189778"}],"wp:attachment":[{"href":"https:\/\/vincentians.com\/fr\/wp-json\/wp\/v2\/media?parent=107243"}],"wp:term":[{"taxonomy":"category","embeddable":true,"href":"https:\/\/vincentians.com\/fr\/wp-json\/wp\/v2\/categories?post=107243"},{"taxonomy":"post_tag","embeddable":true,"href":"https:\/\/vincentians.com\/fr\/wp-json\/wp\/v2\/tags?post=107243"}],"curies":[{"name":"wp","href":"https:\/\/api.w.org\/{rel}","templated":true}]}}