{"id":107241,"date":"2017-09-10T04:00:58","date_gmt":"2017-09-10T02:00:58","guid":{"rendered":"http:\/\/vincentiens.org\/?p=107241"},"modified":"2016-08-11T21:54:19","modified_gmt":"2016-08-11T19:54:19","slug":"jean-gabriel-perboyre-lettre-062-a-dominique-salhorgne-superieur-general-a-paris","status":"publish","type":"post","link":"https:\/\/vincentians.com\/fr\/jean-gabriel-perboyre-lettre-062-a-dominique-salhorgne-superieur-general-a-paris\/","title":{"rendered":"Jean-Gabriel Perboyre, Lettre 062. A Dominique Salhorgne, Sup\u00e9rieur g\u00e9n\u00e9ral, \u00e0 Paris"},"content":{"rendered":"<p>Surabaya, le 25 juillet 1835.<\/p>\n<p>Monsieur et tr\u00e8s honor\u00e9 P\u00e8re,<\/p>\n<p>Votre b\u00e9n\u00e9diction, s\u2019il vous pla\u00eet\u00a0!<\/p>\n<p>Aussit\u00f4t apr\u00e8s notre arriv\u00e9e \u00e0 Batavia j\u2019ai profit\u00e9 du d\u00e9part d\u2019un navire hollandais pour vous envoyer de nos nouvelles. Si par hasard elles ne vous \u00e9taient point parvenues, la lettre que j\u2019adresse \u00e0 mon oncle pourrait y suppl\u00e9er. Je me bornerai dans celle-ci \u00e0 vous en donner de post\u00e9rieures.<\/p>\n<p>Comme j\u2019avais l\u2019honneur de vous l\u2019annoncer dans ma pr\u00e9c\u00e9dente, un de nos premiers soins fut d\u2019aller rendre nos devoirs \u00e0 M.\u00a0le Pr\u00e9fet apostolique qui nous accueillit tr\u00e8s bien. Il s\u2019empressa de nous donner les pouvoirs dont nous aurions besoin tant que nous serions cens\u00e9s \u00eatre sous sa juridiction.<\/p>\n<p>Les Messieurs des Missions \u00c9trang\u00e8res lui pr\u00e9sent\u00e8rent une lettre de leur sup\u00e9rieur avec un exemplaire reli\u00e9 des<i> Annales de la Propagation<\/i>. Quant \u00e0 nous, nous interpr\u00e9t\u00e2mes de vive voix vos sentiments\u00a0; et plus tard, M.\u00a0Gabet et moi, nous c\u00e9d\u00e2mes \u00e0 M.\u00a0le Pr\u00e9fet et \u00e0 M.\u00a0le Cur\u00e9, chez qui nous avions pass\u00e9 trois jours, nos deux beaux br\u00e9viaires, nous \u00e9tant aper\u00e7us que cela leur faisait plaisir.<\/p>\n<p>Le 2 juillet, nous pass\u00e2mes de l\u2019<i>Edmond<\/i> sur le <i>Royal-George<\/i>. Ce dernier \u00e9tant oblig\u00e9 aussi bien que le premier d\u2019aller charger \u00e0 Surabaya, ville situ\u00e9e \u00e0 l\u2019extr\u00e9mit\u00e9 orientale de Java\u00a0; nous sommes partis le 5 pour nous y rendre et nous sommes arriv\u00e9s le 14. Nous ferons l\u00e0 un s\u00e9jour d\u2019environ un mois. Ensuite revenant sur nos pas, nous irons doubler \u00e0 l\u2019ouest l\u2019\u00eele Born\u00e9o. Vous voyez, M.\u00a0et tr\u00e8s honor\u00e9 P\u00e8re, que tout cela nous retarde beaucoup. Nous ne devons pas passer par Manille. Cependant nous n\u2019arriverons peut-\u00eatre pas \u00e0 Macao avant la mi-septembre.<\/p>\n<p>Derni\u00e8rement j\u2019ai \u00e9crit par l\u2019occasion d\u2019une jonque chinoise \u00e0 M.\u00a0Torrette pour lui annoncer notre future arriv\u00e9e. La sant\u00e9 de nous tous continue \u00e0 prosp\u00e9rer.<\/p>\n<p>Quoique au milieu d\u2019h\u00e9r\u00e9tiques, nous sommes fort bien \u00e0 bord du <i>Royal-George<\/i>, o\u00f9 nous sommes si bien log\u00e9s que nous pouvons travailler presque aussi commod\u00e9ment que dans un s\u00e9minaire. Nous utilisons donc de notre mieux le temps que la Providence nous m\u00e9nage. Nous n\u2019allons \u00e0 terre que le dimanche, parce que l\u2019\u00e9glise<span id='easy-footnote-1-107241' class='easy-footnote-margin-adjust'><\/span><span class='easy-footnote'><a href='https:\/\/vincentians.com\/fr\/jean-gabriel-perboyre-lettre-062-a-dominique-salhorgne-superieur-general-a-paris\/#easy-footnote-bottom-1-107241' title='L\u2019\u00e9glise de Sourabaya fut construite en 1822 par le cur\u00e9 Waanders, pr\u00eatre s\u00e9culier, et d\u00e9di\u00e9e \u00e0 la Sainte Vierge. Saint J.G. Perboyre y c\u00e9l\u00e9bra plusieurs fois la messe. En 1900 elle fut remplac\u00e9e par une nouvelle, plus belle et plus grande, construite par les PP. J\u00e9suites. \u2014 Vers 1835, Sourabaya comptait pr\u00e8s de 200 catholiques. (Note 1996\u00a0: Elle est desservie actuellement par les Lazaristes).'><sup>1<\/sup><\/a><\/span> est tr\u00e8s \u00e9loign\u00e9e de la rade et d\u2019ailleurs elle est rarement ouverte pendant la semaine.<\/p>\n<p>Dimanche dernier nous nous estim\u00e2mes fort heureux de pouvoir, en c\u00e9l\u00e9brant la sainte messe ou en entendant plusieurs, attirer sur nous quelques-unes des gr\u00e2ces dont Dieu se pla\u00eet \u00e0 inonder les enfants de saint Vincent le jour de sa f\u00eate.<\/p>\n<p>Mes deux bons confr\u00e8res sont toujours tr\u00e8s attach\u00e9s \u00e0 leur vocation.<\/p>\n<p>Nous avons fait blanchir notre linge, moyennant quatre piastres, par des Malais dont nous avons \u00e9t\u00e9 parfaitement satisfaits.<\/p>\n<p>Les Malais forment la presque totalit\u00e9 de la population de Java et de plusieurs autres \u00eeles environnantes. Ils sont moiti\u00e9 nus pour la plupart. Ayant la peau cuivr\u00e9e, ils tiennent comme le milieu entre les blancs et les noirs. Ils m\u00e8nent une vie dure et pauvre. La p\u00eache est la principale occupation de ceux qui vivent sur les c\u00f4tes. Leur langue est douce et facile \u00e0 apprendre. Ils professent le mahom\u00e9tisme et se font circoncire. Pour les convertir il faudrait se rendre semblable \u00e0 eux. Pos\u00e9 cette condition, je crois qu\u2019on en gagnerait beaucoup \u00e0 la vraie religion. Ici malheureusement, comme cela est arriv\u00e9 en g\u00e9n\u00e9ral dans les autres colonies, la conduite des Europ\u00e9ens a donn\u00e9 une tr\u00e8s fausse id\u00e9e du christianisme aux naturels du pays. Parlez au Malais de se faire chr\u00e9tien, il r\u00e9pond qu\u2019il n\u2019est pas assez riche pour vivre en grand seigneur.<\/p>\n<p>En effet, un europ\u00e9en, tel est l\u2019empire du pr\u00e9jug\u00e9 introduit par l\u2019orgueil et l\u2019esprit de domination, ne peut ni aller \u00e0 pied, ni faire aucune \u0153uvre servile, sans se d\u00e9shonorer. Chaque europ\u00e9en a chez lui une troupe plus ou moins grande de Malais qui le servent et qu\u2019il traite comme des hommes d\u2019une autre esp\u00e8ce que lui. Je n\u2019avais jamais si bien senti la diff\u00e9rence du <i>servus<\/i> pa\u00efen et du <i>domesticus<\/i> chr\u00e9tien. Pourvu qu\u2019ils restent serfs, il importe assez peu au gouvernement hollandais qu\u2019ils deviennent catholiques ou protestants. Mais il n\u2019entretient que quatre pr\u00eatres pour toutes ses possessions des Indes. Ces quatre respectables eccl\u00e9siastiques sont M.\u00a0le Pr\u00e9fet apostolique, M.\u00a0le cur\u00e9 de Batavia, celui de Samaran et celui de Surabaya<span id='easy-footnote-2-107241' class='easy-footnote-margin-adjust'><\/span><span class='easy-footnote'><a href='https:\/\/vincentians.com\/fr\/jean-gabriel-perboyre-lettre-062-a-dominique-salhorgne-superieur-general-a-paris\/#easy-footnote-bottom-2-107241' title='En 1835, le Pr\u00e9fet apostolique de Java \u00e9tait J. H. Scholten (Pr\u00e9fet de 1831 \u00e0 1842)\u00a0; le cur\u00e9 de Batavia, Nicolas Vredevelt\u00a0; le cur\u00e9 de Samaran, Arnold Grube\u00a0; le cur\u00e9 de Sourabaya, Adrien Thijssen.'><sup>2<\/sup><\/a><\/span>, qui non seulement ne sortent pas de Java, mais encore qui sont oblig\u00e9s de r\u00e9sider dans leur paroisse o\u00f9 se concentre leur minist\u00e8re pour un petit nombre de catholiques europ\u00e9ens, qui du reste la plupart n\u2019en profitent pas beaucoup.<\/p>\n<p>M.\u00a0le Pr\u00e9fet apostolique, qui seul pourrait s\u2019absenter, est encore beaucoup emp\u00each\u00e9 par sa position politique. Ainsi de nouveaux hommes apostoliques trouveront encore parmi les Malais un vaste champ \u00e0 leur z\u00e8le<span id='easy-footnote-3-107241' class='easy-footnote-margin-adjust'><\/span><span class='easy-footnote'><a href='https:\/\/vincentians.com\/fr\/jean-gabriel-perboyre-lettre-062-a-dominique-salhorgne-superieur-general-a-paris\/#easy-footnote-bottom-3-107241' title='Ce n\u2019est pas que l\u2019\u00e9vang\u00e9lisation des Indes Neerlandaises n\u2019ait jamais \u00e9t\u00e9 entreprise. Les J\u00e9suites y arriv\u00e8rent en 1546, suivis plus tard par les Franciscains et les Dominicains\u00a0; mais sous la domination hollandaise ils durent quitter les \u00eeles. De 1808 \u00e0 1859 il y eut quelques pr\u00eatres s\u00e9culiers\u00a0; en 1859 les J\u00e9suites revinrent. \u2014 En 1923 les PP. J\u00e9suites c\u00e9d\u00e8rent aux Lazaristes Sourabaya, qui devint mission ind\u00e9pendante, et en 1928, fut \u00e9rig\u00e9e en Pr\u00e9fecture apostolique. \u2014 Les renseignements ci-dessus ont \u00e9t\u00e9 communiqu\u00e9s par Mgr Michel Verh\u0153ks, C.M., Pr\u00e9fet apostolique de Sourabaya.'><sup>3<\/sup><\/a><\/span>.<\/p>\n<p>M.\u00a0le Pr\u00e9fet apostolique a donn\u00e9 aux Messieurs des Missions \u00e9trang\u00e8res pouvoir d\u2019aller d\u00e9fricher les grandes \u00eeles de Sumatra, de Born\u00e9o, des C\u00e9l\u00e8bes, \u00e0 la seule condition qu\u2019ils lui pr\u00e9senteront tous les ans un \u00e9tat de tout ce qui s\u2019y sera fait. Il serait \u00e0 souhaiter que leur maison de Paris p\u00fbt s\u2019en charger. <i>Messis quidem multa, operarii autem pauci<\/i>. Cette v\u00e9rit\u00e9 ne nous frappera pas moins parmi les vastes provinces de la Chine, quand nous y serons.<\/p>\n<p>En attendant nous avons la confiance que nos confr\u00e8res et nos s\u0153urs, dont le souvenir nous est cher \u00e0 tant de titres, ne cesseront de demander \u00e0 Dieu qu\u2019il nous rende des ouvriers selon son c\u0153ur. Nous esp\u00e9rons aussi que vous voudrez bien nous donner part \u00e0 vos pri\u00e8res et saints sacrifices, en union desquels, je suis dans les sentiments du plus profond respect, Monsieur et tr\u00e8s honor\u00e9 P\u00e8re,<\/p>\n<p>Votre tr\u00e8s soumis et tr\u00e8s ob\u00e9issant enfant,<\/p>\n<p>J.G. Perboyre i. p. d. l. m.<\/p>\n<p><em><b>Lettre 62.<\/b> \u2014 Maison-M\u00e8re, original 50.<\/em><\/p>\n","protected":false},"excerpt":{"rendered":"<p>Surabaya, le 25 juillet 1835. Monsieur et tr\u00e8s honor\u00e9 P\u00e8re, Votre b\u00e9n\u00e9diction, s\u2019il vous pla\u00eet\u00a0! Aussit\u00f4t apr\u00e8s notre arriv\u00e9e \u00e0 Batavia j\u2019ai profit\u00e9 du d\u00e9part d\u2019un navire hollandais pour vous envoyer de nos nouvelles. Si &#8230; <a href=\"https:\/\/vincentians.com\/fr\/jean-gabriel-perboyre-lettre-062-a-dominique-salhorgne-superieur-general-a-paris\/\" class=\"more-link\">Read More<\/a><\/p>\n","protected":false},"author":4,"featured_media":189778,"comment_status":"open","ping_status":"open","sticky":false,"template":"","format":"standard","meta":{"jetpack_post_was_ever_published":false,"_jetpack_newsletter_access":"","_jetpack_dont_email_post_to_subs":false,"_jetpack_newsletter_tier_id":0,"_jetpack_memberships_contains_paywalled_content":false,"_jetpack_memberships_contains_paid_content":false,"footnotes":"","jetpack_publicize_message":"","jetpack_publicize_feature_enabled":true,"jetpack_social_post_already_shared":true,"jetpack_social_options":{"image_generator_settings":{"template":"highway","default_image_id":0,"font":"","enabled":false},"version":2}},"categories":[114],"tags":[],"class_list":["post-107241","post","type-post","status-publish","format-standard","has-post-thumbnail","hentry","category-ecrits-de-jean-gabriel-perboyre"],"yoast_head":"<!-- This site is optimized with the Yoast SEO plugin v26.3 - https:\/\/yoast.com\/wordpress\/plugins\/seo\/ -->\n<title>Jean-Gabriel Perboyre, Lettre 062. A Dominique Salhorgne, Sup\u00e9rieur g\u00e9n\u00e9ral, \u00e0 Paris - Nous Sommes Vincentiens<\/title>\n<meta name=\"robots\" content=\"index, follow, max-snippet:-1, max-image-preview:large, max-video-preview:-1\" \/>\n<link rel=\"canonical\" href=\"https:\/\/vincentians.com\/fr\/jean-gabriel-perboyre-lettre-062-a-dominique-salhorgne-superieur-general-a-paris\/\" \/>\n<meta property=\"og:locale\" content=\"fr_FR\" \/>\n<meta property=\"og:type\" content=\"article\" \/>\n<meta property=\"og:title\" content=\"Jean-Gabriel Perboyre, Lettre 062. A Dominique Salhorgne, Sup\u00e9rieur g\u00e9n\u00e9ral, \u00e0 Paris - Nous Sommes Vincentiens\" \/>\n<meta property=\"og:description\" content=\"Surabaya, le 25 juillet 1835. Monsieur et tr\u00e8s honor\u00e9 P\u00e8re, Votre b\u00e9n\u00e9diction, s\u2019il vous pla\u00eet\u00a0! Aussit\u00f4t apr\u00e8s notre arriv\u00e9e \u00e0 Batavia j\u2019ai profit\u00e9 du d\u00e9part d\u2019un navire hollandais pour vous envoyer de nos nouvelles. Si ... Read More\" \/>\n<meta property=\"og:url\" content=\"https:\/\/vincentians.com\/fr\/jean-gabriel-perboyre-lettre-062-a-dominique-salhorgne-superieur-general-a-paris\/\" \/>\n<meta property=\"og:site_name\" content=\"Nous Sommes Vincentiens\" \/>\n<meta property=\"article:publisher\" content=\"https:\/\/www.facebook.com\/WeAreVincentians\/\" \/>\n<meta property=\"article:author\" content=\"https:\/\/www.facebook.com\/JavierChento\" \/>\n<meta property=\"article:published_time\" content=\"2017-09-10T02:00:58+00:00\" \/>\n<meta property=\"og:image\" content=\"https:\/\/i0.wp.com\/vincentians.com\/fr\/wp-content\/uploads\/sites\/10\/2016\/07\/cartas-perboyre.jpg?fit=1200%2C630&ssl=1\" \/>\n\t<meta property=\"og:image:width\" content=\"1200\" \/>\n\t<meta property=\"og:image:height\" content=\"630\" \/>\n\t<meta property=\"og:image:type\" content=\"image\/jpeg\" \/>\n<meta name=\"author\" content=\"Francisco Javier Fern\u00e1ndez Chento\" \/>\n<meta name=\"twitter:card\" content=\"summary_large_image\" \/>\n<meta name=\"twitter:creator\" content=\"@https:\/\/twitter.com\/javierchento\" \/>\n<meta name=\"twitter:site\" content=\"@WeVincentians\" \/>\n<meta name=\"twitter:label1\" content=\"\u00c9crit par\" \/>\n\t<meta name=\"twitter:data1\" content=\"Francisco Javier Fern\u00e1ndez Chento\" \/>\n\t<meta name=\"twitter:label2\" content=\"Dur\u00e9e de lecture estim\u00e9e\" \/>\n\t<meta name=\"twitter:data2\" content=\"6 minutes\" \/>\n<script type=\"application\/ld+json\" class=\"yoast-schema-graph\">{\"@context\":\"https:\/\/schema.org\",\"@graph\":[{\"@type\":\"WebPage\",\"@id\":\"https:\/\/vincentians.com\/fr\/jean-gabriel-perboyre-lettre-062-a-dominique-salhorgne-superieur-general-a-paris\/\",\"url\":\"https:\/\/vincentians.com\/fr\/jean-gabriel-perboyre-lettre-062-a-dominique-salhorgne-superieur-general-a-paris\/\",\"name\":\"Jean-Gabriel Perboyre, Lettre 062. A Dominique Salhorgne, Sup\u00e9rieur g\u00e9n\u00e9ral, \u00e0 Paris - Nous Sommes Vincentiens\",\"isPartOf\":{\"@id\":\"http:\/\/vincentians.com\/fr\/#website\"},\"primaryImageOfPage\":{\"@id\":\"https:\/\/vincentians.com\/fr\/jean-gabriel-perboyre-lettre-062-a-dominique-salhorgne-superieur-general-a-paris\/#primaryimage\"},\"image\":{\"@id\":\"https:\/\/vincentians.com\/fr\/jean-gabriel-perboyre-lettre-062-a-dominique-salhorgne-superieur-general-a-paris\/#primaryimage\"},\"thumbnailUrl\":\"https:\/\/i0.wp.com\/vincentians.com\/fr\/wp-content\/uploads\/sites\/10\/2016\/07\/cartas-perboyre.jpg?fit=1200%2C630&ssl=1\",\"datePublished\":\"2017-09-10T02:00:58+00:00\",\"author\":{\"@id\":\"http:\/\/vincentians.com\/fr\/#\/schema\/person\/9623ef4d9aa3b2dfb8c061f1499288f2\"},\"breadcrumb\":{\"@id\":\"https:\/\/vincentians.com\/fr\/jean-gabriel-perboyre-lettre-062-a-dominique-salhorgne-superieur-general-a-paris\/#breadcrumb\"},\"inLanguage\":\"fr-FR\",\"potentialAction\":[{\"@type\":\"ReadAction\",\"target\":[\"https:\/\/vincentians.com\/fr\/jean-gabriel-perboyre-lettre-062-a-dominique-salhorgne-superieur-general-a-paris\/\"]}]},{\"@type\":\"ImageObject\",\"inLanguage\":\"fr-FR\",\"@id\":\"https:\/\/vincentians.com\/fr\/jean-gabriel-perboyre-lettre-062-a-dominique-salhorgne-superieur-general-a-paris\/#primaryimage\",\"url\":\"https:\/\/i0.wp.com\/vincentians.com\/fr\/wp-content\/uploads\/sites\/10\/2016\/07\/cartas-perboyre.jpg?fit=1200%2C630&ssl=1\",\"contentUrl\":\"https:\/\/i0.wp.com\/vincentians.com\/fr\/wp-content\/uploads\/sites\/10\/2016\/07\/cartas-perboyre.jpg?fit=1200%2C630&ssl=1\",\"width\":1200,\"height\":630},{\"@type\":\"BreadcrumbList\",\"@id\":\"https:\/\/vincentians.com\/fr\/jean-gabriel-perboyre-lettre-062-a-dominique-salhorgne-superieur-general-a-paris\/#breadcrumb\",\"itemListElement\":[{\"@type\":\"ListItem\",\"position\":1,\"name\":\"Portada\",\"item\":\"http:\/\/vincentians.com\/fr\/\"},{\"@type\":\"ListItem\",\"position\":2,\"name\":\"Jean-Gabriel Perboyre, Lettre 062. A Dominique Salhorgne, Sup\u00e9rieur g\u00e9n\u00e9ral, \u00e0 Paris\"}]},{\"@type\":\"WebSite\",\"@id\":\"http:\/\/vincentians.com\/fr\/#website\",\"url\":\"http:\/\/vincentians.com\/fr\/\",\"name\":\"Nous Sommes Vincentiens\",\"description\":\"Know more to serve more\",\"potentialAction\":[{\"@type\":\"SearchAction\",\"target\":{\"@type\":\"EntryPoint\",\"urlTemplate\":\"http:\/\/vincentians.com\/fr\/?s={search_term_string}\"},\"query-input\":{\"@type\":\"PropertyValueSpecification\",\"valueRequired\":true,\"valueName\":\"search_term_string\"}}],\"inLanguage\":\"fr-FR\"},{\"@type\":\"Person\",\"@id\":\"http:\/\/vincentians.com\/fr\/#\/schema\/person\/9623ef4d9aa3b2dfb8c061f1499288f2\",\"name\":\"Francisco Javier Fern\u00e1ndez Chento\",\"image\":{\"@type\":\"ImageObject\",\"inLanguage\":\"fr-FR\",\"@id\":\"http:\/\/vincentians.com\/fr\/#\/schema\/person\/image\/\",\"url\":\"https:\/\/secure.gravatar.com\/avatar\/497d5cde87b4c3d097d0315953521681ba2cd523ee66e5077c3711f7021e65de?s=96&d=mm&r=g\",\"contentUrl\":\"https:\/\/secure.gravatar.com\/avatar\/497d5cde87b4c3d097d0315953521681ba2cd523ee66e5077c3711f7021e65de?s=96&d=mm&r=g\",\"caption\":\"Francisco Javier Fern\u00e1ndez Chento\"},\"description\":\"Director General y cofundador de La Red de Formaci\u00f3n Vicenciana. Javier es laico vicenciano, afiliado a la Congregaci\u00f3n de la Misi\u00f3n y miembro del Equipo de Misiones Populares de la provincia can\u00f3nica de Zaragoza (Espa\u00f1a) de la Congregaci\u00f3n de la Misi\u00f3n. Graduado en la Universidad Oberta de Catalunya con cuatro grados (Asistente de direcci\u00f3n, Gesti\u00f3n Administrativa, Recursos Humanos y Contabilidad Avanzada). Bil\u00edng\u00fce Espa\u00f1ol\/Ingl\u00e9s. gestiona y mantiene varias p\u00e1ginas web cristianas y vicencianas, incluida including La Red de Formaci\u00f3n Vicenciana, de la que es cofundador. Actualmente es responsable del \u00e1rea de Espa\u00f1ol de .famvin, la Red de Noticias de la Familia Vicenciana. Tambi\u00e9n es m\u00fasico cat\u00f3lico y ha editado varios discos. Es Director General y cofundador de Trovador, una reconocida compa\u00f1\u00eda discogr\u00e1fica critiana de Espa\u00f1a. Trabaja en las Tecnolog\u00edas de la Informaci\u00f3n, ofreciendo servicios de alojamiento, dise\u00f1o y mantenimiento Web, as\u00ed como asesoramiento, formaci\u00f3n y soluciones inform\u00e1ticas, gesti\u00f3n documental y digitalizaci\u00f3n de textos, edici\u00f3n y maquetaci\u00f3n de libros, revistas, flyers, etc.\",\"sameAs\":[\"http:\/\/chento.org\",\"https:\/\/www.facebook.com\/JavierChento\",\"https:\/\/x.com\/https:\/\/twitter.com\/javierchento\"],\"url\":\"https:\/\/vincentians.com\/fr\/author\/chento\/\"}]}<\/script>\n<!-- \/ Yoast SEO plugin. -->","yoast_head_json":{"title":"Jean-Gabriel Perboyre, Lettre 062. A Dominique Salhorgne, Sup\u00e9rieur g\u00e9n\u00e9ral, \u00e0 Paris - Nous Sommes Vincentiens","robots":{"index":"index","follow":"follow","max-snippet":"max-snippet:-1","max-image-preview":"max-image-preview:large","max-video-preview":"max-video-preview:-1"},"canonical":"https:\/\/vincentians.com\/fr\/jean-gabriel-perboyre-lettre-062-a-dominique-salhorgne-superieur-general-a-paris\/","og_locale":"fr_FR","og_type":"article","og_title":"Jean-Gabriel Perboyre, Lettre 062. A Dominique Salhorgne, Sup\u00e9rieur g\u00e9n\u00e9ral, \u00e0 Paris - Nous Sommes Vincentiens","og_description":"Surabaya, le 25 juillet 1835. Monsieur et tr\u00e8s honor\u00e9 P\u00e8re, Votre b\u00e9n\u00e9diction, s\u2019il vous pla\u00eet\u00a0! Aussit\u00f4t apr\u00e8s notre arriv\u00e9e \u00e0 Batavia j\u2019ai profit\u00e9 du d\u00e9part d\u2019un navire hollandais pour vous envoyer de nos nouvelles. Si ... Read More","og_url":"https:\/\/vincentians.com\/fr\/jean-gabriel-perboyre-lettre-062-a-dominique-salhorgne-superieur-general-a-paris\/","og_site_name":"Nous Sommes Vincentiens","article_publisher":"https:\/\/www.facebook.com\/WeAreVincentians\/","article_author":"https:\/\/www.facebook.com\/JavierChento","article_published_time":"2017-09-10T02:00:58+00:00","og_image":[{"width":1200,"height":630,"url":"https:\/\/i0.wp.com\/vincentians.com\/fr\/wp-content\/uploads\/sites\/10\/2016\/07\/cartas-perboyre.jpg?fit=1200%2C630&ssl=1","type":"image\/jpeg"}],"author":"Francisco Javier Fern\u00e1ndez Chento","twitter_card":"summary_large_image","twitter_creator":"@https:\/\/twitter.com\/javierchento","twitter_site":"@WeVincentians","twitter_misc":{"\u00c9crit par":"Francisco Javier Fern\u00e1ndez Chento","Dur\u00e9e de lecture estim\u00e9e":"6 minutes"},"schema":{"@context":"https:\/\/schema.org","@graph":[{"@type":"WebPage","@id":"https:\/\/vincentians.com\/fr\/jean-gabriel-perboyre-lettre-062-a-dominique-salhorgne-superieur-general-a-paris\/","url":"https:\/\/vincentians.com\/fr\/jean-gabriel-perboyre-lettre-062-a-dominique-salhorgne-superieur-general-a-paris\/","name":"Jean-Gabriel Perboyre, Lettre 062. A Dominique Salhorgne, Sup\u00e9rieur g\u00e9n\u00e9ral, \u00e0 Paris - Nous Sommes Vincentiens","isPartOf":{"@id":"http:\/\/vincentians.com\/fr\/#website"},"primaryImageOfPage":{"@id":"https:\/\/vincentians.com\/fr\/jean-gabriel-perboyre-lettre-062-a-dominique-salhorgne-superieur-general-a-paris\/#primaryimage"},"image":{"@id":"https:\/\/vincentians.com\/fr\/jean-gabriel-perboyre-lettre-062-a-dominique-salhorgne-superieur-general-a-paris\/#primaryimage"},"thumbnailUrl":"https:\/\/i0.wp.com\/vincentians.com\/fr\/wp-content\/uploads\/sites\/10\/2016\/07\/cartas-perboyre.jpg?fit=1200%2C630&ssl=1","datePublished":"2017-09-10T02:00:58+00:00","author":{"@id":"http:\/\/vincentians.com\/fr\/#\/schema\/person\/9623ef4d9aa3b2dfb8c061f1499288f2"},"breadcrumb":{"@id":"https:\/\/vincentians.com\/fr\/jean-gabriel-perboyre-lettre-062-a-dominique-salhorgne-superieur-general-a-paris\/#breadcrumb"},"inLanguage":"fr-FR","potentialAction":[{"@type":"ReadAction","target":["https:\/\/vincentians.com\/fr\/jean-gabriel-perboyre-lettre-062-a-dominique-salhorgne-superieur-general-a-paris\/"]}]},{"@type":"ImageObject","inLanguage":"fr-FR","@id":"https:\/\/vincentians.com\/fr\/jean-gabriel-perboyre-lettre-062-a-dominique-salhorgne-superieur-general-a-paris\/#primaryimage","url":"https:\/\/i0.wp.com\/vincentians.com\/fr\/wp-content\/uploads\/sites\/10\/2016\/07\/cartas-perboyre.jpg?fit=1200%2C630&ssl=1","contentUrl":"https:\/\/i0.wp.com\/vincentians.com\/fr\/wp-content\/uploads\/sites\/10\/2016\/07\/cartas-perboyre.jpg?fit=1200%2C630&ssl=1","width":1200,"height":630},{"@type":"BreadcrumbList","@id":"https:\/\/vincentians.com\/fr\/jean-gabriel-perboyre-lettre-062-a-dominique-salhorgne-superieur-general-a-paris\/#breadcrumb","itemListElement":[{"@type":"ListItem","position":1,"name":"Portada","item":"http:\/\/vincentians.com\/fr\/"},{"@type":"ListItem","position":2,"name":"Jean-Gabriel Perboyre, Lettre 062. A Dominique Salhorgne, Sup\u00e9rieur g\u00e9n\u00e9ral, \u00e0 Paris"}]},{"@type":"WebSite","@id":"http:\/\/vincentians.com\/fr\/#website","url":"http:\/\/vincentians.com\/fr\/","name":"Nous Sommes Vincentiens","description":"Know more to serve more","potentialAction":[{"@type":"SearchAction","target":{"@type":"EntryPoint","urlTemplate":"http:\/\/vincentians.com\/fr\/?s={search_term_string}"},"query-input":{"@type":"PropertyValueSpecification","valueRequired":true,"valueName":"search_term_string"}}],"inLanguage":"fr-FR"},{"@type":"Person","@id":"http:\/\/vincentians.com\/fr\/#\/schema\/person\/9623ef4d9aa3b2dfb8c061f1499288f2","name":"Francisco Javier Fern\u00e1ndez Chento","image":{"@type":"ImageObject","inLanguage":"fr-FR","@id":"http:\/\/vincentians.com\/fr\/#\/schema\/person\/image\/","url":"https:\/\/secure.gravatar.com\/avatar\/497d5cde87b4c3d097d0315953521681ba2cd523ee66e5077c3711f7021e65de?s=96&d=mm&r=g","contentUrl":"https:\/\/secure.gravatar.com\/avatar\/497d5cde87b4c3d097d0315953521681ba2cd523ee66e5077c3711f7021e65de?s=96&d=mm&r=g","caption":"Francisco Javier Fern\u00e1ndez Chento"},"description":"Director General y cofundador de La Red de Formaci\u00f3n Vicenciana. Javier es laico vicenciano, afiliado a la Congregaci\u00f3n de la Misi\u00f3n y miembro del Equipo de Misiones Populares de la provincia can\u00f3nica de Zaragoza (Espa\u00f1a) de la Congregaci\u00f3n de la Misi\u00f3n. Graduado en la Universidad Oberta de Catalunya con cuatro grados (Asistente de direcci\u00f3n, Gesti\u00f3n Administrativa, Recursos Humanos y Contabilidad Avanzada). Bil\u00edng\u00fce Espa\u00f1ol\/Ingl\u00e9s. gestiona y mantiene varias p\u00e1ginas web cristianas y vicencianas, incluida including La Red de Formaci\u00f3n Vicenciana, de la que es cofundador. Actualmente es responsable del \u00e1rea de Espa\u00f1ol de .famvin, la Red de Noticias de la Familia Vicenciana. Tambi\u00e9n es m\u00fasico cat\u00f3lico y ha editado varios discos. Es Director General y cofundador de Trovador, una reconocida compa\u00f1\u00eda discogr\u00e1fica critiana de Espa\u00f1a. Trabaja en las Tecnolog\u00edas de la Informaci\u00f3n, ofreciendo servicios de alojamiento, dise\u00f1o y mantenimiento Web, as\u00ed como asesoramiento, formaci\u00f3n y soluciones inform\u00e1ticas, gesti\u00f3n documental y digitalizaci\u00f3n de textos, edici\u00f3n y maquetaci\u00f3n de libros, revistas, flyers, etc.","sameAs":["http:\/\/chento.org","https:\/\/www.facebook.com\/JavierChento","https:\/\/x.com\/https:\/\/twitter.com\/javierchento"],"url":"https:\/\/vincentians.com\/fr\/author\/chento\/"}]}},"jetpack_publicize_connections":[],"jetpack_featured_media_url":"https:\/\/i0.wp.com\/vincentians.com\/fr\/wp-content\/uploads\/sites\/10\/2016\/07\/cartas-perboyre.jpg?fit=1200%2C630&ssl=1","jetpack_sharing_enabled":true,"jetpack_shortlink":"https:\/\/wp.me\/p7ETMP-rTH","jetpack-related-posts":[{"id":104422,"url":"https:\/\/vincentians.com\/fr\/jean-gabriel-perboyre-lettre-013-a-son-frere-antoine-a-mongesty\/","url_meta":{"origin":107241,"position":0},"title":"Jean-Gabriel Perboyre, Lettre 013. A son Fr\u00e8re Antoine, \u00e0 Mongesty","author":"Francisco Javier Fern\u00e1ndez Chento","date":"02\/10\/2016","format":false,"excerpt":"Saint-Flour, le 19 juillet 1828. Je vous dirai, mon tr\u00e8s cher fr\u00e8re, que j\u2019ai \u00e9t\u00e9 tr\u00e8s content de votre lettre\u00a0; je n\u2019y ai remarqu\u00e9 que quelques fautes d\u2019orthographe que je vous pardonne bien volontiers. J\u2019userai toujours d\u2019indulgence pour vos lettres\u00a0; \u00e9crivez-m\u2019en souvent. Quant \u00e0 l\u2019invitation que vous me faites au\u2026","rel":"","context":"Dans &quot;\u00c9crits de Jean-Gabriel Perboyre&quot;","block_context":{"text":"\u00c9crits de Jean-Gabriel Perboyre","link":"https:\/\/vincentians.com\/fr\/category\/ecrits-de-jean-gabriel-perboyre\/"},"img":{"alt_text":"","src":"https:\/\/i0.wp.com\/vincentians.com\/fr\/wp-content\/uploads\/sites\/10\/2016\/07\/cartas-perboyre.jpg?fit=1200%2C630&ssl=1&resize=350%2C200","width":350,"height":200,"srcset":"https:\/\/i0.wp.com\/vincentians.com\/fr\/wp-content\/uploads\/sites\/10\/2016\/07\/cartas-perboyre.jpg?fit=1200%2C630&ssl=1&resize=350%2C200 1x, https:\/\/i0.wp.com\/vincentians.com\/fr\/wp-content\/uploads\/sites\/10\/2016\/07\/cartas-perboyre.jpg?fit=1200%2C630&ssl=1&resize=525%2C300 1.5x, https:\/\/i0.wp.com\/vincentians.com\/fr\/wp-content\/uploads\/sites\/10\/2016\/07\/cartas-perboyre.jpg?fit=1200%2C630&ssl=1&resize=700%2C400 2x, https:\/\/i0.wp.com\/vincentians.com\/fr\/wp-content\/uploads\/sites\/10\/2016\/07\/cartas-perboyre.jpg?fit=1200%2C630&ssl=1&resize=1050%2C600 3x"},"classes":[]},{"id":104426,"url":"https:\/\/vincentians.com\/fr\/jean-gabriel-perboyre-lettre-003-a-son-pere\/","url_meta":{"origin":107241,"position":1},"title":"Jean-Gabriel Perboyre, Lettre 003. A son P\u00e8re","author":"Francisco Javier Fern\u00e1ndez Chento","date":"21\/07\/2016","format":false,"excerpt":"Paris, le 20 janvier 1822. Mon tr\u00e8s cher p\u00e8re, Vous devez trouver \u00e9trange que j\u2019aie tant diff\u00e9r\u00e9 \u00e0 vous \u00e9crire. Il est vrai que le d\u00e9faut de commodit\u00e9 en est un peu cause\u00a0; mais ce n\u2019est pas la principale raison, et si je n\u2019en avais pas d\u2019autres, je me croirais\u2026","rel":"","context":"Dans &quot;\u00c9crits de Jean-Gabriel Perboyre&quot;","block_context":{"text":"\u00c9crits de Jean-Gabriel Perboyre","link":"https:\/\/vincentians.com\/fr\/category\/ecrits-de-jean-gabriel-perboyre\/"},"img":{"alt_text":"","src":"https:\/\/i0.wp.com\/vincentians.com\/fr\/wp-content\/uploads\/sites\/10\/2016\/07\/cartas-perboyre.jpg?fit=1200%2C630&ssl=1&resize=350%2C200","width":350,"height":200,"srcset":"https:\/\/i0.wp.com\/vincentians.com\/fr\/wp-content\/uploads\/sites\/10\/2016\/07\/cartas-perboyre.jpg?fit=1200%2C630&ssl=1&resize=350%2C200 1x, https:\/\/i0.wp.com\/vincentians.com\/fr\/wp-content\/uploads\/sites\/10\/2016\/07\/cartas-perboyre.jpg?fit=1200%2C630&ssl=1&resize=525%2C300 1.5x, https:\/\/i0.wp.com\/vincentians.com\/fr\/wp-content\/uploads\/sites\/10\/2016\/07\/cartas-perboyre.jpg?fit=1200%2C630&ssl=1&resize=700%2C400 2x, https:\/\/i0.wp.com\/vincentians.com\/fr\/wp-content\/uploads\/sites\/10\/2016\/07\/cartas-perboyre.jpg?fit=1200%2C630&ssl=1&resize=1050%2C600 3x"},"classes":[]},{"id":107171,"url":"https:\/\/vincentians.com\/fr\/jean-gabriel-perboyre-lettre-048-a-son-oncle-a-montauban\/","url_meta":{"origin":107241,"position":2},"title":"Jean-Gabriel Perboyre, Lettre 048. A son Oncle, \u00e0 Montauban","author":"Francisco Javier Fern\u00e1ndez Chento","date":"04\/06\/2017","format":false,"excerpt":"Paris, le 20 mai 1834. Mon tr\u00e8s cher oncle, Votre derni\u00e8re lettre pour mon cousin Gabriel doit \u00eatre arriv\u00e9e ce matin \u00e0 sa destination. M.\u00a0Gratacap a bien voulu se donner la peine de venir me voir aussit\u00f4t apr\u00e8s son arriv\u00e9e et m\u2019honorer plusieurs fois de ses visites. Comme c\u2019est aujourd\u2019hui\u2026","rel":"","context":"Dans &quot;\u00c9crits de Jean-Gabriel Perboyre&quot;","block_context":{"text":"\u00c9crits de Jean-Gabriel Perboyre","link":"https:\/\/vincentians.com\/fr\/category\/ecrits-de-jean-gabriel-perboyre\/"},"img":{"alt_text":"","src":"https:\/\/i0.wp.com\/vincentians.com\/fr\/wp-content\/uploads\/sites\/10\/2016\/07\/cartas-perboyre.jpg?fit=1200%2C630&ssl=1&resize=350%2C200","width":350,"height":200,"srcset":"https:\/\/i0.wp.com\/vincentians.com\/fr\/wp-content\/uploads\/sites\/10\/2016\/07\/cartas-perboyre.jpg?fit=1200%2C630&ssl=1&resize=350%2C200 1x, https:\/\/i0.wp.com\/vincentians.com\/fr\/wp-content\/uploads\/sites\/10\/2016\/07\/cartas-perboyre.jpg?fit=1200%2C630&ssl=1&resize=525%2C300 1.5x, https:\/\/i0.wp.com\/vincentians.com\/fr\/wp-content\/uploads\/sites\/10\/2016\/07\/cartas-perboyre.jpg?fit=1200%2C630&ssl=1&resize=700%2C400 2x, https:\/\/i0.wp.com\/vincentians.com\/fr\/wp-content\/uploads\/sites\/10\/2016\/07\/cartas-perboyre.jpg?fit=1200%2C630&ssl=1&resize=1050%2C600 3x"},"classes":[]},{"id":107177,"url":"https:\/\/vincentians.com\/fr\/jean-gabriel-perboyre-lettre-054-a-son-frere-antoine-au-puech\/","url_meta":{"origin":107241,"position":3},"title":"Jean-Gabriel Perboyre, Lettre 054. A son Fr\u00e8re Antoine, au Puech","author":"Francisco Javier Fern\u00e1ndez Chento","date":"16\/07\/2017","format":false,"excerpt":"Paris rue de S\u00e8vres n\u00b095 le 20 janvier 1835 Mon tr\u00e8s cher fr\u00e8re, La gr\u00e2ce de N. S. soit toujours avec nous. Je profite d\u2019une occasion que je rencontre pour vous donner de nos nouvelles. Nous nous portons fort bien tous les trois, Dieu merci. Nous vous souhaitons la bonne\u2026","rel":"","context":"Dans &quot;\u00c9crits de Jean-Gabriel Perboyre&quot;","block_context":{"text":"\u00c9crits de Jean-Gabriel Perboyre","link":"https:\/\/vincentians.com\/fr\/category\/ecrits-de-jean-gabriel-perboyre\/"},"img":{"alt_text":"","src":"https:\/\/i0.wp.com\/vincentians.com\/fr\/wp-content\/uploads\/sites\/10\/2016\/07\/cartas-perboyre.jpg?fit=1200%2C630&ssl=1&resize=350%2C200","width":350,"height":200,"srcset":"https:\/\/i0.wp.com\/vincentians.com\/fr\/wp-content\/uploads\/sites\/10\/2016\/07\/cartas-perboyre.jpg?fit=1200%2C630&ssl=1&resize=350%2C200 1x, https:\/\/i0.wp.com\/vincentians.com\/fr\/wp-content\/uploads\/sites\/10\/2016\/07\/cartas-perboyre.jpg?fit=1200%2C630&ssl=1&resize=525%2C300 1.5x, https:\/\/i0.wp.com\/vincentians.com\/fr\/wp-content\/uploads\/sites\/10\/2016\/07\/cartas-perboyre.jpg?fit=1200%2C630&ssl=1&resize=700%2C400 2x, https:\/\/i0.wp.com\/vincentians.com\/fr\/wp-content\/uploads\/sites\/10\/2016\/07\/cartas-perboyre.jpg?fit=1200%2C630&ssl=1&resize=1050%2C600 3x"},"classes":[]},{"id":104479,"url":"https:\/\/vincentians.com\/fr\/jean-gabriel-perboyre-lettre-027-a-son-cousin-a-montgesty\/","url_meta":{"origin":107241,"position":4},"title":"Jean-Gabriel Perboyre, Lettre 027. A son Cousin, \u00e0 Montgesty","author":"Francisco Javier Fern\u00e1ndez Chento","date":"08\/01\/2017","format":false,"excerpt":"Mon cher cousin, Vos lettres m\u2019ont fait un bien sensible plaisir. Je vous en remercie comme d\u2019autant de cadeaux. Je regrette que mes occupations ne m\u2019aient pas permis de vous r\u00e9pondre plus t\u00f4t et plus souvent. Maintenant nous sommes en vacances\u00a0; j\u2019allais vous \u00e9crire par la poste, si je n\u2019avais\u2026","rel":"","context":"Dans &quot;\u00c9crits de Jean-Gabriel Perboyre&quot;","block_context":{"text":"\u00c9crits de Jean-Gabriel Perboyre","link":"https:\/\/vincentians.com\/fr\/category\/ecrits-de-jean-gabriel-perboyre\/"},"img":{"alt_text":"","src":"https:\/\/i0.wp.com\/vincentians.com\/fr\/wp-content\/uploads\/sites\/10\/2016\/07\/cartas-perboyre.jpg?fit=1200%2C630&ssl=1&resize=350%2C200","width":350,"height":200,"srcset":"https:\/\/i0.wp.com\/vincentians.com\/fr\/wp-content\/uploads\/sites\/10\/2016\/07\/cartas-perboyre.jpg?fit=1200%2C630&ssl=1&resize=350%2C200 1x, https:\/\/i0.wp.com\/vincentians.com\/fr\/wp-content\/uploads\/sites\/10\/2016\/07\/cartas-perboyre.jpg?fit=1200%2C630&ssl=1&resize=525%2C300 1.5x, https:\/\/i0.wp.com\/vincentians.com\/fr\/wp-content\/uploads\/sites\/10\/2016\/07\/cartas-perboyre.jpg?fit=1200%2C630&ssl=1&resize=700%2C400 2x, https:\/\/i0.wp.com\/vincentians.com\/fr\/wp-content\/uploads\/sites\/10\/2016\/07\/cartas-perboyre.jpg?fit=1200%2C630&ssl=1&resize=1050%2C600 3x"},"classes":[]},{"id":107178,"url":"https:\/\/vincentians.com\/fr\/jean-gabriel-perboyre-lettre-053-a-son-oncle-a-montauban\/","url_meta":{"origin":107241,"position":5},"title":"Jean-Gabriel Perboyre, Lettre 053. A son Oncle, \u00e0 Montauban","author":"Francisco Javier Fern\u00e1ndez Chento","date":"09\/07\/2017","format":false,"excerpt":"Paris, le 3 janvier 1835. Mon tr\u00e8s cher oncle, Il y a quelques jours que je vous ai exp\u00e9di\u00e9 sous bande, par la poste, la circulaire de la nouvelle ann\u00e9e. Je pense que vous l\u2019aurez re\u00e7ue. J\u2019ai bien regrett\u00e9 de n\u2019avoir pas pu l\u2019accompagner d\u2019une lettre pour vous exprimer mes\u2026","rel":"","context":"Dans &quot;\u00c9crits de Jean-Gabriel Perboyre&quot;","block_context":{"text":"\u00c9crits de Jean-Gabriel Perboyre","link":"https:\/\/vincentians.com\/fr\/category\/ecrits-de-jean-gabriel-perboyre\/"},"img":{"alt_text":"","src":"https:\/\/i0.wp.com\/vincentians.com\/fr\/wp-content\/uploads\/sites\/10\/2016\/07\/cartas-perboyre.jpg?fit=1200%2C630&ssl=1&resize=350%2C200","width":350,"height":200,"srcset":"https:\/\/i0.wp.com\/vincentians.com\/fr\/wp-content\/uploads\/sites\/10\/2016\/07\/cartas-perboyre.jpg?fit=1200%2C630&ssl=1&resize=350%2C200 1x, https:\/\/i0.wp.com\/vincentians.com\/fr\/wp-content\/uploads\/sites\/10\/2016\/07\/cartas-perboyre.jpg?fit=1200%2C630&ssl=1&resize=525%2C300 1.5x, https:\/\/i0.wp.com\/vincentians.com\/fr\/wp-content\/uploads\/sites\/10\/2016\/07\/cartas-perboyre.jpg?fit=1200%2C630&ssl=1&resize=700%2C400 2x, https:\/\/i0.wp.com\/vincentians.com\/fr\/wp-content\/uploads\/sites\/10\/2016\/07\/cartas-perboyre.jpg?fit=1200%2C630&ssl=1&resize=1050%2C600 3x"},"classes":[]}],"_links":{"self":[{"href":"https:\/\/vincentians.com\/fr\/wp-json\/wp\/v2\/posts\/107241","targetHints":{"allow":["GET"]}}],"collection":[{"href":"https:\/\/vincentians.com\/fr\/wp-json\/wp\/v2\/posts"}],"about":[{"href":"https:\/\/vincentians.com\/fr\/wp-json\/wp\/v2\/types\/post"}],"author":[{"embeddable":true,"href":"https:\/\/vincentians.com\/fr\/wp-json\/wp\/v2\/users\/4"}],"replies":[{"embeddable":true,"href":"https:\/\/vincentians.com\/fr\/wp-json\/wp\/v2\/comments?post=107241"}],"version-history":[{"count":0,"href":"https:\/\/vincentians.com\/fr\/wp-json\/wp\/v2\/posts\/107241\/revisions"}],"wp:featuredmedia":[{"embeddable":true,"href":"https:\/\/vincentians.com\/fr\/wp-json\/wp\/v2\/media\/189778"}],"wp:attachment":[{"href":"https:\/\/vincentians.com\/fr\/wp-json\/wp\/v2\/media?parent=107241"}],"wp:term":[{"taxonomy":"category","embeddable":true,"href":"https:\/\/vincentians.com\/fr\/wp-json\/wp\/v2\/categories?post=107241"},{"taxonomy":"post_tag","embeddable":true,"href":"https:\/\/vincentians.com\/fr\/wp-json\/wp\/v2\/tags?post=107241"}],"curies":[{"name":"wp","href":"https:\/\/api.w.org\/{rel}","templated":true}]}}