{"id":107239,"date":"2017-08-27T04:00:58","date_gmt":"2017-08-27T02:00:58","guid":{"rendered":"http:\/\/vincentiens.org\/?p=107239"},"modified":"2016-08-11T21:54:18","modified_gmt":"2016-08-11T19:54:18","slug":"jean-gabriel-perboyre-lettre-060-a-jean-baptiste-torrette-c-m-a-macao","status":"publish","type":"post","link":"https:\/\/vincentians.com\/fr\/jean-gabriel-perboyre-lettre-060-a-jean-baptiste-torrette-c-m-a-macao\/","title":{"rendered":"Jean-Gabriel Perboyre, Lettre 060. A Jean-Baptiste Torrette, C.M., \u00e0 Macao"},"content":{"rendered":"<p>Surabaya, le 15 juillet 1835.<\/p>\n<p>Monsieur et tr\u00e8s cher confr\u00e8re,<\/p>\n<p>La gr\u00e2ce de N.S. soit toujours avec nous.<\/p>\n<p>Quoique j\u2019esp\u00e8re avoir dans peu le plaisir de vous embrasser, je profite de l\u2019occasion que nous offre le d\u00e9part d\u2019une jonque chinoise, pour vous pr\u00e9venir de l\u2019arriv\u00e9e pro-chaine chez vous de trois nouveaux missionnaires. L\u2019un d\u2019eux vous est d\u00e9j\u00e0 connu, puisque c\u2019est ce J.G. Perboyre qui a \u00e9t\u00e9 ordonn\u00e9 pr\u00eatre avec vous et qui a demeur\u00e9 \u00e0 Saint-Flour. Les deux autres sont deux jeunes confr\u00e8res qui n\u2019ont pas encore fait les v\u0153ux, mais qui feront deux bons missionnaires.<\/p>\n<p>Le premier est pr\u00eatre depuis dix-neuf mois et en a dix-sept de vocation. Il s\u2019appelle Gabet, du pays et ancien \u00e9l\u00e8ve de M.\u00a0Rameaux. Le deuxi\u00e8me, s\u2019appelle Perry, du dioc\u00e8se de Saint-Di\u00e9. Il a vingt-deux mois de vocation, mais il n\u2019est que diacre, son d\u00e9part n\u2019ayant pas \u00e9t\u00e9 d\u00e9cid\u00e9 assez t\u00f4t pour qu\u2019il f\u00fbt pr\u00eatre avant. Si nous fussions pass\u00e9 par Manille, o\u00f9 nous ne passerons pas, il y aurait \u00e9t\u00e9 ordonn\u00e9 avant de passer outre.<\/p>\n<p>Vous trouverez en nous trois dociles enfants, dispos\u00e9s \u00e0 tout.<\/p>\n<p>Pour moi en particulier tr\u00e8s heureux de combattre sous vos drapeaux, je me livre \u00e0 vous sans r\u00e9serve. Je travaillerai sous le confr\u00e8re que vous voudrez, j\u2019irai o\u00f9 vous voudrez, m\u00eame dans la Tartarie et au-del\u00e0. Ce sera assez que vous puissiez tirer de moi quelque parti.<\/p>\n<p>Il para\u00eet que nos sup\u00e9rieurs vous laissent pleinement libre sur la destination de votre pauvre serviteur.<\/p>\n<p>Nous nous portons bien tous les trois. J\u2019ai beaucoup de lettres pour vous et les autres confr\u00e8res de Chine, mais comme je ne sais si l\u2019occasion est assez s\u00fbre, je les garde. Il n\u2019y avait rien de bien neuf \u00e0 notre d\u00e9part ni \u00e0 Paris, ni \u00e0 Saint-Flour. On avait re\u00e7u vos d\u00e9p\u00eaches de septembre ou octobre.<\/p>\n<p>Nous sommes partis du Havre le 21 mars, sur l\u2019<i>Edmond<\/i>, qui a port\u00e9 M.\u00a0Baldus, et nous sommes arriv\u00e9s le 26 juin \u00e0 Batavia, o\u00f9 nous sommes pass\u00e9s sur le <i>Royal-George<\/i>, navire anglais, qui s\u2019est charg\u00e9 de nous conduire \u00e0 Macao. Ce qui nous retarde, c\u2019est que ce nouveau navire a \u00e9t\u00e9 oblig\u00e9 de venir prendre un chargement \u00e0 l\u2019autre extr\u00e9mit\u00e9 de Java, \u00e0 Surabaya, o\u00f9 nous sommes arriv\u00e9s hier et o\u00f9 nous serons environ un mois\u00a0; puis il nous faudra bien une vingtaine de jours pour le trajet jusqu\u2019\u00e0 Macao.<\/p>\n<p>En attendant que je puisse vous embrasser avec M.\u00a0Danicourt, M.\u00a0Ly etc., croyez-moi votre tr\u00e8s ob\u00e9issant, affectionn\u00e9 et respectueux,<\/p>\n<p>J.G. Perboyre i. p. d. l. m.<\/p>\n<p><i>Suscription<\/i>\u00a0: Monsieur Torrette, Pr\u00eatre et Procureur de la Congr\u00e9gation de la Mission \u00e0 Macao \u2014 Chine.<\/p>\n<p><em><b>Lettre 60.<\/b> \u2014 Maison-M\u00e8re, original 49.<\/em><\/p>\n","protected":false},"excerpt":{"rendered":"<p>Surabaya, le 15 juillet 1835. Monsieur et tr\u00e8s cher confr\u00e8re, La gr\u00e2ce de N.S. soit toujours avec nous. Quoique j\u2019esp\u00e8re avoir dans peu le plaisir de vous embrasser, je profite de l\u2019occasion que nous offre &#8230; <a href=\"https:\/\/vincentians.com\/fr\/jean-gabriel-perboyre-lettre-060-a-jean-baptiste-torrette-c-m-a-macao\/\" class=\"more-link\">Read More<\/a><\/p>\n","protected":false},"author":4,"featured_media":189778,"comment_status":"open","ping_status":"open","sticky":false,"template":"","format":"standard","meta":{"jetpack_post_was_ever_published":false,"_jetpack_newsletter_access":"","_jetpack_dont_email_post_to_subs":false,"_jetpack_newsletter_tier_id":0,"_jetpack_memberships_contains_paywalled_content":false,"_jetpack_memberships_contains_paid_content":false,"footnotes":"","jetpack_publicize_message":"","jetpack_publicize_feature_enabled":true,"jetpack_social_post_already_shared":true,"jetpack_social_options":{"image_generator_settings":{"template":"highway","default_image_id":0,"font":"","enabled":false},"version":2}},"categories":[114],"tags":[],"class_list":["post-107239","post","type-post","status-publish","format-standard","has-post-thumbnail","hentry","category-ecrits-de-jean-gabriel-perboyre"],"yoast_head":"<!-- This site is optimized with the Yoast SEO plugin v26.3 - https:\/\/yoast.com\/wordpress\/plugins\/seo\/ -->\n<title>Jean-Gabriel Perboyre, Lettre 060. A Jean-Baptiste Torrette, C.M., \u00e0 Macao - Nous Sommes Vincentiens<\/title>\n<meta name=\"robots\" content=\"index, follow, max-snippet:-1, max-image-preview:large, max-video-preview:-1\" \/>\n<link rel=\"canonical\" href=\"https:\/\/vincentians.com\/fr\/jean-gabriel-perboyre-lettre-060-a-jean-baptiste-torrette-c-m-a-macao\/\" \/>\n<meta property=\"og:locale\" content=\"fr_FR\" \/>\n<meta property=\"og:type\" content=\"article\" \/>\n<meta property=\"og:title\" content=\"Jean-Gabriel Perboyre, Lettre 060. A Jean-Baptiste Torrette, C.M., \u00e0 Macao - Nous Sommes Vincentiens\" \/>\n<meta property=\"og:description\" content=\"Surabaya, le 15 juillet 1835. Monsieur et tr\u00e8s cher confr\u00e8re, La gr\u00e2ce de N.S. soit toujours avec nous. Quoique j\u2019esp\u00e8re avoir dans peu le plaisir de vous embrasser, je profite de l\u2019occasion que nous offre ... Read More\" \/>\n<meta property=\"og:url\" content=\"https:\/\/vincentians.com\/fr\/jean-gabriel-perboyre-lettre-060-a-jean-baptiste-torrette-c-m-a-macao\/\" \/>\n<meta property=\"og:site_name\" content=\"Nous Sommes Vincentiens\" \/>\n<meta property=\"article:publisher\" content=\"https:\/\/www.facebook.com\/WeAreVincentians\/\" \/>\n<meta property=\"article:author\" content=\"https:\/\/www.facebook.com\/JavierChento\" \/>\n<meta property=\"article:published_time\" content=\"2017-08-27T02:00:58+00:00\" \/>\n<meta property=\"og:image\" content=\"https:\/\/i0.wp.com\/vincentians.com\/fr\/wp-content\/uploads\/sites\/10\/2016\/07\/cartas-perboyre.jpg?fit=1200%2C630&ssl=1\" \/>\n\t<meta property=\"og:image:width\" content=\"1200\" \/>\n\t<meta property=\"og:image:height\" content=\"630\" \/>\n\t<meta property=\"og:image:type\" content=\"image\/jpeg\" \/>\n<meta name=\"author\" content=\"Francisco Javier Fern\u00e1ndez Chento\" \/>\n<meta name=\"twitter:card\" content=\"summary_large_image\" \/>\n<meta name=\"twitter:creator\" content=\"@https:\/\/twitter.com\/javierchento\" \/>\n<meta name=\"twitter:site\" content=\"@WeVincentians\" \/>\n<meta name=\"twitter:label1\" content=\"\u00c9crit par\" \/>\n\t<meta name=\"twitter:data1\" content=\"Francisco Javier Fern\u00e1ndez Chento\" \/>\n\t<meta name=\"twitter:label2\" content=\"Dur\u00e9e de lecture estim\u00e9e\" \/>\n\t<meta name=\"twitter:data2\" content=\"2 minutes\" \/>\n<script type=\"application\/ld+json\" class=\"yoast-schema-graph\">{\"@context\":\"https:\/\/schema.org\",\"@graph\":[{\"@type\":\"WebPage\",\"@id\":\"https:\/\/vincentians.com\/fr\/jean-gabriel-perboyre-lettre-060-a-jean-baptiste-torrette-c-m-a-macao\/\",\"url\":\"https:\/\/vincentians.com\/fr\/jean-gabriel-perboyre-lettre-060-a-jean-baptiste-torrette-c-m-a-macao\/\",\"name\":\"Jean-Gabriel Perboyre, Lettre 060. A Jean-Baptiste Torrette, C.M., \u00e0 Macao - Nous Sommes Vincentiens\",\"isPartOf\":{\"@id\":\"http:\/\/vincentians.com\/fr\/#website\"},\"primaryImageOfPage\":{\"@id\":\"https:\/\/vincentians.com\/fr\/jean-gabriel-perboyre-lettre-060-a-jean-baptiste-torrette-c-m-a-macao\/#primaryimage\"},\"image\":{\"@id\":\"https:\/\/vincentians.com\/fr\/jean-gabriel-perboyre-lettre-060-a-jean-baptiste-torrette-c-m-a-macao\/#primaryimage\"},\"thumbnailUrl\":\"https:\/\/i0.wp.com\/vincentians.com\/fr\/wp-content\/uploads\/sites\/10\/2016\/07\/cartas-perboyre.jpg?fit=1200%2C630&ssl=1\",\"datePublished\":\"2017-08-27T02:00:58+00:00\",\"author\":{\"@id\":\"http:\/\/vincentians.com\/fr\/#\/schema\/person\/9623ef4d9aa3b2dfb8c061f1499288f2\"},\"breadcrumb\":{\"@id\":\"https:\/\/vincentians.com\/fr\/jean-gabriel-perboyre-lettre-060-a-jean-baptiste-torrette-c-m-a-macao\/#breadcrumb\"},\"inLanguage\":\"fr-FR\",\"potentialAction\":[{\"@type\":\"ReadAction\",\"target\":[\"https:\/\/vincentians.com\/fr\/jean-gabriel-perboyre-lettre-060-a-jean-baptiste-torrette-c-m-a-macao\/\"]}]},{\"@type\":\"ImageObject\",\"inLanguage\":\"fr-FR\",\"@id\":\"https:\/\/vincentians.com\/fr\/jean-gabriel-perboyre-lettre-060-a-jean-baptiste-torrette-c-m-a-macao\/#primaryimage\",\"url\":\"https:\/\/i0.wp.com\/vincentians.com\/fr\/wp-content\/uploads\/sites\/10\/2016\/07\/cartas-perboyre.jpg?fit=1200%2C630&ssl=1\",\"contentUrl\":\"https:\/\/i0.wp.com\/vincentians.com\/fr\/wp-content\/uploads\/sites\/10\/2016\/07\/cartas-perboyre.jpg?fit=1200%2C630&ssl=1\",\"width\":1200,\"height\":630},{\"@type\":\"BreadcrumbList\",\"@id\":\"https:\/\/vincentians.com\/fr\/jean-gabriel-perboyre-lettre-060-a-jean-baptiste-torrette-c-m-a-macao\/#breadcrumb\",\"itemListElement\":[{\"@type\":\"ListItem\",\"position\":1,\"name\":\"Portada\",\"item\":\"http:\/\/vincentians.com\/fr\/\"},{\"@type\":\"ListItem\",\"position\":2,\"name\":\"Jean-Gabriel Perboyre, Lettre 060. A Jean-Baptiste Torrette, C.M., \u00e0 Macao\"}]},{\"@type\":\"WebSite\",\"@id\":\"http:\/\/vincentians.com\/fr\/#website\",\"url\":\"http:\/\/vincentians.com\/fr\/\",\"name\":\"Nous Sommes Vincentiens\",\"description\":\"Know more to serve more\",\"potentialAction\":[{\"@type\":\"SearchAction\",\"target\":{\"@type\":\"EntryPoint\",\"urlTemplate\":\"http:\/\/vincentians.com\/fr\/?s={search_term_string}\"},\"query-input\":{\"@type\":\"PropertyValueSpecification\",\"valueRequired\":true,\"valueName\":\"search_term_string\"}}],\"inLanguage\":\"fr-FR\"},{\"@type\":\"Person\",\"@id\":\"http:\/\/vincentians.com\/fr\/#\/schema\/person\/9623ef4d9aa3b2dfb8c061f1499288f2\",\"name\":\"Francisco Javier Fern\u00e1ndez Chento\",\"image\":{\"@type\":\"ImageObject\",\"inLanguage\":\"fr-FR\",\"@id\":\"http:\/\/vincentians.com\/fr\/#\/schema\/person\/image\/\",\"url\":\"https:\/\/secure.gravatar.com\/avatar\/497d5cde87b4c3d097d0315953521681ba2cd523ee66e5077c3711f7021e65de?s=96&d=mm&r=g\",\"contentUrl\":\"https:\/\/secure.gravatar.com\/avatar\/497d5cde87b4c3d097d0315953521681ba2cd523ee66e5077c3711f7021e65de?s=96&d=mm&r=g\",\"caption\":\"Francisco Javier Fern\u00e1ndez Chento\"},\"description\":\"Director General y cofundador de La Red de Formaci\u00f3n Vicenciana. Javier es laico vicenciano, afiliado a la Congregaci\u00f3n de la Misi\u00f3n y miembro del Equipo de Misiones Populares de la provincia can\u00f3nica de Zaragoza (Espa\u00f1a) de la Congregaci\u00f3n de la Misi\u00f3n. Graduado en la Universidad Oberta de Catalunya con cuatro grados (Asistente de direcci\u00f3n, Gesti\u00f3n Administrativa, Recursos Humanos y Contabilidad Avanzada). Bil\u00edng\u00fce Espa\u00f1ol\/Ingl\u00e9s. gestiona y mantiene varias p\u00e1ginas web cristianas y vicencianas, incluida including La Red de Formaci\u00f3n Vicenciana, de la que es cofundador. Actualmente es responsable del \u00e1rea de Espa\u00f1ol de .famvin, la Red de Noticias de la Familia Vicenciana. Tambi\u00e9n es m\u00fasico cat\u00f3lico y ha editado varios discos. Es Director General y cofundador de Trovador, una reconocida compa\u00f1\u00eda discogr\u00e1fica critiana de Espa\u00f1a. Trabaja en las Tecnolog\u00edas de la Informaci\u00f3n, ofreciendo servicios de alojamiento, dise\u00f1o y mantenimiento Web, as\u00ed como asesoramiento, formaci\u00f3n y soluciones inform\u00e1ticas, gesti\u00f3n documental y digitalizaci\u00f3n de textos, edici\u00f3n y maquetaci\u00f3n de libros, revistas, flyers, etc.\",\"sameAs\":[\"http:\/\/chento.org\",\"https:\/\/www.facebook.com\/JavierChento\",\"https:\/\/x.com\/https:\/\/twitter.com\/javierchento\"],\"url\":\"https:\/\/vincentians.com\/fr\/author\/chento\/\"}]}<\/script>\n<!-- \/ Yoast SEO plugin. -->","yoast_head_json":{"title":"Jean-Gabriel Perboyre, Lettre 060. A Jean-Baptiste Torrette, C.M., \u00e0 Macao - Nous Sommes Vincentiens","robots":{"index":"index","follow":"follow","max-snippet":"max-snippet:-1","max-image-preview":"max-image-preview:large","max-video-preview":"max-video-preview:-1"},"canonical":"https:\/\/vincentians.com\/fr\/jean-gabriel-perboyre-lettre-060-a-jean-baptiste-torrette-c-m-a-macao\/","og_locale":"fr_FR","og_type":"article","og_title":"Jean-Gabriel Perboyre, Lettre 060. A Jean-Baptiste Torrette, C.M., \u00e0 Macao - Nous Sommes Vincentiens","og_description":"Surabaya, le 15 juillet 1835. Monsieur et tr\u00e8s cher confr\u00e8re, La gr\u00e2ce de N.S. soit toujours avec nous. Quoique j\u2019esp\u00e8re avoir dans peu le plaisir de vous embrasser, je profite de l\u2019occasion que nous offre ... Read More","og_url":"https:\/\/vincentians.com\/fr\/jean-gabriel-perboyre-lettre-060-a-jean-baptiste-torrette-c-m-a-macao\/","og_site_name":"Nous Sommes Vincentiens","article_publisher":"https:\/\/www.facebook.com\/WeAreVincentians\/","article_author":"https:\/\/www.facebook.com\/JavierChento","article_published_time":"2017-08-27T02:00:58+00:00","og_image":[{"width":1200,"height":630,"url":"https:\/\/i0.wp.com\/vincentians.com\/fr\/wp-content\/uploads\/sites\/10\/2016\/07\/cartas-perboyre.jpg?fit=1200%2C630&ssl=1","type":"image\/jpeg"}],"author":"Francisco Javier Fern\u00e1ndez Chento","twitter_card":"summary_large_image","twitter_creator":"@https:\/\/twitter.com\/javierchento","twitter_site":"@WeVincentians","twitter_misc":{"\u00c9crit par":"Francisco Javier Fern\u00e1ndez Chento","Dur\u00e9e de lecture estim\u00e9e":"2 minutes"},"schema":{"@context":"https:\/\/schema.org","@graph":[{"@type":"WebPage","@id":"https:\/\/vincentians.com\/fr\/jean-gabriel-perboyre-lettre-060-a-jean-baptiste-torrette-c-m-a-macao\/","url":"https:\/\/vincentians.com\/fr\/jean-gabriel-perboyre-lettre-060-a-jean-baptiste-torrette-c-m-a-macao\/","name":"Jean-Gabriel Perboyre, Lettre 060. A Jean-Baptiste Torrette, C.M., \u00e0 Macao - Nous Sommes Vincentiens","isPartOf":{"@id":"http:\/\/vincentians.com\/fr\/#website"},"primaryImageOfPage":{"@id":"https:\/\/vincentians.com\/fr\/jean-gabriel-perboyre-lettre-060-a-jean-baptiste-torrette-c-m-a-macao\/#primaryimage"},"image":{"@id":"https:\/\/vincentians.com\/fr\/jean-gabriel-perboyre-lettre-060-a-jean-baptiste-torrette-c-m-a-macao\/#primaryimage"},"thumbnailUrl":"https:\/\/i0.wp.com\/vincentians.com\/fr\/wp-content\/uploads\/sites\/10\/2016\/07\/cartas-perboyre.jpg?fit=1200%2C630&ssl=1","datePublished":"2017-08-27T02:00:58+00:00","author":{"@id":"http:\/\/vincentians.com\/fr\/#\/schema\/person\/9623ef4d9aa3b2dfb8c061f1499288f2"},"breadcrumb":{"@id":"https:\/\/vincentians.com\/fr\/jean-gabriel-perboyre-lettre-060-a-jean-baptiste-torrette-c-m-a-macao\/#breadcrumb"},"inLanguage":"fr-FR","potentialAction":[{"@type":"ReadAction","target":["https:\/\/vincentians.com\/fr\/jean-gabriel-perboyre-lettre-060-a-jean-baptiste-torrette-c-m-a-macao\/"]}]},{"@type":"ImageObject","inLanguage":"fr-FR","@id":"https:\/\/vincentians.com\/fr\/jean-gabriel-perboyre-lettre-060-a-jean-baptiste-torrette-c-m-a-macao\/#primaryimage","url":"https:\/\/i0.wp.com\/vincentians.com\/fr\/wp-content\/uploads\/sites\/10\/2016\/07\/cartas-perboyre.jpg?fit=1200%2C630&ssl=1","contentUrl":"https:\/\/i0.wp.com\/vincentians.com\/fr\/wp-content\/uploads\/sites\/10\/2016\/07\/cartas-perboyre.jpg?fit=1200%2C630&ssl=1","width":1200,"height":630},{"@type":"BreadcrumbList","@id":"https:\/\/vincentians.com\/fr\/jean-gabriel-perboyre-lettre-060-a-jean-baptiste-torrette-c-m-a-macao\/#breadcrumb","itemListElement":[{"@type":"ListItem","position":1,"name":"Portada","item":"http:\/\/vincentians.com\/fr\/"},{"@type":"ListItem","position":2,"name":"Jean-Gabriel Perboyre, Lettre 060. A Jean-Baptiste Torrette, C.M., \u00e0 Macao"}]},{"@type":"WebSite","@id":"http:\/\/vincentians.com\/fr\/#website","url":"http:\/\/vincentians.com\/fr\/","name":"Nous Sommes Vincentiens","description":"Know more to serve more","potentialAction":[{"@type":"SearchAction","target":{"@type":"EntryPoint","urlTemplate":"http:\/\/vincentians.com\/fr\/?s={search_term_string}"},"query-input":{"@type":"PropertyValueSpecification","valueRequired":true,"valueName":"search_term_string"}}],"inLanguage":"fr-FR"},{"@type":"Person","@id":"http:\/\/vincentians.com\/fr\/#\/schema\/person\/9623ef4d9aa3b2dfb8c061f1499288f2","name":"Francisco Javier Fern\u00e1ndez Chento","image":{"@type":"ImageObject","inLanguage":"fr-FR","@id":"http:\/\/vincentians.com\/fr\/#\/schema\/person\/image\/","url":"https:\/\/secure.gravatar.com\/avatar\/497d5cde87b4c3d097d0315953521681ba2cd523ee66e5077c3711f7021e65de?s=96&d=mm&r=g","contentUrl":"https:\/\/secure.gravatar.com\/avatar\/497d5cde87b4c3d097d0315953521681ba2cd523ee66e5077c3711f7021e65de?s=96&d=mm&r=g","caption":"Francisco Javier Fern\u00e1ndez Chento"},"description":"Director General y cofundador de La Red de Formaci\u00f3n Vicenciana. Javier es laico vicenciano, afiliado a la Congregaci\u00f3n de la Misi\u00f3n y miembro del Equipo de Misiones Populares de la provincia can\u00f3nica de Zaragoza (Espa\u00f1a) de la Congregaci\u00f3n de la Misi\u00f3n. Graduado en la Universidad Oberta de Catalunya con cuatro grados (Asistente de direcci\u00f3n, Gesti\u00f3n Administrativa, Recursos Humanos y Contabilidad Avanzada). Bil\u00edng\u00fce Espa\u00f1ol\/Ingl\u00e9s. gestiona y mantiene varias p\u00e1ginas web cristianas y vicencianas, incluida including La Red de Formaci\u00f3n Vicenciana, de la que es cofundador. Actualmente es responsable del \u00e1rea de Espa\u00f1ol de .famvin, la Red de Noticias de la Familia Vicenciana. Tambi\u00e9n es m\u00fasico cat\u00f3lico y ha editado varios discos. Es Director General y cofundador de Trovador, una reconocida compa\u00f1\u00eda discogr\u00e1fica critiana de Espa\u00f1a. Trabaja en las Tecnolog\u00edas de la Informaci\u00f3n, ofreciendo servicios de alojamiento, dise\u00f1o y mantenimiento Web, as\u00ed como asesoramiento, formaci\u00f3n y soluciones inform\u00e1ticas, gesti\u00f3n documental y digitalizaci\u00f3n de textos, edici\u00f3n y maquetaci\u00f3n de libros, revistas, flyers, etc.","sameAs":["http:\/\/chento.org","https:\/\/www.facebook.com\/JavierChento","https:\/\/x.com\/https:\/\/twitter.com\/javierchento"],"url":"https:\/\/vincentians.com\/fr\/author\/chento\/"}]}},"jetpack_publicize_connections":[],"jetpack_featured_media_url":"https:\/\/i0.wp.com\/vincentians.com\/fr\/wp-content\/uploads\/sites\/10\/2016\/07\/cartas-perboyre.jpg?fit=1200%2C630&ssl=1","jetpack_sharing_enabled":true,"jetpack_shortlink":"https:\/\/wp.me\/p7ETMP-rTF","jetpack-related-posts":[{"id":105354,"url":"https:\/\/vincentians.com\/fr\/jean-gabriel-perboyre-lettre-045-a-jean-baptiste-torrette-c-m-a-macao\/","url_meta":{"origin":107239,"position":0},"title":"Jean-Gabriel Perboyre, Lettre 045. A Jean-Baptiste Torrette, C.M., \u00e0 Macao","author":"Francisco Javier Fern\u00e1ndez Chento","date":"14\/05\/2017","format":false,"excerpt":"Monsieur et tr\u00e8s cher confr\u00e8re, La gr\u00e2ce de N. S. soit toujours avec nous. Un jour que nous aimions, M.\u00a0Martin et moi, \u00e0 nous rappeler que nous avions \u00e9t\u00e9 ordonn\u00e9s pr\u00eatres avec vous, nous conv\u00eenmes que nous vous enverrions un petit souvenir. J\u2019ai pens\u00e9 que vous liriez avec plaisir les\u2026","rel":"","context":"Dans &quot;\u00c9crits de Jean-Gabriel Perboyre&quot;","block_context":{"text":"\u00c9crits de Jean-Gabriel Perboyre","link":"https:\/\/vincentians.com\/fr\/category\/ecrits-de-jean-gabriel-perboyre\/"},"img":{"alt_text":"","src":"https:\/\/i0.wp.com\/vincentians.com\/fr\/wp-content\/uploads\/sites\/10\/2016\/07\/cartas-perboyre.jpg?fit=1200%2C630&ssl=1&resize=350%2C200","width":350,"height":200,"srcset":"https:\/\/i0.wp.com\/vincentians.com\/fr\/wp-content\/uploads\/sites\/10\/2016\/07\/cartas-perboyre.jpg?fit=1200%2C630&ssl=1&resize=350%2C200 1x, https:\/\/i0.wp.com\/vincentians.com\/fr\/wp-content\/uploads\/sites\/10\/2016\/07\/cartas-perboyre.jpg?fit=1200%2C630&ssl=1&resize=525%2C300 1.5x, https:\/\/i0.wp.com\/vincentians.com\/fr\/wp-content\/uploads\/sites\/10\/2016\/07\/cartas-perboyre.jpg?fit=1200%2C630&ssl=1&resize=700%2C400 2x, https:\/\/i0.wp.com\/vincentians.com\/fr\/wp-content\/uploads\/sites\/10\/2016\/07\/cartas-perboyre.jpg?fit=1200%2C630&ssl=1&resize=1050%2C600 3x"},"classes":[]},{"id":107696,"url":"https:\/\/vincentians.com\/fr\/une-semence-deternite-saint-jean-gabriel-perboyre-pretre-de-la-mission-martyr-premier-saint-de-chine-07\/","url_meta":{"origin":107239,"position":1},"title":"Une Semence d&rsquo;Eternit\u00e9 : Saint Jean-Gabriel Perboyre : Pr\u00eatre de la Mission, Martyr, Premier Saint de Chine (07)","author":"Francisco Javier Fern\u00e1ndez Chento","date":"10\/08\/2016","format":false,"excerpt":"6. Le d\u00e9part pour les champs du monde La pri\u00e8re est la seule force qu'il reste \u00e0 Jean-Gabriel. Que veut de lui le Seigneur ? Il a en son c\u0153ur ce d\u00e9sir profond de suivre les traces missionnaires de ses confr\u00e8res d\u00e9j\u00e0 partis. Il a en son \u00e2me la m\u00e9moire\u2026","rel":"","context":"Dans &quot;Jean-Gabriel Perboyre&quot;","block_context":{"text":"Jean-Gabriel Perboyre","link":"https:\/\/vincentians.com\/fr\/category\/jean-gabriel-perboyre\/"},"img":{"alt_text":"","src":"https:\/\/i0.wp.com\/vincentians.com\/fr\/wp-content\/uploads\/sites\/10\/2016\/01\/John-Gabriel-Perboyre.jpg?fit=1200%2C630&ssl=1&resize=350%2C200","width":350,"height":200,"srcset":"https:\/\/i0.wp.com\/vincentians.com\/fr\/wp-content\/uploads\/sites\/10\/2016\/01\/John-Gabriel-Perboyre.jpg?fit=1200%2C630&ssl=1&resize=350%2C200 1x, https:\/\/i0.wp.com\/vincentians.com\/fr\/wp-content\/uploads\/sites\/10\/2016\/01\/John-Gabriel-Perboyre.jpg?fit=1200%2C630&ssl=1&resize=525%2C300 1.5x, https:\/\/i0.wp.com\/vincentians.com\/fr\/wp-content\/uploads\/sites\/10\/2016\/01\/John-Gabriel-Perboyre.jpg?fit=1200%2C630&ssl=1&resize=700%2C400 2x, https:\/\/i0.wp.com\/vincentians.com\/fr\/wp-content\/uploads\/sites\/10\/2016\/01\/John-Gabriel-Perboyre.jpg?fit=1200%2C630&ssl=1&resize=1050%2C600 3x"},"classes":[]},{"id":107690,"url":"https:\/\/vincentians.com\/fr\/une-semence-deternite-saint-jean-gabriel-perboyre-pretre-de-la-mission-martyr-premier-saint-de-chine-17\/","url_meta":{"origin":107239,"position":2},"title":"Une Semence d&rsquo;Eternit\u00e9 : Saint Jean-Gabriel Perboyre : Pr\u00eatre de la Mission, Martyr, Premier Saint de Chine (17)","author":"Francisco Javier Fern\u00e1ndez Chento","date":"20\/08\/2016","format":false,"excerpt":"16. La moisson inachev\u00e9e La pi\u00e9t\u00e9 des fid\u00e8les est une chose remarquable. C'est elle qui parfois, sanctifie un homme de ses pri\u00e8res et autres ex-voto. Jean-Gabriel a connu le m\u00eame chemin. Ses v\u00eatements, les instruments de son supplice, ses lettres sont pass\u00e9s du statut de simple objet \u00e0 celui de\u2026","rel":"","context":"Dans &quot;Jean-Gabriel Perboyre&quot;","block_context":{"text":"Jean-Gabriel Perboyre","link":"https:\/\/vincentians.com\/fr\/category\/jean-gabriel-perboyre\/"},"img":{"alt_text":"","src":"https:\/\/i0.wp.com\/vincentians.com\/fr\/wp-content\/uploads\/sites\/10\/2016\/01\/John-Gabriel-Perboyre.jpg?fit=1200%2C630&ssl=1&resize=350%2C200","width":350,"height":200,"srcset":"https:\/\/i0.wp.com\/vincentians.com\/fr\/wp-content\/uploads\/sites\/10\/2016\/01\/John-Gabriel-Perboyre.jpg?fit=1200%2C630&ssl=1&resize=350%2C200 1x, https:\/\/i0.wp.com\/vincentians.com\/fr\/wp-content\/uploads\/sites\/10\/2016\/01\/John-Gabriel-Perboyre.jpg?fit=1200%2C630&ssl=1&resize=525%2C300 1.5x, https:\/\/i0.wp.com\/vincentians.com\/fr\/wp-content\/uploads\/sites\/10\/2016\/01\/John-Gabriel-Perboyre.jpg?fit=1200%2C630&ssl=1&resize=700%2C400 2x, https:\/\/i0.wp.com\/vincentians.com\/fr\/wp-content\/uploads\/sites\/10\/2016\/01\/John-Gabriel-Perboyre.jpg?fit=1200%2C630&ssl=1&resize=1050%2C600 3x"},"classes":[]},{"id":107631,"url":"https:\/\/vincentians.com\/fr\/francois-regis-clet-pretre-de-la-mission-martyr-en-chine-1748-1820-01\/","url_meta":{"origin":107239,"position":3},"title":"Fran\u00e7ois-R\u00e9gis Clet : pr\u00eatre de la Mission, martyr en Chine, 1748-1820 (01)","author":"Francisco Javier Fern\u00e1ndez Chento","date":"01\/01\/2014","format":false,"excerpt":"Avant Propos Le 2 juin 1997 sur la grande place Saint Pierre de Rome se d\u00e9roul\u00e8rent les fastes de la canonisation de saint Jean-Gabriel Perboyre. Un soleil \u00e9clatant mettait en valeur les couleurs rouge ou amarante des soutanes cardinalices ou \u00e9piscopales, les uniformes aux rayures de bleu et d'orange des\u2026","rel":"","context":"Dans &quot;Fran\u00e7ois-R\u00e9gis Clet&quot;","block_context":{"text":"Fran\u00e7ois-R\u00e9gis Clet","link":"https:\/\/vincentians.com\/fr\/category\/francois-regis-clet\/"},"img":{"alt_text":"Vie du Bienheureux Fran\u00e7ois-R\u00e9gis Clet : pr\u00eatre de la Congr\u00e9","src":"https:\/\/i0.wp.com\/vincentiens.org\/wp-content\/uploads\/2014\/01\/regis_clet-210x300.jpg?resize=350%2C200","width":350,"height":200},"classes":[]},{"id":107171,"url":"https:\/\/vincentians.com\/fr\/jean-gabriel-perboyre-lettre-048-a-son-oncle-a-montauban\/","url_meta":{"origin":107239,"position":4},"title":"Jean-Gabriel Perboyre, Lettre 048. A son Oncle, \u00e0 Montauban","author":"Francisco Javier Fern\u00e1ndez Chento","date":"04\/06\/2017","format":false,"excerpt":"Paris, le 20 mai 1834. Mon tr\u00e8s cher oncle, Votre derni\u00e8re lettre pour mon cousin Gabriel doit \u00eatre arriv\u00e9e ce matin \u00e0 sa destination. M.\u00a0Gratacap a bien voulu se donner la peine de venir me voir aussit\u00f4t apr\u00e8s son arriv\u00e9e et m\u2019honorer plusieurs fois de ses visites. Comme c\u2019est aujourd\u2019hui\u2026","rel":"","context":"Dans &quot;\u00c9crits de Jean-Gabriel Perboyre&quot;","block_context":{"text":"\u00c9crits de Jean-Gabriel Perboyre","link":"https:\/\/vincentians.com\/fr\/category\/ecrits-de-jean-gabriel-perboyre\/"},"img":{"alt_text":"","src":"https:\/\/i0.wp.com\/vincentians.com\/fr\/wp-content\/uploads\/sites\/10\/2016\/07\/cartas-perboyre.jpg?fit=1200%2C630&ssl=1&resize=350%2C200","width":350,"height":200,"srcset":"https:\/\/i0.wp.com\/vincentians.com\/fr\/wp-content\/uploads\/sites\/10\/2016\/07\/cartas-perboyre.jpg?fit=1200%2C630&ssl=1&resize=350%2C200 1x, https:\/\/i0.wp.com\/vincentians.com\/fr\/wp-content\/uploads\/sites\/10\/2016\/07\/cartas-perboyre.jpg?fit=1200%2C630&ssl=1&resize=525%2C300 1.5x, https:\/\/i0.wp.com\/vincentians.com\/fr\/wp-content\/uploads\/sites\/10\/2016\/07\/cartas-perboyre.jpg?fit=1200%2C630&ssl=1&resize=700%2C400 2x, https:\/\/i0.wp.com\/vincentians.com\/fr\/wp-content\/uploads\/sites\/10\/2016\/07\/cartas-perboyre.jpg?fit=1200%2C630&ssl=1&resize=1050%2C600 3x"},"classes":[]},{"id":107244,"url":"https:\/\/vincentians.com\/fr\/jean-gabriel-perboyre-lettre-064-a-son-oncle-a-montauban\/","url_meta":{"origin":107239,"position":5},"title":"Jean-Gabriel Perboyre, Lettre 064. A son Oncle, \u00e0 Montauban","author":"Francisco Javier Fern\u00e1ndez Chento","date":"24\/09\/2017","format":false,"excerpt":"Macao le 13 septembre 1835. Mon tr\u00e8s cher oncle, La gr\u00e2ce de N.S. soit toujours avec nous. Si, comme je l\u2019esp\u00e8re, vous avez re\u00e7u la lettre que je vous ai \u00e9crite de Surabaya vers la fin de juillet, elle vous aura d\u00e9li\u00advr\u00e9 de toute inqui\u00e9tude relativement \u00e0 ma travers\u00e9e, qui\u2026","rel":"","context":"Dans &quot;\u00c9crits de Jean-Gabriel Perboyre&quot;","block_context":{"text":"\u00c9crits de Jean-Gabriel Perboyre","link":"https:\/\/vincentians.com\/fr\/category\/ecrits-de-jean-gabriel-perboyre\/"},"img":{"alt_text":"","src":"https:\/\/i0.wp.com\/vincentians.com\/fr\/wp-content\/uploads\/sites\/10\/2016\/07\/cartas-perboyre.jpg?fit=1200%2C630&ssl=1&resize=350%2C200","width":350,"height":200,"srcset":"https:\/\/i0.wp.com\/vincentians.com\/fr\/wp-content\/uploads\/sites\/10\/2016\/07\/cartas-perboyre.jpg?fit=1200%2C630&ssl=1&resize=350%2C200 1x, https:\/\/i0.wp.com\/vincentians.com\/fr\/wp-content\/uploads\/sites\/10\/2016\/07\/cartas-perboyre.jpg?fit=1200%2C630&ssl=1&resize=525%2C300 1.5x, https:\/\/i0.wp.com\/vincentians.com\/fr\/wp-content\/uploads\/sites\/10\/2016\/07\/cartas-perboyre.jpg?fit=1200%2C630&ssl=1&resize=700%2C400 2x, https:\/\/i0.wp.com\/vincentians.com\/fr\/wp-content\/uploads\/sites\/10\/2016\/07\/cartas-perboyre.jpg?fit=1200%2C630&ssl=1&resize=1050%2C600 3x"},"classes":[]}],"_links":{"self":[{"href":"https:\/\/vincentians.com\/fr\/wp-json\/wp\/v2\/posts\/107239","targetHints":{"allow":["GET"]}}],"collection":[{"href":"https:\/\/vincentians.com\/fr\/wp-json\/wp\/v2\/posts"}],"about":[{"href":"https:\/\/vincentians.com\/fr\/wp-json\/wp\/v2\/types\/post"}],"author":[{"embeddable":true,"href":"https:\/\/vincentians.com\/fr\/wp-json\/wp\/v2\/users\/4"}],"replies":[{"embeddable":true,"href":"https:\/\/vincentians.com\/fr\/wp-json\/wp\/v2\/comments?post=107239"}],"version-history":[{"count":0,"href":"https:\/\/vincentians.com\/fr\/wp-json\/wp\/v2\/posts\/107239\/revisions"}],"wp:featuredmedia":[{"embeddable":true,"href":"https:\/\/vincentians.com\/fr\/wp-json\/wp\/v2\/media\/189778"}],"wp:attachment":[{"href":"https:\/\/vincentians.com\/fr\/wp-json\/wp\/v2\/media?parent=107239"}],"wp:term":[{"taxonomy":"category","embeddable":true,"href":"https:\/\/vincentians.com\/fr\/wp-json\/wp\/v2\/categories?post=107239"},{"taxonomy":"post_tag","embeddable":true,"href":"https:\/\/vincentians.com\/fr\/wp-json\/wp\/v2\/tags?post=107239"}],"curies":[{"name":"wp","href":"https:\/\/api.w.org\/{rel}","templated":true}]}}