{"id":107027,"date":"2016-07-13T20:00:15","date_gmt":"2016-07-13T18:00:15","guid":{"rendered":"http:\/\/vincentiens.org\/?p=107027"},"modified":"2016-07-22T05:46:14","modified_gmt":"2016-07-22T03:46:14","slug":"du-progres-par-le-christianisme-3","status":"publish","type":"post","link":"https:\/\/vincentians.com\/fr\/du-progres-par-le-christianisme-3\/","title":{"rendered":"Du progr\u00e8s par le christianisme (3)"},"content":{"rendered":"<h2>III<\/h2>\n<p>Le genre humain, dans son existence terrestre, se compose d\u2019une s\u00e9rie de g\u00e9n\u00e9rations qui cou\u00advrent tour \u00e0 tour la face du globe d\u2019une multitude vivante, pour la couvrir ensuite d\u2019une poussi\u00e8re s\u00e9pulcrale. Si c\u2019est l\u00e0 toute sa destin\u00e9e, on ne con-<\/p>\n<p>\u00e7oitpas cette unit\u00e9 myst\u00e9rieuse qui est en lui, cette sollicitude providentielle des anc\u00eatres pour la pos\u00adt\u00e9rit\u00e9, ce souvenir respectueux et reconnaissant de la post\u00e9rit\u00e9 pour les anc\u00eatres, ces monuments, ces livres, ces traditions, par lesquels ceux qui ne se\u00adront plus ambitionnent d\u2019instruire ceux qui seront un jour. Jamais la pr\u00e9voyance des animaux les plus intelligents s\u2019\u00e9tendit-elle au del\u00e0 de leurs pe\u00adtits ? Mais, si tout ne Unit pas avec la vie, si cha\u00adque g\u00e9n\u00e9ration ne laisse ici-bas ses d\u00e9pouilles mortelles que pour entrer dans une autre exis\u00adtence, si \u00e0 ce rendez-vous solennel les premi\u00e8res arriv\u00e9es doivent attendre les plus tardives, et les plus jeunes rejoindre les plus anciennes ; alors, en\u00adtre ces \u00eatres innombrables, destin\u00e9s \u00e0 former en\u00adsemble une soci\u00e9t\u00e9 d\u00e9finitive, on con\u00e7oit qu\u2019il existe des liens, 011 con\u00e7oit que ceux qui, les premiers, ont habit\u00e9 cette terre de passage, songeant \u00e0 ceux qui devaient venir apr\u00e8s, aient laiss\u00e9 pour eux des tentes dress\u00e9es et des sillons ensemenc\u00e9s ; on com\u00adprend la g\u00e9n\u00e9alogie des si\u00e8cles et l\u2019unit\u00e9 du genre humain.<\/p>\n<p>11 y a donc deux mondes : l\u2019un invisible, qui se d\u00e9couvre \u00e0 la pens\u00e9e comme infini et \u00e9ternel, vers lequel toutes les g\u00e9n\u00e9rations des hommes marchent en vertu d\u2019une vocation commune, de\u00advant l\u2019immensit\u00e9 duquel elles sont \u00e9gales, comme elles sont du m\u00eame \u00e2ge devant son \u00e9ternit\u00e9 : l\u2019autre visible, fini, soumis aux lois du nombre, du temps et de l\u2019espace, que toutes les g\u00e9n\u00e9rations traver\u00adsent comme un lieu d\u2019\u00e9preuves, chacune profitant de ce qui a \u00e9t\u00e9 fait avant elle, et devant travailler \u00e0 son tour pour celle qui suivra, chacune recevant \u00e0 la fois, et un h\u00e9ritage plus grand, et une t\u00e2che plus laborieuse.<\/p>\n<p>Puisque tous les hommes marchent vers un monde invisible, il faut qu\u2019\u00e0 tous ce monde soit r\u00e9v\u00e9l\u00e9, et, puisqu\u2019il est immuable, il faut qu\u2019il y ait quelque chose d\u2019immuable dans la r\u00e9v\u00e9lation qui en sera faite. Mais aussi, puisque les hommes traversent un monde fini, o\u00f9 tout est ph\u00e9nom\u00e9nal et successif, puisqu\u2019ils s\u2019y trouvent plac\u00e9s dans des circonstances diff\u00e9rentes selon les temps, puisque leur tache va s\u2019agrandissant toujours, l\u2019action de leurs facult\u00e9s et les \u0153uvres qui en r\u00e9sultent doi\u00advent \u00eatre diverses et progressives.<\/p>\n<p>Comme le monde infini enveloppe le monde fini, la vocation \u00e9ternelle du genre humain doit d\u00e9ter\u00adminer son action temporelle; le feu qui animera la terre doit ctre d\u00e9rob\u00e9 aux cieux, et la r\u00e9v\u00e9lation immuable sera le principe moteur et r\u00e9gulateur du progr\u00e8s. Mais, comme elle ne saurait pr\u00e9sider au progr\u00e8s et harmoniser l\u2019exercice des facult\u00e9s qu\u2019en se mettant \u00e0 leur port\u00e9e qui varie, il faut qu\u2019ellc- m\u00eame, en demeurant immuable dans son essence, soit progressive dans son application.<\/p>\n<p>Toutefois, si l\u2019application de celte r\u00e9v\u00e9lation \u00e9tait abandonn\u00e9e \u00e0 la libert\u00e9 de l\u2019homme, il y aurait p\u00e9ril d\u2019erreur ; le centre de gravit\u00e9 venant \u00e0 se perdre, l\u2019\u00e9quilibre des facult\u00e9s serait rompu, et qui pourrait le r\u00e9tablir? Il faut donc qu\u2019un pou\u00advoir sup\u00e9rieur soit le gardien et le d\u00e9positaire des notions r\u00e9v\u00e9l\u00e9es ; que d\u2019une part il en maintienne l\u2019int\u00e9grit\u00e9, et que de l\u2019autre il en \u00e9tende l\u2019interpr\u00e9\u00adtation et les cons\u00e9quences, versant sur tous les es\u00adprits le m\u00eame jour, mais le leur mesurant plus abondant et plus vif, \u00e0 proportion que leur \u00e2ge est plus m\u00fbr, leur situation plus p\u00e9rilleuse, et plus difficile leur labeur. La libert\u00e9 cependant garde ses droits. Si elle se soumet \u00e0 sa vocation \u00e9ter\u00adnelle, si elle re\u00e7oit d\u2019en haut l\u2019impulsion qui la fait marcher ; il lui appartient d\u2019en doubler \u00e0 son gr\u00e9 la force et la vitesse, et d\u2019en multiplier les ef\u00adfets; elle demeure ind\u00e9pendante dans l\u2019exercice temporel de ses facult\u00e9s et ma\u00eetresse de ses actes. Elle est ici-bas comme une noble \u00e9trang\u00e8re \u00e0 qui il est permis d\u2019aller o\u00f9 il lui pla\u00eet et de faire ce qu\u2019elle veut ; mais qui, dans toutes ses courses et dans toutes ses actions, conserve le souvenir et la dignit\u00e9 de sa patrie.<\/p>\n<p>Tels sont les axiomes sur lesquels le Christia\u00adnisme s\u2019appuie ; et, s\u2019\u00e9lan\u00e7ant dans les splendeurs du monde invisible, il en soul\u00e8ve le voile et fait ap\u00adpara\u00eetre la majest\u00e9 de Dieu. Dieu se r\u00e9v\u00e8le sous la triple notion de V\u00e9rit\u00e9, de Bont\u00e9 et de Beaut\u00e9. Sa V\u00e9rit\u00e9, c\u2019est son \u00catre \u00e9ternel et n\u00e9cessaire contemple par son Intelligence; sa Bont\u00e9, c\u2019est son vouloir souverainement parfait dans lequel il se re\u00adpose avec Amour ; sa Beaut\u00e9, c\u2019est l\u2019accord admi\u00adrable de son \u00eatre et de son vouloir ; accord dont il jouit, se poss\u00e9dant lui-m\u00eame par sa Toute-Puis\u00adsance.<\/p>\n<p>Or, cette id\u00e9e magnifique de la Divinit\u00e9, le Christianisme la propose \u00e0 l\u2019homme comme le mo\u00add\u00e8le de la perfection supr\u00eame vers laquelle il se sent entra\u00een\u00e9; il lui apprend que l\u2019objet inconnu de ses v\u0153ux continuels, que cette nourriture dont son \u00e2me avait besoin, n\u2019\u00e9taient autre chose que la V\u00e9rit\u00e9, la Bont\u00e9, la Beaut\u00e9 infinies.<\/p>\n<p>Ce serait n\u00e9anmoins un triste bienfait d\u2019avoir montr\u00e9 aux regards de P\u00e2me le pain qu\u2019elle de\u00admande sans lui laisser y porter les l\u00e8vres; de lui avoir ouvert les portes du sanctuaire sans lui con\u00adf\u00e9rer l\u2019initiation qui donne le droit d\u2019en franchir le seuil.<\/p>\n<p>Le Christianisme donc initie l\u2019homme aux choses divines, il le fait entrer en communication avec rintelligenec souveraine, et lui laisse entrevoir une portion de la V\u00e9rit\u00e9 qui y r\u00e9side. Cette vision se nomme Foi. Il l\u2019\u00e9l\u00e8ve ensuite \u00e0 la source de l\u2019\u00e9ter\u00adnel Amour, et l\u2019associe \u00e2 quelques-uns de ces mys\u00adt\u00e8res de Bont\u00e9 qui en d\u00e9coulent sans cesse, et celte association se nomme Charit\u00e9. Mais il ne le met pas de la m\u00eame mani\u00e8re en possession de sa Beaut\u00e9 infinie. Car la terre est un s\u00e9jour d\u2019exil et d\u2019\u00e9preuve, et il n\u2019y aurait plus d\u2019exil le jour o\u00f9 l\u2019homme verrait son P\u00e8re , c\u00e9leste face \u00e0 face, ni d\u2019\u00e9preuve lorsqu\u2019il aurait d\u00e9j\u00e0 re\u00e7u le prix. Il faut cpie le rideau reste suspendu devant lui et lui d\u00e9robe cet accord admirable des attributs de Dieu, dont la vue imm\u00e9diate fera un jour son bonheur. Mais, pour consoler cet exil\u00e9 sublime et pour charmer ses tristesses, un pr\u00e9sent lui a \u00e9t\u00e9 fait : c\u2019est l\u2019Es\u00adp\u00e9rance.<\/p>\n<p>La V\u00e9rit\u00e9, aper\u00e7ue par la Foi, se formule et devient Dogme. La Charit\u00e9, s\u2019associant aux desseins de la Bont\u00e9 divine, s\u2019\u00e9panche au dehors et produit les \u0152uvres. L\u2019Esp\u00e9rance prend son essor vers cette Beaut\u00e9 parfaite qui se cache \u00e0 ses yeux, et elle se donne deux ailes, la pri\u00e8re et le sacrifice : elle essaye de repr\u00e9senter par les signes ce qu\u2019elle ne voit pas, et elle cr\u00e9e le symbole. De la pri\u00e8re, du sacrifice et du symbole, se compose le culte.<\/p>\n<p>Foi, Esp\u00e9rance, Charit\u00e9 : voil\u00e0 les trois anneaux de la cha\u00eene merveilleuse qui rattache l\u2019existence pr\u00e9sente \u00e0 l\u2019existence future, et qui pour cela s\u2019ap\u00adpelle Beligion. Ces trois anneaux ne sauraient \u00eatre s\u00e9par\u00e9s ; ces trois \u00e9l\u00e9ments essentiels de la vie mo\u00adrale sont immuables en eux-m\u00eames et cependant progressifs dans leur expression. La Foi s\u2019explique par Y interpr\u00e9tation successive du Dogme ; la Charit\u00e9 s\u2019applique par la multiplication perp\u00e9tuelle des \u0152uvres, et, \u00e0 mesure que le Culte se d\u00e9veloppe, l\u2019Esp\u00e9rance se fortifie.<\/p>\n<p>Mais ce progr\u00e8s n est pas laiss\u00e9 au caprice et \u00e0 la faiblesse de F humanit\u00e9. Il se fait par une inter\u00advention de Dieu. L\u2019intervention de Dieu a \u00e9t\u00e9 di\u00adverse selon les \u00e2ges. Au temps de l\u2019enfance de l\u2019humanit\u00e9, il conversa avec elle par des pro\u00addiges; il lui parla dans la nu\u00e9e et dans le buis\u00adson ardent, par des apparitions et par des Anges. Plus tard, il lui envoya des ambassadeurs, rares en nombre, et extraordinaires dans leur langage, qui furent salu\u00e9s du titre de Proph\u00e8tes. Et quand elle eut grandi, Dieu, comme si en m\u00eame temps e\u00fbt grandi son amour, descendit vers elle, et d\u00e9\u00adsormais il communiqua avec elle, non plus par des messages surnaturels qui apportaient toujours quelque terreur, mais par une \u00e9troite union et par un entretien de tous les jours comme l\u2019Epoux avec l\u2019\u00c9pouse : et l\u2019\u00c9pouse, c\u2019est l&rsquo;\u00c9glise. Sous cette autorit\u00e9 protectrice, l\u2019humanit\u00e9, s\u2019avan\u00e7ant chaque jour plus pr\u00e8s du but sacr\u00e9, le voit chaque jour entour\u00e9 de plus de splendeur, depuis cette \u00e9poque lointaine o\u00f9 Abraham recevait la pro\u00admesse obscure de la r\u00e9demption dans l\u2019horreur d\u2019un songe nocturne, et depuis ces si\u00e8cles d\u2019attente o\u00f9 Isra\u00ebl \u00e9coutait la lyre d\u2019Isa\u00efe rendre des sons plus clairs aux approches d\u2019un avenir d\u00e9j\u00e0 voisin ; jusqu\u2019au temps o\u00f9 la parole \u00e9vang\u00e9lique coula limpide el majestueuse de la bouche du Sau\u00adveur; jusqu\u2019\u00e0 scs conciles de Nic\u00e9e, de Latran et de Trente, o\u00f9 la doctrine chr\u00e9tienne se pr\u00e9cisa dans toute sa force, et se d\u00e9ploya dans toule son immensit\u00e9<span id='easy-footnote-1-107027' class='easy-footnote-margin-adjust'><\/span><span class='easy-footnote'><a href='https:\/\/vincentians.com\/fr\/du-progres-par-le-christianisme-3\/#easy-footnote-bottom-1-107027' title='In quo (Christo Jesu) omnis \u00e6dificatio constructa &lt;em&gt;crescit&lt;\/em&gt; in Templum sanctum&amp;#8230; Donec occurramus omnes in imitatem fidei in mensuram \u00e6tatis plenitudinis Christi&amp;#8230; (S. Paul, &lt;em&gt;\u00c9pitre aux \u00caph\u00e9siens&lt;\/em&gt;.) \u2014 Il est inutile de reproduire le texte si connu de saint Vincent de L\u00e9rins, sur le &lt;em&gt;Progr\u00e8s dans l&amp;rsquo;\u00c9glise&lt;\/em&gt;.'><sup>1<\/sup><\/a><\/span>.<\/p>\n<p>Et d\u00e9sormais nous avons retrouv\u00e9 ces deux con\u00additions, sans lesquelles le progr\u00e8s ne saurait exister et dont les syst\u00e8mes rationalistes nous offraient l\u2019absence : un type vivant de perfection auquel l\u2019homme soit attir\u00e9, et une lumi\u00e8re plac\u00e9e hors de lui qui r\u00e9claire et le conduise. La r\u00e9v\u00e9lation du monde invisible, donn\u00e9e par le Christianisme, va devenir le principe g\u00e9n\u00e9rateur et r\u00e9gulateur du progr\u00e8s dans le monde visible.<\/p>\n<p>La cr\u00e9ation est empreinte de trois caract\u00e8res qui sont les reflets de la gloire divine : le vrai, le bien et le beau. Le vrai, dons les choses cr\u00e9\u00e9es, c\u2019est la nature m\u00eame des choses telle que Dieu l\u2019a con\u00e7ue ; le bien, c\u2019est la fin des choses telle qu\u2019il l\u2019a vou\u00adlue; le beau, c\u2019est l\u2019harmonie qu\u2019il a mise entre la nature de chaque chose et la fin qu\u2019il lui a pres\u00adcrite.<\/p>\n<p>L\u2019homme est le repr\u00e9sentant du Cr\u00e9ateur : fait \u00e0 son image, il porte en lui les trois attributs d\u2019in\u00adtelligence, d\u2019amour et de puissance.<\/p>\n<p>Par son intelligence, l\u2019homme s\u2019\u00e9l\u00e8ve \u00e0 la con\u00adnaissance du vrai, et le r\u00e9sultat se nomme science ; par l\u2019amour, il tend vers le bien des \u00eatres, et particuli\u00e8rement des \u00eatres libres, aimants et respon\u00adsables comme lui, et le r\u00e9sultat est la vie sociale; par sa puissance enfin, l\u2019homme, qui a per\u00e7u les rapports au moyen desquels les cr\u00e9atures sont coordonn\u00e9es \u00e0 leur fin, et l\u2019harmonie, qui en fait la beaut\u00e9, ambitionne de reproduire ces rapports et cette harmonie : et le r\u00e9sultat, c\u2019est l\u2019art.<\/p>\n<p>De m\u00eame donc que la v\u00e9rit\u00e9, la bont\u00e9 et la beaut\u00e9 dans le monde sont le reflet des perfections de Dieu; ainsi, pour l\u2019homme, la foi, l\u2019esp\u00e9rauce et la charit\u00e9 dominent les trois facult\u00e9s d\u2019intelli\u00adgence, de puissance et d\u2019amour, et pr\u00e9sident \u00e0 leur action dans la science, dans l\u2019art et dans la vie sociale.<\/p>\n<p>Voici donc devant nous un imposant spectacle : la Religion parcourant toutes les sph\u00e8res de l\u2019acti\u00advit\u00e9 humaine pour y faire jaillir du chaos la f\u00e9con\u00addit\u00e9, l\u2019ordre et la vie. Nous n\u2019essayerons pas de comprendre toute l\u2019\u00e9tendue de cette op\u00e9ration mer\u00adveilleuse, ni d\u2019en d\u00e9crire les innombrables effets. Nous nous contenterons d\u2019en signaler les traits principaux, et de suivre de loin, dans chacune de ces sph\u00e8res, le sillage brillant qui annonce que l\u2019envoy\u00e9e du Ciel a pass\u00e9 par l\u00e0.<\/p>\n<p>Premi\u00e8rement, quelle peut \u00eatre, sur les progr\u00e8s de la science, l\u2019influence bienfaisante de la foi ? Comme l\u2019aigle enl\u00e8ve son aiglon dans les airs pour lui apprendre \u00e0 fixer des yeux le soleil, et de m\u00eame qu\u2019habitue \u00e0 contempler face \u00e0 face l\u2019astre br\u00fb\u00adlant, le jeune oiseau plonge un regard plus assur\u00e9 vers la terre et distingue plus ais\u00e9ment sa proie au fond de l\u2019ab\u00eeme : de m\u00eame la foi, s\u2019emparant de l\u2019esprit humain d\u00e8s l\u2019heure de son premier r\u00e9veil, le fait planer dans les r\u00e9gions les plus \u00e9lev\u00e9es de la pens\u00e9e, accoutume son \u0153il aux contemplations les plus \u00e9blouissantes et exerce ses forces aux m\u00e9dita\u00adtions les plus ardues ; alors, si l\u2019esprit redescendu de ces hauteurs veut explorer \u00e0 leur tour les r\u00e9\u00adgions de la science, il y monte sans effort et s\u2019y meut sans peine, il distingue avec rapidit\u00e9 la v\u00e9rit\u00e9 sur laquelle il peut se reposer, il s\u2019y attache avec pers\u00e9v\u00e9rance; et les premiers bienfaits qu\u2019il re\u00adcueille dans cette \u00e9ducation de la foi, dans ce com\u00admerce journalier des id\u00e9es religieuses, ce sont des habitudes m\u00e9ditatives et s\u00e9v\u00e8res, une port\u00e9e de vue large et profonde, et une droiture exquise de juge\u00adment.<\/p>\n<p>Mais ce n\u2019est point assez ; et, tout exerc\u00e9e que soit l\u2019intelligence, elle rencontre dans son empire des t\u00e9n\u00e8bres qui l\u2019arr\u00eatent. En effet, les sciences peuvent se diviser en deux grandes cat\u00e9gories selon les objets diff\u00e9rents dont elles s\u2019occupent. Les unes \u00e9tudient les faits libres et vari\u00e9s qui se sont accom\u00adplis au sein de l\u2019humanit\u00e9, les r\u00e9volutions qu\u2019elle a subies et les raisons qui les produisirent; et ces sciences, qu\u2019on nomme historiques, pr\u00e9sentent deux probl\u00e8mes de la solution desquels d\u00e9pend tonte leur \u00e9conomie : le probl\u00e8me des origines de l\u2019humanit\u00e9 rest\u00e9es ensevelies dans les ombres du pass\u00e9, et le probl\u00e8me de ses destin\u00e9es perdues dans les nuages de l&rsquo;avenir. Les autres se proposent l\u2019investigation des ph\u00e9nom\u00e8nes uniformes et r\u00e9gu\u00adliers qui se succ\u00e8dent dans l\u2019homme et dans l\u2019uni\u00advers, et des lois absolues auxquelles ces ph\u00e9nom\u00e8nes sont soumis; et ces sciences, qui s\u2019appellent philo\u00adsophiques et physiques, ont deux probl\u00e8mes non moins graves : celui de la cause premi\u00e8re ou de l\u2019existence de Dieu, et celui de la distinction des deux substances, de la mati\u00e8re et de l\u2019esprit. Et \u00e0 voir avec quelle opini\u00e2trel\u00e9 ces quatre questions sont agit\u00e9es depuis quatre mille ans, il faut conve\u00adnir que si elles ne sont pas insolubles, du moins la r\u00e9ponse est-elle difficile. Or la foi,&rsquo;de son c\u00f4t\u00e9, est en possession de deux sortes de dogmes : les uns composent son histoire, et les autres sa doctrine. Sou histoire n\u2019est autre que le r\u00e9cit des rapports sp\u00e9ciaux de Dieu avec l\u2019humanii\u00e9, elle embrasse donc l\u2019histoire de l\u2019humanit\u00e9 tou! enti\u00e8re, son ori\u00adgine et ses destin\u00e9es. Sa doctrine n\u2019est au(re que la r\u00e9v\u00e9lation de la nature de Dieu et de ses rapports g\u00e9n\u00e9raux avec les cr\u00e9atures; elle renferme donc la notion de la cause premi\u00e8re, et la loi fondamentale de la distinction des deux substances. Ainsi les dogmes r\u00e9v\u00e9l\u00e9s sont la trame sur laquelle toule science historique, physique ou philosophique devra tresser ses fils et former son tissu, Et, comme la foi ne permet pas que ses dogmes soient r\u00e9vo\u00adqu\u00e9s en doute, elle emp\u00eache que, la trame \u00e9tant bris\u00e9e, le tissu ne soit d\u00e9truit. L\u2019antiquit\u00e9 grecque et romaine ne connut point cette association de la foi et de l\u2019intelligence, et c\u2019est pourquoi elle vit si peu grandir les sciences physiques, et ne poss\u00e9da jamais ni une histoire universelle, ni une philoso\u00adphie compl\u00e8te. En l\u2019absence de l\u2019autorit\u00e9 du dogme, les si\u00e8cles se consumaient \u00e0 discuter les questions g\u00e9n\u00e9rales ; chaque \u00e9cole ne s\u2019abaissait \u00e0 l\u2019\u00e9tude des ph\u00e9nom\u00e8nes qu\u2019apr\u00e8s avoir pos\u00e9 une s\u00e9rie d\u2019hy\u00adpoth\u00e8ses qu\u2019une autre \u00e9cole venait de r\u00e9duire en poussi\u00e8re, et leur labeur \u00e9tait pareil \u00e0 cette toile de P\u00e9n\u00e9lope o\u00f9 chaque nuit an\u00e9antissait l\u2019ouvrage de chaque jour.<\/p>\n<p>L\u2019intelligence rencontre donc dans les enseigne\u00adments de la foi, et les instruments et les mat\u00e9riaux de son \u0153uvre, et la garantie de son succ\u00e8s. Et r\u00e9ci\u00adproquement la science, quand elle sera parvenue au plus haut degr\u00e9 qu\u2019il lui soit permis d\u2019atteindre, lorsqu\u2019elle embrassera dans ses sp\u00e9culations toutes les lois de l\u2019humanit\u00e9 et toutes celles de la nature, n\u2019aura fait qu\u2019\u00e9crire en lettres immortelles la jus\u00adtification de la Providence cr\u00e9atrice et le commen\u00adtaire du dogme r\u00e9v\u00e9l\u00e9.<\/p>\n<p>Si les hommes ont besoin de conna\u00eetre, ils ont encore plus besoin d\u2019aimer : l\u2019amour les rapproche, et ce rapprochement, en devenant durable, cons\u00adtitue la vie sociale. Dans la vie sociale, il faut que chaque individu abdique pour le bien g\u00e9n\u00e9ral une portion de son ind\u00e9pendance, et qu\u2019il existe un pouvoir qui re\u00e7oive et maintienne cette abdication. Il faut aussi que chaque individu conserve la part d\u2019ind\u00e9pendance qui lui est n\u00e9cessaire pour tra\u00advailler \u00e0 son propre perfectionnement, et que le pouvoir lui en garantisse la possession paisible. Autorit\u00e9 et Libert\u00e9, voil\u00e0 les deux mobiles essen\u00adtiels des soci\u00e9t\u00e9s humaines : de l\u2019\u00e9quilibre et de l\u2019action combin\u00e9e de ces deux mobiles r\u00e9sulte la Justice.<\/p>\n<p>Mais souvent, dans la recherche de leur bien- \u00eatre personnel, les individus ont lieu de regretter l\u2019abandon qu\u2019ils ont fait d\u2019un lambeau de libert\u00e9, et la tentation leur vient de le reconqu\u00e9rir. L\u2019au\u00adtorit\u00e9, \u00e0 son tour, sachant ce qu\u2019ils regrettent et ce qu\u2019ils m\u00e9ditent, s\u2019efforce de resserrer plus \u00e9troi\u00adtement des liens qu&rsquo;elle redoute de voir briser. Ces deux principes entrent donc en lutte, et l\u2019issue de la lutte est toujours funeste. Car, si la libert\u00e9 est victorieuse, son triomphe est l\u2019anarchie, c\u2019est-\u00e0- dire la d\u00e9vastation de la chose publique au profit des passions de chacun. Si au contraire l\u2019autorit\u00e9 l\u2019emporte, son triomphe est la tyrannie, c\u2019est-\u00e0-dire la confiscation de la chose publique au profit d\u2019un seul. Dans le premier cas, c\u2019est la multitude qui d\u00e9truit l\u2019\u00e9difice social pour en disperser les pierres ; dans le second, c\u2019est un homme qui renverse aussi l\u2019\u00e9difice, mais qui en ramasse les pierres pour s\u2019en construire un palais. Ainsi s\u2019expliquent, et ces combats s\u00e9culaires que les rois et les peuples se sont livr\u00e9s, et les ruines immenses qu\u2019ils ont lais\u00ads\u00e9es derri\u00e8re eux.<\/p>\n<p>Comment donc concilier la libert\u00e9 et l\u2019autorit\u00e9? Qui peut r\u00e9tablir entre elles une alliance parfaite, et fonder ainsi le r\u00e8gne de la justice? C\u2019est la cha\u00adrit\u00e9. La charit\u00e9, faisant converger les volont\u00e9s libres vers un but unique qui est Dieu, en pr\u00e9sence du\u00adquel toute personnalit\u00e9 s\u2019efface, leur enseigne ainsi \u00e0 se r\u00e9unir dans une abn\u00e9gation commune ; puis, d\u00e9couvrant \u00e0 chaque homme l\u2019image de Dieu dans ses fr\u00e8res, elle lui apprend \u00e0 s\u2019incliner devant eux sans s\u2019avilir. En m\u00eame temps la charit\u00e9 rappelle aux d\u00e9positaires de l\u2019autorit\u00e9 qu\u2019ils tiennent ici-bas la place de cette Providence, qui n\u2019use de sa puis\u00adsance souveraine que pour le bien des cr\u00e9atures : le pouvoir devient un sacrifice comme l\u2019ob\u00e9issance; l\u2019autorit\u00e9 et la libert\u00e9 se rencontrent sur le chemin du d\u00e9vouement. Alors peu importent les constitu\u00adtions politiques, qu\u2019un seul ou qu\u2019un petit nombre gouverne, ou que la force soit remise entre les mains de tous. Qu\u2019importe la forme de l\u2019autel, pourvu qu\u2019on n\u2019y d\u00e9pose que du feu sacr\u00e9 et qu\u2019on n\u2019y br\u00fble qu\u2019un encens pur?<\/p>\n<p>Lorsque la vie sociale s\u2019est ainsi ranim\u00e9e \u00e0 la chaleur de la charit\u00e9, rien ne saurait l\u2019arr\u00eater dans son expansion: elle va multipliant sur la terre la joie et le bonheur, elle est f\u00e9conde en vertus et en \u0153uvres; elle n\u2019est plus autre chose que l\u2019accom\u00adplissement progressif des desseins mis\u00e9ricordieux de la bont\u00e9 divine.<\/p>\n<p>L\u2019esprit n\u2019est jamais rassasi\u00e9 de science, et le c\u0153ur n\u2019est jamais d\u00e9salt\u00e9r\u00e9 d\u2019amour, et cepen\u00addant, quand l\u2019homme conna\u00eet ce qu\u2019il aime, il lui semble que son \u00e2me trop pleine soit oblig\u00e9e de se r\u00e9pandre au dehors, il a besoin de repro\u00adduire. Cette loi myst\u00e9rieuse pr\u00e9side aux op\u00e9ra\u00adtions les plus solennelles de la nature humaine : quand deux \u00e9poux se sont connus et aim\u00e9s, c\u2019est elle qui leur fait se donner des enfants \u00e0 leur ressemblance. Dans l\u2019ordre de faits moins grave qui nous occupe, c\u2019est elle qui explique l\u2019origine de l\u2019art.<\/p>\n<p>L\u2019homme a re\u00e7u la puissance, mais non la puis\u00adsance de cr\u00e9er. Il ne saurait donc produire des \u00eatres, mais des mani\u00e8res d\u2019\u00eatre, des rapports, des harmonies, des beaut\u00e9s. 11 ne saurait non plus produire sans un type. Or ce type, o\u00f9 le cherchera- t-il? Sera-ce dans les images grossi\u00e8res d\u2019une nature d\u00e9grad\u00e9e qui lui sont donn\u00e9es par les sens? Sera-ce dans des notions abstraites et dans une nature chi\u00adm\u00e9rique et conventionnelle r\u00eav\u00e9e par la raison? Non, ce sera plus haut; ce sera dans la con\u00adtemplation de la nature, telle que l\u2019Ouvrier Su\u00adpr\u00eame l\u2019a faite. Ce sera 1 harmonie des choses, telle qu\u2019elle existe dans les id\u00e9es \u00e9ternelles, qui se r\u00e9v\u00e9lera \u00e0 l\u2019homme au moyen de l\u2019inspiration et qu\u2019il appellera Beaut\u00e9 Id\u00e9ale.<\/p>\n<p>La reproduction du beau par la parole, par des sons cadenc\u00e9s, par des figures et par des monu\u00adments, est l\u2019objet de l\u2019art sous ses diverses formes. Toutefois fhomme ne peut parvenir \u00e0 l\u2019intuition imm\u00e9diate de la pens\u00e9e divine, et d\u2019un autre c\u00f4t\u00e9 il ne trouve jamais dans le signe mat\u00e9riel qu\u2019il emploie une expression assez pure et assez com\u00adpl\u00e8te de sa propre pens\u00e9e. Toujours ses concep\u00adtions demeurent au-dessous de son type, et toujours ses \u0153uvres au-dessous de ses conceptions.<\/p>\n<p>D\u2019o\u00f9 vient donc \u00e0 l\u2019homme cette ambition ma\u00adgnanime de monter sans rel\u00e2che vers une beaut\u00e9 souveraine qu\u2019il ne lui est pas permis d\u2019atteindre? D\u2019o\u00f9 lui vient cette patience infatigable, de retou\u00adcher sans cesse des traits qu\u2019il sait ne devoir jamais r\u00e9fl\u00e9chir toute la perfection de l\u2019original? Quel est ce g\u00e9nie prisonnier qui s\u2019\u00e9lance aussi haut que lui permet sa cha\u00eene, et que jamais ne d\u00e9cou\u00adragent ses chutes? Quel est-il, sinon le g\u00e9nie de l\u2019esp\u00e9rance?<\/p>\n<p>L\u2019esp\u00e9rance est le principe de l\u2019art. Elle lui donne l\u2019essor, elle le soutient dans son vol, elle l\u2019aide et le conduit dans les deux sortes de progr\u00e8s dont il est susceptible : l\u2019ascension continuelle de l\u2019\u00e2me vers un id\u00e9al parfait, la spiritualisation&rsquo; in\u00add\u00e9finie des signes dont l\u2019\u00e2me se sert pour exprimer ses visions.<\/p>\n<p>Et l\u2019art \u00e0 son tour, quand il s\u2019\u00e9l\u00e8ve \u00e0 son plus noble emploi, quand il se consacre \u00e0 la repr\u00e9sen\u00adtation des choses les plus grandes et \u00e0 l\u2019expression des sentiments les plus sublimes, lorsqu\u2019il cherche \u00e0 saisir et \u00e0 dessiner sur le voile de la cr\u00e9ation l\u2019ombre majestueuse du Cr\u00e9ateur, l\u2019art se confond avec le culte. La po\u00e9sie et la musique, devenues les interpr\u00e8tes des plus \u00e9loquents soupirs du c\u0153ur, traduisent la pri\u00e8re en hymnes et en cantiques : la peinture et la sculpture retracent les images des plus belles d\u2019entre les cr\u00e9atures terrestres, les images des saints; l\u2019architecture \u00e9l\u00e8ve le temple, et le temple avec tout ce qui s\u2019y passe, avec l\u2019autel o\u00f9 repose la majest\u00e9 de Dieu, avec les chants et les parfums, avec la pompe des pr\u00eatres et la gran\u00addeur de l\u2019assembl\u00e9e, n\u2019est qu\u2019un vaste symbole et une figure \u00e9bauch\u00e9e du Ciel.<\/p>\n<p>Descendons dans une derni\u00e8re et plus humble sph\u00e8re, et voyons si nous y retrouverons encore quelques rayons lointains de la splendeur d\u2019en haut. L\u2019humanit\u00e9 ne vit pas seulement de la vie de l\u2019esprit, mais aussi de celle du corps; elle est sou\u00admise aux exigences de l\u2019organisation animale: elle a des besoins mat\u00e9riels. L\u2019application de l\u2019activit\u00e9 humaine \u00e0 la satisfaction des besoins mat\u00e9riels constitue le travail. Le travail suppose l\u2019exercice des trois facult\u00e9s d\u2019intelligence, d\u2019amour et de puissance.<\/p>\n<p>Pour que l\u2019homme subjugue la terre, il faut qu\u2019il la connaisse. S\u2019il \u00e9tait jet\u00e9 seul et ignorant au milieu de la cr\u00e9ation, il lui arriverait de deux choses l\u2019une : ou bien le spectacle des forces de la nature le frapperait de terreur, il&rsquo; n\u2019oserait y r\u00e9\u00adsister, il demeurerait plong\u00e9 dans une inaction stupide et p\u00e9rirait de faiblesse : ou bien l\u2019instinct de sa conservation l\u2019emporterait, il jetterait sur la nature un regard de d\u00e9vorante cupidit\u00e9, il se pr\u00e9\u00adcipiterait sur elle comme sur une proie, et il p\u00e9ri\u00adrait encore, soit dans la violence des luttes in\u00e9gales qu\u2019il voudrait livrer, soit dans l\u2019enivrement des volupt\u00e9s qu\u2019il aurait conquises. Il lui faut donc un enseignement qui lui fasse conna\u00eetre que la terre lui a \u00e9t\u00e9 donn\u00e9e, non pour la ravager, mais pour la rendre f\u00e9conde ; qu\u2019il en doit \u00eatre le monarque paisible et non l\u2019esclave ou le tyran; et qu\u2019il doit respecter en elle l\u2019\u0153uvre et le pr\u00e9sent de Dieu. Cet enseignement est celui de la foi.<\/p>\n<p>L\u2019homme ne peut accepter la loi rigoureuse et humiliante du travail qu\u2019en vue d\u2019une fin. S\u2019il n\u2019a d\u2019autre fin que son bien-\u00eatre, il travaillera peu et mal : peu, parce qu\u2019il ne versera de sueurs que juste autant qu\u2019il sera n\u00e9cessaire pour l\u2019entretien de ses jouissances; mal, parce que dans l\u2019impa\u00adtience de ses d\u00e9sirs il emploiera des proc\u00e9d\u00e9s d\u2019ex\u00adploitation destructeurs; il cassera la branche pour cueillir les fruits. La charit\u00e9, au contraire, lui fait accepter le travail avec joie, comme un fardeau qu\u2019elle lui montre impos\u00e9 par la main de son ma\u00eetre bien-aim\u00e9, et qu\u2019elle lui apprend \u00e0 porter pour le soulagement de ses fr\u00e8res. Elle lui fait faire une part de ses sueurs, pour ceux qui n\u2019ont que des larmes, pour ceux qui sont pauvres et fai\u00adbles; elle \u00e9tend ses pr\u00e9visions, non-seulement au del\u00e0 de l\u2019heure et de la n\u00e9cessit\u00e9 pr\u00e9sentes, mais jusqu\u2019au del\u00e0 de la tombe. La vie de chaque p\u00e8re de famille devient un long sacrifice au bonheur de ses enfants ; la vie de chaque citoyen une immo\u00adlation g\u00e9n\u00e9reuse \u00e0 la prosp\u00e9rit\u00e9 de son pays.<\/p>\n<p>Enfin, l\u2019homme ne saurait se mettre \u00e0 l\u2019\u0153uvre s\u2019il n\u2019a le sentiment de sa puissance, s\u2019il n\u2019a con\u00adfiance en la f\u00e9condit\u00e9 de son labeur. Qui donc lui a dit que le grain enfoui par lui par la gl\u00e8be res\u00adsusciterait, et que le soleil de l\u2019\u00e9t\u00e9 m\u00fbrirait la grappe suspendue \u00e0 sa vigne? Qui lui a donn\u00e9 la certitude de la permanence des lois de la cr\u00e9ation, sur lesquelles son industrie sc fonde? C\u2019est l\u2019esp\u00e9\u00adrance, c\u2019est elle qui l\u2019assure que le P\u00e8re c\u00e9leste ne l\u2019abandonne point dans son exil, et que, ne pouvant pas se manifester imm\u00e9diatement \u00e0 lui pendant ses jours d\u2019\u00e9preuve, il lui donne au moins des signes de son assistance invisible par ses bienfaits.<\/p>\n<p>Sous cette triple influence du principe religieux, le travail prosp\u00e8re et l\u2019industrie se d\u00e9veloppe. L\u2019effet du d\u00e9veloppement de l\u2019industrie est la mul\u00adtiplication des moyens m\u00e9caniques, et le rempla\u00adcement progressif du labeur mat\u00e9riel de l\u2019homme par un simple travail de surveillance et de direc\u00adtion. Ainsi ce roi de la nature la gouverne par sa pens\u00e9e, ses besoins mat\u00e9riels n\u2019occupent plus une place exclusive dans sa sollicitude, et lui laissent plus de loisir pour accomplir la t\u00e2che glorieuse de son perfectionnement moral.<\/p>\n<p>Arr\u00eatons-nous et essayons de r\u00e9sumer en quel\u00adques lignes ce qui vient d\u2019\u00eatre dit.<\/p>\n<p>L\u2019humanit\u00e9 est faite pour le progr\u00e8s.<\/p>\n<p>Le progr\u00e8s ne peut exister qu\u2019avec deux condi\u00adtions : un principe qui le d\u00e9termine, et une loi qui le dirige et qui lui serve de mesure.<\/p>\n<p>La philosophie rationaliste, en pla\u00e7ant dans l\u2019homme lui-m\u00eame ce principe et cette loi, le con\u00adduit logiquement au panth\u00e9isme, \u00e0 l\u2019\u00e9go\u00efsme, au taialisme ; ne lui laisse rien conna\u00eetre, rien aimer, rien produire hors de soi, et le condamne \u00e0 l\u2019im\u00admobilit\u00e9.<\/p>\n<p>Le Christianisme, au contraire, place hors de l&rsquo;homme et dans le sein de Dieu le principe et la loi du progr\u00e8s. Ce principe et cette loi sont r\u00e9v\u00e9l\u00e9s : une autorit\u00e9 immuable en est d\u00e9positaire. Cette autorit\u00e9 initie l\u2019homme par la foi, par l\u2019esp\u00e9rance et par la charit\u00e9 \u00e0 la v\u00e9rit\u00e9, \u00e0 la beaut\u00e9 et \u00e0 la bont\u00e9 infinies, elle le fait progresser vers ce monde invisible qu\u2019il doit habiter un jour.<\/p>\n<p>Dans le &lsquo;monde visible, le Christianisme permet \u00e0 l\u2019homme de marcher au gr\u00e9 de sa libert\u00e9, et cependant il l\u2019accompagne encore, vivifiant son intelligence par la foi, f\u00e9condant son amour parla charit\u00e9, multipliant sa puissance par l\u2019esp\u00e9rance, et assurant ainsi son progr\u00e8s dans la science, dans la vie sociale et dans les arts : cette action bien\u00adfaisante s\u2019\u00e9tend m\u00eame sur le travail mat\u00e9riel et sur l\u2019industrie, dont elle encourage la prosp\u00e9rit\u00e9.<\/p>\n<p>Le Christianisme a donc compris l\u2019humanit\u00e9 tout enti\u00e8re, avec ses destin\u00e9es et ses besoins : et les esprits de nos jours, alors qu\u2019ils cherchent une doctrine de progr\u00e8s, doivent tourner vers lui leurs regards. Toutefois une chose encore les effraye : c\u2019est cette autorit\u00e9 qui pose des limites \u00e0 la libert\u00e9 humaine, et qui consacre ces limites par un ana- tli\u00e8me ; c\u2019est cette orthodoxie s\u00e9v\u00e8re qui pr\u00e9tend captiver les intelligences dans un m\u00eame bercail et leur cric : \u00ab Hors de moi point de salut. \u00bb Essayons de faire comprendre par une similitude cette parole qui semble dure. \u2014L\u2019homme est libre de s\u2019agiter ainsi qu\u2019il lui pla\u00eet sur la face du globe terrestre, il y peut accro\u00eetre ind\u00e9finiment son pouvoir et son bien-\u00eatre, il peut s\u2019en faire un empire, et certes cet empire est assez vaste : cependant le globe est plong\u00e9 dans une atmosph\u00e8re qui l\u2019environne de toutes parts, dont les \u00e9l\u00e9ments ont \u00e9t\u00e9 calcul\u00e9s avec une pr\u00e9cision admirable pour la conservation des \u00eatres destin\u00e9s \u00e0 y vivre, et l\u2019homme ne saurait en sortir sans expirer dans le vide. L\u2019hortodoxie chr\u00e9tienne est l\u2019atmosph\u00e8re religieuse de l\u2019humanit\u00e9 : Dieu m\u00eame a combin\u00e9 avec une sagesse infinie les principes qui la composent ; et toutes les \u00e2mes qui peuvent se mouvoir librement dans les diverses r\u00e9gions de la science, ou de l\u2019art, ou de la vie sociale, se meuvent et vivent dans cette at\u00admosph\u00e8re : est-il donc \u00e9tonnant qu\u2019elles p\u00e9rissent si elles veulent s\u2019en \u00e9chapper ? Et si elles trouvent mauvais que le Cr\u00e9ateur leur ait fix\u00e9 des bornes, qu\u2019il ait impos\u00e9 des conditions \u00e0 leur existence morale, elles sont dans le d\u00e9lire, elles se plaignent de ce que Dieu ne les a pas faites des Dieux comme lui.<\/p>\n<p>Apr\u00e8s avoir envisag\u00e9 le Christianisme sous un point de vue purement sp\u00e9culatif, apr\u00e8s avoir re\u00adconnu \u00e0 priori la grandeur et la f\u00e9condit\u00e9 de ses enseignements, il resterait \u00e0 le suivre dans l\u2019his\u00adtoire. L\u00e0 on le verrait pr\u00e9parer la voie que le genre humain doit parcourir et y placer trois radieuses images de la perfection dont l\u2019aspect triplera son courage et ses forces : \u00e0 l\u2019entr\u00e9e, le souvenir de rinnocence primitive ; \u00e0 la fin, la vision proph\u00e9\u00adtique del\u00e0 glorification future ; au milieu, la figure sacr\u00e9e du Christ r\u00e9unissant dans sa personne la nature humaine \u00e0 la nature divine. On verrait le. genre humain se diviser en deux parties et l\u2019une des deux abandonner l\u2019autorit\u00e9 de la tradition v\u00e9\u00adritable et s\u2019aller perdre dans une d\u00e9gradation tou\u00adjours croissante, marche r\u00e9trograde dont le paganisme offre l\u2019exemple clans les temps antiques, l\u2019h\u00e9r\u00e9sie dans les temps modernes, le rationalisme dans les uns et dans les autres. On verrait la partie fid\u00e8le de l\u2019humanit\u00e9 s\u2019avancer sous l\u2019\u0153il de Dieu, passer de la forme patriarcale \u00e0 la forme de peuple, et de celle-ci \u00e0 la forme universelle ou catholique: dans ce dernier \u00e9tat, on verrait enfin* l\u2019humanit\u00e9 chr\u00e9tienne, grandissant encore, traverser successi\u00advement l\u2019\u00e8re de la foi, qui est celle des martyrs et des P\u00e8res, l\u2019\u00e8re de l\u2019esp\u00e9rance, qui embrasse les temps laborieux du moyen \u00e2ge, et l\u2019\u00e8re de la charit\u00e9, qui commence au si\u00e8cle de sainte Th\u00e9r\u00e8se, de saint Charles Borrom\u00e9e et de saint Fran\u00e7ois de Sales, arrive jusqu\u2019\u00e0 nous et doit se prolonger jusqu\u2019\u00e0 la r\u00e9alisation compl\u00e8te del\u00e0 loi \u00e9vang\u00e9lique dans l\u2019\u00e9tat&rsquo; social : \u00e9poque o\u00f9 la cit\u00e9 de la terre se transfigu\u00adrera pour devenir la cit\u00e9 de Dieu.<\/p>\n<p>D\u2019autres que nous traceront ce magnifique ta\u00adbleau. Notre t\u00e2che plus courte et plus modeste est accomplie. Nous voulions dire quelles doctrines pr\u00e9sideraient \u00e0 la nouvelle p\u00e9riode dans laquelle entre ce recueil. Et maintenant que l\u2019on sait nos doctrines, si l\u2019on nous interroge sur nos intentions, et qu\u2019on nous demande qui nous sommes, nous r\u00e9pondrons : Nous sommes comme le Samaritain de l\u2019Evangile : nous avons vu la soci\u00e9t\u00e9 gisante hors de son chemin, d\u00e9pouill\u00e9e et meurtrie qu\u2019elle avait \u00e9t\u00e9 par les larrons de l\u2019intelligence. Et le pr\u00eatre et le l\u00e9vite qui passaient pr\u00e8s d\u2019elle n\u2019ont point pass\u00e9 outre ; ils se sont approch\u00e9s avec amour, mais elle les a repouss\u00e9s dans son d\u00e9lire, elle en a eu peur. Nous donc qu\u2019elle ne conna\u00eet point, nous voudrions \u00e0 notre tour nous approcher d\u2019elle, et nous incliner sur ses blessures et y verser, s\u2019il se pouvail, l\u2019huile et le baume : nous voudrions, s\u2019il se pouvait, la relever de la fange, et la reconduire calme et soulag\u00e9e entre les mains de l\u2019Eglise, cette divine h\u00f4teli\u00e8re qui lui donnera le pain et lui montrera la route pour achever son p\u00e8lerinage vers l\u2019immortalit\u00e9.<\/p>\n<p><em>(Fin)<\/em><\/p>\n","protected":false},"excerpt":{"rendered":"<p>III Le genre humain, dans son existence terrestre, se compose d\u2019une s\u00e9rie de g\u00e9n\u00e9rations qui cou\u00advrent tour \u00e0 tour la face du globe d\u2019une multitude vivante, pour la couvrir ensuite d\u2019une poussi\u00e8re s\u00e9pulcrale. Si c\u2019est &#8230; <a href=\"https:\/\/vincentians.com\/fr\/du-progres-par-le-christianisme-3\/\" class=\"more-link\">Read More<\/a><\/p>\n","protected":false},"author":4,"featured_media":189781,"comment_status":"open","ping_status":"open","sticky":false,"template":"","format":"standard","meta":{"jetpack_post_was_ever_published":false,"_jetpack_newsletter_access":"","_jetpack_dont_email_post_to_subs":false,"_jetpack_newsletter_tier_id":0,"_jetpack_memberships_contains_paywalled_content":false,"_jetpack_memberships_contains_paid_content":false,"footnotes":"","jetpack_publicize_message":"","jetpack_publicize_feature_enabled":true,"jetpack_social_post_already_shared":true,"jetpack_social_options":{"image_generator_settings":{"template":"highway","default_image_id":0,"font":"","enabled":false},"version":2}},"categories":[120],"tags":[],"class_list":["post-107027","post","type-post","status-publish","format-standard","has-post-thumbnail","hentry","category-livres-de-frederic-ozanam"],"yoast_head":"<!-- This site is optimized with the Yoast SEO plugin v26.3 - https:\/\/yoast.com\/wordpress\/plugins\/seo\/ -->\n<title>Du progr\u00e8s par le christianisme (3) - Nous Sommes Vincentiens<\/title>\n<meta name=\"robots\" content=\"index, follow, max-snippet:-1, max-image-preview:large, max-video-preview:-1\" \/>\n<link rel=\"canonical\" href=\"https:\/\/vincentians.com\/fr\/du-progres-par-le-christianisme-3\/\" \/>\n<meta property=\"og:locale\" content=\"fr_FR\" \/>\n<meta property=\"og:type\" content=\"article\" \/>\n<meta property=\"og:title\" content=\"Du progr\u00e8s par le christianisme (3) - Nous Sommes Vincentiens\" \/>\n<meta property=\"og:description\" content=\"III Le genre humain, dans son existence terrestre, se compose d\u2019une s\u00e9rie de g\u00e9n\u00e9rations qui cou\u00advrent tour \u00e0 tour la face du globe d\u2019une multitude vivante, pour la couvrir ensuite d\u2019une poussi\u00e8re s\u00e9pulcrale. Si c\u2019est ... Read More\" \/>\n<meta property=\"og:url\" content=\"https:\/\/vincentians.com\/fr\/du-progres-par-le-christianisme-3\/\" \/>\n<meta property=\"og:site_name\" content=\"Nous Sommes Vincentiens\" \/>\n<meta property=\"article:publisher\" content=\"https:\/\/www.facebook.com\/WeAreVincentians\/\" \/>\n<meta property=\"article:author\" content=\"https:\/\/www.facebook.com\/JavierChento\" \/>\n<meta property=\"article:published_time\" content=\"2016-07-13T18:00:15+00:00\" \/>\n<meta property=\"article:modified_time\" content=\"2016-07-22T03:46:14+00:00\" \/>\n<meta property=\"og:image\" content=\"https:\/\/i0.wp.com\/vincentians.com\/fr\/wp-content\/uploads\/sites\/10\/2016\/07\/ozanam-progres-par-le-christianisme.jpg?fit=1200%2C630&ssl=1\" \/>\n\t<meta property=\"og:image:width\" content=\"1200\" \/>\n\t<meta property=\"og:image:height\" content=\"630\" \/>\n\t<meta property=\"og:image:type\" content=\"image\/jpeg\" \/>\n<meta name=\"author\" content=\"Francisco Javier Fern\u00e1ndez Chento\" \/>\n<meta name=\"twitter:card\" content=\"summary_large_image\" \/>\n<meta name=\"twitter:creator\" content=\"@https:\/\/twitter.com\/javierchento\" \/>\n<meta name=\"twitter:site\" content=\"@WeVincentians\" \/>\n<meta name=\"twitter:label1\" content=\"\u00c9crit par\" \/>\n\t<meta name=\"twitter:data1\" content=\"Francisco Javier Fern\u00e1ndez Chento\" \/>\n\t<meta name=\"twitter:label2\" content=\"Dur\u00e9e de lecture estim\u00e9e\" \/>\n\t<meta name=\"twitter:data2\" content=\"31 minutes\" \/>\n<script type=\"application\/ld+json\" class=\"yoast-schema-graph\">{\"@context\":\"https:\/\/schema.org\",\"@graph\":[{\"@type\":\"WebPage\",\"@id\":\"https:\/\/vincentians.com\/fr\/du-progres-par-le-christianisme-3\/\",\"url\":\"https:\/\/vincentians.com\/fr\/du-progres-par-le-christianisme-3\/\",\"name\":\"Du progr\u00e8s par le christianisme (3) - Nous Sommes Vincentiens\",\"isPartOf\":{\"@id\":\"https:\/\/vincentians.com\/fr\/#website\"},\"primaryImageOfPage\":{\"@id\":\"https:\/\/vincentians.com\/fr\/du-progres-par-le-christianisme-3\/#primaryimage\"},\"image\":{\"@id\":\"https:\/\/vincentians.com\/fr\/du-progres-par-le-christianisme-3\/#primaryimage\"},\"thumbnailUrl\":\"https:\/\/i0.wp.com\/vincentians.com\/fr\/wp-content\/uploads\/sites\/10\/2016\/07\/ozanam-progres-par-le-christianisme.jpg?fit=1200%2C630&ssl=1\",\"datePublished\":\"2016-07-13T18:00:15+00:00\",\"dateModified\":\"2016-07-22T03:46:14+00:00\",\"author\":{\"@id\":\"https:\/\/vincentians.com\/fr\/#\/schema\/person\/9623ef4d9aa3b2dfb8c061f1499288f2\"},\"breadcrumb\":{\"@id\":\"https:\/\/vincentians.com\/fr\/du-progres-par-le-christianisme-3\/#breadcrumb\"},\"inLanguage\":\"fr-FR\",\"potentialAction\":[{\"@type\":\"ReadAction\",\"target\":[\"https:\/\/vincentians.com\/fr\/du-progres-par-le-christianisme-3\/\"]}]},{\"@type\":\"ImageObject\",\"inLanguage\":\"fr-FR\",\"@id\":\"https:\/\/vincentians.com\/fr\/du-progres-par-le-christianisme-3\/#primaryimage\",\"url\":\"https:\/\/i0.wp.com\/vincentians.com\/fr\/wp-content\/uploads\/sites\/10\/2016\/07\/ozanam-progres-par-le-christianisme.jpg?fit=1200%2C630&ssl=1\",\"contentUrl\":\"https:\/\/i0.wp.com\/vincentians.com\/fr\/wp-content\/uploads\/sites\/10\/2016\/07\/ozanam-progres-par-le-christianisme.jpg?fit=1200%2C630&ssl=1\",\"width\":1200,\"height\":630},{\"@type\":\"BreadcrumbList\",\"@id\":\"https:\/\/vincentians.com\/fr\/du-progres-par-le-christianisme-3\/#breadcrumb\",\"itemListElement\":[{\"@type\":\"ListItem\",\"position\":1,\"name\":\"Portada\",\"item\":\"https:\/\/vincentians.com\/fr\/\"},{\"@type\":\"ListItem\",\"position\":2,\"name\":\"Du progr\u00e8s par le christianisme (3)\"}]},{\"@type\":\"WebSite\",\"@id\":\"https:\/\/vincentians.com\/fr\/#website\",\"url\":\"https:\/\/vincentians.com\/fr\/\",\"name\":\"Nous Sommes Vincentiens\",\"description\":\"Know more to serve more\",\"potentialAction\":[{\"@type\":\"SearchAction\",\"target\":{\"@type\":\"EntryPoint\",\"urlTemplate\":\"https:\/\/vincentians.com\/fr\/?s={search_term_string}\"},\"query-input\":{\"@type\":\"PropertyValueSpecification\",\"valueRequired\":true,\"valueName\":\"search_term_string\"}}],\"inLanguage\":\"fr-FR\"},{\"@type\":\"Person\",\"@id\":\"https:\/\/vincentians.com\/fr\/#\/schema\/person\/9623ef4d9aa3b2dfb8c061f1499288f2\",\"name\":\"Francisco Javier Fern\u00e1ndez Chento\",\"image\":{\"@type\":\"ImageObject\",\"inLanguage\":\"fr-FR\",\"@id\":\"https:\/\/vincentians.com\/fr\/#\/schema\/person\/image\/\",\"url\":\"https:\/\/secure.gravatar.com\/avatar\/497d5cde87b4c3d097d0315953521681ba2cd523ee66e5077c3711f7021e65de?s=96&d=mm&r=g\",\"contentUrl\":\"https:\/\/secure.gravatar.com\/avatar\/497d5cde87b4c3d097d0315953521681ba2cd523ee66e5077c3711f7021e65de?s=96&d=mm&r=g\",\"caption\":\"Francisco Javier Fern\u00e1ndez Chento\"},\"description\":\"Director General y cofundador de La Red de Formaci\u00f3n Vicenciana. Javier es laico vicenciano, afiliado a la Congregaci\u00f3n de la Misi\u00f3n y miembro del Equipo de Misiones Populares de la provincia can\u00f3nica de Zaragoza (Espa\u00f1a) de la Congregaci\u00f3n de la Misi\u00f3n. Graduado en la Universidad Oberta de Catalunya con cuatro grados (Asistente de direcci\u00f3n, Gesti\u00f3n Administrativa, Recursos Humanos y Contabilidad Avanzada). Bil\u00edng\u00fce Espa\u00f1ol\/Ingl\u00e9s. gestiona y mantiene varias p\u00e1ginas web cristianas y vicencianas, incluida including La Red de Formaci\u00f3n Vicenciana, de la que es cofundador. Actualmente es responsable del \u00e1rea de Espa\u00f1ol de .famvin, la Red de Noticias de la Familia Vicenciana. Tambi\u00e9n es m\u00fasico cat\u00f3lico y ha editado varios discos. Es Director General y cofundador de Trovador, una reconocida compa\u00f1\u00eda discogr\u00e1fica critiana de Espa\u00f1a. Trabaja en las Tecnolog\u00edas de la Informaci\u00f3n, ofreciendo servicios de alojamiento, dise\u00f1o y mantenimiento Web, as\u00ed como asesoramiento, formaci\u00f3n y soluciones inform\u00e1ticas, gesti\u00f3n documental y digitalizaci\u00f3n de textos, edici\u00f3n y maquetaci\u00f3n de libros, revistas, flyers, etc.\",\"sameAs\":[\"http:\/\/chento.org\",\"https:\/\/www.facebook.com\/JavierChento\",\"https:\/\/x.com\/https:\/\/twitter.com\/javierchento\"],\"url\":\"https:\/\/vincentians.com\/fr\/author\/chento\/\"}]}<\/script>\n<!-- \/ Yoast SEO plugin. -->","yoast_head_json":{"title":"Du progr\u00e8s par le christianisme (3) - Nous Sommes Vincentiens","robots":{"index":"index","follow":"follow","max-snippet":"max-snippet:-1","max-image-preview":"max-image-preview:large","max-video-preview":"max-video-preview:-1"},"canonical":"https:\/\/vincentians.com\/fr\/du-progres-par-le-christianisme-3\/","og_locale":"fr_FR","og_type":"article","og_title":"Du progr\u00e8s par le christianisme (3) - Nous Sommes Vincentiens","og_description":"III Le genre humain, dans son existence terrestre, se compose d\u2019une s\u00e9rie de g\u00e9n\u00e9rations qui cou\u00advrent tour \u00e0 tour la face du globe d\u2019une multitude vivante, pour la couvrir ensuite d\u2019une poussi\u00e8re s\u00e9pulcrale. Si c\u2019est ... Read More","og_url":"https:\/\/vincentians.com\/fr\/du-progres-par-le-christianisme-3\/","og_site_name":"Nous Sommes Vincentiens","article_publisher":"https:\/\/www.facebook.com\/WeAreVincentians\/","article_author":"https:\/\/www.facebook.com\/JavierChento","article_published_time":"2016-07-13T18:00:15+00:00","article_modified_time":"2016-07-22T03:46:14+00:00","og_image":[{"width":1200,"height":630,"url":"https:\/\/i0.wp.com\/vincentians.com\/fr\/wp-content\/uploads\/sites\/10\/2016\/07\/ozanam-progres-par-le-christianisme.jpg?fit=1200%2C630&ssl=1","type":"image\/jpeg"}],"author":"Francisco Javier Fern\u00e1ndez Chento","twitter_card":"summary_large_image","twitter_creator":"@https:\/\/twitter.com\/javierchento","twitter_site":"@WeVincentians","twitter_misc":{"\u00c9crit par":"Francisco Javier Fern\u00e1ndez Chento","Dur\u00e9e de lecture estim\u00e9e":"31 minutes"},"schema":{"@context":"https:\/\/schema.org","@graph":[{"@type":"WebPage","@id":"https:\/\/vincentians.com\/fr\/du-progres-par-le-christianisme-3\/","url":"https:\/\/vincentians.com\/fr\/du-progres-par-le-christianisme-3\/","name":"Du progr\u00e8s par le christianisme (3) - Nous Sommes Vincentiens","isPartOf":{"@id":"https:\/\/vincentians.com\/fr\/#website"},"primaryImageOfPage":{"@id":"https:\/\/vincentians.com\/fr\/du-progres-par-le-christianisme-3\/#primaryimage"},"image":{"@id":"https:\/\/vincentians.com\/fr\/du-progres-par-le-christianisme-3\/#primaryimage"},"thumbnailUrl":"https:\/\/i0.wp.com\/vincentians.com\/fr\/wp-content\/uploads\/sites\/10\/2016\/07\/ozanam-progres-par-le-christianisme.jpg?fit=1200%2C630&ssl=1","datePublished":"2016-07-13T18:00:15+00:00","dateModified":"2016-07-22T03:46:14+00:00","author":{"@id":"https:\/\/vincentians.com\/fr\/#\/schema\/person\/9623ef4d9aa3b2dfb8c061f1499288f2"},"breadcrumb":{"@id":"https:\/\/vincentians.com\/fr\/du-progres-par-le-christianisme-3\/#breadcrumb"},"inLanguage":"fr-FR","potentialAction":[{"@type":"ReadAction","target":["https:\/\/vincentians.com\/fr\/du-progres-par-le-christianisme-3\/"]}]},{"@type":"ImageObject","inLanguage":"fr-FR","@id":"https:\/\/vincentians.com\/fr\/du-progres-par-le-christianisme-3\/#primaryimage","url":"https:\/\/i0.wp.com\/vincentians.com\/fr\/wp-content\/uploads\/sites\/10\/2016\/07\/ozanam-progres-par-le-christianisme.jpg?fit=1200%2C630&ssl=1","contentUrl":"https:\/\/i0.wp.com\/vincentians.com\/fr\/wp-content\/uploads\/sites\/10\/2016\/07\/ozanam-progres-par-le-christianisme.jpg?fit=1200%2C630&ssl=1","width":1200,"height":630},{"@type":"BreadcrumbList","@id":"https:\/\/vincentians.com\/fr\/du-progres-par-le-christianisme-3\/#breadcrumb","itemListElement":[{"@type":"ListItem","position":1,"name":"Portada","item":"https:\/\/vincentians.com\/fr\/"},{"@type":"ListItem","position":2,"name":"Du progr\u00e8s par le christianisme (3)"}]},{"@type":"WebSite","@id":"https:\/\/vincentians.com\/fr\/#website","url":"https:\/\/vincentians.com\/fr\/","name":"Nous Sommes Vincentiens","description":"Know more to serve more","potentialAction":[{"@type":"SearchAction","target":{"@type":"EntryPoint","urlTemplate":"https:\/\/vincentians.com\/fr\/?s={search_term_string}"},"query-input":{"@type":"PropertyValueSpecification","valueRequired":true,"valueName":"search_term_string"}}],"inLanguage":"fr-FR"},{"@type":"Person","@id":"https:\/\/vincentians.com\/fr\/#\/schema\/person\/9623ef4d9aa3b2dfb8c061f1499288f2","name":"Francisco Javier Fern\u00e1ndez Chento","image":{"@type":"ImageObject","inLanguage":"fr-FR","@id":"https:\/\/vincentians.com\/fr\/#\/schema\/person\/image\/","url":"https:\/\/secure.gravatar.com\/avatar\/497d5cde87b4c3d097d0315953521681ba2cd523ee66e5077c3711f7021e65de?s=96&d=mm&r=g","contentUrl":"https:\/\/secure.gravatar.com\/avatar\/497d5cde87b4c3d097d0315953521681ba2cd523ee66e5077c3711f7021e65de?s=96&d=mm&r=g","caption":"Francisco Javier Fern\u00e1ndez Chento"},"description":"Director General y cofundador de La Red de Formaci\u00f3n Vicenciana. Javier es laico vicenciano, afiliado a la Congregaci\u00f3n de la Misi\u00f3n y miembro del Equipo de Misiones Populares de la provincia can\u00f3nica de Zaragoza (Espa\u00f1a) de la Congregaci\u00f3n de la Misi\u00f3n. Graduado en la Universidad Oberta de Catalunya con cuatro grados (Asistente de direcci\u00f3n, Gesti\u00f3n Administrativa, Recursos Humanos y Contabilidad Avanzada). Bil\u00edng\u00fce Espa\u00f1ol\/Ingl\u00e9s. gestiona y mantiene varias p\u00e1ginas web cristianas y vicencianas, incluida including La Red de Formaci\u00f3n Vicenciana, de la que es cofundador. Actualmente es responsable del \u00e1rea de Espa\u00f1ol de .famvin, la Red de Noticias de la Familia Vicenciana. Tambi\u00e9n es m\u00fasico cat\u00f3lico y ha editado varios discos. Es Director General y cofundador de Trovador, una reconocida compa\u00f1\u00eda discogr\u00e1fica critiana de Espa\u00f1a. Trabaja en las Tecnolog\u00edas de la Informaci\u00f3n, ofreciendo servicios de alojamiento, dise\u00f1o y mantenimiento Web, as\u00ed como asesoramiento, formaci\u00f3n y soluciones inform\u00e1ticas, gesti\u00f3n documental y digitalizaci\u00f3n de textos, edici\u00f3n y maquetaci\u00f3n de libros, revistas, flyers, etc.","sameAs":["http:\/\/chento.org","https:\/\/www.facebook.com\/JavierChento","https:\/\/x.com\/https:\/\/twitter.com\/javierchento"],"url":"https:\/\/vincentians.com\/fr\/author\/chento\/"}]}},"jetpack_publicize_connections":[],"jetpack_featured_media_url":"https:\/\/i0.wp.com\/vincentians.com\/fr\/wp-content\/uploads\/sites\/10\/2016\/07\/ozanam-progres-par-le-christianisme.jpg?fit=1200%2C630&ssl=1","jetpack_sharing_enabled":true,"jetpack_shortlink":"https:\/\/wp.me\/p7ETMP-rQf","jetpack-related-posts":[{"id":107026,"url":"https:\/\/vincentians.com\/fr\/du-progres-par-le-christianisme-2\/","url_meta":{"origin":107027,"position":0},"title":"Du progr\u00e8s par le christianisme (2)","author":"Francisco Javier Fern\u00e1ndez Chento","date":"12\/07\/2016","format":false,"excerpt":"II Qui r\u00e9pondra \u00e0 ce besoin ? Quelle doctrine, em\u00adbrassant dans ses sp\u00e9culations toute l\u2019\u00e9tendue des destin\u00e9es humaines, viendra d\u00e9voiler aux g\u00e9n\u00e9ra\u00adtions pr\u00e9sentes la s\u00e9rie des d\u00e9veloppements qu\u2019elles ont \u00e0 parcourir, et donner \u00e0 leur volont\u00e9 une im\u00adpulsion victorieuse ? Les \u00e9coles philosophiques n\u2019ont pas \u00e9t\u00e9 sourdes \u00e0 cet appel.\u2026","rel":"","context":"Dans &quot;Livres de Fr\u00e9d\u00e9ric Ozanam&quot;","block_context":{"text":"Livres de Fr\u00e9d\u00e9ric Ozanam","link":"https:\/\/vincentians.com\/fr\/category\/livres-de-frederic-ozanam\/"},"img":{"alt_text":"","src":"https:\/\/i0.wp.com\/vincentians.com\/fr\/wp-content\/uploads\/sites\/10\/2016\/07\/ozanam-progres-par-le-christianisme.jpg?fit=1200%2C630&ssl=1&resize=350%2C200","width":350,"height":200,"srcset":"https:\/\/i0.wp.com\/vincentians.com\/fr\/wp-content\/uploads\/sites\/10\/2016\/07\/ozanam-progres-par-le-christianisme.jpg?fit=1200%2C630&ssl=1&resize=350%2C200 1x, https:\/\/i0.wp.com\/vincentians.com\/fr\/wp-content\/uploads\/sites\/10\/2016\/07\/ozanam-progres-par-le-christianisme.jpg?fit=1200%2C630&ssl=1&resize=525%2C300 1.5x, https:\/\/i0.wp.com\/vincentians.com\/fr\/wp-content\/uploads\/sites\/10\/2016\/07\/ozanam-progres-par-le-christianisme.jpg?fit=1200%2C630&ssl=1&resize=700%2C400 2x, https:\/\/i0.wp.com\/vincentians.com\/fr\/wp-content\/uploads\/sites\/10\/2016\/07\/ozanam-progres-par-le-christianisme.jpg?fit=1200%2C630&ssl=1&resize=1050%2C600 3x"},"classes":[]},{"id":108371,"url":"https:\/\/vincentians.com\/fr\/essai-sur-la-philosophie-de-dante-13\/","url_meta":{"origin":107027,"position":1},"title":"Essai sur la philosophie de Dante (13)","author":"Francisco Javier Fern\u00e1ndez Chento","date":"26\/07\/2016","format":false,"excerpt":"TROISIEME PARTIE CH. 4\u00a0: Analogie de la philosophie de Dante avec la philosophie moderne. Empirisme et rationalisme. C'est sans doute un beau spectacle que celui des savantes \u00e9coles de l'Asie, de la Gr\u00e8ce, et de l'Europe occidentale, environnant le po\u00e8te italien de leur souvenir et de leur autorit\u00e9, pareilles \u00e0\u2026","rel":"","context":"Dans &quot;Livres de Fr\u00e9d\u00e9ric Ozanam&quot;","block_context":{"text":"Livres de Fr\u00e9d\u00e9ric Ozanam","link":"https:\/\/vincentians.com\/fr\/category\/livres-de-frederic-ozanam\/"},"img":{"alt_text":"","src":"https:\/\/i0.wp.com\/vincentians.com\/fr\/wp-content\/uploads\/sites\/10\/2016\/07\/federico-ozanam-y-dante.jpg?fit=1200%2C630&ssl=1&resize=350%2C200","width":350,"height":200,"srcset":"https:\/\/i0.wp.com\/vincentians.com\/fr\/wp-content\/uploads\/sites\/10\/2016\/07\/federico-ozanam-y-dante.jpg?fit=1200%2C630&ssl=1&resize=350%2C200 1x, https:\/\/i0.wp.com\/vincentians.com\/fr\/wp-content\/uploads\/sites\/10\/2016\/07\/federico-ozanam-y-dante.jpg?fit=1200%2C630&ssl=1&resize=525%2C300 1.5x, https:\/\/i0.wp.com\/vincentians.com\/fr\/wp-content\/uploads\/sites\/10\/2016\/07\/federico-ozanam-y-dante.jpg?fit=1200%2C630&ssl=1&resize=700%2C400 2x, https:\/\/i0.wp.com\/vincentians.com\/fr\/wp-content\/uploads\/sites\/10\/2016\/07\/federico-ozanam-y-dante.jpg?fit=1200%2C630&ssl=1&resize=1050%2C600 3x"},"classes":[]},{"id":108365,"url":"https:\/\/vincentians.com\/fr\/essai-sur-la-philosophie-de-dante-09\/","url_meta":{"origin":107027,"position":2},"title":"Essai sur la philosophie de Dante (09)","author":"Francisco Javier Fern\u00e1ndez Chento","date":"22\/07\/2016","format":false,"excerpt":"SECONDE PARTIE CH. 4\u00a0: Le bien D\u00e9j\u00e0 plusieurs fois, dans le cours de ces recherches, le bien s\u2019est laiss\u00e9 entrevoir sous des apparences diverses. Il est temps de l'aborder, face \u00e0 face, et d'aller \u00e0 lui en s\u2019\u00e9levant, par une ascension progressive, du connu \u00e0 l'inconnu ; de l'homme \u00e0\u2026","rel":"","context":"Dans &quot;Livres de Fr\u00e9d\u00e9ric Ozanam&quot;","block_context":{"text":"Livres de Fr\u00e9d\u00e9ric Ozanam","link":"https:\/\/vincentians.com\/fr\/category\/livres-de-frederic-ozanam\/"},"img":{"alt_text":"","src":"https:\/\/i0.wp.com\/vincentians.com\/fr\/wp-content\/uploads\/sites\/10\/2016\/07\/federico-ozanam-y-dante.jpg?fit=1200%2C630&ssl=1&resize=350%2C200","width":350,"height":200,"srcset":"https:\/\/i0.wp.com\/vincentians.com\/fr\/wp-content\/uploads\/sites\/10\/2016\/07\/federico-ozanam-y-dante.jpg?fit=1200%2C630&ssl=1&resize=350%2C200 1x, https:\/\/i0.wp.com\/vincentians.com\/fr\/wp-content\/uploads\/sites\/10\/2016\/07\/federico-ozanam-y-dante.jpg?fit=1200%2C630&ssl=1&resize=525%2C300 1.5x, https:\/\/i0.wp.com\/vincentians.com\/fr\/wp-content\/uploads\/sites\/10\/2016\/07\/federico-ozanam-y-dante.jpg?fit=1200%2C630&ssl=1&resize=700%2C400 2x, https:\/\/i0.wp.com\/vincentians.com\/fr\/wp-content\/uploads\/sites\/10\/2016\/07\/federico-ozanam-y-dante.jpg?fit=1200%2C630&ssl=1&resize=1050%2C600 3x"},"classes":[]},{"id":105538,"url":"https:\/\/vincentians.com\/fr\/ephemerides-3-janvier\/","url_meta":{"origin":107027,"position":3},"title":"Eph\u00e9m\u00e9rides: 3 janvier","author":"Francisco Javier Fern\u00e1ndez Chento","date":"03\/01\/2017","format":false,"excerpt":"1686. \u00c0 Saint-Lazare, mort du Fr\u00e8re Bertrand Ducournau. B\u00e9ni est ce nom, parce qu'il est celui de l'homme par qui nous sont parvenus les entretiens de saint Vincent \u00e0 ses missionnaires. Jusqu'en 1657, nul, parmi les compagnons de notre Bienheureux P\u00e8re, ne semble avoir pens\u00e9 que les paroles du Fondateur\u2026","rel":"","context":"Dans &quot;\u00c9ph\u00e9m\u00e9rides vincentiens&quot;","block_context":{"text":"\u00c9ph\u00e9m\u00e9rides vincentiens","link":"https:\/\/vincentians.com\/fr\/category\/ephemerides-vincentiens\/"},"img":{"alt_text":"","src":"https:\/\/i0.wp.com\/vincentians.com\/fr\/wp-content\/uploads\/sites\/10\/2016\/07\/ephemerides-fb.jpg?fit=1200%2C630&ssl=1&resize=350%2C200","width":350,"height":200,"srcset":"https:\/\/i0.wp.com\/vincentians.com\/fr\/wp-content\/uploads\/sites\/10\/2016\/07\/ephemerides-fb.jpg?fit=1200%2C630&ssl=1&resize=350%2C200 1x, https:\/\/i0.wp.com\/vincentians.com\/fr\/wp-content\/uploads\/sites\/10\/2016\/07\/ephemerides-fb.jpg?fit=1200%2C630&ssl=1&resize=525%2C300 1.5x, https:\/\/i0.wp.com\/vincentians.com\/fr\/wp-content\/uploads\/sites\/10\/2016\/07\/ephemerides-fb.jpg?fit=1200%2C630&ssl=1&resize=700%2C400 2x, https:\/\/i0.wp.com\/vincentians.com\/fr\/wp-content\/uploads\/sites\/10\/2016\/07\/ephemerides-fb.jpg?fit=1200%2C630&ssl=1&resize=1050%2C600 3x"},"classes":[]},{"id":106938,"url":"https:\/\/vincentians.com\/fr\/frederic-ozanam-lhomme-et-loeuvre-preface\/","url_meta":{"origin":107027,"position":4},"title":"Fr\u00e9d\u00e9ric Ozanam, l\u2019homme et l\u2019\u0153uvre (Pr\u00e9face)","author":"Francisco Javier Fern\u00e1ndez Chento","date":"21\/01\/2014","format":false,"excerpt":"Pr\u00e9face du R. P. Baudrillart de l\u2019Oratoire Mon cher ami, Vous me demandez d\u2019\u00e9crire quelques lignes en t\u00eate de cette biographie d\u2019Ozanam que vous avez retrac\u00e9e avec autant de talent que d\u2019intelligente sympathie, et vous me le demandez \u00e0 l\u2019heure am\u00e8re o\u00f9, frapp\u00e9 dans tout ce \u00e0 quoi j\u2019ai donn\u00e9\u2026","rel":"","context":"Dans &quot;Fr\u00e9d\u00e9ric Ozanam&quot;","block_context":{"text":"Fr\u00e9d\u00e9ric Ozanam","link":"https:\/\/vincentians.com\/fr\/category\/the-vincentian-family\/founders\/frederic-ozanam\/"},"img":{"alt_text":"Ozanam01","src":"https:\/\/i0.wp.com\/vincentiens.org\/wp-content\/uploads\/2013\/11\/Ozanam01-254x300.jpg?resize=350%2C200","width":350,"height":200},"classes":[]},{"id":108369,"url":"https:\/\/vincentians.com\/fr\/essai-sur-la-philosophie-de-dante-11\/","url_meta":{"origin":107027,"position":5},"title":"Essai sur la philosophie de Dante (11)","author":"Francisco Javier Fern\u00e1ndez Chento","date":"24\/07\/2016","format":false,"excerpt":"TROISIEME PARTIE CH. 2\u00a0: Rapports de la philosophie de Dante avec les \u00e9coles de l'antiquit\u00e9, Platon et Aristote. Id\u00e9alisme et sensualisme 1 toutefois, l'Asie ne pouvait \u00eatre encore pour Dante, comme elle l'est pour nous, qu'une contr\u00e9e voil\u00e9e des ombres du myst\u00e8re. C'\u00e9tait sur l'horizon de la Gr\u00e8ce qu'il voyait\u2026","rel":"","context":"Dans &quot;Livres de Fr\u00e9d\u00e9ric Ozanam&quot;","block_context":{"text":"Livres de Fr\u00e9d\u00e9ric Ozanam","link":"https:\/\/vincentians.com\/fr\/category\/livres-de-frederic-ozanam\/"},"img":{"alt_text":"","src":"https:\/\/i0.wp.com\/vincentians.com\/fr\/wp-content\/uploads\/sites\/10\/2016\/07\/federico-ozanam-y-dante.jpg?fit=1200%2C630&ssl=1&resize=350%2C200","width":350,"height":200,"srcset":"https:\/\/i0.wp.com\/vincentians.com\/fr\/wp-content\/uploads\/sites\/10\/2016\/07\/federico-ozanam-y-dante.jpg?fit=1200%2C630&ssl=1&resize=350%2C200 1x, https:\/\/i0.wp.com\/vincentians.com\/fr\/wp-content\/uploads\/sites\/10\/2016\/07\/federico-ozanam-y-dante.jpg?fit=1200%2C630&ssl=1&resize=525%2C300 1.5x, https:\/\/i0.wp.com\/vincentians.com\/fr\/wp-content\/uploads\/sites\/10\/2016\/07\/federico-ozanam-y-dante.jpg?fit=1200%2C630&ssl=1&resize=700%2C400 2x, https:\/\/i0.wp.com\/vincentians.com\/fr\/wp-content\/uploads\/sites\/10\/2016\/07\/federico-ozanam-y-dante.jpg?fit=1200%2C630&ssl=1&resize=1050%2C600 3x"},"classes":[]}],"_links":{"self":[{"href":"https:\/\/vincentians.com\/fr\/wp-json\/wp\/v2\/posts\/107027","targetHints":{"allow":["GET"]}}],"collection":[{"href":"https:\/\/vincentians.com\/fr\/wp-json\/wp\/v2\/posts"}],"about":[{"href":"https:\/\/vincentians.com\/fr\/wp-json\/wp\/v2\/types\/post"}],"author":[{"embeddable":true,"href":"https:\/\/vincentians.com\/fr\/wp-json\/wp\/v2\/users\/4"}],"replies":[{"embeddable":true,"href":"https:\/\/vincentians.com\/fr\/wp-json\/wp\/v2\/comments?post=107027"}],"version-history":[{"count":0,"href":"https:\/\/vincentians.com\/fr\/wp-json\/wp\/v2\/posts\/107027\/revisions"}],"wp:featuredmedia":[{"embeddable":true,"href":"https:\/\/vincentians.com\/fr\/wp-json\/wp\/v2\/media\/189781"}],"wp:attachment":[{"href":"https:\/\/vincentians.com\/fr\/wp-json\/wp\/v2\/media?parent=107027"}],"wp:term":[{"taxonomy":"category","embeddable":true,"href":"https:\/\/vincentians.com\/fr\/wp-json\/wp\/v2\/categories?post=107027"},{"taxonomy":"post_tag","embeddable":true,"href":"https:\/\/vincentians.com\/fr\/wp-json\/wp\/v2\/tags?post=107027"}],"curies":[{"name":"wp","href":"https:\/\/api.w.org\/{rel}","templated":true}]}}