{"id":106814,"date":"2014-01-08T06:04:47","date_gmt":"2014-01-08T05:04:47","guid":{"rendered":"http:\/\/vincentiens.org\/?p=106814"},"modified":"2014-01-08T06:04:47","modified_gmt":"2014-01-08T05:04:47","slug":"saint-vincent-de-paul-ou-le-realisme-de-la-charite-4-lannee-du-cid","status":"publish","type":"post","link":"https:\/\/vincentians.com\/fr\/saint-vincent-de-paul-ou-le-realisme-de-la-charite-4-lannee-du-cid\/","title":{"rendered":"Saint Vincent de Paul ou le realisme de la charit\u00e9. 4. L&rsquo;ann\u00e9e du Cid"},"content":{"rendered":"<h2>L&rsquo;ann\u00e9e du Cid<\/h2>\n<p>C&rsquo;EST dans le courant de l&rsquo;ann\u00e9e 1636, que Pierre Corneille ach\u00e8ve, \u00e0 Rouen, la compo\u00adsition de son chef-d&rsquo;oeuvre <i>Le Cid, <\/i>cepen\u00addant que, dans sa retraite \u00e0 Leyde, Ren\u00e9 Descartes met la derni\u00e8re main \u00e0 son <i>Discours de la M\u00e9thode. <\/i>Depuis deux ans d\u00e9j\u00e0, l&rsquo;Acad\u00e9mie Fran\u00e7aise, sous la protection de Richelieu, avait inaugur\u00e9 ses travaux, tandis que Vaugelas terminait les siens. Ainsi, la langue fran\u00e7aise, de pair avec la pens\u00e9e fran\u00e7aise, atteignait la maturit\u00e9 qu&rsquo;un long pass\u00e9 avait lente\u00adment pr\u00e9par\u00e9e. La correspondance et les entretiens de M. Vincent en portent la marque. A sa mani\u00e8re, il se r\u00e9v\u00e8le le contemporain de Corneille, de Descartes, de Vaugelas. Et nous verrons bient\u00f4t tout <i>ce <\/i>que lui devra l&rsquo;\u00e9loquence de Bossuet, l&rsquo;un de ses plus remar\u00adquables disciples.<\/p>\n<p>En cette ann\u00e9e 1636, qui vit \u00e9clore <i>le Cid et le Discours de la M\u00e9thode, <\/i>Vincent Depaul a 55 ans. Le prieur\u00e9 de Saint-Lazare, dans le Faubourg Saint-Denis, devient d\u00e9finitivement le centre de ses acti\u00advit\u00e9s. C&rsquo;est l\u00e0 que se forment les pr\u00eatres de la Mission. C&rsquo;est l\u00e0 que se font les retraites d&rsquo;ordinands et ces conf\u00e9rences eccl\u00e9siastiques des \u00ab mardis \u00bb o\u00f9 se pr\u00e9\u00adpare et se renouvelle l&rsquo;\u00e9lite du clerg\u00e9 parisien et fran\u00e7ais, voire de l&rsquo;\u00e9piscopat. C&rsquo;est l\u00e0 que viennent faire retraite des la\u00efques tels que le Pr\u00e9sident de Lamoignon, le commandeur de Sillery, le Chance\u00adlier S\u00e9guier. C&rsquo;est l\u00e0 que s&rsquo;organisent les premi\u00e8res \u00e9bauches de service social et de secours catholique \u00e0 l&rsquo;\u00e9chelon national. C&rsquo;est de l\u00e0 que vont rayonner sur la France, sur l&rsquo;Europe et le monde les initiatives d&rsquo;une charit\u00e9 intelligemment attentive \u00e0 toutes les d\u00e9tresses, \u00e0 tous les besoins. Il a, pour cela, forg\u00e9, mis au point l&rsquo;instrument qui va lui permettre d&rsquo;\u00eatre pr\u00e9sent et agissant partout : la confr\u00e9rie des Dames de Charit\u00e9, celle de l&rsquo;H\u00f4tel-Dieu de Paris, avec la Pr\u00e9sidente Goussault, qui lui sert d&rsquo;Etat-Major et les innombra\u00adbles succursales qu&rsquo;il lui a donn\u00e9es tant \u00e0 Paris que dans toute la France. A quoi s&rsquo;est ajout\u00e9e la Congr\u00e9\u00adgation ou Soci\u00e9t\u00e9 s\u00e9culi\u00e8re des Filles de la Charit\u00e9 qui finiront par s&rsquo;installer, en 1641, \u00e0 proximit\u00e9 de Saint-Lazare, sur la paroisse Saint-Laurent.<\/p>\n<p>Or, cette ann\u00e9e 1636 voit la France et Paris soumis \u00e0 une \u00e9preuve plus grave que toutes celles qui, depuis son av\u00e8nement, en 161o, avaient \u00e9prouv\u00e9 le roi Louis XIII et son premier ministre le Cardinal de Richelieu. Apr\u00e8s les premi\u00e8res escarmouches du Roi avec les Grands Seigneurs et sa m\u00e8re Marie de M\u00e9dicis, apr\u00e8s la guerre aux huguenots soutenus par l&rsquo;Angleterre, mais finalement vaincus \u00e0 Montpellier en 1622, \u00e0 la Rochelle en 1628, \u00e0 Privas, et Al\u00e8s en 1629 ; apr\u00e8s ses interventions victorieuses en faveur des Grisons contre les espagnols \u00e0 Pignerol et \u00e0 Casal (1626.1631), la France avait connu une paix relative. Gr\u00e2ce aux initiatives et au soutien du Cardinal sa marine et son commerce ext\u00e9rieur commen\u00e7aient \u00e0 prendre de l&rsquo;im\u00adportance. Son industrie et son agriculture pers\u00e9v\u00e9\u00adraient dans l&rsquo;\u00e9lan que leur avait imprim\u00e9 Sully.<\/p>\n<p>Cependant, depuis la d\u00e9f\u00e9nestration de Prague le 23 mai 1618, l&rsquo;Europe \u00e9tait en guerre.<\/p>\n<p>Le conflit entre l&#8217;empereur Ferdinand et les protes\u00adtants de Boh\u00e8me s&rsquo;\u00e9tait \u00e9tendu \u00e0 toute l&rsquo;Allemagne. Le roi de Danemark, Christian IV, s&rsquo;en \u00e9tait m\u00eal\u00e9, puis Gustave-Adolphe, roi de Su\u00e8de, tandis que Fer\u00addinand utilisait contre eux, Maximilien de Bavi\u00e8re, le belge Tilly, le tch\u00e8que Wallenstein. Apr\u00e8s des alternatives de succ\u00e8s et de revers, la victoire finale des imp\u00e9riaux \u00e0 Nordlingen, en 1634, accula: les princes protestants \u00e0 signer, en 1635, la paix de Pra\u00adgues. Mais alors, inquiet de voir les Habsbourg de Vienne unis \u00e0 leurs cousins de Madrid sur le point de ressusciter l&#8217;empire de Charles-Quint, Richelieu en\u00adgage la France dans une lutte ouverte contre l&rsquo;Es\u00adpagne.<\/p>\n<p>Dans l&rsquo;\u00e9t\u00e9 de 1636, tandis que les troupes de Louis XIII avaient \u00e0 tenir t\u00eate aux imp\u00e9riaux et aux Espa\u00adgnols, en Italie, en Alsace et en Franche-Comt\u00e9, une puissante arm\u00e9e, conduite par Jean de Werth, Picco\u00adlomini et le Prince Thomas de Savoie, franchissait la Somme et abordait bient\u00f4t l&rsquo;Oise. \u00ab L&rsquo;effroi est grand partout, ils br\u00fblent et pillent tout \u00bb, \u00e9crit, le 7 ao\u00fbt, la Princesse de Cond\u00e9. \u00ab L&rsquo;effroi se coule jusqu&rsquo;\u00e0 Paris \u00bb et les routes vers Lyon et Orl\u00e9ans s&rsquo;encombrent de fugitifs. \u00ab Le d\u00e9meublement est uni\u00adversel \u00e0 Paris et \u00e0 trois lieues pris \u00bb.<\/p>\n<p>En cette conjoncture que pense, que fait Monsieur Vincent ? Une lettre qu&rsquo;il \u00e9crit le 15 ao\u00fbt 1636, du prieur\u00e9 de Saint-Lazare, nous le montre \u00e0 l&rsquo;unisson des angoisses et des esp\u00e9rances de la Patrie.<\/p>\n<p style=\"padding-left: 30px\">Paris attend le si\u00e8ge des Espagnols qui sont entr\u00e9s en la Picardie et la ravagent avec une puissante arm\u00e9e dont l&rsquo;avant garde s&rsquo;\u00e9tend jusqu&rsquo;\u00e0 Io ou 12 lieues d&rsquo;ici, de sorte que le plat pays s&rsquo;enfuit \u00e0 Paris et Paris est si \u00e9pouvant\u00e9 que plusieurs s&rsquo;enfuient en d&rsquo;autres villes. Le roi tache, n\u00e9anmoins, de dresser une arm\u00e9e pour s&rsquo;opposer \u00e0 celle l\u00e0, les siennes \u00e9tant hors ou aux extr\u00e9mit\u00e9s du royaume ; et le lieu o\u00f9 se dressent et s&rsquo;arment les Compagnies, c&rsquo;est c\u00e9ans, o\u00f9 l&rsquo;\u00e9table, le b\u00fbcher, les salles et le clo\u00eetre sont pleins d&rsquo;armes et les cours de gens de guerre. Ce jour de l&rsquo;Assomption n&rsquo;est pas exempt de cet embarras tumul\u00adtueux. Le tambour commence \u00e0 y battre, quoiqu&rsquo;il ne soit que sept heures du matin, de sorte que depuis huit jours, il s&rsquo;est dress\u00e9 c\u00e9ans 72 compagnie. (I, 340).<\/p>\n<p>Le 20 septembre 1636, il \u00e9crit encore \u00e0 M. Portail :<\/p>\n<p style=\"padding-left: 30px\">Les missionnaires que nous avions pr\u00e9par\u00e9s ont \u00e9t\u00e9 command\u00e9s de suivre les r\u00e9giments qui \u00e9taient \u00e0 Luzarches, \u00e0 Pont (Sainte-Maxence), Saint Leu et \u00e0 La Chapelle-Orly et de camper avec eux dans l&rsquo;arm\u00e9e o\u00f9 d\u00e9j\u00e0 quatre mille soldats ont fait leur devoir au Tribunal de la P\u00e9nitence, avec grande effusion de larmes. J&rsquo;esp\u00e8re que Dieu fera mis\u00e9ricorde \u00e0 plusieurs par ce petit secours et que peut \u00eatre cela ne nuira pas au bon succ\u00e8s des arm\u00e9es du roi. (I, 347).<\/p>\n<p>En bon fran\u00e7ais, \u00e0 l&rsquo;heure d&rsquo;un p\u00e9ril national, M. Vincent ne songe qu&rsquo;\u00e0 rendre au pays tous les services qu&rsquo;il peut. Soutenir le moral des troupes en leur fournissant de bons aum\u00f4niers, c&rsquo;en est un. Il n&rsquo;y manque pas. Mais la guerre multiplie les mis\u00e8res et les ruines. L&rsquo;habituelle besogne des <i>Confr\u00e9ries de Charit\u00e9 <\/i>aupr\u00e8s des pauvres malades doit alors s&rsquo;\u00e9largir au service des r\u00e9fug\u00e9s de partout, au secours des popu\u00adlations <i>affam\u00e9es <\/i>et ruin\u00e9es par les arm\u00e9es en campa\u00adgne. Monsieur Vincent s&rsquo;y emploie avec un sens \u00e9ton\u00adnant de l&rsquo;organisation et de ce qu&rsquo;on appelle aujour-d&rsquo;hui le service social. C&rsquo;est d&rsquo;abord la Lorraine qui l&rsquo;occupe.<\/p>\n<p>Une sorte de fatalit\u00e9 semblait s&rsquo;appesantir sur la Lorraine. En 1628.1629 et 163o, r\u00e9coltes d\u00e9testables suivies d&rsquo;une affreuse disette. De 1629 \u00e0 1637, pen\u00addant huit ans, la Lorraine est ravag\u00e9e par la peste. En 1632, son territoire est envahi par les soldats fran\u00e7ais que viennent rejoindre en 1635, les Hongrois et les Su\u00e9dois. Cent cinquante mille hommes, r\u00e9partis en sept corps d&rsquo;arm\u00e9e de diff\u00e9rentes nations ciculent en tous sens, tra\u00eenant \u00e0 leur suite cinquante mille femmes et valets. La mis\u00e8re est telle qu&rsquo;une femme de Mirecourt est condamn\u00e9e pour s&rsquo;\u00eatre nourrie de la chair d&rsquo;un petit enfant qu&rsquo;elle avait \u00e9gorg\u00e9. Une m\u00e8re \u00e0 Nancy s&rsquo;en associe une autre pour manger avec elle son propre enfant avec promesse de lui rendre la pareille. A Toul, \u00e0 Saint-Mihiel, \u00e0 Bar-le-Duc, la d\u00e9tresse est totale. On meurt de faim chaque jour. A Metz, par les br\u00e8ches des remparts qu&rsquo;on ne r\u00e9pare plus, les loups p\u00e9n\u00e8trent et d\u00e9vorent les cadavres \u00e0 travers les rues.<\/p>\n<p>M. Vincent fait face \u00e0 tout avec ses pr\u00eatres de la Mission, ses Dames de Charit\u00e9, ses Filles de la Charit\u00e9, ses innombrables amis, parmi lesquels on ne doit pas oublier de citer M. de Renty, M. de Berni\u00e8re et leurs confr\u00e8res dans la Compagnie du Saint-Sacrement.<\/p>\n<p>Tout le monde est mobilis\u00e9. D&rsquo;abord les pr\u00eatres de la Mission install\u00e9s \u00e0 Toul. Il exige d&rsquo;eux un compte exact des sommes consid\u00e9rables qu&rsquo;ils ont \u00e0 distribuer. Le i o juillet 1640, il le r\u00e9clame \u00e0 Fran\u00e7ois du Cou\u00addray :<\/p>\n<p style=\"padding-left: 30px\">Vous ne me dites rien du nombre des pauvres des champs retir\u00e9s dans la ville ou au faux-bourg, auxquels vous distribuez. Je fais voir cela \u00e0 ces bonnes dames, tous les mois de tous les autres lieux. Il n&rsquo;y a que Toul dont je ne leur ai pas fait voir il y a assez longtemps. (II, 61).<\/p>\n<p>Les 22 juillet 164o, il mande \u00e0 M. Lambert aux Couteaux : \u00ab Depuis deux ou trois mois, Dieu nous a fait la gr\u00e2ce d&rsquo;assembler quelques personnes de condi\u00adtion de cette ville (Paris) pour l&rsquo;assistance de la noblesse (de Lorraine) qui y est. Sa providence nous fournit dix mille livres par mois et un peu plus pour cela \u00bb. (II, 68). Le 26 juillet 164o, c&rsquo;est \u00e0 Bernard Codoing qu&rsquo;il \u00e9crit :<\/p>\n<p style=\"padding-left: 30px\">Les aum\u00f4nes de la Lorraine continuent toujours. L&rsquo;on a avis\u00e9 au soin des villes de Toul, Metz, Verdun, Nancy et Bar, de Saint Mihiel et du Pont \u00e0 Mousson o\u00f9 la mis\u00e8re \u00e9tait si grande qu&rsquo;elle n&rsquo;est pas ima\u00adginable ; l&rsquo;on y mangeait jusqu&rsquo;aux serpents.<\/p>\n<p style=\"padding-left: 30px\">Dieu nous a fait la gr\u00e2ce de se servir de cette compagnie pour assister les religieux et les religieuses. Le roi donne 45.000 livres pour cela, pour \u00eatre distri\u00adbu\u00e9es par mois. (II, 8o).<\/p>\n<p>Saint-Lazare devient l&rsquo;entrep\u00f4t de la Charit\u00e9 ; il y rassemble des secours de toutes sortes en nature et en argent. Mais il faut que tout cela passe en Lorraine.<\/p>\n<p>Les routes ne sont pas s\u00fbres. On requerra la reine et le cardinal pour faire prot\u00e9ger les convois. Il y aura surtout l&rsquo;ing\u00e9niosit\u00e9 toute fran\u00e7aise du Fr\u00e8re Regard, justement surnomm\u00e9 Fr\u00e8re Renard. Cinquante-trois fois, il fera le trajet de Paris en Lorraine et transpor\u00adtera des millions sans laisser jamais un denier aux mains des mercenaires ou des brigands. Mais lorsque la Lorraine commence \u00e0 respirer, c&rsquo;est la Champagne, c&rsquo;est la Picardie et l&rsquo;Artois qui appellent au secours. Et ce sera, avec la Fronde, la r\u00e9gion parisienne qui conna\u00eetra la famine, la peste et les d\u00e9solations de la guerre civile. Jamais Monsieur Vincent ne capitu\u00adlera.<\/p>\n<p>Lui-m\u00eame, dans une assembl\u00e9e des Darnes de la Charit\u00e9, le II juillet 1657, donne un aper\u00e7u et de l&rsquo;ampleur des secours distribu\u00e9s et de la m\u00e9thode em\u00adploy\u00e9e pour \u00e9viter tous gaspillages :<\/p>\n<p style=\"padding-left: 30px\">Depuis le 15 juillet 165o jusqu&rsquo;au jour de la der\u00adni\u00e8re assembl\u00e9e g\u00e9n\u00e9rale, on a envoy\u00e9 et distribu\u00e9 aux pauvres trois cents quarante-huit mille livres ; et depuis la derni\u00e8re assembl\u00e9e g\u00e9n\u00e9rale jusques aujourd&rsquo;hui, dix-neuf mille cinq cents livres, qui est peu au prix des ann\u00e9es pr\u00e9c\u00e9dentes. Ces sommes ont \u00e9t\u00e9 employ\u00e9es pour nourrir les pauvres malades, pour retirer et entretenir environ huit cents enfants orphelins de villages ruin\u00e9s, tant gar\u00e7ons que filles, que l&rsquo;on a mis en m\u00e9tier ou en service, apr\u00e8s avoir \u00e9t\u00e9 instruits et habill\u00e9s ; pour entretenir nombre de cur\u00e9s dans leurs paroisses ruin\u00e9es, lesquels auraient \u00e9t\u00e9 contraints d&rsquo;abandonner leurs paroissiens, pour ne pouvoir vivre avec eux, sans cette assistance ; et enfin pour raccom\u00admoder un peu quelques \u00e9glises qui \u00e9taient dans un si pitoyable \u00e9tat, qu&rsquo;on ne le peut dire sans fr\u00e9mir d&rsquo;horreur.<\/p>\n<p style=\"padding-left: 30px\">Les lieux o\u00f9 l&rsquo;argent a \u00e9t\u00e9 distribu\u00e9 sont les villes et les environs de Reims, Rethel, Saint Quentin, Ham, Maries, Sedan et Arras. Sans comprendre les habits, draps, couvertures, chemises, aubes, chasubles, missels, ciboires, etc&#8230;, qui monteraient \u00e0 des sommes consi\u00add\u00e9rables, si cela \u00e9tait supput\u00e9.<\/p>\n<p style=\"padding-left: 30px\">Certes, Mesdames, on ne peut penser qu&rsquo;avec admi\u00adration au grand nombre de ces v\u00eatements, pour des hommes, des femmes et des enfants, et aussi pour des pr\u00eatres ; non plus qu&rsquo;aux divers ornements pour les \u00e9glises d\u00e9pouill\u00e9es et r\u00e9duites \u00e0 une telle pauvret\u00e9, qu&rsquo;il se peut dire que, sans cette charit\u00e9, la c\u00e9l\u00e9bration des saints myst\u00e8res en \u00e9tait bannie, et que ces lieux sacr\u00e9s n&rsquo;auraient servi qu&rsquo;\u00e0 des usages profanes. Si vous aviez \u00e9t\u00e9 chez les dames charg\u00e9es des hardes, vous auriez vu leurs maisons \u00eatre comme des maga\u00adsins et des boutiques de gros marchands.<\/p>\n<p style=\"padding-left: 30px\">La nudit\u00e9 des filles et des femmes \u00e9tait m\u00eame si grande, qu&rsquo;un homme qui avait tant soit peu de pudeur n&rsquo;osait les regarder et tous \u00e9taient pour mourir de froid dans la rigueur des hivers. Oh ! combien vous \u00eates oblig\u00e9es \u00e0 Dieu de vous avoir donn\u00e9 Pins\u00adpiration et le moyen de pourvoir \u00e0 ces grands besoins 1 A la v\u00e9rit\u00e9, il y a quelques ann\u00e9es que leur mis\u00e8re \u00e9tait plus grande qu&rsquo;elle n&rsquo;est \u00e0 cet heure et alors on envoyait jusqu&rsquo;\u00e0 seize mille livres par mois. Mais depuis un an ou deux, le temps \u00e9tant un peu meil\u00adleur, les aum\u00f4nes ont beaucoup diminu\u00e9. Il y a n\u00e9an\u00admoins encore pr\u00e8s de quatre-vingt \u00e9glises en ruine. (XIII, 803-809).<\/p>\n<p>Mais M. Vincent a trop le respect de l&rsquo;homme pour accepter que l&rsquo;aum\u00f4ne devienne un instrument de sa d\u00e9gradation. \u00ab L&rsquo;aum\u00f4ne n&rsquo;est pas pour ceux qui peuvent travailler ; elle est pour les malades, les vieil\u00adlards, les enfants, et pour ceux qu&rsquo;il faut faire subsis\u00adter dans les lieux o\u00f9 le travail est impossible. C&rsquo;est l&rsquo;allocation de ch\u00f4mage. \u00bb (Mgr Calvet).<\/p>\n<p>Apr\u00e8s avoir emp\u00each\u00e9 les paysans et les artisans de mourir de faim on les aidera \u00e0 se subvenir \u00e0 eux-m\u00eames par leur propre travail. C&rsquo;est pourquoi il s&#8217;em\u00adploie \u00e0 rassembler des instruments de labour et des semences qu&rsquo;il exp\u00e9diera sous bonne escorte aux pro\u00advinces en d\u00e9tresse.<\/p>\n<p style=\"padding-left: 30px\">L&rsquo;on destinera quelque petite chose pour aider quelques pauvres gens \u00e0 semer quelque petit morceau de terre ; je dis : les plus pauvres, qui sans ce secours ne pourraient pas le faire. On n&rsquo;a pourtant rien de pr\u00eat, mais on fera quelque effort pour amasser au moins cent pistoles pour cela en attendant qu&rsquo;il soit temps de semer. On vous prie cependant de voir en quels endroits de Champagne et de Picardie il se trouve de plus pauvres gens qui aient besoin de cette assistance ; je dis ; le plus grand besoin.<\/p>\n<p style=\"padding-left: 30px\">On voudrait faire aussi que tous les autres pauvres gens qui n&rsquo;ont pas des terres gagnassent leur vie, tant hommes que femmes, en donnant aux hommes quel\u00adques outils pour travailler, et aux filles et aux femmes des rouets et de la filasse ou de la laine pour filer, et cela aux plus pauvres seulement. A cette heure que voil\u00e0 la paix, chacun trouvera \u00e0 s&rsquo;occuper et les soldats ne leur \u00f4tant plus ce qu&rsquo;ils auront, ils pourront amasser quelque chose et se remettre peu \u00e0 peu ; et pour cela l&rsquo;assembl\u00e9e a pens\u00e9 qu&rsquo;il fallait les aider \u00e0 ce commencement et leur dire qu&rsquo;il ne faudra pas s&rsquo;attendre \u00e0 aucun secours de Paris (9.8-1659)<\/p>\n<p>Mais panser les plaies, ravitailler les provinces affa\u00adm\u00e9es, serait vaine besogne si l&rsquo;on ne s&#8217;employait en m\u00eame temps \u00e0 supprimer les causes du mal. Bon gr\u00e9, mal gr\u00e9, le pr\u00eatre qui aime le peuple ne peut rester indiff\u00e9rent ni passif devant les causes politiques de ses malheurs comme de sa mis\u00e8re, physique et morale. Pour faire cesser la guerre, source de tant d\u00e9 d\u00e9sor\u00addres et de souffrances, M. Vincent n&rsquo;h\u00e9site pas \u00e0 intervenir aupr\u00e8s des responsables du gouvernement. Abelly nous rapporte comment, M. Vincent s&rsquo;en fut trouver Richelieu et le supplier de faire la paix.<\/p>\n<p style=\"padding-left: 30px\">M. le Cardinal de Richelieu lui t\u00e9moignait beau\u00adcoup de bienveillance ; il s&rsquo;en voulut donc pr\u00e9valoir, non pour ses propres int\u00e9r\u00eats, mais pour le bien public. Dans ce dessein il n&rsquo;en alla un jour le trouver ; et apr\u00e8s lui avoir expos\u00e9 avec toute sorte de respect l&rsquo;extr\u00eame souffrance du pauvre peuple, et tous les autres d\u00e9sordres caus\u00e9s par la guerre, il se jetta \u00e0 mes pieds en lui disant : Monseigneur, ayez piti\u00e9 de nous, donnez-nous la paix, donner la paix \u00e0 la France. Ce qu&rsquo;il r\u00e9p\u00e9ta avec tant de sentiment, que ce grand Cardinal en fut touch\u00e9, et ayant pris en bonne part la remontrance, il lui dit qu&rsquo;il y travaillait, et que cette paix ne d\u00e9pendait pas de lui seul, mais aussi de plusieurs autres, tant du Royaume que du dehors. (Abelly, I, 266).<\/p>\n<p>Sans autre ambition que de d\u00e9fendre et servir le pauvre peuple, M. Vincent est devenu un personnage du Royaume. Le Roi, la Reine, le Cardinal de Riche\u00adlieu, sa ni\u00e8ce la duchesse d&rsquo;Aiguillon, le chancelier S\u00e9guier, le Pr\u00e9sident de Lamoignon, le commandeur de Sillery, le mar\u00e9chal de Schomberg l&rsquo;accueillent, l&rsquo;\u00e9coutent et le consultent de plus en plus.<\/p>\n<p>En 1638, le Roi Louis XIII a personnellement demand\u00e9 \u00e0 M. Vincent de donner avec ses pr\u00eatres une mission \u00e0 Saint-Germain dont il pr\u00e9cise lui-m\u00eame les r\u00e9sultats heureux dans une lettre du 21 f\u00e9vrier 1638 \u00e0 Antoine Lucas :<\/p>\n<p style=\"padding-left: 30px\">La mission de Saint Germain s&rsquo;en va achev\u00e9e avec b\u00e9n\u00e9diction, quoiqu&rsquo;au commencement l&rsquo;on ait eu sujet d&rsquo;exercer la sainte vertu de patience. Il en est peu de la maison du roi qui n&rsquo;ait fait son devoir avec le peuple et avec une d\u00e9votion digne d&rsquo;\u00e9dification. <i>La <\/i>fermet\u00e9 contre les gorges d\u00e9couvertes a donn\u00e9 lieu \u00e0 cet exercice de patience. Le roi dit \u00e0 M. Pavillon qu&rsquo;il \u00e9tait fort satisfait de tous les exercices de la mission que c&rsquo;est ainsi qu&rsquo;il fallait travailler et qu&rsquo;il rendrait ce t\u00e9moignage partout. J&rsquo;avais grande diffi\u00adcult\u00e9 d&rsquo;envoyer en ce lieu l\u00e0 tandis que la cour <i>y <\/i>\u00e9tait ; mais, Sa Majest\u00e9 m&rsquo;ayant fait l&rsquo;honneur de me mander qu&rsquo;il le d\u00e9sirait ainsi, il fallut passer par\u00addessus nos difficult\u00e9s. Celles qui en ont eu le plus au commencement sont maintenant si ferventes qu&rsquo;elles se sont mises de la Charit\u00e9, servant les pauvre en leur jour, et ont fait la qu\u00eate par le bourg en quatre bandes. Ce sont les filles de la reine. (I, 450).<\/p>\n<p>Mais Richelieu, lui aussi, a demand\u00e9 \u00e0 M. Vincent d&rsquo;\u00e9tablir les pr\u00eatres de la Mission et les filles de la Charit\u00e9 en son duch\u00e9 de Richelieu. Ainsi fut fait. M. Vincent en \u00e9crit \u00e0 M. Lambert au Couteaux, le 20 f\u00e9vrier 1638 :<\/p>\n<p>Je trouve fort bien la disposition que vous me dites que vous faites de la mission : i \u00b0 dans le duch\u00e9 ; 2\u00b0 achever celle de Richelieu. Il faudra bien alors \u00e9tablir la Charit\u00e9. J&rsquo;esp\u00e8re vous envoyer une excel\u00adlente Fille de la Charit\u00e9 pour cela. Elle saigne, fait les m\u00e9decines et donne les lavements ; c&rsquo;est celle qui a pr\u00e9f\u00e9r\u00e9 le service des pauvres \u00e0 celui de <i>la <\/i>grande dame que je vous ai dite. Elle est \u00e0 St Germain en Laye o\u00f9 l&rsquo;on \u00e9tablit une notable Charit\u00e9, de laquelle sont la dame d&rsquo;honneur, celle d&rsquo;atours et les filles de la Reine, qui servent elles-m\u00eames avec une ferveur admirable. L&rsquo;on a eu un peu \u00e0 souffrir \u00e0 cette mission \u00e0 cause des gorges d\u00e9couvertes ; mais il a plus \u00e0 Dieu d&rsquo;en tirer de la gloire non petite. (I, 447-448).<\/p>\n<p>On voit, par l\u00e0, que le Cardinal n&rsquo;est pas moins empress\u00e9 que le Roi \u00e0 utiliser les pr\u00eatres de la Mission et les filles de la Charit\u00e9. Ils ne sont pas moins atten\u00adtifs aux suggestions que leur fait M. Vincent pour le choix de bons \u00e9v\u00eaques, la cr\u00e9ation des s\u00e9minaires, la r\u00e9forme des ordres monastiques.<\/p>\n<p>Lorsqu&rsquo;en 1643, Louis XIII se sent pr\u00e8s de mourir, il fait appeler M. Vincent et veut le sentir pr\u00e8s de lui \u00e0 ses derniers instants :<\/p>\n<p style=\"padding-left: 30px\">Sa Majest\u00e9 d\u00e9sira que j&rsquo;assistasse \u00e0 sa mort avec Nosseigneurs de Lisieux et de Maux, son premier aum\u00f4nier, et le R. P. Dinet son confesseur. Depuis que je suis sur la terre, je n&rsquo;ai vu mourir une personne plus chr\u00e9tiennement. Il y a environ quinze jours qu&rsquo;il me fit recommander de l&rsquo;aller voir. Et pource qu&rsquo;il se porta mieux le lendemain, je m&rsquo;en revins. Et me fit redemander il y a trois jours, pendant lesquels Notre Seigneur m&rsquo;a fait la gr\u00e2ce d&rsquo;\u00eatre aupr\u00e8s de lui. Jamais je n&rsquo;ai vu plus d&rsquo;\u00e9l\u00e9vation \u00e0 Dieu, plus de tranquillit\u00e9, plus d&rsquo;appr\u00e9hension des moindres atomes qui paraissaient p\u00e9ch\u00e9, plus de bont\u00e9, ni plus de jugement en une personne en cet \u00e9tat. Avant-hier, les m\u00e9decins l&rsquo;ayant-vu assoupi et les yeux tourn\u00e9s, appr\u00e9hend\u00e8rent qu&rsquo;il ne d\u00fbt passer et le dirent au P\u00e8re confesseur, qui l&rsquo;\u00e9veilla tout aussit\u00f4t et lui dit que les m\u00e9decins estimaient que le temps \u00e9tait venu auquel il fallait faire la recommandation de son \u00e2me \u00e0 Dieu. Au m\u00eame temps, cet esprit plein de celui de Dieu embrassa tendrement et longtemps ce bon p\u00e8re et le remercia de la bonne nouvelle qu&rsquo;il lui donnait ; et incontinent apr\u00e8s, levant les yeux et les bras au ciel, il dit le Te Deum laudamus et l&rsquo;acheva avec tant de ferveur que le seul ressou\u00advenir m&rsquo;attendrit tant \u00e0 l&rsquo;heure que je vous parle. (II, 393).<\/p>\n<p>Le roi mort, M. Vincent allait se retirer, quand la reine Anne d&rsquo;Autriche le prit \u00e0 part et lui dit : \u00ab Ne m&rsquo;abandonnez pas ; je vous confie mon \u00e2me ; guidez-moi dans la voie de la perfection ; je veux aimer et servir Dieu. \u00bb<\/p>\n<p>Devenue R\u00e9gente, elle institua un Conseil des Affaires eccl\u00e9siastiques pour la guider dans le choix des \u00e9v\u00eaques et la r\u00e9partition des b\u00e9n\u00e9fices eccl\u00e9sias\u00adtiques. M. Vincent y fut nomm\u00e9 et exer\u00e7a m\u00eame les fonctions de secr\u00e9taire. Il s&rsquo;y rencontrait avec le Car\u00addinal de Mazarin, le prince de Cond\u00e9, l&rsquo;\u00e9v\u00eaque de Lisieux, Philippe Cospeau. De 1643 \u00e0 1649, pendant six ans, le r\u00f4le de M. Vincent fut consid\u00e9rable mais nullement politique. Il s&rsquo;agissait seulement de donner \u00e0 la France de bons \u00e9v\u00eaques et d&#8217;emp\u00eacher que les b\u00e9n\u00e9fices eccl\u00e9siastiques servent \u00e0 tout autre chose qu&rsquo;au service de l&rsquo;Eglise et des pauvres. M. Vincent s&rsquo;y applique avec une fermet\u00e9, une droiture, un d\u00e9sin\u00adt\u00e9ressement exemplaires. Mais il contraria plus d&rsquo;une fois les projets moir.., d\u00e9sint\u00e9ress\u00e9s du Cardinal Maza\u00adrin. Celui-ci, dans ses carnets intimes, ne cache pas ses craintes et sa m\u00e9fiance \u00e0 l&rsquo;\u00e9gard du saint pr\u00eatre. \u00ab Le P. de Gondi a parl\u00e9 \u00e0 mon pr\u00e9judice comme l&rsquo;ont fait aussi le P. Lambert et M. Vincent. \u00bb (Ao\u00fbt-septembre 1643) M. Vincent, dans la troupe de la Maignelay, Dans, Lambert et autres, voil\u00e0 le canal par lequel tout parvient aux oreilles de Sa Majest\u00e9. \u00bb (fin 1643).<\/p>\n<p>Aux d\u00e9buts de 1644, on pensait que M. Vincent allait \u00eatre en disgr\u00e2ce mais le m\u00eame informateur \u00e9cri\u00advait le 12 mars 1644: \u00ab Le P. Vincent n&rsquo;est pas si peu puissant qu&rsquo;il n&rsquo;ait emp\u00each\u00e9 la donation faite au fils de M. de la Rochefoucauld, \u00e0 la recommanda\u00adtion de M. le Cardinal Mazarin, en la demandant pour M. Olier, cur\u00e9 de Saint-Sulpice. \u00bb (XIII, 137\u00ad-138 et P. Coste, M. <i>Vincent, <\/i>III, 11o).<\/p>\n<p>A l&rsquo;\u00e9gard de Mazarin, M. Vincent reste courtois et d\u00e9f\u00e9rent comme il convient, mais il se maintient dans une prudente r\u00e9serve. Avec Richelieu il montrait de tous autres sentiments. Si divers et si \u00e9loign\u00e9s qu&rsquo;ils fussent, les deux hommes se rencontraient dans une commune volont\u00e9 de servir la France et de tra\u00advailler \u00e0 sa renaissance morale et religieuse.<\/p>\n<p>Pour cette t\u00e2che, ils savaient qu&rsquo;ils pouvaient comp. ter l&rsquo;un sur l&rsquo;autre. Au contraire, l&rsquo;ambition person\u00adnelle, les combinaisons et les finasseries de Mazarin, son emprise quelque peu \u00e9quivoque sur Anne d&rsquo;Au\u00adtriche, inqui\u00e8teront toujours M. Vincent qui se fait un devoir d&rsquo;en d\u00e9fendre la reine. Mais, comme toujours, il d\u00e9passe les sentiments et les m\u00e9fiances m\u00eames que lui inspirent l&rsquo;homme pour ne voir que le service de Dieu et le salut des \u00e2mes qu&rsquo;il s&rsquo;agit de poursuivre et d&rsquo;assurer, m\u00eame en utilisant la faiblesse et la m\u00e9\u00addiocrit\u00e9 des humains. Son unique politique sera tou\u00adjours la politique de la charit\u00e9.<\/p>\n","protected":false},"excerpt":{"rendered":"<p>L&rsquo;ann\u00e9e du Cid C&rsquo;EST dans le courant de l&rsquo;ann\u00e9e 1636, que Pierre Corneille ach\u00e8ve, \u00e0 Rouen, la compo\u00adsition de son chef-d&rsquo;oeuvre Le Cid, cepen\u00addant que, dans sa retraite \u00e0 Leyde, Ren\u00e9 Descartes met la derni\u00e8re &#8230; <a href=\"https:\/\/vincentians.com\/fr\/saint-vincent-de-paul-ou-le-realisme-de-la-charite-4-lannee-du-cid\/\" class=\"more-link\">Read More<\/a><\/p>\n","protected":false},"author":4,"featured_media":106810,"comment_status":"open","ping_status":"open","sticky":false,"template":"","format":"standard","meta":{"jetpack_post_was_ever_published":false,"_jetpack_newsletter_access":"","_jetpack_dont_email_post_to_subs":false,"_jetpack_newsletter_tier_id":0,"_jetpack_memberships_contains_paywalled_content":false,"_jetpack_memberships_contains_paid_content":false,"footnotes":"","jetpack_publicize_message":"","jetpack_publicize_feature_enabled":true,"jetpack_social_post_already_shared":true,"jetpack_social_options":{"image_generator_settings":{"template":"highway","default_image_id":0,"font":"","enabled":false},"version":2}},"categories":[5],"tags":[],"class_list":["post-106814","post","type-post","status-publish","format-standard","has-post-thumbnail","hentry","category-vincent-de-paul"],"yoast_head":"<!-- This site is optimized with the Yoast SEO plugin v26.3 - https:\/\/yoast.com\/wordpress\/plugins\/seo\/ -->\n<title>Saint Vincent de Paul ou le realisme de la charit\u00e9. 4. L&#039;ann\u00e9e du Cid - Nous Sommes Vincentiens<\/title>\n<meta name=\"robots\" content=\"index, follow, max-snippet:-1, max-image-preview:large, max-video-preview:-1\" \/>\n<link rel=\"canonical\" href=\"https:\/\/vincentians.com\/fr\/saint-vincent-de-paul-ou-le-realisme-de-la-charite-4-lannee-du-cid\/\" \/>\n<meta property=\"og:locale\" content=\"fr_FR\" \/>\n<meta property=\"og:type\" content=\"article\" \/>\n<meta property=\"og:title\" content=\"Saint Vincent de Paul ou le realisme de la charit\u00e9. 4. L&#039;ann\u00e9e du Cid - Nous Sommes Vincentiens\" \/>\n<meta property=\"og:description\" content=\"L&rsquo;ann\u00e9e du Cid C&rsquo;EST dans le courant de l&rsquo;ann\u00e9e 1636, que Pierre Corneille ach\u00e8ve, \u00e0 Rouen, la compo\u00adsition de son chef-d&rsquo;oeuvre Le Cid, cepen\u00addant que, dans sa retraite \u00e0 Leyde, Ren\u00e9 Descartes met la derni\u00e8re ... Read More\" \/>\n<meta property=\"og:url\" content=\"https:\/\/vincentians.com\/fr\/saint-vincent-de-paul-ou-le-realisme-de-la-charite-4-lannee-du-cid\/\" \/>\n<meta property=\"og:site_name\" content=\"Nous Sommes Vincentiens\" \/>\n<meta property=\"article:publisher\" content=\"https:\/\/www.facebook.com\/WeAreVincentians\/\" \/>\n<meta property=\"article:author\" content=\"https:\/\/www.facebook.com\/JavierChento\" \/>\n<meta property=\"article:published_time\" content=\"2014-01-08T05:04:47+00:00\" \/>\n<meta name=\"author\" content=\"Francisco Javier Fern\u00e1ndez Chento\" \/>\n<meta name=\"twitter:card\" content=\"summary_large_image\" \/>\n<meta name=\"twitter:creator\" content=\"@https:\/\/twitter.com\/javierchento\" \/>\n<meta name=\"twitter:site\" content=\"@WeVincentians\" \/>\n<meta name=\"twitter:label1\" content=\"\u00c9crit par\" \/>\n\t<meta name=\"twitter:data1\" content=\"Francisco Javier Fern\u00e1ndez Chento\" \/>\n\t<meta name=\"twitter:label2\" content=\"Dur\u00e9e de lecture estim\u00e9e\" \/>\n\t<meta name=\"twitter:data2\" content=\"20 minutes\" \/>\n<script type=\"application\/ld+json\" class=\"yoast-schema-graph\">{\"@context\":\"https:\/\/schema.org\",\"@graph\":[{\"@type\":\"WebPage\",\"@id\":\"https:\/\/vincentians.com\/fr\/saint-vincent-de-paul-ou-le-realisme-de-la-charite-4-lannee-du-cid\/\",\"url\":\"https:\/\/vincentians.com\/fr\/saint-vincent-de-paul-ou-le-realisme-de-la-charite-4-lannee-du-cid\/\",\"name\":\"Saint Vincent de Paul ou le realisme de la charit\u00e9. 4. L'ann\u00e9e du Cid - Nous Sommes Vincentiens\",\"isPartOf\":{\"@id\":\"https:\/\/vincentians.com\/fr\/#website\"},\"primaryImageOfPage\":{\"@id\":\"https:\/\/vincentians.com\/fr\/saint-vincent-de-paul-ou-le-realisme-de-la-charite-4-lannee-du-cid\/#primaryimage\"},\"image\":{\"@id\":\"https:\/\/vincentians.com\/fr\/saint-vincent-de-paul-ou-le-realisme-de-la-charite-4-lannee-du-cid\/#primaryimage\"},\"thumbnailUrl\":\"\",\"datePublished\":\"2014-01-08T05:04:47+00:00\",\"author\":{\"@id\":\"https:\/\/vincentians.com\/fr\/#\/schema\/person\/9623ef4d9aa3b2dfb8c061f1499288f2\"},\"breadcrumb\":{\"@id\":\"https:\/\/vincentians.com\/fr\/saint-vincent-de-paul-ou-le-realisme-de-la-charite-4-lannee-du-cid\/#breadcrumb\"},\"inLanguage\":\"fr-FR\",\"potentialAction\":[{\"@type\":\"ReadAction\",\"target\":[\"https:\/\/vincentians.com\/fr\/saint-vincent-de-paul-ou-le-realisme-de-la-charite-4-lannee-du-cid\/\"]}]},{\"@type\":\"ImageObject\",\"inLanguage\":\"fr-FR\",\"@id\":\"https:\/\/vincentians.com\/fr\/saint-vincent-de-paul-ou-le-realisme-de-la-charite-4-lannee-du-cid\/#primaryimage\",\"url\":\"\",\"contentUrl\":\"\"},{\"@type\":\"BreadcrumbList\",\"@id\":\"https:\/\/vincentians.com\/fr\/saint-vincent-de-paul-ou-le-realisme-de-la-charite-4-lannee-du-cid\/#breadcrumb\",\"itemListElement\":[{\"@type\":\"ListItem\",\"position\":1,\"name\":\"Portada\",\"item\":\"https:\/\/vincentians.com\/fr\/\"},{\"@type\":\"ListItem\",\"position\":2,\"name\":\"Saint Vincent de Paul ou le realisme de la charit\u00e9. 4. L&rsquo;ann\u00e9e du Cid\"}]},{\"@type\":\"WebSite\",\"@id\":\"https:\/\/vincentians.com\/fr\/#website\",\"url\":\"https:\/\/vincentians.com\/fr\/\",\"name\":\"Nous Sommes Vincentiens\",\"description\":\"Know more to serve more\",\"potentialAction\":[{\"@type\":\"SearchAction\",\"target\":{\"@type\":\"EntryPoint\",\"urlTemplate\":\"https:\/\/vincentians.com\/fr\/?s={search_term_string}\"},\"query-input\":{\"@type\":\"PropertyValueSpecification\",\"valueRequired\":true,\"valueName\":\"search_term_string\"}}],\"inLanguage\":\"fr-FR\"},{\"@type\":\"Person\",\"@id\":\"https:\/\/vincentians.com\/fr\/#\/schema\/person\/9623ef4d9aa3b2dfb8c061f1499288f2\",\"name\":\"Francisco Javier Fern\u00e1ndez Chento\",\"image\":{\"@type\":\"ImageObject\",\"inLanguage\":\"fr-FR\",\"@id\":\"https:\/\/vincentians.com\/fr\/#\/schema\/person\/image\/\",\"url\":\"https:\/\/secure.gravatar.com\/avatar\/497d5cde87b4c3d097d0315953521681ba2cd523ee66e5077c3711f7021e65de?s=96&d=mm&r=g\",\"contentUrl\":\"https:\/\/secure.gravatar.com\/avatar\/497d5cde87b4c3d097d0315953521681ba2cd523ee66e5077c3711f7021e65de?s=96&d=mm&r=g\",\"caption\":\"Francisco Javier Fern\u00e1ndez Chento\"},\"description\":\"Director General y cofundador de La Red de Formaci\u00f3n Vicenciana. Javier es laico vicenciano, afiliado a la Congregaci\u00f3n de la Misi\u00f3n y miembro del Equipo de Misiones Populares de la provincia can\u00f3nica de Zaragoza (Espa\u00f1a) de la Congregaci\u00f3n de la Misi\u00f3n. Graduado en la Universidad Oberta de Catalunya con cuatro grados (Asistente de direcci\u00f3n, Gesti\u00f3n Administrativa, Recursos Humanos y Contabilidad Avanzada). Bil\u00edng\u00fce Espa\u00f1ol\/Ingl\u00e9s. gestiona y mantiene varias p\u00e1ginas web cristianas y vicencianas, incluida including La Red de Formaci\u00f3n Vicenciana, de la que es cofundador. Actualmente es responsable del \u00e1rea de Espa\u00f1ol de .famvin, la Red de Noticias de la Familia Vicenciana. Tambi\u00e9n es m\u00fasico cat\u00f3lico y ha editado varios discos. Es Director General y cofundador de Trovador, una reconocida compa\u00f1\u00eda discogr\u00e1fica critiana de Espa\u00f1a. Trabaja en las Tecnolog\u00edas de la Informaci\u00f3n, ofreciendo servicios de alojamiento, dise\u00f1o y mantenimiento Web, as\u00ed como asesoramiento, formaci\u00f3n y soluciones inform\u00e1ticas, gesti\u00f3n documental y digitalizaci\u00f3n de textos, edici\u00f3n y maquetaci\u00f3n de libros, revistas, flyers, etc.\",\"sameAs\":[\"http:\/\/chento.org\",\"https:\/\/www.facebook.com\/JavierChento\",\"https:\/\/x.com\/https:\/\/twitter.com\/javierchento\"],\"url\":\"https:\/\/vincentians.com\/fr\/author\/chento\/\"}]}<\/script>\n<!-- \/ Yoast SEO plugin. -->","yoast_head_json":{"title":"Saint Vincent de Paul ou le realisme de la charit\u00e9. 4. L'ann\u00e9e du Cid - Nous Sommes Vincentiens","robots":{"index":"index","follow":"follow","max-snippet":"max-snippet:-1","max-image-preview":"max-image-preview:large","max-video-preview":"max-video-preview:-1"},"canonical":"https:\/\/vincentians.com\/fr\/saint-vincent-de-paul-ou-le-realisme-de-la-charite-4-lannee-du-cid\/","og_locale":"fr_FR","og_type":"article","og_title":"Saint Vincent de Paul ou le realisme de la charit\u00e9. 4. L'ann\u00e9e du Cid - Nous Sommes Vincentiens","og_description":"L&rsquo;ann\u00e9e du Cid C&rsquo;EST dans le courant de l&rsquo;ann\u00e9e 1636, que Pierre Corneille ach\u00e8ve, \u00e0 Rouen, la compo\u00adsition de son chef-d&rsquo;oeuvre Le Cid, cepen\u00addant que, dans sa retraite \u00e0 Leyde, Ren\u00e9 Descartes met la derni\u00e8re ... Read More","og_url":"https:\/\/vincentians.com\/fr\/saint-vincent-de-paul-ou-le-realisme-de-la-charite-4-lannee-du-cid\/","og_site_name":"Nous Sommes Vincentiens","article_publisher":"https:\/\/www.facebook.com\/WeAreVincentians\/","article_author":"https:\/\/www.facebook.com\/JavierChento","article_published_time":"2014-01-08T05:04:47+00:00","author":"Francisco Javier Fern\u00e1ndez Chento","twitter_card":"summary_large_image","twitter_creator":"@https:\/\/twitter.com\/javierchento","twitter_site":"@WeVincentians","twitter_misc":{"\u00c9crit par":"Francisco Javier Fern\u00e1ndez Chento","Dur\u00e9e de lecture estim\u00e9e":"20 minutes"},"schema":{"@context":"https:\/\/schema.org","@graph":[{"@type":"WebPage","@id":"https:\/\/vincentians.com\/fr\/saint-vincent-de-paul-ou-le-realisme-de-la-charite-4-lannee-du-cid\/","url":"https:\/\/vincentians.com\/fr\/saint-vincent-de-paul-ou-le-realisme-de-la-charite-4-lannee-du-cid\/","name":"Saint Vincent de Paul ou le realisme de la charit\u00e9. 4. L'ann\u00e9e du Cid - Nous Sommes Vincentiens","isPartOf":{"@id":"https:\/\/vincentians.com\/fr\/#website"},"primaryImageOfPage":{"@id":"https:\/\/vincentians.com\/fr\/saint-vincent-de-paul-ou-le-realisme-de-la-charite-4-lannee-du-cid\/#primaryimage"},"image":{"@id":"https:\/\/vincentians.com\/fr\/saint-vincent-de-paul-ou-le-realisme-de-la-charite-4-lannee-du-cid\/#primaryimage"},"thumbnailUrl":"","datePublished":"2014-01-08T05:04:47+00:00","author":{"@id":"https:\/\/vincentians.com\/fr\/#\/schema\/person\/9623ef4d9aa3b2dfb8c061f1499288f2"},"breadcrumb":{"@id":"https:\/\/vincentians.com\/fr\/saint-vincent-de-paul-ou-le-realisme-de-la-charite-4-lannee-du-cid\/#breadcrumb"},"inLanguage":"fr-FR","potentialAction":[{"@type":"ReadAction","target":["https:\/\/vincentians.com\/fr\/saint-vincent-de-paul-ou-le-realisme-de-la-charite-4-lannee-du-cid\/"]}]},{"@type":"ImageObject","inLanguage":"fr-FR","@id":"https:\/\/vincentians.com\/fr\/saint-vincent-de-paul-ou-le-realisme-de-la-charite-4-lannee-du-cid\/#primaryimage","url":"","contentUrl":""},{"@type":"BreadcrumbList","@id":"https:\/\/vincentians.com\/fr\/saint-vincent-de-paul-ou-le-realisme-de-la-charite-4-lannee-du-cid\/#breadcrumb","itemListElement":[{"@type":"ListItem","position":1,"name":"Portada","item":"https:\/\/vincentians.com\/fr\/"},{"@type":"ListItem","position":2,"name":"Saint Vincent de Paul ou le realisme de la charit\u00e9. 4. L&rsquo;ann\u00e9e du Cid"}]},{"@type":"WebSite","@id":"https:\/\/vincentians.com\/fr\/#website","url":"https:\/\/vincentians.com\/fr\/","name":"Nous Sommes Vincentiens","description":"Know more to serve more","potentialAction":[{"@type":"SearchAction","target":{"@type":"EntryPoint","urlTemplate":"https:\/\/vincentians.com\/fr\/?s={search_term_string}"},"query-input":{"@type":"PropertyValueSpecification","valueRequired":true,"valueName":"search_term_string"}}],"inLanguage":"fr-FR"},{"@type":"Person","@id":"https:\/\/vincentians.com\/fr\/#\/schema\/person\/9623ef4d9aa3b2dfb8c061f1499288f2","name":"Francisco Javier Fern\u00e1ndez Chento","image":{"@type":"ImageObject","inLanguage":"fr-FR","@id":"https:\/\/vincentians.com\/fr\/#\/schema\/person\/image\/","url":"https:\/\/secure.gravatar.com\/avatar\/497d5cde87b4c3d097d0315953521681ba2cd523ee66e5077c3711f7021e65de?s=96&d=mm&r=g","contentUrl":"https:\/\/secure.gravatar.com\/avatar\/497d5cde87b4c3d097d0315953521681ba2cd523ee66e5077c3711f7021e65de?s=96&d=mm&r=g","caption":"Francisco Javier Fern\u00e1ndez Chento"},"description":"Director General y cofundador de La Red de Formaci\u00f3n Vicenciana. Javier es laico vicenciano, afiliado a la Congregaci\u00f3n de la Misi\u00f3n y miembro del Equipo de Misiones Populares de la provincia can\u00f3nica de Zaragoza (Espa\u00f1a) de la Congregaci\u00f3n de la Misi\u00f3n. Graduado en la Universidad Oberta de Catalunya con cuatro grados (Asistente de direcci\u00f3n, Gesti\u00f3n Administrativa, Recursos Humanos y Contabilidad Avanzada). Bil\u00edng\u00fce Espa\u00f1ol\/Ingl\u00e9s. gestiona y mantiene varias p\u00e1ginas web cristianas y vicencianas, incluida including La Red de Formaci\u00f3n Vicenciana, de la que es cofundador. Actualmente es responsable del \u00e1rea de Espa\u00f1ol de .famvin, la Red de Noticias de la Familia Vicenciana. Tambi\u00e9n es m\u00fasico cat\u00f3lico y ha editado varios discos. Es Director General y cofundador de Trovador, una reconocida compa\u00f1\u00eda discogr\u00e1fica critiana de Espa\u00f1a. Trabaja en las Tecnolog\u00edas de la Informaci\u00f3n, ofreciendo servicios de alojamiento, dise\u00f1o y mantenimiento Web, as\u00ed como asesoramiento, formaci\u00f3n y soluciones inform\u00e1ticas, gesti\u00f3n documental y digitalizaci\u00f3n de textos, edici\u00f3n y maquetaci\u00f3n de libros, revistas, flyers, etc.","sameAs":["http:\/\/chento.org","https:\/\/www.facebook.com\/JavierChento","https:\/\/x.com\/https:\/\/twitter.com\/javierchento"],"url":"https:\/\/vincentians.com\/fr\/author\/chento\/"}]}},"jetpack_publicize_connections":[],"jetpack_featured_media_url":"","jetpack_sharing_enabled":true,"jetpack_shortlink":"https:\/\/wp.me\/p7ETMP-rMO","jetpack-related-posts":[{"id":56718,"url":"https:\/\/vincentians.com\/fr\/louis-abelly\/","url_meta":{"origin":106814,"position":0},"title":"Louis Abelly","author":"Francisco Javier Fern\u00e1ndez Chento","date":"06\/11\/2012","format":false,"excerpt":"Luis AbellyVoici une anecdote historique d'un spectateur de cirque qui, chaque soir, venait voir le num\u00e9ro du dompteur de lions. Et, comme on l'interrogeait sur cette inutile r\u00e9p\u00e9tition, il r\u00e9pondit: \u00abJ'attends le moment o\u00f9 le lion va d\u00e9vorer le dompteur. Ceci arrivera bien un jour\u00bb. Si vous &es dans cette\u2026","rel":"","context":"Dans &quot;Au temps de Vincent de Paul&quot;","block_context":{"text":"Au temps de Vincent de Paul","link":"https:\/\/vincentians.com\/fr\/category\/au-temps-de-vincent-de-paul\/"},"img":{"alt_text":"Luis Abelly","src":"https:\/\/i0.wp.com\/vincentiens.org\/wp-content\/uploads\/2011\/12\/abelly-198x300.jpg?resize=350%2C200","width":350,"height":200},"classes":[]},{"id":54289,"url":"https:\/\/vincentians.com\/fr\/le-culte-de-marie-et-lexperience-religieuse-de-m-vincent-de-paul\/","url_meta":{"origin":106814,"position":1},"title":"Le culte de Marie et l&rsquo;experience religieuse de M. Vincent de Paul","author":"Francisco Javier Fern\u00e1ndez Chento","date":"19\/02\/2015","format":false,"excerpt":"\u00abBien s\u00fbr, il est de la famille, pouvaient penser les spirituels du grand si\u00e8cle en regardant passer M. Vincent de Paul: mais c'est un parent pauvre! \u00bb. Plac\u00e9s \u00e1 trois si\u00e8cles de distance, nous sommes tout pr\u00eats \u00e1 reprendre sur un ton majeur cette antienne plaintivement modul\u00e9e. C'est un fait:\u2026","rel":"","context":"Dans &quot;Vincent de Paul&quot;","block_context":{"text":"Vincent de Paul","link":"https:\/\/vincentians.com\/fr\/category\/the-vincentian-family\/founders\/vincent-de-paul\/"},"img":{"alt_text":"","src":"https:\/\/i0.wp.com\/vincentiens.org\/wp-content\/uploads\/2011\/10\/Vincent_de_Paul_and_Virgin_Mary-300x179.jpg?resize=350%2C200","width":350,"height":200},"classes":[]},{"id":107004,"url":"https:\/\/vincentians.com\/fr\/un-pelerinage-au-pays-du-cid-iii\/","url_meta":{"origin":106814,"position":2},"title":"Un p\u00e8lerinage au Pays du Cid (III)","author":"Francisco Javier Fern\u00e1ndez Chento","date":"07\/07\/2016","format":false,"excerpt":"III. La ville des h\u00e9ros Burgos, le 18 novembre 1852. Le premier abord de Burgos n\u2019a rien d\u2019h\u00e9ro\u00efque. On y entre par le faubourg qui suit la rive gauche de l\u2019Arlanzon, en tout semblable \u00e0 nos faubourgs, bord\u00e9 d\u2019auberges et d\u2019entrep\u00f4ts, et qui n\u2019a d\u2019espa\u00adgnol que les clochers des \u00e9glises\u2026","rel":"","context":"Dans &quot;Livres de Fr\u00e9d\u00e9ric Ozanam&quot;","block_context":{"text":"Livres de Fr\u00e9d\u00e9ric Ozanam","link":"https:\/\/vincentians.com\/fr\/category\/livres-de-frederic-ozanam\/"},"img":{"alt_text":"","src":"https:\/\/i0.wp.com\/vincentians.com\/fr\/wp-content\/uploads\/sites\/10\/2016\/07\/ozanam-un-peregrinaje-al-pais-del-cid.jpg?fit=1200%2C630&ssl=1&resize=350%2C200","width":350,"height":200,"srcset":"https:\/\/i0.wp.com\/vincentians.com\/fr\/wp-content\/uploads\/sites\/10\/2016\/07\/ozanam-un-peregrinaje-al-pais-del-cid.jpg?fit=1200%2C630&ssl=1&resize=350%2C200 1x, https:\/\/i0.wp.com\/vincentians.com\/fr\/wp-content\/uploads\/sites\/10\/2016\/07\/ozanam-un-peregrinaje-al-pais-del-cid.jpg?fit=1200%2C630&ssl=1&resize=525%2C300 1.5x, https:\/\/i0.wp.com\/vincentians.com\/fr\/wp-content\/uploads\/sites\/10\/2016\/07\/ozanam-un-peregrinaje-al-pais-del-cid.jpg?fit=1200%2C630&ssl=1&resize=700%2C400 2x, https:\/\/i0.wp.com\/vincentians.com\/fr\/wp-content\/uploads\/sites\/10\/2016\/07\/ozanam-un-peregrinaje-al-pais-del-cid.jpg?fit=1200%2C630&ssl=1&resize=1050%2C600 3x"},"classes":[]},{"id":52052,"url":"https:\/\/vincentians.com\/fr\/saint-vincent-de-paul-et-sa-mission-sociale-iii-laction-1\/","url_meta":{"origin":106814,"position":3},"title":"Saint Vincent De Paul Et Sa Mission Sociale. III &#8211; L\u2019action (1)","author":"Francisco Javier Fern\u00e1ndez Chento","date":"25\/12\/2014","format":false,"excerpt":"LES MISSIONS. \u2014 Saint Vincent de Paul missionnaire. \u2014 Organisation des missions rurales. \u2014 Vertus et qualit\u00e9s des missionnaires. \u2014 La pr\u00e9dication d\u2019apr\u00e8s le saint. \u2014 Sa conduite envers les h\u00e9r\u00e9tiques et les infid\u00e8les. \u2014 Les imitateurs de Vincent de Paul. \u2014 Fruits du nouvel apostolat. \u2014 Missions \u00e0 la\u2026","rel":"","context":"Dans &quot;Vincent de Paul&quot;","block_context":{"text":"Vincent de Paul","link":"https:\/\/vincentians.com\/fr\/category\/the-vincentian-family\/founders\/vincent-de-paul\/"},"img":{"alt_text":"","src":"https:\/\/i0.wp.com\/vincentians.com\/fr\/wp-content\/uploads\/sites\/10\/2016\/07\/vincent-et-sa-action-sociale.jpg?fit=1160%2C630&ssl=1&resize=350%2C200","width":350,"height":200,"srcset":"https:\/\/i0.wp.com\/vincentians.com\/fr\/wp-content\/uploads\/sites\/10\/2016\/07\/vincent-et-sa-action-sociale.jpg?fit=1160%2C630&ssl=1&resize=350%2C200 1x, https:\/\/i0.wp.com\/vincentians.com\/fr\/wp-content\/uploads\/sites\/10\/2016\/07\/vincent-et-sa-action-sociale.jpg?fit=1160%2C630&ssl=1&resize=525%2C300 1.5x, https:\/\/i0.wp.com\/vincentians.com\/fr\/wp-content\/uploads\/sites\/10\/2016\/07\/vincent-et-sa-action-sociale.jpg?fit=1160%2C630&ssl=1&resize=700%2C400 2x, https:\/\/i0.wp.com\/vincentians.com\/fr\/wp-content\/uploads\/sites\/10\/2016\/07\/vincent-et-sa-action-sociale.jpg?fit=1160%2C630&ssl=1&resize=1050%2C600 3x"},"classes":[]},{"id":52074,"url":"https:\/\/vincentians.com\/fr\/saint-vincent-de-paul-et-sa-mission-sociale-vii-la-societe-de-saint-vincent-de-paul-ses-origines-son-but-son-histoire\/","url_meta":{"origin":106814,"position":4},"title":"Saint Vincent De Paul Et Sa Mission Sociale. VII &#8211; La Soci\u00e9t\u00e9 De Saint-Vincent-De-Paul : Ses Origines, Son But, Son Histoire","author":"Francisco Javier Fern\u00e1ndez Chento","date":"02\/01\/2015","format":false,"excerpt":"\u00c0 L\u2019EXEMPLE de tous les grands saints, fondateurs d\u2019Ordres, saint Vincent de Paul avait song\u00e9 aux gens du monde qui ne pouvaient entrer dans la vie religieuse, et qui avaient besoin cependant de se sanctifier par des exercices de mis\u00e9ricorde et de pi\u00e9t\u00e9. S\u2019il ne fonda pas, comme saint Dominique\u2026","rel":"","context":"Dans &quot;Vincent de Paul&quot;","block_context":{"text":"Vincent de Paul","link":"https:\/\/vincentians.com\/fr\/category\/the-vincentian-family\/founders\/vincent-de-paul\/"},"img":{"alt_text":"","src":"https:\/\/i0.wp.com\/vincentians.com\/fr\/wp-content\/uploads\/sites\/10\/2016\/07\/vincent-et-sa-action-sociale.jpg?fit=1160%2C630&ssl=1&resize=350%2C200","width":350,"height":200,"srcset":"https:\/\/i0.wp.com\/vincentians.com\/fr\/wp-content\/uploads\/sites\/10\/2016\/07\/vincent-et-sa-action-sociale.jpg?fit=1160%2C630&ssl=1&resize=350%2C200 1x, https:\/\/i0.wp.com\/vincentians.com\/fr\/wp-content\/uploads\/sites\/10\/2016\/07\/vincent-et-sa-action-sociale.jpg?fit=1160%2C630&ssl=1&resize=525%2C300 1.5x, https:\/\/i0.wp.com\/vincentians.com\/fr\/wp-content\/uploads\/sites\/10\/2016\/07\/vincent-et-sa-action-sociale.jpg?fit=1160%2C630&ssl=1&resize=700%2C400 2x, https:\/\/i0.wp.com\/vincentians.com\/fr\/wp-content\/uploads\/sites\/10\/2016\/07\/vincent-et-sa-action-sociale.jpg?fit=1160%2C630&ssl=1&resize=1050%2C600 3x"},"classes":[]},{"id":104756,"url":"https:\/\/vincentians.com\/fr\/louise-de-marillac-lettre-0028-a-monsieur-vincent\/","url_meta":{"origin":106814,"position":5},"title":"Louise de Marillac, Lettre 0028: (\u00e0 Monsieur Vincent)","author":"Francisco Javier Fern\u00e1ndez Chento","date":"17\/01\/2017","format":false,"excerpt":"(1640.) Je supplie tr\u00e8s humblement votre charit\u00e9 prendre la peine nous mander * si ce sera pour demain, apr\u00e8s-d\u00eener, que j 'avertirais nos quatre S\u0153urs. Je me suis oubli\u00e9e de vous proposer notre S\u0153ur Anne de Saint-Paul de qui, je crois, il faut m\u00e9nager l'esprit, et notre S\u0153ur Genevi\u00e8ve de\u2026","rel":"","context":"Dans &quot;\u00c9crits de Louise de Marillac&quot;","block_context":{"text":"\u00c9crits de Louise de Marillac","link":"https:\/\/vincentians.com\/fr\/category\/ecrits-de-louise-de-marillac\/"},"img":{"alt_text":"","src":"https:\/\/i0.wp.com\/vincentians.com\/fr\/wp-content\/uploads\/sites\/10\/2016\/07\/cartas-luisa-de-marillac.jpg?fit=1200%2C630&ssl=1&resize=350%2C200","width":350,"height":200,"srcset":"https:\/\/i0.wp.com\/vincentians.com\/fr\/wp-content\/uploads\/sites\/10\/2016\/07\/cartas-luisa-de-marillac.jpg?fit=1200%2C630&ssl=1&resize=350%2C200 1x, https:\/\/i0.wp.com\/vincentians.com\/fr\/wp-content\/uploads\/sites\/10\/2016\/07\/cartas-luisa-de-marillac.jpg?fit=1200%2C630&ssl=1&resize=525%2C300 1.5x, https:\/\/i0.wp.com\/vincentians.com\/fr\/wp-content\/uploads\/sites\/10\/2016\/07\/cartas-luisa-de-marillac.jpg?fit=1200%2C630&ssl=1&resize=700%2C400 2x, https:\/\/i0.wp.com\/vincentians.com\/fr\/wp-content\/uploads\/sites\/10\/2016\/07\/cartas-luisa-de-marillac.jpg?fit=1200%2C630&ssl=1&resize=1050%2C600 3x"},"classes":[]}],"_links":{"self":[{"href":"https:\/\/vincentians.com\/fr\/wp-json\/wp\/v2\/posts\/106814","targetHints":{"allow":["GET"]}}],"collection":[{"href":"https:\/\/vincentians.com\/fr\/wp-json\/wp\/v2\/posts"}],"about":[{"href":"https:\/\/vincentians.com\/fr\/wp-json\/wp\/v2\/types\/post"}],"author":[{"embeddable":true,"href":"https:\/\/vincentians.com\/fr\/wp-json\/wp\/v2\/users\/4"}],"replies":[{"embeddable":true,"href":"https:\/\/vincentians.com\/fr\/wp-json\/wp\/v2\/comments?post=106814"}],"version-history":[{"count":0,"href":"https:\/\/vincentians.com\/fr\/wp-json\/wp\/v2\/posts\/106814\/revisions"}],"wp:featuredmedia":[{"embeddable":true,"href":"https:\/\/vincentians.com\/fr\/wp-json\/"}],"wp:attachment":[{"href":"https:\/\/vincentians.com\/fr\/wp-json\/wp\/v2\/media?parent=106814"}],"wp:term":[{"taxonomy":"category","embeddable":true,"href":"https:\/\/vincentians.com\/fr\/wp-json\/wp\/v2\/categories?post=106814"},{"taxonomy":"post_tag","embeddable":true,"href":"https:\/\/vincentians.com\/fr\/wp-json\/wp\/v2\/tags?post=106814"}],"curies":[{"name":"wp","href":"https:\/\/api.w.org\/{rel}","templated":true}]}}