{"id":106802,"date":"2014-01-04T08:19:43","date_gmt":"2014-01-04T07:19:43","guid":{"rendered":"http:\/\/vincentiens.org\/?p=106802"},"modified":"2014-01-04T08:19:43","modified_gmt":"2014-01-04T07:19:43","slug":"la-vie-du-venerable-serviteur-de-dieu-vincent-de-paul-livre-troisieme-chapitre-xxv-et-dernier","status":"publish","type":"post","link":"https:\/\/vincentians.com\/fr\/la-vie-du-venerable-serviteur-de-dieu-vincent-de-paul-livre-troisieme-chapitre-xxv-et-dernier\/","title":{"rendered":"La vie du v\u00e9n\u00e9rable serviteur de Dieu Vincent de Paul, Livre troisi\u00e8me, Chapitre XXV et dernier"},"content":{"rendered":"<h2><b>Chapitre XXV et dernier: Conclusion de tout cet ouvrage, o\u00f9 l&rsquo;on satisfait \u00e0 la demande qui pourrait se faire pourquoi on ne rapporte en ce livre aucun miracle fait pour preuve de la saintet\u00e9 de M. Vincent.<\/b><\/h2>\n<p>Ceux qui mettent par \u00e9crit la vie des personnes qui ont excell\u00e9 en vertu, rapportent ordinairement \u00e0 la fin de leur ouvrage, les miracles que Dieu a op\u00e9r\u00e9s en leur faveur, pour servir comme d&rsquo;un t\u00e9moignage authentique de leur saintet\u00e9. Et comme on ne doit pas l\u00e9g\u00e8rement croire tout ce qui se dit de ces \u0153uvres extraordinaires et miraculeuses, aussi ne les faut-il pas t\u00e9m\u00e9rairement rejeter ou improuver: car la main de Dieu n&rsquo;est pas raccourcie, et sa puissance n&rsquo;a pas moins d&rsquo;\u00e9tendue en ces derniers si\u00e8cles que dans les pr\u00e9c\u00e9dents. Il est le souverain Seigneur de l&rsquo;univers, qui peut toujours faire tout ce qu&rsquo;il lui pla\u00eet au ciel et en la terre: et comme le don des miracles est un des principaux moyens qu&rsquo;il a voulu employer pour \u00e9tablir son \u00c9glise, et pour planter la foi dans les c\u0153urs des hommes, il n&rsquo;y a pas lieu de douter qu&rsquo;il ne puisse s&rsquo;en servir, et qu&rsquo;en effet il ne s&rsquo;en serve de temps en temps, pour affermir cette m\u00eame \u00c9glise, et r\u00e9veiller cette foi qui semble quelquefois \u00eatre comme endormie en la plupart des chr\u00e9tiens.<\/p>\n<p>Cela \u00e9tant donc de la sorte, quelqu&rsquo;un peut-\u00eatre demandera pourquoi, dans tout le r\u00e9cit de la vie de M. Vincent, on n&rsquo;a rapporte aucun miracle ? Car cette vie ayant \u00e9t\u00e9 si vertueuse et si sainte, comment se pourrait-il faire que Dieu n&rsquo;en e\u00fbt pas op\u00e9r\u00e9 en sa faveur? Et s&rsquo;il en a fait quelqu&rsquo;un, pourquoi est-ce qu&rsquo;on le retient sous le silence, et qu&rsquo;on ne le d\u00e9clare point, puisque selon le t\u00e9moignage d&rsquo;un ange: \u00abC&rsquo;est une chose honorable et glorieuse \u00e0 Dieu de d\u00e9clarer et manifester les \u0153uvres de sa puissance?\u00bb<\/p>\n<p>Mais on peut r\u00e9pondre, en premier lieu, que ce n&rsquo;est pas une cons\u00e9quence n\u00e9cessaire, lorsqu&rsquo;une personne a men\u00e9 une vie sainte, que cette vie ait \u00e9t\u00e9 accompagn\u00e9e du don des miracles, puisque nous voyons plusieurs grands saints reconnus pour tels de toute l&rsquo;\u00c9glise, desquels toutefois on ne lit point qu&rsquo;ils aient fait aucun miracle. L&rsquo;\u00c9vangile nous d\u00e9clare express\u00e9ment que saint Jean-Baptiste, quoique d\u00e9clar\u00e9 par la bouche du Fils de Dieu m\u00eame le plus grand de tous les hommes, n&rsquo;a pourtant fait aucun miracle; et l&rsquo;histoire eccl\u00e9siastique nous met devant les yeux un tr\u00e8s grand nombre de saints, de tout \u00e9tat et condition, qui n&rsquo;en ont jamais fait, dont n\u00e9anmoins l&rsquo;\u00c9glise ne laisse pas de reconna\u00eetre et d&rsquo;honorer la saintet\u00e9, et par cons\u00e9quent, bien que Dieu n&rsquo;e\u00fbt fait aucun miracle par M. Vincent, cela ne devrait en rien diminuer l&rsquo;estime que m\u00e9ritent ses vertus, ni la v\u00e9n\u00e9ration qui est due \u00e0 la m\u00e9moire de sa sainte vie.<\/p>\n<p>On pourrait encore r\u00e9pondre, que si on n&rsquo;a rapport\u00e9 aucun miracle en faveur de ce saint homme, ce n&rsquo;est pas que plusieurs personnes tr\u00e8s dignes de foi n&rsquo;aient rendu t\u00e9moignage de diverses choses qu&rsquo;il a faites durant sa vie, et qui sont arriv\u00e9es apr\u00e8s sa mort, qui pourraient \u00eatre reconnues pour miraculeuses; par exemple, qu&rsquo;il a plusieurs fois pr\u00e9dit des choses avant qu&rsquo;elles arrivassent; qu&rsquo;il en a connu et d\u00e9clar\u00e9 d&rsquo;autres purement int\u00e9rieures, qui ne pouvaient \u00eatre sues que de Dieu seul; qu&rsquo;il a d\u00e9livr\u00e9 plusieurs personnes de diverses peines int\u00e9rieures tr\u00e8s grandes, dont elles \u00e9taient extraordinairement travaill\u00e9es depuis longtemps et auxquelles elles n&rsquo;avaient pu trouver aucun soulagement. Pour ne rien dire de la gu\u00e9rison de plusieurs autres personnes afflig\u00e9es en leurs corps de maladies tr\u00e8s f\u00e2cheuses, et qui paraissaient irr\u00e9m\u00e9diables, laquelle s&rsquo;est faite d&rsquo;une mani\u00e8re qui surpasse enti\u00e8rement les forces de la nature, lorsque ces personnes ont eu recours aux intercessions de ce grand serviteur de Dieu.<\/p>\n<p>Mais quoiqu&rsquo;on p\u00fbt rapporter plusieurs exemples de telles et semblables choses, qui sont tr\u00e8s av\u00e9r\u00e9es, et appuy\u00e9es sur des t\u00e9moignages irr\u00e9prochables, et qui m\u00e9riteraient sans doute la cr\u00e9ance du lecteur. On a mieux aim\u00e9 toutefois les cacher sous le voile du silence, pour rendre une plus exacte ob\u00e9issance aux ordres de la sainte \u00c9glise, qui ne veut point qu&rsquo;on publie aucun miracle qui n&rsquo;ait auparavant \u00e9t\u00e9 reconnu et approuv\u00e9 par l&rsquo;autorit\u00e9 des \u00e9v\u00eaques, que pour se conformer plus parfaitement \u00e0 l&rsquo;esprit de ce p\u00e8re des Missionnaires, dont l&rsquo;humilit\u00e9 ne pouvait souffrir qu&rsquo;on d\u00e9couvr\u00eet les dons et les gr\u00e2ces extraordinaires de Dieu, voulant qu&rsquo;on les t\u00eent cach\u00e9es, jusqu&rsquo;\u00e0 ce que la Providence les manifest\u00e2t elle-m\u00eame, par les voies qu&rsquo;elle jugerait les plus convenables.<\/p>\n<p>Enfin, si l&rsquo;on ne produit en ce livre aucun miracle pour marque de la saintet\u00e9 de M. Vincent, c&rsquo;est que nous en avons d&rsquo;ailleurs des preuves si fortes, qu&rsquo;elles sont plus que suffisantes, non seulement pour convaincre, mais aussi pour persuader un esprit raisonnable et chr\u00e9tien. On rapporte d&rsquo;un Cardinal fort \u00e2g\u00e9, pr\u00e9sent dans le consistoire \u00e0 la lecture qui s&rsquo;y faisait des informations que le Souverain Pontife avait ordonn\u00e9es pour proc\u00e9der \u00e0 la canonisation d&rsquo;une personne qui avait v\u00e9cu, et qui \u00e9tait morte en r\u00e9putation de saintet\u00e9. Pendant qu&rsquo;on r\u00e9citait un grand nombre de gu\u00e9risons miraculeuses de diverses maladies, faites par ses intercessions, ce Cardinal paraissait tout assoupi, et abattu de sommeil; mais que dans la suite, quand on vint \u00e0 rapporter qu&rsquo;un jour ayant re\u00e7u en pleine rue une injure fort atroce, et un affront tr\u00e8s sensible, elle l&rsquo;avait support\u00e9 avec une patience admirable, sans en faire para\u00eetre la moindre \u00e9motion, et qu&rsquo;au contraire elle avait t\u00e9moign\u00e9 beaucoup de charit\u00e9 et d&rsquo;amour envers ceux qui la traitaient si mal, ce bon Cardinal ouvrant les yeux, comme s&rsquo;il se f\u00fbt r\u00e9veill\u00e9, dit tout haut: \u00ab Voil\u00e0 un grand miracle! Voulant t\u00e9moigner par ces paroles que les actions vertueuses, et particuli\u00e8rement celles qui sont h\u00e9ro\u00efques, et beaucoup \u00e9lev\u00e9es au-dessus de la port\u00e9e de la nature, doivent passer pour des preuves les plus fortes et les plus convaincantes de la saintet\u00e9 de ceux qui les ont pratiqu\u00e9es jusques \u00e0 la mort .<\/p>\n<p>Suivant cette maxime, ceux qui voudront ramener leur attention sur tout ce qui a \u00e9t\u00e9 rapport\u00e9 de M. Vincent trouveront abondamment de quoi convaincre leur esprit sur ce sujet. Car si l&rsquo;on peut appeler miraculeuses les \u0153uvres qui sont au-dessus des voies communes de la nature, qui surpassent de beaucoup ses forces et qui vont bien loin au-del\u00e0 du train ordinaire du commun des chr\u00e9tiens, on peut aussi bien dire que la longue vie de M. Vincent a \u00e9t\u00e9 presque un continuel miracle; puisqu&rsquo;elle n&rsquo;a \u00e9t\u00e9 autre chose qu&rsquo;un tissu d&rsquo;actes des plus excellentes vertus, dans la pratique desquelles ce fid\u00e8le serviteur de Dieu a toujours constamment pers\u00e9v\u00e9r\u00e9 jusqu&rsquo;\u00e0 la fin.<\/p>\n<p>Mais pour donner encore plus de jour \u00e0 ce que nous d\u00e9sirons faire entendre au lecteur, il observera s&rsquo;il lui pla\u00eet que, comme Dieu ne s&rsquo;est pas servi des seuls miracles, mais qu&rsquo;il a employ\u00e9 divers autres moyens pour rendre croyables les myst\u00e8res et les v\u00e9rit\u00e9s de notre religion, de m\u00eame sa divine Providence ne veut pas toujours manifester la saintet\u00e9 de ses plus fid\u00e8les serviteurs par les \u0153uvres miraculeuses qu&rsquo;il op\u00e8re par eux, pouvant se servir, quand il lui pla\u00eet, d&rsquo;autres moyens, qui ne sont pas moins propres ni moins efficaces pour cette fin. Ainsi voyons-nous dans l&rsquo;histoire eccl\u00e9siastique qu&rsquo;il en a rendu quelques-uns c\u00e9l\u00e8bres par une vocation tout extraordinaire: et par une mani\u00e8re de vie fort \u00e9lev\u00e9e au-dessus du commun, et plus ang\u00e9lique qu&rsquo;humaine, les a rendus l&rsquo;objet de la v\u00e9n\u00e9ration aussi bien que de l&rsquo;admiration de tous les fid\u00e8les.<\/p>\n<p>Il a voulu que le seul martyre, sans aucun autre effet miraculeux, en ait canonis\u00e9 un grand nombre d&rsquo;autres; et que plusieurs, par une voie diff\u00e9rente, se soient rendus illustres et recommandables dans l&rsquo;\u00c9glise par leur \u00e9rudition et par une doctrine toute singuli\u00e8re et toute sainte.<\/p>\n<p>Mais pour son serviteur Vincent de Paul, (s&rsquo;il est permis de p\u00e9n\u00e9trer dans les secrets de sa Providence) il semble qu&rsquo;il ait voulu, par une conduite toute sp\u00e9ciale et non moins merveilleuse, se servir de ses abaissements pour le relever, et de sa profonde humilit\u00e9 pour le rendre plus digne d&rsquo;honneur et de v\u00e9n\u00e9ration dans son \u00c9glise; en sorte qu&rsquo;en cet humble pr\u00eatre se trouve particuli\u00e8rement v\u00e9rifi\u00e9 ce que J\u00e9sus-Christ a dit: \u00abQue celui qui s&rsquo;humilie sera exalt\u00e9. \u00bb<\/p>\n<p>Certainement, si d&rsquo;un c\u00f4t\u00e9 l&rsquo;on consid\u00e8re avec quelque attention le m\u00e9pris que M. Vincent faisait de lui-m\u00eame et le d\u00e9sir continuel qu&rsquo;il avait de passer pour un homme de n\u00e9ant, pour un pauvre serviteur inutile, pour un mis\u00e9rable, pour un abominable p\u00e9cheur, tel qu&rsquo;il se disait; Et que d&rsquo;autre part, on regarde les choses extraordinaires et presque incroyables qu&rsquo;il a plu \u00e0 Dieu faire par son moyen, on sera oblig\u00e9 de reconna\u00eetre que si ces choses ont r\u00e9ussi avec une telle b\u00e9n\u00e9diction, cela n&rsquo;est pas venu de l&rsquo;industrie ni de la vertu de l&rsquo;homme; ce sont des effets d&rsquo;une conduite toute particuli\u00e8re de la sagesse et de la puissance de Dieu et presque autant de miracles op\u00e9r\u00e9s par sa bont\u00e9, pour t\u00e9moignage qu&rsquo;il agr\u00e9ait et approuvait ce que son fid\u00e8le serviteur entreprenait et faisait pour son service.<\/p>\n<p>Car n&rsquo;y a-t-il pas sujet de tenir pour une chose en quelque fa\u00e7on miraculeuse que le fils d&rsquo;un simple paysan, n\u00e9 dans l&rsquo;obscurit\u00e9 de la plus basse condition qui se trouve parmi les hommes, \u00e9lev\u00e9 d&rsquo;une mani\u00e8re toute rustique \u00e0 la garde des bestiaux, et apr\u00e8s r\u00e9duit dans un malheureux esclavage, et qui s&rsquo;est toujours tenu cach\u00e9 autant qu&rsquo;il a pu dans l&rsquo;ombre d&rsquo;une vie commune et abjecte, ait, nonobstant tout cela, paru dans l&rsquo;\u00c9glise comme un nouveau soleil? Il a \u00e9clair\u00e9 un nombre presque innombrable de pauvres \u00e2mes \u00ab\u00a0qui gisaient dans les t\u00e9n\u00e8bres et dans l&rsquo;ombre de la mort\u00a0\u00bb, comme parle un proph\u00e8te, c&rsquo;est-\u00e0-dire qui passaient toute leur vie dans une effroyable ignorance de Dieu et des choses n\u00e9cessaires \u00e0 leur salut, et que non seulement \u00e9clair\u00e9, mais aussi \u00e9chauff\u00e9 et vivifi\u00e9 par les ardeurs de son z\u00e8le une infinit\u00e9 de personnes qui \u00e9taient mortes \u00e0 la vie de la gr\u00e2ce et comme ensevelies dans le p\u00e9ch\u00e9, et il a rallum\u00e9 dans les c\u0153urs de plusieurs autres le feu du divin amour.<\/p>\n<p>Qu&rsquo;un simple pr\u00eatre, sans b\u00e9n\u00e9fices, sans biens ext\u00e9rieurs et sans aucun pouvoir ni autorit\u00e9 dans l&rsquo;\u00c9glise, ait su rem\u00e9dier efficacement \u00e0 un tr\u00e8s grand nombre de d\u00e9r\u00e8glements qui se trouvaient dans le clerg\u00e9; et qu&rsquo;il ait fait sur ce sujet, et heureusement conduit \u00e0 chef dedans et dehors le Royaume de France, ce que les plus grands pr\u00e9lats et les plus z\u00e9l\u00e9s eussent a peine r\u00e9solu d&rsquo;entreprendre dans leurs propres dioc\u00e8ses et dans les lieux d\u00e9pendants de leur juridiction, avec toute leur autorit\u00e9 et tous leurs grands revenus.<\/p>\n<p>Qu&rsquo;un homme pauvre et d\u00e9nu\u00e9 de tous moyens et de toutes commodit\u00e9s ait trouv\u00e9 le moyen de secourir et d&rsquo;assister dans leur extr\u00eame n\u00e9cessite les pauvres, non d&rsquo;une seule ville, mais de plusieurs provinces enti\u00e8res, non pendant quelque partie d&rsquo;une mauvaise saison, mais durant un grand nombre d&rsquo;ann\u00e9es; et que pendant tout ce temps il a procur\u00e9 qu&rsquo;ils fussent pourvus de ce dont ils avaient besoin pour leur nourriture, leurs v\u00eatements et autres n\u00e9cessit\u00e9s; qu&rsquo;il ait remis en \u00e9tat les \u00e9glises br\u00fbl\u00e9es par les gens de guerre, les fournissant d&rsquo;ornements; qu&rsquo;il ait procur\u00e9 aux pr\u00eatres et aux cur\u00e9s la subsistance n\u00e9cessaire; qu&rsquo;il ait pourvu de m\u00e9dicaments et de nourriture un nombre presque infini de pauvres malades, r\u00e9pandus de tous c\u00f4t\u00e9s dans la plupart des villages de France, de Savoie, d&rsquo;Italie et de plusieurs autres provinces encore plus \u00e9loign\u00e9es, et cela, non pour un peu de temps, mais depuis plus de trente ans; et qu&rsquo;il ait trouv\u00e9 un fonds in\u00e9puisable pour continuer toujours ces assistances, autant que les Confr\u00e9ries de la Charit\u00e9 qu&rsquo;il a institu\u00e9es dureront.<\/p>\n<p>Enfin, qu&rsquo;un homme de la plus basse naissance, qu&rsquo;il n&rsquo;a point cach\u00e9e, mais qu&rsquo;il a publi\u00e9e partout, qui se d\u00e9clarait un pauvre ignorant, qui ne faisait para\u00eetre aucun talent ext\u00e9rieur qui le rend\u00eet consid\u00e9rable, qui n&rsquo;a jamais compos\u00e9 aucun livre, ni pr\u00each\u00e9 en aucune chaire c\u00e9l\u00e8bre, et qui a plut\u00f4t fait tout ce qu&rsquo;il a pu pour se tenir cach\u00e9 ou pour se rendre vil et m\u00e9prisable; nonobstant tout cela, cet homme inconnu a acquis une r\u00e9putation qui s&rsquo;est r\u00e9pandue presque par tout le monde; il a \u00e9t\u00e9 honor\u00e9 et recherch\u00e9 des plus grands, et m\u00eame appel\u00e9 dans les Cabinets et dans les Conseils des souverains.<\/p>\n<p>Certainement, celui qui p\u00e8sera bien toutes ces choses sera oblig\u00e9 de reconna\u00eetre que la main du Seigneur a \u00e9t\u00e9 avec son fid\u00e8le serviteur pour op\u00e9rer toutes ces merveilles, et que la vie, la conduite, les \u0153uvres et les succ\u00e8s des entreprises de M . Vincent ont \u00e9t\u00e9 des ouvrages singuliers de la sagesse et de la puissance de Dieu, qui sait, quand il lui pla\u00eet, faire sortir la lumi\u00e8re des t\u00e9n\u00e8bres, et tirer du n\u00e9ant ce qu&rsquo;il y a de plus grand et de plus \u00e9clatant dans l&rsquo;univers.<\/p>\n<p>Apr\u00e8s tout, le lecteur trouvera ici un ample sujet de glorifier Dieu et de le b\u00e9nir de tous ces grands exemples de vertu qu&rsquo;il lui a mis devant les yeux en la personne de son fid\u00e8le serviteur. Saint Gr\u00e9goire de Nysse, parlant de saint Ephrem, disait, que Dieu l&rsquo;avait mis sur la terre comme un grand luminaire pour \u00e9clairer le monde, ou bien comme une haute colonne vivante et anim\u00e9e pour montrer aux hommes les sentiers de la vertu et de la saintet\u00e9, \u00e0 la fa\u00e7on de ces Mercures que l&rsquo;on posait sur les grands chemins; et nous pouvons, avec toute sorte de raisons, dire de m\u00eame de M. Vincent. C&rsquo;est Dieu qui l&rsquo;a fait na\u00eetre et qui l&rsquo;a donn\u00e9 \u00e0 son \u00c9glise pour lui procurer plusieurs grands biens, mais particuli\u00e8rement pour y laisser l&rsquo;exemple de sa sainte vie, comme un adresse assur\u00e9 pour conna\u00eetre le chemin qui conduit \u00e0 la solide perfection; afin que par cette vue on f\u00fbt excit\u00e9 \u00e0 prendre cette route, et \u00e0 marcher \u00e0 la faveur d&rsquo;un si bon guide, entrant dans ses sentiments, embrassant ses maximes et cherchant \u00e0 son imitation, avant toute autre chose, le Royaume de Dieu, l&rsquo;accomplissement de ses volont\u00e9s, et l&rsquo;accroissement de son honneur et de sa gloire.<\/p>\n<p>Fin<\/p>\n","protected":false},"excerpt":{"rendered":"<p>Chapitre XXV et dernier: Conclusion de tout cet ouvrage, o\u00f9 l&rsquo;on satisfait \u00e0 la demande qui pourrait se faire pourquoi on ne rapporte en ce livre aucun miracle fait pour preuve de la saintet\u00e9 de &#8230; <a href=\"https:\/\/vincentians.com\/fr\/la-vie-du-venerable-serviteur-de-dieu-vincent-de-paul-livre-troisieme-chapitre-xxv-et-dernier\/\" class=\"more-link\">Read More<\/a><\/p>\n","protected":false},"author":4,"featured_media":149583,"comment_status":"open","ping_status":"open","sticky":false,"template":"","format":"standard","meta":{"jetpack_post_was_ever_published":false,"_jetpack_newsletter_access":"","_jetpack_dont_email_post_to_subs":false,"_jetpack_newsletter_tier_id":0,"_jetpack_memberships_contains_paywalled_content":false,"_jetpack_memberships_contains_paid_content":false,"footnotes":"","jetpack_publicize_message":"","jetpack_publicize_feature_enabled":true,"jetpack_social_post_already_shared":true,"jetpack_social_options":{"image_generator_settings":{"template":"highway","default_image_id":0,"font":"","enabled":false},"version":2}},"categories":[5],"tags":[],"class_list":["post-106802","post","type-post","status-publish","format-standard","has-post-thumbnail","hentry","category-vincent-de-paul"],"yoast_head":"<!-- This site is optimized with the Yoast SEO plugin v26.3 - https:\/\/yoast.com\/wordpress\/plugins\/seo\/ -->\n<title>La vie du v\u00e9n\u00e9rable serviteur de Dieu Vincent de Paul, Livre troisi\u00e8me, Chapitre XXV et dernier - Nous Sommes Vincentiens<\/title>\n<meta name=\"robots\" content=\"index, follow, max-snippet:-1, max-image-preview:large, max-video-preview:-1\" \/>\n<link rel=\"canonical\" href=\"https:\/\/vincentians.com\/fr\/la-vie-du-venerable-serviteur-de-dieu-vincent-de-paul-livre-troisieme-chapitre-xxv-et-dernier\/\" \/>\n<meta property=\"og:locale\" content=\"fr_FR\" \/>\n<meta property=\"og:type\" content=\"article\" \/>\n<meta property=\"og:title\" content=\"La vie du v\u00e9n\u00e9rable serviteur de Dieu Vincent de Paul, Livre troisi\u00e8me, Chapitre XXV et dernier - Nous Sommes Vincentiens\" \/>\n<meta property=\"og:description\" content=\"Chapitre XXV et dernier: Conclusion de tout cet ouvrage, o\u00f9 l&rsquo;on satisfait \u00e0 la demande qui pourrait se faire pourquoi on ne rapporte en ce livre aucun miracle fait pour preuve de la saintet\u00e9 de ... Read More\" \/>\n<meta property=\"og:url\" content=\"https:\/\/vincentians.com\/fr\/la-vie-du-venerable-serviteur-de-dieu-vincent-de-paul-livre-troisieme-chapitre-xxv-et-dernier\/\" \/>\n<meta property=\"og:site_name\" content=\"Nous Sommes Vincentiens\" \/>\n<meta property=\"article:publisher\" content=\"https:\/\/www.facebook.com\/WeAreVincentians\/\" \/>\n<meta property=\"article:author\" content=\"https:\/\/www.facebook.com\/JavierChento\" \/>\n<meta property=\"article:published_time\" content=\"2014-01-04T07:19:43+00:00\" \/>\n<meta property=\"og:image\" content=\"https:\/\/i0.wp.com\/vincentians.com\/fr\/wp-content\/uploads\/sites\/10\/2016\/07\/abelly-feat.jpg?fit=1200%2C630&ssl=1\" \/>\n\t<meta property=\"og:image:width\" content=\"1200\" \/>\n\t<meta property=\"og:image:height\" content=\"630\" \/>\n\t<meta property=\"og:image:type\" content=\"image\/jpeg\" \/>\n<meta name=\"author\" content=\"Francisco Javier Fern\u00e1ndez Chento\" \/>\n<meta name=\"twitter:card\" content=\"summary_large_image\" \/>\n<meta name=\"twitter:creator\" content=\"@https:\/\/twitter.com\/javierchento\" \/>\n<meta name=\"twitter:site\" content=\"@WeVincentians\" \/>\n<meta name=\"twitter:label1\" content=\"\u00c9crit par\" \/>\n\t<meta name=\"twitter:data1\" content=\"Francisco Javier Fern\u00e1ndez Chento\" \/>\n\t<meta name=\"twitter:label2\" content=\"Dur\u00e9e de lecture estim\u00e9e\" \/>\n\t<meta name=\"twitter:data2\" content=\"13 minutes\" \/>\n<script type=\"application\/ld+json\" class=\"yoast-schema-graph\">{\"@context\":\"https:\/\/schema.org\",\"@graph\":[{\"@type\":\"WebPage\",\"@id\":\"https:\/\/vincentians.com\/fr\/la-vie-du-venerable-serviteur-de-dieu-vincent-de-paul-livre-troisieme-chapitre-xxv-et-dernier\/\",\"url\":\"https:\/\/vincentians.com\/fr\/la-vie-du-venerable-serviteur-de-dieu-vincent-de-paul-livre-troisieme-chapitre-xxv-et-dernier\/\",\"name\":\"La vie du v\u00e9n\u00e9rable serviteur de Dieu Vincent de Paul, Livre troisi\u00e8me, Chapitre XXV et dernier - Nous Sommes Vincentiens\",\"isPartOf\":{\"@id\":\"https:\/\/vincentians.com\/fr\/#website\"},\"primaryImageOfPage\":{\"@id\":\"https:\/\/vincentians.com\/fr\/la-vie-du-venerable-serviteur-de-dieu-vincent-de-paul-livre-troisieme-chapitre-xxv-et-dernier\/#primaryimage\"},\"image\":{\"@id\":\"https:\/\/vincentians.com\/fr\/la-vie-du-venerable-serviteur-de-dieu-vincent-de-paul-livre-troisieme-chapitre-xxv-et-dernier\/#primaryimage\"},\"thumbnailUrl\":\"https:\/\/i0.wp.com\/vincentians.com\/fr\/wp-content\/uploads\/sites\/10\/2016\/07\/abelly-feat.jpg?fit=1200%2C630&ssl=1\",\"datePublished\":\"2014-01-04T07:19:43+00:00\",\"author\":{\"@id\":\"https:\/\/vincentians.com\/fr\/#\/schema\/person\/9623ef4d9aa3b2dfb8c061f1499288f2\"},\"breadcrumb\":{\"@id\":\"https:\/\/vincentians.com\/fr\/la-vie-du-venerable-serviteur-de-dieu-vincent-de-paul-livre-troisieme-chapitre-xxv-et-dernier\/#breadcrumb\"},\"inLanguage\":\"fr-FR\",\"potentialAction\":[{\"@type\":\"ReadAction\",\"target\":[\"https:\/\/vincentians.com\/fr\/la-vie-du-venerable-serviteur-de-dieu-vincent-de-paul-livre-troisieme-chapitre-xxv-et-dernier\/\"]}]},{\"@type\":\"ImageObject\",\"inLanguage\":\"fr-FR\",\"@id\":\"https:\/\/vincentians.com\/fr\/la-vie-du-venerable-serviteur-de-dieu-vincent-de-paul-livre-troisieme-chapitre-xxv-et-dernier\/#primaryimage\",\"url\":\"https:\/\/i0.wp.com\/vincentians.com\/fr\/wp-content\/uploads\/sites\/10\/2016\/07\/abelly-feat.jpg?fit=1200%2C630&ssl=1\",\"contentUrl\":\"https:\/\/i0.wp.com\/vincentians.com\/fr\/wp-content\/uploads\/sites\/10\/2016\/07\/abelly-feat.jpg?fit=1200%2C630&ssl=1\",\"width\":1200,\"height\":630},{\"@type\":\"BreadcrumbList\",\"@id\":\"https:\/\/vincentians.com\/fr\/la-vie-du-venerable-serviteur-de-dieu-vincent-de-paul-livre-troisieme-chapitre-xxv-et-dernier\/#breadcrumb\",\"itemListElement\":[{\"@type\":\"ListItem\",\"position\":1,\"name\":\"Portada\",\"item\":\"https:\/\/vincentians.com\/fr\/\"},{\"@type\":\"ListItem\",\"position\":2,\"name\":\"La vie du v\u00e9n\u00e9rable serviteur de Dieu Vincent de Paul, Livre troisi\u00e8me, Chapitre XXV et dernier\"}]},{\"@type\":\"WebSite\",\"@id\":\"https:\/\/vincentians.com\/fr\/#website\",\"url\":\"https:\/\/vincentians.com\/fr\/\",\"name\":\"Nous Sommes Vincentiens\",\"description\":\"Know more to serve more\",\"potentialAction\":[{\"@type\":\"SearchAction\",\"target\":{\"@type\":\"EntryPoint\",\"urlTemplate\":\"https:\/\/vincentians.com\/fr\/?s={search_term_string}\"},\"query-input\":{\"@type\":\"PropertyValueSpecification\",\"valueRequired\":true,\"valueName\":\"search_term_string\"}}],\"inLanguage\":\"fr-FR\"},{\"@type\":\"Person\",\"@id\":\"https:\/\/vincentians.com\/fr\/#\/schema\/person\/9623ef4d9aa3b2dfb8c061f1499288f2\",\"name\":\"Francisco Javier Fern\u00e1ndez Chento\",\"image\":{\"@type\":\"ImageObject\",\"inLanguage\":\"fr-FR\",\"@id\":\"https:\/\/vincentians.com\/fr\/#\/schema\/person\/image\/\",\"url\":\"https:\/\/secure.gravatar.com\/avatar\/497d5cde87b4c3d097d0315953521681ba2cd523ee66e5077c3711f7021e65de?s=96&d=mm&r=g\",\"contentUrl\":\"https:\/\/secure.gravatar.com\/avatar\/497d5cde87b4c3d097d0315953521681ba2cd523ee66e5077c3711f7021e65de?s=96&d=mm&r=g\",\"caption\":\"Francisco Javier Fern\u00e1ndez Chento\"},\"description\":\"Director General y cofundador de La Red de Formaci\u00f3n Vicenciana. Javier es laico vicenciano, afiliado a la Congregaci\u00f3n de la Misi\u00f3n y miembro del Equipo de Misiones Populares de la provincia can\u00f3nica de Zaragoza (Espa\u00f1a) de la Congregaci\u00f3n de la Misi\u00f3n. Graduado en la Universidad Oberta de Catalunya con cuatro grados (Asistente de direcci\u00f3n, Gesti\u00f3n Administrativa, Recursos Humanos y Contabilidad Avanzada). Bil\u00edng\u00fce Espa\u00f1ol\/Ingl\u00e9s. gestiona y mantiene varias p\u00e1ginas web cristianas y vicencianas, incluida including La Red de Formaci\u00f3n Vicenciana, de la que es cofundador. Actualmente es responsable del \u00e1rea de Espa\u00f1ol de .famvin, la Red de Noticias de la Familia Vicenciana. Tambi\u00e9n es m\u00fasico cat\u00f3lico y ha editado varios discos. Es Director General y cofundador de Trovador, una reconocida compa\u00f1\u00eda discogr\u00e1fica critiana de Espa\u00f1a. Trabaja en las Tecnolog\u00edas de la Informaci\u00f3n, ofreciendo servicios de alojamiento, dise\u00f1o y mantenimiento Web, as\u00ed como asesoramiento, formaci\u00f3n y soluciones inform\u00e1ticas, gesti\u00f3n documental y digitalizaci\u00f3n de textos, edici\u00f3n y maquetaci\u00f3n de libros, revistas, flyers, etc.\",\"sameAs\":[\"http:\/\/chento.org\",\"https:\/\/www.facebook.com\/JavierChento\",\"https:\/\/x.com\/https:\/\/twitter.com\/javierchento\"],\"url\":\"https:\/\/vincentians.com\/fr\/author\/chento\/\"}]}<\/script>\n<!-- \/ Yoast SEO plugin. -->","yoast_head_json":{"title":"La vie du v\u00e9n\u00e9rable serviteur de Dieu Vincent de Paul, Livre troisi\u00e8me, Chapitre XXV et dernier - Nous Sommes Vincentiens","robots":{"index":"index","follow":"follow","max-snippet":"max-snippet:-1","max-image-preview":"max-image-preview:large","max-video-preview":"max-video-preview:-1"},"canonical":"https:\/\/vincentians.com\/fr\/la-vie-du-venerable-serviteur-de-dieu-vincent-de-paul-livre-troisieme-chapitre-xxv-et-dernier\/","og_locale":"fr_FR","og_type":"article","og_title":"La vie du v\u00e9n\u00e9rable serviteur de Dieu Vincent de Paul, Livre troisi\u00e8me, Chapitre XXV et dernier - Nous Sommes Vincentiens","og_description":"Chapitre XXV et dernier: Conclusion de tout cet ouvrage, o\u00f9 l&rsquo;on satisfait \u00e0 la demande qui pourrait se faire pourquoi on ne rapporte en ce livre aucun miracle fait pour preuve de la saintet\u00e9 de ... Read More","og_url":"https:\/\/vincentians.com\/fr\/la-vie-du-venerable-serviteur-de-dieu-vincent-de-paul-livre-troisieme-chapitre-xxv-et-dernier\/","og_site_name":"Nous Sommes Vincentiens","article_publisher":"https:\/\/www.facebook.com\/WeAreVincentians\/","article_author":"https:\/\/www.facebook.com\/JavierChento","article_published_time":"2014-01-04T07:19:43+00:00","og_image":[{"width":1200,"height":630,"url":"https:\/\/i0.wp.com\/vincentians.com\/fr\/wp-content\/uploads\/sites\/10\/2016\/07\/abelly-feat.jpg?fit=1200%2C630&ssl=1","type":"image\/jpeg"}],"author":"Francisco Javier Fern\u00e1ndez Chento","twitter_card":"summary_large_image","twitter_creator":"@https:\/\/twitter.com\/javierchento","twitter_site":"@WeVincentians","twitter_misc":{"\u00c9crit par":"Francisco Javier Fern\u00e1ndez Chento","Dur\u00e9e de lecture estim\u00e9e":"13 minutes"},"schema":{"@context":"https:\/\/schema.org","@graph":[{"@type":"WebPage","@id":"https:\/\/vincentians.com\/fr\/la-vie-du-venerable-serviteur-de-dieu-vincent-de-paul-livre-troisieme-chapitre-xxv-et-dernier\/","url":"https:\/\/vincentians.com\/fr\/la-vie-du-venerable-serviteur-de-dieu-vincent-de-paul-livre-troisieme-chapitre-xxv-et-dernier\/","name":"La vie du v\u00e9n\u00e9rable serviteur de Dieu Vincent de Paul, Livre troisi\u00e8me, Chapitre XXV et dernier - Nous Sommes Vincentiens","isPartOf":{"@id":"https:\/\/vincentians.com\/fr\/#website"},"primaryImageOfPage":{"@id":"https:\/\/vincentians.com\/fr\/la-vie-du-venerable-serviteur-de-dieu-vincent-de-paul-livre-troisieme-chapitre-xxv-et-dernier\/#primaryimage"},"image":{"@id":"https:\/\/vincentians.com\/fr\/la-vie-du-venerable-serviteur-de-dieu-vincent-de-paul-livre-troisieme-chapitre-xxv-et-dernier\/#primaryimage"},"thumbnailUrl":"https:\/\/i0.wp.com\/vincentians.com\/fr\/wp-content\/uploads\/sites\/10\/2016\/07\/abelly-feat.jpg?fit=1200%2C630&ssl=1","datePublished":"2014-01-04T07:19:43+00:00","author":{"@id":"https:\/\/vincentians.com\/fr\/#\/schema\/person\/9623ef4d9aa3b2dfb8c061f1499288f2"},"breadcrumb":{"@id":"https:\/\/vincentians.com\/fr\/la-vie-du-venerable-serviteur-de-dieu-vincent-de-paul-livre-troisieme-chapitre-xxv-et-dernier\/#breadcrumb"},"inLanguage":"fr-FR","potentialAction":[{"@type":"ReadAction","target":["https:\/\/vincentians.com\/fr\/la-vie-du-venerable-serviteur-de-dieu-vincent-de-paul-livre-troisieme-chapitre-xxv-et-dernier\/"]}]},{"@type":"ImageObject","inLanguage":"fr-FR","@id":"https:\/\/vincentians.com\/fr\/la-vie-du-venerable-serviteur-de-dieu-vincent-de-paul-livre-troisieme-chapitre-xxv-et-dernier\/#primaryimage","url":"https:\/\/i0.wp.com\/vincentians.com\/fr\/wp-content\/uploads\/sites\/10\/2016\/07\/abelly-feat.jpg?fit=1200%2C630&ssl=1","contentUrl":"https:\/\/i0.wp.com\/vincentians.com\/fr\/wp-content\/uploads\/sites\/10\/2016\/07\/abelly-feat.jpg?fit=1200%2C630&ssl=1","width":1200,"height":630},{"@type":"BreadcrumbList","@id":"https:\/\/vincentians.com\/fr\/la-vie-du-venerable-serviteur-de-dieu-vincent-de-paul-livre-troisieme-chapitre-xxv-et-dernier\/#breadcrumb","itemListElement":[{"@type":"ListItem","position":1,"name":"Portada","item":"https:\/\/vincentians.com\/fr\/"},{"@type":"ListItem","position":2,"name":"La vie du v\u00e9n\u00e9rable serviteur de Dieu Vincent de Paul, Livre troisi\u00e8me, Chapitre XXV et dernier"}]},{"@type":"WebSite","@id":"https:\/\/vincentians.com\/fr\/#website","url":"https:\/\/vincentians.com\/fr\/","name":"Nous Sommes Vincentiens","description":"Know more to serve more","potentialAction":[{"@type":"SearchAction","target":{"@type":"EntryPoint","urlTemplate":"https:\/\/vincentians.com\/fr\/?s={search_term_string}"},"query-input":{"@type":"PropertyValueSpecification","valueRequired":true,"valueName":"search_term_string"}}],"inLanguage":"fr-FR"},{"@type":"Person","@id":"https:\/\/vincentians.com\/fr\/#\/schema\/person\/9623ef4d9aa3b2dfb8c061f1499288f2","name":"Francisco Javier Fern\u00e1ndez Chento","image":{"@type":"ImageObject","inLanguage":"fr-FR","@id":"https:\/\/vincentians.com\/fr\/#\/schema\/person\/image\/","url":"https:\/\/secure.gravatar.com\/avatar\/497d5cde87b4c3d097d0315953521681ba2cd523ee66e5077c3711f7021e65de?s=96&d=mm&r=g","contentUrl":"https:\/\/secure.gravatar.com\/avatar\/497d5cde87b4c3d097d0315953521681ba2cd523ee66e5077c3711f7021e65de?s=96&d=mm&r=g","caption":"Francisco Javier Fern\u00e1ndez Chento"},"description":"Director General y cofundador de La Red de Formaci\u00f3n Vicenciana. Javier es laico vicenciano, afiliado a la Congregaci\u00f3n de la Misi\u00f3n y miembro del Equipo de Misiones Populares de la provincia can\u00f3nica de Zaragoza (Espa\u00f1a) de la Congregaci\u00f3n de la Misi\u00f3n. Graduado en la Universidad Oberta de Catalunya con cuatro grados (Asistente de direcci\u00f3n, Gesti\u00f3n Administrativa, Recursos Humanos y Contabilidad Avanzada). Bil\u00edng\u00fce Espa\u00f1ol\/Ingl\u00e9s. gestiona y mantiene varias p\u00e1ginas web cristianas y vicencianas, incluida including La Red de Formaci\u00f3n Vicenciana, de la que es cofundador. Actualmente es responsable del \u00e1rea de Espa\u00f1ol de .famvin, la Red de Noticias de la Familia Vicenciana. Tambi\u00e9n es m\u00fasico cat\u00f3lico y ha editado varios discos. Es Director General y cofundador de Trovador, una reconocida compa\u00f1\u00eda discogr\u00e1fica critiana de Espa\u00f1a. Trabaja en las Tecnolog\u00edas de la Informaci\u00f3n, ofreciendo servicios de alojamiento, dise\u00f1o y mantenimiento Web, as\u00ed como asesoramiento, formaci\u00f3n y soluciones inform\u00e1ticas, gesti\u00f3n documental y digitalizaci\u00f3n de textos, edici\u00f3n y maquetaci\u00f3n de libros, revistas, flyers, etc.","sameAs":["http:\/\/chento.org","https:\/\/www.facebook.com\/JavierChento","https:\/\/x.com\/https:\/\/twitter.com\/javierchento"],"url":"https:\/\/vincentians.com\/fr\/author\/chento\/"}]}},"jetpack_publicize_connections":[],"jetpack_featured_media_url":"https:\/\/i0.wp.com\/vincentians.com\/fr\/wp-content\/uploads\/sites\/10\/2016\/07\/abelly-feat.jpg?fit=1200%2C630&ssl=1","jetpack_sharing_enabled":true,"jetpack_shortlink":"https:\/\/wp.me\/p7ETMP-rMC","jetpack-related-posts":[{"id":52061,"url":"https:\/\/vincentians.com\/fr\/saint-vincent-de-paul-et-sa-mission-sociale-iv-le-saint\/","url_meta":{"origin":106802,"position":0},"title":"Saint Vincent De Paul Et Sa Mission Sociale. IV &#8211; Le Saint","author":"Francisco Javier Fern\u00e1ndez Chento","date":"28\/12\/2014","format":false,"excerpt":"La charit\u00e9 ; ses sources, ses effets. \u2014 Foi, humilit\u00e9, douceur de Vincent de Paul. \u2014 Traits de ses vertus. \u2014 Les miracles. \u2014 La vision des deux globes. \u2014 La journ\u00e9e de Vincent ; occupations et aust\u00e9rit\u00e9s. \u2014 Les derniers temps de sa vie. \u2014 Mort et canonisation. \u2014\u2026","rel":"","context":"Dans &quot;Vincent de Paul&quot;","block_context":{"text":"Vincent de Paul","link":"https:\/\/vincentians.com\/fr\/category\/the-vincentian-family\/founders\/vincent-de-paul\/"},"img":{"alt_text":"","src":"https:\/\/i0.wp.com\/vincentians.com\/fr\/wp-content\/uploads\/sites\/10\/2016\/07\/vincent-et-sa-action-sociale.jpg?fit=1160%2C630&ssl=1&resize=350%2C200","width":350,"height":200,"srcset":"https:\/\/i0.wp.com\/vincentians.com\/fr\/wp-content\/uploads\/sites\/10\/2016\/07\/vincent-et-sa-action-sociale.jpg?fit=1160%2C630&ssl=1&resize=350%2C200 1x, https:\/\/i0.wp.com\/vincentians.com\/fr\/wp-content\/uploads\/sites\/10\/2016\/07\/vincent-et-sa-action-sociale.jpg?fit=1160%2C630&ssl=1&resize=525%2C300 1.5x, https:\/\/i0.wp.com\/vincentians.com\/fr\/wp-content\/uploads\/sites\/10\/2016\/07\/vincent-et-sa-action-sociale.jpg?fit=1160%2C630&ssl=1&resize=700%2C400 2x, https:\/\/i0.wp.com\/vincentians.com\/fr\/wp-content\/uploads\/sites\/10\/2016\/07\/vincent-et-sa-action-sociale.jpg?fit=1160%2C630&ssl=1&resize=1050%2C600 3x"},"classes":[]},{"id":57182,"url":"https:\/\/vincentians.com\/fr\/lhistoriographie-vincentienne-selon-les-epoques-culturelles\/","url_meta":{"origin":106802,"position":1},"title":"L&rsquo;historiographie vincentienne selon les epoques culturelles","author":"Francisco Javier Fern\u00e1ndez Chento","date":"16\/05\/2015","format":false,"excerpt":"Dans \"Les nouvelles consid\u00e9rations sur l'histoire\" (1744) Vol\u00adtaire affirmait que l'histoire n'est pas un genre immuable. Elle d\u00e9pend du progr\u00e8s scientifique g\u00e9n\u00e9ral. C'\u00e9tait \u00e0 une intuition trop en avance sur son temps. Et pourtant, cette intuition se trouve amplement con\u00adfirm\u00e9e, par la suite. Nous en trouvons une preuve \u00e9vidente dans\u2026","rel":"","context":"Dans &quot;Formation Vincentienne&quot;","block_context":{"text":"Formation Vincentienne","link":"https:\/\/vincentians.com\/fr\/category\/formation-vincentienne\/"},"img":{"alt_text":"","src":"https:\/\/i0.wp.com\/vincentiens.org\/wp-content\/uploads\/2012\/12\/sanvicentemosaico-213x300.jpg?resize=350%2C200","width":350,"height":200},"classes":[]},{"id":52035,"url":"https:\/\/vincentians.com\/fr\/saint-vincent-de-paul-et-sa-mission-sociale-ii-les-oeuvres-2\/","url_meta":{"origin":106802,"position":2},"title":"Saint Vincent De Paul Et Sa Mission Sociale. II &#8211; Les \u0152uvres (2)","author":"Francisco Javier Fern\u00e1ndez Chento","date":"22\/12\/2014","format":false,"excerpt":"LA CONGR\u00c9GATION DE LA MISSION. \u2014 Fondation de la Mission. \u2014 Madame de Gondi. \u2014 Vincent de Paul est nomm\u00e9 sup\u00e9rieur du coll\u00e8ge des Bons-Enfants. \u2014 Les fondateurs d\u2019ordre. \u2014 But de la Congr\u00e9gation de la Mission. \u2014 L\u2019\u00e9vang\u00e9lisation des pauvres. \u2014 \u00c9tablissement \u00e0 Saint-Lazare. \u2014 Premiers travaux des missionnaires.\u2026","rel":"","context":"Dans &quot;Vincent de Paul&quot;","block_context":{"text":"Vincent de Paul","link":"https:\/\/vincentians.com\/fr\/category\/the-vincentian-family\/founders\/vincent-de-paul\/"},"img":{"alt_text":"","src":"https:\/\/i0.wp.com\/vincentians.com\/fr\/wp-content\/uploads\/sites\/10\/2016\/07\/vincent-et-sa-action-sociale.jpg?fit=1160%2C630&ssl=1&resize=350%2C200","width":350,"height":200,"srcset":"https:\/\/i0.wp.com\/vincentians.com\/fr\/wp-content\/uploads\/sites\/10\/2016\/07\/vincent-et-sa-action-sociale.jpg?fit=1160%2C630&ssl=1&resize=350%2C200 1x, https:\/\/i0.wp.com\/vincentians.com\/fr\/wp-content\/uploads\/sites\/10\/2016\/07\/vincent-et-sa-action-sociale.jpg?fit=1160%2C630&ssl=1&resize=525%2C300 1.5x, https:\/\/i0.wp.com\/vincentians.com\/fr\/wp-content\/uploads\/sites\/10\/2016\/07\/vincent-et-sa-action-sociale.jpg?fit=1160%2C630&ssl=1&resize=700%2C400 2x, https:\/\/i0.wp.com\/vincentians.com\/fr\/wp-content\/uploads\/sites\/10\/2016\/07\/vincent-et-sa-action-sociale.jpg?fit=1160%2C630&ssl=1&resize=1050%2C600 3x"},"classes":[]},{"id":105572,"url":"https:\/\/vincentians.com\/fr\/la-vie-du-venerable-serviteur-de-dieu-vincent-de-paul-livre-premier-chapitre-xxv\/","url_meta":{"origin":106802,"position":3},"title":"La vie du v\u00e9n\u00e9rable serviteur de Dieu Vincent de Paul, Livre premier, Chapitre XXV","author":"Francisco Javier Fern\u00e1ndez Chento","date":"01\/01\/2013","format":false,"excerpt":"Les exercices des Ordinands, pour aider ceux qui d\u00e9sirent recevoir les saints Ordres. L'avertissement de S. Paul \u00e0 l'Ev\u00eaque S. Timoth\u00e9e, de n'imposer pas facilement les mains pour conf\u00e9rer le sacrement de l'Ordre, est tr\u00e8s important, non seulement aux \u00e9v\u00eaques, pour ne se rendre participants, comme dit le m\u00eame Ap\u00f4tre,\u2026","rel":"","context":"Dans &quot;Vincent de Paul&quot;","block_context":{"text":"Vincent de Paul","link":"https:\/\/vincentians.com\/fr\/category\/the-vincentian-family\/founders\/vincent-de-paul\/"},"img":{"alt_text":"","src":"https:\/\/i0.wp.com\/vincentians.com\/fr\/wp-content\/uploads\/sites\/10\/2016\/07\/abelly-feat.jpg?fit=1200%2C630&ssl=1&resize=350%2C200","width":350,"height":200,"srcset":"https:\/\/i0.wp.com\/vincentians.com\/fr\/wp-content\/uploads\/sites\/10\/2016\/07\/abelly-feat.jpg?fit=1200%2C630&ssl=1&resize=350%2C200 1x, https:\/\/i0.wp.com\/vincentians.com\/fr\/wp-content\/uploads\/sites\/10\/2016\/07\/abelly-feat.jpg?fit=1200%2C630&ssl=1&resize=525%2C300 1.5x, https:\/\/i0.wp.com\/vincentians.com\/fr\/wp-content\/uploads\/sites\/10\/2016\/07\/abelly-feat.jpg?fit=1200%2C630&ssl=1&resize=700%2C400 2x, https:\/\/i0.wp.com\/vincentians.com\/fr\/wp-content\/uploads\/sites\/10\/2016\/07\/abelly-feat.jpg?fit=1200%2C630&ssl=1&resize=1050%2C600 3x"},"classes":[]},{"id":52054,"url":"https:\/\/vincentians.com\/fr\/saint-vincent-de-paul-et-sa-mission-sociale-iii-laction-2\/","url_meta":{"origin":106802,"position":4},"title":"Saint Vincent De Paul Et Sa Mission Sociale. III &#8211; L\u2019action (2)","author":"Francisco Javier Fern\u00e1ndez Chento","date":"26\/12\/2014","format":false,"excerpt":"LA RENAISSANCE RELIGIEUSE. \u2014 Le compl\u00e9ment des missions. \u2014 \u00c9tat du clerg\u00e9 depuis le concile de Trente. \u2014 N\u00e9cessit\u00e9 d\u2019une r\u00e9forme. \u2014 Les exercices des ordinands. \u2014 Saint-Lazare. \u2014 La conf\u00e9rence du mardi. \u2014 Bossuet. \u2014 Les retraites spirituelles. \u2014 Le coll\u00e8ge des Bons-Enfants. \u2014 Vincent de Paul et Olier.\u2026","rel":"","context":"Dans &quot;Vincent de Paul&quot;","block_context":{"text":"Vincent de Paul","link":"https:\/\/vincentians.com\/fr\/category\/the-vincentian-family\/founders\/vincent-de-paul\/"},"img":{"alt_text":"","src":"https:\/\/i0.wp.com\/vincentians.com\/fr\/wp-content\/uploads\/sites\/10\/2016\/07\/vincent-et-sa-action-sociale.jpg?fit=1160%2C630&ssl=1&resize=350%2C200","width":350,"height":200,"srcset":"https:\/\/i0.wp.com\/vincentians.com\/fr\/wp-content\/uploads\/sites\/10\/2016\/07\/vincent-et-sa-action-sociale.jpg?fit=1160%2C630&ssl=1&resize=350%2C200 1x, https:\/\/i0.wp.com\/vincentians.com\/fr\/wp-content\/uploads\/sites\/10\/2016\/07\/vincent-et-sa-action-sociale.jpg?fit=1160%2C630&ssl=1&resize=525%2C300 1.5x, https:\/\/i0.wp.com\/vincentians.com\/fr\/wp-content\/uploads\/sites\/10\/2016\/07\/vincent-et-sa-action-sociale.jpg?fit=1160%2C630&ssl=1&resize=700%2C400 2x, https:\/\/i0.wp.com\/vincentians.com\/fr\/wp-content\/uploads\/sites\/10\/2016\/07\/vincent-et-sa-action-sociale.jpg?fit=1160%2C630&ssl=1&resize=1050%2C600 3x"},"classes":[]},{"id":42759,"url":"https:\/\/vincentians.com\/fr\/saint-vincent-de-paul-maitre-doraison-chapitre-premier\/","url_meta":{"origin":106802,"position":5},"title":"Saint Vincent De Paul, Ma\u00eetre d\u2019Oraison. Chapitre I","author":"Francisco Javier Fern\u00e1ndez Chento","date":"11\/05\/2015","format":false,"excerpt":"Chapitre premier Ce qu\u2019est L\u2019oraison au point de vue psychique Psychologue de premier ordre, comme son contemporain et ami Fran\u00e7ois de Sales, saint Vincent de Paul ne se m\u00e9prend sur la nature psychique de l\u2019oraison mentale. Sous ses formes multiples et \u00e0 ses divers degr\u00e9s, cette derni\u00e8re est \u00e0 ses\u2026","rel":"","context":"Dans &quot;Vincent de Paul&quot;","block_context":{"text":"Vincent de Paul","link":"https:\/\/vincentians.com\/fr\/category\/the-vincentian-family\/founders\/vincent-de-paul\/"},"img":{"alt_text":"","src":"https:\/\/i0.wp.com\/vincentians.com\/fr\/wp-content\/uploads\/sites\/10\/2016\/07\/vincent-maitre-d-oraison.jpg?fit=1200%2C630&ssl=1&resize=350%2C200","width":350,"height":200,"srcset":"https:\/\/i0.wp.com\/vincentians.com\/fr\/wp-content\/uploads\/sites\/10\/2016\/07\/vincent-maitre-d-oraison.jpg?fit=1200%2C630&ssl=1&resize=350%2C200 1x, https:\/\/i0.wp.com\/vincentians.com\/fr\/wp-content\/uploads\/sites\/10\/2016\/07\/vincent-maitre-d-oraison.jpg?fit=1200%2C630&ssl=1&resize=525%2C300 1.5x, https:\/\/i0.wp.com\/vincentians.com\/fr\/wp-content\/uploads\/sites\/10\/2016\/07\/vincent-maitre-d-oraison.jpg?fit=1200%2C630&ssl=1&resize=700%2C400 2x, https:\/\/i0.wp.com\/vincentians.com\/fr\/wp-content\/uploads\/sites\/10\/2016\/07\/vincent-maitre-d-oraison.jpg?fit=1200%2C630&ssl=1&resize=1050%2C600 3x"},"classes":[]}],"_links":{"self":[{"href":"https:\/\/vincentians.com\/fr\/wp-json\/wp\/v2\/posts\/106802","targetHints":{"allow":["GET"]}}],"collection":[{"href":"https:\/\/vincentians.com\/fr\/wp-json\/wp\/v2\/posts"}],"about":[{"href":"https:\/\/vincentians.com\/fr\/wp-json\/wp\/v2\/types\/post"}],"author":[{"embeddable":true,"href":"https:\/\/vincentians.com\/fr\/wp-json\/wp\/v2\/users\/4"}],"replies":[{"embeddable":true,"href":"https:\/\/vincentians.com\/fr\/wp-json\/wp\/v2\/comments?post=106802"}],"version-history":[{"count":0,"href":"https:\/\/vincentians.com\/fr\/wp-json\/wp\/v2\/posts\/106802\/revisions"}],"wp:featuredmedia":[{"embeddable":true,"href":"https:\/\/vincentians.com\/fr\/wp-json\/wp\/v2\/media\/149583"}],"wp:attachment":[{"href":"https:\/\/vincentians.com\/fr\/wp-json\/wp\/v2\/media?parent=106802"}],"wp:term":[{"taxonomy":"category","embeddable":true,"href":"https:\/\/vincentians.com\/fr\/wp-json\/wp\/v2\/categories?post=106802"},{"taxonomy":"post_tag","embeddable":true,"href":"https:\/\/vincentians.com\/fr\/wp-json\/wp\/v2\/tags?post=106802"}],"curies":[{"name":"wp","href":"https:\/\/api.w.org\/{rel}","templated":true}]}}