{"id":106787,"date":"2014-01-03T08:19:43","date_gmt":"2014-01-03T07:19:43","guid":{"rendered":"http:\/\/vincentiens.org\/?p=106787"},"modified":"2014-01-03T08:19:43","modified_gmt":"2014-01-03T07:19:43","slug":"la-vie-du-venerable-serviteur-de-dieu-vincent-de-paul-livre-troisieme-chapitre-xxiv-section-3","status":"publish","type":"post","link":"https:\/\/vincentians.com\/fr\/la-vie-du-venerable-serviteur-de-dieu-vincent-de-paul-livre-troisieme-chapitre-xxiv-section-3\/","title":{"rendered":"La vie du v\u00e9n\u00e9rable serviteur de Dieu Vincent de Paul, Livre troisi\u00e8me, Chapitre XXIV, Section 3"},"content":{"rendered":"<h2><b>Section III\u00a0: Avis de M. Vincent donn\u00e9s de bouche \u00e0 un Pr\u00eatre de la Congr\u00e9gation de la Mission, avant que de l&rsquo;envoyer en une autre Maison, pour en avoir la conduite.<\/b><\/h2>\n<p>O Monsieur, quel et combien grand pensez-vous que soit l&#8217;emploi du gouvernement des \u00e2mes auquel Dieu vous appelle ? Quel m\u00e9tier croyez-vous que soit celui des pr\u00eatres de la Mission, qui sont oblig\u00e9s de manier et de conduire des esprits dont Dieu seul conna\u00eet les mouvements ? <i>Ars artium, regimen animarum.\u00a0 <\/i>\u00c7&rsquo;a \u00e9t\u00e9 l&#8217;emploi du Fils de Dieu sur la terre ; c&rsquo;est pour cela qu&rsquo;il est descendu du ciel, qu&rsquo;il est n\u00e9 d&rsquo;une Vierge, et qu&rsquo;il a donn\u00e9 tous les moments de sa vie et enfin souffert une tr\u00e8s douloureuse mort. C&rsquo;est pourquoi vous devez concevoir une tr\u00e8s grande estime de ce que vous allez faire.<\/p>\n<p>Mais quel moyen de s&rsquo;acquitter de cet emploi de conduire des \u00e2mes \u00e0 Dieu, de s&rsquo;opposer au torrent des vices d&rsquo;un peuple, ou aux d\u00e9fauts d&rsquo;un s\u00e9minaire, d&rsquo;inspirer les sentiments des vertus chr\u00e9tiennes et eccl\u00e9siastiques dans ceux que la Providence vous confiera pour contribuer \u00e0 leur salut ou \u00e0 leur perfection ? Certainement, Monsieur, il n&rsquo;y a rien d&rsquo;humain en cela ; ce n&rsquo;est pas ici l&rsquo;\u0153uvre d&rsquo;un homme, c&rsquo;est l&rsquo;\u0153uvre d&rsquo;un Dieu. <i>Grande opus. <\/i>C&rsquo;est la continuation des emplois de J\u00e9sus-Christ, et partant l&rsquo;industrie humaine ne peut rien ici que tout g\u00e2ter, si Dieu ne s&rsquo;en m\u00eale. Non, Monsieur, ni la philosophie, ni la th\u00e9ologie, ni les discours n&rsquo;op\u00e8rent pas dans les \u00e2mes ; il faut que J\u00e9sus-Christ s&rsquo;en m\u00eale avec nous, ou nous avec lui\u00a0; que nous op\u00e9rions en lui, et lui en nous ; que nous parlions comme lui et en son esprit, ainsi que lui-m\u00eame \u00e9tait en son P\u00e8re, et pr\u00eachait la doctrine qu&rsquo;il lui avait enseign\u00e9e ; c&rsquo;est le langage de l&rsquo;Ecriture Sainte.<\/p>\n<p>Il faut donc, Monsieur, vous vider de vous-m\u00eame pour vous rev\u00eatir de J\u00e9sus-Christ. Vous saurez que les causes ordinaires produisent des effets de leur nature : un mouton fait un mouton, etc., et un homme un autre homme ; de m\u00eame, si celui qui conduit les autres, qui le, forme, qui leur parle, n&rsquo;est anim\u00e9 que de l&rsquo;esprit humain, ceux qui le verront, qui l&rsquo;\u00e9couteront et qui s&rsquo;\u00e9tudieront \u00e0 l&rsquo;imiter deviendront tout humains : il ne leur inspirera, quoi qu&rsquo;il dise et qu&rsquo;il fasse, que l&rsquo;apparence de la vertu, et non pas le fond ; il leur communiquera l&rsquo;esprit dont lui-m\u00eame sera anim\u00e9, comme nous voyons que les ma\u00eetres impriment leurs maximes et leurs fa\u00e7ons de faire dans l&rsquo;esprit de leurs disciples.<\/p>\n<p>Au contraire, si un sup\u00e9rieur est plein de Dieu, s&rsquo;il est rempli des maximes de Notre-Seigneur, toute, ses paroles seront efficaces, et il sortira une vertu de lui qui \u00e9difiera, et toutes ses actions seront autant d&rsquo;instructions salutaires qui op\u00e9reront le bien dans ceux qui en auront connaissance.<\/p>\n<p>Pour en venir l\u00e0, Monsieur, il faut que Notre-Seigneur lui-m\u00eame imprime en vous sa marque et son caract\u00e8re. Car, de m\u00eame que nous voyons un sauvageon, sur lequel on a ent\u00e9 un franc, porter des fruits de la nature de ce m\u00eame franc ; aussi nous, mis\u00e9rables cr\u00e9atures, quoique nous ne soyons que chair, que foin et qu&rsquo;\u00e9pines, toutefois, Notre-Seigneur imprimant en nous son caract\u00e8re, et nous donnant, pour ainsi dire, la s\u00e8ve de son esprit et de sa gr\u00e2ce, et \u00e9tant unis \u00e0 lui comme les pampres de la vigne aux ceps, nous faisons le m\u00eame qu&rsquo;il a fait sur la terre, je veux dire que nous op\u00e9rons des actions divines, et enfantons, comme saint Paul, tout plein de cet esprit, des enfants \u00e0 Notre-Seigneur.<\/p>\n<p>Une chose importante, \u00e0 laquelle vous devez vous appliquer soigneusement, est d&rsquo;avoir grande communication avec Notre-Seigneur dans l&rsquo;oraison ; c&rsquo;est l\u00e0 le r\u00e9servoir o\u00f9 vous trouverez les instructions qui vous seront n\u00e9cessaires pour vous acquitter de l&#8217;emploi que vous allez avoir. Quand vous aurez quelque doute, recourez \u00e0 Dieu et dites-lui : \u00abSeigneur, qui \u00eates le P\u00e8re des lumi\u00e8res, enseignez-moi ce qu&rsquo;il faut que je fasse en cette rencontre.\u00bb<\/p>\n<p>Je vous donne cet avis, non seulement pour les difficult\u00e9s qui vous feront peine, mais aussi pour apprendre de Dieu imm\u00e9diatement ce que vous aurez \u00e0 enseigner, \u00e0 l&rsquo;imitation de Mo\u00efse, qui n&rsquo;annon\u00e7ait au peuple d&rsquo;Isra\u00ebl que ce que Dieu lui avait inspir\u00e9 : <i>Haec dicit Dominus. <\/i><\/p>\n<p>De plus, vous devez avoir recours \u00e0 Dieu par l&rsquo;oraison, pour conserver votre \u00e2me en sa crainte et en son amour ; car, h\u00e9las ! Monsieur, je suis oblig\u00e9 de vous dire, et vous le devez savoir, que l&rsquo;on se perd souvent en contribuant au salut des autres. Tel fait bien en son particulier, qui s&rsquo;oublie soi-m\u00eame \u00e9tant occup\u00e9 au dehors. Sa\u00fcl fut trouv\u00e9 digne d&rsquo;\u00eatre roi, parce qu&rsquo;il vivait bien dans la maison de son p\u00e8re ; et cependant, apr\u00e8s avoir \u00e9t\u00e9 \u00e9lev\u00e9 sur le tr\u00f4ne, il d\u00e9chut mis\u00e9rablement de la gr\u00e2ce de Dieu. Saint Paul ch\u00e2tiait son corps, de crainte qu&rsquo;apr\u00e8s avoir pr\u00each\u00e9 aux autres et leur avoir montr\u00e9 le chemin de salut, lui-m\u00eame ne f\u00fbt r\u00e9prouv\u00e9.<\/p>\n<p>Or, afin de ne pas tomber dans le malheur de Sa\u00fcl, ni de Judas, il faut vous attacher ins\u00e9parablement \u00e0 Notre-Seigneur, et lui dire souvent, \u00e9levant votre esprit et votre c\u0153ur vers lui : \u00abO Seigneur, ne permettez pas qu&rsquo;en voulant sauver les autres, je me perde malheureusement ; soyez vous-m\u00eame mon pasteur, et ne me d\u00e9niez pas les gr\u00e2ces que vous communiquez aux autres par mon entremise et par les fonctions de mon minist\u00e8re.\u00bb<\/p>\n<p>Vous devez encore avoir recours \u00e0 l&rsquo;oraison pour demander \u00e0 Notre-Seigneur les besoins de ceux dont vous aurez la conduite. Croyez assur\u00e9ment que vous ferez plus de fruit par ce moyen que par aucun autre. J\u00e9sus-Christ, qui doit \u00eatre l&rsquo;exemple de toutes vos conduites, ne s&rsquo;est pas content\u00e9 d&#8217;employer ses pr\u00e9dications, ses travaux, ses je\u00fbnes, son sang et sa mort m\u00eame ; mais \u00e0 tout cela il a ajout\u00e9 l&rsquo;oraison. Il n&rsquo;en avait point de besoin pour lui ; \u00e7&rsquo;a donc \u00e9t\u00e9 pour nous qu&rsquo;il a tant de fois pri\u00e9, et pour nous enseigner \u00e0 faire le m\u00eame, tant pour ce qui nous regarde, comme pour ce qui touche ceux dont nous devons \u00eatre avec lui les sauveurs.<\/p>\n<p>Une autre chose que je vous recommande, c&rsquo;est l&rsquo;humilit\u00e9 de Notre-Seigneur. Dites souvent : \u00ab Seigneur, qu&rsquo;ai-je fait pour avoir un tel emploi ? Quelles sont mes \u0153uvres qui correspondent \u00e0 la charge que l&rsquo;on me met sur les \u00e9paules ? Ah ! mon Dieu ! je g\u00e2terai tout, si vous-m\u00eame ne conduisez toutes mes paroles et toutes mes \u0153uvres.\u00bb Envisageons toujours en nous tout ce qu&rsquo;il y a d&rsquo;humain et d&rsquo;imparfait, et nous ne trouverons que trop de quoi nous humilier, non seulement devant Dieu, mais encore devant les hommes et en la pr\u00e9sence de ceux qui nous sont inf\u00e9rieurs.<\/p>\n<p>Surtout, n&rsquo;ayez point la passion de para\u00eetre sup\u00e9rieur, ni le ma\u00eetre. Je ne suis pas de l&rsquo;avis d&rsquo;une personne qui me disait, ces jours, pass\u00e9s, que, pour bien conduire et maintenir son autorit\u00e9, il fallait faire voir que l&rsquo;on \u00e9tait le sup\u00e9rieur.\u00a0 O mon Dieu ! Notre-Seigneur J\u00e9sus-Christ n&rsquo;a point parl\u00e9 ainsi ; il nous a enseign\u00e9 tout le contraire de parole et d&rsquo;exemple, nous disant que lui-m\u00eame \u00e9tait venu, non pour \u00eatre servi, mais pour servir les autres, et que celui qui veut \u00eatre le ma\u00eetre doit \u00eatre le serviteur de tous.<\/p>\n<p>Entrez donc dans cette sainte maxime, vous comportant envers ceux avec qui vous allez demeurer <i>quasi unus ex illis, <\/i>leur disant d&rsquo;abord que vous n&rsquo;\u00eates pas venu pour les ma\u00eetriser, mais bien pour les servir ; faites cela au dedans et au dehors, et vous vous en trouverez bien.<\/p>\n<p>De plus, nous devons toujours rapporter \u00e0 Dieu le bien qui se fait par notre entremise, et, au contraire, nous attribuer tout le mal qui arrive dans la communaut\u00e9. Oui, ressouvenez-vous que tous les d\u00e9sordres viennent principalement du sup\u00e9rieur, qui, par sa n\u00e9gligence ou par son mauvais exemple, introduit le d\u00e9r\u00e8glement, de m\u00eame que tous les membre, du corps languissent lorsque le chef est malsain.<\/p>\n<p>L&rsquo;humilit\u00e9 vous doit porter aussi \u00e0 \u00e9viter toutes les complaisances, qui se glissent principalement dans les emplois qui ont quelque \u00e9clat. O Monsieur, que la vaine complaisance est un dangereux venin des bonnes \u0153uvres! C&rsquo;est une peste qui corrompt les actions les plus saintes et qui fait bient\u00f4t oublier Dieu. Donnez-vous de garde, au nom de Dieu, de ce d\u00e9faut, comme du plus dangereux que je sache \u00e0 l&rsquo;avancement en la vie spirituelle et \u00e0 la perfection.<\/p>\n<p>Pour cela, donnez-vous \u00e0 Dieu, afin de parler dans l&rsquo;esprit humble de J\u00e9sus-Christ, avouant que votre doctrine n&rsquo;est pas v\u00f4tre, ni de vous, mais de l&rsquo;Evangile. Imitez surtout la simplicit\u00e9 des paroles et des comparaisons que Notre-Seigneur fait dans l&rsquo;Ecriture Sainte, parlant au peuple. H\u00e9las ! quelles merveilles ne pouvait-il pas enseigner au peuple ! Que de secrets n&rsquo;e\u00fbt-il pas pu d\u00e9couvrir de la Divinit\u00e9 et de ses admirables perfections, lui qui \u00e9tait la Sagesse \u00e9ternelle de son P\u00e8re Cependant, vous voyez comme il parle intelligiblement, et comment il se sert de comparaisons famili\u00e8res, d&rsquo;un laboureur, d&rsquo;un vigneron, d&rsquo;un champ, d&rsquo;une vigne, d&rsquo;un grain de moutarde Voil\u00e0 comme il faut que vous parliez, si vous voulez vous faire entendre au peuple, \u00e0 qui vous annoncerez la parole de Dieu.<\/p>\n<p>Une autre chose \u00e0 laquelle vous devez faire une attention toute particuli\u00e8re, c&rsquo;est d&rsquo;avoir une grande d\u00e9pendance de la conduite du Fils de Dieu ; je veux dire que, quand il vous faudra agir, vous fassiez cette r\u00e9flexion : \u00ab<i> <\/i>Cela est-il conforme aux maximes du Fils de Dieu ? \u00bb Si vous trouvez que cela soit, dites : \u00ab<i> <\/i>A la bonne heure, faisons.\u00bb ; si ou contraire, dites : \u00abJe n&rsquo;en ferai rien.\u00bb<\/p>\n<p>De plus, quand il sera question de faire quelque bonne \u0153uvre, dites au Fils de Dieu : \u00abSeigneur, si vous \u00e9tiez en ma place, comment feriez-vous en cette occasion ? comment instruiriez-vous ce peuple ? comment consoleriez-vous ce malade d&rsquo;esprit ou de corps ? \u00bb<\/p>\n<p>Cette d\u00e9pendance doit encore s&rsquo;\u00e9tendre \u00e0 d\u00e9f\u00e9rer beaucoup \u00e0 ceux qui vous repr\u00e9sentent Notre-Seigneur, et qui vous tiennent lieu de sup\u00e9rieurs ; croyez-moi, leur exp\u00e9rience, et la gr\u00e2ce que J\u00e9sus-Christ, par sa bont\u00e9, leur communique, \u00e0 raison de leur charge, leur a appris beaucoup de choses pour la conduite. Je vous dis ceci pour vous porter \u00e0 ne rien faire d&rsquo;importance, ni rien entreprendre d&rsquo;extraordinaire, sans nous en donner avis ; ou, si la chose pressait si fort, que vous n&rsquo;eussiez pas le temps d&rsquo;attendre notre r\u00e9solution, adressez-vous au sup\u00e9rieur le plus proche, lui demandant : \u00abMonsieur, que feriez-vous dans une telle occasion ? \u00bb Nous avons exp\u00e9rience que Dieu a b\u00e9ni la conduite de ceux qui en ont us\u00e9 ainsi, o\u00f9, au contraire, ceux qui ont fait autrement se sont engag\u00e9s en des affaires qui ne les ont pas seulement mis en peine, mais m\u00eame qui nous ont embarrass\u00e9s.<\/p>\n<p>Je vous prie aussi de faire attention \u00e0 ne vous point vouloir signaler dans votre conduite. Je d\u00e9sire que vous n&rsquo;affectiez rien de particulier, mais que vous suiviez toujours <i>viam regiam, <\/i>cette grande route, afin de marcher s\u00fbrement et sans r\u00e9pr\u00e9hension. J&rsquo;entends par l\u00e0 vous dire que vous vous conformiez en toutes choses aux r\u00e8gles et aux saintes coutumes de la congr\u00e9gation. N&rsquo;introduisez rien de nouveau, mais regardez les avis qui ont \u00e9t\u00e9 dress\u00e9s pour ceux qui ont la conduite des maisons de la Compagnie, et ne retranchez rien de ce qui se fait dans la m\u00eame Compagnie.<\/p>\n<p>Soyez non seulement fid\u00e8le \u00e0 observer les r\u00e8gles, mais aussi exact \u00e0 les faire observer ; car, faute de cela, tout irait mal. Et comme vous tiendrez la place de Notre-Seigneur, aussi faut-il que vous soyez, \u00e0 son imitation, une lumi\u00e8re qui \u00e9claire et qui \u00e9chauffe. \u00abJ\u00e9sus-Christ, dit saint Paul, est la splendeur du P\u00e8re\u00bb ; et saint Jean dit que c&rsquo;est la lumi\u00e8re qui \u00e9claire tout homme qui vient au monde.<\/p>\n<p>Nous voyons que les causes sup\u00e9rieures influent dans les inf\u00e9rieures : par exemple, les anges qui sont dans une hi\u00e9rarchie sup\u00e9rieure \u00e9clairent, illuminent et perfectionnent les intelligences d&rsquo;une hi\u00e9rarchie inf\u00e9rieure ; de m\u00eame, le sup\u00e9rieur, le pasteur et le directeur doit purger, illuminer et unir \u00e0 Dieu les \u00e2mes qui lui sont commises de la part de Dieu m\u00eame.<\/p>\n<p>Et comme les cieux envoient leurs b\u00e9nignes influences sur la terre, il faut que ceux qui sont au-dessus des autres r\u00e9pandent en eux l&rsquo;esprit principal, qui les doit animer; pour cela, vous devez \u00eatre tout plein de gr\u00e2ce, de lumi\u00e8re et de bonnes \u0153uvres, comme nous voyons que le soleil communique de la pl\u00e9nitude de sa clart\u00e9 aux autres astres.<\/p>\n<p>Enfin il faut que vous soyez comme le sel : <i>Vos estis sal terrae<\/i> (3) emp\u00eachant que la corruption ne se glisse dans le troupeau dont vous serez le pasteur.<\/p>\n<p>Apr\u00e8s que M. Vincent m&rsquo;eut dit tout ce que dessus, avec un z\u00e8le et une charit\u00e9 que je ne puis expliquer, il survint un fr\u00e8re de la Compagnie, lequel lui parla de quelque affaire temporelle qui regardait la maison de Saint-Lazare; et lorsque ce fr\u00e8re fut sorti, il prit de l\u00e0 occasion de me donner les avis suivants:<\/p>\n<p>Vous voyez, Monsieur, comme des choses de Dieu, dont nous parlions \u00e0 pr\u00e9sent, il me faut passer aux affaires temporelles ; de l\u00e0 vous devez conna\u00eetre qu&rsquo;il appartient au sup\u00e9rieur de pourvoir non seulement aux choses spirituelles, mais qu&rsquo;il doit aussi \u00e9tendre ses soins aux choses temporelles ; car, comme ceux qu&rsquo;il a \u00e0 conduire sont compos\u00e9s de corps et d&rsquo;\u00e2me, il faut aussi qu&rsquo;il pourvoie aux besoins de l&rsquo;un et de l&rsquo;autre, et cela \u00e0 l&rsquo;exemple de Dieu, qui, \u00e9tant occup\u00e9 de toute \u00e9ternit\u00e9 \u00e0 engendrer son Fils, et le P\u00e8re et le Fils \u00e0 produire le Saint-Esprit, outre, dis-je, ces divines op\u00e9rations <i>ad intra, <\/i>il a cr\u00e9\u00e9 le monde <i>ad extra\u00a0 <\/i>et s&rsquo;occupe continuellement \u00e0 le conserver avec toutes ses d\u00e9pendances, et produit, toutes les ann\u00e9es, de nouveaux grains sur la terre, de nouveaux fruits sur les arbres, etc. Et le m\u00eame soin de son adorable Providence s&rsquo;\u00e9tend jusque-l\u00e0, qu&rsquo;une feuille d&rsquo;arbre ne tombe point sans son ordre ; il compte tous les cheveux de notre t\u00eate, et nourrit jusqu&rsquo;au plus petit vermisseau, et jusqu&rsquo;\u00e0 un ciron. Cette consid\u00e9ration me semble bien puissante pour vous faire comprendre que l&rsquo;on ne doit pas seulement s&rsquo;appliquer \u00e0 ce qui est relev\u00e9, comme sont les fonctions qui regardent les choses spirituelles, mais qu&rsquo;il faut encore qu&rsquo;un sup\u00e9rieur, qui repr\u00e9sente en quelque fa\u00e7on l&rsquo;\u00e9tendue de la puissance de Dieu, s&rsquo;applique \u00e0 avoir le soin des moindres choses temporelles, n&rsquo;estimant point que ce soin soit une chose indigne de lui. Donnez-vous donc \u00e0 Dieu pour procurer le bien temporel de la maison o\u00f9 vous allez.<\/p>\n<p>Le Fils de Dieu, dans le commencement qu&rsquo;il envoya ses ap\u00f4tres, leur recommanda de ne point porter d&rsquo;argent ; mais ensuite, comme le nombre de ses disciples s&rsquo;accrut, il voulut qu&rsquo;il y en e\u00fbt un de la troupe <i>qui loculos haberet,\u00a0 <\/i>et qui e\u00fbt soin non seulement de nourrir les pauvres, mais m\u00eame qui pourv\u00fbt aux n\u00e9cessit\u00e9s de sa famille. Bien plus, il souffrit que des femmes allassent \u00e0 sa suite pour la m\u00eame fin, <i>quoe ministrabant ei\u00a0\u00a0 <\/i>(4); et s&rsquo;il ordonne dans l&rsquo;Evangile de ne se point mettre en peine du lendemain, cela se doit entendre de ne point avoir trop d&#8217;empressement ni de sollicitude pour les biens de la terre, et non pas absolument de n\u00e9gliger les moyens de la vie et du v\u00eatement ; autrement, il ne faudrait point semer.<\/p>\n<p>Je finis l\u00e0-dessus ; en voil\u00e0 assez pour aujourd&rsquo;hui. Je r\u00e9p\u00e8te der chef que ce que vous allez faire est une \u0153uvre bien grande, <i>grande opus.\u00a0 <\/i>Je prie Notre-Seigneur qu&rsquo;il donne sa b\u00e9n\u00e9diction \u00e0 votre conduite, et priez-le, de votre part, avec moi qu&rsquo;il me pardonne toutes les fautes que j&rsquo;ai commises moi-m\u00eame dans l&#8217;emploi o\u00f9 je suis.\u00bb<\/p>\n","protected":false},"excerpt":{"rendered":"<p>Section III\u00a0: Avis de M. Vincent donn\u00e9s de bouche \u00e0 un Pr\u00eatre de la Congr\u00e9gation de la Mission, avant que de l&rsquo;envoyer en une autre Maison, pour en avoir la conduite. O Monsieur, quel et &#8230; <a href=\"https:\/\/vincentians.com\/fr\/la-vie-du-venerable-serviteur-de-dieu-vincent-de-paul-livre-troisieme-chapitre-xxiv-section-3\/\" class=\"more-link\">Read More<\/a><\/p>\n","protected":false},"author":4,"featured_media":149583,"comment_status":"open","ping_status":"open","sticky":false,"template":"","format":"standard","meta":{"jetpack_post_was_ever_published":false,"_jetpack_newsletter_access":"","_jetpack_dont_email_post_to_subs":false,"_jetpack_newsletter_tier_id":0,"_jetpack_memberships_contains_paywalled_content":false,"_jetpack_memberships_contains_paid_content":false,"footnotes":"","jetpack_publicize_message":"","jetpack_publicize_feature_enabled":true,"jetpack_social_post_already_shared":true,"jetpack_social_options":{"image_generator_settings":{"template":"highway","default_image_id":0,"font":"","enabled":false},"version":2}},"categories":[5],"tags":[],"class_list":["post-106787","post","type-post","status-publish","format-standard","has-post-thumbnail","hentry","category-vincent-de-paul"],"yoast_head":"<!-- This site is optimized with the Yoast SEO plugin v26.3 - https:\/\/yoast.com\/wordpress\/plugins\/seo\/ -->\n<title>La vie du v\u00e9n\u00e9rable serviteur de Dieu Vincent de Paul, Livre troisi\u00e8me, Chapitre XXIV, Section 3 - Nous Sommes Vincentiens<\/title>\n<meta name=\"robots\" content=\"index, follow, max-snippet:-1, max-image-preview:large, max-video-preview:-1\" \/>\n<link rel=\"canonical\" href=\"https:\/\/vincentians.com\/fr\/la-vie-du-venerable-serviteur-de-dieu-vincent-de-paul-livre-troisieme-chapitre-xxiv-section-3\/\" \/>\n<meta property=\"og:locale\" content=\"fr_FR\" \/>\n<meta property=\"og:type\" content=\"article\" \/>\n<meta property=\"og:title\" content=\"La vie du v\u00e9n\u00e9rable serviteur de Dieu Vincent de Paul, Livre troisi\u00e8me, Chapitre XXIV, Section 3 - Nous Sommes Vincentiens\" \/>\n<meta property=\"og:description\" content=\"Section III\u00a0: Avis de M. Vincent donn\u00e9s de bouche \u00e0 un Pr\u00eatre de la Congr\u00e9gation de la Mission, avant que de l&rsquo;envoyer en une autre Maison, pour en avoir la conduite. O Monsieur, quel et ... Read More\" \/>\n<meta property=\"og:url\" content=\"https:\/\/vincentians.com\/fr\/la-vie-du-venerable-serviteur-de-dieu-vincent-de-paul-livre-troisieme-chapitre-xxiv-section-3\/\" \/>\n<meta property=\"og:site_name\" content=\"Nous Sommes Vincentiens\" \/>\n<meta property=\"article:publisher\" content=\"https:\/\/www.facebook.com\/WeAreVincentians\/\" \/>\n<meta property=\"article:author\" content=\"https:\/\/www.facebook.com\/JavierChento\" \/>\n<meta property=\"article:published_time\" content=\"2014-01-03T07:19:43+00:00\" \/>\n<meta property=\"og:image\" content=\"https:\/\/i0.wp.com\/vincentians.com\/fr\/wp-content\/uploads\/sites\/10\/2016\/07\/abelly-feat.jpg?fit=1200%2C630&ssl=1\" \/>\n\t<meta property=\"og:image:width\" content=\"1200\" \/>\n\t<meta property=\"og:image:height\" content=\"630\" \/>\n\t<meta property=\"og:image:type\" content=\"image\/jpeg\" \/>\n<meta name=\"author\" content=\"Francisco Javier Fern\u00e1ndez Chento\" \/>\n<meta name=\"twitter:card\" content=\"summary_large_image\" \/>\n<meta name=\"twitter:creator\" content=\"@https:\/\/twitter.com\/javierchento\" \/>\n<meta name=\"twitter:site\" content=\"@WeVincentians\" \/>\n<meta name=\"twitter:label1\" content=\"\u00c9crit par\" \/>\n\t<meta name=\"twitter:data1\" content=\"Francisco Javier Fern\u00e1ndez Chento\" \/>\n\t<meta name=\"twitter:label2\" content=\"Dur\u00e9e de lecture estim\u00e9e\" \/>\n\t<meta name=\"twitter:data2\" content=\"14 minutes\" \/>\n<script type=\"application\/ld+json\" class=\"yoast-schema-graph\">{\"@context\":\"https:\/\/schema.org\",\"@graph\":[{\"@type\":\"WebPage\",\"@id\":\"https:\/\/vincentians.com\/fr\/la-vie-du-venerable-serviteur-de-dieu-vincent-de-paul-livre-troisieme-chapitre-xxiv-section-3\/\",\"url\":\"https:\/\/vincentians.com\/fr\/la-vie-du-venerable-serviteur-de-dieu-vincent-de-paul-livre-troisieme-chapitre-xxiv-section-3\/\",\"name\":\"La vie du v\u00e9n\u00e9rable serviteur de Dieu Vincent de Paul, Livre troisi\u00e8me, Chapitre XXIV, Section 3 - Nous Sommes Vincentiens\",\"isPartOf\":{\"@id\":\"https:\/\/vincentians.com\/fr\/#website\"},\"primaryImageOfPage\":{\"@id\":\"https:\/\/vincentians.com\/fr\/la-vie-du-venerable-serviteur-de-dieu-vincent-de-paul-livre-troisieme-chapitre-xxiv-section-3\/#primaryimage\"},\"image\":{\"@id\":\"https:\/\/vincentians.com\/fr\/la-vie-du-venerable-serviteur-de-dieu-vincent-de-paul-livre-troisieme-chapitre-xxiv-section-3\/#primaryimage\"},\"thumbnailUrl\":\"https:\/\/i0.wp.com\/vincentians.com\/fr\/wp-content\/uploads\/sites\/10\/2016\/07\/abelly-feat.jpg?fit=1200%2C630&ssl=1\",\"datePublished\":\"2014-01-03T07:19:43+00:00\",\"author\":{\"@id\":\"https:\/\/vincentians.com\/fr\/#\/schema\/person\/9623ef4d9aa3b2dfb8c061f1499288f2\"},\"breadcrumb\":{\"@id\":\"https:\/\/vincentians.com\/fr\/la-vie-du-venerable-serviteur-de-dieu-vincent-de-paul-livre-troisieme-chapitre-xxiv-section-3\/#breadcrumb\"},\"inLanguage\":\"fr-FR\",\"potentialAction\":[{\"@type\":\"ReadAction\",\"target\":[\"https:\/\/vincentians.com\/fr\/la-vie-du-venerable-serviteur-de-dieu-vincent-de-paul-livre-troisieme-chapitre-xxiv-section-3\/\"]}]},{\"@type\":\"ImageObject\",\"inLanguage\":\"fr-FR\",\"@id\":\"https:\/\/vincentians.com\/fr\/la-vie-du-venerable-serviteur-de-dieu-vincent-de-paul-livre-troisieme-chapitre-xxiv-section-3\/#primaryimage\",\"url\":\"https:\/\/i0.wp.com\/vincentians.com\/fr\/wp-content\/uploads\/sites\/10\/2016\/07\/abelly-feat.jpg?fit=1200%2C630&ssl=1\",\"contentUrl\":\"https:\/\/i0.wp.com\/vincentians.com\/fr\/wp-content\/uploads\/sites\/10\/2016\/07\/abelly-feat.jpg?fit=1200%2C630&ssl=1\",\"width\":1200,\"height\":630},{\"@type\":\"BreadcrumbList\",\"@id\":\"https:\/\/vincentians.com\/fr\/la-vie-du-venerable-serviteur-de-dieu-vincent-de-paul-livre-troisieme-chapitre-xxiv-section-3\/#breadcrumb\",\"itemListElement\":[{\"@type\":\"ListItem\",\"position\":1,\"name\":\"Portada\",\"item\":\"https:\/\/vincentians.com\/fr\/\"},{\"@type\":\"ListItem\",\"position\":2,\"name\":\"La vie du v\u00e9n\u00e9rable serviteur de Dieu Vincent de Paul, Livre troisi\u00e8me, Chapitre XXIV, Section 3\"}]},{\"@type\":\"WebSite\",\"@id\":\"https:\/\/vincentians.com\/fr\/#website\",\"url\":\"https:\/\/vincentians.com\/fr\/\",\"name\":\"Nous Sommes Vincentiens\",\"description\":\"Know more to serve more\",\"potentialAction\":[{\"@type\":\"SearchAction\",\"target\":{\"@type\":\"EntryPoint\",\"urlTemplate\":\"https:\/\/vincentians.com\/fr\/?s={search_term_string}\"},\"query-input\":{\"@type\":\"PropertyValueSpecification\",\"valueRequired\":true,\"valueName\":\"search_term_string\"}}],\"inLanguage\":\"fr-FR\"},{\"@type\":\"Person\",\"@id\":\"https:\/\/vincentians.com\/fr\/#\/schema\/person\/9623ef4d9aa3b2dfb8c061f1499288f2\",\"name\":\"Francisco Javier Fern\u00e1ndez Chento\",\"image\":{\"@type\":\"ImageObject\",\"inLanguage\":\"fr-FR\",\"@id\":\"https:\/\/vincentians.com\/fr\/#\/schema\/person\/image\/\",\"url\":\"https:\/\/secure.gravatar.com\/avatar\/497d5cde87b4c3d097d0315953521681ba2cd523ee66e5077c3711f7021e65de?s=96&d=mm&r=g\",\"contentUrl\":\"https:\/\/secure.gravatar.com\/avatar\/497d5cde87b4c3d097d0315953521681ba2cd523ee66e5077c3711f7021e65de?s=96&d=mm&r=g\",\"caption\":\"Francisco Javier Fern\u00e1ndez Chento\"},\"description\":\"Director General y cofundador de La Red de Formaci\u00f3n Vicenciana. Javier es laico vicenciano, afiliado a la Congregaci\u00f3n de la Misi\u00f3n y miembro del Equipo de Misiones Populares de la provincia can\u00f3nica de Zaragoza (Espa\u00f1a) de la Congregaci\u00f3n de la Misi\u00f3n. Graduado en la Universidad Oberta de Catalunya con cuatro grados (Asistente de direcci\u00f3n, Gesti\u00f3n Administrativa, Recursos Humanos y Contabilidad Avanzada). Bil\u00edng\u00fce Espa\u00f1ol\/Ingl\u00e9s. gestiona y mantiene varias p\u00e1ginas web cristianas y vicencianas, incluida including La Red de Formaci\u00f3n Vicenciana, de la que es cofundador. Actualmente es responsable del \u00e1rea de Espa\u00f1ol de .famvin, la Red de Noticias de la Familia Vicenciana. Tambi\u00e9n es m\u00fasico cat\u00f3lico y ha editado varios discos. Es Director General y cofundador de Trovador, una reconocida compa\u00f1\u00eda discogr\u00e1fica critiana de Espa\u00f1a. Trabaja en las Tecnolog\u00edas de la Informaci\u00f3n, ofreciendo servicios de alojamiento, dise\u00f1o y mantenimiento Web, as\u00ed como asesoramiento, formaci\u00f3n y soluciones inform\u00e1ticas, gesti\u00f3n documental y digitalizaci\u00f3n de textos, edici\u00f3n y maquetaci\u00f3n de libros, revistas, flyers, etc.\",\"sameAs\":[\"http:\/\/chento.org\",\"https:\/\/www.facebook.com\/JavierChento\",\"https:\/\/x.com\/https:\/\/twitter.com\/javierchento\"],\"url\":\"https:\/\/vincentians.com\/fr\/author\/chento\/\"}]}<\/script>\n<!-- \/ Yoast SEO plugin. -->","yoast_head_json":{"title":"La vie du v\u00e9n\u00e9rable serviteur de Dieu Vincent de Paul, Livre troisi\u00e8me, Chapitre XXIV, Section 3 - Nous Sommes Vincentiens","robots":{"index":"index","follow":"follow","max-snippet":"max-snippet:-1","max-image-preview":"max-image-preview:large","max-video-preview":"max-video-preview:-1"},"canonical":"https:\/\/vincentians.com\/fr\/la-vie-du-venerable-serviteur-de-dieu-vincent-de-paul-livre-troisieme-chapitre-xxiv-section-3\/","og_locale":"fr_FR","og_type":"article","og_title":"La vie du v\u00e9n\u00e9rable serviteur de Dieu Vincent de Paul, Livre troisi\u00e8me, Chapitre XXIV, Section 3 - Nous Sommes Vincentiens","og_description":"Section III\u00a0: Avis de M. Vincent donn\u00e9s de bouche \u00e0 un Pr\u00eatre de la Congr\u00e9gation de la Mission, avant que de l&rsquo;envoyer en une autre Maison, pour en avoir la conduite. O Monsieur, quel et ... Read More","og_url":"https:\/\/vincentians.com\/fr\/la-vie-du-venerable-serviteur-de-dieu-vincent-de-paul-livre-troisieme-chapitre-xxiv-section-3\/","og_site_name":"Nous Sommes Vincentiens","article_publisher":"https:\/\/www.facebook.com\/WeAreVincentians\/","article_author":"https:\/\/www.facebook.com\/JavierChento","article_published_time":"2014-01-03T07:19:43+00:00","og_image":[{"width":1200,"height":630,"url":"https:\/\/i0.wp.com\/vincentians.com\/fr\/wp-content\/uploads\/sites\/10\/2016\/07\/abelly-feat.jpg?fit=1200%2C630&ssl=1","type":"image\/jpeg"}],"author":"Francisco Javier Fern\u00e1ndez Chento","twitter_card":"summary_large_image","twitter_creator":"@https:\/\/twitter.com\/javierchento","twitter_site":"@WeVincentians","twitter_misc":{"\u00c9crit par":"Francisco Javier Fern\u00e1ndez Chento","Dur\u00e9e de lecture estim\u00e9e":"14 minutes"},"schema":{"@context":"https:\/\/schema.org","@graph":[{"@type":"WebPage","@id":"https:\/\/vincentians.com\/fr\/la-vie-du-venerable-serviteur-de-dieu-vincent-de-paul-livre-troisieme-chapitre-xxiv-section-3\/","url":"https:\/\/vincentians.com\/fr\/la-vie-du-venerable-serviteur-de-dieu-vincent-de-paul-livre-troisieme-chapitre-xxiv-section-3\/","name":"La vie du v\u00e9n\u00e9rable serviteur de Dieu Vincent de Paul, Livre troisi\u00e8me, Chapitre XXIV, Section 3 - Nous Sommes Vincentiens","isPartOf":{"@id":"https:\/\/vincentians.com\/fr\/#website"},"primaryImageOfPage":{"@id":"https:\/\/vincentians.com\/fr\/la-vie-du-venerable-serviteur-de-dieu-vincent-de-paul-livre-troisieme-chapitre-xxiv-section-3\/#primaryimage"},"image":{"@id":"https:\/\/vincentians.com\/fr\/la-vie-du-venerable-serviteur-de-dieu-vincent-de-paul-livre-troisieme-chapitre-xxiv-section-3\/#primaryimage"},"thumbnailUrl":"https:\/\/i0.wp.com\/vincentians.com\/fr\/wp-content\/uploads\/sites\/10\/2016\/07\/abelly-feat.jpg?fit=1200%2C630&ssl=1","datePublished":"2014-01-03T07:19:43+00:00","author":{"@id":"https:\/\/vincentians.com\/fr\/#\/schema\/person\/9623ef4d9aa3b2dfb8c061f1499288f2"},"breadcrumb":{"@id":"https:\/\/vincentians.com\/fr\/la-vie-du-venerable-serviteur-de-dieu-vincent-de-paul-livre-troisieme-chapitre-xxiv-section-3\/#breadcrumb"},"inLanguage":"fr-FR","potentialAction":[{"@type":"ReadAction","target":["https:\/\/vincentians.com\/fr\/la-vie-du-venerable-serviteur-de-dieu-vincent-de-paul-livre-troisieme-chapitre-xxiv-section-3\/"]}]},{"@type":"ImageObject","inLanguage":"fr-FR","@id":"https:\/\/vincentians.com\/fr\/la-vie-du-venerable-serviteur-de-dieu-vincent-de-paul-livre-troisieme-chapitre-xxiv-section-3\/#primaryimage","url":"https:\/\/i0.wp.com\/vincentians.com\/fr\/wp-content\/uploads\/sites\/10\/2016\/07\/abelly-feat.jpg?fit=1200%2C630&ssl=1","contentUrl":"https:\/\/i0.wp.com\/vincentians.com\/fr\/wp-content\/uploads\/sites\/10\/2016\/07\/abelly-feat.jpg?fit=1200%2C630&ssl=1","width":1200,"height":630},{"@type":"BreadcrumbList","@id":"https:\/\/vincentians.com\/fr\/la-vie-du-venerable-serviteur-de-dieu-vincent-de-paul-livre-troisieme-chapitre-xxiv-section-3\/#breadcrumb","itemListElement":[{"@type":"ListItem","position":1,"name":"Portada","item":"https:\/\/vincentians.com\/fr\/"},{"@type":"ListItem","position":2,"name":"La vie du v\u00e9n\u00e9rable serviteur de Dieu Vincent de Paul, Livre troisi\u00e8me, Chapitre XXIV, Section 3"}]},{"@type":"WebSite","@id":"https:\/\/vincentians.com\/fr\/#website","url":"https:\/\/vincentians.com\/fr\/","name":"Nous Sommes Vincentiens","description":"Know more to serve more","potentialAction":[{"@type":"SearchAction","target":{"@type":"EntryPoint","urlTemplate":"https:\/\/vincentians.com\/fr\/?s={search_term_string}"},"query-input":{"@type":"PropertyValueSpecification","valueRequired":true,"valueName":"search_term_string"}}],"inLanguage":"fr-FR"},{"@type":"Person","@id":"https:\/\/vincentians.com\/fr\/#\/schema\/person\/9623ef4d9aa3b2dfb8c061f1499288f2","name":"Francisco Javier Fern\u00e1ndez Chento","image":{"@type":"ImageObject","inLanguage":"fr-FR","@id":"https:\/\/vincentians.com\/fr\/#\/schema\/person\/image\/","url":"https:\/\/secure.gravatar.com\/avatar\/497d5cde87b4c3d097d0315953521681ba2cd523ee66e5077c3711f7021e65de?s=96&d=mm&r=g","contentUrl":"https:\/\/secure.gravatar.com\/avatar\/497d5cde87b4c3d097d0315953521681ba2cd523ee66e5077c3711f7021e65de?s=96&d=mm&r=g","caption":"Francisco Javier Fern\u00e1ndez Chento"},"description":"Director General y cofundador de La Red de Formaci\u00f3n Vicenciana. Javier es laico vicenciano, afiliado a la Congregaci\u00f3n de la Misi\u00f3n y miembro del Equipo de Misiones Populares de la provincia can\u00f3nica de Zaragoza (Espa\u00f1a) de la Congregaci\u00f3n de la Misi\u00f3n. Graduado en la Universidad Oberta de Catalunya con cuatro grados (Asistente de direcci\u00f3n, Gesti\u00f3n Administrativa, Recursos Humanos y Contabilidad Avanzada). Bil\u00edng\u00fce Espa\u00f1ol\/Ingl\u00e9s. gestiona y mantiene varias p\u00e1ginas web cristianas y vicencianas, incluida including La Red de Formaci\u00f3n Vicenciana, de la que es cofundador. Actualmente es responsable del \u00e1rea de Espa\u00f1ol de .famvin, la Red de Noticias de la Familia Vicenciana. Tambi\u00e9n es m\u00fasico cat\u00f3lico y ha editado varios discos. Es Director General y cofundador de Trovador, una reconocida compa\u00f1\u00eda discogr\u00e1fica critiana de Espa\u00f1a. Trabaja en las Tecnolog\u00edas de la Informaci\u00f3n, ofreciendo servicios de alojamiento, dise\u00f1o y mantenimiento Web, as\u00ed como asesoramiento, formaci\u00f3n y soluciones inform\u00e1ticas, gesti\u00f3n documental y digitalizaci\u00f3n de textos, edici\u00f3n y maquetaci\u00f3n de libros, revistas, flyers, etc.","sameAs":["http:\/\/chento.org","https:\/\/www.facebook.com\/JavierChento","https:\/\/x.com\/https:\/\/twitter.com\/javierchento"],"url":"https:\/\/vincentians.com\/fr\/author\/chento\/"}]}},"jetpack_publicize_connections":[],"jetpack_featured_media_url":"https:\/\/i0.wp.com\/vincentians.com\/fr\/wp-content\/uploads\/sites\/10\/2016\/07\/abelly-feat.jpg?fit=1200%2C630&ssl=1","jetpack_sharing_enabled":true,"jetpack_shortlink":"https:\/\/wp.me\/p7ETMP-rMn","jetpack-related-posts":[{"id":52054,"url":"https:\/\/vincentians.com\/fr\/saint-vincent-de-paul-et-sa-mission-sociale-iii-laction-2\/","url_meta":{"origin":106787,"position":0},"title":"Saint Vincent De Paul Et Sa Mission Sociale. III &#8211; L\u2019action (2)","author":"Francisco Javier Fern\u00e1ndez Chento","date":"26\/12\/2014","format":false,"excerpt":"LA RENAISSANCE RELIGIEUSE. \u2014 Le compl\u00e9ment des missions. \u2014 \u00c9tat du clerg\u00e9 depuis le concile de Trente. \u2014 N\u00e9cessit\u00e9 d\u2019une r\u00e9forme. \u2014 Les exercices des ordinands. \u2014 Saint-Lazare. \u2014 La conf\u00e9rence du mardi. \u2014 Bossuet. \u2014 Les retraites spirituelles. \u2014 Le coll\u00e8ge des Bons-Enfants. \u2014 Vincent de Paul et Olier.\u2026","rel":"","context":"Dans &quot;Vincent de Paul&quot;","block_context":{"text":"Vincent de Paul","link":"https:\/\/vincentians.com\/fr\/category\/the-vincentian-family\/founders\/vincent-de-paul\/"},"img":{"alt_text":"","src":"https:\/\/i0.wp.com\/vincentians.com\/fr\/wp-content\/uploads\/sites\/10\/2016\/07\/vincent-et-sa-action-sociale.jpg?fit=1160%2C630&ssl=1&resize=350%2C200","width":350,"height":200,"srcset":"https:\/\/i0.wp.com\/vincentians.com\/fr\/wp-content\/uploads\/sites\/10\/2016\/07\/vincent-et-sa-action-sociale.jpg?fit=1160%2C630&ssl=1&resize=350%2C200 1x, https:\/\/i0.wp.com\/vincentians.com\/fr\/wp-content\/uploads\/sites\/10\/2016\/07\/vincent-et-sa-action-sociale.jpg?fit=1160%2C630&ssl=1&resize=525%2C300 1.5x, https:\/\/i0.wp.com\/vincentians.com\/fr\/wp-content\/uploads\/sites\/10\/2016\/07\/vincent-et-sa-action-sociale.jpg?fit=1160%2C630&ssl=1&resize=700%2C400 2x, https:\/\/i0.wp.com\/vincentians.com\/fr\/wp-content\/uploads\/sites\/10\/2016\/07\/vincent-et-sa-action-sociale.jpg?fit=1160%2C630&ssl=1&resize=1050%2C600 3x"},"classes":[]},{"id":52035,"url":"https:\/\/vincentians.com\/fr\/saint-vincent-de-paul-et-sa-mission-sociale-ii-les-oeuvres-2\/","url_meta":{"origin":106787,"position":1},"title":"Saint Vincent De Paul Et Sa Mission Sociale. II &#8211; Les \u0152uvres (2)","author":"Francisco Javier Fern\u00e1ndez Chento","date":"22\/12\/2014","format":false,"excerpt":"LA CONGR\u00c9GATION DE LA MISSION. \u2014 Fondation de la Mission. \u2014 Madame de Gondi. \u2014 Vincent de Paul est nomm\u00e9 sup\u00e9rieur du coll\u00e8ge des Bons-Enfants. \u2014 Les fondateurs d\u2019ordre. \u2014 But de la Congr\u00e9gation de la Mission. \u2014 L\u2019\u00e9vang\u00e9lisation des pauvres. \u2014 \u00c9tablissement \u00e0 Saint-Lazare. \u2014 Premiers travaux des missionnaires.\u2026","rel":"","context":"Dans &quot;Vincent de Paul&quot;","block_context":{"text":"Vincent de Paul","link":"https:\/\/vincentians.com\/fr\/category\/the-vincentian-family\/founders\/vincent-de-paul\/"},"img":{"alt_text":"","src":"https:\/\/i0.wp.com\/vincentians.com\/fr\/wp-content\/uploads\/sites\/10\/2016\/07\/vincent-et-sa-action-sociale.jpg?fit=1160%2C630&ssl=1&resize=350%2C200","width":350,"height":200,"srcset":"https:\/\/i0.wp.com\/vincentians.com\/fr\/wp-content\/uploads\/sites\/10\/2016\/07\/vincent-et-sa-action-sociale.jpg?fit=1160%2C630&ssl=1&resize=350%2C200 1x, https:\/\/i0.wp.com\/vincentians.com\/fr\/wp-content\/uploads\/sites\/10\/2016\/07\/vincent-et-sa-action-sociale.jpg?fit=1160%2C630&ssl=1&resize=525%2C300 1.5x, https:\/\/i0.wp.com\/vincentians.com\/fr\/wp-content\/uploads\/sites\/10\/2016\/07\/vincent-et-sa-action-sociale.jpg?fit=1160%2C630&ssl=1&resize=700%2C400 2x, https:\/\/i0.wp.com\/vincentians.com\/fr\/wp-content\/uploads\/sites\/10\/2016\/07\/vincent-et-sa-action-sociale.jpg?fit=1160%2C630&ssl=1&resize=1050%2C600 3x"},"classes":[]},{"id":38477,"url":"https:\/\/vincentians.com\/fr\/le-directeur-provincial-animateur-des-filles-de-la-charite\/","url_meta":{"origin":106787,"position":2},"title":"Le Directeur Provincial \u201canimateur\u201d des Filles de la Charit\u00e9","author":"Francisco Javier Fern\u00e1ndez Chento","date":"03\/10\/2012","format":false,"excerpt":"Dans les Constitutions des Filles de la Charit\u00e9, nous trouvons \u00e0 l\u2019article 3.38: le Directeur Provincial est un pr\u00eatre de la Congr\u00e9gation de la Mission, nomm\u00e9 par le Sup\u00e9rieur G\u00e9n\u00e9ral; \u201cil partage avec la Visitatrice et son Conseil la responsabilit\u00e9 de promouvoir l\u2019esprit vincentien dans la Province\u201d Missionnaire, le directeur\u2026","rel":"","context":"Dans &quot;Congr\u00e9gation de la Mission&quot;","block_context":{"text":"Congr\u00e9gation de la Mission","link":"https:\/\/vincentians.com\/fr\/category\/congregation-de-la-mission\/"},"img":{"alt_text":"","src":"https:\/\/i0.wp.com\/vincentiens.org\/wp-content\/uploads\/2011\/05\/filles_charite-228x300.jpg?resize=350%2C200","width":350,"height":200},"classes":[]},{"id":52052,"url":"https:\/\/vincentians.com\/fr\/saint-vincent-de-paul-et-sa-mission-sociale-iii-laction-1\/","url_meta":{"origin":106787,"position":3},"title":"Saint Vincent De Paul Et Sa Mission Sociale. III &#8211; L\u2019action (1)","author":"Francisco Javier Fern\u00e1ndez Chento","date":"25\/12\/2014","format":false,"excerpt":"LES MISSIONS. \u2014 Saint Vincent de Paul missionnaire. \u2014 Organisation des missions rurales. \u2014 Vertus et qualit\u00e9s des missionnaires. \u2014 La pr\u00e9dication d\u2019apr\u00e8s le saint. \u2014 Sa conduite envers les h\u00e9r\u00e9tiques et les infid\u00e8les. \u2014 Les imitateurs de Vincent de Paul. \u2014 Fruits du nouvel apostolat. \u2014 Missions \u00e0 la\u2026","rel":"","context":"Dans &quot;Vincent de Paul&quot;","block_context":{"text":"Vincent de Paul","link":"https:\/\/vincentians.com\/fr\/category\/the-vincentian-family\/founders\/vincent-de-paul\/"},"img":{"alt_text":"","src":"https:\/\/i0.wp.com\/vincentians.com\/fr\/wp-content\/uploads\/sites\/10\/2016\/07\/vincent-et-sa-action-sociale.jpg?fit=1160%2C630&ssl=1&resize=350%2C200","width":350,"height":200,"srcset":"https:\/\/i0.wp.com\/vincentians.com\/fr\/wp-content\/uploads\/sites\/10\/2016\/07\/vincent-et-sa-action-sociale.jpg?fit=1160%2C630&ssl=1&resize=350%2C200 1x, https:\/\/i0.wp.com\/vincentians.com\/fr\/wp-content\/uploads\/sites\/10\/2016\/07\/vincent-et-sa-action-sociale.jpg?fit=1160%2C630&ssl=1&resize=525%2C300 1.5x, https:\/\/i0.wp.com\/vincentians.com\/fr\/wp-content\/uploads\/sites\/10\/2016\/07\/vincent-et-sa-action-sociale.jpg?fit=1160%2C630&ssl=1&resize=700%2C400 2x, https:\/\/i0.wp.com\/vincentians.com\/fr\/wp-content\/uploads\/sites\/10\/2016\/07\/vincent-et-sa-action-sociale.jpg?fit=1160%2C630&ssl=1&resize=1050%2C600 3x"},"classes":[]},{"id":45335,"url":"https:\/\/vincentians.com\/fr\/saint-vincent-et-les-missions\/","url_meta":{"origin":106787,"position":4},"title":"Saint Vincent et les Missions","author":"Francisco Javier Fern\u00e1ndez Chento","date":"14\/12\/2014","format":false,"excerpt":"Introduction A.- Lorsque nous essayons d'\u00e9tudier le travail missionnaire de Vincent de Paul et de ses premiers compagnons, nous trouvons une v\u00e9ritable mystique de la Mission; alors que nous d\u00e9sirerions que le Saint nous ait donn\u00e9 aussi une doctrine th\u00e9ologique sur ce qui constitue l'objectif de sa vie, sur ce\u2026","rel":"","context":"Dans &quot;Vincent de Paul&quot;","block_context":{"text":"Vincent de Paul","link":"https:\/\/vincentians.com\/fr\/category\/the-vincentian-family\/founders\/vincent-de-paul\/"},"img":{"alt_text":"Vincent de Paul portrait","src":"https:\/\/i0.wp.com\/vincentiens.org\/wp-content\/uploads\/2014\/12\/Vincent-de-Paul-portrait-300x300.jpg?resize=350%2C200","width":350,"height":200},"classes":[]},{"id":52031,"url":"https:\/\/vincentians.com\/fr\/saint-vincent-de-paul-et-sa-mission-sociale-i-la-vocation-3\/","url_meta":{"origin":106787,"position":5},"title":"Saint Vincent De Paul Et Sa Mission Sociale. I &#8211; La vocation (3)","author":"Francisco Javier Fern\u00e1ndez Chento","date":"20\/12\/2014","format":false,"excerpt":"L\u2019APOSTOLAT DE LA CHARIT\u00c9. Les pr\u00e9mices du dix-septi\u00e8me si\u00e8cle. \u2014 Vincent de Paul et le P. de B\u00e9rulle. \u2014 Vincent est nomm\u00e9 cur\u00e9 de Clichy. \u2014 Ses premiers travaux. \u2014 Son entr\u00e9e dans la maison de Gondi. - Les pauvres gens des campagnes. \u2014 Premi\u00e8re mission \u00e0 Folleville. \u2014 Vincent\u2026","rel":"","context":"Dans &quot;Vincent de Paul&quot;","block_context":{"text":"Vincent de Paul","link":"https:\/\/vincentians.com\/fr\/category\/the-vincentian-family\/founders\/vincent-de-paul\/"},"img":{"alt_text":"","src":"https:\/\/i0.wp.com\/vincentians.com\/fr\/wp-content\/uploads\/sites\/10\/2016\/07\/vincent-et-sa-action-sociale.jpg?fit=1160%2C630&ssl=1&resize=350%2C200","width":350,"height":200,"srcset":"https:\/\/i0.wp.com\/vincentians.com\/fr\/wp-content\/uploads\/sites\/10\/2016\/07\/vincent-et-sa-action-sociale.jpg?fit=1160%2C630&ssl=1&resize=350%2C200 1x, https:\/\/i0.wp.com\/vincentians.com\/fr\/wp-content\/uploads\/sites\/10\/2016\/07\/vincent-et-sa-action-sociale.jpg?fit=1160%2C630&ssl=1&resize=525%2C300 1.5x, https:\/\/i0.wp.com\/vincentians.com\/fr\/wp-content\/uploads\/sites\/10\/2016\/07\/vincent-et-sa-action-sociale.jpg?fit=1160%2C630&ssl=1&resize=700%2C400 2x, https:\/\/i0.wp.com\/vincentians.com\/fr\/wp-content\/uploads\/sites\/10\/2016\/07\/vincent-et-sa-action-sociale.jpg?fit=1160%2C630&ssl=1&resize=1050%2C600 3x"},"classes":[]}],"_links":{"self":[{"href":"https:\/\/vincentians.com\/fr\/wp-json\/wp\/v2\/posts\/106787","targetHints":{"allow":["GET"]}}],"collection":[{"href":"https:\/\/vincentians.com\/fr\/wp-json\/wp\/v2\/posts"}],"about":[{"href":"https:\/\/vincentians.com\/fr\/wp-json\/wp\/v2\/types\/post"}],"author":[{"embeddable":true,"href":"https:\/\/vincentians.com\/fr\/wp-json\/wp\/v2\/users\/4"}],"replies":[{"embeddable":true,"href":"https:\/\/vincentians.com\/fr\/wp-json\/wp\/v2\/comments?post=106787"}],"version-history":[{"count":0,"href":"https:\/\/vincentians.com\/fr\/wp-json\/wp\/v2\/posts\/106787\/revisions"}],"wp:featuredmedia":[{"embeddable":true,"href":"https:\/\/vincentians.com\/fr\/wp-json\/wp\/v2\/media\/149583"}],"wp:attachment":[{"href":"https:\/\/vincentians.com\/fr\/wp-json\/wp\/v2\/media?parent=106787"}],"wp:term":[{"taxonomy":"category","embeddable":true,"href":"https:\/\/vincentians.com\/fr\/wp-json\/wp\/v2\/categories?post=106787"},{"taxonomy":"post_tag","embeddable":true,"href":"https:\/\/vincentians.com\/fr\/wp-json\/wp\/v2\/tags?post=106787"}],"curies":[{"name":"wp","href":"https:\/\/api.w.org\/{rel}","templated":true}]}}