{"id":106492,"date":"2013-07-01T16:55:31","date_gmt":"2013-07-01T14:55:31","guid":{"rendered":"http:\/\/vincentiens.org\/?p=106492"},"modified":"2013-07-01T16:55:31","modified_gmt":"2013-07-01T14:55:31","slug":"soeur-giuseppina-nicoli","status":"publish","type":"post","link":"https:\/\/vincentians.com\/fr\/soeur-giuseppina-nicoli\/","title":{"rendered":"Soeur Giuseppina Nicoli"},"content":{"rendered":"<p><a href=\"https:\/\/i0.wp.com\/vincentiens.org\/wp-content\/uploads\/2013\/07\/Sin-t%C3%ADtulo-1.jpg\"><img data-recalc-dims=\"1\" loading=\"lazy\" decoding=\"async\" class=\"alignleft size-full wp-image-106493\" alt=\"Sin t\u00edtulo-1\" src=\"https:\/\/i0.wp.com\/vincentiens.org\/wp-content\/uploads\/2013\/07\/Sin-t%C3%ADtulo-1.jpg?resize=238%2C238\" width=\"238\" height=\"238\" \/><\/a>La Soeur des \u00abGamins aux paniers\u00bb (1863-1924)<\/p>\n<p>Soeur Giuseppina Nicoli d\u00e9barqua \u00e0 Cagliari le 1er Janvier 1885, elle avait \u00e0 peine 21 ans. Dans le bref cycle d&rsquo;une ann\u00e9e elle avait laiss\u00e9 s famille, \u00e9tait entr\u00e9e au Postulat et au S\u00e9minaire et maintenant se trouva d\u00e9j\u00e0 en mission. Elle avait tout abandonn\u00e9 pour suivre une vocation qui h \u00e9tait n\u00e9e dans le coeur de mani\u00e8re fulgurante: se donner totalement \u00e0 Die pour le servir dans les pauvres, surtout dans les jeunes envers lesquels elle se sentait une attirance spontan\u00e9e.<\/p>\n<p>Elle \u00e9tait n\u00e9e le 18 Novembre 1863 \u00e0 Casatisma, village dans les environs de Pavie. Sa famille \u00e9tait une famille bourgeoise: son p\u00e8re \u00e9tait juge et sa m\u00e8re fille d&rsquo;un avocat. Cinqui\u00e8me de dix enfants, Giuseppina \u00e9tait aim\u00e9e de tous. Sa douceur \u00e9tait un don naturel: on l&rsquo;appelait \u00abpain de beurre\u00bb! Elle fit ses \u00e9tudes primaires aupr\u00e8s des Soeurs Augustines de Voghera, puis, \u00e0 Pavie o\u00f9 elle obtint le maximum des mentions e remportant le dipl\u00f4me d&rsquo;institutrice. Elle s&rsquo;\u00e9tait soumise \u00e0 cette \u00e9tude avec secret d\u00e9sir de se consacrer \u00e0 l&rsquo;\u00e9ducation des enfants pauvres dans ur p\u00e9riode o\u00f9 le taux d&rsquo;analphab\u00e9tisme \u00e9tait tr\u00e8s haut parmi les pauvres gens.<\/p>\n<p>Son d\u00e9sir avait m\u00fbri avec l&rsquo;exp\u00e9rience de souffrance qui avait marqu\u00e9 sa famille en raison de la mort de plusieurs de ses fr\u00e8res, mais surtout de celle de son fr\u00e8re Giovanni pour lequel elle s&rsquo;\u00e9tait transform\u00e9e en infirmi\u00e8re personnelle et serviable. A l&rsquo;\u00e9cole de la souffrance elle avait appris \u00e0 mieux consid\u00e9rer la valeur de la vie et avait \u00e9t\u00e9 impressionn\u00e9e par la fragilit\u00e9 des choses humaines. La vie mondaine ne l&rsquo;attirait pas. Guid\u00e9e par un pr\u00eatre de Voghera, don Giacomo Prinetti, animateur de la \u00abCharit\u00e9\u00bb \u00e0 Voghera, elle commen\u00e7a \u00e0 cheminer dans la voie de la perfection spirituelle. Ce fut lui qui lui fit conna\u00eetre les Filles de la Charit\u00e9.<\/p>\n<p>En Octobre 1883, elle fit son postulat \u00e0 l&rsquo;Institut Alfieri Carr\u00f9 de Turin, puis, toujours \u00e0 Turin, elle entra au S\u00e9minaire des Filles de la Charit\u00e9 \u00e0 Saint Sauveur. Le S\u00e9minaire termin\u00e9 elle passa trois mois \u00e0 la Maison Sappa d&rsquo;Alessandria, mais vers la fin D\u00e9cembre elle fut d\u00e9sign\u00e9e pour la Sardaigne, \u00e0 Cagliari, o\u00f9 elle arriva apr\u00e8s trois jours de navigation.. C&rsquo;\u00e9tait le premier Janvier 1885. Quarante ans apr\u00e8s, le 1er Janvier 1925, une foule \u00e9mue accompagnait son cercueil au cimeti\u00e8re de Bonaria: exactement, quarante ann\u00e9es de sa vie toute donn\u00e9e aux pauvres de la Sardaigne \u00e9taient pass\u00e9es.<\/p>\n<p>En ce premier Janvier 1885, elle se trouvait donc \u00e0 Cagliari \u00e0 la porte de l&rsquo;Institution de la Providence. C&rsquo;\u00e9tait un Institut qui avait pour but l&rsquo;instruction des jeunes filles. Il avait \u00e9t\u00e9 fond\u00e9 au si\u00e8cle pr\u00e9c\u00e9dent par un J\u00e9suite torinois, le P\u00e8re Battista Vassallo. Soeur Nicoli s&rsquo;ins\u00e9ra avec enthousiasme dans cette ambiance qui fut, pendant 15 ans, le lieu d&rsquo;une exp\u00e9rience \u00e9ducative qui la marquera pour toujours. Ses yeux ne se limit\u00e8rent pas \u00e0 regarder ce qui se passait entre les quatre murs de l&rsquo;Institut, mais dans son d\u00e9sir croissant de r\u00e9aliser le charisme de vivre par le service des Pauvres l&rsquo;union avec le Seigneur Crucifi\u00e9 &#8211; qu&rsquo;elle appelait \u00abson \u00e9poux\u00bb &#8211; elle commen\u00e7a \u00e0 \u00e9largir son rayon d&rsquo;action dans la ville. Bien que sa sant\u00e9 ne lui f\u00fbt pas une aide, elle ne s&rsquo;\u00e9pargna pas. A 30 ans elle eut son premier crachement de sang et commen\u00e7a une tuberculose pulmonaire qui la consumera lentement durant les trente ann\u00e9es suivantes de sa vie.<\/p>\n<p>En 1886, le chol\u00e9ra \u00e9clata dans la cit\u00e9. Alors, dans les petits espaces de temps libre laiss\u00e9s par l&rsquo;\u00e9cole, elle se d\u00e9voua, avec les Soeurs de l&rsquo;Institution, \u00a0\u00e0 secourir les familles pauvres de la ville, s&rsquo;offrant pour le service de \u00abcuisines \u00e9conomiques\u00bb organis\u00e9es par l&rsquo;autorit\u00e9 civile. Cette ouverture fit rencontrer les adolescents abandonn\u00e9s \u00e0 eux-m\u00eames dans les rues d \u00abCastello\u00bb, la partie haute de la ville de Cagliari. Elle les rassembla \u00e0 l&rsquo;Ecol maternelle \u00abUmberto ter et Marguerita\u00bb, leur faisant la classe de cat\u00e9chiser le dimanche et les organisa en une association nomm\u00e9e les \u00abLuigini\u00bb (le petits Louis). Elle les stimula \u00e0 une vie d&rsquo;entraide fraternelle, les \u00e9duquant une saine conscience de la vie sociale. Beaucoup d&rsquo;entre eux, gr\u00e2ce \u00e0 elle, trouveront la force de changer de vie.<\/p>\n<p>Cette ardente activit\u00e9 fut interrompue en 1889, lorsqu&rsquo;elle fut nomm\u00e9e Soeur Servante de l&rsquo;Orphelinat de Sassari, autre Institut con\u00e7u sur le mod\u00e8le de l&rsquo;Institution de Cagliari. Elle avait \u00e0 peine 36 ans. Cependant, c&rsquo;est justement l\u00e0 qu&rsquo;\u00e9clata sa vitalit\u00e9 de femme spirituelle et apostolique d\u00e9sormais m\u00fbrie. Elle redonna un nouvel \u00e9lan \u00e0 l&rsquo;Association des Enfants de Marie, elle r\u00e9unit les Dames de la Charit\u00e9 et les guida dans le service des pauvres, stimula l&rsquo;Ecole de cat\u00e9chisme du dimanche r\u00e9unissant chaque fois pr\u00e8s de 800 enfants, gar\u00e7ons et filles, et surtout fonda l&rsquo;\u00abEcole de Religion\u00bb pour les jeunes des Ecoles sup\u00e9rieures et universitaires, les pr\u00e9parant \u00e0 \u00eatre de bonnes enseignantes p\u00e9n\u00e9tr\u00e9es de Foi en vue de l&rsquo;arri\u00e8re pays de la Sardaigne. Elle eut comme aide pr\u00e9cieuse le P\u00e8re Manzella qui apportait volontiers son concours de missionnaire \u00e0 la vie spirituelle de l&rsquo;Orphelinat. Pour le soutien des prisonniers, elle fit entrer les Soeurs au service de la Prison. Enfin elle \u00e9leva le niveau des \u00e9tudes de l&rsquo;Institut pour contrecarrer les id\u00e9es ma\u00e7onniques pr\u00e9sentes \u00e0 Sassari, qui tentaient d&rsquo;affaiblir l&rsquo;influence des catholiques dans la cit\u00e9.<\/p>\n<p>En 1910, \u00e0 la surprise de tous et tandis qu&rsquo;elle \u00e9tait en pleine activit\u00e9, S\u0153ur Giuseppina fut nomm\u00e9e Econome provinciale. Elle partit ob\u00e9issante \u00e0 Turin, mais non sans souffrance, m\u00eame si d\u00e9sormais elle avait appris \u00e0 sublimer ses d\u00e9tachements. Dix huit mois plus tard, la Directrice du S\u00e9minaire tombant malade, ce fut elle qui fut choisie pour la remplacer. Elle se donna alors pleinement \u00e0 la formation des Jeunes qui se pr\u00e9paraient \u00e0 devenir Filles de la Charit\u00e9. De ce service nous sont rest\u00e9es ses notes de vie spirituelle avec lesquelles elle faisait les instructions aux Soeurs du S\u00e9minaire. Elle ne remplit cet office que 9 mois seulement, elle-m\u00eame tombant \u00e0 son tour gravement malade. Sur ordonnance du Docteur, elle fut envoy\u00e9e de nouveau en Sardaigne o\u00f9 le climat plus doux et temp\u00e9r\u00e9 pourrait aider ses bronches attaqu\u00e9es par la tuberculose \u00e0 se reprendre.<\/p>\n<p>C&rsquo;est ainsi qu&rsquo;elle retourna dans sa vieille et ch\u00e8re maison de l&rsquo;Orphelinat \u00e0 Sassari o\u00f9 sa sant\u00e9 se reprit mais o\u00f9 commen\u00e7a pour elle un v\u00e9ritable calvaire int\u00e9rieur. Malentendus et calomnies de la part de l&rsquo;Administration oblig\u00e8rent les Sup\u00e9rieurs \u00e0 lui donner son changement. Elle resta \u00e0 leur enti\u00e8re disposition, acceptant en silence l&rsquo;accusation la plus vile qu&rsquo;on pouvait lui faire : celle d&rsquo;\u00eatre incapable de g\u00e9rer l&rsquo;Orphelinat. Devant cette humiliation elle se r\u00e9p\u00e9tait \u00e0 elle-m\u00eame: \u00abC&rsquo;est bien fait pour toi, Giuseppina, apprends \u00e0 \u00eatre humble\u00bb.<\/p>\n<p>C&rsquo;est ainsi que le 7 Ao\u00fbt 1914, et pour la derni\u00e8re \u00e9tape de sa vie, la Providence la conduisit \u00e0 Cagliari, \u00e0 l&rsquo; \u00ab Ecole Maternelle de la Marine \u00bb. Le quartier de la \u00ab Marine \u00bb situ\u00e9 dans le voisinage imm\u00e9diat du port et de la gare ferroviaire \u00e9tait le centre d&rsquo;un tr\u00e8s grand d\u00e9veloppement urbain, mais aussi d&rsquo;une surabondance de familles pauvres. Beaucoup vivaient dans des guenilles et, \u00e9tant sans travail, survivaient gr\u00e2ce \u00e0 des exp\u00e9dients pas toujours honn\u00eates. Parce que les enfants \u00e9taient pauvres, il leur \u00e9tait refus\u00e9 le droit d&rsquo;\u00e9tudier, et l&rsquo;absence d&rsquo;\u00e9ducation favorisait en eux des comportements corrompus. Ajoutons que la d\u00e9claration de la premi\u00e8re guerre mondiale compliqua encore la situation.<\/p>\n<p>Face \u00e0 face avec la pauvret\u00e9 et l&rsquo;indigence mat\u00e9rielles, Soeur Giuseppina d\u00e9couvrit aussi les blessures encore plus secr\u00e8tes de la pauvret\u00e9 morale et spirituelle. Elle fut affront\u00e9e \u00e0 la n\u00e9cessit\u00e9 de la formation des jeunes, qu&rsquo;elle r\u00e9unit gr\u00e2ce \u00e0 l&rsquo;Ecole de Religion et aux classes de l&rsquo;Ecole Maternelle de la Marine. Elle s&rsquo;occupa aussi des jeunes de la ville qui travaillaient nombreux dans les manufactures de Tabac, et les r\u00e9unit dans l&rsquo;oeuvre des Retraites spirituelles.<\/p>\n<p>Elle s&rsquo;int\u00e9ressa de m\u00eame aux jeunes employ\u00e9es de maison qui arrivaient de leurs plaines de Campidano pour se mettre en ville au servie des familles ais\u00e9es. En plus des moments de joie et de d\u00e9tente pass\u00e9s ensemble, Soeur Giuseppina leur enseigna le cat\u00e9chisme et leur fit donner des le\u00e7ons pour leur apprendre \u00e0 lire et \u00e0 \u00e9crire. Elle \u00e9tablit pour elles la sympathique association appel\u00e9e \u00ables Zitines\u00bb &#8211; parce que cette Association \u00e9tait sous la protection de Ste Zita -.<\/p>\n<p>Elle fut nomm\u00e9e par l&rsquo;Ev\u00eaque animatrice spirituelle des \u00abDoroth\u00e9e\u00bb, jeunes femmes la\u00efques consacr\u00e9es dans le monde qu&rsquo;elle rencontra dans les locaux de la \u00abMarine\u00bb et stimula au service de la Charit\u00e9.<\/p>\n<p>Elle institua aussi le premier cercle de l&rsquo;Action Catholique f\u00e9minine \u00e0 Cagliari et le cercle de Ste Th\u00e9r\u00e8se dans la Paroisse St Augustin.<\/p>\n<p>Le souci des pauvres ne lui donnait pas de repos. Il y avait dans Ie quartier trop de familles qu&rsquo;elle et ses Soeurs ne pouvaient rejoindre. Elle choisit alors parmi les Jeunes qui la suivaient quelques-unes plus entreprenantes et, avec elles, donna naissance aux \u00abPetites Dames de la Charit\u00e9\u00bb pour la visite des pauvres \u00e0 domicile &#8211; ce fut la premi\u00e8re fondation en Italie -. Avec elles, durant l&rsquo;ann\u00e9e 1917, elle s&rsquo;occupa aussi de soulager de nombreux enfants scrofuleux, rachitiques ou atteints de trachome, par l&rsquo;ouverture d&rsquo;une \u00abColonie de la Marine\u00bb \u00e0 Poetto o\u00f9 furent accueillis des centaines et des centaines d&rsquo;enfants.<\/p>\n<p>Mais par dessus tout, le nom et la renomm\u00e9e de Soeur Nicoli sont li\u00e9s aux \u00abgamins aux paniers\u00bb tr\u00e8s connus dans la ville pour leur instrument de travail tr\u00e8s particulier: \u00ableur panier\u00bb. Ces gamins devinrent sa pr\u00e9occupation et son tourment. Des nu\u00e9es de ces jeunes adolescents, nus-pieds, mal v\u00eatus et mal nourris, se pressaient \u00e0 proximit\u00e9 du march\u00e9 de la ville qui confinait avec l&rsquo;Ecole Maternelle de la Marine. Ils gagnaient leur vie en portant, depuis la gare ou le port, les bagages de ceux qui s&rsquo;arr\u00eataient en ville, ou encore en transportant les achats que les dames faisaient au march\u00e9. Souvent ils frappaient \u00e0 la porte de l&rsquo;Ecole pour demander quelque chose \u00e0 manger. Quelquefois ils volaient pour se nourrir. Le pouvoir municipal ne savait plus comment lib\u00e9rer de ces vauriens les places et les march\u00e9s du quartier. Il avait pens\u00e9 \u00e0 les ficher et \u00e0 les obliger, au fur et \u00e0 mesure que la police les auraient attrap\u00e9s, \u00e0 porter au cou une petite cha\u00eene avec un num\u00e9ro de mani\u00e8re \u00e0 pouvoir les identifier de suite en cas de m\u00e9faits. La m\u00e9thode paraissait \u00e9nergique mais ne tenait pas compte de leur triste situation d&rsquo;abandon.<\/p>\n<p>Soeur Nicoli au contraire, dans les moments libres laiss\u00e9s par l&rsquo;Ecole, s&rsquo;approchait avec les jeunes Soeurs de ces adolescents avec la d\u00e9licatesse d&rsquo;une bonne m\u00e8re. Elle les conquit: cela r\u00e9pondait pour eux \u00e0 un besoin profond et inexprimable, et bien que, souvent, ils se montr\u00e8rent \u00e0 son \u00e9gard frustes et mal \u00e9lev\u00e9s, elle nourrit pour eux le r\u00eave d&rsquo;un avenir meilleur. Petit \u00e0 petit, avec patience, elle les attira \u00e0 se confier \u00e0 elle et \u00e0 rencontrer le Seigneur. Elle les rebaptisa du nom de \u00abPetits Marie\u00bb ou encore le \u00abpolissons de Marie\u00bb les confiant ainsi \u00e0 la protection de la Vierge. Elle leu fit la classe, les pr\u00e9para \u00e0 exercer une profession, les instruisit de la Fo] convenant avec eux d&rsquo;un accord \u00e9ducatif qui les rendait \u00e0 la vie social, enrichis de la conscience de leur propre dignit\u00e9.<\/p>\n<p>Tous les jours \u00e0 cinq heures du matin, une Soeur passait sous les arcades de la rue de Rome ou par les rues du quartier avec une cloche pour r\u00e9veiller ces jeunes qui participaient \u00e0 la sainte Messe c\u00e9l\u00e9br\u00e9e pour eux dan la petite chapelle de Ste Lucie offerte par l&rsquo;Ev\u00eaque dans ce but. Tout de suitapr\u00e8s, ils passaient \u00e0 l&rsquo;Ecole de la Marine pour le petit d\u00e9jeuner. Les enfants qui suivaient ainsi les Soeurs \u00e9taient une centaine.<\/p>\n<p>Malgr\u00e9 tout ce bien, en 1924, derni\u00e8re ann\u00e9e de sa vie, Soeur Nicoli et ses compagnes furent sujettes \u00e0 une insulte qui fut consign\u00e9e dans les journaux de la ville.<\/p>\n<p>Nous \u00e9tions alors \u00e0 l&rsquo;\u00e9poque o\u00f9 le fascisme \u00e9tait au pouvoir depuis peu, et le nouveau Directeur de l&rsquo;Ecole de la Marine lui appartenait. Il aurait voulu que l&rsquo;enseignement des Soeurs soit subordonn\u00e9 \u00e0 son contr\u00f4le. Celles-ci n&rsquo;accept\u00e8rent pas, bien au contraire; elles \u00e9taient m\u00eame arriv\u00e9es au point de rompre la convention avec l&rsquo;Administration plut\u00f4t que de se subordonner \u00e0 son contr\u00f4le. Alors une s\u00e9rie d&rsquo;articles sur les journaux de la ville d\u00e9nigr\u00e8rent les Soeurs, disant qu&rsquo;elles se divertissaient avec des \u00abrepas somptueux\u00bb tandis qu&rsquo;elles donnaient aux enfants des \u00e9coles des \u00abbouillons peu nourrissants\u00bb. En communion avec la Visitatrice, toujours bien inform\u00e9e de l&rsquo;\u00e9volution de la situation, et avec l&rsquo;Ev\u00eaque, Soeur Nicoli accepta en silence la calomnie jusqu&rsquo;\u00e0 ce que le Directeur de l&rsquo;Administration dut faire, marche arri\u00e8re et reconna\u00eetre son erreur.<\/p>\n<p>Sur son lit de mort, la charit\u00e9 humble de Soeur Nicoli le fit introduire aupr\u00e8s d&rsquo;elle et elle lui accorda son pardon avec un large sourire.<\/p>\n<p>Elle mourut le 31 D\u00e9cembre 1924, et le <sup>ter<\/sup> Janvier 1925 eurent lieu ses fun\u00e9railles.<\/p>\n<p>Son proc\u00e8s de b\u00e9atification, commenc\u00e9 par l&rsquo;Ev\u00eaque de Cagliari, Monseigneur Ernesto Piovella, fut termin\u00e9 en 2006. La signature du d\u00e9cret de b\u00e9atification du Pape Beno\u00eet XVI a \u00e9t\u00e9 appos\u00e9e depuis peu: d\u00e8s lors on peut c\u00e9l\u00e9brer la b\u00e9atification de Soeur Nicoli fix\u00e9e au 3 F\u00e9vrier 2008. Nombreuses sont les gr\u00e2ces qui ont \u00e9t\u00e9 obtenues et continuent d&rsquo;\u00eatre obtenues par son intercession. Le miracle pr\u00e9sent\u00e9 pour sa b\u00e9atification concerne un jeune militaire de Milan gu\u00e9ri d&rsquo;une tumeur osseuse avec tum\u00e9faction lombaire.<\/p>\n<p>La Charit\u00e9 a \u00e9t\u00e9 \u00abla r\u00e8gle de toutes ses pens\u00e9es, de toutes ses paroles, de toutes ses actions\u00bb, a pu dire d&rsquo;elle Soeur Tambelli, qui fut la collaboratrice la plus proche de Soeur Nicoli au temps de l&rsquo;Ecole maternelle de la Marine. Dans le cheminement d&rsquo;humilit\u00e9 avec lequel elle cherchait \u00e0 se cacher des applaudissements des gens pour sombrer dans l&rsquo;Amour du Christ, elle p\u00e9n\u00e9tra ainsi dans le myst\u00e8re de la Charit\u00e9 envers les Pauvres, en tant qu&rsquo;acte d&rsquo;Amour \u00e0 l&rsquo;\u00e9gard du Seigneur, qui l&rsquo;a Lui-m\u00eame glorifi\u00e9e.<\/p>\n","protected":false},"excerpt":{"rendered":"<p>La Soeur des \u00abGamins aux paniers\u00bb (1863-1924) Soeur Giuseppina Nicoli d\u00e9barqua \u00e0 Cagliari le 1er Janvier 1885, elle avait \u00e0 peine 21 ans. Dans le bref cycle d&rsquo;une ann\u00e9e elle avait laiss\u00e9 s famille, \u00e9tait &#8230; <a href=\"https:\/\/vincentians.com\/fr\/soeur-giuseppina-nicoli\/\" class=\"more-link\">Read More<\/a><\/p>\n","protected":false},"author":4,"featured_media":0,"comment_status":"open","ping_status":"open","sticky":false,"template":"","format":"standard","meta":{"jetpack_post_was_ever_published":false,"_jetpack_newsletter_access":"","_jetpack_dont_email_post_to_subs":false,"_jetpack_newsletter_tier_id":0,"_jetpack_memberships_contains_paywalled_content":false,"_jetpack_memberships_contains_paid_content":false,"footnotes":"","jetpack_publicize_message":"","jetpack_publicize_feature_enabled":true,"jetpack_social_post_already_shared":true,"jetpack_social_options":{"image_generator_settings":{"template":"highway","default_image_id":0,"font":"","enabled":false},"version":2}},"categories":[136],"tags":[],"class_list":["post-106492","post","type-post","status-publish","format-standard","hentry","category-biographies-des-filles-de-la-charite","no-post-thumbnail"],"yoast_head":"<!-- This site is optimized with the Yoast SEO plugin v26.3 - https:\/\/yoast.com\/wordpress\/plugins\/seo\/ -->\n<title>Soeur Giuseppina Nicoli - Nous Sommes Vincentiens<\/title>\n<meta name=\"robots\" content=\"index, follow, max-snippet:-1, max-image-preview:large, max-video-preview:-1\" \/>\n<link rel=\"canonical\" href=\"https:\/\/vincentians.com\/fr\/soeur-giuseppina-nicoli\/\" \/>\n<meta property=\"og:locale\" content=\"fr_FR\" \/>\n<meta property=\"og:type\" content=\"article\" \/>\n<meta property=\"og:title\" content=\"Soeur Giuseppina Nicoli - Nous Sommes Vincentiens\" \/>\n<meta property=\"og:description\" content=\"La Soeur des \u00abGamins aux paniers\u00bb (1863-1924) Soeur Giuseppina Nicoli d\u00e9barqua \u00e0 Cagliari le 1er Janvier 1885, elle avait \u00e0 peine 21 ans. Dans le bref cycle d&rsquo;une ann\u00e9e elle avait laiss\u00e9 s famille, \u00e9tait ... Read More\" \/>\n<meta property=\"og:url\" content=\"https:\/\/vincentians.com\/fr\/soeur-giuseppina-nicoli\/\" \/>\n<meta property=\"og:site_name\" content=\"Nous Sommes Vincentiens\" \/>\n<meta property=\"article:publisher\" content=\"https:\/\/www.facebook.com\/WeAreVincentians\/\" \/>\n<meta property=\"article:author\" content=\"https:\/\/www.facebook.com\/JavierChento\" \/>\n<meta property=\"article:published_time\" content=\"2013-07-01T14:55:31+00:00\" \/>\n<meta name=\"author\" content=\"Francisco Javier Fern\u00e1ndez Chento\" \/>\n<meta name=\"twitter:card\" content=\"summary_large_image\" \/>\n<meta name=\"twitter:creator\" content=\"@https:\/\/twitter.com\/javierchento\" \/>\n<meta name=\"twitter:site\" content=\"@WeVincentians\" \/>\n<meta name=\"twitter:label1\" content=\"\u00c9crit par\" \/>\n\t<meta name=\"twitter:data1\" content=\"Francisco Javier Fern\u00e1ndez Chento\" \/>\n\t<meta name=\"twitter:label2\" content=\"Dur\u00e9e de lecture estim\u00e9e\" \/>\n\t<meta name=\"twitter:data2\" content=\"12 minutes\" \/>\n<script type=\"application\/ld+json\" class=\"yoast-schema-graph\">{\"@context\":\"https:\/\/schema.org\",\"@graph\":[{\"@type\":\"WebPage\",\"@id\":\"https:\/\/vincentians.com\/fr\/soeur-giuseppina-nicoli\/\",\"url\":\"https:\/\/vincentians.com\/fr\/soeur-giuseppina-nicoli\/\",\"name\":\"Soeur Giuseppina Nicoli - Nous Sommes Vincentiens\",\"isPartOf\":{\"@id\":\"https:\/\/vincentians.com\/fr\/#website\"},\"datePublished\":\"2013-07-01T14:55:31+00:00\",\"author\":{\"@id\":\"https:\/\/vincentians.com\/fr\/#\/schema\/person\/9623ef4d9aa3b2dfb8c061f1499288f2\"},\"breadcrumb\":{\"@id\":\"https:\/\/vincentians.com\/fr\/soeur-giuseppina-nicoli\/#breadcrumb\"},\"inLanguage\":\"fr-FR\",\"potentialAction\":[{\"@type\":\"ReadAction\",\"target\":[\"https:\/\/vincentians.com\/fr\/soeur-giuseppina-nicoli\/\"]}]},{\"@type\":\"BreadcrumbList\",\"@id\":\"https:\/\/vincentians.com\/fr\/soeur-giuseppina-nicoli\/#breadcrumb\",\"itemListElement\":[{\"@type\":\"ListItem\",\"position\":1,\"name\":\"Portada\",\"item\":\"https:\/\/vincentians.com\/fr\/\"},{\"@type\":\"ListItem\",\"position\":2,\"name\":\"Soeur Giuseppina Nicoli\"}]},{\"@type\":\"WebSite\",\"@id\":\"https:\/\/vincentians.com\/fr\/#website\",\"url\":\"https:\/\/vincentians.com\/fr\/\",\"name\":\"Nous Sommes Vincentiens\",\"description\":\"Know more to serve more\",\"potentialAction\":[{\"@type\":\"SearchAction\",\"target\":{\"@type\":\"EntryPoint\",\"urlTemplate\":\"https:\/\/vincentians.com\/fr\/?s={search_term_string}\"},\"query-input\":{\"@type\":\"PropertyValueSpecification\",\"valueRequired\":true,\"valueName\":\"search_term_string\"}}],\"inLanguage\":\"fr-FR\"},{\"@type\":\"Person\",\"@id\":\"https:\/\/vincentians.com\/fr\/#\/schema\/person\/9623ef4d9aa3b2dfb8c061f1499288f2\",\"name\":\"Francisco Javier Fern\u00e1ndez Chento\",\"image\":{\"@type\":\"ImageObject\",\"inLanguage\":\"fr-FR\",\"@id\":\"https:\/\/vincentians.com\/fr\/#\/schema\/person\/image\/\",\"url\":\"https:\/\/secure.gravatar.com\/avatar\/497d5cde87b4c3d097d0315953521681ba2cd523ee66e5077c3711f7021e65de?s=96&d=mm&r=g\",\"contentUrl\":\"https:\/\/secure.gravatar.com\/avatar\/497d5cde87b4c3d097d0315953521681ba2cd523ee66e5077c3711f7021e65de?s=96&d=mm&r=g\",\"caption\":\"Francisco Javier Fern\u00e1ndez Chento\"},\"description\":\"Director General y cofundador de La Red de Formaci\u00f3n Vicenciana. Javier es laico vicenciano, afiliado a la Congregaci\u00f3n de la Misi\u00f3n y miembro del Equipo de Misiones Populares de la provincia can\u00f3nica de Zaragoza (Espa\u00f1a) de la Congregaci\u00f3n de la Misi\u00f3n. Graduado en la Universidad Oberta de Catalunya con cuatro grados (Asistente de direcci\u00f3n, Gesti\u00f3n Administrativa, Recursos Humanos y Contabilidad Avanzada). Bil\u00edng\u00fce Espa\u00f1ol\/Ingl\u00e9s. gestiona y mantiene varias p\u00e1ginas web cristianas y vicencianas, incluida including La Red de Formaci\u00f3n Vicenciana, de la que es cofundador. Actualmente es responsable del \u00e1rea de Espa\u00f1ol de .famvin, la Red de Noticias de la Familia Vicenciana. Tambi\u00e9n es m\u00fasico cat\u00f3lico y ha editado varios discos. Es Director General y cofundador de Trovador, una reconocida compa\u00f1\u00eda discogr\u00e1fica critiana de Espa\u00f1a. Trabaja en las Tecnolog\u00edas de la Informaci\u00f3n, ofreciendo servicios de alojamiento, dise\u00f1o y mantenimiento Web, as\u00ed como asesoramiento, formaci\u00f3n y soluciones inform\u00e1ticas, gesti\u00f3n documental y digitalizaci\u00f3n de textos, edici\u00f3n y maquetaci\u00f3n de libros, revistas, flyers, etc.\",\"sameAs\":[\"http:\/\/chento.org\",\"https:\/\/www.facebook.com\/JavierChento\",\"https:\/\/x.com\/https:\/\/twitter.com\/javierchento\"],\"url\":\"https:\/\/vincentians.com\/fr\/author\/chento\/\"}]}<\/script>\n<!-- \/ Yoast SEO plugin. -->","yoast_head_json":{"title":"Soeur Giuseppina Nicoli - Nous Sommes Vincentiens","robots":{"index":"index","follow":"follow","max-snippet":"max-snippet:-1","max-image-preview":"max-image-preview:large","max-video-preview":"max-video-preview:-1"},"canonical":"https:\/\/vincentians.com\/fr\/soeur-giuseppina-nicoli\/","og_locale":"fr_FR","og_type":"article","og_title":"Soeur Giuseppina Nicoli - Nous Sommes Vincentiens","og_description":"La Soeur des \u00abGamins aux paniers\u00bb (1863-1924) Soeur Giuseppina Nicoli d\u00e9barqua \u00e0 Cagliari le 1er Janvier 1885, elle avait \u00e0 peine 21 ans. Dans le bref cycle d&rsquo;une ann\u00e9e elle avait laiss\u00e9 s famille, \u00e9tait ... Read More","og_url":"https:\/\/vincentians.com\/fr\/soeur-giuseppina-nicoli\/","og_site_name":"Nous Sommes Vincentiens","article_publisher":"https:\/\/www.facebook.com\/WeAreVincentians\/","article_author":"https:\/\/www.facebook.com\/JavierChento","article_published_time":"2013-07-01T14:55:31+00:00","author":"Francisco Javier Fern\u00e1ndez Chento","twitter_card":"summary_large_image","twitter_creator":"@https:\/\/twitter.com\/javierchento","twitter_site":"@WeVincentians","twitter_misc":{"\u00c9crit par":"Francisco Javier Fern\u00e1ndez Chento","Dur\u00e9e de lecture estim\u00e9e":"12 minutes"},"schema":{"@context":"https:\/\/schema.org","@graph":[{"@type":"WebPage","@id":"https:\/\/vincentians.com\/fr\/soeur-giuseppina-nicoli\/","url":"https:\/\/vincentians.com\/fr\/soeur-giuseppina-nicoli\/","name":"Soeur Giuseppina Nicoli - Nous Sommes Vincentiens","isPartOf":{"@id":"https:\/\/vincentians.com\/fr\/#website"},"datePublished":"2013-07-01T14:55:31+00:00","author":{"@id":"https:\/\/vincentians.com\/fr\/#\/schema\/person\/9623ef4d9aa3b2dfb8c061f1499288f2"},"breadcrumb":{"@id":"https:\/\/vincentians.com\/fr\/soeur-giuseppina-nicoli\/#breadcrumb"},"inLanguage":"fr-FR","potentialAction":[{"@type":"ReadAction","target":["https:\/\/vincentians.com\/fr\/soeur-giuseppina-nicoli\/"]}]},{"@type":"BreadcrumbList","@id":"https:\/\/vincentians.com\/fr\/soeur-giuseppina-nicoli\/#breadcrumb","itemListElement":[{"@type":"ListItem","position":1,"name":"Portada","item":"https:\/\/vincentians.com\/fr\/"},{"@type":"ListItem","position":2,"name":"Soeur Giuseppina Nicoli"}]},{"@type":"WebSite","@id":"https:\/\/vincentians.com\/fr\/#website","url":"https:\/\/vincentians.com\/fr\/","name":"Nous Sommes Vincentiens","description":"Know more to serve more","potentialAction":[{"@type":"SearchAction","target":{"@type":"EntryPoint","urlTemplate":"https:\/\/vincentians.com\/fr\/?s={search_term_string}"},"query-input":{"@type":"PropertyValueSpecification","valueRequired":true,"valueName":"search_term_string"}}],"inLanguage":"fr-FR"},{"@type":"Person","@id":"https:\/\/vincentians.com\/fr\/#\/schema\/person\/9623ef4d9aa3b2dfb8c061f1499288f2","name":"Francisco Javier Fern\u00e1ndez Chento","image":{"@type":"ImageObject","inLanguage":"fr-FR","@id":"https:\/\/vincentians.com\/fr\/#\/schema\/person\/image\/","url":"https:\/\/secure.gravatar.com\/avatar\/497d5cde87b4c3d097d0315953521681ba2cd523ee66e5077c3711f7021e65de?s=96&d=mm&r=g","contentUrl":"https:\/\/secure.gravatar.com\/avatar\/497d5cde87b4c3d097d0315953521681ba2cd523ee66e5077c3711f7021e65de?s=96&d=mm&r=g","caption":"Francisco Javier Fern\u00e1ndez Chento"},"description":"Director General y cofundador de La Red de Formaci\u00f3n Vicenciana. Javier es laico vicenciano, afiliado a la Congregaci\u00f3n de la Misi\u00f3n y miembro del Equipo de Misiones Populares de la provincia can\u00f3nica de Zaragoza (Espa\u00f1a) de la Congregaci\u00f3n de la Misi\u00f3n. Graduado en la Universidad Oberta de Catalunya con cuatro grados (Asistente de direcci\u00f3n, Gesti\u00f3n Administrativa, Recursos Humanos y Contabilidad Avanzada). Bil\u00edng\u00fce Espa\u00f1ol\/Ingl\u00e9s. gestiona y mantiene varias p\u00e1ginas web cristianas y vicencianas, incluida including La Red de Formaci\u00f3n Vicenciana, de la que es cofundador. Actualmente es responsable del \u00e1rea de Espa\u00f1ol de .famvin, la Red de Noticias de la Familia Vicenciana. Tambi\u00e9n es m\u00fasico cat\u00f3lico y ha editado varios discos. Es Director General y cofundador de Trovador, una reconocida compa\u00f1\u00eda discogr\u00e1fica critiana de Espa\u00f1a. Trabaja en las Tecnolog\u00edas de la Informaci\u00f3n, ofreciendo servicios de alojamiento, dise\u00f1o y mantenimiento Web, as\u00ed como asesoramiento, formaci\u00f3n y soluciones inform\u00e1ticas, gesti\u00f3n documental y digitalizaci\u00f3n de textos, edici\u00f3n y maquetaci\u00f3n de libros, revistas, flyers, etc.","sameAs":["http:\/\/chento.org","https:\/\/www.facebook.com\/JavierChento","https:\/\/x.com\/https:\/\/twitter.com\/javierchento"],"url":"https:\/\/vincentians.com\/fr\/author\/chento\/"}]}},"jetpack_publicize_connections":[],"jetpack_featured_media_url":"","jetpack_sharing_enabled":true,"jetpack_shortlink":"https:\/\/wp.me\/p7ETMP-rHC","jetpack-related-posts":[{"id":104144,"url":"https:\/\/vincentians.com\/fr\/ephemerides-29-novembre\/","url_meta":{"origin":106492,"position":0},"title":"Eph\u00e9m\u00e9rides: 29 novembre","author":"Francisco Javier Fern\u00e1ndez Chento","date":"29\/11\/2016","format":false,"excerpt":"1633. \u00c0 Paris, en la maison de Mlle Le Gras, proche Saint-Nicolas du Chardonnet \u2014 rue des Foss\u00e9s-Saint-Victor \u2014 trois ou quatre filles s\u2019assemblent pour apprendre \u00e0 servir les pauvres\u2026 C\u2019est une consid\u00e9ration d\u2019utilit\u00e9 pratique qui est \u00e0 l\u2019origine de ce petit fait\u00a0: les d\u00e9tails concrets et peu rago\u00fbtants de\u2026","rel":"","context":"Dans &quot;\u00c9ph\u00e9m\u00e9rides vincentiens&quot;","block_context":{"text":"\u00c9ph\u00e9m\u00e9rides vincentiens","link":"https:\/\/vincentians.com\/fr\/category\/ephemerides-vincentiens\/"},"img":{"alt_text":"","src":"https:\/\/i0.wp.com\/vincentians.com\/fr\/wp-content\/uploads\/sites\/10\/2016\/07\/ephemerides-fb.jpg?fit=1200%2C630&ssl=1&resize=350%2C200","width":350,"height":200,"srcset":"https:\/\/i0.wp.com\/vincentians.com\/fr\/wp-content\/uploads\/sites\/10\/2016\/07\/ephemerides-fb.jpg?fit=1200%2C630&ssl=1&resize=350%2C200 1x, https:\/\/i0.wp.com\/vincentians.com\/fr\/wp-content\/uploads\/sites\/10\/2016\/07\/ephemerides-fb.jpg?fit=1200%2C630&ssl=1&resize=525%2C300 1.5x, https:\/\/i0.wp.com\/vincentians.com\/fr\/wp-content\/uploads\/sites\/10\/2016\/07\/ephemerides-fb.jpg?fit=1200%2C630&ssl=1&resize=700%2C400 2x, https:\/\/i0.wp.com\/vincentians.com\/fr\/wp-content\/uploads\/sites\/10\/2016\/07\/ephemerides-fb.jpg?fit=1200%2C630&ssl=1&resize=1050%2C600 3x"},"classes":[]},{"id":52038,"url":"https:\/\/vincentians.com\/fr\/saint-vincent-de-paul-et-sa-mission-sociale-ii-les-oeuvres-3\/","url_meta":{"origin":106492,"position":1},"title":"Saint Vincent De Paul Et Sa Mission Sociale. II &#8211; Les \u0152uvres (3)","author":"Francisco Javier Fern\u00e1ndez Chento","date":"23\/12\/2014","format":false,"excerpt":"LA S\u0152UR DE CHARIT\u00c9. \u2014 Mademoiselle Le Gras et Vincent de Paul. \u2014 Premiers rapports ; premi\u00e8res \u0153uvres. \u2014 Institution des Filles de la Charit\u00e9, servantes des pauvres. \u2014 Une nouvelle religieuse. \u2014 Conf\u00e9rences. \u2014 R\u00e8gles. \u2014 L\u2019H\u00f4tel de Rambouillet et l\u2019H\u00f4tel-Dieu. \u2014 Les Dames de la Charit\u00e9. Madame Goussault.\u2026","rel":"","context":"Dans &quot;Vincent de Paul&quot;","block_context":{"text":"Vincent de Paul","link":"https:\/\/vincentians.com\/fr\/category\/the-vincentian-family\/founders\/vincent-de-paul\/"},"img":{"alt_text":"","src":"https:\/\/i0.wp.com\/vincentians.com\/fr\/wp-content\/uploads\/sites\/10\/2016\/07\/vincent-et-sa-action-sociale.jpg?fit=1160%2C630&ssl=1&resize=350%2C200","width":350,"height":200,"srcset":"https:\/\/i0.wp.com\/vincentians.com\/fr\/wp-content\/uploads\/sites\/10\/2016\/07\/vincent-et-sa-action-sociale.jpg?fit=1160%2C630&ssl=1&resize=350%2C200 1x, https:\/\/i0.wp.com\/vincentians.com\/fr\/wp-content\/uploads\/sites\/10\/2016\/07\/vincent-et-sa-action-sociale.jpg?fit=1160%2C630&ssl=1&resize=525%2C300 1.5x, https:\/\/i0.wp.com\/vincentians.com\/fr\/wp-content\/uploads\/sites\/10\/2016\/07\/vincent-et-sa-action-sociale.jpg?fit=1160%2C630&ssl=1&resize=700%2C400 2x, https:\/\/i0.wp.com\/vincentians.com\/fr\/wp-content\/uploads\/sites\/10\/2016\/07\/vincent-et-sa-action-sociale.jpg?fit=1160%2C630&ssl=1&resize=1050%2C600 3x"},"classes":[]},{"id":52072,"url":"https:\/\/vincentians.com\/fr\/saint-vincent-de-paul-et-sa-mission-sociale-vi-la-posterite-3\/","url_meta":{"origin":106492,"position":2},"title":"Saint Vincent De Paul Et Sa Mission Sociale. VI &#8211; La Post\u00e9rit\u00e9 (3)","author":"Francisco Javier Fern\u00e1ndez Chento","date":"01\/01\/2015","format":false,"excerpt":"LA RESTAURATION. \u2014 R\u00e9sultats de la R\u00e9volution. \u2014 Le retour des Filles de la Charit\u00e9. \u2014 R\u00e9tablissement de la Congr\u00e9gation de la Mission. \u2014 \u00c9preuves et progr\u00e8s. \u2014 La translation du corps de saint Vincent de Paul. \u2014 Une \u00e8re nouvelle de charit\u00e9. \u2014 La Soci\u00e9t\u00e9 de Saint-Vincent-de-Paul. \u2014 \u0152uvres\u2026","rel":"","context":"Dans &quot;Vincent de Paul&quot;","block_context":{"text":"Vincent de Paul","link":"https:\/\/vincentians.com\/fr\/category\/the-vincentian-family\/founders\/vincent-de-paul\/"},"img":{"alt_text":"","src":"https:\/\/i0.wp.com\/vincentians.com\/fr\/wp-content\/uploads\/sites\/10\/2016\/07\/vincent-et-sa-action-sociale.jpg?fit=1160%2C630&ssl=1&resize=350%2C200","width":350,"height":200,"srcset":"https:\/\/i0.wp.com\/vincentians.com\/fr\/wp-content\/uploads\/sites\/10\/2016\/07\/vincent-et-sa-action-sociale.jpg?fit=1160%2C630&ssl=1&resize=350%2C200 1x, https:\/\/i0.wp.com\/vincentians.com\/fr\/wp-content\/uploads\/sites\/10\/2016\/07\/vincent-et-sa-action-sociale.jpg?fit=1160%2C630&ssl=1&resize=525%2C300 1.5x, https:\/\/i0.wp.com\/vincentians.com\/fr\/wp-content\/uploads\/sites\/10\/2016\/07\/vincent-et-sa-action-sociale.jpg?fit=1160%2C630&ssl=1&resize=700%2C400 2x, https:\/\/i0.wp.com\/vincentians.com\/fr\/wp-content\/uploads\/sites\/10\/2016\/07\/vincent-et-sa-action-sociale.jpg?fit=1160%2C630&ssl=1&resize=1050%2C600 3x"},"classes":[]},{"id":180851,"url":"https:\/\/vincentians.com\/fr\/ephemerides-28-fevrier\/","url_meta":{"origin":106492,"position":3},"title":"Eph\u00e9m\u00e9rides: 28 f\u00e9vrier","author":"Francisco Javier Fern\u00e1ndez Chento","date":"28\/02\/2017","format":false,"excerpt":"En 1608 , de Rome \u00abo\u00f9 il \u00e9tait vraisemblablement arriv\u00e9 dans le courant de l'ann\u00e9e pr\u00e9c\u00e9dente\u00bb, saint Vincent \u00e9crit \u00e0 M. de Comet, son bienfaiteur, sa deuxi\u00e8me lettre. Il y d\u00e9clare que \u00abMgr le vice-l\u00e9gat qui \u00e9tait d'Avignon\u00bb ne veut plus se s\u00e9parer de lui, \u00e0 cause \u00abde forces belles\u2026","rel":"","context":"Dans &quot;\u00c9ph\u00e9m\u00e9rides vincentiens&quot;","block_context":{"text":"\u00c9ph\u00e9m\u00e9rides vincentiens","link":"https:\/\/vincentians.com\/fr\/category\/ephemerides-vincentiens\/"},"img":{"alt_text":"","src":"https:\/\/i0.wp.com\/vincentians.com\/fr\/wp-content\/uploads\/sites\/10\/2016\/07\/ephemerides-fb.jpg?fit=1200%2C630&ssl=1&resize=350%2C200","width":350,"height":200,"srcset":"https:\/\/i0.wp.com\/vincentians.com\/fr\/wp-content\/uploads\/sites\/10\/2016\/07\/ephemerides-fb.jpg?fit=1200%2C630&ssl=1&resize=350%2C200 1x, https:\/\/i0.wp.com\/vincentians.com\/fr\/wp-content\/uploads\/sites\/10\/2016\/07\/ephemerides-fb.jpg?fit=1200%2C630&ssl=1&resize=525%2C300 1.5x, https:\/\/i0.wp.com\/vincentians.com\/fr\/wp-content\/uploads\/sites\/10\/2016\/07\/ephemerides-fb.jpg?fit=1200%2C630&ssl=1&resize=700%2C400 2x, https:\/\/i0.wp.com\/vincentians.com\/fr\/wp-content\/uploads\/sites\/10\/2016\/07\/ephemerides-fb.jpg?fit=1200%2C630&ssl=1&resize=1050%2C600 3x"},"classes":[]},{"id":190164,"url":"https:\/\/vincentians.com\/fr\/ephemerides-07-septembre\/","url_meta":{"origin":106492,"position":4},"title":"Eph\u00e9m\u00e9rides : 07 septembre","author":"Francisco Javier Fern\u00e1ndez Chento","date":"07\/09\/2016","format":false,"excerpt":"1652. \u00c0 Paris, pour la premi\u00e8re fois, les Filles de la Charit\u00e9 se disposent a franchir les fronti\u00e8res de la France\u00a0: Monsieur Vincent, en effet, r\u00e9pond au d\u00e9sir de Louise-Marie de Gonzague, Reine de Pologne, et lui envoie trois S\u0153urs\u00a0: Marguerite Moreau, Madeleine Drugeon et Fran\u00e7oise Douelle. Apr\u00e8s \u00eatre pass\u00e9es\u2026","rel":"","context":"Dans &quot;\u00c9ph\u00e9m\u00e9rides vincentiens&quot;","block_context":{"text":"\u00c9ph\u00e9m\u00e9rides vincentiens","link":"https:\/\/vincentians.com\/fr\/category\/ephemerides-vincentiens\/"},"img":{"alt_text":"","src":"https:\/\/i0.wp.com\/vincentians.com\/fr\/wp-content\/uploads\/sites\/10\/2016\/07\/ephemerides-fb.jpg?fit=1200%2C630&ssl=1&resize=350%2C200","width":350,"height":200,"srcset":"https:\/\/i0.wp.com\/vincentians.com\/fr\/wp-content\/uploads\/sites\/10\/2016\/07\/ephemerides-fb.jpg?fit=1200%2C630&ssl=1&resize=350%2C200 1x, https:\/\/i0.wp.com\/vincentians.com\/fr\/wp-content\/uploads\/sites\/10\/2016\/07\/ephemerides-fb.jpg?fit=1200%2C630&ssl=1&resize=525%2C300 1.5x, https:\/\/i0.wp.com\/vincentians.com\/fr\/wp-content\/uploads\/sites\/10\/2016\/07\/ephemerides-fb.jpg?fit=1200%2C630&ssl=1&resize=700%2C400 2x, https:\/\/i0.wp.com\/vincentians.com\/fr\/wp-content\/uploads\/sites\/10\/2016\/07\/ephemerides-fb.jpg?fit=1200%2C630&ssl=1&resize=1050%2C600 3x"},"classes":[]},{"id":190379,"url":"https:\/\/vincentians.com\/fr\/ephemerides-09-mai\/","url_meta":{"origin":106492,"position":5},"title":"Eph\u00e9m\u00e9rides : 09 mai","author":"Francisco Javier Fern\u00e1ndez Chento","date":"09\/05\/2017","format":false,"excerpt":"1628. \u00c0 Paris, l'archev\u00eaque, Jean-Fran\u00e7ois de Gondi, renouvelle \u00e0 Monsieur Vincent ses pouvoirs de sup\u00e9rieur du monast\u00e8re de la Visitation (1). 1635. \u00c0 Monceaux, dans le dioc\u00e8se de Sens, naissance de Nicolas Pierron, qui sera le quatri\u00e8me sup\u00e9rieur g\u00e9n\u00e9ral de la Mission (2). 1641. Sainte Louise \u00e9crit \u00e0 \u201cM. des\u2026","rel":"","context":"Dans &quot;\u00c9ph\u00e9m\u00e9rides vincentiens&quot;","block_context":{"text":"\u00c9ph\u00e9m\u00e9rides vincentiens","link":"https:\/\/vincentians.com\/fr\/category\/ephemerides-vincentiens\/"},"img":{"alt_text":"","src":"https:\/\/i0.wp.com\/vincentians.com\/fr\/wp-content\/uploads\/sites\/10\/2016\/07\/ephemerides-fb.jpg?fit=1200%2C630&ssl=1&resize=350%2C200","width":350,"height":200,"srcset":"https:\/\/i0.wp.com\/vincentians.com\/fr\/wp-content\/uploads\/sites\/10\/2016\/07\/ephemerides-fb.jpg?fit=1200%2C630&ssl=1&resize=350%2C200 1x, https:\/\/i0.wp.com\/vincentians.com\/fr\/wp-content\/uploads\/sites\/10\/2016\/07\/ephemerides-fb.jpg?fit=1200%2C630&ssl=1&resize=525%2C300 1.5x, https:\/\/i0.wp.com\/vincentians.com\/fr\/wp-content\/uploads\/sites\/10\/2016\/07\/ephemerides-fb.jpg?fit=1200%2C630&ssl=1&resize=700%2C400 2x, https:\/\/i0.wp.com\/vincentians.com\/fr\/wp-content\/uploads\/sites\/10\/2016\/07\/ephemerides-fb.jpg?fit=1200%2C630&ssl=1&resize=1050%2C600 3x"},"classes":[]}],"_links":{"self":[{"href":"https:\/\/vincentians.com\/fr\/wp-json\/wp\/v2\/posts\/106492","targetHints":{"allow":["GET"]}}],"collection":[{"href":"https:\/\/vincentians.com\/fr\/wp-json\/wp\/v2\/posts"}],"about":[{"href":"https:\/\/vincentians.com\/fr\/wp-json\/wp\/v2\/types\/post"}],"author":[{"embeddable":true,"href":"https:\/\/vincentians.com\/fr\/wp-json\/wp\/v2\/users\/4"}],"replies":[{"embeddable":true,"href":"https:\/\/vincentians.com\/fr\/wp-json\/wp\/v2\/comments?post=106492"}],"version-history":[{"count":0,"href":"https:\/\/vincentians.com\/fr\/wp-json\/wp\/v2\/posts\/106492\/revisions"}],"wp:attachment":[{"href":"https:\/\/vincentians.com\/fr\/wp-json\/wp\/v2\/media?parent=106492"}],"wp:term":[{"taxonomy":"category","embeddable":true,"href":"https:\/\/vincentians.com\/fr\/wp-json\/wp\/v2\/categories?post=106492"},{"taxonomy":"post_tag","embeddable":true,"href":"https:\/\/vincentians.com\/fr\/wp-json\/wp\/v2\/tags?post=106492"}],"curies":[{"name":"wp","href":"https:\/\/api.w.org\/{rel}","templated":true}]}}