{"id":106467,"date":"2017-05-29T00:01:17","date_gmt":"2017-05-28T22:01:17","guid":{"rendered":"http:\/\/vincentiens.org\/?p=106467"},"modified":"2017-05-29T00:01:17","modified_gmt":"2017-05-28T22:01:17","slug":"ephemerides-29-mai","status":"publish","type":"post","link":"https:\/\/vincentians.com\/fr\/ephemerides-29-mai\/","title":{"rendered":"Eph\u00e9m\u00e9rides: 29 mai"},"content":{"rendered":"<p align=\"justify\"><strong>En 1647, s<\/strong>aint Vincent d\u00e9clare \u00e0 nos Premi\u00e8res S\u0153urs\u00a0: \u201cII ne faut pas de retardement en ce qui concerne le Service des Pauvres\u2026 \u201cVous quittez l\u2019oraison ou la lecture ou vous perdez le silence pour assister un pauvre, oh\u00a0! sachez mes filles, que faire tout cela c\u2019est Le servir.\u2026 \u201cQuelle consolation a une bonne Fille de la Charit\u00e9 de penser\u00a0: \u201cJe vais assister mes pauvres malades, mais Dieu agr\u00e9era cela au lieu de l\u2019Oraison que je devrais faire \u00e0 pr\u00e9sent\u201d et de s\u2019en aller gaiement o\u00f9 Dieu l\u2019appelle.\u201d(R)<\/p>\n<p align=\"justify\"><strong>En 1651<\/strong>, \u00e0 <em>Fort-Dauphin,<\/em> Charles Nacquart, \u00e9puis\u00e9 par ses dix-sept mois d&rsquo;apostolat dans le sud de la grande \u00eele, meurt, sans l&rsquo;assistance d&rsquo;un pr\u00eatre, Nicolas Gondr\u00e9e l&rsquo;ayant pr\u00e9c\u00e9d\u00e9 dans la mort. Aux quelques colons qui l&rsquo;entourent en ses derniers instants, Charles Nacquart fait d&rsquo;ultimes recommandations et demande \u00e0 \u00eatre enterr\u00e9 sur le terrain destin\u00e9 \u00e0 l&rsquo;\u00e9glise dont il avait pos\u00e9 la premi\u00e8re pierre le 2 f\u00e9vrier pr\u00e9c\u00e9dent. Malgr\u00e9 la bri\u00e8vet\u00e9 de son minist\u00e8re, Charles Nacquart avait r\u00e9ussi \u00e0 baptiser soixante-dix-sept Malgaches et \u00e0 convertir plusieurs protestants; il avait ainsi pr\u00e9par\u00e9 ses premiers membres \u00e0 l&rsquo;\u00c9glise dont l&rsquo;\u00e9dification demandera encore \u00e0 saint Vincent le sacrifice de tant de ses fils (1).<\/p>\n<p align=\"justify\"><strong>En 1658, <\/strong>Saint Vincent parle de la condescendance et du support mutuel\u00a0: \u201cSi Dieu vous fait la gr\u00e2ce de vous supporter l\u2019une l\u2019autre, ce sera un paradis commenc\u00e9\u2026 Supporter et condescendre, c\u2019est un paradis sur terre\u201d.(R)<\/p>\n<p align=\"justify\"><strong>En 1950<\/strong>, \u00e0 <em>Lille<\/em>, au s\u00e9minaire acad\u00e9mique, mort de M. Fran\u00e7ois Agnius. Le 19 f\u00e9vrier 1872, \u00e0 <em>Haubourdin<\/em>, il entrait dans une famille chr\u00e9tienne sur laquelle, \u00e0 quatre reprises, le Ma\u00eetre de la Moisson allait jeter son appel \u00e0 un plus haut service. Trois de ses fr\u00e8res seront pr\u00eatres : Maurice, le Lazariste, qui mourra \u00e0 <em>Beyrouth<\/em>, Edouard qui entrera aux <em>Missions<\/em><em>Etrang\u00e8res<\/em> et sera massacr\u00e9 en <em>Mandchourie<\/em> en 1900 ; Paul qui restera au dioc\u00e8se et quittera le minist\u00e8re actif en 1950. De tous ces \u00e9lus, Fran\u00e7ois est le deuxi\u00e8me. Aux s\u00e9minaires de <em>Solesmes <\/em>et de <em>Cambrai<\/em>, il est form\u00e9 par M. Sudre et par M. Villette, avant d&rsquo;entrer en la Compagnie en 1894. L\u00e0, Fran\u00e7ois Agnius retrouve son fr\u00e8re Maurice, mais aussi son cousin, Henri Turbelin que le bon Dieu allait rappeler \u00e0 Lui, le 8 mai 1895. Ordonn\u00e9 pr\u00eatre, le 4 juin 1898, Fran\u00e7ois Agnius inaugure, \u00e0 l&rsquo;Ecole apostolique de <em>Loos<\/em> sa fonction de formateur de futurs pr\u00eatres, fonction qui, de <em>Loos<\/em>, le conduira \u00e0<em> Ingelmunster<\/em> dont il sera le sup\u00e9rieur aim\u00e9, pendant quatorze ans. De l\u00e0, il ira remplir le m\u00eame r\u00f4le \u00e0 <em>Beaupr\u00e9au<\/em> jusqu&rsquo;en 1930 o\u00f9 il revient gouverner l&rsquo;\u00e9cole de <em>Loos<\/em> pendant trois ans. Alors, fatigu\u00e9 par l&rsquo;\u00e2ge, il va, jusqu&rsquo;\u00e0 sa mort, collaborer \u00e0 la direction spirituelle des abb\u00e9s du s\u00e9minaire acad\u00e9mique de <em>Lille<\/em>. Ame chantante qui savait, aux jours des f\u00eates de famille, s&rsquo;exprimer en des vers joliment tourn\u00e9s, M. Fran\u00e7ois Agnius a apport\u00e9 au travail de la formation sacerdotale, pendant cinquante-deux ans, toute la force de son \u00e2me et toute la tendresse de son grand c\u0153ur (2).<\/p>\n<p align=\"justify\"><strong>En 1952<\/strong>, \u00e0 <em>Hangchow<\/em>, le gouvernement militaire prononce contre l&rsquo;archev\u00eaque, Mgr Deymier, une sentence de bannissement perp\u00e9tuel. Les crimes qui, parmi beaucoup d&rsquo;autres, sont reproch\u00e9s \u00e0 l&rsquo;accus\u00e9, sont d&rsquo;avoir \u00ab institu\u00e9 la soci\u00e9t\u00e9 r\u00e9actionnaire de la <em>L\u00e9gion de Marie<\/em>\u00bb, d&rsquo;avoir publi\u00e9 des 7 mandements r\u00e9actionnaires \u00bb et d&rsquo;avoir \u00ab cach\u00e9 un pr\u00eatre contre-r\u00e9volutionnaire \u00bb (3).<\/p>\n<p>&#8212;&#8212;&#8212;&#8212;&#8212;&#8212;&#8212;&#8212;&#8212;&#8212;&#8212;&#8212;&#8212;&#8212;&#8212;&#8212;&#8212;&#8212;&#8212;&#8212;&#8212;&#8212;&#8212;&#8212;&#8212;&#8212;&#8212;&#8212;&#8212;&#8212;&#8212;&#8212;&#8212;&#8212;&#8212;-<\/p>\n<p>(1) <em>Notices<\/em>, III, pp. 93-110.<br \/>\n(2) <em>Annales,<\/em> t. 117, pp. 420-440.<br \/>\n(3) <em>Annales<\/em>, t. 117, p. 462.<\/p>\n","protected":false},"excerpt":{"rendered":"<p>En 1647, saint Vincent d\u00e9clare \u00e0 nos Premi\u00e8res S\u0153urs\u00a0: \u201cII ne faut pas de retardement en ce qui concerne le Service des Pauvres\u2026 \u201cVous quittez l\u2019oraison ou la lecture ou vous perdez le silence pour &#8230; <a href=\"https:\/\/vincentians.com\/fr\/ephemerides-29-mai\/\" class=\"more-link\">Read More<\/a><\/p>\n","protected":false},"author":4,"featured_media":149897,"comment_status":"open","ping_status":"open","sticky":false,"template":"","format":"standard","meta":{"jetpack_post_was_ever_published":false,"_jetpack_newsletter_access":"","_jetpack_dont_email_post_to_subs":false,"_jetpack_newsletter_tier_id":0,"_jetpack_memberships_contains_paywalled_content":false,"_jetpack_memberships_contains_paid_content":false,"footnotes":"","jetpack_publicize_message":"","jetpack_publicize_feature_enabled":true,"jetpack_social_post_already_shared":true,"jetpack_social_options":{"image_generator_settings":{"template":"highway","default_image_id":0,"font":"","enabled":false},"version":2}},"categories":[119],"tags":[],"class_list":["post-106467","post","type-post","status-publish","format-standard","has-post-thumbnail","hentry","category-ephemerides-vincentiens"],"yoast_head":"<!-- This site is optimized with the Yoast SEO plugin v26.3 - https:\/\/yoast.com\/wordpress\/plugins\/seo\/ -->\n<title>Eph\u00e9m\u00e9rides: 29 mai - Nous Sommes Vincentiens<\/title>\n<meta name=\"robots\" content=\"index, follow, max-snippet:-1, max-image-preview:large, max-video-preview:-1\" \/>\n<link rel=\"canonical\" href=\"https:\/\/vincentians.com\/fr\/ephemerides-29-mai\/\" \/>\n<meta property=\"og:locale\" content=\"fr_FR\" \/>\n<meta property=\"og:type\" content=\"article\" \/>\n<meta property=\"og:title\" content=\"Eph\u00e9m\u00e9rides: 29 mai - Nous Sommes Vincentiens\" \/>\n<meta property=\"og:description\" content=\"En 1647, saint Vincent d\u00e9clare \u00e0 nos Premi\u00e8res S\u0153urs\u00a0: \u201cII ne faut pas de retardement en ce qui concerne le Service des Pauvres\u2026 \u201cVous quittez l\u2019oraison ou la lecture ou vous perdez le silence pour ... Read More\" \/>\n<meta property=\"og:url\" content=\"https:\/\/vincentians.com\/fr\/ephemerides-29-mai\/\" \/>\n<meta property=\"og:site_name\" content=\"Nous Sommes Vincentiens\" \/>\n<meta property=\"article:publisher\" content=\"https:\/\/www.facebook.com\/WeAreVincentians\/\" \/>\n<meta property=\"article:author\" content=\"https:\/\/www.facebook.com\/JavierChento\" \/>\n<meta property=\"article:published_time\" content=\"2017-05-28T22:01:17+00:00\" \/>\n<meta property=\"og:image\" content=\"https:\/\/i0.wp.com\/vincentians.com\/fr\/wp-content\/uploads\/sites\/10\/2016\/07\/ephemerides-fb.jpg?fit=1200%2C630&ssl=1\" \/>\n\t<meta property=\"og:image:width\" content=\"1200\" \/>\n\t<meta property=\"og:image:height\" content=\"630\" \/>\n\t<meta property=\"og:image:type\" content=\"image\/jpeg\" \/>\n<meta name=\"author\" content=\"Francisco Javier Fern\u00e1ndez Chento\" \/>\n<meta name=\"twitter:card\" content=\"summary_large_image\" \/>\n<meta name=\"twitter:creator\" content=\"@https:\/\/twitter.com\/javierchento\" \/>\n<meta name=\"twitter:site\" content=\"@WeVincentians\" \/>\n<meta name=\"twitter:label1\" content=\"\u00c9crit par\" \/>\n\t<meta name=\"twitter:data1\" content=\"Francisco Javier Fern\u00e1ndez Chento\" \/>\n\t<meta name=\"twitter:label2\" content=\"Dur\u00e9e de lecture estim\u00e9e\" \/>\n\t<meta name=\"twitter:data2\" content=\"3 minutes\" \/>\n<script type=\"application\/ld+json\" class=\"yoast-schema-graph\">{\"@context\":\"https:\/\/schema.org\",\"@graph\":[{\"@type\":\"WebPage\",\"@id\":\"https:\/\/vincentians.com\/fr\/ephemerides-29-mai\/\",\"url\":\"https:\/\/vincentians.com\/fr\/ephemerides-29-mai\/\",\"name\":\"Eph\u00e9m\u00e9rides: 29 mai - Nous Sommes Vincentiens\",\"isPartOf\":{\"@id\":\"https:\/\/vincentians.com\/fr\/#website\"},\"primaryImageOfPage\":{\"@id\":\"https:\/\/vincentians.com\/fr\/ephemerides-29-mai\/#primaryimage\"},\"image\":{\"@id\":\"https:\/\/vincentians.com\/fr\/ephemerides-29-mai\/#primaryimage\"},\"thumbnailUrl\":\"https:\/\/i0.wp.com\/vincentians.com\/fr\/wp-content\/uploads\/sites\/10\/2016\/07\/ephemerides-fb.jpg?fit=1200%2C630&ssl=1\",\"datePublished\":\"2017-05-28T22:01:17+00:00\",\"author\":{\"@id\":\"https:\/\/vincentians.com\/fr\/#\/schema\/person\/9623ef4d9aa3b2dfb8c061f1499288f2\"},\"breadcrumb\":{\"@id\":\"https:\/\/vincentians.com\/fr\/ephemerides-29-mai\/#breadcrumb\"},\"inLanguage\":\"fr-FR\",\"potentialAction\":[{\"@type\":\"ReadAction\",\"target\":[\"https:\/\/vincentians.com\/fr\/ephemerides-29-mai\/\"]}]},{\"@type\":\"ImageObject\",\"inLanguage\":\"fr-FR\",\"@id\":\"https:\/\/vincentians.com\/fr\/ephemerides-29-mai\/#primaryimage\",\"url\":\"https:\/\/i0.wp.com\/vincentians.com\/fr\/wp-content\/uploads\/sites\/10\/2016\/07\/ephemerides-fb.jpg?fit=1200%2C630&ssl=1\",\"contentUrl\":\"https:\/\/i0.wp.com\/vincentians.com\/fr\/wp-content\/uploads\/sites\/10\/2016\/07\/ephemerides-fb.jpg?fit=1200%2C630&ssl=1\",\"width\":1200,\"height\":630},{\"@type\":\"BreadcrumbList\",\"@id\":\"https:\/\/vincentians.com\/fr\/ephemerides-29-mai\/#breadcrumb\",\"itemListElement\":[{\"@type\":\"ListItem\",\"position\":1,\"name\":\"Portada\",\"item\":\"https:\/\/vincentians.com\/fr\/\"},{\"@type\":\"ListItem\",\"position\":2,\"name\":\"Eph\u00e9m\u00e9rides: 29 mai\"}]},{\"@type\":\"WebSite\",\"@id\":\"https:\/\/vincentians.com\/fr\/#website\",\"url\":\"https:\/\/vincentians.com\/fr\/\",\"name\":\"Nous Sommes Vincentiens\",\"description\":\"Know more to serve more\",\"potentialAction\":[{\"@type\":\"SearchAction\",\"target\":{\"@type\":\"EntryPoint\",\"urlTemplate\":\"https:\/\/vincentians.com\/fr\/?s={search_term_string}\"},\"query-input\":{\"@type\":\"PropertyValueSpecification\",\"valueRequired\":true,\"valueName\":\"search_term_string\"}}],\"inLanguage\":\"fr-FR\"},{\"@type\":\"Person\",\"@id\":\"https:\/\/vincentians.com\/fr\/#\/schema\/person\/9623ef4d9aa3b2dfb8c061f1499288f2\",\"name\":\"Francisco Javier Fern\u00e1ndez Chento\",\"image\":{\"@type\":\"ImageObject\",\"inLanguage\":\"fr-FR\",\"@id\":\"https:\/\/vincentians.com\/fr\/#\/schema\/person\/image\/\",\"url\":\"https:\/\/secure.gravatar.com\/avatar\/497d5cde87b4c3d097d0315953521681ba2cd523ee66e5077c3711f7021e65de?s=96&d=mm&r=g\",\"contentUrl\":\"https:\/\/secure.gravatar.com\/avatar\/497d5cde87b4c3d097d0315953521681ba2cd523ee66e5077c3711f7021e65de?s=96&d=mm&r=g\",\"caption\":\"Francisco Javier Fern\u00e1ndez Chento\"},\"description\":\"Director General y cofundador de La Red de Formaci\u00f3n Vicenciana. Javier es laico vicenciano, afiliado a la Congregaci\u00f3n de la Misi\u00f3n y miembro del Equipo de Misiones Populares de la provincia can\u00f3nica de Zaragoza (Espa\u00f1a) de la Congregaci\u00f3n de la Misi\u00f3n. Graduado en la Universidad Oberta de Catalunya con cuatro grados (Asistente de direcci\u00f3n, Gesti\u00f3n Administrativa, Recursos Humanos y Contabilidad Avanzada). Bil\u00edng\u00fce Espa\u00f1ol\/Ingl\u00e9s. gestiona y mantiene varias p\u00e1ginas web cristianas y vicencianas, incluida including La Red de Formaci\u00f3n Vicenciana, de la que es cofundador. Actualmente es responsable del \u00e1rea de Espa\u00f1ol de .famvin, la Red de Noticias de la Familia Vicenciana. Tambi\u00e9n es m\u00fasico cat\u00f3lico y ha editado varios discos. Es Director General y cofundador de Trovador, una reconocida compa\u00f1\u00eda discogr\u00e1fica critiana de Espa\u00f1a. Trabaja en las Tecnolog\u00edas de la Informaci\u00f3n, ofreciendo servicios de alojamiento, dise\u00f1o y mantenimiento Web, as\u00ed como asesoramiento, formaci\u00f3n y soluciones inform\u00e1ticas, gesti\u00f3n documental y digitalizaci\u00f3n de textos, edici\u00f3n y maquetaci\u00f3n de libros, revistas, flyers, etc.\",\"sameAs\":[\"http:\/\/chento.org\",\"https:\/\/www.facebook.com\/JavierChento\",\"https:\/\/x.com\/https:\/\/twitter.com\/javierchento\"],\"url\":\"https:\/\/vincentians.com\/fr\/author\/chento\/\"}]}<\/script>\n<!-- \/ Yoast SEO plugin. -->","yoast_head_json":{"title":"Eph\u00e9m\u00e9rides: 29 mai - Nous Sommes Vincentiens","robots":{"index":"index","follow":"follow","max-snippet":"max-snippet:-1","max-image-preview":"max-image-preview:large","max-video-preview":"max-video-preview:-1"},"canonical":"https:\/\/vincentians.com\/fr\/ephemerides-29-mai\/","og_locale":"fr_FR","og_type":"article","og_title":"Eph\u00e9m\u00e9rides: 29 mai - Nous Sommes Vincentiens","og_description":"En 1647, saint Vincent d\u00e9clare \u00e0 nos Premi\u00e8res S\u0153urs\u00a0: \u201cII ne faut pas de retardement en ce qui concerne le Service des Pauvres\u2026 \u201cVous quittez l\u2019oraison ou la lecture ou vous perdez le silence pour ... Read More","og_url":"https:\/\/vincentians.com\/fr\/ephemerides-29-mai\/","og_site_name":"Nous Sommes Vincentiens","article_publisher":"https:\/\/www.facebook.com\/WeAreVincentians\/","article_author":"https:\/\/www.facebook.com\/JavierChento","article_published_time":"2017-05-28T22:01:17+00:00","og_image":[{"width":1200,"height":630,"url":"https:\/\/i0.wp.com\/vincentians.com\/fr\/wp-content\/uploads\/sites\/10\/2016\/07\/ephemerides-fb.jpg?fit=1200%2C630&ssl=1","type":"image\/jpeg"}],"author":"Francisco Javier Fern\u00e1ndez Chento","twitter_card":"summary_large_image","twitter_creator":"@https:\/\/twitter.com\/javierchento","twitter_site":"@WeVincentians","twitter_misc":{"\u00c9crit par":"Francisco Javier Fern\u00e1ndez Chento","Dur\u00e9e de lecture estim\u00e9e":"3 minutes"},"schema":{"@context":"https:\/\/schema.org","@graph":[{"@type":"WebPage","@id":"https:\/\/vincentians.com\/fr\/ephemerides-29-mai\/","url":"https:\/\/vincentians.com\/fr\/ephemerides-29-mai\/","name":"Eph\u00e9m\u00e9rides: 29 mai - Nous Sommes Vincentiens","isPartOf":{"@id":"https:\/\/vincentians.com\/fr\/#website"},"primaryImageOfPage":{"@id":"https:\/\/vincentians.com\/fr\/ephemerides-29-mai\/#primaryimage"},"image":{"@id":"https:\/\/vincentians.com\/fr\/ephemerides-29-mai\/#primaryimage"},"thumbnailUrl":"https:\/\/i0.wp.com\/vincentians.com\/fr\/wp-content\/uploads\/sites\/10\/2016\/07\/ephemerides-fb.jpg?fit=1200%2C630&ssl=1","datePublished":"2017-05-28T22:01:17+00:00","author":{"@id":"https:\/\/vincentians.com\/fr\/#\/schema\/person\/9623ef4d9aa3b2dfb8c061f1499288f2"},"breadcrumb":{"@id":"https:\/\/vincentians.com\/fr\/ephemerides-29-mai\/#breadcrumb"},"inLanguage":"fr-FR","potentialAction":[{"@type":"ReadAction","target":["https:\/\/vincentians.com\/fr\/ephemerides-29-mai\/"]}]},{"@type":"ImageObject","inLanguage":"fr-FR","@id":"https:\/\/vincentians.com\/fr\/ephemerides-29-mai\/#primaryimage","url":"https:\/\/i0.wp.com\/vincentians.com\/fr\/wp-content\/uploads\/sites\/10\/2016\/07\/ephemerides-fb.jpg?fit=1200%2C630&ssl=1","contentUrl":"https:\/\/i0.wp.com\/vincentians.com\/fr\/wp-content\/uploads\/sites\/10\/2016\/07\/ephemerides-fb.jpg?fit=1200%2C630&ssl=1","width":1200,"height":630},{"@type":"BreadcrumbList","@id":"https:\/\/vincentians.com\/fr\/ephemerides-29-mai\/#breadcrumb","itemListElement":[{"@type":"ListItem","position":1,"name":"Portada","item":"https:\/\/vincentians.com\/fr\/"},{"@type":"ListItem","position":2,"name":"Eph\u00e9m\u00e9rides: 29 mai"}]},{"@type":"WebSite","@id":"https:\/\/vincentians.com\/fr\/#website","url":"https:\/\/vincentians.com\/fr\/","name":"Nous Sommes Vincentiens","description":"Know more to serve more","potentialAction":[{"@type":"SearchAction","target":{"@type":"EntryPoint","urlTemplate":"https:\/\/vincentians.com\/fr\/?s={search_term_string}"},"query-input":{"@type":"PropertyValueSpecification","valueRequired":true,"valueName":"search_term_string"}}],"inLanguage":"fr-FR"},{"@type":"Person","@id":"https:\/\/vincentians.com\/fr\/#\/schema\/person\/9623ef4d9aa3b2dfb8c061f1499288f2","name":"Francisco Javier Fern\u00e1ndez Chento","image":{"@type":"ImageObject","inLanguage":"fr-FR","@id":"https:\/\/vincentians.com\/fr\/#\/schema\/person\/image\/","url":"https:\/\/secure.gravatar.com\/avatar\/497d5cde87b4c3d097d0315953521681ba2cd523ee66e5077c3711f7021e65de?s=96&d=mm&r=g","contentUrl":"https:\/\/secure.gravatar.com\/avatar\/497d5cde87b4c3d097d0315953521681ba2cd523ee66e5077c3711f7021e65de?s=96&d=mm&r=g","caption":"Francisco Javier Fern\u00e1ndez Chento"},"description":"Director General y cofundador de La Red de Formaci\u00f3n Vicenciana. Javier es laico vicenciano, afiliado a la Congregaci\u00f3n de la Misi\u00f3n y miembro del Equipo de Misiones Populares de la provincia can\u00f3nica de Zaragoza (Espa\u00f1a) de la Congregaci\u00f3n de la Misi\u00f3n. Graduado en la Universidad Oberta de Catalunya con cuatro grados (Asistente de direcci\u00f3n, Gesti\u00f3n Administrativa, Recursos Humanos y Contabilidad Avanzada). Bil\u00edng\u00fce Espa\u00f1ol\/Ingl\u00e9s. gestiona y mantiene varias p\u00e1ginas web cristianas y vicencianas, incluida including La Red de Formaci\u00f3n Vicenciana, de la que es cofundador. Actualmente es responsable del \u00e1rea de Espa\u00f1ol de .famvin, la Red de Noticias de la Familia Vicenciana. Tambi\u00e9n es m\u00fasico cat\u00f3lico y ha editado varios discos. Es Director General y cofundador de Trovador, una reconocida compa\u00f1\u00eda discogr\u00e1fica critiana de Espa\u00f1a. Trabaja en las Tecnolog\u00edas de la Informaci\u00f3n, ofreciendo servicios de alojamiento, dise\u00f1o y mantenimiento Web, as\u00ed como asesoramiento, formaci\u00f3n y soluciones inform\u00e1ticas, gesti\u00f3n documental y digitalizaci\u00f3n de textos, edici\u00f3n y maquetaci\u00f3n de libros, revistas, flyers, etc.","sameAs":["http:\/\/chento.org","https:\/\/www.facebook.com\/JavierChento","https:\/\/x.com\/https:\/\/twitter.com\/javierchento"],"url":"https:\/\/vincentians.com\/fr\/author\/chento\/"}]}},"jetpack_publicize_connections":[],"jetpack_featured_media_url":"https:\/\/i0.wp.com\/vincentians.com\/fr\/wp-content\/uploads\/sites\/10\/2016\/07\/ephemerides-fb.jpg?fit=1200%2C630&ssl=1","jetpack_sharing_enabled":true,"jetpack_shortlink":"https:\/\/wp.me\/p7ETMP-rHd","jetpack-related-posts":[{"id":42903,"url":"https:\/\/vincentians.com\/fr\/saint-vincent-de-paul-maitre-doraison-chapitre-ii\/","url_meta":{"origin":106467,"position":0},"title":"Saint Vincent De Paul, Ma\u00eetre d\u2019Oraison. Chapitre II","author":"Francisco Javier Fern\u00e1ndez Chento","date":"13\/05\/2015","format":false,"excerpt":"Chapitre II: Ce qu\u2019est l\u2019oraison au point de vue surnaturel Son importance, ses effets Saint Vincent de Paul tourne et retourne l\u2019oraison mentale en tous sens et n\u2019en laisse dans l\u2019ombre aucun aspect. Gr\u00e2ce aux comparaisons les plus vari\u00e9es, il donne une id\u00e9e aussi compl\u00e8te que possible de la diversit\u00e9\u2026","rel":"","context":"Dans &quot;Vincent de Paul&quot;","block_context":{"text":"Vincent de Paul","link":"https:\/\/vincentians.com\/fr\/category\/the-vincentian-family\/founders\/vincent-de-paul\/"},"img":{"alt_text":"","src":"https:\/\/i0.wp.com\/vincentians.com\/fr\/wp-content\/uploads\/sites\/10\/2016\/07\/vincent-maitre-d-oraison.jpg?fit=1200%2C630&ssl=1&resize=350%2C200","width":350,"height":200,"srcset":"https:\/\/i0.wp.com\/vincentians.com\/fr\/wp-content\/uploads\/sites\/10\/2016\/07\/vincent-maitre-d-oraison.jpg?fit=1200%2C630&ssl=1&resize=350%2C200 1x, https:\/\/i0.wp.com\/vincentians.com\/fr\/wp-content\/uploads\/sites\/10\/2016\/07\/vincent-maitre-d-oraison.jpg?fit=1200%2C630&ssl=1&resize=525%2C300 1.5x, https:\/\/i0.wp.com\/vincentians.com\/fr\/wp-content\/uploads\/sites\/10\/2016\/07\/vincent-maitre-d-oraison.jpg?fit=1200%2C630&ssl=1&resize=700%2C400 2x, https:\/\/i0.wp.com\/vincentians.com\/fr\/wp-content\/uploads\/sites\/10\/2016\/07\/vincent-maitre-d-oraison.jpg?fit=1200%2C630&ssl=1&resize=1050%2C600 3x"},"classes":[]},{"id":43260,"url":"https:\/\/vincentians.com\/fr\/saint-vincent-de-paul-maitre-doraison-chapitre-v\/","url_meta":{"origin":106467,"position":1},"title":"Saint Vincent De Paul, Ma\u00eetre d\u2019Oraison. Chapitre V","author":"Francisco Javier Fern\u00e1ndez Chento","date":"16\/05\/2015","format":false,"excerpt":"Chapitre V L\u2019oraison accessible \u00e0 tous Apr\u00e8s les pages pr\u00e9c\u00e9dentes o\u00f9 l\u2019oraison mentale est reconnue n\u00e9cessaire pour toute \u00e2me \u00e9prise d\u2019amour de Dieu, le pr\u00e9sent chapitre sur la possibilit\u00e9 de cet exercice peut sembler inutile. Du moment qu\u2019un acte est n\u00e9cessaire aux Chr\u00e9tiens soucieux de perfection, il doit \u00eatre r\u00e9alisable\u2026","rel":"","context":"Dans &quot;Vincent de Paul&quot;","block_context":{"text":"Vincent de Paul","link":"https:\/\/vincentians.com\/fr\/category\/the-vincentian-family\/founders\/vincent-de-paul\/"},"img":{"alt_text":"","src":"https:\/\/i0.wp.com\/vincentians.com\/fr\/wp-content\/uploads\/sites\/10\/2016\/07\/vincent-maitre-d-oraison.jpg?fit=1200%2C630&ssl=1&resize=350%2C200","width":350,"height":200,"srcset":"https:\/\/i0.wp.com\/vincentians.com\/fr\/wp-content\/uploads\/sites\/10\/2016\/07\/vincent-maitre-d-oraison.jpg?fit=1200%2C630&ssl=1&resize=350%2C200 1x, https:\/\/i0.wp.com\/vincentians.com\/fr\/wp-content\/uploads\/sites\/10\/2016\/07\/vincent-maitre-d-oraison.jpg?fit=1200%2C630&ssl=1&resize=525%2C300 1.5x, https:\/\/i0.wp.com\/vincentians.com\/fr\/wp-content\/uploads\/sites\/10\/2016\/07\/vincent-maitre-d-oraison.jpg?fit=1200%2C630&ssl=1&resize=700%2C400 2x, https:\/\/i0.wp.com\/vincentians.com\/fr\/wp-content\/uploads\/sites\/10\/2016\/07\/vincent-maitre-d-oraison.jpg?fit=1200%2C630&ssl=1&resize=1050%2C600 3x"},"classes":[]},{"id":43839,"url":"https:\/\/vincentians.com\/fr\/saint-vincent-de-paul-maitre-doraison-chapitre-vii\/","url_meta":{"origin":106467,"position":2},"title":"Saint Vincent De Paul, Ma\u00eetre d\u2019Oraison. Chapitre VII","author":"Francisco Javier Fern\u00e1ndez Chento","date":"18\/05\/2015","format":false,"excerpt":"Chapitre VII Vertues requises pour faire avec fruit l'oraison mentale La question de m\u00e9thode, dans l\u2019oraison mentale, comme en tout autre mode d\u2019activit\u00e9, est loin d\u2019\u00eatre n\u00e9gligeable. C\u2019est \u00e0 l\u2019honneur des grands directeurs de conscience de s\u2019en \u00eatre tous pr\u00e9occup\u00e9s. A l\u2019exemple de saint Ignace et de saint Fran\u00e7ois de\u2026","rel":"","context":"Dans &quot;Vincent de Paul&quot;","block_context":{"text":"Vincent de Paul","link":"https:\/\/vincentians.com\/fr\/category\/the-vincentian-family\/founders\/vincent-de-paul\/"},"img":{"alt_text":"","src":"https:\/\/i0.wp.com\/vincentians.com\/fr\/wp-content\/uploads\/sites\/10\/2016\/07\/vincent-maitre-d-oraison.jpg?fit=1200%2C630&ssl=1&resize=350%2C200","width":350,"height":200,"srcset":"https:\/\/i0.wp.com\/vincentians.com\/fr\/wp-content\/uploads\/sites\/10\/2016\/07\/vincent-maitre-d-oraison.jpg?fit=1200%2C630&ssl=1&resize=350%2C200 1x, https:\/\/i0.wp.com\/vincentians.com\/fr\/wp-content\/uploads\/sites\/10\/2016\/07\/vincent-maitre-d-oraison.jpg?fit=1200%2C630&ssl=1&resize=525%2C300 1.5x, https:\/\/i0.wp.com\/vincentians.com\/fr\/wp-content\/uploads\/sites\/10\/2016\/07\/vincent-maitre-d-oraison.jpg?fit=1200%2C630&ssl=1&resize=700%2C400 2x, https:\/\/i0.wp.com\/vincentians.com\/fr\/wp-content\/uploads\/sites\/10\/2016\/07\/vincent-maitre-d-oraison.jpg?fit=1200%2C630&ssl=1&resize=1050%2C600 3x"},"classes":[]},{"id":43087,"url":"https:\/\/vincentians.com\/fr\/saint-vincent-de-paul-maitre-doraison-chapitre-iii\/","url_meta":{"origin":106467,"position":3},"title":"Saint Vincent De Paul, Ma\u00eetre d\u2019Oraison. Chapitre III","author":"Francisco Javier Fern\u00e1ndez Chento","date":"14\/05\/2015","format":false,"excerpt":"Chaptire III Necessite morale de l\u2019Oraison Homme pratique s\u2019il en fut, M. Vincent n\u2019 \u00e9tudie pas l\u2019oraison en th\u00e9oricien absorb\u00e9 par de savantes recherches et des discutions sans fin. Qu\u2019il traite de cet exercice dans ses conf\u00e9rences et entretiens ou dans ses lettres de direction, son but est toujours d\u2019y\u2026","rel":"","context":"Dans &quot;Vincent de Paul&quot;","block_context":{"text":"Vincent de Paul","link":"https:\/\/vincentians.com\/fr\/category\/the-vincentian-family\/founders\/vincent-de-paul\/"},"img":{"alt_text":"","src":"https:\/\/i0.wp.com\/vincentians.com\/fr\/wp-content\/uploads\/sites\/10\/2016\/07\/vincent-maitre-d-oraison.jpg?fit=1200%2C630&ssl=1&resize=350%2C200","width":350,"height":200,"srcset":"https:\/\/i0.wp.com\/vincentians.com\/fr\/wp-content\/uploads\/sites\/10\/2016\/07\/vincent-maitre-d-oraison.jpg?fit=1200%2C630&ssl=1&resize=350%2C200 1x, https:\/\/i0.wp.com\/vincentians.com\/fr\/wp-content\/uploads\/sites\/10\/2016\/07\/vincent-maitre-d-oraison.jpg?fit=1200%2C630&ssl=1&resize=525%2C300 1.5x, https:\/\/i0.wp.com\/vincentians.com\/fr\/wp-content\/uploads\/sites\/10\/2016\/07\/vincent-maitre-d-oraison.jpg?fit=1200%2C630&ssl=1&resize=700%2C400 2x, https:\/\/i0.wp.com\/vincentians.com\/fr\/wp-content\/uploads\/sites\/10\/2016\/07\/vincent-maitre-d-oraison.jpg?fit=1200%2C630&ssl=1&resize=1050%2C600 3x"},"classes":[]},{"id":38477,"url":"https:\/\/vincentians.com\/fr\/le-directeur-provincial-animateur-des-filles-de-la-charite\/","url_meta":{"origin":106467,"position":4},"title":"Le Directeur Provincial \u201canimateur\u201d des Filles de la Charit\u00e9","author":"Francisco Javier Fern\u00e1ndez Chento","date":"03\/10\/2012","format":false,"excerpt":"Dans les Constitutions des Filles de la Charit\u00e9, nous trouvons \u00e0 l\u2019article 3.38: le Directeur Provincial est un pr\u00eatre de la Congr\u00e9gation de la Mission, nomm\u00e9 par le Sup\u00e9rieur G\u00e9n\u00e9ral; \u201cil partage avec la Visitatrice et son Conseil la responsabilit\u00e9 de promouvoir l\u2019esprit vincentien dans la Province\u201d Missionnaire, le directeur\u2026","rel":"","context":"Dans &quot;Congr\u00e9gation de la Mission&quot;","block_context":{"text":"Congr\u00e9gation de la Mission","link":"https:\/\/vincentians.com\/fr\/category\/congregation-de-la-mission\/"},"img":{"alt_text":"","src":"https:\/\/i0.wp.com\/vincentiens.org\/wp-content\/uploads\/2011\/05\/filles_charite-228x300.jpg?resize=350%2C200","width":350,"height":200},"classes":[]},{"id":43995,"url":"https:\/\/vincentians.com\/fr\/saint-vincent-de-paul-maitre-doraison-chapitre-ix\/","url_meta":{"origin":106467,"position":5},"title":"Saint Vincent De Paul, Ma\u00eetre d\u2019Oraison. Chapitre IX","author":"Francisco Javier Fern\u00e1ndez Chento","date":"20\/05\/2015","format":false,"excerpt":"Chapitre IX Consid\u00e9rations et r\u00e9flexions : chois des sujets d\u2019oraison, Mani\u00e8res diverses de m\u00e9diter. Le c\u00f4t\u00e9 proprement psychique du r\u00f4le de l\u2019intelligence dans l\u2019oraison a t\u00e9t l\u2019objet du premier chapitre. Il est inutile de revenir sur ce qu\u2019est la concentration et sur ce qui la distingue d\u2019une connaissance superficielle. Les\u2026","rel":"","context":"Dans &quot;Vincent de Paul&quot;","block_context":{"text":"Vincent de Paul","link":"https:\/\/vincentians.com\/fr\/category\/the-vincentian-family\/founders\/vincent-de-paul\/"},"img":{"alt_text":"","src":"https:\/\/i0.wp.com\/vincentians.com\/fr\/wp-content\/uploads\/sites\/10\/2016\/07\/vincent-maitre-d-oraison.jpg?fit=1200%2C630&ssl=1&resize=350%2C200","width":350,"height":200,"srcset":"https:\/\/i0.wp.com\/vincentians.com\/fr\/wp-content\/uploads\/sites\/10\/2016\/07\/vincent-maitre-d-oraison.jpg?fit=1200%2C630&ssl=1&resize=350%2C200 1x, https:\/\/i0.wp.com\/vincentians.com\/fr\/wp-content\/uploads\/sites\/10\/2016\/07\/vincent-maitre-d-oraison.jpg?fit=1200%2C630&ssl=1&resize=525%2C300 1.5x, https:\/\/i0.wp.com\/vincentians.com\/fr\/wp-content\/uploads\/sites\/10\/2016\/07\/vincent-maitre-d-oraison.jpg?fit=1200%2C630&ssl=1&resize=700%2C400 2x, https:\/\/i0.wp.com\/vincentians.com\/fr\/wp-content\/uploads\/sites\/10\/2016\/07\/vincent-maitre-d-oraison.jpg?fit=1200%2C630&ssl=1&resize=1050%2C600 3x"},"classes":[]}],"_links":{"self":[{"href":"https:\/\/vincentians.com\/fr\/wp-json\/wp\/v2\/posts\/106467","targetHints":{"allow":["GET"]}}],"collection":[{"href":"https:\/\/vincentians.com\/fr\/wp-json\/wp\/v2\/posts"}],"about":[{"href":"https:\/\/vincentians.com\/fr\/wp-json\/wp\/v2\/types\/post"}],"author":[{"embeddable":true,"href":"https:\/\/vincentians.com\/fr\/wp-json\/wp\/v2\/users\/4"}],"replies":[{"embeddable":true,"href":"https:\/\/vincentians.com\/fr\/wp-json\/wp\/v2\/comments?post=106467"}],"version-history":[{"count":0,"href":"https:\/\/vincentians.com\/fr\/wp-json\/wp\/v2\/posts\/106467\/revisions"}],"wp:featuredmedia":[{"embeddable":true,"href":"https:\/\/vincentians.com\/fr\/wp-json\/wp\/v2\/media\/149897"}],"wp:attachment":[{"href":"https:\/\/vincentians.com\/fr\/wp-json\/wp\/v2\/media?parent=106467"}],"wp:term":[{"taxonomy":"category","embeddable":true,"href":"https:\/\/vincentians.com\/fr\/wp-json\/wp\/v2\/categories?post=106467"},{"taxonomy":"post_tag","embeddable":true,"href":"https:\/\/vincentians.com\/fr\/wp-json\/wp\/v2\/tags?post=106467"}],"curies":[{"name":"wp","href":"https:\/\/api.w.org\/{rel}","templated":true}]}}