{"id":106466,"date":"2017-05-28T00:01:17","date_gmt":"2017-05-27T22:01:17","guid":{"rendered":"http:\/\/vincentiens.org\/?p=106466"},"modified":"2017-05-28T00:01:17","modified_gmt":"2017-05-27T22:01:17","slug":"ephemerides-28-mai","status":"publish","type":"post","link":"https:\/\/vincentians.com\/fr\/ephemerides-28-mai\/","title":{"rendered":"Eph\u00e9m\u00e9rides: 28 mai"},"content":{"rendered":"<p align=\"justify\">Pens\u00e9e de saint Vincent\u00a0: <em>\u201cC\u2019est une tr\u00e8s belle d\u00e9votion de dire le chapelet, particuli\u00e8rement aux Filles de la Charit\u00e9 qui ont tant besoin de l\u2019assistance de Dieu pour avoir cette puret\u00e9 qui leur est si n\u00e9cessaire\u201d<\/em>.(R)<\/p>\n<p align=\"justify\"><strong>En 1675<\/strong>, au camp de <em>Gibelone<\/em>, Louvois ratifie le contrat sign\u00e9 le 17 mai pr\u00e9c\u00e9dent par son fr\u00e8re l&rsquo;archev\u00eaque de Reims, et M. Edme Jolly, d\u00e9terminant les fonctions des Pr\u00eatres de la Mission \u00e0 l&rsquo;H\u00f4tel Royal des Invalides. Ils seraient douze et rempliraient toutes les fonctions curiales. Entre autres avantages mat\u00e9riels, chacun d&rsquo;eux recevrait en plus de son traitement, chaque ann\u00e9e, un muid (environ 268 litres) de vin et deux minots de sel (1).<\/p>\n<p align=\"justify\"><strong>En 1920<\/strong>, \u00e0 <em>Vi\u00e9tri-sul-Mare<\/em>, en Italie, mort de M. Jules Fayollat, secr\u00e9taire particulier du Tr\u00e8s Honor\u00e9 P\u00e8re Verdier. Ce qu&rsquo;il y a de remarquable dans ce confr\u00e8re qui ne v\u00e9cut que trente-huit ans, c&rsquo;est l&rsquo;\u00e9nergie avec laquelle il travailla, malgr\u00e9 une sant\u00e9 plus que pr\u00e9caire. D\u00e9j\u00e0, en 1905, on avait h\u00e9sit\u00e9, pour cette raison, \u00e0 admettre aux v\u0153ux ce jeune homme de vingt-trois ans que le dioc\u00e8se de <em>Grenoble<\/em> offrait \u00e0 la Compagnie, comme il lui avait donn\u00e9 le bienheureux Clet. M. Louwyck, directeur des \u00e9tudes, redoutant pour M. Fayollat le climat parisien, le fit ordonner pr\u00eatre le 9 juin 1906. L&rsquo;autorit\u00e9 le confia \u00e0 M. Misermont qui, avec M. Peters et M. Catteau, s&rsquo;en allait en Sicile prendre la direction du s\u00e9minaire de<em> Piazza Arm\u00e9rina<\/em>. Malgr\u00e9 le mauvais \u00e9tat de son estomac et de son c\u0153ur, malgr\u00e9 aussi le visiteur apostolique, Mgr P\u00e9rosi, qui, en 1907, le trouvait un peu jeune pour \u00eatre directeur de s\u00e9minaire, M. Fayollat restera en Sicile pendant huit ans. Les vacances en France lui donnaient assez de force pour reprendre chaque ann\u00e9e ses cours de philosophie et d&rsquo;histoire ; et ses qualit\u00e9s d&rsquo;\u00e2me et d&rsquo;esprit lui assuraient un vrai rayonnement sur les s\u00e9minaristes qui l&rsquo;admiraient. La fermeture du s\u00e9minaire de <em>Piazza<\/em>, occasionn\u00e9e par la guerre, vaut \u00e0 M. Fayollat le poste de secr\u00e9taire particulier du P. Villette d&rsquo;abord, puis du P. Verdier. A la discr\u00e9tion \u2014 sans laquelle il n&rsquo;est pas de secr\u00e9taire, \u2014 il joignait la prudence et l&rsquo;habilet\u00e9. Il \u00e9crivait couramment le latin, l&rsquo;italien, l&rsquo;espagnol et l&rsquo;anglais ; et de quelque langue qu&rsquo;il se serv\u00eet, il donnait \u00e0 son style cette onction et cette am\u00e9nit\u00e9 qui plaisent aux destinataires. M. Fayollat a entrem\u00eal\u00e9 \u00e0 ses travaux de secr\u00e9taire de nombreuses pr\u00e9dications de retraites. Au d\u00e9but de 1920, de plus grosses fatigues l&rsquo;oblig\u00e8rent \u00e0 se reposer. Il se crut ensuite assez fort pour accompagner le T.H. P. Verdier dans son voyage \u00e0 <em>Rome<\/em>. Et comme, en Italie, sa lassitude parut plus grande encore, le Sup\u00e9rieur g\u00e9n\u00e9ral lui conseilla d&rsquo;aller se reposer chez les S\u0153urs de <em>Vi\u00e9tri-sul-Mare<\/em> qu&rsquo;il connaissait et o\u00f9 il avait d\u00e9j\u00e0 \u00e9t\u00e9 soign\u00e9. C&rsquo;est l\u00e0 qu&rsquo;en quelques jours, la mort l&#8217;emporta (2).<\/p>\n<p align=\"justify\"><strong>En 1933, <\/strong>b\u00e9atification de sainte Catherine Labour\u00e9. (R)<\/p>\n<p align=\"justify\"><strong>\u00a0En 1943, <\/strong>sont victimes des bombardements\u00a0: S\u0153ur Donati (25 ans, 5 de vocation) \u00e0 la Maison Saint-Joseph de Livourne et deux autres S\u0153urs de l\u2019orphelinat de la m\u00eame ville. (R)<\/p>\n<p>&#8212;&#8212;&#8212;&#8212;&#8212;&#8212;&#8212;&#8212;&#8212;&#8212;&#8212;&#8212;&#8212;&#8212;&#8212;&#8212;&#8212;&#8212;&#8212;&#8212;&#8212;&#8212;&#8212;&#8212;&#8212;&#8212;&#8212;&#8212;&#8212;&#8212;&#8212;&#8212;&#8212;&#8212;&#8212;&#8211;<\/p>\n<p>(1) Burnand : <em>L&rsquo;H\u00f4tel Royal des Invalides<\/em>, p. 180.<br \/>\n(2) <em>Annales<\/em>, t. 85, pp. 450-458.<\/p>\n","protected":false},"excerpt":{"rendered":"<p>Pens\u00e9e de saint Vincent\u00a0: \u201cC\u2019est une tr\u00e8s belle d\u00e9votion de dire le chapelet, particuli\u00e8rement aux Filles de la Charit\u00e9 qui ont tant besoin de l\u2019assistance de Dieu pour avoir cette puret\u00e9 qui leur est si &#8230; <a href=\"https:\/\/vincentians.com\/fr\/ephemerides-28-mai\/\" class=\"more-link\">Read More<\/a><\/p>\n","protected":false},"author":4,"featured_media":149897,"comment_status":"open","ping_status":"open","sticky":false,"template":"","format":"standard","meta":{"jetpack_post_was_ever_published":false,"_jetpack_newsletter_access":"","_jetpack_dont_email_post_to_subs":false,"_jetpack_newsletter_tier_id":0,"_jetpack_memberships_contains_paywalled_content":false,"_jetpack_memberships_contains_paid_content":false,"footnotes":"","jetpack_publicize_message":"","jetpack_publicize_feature_enabled":true,"jetpack_social_post_already_shared":true,"jetpack_social_options":{"image_generator_settings":{"template":"highway","default_image_id":0,"font":"","enabled":false},"version":2}},"categories":[119],"tags":[],"class_list":["post-106466","post","type-post","status-publish","format-standard","has-post-thumbnail","hentry","category-ephemerides-vincentiens"],"yoast_head":"<!-- This site is optimized with the Yoast SEO plugin v26.3 - https:\/\/yoast.com\/wordpress\/plugins\/seo\/ -->\n<title>Eph\u00e9m\u00e9rides: 28 mai - Nous Sommes Vincentiens<\/title>\n<meta name=\"robots\" content=\"index, follow, max-snippet:-1, max-image-preview:large, max-video-preview:-1\" \/>\n<link rel=\"canonical\" href=\"https:\/\/vincentians.com\/fr\/ephemerides-28-mai\/\" \/>\n<meta property=\"og:locale\" content=\"fr_FR\" \/>\n<meta property=\"og:type\" content=\"article\" \/>\n<meta property=\"og:title\" content=\"Eph\u00e9m\u00e9rides: 28 mai - Nous Sommes Vincentiens\" \/>\n<meta property=\"og:description\" content=\"Pens\u00e9e de saint Vincent\u00a0: \u201cC\u2019est une tr\u00e8s belle d\u00e9votion de dire le chapelet, particuli\u00e8rement aux Filles de la Charit\u00e9 qui ont tant besoin de l\u2019assistance de Dieu pour avoir cette puret\u00e9 qui leur est si ... Read More\" \/>\n<meta property=\"og:url\" content=\"https:\/\/vincentians.com\/fr\/ephemerides-28-mai\/\" \/>\n<meta property=\"og:site_name\" content=\"Nous Sommes Vincentiens\" \/>\n<meta property=\"article:publisher\" content=\"https:\/\/www.facebook.com\/WeAreVincentians\/\" \/>\n<meta property=\"article:author\" content=\"https:\/\/www.facebook.com\/JavierChento\" \/>\n<meta property=\"article:published_time\" content=\"2017-05-27T22:01:17+00:00\" \/>\n<meta property=\"og:image\" content=\"https:\/\/i0.wp.com\/vincentians.com\/fr\/wp-content\/uploads\/sites\/10\/2016\/07\/ephemerides-fb.jpg?fit=1200%2C630&ssl=1\" \/>\n\t<meta property=\"og:image:width\" content=\"1200\" \/>\n\t<meta property=\"og:image:height\" content=\"630\" \/>\n\t<meta property=\"og:image:type\" content=\"image\/jpeg\" \/>\n<meta name=\"author\" content=\"Francisco Javier Fern\u00e1ndez Chento\" \/>\n<meta name=\"twitter:card\" content=\"summary_large_image\" \/>\n<meta name=\"twitter:creator\" content=\"@https:\/\/twitter.com\/javierchento\" \/>\n<meta name=\"twitter:site\" content=\"@WeVincentians\" \/>\n<meta name=\"twitter:label1\" content=\"\u00c9crit par\" \/>\n\t<meta name=\"twitter:data1\" content=\"Francisco Javier Fern\u00e1ndez Chento\" \/>\n\t<meta name=\"twitter:label2\" content=\"Dur\u00e9e de lecture estim\u00e9e\" \/>\n\t<meta name=\"twitter:data2\" content=\"3 minutes\" \/>\n<script type=\"application\/ld+json\" class=\"yoast-schema-graph\">{\"@context\":\"https:\/\/schema.org\",\"@graph\":[{\"@type\":\"WebPage\",\"@id\":\"https:\/\/vincentians.com\/fr\/ephemerides-28-mai\/\",\"url\":\"https:\/\/vincentians.com\/fr\/ephemerides-28-mai\/\",\"name\":\"Eph\u00e9m\u00e9rides: 28 mai - Nous Sommes Vincentiens\",\"isPartOf\":{\"@id\":\"https:\/\/vincentians.com\/fr\/#website\"},\"primaryImageOfPage\":{\"@id\":\"https:\/\/vincentians.com\/fr\/ephemerides-28-mai\/#primaryimage\"},\"image\":{\"@id\":\"https:\/\/vincentians.com\/fr\/ephemerides-28-mai\/#primaryimage\"},\"thumbnailUrl\":\"https:\/\/i0.wp.com\/vincentians.com\/fr\/wp-content\/uploads\/sites\/10\/2016\/07\/ephemerides-fb.jpg?fit=1200%2C630&ssl=1\",\"datePublished\":\"2017-05-27T22:01:17+00:00\",\"author\":{\"@id\":\"https:\/\/vincentians.com\/fr\/#\/schema\/person\/9623ef4d9aa3b2dfb8c061f1499288f2\"},\"breadcrumb\":{\"@id\":\"https:\/\/vincentians.com\/fr\/ephemerides-28-mai\/#breadcrumb\"},\"inLanguage\":\"fr-FR\",\"potentialAction\":[{\"@type\":\"ReadAction\",\"target\":[\"https:\/\/vincentians.com\/fr\/ephemerides-28-mai\/\"]}]},{\"@type\":\"ImageObject\",\"inLanguage\":\"fr-FR\",\"@id\":\"https:\/\/vincentians.com\/fr\/ephemerides-28-mai\/#primaryimage\",\"url\":\"https:\/\/i0.wp.com\/vincentians.com\/fr\/wp-content\/uploads\/sites\/10\/2016\/07\/ephemerides-fb.jpg?fit=1200%2C630&ssl=1\",\"contentUrl\":\"https:\/\/i0.wp.com\/vincentians.com\/fr\/wp-content\/uploads\/sites\/10\/2016\/07\/ephemerides-fb.jpg?fit=1200%2C630&ssl=1\",\"width\":1200,\"height\":630},{\"@type\":\"BreadcrumbList\",\"@id\":\"https:\/\/vincentians.com\/fr\/ephemerides-28-mai\/#breadcrumb\",\"itemListElement\":[{\"@type\":\"ListItem\",\"position\":1,\"name\":\"Portada\",\"item\":\"https:\/\/vincentians.com\/fr\/\"},{\"@type\":\"ListItem\",\"position\":2,\"name\":\"Eph\u00e9m\u00e9rides: 28 mai\"}]},{\"@type\":\"WebSite\",\"@id\":\"https:\/\/vincentians.com\/fr\/#website\",\"url\":\"https:\/\/vincentians.com\/fr\/\",\"name\":\"Nous Sommes Vincentiens\",\"description\":\"Know more to serve more\",\"potentialAction\":[{\"@type\":\"SearchAction\",\"target\":{\"@type\":\"EntryPoint\",\"urlTemplate\":\"https:\/\/vincentians.com\/fr\/?s={search_term_string}\"},\"query-input\":{\"@type\":\"PropertyValueSpecification\",\"valueRequired\":true,\"valueName\":\"search_term_string\"}}],\"inLanguage\":\"fr-FR\"},{\"@type\":\"Person\",\"@id\":\"https:\/\/vincentians.com\/fr\/#\/schema\/person\/9623ef4d9aa3b2dfb8c061f1499288f2\",\"name\":\"Francisco Javier Fern\u00e1ndez Chento\",\"image\":{\"@type\":\"ImageObject\",\"inLanguage\":\"fr-FR\",\"@id\":\"https:\/\/vincentians.com\/fr\/#\/schema\/person\/image\/\",\"url\":\"https:\/\/secure.gravatar.com\/avatar\/497d5cde87b4c3d097d0315953521681ba2cd523ee66e5077c3711f7021e65de?s=96&d=mm&r=g\",\"contentUrl\":\"https:\/\/secure.gravatar.com\/avatar\/497d5cde87b4c3d097d0315953521681ba2cd523ee66e5077c3711f7021e65de?s=96&d=mm&r=g\",\"caption\":\"Francisco Javier Fern\u00e1ndez Chento\"},\"description\":\"Director General y cofundador de La Red de Formaci\u00f3n Vicenciana. Javier es laico vicenciano, afiliado a la Congregaci\u00f3n de la Misi\u00f3n y miembro del Equipo de Misiones Populares de la provincia can\u00f3nica de Zaragoza (Espa\u00f1a) de la Congregaci\u00f3n de la Misi\u00f3n. Graduado en la Universidad Oberta de Catalunya con cuatro grados (Asistente de direcci\u00f3n, Gesti\u00f3n Administrativa, Recursos Humanos y Contabilidad Avanzada). Bil\u00edng\u00fce Espa\u00f1ol\/Ingl\u00e9s. gestiona y mantiene varias p\u00e1ginas web cristianas y vicencianas, incluida including La Red de Formaci\u00f3n Vicenciana, de la que es cofundador. Actualmente es responsable del \u00e1rea de Espa\u00f1ol de .famvin, la Red de Noticias de la Familia Vicenciana. Tambi\u00e9n es m\u00fasico cat\u00f3lico y ha editado varios discos. Es Director General y cofundador de Trovador, una reconocida compa\u00f1\u00eda discogr\u00e1fica critiana de Espa\u00f1a. Trabaja en las Tecnolog\u00edas de la Informaci\u00f3n, ofreciendo servicios de alojamiento, dise\u00f1o y mantenimiento Web, as\u00ed como asesoramiento, formaci\u00f3n y soluciones inform\u00e1ticas, gesti\u00f3n documental y digitalizaci\u00f3n de textos, edici\u00f3n y maquetaci\u00f3n de libros, revistas, flyers, etc.\",\"sameAs\":[\"http:\/\/chento.org\",\"https:\/\/www.facebook.com\/JavierChento\",\"https:\/\/x.com\/https:\/\/twitter.com\/javierchento\"],\"url\":\"https:\/\/vincentians.com\/fr\/author\/chento\/\"}]}<\/script>\n<!-- \/ Yoast SEO plugin. -->","yoast_head_json":{"title":"Eph\u00e9m\u00e9rides: 28 mai - Nous Sommes Vincentiens","robots":{"index":"index","follow":"follow","max-snippet":"max-snippet:-1","max-image-preview":"max-image-preview:large","max-video-preview":"max-video-preview:-1"},"canonical":"https:\/\/vincentians.com\/fr\/ephemerides-28-mai\/","og_locale":"fr_FR","og_type":"article","og_title":"Eph\u00e9m\u00e9rides: 28 mai - Nous Sommes Vincentiens","og_description":"Pens\u00e9e de saint Vincent\u00a0: \u201cC\u2019est une tr\u00e8s belle d\u00e9votion de dire le chapelet, particuli\u00e8rement aux Filles de la Charit\u00e9 qui ont tant besoin de l\u2019assistance de Dieu pour avoir cette puret\u00e9 qui leur est si ... Read More","og_url":"https:\/\/vincentians.com\/fr\/ephemerides-28-mai\/","og_site_name":"Nous Sommes Vincentiens","article_publisher":"https:\/\/www.facebook.com\/WeAreVincentians\/","article_author":"https:\/\/www.facebook.com\/JavierChento","article_published_time":"2017-05-27T22:01:17+00:00","og_image":[{"width":1200,"height":630,"url":"https:\/\/i0.wp.com\/vincentians.com\/fr\/wp-content\/uploads\/sites\/10\/2016\/07\/ephemerides-fb.jpg?fit=1200%2C630&ssl=1","type":"image\/jpeg"}],"author":"Francisco Javier Fern\u00e1ndez Chento","twitter_card":"summary_large_image","twitter_creator":"@https:\/\/twitter.com\/javierchento","twitter_site":"@WeVincentians","twitter_misc":{"\u00c9crit par":"Francisco Javier Fern\u00e1ndez Chento","Dur\u00e9e de lecture estim\u00e9e":"3 minutes"},"schema":{"@context":"https:\/\/schema.org","@graph":[{"@type":"WebPage","@id":"https:\/\/vincentians.com\/fr\/ephemerides-28-mai\/","url":"https:\/\/vincentians.com\/fr\/ephemerides-28-mai\/","name":"Eph\u00e9m\u00e9rides: 28 mai - Nous Sommes Vincentiens","isPartOf":{"@id":"https:\/\/vincentians.com\/fr\/#website"},"primaryImageOfPage":{"@id":"https:\/\/vincentians.com\/fr\/ephemerides-28-mai\/#primaryimage"},"image":{"@id":"https:\/\/vincentians.com\/fr\/ephemerides-28-mai\/#primaryimage"},"thumbnailUrl":"https:\/\/i0.wp.com\/vincentians.com\/fr\/wp-content\/uploads\/sites\/10\/2016\/07\/ephemerides-fb.jpg?fit=1200%2C630&ssl=1","datePublished":"2017-05-27T22:01:17+00:00","author":{"@id":"https:\/\/vincentians.com\/fr\/#\/schema\/person\/9623ef4d9aa3b2dfb8c061f1499288f2"},"breadcrumb":{"@id":"https:\/\/vincentians.com\/fr\/ephemerides-28-mai\/#breadcrumb"},"inLanguage":"fr-FR","potentialAction":[{"@type":"ReadAction","target":["https:\/\/vincentians.com\/fr\/ephemerides-28-mai\/"]}]},{"@type":"ImageObject","inLanguage":"fr-FR","@id":"https:\/\/vincentians.com\/fr\/ephemerides-28-mai\/#primaryimage","url":"https:\/\/i0.wp.com\/vincentians.com\/fr\/wp-content\/uploads\/sites\/10\/2016\/07\/ephemerides-fb.jpg?fit=1200%2C630&ssl=1","contentUrl":"https:\/\/i0.wp.com\/vincentians.com\/fr\/wp-content\/uploads\/sites\/10\/2016\/07\/ephemerides-fb.jpg?fit=1200%2C630&ssl=1","width":1200,"height":630},{"@type":"BreadcrumbList","@id":"https:\/\/vincentians.com\/fr\/ephemerides-28-mai\/#breadcrumb","itemListElement":[{"@type":"ListItem","position":1,"name":"Portada","item":"https:\/\/vincentians.com\/fr\/"},{"@type":"ListItem","position":2,"name":"Eph\u00e9m\u00e9rides: 28 mai"}]},{"@type":"WebSite","@id":"https:\/\/vincentians.com\/fr\/#website","url":"https:\/\/vincentians.com\/fr\/","name":"Nous Sommes Vincentiens","description":"Know more to serve more","potentialAction":[{"@type":"SearchAction","target":{"@type":"EntryPoint","urlTemplate":"https:\/\/vincentians.com\/fr\/?s={search_term_string}"},"query-input":{"@type":"PropertyValueSpecification","valueRequired":true,"valueName":"search_term_string"}}],"inLanguage":"fr-FR"},{"@type":"Person","@id":"https:\/\/vincentians.com\/fr\/#\/schema\/person\/9623ef4d9aa3b2dfb8c061f1499288f2","name":"Francisco Javier Fern\u00e1ndez Chento","image":{"@type":"ImageObject","inLanguage":"fr-FR","@id":"https:\/\/vincentians.com\/fr\/#\/schema\/person\/image\/","url":"https:\/\/secure.gravatar.com\/avatar\/497d5cde87b4c3d097d0315953521681ba2cd523ee66e5077c3711f7021e65de?s=96&d=mm&r=g","contentUrl":"https:\/\/secure.gravatar.com\/avatar\/497d5cde87b4c3d097d0315953521681ba2cd523ee66e5077c3711f7021e65de?s=96&d=mm&r=g","caption":"Francisco Javier Fern\u00e1ndez Chento"},"description":"Director General y cofundador de La Red de Formaci\u00f3n Vicenciana. Javier es laico vicenciano, afiliado a la Congregaci\u00f3n de la Misi\u00f3n y miembro del Equipo de Misiones Populares de la provincia can\u00f3nica de Zaragoza (Espa\u00f1a) de la Congregaci\u00f3n de la Misi\u00f3n. Graduado en la Universidad Oberta de Catalunya con cuatro grados (Asistente de direcci\u00f3n, Gesti\u00f3n Administrativa, Recursos Humanos y Contabilidad Avanzada). Bil\u00edng\u00fce Espa\u00f1ol\/Ingl\u00e9s. gestiona y mantiene varias p\u00e1ginas web cristianas y vicencianas, incluida including La Red de Formaci\u00f3n Vicenciana, de la que es cofundador. Actualmente es responsable del \u00e1rea de Espa\u00f1ol de .famvin, la Red de Noticias de la Familia Vicenciana. Tambi\u00e9n es m\u00fasico cat\u00f3lico y ha editado varios discos. Es Director General y cofundador de Trovador, una reconocida compa\u00f1\u00eda discogr\u00e1fica critiana de Espa\u00f1a. Trabaja en las Tecnolog\u00edas de la Informaci\u00f3n, ofreciendo servicios de alojamiento, dise\u00f1o y mantenimiento Web, as\u00ed como asesoramiento, formaci\u00f3n y soluciones inform\u00e1ticas, gesti\u00f3n documental y digitalizaci\u00f3n de textos, edici\u00f3n y maquetaci\u00f3n de libros, revistas, flyers, etc.","sameAs":["http:\/\/chento.org","https:\/\/www.facebook.com\/JavierChento","https:\/\/x.com\/https:\/\/twitter.com\/javierchento"],"url":"https:\/\/vincentians.com\/fr\/author\/chento\/"}]}},"jetpack_publicize_connections":[],"jetpack_featured_media_url":"https:\/\/i0.wp.com\/vincentians.com\/fr\/wp-content\/uploads\/sites\/10\/2016\/07\/ephemerides-fb.jpg?fit=1200%2C630&ssl=1","jetpack_sharing_enabled":true,"jetpack_shortlink":"https:\/\/wp.me\/p7ETMP-rHc","jetpack-related-posts":[{"id":190377,"url":"https:\/\/vincentians.com\/fr\/ephemerides-07-mai\/","url_meta":{"origin":106466,"position":0},"title":"Eph\u00e9m\u00e9rides : 07 mai","author":"Francisco Javier Fern\u00e1ndez Chento","date":"07\/05\/2017","format":false,"excerpt":"1711. \u00c0 Paris, ouverture de la huiti\u00e8me Assembl\u00e9e g\u00e9n\u00e9rale. Elle aurait d\u00fb commencer une semaine plus t\u00f4t\u00a0; mais il fallut attendre l'arriv\u00e9e des d\u00e9put\u00e9s d'Italie et de Pologne, ainsi que M. H\u00e9nin, visiteur d'Aquitaine. R\u00e9unis sous la pr\u00e9sidence du vicaire g\u00e9n\u00e9ral, M. Jean Bonnet, les vingt-huit membres donnent, deux jours\u2026","rel":"","context":"Dans &quot;\u00c9ph\u00e9m\u00e9rides vincentiens&quot;","block_context":{"text":"\u00c9ph\u00e9m\u00e9rides vincentiens","link":"https:\/\/vincentians.com\/fr\/category\/ephemerides-vincentiens\/"},"img":{"alt_text":"","src":"https:\/\/i0.wp.com\/vincentians.com\/fr\/wp-content\/uploads\/sites\/10\/2016\/07\/ephemerides-fb.jpg?fit=1200%2C630&ssl=1&resize=350%2C200","width":350,"height":200,"srcset":"https:\/\/i0.wp.com\/vincentians.com\/fr\/wp-content\/uploads\/sites\/10\/2016\/07\/ephemerides-fb.jpg?fit=1200%2C630&ssl=1&resize=350%2C200 1x, https:\/\/i0.wp.com\/vincentians.com\/fr\/wp-content\/uploads\/sites\/10\/2016\/07\/ephemerides-fb.jpg?fit=1200%2C630&ssl=1&resize=525%2C300 1.5x, https:\/\/i0.wp.com\/vincentians.com\/fr\/wp-content\/uploads\/sites\/10\/2016\/07\/ephemerides-fb.jpg?fit=1200%2C630&ssl=1&resize=700%2C400 2x, https:\/\/i0.wp.com\/vincentians.com\/fr\/wp-content\/uploads\/sites\/10\/2016\/07\/ephemerides-fb.jpg?fit=1200%2C630&ssl=1&resize=1050%2C600 3x"},"classes":[]},{"id":106467,"url":"https:\/\/vincentians.com\/fr\/ephemerides-29-mai\/","url_meta":{"origin":106466,"position":1},"title":"Eph\u00e9m\u00e9rides: 29 mai","author":"Francisco Javier Fern\u00e1ndez Chento","date":"29\/05\/2017","format":false,"excerpt":"En 1647, saint Vincent d\u00e9clare \u00e0 nos Premi\u00e8res S\u0153urs\u00a0: \u201cII ne faut pas de retardement en ce qui concerne le Service des Pauvres\u2026 \u201cVous quittez l\u2019oraison ou la lecture ou vous perdez le silence pour assister un pauvre, oh\u00a0! sachez mes filles, que faire tout cela c\u2019est Le servir.\u2026 \u201cQuelle\u2026","rel":"","context":"Dans &quot;\u00c9ph\u00e9m\u00e9rides vincentiens&quot;","block_context":{"text":"\u00c9ph\u00e9m\u00e9rides vincentiens","link":"https:\/\/vincentians.com\/fr\/category\/ephemerides-vincentiens\/"},"img":{"alt_text":"","src":"https:\/\/i0.wp.com\/vincentians.com\/fr\/wp-content\/uploads\/sites\/10\/2016\/07\/ephemerides-fb.jpg?fit=1200%2C630&ssl=1&resize=350%2C200","width":350,"height":200,"srcset":"https:\/\/i0.wp.com\/vincentians.com\/fr\/wp-content\/uploads\/sites\/10\/2016\/07\/ephemerides-fb.jpg?fit=1200%2C630&ssl=1&resize=350%2C200 1x, https:\/\/i0.wp.com\/vincentians.com\/fr\/wp-content\/uploads\/sites\/10\/2016\/07\/ephemerides-fb.jpg?fit=1200%2C630&ssl=1&resize=525%2C300 1.5x, https:\/\/i0.wp.com\/vincentians.com\/fr\/wp-content\/uploads\/sites\/10\/2016\/07\/ephemerides-fb.jpg?fit=1200%2C630&ssl=1&resize=700%2C400 2x, https:\/\/i0.wp.com\/vincentians.com\/fr\/wp-content\/uploads\/sites\/10\/2016\/07\/ephemerides-fb.jpg?fit=1200%2C630&ssl=1&resize=1050%2C600 3x"},"classes":[]},{"id":190382,"url":"https:\/\/vincentians.com\/fr\/ephemerides-03-mai\/","url_meta":{"origin":106466,"position":2},"title":"Eph\u00e9m\u00e9rides : 03 mai","author":"Francisco Javier Fern\u00e1ndez Chento","date":"03\/05\/2017","format":false,"excerpt":"1878. \u00c0 Paris, \u00e0 dix heures trente du soir, mort de M. Eug\u00e8ne Bor\u00e9, sup\u00e9rieur g\u00e9n\u00e9ral. Lorsque, quatre ans auparavant, l'Assembl\u00e9e l'avait choisi pour succ\u00e9der \u00e0 M. Etienne, chacun pensait que sa solide sant\u00e9 le garderait longtemps \u00e0 la t\u00eate de la double famille de saint Vincent\u00a0; et d'ailleurs, l'avant-veille\u2026","rel":"","context":"Dans &quot;\u00c9ph\u00e9m\u00e9rides vincentiens&quot;","block_context":{"text":"\u00c9ph\u00e9m\u00e9rides vincentiens","link":"https:\/\/vincentians.com\/fr\/category\/ephemerides-vincentiens\/"},"img":{"alt_text":"","src":"https:\/\/i0.wp.com\/vincentians.com\/fr\/wp-content\/uploads\/sites\/10\/2016\/07\/ephemerides-fb.jpg?fit=1200%2C630&ssl=1&resize=350%2C200","width":350,"height":200,"srcset":"https:\/\/i0.wp.com\/vincentians.com\/fr\/wp-content\/uploads\/sites\/10\/2016\/07\/ephemerides-fb.jpg?fit=1200%2C630&ssl=1&resize=350%2C200 1x, https:\/\/i0.wp.com\/vincentians.com\/fr\/wp-content\/uploads\/sites\/10\/2016\/07\/ephemerides-fb.jpg?fit=1200%2C630&ssl=1&resize=525%2C300 1.5x, https:\/\/i0.wp.com\/vincentians.com\/fr\/wp-content\/uploads\/sites\/10\/2016\/07\/ephemerides-fb.jpg?fit=1200%2C630&ssl=1&resize=700%2C400 2x, https:\/\/i0.wp.com\/vincentians.com\/fr\/wp-content\/uploads\/sites\/10\/2016\/07\/ephemerides-fb.jpg?fit=1200%2C630&ssl=1&resize=1050%2C600 3x"},"classes":[]},{"id":190378,"url":"https:\/\/vincentians.com\/fr\/ephemerides-08-mai\/","url_meta":{"origin":106466,"position":3},"title":"Eph\u00e9m\u00e9rides : 08 mai","author":"Francisco Javier Fern\u00e1ndez Chento","date":"08\/05\/2017","format":false,"excerpt":"1632. La peine de mort est prononc\u00e9e contre l\u2019oncle de sainte Louise, le Mar\u00e9chal de Marillac. Saint Vincent la console de son mieux\u00a0: \u201cHonorons l\u00e0-dedans le bon plaisir de Dieu et le bonheur de ceux qui honorent le supplice du Fils de Dieu par le leur. Il ne nous importe\u2026","rel":"","context":"Dans &quot;\u00c9ph\u00e9m\u00e9rides vincentiens&quot;","block_context":{"text":"\u00c9ph\u00e9m\u00e9rides vincentiens","link":"https:\/\/vincentians.com\/fr\/category\/ephemerides-vincentiens\/"},"img":{"alt_text":"","src":"https:\/\/i0.wp.com\/vincentians.com\/fr\/wp-content\/uploads\/sites\/10\/2016\/07\/ephemerides-fb.jpg?fit=1200%2C630&ssl=1&resize=350%2C200","width":350,"height":200,"srcset":"https:\/\/i0.wp.com\/vincentians.com\/fr\/wp-content\/uploads\/sites\/10\/2016\/07\/ephemerides-fb.jpg?fit=1200%2C630&ssl=1&resize=350%2C200 1x, https:\/\/i0.wp.com\/vincentians.com\/fr\/wp-content\/uploads\/sites\/10\/2016\/07\/ephemerides-fb.jpg?fit=1200%2C630&ssl=1&resize=525%2C300 1.5x, https:\/\/i0.wp.com\/vincentians.com\/fr\/wp-content\/uploads\/sites\/10\/2016\/07\/ephemerides-fb.jpg?fit=1200%2C630&ssl=1&resize=700%2C400 2x, https:\/\/i0.wp.com\/vincentians.com\/fr\/wp-content\/uploads\/sites\/10\/2016\/07\/ephemerides-fb.jpg?fit=1200%2C630&ssl=1&resize=1050%2C600 3x"},"classes":[]},{"id":106433,"url":"https:\/\/vincentians.com\/fr\/ephemerides-18-mai\/","url_meta":{"origin":106466,"position":4},"title":"Eph\u00e9m\u00e9rides: 18 mai","author":"Francisco Javier Fern\u00e1ndez Chento","date":"18\/05\/2017","format":false,"excerpt":"En 1705, \u00e0 Casale, dans l'actuelle province lazariste de Turin, Fran\u00e7ois Baly, - un bon chanoine qui deviendra archev\u00eaque de M\u00e9lit\u00e9ne, - donne l'une de ses maisons et un jardin pour que les Pr\u00eatres de la Mission puissent s'\u00e9tablir. Il vient ainsi au secours de notre confr\u00e8re, M. Pierre Dona,\u2026","rel":"","context":"Dans &quot;\u00c9ph\u00e9m\u00e9rides vincentiens&quot;","block_context":{"text":"\u00c9ph\u00e9m\u00e9rides vincentiens","link":"https:\/\/vincentians.com\/fr\/category\/ephemerides-vincentiens\/"},"img":{"alt_text":"","src":"https:\/\/i0.wp.com\/vincentians.com\/fr\/wp-content\/uploads\/sites\/10\/2016\/07\/ephemerides-fb.jpg?fit=1200%2C630&ssl=1&resize=350%2C200","width":350,"height":200,"srcset":"https:\/\/i0.wp.com\/vincentians.com\/fr\/wp-content\/uploads\/sites\/10\/2016\/07\/ephemerides-fb.jpg?fit=1200%2C630&ssl=1&resize=350%2C200 1x, https:\/\/i0.wp.com\/vincentians.com\/fr\/wp-content\/uploads\/sites\/10\/2016\/07\/ephemerides-fb.jpg?fit=1200%2C630&ssl=1&resize=525%2C300 1.5x, https:\/\/i0.wp.com\/vincentians.com\/fr\/wp-content\/uploads\/sites\/10\/2016\/07\/ephemerides-fb.jpg?fit=1200%2C630&ssl=1&resize=700%2C400 2x, https:\/\/i0.wp.com\/vincentians.com\/fr\/wp-content\/uploads\/sites\/10\/2016\/07\/ephemerides-fb.jpg?fit=1200%2C630&ssl=1&resize=1050%2C600 3x"},"classes":[]},{"id":106457,"url":"https:\/\/vincentians.com\/fr\/ephemerides-27-mai\/","url_meta":{"origin":106466,"position":5},"title":"Eph\u00e9m\u00e9rides: 27 mai","author":"Francisco Javier Fern\u00e1ndez Chento","date":"27\/05\/2017","format":false,"excerpt":"En 1804, au palais de Saint-Cloud, Napol\u00e9on signe le d\u00e9cret r\u00e9tablissant la petite Compagnie. Pour m\u00e9nager les susceptibilit\u00e9s r\u00e9volutionnaires et jacobines, le texte \u00e9vite d'employer les mots \u00ab Congr\u00e9gation de la Mission \u00bb et se contente de parler d\u2019une \u00ab association de pr\u00eatres s\u00e9culiers qui, sous le titre de pr\u00eatres\u2026","rel":"","context":"Dans &quot;\u00c9ph\u00e9m\u00e9rides vincentiens&quot;","block_context":{"text":"\u00c9ph\u00e9m\u00e9rides vincentiens","link":"https:\/\/vincentians.com\/fr\/category\/ephemerides-vincentiens\/"},"img":{"alt_text":"","src":"https:\/\/i0.wp.com\/vincentians.com\/fr\/wp-content\/uploads\/sites\/10\/2016\/07\/ephemerides-fb.jpg?fit=1200%2C630&ssl=1&resize=350%2C200","width":350,"height":200,"srcset":"https:\/\/i0.wp.com\/vincentians.com\/fr\/wp-content\/uploads\/sites\/10\/2016\/07\/ephemerides-fb.jpg?fit=1200%2C630&ssl=1&resize=350%2C200 1x, https:\/\/i0.wp.com\/vincentians.com\/fr\/wp-content\/uploads\/sites\/10\/2016\/07\/ephemerides-fb.jpg?fit=1200%2C630&ssl=1&resize=525%2C300 1.5x, https:\/\/i0.wp.com\/vincentians.com\/fr\/wp-content\/uploads\/sites\/10\/2016\/07\/ephemerides-fb.jpg?fit=1200%2C630&ssl=1&resize=700%2C400 2x, https:\/\/i0.wp.com\/vincentians.com\/fr\/wp-content\/uploads\/sites\/10\/2016\/07\/ephemerides-fb.jpg?fit=1200%2C630&ssl=1&resize=1050%2C600 3x"},"classes":[]}],"_links":{"self":[{"href":"https:\/\/vincentians.com\/fr\/wp-json\/wp\/v2\/posts\/106466","targetHints":{"allow":["GET"]}}],"collection":[{"href":"https:\/\/vincentians.com\/fr\/wp-json\/wp\/v2\/posts"}],"about":[{"href":"https:\/\/vincentians.com\/fr\/wp-json\/wp\/v2\/types\/post"}],"author":[{"embeddable":true,"href":"https:\/\/vincentians.com\/fr\/wp-json\/wp\/v2\/users\/4"}],"replies":[{"embeddable":true,"href":"https:\/\/vincentians.com\/fr\/wp-json\/wp\/v2\/comments?post=106466"}],"version-history":[{"count":0,"href":"https:\/\/vincentians.com\/fr\/wp-json\/wp\/v2\/posts\/106466\/revisions"}],"wp:featuredmedia":[{"embeddable":true,"href":"https:\/\/vincentians.com\/fr\/wp-json\/wp\/v2\/media\/149897"}],"wp:attachment":[{"href":"https:\/\/vincentians.com\/fr\/wp-json\/wp\/v2\/media?parent=106466"}],"wp:term":[{"taxonomy":"category","embeddable":true,"href":"https:\/\/vincentians.com\/fr\/wp-json\/wp\/v2\/categories?post=106466"},{"taxonomy":"post_tag","embeddable":true,"href":"https:\/\/vincentians.com\/fr\/wp-json\/wp\/v2\/tags?post=106466"}],"curies":[{"name":"wp","href":"https:\/\/api.w.org\/{rel}","templated":true}]}}