{"id":106454,"date":"2017-05-24T00:01:17","date_gmt":"2017-05-23T22:01:17","guid":{"rendered":"http:\/\/vincentiens.org\/?p=106454"},"modified":"2017-05-24T00:01:17","modified_gmt":"2017-05-23T22:01:17","slug":"ephemerides-24-mai","status":"publish","type":"post","link":"https:\/\/vincentians.com\/fr\/ephemerides-24-mai\/","title":{"rendered":"Eph\u00e9m\u00e9rides: 24 mai"},"content":{"rendered":"<p><strong>En 1804, <\/strong>la Congr\u00e9gation de la Mission est r\u00e9tablie en France. Supprim\u00e9e de nouveau le 26 septembre 1809, elle sera autoris\u00e9e le 3 f\u00e9vrier 1816.(R)<\/p>\n<p><strong>En 1852, <\/strong>la premi\u00e8re \u00e9quipe de 12 S\u0153urs envoy\u00e9es en Chine est \u00e0 Macao depuis juin de l\u2019ann\u00e9e pr\u00e9c\u00e9dente. Il faut pourtant repartir pour Ning-Po. On leur fait place sur une corvette fran\u00e7aise o\u00f9 tous leur font f\u00eate. Elles s\u2019y tiennent \u00e0 leur place et rendent service.<\/p>\n<p>Le lieutenant du vaisseau \u00e9crit \u00e0 sa m\u00e8re\u00a0: \u201cRien n\u2019est doux et touchant comme ce d\u00e9vouement si complet et si simple des Filles de la Charit\u00e9. Cette absence de tout petit man\u00e8ge f\u00e9minin, ce d\u00e9sir de s\u2019employer pour rendre service et non pour para\u00eetre utile, cette gaiet\u00e9 si douce et si \u00e9gale, ce sont l\u00e0 des qualit\u00e9s qui faisaient de leur commerce un plaisir pour nous\u201d. Il faudra presque un mois pour atteindre Ning-Po, elles y d\u00e9barqueront le 21 juin.(R)<\/p>\n<p><strong>En 1871, <\/strong>la lib\u00e9ration de Paris continue, mais la rue du Bac est en feu. La Communaut\u00e9 se r\u00e9fugie \u00e0 l\u2019ouvroir Saint-Joseph. Dans les rues voisines on \u00e9l\u00e8ve des barricades, mais petit \u00e0 petit, les Maisons de nos S\u0153urs se rouvriront, et la Maison-M\u00e8re reprendra ses occupations.(R)<\/p>\n<p><strong>En 1884<\/strong>, \u00e0 <em>P\u00e9kin<\/em>, \u00e0 dix heures du matin, le vicaire apostolique du <em>Tch\u00e9ly septentrional,<\/em> Mgr Louis-Gabriel Delaplace, \u00e9v\u00eaque titulaire d&rsquo;<em>Andrinople<\/em>, us\u00e9 par les labeurs d&rsquo;un apostolat mouvement\u00e9, meurt dans sa soixante-cinqui\u00e8me ann\u00e9e. N\u00e9 \u00e0 <em>Auxerre<\/em>, le 21 janvier 1820, il est diacre quand, du grand s\u00e9minaire de <em>Sens<\/em>, il vient \u00e0 la Maison-M\u00e8re en 1842. Il veut \u00eatre missionnaire et il veut la Chine. Sa riche personnalit\u00e9 faite de franchise, d&rsquo;intelligence, de ga\u00eet\u00e9, et m\u00eame d&rsquo;esprit, appara\u00eet d\u00e9j\u00e0 dans un petit trait. Un jour, revenant du parloir, il grimpait quatre \u00e0 quatre l&rsquo;un des escaliers de la Maison-M\u00e8re, juste au moment o\u00f9 le P\u00e8re Etienne le descendait, mais, lui, avec toute sa majest\u00e9. D\u00e9j\u00e0, le sup\u00e9rieur g\u00e9n\u00e9ral fron\u00e7ait le sourcil, mais d\u00e9j\u00e0 aussi M. Delaplace lui lan\u00e7ait : \u00ab N&rsquo;est-ce pas, mon P\u00e8re, que j&rsquo;escaladerai bien les montagnes de Chine ? \u00bb Et M. Etienne ne put que sourire. Ordonn\u00e9 pr\u00eatre \u00e0 Saint-Sulpice par Mgr Affre, Louis Delaplace est d&rsquo;abord donn\u00e9 comme missionnaire \u00e0 la maison de <em>Tours<\/em>. Et certes, sa chaude \u00e9loquence et son z\u00e8le le pr\u00e9disposaient \u00e0 cette fonction. Quarante ans apr\u00e8s, \u00e0 <em>Chinon<\/em>, on parlait encore de cette fameuse mission qu&rsquo;il y pr\u00eacha et o\u00f9, ayant appris qu&rsquo;enfin le P. Etienne l&rsquo;envoyait en Chine, il bouleversa son auditoire par les accents que l&rsquo;heureuse nouvelle lui inspira. Apr\u00e8s huit mois de navigation et un s\u00e9jour \u00e0 <em>Macao<\/em>, o\u00f9 il s&rsquo;assimile rapidement la langue chinoise qu&rsquo;il parlera \u00e0 la perfection, M. Delaplace commence sa vraie vie : la rude vie missionnaire dans la Chine des environs de 1850. D\u00e8s ses premiers pas \u00e0 travers les montagnes du <em>Ho-nan<\/em> o\u00f9 il retrouve les traces encore fra\u00eeches des bienheureux Clet et Perboyre, sa foi vibrante, son z\u00e8le qui s&rsquo;appuie sur une rare prudence, sa fine compr\u00e9hension de l&rsquo;\u00e2me chinoise lui permettent d&rsquo;arracher \u00e0 leur peureuse apathie les chr\u00e9tiens de son district. A trente-deux ans, en pleine pers\u00e9cution, il est sacr\u00e9 \u00e9v\u00eaque. Le <em>Kiang-si,<\/em> pendant deux ans, le <em>Tch\u00e9kiang<\/em> pendant seize ans, et le <em>Tch\u00e9ly septentrional<\/em> auront le privil\u00e8ge de l&rsquo;avoir pour vicaire apostolique. Malgr\u00e9 tous les obstacles, il d\u00e9clenche partout un \u00e9lan de christianisme qui n&rsquo;est pas un feu de paille, car Mgr Delaplace sait ce qu&rsquo;il doit faire et il le fait quand il le faut. A partir du moment o\u00f9, en 1863, l&rsquo;arm\u00e9e franco-chinoise dont la sage diplomatie de l&rsquo;\u00e9v\u00eaque a rendu possible la mise sur pied et dont il se fait l&rsquo;aum\u00f4nier, r\u00e9ussit \u00e0 vaincre l&rsquo;arm\u00e9e des rebelles, les Chinois regardent Mgr Delaplace comme leur lib\u00e9rateur. Le vicaire apostolique en profite pour abandonner sa premi\u00e8re m\u00e9thode, celle qu&rsquo;il appelait la m\u00e9thode \u00ab <em>de la t\u00eate sous<\/em><em> l&rsquo;herbe<\/em> \u00bb, et il peut travailler au grand jour, donnant au christianisme un prestige extraordinaire (1).<\/p>\n<p>&#8212;&#8212;&#8212;&#8212;&#8212;&#8212;&#8212;&#8212;&#8212;&#8212;&#8212;&#8212;&#8212;&#8212;&#8212;&#8212;&#8212;&#8212;&#8212;&#8212;&#8212;&#8212;&#8212;&#8212;&#8212;&#8212;&#8212;&#8212;&#8212;&#8212;&#8212;&#8212;&#8212;&#8212;&#8212;&#8211;<\/p>\n<p>(1) <em>Vie et Apostolat de Mgr Delaplace<\/em>, Auxerre, Octave Chambon, 1892.<\/p>\n","protected":false},"excerpt":{"rendered":"<p>En 1804, la Congr\u00e9gation de la Mission est r\u00e9tablie en France. Supprim\u00e9e de nouveau le 26 septembre 1809, elle sera autoris\u00e9e le 3 f\u00e9vrier 1816.(R) En 1852, la premi\u00e8re \u00e9quipe de 12 S\u0153urs envoy\u00e9es en &#8230; <a href=\"https:\/\/vincentians.com\/fr\/ephemerides-24-mai\/\" class=\"more-link\">Read More<\/a><\/p>\n","protected":false},"author":4,"featured_media":149897,"comment_status":"open","ping_status":"open","sticky":false,"template":"","format":"standard","meta":{"jetpack_post_was_ever_published":false,"_jetpack_newsletter_access":"","_jetpack_dont_email_post_to_subs":false,"_jetpack_newsletter_tier_id":0,"_jetpack_memberships_contains_paywalled_content":false,"_jetpack_memberships_contains_paid_content":false,"footnotes":"","jetpack_publicize_message":"","jetpack_publicize_feature_enabled":true,"jetpack_social_post_already_shared":true,"jetpack_social_options":{"image_generator_settings":{"template":"highway","default_image_id":0,"font":"","enabled":false},"version":2}},"categories":[119],"tags":[],"class_list":["post-106454","post","type-post","status-publish","format-standard","has-post-thumbnail","hentry","category-ephemerides-vincentiens"],"yoast_head":"<!-- This site is optimized with the Yoast SEO plugin v26.3 - https:\/\/yoast.com\/wordpress\/plugins\/seo\/ -->\n<title>Eph\u00e9m\u00e9rides: 24 mai - Nous Sommes Vincentiens<\/title>\n<meta name=\"robots\" content=\"index, follow, max-snippet:-1, max-image-preview:large, max-video-preview:-1\" \/>\n<link rel=\"canonical\" href=\"https:\/\/vincentians.com\/fr\/ephemerides-24-mai\/\" \/>\n<meta property=\"og:locale\" content=\"fr_FR\" \/>\n<meta property=\"og:type\" content=\"article\" \/>\n<meta property=\"og:title\" content=\"Eph\u00e9m\u00e9rides: 24 mai - Nous Sommes Vincentiens\" \/>\n<meta property=\"og:description\" content=\"En 1804, la Congr\u00e9gation de la Mission est r\u00e9tablie en France. Supprim\u00e9e de nouveau le 26 septembre 1809, elle sera autoris\u00e9e le 3 f\u00e9vrier 1816.(R) En 1852, la premi\u00e8re \u00e9quipe de 12 S\u0153urs envoy\u00e9es en ... Read More\" \/>\n<meta property=\"og:url\" content=\"https:\/\/vincentians.com\/fr\/ephemerides-24-mai\/\" \/>\n<meta property=\"og:site_name\" content=\"Nous Sommes Vincentiens\" \/>\n<meta property=\"article:publisher\" content=\"https:\/\/www.facebook.com\/WeAreVincentians\/\" \/>\n<meta property=\"article:author\" content=\"https:\/\/www.facebook.com\/JavierChento\" \/>\n<meta property=\"article:published_time\" content=\"2017-05-23T22:01:17+00:00\" \/>\n<meta property=\"og:image\" content=\"https:\/\/i0.wp.com\/vincentians.com\/fr\/wp-content\/uploads\/sites\/10\/2016\/07\/ephemerides-fb.jpg?fit=1200%2C630&ssl=1\" \/>\n\t<meta property=\"og:image:width\" content=\"1200\" \/>\n\t<meta property=\"og:image:height\" content=\"630\" \/>\n\t<meta property=\"og:image:type\" content=\"image\/jpeg\" \/>\n<meta name=\"author\" content=\"Francisco Javier Fern\u00e1ndez Chento\" \/>\n<meta name=\"twitter:card\" content=\"summary_large_image\" \/>\n<meta name=\"twitter:creator\" content=\"@https:\/\/twitter.com\/javierchento\" \/>\n<meta name=\"twitter:site\" content=\"@WeVincentians\" \/>\n<meta name=\"twitter:label1\" content=\"\u00c9crit par\" \/>\n\t<meta name=\"twitter:data1\" content=\"Francisco Javier Fern\u00e1ndez Chento\" \/>\n\t<meta name=\"twitter:label2\" content=\"Dur\u00e9e de lecture estim\u00e9e\" \/>\n\t<meta name=\"twitter:data2\" content=\"4 minutes\" \/>\n<script type=\"application\/ld+json\" class=\"yoast-schema-graph\">{\"@context\":\"https:\/\/schema.org\",\"@graph\":[{\"@type\":\"WebPage\",\"@id\":\"https:\/\/vincentians.com\/fr\/ephemerides-24-mai\/\",\"url\":\"https:\/\/vincentians.com\/fr\/ephemerides-24-mai\/\",\"name\":\"Eph\u00e9m\u00e9rides: 24 mai - Nous Sommes Vincentiens\",\"isPartOf\":{\"@id\":\"https:\/\/vincentians.com\/fr\/#website\"},\"primaryImageOfPage\":{\"@id\":\"https:\/\/vincentians.com\/fr\/ephemerides-24-mai\/#primaryimage\"},\"image\":{\"@id\":\"https:\/\/vincentians.com\/fr\/ephemerides-24-mai\/#primaryimage\"},\"thumbnailUrl\":\"https:\/\/i0.wp.com\/vincentians.com\/fr\/wp-content\/uploads\/sites\/10\/2016\/07\/ephemerides-fb.jpg?fit=1200%2C630&ssl=1\",\"datePublished\":\"2017-05-23T22:01:17+00:00\",\"author\":{\"@id\":\"https:\/\/vincentians.com\/fr\/#\/schema\/person\/9623ef4d9aa3b2dfb8c061f1499288f2\"},\"breadcrumb\":{\"@id\":\"https:\/\/vincentians.com\/fr\/ephemerides-24-mai\/#breadcrumb\"},\"inLanguage\":\"fr-FR\",\"potentialAction\":[{\"@type\":\"ReadAction\",\"target\":[\"https:\/\/vincentians.com\/fr\/ephemerides-24-mai\/\"]}]},{\"@type\":\"ImageObject\",\"inLanguage\":\"fr-FR\",\"@id\":\"https:\/\/vincentians.com\/fr\/ephemerides-24-mai\/#primaryimage\",\"url\":\"https:\/\/i0.wp.com\/vincentians.com\/fr\/wp-content\/uploads\/sites\/10\/2016\/07\/ephemerides-fb.jpg?fit=1200%2C630&ssl=1\",\"contentUrl\":\"https:\/\/i0.wp.com\/vincentians.com\/fr\/wp-content\/uploads\/sites\/10\/2016\/07\/ephemerides-fb.jpg?fit=1200%2C630&ssl=1\",\"width\":1200,\"height\":630},{\"@type\":\"BreadcrumbList\",\"@id\":\"https:\/\/vincentians.com\/fr\/ephemerides-24-mai\/#breadcrumb\",\"itemListElement\":[{\"@type\":\"ListItem\",\"position\":1,\"name\":\"Portada\",\"item\":\"https:\/\/vincentians.com\/fr\/\"},{\"@type\":\"ListItem\",\"position\":2,\"name\":\"Eph\u00e9m\u00e9rides: 24 mai\"}]},{\"@type\":\"WebSite\",\"@id\":\"https:\/\/vincentians.com\/fr\/#website\",\"url\":\"https:\/\/vincentians.com\/fr\/\",\"name\":\"Nous Sommes Vincentiens\",\"description\":\"Know more to serve more\",\"potentialAction\":[{\"@type\":\"SearchAction\",\"target\":{\"@type\":\"EntryPoint\",\"urlTemplate\":\"https:\/\/vincentians.com\/fr\/?s={search_term_string}\"},\"query-input\":{\"@type\":\"PropertyValueSpecification\",\"valueRequired\":true,\"valueName\":\"search_term_string\"}}],\"inLanguage\":\"fr-FR\"},{\"@type\":\"Person\",\"@id\":\"https:\/\/vincentians.com\/fr\/#\/schema\/person\/9623ef4d9aa3b2dfb8c061f1499288f2\",\"name\":\"Francisco Javier Fern\u00e1ndez Chento\",\"image\":{\"@type\":\"ImageObject\",\"inLanguage\":\"fr-FR\",\"@id\":\"https:\/\/vincentians.com\/fr\/#\/schema\/person\/image\/\",\"url\":\"https:\/\/secure.gravatar.com\/avatar\/497d5cde87b4c3d097d0315953521681ba2cd523ee66e5077c3711f7021e65de?s=96&d=mm&r=g\",\"contentUrl\":\"https:\/\/secure.gravatar.com\/avatar\/497d5cde87b4c3d097d0315953521681ba2cd523ee66e5077c3711f7021e65de?s=96&d=mm&r=g\",\"caption\":\"Francisco Javier Fern\u00e1ndez Chento\"},\"description\":\"Director General y cofundador de La Red de Formaci\u00f3n Vicenciana. Javier es laico vicenciano, afiliado a la Congregaci\u00f3n de la Misi\u00f3n y miembro del Equipo de Misiones Populares de la provincia can\u00f3nica de Zaragoza (Espa\u00f1a) de la Congregaci\u00f3n de la Misi\u00f3n. Graduado en la Universidad Oberta de Catalunya con cuatro grados (Asistente de direcci\u00f3n, Gesti\u00f3n Administrativa, Recursos Humanos y Contabilidad Avanzada). Bil\u00edng\u00fce Espa\u00f1ol\/Ingl\u00e9s. gestiona y mantiene varias p\u00e1ginas web cristianas y vicencianas, incluida including La Red de Formaci\u00f3n Vicenciana, de la que es cofundador. Actualmente es responsable del \u00e1rea de Espa\u00f1ol de .famvin, la Red de Noticias de la Familia Vicenciana. Tambi\u00e9n es m\u00fasico cat\u00f3lico y ha editado varios discos. Es Director General y cofundador de Trovador, una reconocida compa\u00f1\u00eda discogr\u00e1fica critiana de Espa\u00f1a. Trabaja en las Tecnolog\u00edas de la Informaci\u00f3n, ofreciendo servicios de alojamiento, dise\u00f1o y mantenimiento Web, as\u00ed como asesoramiento, formaci\u00f3n y soluciones inform\u00e1ticas, gesti\u00f3n documental y digitalizaci\u00f3n de textos, edici\u00f3n y maquetaci\u00f3n de libros, revistas, flyers, etc.\",\"sameAs\":[\"http:\/\/chento.org\",\"https:\/\/www.facebook.com\/JavierChento\",\"https:\/\/x.com\/https:\/\/twitter.com\/javierchento\"],\"url\":\"https:\/\/vincentians.com\/fr\/author\/chento\/\"}]}<\/script>\n<!-- \/ Yoast SEO plugin. -->","yoast_head_json":{"title":"Eph\u00e9m\u00e9rides: 24 mai - Nous Sommes Vincentiens","robots":{"index":"index","follow":"follow","max-snippet":"max-snippet:-1","max-image-preview":"max-image-preview:large","max-video-preview":"max-video-preview:-1"},"canonical":"https:\/\/vincentians.com\/fr\/ephemerides-24-mai\/","og_locale":"fr_FR","og_type":"article","og_title":"Eph\u00e9m\u00e9rides: 24 mai - Nous Sommes Vincentiens","og_description":"En 1804, la Congr\u00e9gation de la Mission est r\u00e9tablie en France. Supprim\u00e9e de nouveau le 26 septembre 1809, elle sera autoris\u00e9e le 3 f\u00e9vrier 1816.(R) En 1852, la premi\u00e8re \u00e9quipe de 12 S\u0153urs envoy\u00e9es en ... Read More","og_url":"https:\/\/vincentians.com\/fr\/ephemerides-24-mai\/","og_site_name":"Nous Sommes Vincentiens","article_publisher":"https:\/\/www.facebook.com\/WeAreVincentians\/","article_author":"https:\/\/www.facebook.com\/JavierChento","article_published_time":"2017-05-23T22:01:17+00:00","og_image":[{"width":1200,"height":630,"url":"https:\/\/i0.wp.com\/vincentians.com\/fr\/wp-content\/uploads\/sites\/10\/2016\/07\/ephemerides-fb.jpg?fit=1200%2C630&ssl=1","type":"image\/jpeg"}],"author":"Francisco Javier Fern\u00e1ndez Chento","twitter_card":"summary_large_image","twitter_creator":"@https:\/\/twitter.com\/javierchento","twitter_site":"@WeVincentians","twitter_misc":{"\u00c9crit par":"Francisco Javier Fern\u00e1ndez Chento","Dur\u00e9e de lecture estim\u00e9e":"4 minutes"},"schema":{"@context":"https:\/\/schema.org","@graph":[{"@type":"WebPage","@id":"https:\/\/vincentians.com\/fr\/ephemerides-24-mai\/","url":"https:\/\/vincentians.com\/fr\/ephemerides-24-mai\/","name":"Eph\u00e9m\u00e9rides: 24 mai - Nous Sommes Vincentiens","isPartOf":{"@id":"https:\/\/vincentians.com\/fr\/#website"},"primaryImageOfPage":{"@id":"https:\/\/vincentians.com\/fr\/ephemerides-24-mai\/#primaryimage"},"image":{"@id":"https:\/\/vincentians.com\/fr\/ephemerides-24-mai\/#primaryimage"},"thumbnailUrl":"https:\/\/i0.wp.com\/vincentians.com\/fr\/wp-content\/uploads\/sites\/10\/2016\/07\/ephemerides-fb.jpg?fit=1200%2C630&ssl=1","datePublished":"2017-05-23T22:01:17+00:00","author":{"@id":"https:\/\/vincentians.com\/fr\/#\/schema\/person\/9623ef4d9aa3b2dfb8c061f1499288f2"},"breadcrumb":{"@id":"https:\/\/vincentians.com\/fr\/ephemerides-24-mai\/#breadcrumb"},"inLanguage":"fr-FR","potentialAction":[{"@type":"ReadAction","target":["https:\/\/vincentians.com\/fr\/ephemerides-24-mai\/"]}]},{"@type":"ImageObject","inLanguage":"fr-FR","@id":"https:\/\/vincentians.com\/fr\/ephemerides-24-mai\/#primaryimage","url":"https:\/\/i0.wp.com\/vincentians.com\/fr\/wp-content\/uploads\/sites\/10\/2016\/07\/ephemerides-fb.jpg?fit=1200%2C630&ssl=1","contentUrl":"https:\/\/i0.wp.com\/vincentians.com\/fr\/wp-content\/uploads\/sites\/10\/2016\/07\/ephemerides-fb.jpg?fit=1200%2C630&ssl=1","width":1200,"height":630},{"@type":"BreadcrumbList","@id":"https:\/\/vincentians.com\/fr\/ephemerides-24-mai\/#breadcrumb","itemListElement":[{"@type":"ListItem","position":1,"name":"Portada","item":"https:\/\/vincentians.com\/fr\/"},{"@type":"ListItem","position":2,"name":"Eph\u00e9m\u00e9rides: 24 mai"}]},{"@type":"WebSite","@id":"https:\/\/vincentians.com\/fr\/#website","url":"https:\/\/vincentians.com\/fr\/","name":"Nous Sommes Vincentiens","description":"Know more to serve more","potentialAction":[{"@type":"SearchAction","target":{"@type":"EntryPoint","urlTemplate":"https:\/\/vincentians.com\/fr\/?s={search_term_string}"},"query-input":{"@type":"PropertyValueSpecification","valueRequired":true,"valueName":"search_term_string"}}],"inLanguage":"fr-FR"},{"@type":"Person","@id":"https:\/\/vincentians.com\/fr\/#\/schema\/person\/9623ef4d9aa3b2dfb8c061f1499288f2","name":"Francisco Javier Fern\u00e1ndez Chento","image":{"@type":"ImageObject","inLanguage":"fr-FR","@id":"https:\/\/vincentians.com\/fr\/#\/schema\/person\/image\/","url":"https:\/\/secure.gravatar.com\/avatar\/497d5cde87b4c3d097d0315953521681ba2cd523ee66e5077c3711f7021e65de?s=96&d=mm&r=g","contentUrl":"https:\/\/secure.gravatar.com\/avatar\/497d5cde87b4c3d097d0315953521681ba2cd523ee66e5077c3711f7021e65de?s=96&d=mm&r=g","caption":"Francisco Javier Fern\u00e1ndez Chento"},"description":"Director General y cofundador de La Red de Formaci\u00f3n Vicenciana. Javier es laico vicenciano, afiliado a la Congregaci\u00f3n de la Misi\u00f3n y miembro del Equipo de Misiones Populares de la provincia can\u00f3nica de Zaragoza (Espa\u00f1a) de la Congregaci\u00f3n de la Misi\u00f3n. Graduado en la Universidad Oberta de Catalunya con cuatro grados (Asistente de direcci\u00f3n, Gesti\u00f3n Administrativa, Recursos Humanos y Contabilidad Avanzada). Bil\u00edng\u00fce Espa\u00f1ol\/Ingl\u00e9s. gestiona y mantiene varias p\u00e1ginas web cristianas y vicencianas, incluida including La Red de Formaci\u00f3n Vicenciana, de la que es cofundador. Actualmente es responsable del \u00e1rea de Espa\u00f1ol de .famvin, la Red de Noticias de la Familia Vicenciana. Tambi\u00e9n es m\u00fasico cat\u00f3lico y ha editado varios discos. Es Director General y cofundador de Trovador, una reconocida compa\u00f1\u00eda discogr\u00e1fica critiana de Espa\u00f1a. Trabaja en las Tecnolog\u00edas de la Informaci\u00f3n, ofreciendo servicios de alojamiento, dise\u00f1o y mantenimiento Web, as\u00ed como asesoramiento, formaci\u00f3n y soluciones inform\u00e1ticas, gesti\u00f3n documental y digitalizaci\u00f3n de textos, edici\u00f3n y maquetaci\u00f3n de libros, revistas, flyers, etc.","sameAs":["http:\/\/chento.org","https:\/\/www.facebook.com\/JavierChento","https:\/\/x.com\/https:\/\/twitter.com\/javierchento"],"url":"https:\/\/vincentians.com\/fr\/author\/chento\/"}]}},"jetpack_publicize_connections":[],"jetpack_featured_media_url":"https:\/\/i0.wp.com\/vincentians.com\/fr\/wp-content\/uploads\/sites\/10\/2016\/07\/ephemerides-fb.jpg?fit=1200%2C630&ssl=1","jetpack_sharing_enabled":true,"jetpack_shortlink":"https:\/\/wp.me\/p7ETMP-rH0","jetpack-related-posts":[{"id":180864,"url":"https:\/\/vincentians.com\/fr\/ephemerides-23-fevrier\/","url_meta":{"origin":106454,"position":0},"title":"Eph\u00e9m\u00e9rides: 23 f\u00e9vrier","author":"Francisco Javier Fern\u00e1ndez Chento","date":"23\/02\/2017","format":false,"excerpt":"Les R\u00e8gles de saint Vincent portent ces mots\u00a0: \"Elles auront grand soin des Soeurs malades. Pour cet effet, elles les regarderont comme servantes de J\u00e9sus-Christ en ce qu'elles sont servantes de ses membres les Pauvres, et comme leurs propres Soeurs, en tant qu'elles sont toutes, d'une mani\u00e8re particuli\u00e8re, filles d'un\u2026","rel":"","context":"Dans &quot;\u00c9ph\u00e9m\u00e9rides vincentiens&quot;","block_context":{"text":"\u00c9ph\u00e9m\u00e9rides vincentiens","link":"https:\/\/vincentians.com\/fr\/category\/ephemerides-vincentiens\/"},"img":{"alt_text":"","src":"https:\/\/i0.wp.com\/vincentians.com\/fr\/wp-content\/uploads\/sites\/10\/2016\/07\/ephemerides-fb.jpg?fit=1200%2C630&ssl=1&resize=350%2C200","width":350,"height":200,"srcset":"https:\/\/i0.wp.com\/vincentians.com\/fr\/wp-content\/uploads\/sites\/10\/2016\/07\/ephemerides-fb.jpg?fit=1200%2C630&ssl=1&resize=350%2C200 1x, https:\/\/i0.wp.com\/vincentians.com\/fr\/wp-content\/uploads\/sites\/10\/2016\/07\/ephemerides-fb.jpg?fit=1200%2C630&ssl=1&resize=525%2C300 1.5x, https:\/\/i0.wp.com\/vincentians.com\/fr\/wp-content\/uploads\/sites\/10\/2016\/07\/ephemerides-fb.jpg?fit=1200%2C630&ssl=1&resize=700%2C400 2x, https:\/\/i0.wp.com\/vincentians.com\/fr\/wp-content\/uploads\/sites\/10\/2016\/07\/ephemerides-fb.jpg?fit=1200%2C630&ssl=1&resize=1050%2C600 3x"},"classes":[]},{"id":107559,"url":"https:\/\/vincentians.com\/fr\/jules-narcisse-leon-larousse\/","url_meta":{"origin":106454,"position":1},"title":"Jules-Narcisse-L\u00e9on Larousse","author":"Francisco Javier Fern\u00e1ndez Chento","date":"04\/01\/2014","format":false,"excerpt":"\u8463TONG Coadjuteur. N\u00e9 \u00e0 Metz, Moselle (France), le 12 juin 1828; re\u00e7u au s\u00e9minaire \u00e0 Paris le 1er juillet 1850; il y fit les v\u0153ux le 2 juillet 1852; arriv\u00e9 \u00e0 Ning-po \u5b81\u6ce2 le 16 d\u00e9cembre 1855. Toute sa vie de missionnaire se passa \u00e0 la Procure de Ning-po, o\u00f9\u2026","rel":"","context":"Dans &quot;Biographies Lazaristes&quot;","block_context":{"text":"Biographies Lazaristes","link":"https:\/\/vincentians.com\/fr\/category\/biographies-lazaristes\/"},"img":{"alt_text":"","src":"https:\/\/i0.wp.com\/vincentians.com\/fr\/wp-content\/uploads\/sites\/10\/2016\/08\/bio-congregation-of-the-mission.jpg?fit=1200%2C630&ssl=1&resize=350%2C200","width":350,"height":200,"srcset":"https:\/\/i0.wp.com\/vincentians.com\/fr\/wp-content\/uploads\/sites\/10\/2016\/08\/bio-congregation-of-the-mission.jpg?fit=1200%2C630&ssl=1&resize=350%2C200 1x, https:\/\/i0.wp.com\/vincentians.com\/fr\/wp-content\/uploads\/sites\/10\/2016\/08\/bio-congregation-of-the-mission.jpg?fit=1200%2C630&ssl=1&resize=525%2C300 1.5x, https:\/\/i0.wp.com\/vincentians.com\/fr\/wp-content\/uploads\/sites\/10\/2016\/08\/bio-congregation-of-the-mission.jpg?fit=1200%2C630&ssl=1&resize=700%2C400 2x, https:\/\/i0.wp.com\/vincentians.com\/fr\/wp-content\/uploads\/sites\/10\/2016\/08\/bio-congregation-of-the-mission.jpg?fit=1200%2C630&ssl=1&resize=1050%2C600 3x"},"classes":[]},{"id":190591,"url":"https:\/\/vincentians.com\/fr\/ephemerides-29-juin\/","url_meta":{"origin":106454,"position":2},"title":"Eph\u00e9m\u00e9rides: 29 juin","author":"Francisco Javier Fern\u00e1ndez Chento","date":"29\/06\/2017","format":false,"excerpt":"1662. Au ch\u00e2teau de Joigny, le P\u00e8re Philippe-Emmanuel de Gondi, pr\u00eatre de l'Oratoire, meurt dans sa quatre-vingt-uni\u00e8me ann\u00e9e. Jusqu'\u00e0 son entr\u00e9e dans la vie religieuse, en 1627, il avait \u00e9t\u00e9 couvert de titres glorieux et charg\u00e9 de fonctions dont il s'acquitta d'ailleurs avec une conscience digne de sa haute naissance.\u2026","rel":"","context":"Dans &quot;\u00c9ph\u00e9m\u00e9rides vincentiens&quot;","block_context":{"text":"\u00c9ph\u00e9m\u00e9rides vincentiens","link":"https:\/\/vincentians.com\/fr\/category\/ephemerides-vincentiens\/"},"img":{"alt_text":"","src":"https:\/\/i0.wp.com\/vincentians.com\/fr\/wp-content\/uploads\/sites\/10\/2016\/07\/ephemerides-fb.jpg?fit=1200%2C630&ssl=1&resize=350%2C200","width":350,"height":200,"srcset":"https:\/\/i0.wp.com\/vincentians.com\/fr\/wp-content\/uploads\/sites\/10\/2016\/07\/ephemerides-fb.jpg?fit=1200%2C630&ssl=1&resize=350%2C200 1x, https:\/\/i0.wp.com\/vincentians.com\/fr\/wp-content\/uploads\/sites\/10\/2016\/07\/ephemerides-fb.jpg?fit=1200%2C630&ssl=1&resize=525%2C300 1.5x, https:\/\/i0.wp.com\/vincentians.com\/fr\/wp-content\/uploads\/sites\/10\/2016\/07\/ephemerides-fb.jpg?fit=1200%2C630&ssl=1&resize=700%2C400 2x, https:\/\/i0.wp.com\/vincentians.com\/fr\/wp-content\/uploads\/sites\/10\/2016\/07\/ephemerides-fb.jpg?fit=1200%2C630&ssl=1&resize=1050%2C600 3x"},"classes":[]},{"id":150857,"url":"https:\/\/vincentians.com\/fr\/dominique-chou\/","url_meta":{"origin":106454,"position":3},"title":"Dominique Chou","author":"Francisco Javier Fern\u00e1ndez Chento","date":"28\/01\/2015","format":false,"excerpt":"\u8212\u9759\u5b89 CHOU TSING-NGAN Pr\u00eatre. N\u00e9 \u00e0 Ning-Po\u5b81\u6ce2 (Tch\u00e9-kiang\u6d59\u6c5f), le 18 f\u00e9vrier 1841; fut ordonn\u00e9 pr\u00eatre le 6 janvier 1866; re\u00e7u au s\u00e9minaire \u00e0 Ning-Po le 17 octobre 1876; il y fit les v\u0153ux le 18 octobre 1878. Missionnaire au Tch\u00e9-kiang. D\u00e9c\u00e9d\u00e9 \u00e0 Ning-Pole 3 d\u00e9cembre 1893. S\u00e9pulture \u00e0 Kang-po\u6c5f\u5317. Le\u2026","rel":"","context":"Dans &quot;Biographies Lazaristes&quot;","block_context":{"text":"Biographies Lazaristes","link":"https:\/\/vincentians.com\/fr\/category\/biographies-lazaristes\/"},"img":{"alt_text":"","src":"https:\/\/i0.wp.com\/vincentians.com\/fr\/wp-content\/uploads\/sites\/10\/2016\/08\/bio-congregation-of-the-mission.jpg?fit=1200%2C630&ssl=1&resize=350%2C200","width":350,"height":200,"srcset":"https:\/\/i0.wp.com\/vincentians.com\/fr\/wp-content\/uploads\/sites\/10\/2016\/08\/bio-congregation-of-the-mission.jpg?fit=1200%2C630&ssl=1&resize=350%2C200 1x, https:\/\/i0.wp.com\/vincentians.com\/fr\/wp-content\/uploads\/sites\/10\/2016\/08\/bio-congregation-of-the-mission.jpg?fit=1200%2C630&ssl=1&resize=525%2C300 1.5x, https:\/\/i0.wp.com\/vincentians.com\/fr\/wp-content\/uploads\/sites\/10\/2016\/08\/bio-congregation-of-the-mission.jpg?fit=1200%2C630&ssl=1&resize=700%2C400 2x, https:\/\/i0.wp.com\/vincentians.com\/fr\/wp-content\/uploads\/sites\/10\/2016\/08\/bio-congregation-of-the-mission.jpg?fit=1200%2C630&ssl=1&resize=1050%2C600 3x"},"classes":[]},{"id":105264,"url":"https:\/\/vincentians.com\/fr\/ephemerides-19-decembre\/","url_meta":{"origin":106454,"position":4},"title":"Eph\u00e9m\u00e9rides: 19 d\u00e9cembre","author":"Francisco Javier Fern\u00e1ndez Chento","date":"19\/12\/2016","format":false,"excerpt":"1598. Dans sa cath\u00e9drale, l\u2019\u00e9v\u00eaque de Tarbes, Salvat Diharse, conf\u00e8re le diaconat \u00e0 Vincent de Paul. Le nouveau diacre, qui est alors \u00e2g\u00e9 de dix-sept ans, \u00e9tudie la th\u00e9ologie \u00e0 la facult\u00e9 de Toulouse, apr\u00e8s avoir regarni sa bourse en professant, avec succ\u00e8s, \u00e0 l\u2019institution de Buzet, localit\u00e9 situ\u00e9e sur\u2026","rel":"","context":"Dans &quot;\u00c9ph\u00e9m\u00e9rides vincentiens&quot;","block_context":{"text":"\u00c9ph\u00e9m\u00e9rides vincentiens","link":"https:\/\/vincentians.com\/fr\/category\/ephemerides-vincentiens\/"},"img":{"alt_text":"","src":"https:\/\/i0.wp.com\/vincentians.com\/fr\/wp-content\/uploads\/sites\/10\/2016\/07\/ephemerides-fb.jpg?fit=1200%2C630&ssl=1&resize=350%2C200","width":350,"height":200,"srcset":"https:\/\/i0.wp.com\/vincentians.com\/fr\/wp-content\/uploads\/sites\/10\/2016\/07\/ephemerides-fb.jpg?fit=1200%2C630&ssl=1&resize=350%2C200 1x, https:\/\/i0.wp.com\/vincentians.com\/fr\/wp-content\/uploads\/sites\/10\/2016\/07\/ephemerides-fb.jpg?fit=1200%2C630&ssl=1&resize=525%2C300 1.5x, https:\/\/i0.wp.com\/vincentians.com\/fr\/wp-content\/uploads\/sites\/10\/2016\/07\/ephemerides-fb.jpg?fit=1200%2C630&ssl=1&resize=700%2C400 2x, https:\/\/i0.wp.com\/vincentians.com\/fr\/wp-content\/uploads\/sites\/10\/2016\/07\/ephemerides-fb.jpg?fit=1200%2C630&ssl=1&resize=1050%2C600 3x"},"classes":[]},{"id":107079,"url":"https:\/\/vincentians.com\/fr\/edme-alexandre-fournier\/","url_meta":{"origin":106454,"position":5},"title":"Edme-Alexandre Fournier","author":"Francisco Javier Fern\u00e1ndez Chento","date":"16\/12\/2013","format":false,"excerpt":"\u5bcc FOU Coadjuteur. N\u00e9 \u00e0 Varennes, Canton de Ligny, Yonne (France), le 6 octobre 1814; re\u00e7u au s\u00e9minaire \u00e0 Paris en septembre 1838; il y fit les v\u0153ux le 8 septembre 1841; arriv\u00e9 \u00e0 Macao \u6fb3\u95e8 le 18 novembre 1850. Plac\u00e9 \u00e0 la Procure de Ning-po \u5b81\u6ce2 en 1851, et\u2026","rel":"","context":"Dans &quot;Biographies Lazaristes&quot;","block_context":{"text":"Biographies Lazaristes","link":"https:\/\/vincentians.com\/fr\/category\/biographies-lazaristes\/"},"img":{"alt_text":"","src":"https:\/\/i0.wp.com\/vincentians.com\/fr\/wp-content\/uploads\/sites\/10\/2016\/08\/bio-congregation-of-the-mission.jpg?fit=1200%2C630&ssl=1&resize=350%2C200","width":350,"height":200,"srcset":"https:\/\/i0.wp.com\/vincentians.com\/fr\/wp-content\/uploads\/sites\/10\/2016\/08\/bio-congregation-of-the-mission.jpg?fit=1200%2C630&ssl=1&resize=350%2C200 1x, https:\/\/i0.wp.com\/vincentians.com\/fr\/wp-content\/uploads\/sites\/10\/2016\/08\/bio-congregation-of-the-mission.jpg?fit=1200%2C630&ssl=1&resize=525%2C300 1.5x, https:\/\/i0.wp.com\/vincentians.com\/fr\/wp-content\/uploads\/sites\/10\/2016\/08\/bio-congregation-of-the-mission.jpg?fit=1200%2C630&ssl=1&resize=700%2C400 2x, https:\/\/i0.wp.com\/vincentians.com\/fr\/wp-content\/uploads\/sites\/10\/2016\/08\/bio-congregation-of-the-mission.jpg?fit=1200%2C630&ssl=1&resize=1050%2C600 3x"},"classes":[]}],"_links":{"self":[{"href":"https:\/\/vincentians.com\/fr\/wp-json\/wp\/v2\/posts\/106454","targetHints":{"allow":["GET"]}}],"collection":[{"href":"https:\/\/vincentians.com\/fr\/wp-json\/wp\/v2\/posts"}],"about":[{"href":"https:\/\/vincentians.com\/fr\/wp-json\/wp\/v2\/types\/post"}],"author":[{"embeddable":true,"href":"https:\/\/vincentians.com\/fr\/wp-json\/wp\/v2\/users\/4"}],"replies":[{"embeddable":true,"href":"https:\/\/vincentians.com\/fr\/wp-json\/wp\/v2\/comments?post=106454"}],"version-history":[{"count":0,"href":"https:\/\/vincentians.com\/fr\/wp-json\/wp\/v2\/posts\/106454\/revisions"}],"wp:featuredmedia":[{"embeddable":true,"href":"https:\/\/vincentians.com\/fr\/wp-json\/wp\/v2\/media\/149897"}],"wp:attachment":[{"href":"https:\/\/vincentians.com\/fr\/wp-json\/wp\/v2\/media?parent=106454"}],"wp:term":[{"taxonomy":"category","embeddable":true,"href":"https:\/\/vincentians.com\/fr\/wp-json\/wp\/v2\/categories?post=106454"},{"taxonomy":"post_tag","embeddable":true,"href":"https:\/\/vincentians.com\/fr\/wp-json\/wp\/v2\/tags?post=106454"}],"curies":[{"name":"wp","href":"https:\/\/api.w.org\/{rel}","templated":true}]}}