{"id":106453,"date":"2017-05-23T00:01:17","date_gmt":"2017-05-22T22:01:17","guid":{"rendered":"http:\/\/vincentiens.org\/?p=106453"},"modified":"2017-05-23T00:01:17","modified_gmt":"2017-05-22T22:01:17","slug":"ephemerides-23-mai","status":"publish","type":"post","link":"https:\/\/vincentians.com\/fr\/ephemerides-23-mai\/","title":{"rendered":"Eph\u00e9m\u00e9rides: 23 mai"},"content":{"rendered":"<p align=\"justify\"><strong>En 1615<\/strong>, \u00e0 <em>Paris<\/em>, Monsieur Vincent constitue Jean Morin son procureur pour prendre possession d&rsquo;un canonicat \u00e0 <em>Ecouis<\/em>. C&rsquo;est M. de Gondi, chez qui il est pr\u00e9cepteur depuis 1613, qui lui a fait obtenir cette charge de tr\u00e9sorier et de chanoine du chapitre coll\u00e9gial. <em>Ecouis<\/em>, qui d\u00e9pendait alors de <em>Rouen<\/em>, appartient actuellement au dioc\u00e8se d&rsquo;<em>Evreux<\/em> (1).<\/p>\n<p align=\"justify\"><strong>En 1648, <\/strong>une S\u0153ur d\u2019Angers est malade et sainte Louise \u00e9crit \u00e0 S\u0153ur Madeleine\u00a0: \u201cJe suis bien en peine de l\u2019\u00e9tat de notre bonne S\u0153ur Marie d\u2019Espinal. Si Dieu nous la laisse encore sur la terre, saluez-la bien de notre part et lui dites que je la prie de faire tout ce qu\u2019elle pourra pour se bien porter, pour bien employer le reste de ses jours au service de Dieu. Oh\u00a0! qu\u2019elle aura d\u2019amour compatissant aux pauvres malades apr\u00e8s un si grand exercice de souffrance, que j\u2019esp\u00e8re que la bont\u00e9 de Dieu aura b\u00e9ni de grande assistance et consolation\u201d.(R)<\/p>\n<p align=\"justify\"><strong>En 1655, <\/strong>entretien de saint Vincent aux Premi\u00e8res S\u0153urs sur l\u2019ob\u00e9issance. \u201cLes S\u0153urs qui aiment l\u2019ob\u00e9issance ont l\u2019esprit de Notre-Seigneur\u201d.(R)<\/p>\n<p align=\"justify\"><strong>En 1782,<\/strong> \u00e0 <em>Cahors<\/em>, Fran\u00e7ois Bergon prononce les saints v\u0153ux. Il est n\u00e9 dans les environs de <em>Figeac<\/em>, en 1757. Plac\u00e9 comme missionnaire dans son pays, il s&rsquo;y prodigue pour emp\u00eacher les principes r\u00e9volutionnaires d&rsquo;entacher l&rsquo;\u00e2me de ses compatriotes. Arr\u00eat\u00e9 une premi\u00e8re fois et persuad\u00e9 qu&rsquo;il risque la d\u00e9portation incompatible avec ce z\u00e8le sacerdotal qu&rsquo;il veut continuer \u00e0 d\u00e9ployer, il s&rsquo;\u00e9vade et se r\u00e9fugie dans son village natal. Il se r\u00e9serve alors la nuit pour vaquer aux devoirs de son minist\u00e8re. Malgr\u00e9 toutes ses pr\u00e9cautions, il est d\u00e9couvert et de nouveau arr\u00eat\u00e9. C&rsquo;est le 10 mai 1794. Il conna\u00eet alors le sort de tant de pr\u00eatres fran\u00e7ais de l&rsquo;\u00e9poque. Le 16 mai, il est condamn\u00e9 \u00e0 mort par le tribunal de <em>Cahors<\/em>. Le lendemain il est conduit \u00e0 l&rsquo;\u00e9chafaud. Tout en y marchant, il r\u00e9cite le \u00ab Miserere \u00bb. Mais, en cours de route, il a un geste digne de l&rsquo;Evangile et de sa vocation de fils de saint Vincent. Il retire ses souliers, les remet \u00e0 une femme, en lui disant : \u00ab Donnez-les \u00e0 un pauvre : J\u00e9sus-Christ se rendit nu-pieds au Calvaire ; je veux faire de m\u00eame \u00bb (2).<\/p>\n<p align=\"justify\"><strong>En 1832<\/strong>, M. Salhorgne rentre \u00e0 <em>Paris<\/em>. Quand avaient \u00e9clat\u00e9 les troubles de 1830, ses confr\u00e8res l&rsquo;avaient suppli\u00e9 de quitter la capitale. Il ne le fit que lorsque les reliques de saint Vincent eurent \u00e9t\u00e9 mises \u00e0 l&rsquo;abri. Il alla alors se r\u00e9fugier au s\u00e9minaire d&rsquo;<em>Amiens<\/em> (3).<\/p>\n<p align=\"justify\"><strong>En 1871, <\/strong>M. Mailly pour venir dire la Messe \u00e0 la Maison-M\u00e8re saute pardessus le mur de La\u00ebnnec parce qu\u2019un poste de f\u00e9d\u00e9r\u00e9s occupe la porte principale de la rue du Bac. On tire de l\u2019h\u00f4pital dans la maison et un obus tombe devant le r\u00e9fectoire Saint-Joseph.(R)<\/p>\n<p align=\"justify\"><strong>En 1941<\/strong>, \u00e0 <em>Rome,<\/em> le Souverain Pontife signe le d\u00e9cret d&rsquo;introduction de la cause de b\u00e9atification de notre confr\u00e8re, M. Marc Durando, visiteur de <em>Lombardie<\/em>, et fondateur des S\u0153urs Nazar\u00e9ennes qui ont nos R\u00e8gles, mais dont les sujets ne pouvaient pas \u00eatre admis dans la Compagnie pour des raisons de famille. Il est d\u00e9c\u00e9d\u00e9 le 10 d\u00e9cembre 1880 (R+4).<\/p>\n<p align=\"justify\"><strong>En 1946<\/strong>, de <em>Rome<\/em>, le cardinal Fumasoni Biondi, pr\u00e9fet de la Propagande, adresse \u00e0 M. Robert, vicaire g\u00e9n\u00e9ral, une lettre par laquelle il lui annonce que l&rsquo;archidioc\u00e8se de P\u00e9kin va \u00eatre d\u00e9sormais confi\u00e9 au clerg\u00e9 s\u00e9culier chinois. Ce document contient un bel \u00e9loge \u00e0 l&rsquo;adresse des Lazaristes qui, dans cette portion de la vigne du Seigneur, ont accompli un beau travail avec un courage pers\u00e9v\u00e9rant et sp\u00e9cialement au s\u00e9minaire r\u00e9gional de <em>Chala<\/em> (5).<\/p>\n<p>&#8212;&#8212;&#8212;&#8212;&#8212;&#8212;&#8212;&#8212;&#8212;&#8212;&#8212;&#8212;&#8212;&#8212;&#8212;&#8212;&#8212;&#8212;&#8212;&#8212;&#8212;&#8212;&#8212;&#8212;&#8212;&#8212;&#8212;&#8212;&#8212;&#8212;&#8212;&#8212;&#8212;&#8212;&#8212;&#8212;<\/p>\n<p>(1) S.V. XIII, 20 ; Coste I, pp. 86-81.<br \/>\n(2) <em>Annales<\/em>, t. 73, pp. 658-660.<br \/>\n(3) Rosset : <em>Vie<\/em><em>de M. Etienne<\/em>, p. 62.<br \/>\n(4) <em>Annales<\/em>, t. 110-111, pp. 398-399.<br \/>\n(5) <em>Annales<\/em>, t. 110-111, pp. 72-73.<\/p>\n","protected":false},"excerpt":{"rendered":"<p>En 1615, \u00e0 Paris, Monsieur Vincent constitue Jean Morin son procureur pour prendre possession d&rsquo;un canonicat \u00e0 Ecouis. C&rsquo;est M. de Gondi, chez qui il est pr\u00e9cepteur depuis 1613, qui lui a fait obtenir cette &#8230; <a href=\"https:\/\/vincentians.com\/fr\/ephemerides-23-mai\/\" class=\"more-link\">Read More<\/a><\/p>\n","protected":false},"author":4,"featured_media":149897,"comment_status":"open","ping_status":"open","sticky":false,"template":"","format":"standard","meta":{"jetpack_post_was_ever_published":false,"_jetpack_newsletter_access":"","_jetpack_dont_email_post_to_subs":false,"_jetpack_newsletter_tier_id":0,"_jetpack_memberships_contains_paywalled_content":false,"_jetpack_memberships_contains_paid_content":false,"footnotes":"","jetpack_publicize_message":"","jetpack_publicize_feature_enabled":true,"jetpack_social_post_already_shared":true,"jetpack_social_options":{"image_generator_settings":{"template":"highway","default_image_id":0,"font":"","enabled":false},"version":2}},"categories":[119],"tags":[],"class_list":["post-106453","post","type-post","status-publish","format-standard","has-post-thumbnail","hentry","category-ephemerides-vincentiens"],"yoast_head":"<!-- This site is optimized with the Yoast SEO plugin v26.3 - https:\/\/yoast.com\/wordpress\/plugins\/seo\/ -->\n<title>Eph\u00e9m\u00e9rides: 23 mai - Nous Sommes Vincentiens<\/title>\n<meta name=\"robots\" content=\"index, follow, max-snippet:-1, max-image-preview:large, max-video-preview:-1\" \/>\n<link rel=\"canonical\" href=\"https:\/\/vincentians.com\/fr\/ephemerides-23-mai\/\" \/>\n<meta property=\"og:locale\" content=\"fr_FR\" \/>\n<meta property=\"og:type\" content=\"article\" \/>\n<meta property=\"og:title\" content=\"Eph\u00e9m\u00e9rides: 23 mai - Nous Sommes Vincentiens\" \/>\n<meta property=\"og:description\" content=\"En 1615, \u00e0 Paris, Monsieur Vincent constitue Jean Morin son procureur pour prendre possession d&rsquo;un canonicat \u00e0 Ecouis. C&rsquo;est M. de Gondi, chez qui il est pr\u00e9cepteur depuis 1613, qui lui a fait obtenir cette ... Read More\" \/>\n<meta property=\"og:url\" content=\"https:\/\/vincentians.com\/fr\/ephemerides-23-mai\/\" \/>\n<meta property=\"og:site_name\" content=\"Nous Sommes Vincentiens\" \/>\n<meta property=\"article:publisher\" content=\"https:\/\/www.facebook.com\/WeAreVincentians\/\" \/>\n<meta property=\"article:author\" content=\"https:\/\/www.facebook.com\/JavierChento\" \/>\n<meta property=\"article:published_time\" content=\"2017-05-22T22:01:17+00:00\" \/>\n<meta property=\"og:image\" content=\"https:\/\/i0.wp.com\/vincentians.com\/fr\/wp-content\/uploads\/sites\/10\/2016\/07\/ephemerides-fb.jpg?fit=1200%2C630&ssl=1\" \/>\n\t<meta property=\"og:image:width\" content=\"1200\" \/>\n\t<meta property=\"og:image:height\" content=\"630\" \/>\n\t<meta property=\"og:image:type\" content=\"image\/jpeg\" \/>\n<meta name=\"author\" content=\"Francisco Javier Fern\u00e1ndez Chento\" \/>\n<meta name=\"twitter:card\" content=\"summary_large_image\" \/>\n<meta name=\"twitter:creator\" content=\"@https:\/\/twitter.com\/javierchento\" \/>\n<meta name=\"twitter:site\" content=\"@WeVincentians\" \/>\n<meta name=\"twitter:label1\" content=\"\u00c9crit par\" \/>\n\t<meta name=\"twitter:data1\" content=\"Francisco Javier Fern\u00e1ndez Chento\" \/>\n\t<meta name=\"twitter:label2\" content=\"Dur\u00e9e de lecture estim\u00e9e\" \/>\n\t<meta name=\"twitter:data2\" content=\"3 minutes\" \/>\n<script type=\"application\/ld+json\" class=\"yoast-schema-graph\">{\"@context\":\"https:\/\/schema.org\",\"@graph\":[{\"@type\":\"WebPage\",\"@id\":\"https:\/\/vincentians.com\/fr\/ephemerides-23-mai\/\",\"url\":\"https:\/\/vincentians.com\/fr\/ephemerides-23-mai\/\",\"name\":\"Eph\u00e9m\u00e9rides: 23 mai - Nous Sommes Vincentiens\",\"isPartOf\":{\"@id\":\"https:\/\/vincentians.com\/fr\/#website\"},\"primaryImageOfPage\":{\"@id\":\"https:\/\/vincentians.com\/fr\/ephemerides-23-mai\/#primaryimage\"},\"image\":{\"@id\":\"https:\/\/vincentians.com\/fr\/ephemerides-23-mai\/#primaryimage\"},\"thumbnailUrl\":\"https:\/\/i0.wp.com\/vincentians.com\/fr\/wp-content\/uploads\/sites\/10\/2016\/07\/ephemerides-fb.jpg?fit=1200%2C630&ssl=1\",\"datePublished\":\"2017-05-22T22:01:17+00:00\",\"author\":{\"@id\":\"https:\/\/vincentians.com\/fr\/#\/schema\/person\/9623ef4d9aa3b2dfb8c061f1499288f2\"},\"breadcrumb\":{\"@id\":\"https:\/\/vincentians.com\/fr\/ephemerides-23-mai\/#breadcrumb\"},\"inLanguage\":\"fr-FR\",\"potentialAction\":[{\"@type\":\"ReadAction\",\"target\":[\"https:\/\/vincentians.com\/fr\/ephemerides-23-mai\/\"]}]},{\"@type\":\"ImageObject\",\"inLanguage\":\"fr-FR\",\"@id\":\"https:\/\/vincentians.com\/fr\/ephemerides-23-mai\/#primaryimage\",\"url\":\"https:\/\/i0.wp.com\/vincentians.com\/fr\/wp-content\/uploads\/sites\/10\/2016\/07\/ephemerides-fb.jpg?fit=1200%2C630&ssl=1\",\"contentUrl\":\"https:\/\/i0.wp.com\/vincentians.com\/fr\/wp-content\/uploads\/sites\/10\/2016\/07\/ephemerides-fb.jpg?fit=1200%2C630&ssl=1\",\"width\":1200,\"height\":630},{\"@type\":\"BreadcrumbList\",\"@id\":\"https:\/\/vincentians.com\/fr\/ephemerides-23-mai\/#breadcrumb\",\"itemListElement\":[{\"@type\":\"ListItem\",\"position\":1,\"name\":\"Portada\",\"item\":\"https:\/\/vincentians.com\/fr\/\"},{\"@type\":\"ListItem\",\"position\":2,\"name\":\"Eph\u00e9m\u00e9rides: 23 mai\"}]},{\"@type\":\"WebSite\",\"@id\":\"https:\/\/vincentians.com\/fr\/#website\",\"url\":\"https:\/\/vincentians.com\/fr\/\",\"name\":\"Nous Sommes Vincentiens\",\"description\":\"Know more to serve more\",\"potentialAction\":[{\"@type\":\"SearchAction\",\"target\":{\"@type\":\"EntryPoint\",\"urlTemplate\":\"https:\/\/vincentians.com\/fr\/?s={search_term_string}\"},\"query-input\":{\"@type\":\"PropertyValueSpecification\",\"valueRequired\":true,\"valueName\":\"search_term_string\"}}],\"inLanguage\":\"fr-FR\"},{\"@type\":\"Person\",\"@id\":\"https:\/\/vincentians.com\/fr\/#\/schema\/person\/9623ef4d9aa3b2dfb8c061f1499288f2\",\"name\":\"Francisco Javier Fern\u00e1ndez Chento\",\"image\":{\"@type\":\"ImageObject\",\"inLanguage\":\"fr-FR\",\"@id\":\"https:\/\/vincentians.com\/fr\/#\/schema\/person\/image\/\",\"url\":\"https:\/\/secure.gravatar.com\/avatar\/497d5cde87b4c3d097d0315953521681ba2cd523ee66e5077c3711f7021e65de?s=96&d=mm&r=g\",\"contentUrl\":\"https:\/\/secure.gravatar.com\/avatar\/497d5cde87b4c3d097d0315953521681ba2cd523ee66e5077c3711f7021e65de?s=96&d=mm&r=g\",\"caption\":\"Francisco Javier Fern\u00e1ndez Chento\"},\"description\":\"Director General y cofundador de La Red de Formaci\u00f3n Vicenciana. Javier es laico vicenciano, afiliado a la Congregaci\u00f3n de la Misi\u00f3n y miembro del Equipo de Misiones Populares de la provincia can\u00f3nica de Zaragoza (Espa\u00f1a) de la Congregaci\u00f3n de la Misi\u00f3n. Graduado en la Universidad Oberta de Catalunya con cuatro grados (Asistente de direcci\u00f3n, Gesti\u00f3n Administrativa, Recursos Humanos y Contabilidad Avanzada). Bil\u00edng\u00fce Espa\u00f1ol\/Ingl\u00e9s. gestiona y mantiene varias p\u00e1ginas web cristianas y vicencianas, incluida including La Red de Formaci\u00f3n Vicenciana, de la que es cofundador. Actualmente es responsable del \u00e1rea de Espa\u00f1ol de .famvin, la Red de Noticias de la Familia Vicenciana. Tambi\u00e9n es m\u00fasico cat\u00f3lico y ha editado varios discos. Es Director General y cofundador de Trovador, una reconocida compa\u00f1\u00eda discogr\u00e1fica critiana de Espa\u00f1a. Trabaja en las Tecnolog\u00edas de la Informaci\u00f3n, ofreciendo servicios de alojamiento, dise\u00f1o y mantenimiento Web, as\u00ed como asesoramiento, formaci\u00f3n y soluciones inform\u00e1ticas, gesti\u00f3n documental y digitalizaci\u00f3n de textos, edici\u00f3n y maquetaci\u00f3n de libros, revistas, flyers, etc.\",\"sameAs\":[\"http:\/\/chento.org\",\"https:\/\/www.facebook.com\/JavierChento\",\"https:\/\/x.com\/https:\/\/twitter.com\/javierchento\"],\"url\":\"https:\/\/vincentians.com\/fr\/author\/chento\/\"}]}<\/script>\n<!-- \/ Yoast SEO plugin. -->","yoast_head_json":{"title":"Eph\u00e9m\u00e9rides: 23 mai - Nous Sommes Vincentiens","robots":{"index":"index","follow":"follow","max-snippet":"max-snippet:-1","max-image-preview":"max-image-preview:large","max-video-preview":"max-video-preview:-1"},"canonical":"https:\/\/vincentians.com\/fr\/ephemerides-23-mai\/","og_locale":"fr_FR","og_type":"article","og_title":"Eph\u00e9m\u00e9rides: 23 mai - Nous Sommes Vincentiens","og_description":"En 1615, \u00e0 Paris, Monsieur Vincent constitue Jean Morin son procureur pour prendre possession d&rsquo;un canonicat \u00e0 Ecouis. C&rsquo;est M. de Gondi, chez qui il est pr\u00e9cepteur depuis 1613, qui lui a fait obtenir cette ... Read More","og_url":"https:\/\/vincentians.com\/fr\/ephemerides-23-mai\/","og_site_name":"Nous Sommes Vincentiens","article_publisher":"https:\/\/www.facebook.com\/WeAreVincentians\/","article_author":"https:\/\/www.facebook.com\/JavierChento","article_published_time":"2017-05-22T22:01:17+00:00","og_image":[{"width":1200,"height":630,"url":"https:\/\/i0.wp.com\/vincentians.com\/fr\/wp-content\/uploads\/sites\/10\/2016\/07\/ephemerides-fb.jpg?fit=1200%2C630&ssl=1","type":"image\/jpeg"}],"author":"Francisco Javier Fern\u00e1ndez Chento","twitter_card":"summary_large_image","twitter_creator":"@https:\/\/twitter.com\/javierchento","twitter_site":"@WeVincentians","twitter_misc":{"\u00c9crit par":"Francisco Javier Fern\u00e1ndez Chento","Dur\u00e9e de lecture estim\u00e9e":"3 minutes"},"schema":{"@context":"https:\/\/schema.org","@graph":[{"@type":"WebPage","@id":"https:\/\/vincentians.com\/fr\/ephemerides-23-mai\/","url":"https:\/\/vincentians.com\/fr\/ephemerides-23-mai\/","name":"Eph\u00e9m\u00e9rides: 23 mai - Nous Sommes Vincentiens","isPartOf":{"@id":"https:\/\/vincentians.com\/fr\/#website"},"primaryImageOfPage":{"@id":"https:\/\/vincentians.com\/fr\/ephemerides-23-mai\/#primaryimage"},"image":{"@id":"https:\/\/vincentians.com\/fr\/ephemerides-23-mai\/#primaryimage"},"thumbnailUrl":"https:\/\/i0.wp.com\/vincentians.com\/fr\/wp-content\/uploads\/sites\/10\/2016\/07\/ephemerides-fb.jpg?fit=1200%2C630&ssl=1","datePublished":"2017-05-22T22:01:17+00:00","author":{"@id":"https:\/\/vincentians.com\/fr\/#\/schema\/person\/9623ef4d9aa3b2dfb8c061f1499288f2"},"breadcrumb":{"@id":"https:\/\/vincentians.com\/fr\/ephemerides-23-mai\/#breadcrumb"},"inLanguage":"fr-FR","potentialAction":[{"@type":"ReadAction","target":["https:\/\/vincentians.com\/fr\/ephemerides-23-mai\/"]}]},{"@type":"ImageObject","inLanguage":"fr-FR","@id":"https:\/\/vincentians.com\/fr\/ephemerides-23-mai\/#primaryimage","url":"https:\/\/i0.wp.com\/vincentians.com\/fr\/wp-content\/uploads\/sites\/10\/2016\/07\/ephemerides-fb.jpg?fit=1200%2C630&ssl=1","contentUrl":"https:\/\/i0.wp.com\/vincentians.com\/fr\/wp-content\/uploads\/sites\/10\/2016\/07\/ephemerides-fb.jpg?fit=1200%2C630&ssl=1","width":1200,"height":630},{"@type":"BreadcrumbList","@id":"https:\/\/vincentians.com\/fr\/ephemerides-23-mai\/#breadcrumb","itemListElement":[{"@type":"ListItem","position":1,"name":"Portada","item":"https:\/\/vincentians.com\/fr\/"},{"@type":"ListItem","position":2,"name":"Eph\u00e9m\u00e9rides: 23 mai"}]},{"@type":"WebSite","@id":"https:\/\/vincentians.com\/fr\/#website","url":"https:\/\/vincentians.com\/fr\/","name":"Nous Sommes Vincentiens","description":"Know more to serve more","potentialAction":[{"@type":"SearchAction","target":{"@type":"EntryPoint","urlTemplate":"https:\/\/vincentians.com\/fr\/?s={search_term_string}"},"query-input":{"@type":"PropertyValueSpecification","valueRequired":true,"valueName":"search_term_string"}}],"inLanguage":"fr-FR"},{"@type":"Person","@id":"https:\/\/vincentians.com\/fr\/#\/schema\/person\/9623ef4d9aa3b2dfb8c061f1499288f2","name":"Francisco Javier Fern\u00e1ndez Chento","image":{"@type":"ImageObject","inLanguage":"fr-FR","@id":"https:\/\/vincentians.com\/fr\/#\/schema\/person\/image\/","url":"https:\/\/secure.gravatar.com\/avatar\/497d5cde87b4c3d097d0315953521681ba2cd523ee66e5077c3711f7021e65de?s=96&d=mm&r=g","contentUrl":"https:\/\/secure.gravatar.com\/avatar\/497d5cde87b4c3d097d0315953521681ba2cd523ee66e5077c3711f7021e65de?s=96&d=mm&r=g","caption":"Francisco Javier Fern\u00e1ndez Chento"},"description":"Director General y cofundador de La Red de Formaci\u00f3n Vicenciana. Javier es laico vicenciano, afiliado a la Congregaci\u00f3n de la Misi\u00f3n y miembro del Equipo de Misiones Populares de la provincia can\u00f3nica de Zaragoza (Espa\u00f1a) de la Congregaci\u00f3n de la Misi\u00f3n. Graduado en la Universidad Oberta de Catalunya con cuatro grados (Asistente de direcci\u00f3n, Gesti\u00f3n Administrativa, Recursos Humanos y Contabilidad Avanzada). Bil\u00edng\u00fce Espa\u00f1ol\/Ingl\u00e9s. gestiona y mantiene varias p\u00e1ginas web cristianas y vicencianas, incluida including La Red de Formaci\u00f3n Vicenciana, de la que es cofundador. Actualmente es responsable del \u00e1rea de Espa\u00f1ol de .famvin, la Red de Noticias de la Familia Vicenciana. Tambi\u00e9n es m\u00fasico cat\u00f3lico y ha editado varios discos. Es Director General y cofundador de Trovador, una reconocida compa\u00f1\u00eda discogr\u00e1fica critiana de Espa\u00f1a. Trabaja en las Tecnolog\u00edas de la Informaci\u00f3n, ofreciendo servicios de alojamiento, dise\u00f1o y mantenimiento Web, as\u00ed como asesoramiento, formaci\u00f3n y soluciones inform\u00e1ticas, gesti\u00f3n documental y digitalizaci\u00f3n de textos, edici\u00f3n y maquetaci\u00f3n de libros, revistas, flyers, etc.","sameAs":["http:\/\/chento.org","https:\/\/www.facebook.com\/JavierChento","https:\/\/x.com\/https:\/\/twitter.com\/javierchento"],"url":"https:\/\/vincentians.com\/fr\/author\/chento\/"}]}},"jetpack_publicize_connections":[],"jetpack_featured_media_url":"https:\/\/i0.wp.com\/vincentians.com\/fr\/wp-content\/uploads\/sites\/10\/2016\/07\/ephemerides-fb.jpg?fit=1200%2C630&ssl=1","jetpack_sharing_enabled":true,"jetpack_shortlink":"https:\/\/wp.me\/p7ETMP-rGZ","jetpack-related-posts":[{"id":190402,"url":"https:\/\/vincentians.com\/fr\/ephemerides-05-avril\/","url_meta":{"origin":106453,"position":0},"title":"Eph\u00e9m\u00e9rides : 05 avril","author":"Francisco Javier Fern\u00e1ndez Chento","date":"05\/04\/2017","format":false,"excerpt":"1657. Sainte Louise \u00e9crivait \u00e0 une Soeur partie en fondation\u00a0: \"Il faut aimer le bon plaisir de Dieu en tous les \u00e9v\u00e9nements de la conduite de sa Providence\u00a0: il est vrai que vous voil\u00e0 dans de grands embarras et de grandes peines\u00a0; n'\u00e9tait que j'esp\u00e8re l'assistance de l'esprit de Dieu\u2026","rel":"","context":"Dans &quot;\u00c9ph\u00e9m\u00e9rides vincentiens&quot;","block_context":{"text":"\u00c9ph\u00e9m\u00e9rides vincentiens","link":"https:\/\/vincentians.com\/fr\/category\/ephemerides-vincentiens\/"},"img":{"alt_text":"","src":"https:\/\/i0.wp.com\/vincentians.com\/fr\/wp-content\/uploads\/sites\/10\/2016\/07\/ephemerides-fb.jpg?fit=1200%2C630&ssl=1&resize=350%2C200","width":350,"height":200,"srcset":"https:\/\/i0.wp.com\/vincentians.com\/fr\/wp-content\/uploads\/sites\/10\/2016\/07\/ephemerides-fb.jpg?fit=1200%2C630&ssl=1&resize=350%2C200 1x, https:\/\/i0.wp.com\/vincentians.com\/fr\/wp-content\/uploads\/sites\/10\/2016\/07\/ephemerides-fb.jpg?fit=1200%2C630&ssl=1&resize=525%2C300 1.5x, https:\/\/i0.wp.com\/vincentians.com\/fr\/wp-content\/uploads\/sites\/10\/2016\/07\/ephemerides-fb.jpg?fit=1200%2C630&ssl=1&resize=700%2C400 2x, https:\/\/i0.wp.com\/vincentians.com\/fr\/wp-content\/uploads\/sites\/10\/2016\/07\/ephemerides-fb.jpg?fit=1200%2C630&ssl=1&resize=1050%2C600 3x"},"classes":[]},{"id":190381,"url":"https:\/\/vincentians.com\/fr\/ephemerides-02-mai\/","url_meta":{"origin":106453,"position":1},"title":"Eph\u00e9m\u00e9rides : 02 mai","author":"Francisco Javier Fern\u00e1ndez Chento","date":"02\/05\/2017","format":false,"excerpt":"1612. \u00c0 Clichy, Monsieur Vincent prend possession de la cure, dans l'apr\u00e8s-midi, selon le c\u00e9r\u00e9monial traditionnel. Un vaste territoire lui \u00e9choit en partage\u00a0: sur l\u2019actuel plan de Paris, il serait repr\u00e9sent\u00e9 par les neuf dixi\u00e8mes du 17e arrondissement, un dixi\u00e8me du 18e, presque la moiti\u00e9 du 8e, et une petite\u2026","rel":"","context":"Dans &quot;\u00c9ph\u00e9m\u00e9rides vincentiens&quot;","block_context":{"text":"\u00c9ph\u00e9m\u00e9rides vincentiens","link":"https:\/\/vincentians.com\/fr\/category\/ephemerides-vincentiens\/"},"img":{"alt_text":"","src":"https:\/\/i0.wp.com\/vincentians.com\/fr\/wp-content\/uploads\/sites\/10\/2016\/07\/ephemerides-fb.jpg?fit=1200%2C630&ssl=1&resize=350%2C200","width":350,"height":200,"srcset":"https:\/\/i0.wp.com\/vincentians.com\/fr\/wp-content\/uploads\/sites\/10\/2016\/07\/ephemerides-fb.jpg?fit=1200%2C630&ssl=1&resize=350%2C200 1x, https:\/\/i0.wp.com\/vincentians.com\/fr\/wp-content\/uploads\/sites\/10\/2016\/07\/ephemerides-fb.jpg?fit=1200%2C630&ssl=1&resize=525%2C300 1.5x, https:\/\/i0.wp.com\/vincentians.com\/fr\/wp-content\/uploads\/sites\/10\/2016\/07\/ephemerides-fb.jpg?fit=1200%2C630&ssl=1&resize=700%2C400 2x, https:\/\/i0.wp.com\/vincentians.com\/fr\/wp-content\/uploads\/sites\/10\/2016\/07\/ephemerides-fb.jpg?fit=1200%2C630&ssl=1&resize=1050%2C600 3x"},"classes":[]},{"id":190064,"url":"https:\/\/vincentians.com\/fr\/ephemerides-11-aout\/","url_meta":{"origin":106453,"position":2},"title":"Eph\u00e9m\u00e9rides: 11 ao\u00fbt","author":"Francisco Javier Fern\u00e1ndez Chento","date":"11\/08\/2016","format":false,"excerpt":"1676. Par contrat sign\u00e9 devant notaires avec M\u00e8re Mathurine Gu\u00e9rin et les trois offici\u00e8res en charge, Madame Elisabeth d\u2019Orl\u00e9ans, duchesse d\u2019Alen\u00e7on, \u00e9tablit trois S\u0153urs \u00e0 l\u2019H\u00f4tel-Dieu d\u2019Alen\u00e7on. Les S\u0153urs seront consid\u00e9r\u00e9es comme filles de la maison et non comme mercenaires. Des rentes sont \u00e9tablies pour leur entretien. (C) 1700. Monsieur\u2026","rel":"","context":"Dans &quot;\u00c9ph\u00e9m\u00e9rides vincentiens&quot;","block_context":{"text":"\u00c9ph\u00e9m\u00e9rides vincentiens","link":"https:\/\/vincentians.com\/fr\/category\/ephemerides-vincentiens\/"},"img":{"alt_text":"","src":"https:\/\/i0.wp.com\/vincentians.com\/fr\/wp-content\/uploads\/sites\/10\/2016\/07\/ephemerides-fb.jpg?fit=1200%2C630&ssl=1&resize=350%2C200","width":350,"height":200,"srcset":"https:\/\/i0.wp.com\/vincentians.com\/fr\/wp-content\/uploads\/sites\/10\/2016\/07\/ephemerides-fb.jpg?fit=1200%2C630&ssl=1&resize=350%2C200 1x, https:\/\/i0.wp.com\/vincentians.com\/fr\/wp-content\/uploads\/sites\/10\/2016\/07\/ephemerides-fb.jpg?fit=1200%2C630&ssl=1&resize=525%2C300 1.5x, https:\/\/i0.wp.com\/vincentians.com\/fr\/wp-content\/uploads\/sites\/10\/2016\/07\/ephemerides-fb.jpg?fit=1200%2C630&ssl=1&resize=700%2C400 2x, https:\/\/i0.wp.com\/vincentians.com\/fr\/wp-content\/uploads\/sites\/10\/2016\/07\/ephemerides-fb.jpg?fit=1200%2C630&ssl=1&resize=1050%2C600 3x"},"classes":[]},{"id":103887,"url":"https:\/\/vincentians.com\/fr\/ephemerides-26-octobre\/","url_meta":{"origin":106453,"position":3},"title":"Eph\u00e9m\u00e9rides: 26 octobre","author":"Francisco Javier Fern\u00e1ndez Chento","date":"26\/10\/2016","format":false,"excerpt":"1658. Sainte Louise \u00e9crit \u201caux Filles de la Charit\u00e9, Servantes des Pauvres Malades \u00e0 l\u2019h\u00f4pital d\u2019Ussel en Limousin\u201d. Entre autres recommandations, elle dit\u00a0: \u201cJe vous prie, ma S\u0153ur Avoie, que quand vous chanterez pour vous divertir ensemble, de prendre garde que les personnes du dehors ne vous entendent pas. Je\u2026","rel":"","context":"Dans &quot;\u00c9ph\u00e9m\u00e9rides vincentiens&quot;","block_context":{"text":"\u00c9ph\u00e9m\u00e9rides vincentiens","link":"https:\/\/vincentians.com\/fr\/category\/ephemerides-vincentiens\/"},"img":{"alt_text":"","src":"https:\/\/i0.wp.com\/vincentians.com\/fr\/wp-content\/uploads\/sites\/10\/2016\/07\/ephemerides-fb.jpg?fit=1200%2C630&ssl=1&resize=350%2C200","width":350,"height":200,"srcset":"https:\/\/i0.wp.com\/vincentians.com\/fr\/wp-content\/uploads\/sites\/10\/2016\/07\/ephemerides-fb.jpg?fit=1200%2C630&ssl=1&resize=350%2C200 1x, https:\/\/i0.wp.com\/vincentians.com\/fr\/wp-content\/uploads\/sites\/10\/2016\/07\/ephemerides-fb.jpg?fit=1200%2C630&ssl=1&resize=525%2C300 1.5x, https:\/\/i0.wp.com\/vincentians.com\/fr\/wp-content\/uploads\/sites\/10\/2016\/07\/ephemerides-fb.jpg?fit=1200%2C630&ssl=1&resize=700%2C400 2x, https:\/\/i0.wp.com\/vincentians.com\/fr\/wp-content\/uploads\/sites\/10\/2016\/07\/ephemerides-fb.jpg?fit=1200%2C630&ssl=1&resize=1050%2C600 3x"},"classes":[]},{"id":104141,"url":"https:\/\/vincentians.com\/fr\/ephemerides-26-novembre\/","url_meta":{"origin":106453,"position":4},"title":"Eph\u00e9m\u00e9rides: 26 novembre","author":"Francisco Javier Fern\u00e1ndez Chento","date":"26\/11\/2016","format":false,"excerpt":"1691. Par Brevet, le Roi Louis XIV fait don au Consistoire de Corbigny de plusieurs rentes pour l\u2019\u00e9tablissement de deux S\u0153urs pour les pauvres malades des terres de l\u2019abbaye b\u00e9n\u00e9dictine. (C) 1852. \u00c0 Madrid, la reine Isabelle II, signe l\u2019ordonnance par laquelle la Congr\u00e9gation de la Mission est mise en\u2026","rel":"","context":"Dans &quot;\u00c9ph\u00e9m\u00e9rides vincentiens&quot;","block_context":{"text":"\u00c9ph\u00e9m\u00e9rides vincentiens","link":"https:\/\/vincentians.com\/fr\/category\/ephemerides-vincentiens\/"},"img":{"alt_text":"","src":"https:\/\/i0.wp.com\/vincentians.com\/fr\/wp-content\/uploads\/sites\/10\/2016\/07\/ephemerides-fb.jpg?fit=1200%2C630&ssl=1&resize=350%2C200","width":350,"height":200,"srcset":"https:\/\/i0.wp.com\/vincentians.com\/fr\/wp-content\/uploads\/sites\/10\/2016\/07\/ephemerides-fb.jpg?fit=1200%2C630&ssl=1&resize=350%2C200 1x, https:\/\/i0.wp.com\/vincentians.com\/fr\/wp-content\/uploads\/sites\/10\/2016\/07\/ephemerides-fb.jpg?fit=1200%2C630&ssl=1&resize=525%2C300 1.5x, https:\/\/i0.wp.com\/vincentians.com\/fr\/wp-content\/uploads\/sites\/10\/2016\/07\/ephemerides-fb.jpg?fit=1200%2C630&ssl=1&resize=700%2C400 2x, https:\/\/i0.wp.com\/vincentians.com\/fr\/wp-content\/uploads\/sites\/10\/2016\/07\/ephemerides-fb.jpg?fit=1200%2C630&ssl=1&resize=1050%2C600 3x"},"classes":[]},{"id":104144,"url":"https:\/\/vincentians.com\/fr\/ephemerides-29-novembre\/","url_meta":{"origin":106453,"position":5},"title":"Eph\u00e9m\u00e9rides: 29 novembre","author":"Francisco Javier Fern\u00e1ndez Chento","date":"29\/11\/2016","format":false,"excerpt":"1633. \u00c0 Paris, en la maison de Mlle Le Gras, proche Saint-Nicolas du Chardonnet \u2014 rue des Foss\u00e9s-Saint-Victor \u2014 trois ou quatre filles s\u2019assemblent pour apprendre \u00e0 servir les pauvres\u2026 C\u2019est une consid\u00e9ration d\u2019utilit\u00e9 pratique qui est \u00e0 l\u2019origine de ce petit fait\u00a0: les d\u00e9tails concrets et peu rago\u00fbtants de\u2026","rel":"","context":"Dans &quot;\u00c9ph\u00e9m\u00e9rides vincentiens&quot;","block_context":{"text":"\u00c9ph\u00e9m\u00e9rides vincentiens","link":"https:\/\/vincentians.com\/fr\/category\/ephemerides-vincentiens\/"},"img":{"alt_text":"","src":"https:\/\/i0.wp.com\/vincentians.com\/fr\/wp-content\/uploads\/sites\/10\/2016\/07\/ephemerides-fb.jpg?fit=1200%2C630&ssl=1&resize=350%2C200","width":350,"height":200,"srcset":"https:\/\/i0.wp.com\/vincentians.com\/fr\/wp-content\/uploads\/sites\/10\/2016\/07\/ephemerides-fb.jpg?fit=1200%2C630&ssl=1&resize=350%2C200 1x, https:\/\/i0.wp.com\/vincentians.com\/fr\/wp-content\/uploads\/sites\/10\/2016\/07\/ephemerides-fb.jpg?fit=1200%2C630&ssl=1&resize=525%2C300 1.5x, https:\/\/i0.wp.com\/vincentians.com\/fr\/wp-content\/uploads\/sites\/10\/2016\/07\/ephemerides-fb.jpg?fit=1200%2C630&ssl=1&resize=700%2C400 2x, https:\/\/i0.wp.com\/vincentians.com\/fr\/wp-content\/uploads\/sites\/10\/2016\/07\/ephemerides-fb.jpg?fit=1200%2C630&ssl=1&resize=1050%2C600 3x"},"classes":[]}],"_links":{"self":[{"href":"https:\/\/vincentians.com\/fr\/wp-json\/wp\/v2\/posts\/106453","targetHints":{"allow":["GET"]}}],"collection":[{"href":"https:\/\/vincentians.com\/fr\/wp-json\/wp\/v2\/posts"}],"about":[{"href":"https:\/\/vincentians.com\/fr\/wp-json\/wp\/v2\/types\/post"}],"author":[{"embeddable":true,"href":"https:\/\/vincentians.com\/fr\/wp-json\/wp\/v2\/users\/4"}],"replies":[{"embeddable":true,"href":"https:\/\/vincentians.com\/fr\/wp-json\/wp\/v2\/comments?post=106453"}],"version-history":[{"count":0,"href":"https:\/\/vincentians.com\/fr\/wp-json\/wp\/v2\/posts\/106453\/revisions"}],"wp:featuredmedia":[{"embeddable":true,"href":"https:\/\/vincentians.com\/fr\/wp-json\/wp\/v2\/media\/149897"}],"wp:attachment":[{"href":"https:\/\/vincentians.com\/fr\/wp-json\/wp\/v2\/media?parent=106453"}],"wp:term":[{"taxonomy":"category","embeddable":true,"href":"https:\/\/vincentians.com\/fr\/wp-json\/wp\/v2\/categories?post=106453"},{"taxonomy":"post_tag","embeddable":true,"href":"https:\/\/vincentians.com\/fr\/wp-json\/wp\/v2\/tags?post=106453"}],"curies":[{"name":"wp","href":"https:\/\/api.w.org\/{rel}","templated":true}]}}