{"id":106452,"date":"2017-05-22T00:01:17","date_gmt":"2017-05-21T22:01:17","guid":{"rendered":"http:\/\/vincentiens.org\/?p=106452"},"modified":"2017-05-22T00:01:17","modified_gmt":"2017-05-21T22:01:17","slug":"ephemerides-22-mai","status":"publish","type":"post","link":"https:\/\/vincentians.com\/fr\/ephemerides-22-mai\/","title":{"rendered":"Eph\u00e9m\u00e9rides: 22 mai"},"content":{"rendered":"<p align=\"justify\"><strong>En 1657, <\/strong>dans son entretien avec nos Premi\u00e8res S\u0153urs, saint Vincent explique comment choisir les Offici\u00e8res de la Compagnie\u00a0: \u201cTout le bien et tout le mal de la Maison d\u00e9pend de la Sup\u00e9rieure et des Offici\u00e8res\u201d remarque-t-il et Il d\u00e9sire des filles saines de corps, \u00e0 l\u2019esprit bien fait, bonnes chr\u00e9tiennes et sans aucune ambition \u201cdans lesquelles on aura remarqu\u00e9 un esprit de simplicit\u00e9, un grand z\u00e8le pour le service du prochain et surtout pour le salut des Pauvres, nos Seigneurs et nos Ma\u00eetres, car nous sommes serviteurs des Pauvres quoiqu\u2019indignes de cet honneur\u201d.<\/p>\n<p align=\"justify\">Une pri\u00e8re o\u00f9 passe tout l\u2019esprit de Foi de saint Vincent va pr\u00e9c\u00e9der l\u2019\u00e9lection. \u201cOr sus, Sauveur de nos \u00e2mes, qui \u00eates celui qui avez choisi de toute \u00e9ternit\u00e9 les S\u0153urs qui doivent \u00eatre vos offici\u00e8res dans votre id\u00e9e \u00e9ternellement, ayez agr\u00e9able de vous ressouvenir que ce sont vos offici\u00e8res que vous vous \u00eates choisies pour le bien de cette petite Compagnie\u201d. Les S\u0153urs ayant exprim\u00e9 leur choix, S\u0153ur Jeanne de la Croix devint Assistante, S\u0153ur Genevi\u00e8ve Poisson, Tr\u00e9sori\u00e8re, et S\u0153ur Madeleine M\u00e9nage, d\u00e9pensi\u00e8re.(R)<\/p>\n<p align=\"justify\"><strong>En 1808<\/strong>, \u00e0 <em>Rome<\/em>, le Souverain Pontife Pie VII accorde une indulgence pl\u00e9ni\u00e8re \u00ab <em>toties quoties<\/em> \u00bb aux membres des deux familles de saint Vincent qui, tous les jours ou au moins quelques jours de la semaine, je\u00fbneront dans ces temps de calamit\u00e9. L&rsquo;attribution d&rsquo;une telle faveur et la condition mise \u00e0 son obtention laissent deviner l&rsquo;angoisse des esprits \u00e0 l&rsquo;\u00e9poque (1).<\/p>\n<p align=\"justify\"><strong>En 1829<\/strong>, \u00e0 <em>Paris<\/em>, la dix-septi\u00e8me Assembl\u00e9e g\u00e9n\u00e9rale se cl\u00f4ture \u00e0 sa neuvi\u00e8me session. Dans la lettre qu&rsquo;il adressa \u00e0 la Compagnie, le 1er juin suivant pour lui notifier son \u00e9lection, M. Salhorgne recommande aux confr\u00e8res l&rsquo;acceptation des emplois qui leur sont confi\u00e9s, et quels qu&rsquo;ils soient, cette acceptation \u00e9tant le meilleur moyen pratique de prouver leur attachement \u00e0 leur vocation (2).<\/p>\n<p align=\"justify\"><strong>En 1871, <\/strong>au moment o\u00f9 M. le Directeur vient pour dire la Messe \u00e0 la Communaut\u00e9, le Fr\u00e8re portier de Saint-Lazare l\u2019arr\u00eate en le pr\u00e9venant que la Maison-M\u00e8re, rue du Bac, \u00e9tait cern\u00e9e par les gardes du 105e bataillon. En ce dimanche, nos S\u0153urs seront donc priv\u00e9es du Saint Sacrifice.(R)<\/p>\n<p align=\"justify\"><strong>En 1887<\/strong>, \u00e0 <em>Prime-Combe<\/em>, s\u2019ach\u00e8vent les pr\u00e9paratifs du couronnement de la Vierge qui se d\u00e9roulera les 23 et 24 mai. Mgr Besson, \u00e9v\u00eaque de <em>N\u00eemes<\/em>, dans une fort belle lettre pastorale, a annonc\u00e9 \u00e0 ses dioc\u00e9sains le grand \u00e9v\u00e9nement. Les paroisses des alentours de la combe mariale ont toutes collabor\u00e9 \u00e0 l\u2019ornementation qui corrige l&rsquo;aust\u00e9rit\u00e9 de la garrigue environnante. M. Dillies, sup\u00e9rieur de <em>Prime-Combe,<\/em> accueille avec sa courtoisie distingu\u00e9e, les invit\u00e9s. D\u00e8s la journ\u00e9e du lendemain, la maison abritera en plus de M. Besson, huit \u00e9v\u00eaques : l&rsquo;archev\u00eaque d&rsquo;<em>Avignon<\/em>, les \u00e9v\u00eaques de <em>Montpellier<\/em>, de <em>Clermont,<\/em> de <em>Carcassonne<\/em>, de <em>Monaco<\/em>, de <em>Marseille<\/em>, de <em>Viviers<\/em> et d&rsquo;<em>Agen<\/em>. Mais la grande journ\u00e9e sera celle du 24 mai. La nuit pr\u00e9c\u00e9dente sera une veill\u00e9e ininterrompue de pri\u00e8res dans la chapelle de Prime-Combe et dans l&rsquo;\u00e9glise paroissiale de <em>Fontan\u00e8s<\/em>. Le lendemain matin, en pr\u00e9sence de quatre cents pr\u00eatres, des s\u00e9minaristes de <em>N\u00eemes<\/em> et de <em>Montpellier<\/em>, des \u00e9l\u00e8ves de <em>Prime-Combe<\/em>, de ceux du coll\u00e8ge de <em>Sommi\u00e8res<\/em> et d&rsquo;une foule de plus de vingt mille p\u00e8lerins qui ont tout envahi, et apr\u00e8s la grand&rsquo;messe pontificale qu&rsquo;aura chant\u00e9e l&rsquo;archev\u00eaque d&rsquo;<em>Avignon<\/em> et qui sera suivie d&rsquo;un \u00e9loquent discours de Mgr de Cabri\u00e8res, \u00e9v\u00eaque de <em>Montpellier,<\/em> Mgr Besson, \u00e9v\u00eaque de <em>N\u00eemes<\/em>, au nom de L\u00e9on XIII, posera la pr\u00e9cieuse couronne sur le front de la Madone, honor\u00e9e en ces lieux depuis mille ans (3).<\/p>\n<p align=\"justify\"><strong>En 1894, <\/strong>\u00e9rection de la Province du Proche-Orient (Liban, Syrie Iran, Egypte, Terre Sainte). Les premi\u00e8res Filles de la Charit\u00e9 \u00e9taient arriv\u00e9es en Egypte en 1844\u00a0; au Liban et en Syrie en 1847, en Iran en 1857\u00a0; \u00e0 J\u00e9rusalem en 1886.<\/p>\n<p align=\"justify\"><strong>En 1930<\/strong>, \u00e0 <em>T\u00e9n\u00e8s<\/em>, Mgr Leynaud, archev\u00eaque d&rsquo;<em>Alger,<\/em> entour\u00e9 de nombreuses personnalit\u00e9s parmi lesquelles M. Verg\u00e8s, visiteur d&rsquo;Alg\u00e9rie, b\u00e9nit une statue de Notre-Dame de la M\u00e9daille Miraculeuse. S\u0153ur Dormoy qui anime le d\u00e9vouement des Filles de la Charit\u00e9 dans le Vieux-T\u00e9n\u00e9s, a voulu \u00e9riger cette statue pour marquer le centenaire des Apparitions de la rue du Bac. Pour cette inauguration, chr\u00e9tiens et musulmans sont fraternellement unis autour de la Vierge qui, d\u00e9sormais, du flanc de sa colline \u00e9tend les bras vers la ville de T\u00e9n\u00e8s (4).<\/p>\n<p align=\"justify\"><strong>En 1940, <\/strong>mort en prison de deux de nos S\u0153urs de Pologne, \u00e0 Lwow. L\u2019une avait 45 ans, 1\u2019autre 29. (R)<\/p>\n<p>&#8212;&#8212;&#8212;&#8212;&#8212;&#8212;&#8212;&#8212;&#8212;&#8212;&#8212;&#8212;&#8212;&#8212;&#8212;&#8212;&#8212;&#8212;&#8212;&#8212;&#8212;&#8212;&#8212;&#8212;&#8212;&#8212;&#8212;&#8212;&#8212;&#8212;&#8212;&#8212;&#8212;&#8212;&#8212;&#8211;<\/p>\n<p>(1) <em>R\u00e9pertoire historique C.M<\/em>., p. 81.<br \/>\n(2) <em>Circulaires<\/em>, t. II, pp. 427-432.<br \/>\n(3) <em>Annales<\/em>, t. 52, pp. 339-353.<br \/>\n(4) <em>Bulletin des Missions Lazaristes<\/em>, 1930, pp. 244-251.<\/p>\n","protected":false},"excerpt":{"rendered":"<p>En 1657, dans son entretien avec nos Premi\u00e8res S\u0153urs, saint Vincent explique comment choisir les Offici\u00e8res de la Compagnie\u00a0: \u201cTout le bien et tout le mal de la Maison d\u00e9pend de la Sup\u00e9rieure et des &#8230; <a href=\"https:\/\/vincentians.com\/fr\/ephemerides-22-mai\/\" class=\"more-link\">Read More<\/a><\/p>\n","protected":false},"author":4,"featured_media":149897,"comment_status":"open","ping_status":"open","sticky":false,"template":"","format":"standard","meta":{"jetpack_post_was_ever_published":false,"_jetpack_newsletter_access":"","_jetpack_dont_email_post_to_subs":false,"_jetpack_newsletter_tier_id":0,"_jetpack_memberships_contains_paywalled_content":false,"_jetpack_memberships_contains_paid_content":false,"footnotes":"","jetpack_publicize_message":"","jetpack_publicize_feature_enabled":true,"jetpack_social_post_already_shared":true,"jetpack_social_options":{"image_generator_settings":{"template":"highway","default_image_id":0,"font":"","enabled":false},"version":2}},"categories":[119],"tags":[],"class_list":["post-106452","post","type-post","status-publish","format-standard","has-post-thumbnail","hentry","category-ephemerides-vincentiens"],"yoast_head":"<!-- This site is optimized with the Yoast SEO plugin v26.3 - https:\/\/yoast.com\/wordpress\/plugins\/seo\/ -->\n<title>Eph\u00e9m\u00e9rides: 22 mai - Nous Sommes Vincentiens<\/title>\n<meta name=\"robots\" content=\"index, follow, max-snippet:-1, max-image-preview:large, max-video-preview:-1\" \/>\n<link rel=\"canonical\" href=\"https:\/\/vincentians.com\/fr\/ephemerides-22-mai\/\" \/>\n<meta property=\"og:locale\" content=\"fr_FR\" \/>\n<meta property=\"og:type\" content=\"article\" \/>\n<meta property=\"og:title\" content=\"Eph\u00e9m\u00e9rides: 22 mai - Nous Sommes Vincentiens\" \/>\n<meta property=\"og:description\" content=\"En 1657, dans son entretien avec nos Premi\u00e8res S\u0153urs, saint Vincent explique comment choisir les Offici\u00e8res de la Compagnie\u00a0: \u201cTout le bien et tout le mal de la Maison d\u00e9pend de la Sup\u00e9rieure et des ... Read More\" \/>\n<meta property=\"og:url\" content=\"https:\/\/vincentians.com\/fr\/ephemerides-22-mai\/\" \/>\n<meta property=\"og:site_name\" content=\"Nous Sommes Vincentiens\" \/>\n<meta property=\"article:publisher\" content=\"https:\/\/www.facebook.com\/WeAreVincentians\/\" \/>\n<meta property=\"article:author\" content=\"https:\/\/www.facebook.com\/JavierChento\" \/>\n<meta property=\"article:published_time\" content=\"2017-05-21T22:01:17+00:00\" \/>\n<meta property=\"og:image\" content=\"https:\/\/i0.wp.com\/vincentians.com\/fr\/wp-content\/uploads\/sites\/10\/2016\/07\/ephemerides-fb.jpg?fit=1200%2C630&ssl=1\" \/>\n\t<meta property=\"og:image:width\" content=\"1200\" \/>\n\t<meta property=\"og:image:height\" content=\"630\" \/>\n\t<meta property=\"og:image:type\" content=\"image\/jpeg\" \/>\n<meta name=\"author\" content=\"Francisco Javier Fern\u00e1ndez Chento\" \/>\n<meta name=\"twitter:card\" content=\"summary_large_image\" \/>\n<meta name=\"twitter:creator\" content=\"@https:\/\/twitter.com\/javierchento\" \/>\n<meta name=\"twitter:site\" content=\"@WeVincentians\" \/>\n<meta name=\"twitter:label1\" content=\"\u00c9crit par\" \/>\n\t<meta name=\"twitter:data1\" content=\"Francisco Javier Fern\u00e1ndez Chento\" \/>\n\t<meta name=\"twitter:label2\" content=\"Dur\u00e9e de lecture estim\u00e9e\" \/>\n\t<meta name=\"twitter:data2\" content=\"4 minutes\" \/>\n<script type=\"application\/ld+json\" class=\"yoast-schema-graph\">{\"@context\":\"https:\/\/schema.org\",\"@graph\":[{\"@type\":\"WebPage\",\"@id\":\"https:\/\/vincentians.com\/fr\/ephemerides-22-mai\/\",\"url\":\"https:\/\/vincentians.com\/fr\/ephemerides-22-mai\/\",\"name\":\"Eph\u00e9m\u00e9rides: 22 mai - Nous Sommes Vincentiens\",\"isPartOf\":{\"@id\":\"https:\/\/vincentians.com\/fr\/#website\"},\"primaryImageOfPage\":{\"@id\":\"https:\/\/vincentians.com\/fr\/ephemerides-22-mai\/#primaryimage\"},\"image\":{\"@id\":\"https:\/\/vincentians.com\/fr\/ephemerides-22-mai\/#primaryimage\"},\"thumbnailUrl\":\"https:\/\/i0.wp.com\/vincentians.com\/fr\/wp-content\/uploads\/sites\/10\/2016\/07\/ephemerides-fb.jpg?fit=1200%2C630&ssl=1\",\"datePublished\":\"2017-05-21T22:01:17+00:00\",\"author\":{\"@id\":\"https:\/\/vincentians.com\/fr\/#\/schema\/person\/9623ef4d9aa3b2dfb8c061f1499288f2\"},\"breadcrumb\":{\"@id\":\"https:\/\/vincentians.com\/fr\/ephemerides-22-mai\/#breadcrumb\"},\"inLanguage\":\"fr-FR\",\"potentialAction\":[{\"@type\":\"ReadAction\",\"target\":[\"https:\/\/vincentians.com\/fr\/ephemerides-22-mai\/\"]}]},{\"@type\":\"ImageObject\",\"inLanguage\":\"fr-FR\",\"@id\":\"https:\/\/vincentians.com\/fr\/ephemerides-22-mai\/#primaryimage\",\"url\":\"https:\/\/i0.wp.com\/vincentians.com\/fr\/wp-content\/uploads\/sites\/10\/2016\/07\/ephemerides-fb.jpg?fit=1200%2C630&ssl=1\",\"contentUrl\":\"https:\/\/i0.wp.com\/vincentians.com\/fr\/wp-content\/uploads\/sites\/10\/2016\/07\/ephemerides-fb.jpg?fit=1200%2C630&ssl=1\",\"width\":1200,\"height\":630},{\"@type\":\"BreadcrumbList\",\"@id\":\"https:\/\/vincentians.com\/fr\/ephemerides-22-mai\/#breadcrumb\",\"itemListElement\":[{\"@type\":\"ListItem\",\"position\":1,\"name\":\"Portada\",\"item\":\"https:\/\/vincentians.com\/fr\/\"},{\"@type\":\"ListItem\",\"position\":2,\"name\":\"Eph\u00e9m\u00e9rides: 22 mai\"}]},{\"@type\":\"WebSite\",\"@id\":\"https:\/\/vincentians.com\/fr\/#website\",\"url\":\"https:\/\/vincentians.com\/fr\/\",\"name\":\"Nous Sommes Vincentiens\",\"description\":\"Know more to serve more\",\"potentialAction\":[{\"@type\":\"SearchAction\",\"target\":{\"@type\":\"EntryPoint\",\"urlTemplate\":\"https:\/\/vincentians.com\/fr\/?s={search_term_string}\"},\"query-input\":{\"@type\":\"PropertyValueSpecification\",\"valueRequired\":true,\"valueName\":\"search_term_string\"}}],\"inLanguage\":\"fr-FR\"},{\"@type\":\"Person\",\"@id\":\"https:\/\/vincentians.com\/fr\/#\/schema\/person\/9623ef4d9aa3b2dfb8c061f1499288f2\",\"name\":\"Francisco Javier Fern\u00e1ndez Chento\",\"image\":{\"@type\":\"ImageObject\",\"inLanguage\":\"fr-FR\",\"@id\":\"https:\/\/vincentians.com\/fr\/#\/schema\/person\/image\/\",\"url\":\"https:\/\/secure.gravatar.com\/avatar\/497d5cde87b4c3d097d0315953521681ba2cd523ee66e5077c3711f7021e65de?s=96&d=mm&r=g\",\"contentUrl\":\"https:\/\/secure.gravatar.com\/avatar\/497d5cde87b4c3d097d0315953521681ba2cd523ee66e5077c3711f7021e65de?s=96&d=mm&r=g\",\"caption\":\"Francisco Javier Fern\u00e1ndez Chento\"},\"description\":\"Director General y cofundador de La Red de Formaci\u00f3n Vicenciana. Javier es laico vicenciano, afiliado a la Congregaci\u00f3n de la Misi\u00f3n y miembro del Equipo de Misiones Populares de la provincia can\u00f3nica de Zaragoza (Espa\u00f1a) de la Congregaci\u00f3n de la Misi\u00f3n. Graduado en la Universidad Oberta de Catalunya con cuatro grados (Asistente de direcci\u00f3n, Gesti\u00f3n Administrativa, Recursos Humanos y Contabilidad Avanzada). Bil\u00edng\u00fce Espa\u00f1ol\/Ingl\u00e9s. gestiona y mantiene varias p\u00e1ginas web cristianas y vicencianas, incluida including La Red de Formaci\u00f3n Vicenciana, de la que es cofundador. Actualmente es responsable del \u00e1rea de Espa\u00f1ol de .famvin, la Red de Noticias de la Familia Vicenciana. Tambi\u00e9n es m\u00fasico cat\u00f3lico y ha editado varios discos. Es Director General y cofundador de Trovador, una reconocida compa\u00f1\u00eda discogr\u00e1fica critiana de Espa\u00f1a. Trabaja en las Tecnolog\u00edas de la Informaci\u00f3n, ofreciendo servicios de alojamiento, dise\u00f1o y mantenimiento Web, as\u00ed como asesoramiento, formaci\u00f3n y soluciones inform\u00e1ticas, gesti\u00f3n documental y digitalizaci\u00f3n de textos, edici\u00f3n y maquetaci\u00f3n de libros, revistas, flyers, etc.\",\"sameAs\":[\"http:\/\/chento.org\",\"https:\/\/www.facebook.com\/JavierChento\",\"https:\/\/x.com\/https:\/\/twitter.com\/javierchento\"],\"url\":\"https:\/\/vincentians.com\/fr\/author\/chento\/\"}]}<\/script>\n<!-- \/ Yoast SEO plugin. -->","yoast_head_json":{"title":"Eph\u00e9m\u00e9rides: 22 mai - Nous Sommes Vincentiens","robots":{"index":"index","follow":"follow","max-snippet":"max-snippet:-1","max-image-preview":"max-image-preview:large","max-video-preview":"max-video-preview:-1"},"canonical":"https:\/\/vincentians.com\/fr\/ephemerides-22-mai\/","og_locale":"fr_FR","og_type":"article","og_title":"Eph\u00e9m\u00e9rides: 22 mai - Nous Sommes Vincentiens","og_description":"En 1657, dans son entretien avec nos Premi\u00e8res S\u0153urs, saint Vincent explique comment choisir les Offici\u00e8res de la Compagnie\u00a0: \u201cTout le bien et tout le mal de la Maison d\u00e9pend de la Sup\u00e9rieure et des ... Read More","og_url":"https:\/\/vincentians.com\/fr\/ephemerides-22-mai\/","og_site_name":"Nous Sommes Vincentiens","article_publisher":"https:\/\/www.facebook.com\/WeAreVincentians\/","article_author":"https:\/\/www.facebook.com\/JavierChento","article_published_time":"2017-05-21T22:01:17+00:00","og_image":[{"width":1200,"height":630,"url":"https:\/\/i0.wp.com\/vincentians.com\/fr\/wp-content\/uploads\/sites\/10\/2016\/07\/ephemerides-fb.jpg?fit=1200%2C630&ssl=1","type":"image\/jpeg"}],"author":"Francisco Javier Fern\u00e1ndez Chento","twitter_card":"summary_large_image","twitter_creator":"@https:\/\/twitter.com\/javierchento","twitter_site":"@WeVincentians","twitter_misc":{"\u00c9crit par":"Francisco Javier Fern\u00e1ndez Chento","Dur\u00e9e de lecture estim\u00e9e":"4 minutes"},"schema":{"@context":"https:\/\/schema.org","@graph":[{"@type":"WebPage","@id":"https:\/\/vincentians.com\/fr\/ephemerides-22-mai\/","url":"https:\/\/vincentians.com\/fr\/ephemerides-22-mai\/","name":"Eph\u00e9m\u00e9rides: 22 mai - Nous Sommes Vincentiens","isPartOf":{"@id":"https:\/\/vincentians.com\/fr\/#website"},"primaryImageOfPage":{"@id":"https:\/\/vincentians.com\/fr\/ephemerides-22-mai\/#primaryimage"},"image":{"@id":"https:\/\/vincentians.com\/fr\/ephemerides-22-mai\/#primaryimage"},"thumbnailUrl":"https:\/\/i0.wp.com\/vincentians.com\/fr\/wp-content\/uploads\/sites\/10\/2016\/07\/ephemerides-fb.jpg?fit=1200%2C630&ssl=1","datePublished":"2017-05-21T22:01:17+00:00","author":{"@id":"https:\/\/vincentians.com\/fr\/#\/schema\/person\/9623ef4d9aa3b2dfb8c061f1499288f2"},"breadcrumb":{"@id":"https:\/\/vincentians.com\/fr\/ephemerides-22-mai\/#breadcrumb"},"inLanguage":"fr-FR","potentialAction":[{"@type":"ReadAction","target":["https:\/\/vincentians.com\/fr\/ephemerides-22-mai\/"]}]},{"@type":"ImageObject","inLanguage":"fr-FR","@id":"https:\/\/vincentians.com\/fr\/ephemerides-22-mai\/#primaryimage","url":"https:\/\/i0.wp.com\/vincentians.com\/fr\/wp-content\/uploads\/sites\/10\/2016\/07\/ephemerides-fb.jpg?fit=1200%2C630&ssl=1","contentUrl":"https:\/\/i0.wp.com\/vincentians.com\/fr\/wp-content\/uploads\/sites\/10\/2016\/07\/ephemerides-fb.jpg?fit=1200%2C630&ssl=1","width":1200,"height":630},{"@type":"BreadcrumbList","@id":"https:\/\/vincentians.com\/fr\/ephemerides-22-mai\/#breadcrumb","itemListElement":[{"@type":"ListItem","position":1,"name":"Portada","item":"https:\/\/vincentians.com\/fr\/"},{"@type":"ListItem","position":2,"name":"Eph\u00e9m\u00e9rides: 22 mai"}]},{"@type":"WebSite","@id":"https:\/\/vincentians.com\/fr\/#website","url":"https:\/\/vincentians.com\/fr\/","name":"Nous Sommes Vincentiens","description":"Know more to serve more","potentialAction":[{"@type":"SearchAction","target":{"@type":"EntryPoint","urlTemplate":"https:\/\/vincentians.com\/fr\/?s={search_term_string}"},"query-input":{"@type":"PropertyValueSpecification","valueRequired":true,"valueName":"search_term_string"}}],"inLanguage":"fr-FR"},{"@type":"Person","@id":"https:\/\/vincentians.com\/fr\/#\/schema\/person\/9623ef4d9aa3b2dfb8c061f1499288f2","name":"Francisco Javier Fern\u00e1ndez Chento","image":{"@type":"ImageObject","inLanguage":"fr-FR","@id":"https:\/\/vincentians.com\/fr\/#\/schema\/person\/image\/","url":"https:\/\/secure.gravatar.com\/avatar\/497d5cde87b4c3d097d0315953521681ba2cd523ee66e5077c3711f7021e65de?s=96&d=mm&r=g","contentUrl":"https:\/\/secure.gravatar.com\/avatar\/497d5cde87b4c3d097d0315953521681ba2cd523ee66e5077c3711f7021e65de?s=96&d=mm&r=g","caption":"Francisco Javier Fern\u00e1ndez Chento"},"description":"Director General y cofundador de La Red de Formaci\u00f3n Vicenciana. Javier es laico vicenciano, afiliado a la Congregaci\u00f3n de la Misi\u00f3n y miembro del Equipo de Misiones Populares de la provincia can\u00f3nica de Zaragoza (Espa\u00f1a) de la Congregaci\u00f3n de la Misi\u00f3n. Graduado en la Universidad Oberta de Catalunya con cuatro grados (Asistente de direcci\u00f3n, Gesti\u00f3n Administrativa, Recursos Humanos y Contabilidad Avanzada). Bil\u00edng\u00fce Espa\u00f1ol\/Ingl\u00e9s. gestiona y mantiene varias p\u00e1ginas web cristianas y vicencianas, incluida including La Red de Formaci\u00f3n Vicenciana, de la que es cofundador. Actualmente es responsable del \u00e1rea de Espa\u00f1ol de .famvin, la Red de Noticias de la Familia Vicenciana. Tambi\u00e9n es m\u00fasico cat\u00f3lico y ha editado varios discos. Es Director General y cofundador de Trovador, una reconocida compa\u00f1\u00eda discogr\u00e1fica critiana de Espa\u00f1a. Trabaja en las Tecnolog\u00edas de la Informaci\u00f3n, ofreciendo servicios de alojamiento, dise\u00f1o y mantenimiento Web, as\u00ed como asesoramiento, formaci\u00f3n y soluciones inform\u00e1ticas, gesti\u00f3n documental y digitalizaci\u00f3n de textos, edici\u00f3n y maquetaci\u00f3n de libros, revistas, flyers, etc.","sameAs":["http:\/\/chento.org","https:\/\/www.facebook.com\/JavierChento","https:\/\/x.com\/https:\/\/twitter.com\/javierchento"],"url":"https:\/\/vincentians.com\/fr\/author\/chento\/"}]}},"jetpack_publicize_connections":[],"jetpack_featured_media_url":"https:\/\/i0.wp.com\/vincentians.com\/fr\/wp-content\/uploads\/sites\/10\/2016\/07\/ephemerides-fb.jpg?fit=1200%2C630&ssl=1","jetpack_sharing_enabled":true,"jetpack_shortlink":"https:\/\/wp.me\/p7ETMP-rGY","jetpack-related-posts":[{"id":190052,"url":"https:\/\/vincentians.com\/fr\/ephemerides-01-aout\/","url_meta":{"origin":106452,"position":0},"title":"Eph\u00e9m\u00e9rides: 01 ao\u00fbt","author":"Francisco Javier Fern\u00e1ndez Chento","date":"01\/08\/2017","format":false,"excerpt":"1617. En l\u2019\u00e9glise Saint-Martin de Bu\u00e9nans, et en celle de Saint-Andr\u00e9 de Ch\u00e2tillon, qui en est l\u2019annexe. Monsieur Vincent est install\u00e9 cur\u00e9, dans le courant de l\u2019apr\u00e8s-midi et selon le c\u00e9r\u00e9monial habituel (1). 1697, 1724 et 1843. \u00c0 Paris, ouverture des Ve, IXe et XIXe, Assembl\u00e9es g\u00e9n\u00e9rales. Celle de 1697\u2026","rel":"","context":"Dans &quot;\u00c9ph\u00e9m\u00e9rides vincentiens&quot;","block_context":{"text":"\u00c9ph\u00e9m\u00e9rides vincentiens","link":"https:\/\/vincentians.com\/fr\/category\/ephemerides-vincentiens\/"},"img":{"alt_text":"","src":"https:\/\/i0.wp.com\/vincentians.com\/fr\/wp-content\/uploads\/sites\/10\/2016\/07\/ephemerides-fb.jpg?fit=1200%2C630&ssl=1&resize=350%2C200","width":350,"height":200,"srcset":"https:\/\/i0.wp.com\/vincentians.com\/fr\/wp-content\/uploads\/sites\/10\/2016\/07\/ephemerides-fb.jpg?fit=1200%2C630&ssl=1&resize=350%2C200 1x, https:\/\/i0.wp.com\/vincentians.com\/fr\/wp-content\/uploads\/sites\/10\/2016\/07\/ephemerides-fb.jpg?fit=1200%2C630&ssl=1&resize=525%2C300 1.5x, https:\/\/i0.wp.com\/vincentians.com\/fr\/wp-content\/uploads\/sites\/10\/2016\/07\/ephemerides-fb.jpg?fit=1200%2C630&ssl=1&resize=700%2C400 2x, https:\/\/i0.wp.com\/vincentians.com\/fr\/wp-content\/uploads\/sites\/10\/2016\/07\/ephemerides-fb.jpg?fit=1200%2C630&ssl=1&resize=1050%2C600 3x"},"classes":[]},{"id":190056,"url":"https:\/\/vincentians.com\/fr\/ephemerides-04-aout\/","url_meta":{"origin":106452,"position":1},"title":"Eph\u00e9m\u00e9rides: 04 ao\u00fbt","author":"Francisco Javier Fern\u00e1ndez Chento","date":"04\/08\/2017","format":false,"excerpt":"1658. D\u00e8s la nouvelle connue du d\u00e9c\u00e8s des deux S\u0153urs de Calais et de la maladie des deux autres, des S\u0153urs se proposent pour les remplacer. Quatre sont choisies\u00a0: Henriette Gesseaume, Marie Cuny, Fran\u00e7oise et Jeanne. Au cours de la conf\u00e9rence de ce jour, Monsieur Vincent les envoie en mission.\u2026","rel":"","context":"Dans &quot;\u00c9ph\u00e9m\u00e9rides vincentiens&quot;","block_context":{"text":"\u00c9ph\u00e9m\u00e9rides vincentiens","link":"https:\/\/vincentians.com\/fr\/category\/ephemerides-vincentiens\/"},"img":{"alt_text":"","src":"https:\/\/i0.wp.com\/vincentians.com\/fr\/wp-content\/uploads\/sites\/10\/2016\/07\/ephemerides-fb.jpg?fit=1200%2C630&ssl=1&resize=350%2C200","width":350,"height":200,"srcset":"https:\/\/i0.wp.com\/vincentians.com\/fr\/wp-content\/uploads\/sites\/10\/2016\/07\/ephemerides-fb.jpg?fit=1200%2C630&ssl=1&resize=350%2C200 1x, https:\/\/i0.wp.com\/vincentians.com\/fr\/wp-content\/uploads\/sites\/10\/2016\/07\/ephemerides-fb.jpg?fit=1200%2C630&ssl=1&resize=525%2C300 1.5x, https:\/\/i0.wp.com\/vincentians.com\/fr\/wp-content\/uploads\/sites\/10\/2016\/07\/ephemerides-fb.jpg?fit=1200%2C630&ssl=1&resize=700%2C400 2x, https:\/\/i0.wp.com\/vincentians.com\/fr\/wp-content\/uploads\/sites\/10\/2016\/07\/ephemerides-fb.jpg?fit=1200%2C630&ssl=1&resize=1050%2C600 3x"},"classes":[]},{"id":190567,"url":"https:\/\/vincentians.com\/fr\/ephemerides-21-juin\/","url_meta":{"origin":106452,"position":2},"title":"Eph\u00e9m\u00e9rides: 21 juin","author":"Francisco Javier Fern\u00e1ndez Chento","date":"21\/06\/2017","format":false,"excerpt":"1698. Le seigneur de Longu\u00e9 et sa femme signent avec M\u00e8re Julienne Laboue et les trois Soeurs offici\u00e8res le contrat d\u2019\u00e9tablissement de trois Soeurs pour le soin des malades et l\u2019instruction des petites filles pauvres des paroisses de Longu\u00e9 et de Saint Philibert, pr\u00e8s de Saumur. Il est demand\u00e9 d\u2019envoyer\u2026","rel":"","context":"Dans &quot;\u00c9ph\u00e9m\u00e9rides vincentiens&quot;","block_context":{"text":"\u00c9ph\u00e9m\u00e9rides vincentiens","link":"https:\/\/vincentians.com\/fr\/category\/ephemerides-vincentiens\/"},"img":{"alt_text":"","src":"https:\/\/i0.wp.com\/vincentians.com\/fr\/wp-content\/uploads\/sites\/10\/2016\/07\/ephemerides-fb.jpg?fit=1200%2C630&ssl=1&resize=350%2C200","width":350,"height":200,"srcset":"https:\/\/i0.wp.com\/vincentians.com\/fr\/wp-content\/uploads\/sites\/10\/2016\/07\/ephemerides-fb.jpg?fit=1200%2C630&ssl=1&resize=350%2C200 1x, https:\/\/i0.wp.com\/vincentians.com\/fr\/wp-content\/uploads\/sites\/10\/2016\/07\/ephemerides-fb.jpg?fit=1200%2C630&ssl=1&resize=525%2C300 1.5x, https:\/\/i0.wp.com\/vincentians.com\/fr\/wp-content\/uploads\/sites\/10\/2016\/07\/ephemerides-fb.jpg?fit=1200%2C630&ssl=1&resize=700%2C400 2x, https:\/\/i0.wp.com\/vincentians.com\/fr\/wp-content\/uploads\/sites\/10\/2016\/07\/ephemerides-fb.jpg?fit=1200%2C630&ssl=1&resize=1050%2C600 3x"},"classes":[]},{"id":190069,"url":"https:\/\/vincentians.com\/fr\/ephemerides-13-aout\/","url_meta":{"origin":106452,"position":3},"title":"Eph\u00e9m\u00e9rides: 13 ao\u00fbt","author":"Francisco Javier Fern\u00e1ndez Chento","date":"13\/08\/2016","format":false,"excerpt":"1685. Le procureur de l\u2019Ev\u00eaque et des administrateurs de l\u2019h\u00f4pital de Montauban signe, devant notaires \u00e0 Paris, le contrat d\u2019\u00e9tablissement de quatre S\u0153urs pour le soulagement des pauvres malades et la gloire de Dieu. S\u0153ur Adrienne Hurpy est la premi\u00e8re S\u0153ur Servante. (C) 1705. Le procureur des Dames de la\u2026","rel":"","context":"Dans &quot;\u00c9ph\u00e9m\u00e9rides vincentiens&quot;","block_context":{"text":"\u00c9ph\u00e9m\u00e9rides vincentiens","link":"https:\/\/vincentians.com\/fr\/category\/ephemerides-vincentiens\/"},"img":{"alt_text":"","src":"https:\/\/i0.wp.com\/vincentians.com\/fr\/wp-content\/uploads\/sites\/10\/2016\/07\/ephemerides-fb.jpg?fit=1200%2C630&ssl=1&resize=350%2C200","width":350,"height":200,"srcset":"https:\/\/i0.wp.com\/vincentians.com\/fr\/wp-content\/uploads\/sites\/10\/2016\/07\/ephemerides-fb.jpg?fit=1200%2C630&ssl=1&resize=350%2C200 1x, https:\/\/i0.wp.com\/vincentians.com\/fr\/wp-content\/uploads\/sites\/10\/2016\/07\/ephemerides-fb.jpg?fit=1200%2C630&ssl=1&resize=525%2C300 1.5x, https:\/\/i0.wp.com\/vincentians.com\/fr\/wp-content\/uploads\/sites\/10\/2016\/07\/ephemerides-fb.jpg?fit=1200%2C630&ssl=1&resize=700%2C400 2x, https:\/\/i0.wp.com\/vincentians.com\/fr\/wp-content\/uploads\/sites\/10\/2016\/07\/ephemerides-fb.jpg?fit=1200%2C630&ssl=1&resize=1050%2C600 3x"},"classes":[]},{"id":189328,"url":"https:\/\/vincentians.com\/fr\/ephemerides-14-juilliet\/","url_meta":{"origin":106452,"position":4},"title":"Eph\u00e9m\u00e9rides: 14 juilliet","author":"Francisco Javier Fern\u00e1ndez Chento","date":"14\/07\/2017","format":false,"excerpt":"1692. M\u00e8re Marie Moreau et les trois S\u0153urs offici\u00e8res signent le contrat d\u2019\u00e9tablissement d\u2019une troisi\u00e8me S\u0153ur dans la communaut\u00e9 de la paroisse de la Trinit\u00e9 de Ch\u00e2lons-en-Champagne. Cette S\u0153ur est particuli\u00e8rement destin\u00e9e au service des pauvres de la paroisse Saint-Alpin. (C) 1705. La comtesse de Broglie, accompagn\u00e9e de sa m\u00e8re\u2026","rel":"","context":"Dans &quot;\u00c9ph\u00e9m\u00e9rides vincentiens&quot;","block_context":{"text":"\u00c9ph\u00e9m\u00e9rides vincentiens","link":"https:\/\/vincentians.com\/fr\/category\/ephemerides-vincentiens\/"},"img":{"alt_text":"","src":"https:\/\/i0.wp.com\/vincentians.com\/fr\/wp-content\/uploads\/sites\/10\/2016\/07\/ephemerides-fb.jpg?fit=1200%2C630&ssl=1&resize=350%2C200","width":350,"height":200,"srcset":"https:\/\/i0.wp.com\/vincentians.com\/fr\/wp-content\/uploads\/sites\/10\/2016\/07\/ephemerides-fb.jpg?fit=1200%2C630&ssl=1&resize=350%2C200 1x, https:\/\/i0.wp.com\/vincentians.com\/fr\/wp-content\/uploads\/sites\/10\/2016\/07\/ephemerides-fb.jpg?fit=1200%2C630&ssl=1&resize=525%2C300 1.5x, https:\/\/i0.wp.com\/vincentians.com\/fr\/wp-content\/uploads\/sites\/10\/2016\/07\/ephemerides-fb.jpg?fit=1200%2C630&ssl=1&resize=700%2C400 2x, https:\/\/i0.wp.com\/vincentians.com\/fr\/wp-content\/uploads\/sites\/10\/2016\/07\/ephemerides-fb.jpg?fit=1200%2C630&ssl=1&resize=1050%2C600 3x"},"classes":[]},{"id":104144,"url":"https:\/\/vincentians.com\/fr\/ephemerides-29-novembre\/","url_meta":{"origin":106452,"position":5},"title":"Eph\u00e9m\u00e9rides: 29 novembre","author":"Francisco Javier Fern\u00e1ndez Chento","date":"29\/11\/2016","format":false,"excerpt":"1633. \u00c0 Paris, en la maison de Mlle Le Gras, proche Saint-Nicolas du Chardonnet \u2014 rue des Foss\u00e9s-Saint-Victor \u2014 trois ou quatre filles s\u2019assemblent pour apprendre \u00e0 servir les pauvres\u2026 C\u2019est une consid\u00e9ration d\u2019utilit\u00e9 pratique qui est \u00e0 l\u2019origine de ce petit fait\u00a0: les d\u00e9tails concrets et peu rago\u00fbtants de\u2026","rel":"","context":"Dans &quot;\u00c9ph\u00e9m\u00e9rides vincentiens&quot;","block_context":{"text":"\u00c9ph\u00e9m\u00e9rides vincentiens","link":"https:\/\/vincentians.com\/fr\/category\/ephemerides-vincentiens\/"},"img":{"alt_text":"","src":"https:\/\/i0.wp.com\/vincentians.com\/fr\/wp-content\/uploads\/sites\/10\/2016\/07\/ephemerides-fb.jpg?fit=1200%2C630&ssl=1&resize=350%2C200","width":350,"height":200,"srcset":"https:\/\/i0.wp.com\/vincentians.com\/fr\/wp-content\/uploads\/sites\/10\/2016\/07\/ephemerides-fb.jpg?fit=1200%2C630&ssl=1&resize=350%2C200 1x, https:\/\/i0.wp.com\/vincentians.com\/fr\/wp-content\/uploads\/sites\/10\/2016\/07\/ephemerides-fb.jpg?fit=1200%2C630&ssl=1&resize=525%2C300 1.5x, https:\/\/i0.wp.com\/vincentians.com\/fr\/wp-content\/uploads\/sites\/10\/2016\/07\/ephemerides-fb.jpg?fit=1200%2C630&ssl=1&resize=700%2C400 2x, https:\/\/i0.wp.com\/vincentians.com\/fr\/wp-content\/uploads\/sites\/10\/2016\/07\/ephemerides-fb.jpg?fit=1200%2C630&ssl=1&resize=1050%2C600 3x"},"classes":[]}],"_links":{"self":[{"href":"https:\/\/vincentians.com\/fr\/wp-json\/wp\/v2\/posts\/106452","targetHints":{"allow":["GET"]}}],"collection":[{"href":"https:\/\/vincentians.com\/fr\/wp-json\/wp\/v2\/posts"}],"about":[{"href":"https:\/\/vincentians.com\/fr\/wp-json\/wp\/v2\/types\/post"}],"author":[{"embeddable":true,"href":"https:\/\/vincentians.com\/fr\/wp-json\/wp\/v2\/users\/4"}],"replies":[{"embeddable":true,"href":"https:\/\/vincentians.com\/fr\/wp-json\/wp\/v2\/comments?post=106452"}],"version-history":[{"count":0,"href":"https:\/\/vincentians.com\/fr\/wp-json\/wp\/v2\/posts\/106452\/revisions"}],"wp:featuredmedia":[{"embeddable":true,"href":"https:\/\/vincentians.com\/fr\/wp-json\/wp\/v2\/media\/149897"}],"wp:attachment":[{"href":"https:\/\/vincentians.com\/fr\/wp-json\/wp\/v2\/media?parent=106452"}],"wp:term":[{"taxonomy":"category","embeddable":true,"href":"https:\/\/vincentians.com\/fr\/wp-json\/wp\/v2\/categories?post=106452"},{"taxonomy":"post_tag","embeddable":true,"href":"https:\/\/vincentians.com\/fr\/wp-json\/wp\/v2\/tags?post=106452"}],"curies":[{"name":"wp","href":"https:\/\/api.w.org\/{rel}","templated":true}]}}