{"id":106451,"date":"2017-05-21T00:01:17","date_gmt":"2017-05-20T22:01:17","guid":{"rendered":"http:\/\/vincentiens.org\/?p=106451"},"modified":"2017-05-21T00:01:17","modified_gmt":"2017-05-20T22:01:17","slug":"ephemerides-21-mai","status":"publish","type":"post","link":"https:\/\/vincentians.com\/fr\/ephemerides-21-mai\/","title":{"rendered":"Eph\u00e9m\u00e9rides: 21 mai"},"content":{"rendered":"<p align=\"justify\"><strong>En 1648<\/strong>, \u00e0 <em>La Rochelle<\/em>, a lieu, sur le <em>Saint-Laurent,<\/em> le premier d\u00e9part des fils de Monsieur Vincent pour Madagascar. Il y avait longtemps d\u00e9j\u00e0 que, par del\u00e0 les pauvres gens des champs\u00a0 de France, notre fondateur portait son regard apostolique vers les pays lointains. Mais, fid\u00e8le \u00e0 son habitude, il attendait que la Providence lui fit signe. Elle se servit de la Soci\u00e9t\u00e9 des Indes. Celle-ci, voulant appliquer les clauses du contrat par lequel le cardinal de Richelieu, en 1642, lui avait accord\u00e9, pour dix ans, le monopole du commerce dans l&rsquo;\u00eele de <em>Madagascar<\/em>, cherchait des religieux pour assurer le service spirituel des colons fran\u00e7ais et pr\u00eacher l&rsquo;\u00c9vangile aux pa\u00efens. Les actionnaires de la Soci\u00e9t\u00e9 consult\u00e8rent Nicolas Bagni, nonce \u00e0 Paris, qui d\u00e9signa la Congr\u00e9gation de la Mission, sans se douter d&rsquo;ailleurs que la Propagande avait attribu\u00e9 la mission de Madagascar aux Carmes D\u00e9chauss\u00e9s. Le bateau \u00e9tant sur le point de partir, il \u00e9tait trop tard pour recourir \u00e0 Rome. Sollicit\u00e9 en m\u00eame temps par la Soci\u00e9t\u00e9 des Indes o\u00f9 il comptait des amis et par le repr\u00e9sentant du Souverain Pontife, saint Vincent s&rsquo;inclina. Il fit choix de Charles Nacquart, jeune missionnaire de la maison de <em>Richelieu<\/em>, et du diacre Nicolas Gondr\u00e9e qu&rsquo;il rappela de Saintes pour le faire ordonner pr\u00eatre \u00e0 Paris. Ainsi, avec la b\u00e9n\u00e9diction de Monsieur Vincent qui br\u00fblait de les accompagner lui-m\u00eame, Nacquart et Gondr\u00e9e ouvrait \u00e0 toute une s\u00e9rie de vaillants missionnaires la route du courage ombrag\u00e9e par la Croix (1).<\/p>\n<p align=\"justify\"><strong>En 1664<\/strong>, \u00e0 <em>Plaisance<\/em>, naissance de Giulio Alb\u00e9roni. Malgr\u00e9 ses origines modestes, &#8211; son p\u00e8re \u00e9tait jardinier &#8211; il devait conna\u00eetre une existence mouvement\u00e9e et, par moments, brillante. Ordonn\u00e9 pr\u00eatre en 1689, on le trouve quelques ann\u00e9es plus tard attach\u00e9 \u00e0 la suite du duc de Vend\u00f4me qui commandait les troupes fran\u00e7aises en Italie, et qui emmena Alb\u00e9roni en Espagne. Dot\u00e9 d&rsquo;une souplesse diplomatique et d&rsquo;un sens tr\u00e8s vif des r\u00e9alit\u00e9s, il devient premier ministre de Philippe V, et le Pape le fait cardinal. Pendant les cinq ans de son r\u00e8gne espagnol, Alb\u00e9roni pratique une politique orient\u00e9e vers la grandeur de l&rsquo;Espagne. Peut-\u00eatre cette politique \u00e9tait-elle trop belle ou trop grande ? En tout cas, elle lui vaut l&rsquo;exil. Il rentre en Italie. En 1725, il est sacr\u00e9 \u00e9v\u00eaque. Et c&rsquo;est alors qu&rsquo;il prend rang parmi les bienfaiteurs de la petite Compagnie. A <em>Plaisance<\/em>, sa ville natale, il transforme l&rsquo;h\u00f4pital <em>Saint-Lazare,<\/em> alors inutilis\u00e9, en coll\u00e8ge, et apr\u00e8s de longues instances, en fait accepter la direction aux Pr\u00eatres de la Mission. Ainsi naquit, en 1746, le fameux coll\u00e8ge Alberoni o\u00f9 se forme une riche \u00e9lite sacerdotale et o\u00f9 aussi, tous tes jours, l&rsquo;on continue de prier pour le fondateur qui mourut le 26 juin 1752. (2)<\/p>\n<p align=\"justify\"><strong>En 1706, <\/strong>d\u00e9c\u00e8s de M. Antoine Durand, 8e Directeur des Filles de la Charit\u00e9, sous le g\u00e9n\u00e9ralat de M. Pierron, et avec Notre M\u00e8re Laboue. (R)<\/p>\n<p align=\"justify\"><strong>En 1871, <\/strong>la Maison-M\u00e8re est perquisitionn\u00e9e par les communards, et les S\u0153urs gard\u00e9es \u00e0 vue. On obtient toutefois que les S\u0153urs du S\u00e9minaire quittent Paris.<\/p>\n<p align=\"justify\">A 5 heures de l\u2019apr\u00e8s-midi, dix omnibus de la Compagnie d\u2019Orl\u00e9ans, viennent les chercher. Elles durent attendre toute la soir\u00e9e et ne quitt\u00e8rent la capitale que dans la nuit. Mais \u00e0 la gare d\u2019Orl\u00e9ans, le spectacle ne manquait pas de pittoresque\u00a0: chaque jeune S\u0153ur avait pos\u00e9 son sac bien devant elle, et on vint les ouvrir, un \u00e0 un. Et voici les communards oblig\u00e9s de mettre genou en terre devant chacune pour d\u00e9baller le pauvre trousseau r\u00e9glementaire\u2026 Elles \u00e9taient cent cinquante\u00a0! Cela prit du temps et malgr\u00e9 la gravit\u00e9 de l\u2019heure. les jeunes S\u0153urs ne pouvaient manquer de voir le c\u00f4t\u00e9 comique de cette \u201crevue \u201e inusit\u00e9e. Le dernier train les emmena en s\u00fbret\u00e9, mais elles revinrent bien vite\u00a0! (R)<\/p>\n<p align=\"justify\"><strong>En 1956, <\/strong>les premi\u00e8res \u00e9lections selon le mode pr\u00e9vu par les nouvelles Constitutions de 1954 ont lieu. La Tr\u00e8s Honor\u00e9e M\u00e8re se voit entour\u00e9e d\u2019un Conseil de six S\u0153urs de diverses langues et nationalit\u00e9s. Elles seront huit en 1969. (R)<\/p>\n<p>&#8212;&#8212;&#8212;&#8212;&#8212;&#8212;&#8212;&#8212;&#8212;&#8212;&#8212;&#8212;&#8212;&#8212;&#8212;&#8212;&#8212;&#8212;&#8212;&#8212;&#8212;&#8212;&#8212;&#8212;&#8212;&#8212;&#8212;&#8212;&#8212;&#8212;&#8212;&#8212;&#8212;&#8212;&#8212;&#8211;<\/p>\n<p>(1) Coste, II, pp. 226.<br \/>\n(2)<em> Annales<\/em>, t. 117, pp-268-280. <em>Notices IV<\/em>, p 184.<\/p>\n","protected":false},"excerpt":{"rendered":"<p>En 1648, \u00e0 La Rochelle, a lieu, sur le Saint-Laurent, le premier d\u00e9part des fils de Monsieur Vincent pour Madagascar. Il y avait longtemps d\u00e9j\u00e0 que, par del\u00e0 les pauvres gens des champs\u00a0 de France, &#8230; <a href=\"https:\/\/vincentians.com\/fr\/ephemerides-21-mai\/\" class=\"more-link\">Read More<\/a><\/p>\n","protected":false},"author":4,"featured_media":149897,"comment_status":"open","ping_status":"open","sticky":false,"template":"","format":"standard","meta":{"jetpack_post_was_ever_published":false,"_jetpack_newsletter_access":"","_jetpack_dont_email_post_to_subs":false,"_jetpack_newsletter_tier_id":0,"_jetpack_memberships_contains_paywalled_content":false,"_jetpack_memberships_contains_paid_content":false,"footnotes":"","jetpack_publicize_message":"","jetpack_publicize_feature_enabled":true,"jetpack_social_post_already_shared":true,"jetpack_social_options":{"image_generator_settings":{"template":"highway","default_image_id":0,"font":"","enabled":false},"version":2}},"categories":[119],"tags":[],"class_list":["post-106451","post","type-post","status-publish","format-standard","has-post-thumbnail","hentry","category-ephemerides-vincentiens"],"yoast_head":"<!-- This site is optimized with the Yoast SEO plugin v26.3 - https:\/\/yoast.com\/wordpress\/plugins\/seo\/ -->\n<title>Eph\u00e9m\u00e9rides: 21 mai - Nous Sommes Vincentiens<\/title>\n<meta name=\"robots\" content=\"index, follow, max-snippet:-1, max-image-preview:large, max-video-preview:-1\" \/>\n<link rel=\"canonical\" href=\"https:\/\/vincentians.com\/fr\/ephemerides-21-mai\/\" \/>\n<meta property=\"og:locale\" content=\"fr_FR\" \/>\n<meta property=\"og:type\" content=\"article\" \/>\n<meta property=\"og:title\" content=\"Eph\u00e9m\u00e9rides: 21 mai - Nous Sommes Vincentiens\" \/>\n<meta property=\"og:description\" content=\"En 1648, \u00e0 La Rochelle, a lieu, sur le Saint-Laurent, le premier d\u00e9part des fils de Monsieur Vincent pour Madagascar. Il y avait longtemps d\u00e9j\u00e0 que, par del\u00e0 les pauvres gens des champs\u00a0 de France, ... Read More\" \/>\n<meta property=\"og:url\" content=\"https:\/\/vincentians.com\/fr\/ephemerides-21-mai\/\" \/>\n<meta property=\"og:site_name\" content=\"Nous Sommes Vincentiens\" \/>\n<meta property=\"article:publisher\" content=\"https:\/\/www.facebook.com\/WeAreVincentians\/\" \/>\n<meta property=\"article:author\" content=\"https:\/\/www.facebook.com\/JavierChento\" \/>\n<meta property=\"article:published_time\" content=\"2017-05-20T22:01:17+00:00\" \/>\n<meta property=\"og:image\" content=\"https:\/\/i0.wp.com\/vincentians.com\/fr\/wp-content\/uploads\/sites\/10\/2016\/07\/ephemerides-fb.jpg?fit=1200%2C630&ssl=1\" \/>\n\t<meta property=\"og:image:width\" content=\"1200\" \/>\n\t<meta property=\"og:image:height\" content=\"630\" \/>\n\t<meta property=\"og:image:type\" content=\"image\/jpeg\" \/>\n<meta name=\"author\" content=\"Francisco Javier Fern\u00e1ndez Chento\" \/>\n<meta name=\"twitter:card\" content=\"summary_large_image\" \/>\n<meta name=\"twitter:creator\" content=\"@https:\/\/twitter.com\/javierchento\" \/>\n<meta name=\"twitter:site\" content=\"@WeVincentians\" \/>\n<meta name=\"twitter:label1\" content=\"\u00c9crit par\" \/>\n\t<meta name=\"twitter:data1\" content=\"Francisco Javier Fern\u00e1ndez Chento\" \/>\n\t<meta name=\"twitter:label2\" content=\"Dur\u00e9e de lecture estim\u00e9e\" \/>\n\t<meta name=\"twitter:data2\" content=\"4 minutes\" \/>\n<script type=\"application\/ld+json\" class=\"yoast-schema-graph\">{\"@context\":\"https:\/\/schema.org\",\"@graph\":[{\"@type\":\"WebPage\",\"@id\":\"https:\/\/vincentians.com\/fr\/ephemerides-21-mai\/\",\"url\":\"https:\/\/vincentians.com\/fr\/ephemerides-21-mai\/\",\"name\":\"Eph\u00e9m\u00e9rides: 21 mai - Nous Sommes Vincentiens\",\"isPartOf\":{\"@id\":\"https:\/\/vincentians.com\/fr\/#website\"},\"primaryImageOfPage\":{\"@id\":\"https:\/\/vincentians.com\/fr\/ephemerides-21-mai\/#primaryimage\"},\"image\":{\"@id\":\"https:\/\/vincentians.com\/fr\/ephemerides-21-mai\/#primaryimage\"},\"thumbnailUrl\":\"https:\/\/i0.wp.com\/vincentians.com\/fr\/wp-content\/uploads\/sites\/10\/2016\/07\/ephemerides-fb.jpg?fit=1200%2C630&ssl=1\",\"datePublished\":\"2017-05-20T22:01:17+00:00\",\"author\":{\"@id\":\"https:\/\/vincentians.com\/fr\/#\/schema\/person\/9623ef4d9aa3b2dfb8c061f1499288f2\"},\"breadcrumb\":{\"@id\":\"https:\/\/vincentians.com\/fr\/ephemerides-21-mai\/#breadcrumb\"},\"inLanguage\":\"fr-FR\",\"potentialAction\":[{\"@type\":\"ReadAction\",\"target\":[\"https:\/\/vincentians.com\/fr\/ephemerides-21-mai\/\"]}]},{\"@type\":\"ImageObject\",\"inLanguage\":\"fr-FR\",\"@id\":\"https:\/\/vincentians.com\/fr\/ephemerides-21-mai\/#primaryimage\",\"url\":\"https:\/\/i0.wp.com\/vincentians.com\/fr\/wp-content\/uploads\/sites\/10\/2016\/07\/ephemerides-fb.jpg?fit=1200%2C630&ssl=1\",\"contentUrl\":\"https:\/\/i0.wp.com\/vincentians.com\/fr\/wp-content\/uploads\/sites\/10\/2016\/07\/ephemerides-fb.jpg?fit=1200%2C630&ssl=1\",\"width\":1200,\"height\":630},{\"@type\":\"BreadcrumbList\",\"@id\":\"https:\/\/vincentians.com\/fr\/ephemerides-21-mai\/#breadcrumb\",\"itemListElement\":[{\"@type\":\"ListItem\",\"position\":1,\"name\":\"Portada\",\"item\":\"https:\/\/vincentians.com\/fr\/\"},{\"@type\":\"ListItem\",\"position\":2,\"name\":\"Eph\u00e9m\u00e9rides: 21 mai\"}]},{\"@type\":\"WebSite\",\"@id\":\"https:\/\/vincentians.com\/fr\/#website\",\"url\":\"https:\/\/vincentians.com\/fr\/\",\"name\":\"Nous Sommes Vincentiens\",\"description\":\"Know more to serve more\",\"potentialAction\":[{\"@type\":\"SearchAction\",\"target\":{\"@type\":\"EntryPoint\",\"urlTemplate\":\"https:\/\/vincentians.com\/fr\/?s={search_term_string}\"},\"query-input\":{\"@type\":\"PropertyValueSpecification\",\"valueRequired\":true,\"valueName\":\"search_term_string\"}}],\"inLanguage\":\"fr-FR\"},{\"@type\":\"Person\",\"@id\":\"https:\/\/vincentians.com\/fr\/#\/schema\/person\/9623ef4d9aa3b2dfb8c061f1499288f2\",\"name\":\"Francisco Javier Fern\u00e1ndez Chento\",\"image\":{\"@type\":\"ImageObject\",\"inLanguage\":\"fr-FR\",\"@id\":\"https:\/\/vincentians.com\/fr\/#\/schema\/person\/image\/\",\"url\":\"https:\/\/secure.gravatar.com\/avatar\/497d5cde87b4c3d097d0315953521681ba2cd523ee66e5077c3711f7021e65de?s=96&d=mm&r=g\",\"contentUrl\":\"https:\/\/secure.gravatar.com\/avatar\/497d5cde87b4c3d097d0315953521681ba2cd523ee66e5077c3711f7021e65de?s=96&d=mm&r=g\",\"caption\":\"Francisco Javier Fern\u00e1ndez Chento\"},\"description\":\"Director General y cofundador de La Red de Formaci\u00f3n Vicenciana. Javier es laico vicenciano, afiliado a la Congregaci\u00f3n de la Misi\u00f3n y miembro del Equipo de Misiones Populares de la provincia can\u00f3nica de Zaragoza (Espa\u00f1a) de la Congregaci\u00f3n de la Misi\u00f3n. Graduado en la Universidad Oberta de Catalunya con cuatro grados (Asistente de direcci\u00f3n, Gesti\u00f3n Administrativa, Recursos Humanos y Contabilidad Avanzada). Bil\u00edng\u00fce Espa\u00f1ol\/Ingl\u00e9s. gestiona y mantiene varias p\u00e1ginas web cristianas y vicencianas, incluida including La Red de Formaci\u00f3n Vicenciana, de la que es cofundador. Actualmente es responsable del \u00e1rea de Espa\u00f1ol de .famvin, la Red de Noticias de la Familia Vicenciana. Tambi\u00e9n es m\u00fasico cat\u00f3lico y ha editado varios discos. Es Director General y cofundador de Trovador, una reconocida compa\u00f1\u00eda discogr\u00e1fica critiana de Espa\u00f1a. Trabaja en las Tecnolog\u00edas de la Informaci\u00f3n, ofreciendo servicios de alojamiento, dise\u00f1o y mantenimiento Web, as\u00ed como asesoramiento, formaci\u00f3n y soluciones inform\u00e1ticas, gesti\u00f3n documental y digitalizaci\u00f3n de textos, edici\u00f3n y maquetaci\u00f3n de libros, revistas, flyers, etc.\",\"sameAs\":[\"http:\/\/chento.org\",\"https:\/\/www.facebook.com\/JavierChento\",\"https:\/\/x.com\/https:\/\/twitter.com\/javierchento\"],\"url\":\"https:\/\/vincentians.com\/fr\/author\/chento\/\"}]}<\/script>\n<!-- \/ Yoast SEO plugin. -->","yoast_head_json":{"title":"Eph\u00e9m\u00e9rides: 21 mai - Nous Sommes Vincentiens","robots":{"index":"index","follow":"follow","max-snippet":"max-snippet:-1","max-image-preview":"max-image-preview:large","max-video-preview":"max-video-preview:-1"},"canonical":"https:\/\/vincentians.com\/fr\/ephemerides-21-mai\/","og_locale":"fr_FR","og_type":"article","og_title":"Eph\u00e9m\u00e9rides: 21 mai - Nous Sommes Vincentiens","og_description":"En 1648, \u00e0 La Rochelle, a lieu, sur le Saint-Laurent, le premier d\u00e9part des fils de Monsieur Vincent pour Madagascar. Il y avait longtemps d\u00e9j\u00e0 que, par del\u00e0 les pauvres gens des champs\u00a0 de France, ... Read More","og_url":"https:\/\/vincentians.com\/fr\/ephemerides-21-mai\/","og_site_name":"Nous Sommes Vincentiens","article_publisher":"https:\/\/www.facebook.com\/WeAreVincentians\/","article_author":"https:\/\/www.facebook.com\/JavierChento","article_published_time":"2017-05-20T22:01:17+00:00","og_image":[{"width":1200,"height":630,"url":"https:\/\/i0.wp.com\/vincentians.com\/fr\/wp-content\/uploads\/sites\/10\/2016\/07\/ephemerides-fb.jpg?fit=1200%2C630&ssl=1","type":"image\/jpeg"}],"author":"Francisco Javier Fern\u00e1ndez Chento","twitter_card":"summary_large_image","twitter_creator":"@https:\/\/twitter.com\/javierchento","twitter_site":"@WeVincentians","twitter_misc":{"\u00c9crit par":"Francisco Javier Fern\u00e1ndez Chento","Dur\u00e9e de lecture estim\u00e9e":"4 minutes"},"schema":{"@context":"https:\/\/schema.org","@graph":[{"@type":"WebPage","@id":"https:\/\/vincentians.com\/fr\/ephemerides-21-mai\/","url":"https:\/\/vincentians.com\/fr\/ephemerides-21-mai\/","name":"Eph\u00e9m\u00e9rides: 21 mai - Nous Sommes Vincentiens","isPartOf":{"@id":"https:\/\/vincentians.com\/fr\/#website"},"primaryImageOfPage":{"@id":"https:\/\/vincentians.com\/fr\/ephemerides-21-mai\/#primaryimage"},"image":{"@id":"https:\/\/vincentians.com\/fr\/ephemerides-21-mai\/#primaryimage"},"thumbnailUrl":"https:\/\/i0.wp.com\/vincentians.com\/fr\/wp-content\/uploads\/sites\/10\/2016\/07\/ephemerides-fb.jpg?fit=1200%2C630&ssl=1","datePublished":"2017-05-20T22:01:17+00:00","author":{"@id":"https:\/\/vincentians.com\/fr\/#\/schema\/person\/9623ef4d9aa3b2dfb8c061f1499288f2"},"breadcrumb":{"@id":"https:\/\/vincentians.com\/fr\/ephemerides-21-mai\/#breadcrumb"},"inLanguage":"fr-FR","potentialAction":[{"@type":"ReadAction","target":["https:\/\/vincentians.com\/fr\/ephemerides-21-mai\/"]}]},{"@type":"ImageObject","inLanguage":"fr-FR","@id":"https:\/\/vincentians.com\/fr\/ephemerides-21-mai\/#primaryimage","url":"https:\/\/i0.wp.com\/vincentians.com\/fr\/wp-content\/uploads\/sites\/10\/2016\/07\/ephemerides-fb.jpg?fit=1200%2C630&ssl=1","contentUrl":"https:\/\/i0.wp.com\/vincentians.com\/fr\/wp-content\/uploads\/sites\/10\/2016\/07\/ephemerides-fb.jpg?fit=1200%2C630&ssl=1","width":1200,"height":630},{"@type":"BreadcrumbList","@id":"https:\/\/vincentians.com\/fr\/ephemerides-21-mai\/#breadcrumb","itemListElement":[{"@type":"ListItem","position":1,"name":"Portada","item":"https:\/\/vincentians.com\/fr\/"},{"@type":"ListItem","position":2,"name":"Eph\u00e9m\u00e9rides: 21 mai"}]},{"@type":"WebSite","@id":"https:\/\/vincentians.com\/fr\/#website","url":"https:\/\/vincentians.com\/fr\/","name":"Nous Sommes Vincentiens","description":"Know more to serve more","potentialAction":[{"@type":"SearchAction","target":{"@type":"EntryPoint","urlTemplate":"https:\/\/vincentians.com\/fr\/?s={search_term_string}"},"query-input":{"@type":"PropertyValueSpecification","valueRequired":true,"valueName":"search_term_string"}}],"inLanguage":"fr-FR"},{"@type":"Person","@id":"https:\/\/vincentians.com\/fr\/#\/schema\/person\/9623ef4d9aa3b2dfb8c061f1499288f2","name":"Francisco Javier Fern\u00e1ndez Chento","image":{"@type":"ImageObject","inLanguage":"fr-FR","@id":"https:\/\/vincentians.com\/fr\/#\/schema\/person\/image\/","url":"https:\/\/secure.gravatar.com\/avatar\/497d5cde87b4c3d097d0315953521681ba2cd523ee66e5077c3711f7021e65de?s=96&d=mm&r=g","contentUrl":"https:\/\/secure.gravatar.com\/avatar\/497d5cde87b4c3d097d0315953521681ba2cd523ee66e5077c3711f7021e65de?s=96&d=mm&r=g","caption":"Francisco Javier Fern\u00e1ndez Chento"},"description":"Director General y cofundador de La Red de Formaci\u00f3n Vicenciana. Javier es laico vicenciano, afiliado a la Congregaci\u00f3n de la Misi\u00f3n y miembro del Equipo de Misiones Populares de la provincia can\u00f3nica de Zaragoza (Espa\u00f1a) de la Congregaci\u00f3n de la Misi\u00f3n. Graduado en la Universidad Oberta de Catalunya con cuatro grados (Asistente de direcci\u00f3n, Gesti\u00f3n Administrativa, Recursos Humanos y Contabilidad Avanzada). Bil\u00edng\u00fce Espa\u00f1ol\/Ingl\u00e9s. gestiona y mantiene varias p\u00e1ginas web cristianas y vicencianas, incluida including La Red de Formaci\u00f3n Vicenciana, de la que es cofundador. Actualmente es responsable del \u00e1rea de Espa\u00f1ol de .famvin, la Red de Noticias de la Familia Vicenciana. Tambi\u00e9n es m\u00fasico cat\u00f3lico y ha editado varios discos. Es Director General y cofundador de Trovador, una reconocida compa\u00f1\u00eda discogr\u00e1fica critiana de Espa\u00f1a. Trabaja en las Tecnolog\u00edas de la Informaci\u00f3n, ofreciendo servicios de alojamiento, dise\u00f1o y mantenimiento Web, as\u00ed como asesoramiento, formaci\u00f3n y soluciones inform\u00e1ticas, gesti\u00f3n documental y digitalizaci\u00f3n de textos, edici\u00f3n y maquetaci\u00f3n de libros, revistas, flyers, etc.","sameAs":["http:\/\/chento.org","https:\/\/www.facebook.com\/JavierChento","https:\/\/x.com\/https:\/\/twitter.com\/javierchento"],"url":"https:\/\/vincentians.com\/fr\/author\/chento\/"}]}},"jetpack_publicize_connections":[],"jetpack_featured_media_url":"https:\/\/i0.wp.com\/vincentians.com\/fr\/wp-content\/uploads\/sites\/10\/2016\/07\/ephemerides-fb.jpg?fit=1200%2C630&ssl=1","jetpack_sharing_enabled":true,"jetpack_shortlink":"https:\/\/wp.me\/p7ETMP-rGX","jetpack-related-posts":[{"id":105524,"url":"https:\/\/vincentians.com\/fr\/ephemerides-6-janvier\/","url_meta":{"origin":106451,"position":0},"title":"Eph\u00e9m\u00e9rides: 6 janvier","author":"Francisco Javier Fern\u00e1ndez Chento","date":"06\/01\/2017","format":false,"excerpt":"1642. Entretien de saint Vincent avec les premi\u00e8res S\u0153urs. On peut y lire\u00a0: \"Il faut que vous fassiez grand cas du nom que vous portez. Ce ne sont pas les hommes qui vous l\u2019ont donn\u00e9\u2026 Il vous vient de Dieu Lui-m\u00eame. Jamais l\u2019on n\u2019a song\u00e9 \u00e0 vous donner un nom,\u2026","rel":"","context":"Dans &quot;\u00c9ph\u00e9m\u00e9rides vincentiens&quot;","block_context":{"text":"\u00c9ph\u00e9m\u00e9rides vincentiens","link":"https:\/\/vincentians.com\/fr\/category\/ephemerides-vincentiens\/"},"img":{"alt_text":"","src":"https:\/\/i0.wp.com\/vincentians.com\/fr\/wp-content\/uploads\/sites\/10\/2016\/07\/ephemerides-fb.jpg?fit=1200%2C630&ssl=1&resize=350%2C200","width":350,"height":200,"srcset":"https:\/\/i0.wp.com\/vincentians.com\/fr\/wp-content\/uploads\/sites\/10\/2016\/07\/ephemerides-fb.jpg?fit=1200%2C630&ssl=1&resize=350%2C200 1x, https:\/\/i0.wp.com\/vincentians.com\/fr\/wp-content\/uploads\/sites\/10\/2016\/07\/ephemerides-fb.jpg?fit=1200%2C630&ssl=1&resize=525%2C300 1.5x, https:\/\/i0.wp.com\/vincentians.com\/fr\/wp-content\/uploads\/sites\/10\/2016\/07\/ephemerides-fb.jpg?fit=1200%2C630&ssl=1&resize=700%2C400 2x, https:\/\/i0.wp.com\/vincentians.com\/fr\/wp-content\/uploads\/sites\/10\/2016\/07\/ephemerides-fb.jpg?fit=1200%2C630&ssl=1&resize=1050%2C600 3x"},"classes":[]},{"id":105523,"url":"https:\/\/vincentians.com\/fr\/ephemerides-8-janvier\/","url_meta":{"origin":106451,"position":1},"title":"Eph\u00e9m\u00e9rides: 8 janvier","author":"Francisco Javier Fern\u00e1ndez Chento","date":"08\/01\/2017","format":false,"excerpt":"1657.Sainte Louise \u00e9crit \u00e0 S\u0153ur C\u00e9cile Agn\u00e8s \u00e0 Angers\u00a0: \u00abSi l\u2019humilit\u00e9, la simplicit\u00e9, la charit\u00e9 qui donne le support est bien \u00e9tablie entre vous, votre petite Compagnie sera compos\u00e9e d\u2019autant de saintes que vous serez de personnes\u00bb. (R) 1849. Arriv\u00e9e \u00e0 Rio de Janeiro des douze premi\u00e8res Filles de la\u2026","rel":"","context":"Dans &quot;\u00c9ph\u00e9m\u00e9rides vincentiens&quot;","block_context":{"text":"\u00c9ph\u00e9m\u00e9rides vincentiens","link":"https:\/\/vincentians.com\/fr\/category\/ephemerides-vincentiens\/"},"img":{"alt_text":"","src":"https:\/\/i0.wp.com\/vincentians.com\/fr\/wp-content\/uploads\/sites\/10\/2016\/07\/ephemerides-fb.jpg?fit=1200%2C630&ssl=1&resize=350%2C200","width":350,"height":200,"srcset":"https:\/\/i0.wp.com\/vincentians.com\/fr\/wp-content\/uploads\/sites\/10\/2016\/07\/ephemerides-fb.jpg?fit=1200%2C630&ssl=1&resize=350%2C200 1x, https:\/\/i0.wp.com\/vincentians.com\/fr\/wp-content\/uploads\/sites\/10\/2016\/07\/ephemerides-fb.jpg?fit=1200%2C630&ssl=1&resize=525%2C300 1.5x, https:\/\/i0.wp.com\/vincentians.com\/fr\/wp-content\/uploads\/sites\/10\/2016\/07\/ephemerides-fb.jpg?fit=1200%2C630&ssl=1&resize=700%2C400 2x, https:\/\/i0.wp.com\/vincentians.com\/fr\/wp-content\/uploads\/sites\/10\/2016\/07\/ephemerides-fb.jpg?fit=1200%2C630&ssl=1&resize=1050%2C600 3x"},"classes":[]},{"id":189326,"url":"https:\/\/vincentians.com\/fr\/ephemerides-21-juilliet\/","url_meta":{"origin":106451,"position":2},"title":"Eph\u00e9m\u00e9rides: 21 juilliet","author":"Francisco Javier Fern\u00e1ndez Chento","date":"21\/07\/2017","format":false,"excerpt":"1657. Au Conseil de la Compagnie de ce jour, le retrait de la Communaut\u00e9 de Chars est d\u00e9cid\u00e9. Il est devenu impossible aux S\u0153urs de vivre face aux exigences du Cur\u00e9 jans\u00e9niste qui veut r\u00e9gler les confessions et les communions des S\u0153urs, qui impose des attitudes \u00e9ducatives peu respectueuses de\u2026","rel":"","context":"Dans &quot;\u00c9ph\u00e9m\u00e9rides vincentiens&quot;","block_context":{"text":"\u00c9ph\u00e9m\u00e9rides vincentiens","link":"https:\/\/vincentians.com\/fr\/category\/ephemerides-vincentiens\/"},"img":{"alt_text":"","src":"https:\/\/i0.wp.com\/vincentians.com\/fr\/wp-content\/uploads\/sites\/10\/2016\/07\/ephemerides-fb.jpg?fit=1200%2C630&ssl=1&resize=350%2C200","width":350,"height":200,"srcset":"https:\/\/i0.wp.com\/vincentians.com\/fr\/wp-content\/uploads\/sites\/10\/2016\/07\/ephemerides-fb.jpg?fit=1200%2C630&ssl=1&resize=350%2C200 1x, https:\/\/i0.wp.com\/vincentians.com\/fr\/wp-content\/uploads\/sites\/10\/2016\/07\/ephemerides-fb.jpg?fit=1200%2C630&ssl=1&resize=525%2C300 1.5x, https:\/\/i0.wp.com\/vincentians.com\/fr\/wp-content\/uploads\/sites\/10\/2016\/07\/ephemerides-fb.jpg?fit=1200%2C630&ssl=1&resize=700%2C400 2x, https:\/\/i0.wp.com\/vincentians.com\/fr\/wp-content\/uploads\/sites\/10\/2016\/07\/ephemerides-fb.jpg?fit=1200%2C630&ssl=1&resize=1050%2C600 3x"},"classes":[]},{"id":105949,"url":"https:\/\/vincentians.com\/fr\/ephemerides-4-mars\/","url_meta":{"origin":106451,"position":3},"title":"Eph\u00e9m\u00e9rides: 4 mars","author":"Francisco Javier Fern\u00e1ndez Chento","date":"04\/03\/2017","format":false,"excerpt":"1658. Saint Vincent dit \u00e0 nos Premi\u00e8res Soeurs\u00a0: \"Filles de la Charit\u00e9, avez-vous ou\u00ef parler qu'il se soit trouv\u00e9 un plus beau nom ni plus favorable pour les Pauvres\u00bb et il revient sur la m\u00eame id\u00e9e dans plusieurs autres Entretiens\u00a0: \"Filles de la Charit\u00e9 veut dire Filles de l'amour de\u2026","rel":"","context":"Dans &quot;\u00c9ph\u00e9m\u00e9rides vincentiens&quot;","block_context":{"text":"\u00c9ph\u00e9m\u00e9rides vincentiens","link":"https:\/\/vincentians.com\/fr\/category\/ephemerides-vincentiens\/"},"img":{"alt_text":"","src":"https:\/\/i0.wp.com\/vincentians.com\/fr\/wp-content\/uploads\/sites\/10\/2016\/07\/ephemerides-fb.jpg?fit=1200%2C630&ssl=1&resize=350%2C200","width":350,"height":200,"srcset":"https:\/\/i0.wp.com\/vincentians.com\/fr\/wp-content\/uploads\/sites\/10\/2016\/07\/ephemerides-fb.jpg?fit=1200%2C630&ssl=1&resize=350%2C200 1x, https:\/\/i0.wp.com\/vincentians.com\/fr\/wp-content\/uploads\/sites\/10\/2016\/07\/ephemerides-fb.jpg?fit=1200%2C630&ssl=1&resize=525%2C300 1.5x, https:\/\/i0.wp.com\/vincentians.com\/fr\/wp-content\/uploads\/sites\/10\/2016\/07\/ephemerides-fb.jpg?fit=1200%2C630&ssl=1&resize=700%2C400 2x, https:\/\/i0.wp.com\/vincentians.com\/fr\/wp-content\/uploads\/sites\/10\/2016\/07\/ephemerides-fb.jpg?fit=1200%2C630&ssl=1&resize=1050%2C600 3x"},"classes":[]},{"id":190170,"url":"https:\/\/vincentians.com\/fr\/ephemerides-09-septembre\/","url_meta":{"origin":106451,"position":4},"title":"Eph\u00e9m\u00e9rides : 09 septembre","author":"Francisco Javier Fern\u00e1ndez Chento","date":"09\/09\/2016","format":false,"excerpt":"1673. Madeleine de Lamoignon, au nom des Dames de la Charit\u00e9 de Rennes signe avec M\u00e8re Nicole Haran, S\u0153ur Fran\u00e7oise Carcireux, assistante et S\u0153ur Barbe Bailly, \u00e9conome (la d\u00e9pensi\u00e8re vient de mourir) le contrat d\u2019\u00e9tablissement de trois S\u0153urs pour servir les pauvres malades et non les personnes riches de la\u2026","rel":"","context":"Dans &quot;\u00c9ph\u00e9m\u00e9rides vincentiens&quot;","block_context":{"text":"\u00c9ph\u00e9m\u00e9rides vincentiens","link":"https:\/\/vincentians.com\/fr\/category\/ephemerides-vincentiens\/"},"img":{"alt_text":"","src":"https:\/\/i0.wp.com\/vincentians.com\/fr\/wp-content\/uploads\/sites\/10\/2016\/07\/ephemerides-fb.jpg?fit=1200%2C630&ssl=1&resize=350%2C200","width":350,"height":200,"srcset":"https:\/\/i0.wp.com\/vincentians.com\/fr\/wp-content\/uploads\/sites\/10\/2016\/07\/ephemerides-fb.jpg?fit=1200%2C630&ssl=1&resize=350%2C200 1x, https:\/\/i0.wp.com\/vincentians.com\/fr\/wp-content\/uploads\/sites\/10\/2016\/07\/ephemerides-fb.jpg?fit=1200%2C630&ssl=1&resize=525%2C300 1.5x, https:\/\/i0.wp.com\/vincentians.com\/fr\/wp-content\/uploads\/sites\/10\/2016\/07\/ephemerides-fb.jpg?fit=1200%2C630&ssl=1&resize=700%2C400 2x, https:\/\/i0.wp.com\/vincentians.com\/fr\/wp-content\/uploads\/sites\/10\/2016\/07\/ephemerides-fb.jpg?fit=1200%2C630&ssl=1&resize=1050%2C600 3x"},"classes":[]},{"id":190189,"url":"https:\/\/vincentians.com\/fr\/ephemerides-29-septembre\/","url_meta":{"origin":106451,"position":5},"title":"Eph\u00e9m\u00e9rides : 29 septembre","author":"Francisco Javier Fern\u00e1ndez Chento","date":"29\/09\/2016","format":false,"excerpt":"1663. Dans l\u2019anse des Gallions, \u00e0 dix-huit lieues de Fort-Dauphin, le Saint-Charles qui a quitt\u00e9 Paimb\u0153uf, le 20 mai, jette l\u2019ancre. Il a \u00e0 son bord la septi\u00e8me \u00e9quipe vincentienne de missionnaires envoy\u00e9s \u00e0 Madagascar, et qui comprend MM. Etienne et Mani\u00e9 et les Fr\u00e8res Patte et Lebrun. La travers\u00e9e\u2026","rel":"","context":"Dans &quot;\u00c9ph\u00e9m\u00e9rides vincentiens&quot;","block_context":{"text":"\u00c9ph\u00e9m\u00e9rides vincentiens","link":"https:\/\/vincentians.com\/fr\/category\/ephemerides-vincentiens\/"},"img":{"alt_text":"","src":"https:\/\/i0.wp.com\/vincentians.com\/fr\/wp-content\/uploads\/sites\/10\/2016\/07\/ephemerides-fb.jpg?fit=1200%2C630&ssl=1&resize=350%2C200","width":350,"height":200,"srcset":"https:\/\/i0.wp.com\/vincentians.com\/fr\/wp-content\/uploads\/sites\/10\/2016\/07\/ephemerides-fb.jpg?fit=1200%2C630&ssl=1&resize=350%2C200 1x, https:\/\/i0.wp.com\/vincentians.com\/fr\/wp-content\/uploads\/sites\/10\/2016\/07\/ephemerides-fb.jpg?fit=1200%2C630&ssl=1&resize=525%2C300 1.5x, https:\/\/i0.wp.com\/vincentians.com\/fr\/wp-content\/uploads\/sites\/10\/2016\/07\/ephemerides-fb.jpg?fit=1200%2C630&ssl=1&resize=700%2C400 2x, https:\/\/i0.wp.com\/vincentians.com\/fr\/wp-content\/uploads\/sites\/10\/2016\/07\/ephemerides-fb.jpg?fit=1200%2C630&ssl=1&resize=1050%2C600 3x"},"classes":[]}],"_links":{"self":[{"href":"https:\/\/vincentians.com\/fr\/wp-json\/wp\/v2\/posts\/106451","targetHints":{"allow":["GET"]}}],"collection":[{"href":"https:\/\/vincentians.com\/fr\/wp-json\/wp\/v2\/posts"}],"about":[{"href":"https:\/\/vincentians.com\/fr\/wp-json\/wp\/v2\/types\/post"}],"author":[{"embeddable":true,"href":"https:\/\/vincentians.com\/fr\/wp-json\/wp\/v2\/users\/4"}],"replies":[{"embeddable":true,"href":"https:\/\/vincentians.com\/fr\/wp-json\/wp\/v2\/comments?post=106451"}],"version-history":[{"count":0,"href":"https:\/\/vincentians.com\/fr\/wp-json\/wp\/v2\/posts\/106451\/revisions"}],"wp:featuredmedia":[{"embeddable":true,"href":"https:\/\/vincentians.com\/fr\/wp-json\/wp\/v2\/media\/149897"}],"wp:attachment":[{"href":"https:\/\/vincentians.com\/fr\/wp-json\/wp\/v2\/media?parent=106451"}],"wp:term":[{"taxonomy":"category","embeddable":true,"href":"https:\/\/vincentians.com\/fr\/wp-json\/wp\/v2\/categories?post=106451"},{"taxonomy":"post_tag","embeddable":true,"href":"https:\/\/vincentians.com\/fr\/wp-json\/wp\/v2\/tags?post=106451"}],"curies":[{"name":"wp","href":"https:\/\/api.w.org\/{rel}","templated":true}]}}