{"id":106441,"date":"2017-05-20T00:01:17","date_gmt":"2017-05-19T22:01:17","guid":{"rendered":"http:\/\/vincentiens.org\/?p=106441"},"modified":"2017-05-20T00:01:17","modified_gmt":"2017-05-19T22:01:17","slug":"ephemerides-20-mai","status":"publish","type":"post","link":"https:\/\/vincentians.com\/fr\/ephemerides-20-mai\/","title":{"rendered":"Eph\u00e9m\u00e9rides: 20 mai"},"content":{"rendered":"<p align=\"justify\"><strong>En 1906, <\/strong>\u00e0 la demande du Prince Ghika, fondation de la Maison de Bucarest (Roumanie) avec S\u0153ur Pucci et deux compagnes. S\u0153ur Pucci mourra le 26 mars 1918, et Mgr Ghika aurait voulu qu\u2019on introduise sa Cause tellement elle a fait de bien. En effet, avec la Maison du Bucarest, tr\u00e8s vite un ouvroir et un orphelinat ouvrirent \u00e0 Ciopl\u00e9a, puis un Dispensaire \u00e0 Jassy. Pendant la guerre des Balkans, les S\u0153urs se chargeront de quatre ambulances et soigneront les typhiques et chol\u00e9riques. La guerre de 1914 les chassera jusqu\u2019\u00e0 Odessa. Quatre S\u0153urs y attrapent le typhus et deux en mourront. Quant au Sanatorium, il continuera \u00e0 se d\u00e9velopper apr\u00e8s la mort de S\u0153ur Pucci et deviendra un h\u00f4pital. En mai 1919, l\u2019arm\u00e9e fran\u00e7aise du Danube avait pris en charge la \u201cgoutte de lait\u201d ravitaillant plus de deux milles b\u00e9b\u00e9s qui sans cela seraient morts de faim. La guerre de 1940 donne l\u2019occasion d\u2019un grand d\u00e9vouement\u00a0: 200 bless\u00e9s, la plupart gel\u00e9s (ils ont support\u00e9 une temp\u00e9rature de \u2014 28 \u00e0 \u2014 40) puis les r\u00e9fugi\u00e9s, les \u00e9vad\u00e9s les rapatri\u00e9s. Il y aura dix aspirantes pour la Communaut\u00e9 en 1947, mais en 1949, c\u2019est la nationalisation des \u0152uvres et il faut tout quitter.(R)<\/p>\n<p align=\"justify\"><strong>En 1929<\/strong>, \u00e0 <em>Paris,<\/em> mort de M. Jean-Joseph Baros. Sa vie offre un remarquable exemple de la mani\u00e8re dont use la Providence pour acheminer une \u00e2me vers la vocation \u00e0 laquelle elle la destine. Baptis\u00e9 en juin 1856, en l&rsquo;\u00e9glise <em>Saint-Louis <\/em>de<em> Grenoble<\/em>, sur les m\u00eames fonts que le bienheureux Clet, le petit Jean, qu&rsquo;en famille, \u00e0 cause de sa turbulence et de sa ga\u00eet\u00e9 on surnomme \u00ab Petit Pinson \u00bb, r\u00eave, d\u00e8s ses six ans, d&rsquo;\u00eatre pr\u00eatre. Ce n&rsquo;est pas tout \u00e0 fait dans les go\u00fbts du papa qui, pour combattre ceux de son fils, le met \u00e0 l&rsquo;\u00e9cole la\u00efque. Or, en 1871, en l&rsquo;espace de deux jours, une \u00e9pid\u00e9mie emporte et la m\u00e8re et le p\u00e8re de Jean. Il ne lui reste que sa s\u0153ur qui, sacrifiant ses propres d\u00e9sirs de vie religieuse, va se consacrer totalement \u00e0, son Jean pour qu&rsquo;il soit pr\u00eatre. Il est ordonn\u00e9 le 11 juin 1881. Professeur \u00e0 <em>Notre-Dame<\/em> de Grenoble, puis, vicaire \u00e0 <em>Saint-Louis<\/em>, l&rsquo;appel de la vie plus parfaite retentit en lui. La pens\u00e9e du sacrifice qu&rsquo;il imposerait alors \u00e0 sa s\u0153ur, l&rsquo;arr\u00eate. Mais, brutalement, la mort emporte aussi cette s\u0153ur si maternelle. Son chagrin un peu endormi, l&rsquo;abb\u00e9 reprend ses r\u00eaves de vie religieuse. Il songe aux Chartreux. Mais leur vie est trop rude pour sa fr\u00eale sant\u00e9. En fin de compte, l&rsquo;influence de Fran\u00e7ois-R\u00e9gis Clet, qui sera b\u00e9atifi\u00e9 en 1900, conduit, en 1895, son compatriote chez saint Vincent. C&rsquo;\u00e9tait l\u00e0 que le bon Dieu voulait Jean Baros qui va trouver dans la petite Compagnie le climat de sanctification qui convient \u00e0 son \u00e2me limpide. <em>Sens<\/em>, <em>La Teppe<\/em>, <em>Nice<\/em> b\u00e9n\u00e9ficieront quelque temps de son d\u00e9vouement. Mais les derni\u00e8res vingt-neuf ann\u00e9es de sa vie se passeront \u00e0 la Maison-M\u00e8re. Il y est d&rsquo;abord l&rsquo;un des aum\u00f4niers de la rue du Bac. Sa rare prudence et sa sage discr\u00e9tion anim\u00e9es par une sensibilit\u00e9 toute apostolique font de lui un P\u00e8re spirituel appr\u00e9ci\u00e9. La pr\u00e9sence de quatre cents Filles de la Charit\u00e9 aux obs\u00e8ques de M. Baros sera un t\u00e9moignage du beau travail, cach\u00e9, mais si r\u00e9el, accompli par lui. Directeur de l&rsquo;Archiconfr\u00e9rie de la Sainte-Agonie pendant cinq ans, il est ensuite charg\u00e9 de l&rsquo;\u0153uvre du Bienheureux Perboyre, et c&rsquo;est lui qui lance, en 1923, le Bulletin des Missions, si vivement encourag\u00e9 par le P\u00e8re Verdier. Toutes ces activit\u00e9s, malgr\u00e9 sa sant\u00e9 toujours pr\u00e9caire et sa vue tr\u00e8s faible, M. Baros les assume avec cette \u00e9nergie qui le caract\u00e9rise. Son influence sur tant d&rsquo;\u00e2mes religieuses ou s\u00e9culi\u00e8res s&rsquo;explique en partie par sa lutte personnelle pour l&rsquo;acquisition de la saintet\u00e9. La violence naturelle de son temp\u00e9rament, il l&rsquo;a us\u00e9e \u00e0 faire violence \u00e0 son amour-propre et \u00e0 tout ce qu&rsquo;il y avait de rugueux en lui. Jean Baros n&rsquo;a pas trouv\u00e9 l&rsquo;aur\u00e9ole de la saintet\u00e9 dans son berceau, mais il l&rsquo;a conquise de haute lutte ; et, la le\u00e7on de sa vie se r\u00e9sume dans le mot qu&rsquo;il aimait a r\u00e9p\u00e9ter : \u00ab <em>Tout pour le Bon Dieu ; le ciel apr\u00e8s<\/em>. \u00bb (2)<\/p>\n<p>&#8212;&#8212;&#8212;&#8212;&#8212;&#8212;&#8212;&#8212;&#8212;&#8212;&#8212;&#8212;&#8212;&#8212;&#8212;&#8212;&#8212;&#8212;&#8212;&#8212;&#8212;&#8212;&#8212;&#8212;&#8212;&#8212;&#8212;&#8212;&#8212;&#8212;&#8212;&#8212;&#8212;&#8212;&#8212;&#8211;<\/p>\n<p>(1) <em>Circulaires<\/em>, t. II, p. 268.<br \/>\n(2) <em>Annales<\/em> t. 97, pp.453-482<\/p>\n","protected":false},"excerpt":{"rendered":"<p>En 1906, \u00e0 la demande du Prince Ghika, fondation de la Maison de Bucarest (Roumanie) avec S\u0153ur Pucci et deux compagnes. S\u0153ur Pucci mourra le 26 mars 1918, et Mgr Ghika aurait voulu qu\u2019on introduise &#8230; <a href=\"https:\/\/vincentians.com\/fr\/ephemerides-20-mai\/\" class=\"more-link\">Read More<\/a><\/p>\n","protected":false},"author":4,"featured_media":149897,"comment_status":"open","ping_status":"open","sticky":false,"template":"","format":"standard","meta":{"jetpack_post_was_ever_published":false,"_jetpack_newsletter_access":"","_jetpack_dont_email_post_to_subs":false,"_jetpack_newsletter_tier_id":0,"_jetpack_memberships_contains_paywalled_content":false,"_jetpack_memberships_contains_paid_content":false,"footnotes":"","jetpack_publicize_message":"","jetpack_publicize_feature_enabled":true,"jetpack_social_post_already_shared":true,"jetpack_social_options":{"image_generator_settings":{"template":"highway","default_image_id":0,"font":"","enabled":false},"version":2}},"categories":[119],"tags":[],"class_list":["post-106441","post","type-post","status-publish","format-standard","has-post-thumbnail","hentry","category-ephemerides-vincentiens"],"yoast_head":"<!-- This site is optimized with the Yoast SEO plugin v26.3 - https:\/\/yoast.com\/wordpress\/plugins\/seo\/ -->\n<title>Eph\u00e9m\u00e9rides: 20 mai - Nous Sommes Vincentiens<\/title>\n<meta name=\"robots\" content=\"index, follow, max-snippet:-1, max-image-preview:large, max-video-preview:-1\" \/>\n<link rel=\"canonical\" href=\"https:\/\/vincentians.com\/fr\/ephemerides-20-mai\/\" \/>\n<meta property=\"og:locale\" content=\"fr_FR\" \/>\n<meta property=\"og:type\" content=\"article\" \/>\n<meta property=\"og:title\" content=\"Eph\u00e9m\u00e9rides: 20 mai - Nous Sommes Vincentiens\" \/>\n<meta property=\"og:description\" content=\"En 1906, \u00e0 la demande du Prince Ghika, fondation de la Maison de Bucarest (Roumanie) avec S\u0153ur Pucci et deux compagnes. S\u0153ur Pucci mourra le 26 mars 1918, et Mgr Ghika aurait voulu qu\u2019on introduise ... Read More\" \/>\n<meta property=\"og:url\" content=\"https:\/\/vincentians.com\/fr\/ephemerides-20-mai\/\" \/>\n<meta property=\"og:site_name\" content=\"Nous Sommes Vincentiens\" \/>\n<meta property=\"article:publisher\" content=\"https:\/\/www.facebook.com\/WeAreVincentians\/\" \/>\n<meta property=\"article:author\" content=\"https:\/\/www.facebook.com\/JavierChento\" \/>\n<meta property=\"article:published_time\" content=\"2017-05-19T22:01:17+00:00\" \/>\n<meta property=\"og:image\" content=\"https:\/\/i0.wp.com\/vincentians.com\/fr\/wp-content\/uploads\/sites\/10\/2016\/07\/ephemerides-fb.jpg?fit=1200%2C630&ssl=1\" \/>\n\t<meta property=\"og:image:width\" content=\"1200\" \/>\n\t<meta property=\"og:image:height\" content=\"630\" \/>\n\t<meta property=\"og:image:type\" content=\"image\/jpeg\" \/>\n<meta name=\"author\" content=\"Francisco Javier Fern\u00e1ndez Chento\" \/>\n<meta name=\"twitter:card\" content=\"summary_large_image\" \/>\n<meta name=\"twitter:creator\" content=\"@https:\/\/twitter.com\/javierchento\" \/>\n<meta name=\"twitter:site\" content=\"@WeVincentians\" \/>\n<meta name=\"twitter:label1\" content=\"\u00c9crit par\" \/>\n\t<meta name=\"twitter:data1\" content=\"Francisco Javier Fern\u00e1ndez Chento\" \/>\n\t<meta name=\"twitter:label2\" content=\"Dur\u00e9e de lecture estim\u00e9e\" \/>\n\t<meta name=\"twitter:data2\" content=\"4 minutes\" \/>\n<script type=\"application\/ld+json\" class=\"yoast-schema-graph\">{\"@context\":\"https:\/\/schema.org\",\"@graph\":[{\"@type\":\"WebPage\",\"@id\":\"https:\/\/vincentians.com\/fr\/ephemerides-20-mai\/\",\"url\":\"https:\/\/vincentians.com\/fr\/ephemerides-20-mai\/\",\"name\":\"Eph\u00e9m\u00e9rides: 20 mai - Nous Sommes Vincentiens\",\"isPartOf\":{\"@id\":\"https:\/\/vincentians.com\/fr\/#website\"},\"primaryImageOfPage\":{\"@id\":\"https:\/\/vincentians.com\/fr\/ephemerides-20-mai\/#primaryimage\"},\"image\":{\"@id\":\"https:\/\/vincentians.com\/fr\/ephemerides-20-mai\/#primaryimage\"},\"thumbnailUrl\":\"https:\/\/i0.wp.com\/vincentians.com\/fr\/wp-content\/uploads\/sites\/10\/2016\/07\/ephemerides-fb.jpg?fit=1200%2C630&ssl=1\",\"datePublished\":\"2017-05-19T22:01:17+00:00\",\"author\":{\"@id\":\"https:\/\/vincentians.com\/fr\/#\/schema\/person\/9623ef4d9aa3b2dfb8c061f1499288f2\"},\"breadcrumb\":{\"@id\":\"https:\/\/vincentians.com\/fr\/ephemerides-20-mai\/#breadcrumb\"},\"inLanguage\":\"fr-FR\",\"potentialAction\":[{\"@type\":\"ReadAction\",\"target\":[\"https:\/\/vincentians.com\/fr\/ephemerides-20-mai\/\"]}]},{\"@type\":\"ImageObject\",\"inLanguage\":\"fr-FR\",\"@id\":\"https:\/\/vincentians.com\/fr\/ephemerides-20-mai\/#primaryimage\",\"url\":\"https:\/\/i0.wp.com\/vincentians.com\/fr\/wp-content\/uploads\/sites\/10\/2016\/07\/ephemerides-fb.jpg?fit=1200%2C630&ssl=1\",\"contentUrl\":\"https:\/\/i0.wp.com\/vincentians.com\/fr\/wp-content\/uploads\/sites\/10\/2016\/07\/ephemerides-fb.jpg?fit=1200%2C630&ssl=1\",\"width\":1200,\"height\":630},{\"@type\":\"BreadcrumbList\",\"@id\":\"https:\/\/vincentians.com\/fr\/ephemerides-20-mai\/#breadcrumb\",\"itemListElement\":[{\"@type\":\"ListItem\",\"position\":1,\"name\":\"Portada\",\"item\":\"https:\/\/vincentians.com\/fr\/\"},{\"@type\":\"ListItem\",\"position\":2,\"name\":\"Eph\u00e9m\u00e9rides: 20 mai\"}]},{\"@type\":\"WebSite\",\"@id\":\"https:\/\/vincentians.com\/fr\/#website\",\"url\":\"https:\/\/vincentians.com\/fr\/\",\"name\":\"Nous Sommes Vincentiens\",\"description\":\"Know more to serve more\",\"potentialAction\":[{\"@type\":\"SearchAction\",\"target\":{\"@type\":\"EntryPoint\",\"urlTemplate\":\"https:\/\/vincentians.com\/fr\/?s={search_term_string}\"},\"query-input\":{\"@type\":\"PropertyValueSpecification\",\"valueRequired\":true,\"valueName\":\"search_term_string\"}}],\"inLanguage\":\"fr-FR\"},{\"@type\":\"Person\",\"@id\":\"https:\/\/vincentians.com\/fr\/#\/schema\/person\/9623ef4d9aa3b2dfb8c061f1499288f2\",\"name\":\"Francisco Javier Fern\u00e1ndez Chento\",\"image\":{\"@type\":\"ImageObject\",\"inLanguage\":\"fr-FR\",\"@id\":\"https:\/\/vincentians.com\/fr\/#\/schema\/person\/image\/\",\"url\":\"https:\/\/secure.gravatar.com\/avatar\/497d5cde87b4c3d097d0315953521681ba2cd523ee66e5077c3711f7021e65de?s=96&d=mm&r=g\",\"contentUrl\":\"https:\/\/secure.gravatar.com\/avatar\/497d5cde87b4c3d097d0315953521681ba2cd523ee66e5077c3711f7021e65de?s=96&d=mm&r=g\",\"caption\":\"Francisco Javier Fern\u00e1ndez Chento\"},\"description\":\"Director General y cofundador de La Red de Formaci\u00f3n Vicenciana. Javier es laico vicenciano, afiliado a la Congregaci\u00f3n de la Misi\u00f3n y miembro del Equipo de Misiones Populares de la provincia can\u00f3nica de Zaragoza (Espa\u00f1a) de la Congregaci\u00f3n de la Misi\u00f3n. Graduado en la Universidad Oberta de Catalunya con cuatro grados (Asistente de direcci\u00f3n, Gesti\u00f3n Administrativa, Recursos Humanos y Contabilidad Avanzada). Bil\u00edng\u00fce Espa\u00f1ol\/Ingl\u00e9s. gestiona y mantiene varias p\u00e1ginas web cristianas y vicencianas, incluida including La Red de Formaci\u00f3n Vicenciana, de la que es cofundador. Actualmente es responsable del \u00e1rea de Espa\u00f1ol de .famvin, la Red de Noticias de la Familia Vicenciana. Tambi\u00e9n es m\u00fasico cat\u00f3lico y ha editado varios discos. Es Director General y cofundador de Trovador, una reconocida compa\u00f1\u00eda discogr\u00e1fica critiana de Espa\u00f1a. Trabaja en las Tecnolog\u00edas de la Informaci\u00f3n, ofreciendo servicios de alojamiento, dise\u00f1o y mantenimiento Web, as\u00ed como asesoramiento, formaci\u00f3n y soluciones inform\u00e1ticas, gesti\u00f3n documental y digitalizaci\u00f3n de textos, edici\u00f3n y maquetaci\u00f3n de libros, revistas, flyers, etc.\",\"sameAs\":[\"http:\/\/chento.org\",\"https:\/\/www.facebook.com\/JavierChento\",\"https:\/\/x.com\/https:\/\/twitter.com\/javierchento\"],\"url\":\"https:\/\/vincentians.com\/fr\/author\/chento\/\"}]}<\/script>\n<!-- \/ Yoast SEO plugin. -->","yoast_head_json":{"title":"Eph\u00e9m\u00e9rides: 20 mai - Nous Sommes Vincentiens","robots":{"index":"index","follow":"follow","max-snippet":"max-snippet:-1","max-image-preview":"max-image-preview:large","max-video-preview":"max-video-preview:-1"},"canonical":"https:\/\/vincentians.com\/fr\/ephemerides-20-mai\/","og_locale":"fr_FR","og_type":"article","og_title":"Eph\u00e9m\u00e9rides: 20 mai - Nous Sommes Vincentiens","og_description":"En 1906, \u00e0 la demande du Prince Ghika, fondation de la Maison de Bucarest (Roumanie) avec S\u0153ur Pucci et deux compagnes. S\u0153ur Pucci mourra le 26 mars 1918, et Mgr Ghika aurait voulu qu\u2019on introduise ... Read More","og_url":"https:\/\/vincentians.com\/fr\/ephemerides-20-mai\/","og_site_name":"Nous Sommes Vincentiens","article_publisher":"https:\/\/www.facebook.com\/WeAreVincentians\/","article_author":"https:\/\/www.facebook.com\/JavierChento","article_published_time":"2017-05-19T22:01:17+00:00","og_image":[{"width":1200,"height":630,"url":"https:\/\/i0.wp.com\/vincentians.com\/fr\/wp-content\/uploads\/sites\/10\/2016\/07\/ephemerides-fb.jpg?fit=1200%2C630&ssl=1","type":"image\/jpeg"}],"author":"Francisco Javier Fern\u00e1ndez Chento","twitter_card":"summary_large_image","twitter_creator":"@https:\/\/twitter.com\/javierchento","twitter_site":"@WeVincentians","twitter_misc":{"\u00c9crit par":"Francisco Javier Fern\u00e1ndez Chento","Dur\u00e9e de lecture estim\u00e9e":"4 minutes"},"schema":{"@context":"https:\/\/schema.org","@graph":[{"@type":"WebPage","@id":"https:\/\/vincentians.com\/fr\/ephemerides-20-mai\/","url":"https:\/\/vincentians.com\/fr\/ephemerides-20-mai\/","name":"Eph\u00e9m\u00e9rides: 20 mai - Nous Sommes Vincentiens","isPartOf":{"@id":"https:\/\/vincentians.com\/fr\/#website"},"primaryImageOfPage":{"@id":"https:\/\/vincentians.com\/fr\/ephemerides-20-mai\/#primaryimage"},"image":{"@id":"https:\/\/vincentians.com\/fr\/ephemerides-20-mai\/#primaryimage"},"thumbnailUrl":"https:\/\/i0.wp.com\/vincentians.com\/fr\/wp-content\/uploads\/sites\/10\/2016\/07\/ephemerides-fb.jpg?fit=1200%2C630&ssl=1","datePublished":"2017-05-19T22:01:17+00:00","author":{"@id":"https:\/\/vincentians.com\/fr\/#\/schema\/person\/9623ef4d9aa3b2dfb8c061f1499288f2"},"breadcrumb":{"@id":"https:\/\/vincentians.com\/fr\/ephemerides-20-mai\/#breadcrumb"},"inLanguage":"fr-FR","potentialAction":[{"@type":"ReadAction","target":["https:\/\/vincentians.com\/fr\/ephemerides-20-mai\/"]}]},{"@type":"ImageObject","inLanguage":"fr-FR","@id":"https:\/\/vincentians.com\/fr\/ephemerides-20-mai\/#primaryimage","url":"https:\/\/i0.wp.com\/vincentians.com\/fr\/wp-content\/uploads\/sites\/10\/2016\/07\/ephemerides-fb.jpg?fit=1200%2C630&ssl=1","contentUrl":"https:\/\/i0.wp.com\/vincentians.com\/fr\/wp-content\/uploads\/sites\/10\/2016\/07\/ephemerides-fb.jpg?fit=1200%2C630&ssl=1","width":1200,"height":630},{"@type":"BreadcrumbList","@id":"https:\/\/vincentians.com\/fr\/ephemerides-20-mai\/#breadcrumb","itemListElement":[{"@type":"ListItem","position":1,"name":"Portada","item":"https:\/\/vincentians.com\/fr\/"},{"@type":"ListItem","position":2,"name":"Eph\u00e9m\u00e9rides: 20 mai"}]},{"@type":"WebSite","@id":"https:\/\/vincentians.com\/fr\/#website","url":"https:\/\/vincentians.com\/fr\/","name":"Nous Sommes Vincentiens","description":"Know more to serve more","potentialAction":[{"@type":"SearchAction","target":{"@type":"EntryPoint","urlTemplate":"https:\/\/vincentians.com\/fr\/?s={search_term_string}"},"query-input":{"@type":"PropertyValueSpecification","valueRequired":true,"valueName":"search_term_string"}}],"inLanguage":"fr-FR"},{"@type":"Person","@id":"https:\/\/vincentians.com\/fr\/#\/schema\/person\/9623ef4d9aa3b2dfb8c061f1499288f2","name":"Francisco Javier Fern\u00e1ndez Chento","image":{"@type":"ImageObject","inLanguage":"fr-FR","@id":"https:\/\/vincentians.com\/fr\/#\/schema\/person\/image\/","url":"https:\/\/secure.gravatar.com\/avatar\/497d5cde87b4c3d097d0315953521681ba2cd523ee66e5077c3711f7021e65de?s=96&d=mm&r=g","contentUrl":"https:\/\/secure.gravatar.com\/avatar\/497d5cde87b4c3d097d0315953521681ba2cd523ee66e5077c3711f7021e65de?s=96&d=mm&r=g","caption":"Francisco Javier Fern\u00e1ndez Chento"},"description":"Director General y cofundador de La Red de Formaci\u00f3n Vicenciana. Javier es laico vicenciano, afiliado a la Congregaci\u00f3n de la Misi\u00f3n y miembro del Equipo de Misiones Populares de la provincia can\u00f3nica de Zaragoza (Espa\u00f1a) de la Congregaci\u00f3n de la Misi\u00f3n. Graduado en la Universidad Oberta de Catalunya con cuatro grados (Asistente de direcci\u00f3n, Gesti\u00f3n Administrativa, Recursos Humanos y Contabilidad Avanzada). Bil\u00edng\u00fce Espa\u00f1ol\/Ingl\u00e9s. gestiona y mantiene varias p\u00e1ginas web cristianas y vicencianas, incluida including La Red de Formaci\u00f3n Vicenciana, de la que es cofundador. Actualmente es responsable del \u00e1rea de Espa\u00f1ol de .famvin, la Red de Noticias de la Familia Vicenciana. Tambi\u00e9n es m\u00fasico cat\u00f3lico y ha editado varios discos. Es Director General y cofundador de Trovador, una reconocida compa\u00f1\u00eda discogr\u00e1fica critiana de Espa\u00f1a. Trabaja en las Tecnolog\u00edas de la Informaci\u00f3n, ofreciendo servicios de alojamiento, dise\u00f1o y mantenimiento Web, as\u00ed como asesoramiento, formaci\u00f3n y soluciones inform\u00e1ticas, gesti\u00f3n documental y digitalizaci\u00f3n de textos, edici\u00f3n y maquetaci\u00f3n de libros, revistas, flyers, etc.","sameAs":["http:\/\/chento.org","https:\/\/www.facebook.com\/JavierChento","https:\/\/x.com\/https:\/\/twitter.com\/javierchento"],"url":"https:\/\/vincentians.com\/fr\/author\/chento\/"}]}},"jetpack_publicize_connections":[],"jetpack_featured_media_url":"https:\/\/i0.wp.com\/vincentians.com\/fr\/wp-content\/uploads\/sites\/10\/2016\/07\/ephemerides-fb.jpg?fit=1200%2C630&ssl=1","jetpack_sharing_enabled":true,"jetpack_shortlink":"https:\/\/wp.me\/p7ETMP-rGN","jetpack-related-posts":[{"id":190229,"url":"https:\/\/vincentians.com\/fr\/ephemerides-08-octobre\/","url_meta":{"origin":106441,"position":0},"title":"Eph\u00e9m\u00e9rides : 08 octobre","author":"Francisco Javier Fern\u00e1ndez Chento","date":"08\/10\/2016","format":false,"excerpt":"1642. De Paris, Monsieur Vincent adresse \u00e0 Jean Brunet et \u00e0 \u00c9tienne Blatiron une lettre o\u00f9 il leur dit\u00a0: \u00abJe vous ai d\u00e9j\u00e0 \u00e9crit que la Providence de Dieu vous appelle \u00e0 Rome pour un nouvel \u00e9tablissement\u2026\u00bb C\u2019est une aimable fa\u00e7on de r\u00e9p\u00e9ter aux deux destinataires que sa d\u00e9cision, \u00e0\u2026","rel":"","context":"Dans &quot;\u00c9ph\u00e9m\u00e9rides vincentiens&quot;","block_context":{"text":"\u00c9ph\u00e9m\u00e9rides vincentiens","link":"https:\/\/vincentians.com\/fr\/category\/ephemerides-vincentiens\/"},"img":{"alt_text":"","src":"https:\/\/i0.wp.com\/vincentians.com\/fr\/wp-content\/uploads\/sites\/10\/2016\/07\/ephemerides-fb.jpg?fit=1200%2C630&ssl=1&resize=350%2C200","width":350,"height":200,"srcset":"https:\/\/i0.wp.com\/vincentians.com\/fr\/wp-content\/uploads\/sites\/10\/2016\/07\/ephemerides-fb.jpg?fit=1200%2C630&ssl=1&resize=350%2C200 1x, https:\/\/i0.wp.com\/vincentians.com\/fr\/wp-content\/uploads\/sites\/10\/2016\/07\/ephemerides-fb.jpg?fit=1200%2C630&ssl=1&resize=525%2C300 1.5x, https:\/\/i0.wp.com\/vincentians.com\/fr\/wp-content\/uploads\/sites\/10\/2016\/07\/ephemerides-fb.jpg?fit=1200%2C630&ssl=1&resize=700%2C400 2x, https:\/\/i0.wp.com\/vincentians.com\/fr\/wp-content\/uploads\/sites\/10\/2016\/07\/ephemerides-fb.jpg?fit=1200%2C630&ssl=1&resize=1050%2C600 3x"},"classes":[]},{"id":105257,"url":"https:\/\/vincentians.com\/fr\/ephemerides-26-decembre\/","url_meta":{"origin":106441,"position":1},"title":"Eph\u00e9m\u00e9rides: 26 d\u00e9cembre","author":"Francisco Javier Fern\u00e1ndez Chento","date":"26\/12\/2016","format":false,"excerpt":"1703. \u00c0 Saint-Malo, Th\u00e9odoric Pedrini s\u2019embarque pour la Chine. Il appartient \u00e0 la Compagnie depuis cinq ans. Son g\u00e9nie musical l\u2019a d\u00e9sign\u00e9 pour aider le cardinal de Tournon dans sa l\u00e9gation aupr\u00e8s de la Cour de P\u00e9kin. Pedrini n\u2019arrivera \u00e0 Macao qu\u2019au bout de six ans, apr\u00e8s \u00eatre pass\u00e9 par\u2026","rel":"","context":"Dans &quot;\u00c9ph\u00e9m\u00e9rides vincentiens&quot;","block_context":{"text":"\u00c9ph\u00e9m\u00e9rides vincentiens","link":"https:\/\/vincentians.com\/fr\/category\/ephemerides-vincentiens\/"},"img":{"alt_text":"","src":"https:\/\/i0.wp.com\/vincentians.com\/fr\/wp-content\/uploads\/sites\/10\/2016\/07\/ephemerides-fb.jpg?fit=1200%2C630&ssl=1&resize=350%2C200","width":350,"height":200,"srcset":"https:\/\/i0.wp.com\/vincentians.com\/fr\/wp-content\/uploads\/sites\/10\/2016\/07\/ephemerides-fb.jpg?fit=1200%2C630&ssl=1&resize=350%2C200 1x, https:\/\/i0.wp.com\/vincentians.com\/fr\/wp-content\/uploads\/sites\/10\/2016\/07\/ephemerides-fb.jpg?fit=1200%2C630&ssl=1&resize=525%2C300 1.5x, https:\/\/i0.wp.com\/vincentians.com\/fr\/wp-content\/uploads\/sites\/10\/2016\/07\/ephemerides-fb.jpg?fit=1200%2C630&ssl=1&resize=700%2C400 2x, https:\/\/i0.wp.com\/vincentians.com\/fr\/wp-content\/uploads\/sites\/10\/2016\/07\/ephemerides-fb.jpg?fit=1200%2C630&ssl=1&resize=1050%2C600 3x"},"classes":[]},{"id":104139,"url":"https:\/\/vincentians.com\/fr\/ephemerides-24-novembre\/","url_meta":{"origin":106441,"position":2},"title":"Eph\u00e9m\u00e9rides: 24 novembre","author":"Francisco Javier Fern\u00e1ndez Chento","date":"24\/11\/2016","format":false,"excerpt":"1694. M\u00e8re Mathurine Gu\u00e9rin et les S\u0153urs offici\u00e8res r\u00e9gularisent la situation des quatre S\u0153urs envoy\u00e9es le 26 mai \u00e0 l\u2019h\u00f4pital de Saint-Pons-de-Thomi\u00e8res \u00e0 50 kilom\u00e8tres au nord de B\u00e9ziers. Le contrat est sign\u00e9 ce jour avec le procureur des Administrateurs de l\u2019h\u00f4pital. (C) 1755. \u00c0 Paris, sur les cinq heures\u2026","rel":"","context":"Dans &quot;\u00c9ph\u00e9m\u00e9rides vincentiens&quot;","block_context":{"text":"\u00c9ph\u00e9m\u00e9rides vincentiens","link":"https:\/\/vincentians.com\/fr\/category\/ephemerides-vincentiens\/"},"img":{"alt_text":"","src":"https:\/\/i0.wp.com\/vincentians.com\/fr\/wp-content\/uploads\/sites\/10\/2016\/07\/ephemerides-fb.jpg?fit=1200%2C630&ssl=1&resize=350%2C200","width":350,"height":200,"srcset":"https:\/\/i0.wp.com\/vincentians.com\/fr\/wp-content\/uploads\/sites\/10\/2016\/07\/ephemerides-fb.jpg?fit=1200%2C630&ssl=1&resize=350%2C200 1x, https:\/\/i0.wp.com\/vincentians.com\/fr\/wp-content\/uploads\/sites\/10\/2016\/07\/ephemerides-fb.jpg?fit=1200%2C630&ssl=1&resize=525%2C300 1.5x, https:\/\/i0.wp.com\/vincentians.com\/fr\/wp-content\/uploads\/sites\/10\/2016\/07\/ephemerides-fb.jpg?fit=1200%2C630&ssl=1&resize=700%2C400 2x, https:\/\/i0.wp.com\/vincentians.com\/fr\/wp-content\/uploads\/sites\/10\/2016\/07\/ephemerides-fb.jpg?fit=1200%2C630&ssl=1&resize=1050%2C600 3x"},"classes":[]},{"id":104141,"url":"https:\/\/vincentians.com\/fr\/ephemerides-26-novembre\/","url_meta":{"origin":106441,"position":3},"title":"Eph\u00e9m\u00e9rides: 26 novembre","author":"Francisco Javier Fern\u00e1ndez Chento","date":"26\/11\/2016","format":false,"excerpt":"1691. Par Brevet, le Roi Louis XIV fait don au Consistoire de Corbigny de plusieurs rentes pour l\u2019\u00e9tablissement de deux S\u0153urs pour les pauvres malades des terres de l\u2019abbaye b\u00e9n\u00e9dictine. (C) 1852. \u00c0 Madrid, la reine Isabelle II, signe l\u2019ordonnance par laquelle la Congr\u00e9gation de la Mission est mise en\u2026","rel":"","context":"Dans &quot;\u00c9ph\u00e9m\u00e9rides vincentiens&quot;","block_context":{"text":"\u00c9ph\u00e9m\u00e9rides vincentiens","link":"https:\/\/vincentians.com\/fr\/category\/ephemerides-vincentiens\/"},"img":{"alt_text":"","src":"https:\/\/i0.wp.com\/vincentians.com\/fr\/wp-content\/uploads\/sites\/10\/2016\/07\/ephemerides-fb.jpg?fit=1200%2C630&ssl=1&resize=350%2C200","width":350,"height":200,"srcset":"https:\/\/i0.wp.com\/vincentians.com\/fr\/wp-content\/uploads\/sites\/10\/2016\/07\/ephemerides-fb.jpg?fit=1200%2C630&ssl=1&resize=350%2C200 1x, https:\/\/i0.wp.com\/vincentians.com\/fr\/wp-content\/uploads\/sites\/10\/2016\/07\/ephemerides-fb.jpg?fit=1200%2C630&ssl=1&resize=525%2C300 1.5x, https:\/\/i0.wp.com\/vincentians.com\/fr\/wp-content\/uploads\/sites\/10\/2016\/07\/ephemerides-fb.jpg?fit=1200%2C630&ssl=1&resize=700%2C400 2x, https:\/\/i0.wp.com\/vincentians.com\/fr\/wp-content\/uploads\/sites\/10\/2016\/07\/ephemerides-fb.jpg?fit=1200%2C630&ssl=1&resize=1050%2C600 3x"},"classes":[]},{"id":104133,"url":"https:\/\/vincentians.com\/fr\/ephemerides-6-novembre\/","url_meta":{"origin":106441,"position":4},"title":"Eph\u00e9m\u00e9rides: 6 novembre","author":"Francisco Javier Fern\u00e1ndez Chento","date":"06\/11\/2016","format":false,"excerpt":"1640. D\u00e9part des premi\u00e8res Filles de la Charit\u00e9 pour l\u2019h\u00f4pital de Sedan. Un autre groupe partira en 1654\u00a0: \u201cVoyons leur dit saint Vincent, voyons ce que vous devez faire pour que Dieu soit honor\u00e9. Je crois, mes Soeurs, qu\u2019il ne faut autre chose que la pratique des vertus qui composent\u2026","rel":"","context":"Dans &quot;\u00c9ph\u00e9m\u00e9rides vincentiens&quot;","block_context":{"text":"\u00c9ph\u00e9m\u00e9rides vincentiens","link":"https:\/\/vincentians.com\/fr\/category\/ephemerides-vincentiens\/"},"img":{"alt_text":"","src":"https:\/\/i0.wp.com\/vincentians.com\/fr\/wp-content\/uploads\/sites\/10\/2016\/07\/ephemerides-fb.jpg?fit=1200%2C630&ssl=1&resize=350%2C200","width":350,"height":200,"srcset":"https:\/\/i0.wp.com\/vincentians.com\/fr\/wp-content\/uploads\/sites\/10\/2016\/07\/ephemerides-fb.jpg?fit=1200%2C630&ssl=1&resize=350%2C200 1x, https:\/\/i0.wp.com\/vincentians.com\/fr\/wp-content\/uploads\/sites\/10\/2016\/07\/ephemerides-fb.jpg?fit=1200%2C630&ssl=1&resize=525%2C300 1.5x, https:\/\/i0.wp.com\/vincentians.com\/fr\/wp-content\/uploads\/sites\/10\/2016\/07\/ephemerides-fb.jpg?fit=1200%2C630&ssl=1&resize=700%2C400 2x, https:\/\/i0.wp.com\/vincentians.com\/fr\/wp-content\/uploads\/sites\/10\/2016\/07\/ephemerides-fb.jpg?fit=1200%2C630&ssl=1&resize=1050%2C600 3x"},"classes":[]},{"id":104132,"url":"https:\/\/vincentians.com\/fr\/ephemerides-7-novembre\/","url_meta":{"origin":106441,"position":5},"title":"Eph\u00e9m\u00e9rides: 7 novembre","author":"Francisco Javier Fern\u00e1ndez Chento","date":"07\/11\/2016","format":false,"excerpt":"1725. M\u00e8re Julienne Jouvin re\u00e7oit une lettre du Cur\u00e9 de Fontenay le Comte, accompagn\u00e9e d\u2019une d\u00e9lib\u00e9ration des Administrateurs de l\u2019h\u00f4pital. Les S\u0153urs sont redemand\u00e9es (cf. 3 octobre 1702). Un accord est conclu\u00a0: trois S\u0153urs seront envoy\u00e9es en septembre 1726. (C) 1768. Dix S\u0153urs suppl\u00e9mentaires sont envoy\u00e9es \u00e0 l\u2019h\u00f4pital royal de\u2026","rel":"","context":"Dans &quot;\u00c9ph\u00e9m\u00e9rides vincentiens&quot;","block_context":{"text":"\u00c9ph\u00e9m\u00e9rides vincentiens","link":"https:\/\/vincentians.com\/fr\/category\/ephemerides-vincentiens\/"},"img":{"alt_text":"","src":"https:\/\/i0.wp.com\/vincentians.com\/fr\/wp-content\/uploads\/sites\/10\/2016\/07\/ephemerides-fb.jpg?fit=1200%2C630&ssl=1&resize=350%2C200","width":350,"height":200,"srcset":"https:\/\/i0.wp.com\/vincentians.com\/fr\/wp-content\/uploads\/sites\/10\/2016\/07\/ephemerides-fb.jpg?fit=1200%2C630&ssl=1&resize=350%2C200 1x, https:\/\/i0.wp.com\/vincentians.com\/fr\/wp-content\/uploads\/sites\/10\/2016\/07\/ephemerides-fb.jpg?fit=1200%2C630&ssl=1&resize=525%2C300 1.5x, https:\/\/i0.wp.com\/vincentians.com\/fr\/wp-content\/uploads\/sites\/10\/2016\/07\/ephemerides-fb.jpg?fit=1200%2C630&ssl=1&resize=700%2C400 2x, https:\/\/i0.wp.com\/vincentians.com\/fr\/wp-content\/uploads\/sites\/10\/2016\/07\/ephemerides-fb.jpg?fit=1200%2C630&ssl=1&resize=1050%2C600 3x"},"classes":[]}],"_links":{"self":[{"href":"https:\/\/vincentians.com\/fr\/wp-json\/wp\/v2\/posts\/106441","targetHints":{"allow":["GET"]}}],"collection":[{"href":"https:\/\/vincentians.com\/fr\/wp-json\/wp\/v2\/posts"}],"about":[{"href":"https:\/\/vincentians.com\/fr\/wp-json\/wp\/v2\/types\/post"}],"author":[{"embeddable":true,"href":"https:\/\/vincentians.com\/fr\/wp-json\/wp\/v2\/users\/4"}],"replies":[{"embeddable":true,"href":"https:\/\/vincentians.com\/fr\/wp-json\/wp\/v2\/comments?post=106441"}],"version-history":[{"count":0,"href":"https:\/\/vincentians.com\/fr\/wp-json\/wp\/v2\/posts\/106441\/revisions"}],"wp:featuredmedia":[{"embeddable":true,"href":"https:\/\/vincentians.com\/fr\/wp-json\/wp\/v2\/media\/149897"}],"wp:attachment":[{"href":"https:\/\/vincentians.com\/fr\/wp-json\/wp\/v2\/media?parent=106441"}],"wp:term":[{"taxonomy":"category","embeddable":true,"href":"https:\/\/vincentians.com\/fr\/wp-json\/wp\/v2\/categories?post=106441"},{"taxonomy":"post_tag","embeddable":true,"href":"https:\/\/vincentians.com\/fr\/wp-json\/wp\/v2\/tags?post=106441"}],"curies":[{"name":"wp","href":"https:\/\/api.w.org\/{rel}","templated":true}]}}