{"id":106439,"date":"2017-05-12T00:01:17","date_gmt":"2017-05-11T22:01:17","guid":{"rendered":"http:\/\/vincentiens.org\/?p=106439"},"modified":"2017-05-12T00:01:17","modified_gmt":"2017-05-11T22:01:17","slug":"ephemerides-12-mai","status":"publish","type":"post","link":"https:\/\/vincentians.com\/fr\/ephemerides-12-mai\/","title":{"rendered":"Eph\u00e9m\u00e9rides: 12 mai"},"content":{"rendered":"<p align=\"justify\"><strong>En 1648, <\/strong>\u00e0 <em>Alger<\/em>, mort de M. Lesage au service des pestif\u00e9r\u00e9s.(R)<\/p>\n<p align=\"justify\"><strong>En 1657, <\/strong>Sainte Louise \u00e9crit \u00e0 S\u0153ur C\u00e9cile \u00e0 Angers\u00a0: \u201c\u2026Quand je ressens quelque petit m\u00e9contentement de quelques-unes de nos S\u0153urs et que je consid\u00e8re de pr\u00e8s pour en conna\u00eetre la cause, il faut que je vous avoue ing\u00e9nument que souvent je reconnais qu\u2019il y a de ma faute, soit manque de cordialit\u00e9 ou de leur donner l\u2019exemple que je devrais car il faut que nous sachions que le nom que la divine Providence nous fait porter de a Servantes\u201d de nos S\u0153urs nous oblige d\u2019\u00eatre les premi\u00e8res dans la pratique des v\u00e9ritables et solides vertus d\u2019humilit\u00e9, de support, de travail et d\u2019exactitude \u00e0 nos r\u00e8gles et pratiques de la Compagnie, devant croire que nous sommes redevables \u00e0 toutes et oblig\u00e9es de les servir pour leur aide spirituel et temporel\u00a0; et que la prudence nous fasse leur donner confiance pour leurs besoins sans aucune pr\u00e9f\u00e9rence. Je supplie Notre-Seigneur vous donner ce talent pour sa gloire et le bien de nos S\u0153urs\u2026\u201d(R)<\/p>\n<p align=\"justify\"><strong>En 1685<\/strong>, \u00e0 <em>Paris<\/em>, la quatri\u00e8me Assembl\u00e9e g\u00e9n\u00e9rale qui a inaugur\u00e9 ses travaux le 8 mai, les poursuit. Au cours de ses vingt-sept sessions, beaucoup de questions sont abord\u00e9es ; il en r\u00e9sultera de nombreux d\u00e9crets. Des pr\u00e9cisions, par exemple, sont apport\u00e9es au sujet des \u00e9lections \u00e0 faire dans les Assembl\u00e9es. On d\u00e9cr\u00e8te aussi que les Assistants auront une place sp\u00e9ciale, et de cette d\u00e9cision, M. Jolly fut pein\u00e9 ; car il la jugeait contraire \u00e0 la simplicit\u00e9. En fait, l&rsquo;Assembl\u00e9e de 1692 cassera ce d\u00e9cret. Une autre d\u00e9cision de la quatri\u00e8me Assembl\u00e9e eut une fortune plus heureuse : la province d&rsquo;Italie avait \u00e9mis le v\u0153u que l&rsquo;un des quatre assistants du sup\u00e9rieur g\u00e9n\u00e9ral f\u00fbt toujours un Italien. La proposition fut discut\u00e9e dans deux sessions, et la majorit\u00e9 finit par l&rsquo;accepter. L&rsquo;Assembl\u00e9e choisit tout de suite M. Robioli pour remplir la fonction d&rsquo;assistant. Au sup\u00e9rieur g\u00e9n\u00e9ral fut laiss\u00e9 le soin de r\u00e9pondre \u00e0 plusieurs demandes, comme on avait d\u00e9j\u00e0 fait au cours des Assembl\u00e9es pr\u00e9c\u00e9dentes. A ce sujet, dans sa lettre du ler juillet suivant, M. Jolly note les plaintes qui se sont \u00e9lev\u00e9es \u00e0 propos du rel\u00e2chement dans la pratique de la simplicit\u00e9, et recommande l&rsquo;observance de cette vertu si ch\u00e8re \u00e0 saint Vincent, en particulier dans la mani\u00e8re de pr\u00eacher, de d\u00e9corer les \u00e9glises et les b\u00e2timents et de meubler les chambres. M. Jolly rappelle aussi que les confr\u00e8res qui sont charg\u00e9s de l&rsquo;administration d&rsquo;une paroisse, ne doivent pas n\u00e9gliger d&rsquo;y faire pr\u00eacher la mission et d&rsquo;appeler, \u00e0 cet effet, des confesseurs d&rsquo;autres maisons. Pendant les missions, le Sup\u00e9rieur doit veiller \u00e0 ce que les cat\u00e9chistes ne parlent pas trop : le peu de fruit que l&rsquo;on retire des cat\u00e9chismes vient de la trop grande abondance de paroles de ceux qui les font. M. Jolly recommande aussi d&rsquo;exercer les s\u00e9minaristes \u00e0 faire au r\u00e9fectoire ou en d&rsquo;autres salles, des pr\u00f4nes et des sermons. Les Filles de la Charit\u00e9 ne furent pas oubli\u00e9es par la quatri\u00e8me Assembl\u00e9e g\u00e9n\u00e9rale ; et M. Jolly rappelle qu&rsquo;except\u00e9 \u00e0 Paris et dans les lieux o\u00f9 nous avons l&rsquo;administration d&rsquo;une cure, on ne doit ni confesser, ni diriger les Filles de la Charit\u00e9. Enfin, il faut ajouter que la quatri\u00e8me Assembl\u00e9e d\u00e9cerna \u00e0 M. Jolly de grands \u00e9loges pour la lettre qu\u2019il avait adress\u00e9e \u00e0 la Compagnie le 18 octobre 1684, sur la mani\u00e8re de faire l\u2019oraison. M. Jolly y avait r\u00e9agi nettement contre les tendances qui\u00e9tistes de l&rsquo;\u00e9poque (1).<\/p>\n<p align=\"justify\"><strong>En 1862<\/strong>, \u00e0 <em>Guat\u00e9mala<\/em>, arrivent un groupe de Filles de la Charit\u00e9, conduit par Soeur Broquedis, et une \u00e9quipe de Lazaristes : M. Jean Masnou, visiteur d&rsquo;Espagne, nomm\u00e9 \u00e0 ces m\u00eames fonctions pour le Mexique, et MM. F\u00e9lix Mariscal et Crescence Torres. En travaillant d&rsquo;abord \u00e0 l&rsquo;h\u00f4pital, les Soeurs et les confr\u00e8res vont implanter les \u0153uvres vincentiennes au Guat\u00e9mala (2+R).<\/p>\n<p align=\"justify\"><strong>En 1871, <\/strong>une S\u0153ur de l\u2019H\u00f4pital de Saint-Cloud qui avait eu les deux jambes arrach\u00e9es par un obus lors des combats pour reprendre Paris \u00e0 la Commune, meurt apr\u00e8s de grandes souffrances courageusement support\u00e9es. (R)<\/p>\n<p>&#8212;&#8212;&#8212;&#8212;&#8212;&#8212;&#8212;&#8212;&#8212;&#8212;&#8212;&#8212;&#8212;&#8212;&#8212;&#8212;&#8212;&#8212;&#8212;&#8212;&#8212;&#8212;&#8212;&#8212;&#8212;&#8212;&#8212;&#8212;&#8212;&#8212;&#8212;&#8212;&#8212;&#8212;&#8212;&#8211;<\/p>\n<p>(1) Claude Lacour : <em>Histoire g\u00e9n\u00e9rale de la Congr\u00e9gation de la Mission,<\/em> in <em>Annales<\/em>, t. 64, pp 421-423. <em>Circulaires<\/em>, t. I, pp. 184-86.<br \/>\n2) <em>Annales<\/em>, t. 29, pp. 243-273 ; t. 102, p. 548. [147]\n","protected":false},"excerpt":{"rendered":"<p>En 1648, \u00e0 Alger, mort de M. Lesage au service des pestif\u00e9r\u00e9s.(R) En 1657, Sainte Louise \u00e9crit \u00e0 S\u0153ur C\u00e9cile \u00e0 Angers\u00a0: \u201c\u2026Quand je ressens quelque petit m\u00e9contentement de quelques-unes de nos S\u0153urs et que &#8230; <a href=\"https:\/\/vincentians.com\/fr\/ephemerides-12-mai\/\" class=\"more-link\">Read More<\/a><\/p>\n","protected":false},"author":4,"featured_media":149897,"comment_status":"open","ping_status":"open","sticky":false,"template":"","format":"standard","meta":{"jetpack_post_was_ever_published":false,"_jetpack_newsletter_access":"","_jetpack_dont_email_post_to_subs":false,"_jetpack_newsletter_tier_id":0,"_jetpack_memberships_contains_paywalled_content":false,"_jetpack_memberships_contains_paid_content":false,"footnotes":"","jetpack_publicize_message":"","jetpack_publicize_feature_enabled":true,"jetpack_social_post_already_shared":true,"jetpack_social_options":{"image_generator_settings":{"template":"highway","default_image_id":0,"font":"","enabled":false},"version":2}},"categories":[119],"tags":[],"class_list":["post-106439","post","type-post","status-publish","format-standard","has-post-thumbnail","hentry","category-ephemerides-vincentiens"],"yoast_head":"<!-- This site is optimized with the Yoast SEO plugin v26.3 - https:\/\/yoast.com\/wordpress\/plugins\/seo\/ -->\n<title>Eph\u00e9m\u00e9rides: 12 mai - Nous Sommes Vincentiens<\/title>\n<meta name=\"robots\" content=\"index, follow, max-snippet:-1, max-image-preview:large, max-video-preview:-1\" \/>\n<link rel=\"canonical\" href=\"https:\/\/vincentians.com\/fr\/ephemerides-12-mai\/\" \/>\n<meta property=\"og:locale\" content=\"fr_FR\" \/>\n<meta property=\"og:type\" content=\"article\" \/>\n<meta property=\"og:title\" content=\"Eph\u00e9m\u00e9rides: 12 mai - Nous Sommes Vincentiens\" \/>\n<meta property=\"og:description\" content=\"En 1648, \u00e0 Alger, mort de M. Lesage au service des pestif\u00e9r\u00e9s.(R) En 1657, Sainte Louise \u00e9crit \u00e0 S\u0153ur C\u00e9cile \u00e0 Angers\u00a0: \u201c\u2026Quand je ressens quelque petit m\u00e9contentement de quelques-unes de nos S\u0153urs et que ... Read More\" \/>\n<meta property=\"og:url\" content=\"https:\/\/vincentians.com\/fr\/ephemerides-12-mai\/\" \/>\n<meta property=\"og:site_name\" content=\"Nous Sommes Vincentiens\" \/>\n<meta property=\"article:publisher\" content=\"https:\/\/www.facebook.com\/WeAreVincentians\/\" \/>\n<meta property=\"article:author\" content=\"https:\/\/www.facebook.com\/JavierChento\" \/>\n<meta property=\"article:published_time\" content=\"2017-05-11T22:01:17+00:00\" \/>\n<meta property=\"og:image\" content=\"https:\/\/i0.wp.com\/vincentians.com\/fr\/wp-content\/uploads\/sites\/10\/2016\/07\/ephemerides-fb.jpg?fit=1200%2C630&ssl=1\" \/>\n\t<meta property=\"og:image:width\" content=\"1200\" \/>\n\t<meta property=\"og:image:height\" content=\"630\" \/>\n\t<meta property=\"og:image:type\" content=\"image\/jpeg\" \/>\n<meta name=\"author\" content=\"Francisco Javier Fern\u00e1ndez Chento\" \/>\n<meta name=\"twitter:card\" content=\"summary_large_image\" \/>\n<meta name=\"twitter:creator\" content=\"@https:\/\/twitter.com\/javierchento\" \/>\n<meta name=\"twitter:site\" content=\"@WeVincentians\" \/>\n<meta name=\"twitter:label1\" content=\"\u00c9crit par\" \/>\n\t<meta name=\"twitter:data1\" content=\"Francisco Javier Fern\u00e1ndez Chento\" \/>\n\t<meta name=\"twitter:label2\" content=\"Dur\u00e9e de lecture estim\u00e9e\" \/>\n\t<meta name=\"twitter:data2\" content=\"4 minutes\" \/>\n<script type=\"application\/ld+json\" class=\"yoast-schema-graph\">{\"@context\":\"https:\/\/schema.org\",\"@graph\":[{\"@type\":\"WebPage\",\"@id\":\"https:\/\/vincentians.com\/fr\/ephemerides-12-mai\/\",\"url\":\"https:\/\/vincentians.com\/fr\/ephemerides-12-mai\/\",\"name\":\"Eph\u00e9m\u00e9rides: 12 mai - Nous Sommes Vincentiens\",\"isPartOf\":{\"@id\":\"https:\/\/vincentians.com\/fr\/#website\"},\"primaryImageOfPage\":{\"@id\":\"https:\/\/vincentians.com\/fr\/ephemerides-12-mai\/#primaryimage\"},\"image\":{\"@id\":\"https:\/\/vincentians.com\/fr\/ephemerides-12-mai\/#primaryimage\"},\"thumbnailUrl\":\"https:\/\/i0.wp.com\/vincentians.com\/fr\/wp-content\/uploads\/sites\/10\/2016\/07\/ephemerides-fb.jpg?fit=1200%2C630&ssl=1\",\"datePublished\":\"2017-05-11T22:01:17+00:00\",\"author\":{\"@id\":\"https:\/\/vincentians.com\/fr\/#\/schema\/person\/9623ef4d9aa3b2dfb8c061f1499288f2\"},\"breadcrumb\":{\"@id\":\"https:\/\/vincentians.com\/fr\/ephemerides-12-mai\/#breadcrumb\"},\"inLanguage\":\"fr-FR\",\"potentialAction\":[{\"@type\":\"ReadAction\",\"target\":[\"https:\/\/vincentians.com\/fr\/ephemerides-12-mai\/\"]}]},{\"@type\":\"ImageObject\",\"inLanguage\":\"fr-FR\",\"@id\":\"https:\/\/vincentians.com\/fr\/ephemerides-12-mai\/#primaryimage\",\"url\":\"https:\/\/i0.wp.com\/vincentians.com\/fr\/wp-content\/uploads\/sites\/10\/2016\/07\/ephemerides-fb.jpg?fit=1200%2C630&ssl=1\",\"contentUrl\":\"https:\/\/i0.wp.com\/vincentians.com\/fr\/wp-content\/uploads\/sites\/10\/2016\/07\/ephemerides-fb.jpg?fit=1200%2C630&ssl=1\",\"width\":1200,\"height\":630},{\"@type\":\"BreadcrumbList\",\"@id\":\"https:\/\/vincentians.com\/fr\/ephemerides-12-mai\/#breadcrumb\",\"itemListElement\":[{\"@type\":\"ListItem\",\"position\":1,\"name\":\"Portada\",\"item\":\"https:\/\/vincentians.com\/fr\/\"},{\"@type\":\"ListItem\",\"position\":2,\"name\":\"Eph\u00e9m\u00e9rides: 12 mai\"}]},{\"@type\":\"WebSite\",\"@id\":\"https:\/\/vincentians.com\/fr\/#website\",\"url\":\"https:\/\/vincentians.com\/fr\/\",\"name\":\"Nous Sommes Vincentiens\",\"description\":\"Know more to serve more\",\"potentialAction\":[{\"@type\":\"SearchAction\",\"target\":{\"@type\":\"EntryPoint\",\"urlTemplate\":\"https:\/\/vincentians.com\/fr\/?s={search_term_string}\"},\"query-input\":{\"@type\":\"PropertyValueSpecification\",\"valueRequired\":true,\"valueName\":\"search_term_string\"}}],\"inLanguage\":\"fr-FR\"},{\"@type\":\"Person\",\"@id\":\"https:\/\/vincentians.com\/fr\/#\/schema\/person\/9623ef4d9aa3b2dfb8c061f1499288f2\",\"name\":\"Francisco Javier Fern\u00e1ndez Chento\",\"image\":{\"@type\":\"ImageObject\",\"inLanguage\":\"fr-FR\",\"@id\":\"https:\/\/vincentians.com\/fr\/#\/schema\/person\/image\/\",\"url\":\"https:\/\/secure.gravatar.com\/avatar\/497d5cde87b4c3d097d0315953521681ba2cd523ee66e5077c3711f7021e65de?s=96&d=mm&r=g\",\"contentUrl\":\"https:\/\/secure.gravatar.com\/avatar\/497d5cde87b4c3d097d0315953521681ba2cd523ee66e5077c3711f7021e65de?s=96&d=mm&r=g\",\"caption\":\"Francisco Javier Fern\u00e1ndez Chento\"},\"description\":\"Director General y cofundador de La Red de Formaci\u00f3n Vicenciana. Javier es laico vicenciano, afiliado a la Congregaci\u00f3n de la Misi\u00f3n y miembro del Equipo de Misiones Populares de la provincia can\u00f3nica de Zaragoza (Espa\u00f1a) de la Congregaci\u00f3n de la Misi\u00f3n. Graduado en la Universidad Oberta de Catalunya con cuatro grados (Asistente de direcci\u00f3n, Gesti\u00f3n Administrativa, Recursos Humanos y Contabilidad Avanzada). Bil\u00edng\u00fce Espa\u00f1ol\/Ingl\u00e9s. gestiona y mantiene varias p\u00e1ginas web cristianas y vicencianas, incluida including La Red de Formaci\u00f3n Vicenciana, de la que es cofundador. Actualmente es responsable del \u00e1rea de Espa\u00f1ol de .famvin, la Red de Noticias de la Familia Vicenciana. Tambi\u00e9n es m\u00fasico cat\u00f3lico y ha editado varios discos. Es Director General y cofundador de Trovador, una reconocida compa\u00f1\u00eda discogr\u00e1fica critiana de Espa\u00f1a. Trabaja en las Tecnolog\u00edas de la Informaci\u00f3n, ofreciendo servicios de alojamiento, dise\u00f1o y mantenimiento Web, as\u00ed como asesoramiento, formaci\u00f3n y soluciones inform\u00e1ticas, gesti\u00f3n documental y digitalizaci\u00f3n de textos, edici\u00f3n y maquetaci\u00f3n de libros, revistas, flyers, etc.\",\"sameAs\":[\"http:\/\/chento.org\",\"https:\/\/www.facebook.com\/JavierChento\",\"https:\/\/x.com\/https:\/\/twitter.com\/javierchento\"],\"url\":\"https:\/\/vincentians.com\/fr\/author\/chento\/\"}]}<\/script>\n<!-- \/ Yoast SEO plugin. -->","yoast_head_json":{"title":"Eph\u00e9m\u00e9rides: 12 mai - Nous Sommes Vincentiens","robots":{"index":"index","follow":"follow","max-snippet":"max-snippet:-1","max-image-preview":"max-image-preview:large","max-video-preview":"max-video-preview:-1"},"canonical":"https:\/\/vincentians.com\/fr\/ephemerides-12-mai\/","og_locale":"fr_FR","og_type":"article","og_title":"Eph\u00e9m\u00e9rides: 12 mai - Nous Sommes Vincentiens","og_description":"En 1648, \u00e0 Alger, mort de M. Lesage au service des pestif\u00e9r\u00e9s.(R) En 1657, Sainte Louise \u00e9crit \u00e0 S\u0153ur C\u00e9cile \u00e0 Angers\u00a0: \u201c\u2026Quand je ressens quelque petit m\u00e9contentement de quelques-unes de nos S\u0153urs et que ... Read More","og_url":"https:\/\/vincentians.com\/fr\/ephemerides-12-mai\/","og_site_name":"Nous Sommes Vincentiens","article_publisher":"https:\/\/www.facebook.com\/WeAreVincentians\/","article_author":"https:\/\/www.facebook.com\/JavierChento","article_published_time":"2017-05-11T22:01:17+00:00","og_image":[{"width":1200,"height":630,"url":"https:\/\/i0.wp.com\/vincentians.com\/fr\/wp-content\/uploads\/sites\/10\/2016\/07\/ephemerides-fb.jpg?fit=1200%2C630&ssl=1","type":"image\/jpeg"}],"author":"Francisco Javier Fern\u00e1ndez Chento","twitter_card":"summary_large_image","twitter_creator":"@https:\/\/twitter.com\/javierchento","twitter_site":"@WeVincentians","twitter_misc":{"\u00c9crit par":"Francisco Javier Fern\u00e1ndez Chento","Dur\u00e9e de lecture estim\u00e9e":"4 minutes"},"schema":{"@context":"https:\/\/schema.org","@graph":[{"@type":"WebPage","@id":"https:\/\/vincentians.com\/fr\/ephemerides-12-mai\/","url":"https:\/\/vincentians.com\/fr\/ephemerides-12-mai\/","name":"Eph\u00e9m\u00e9rides: 12 mai - Nous Sommes Vincentiens","isPartOf":{"@id":"https:\/\/vincentians.com\/fr\/#website"},"primaryImageOfPage":{"@id":"https:\/\/vincentians.com\/fr\/ephemerides-12-mai\/#primaryimage"},"image":{"@id":"https:\/\/vincentians.com\/fr\/ephemerides-12-mai\/#primaryimage"},"thumbnailUrl":"https:\/\/i0.wp.com\/vincentians.com\/fr\/wp-content\/uploads\/sites\/10\/2016\/07\/ephemerides-fb.jpg?fit=1200%2C630&ssl=1","datePublished":"2017-05-11T22:01:17+00:00","author":{"@id":"https:\/\/vincentians.com\/fr\/#\/schema\/person\/9623ef4d9aa3b2dfb8c061f1499288f2"},"breadcrumb":{"@id":"https:\/\/vincentians.com\/fr\/ephemerides-12-mai\/#breadcrumb"},"inLanguage":"fr-FR","potentialAction":[{"@type":"ReadAction","target":["https:\/\/vincentians.com\/fr\/ephemerides-12-mai\/"]}]},{"@type":"ImageObject","inLanguage":"fr-FR","@id":"https:\/\/vincentians.com\/fr\/ephemerides-12-mai\/#primaryimage","url":"https:\/\/i0.wp.com\/vincentians.com\/fr\/wp-content\/uploads\/sites\/10\/2016\/07\/ephemerides-fb.jpg?fit=1200%2C630&ssl=1","contentUrl":"https:\/\/i0.wp.com\/vincentians.com\/fr\/wp-content\/uploads\/sites\/10\/2016\/07\/ephemerides-fb.jpg?fit=1200%2C630&ssl=1","width":1200,"height":630},{"@type":"BreadcrumbList","@id":"https:\/\/vincentians.com\/fr\/ephemerides-12-mai\/#breadcrumb","itemListElement":[{"@type":"ListItem","position":1,"name":"Portada","item":"https:\/\/vincentians.com\/fr\/"},{"@type":"ListItem","position":2,"name":"Eph\u00e9m\u00e9rides: 12 mai"}]},{"@type":"WebSite","@id":"https:\/\/vincentians.com\/fr\/#website","url":"https:\/\/vincentians.com\/fr\/","name":"Nous Sommes Vincentiens","description":"Know more to serve more","potentialAction":[{"@type":"SearchAction","target":{"@type":"EntryPoint","urlTemplate":"https:\/\/vincentians.com\/fr\/?s={search_term_string}"},"query-input":{"@type":"PropertyValueSpecification","valueRequired":true,"valueName":"search_term_string"}}],"inLanguage":"fr-FR"},{"@type":"Person","@id":"https:\/\/vincentians.com\/fr\/#\/schema\/person\/9623ef4d9aa3b2dfb8c061f1499288f2","name":"Francisco Javier Fern\u00e1ndez Chento","image":{"@type":"ImageObject","inLanguage":"fr-FR","@id":"https:\/\/vincentians.com\/fr\/#\/schema\/person\/image\/","url":"https:\/\/secure.gravatar.com\/avatar\/497d5cde87b4c3d097d0315953521681ba2cd523ee66e5077c3711f7021e65de?s=96&d=mm&r=g","contentUrl":"https:\/\/secure.gravatar.com\/avatar\/497d5cde87b4c3d097d0315953521681ba2cd523ee66e5077c3711f7021e65de?s=96&d=mm&r=g","caption":"Francisco Javier Fern\u00e1ndez Chento"},"description":"Director General y cofundador de La Red de Formaci\u00f3n Vicenciana. Javier es laico vicenciano, afiliado a la Congregaci\u00f3n de la Misi\u00f3n y miembro del Equipo de Misiones Populares de la provincia can\u00f3nica de Zaragoza (Espa\u00f1a) de la Congregaci\u00f3n de la Misi\u00f3n. Graduado en la Universidad Oberta de Catalunya con cuatro grados (Asistente de direcci\u00f3n, Gesti\u00f3n Administrativa, Recursos Humanos y Contabilidad Avanzada). Bil\u00edng\u00fce Espa\u00f1ol\/Ingl\u00e9s. gestiona y mantiene varias p\u00e1ginas web cristianas y vicencianas, incluida including La Red de Formaci\u00f3n Vicenciana, de la que es cofundador. Actualmente es responsable del \u00e1rea de Espa\u00f1ol de .famvin, la Red de Noticias de la Familia Vicenciana. Tambi\u00e9n es m\u00fasico cat\u00f3lico y ha editado varios discos. Es Director General y cofundador de Trovador, una reconocida compa\u00f1\u00eda discogr\u00e1fica critiana de Espa\u00f1a. Trabaja en las Tecnolog\u00edas de la Informaci\u00f3n, ofreciendo servicios de alojamiento, dise\u00f1o y mantenimiento Web, as\u00ed como asesoramiento, formaci\u00f3n y soluciones inform\u00e1ticas, gesti\u00f3n documental y digitalizaci\u00f3n de textos, edici\u00f3n y maquetaci\u00f3n de libros, revistas, flyers, etc.","sameAs":["http:\/\/chento.org","https:\/\/www.facebook.com\/JavierChento","https:\/\/x.com\/https:\/\/twitter.com\/javierchento"],"url":"https:\/\/vincentians.com\/fr\/author\/chento\/"}]}},"jetpack_publicize_connections":[],"jetpack_featured_media_url":"https:\/\/i0.wp.com\/vincentians.com\/fr\/wp-content\/uploads\/sites\/10\/2016\/07\/ephemerides-fb.jpg?fit=1200%2C630&ssl=1","jetpack_sharing_enabled":true,"jetpack_shortlink":"https:\/\/wp.me\/p7ETMP-rGL","jetpack-related-posts":[{"id":104144,"url":"https:\/\/vincentians.com\/fr\/ephemerides-29-novembre\/","url_meta":{"origin":106439,"position":0},"title":"Eph\u00e9m\u00e9rides: 29 novembre","author":"Francisco Javier Fern\u00e1ndez Chento","date":"29\/11\/2016","format":false,"excerpt":"1633. \u00c0 Paris, en la maison de Mlle Le Gras, proche Saint-Nicolas du Chardonnet \u2014 rue des Foss\u00e9s-Saint-Victor \u2014 trois ou quatre filles s\u2019assemblent pour apprendre \u00e0 servir les pauvres\u2026 C\u2019est une consid\u00e9ration d\u2019utilit\u00e9 pratique qui est \u00e0 l\u2019origine de ce petit fait\u00a0: les d\u00e9tails concrets et peu rago\u00fbtants de\u2026","rel":"","context":"Dans &quot;\u00c9ph\u00e9m\u00e9rides vincentiens&quot;","block_context":{"text":"\u00c9ph\u00e9m\u00e9rides vincentiens","link":"https:\/\/vincentians.com\/fr\/category\/ephemerides-vincentiens\/"},"img":{"alt_text":"","src":"https:\/\/i0.wp.com\/vincentians.com\/fr\/wp-content\/uploads\/sites\/10\/2016\/07\/ephemerides-fb.jpg?fit=1200%2C630&ssl=1&resize=350%2C200","width":350,"height":200,"srcset":"https:\/\/i0.wp.com\/vincentians.com\/fr\/wp-content\/uploads\/sites\/10\/2016\/07\/ephemerides-fb.jpg?fit=1200%2C630&ssl=1&resize=350%2C200 1x, https:\/\/i0.wp.com\/vincentians.com\/fr\/wp-content\/uploads\/sites\/10\/2016\/07\/ephemerides-fb.jpg?fit=1200%2C630&ssl=1&resize=525%2C300 1.5x, https:\/\/i0.wp.com\/vincentians.com\/fr\/wp-content\/uploads\/sites\/10\/2016\/07\/ephemerides-fb.jpg?fit=1200%2C630&ssl=1&resize=700%2C400 2x, https:\/\/i0.wp.com\/vincentians.com\/fr\/wp-content\/uploads\/sites\/10\/2016\/07\/ephemerides-fb.jpg?fit=1200%2C630&ssl=1&resize=1050%2C600 3x"},"classes":[]},{"id":190341,"url":"https:\/\/vincentians.com\/fr\/ephemerides-18-mars\/","url_meta":{"origin":106439,"position":1},"title":"Eph\u00e9m\u00e9rides : 18 mars","author":"Francisco Javier Fern\u00e1ndez Chento","date":"18\/03\/2017","format":false,"excerpt":"1654. Sainte Louise se r\u00e9jouit de la bonne sant\u00e9 des Soeurs d'Angers et leur \u00e9crit\u00a0: \"Comme vous tenez vos forces de la main de Dieu, je vous prie de les employer aussi avec plaisir et joie pour son amour dans le Service des autres. Encouragez-vous l'une l'autre et que les\u2026","rel":"","context":"Dans &quot;\u00c9ph\u00e9m\u00e9rides vincentiens&quot;","block_context":{"text":"\u00c9ph\u00e9m\u00e9rides vincentiens","link":"https:\/\/vincentians.com\/fr\/category\/ephemerides-vincentiens\/"},"img":{"alt_text":"","src":"https:\/\/i0.wp.com\/vincentians.com\/fr\/wp-content\/uploads\/sites\/10\/2016\/07\/ephemerides-fb.jpg?fit=1200%2C630&ssl=1&resize=350%2C200","width":350,"height":200,"srcset":"https:\/\/i0.wp.com\/vincentians.com\/fr\/wp-content\/uploads\/sites\/10\/2016\/07\/ephemerides-fb.jpg?fit=1200%2C630&ssl=1&resize=350%2C200 1x, https:\/\/i0.wp.com\/vincentians.com\/fr\/wp-content\/uploads\/sites\/10\/2016\/07\/ephemerides-fb.jpg?fit=1200%2C630&ssl=1&resize=525%2C300 1.5x, https:\/\/i0.wp.com\/vincentians.com\/fr\/wp-content\/uploads\/sites\/10\/2016\/07\/ephemerides-fb.jpg?fit=1200%2C630&ssl=1&resize=700%2C400 2x, https:\/\/i0.wp.com\/vincentians.com\/fr\/wp-content\/uploads\/sites\/10\/2016\/07\/ephemerides-fb.jpg?fit=1200%2C630&ssl=1&resize=1050%2C600 3x"},"classes":[]},{"id":190229,"url":"https:\/\/vincentians.com\/fr\/ephemerides-08-octobre\/","url_meta":{"origin":106439,"position":2},"title":"Eph\u00e9m\u00e9rides : 08 octobre","author":"Francisco Javier Fern\u00e1ndez Chento","date":"08\/10\/2016","format":false,"excerpt":"1642. De Paris, Monsieur Vincent adresse \u00e0 Jean Brunet et \u00e0 \u00c9tienne Blatiron une lettre o\u00f9 il leur dit\u00a0: \u00abJe vous ai d\u00e9j\u00e0 \u00e9crit que la Providence de Dieu vous appelle \u00e0 Rome pour un nouvel \u00e9tablissement\u2026\u00bb C\u2019est une aimable fa\u00e7on de r\u00e9p\u00e9ter aux deux destinataires que sa d\u00e9cision, \u00e0\u2026","rel":"","context":"Dans &quot;\u00c9ph\u00e9m\u00e9rides vincentiens&quot;","block_context":{"text":"\u00c9ph\u00e9m\u00e9rides vincentiens","link":"https:\/\/vincentians.com\/fr\/category\/ephemerides-vincentiens\/"},"img":{"alt_text":"","src":"https:\/\/i0.wp.com\/vincentians.com\/fr\/wp-content\/uploads\/sites\/10\/2016\/07\/ephemerides-fb.jpg?fit=1200%2C630&ssl=1&resize=350%2C200","width":350,"height":200,"srcset":"https:\/\/i0.wp.com\/vincentians.com\/fr\/wp-content\/uploads\/sites\/10\/2016\/07\/ephemerides-fb.jpg?fit=1200%2C630&ssl=1&resize=350%2C200 1x, https:\/\/i0.wp.com\/vincentians.com\/fr\/wp-content\/uploads\/sites\/10\/2016\/07\/ephemerides-fb.jpg?fit=1200%2C630&ssl=1&resize=525%2C300 1.5x, https:\/\/i0.wp.com\/vincentians.com\/fr\/wp-content\/uploads\/sites\/10\/2016\/07\/ephemerides-fb.jpg?fit=1200%2C630&ssl=1&resize=700%2C400 2x, https:\/\/i0.wp.com\/vincentians.com\/fr\/wp-content\/uploads\/sites\/10\/2016\/07\/ephemerides-fb.jpg?fit=1200%2C630&ssl=1&resize=1050%2C600 3x"},"classes":[]},{"id":104134,"url":"https:\/\/vincentians.com\/fr\/ephemerides-5-novembre\/","url_meta":{"origin":106439,"position":3},"title":"Eph\u00e9m\u00e9rides: 5 novembre","author":"Francisco Javier Fern\u00e1ndez Chento","date":"05\/11\/2016","format":false,"excerpt":"1650. Sainte Louise \u00e9crit \u00e0 S\u0153ur Jeanne de la Croix \u00e0 Serqueux\u00a0: \u201cOh\u00a0! que j\u2019ai trouv\u00e9 de consolation dans la d\u00e9solation de votre lettre. Oh\u00a0! qu\u2019il est vrai que les \u00e2mes que cherchent Dieu le trouvent partout, mais particuli\u00e8rement dans les Pauvres\u201d. Elle lui annonce\u00a0: \u201cIl partit la semaine pass\u00e9e\u2026","rel":"","context":"Dans &quot;\u00c9ph\u00e9m\u00e9rides vincentiens&quot;","block_context":{"text":"\u00c9ph\u00e9m\u00e9rides vincentiens","link":"https:\/\/vincentians.com\/fr\/category\/ephemerides-vincentiens\/"},"img":{"alt_text":"","src":"https:\/\/i0.wp.com\/vincentians.com\/fr\/wp-content\/uploads\/sites\/10\/2016\/07\/ephemerides-fb.jpg?fit=1200%2C630&ssl=1&resize=350%2C200","width":350,"height":200,"srcset":"https:\/\/i0.wp.com\/vincentians.com\/fr\/wp-content\/uploads\/sites\/10\/2016\/07\/ephemerides-fb.jpg?fit=1200%2C630&ssl=1&resize=350%2C200 1x, https:\/\/i0.wp.com\/vincentians.com\/fr\/wp-content\/uploads\/sites\/10\/2016\/07\/ephemerides-fb.jpg?fit=1200%2C630&ssl=1&resize=525%2C300 1.5x, https:\/\/i0.wp.com\/vincentians.com\/fr\/wp-content\/uploads\/sites\/10\/2016\/07\/ephemerides-fb.jpg?fit=1200%2C630&ssl=1&resize=700%2C400 2x, https:\/\/i0.wp.com\/vincentians.com\/fr\/wp-content\/uploads\/sites\/10\/2016\/07\/ephemerides-fb.jpg?fit=1200%2C630&ssl=1&resize=1050%2C600 3x"},"classes":[]},{"id":190228,"url":"https:\/\/vincentians.com\/fr\/ephemerides-07-octobre\/","url_meta":{"origin":106439,"position":4},"title":"Eph\u00e9m\u00e9rides : 07 octobre","author":"Francisco Javier Fern\u00e1ndez Chento","date":"07\/10\/2016","format":false,"excerpt":"1658. Sainte Louise \u00e9crit \u00e0 S\u0153ur Henriette Gesseaume, Fille de la Charit\u00e9, Servante des Pauvres Malades et Bless\u00e9s \u00e0 Calais lui recommandant d\u2019\u00eatre tr\u00e8s prudente et d\u00e9sint\u00e9ress\u00e9e dans ce service\u00a0: \u201cIl faut essayer de ne point donner sujet de parler des conduites de nos S\u0153urs qui doivent toujours \u00eatre dans\u2026","rel":"","context":"Dans &quot;\u00c9ph\u00e9m\u00e9rides vincentiens&quot;","block_context":{"text":"\u00c9ph\u00e9m\u00e9rides vincentiens","link":"https:\/\/vincentians.com\/fr\/category\/ephemerides-vincentiens\/"},"img":{"alt_text":"","src":"https:\/\/i0.wp.com\/vincentians.com\/fr\/wp-content\/uploads\/sites\/10\/2016\/07\/ephemerides-fb.jpg?fit=1200%2C630&ssl=1&resize=350%2C200","width":350,"height":200,"srcset":"https:\/\/i0.wp.com\/vincentians.com\/fr\/wp-content\/uploads\/sites\/10\/2016\/07\/ephemerides-fb.jpg?fit=1200%2C630&ssl=1&resize=350%2C200 1x, https:\/\/i0.wp.com\/vincentians.com\/fr\/wp-content\/uploads\/sites\/10\/2016\/07\/ephemerides-fb.jpg?fit=1200%2C630&ssl=1&resize=525%2C300 1.5x, https:\/\/i0.wp.com\/vincentians.com\/fr\/wp-content\/uploads\/sites\/10\/2016\/07\/ephemerides-fb.jpg?fit=1200%2C630&ssl=1&resize=700%2C400 2x, https:\/\/i0.wp.com\/vincentians.com\/fr\/wp-content\/uploads\/sites\/10\/2016\/07\/ephemerides-fb.jpg?fit=1200%2C630&ssl=1&resize=1050%2C600 3x"},"classes":[]},{"id":104137,"url":"https:\/\/vincentians.com\/fr\/ephemerides-2-novembre\/","url_meta":{"origin":106439,"position":5},"title":"Eph\u00e9m\u00e9rides: 2 novembre","author":"Francisco Javier Fern\u00e1ndez Chento","date":"02\/11\/2016","format":false,"excerpt":"1651. \u00c0 Varsovie, c\u2019est dans les d\u00e9buts de novembre qu\u2019arrive la premi\u00e8re \u00e9quipe missionnaire envoy\u00e9e par Monsieur Vincent lui-m\u00eame. Il r\u00e9pond de la sorte \u00e0 une lettre de la reine Louise-Marie de Gonzague qui l\u2019a suppli\u00e9 de donner quelques-uns de ses fils \u00e0 la Pologne. Avant son mariage avec le\u2026","rel":"","context":"Dans &quot;\u00c9ph\u00e9m\u00e9rides vincentiens&quot;","block_context":{"text":"\u00c9ph\u00e9m\u00e9rides vincentiens","link":"https:\/\/vincentians.com\/fr\/category\/ephemerides-vincentiens\/"},"img":{"alt_text":"","src":"https:\/\/i0.wp.com\/vincentians.com\/fr\/wp-content\/uploads\/sites\/10\/2016\/07\/ephemerides-fb.jpg?fit=1200%2C630&ssl=1&resize=350%2C200","width":350,"height":200,"srcset":"https:\/\/i0.wp.com\/vincentians.com\/fr\/wp-content\/uploads\/sites\/10\/2016\/07\/ephemerides-fb.jpg?fit=1200%2C630&ssl=1&resize=350%2C200 1x, https:\/\/i0.wp.com\/vincentians.com\/fr\/wp-content\/uploads\/sites\/10\/2016\/07\/ephemerides-fb.jpg?fit=1200%2C630&ssl=1&resize=525%2C300 1.5x, https:\/\/i0.wp.com\/vincentians.com\/fr\/wp-content\/uploads\/sites\/10\/2016\/07\/ephemerides-fb.jpg?fit=1200%2C630&ssl=1&resize=700%2C400 2x, https:\/\/i0.wp.com\/vincentians.com\/fr\/wp-content\/uploads\/sites\/10\/2016\/07\/ephemerides-fb.jpg?fit=1200%2C630&ssl=1&resize=1050%2C600 3x"},"classes":[]}],"_links":{"self":[{"href":"https:\/\/vincentians.com\/fr\/wp-json\/wp\/v2\/posts\/106439","targetHints":{"allow":["GET"]}}],"collection":[{"href":"https:\/\/vincentians.com\/fr\/wp-json\/wp\/v2\/posts"}],"about":[{"href":"https:\/\/vincentians.com\/fr\/wp-json\/wp\/v2\/types\/post"}],"author":[{"embeddable":true,"href":"https:\/\/vincentians.com\/fr\/wp-json\/wp\/v2\/users\/4"}],"replies":[{"embeddable":true,"href":"https:\/\/vincentians.com\/fr\/wp-json\/wp\/v2\/comments?post=106439"}],"version-history":[{"count":0,"href":"https:\/\/vincentians.com\/fr\/wp-json\/wp\/v2\/posts\/106439\/revisions"}],"wp:featuredmedia":[{"embeddable":true,"href":"https:\/\/vincentians.com\/fr\/wp-json\/wp\/v2\/media\/149897"}],"wp:attachment":[{"href":"https:\/\/vincentians.com\/fr\/wp-json\/wp\/v2\/media?parent=106439"}],"wp:term":[{"taxonomy":"category","embeddable":true,"href":"https:\/\/vincentians.com\/fr\/wp-json\/wp\/v2\/categories?post=106439"},{"taxonomy":"post_tag","embeddable":true,"href":"https:\/\/vincentians.com\/fr\/wp-json\/wp\/v2\/tags?post=106439"}],"curies":[{"name":"wp","href":"https:\/\/api.w.org\/{rel}","templated":true}]}}