{"id":106437,"date":"2017-05-14T00:01:17","date_gmt":"2017-05-13T22:01:17","guid":{"rendered":"http:\/\/vincentiens.org\/?p=106437"},"modified":"2017-05-14T00:01:17","modified_gmt":"2017-05-13T22:01:17","slug":"ephemerides-14-mai","status":"publish","type":"post","link":"https:\/\/vincentians.com\/fr\/ephemerides-14-mai\/","title":{"rendered":"Eph\u00e9m\u00e9rides: 14 mai"},"content":{"rendered":"<p align=\"justify\"><strong>En 1623, <\/strong>Sainte Louise de Marillac a, durant la Sainte Messe, la pr\u00e9monition de la petite Compagnie\u00a0: \u201cLe jour de la Pentec\u00f4te 1623, \u00e9tant \u00e0 Saint-Nicolas des Champs, durant la Sainte Messe, en un instant mon esprit fut \u00e9clairci sur ses doutes. Je fus avertie que je devais demeurer avec mon mari et qu\u2019un temps devait venir o\u00f9 je serais en \u00e9tat de faire v\u0153u de pauvret\u00e9, chastet\u00e9 et ob\u00e9issance\u00a0; et que je serais avec des personnes dont quelques-unes feraient de m\u00eame. J\u2019entendis alors \u00eatre en un lieu pour secourir le prochain, mais je ne pouvais comprendre comment cela se pourrait faire, \u00e0 cause qu\u2019il y devait avoir allant et venant\u201d. Sainte Louise voyait la forme nouvelle de vie religieuse qui allait au cours des si\u00e8cles suivants \u00eatre adopt\u00e9e par un grand nombre de Communaut\u00e9s f\u00e9minines apr\u00e8s la Compagnie des Filles de la Charit\u00e9.(R)<\/p>\n<p align=\"justify\"><strong>En 1643<\/strong>, \u00e0 <em>Saint-Germain-en-Laye<\/em>, avec les \u00e9v\u00eaques de <em>Meaux<\/em> et de <em>Lisieux<\/em>, avec le P\u00e8re Dinet, J\u00e9suite, confesseur du roi, Monsieur Vincent assiste Louis XIII mourant. D\u00e8s le mois d&rsquo;avril, Anne d&rsquo;Autriche avait demand\u00e9 \u00e0 notre bienheureux P\u00e8re d&rsquo;apporter \u00e0 l&rsquo;auguste malade le r\u00e9confort de sa pr\u00e9sence. Monsieur Vincent \u00e9tait accouru au ch\u00e2teau, d\u00e8s le 23 avril. Il y revint \u00e0 plusieurs reprises et il y eut alors, entre le roi et l&rsquo;humble pr\u00eatre, d&rsquo;\u00e9mouvants dialogues. Le matin du 14 mai, &#8211; f\u00eate de l&rsquo;Ascension, cette aim\u00e9e-l\u00e0, &#8211; il apparut que cette journ\u00e9e serait la derni\u00e8re de Louis XIII. Et de fait, apr\u00e8s avoir prononc\u00e9 le nom de \u00ab J\u00e9sus \u00bb et le verset \u00ab <em>In manus tuas, Domine<\/em>&#8230; \u00bb, le roi entra en agonie. Il rendit le dernier soupir \u00e0 2h.30 de l&rsquo;apr\u00e8s-midi. \u00c9mu par cette belle fin, Monsieur Vincent \u00e9crivait le lendemain \u00e0 l&rsquo;un de ses confr\u00e8res : \u00ab Depuis que je suis sur la terre, je n&rsquo;ai vu mourir personne plus chr\u00e9tiennement \u00bb (1)<\/p>\n<p align=\"justify\"><strong>En 1646<\/strong>, gr\u00e2ce \u00e0 un don de la duchesse d&rsquo;Aiguillon, Monsieur Vincent ach\u00e8te, pour ses missionnaires, la charge du consulat d&rsquo;<em>Alger<\/em>. C&rsquo;est pour faciliter son \u0153uvre charitable pr\u00e8s des esclaves que Monsieur Vincent fait cette acquisition. Il pense que la charge de consul peut \u00eatre compatible avec les fonctions de missionnaire. Mais les unes et les autres vont se r\u00e9v\u00e9ler tellement absorbantes qu&rsquo;en 1669 il faudra cesser l&rsquo;exp\u00e9rience qui a cependant permis \u00e0 nos confr\u00e8res de bien travailler pour Dieu et pour la France. Sous la plume d&rsquo;un historien du minist\u00e8re des Affaires \u00e9trang\u00e8res de la fin du XIX\u00b0 si\u00e8cle, on trouve ce beau t\u00e9moignage : \u00ab Les correspondances consulaires relatent les services \u00e9minents et d\u00e9sint\u00e9ress\u00e9s des P\u00e8res Barreau, Dubourdieu, Le Vacher, Montmasson, Bossu, Groiselle et bien d&rsquo;autres, qui durent supporter les uns l&rsquo;odieux supplice de la bouche du canon, les autres une injuste captivit\u00e9 \u00bb (2+R).<\/p>\n<p align=\"justify\"><strong>En 1657<\/strong>, \u00e0 <em>Saint-Lazare<\/em>, Nicolas Pierron qui sera le quatri\u00e8me Sup\u00e9rieur g\u00e9n\u00e9ral de la Mission est re\u00e7u par saint Vincent an s\u00e9minaire interne. Il a vingt-deux ans (3).<\/p>\n<p align=\"justify\"><strong>En 1745, <\/strong>d\u00e9c\u00e8s de M. Amosso, 15e Directeur des Filles de la Charit\u00e9, sous le g\u00e9n\u00e9ralat de M. Couty.(R)<\/p>\n<p align=\"justify\"><strong>En 1871, <\/strong>les S\u0153urs de l\u2019H\u00f4pital Sainte-Eug\u00e9nie (h\u00f4pital d\u2019enfants) ont eu, la veille, la surprise de voir arriver chez elles deux compagnies de gardes nationaux dits f\u00e9d\u00e9r\u00e9s. Trois S\u0153urs avaient eu l\u2019imprudence d\u2019\u00e9crire\u00a0: \u201cVous \u00eates bien heureux de vous trouver hors de Paris et du danger\u00a0; pour nous, nous sommes aux mains de la canaille\u201d et M. le Maire rev\u00eatu d\u2019une \u00e9norme ceinture rouge venait enqu\u00eater et d\u00e9cider le d\u00e9part de la S\u0153ur Servante responsable et de trois S\u0153urs. Mais les autres S\u0153urs, les employ\u00e9s, les \u00e9tudiants en m\u00e9decine, les infirmiers se pr\u00e9cipitent au-devant de la voiture destin\u00e9e \u00e0 cet enl\u00e8vement et ne laissent monter les pr\u00e9venues que sur promesses qu\u2019elles seront de retour dans une heure. Conduites chez les S\u0153urs de Reuilly, dont la maison \u00e9tait occup\u00e9e par les communards, elles y sont accabl\u00e9es d\u2019insultes, mais on les ram\u00e8ne. Pendant ce temps perquisition \u00e0 l\u2019h\u00f4pital. Et nos S\u0153urs seront ensuite gard\u00e9es \u00e0 vue et oblig\u00e9es de nourrir plus de cent gardes nationaux, puis on introduit des \u201ccitoyennes\u201d charg\u00e9es de remplacer le personnel. Il avait \u00e9t\u00e9 d\u00e9cid\u00e9 que les S\u0153urs seraient fusill\u00e9es le 28 mai, le 27 l\u2019arm\u00e9e les d\u00e9livre.(R)<\/p>\n<p align=\"justify\"><strong>En 1939<\/strong>, \u00e0 <em>Rome<\/em>, la Congr\u00e9gation des Rites tient s\u00e9ance pour \u00e9tudier les miracles attribu\u00e9s \u00e0 Justin de Jacobis. Deux gu\u00e9risons extraordinaires sont retenues. Le b\u00e9n\u00e9ficiaire de la premi\u00e8re est un jeune homme de <em>San Fele<\/em>, la cit\u00e9 italienne o\u00f9 naquit Justin de Jacobis : Fran\u00e7ois Lorenzo, atteint d&rsquo;une scarlatine sur laquelle se greffent des complications de toutes sortes, est subitement gu\u00e9ri, le 28 novembre 1907. Le deuxi\u00e8me miracle s&rsquo;est produit \u00e0 Florence : Ange Marlazzi y fut soudainement gu\u00e9ri d&rsquo;une tr\u00e8s grave tuberculose pulmonaire (4).<\/p>\n<p>&#8212;&#8212;&#8212;&#8212;&#8212;&#8212;&#8212;&#8212;&#8212;&#8212;&#8212;&#8212;&#8212;&#8212;&#8212;&#8212;&#8212;&#8212;&#8212;&#8212;&#8212;&#8212;&#8212;&#8212;&#8212;&#8212;&#8212;&#8212;&#8212;&#8212;&#8212;&#8212;&#8212;&#8212;&#8212;&#8211;<\/p>\n<p>1) <em>Coste<\/em> III, 90-98.<br \/>\n2) <em>Actes du Gouvernement<\/em>, p. 57.<br \/>\n3) <em>Circulaires<\/em>, t. I, p. 208.<br \/>\n4) <em>Annales<\/em>, t. 104, pp. 449-453.<\/p>\n","protected":false},"excerpt":{"rendered":"<p>En 1623, Sainte Louise de Marillac a, durant la Sainte Messe, la pr\u00e9monition de la petite Compagnie\u00a0: \u201cLe jour de la Pentec\u00f4te 1623, \u00e9tant \u00e0 Saint-Nicolas des Champs, durant la Sainte Messe, en un instant &#8230; <a href=\"https:\/\/vincentians.com\/fr\/ephemerides-14-mai\/\" class=\"more-link\">Read More<\/a><\/p>\n","protected":false},"author":4,"featured_media":149897,"comment_status":"open","ping_status":"open","sticky":false,"template":"","format":"standard","meta":{"jetpack_post_was_ever_published":false,"_jetpack_newsletter_access":"","_jetpack_dont_email_post_to_subs":false,"_jetpack_newsletter_tier_id":0,"_jetpack_memberships_contains_paywalled_content":false,"_jetpack_memberships_contains_paid_content":false,"footnotes":"","jetpack_publicize_message":"","jetpack_publicize_feature_enabled":true,"jetpack_social_post_already_shared":true,"jetpack_social_options":{"image_generator_settings":{"template":"highway","default_image_id":0,"font":"","enabled":false},"version":2}},"categories":[119],"tags":[],"class_list":["post-106437","post","type-post","status-publish","format-standard","has-post-thumbnail","hentry","category-ephemerides-vincentiens"],"yoast_head":"<!-- This site is optimized with the Yoast SEO plugin v26.3 - https:\/\/yoast.com\/wordpress\/plugins\/seo\/ -->\n<title>Eph\u00e9m\u00e9rides: 14 mai - Nous Sommes Vincentiens<\/title>\n<meta name=\"robots\" content=\"index, follow, max-snippet:-1, max-image-preview:large, max-video-preview:-1\" \/>\n<link rel=\"canonical\" href=\"https:\/\/vincentians.com\/fr\/ephemerides-14-mai\/\" \/>\n<meta property=\"og:locale\" content=\"fr_FR\" \/>\n<meta property=\"og:type\" content=\"article\" \/>\n<meta property=\"og:title\" content=\"Eph\u00e9m\u00e9rides: 14 mai - Nous Sommes Vincentiens\" \/>\n<meta property=\"og:description\" content=\"En 1623, Sainte Louise de Marillac a, durant la Sainte Messe, la pr\u00e9monition de la petite Compagnie\u00a0: \u201cLe jour de la Pentec\u00f4te 1623, \u00e9tant \u00e0 Saint-Nicolas des Champs, durant la Sainte Messe, en un instant ... Read More\" \/>\n<meta property=\"og:url\" content=\"https:\/\/vincentians.com\/fr\/ephemerides-14-mai\/\" \/>\n<meta property=\"og:site_name\" content=\"Nous Sommes Vincentiens\" \/>\n<meta property=\"article:publisher\" content=\"https:\/\/www.facebook.com\/WeAreVincentians\/\" \/>\n<meta property=\"article:author\" content=\"https:\/\/www.facebook.com\/JavierChento\" \/>\n<meta property=\"article:published_time\" content=\"2017-05-13T22:01:17+00:00\" \/>\n<meta property=\"og:image\" content=\"https:\/\/i0.wp.com\/vincentians.com\/fr\/wp-content\/uploads\/sites\/10\/2016\/07\/ephemerides-fb.jpg?fit=1200%2C630&ssl=1\" \/>\n\t<meta property=\"og:image:width\" content=\"1200\" \/>\n\t<meta property=\"og:image:height\" content=\"630\" \/>\n\t<meta property=\"og:image:type\" content=\"image\/jpeg\" \/>\n<meta name=\"author\" content=\"Francisco Javier Fern\u00e1ndez Chento\" \/>\n<meta name=\"twitter:card\" content=\"summary_large_image\" \/>\n<meta name=\"twitter:creator\" content=\"@https:\/\/twitter.com\/javierchento\" \/>\n<meta name=\"twitter:site\" content=\"@WeVincentians\" \/>\n<meta name=\"twitter:label1\" content=\"\u00c9crit par\" \/>\n\t<meta name=\"twitter:data1\" content=\"Francisco Javier Fern\u00e1ndez Chento\" \/>\n\t<meta name=\"twitter:label2\" content=\"Dur\u00e9e de lecture estim\u00e9e\" \/>\n\t<meta name=\"twitter:data2\" content=\"4 minutes\" \/>\n<script type=\"application\/ld+json\" class=\"yoast-schema-graph\">{\"@context\":\"https:\/\/schema.org\",\"@graph\":[{\"@type\":\"WebPage\",\"@id\":\"https:\/\/vincentians.com\/fr\/ephemerides-14-mai\/\",\"url\":\"https:\/\/vincentians.com\/fr\/ephemerides-14-mai\/\",\"name\":\"Eph\u00e9m\u00e9rides: 14 mai - Nous Sommes Vincentiens\",\"isPartOf\":{\"@id\":\"https:\/\/vincentians.com\/fr\/#website\"},\"primaryImageOfPage\":{\"@id\":\"https:\/\/vincentians.com\/fr\/ephemerides-14-mai\/#primaryimage\"},\"image\":{\"@id\":\"https:\/\/vincentians.com\/fr\/ephemerides-14-mai\/#primaryimage\"},\"thumbnailUrl\":\"https:\/\/i0.wp.com\/vincentians.com\/fr\/wp-content\/uploads\/sites\/10\/2016\/07\/ephemerides-fb.jpg?fit=1200%2C630&ssl=1\",\"datePublished\":\"2017-05-13T22:01:17+00:00\",\"author\":{\"@id\":\"https:\/\/vincentians.com\/fr\/#\/schema\/person\/9623ef4d9aa3b2dfb8c061f1499288f2\"},\"breadcrumb\":{\"@id\":\"https:\/\/vincentians.com\/fr\/ephemerides-14-mai\/#breadcrumb\"},\"inLanguage\":\"fr-FR\",\"potentialAction\":[{\"@type\":\"ReadAction\",\"target\":[\"https:\/\/vincentians.com\/fr\/ephemerides-14-mai\/\"]}]},{\"@type\":\"ImageObject\",\"inLanguage\":\"fr-FR\",\"@id\":\"https:\/\/vincentians.com\/fr\/ephemerides-14-mai\/#primaryimage\",\"url\":\"https:\/\/i0.wp.com\/vincentians.com\/fr\/wp-content\/uploads\/sites\/10\/2016\/07\/ephemerides-fb.jpg?fit=1200%2C630&ssl=1\",\"contentUrl\":\"https:\/\/i0.wp.com\/vincentians.com\/fr\/wp-content\/uploads\/sites\/10\/2016\/07\/ephemerides-fb.jpg?fit=1200%2C630&ssl=1\",\"width\":1200,\"height\":630},{\"@type\":\"BreadcrumbList\",\"@id\":\"https:\/\/vincentians.com\/fr\/ephemerides-14-mai\/#breadcrumb\",\"itemListElement\":[{\"@type\":\"ListItem\",\"position\":1,\"name\":\"Portada\",\"item\":\"https:\/\/vincentians.com\/fr\/\"},{\"@type\":\"ListItem\",\"position\":2,\"name\":\"Eph\u00e9m\u00e9rides: 14 mai\"}]},{\"@type\":\"WebSite\",\"@id\":\"https:\/\/vincentians.com\/fr\/#website\",\"url\":\"https:\/\/vincentians.com\/fr\/\",\"name\":\"Nous Sommes Vincentiens\",\"description\":\"Know more to serve more\",\"potentialAction\":[{\"@type\":\"SearchAction\",\"target\":{\"@type\":\"EntryPoint\",\"urlTemplate\":\"https:\/\/vincentians.com\/fr\/?s={search_term_string}\"},\"query-input\":{\"@type\":\"PropertyValueSpecification\",\"valueRequired\":true,\"valueName\":\"search_term_string\"}}],\"inLanguage\":\"fr-FR\"},{\"@type\":\"Person\",\"@id\":\"https:\/\/vincentians.com\/fr\/#\/schema\/person\/9623ef4d9aa3b2dfb8c061f1499288f2\",\"name\":\"Francisco Javier Fern\u00e1ndez Chento\",\"image\":{\"@type\":\"ImageObject\",\"inLanguage\":\"fr-FR\",\"@id\":\"https:\/\/vincentians.com\/fr\/#\/schema\/person\/image\/\",\"url\":\"https:\/\/secure.gravatar.com\/avatar\/497d5cde87b4c3d097d0315953521681ba2cd523ee66e5077c3711f7021e65de?s=96&d=mm&r=g\",\"contentUrl\":\"https:\/\/secure.gravatar.com\/avatar\/497d5cde87b4c3d097d0315953521681ba2cd523ee66e5077c3711f7021e65de?s=96&d=mm&r=g\",\"caption\":\"Francisco Javier Fern\u00e1ndez Chento\"},\"description\":\"Director General y cofundador de La Red de Formaci\u00f3n Vicenciana. Javier es laico vicenciano, afiliado a la Congregaci\u00f3n de la Misi\u00f3n y miembro del Equipo de Misiones Populares de la provincia can\u00f3nica de Zaragoza (Espa\u00f1a) de la Congregaci\u00f3n de la Misi\u00f3n. Graduado en la Universidad Oberta de Catalunya con cuatro grados (Asistente de direcci\u00f3n, Gesti\u00f3n Administrativa, Recursos Humanos y Contabilidad Avanzada). Bil\u00edng\u00fce Espa\u00f1ol\/Ingl\u00e9s. gestiona y mantiene varias p\u00e1ginas web cristianas y vicencianas, incluida including La Red de Formaci\u00f3n Vicenciana, de la que es cofundador. Actualmente es responsable del \u00e1rea de Espa\u00f1ol de .famvin, la Red de Noticias de la Familia Vicenciana. Tambi\u00e9n es m\u00fasico cat\u00f3lico y ha editado varios discos. Es Director General y cofundador de Trovador, una reconocida compa\u00f1\u00eda discogr\u00e1fica critiana de Espa\u00f1a. Trabaja en las Tecnolog\u00edas de la Informaci\u00f3n, ofreciendo servicios de alojamiento, dise\u00f1o y mantenimiento Web, as\u00ed como asesoramiento, formaci\u00f3n y soluciones inform\u00e1ticas, gesti\u00f3n documental y digitalizaci\u00f3n de textos, edici\u00f3n y maquetaci\u00f3n de libros, revistas, flyers, etc.\",\"sameAs\":[\"http:\/\/chento.org\",\"https:\/\/www.facebook.com\/JavierChento\",\"https:\/\/x.com\/https:\/\/twitter.com\/javierchento\"],\"url\":\"https:\/\/vincentians.com\/fr\/author\/chento\/\"}]}<\/script>\n<!-- \/ Yoast SEO plugin. -->","yoast_head_json":{"title":"Eph\u00e9m\u00e9rides: 14 mai - Nous Sommes Vincentiens","robots":{"index":"index","follow":"follow","max-snippet":"max-snippet:-1","max-image-preview":"max-image-preview:large","max-video-preview":"max-video-preview:-1"},"canonical":"https:\/\/vincentians.com\/fr\/ephemerides-14-mai\/","og_locale":"fr_FR","og_type":"article","og_title":"Eph\u00e9m\u00e9rides: 14 mai - Nous Sommes Vincentiens","og_description":"En 1623, Sainte Louise de Marillac a, durant la Sainte Messe, la pr\u00e9monition de la petite Compagnie\u00a0: \u201cLe jour de la Pentec\u00f4te 1623, \u00e9tant \u00e0 Saint-Nicolas des Champs, durant la Sainte Messe, en un instant ... Read More","og_url":"https:\/\/vincentians.com\/fr\/ephemerides-14-mai\/","og_site_name":"Nous Sommes Vincentiens","article_publisher":"https:\/\/www.facebook.com\/WeAreVincentians\/","article_author":"https:\/\/www.facebook.com\/JavierChento","article_published_time":"2017-05-13T22:01:17+00:00","og_image":[{"width":1200,"height":630,"url":"https:\/\/i0.wp.com\/vincentians.com\/fr\/wp-content\/uploads\/sites\/10\/2016\/07\/ephemerides-fb.jpg?fit=1200%2C630&ssl=1","type":"image\/jpeg"}],"author":"Francisco Javier Fern\u00e1ndez Chento","twitter_card":"summary_large_image","twitter_creator":"@https:\/\/twitter.com\/javierchento","twitter_site":"@WeVincentians","twitter_misc":{"\u00c9crit par":"Francisco Javier Fern\u00e1ndez Chento","Dur\u00e9e de lecture estim\u00e9e":"4 minutes"},"schema":{"@context":"https:\/\/schema.org","@graph":[{"@type":"WebPage","@id":"https:\/\/vincentians.com\/fr\/ephemerides-14-mai\/","url":"https:\/\/vincentians.com\/fr\/ephemerides-14-mai\/","name":"Eph\u00e9m\u00e9rides: 14 mai - Nous Sommes Vincentiens","isPartOf":{"@id":"https:\/\/vincentians.com\/fr\/#website"},"primaryImageOfPage":{"@id":"https:\/\/vincentians.com\/fr\/ephemerides-14-mai\/#primaryimage"},"image":{"@id":"https:\/\/vincentians.com\/fr\/ephemerides-14-mai\/#primaryimage"},"thumbnailUrl":"https:\/\/i0.wp.com\/vincentians.com\/fr\/wp-content\/uploads\/sites\/10\/2016\/07\/ephemerides-fb.jpg?fit=1200%2C630&ssl=1","datePublished":"2017-05-13T22:01:17+00:00","author":{"@id":"https:\/\/vincentians.com\/fr\/#\/schema\/person\/9623ef4d9aa3b2dfb8c061f1499288f2"},"breadcrumb":{"@id":"https:\/\/vincentians.com\/fr\/ephemerides-14-mai\/#breadcrumb"},"inLanguage":"fr-FR","potentialAction":[{"@type":"ReadAction","target":["https:\/\/vincentians.com\/fr\/ephemerides-14-mai\/"]}]},{"@type":"ImageObject","inLanguage":"fr-FR","@id":"https:\/\/vincentians.com\/fr\/ephemerides-14-mai\/#primaryimage","url":"https:\/\/i0.wp.com\/vincentians.com\/fr\/wp-content\/uploads\/sites\/10\/2016\/07\/ephemerides-fb.jpg?fit=1200%2C630&ssl=1","contentUrl":"https:\/\/i0.wp.com\/vincentians.com\/fr\/wp-content\/uploads\/sites\/10\/2016\/07\/ephemerides-fb.jpg?fit=1200%2C630&ssl=1","width":1200,"height":630},{"@type":"BreadcrumbList","@id":"https:\/\/vincentians.com\/fr\/ephemerides-14-mai\/#breadcrumb","itemListElement":[{"@type":"ListItem","position":1,"name":"Portada","item":"https:\/\/vincentians.com\/fr\/"},{"@type":"ListItem","position":2,"name":"Eph\u00e9m\u00e9rides: 14 mai"}]},{"@type":"WebSite","@id":"https:\/\/vincentians.com\/fr\/#website","url":"https:\/\/vincentians.com\/fr\/","name":"Nous Sommes Vincentiens","description":"Know more to serve more","potentialAction":[{"@type":"SearchAction","target":{"@type":"EntryPoint","urlTemplate":"https:\/\/vincentians.com\/fr\/?s={search_term_string}"},"query-input":{"@type":"PropertyValueSpecification","valueRequired":true,"valueName":"search_term_string"}}],"inLanguage":"fr-FR"},{"@type":"Person","@id":"https:\/\/vincentians.com\/fr\/#\/schema\/person\/9623ef4d9aa3b2dfb8c061f1499288f2","name":"Francisco Javier Fern\u00e1ndez Chento","image":{"@type":"ImageObject","inLanguage":"fr-FR","@id":"https:\/\/vincentians.com\/fr\/#\/schema\/person\/image\/","url":"https:\/\/secure.gravatar.com\/avatar\/497d5cde87b4c3d097d0315953521681ba2cd523ee66e5077c3711f7021e65de?s=96&d=mm&r=g","contentUrl":"https:\/\/secure.gravatar.com\/avatar\/497d5cde87b4c3d097d0315953521681ba2cd523ee66e5077c3711f7021e65de?s=96&d=mm&r=g","caption":"Francisco Javier Fern\u00e1ndez Chento"},"description":"Director General y cofundador de La Red de Formaci\u00f3n Vicenciana. Javier es laico vicenciano, afiliado a la Congregaci\u00f3n de la Misi\u00f3n y miembro del Equipo de Misiones Populares de la provincia can\u00f3nica de Zaragoza (Espa\u00f1a) de la Congregaci\u00f3n de la Misi\u00f3n. Graduado en la Universidad Oberta de Catalunya con cuatro grados (Asistente de direcci\u00f3n, Gesti\u00f3n Administrativa, Recursos Humanos y Contabilidad Avanzada). Bil\u00edng\u00fce Espa\u00f1ol\/Ingl\u00e9s. gestiona y mantiene varias p\u00e1ginas web cristianas y vicencianas, incluida including La Red de Formaci\u00f3n Vicenciana, de la que es cofundador. Actualmente es responsable del \u00e1rea de Espa\u00f1ol de .famvin, la Red de Noticias de la Familia Vicenciana. Tambi\u00e9n es m\u00fasico cat\u00f3lico y ha editado varios discos. Es Director General y cofundador de Trovador, una reconocida compa\u00f1\u00eda discogr\u00e1fica critiana de Espa\u00f1a. Trabaja en las Tecnolog\u00edas de la Informaci\u00f3n, ofreciendo servicios de alojamiento, dise\u00f1o y mantenimiento Web, as\u00ed como asesoramiento, formaci\u00f3n y soluciones inform\u00e1ticas, gesti\u00f3n documental y digitalizaci\u00f3n de textos, edici\u00f3n y maquetaci\u00f3n de libros, revistas, flyers, etc.","sameAs":["http:\/\/chento.org","https:\/\/www.facebook.com\/JavierChento","https:\/\/x.com\/https:\/\/twitter.com\/javierchento"],"url":"https:\/\/vincentians.com\/fr\/author\/chento\/"}]}},"jetpack_publicize_connections":[],"jetpack_featured_media_url":"https:\/\/i0.wp.com\/vincentians.com\/fr\/wp-content\/uploads\/sites\/10\/2016\/07\/ephemerides-fb.jpg?fit=1200%2C630&ssl=1","jetpack_sharing_enabled":true,"jetpack_shortlink":"https:\/\/wp.me\/p7ETMP-rGJ","jetpack-related-posts":[{"id":104264,"url":"https:\/\/vincentians.com\/fr\/louise-de-marillac-lumiere\/","url_meta":{"origin":106437,"position":0},"title":"Louise de Marillac. Lumi\u00e8re","author":"Francisco Javier Fern\u00e1ndez Chento","date":"05\/07\/2016","format":false,"excerpt":"En l'ann\u00e9e 1623, le jour de sainte Monique, Dieu me fit la gr\u00e2ce de faire v\u0153u de viduit\u00e9 si Dieu appelait mon mari. Le jour de l'Ascension en suivant, j'eus un grand abattement d'esprit pour le doute que j'avais, si je devais quitter mon mari, comme je le d\u00e9sirais fortement\u2026","rel":"","context":"Dans &quot;\u00c9crits de Louise de Marillac&quot;","block_context":{"text":"\u00c9crits de Louise de Marillac","link":"https:\/\/vincentians.com\/fr\/category\/ecrits-de-louise-de-marillac\/"},"img":{"alt_text":"","src":"https:\/\/i0.wp.com\/vincentians.com\/fr\/wp-content\/uploads\/sites\/10\/2016\/07\/cartas-luisa-de-marillac.jpg?fit=1200%2C630&ssl=1&resize=350%2C200","width":350,"height":200,"srcset":"https:\/\/i0.wp.com\/vincentians.com\/fr\/wp-content\/uploads\/sites\/10\/2016\/07\/cartas-luisa-de-marillac.jpg?fit=1200%2C630&ssl=1&resize=350%2C200 1x, https:\/\/i0.wp.com\/vincentians.com\/fr\/wp-content\/uploads\/sites\/10\/2016\/07\/cartas-luisa-de-marillac.jpg?fit=1200%2C630&ssl=1&resize=525%2C300 1.5x, https:\/\/i0.wp.com\/vincentians.com\/fr\/wp-content\/uploads\/sites\/10\/2016\/07\/cartas-luisa-de-marillac.jpg?fit=1200%2C630&ssl=1&resize=700%2C400 2x, https:\/\/i0.wp.com\/vincentians.com\/fr\/wp-content\/uploads\/sites\/10\/2016\/07\/cartas-luisa-de-marillac.jpg?fit=1200%2C630&ssl=1&resize=1050%2C600 3x"},"classes":[]},{"id":38183,"url":"https:\/\/vincentians.com\/fr\/sainte-louise-et-saint-vincent\/","url_meta":{"origin":106437,"position":1},"title":"Sainte Louise et Saint Vincent","author":"Francisco Javier Fern\u00e1ndez Chento","date":"01\/10\/2012","format":false,"excerpt":"Comme chaque ann\u00e9e d\u00e9sormais, la f\u00eate, de Saint Vincent de Paul est c\u00e9l\u00e9br\u00e9e sur trois journ\u00e9es cons\u00e9cutives au berceau. L'Eucharistie de cette ann\u00e9e a \u00e9t\u00e9 c\u00e9l\u00e9br\u00e9e par Mgr Sarrab\u00e8re, anim\u00e9e par le P. Christian Laboure. De nombreux amis entouraient \"les r\u00e9sidants\" dont une d\u00e9l\u00e9gation volontaire de 120 jeunes gens du\u2026","rel":"","context":"Dans &quot;Formation Vincentienne&quot;","block_context":{"text":"Formation Vincentienne","link":"https:\/\/vincentians.com\/fr\/category\/formation-vincentienne\/"},"img":{"alt_text":"","src":"https:\/\/i0.wp.com\/vincentiens.org\/wp-content\/uploads\/2011\/05\/StainedGlassStVincentLouise-140x300.jpg?resize=350%2C200","width":350,"height":200},"classes":[]},{"id":104557,"url":"https:\/\/vincentians.com\/fr\/louise-de-marillac-fondatrice\/","url_meta":{"origin":106437,"position":2},"title":"Louise de Marillac, fondatrice","author":"Francisco Javier Fern\u00e1ndez Chento","date":"31\/10\/2012","format":false,"excerpt":"Parlant de l'origine de la Compagnie, Monsieur Vincent aimait \u00e0 dire aux Soeurs au cours des Conf\u00e9rences : \"Je n'y pensais pas, Mademoiselle n'y pensait pas, ni Monsieur Portail.\" Et Vincent de Paul expliquait aux Soeurs que Dieu seul est l'auteur de la Compagnie. Mais pour accomplir son oeuvre, Dieu\u2026","rel":"","context":"Dans &quot;Louise de Marillac&quot;","block_context":{"text":"Louise de Marillac","link":"https:\/\/vincentians.com\/fr\/category\/the-vincentian-family\/founders\/louise-de-marillac\/"},"img":{"alt_text":"","src":"https:\/\/i0.wp.com\/vincentiens.org\/wp-content\/uploads\/2012\/10\/louise_de_marillac-235x300.jpg?resize=350%2C200","width":350,"height":200},"classes":[]},{"id":108349,"url":"https:\/\/vincentians.com\/fr\/ephemerides-11-mars\/","url_meta":{"origin":106437,"position":3},"title":"Eph\u00e9m\u00e9rides : 11 mars","author":"Francisco Javier Fern\u00e1ndez Chento","date":"11\/03\/2017","format":false,"excerpt":"1718. Importante r\u00e9union \u00e0 la Maison-M\u00e8re pour la signature des Statuts de la Compagnie. Il ne s'agit pas, sous ce mot \"statuts\u201d de ce qui existe aujourd'hui sous ce nom, mais bien de ce qu'on pourrait appeler le \"r\u00e8glement administratif int\u00e9rieur\" \u00e9tabli d'apr\u00e8s ce qui se faisait dans la Compagnie\u2026","rel":"","context":"Dans &quot;\u00c9ph\u00e9m\u00e9rides vincentiens&quot;","block_context":{"text":"\u00c9ph\u00e9m\u00e9rides vincentiens","link":"https:\/\/vincentians.com\/fr\/category\/ephemerides-vincentiens\/"},"img":{"alt_text":"","src":"https:\/\/i0.wp.com\/vincentians.com\/fr\/wp-content\/uploads\/sites\/10\/2016\/07\/ephemerides-fb.jpg?fit=1200%2C630&ssl=1&resize=350%2C200","width":350,"height":200,"srcset":"https:\/\/i0.wp.com\/vincentians.com\/fr\/wp-content\/uploads\/sites\/10\/2016\/07\/ephemerides-fb.jpg?fit=1200%2C630&ssl=1&resize=350%2C200 1x, https:\/\/i0.wp.com\/vincentians.com\/fr\/wp-content\/uploads\/sites\/10\/2016\/07\/ephemerides-fb.jpg?fit=1200%2C630&ssl=1&resize=525%2C300 1.5x, https:\/\/i0.wp.com\/vincentians.com\/fr\/wp-content\/uploads\/sites\/10\/2016\/07\/ephemerides-fb.jpg?fit=1200%2C630&ssl=1&resize=700%2C400 2x, https:\/\/i0.wp.com\/vincentians.com\/fr\/wp-content\/uploads\/sites\/10\/2016\/07\/ephemerides-fb.jpg?fit=1200%2C630&ssl=1&resize=1050%2C600 3x"},"classes":[]},{"id":190586,"url":"https:\/\/vincentians.com\/fr\/ephemerides-04-juin\/","url_meta":{"origin":106437,"position":4},"title":"Eph\u00e9m\u00e9rides: 04 juin","author":"Francisco Javier Fern\u00e1ndez Chento","date":"04\/06\/2017","format":false,"excerpt":"1623. Dans l\u2019\u00e9glise Saint-Nicolas des Champs, sainte Louise de Marillac est subitement d\u00e9livr\u00e9e des doutes qui l\u2019assaillent et a la pr\u00e9monition d\u2019\u00eatre un jour avec des personnes \u201callant et venant\u201d, se consacrant \u00e0 Dieu pour le service des Pauvres.(R) 1788. \u00c0 Paris, apr\u00e8s avoir \u00e9lu M. Jean-F\u00e9lix Cayla comme neuvi\u00e8me\u2026","rel":"","context":"Dans &quot;\u00c9ph\u00e9m\u00e9rides vincentiens&quot;","block_context":{"text":"\u00c9ph\u00e9m\u00e9rides vincentiens","link":"https:\/\/vincentians.com\/fr\/category\/ephemerides-vincentiens\/"},"img":{"alt_text":"","src":"https:\/\/i0.wp.com\/vincentians.com\/fr\/wp-content\/uploads\/sites\/10\/2016\/07\/ephemerides-fb.jpg?fit=1200%2C630&ssl=1&resize=350%2C200","width":350,"height":200,"srcset":"https:\/\/i0.wp.com\/vincentians.com\/fr\/wp-content\/uploads\/sites\/10\/2016\/07\/ephemerides-fb.jpg?fit=1200%2C630&ssl=1&resize=350%2C200 1x, https:\/\/i0.wp.com\/vincentians.com\/fr\/wp-content\/uploads\/sites\/10\/2016\/07\/ephemerides-fb.jpg?fit=1200%2C630&ssl=1&resize=525%2C300 1.5x, https:\/\/i0.wp.com\/vincentians.com\/fr\/wp-content\/uploads\/sites\/10\/2016\/07\/ephemerides-fb.jpg?fit=1200%2C630&ssl=1&resize=700%2C400 2x, https:\/\/i0.wp.com\/vincentians.com\/fr\/wp-content\/uploads\/sites\/10\/2016\/07\/ephemerides-fb.jpg?fit=1200%2C630&ssl=1&resize=1050%2C600 3x"},"classes":[]},{"id":190137,"url":"https:\/\/vincentians.com\/fr\/ephemerides-27-aout\/","url_meta":{"origin":106437,"position":5},"title":"Eph\u00e9m\u00e9rides : 27 ao\u00fbt","author":"Francisco Javier Fern\u00e1ndez Chento","date":"27\/08\/2016","format":false,"excerpt":"1660. Monsieur Vincent pr\u00e9side l'\u00e9lection de la Sup\u00e9rieure G\u00e9n\u00e9rale et des Offici\u00e8res de la Compagnie apr\u00e8s la mort de Mademoiselle Le Gras\u00a0: \u201cSi vous me dites: Monsieur, qui peut soutenir la Compagnie de la Charit\u00e9\u00a0? Je vous dirai, mes S\u0153urs, que c'est l'humilit\u00e9. Et quoi encore\u00a0? l'humilit\u00e9\u201d. Monsieur Vincent nomme\u2026","rel":"","context":"Dans &quot;\u00c9ph\u00e9m\u00e9rides vincentiens&quot;","block_context":{"text":"\u00c9ph\u00e9m\u00e9rides vincentiens","link":"https:\/\/vincentians.com\/fr\/category\/ephemerides-vincentiens\/"},"img":{"alt_text":"","src":"https:\/\/i0.wp.com\/vincentians.com\/fr\/wp-content\/uploads\/sites\/10\/2016\/07\/ephemerides-fb.jpg?fit=1200%2C630&ssl=1&resize=350%2C200","width":350,"height":200,"srcset":"https:\/\/i0.wp.com\/vincentians.com\/fr\/wp-content\/uploads\/sites\/10\/2016\/07\/ephemerides-fb.jpg?fit=1200%2C630&ssl=1&resize=350%2C200 1x, https:\/\/i0.wp.com\/vincentians.com\/fr\/wp-content\/uploads\/sites\/10\/2016\/07\/ephemerides-fb.jpg?fit=1200%2C630&ssl=1&resize=525%2C300 1.5x, https:\/\/i0.wp.com\/vincentians.com\/fr\/wp-content\/uploads\/sites\/10\/2016\/07\/ephemerides-fb.jpg?fit=1200%2C630&ssl=1&resize=700%2C400 2x, https:\/\/i0.wp.com\/vincentians.com\/fr\/wp-content\/uploads\/sites\/10\/2016\/07\/ephemerides-fb.jpg?fit=1200%2C630&ssl=1&resize=1050%2C600 3x"},"classes":[]}],"_links":{"self":[{"href":"https:\/\/vincentians.com\/fr\/wp-json\/wp\/v2\/posts\/106437","targetHints":{"allow":["GET"]}}],"collection":[{"href":"https:\/\/vincentians.com\/fr\/wp-json\/wp\/v2\/posts"}],"about":[{"href":"https:\/\/vincentians.com\/fr\/wp-json\/wp\/v2\/types\/post"}],"author":[{"embeddable":true,"href":"https:\/\/vincentians.com\/fr\/wp-json\/wp\/v2\/users\/4"}],"replies":[{"embeddable":true,"href":"https:\/\/vincentians.com\/fr\/wp-json\/wp\/v2\/comments?post=106437"}],"version-history":[{"count":0,"href":"https:\/\/vincentians.com\/fr\/wp-json\/wp\/v2\/posts\/106437\/revisions"}],"wp:featuredmedia":[{"embeddable":true,"href":"https:\/\/vincentians.com\/fr\/wp-json\/wp\/v2\/media\/149897"}],"wp:attachment":[{"href":"https:\/\/vincentians.com\/fr\/wp-json\/wp\/v2\/media?parent=106437"}],"wp:term":[{"taxonomy":"category","embeddable":true,"href":"https:\/\/vincentians.com\/fr\/wp-json\/wp\/v2\/categories?post=106437"},{"taxonomy":"post_tag","embeddable":true,"href":"https:\/\/vincentians.com\/fr\/wp-json\/wp\/v2\/tags?post=106437"}],"curies":[{"name":"wp","href":"https:\/\/api.w.org\/{rel}","templated":true}]}}