{"id":106436,"date":"2017-05-15T00:01:17","date_gmt":"2017-05-14T22:01:17","guid":{"rendered":"http:\/\/vincentiens.org\/?p=106436"},"modified":"2017-05-15T00:01:17","modified_gmt":"2017-05-14T22:01:17","slug":"ephemerides-15-mai","status":"publish","type":"post","link":"https:\/\/vincentians.com\/fr\/ephemerides-15-mai\/","title":{"rendered":"Eph\u00e9m\u00e9rides: 15 mai"},"content":{"rendered":"<p align=\"justify\"><strong>En 1644, <\/strong>Sainte Louise \u00e9crit\u00a0: \u201cJe vous prie de vous bien aimer les unes les autres et d\u2019avoir un grand soin, tant des malades de l\u2019h\u00f4pital que de vous autres en particulier\u201d. (R)<\/p>\n<p align=\"justify\"><strong>En 1863, <\/strong>quatre S\u0153urs partent pour Guat\u00e9mala renforcer le premier petit groupe arriv\u00e9 l\u2019an dernier. (R)<\/p>\n<p align=\"justify\"><strong>En 1915, <\/strong>commence en France la visite des ambulances organis\u00e9es dans nos Maisons et dans divers Centres o\u00f9 les S\u0153urs ont \u00e9t\u00e9 demand\u00e9es. \u201cMon c\u0153ur de P\u00e8re vous a recommand\u00e9es \u00e0 saint Vincent, \u00e9crit M. Villette, Sup\u00e9rieur G\u00e9n\u00e9ral, vous qui, depuis un an, en France, en Belgique, en Allemagne, en Autriche, en Hongrie, en Galicie\u2026 vous \u00eates d\u00e9vou\u00e9es avec un courage que rien n\u2019a pu briser ni m\u00eame affaiblir\u2026 Il faut aussi que je vous dise ma joie de ce que, bien souvent abandonn\u00e9es \u00e0 vous-m\u00eames en raison des circonstances, n\u2019ayant que bien difficilement, en certaines r\u00e9gions du moins, des relations avec vos Sup\u00e9rieurs, priv\u00e9es d\u2019autres fois dans une trop large mesure des secours ordinaires et des exercices de la vie de Communaut\u00e9, vous avez, avec la gr\u00e2ce de Dieu, la protection de l\u2019Immacul\u00e9e Marie et l\u2019aide de saint Vincent, suppl\u00e9\u00e9 de votre mieux \u00e0 ce qui vous faisait d\u00e9faut de ce c\u00f4t\u00e9\u2026 Vous vivez en vraies et dignes Filles de la Charit\u00e9\u201d (au service des soldats bless\u00e9s). (R)<\/p>\n<p align=\"justify\"><strong>En 1955<\/strong>, \u00e0 <em>Paris<\/em>, mort de M. Charles-Fran\u00e7ois Jean. Il m\u00e9riterait mieux qu&rsquo;un petit m\u00e9daillon, si habilement travaill\u00e9 soit-il par une main fraternellement admirative. Mais, d&rsquo;une part, sa modestie et sa discr\u00e9tion \u00e9taient telles que M. Jean a peu parl\u00e9 de lui-m\u00eame. Et, d&rsquo;autre, part, il faut attendre que le d\u00e9pouillement complet de sa correspondance et de ses papiers, nous fasse entrer en contact avec l&rsquo;\u00e2me de M. Jean : sa vie se r\u00e9sume dans un mot aust\u00e8re : travail scientifique. Car, que ce soit au Coll\u00e8ge Alberoni ou \u00e0 la Maison-M\u00e8re, &#8211; pour ne citer que les cadres o\u00f9 son existence s&rsquo;est le plus longtemps ins\u00e9r\u00e9e, &#8211; partout, M. Jean, pendant les cinquante-huit ans de sa vie sacerdotale, a \u00e9t\u00e9 le savant inlassablement laborieux, comme l&rsquo;attestent ses dix-sept grands ouvrages et la soixantaine d&rsquo;articles qu&rsquo;il a donn\u00e9s \u00e0 des revues sp\u00e9cialis\u00e9es. Mais ou se tromperait, si l&rsquo;on n&rsquo;apercevait en lui qu&rsquo;un serviteur de la recherche, se satisfaisant de voir, par ses d\u00e9couvertes ou ses \u00e9tudes, se v\u00e9rifier une th\u00e8se \u00e0 laquelle il tient. Il appara\u00eetra de plus en plus que ce \u00ab v\u00e9t\u00e9ran de l&rsquo;orientalisme fran\u00e7ais \u00bb, &#8211; comme le d\u00e9signait\u00a0 r\u00e9cemment Edouard Dhorme, &#8211; n&rsquo;\u00e9tait guid\u00e9 que par une grande id\u00e9e : toutes ces \u00e9tudes s\u00e9mitiques vers lesquelles il s&rsquo;est senti attir\u00e9 de bonne heure, n&rsquo;avaient qu&rsquo;un but : l&rsquo;\u00e9clairage plus puissant du texte biblique, de ce texte sacr\u00e9 o\u00f9 la science sacerdotale doit venir puiser pour se nourrir et nourrir les autres. Et les autres, pour M. Jean, c&rsquo;\u00e9tait pr\u00e9cis\u00e9ment et avant tout, ces futurs pr\u00eatres au service desquels il a mis ses dons r\u00e9els d&rsquo;\u00e9ducateur et de psychologue. Sans doute, ses \u00e9l\u00e8ves, tant qu&rsquo;ils ne furent que ses \u00e9l\u00e8ves, s&rsquo;arr\u00eat\u00e8rent peut-\u00eatre trop \u00e0 l&rsquo;ext\u00e9rieur de M. Jean : sa tenu impeccable, son regard vif et observateur derri\u00e8re le binocle, ses cours o\u00f9 il fallait \u00ab<em> gratter<\/em> \u00bb, sa voix monocorde, ses r\u00e9parties quelque peu s\u00e8ches qui se terminaient par un \u00ab <em>Bref<\/em> ! \u00bb balayant tout, comme, dans son Languedoc natal, les torrents dont, par ailleurs, sa fa\u00e7on de rouler les \u00ab r \u00bb rappelait le cours heurtant les rocs de leur lit. Mais, devenus pr\u00eatres, et donc en contacts plus utilitaires avec les textes sacr\u00e9s, ses \u00e9l\u00e8ves ont compris, ou comprendront, l&rsquo;utile beaut\u00e9 de l&rsquo;apostolat scientifique de M. Jean. Sa vie de quatre-vingt-un ans montre, comme celle d&rsquo;Armand David, d&rsquo;Eug\u00e8ne Bor\u00e9, ou de Guillaume Pouget, que l&rsquo;exceptionnelle vocation de pr\u00eatre savant peut s&rsquo;ench\u00e2sser dans le cadre de vie de la petite Compagnie. En mettant toutes ses admirables facult\u00e9s \u00e0 l&rsquo;\u00e9tude du milieu o\u00f9 la Bible fut \u00e9crite, M. Jean a \u00e9t\u00e9 richement Pr\u00eatre de la Mission, car qui dit Pr\u00eatre de la Mission dit <em>serviteur de la<\/em><em> Parole de Dieu <\/em>(1).<\/p>\n<p>&#8212;&#8212;&#8212;&#8212;&#8212;&#8212;&#8212;&#8212;&#8212;&#8212;&#8212;&#8212;&#8212;&#8212;&#8212;&#8212;&#8212;&#8212;&#8212;&#8212;&#8212;&#8212;&#8212;&#8212;&#8212;&#8212;&#8212;&#8212;&#8212;&#8212;&#8212;&#8212;&#8212;&#8212;&#8212;&#8212;<\/p>\n<p>(1) Annales, t.119-120, pp. 435-447.<\/p>\n","protected":false},"excerpt":{"rendered":"<p>En 1644, Sainte Louise \u00e9crit\u00a0: \u201cJe vous prie de vous bien aimer les unes les autres et d\u2019avoir un grand soin, tant des malades de l\u2019h\u00f4pital que de vous autres en particulier\u201d. (R) En 1863, &#8230; <a href=\"https:\/\/vincentians.com\/fr\/ephemerides-15-mai\/\" class=\"more-link\">Read More<\/a><\/p>\n","protected":false},"author":4,"featured_media":149897,"comment_status":"open","ping_status":"open","sticky":false,"template":"","format":"standard","meta":{"jetpack_post_was_ever_published":false,"_jetpack_newsletter_access":"","_jetpack_dont_email_post_to_subs":false,"_jetpack_newsletter_tier_id":0,"_jetpack_memberships_contains_paywalled_content":false,"_jetpack_memberships_contains_paid_content":false,"footnotes":"","jetpack_publicize_message":"","jetpack_publicize_feature_enabled":true,"jetpack_social_post_already_shared":true,"jetpack_social_options":{"image_generator_settings":{"template":"highway","default_image_id":0,"font":"","enabled":false},"version":2}},"categories":[119],"tags":[],"class_list":["post-106436","post","type-post","status-publish","format-standard","has-post-thumbnail","hentry","category-ephemerides-vincentiens"],"yoast_head":"<!-- This site is optimized with the Yoast SEO plugin v26.3 - https:\/\/yoast.com\/wordpress\/plugins\/seo\/ -->\n<title>Eph\u00e9m\u00e9rides: 15 mai - Nous Sommes Vincentiens<\/title>\n<meta name=\"robots\" content=\"index, follow, max-snippet:-1, max-image-preview:large, max-video-preview:-1\" \/>\n<link rel=\"canonical\" href=\"https:\/\/vincentians.com\/fr\/ephemerides-15-mai\/\" \/>\n<meta property=\"og:locale\" content=\"fr_FR\" \/>\n<meta property=\"og:type\" content=\"article\" \/>\n<meta property=\"og:title\" content=\"Eph\u00e9m\u00e9rides: 15 mai - Nous Sommes Vincentiens\" \/>\n<meta property=\"og:description\" content=\"En 1644, Sainte Louise \u00e9crit\u00a0: \u201cJe vous prie de vous bien aimer les unes les autres et d\u2019avoir un grand soin, tant des malades de l\u2019h\u00f4pital que de vous autres en particulier\u201d. (R) En 1863, ... Read More\" \/>\n<meta property=\"og:url\" content=\"https:\/\/vincentians.com\/fr\/ephemerides-15-mai\/\" \/>\n<meta property=\"og:site_name\" content=\"Nous Sommes Vincentiens\" \/>\n<meta property=\"article:publisher\" content=\"https:\/\/www.facebook.com\/WeAreVincentians\/\" \/>\n<meta property=\"article:author\" content=\"https:\/\/www.facebook.com\/JavierChento\" \/>\n<meta property=\"article:published_time\" content=\"2017-05-14T22:01:17+00:00\" \/>\n<meta property=\"og:image\" content=\"https:\/\/i0.wp.com\/vincentians.com\/fr\/wp-content\/uploads\/sites\/10\/2016\/07\/ephemerides-fb.jpg?fit=1200%2C630&ssl=1\" \/>\n\t<meta property=\"og:image:width\" content=\"1200\" \/>\n\t<meta property=\"og:image:height\" content=\"630\" \/>\n\t<meta property=\"og:image:type\" content=\"image\/jpeg\" \/>\n<meta name=\"author\" content=\"Francisco Javier Fern\u00e1ndez Chento\" \/>\n<meta name=\"twitter:card\" content=\"summary_large_image\" \/>\n<meta name=\"twitter:creator\" content=\"@https:\/\/twitter.com\/javierchento\" \/>\n<meta name=\"twitter:site\" content=\"@WeVincentians\" \/>\n<meta name=\"twitter:label1\" content=\"\u00c9crit par\" \/>\n\t<meta name=\"twitter:data1\" content=\"Francisco Javier Fern\u00e1ndez Chento\" \/>\n\t<meta name=\"twitter:label2\" content=\"Dur\u00e9e de lecture estim\u00e9e\" \/>\n\t<meta name=\"twitter:data2\" content=\"4 minutes\" \/>\n<script type=\"application\/ld+json\" class=\"yoast-schema-graph\">{\"@context\":\"https:\/\/schema.org\",\"@graph\":[{\"@type\":\"WebPage\",\"@id\":\"https:\/\/vincentians.com\/fr\/ephemerides-15-mai\/\",\"url\":\"https:\/\/vincentians.com\/fr\/ephemerides-15-mai\/\",\"name\":\"Eph\u00e9m\u00e9rides: 15 mai - Nous Sommes Vincentiens\",\"isPartOf\":{\"@id\":\"https:\/\/vincentians.com\/fr\/#website\"},\"primaryImageOfPage\":{\"@id\":\"https:\/\/vincentians.com\/fr\/ephemerides-15-mai\/#primaryimage\"},\"image\":{\"@id\":\"https:\/\/vincentians.com\/fr\/ephemerides-15-mai\/#primaryimage\"},\"thumbnailUrl\":\"https:\/\/i0.wp.com\/vincentians.com\/fr\/wp-content\/uploads\/sites\/10\/2016\/07\/ephemerides-fb.jpg?fit=1200%2C630&ssl=1\",\"datePublished\":\"2017-05-14T22:01:17+00:00\",\"author\":{\"@id\":\"https:\/\/vincentians.com\/fr\/#\/schema\/person\/9623ef4d9aa3b2dfb8c061f1499288f2\"},\"breadcrumb\":{\"@id\":\"https:\/\/vincentians.com\/fr\/ephemerides-15-mai\/#breadcrumb\"},\"inLanguage\":\"fr-FR\",\"potentialAction\":[{\"@type\":\"ReadAction\",\"target\":[\"https:\/\/vincentians.com\/fr\/ephemerides-15-mai\/\"]}]},{\"@type\":\"ImageObject\",\"inLanguage\":\"fr-FR\",\"@id\":\"https:\/\/vincentians.com\/fr\/ephemerides-15-mai\/#primaryimage\",\"url\":\"https:\/\/i0.wp.com\/vincentians.com\/fr\/wp-content\/uploads\/sites\/10\/2016\/07\/ephemerides-fb.jpg?fit=1200%2C630&ssl=1\",\"contentUrl\":\"https:\/\/i0.wp.com\/vincentians.com\/fr\/wp-content\/uploads\/sites\/10\/2016\/07\/ephemerides-fb.jpg?fit=1200%2C630&ssl=1\",\"width\":1200,\"height\":630},{\"@type\":\"BreadcrumbList\",\"@id\":\"https:\/\/vincentians.com\/fr\/ephemerides-15-mai\/#breadcrumb\",\"itemListElement\":[{\"@type\":\"ListItem\",\"position\":1,\"name\":\"Portada\",\"item\":\"https:\/\/vincentians.com\/fr\/\"},{\"@type\":\"ListItem\",\"position\":2,\"name\":\"Eph\u00e9m\u00e9rides: 15 mai\"}]},{\"@type\":\"WebSite\",\"@id\":\"https:\/\/vincentians.com\/fr\/#website\",\"url\":\"https:\/\/vincentians.com\/fr\/\",\"name\":\"Nous Sommes Vincentiens\",\"description\":\"Know more to serve more\",\"potentialAction\":[{\"@type\":\"SearchAction\",\"target\":{\"@type\":\"EntryPoint\",\"urlTemplate\":\"https:\/\/vincentians.com\/fr\/?s={search_term_string}\"},\"query-input\":{\"@type\":\"PropertyValueSpecification\",\"valueRequired\":true,\"valueName\":\"search_term_string\"}}],\"inLanguage\":\"fr-FR\"},{\"@type\":\"Person\",\"@id\":\"https:\/\/vincentians.com\/fr\/#\/schema\/person\/9623ef4d9aa3b2dfb8c061f1499288f2\",\"name\":\"Francisco Javier Fern\u00e1ndez Chento\",\"image\":{\"@type\":\"ImageObject\",\"inLanguage\":\"fr-FR\",\"@id\":\"https:\/\/vincentians.com\/fr\/#\/schema\/person\/image\/\",\"url\":\"https:\/\/secure.gravatar.com\/avatar\/497d5cde87b4c3d097d0315953521681ba2cd523ee66e5077c3711f7021e65de?s=96&d=mm&r=g\",\"contentUrl\":\"https:\/\/secure.gravatar.com\/avatar\/497d5cde87b4c3d097d0315953521681ba2cd523ee66e5077c3711f7021e65de?s=96&d=mm&r=g\",\"caption\":\"Francisco Javier Fern\u00e1ndez Chento\"},\"description\":\"Director General y cofundador de La Red de Formaci\u00f3n Vicenciana. Javier es laico vicenciano, afiliado a la Congregaci\u00f3n de la Misi\u00f3n y miembro del Equipo de Misiones Populares de la provincia can\u00f3nica de Zaragoza (Espa\u00f1a) de la Congregaci\u00f3n de la Misi\u00f3n. Graduado en la Universidad Oberta de Catalunya con cuatro grados (Asistente de direcci\u00f3n, Gesti\u00f3n Administrativa, Recursos Humanos y Contabilidad Avanzada). Bil\u00edng\u00fce Espa\u00f1ol\/Ingl\u00e9s. gestiona y mantiene varias p\u00e1ginas web cristianas y vicencianas, incluida including La Red de Formaci\u00f3n Vicenciana, de la que es cofundador. Actualmente es responsable del \u00e1rea de Espa\u00f1ol de .famvin, la Red de Noticias de la Familia Vicenciana. Tambi\u00e9n es m\u00fasico cat\u00f3lico y ha editado varios discos. Es Director General y cofundador de Trovador, una reconocida compa\u00f1\u00eda discogr\u00e1fica critiana de Espa\u00f1a. Trabaja en las Tecnolog\u00edas de la Informaci\u00f3n, ofreciendo servicios de alojamiento, dise\u00f1o y mantenimiento Web, as\u00ed como asesoramiento, formaci\u00f3n y soluciones inform\u00e1ticas, gesti\u00f3n documental y digitalizaci\u00f3n de textos, edici\u00f3n y maquetaci\u00f3n de libros, revistas, flyers, etc.\",\"sameAs\":[\"http:\/\/chento.org\",\"https:\/\/www.facebook.com\/JavierChento\",\"https:\/\/x.com\/https:\/\/twitter.com\/javierchento\"],\"url\":\"https:\/\/vincentians.com\/fr\/author\/chento\/\"}]}<\/script>\n<!-- \/ Yoast SEO plugin. -->","yoast_head_json":{"title":"Eph\u00e9m\u00e9rides: 15 mai - Nous Sommes Vincentiens","robots":{"index":"index","follow":"follow","max-snippet":"max-snippet:-1","max-image-preview":"max-image-preview:large","max-video-preview":"max-video-preview:-1"},"canonical":"https:\/\/vincentians.com\/fr\/ephemerides-15-mai\/","og_locale":"fr_FR","og_type":"article","og_title":"Eph\u00e9m\u00e9rides: 15 mai - Nous Sommes Vincentiens","og_description":"En 1644, Sainte Louise \u00e9crit\u00a0: \u201cJe vous prie de vous bien aimer les unes les autres et d\u2019avoir un grand soin, tant des malades de l\u2019h\u00f4pital que de vous autres en particulier\u201d. (R) En 1863, ... Read More","og_url":"https:\/\/vincentians.com\/fr\/ephemerides-15-mai\/","og_site_name":"Nous Sommes Vincentiens","article_publisher":"https:\/\/www.facebook.com\/WeAreVincentians\/","article_author":"https:\/\/www.facebook.com\/JavierChento","article_published_time":"2017-05-14T22:01:17+00:00","og_image":[{"width":1200,"height":630,"url":"https:\/\/i0.wp.com\/vincentians.com\/fr\/wp-content\/uploads\/sites\/10\/2016\/07\/ephemerides-fb.jpg?fit=1200%2C630&ssl=1","type":"image\/jpeg"}],"author":"Francisco Javier Fern\u00e1ndez Chento","twitter_card":"summary_large_image","twitter_creator":"@https:\/\/twitter.com\/javierchento","twitter_site":"@WeVincentians","twitter_misc":{"\u00c9crit par":"Francisco Javier Fern\u00e1ndez Chento","Dur\u00e9e de lecture estim\u00e9e":"4 minutes"},"schema":{"@context":"https:\/\/schema.org","@graph":[{"@type":"WebPage","@id":"https:\/\/vincentians.com\/fr\/ephemerides-15-mai\/","url":"https:\/\/vincentians.com\/fr\/ephemerides-15-mai\/","name":"Eph\u00e9m\u00e9rides: 15 mai - Nous Sommes Vincentiens","isPartOf":{"@id":"https:\/\/vincentians.com\/fr\/#website"},"primaryImageOfPage":{"@id":"https:\/\/vincentians.com\/fr\/ephemerides-15-mai\/#primaryimage"},"image":{"@id":"https:\/\/vincentians.com\/fr\/ephemerides-15-mai\/#primaryimage"},"thumbnailUrl":"https:\/\/i0.wp.com\/vincentians.com\/fr\/wp-content\/uploads\/sites\/10\/2016\/07\/ephemerides-fb.jpg?fit=1200%2C630&ssl=1","datePublished":"2017-05-14T22:01:17+00:00","author":{"@id":"https:\/\/vincentians.com\/fr\/#\/schema\/person\/9623ef4d9aa3b2dfb8c061f1499288f2"},"breadcrumb":{"@id":"https:\/\/vincentians.com\/fr\/ephemerides-15-mai\/#breadcrumb"},"inLanguage":"fr-FR","potentialAction":[{"@type":"ReadAction","target":["https:\/\/vincentians.com\/fr\/ephemerides-15-mai\/"]}]},{"@type":"ImageObject","inLanguage":"fr-FR","@id":"https:\/\/vincentians.com\/fr\/ephemerides-15-mai\/#primaryimage","url":"https:\/\/i0.wp.com\/vincentians.com\/fr\/wp-content\/uploads\/sites\/10\/2016\/07\/ephemerides-fb.jpg?fit=1200%2C630&ssl=1","contentUrl":"https:\/\/i0.wp.com\/vincentians.com\/fr\/wp-content\/uploads\/sites\/10\/2016\/07\/ephemerides-fb.jpg?fit=1200%2C630&ssl=1","width":1200,"height":630},{"@type":"BreadcrumbList","@id":"https:\/\/vincentians.com\/fr\/ephemerides-15-mai\/#breadcrumb","itemListElement":[{"@type":"ListItem","position":1,"name":"Portada","item":"https:\/\/vincentians.com\/fr\/"},{"@type":"ListItem","position":2,"name":"Eph\u00e9m\u00e9rides: 15 mai"}]},{"@type":"WebSite","@id":"https:\/\/vincentians.com\/fr\/#website","url":"https:\/\/vincentians.com\/fr\/","name":"Nous Sommes Vincentiens","description":"Know more to serve more","potentialAction":[{"@type":"SearchAction","target":{"@type":"EntryPoint","urlTemplate":"https:\/\/vincentians.com\/fr\/?s={search_term_string}"},"query-input":{"@type":"PropertyValueSpecification","valueRequired":true,"valueName":"search_term_string"}}],"inLanguage":"fr-FR"},{"@type":"Person","@id":"https:\/\/vincentians.com\/fr\/#\/schema\/person\/9623ef4d9aa3b2dfb8c061f1499288f2","name":"Francisco Javier Fern\u00e1ndez Chento","image":{"@type":"ImageObject","inLanguage":"fr-FR","@id":"https:\/\/vincentians.com\/fr\/#\/schema\/person\/image\/","url":"https:\/\/secure.gravatar.com\/avatar\/497d5cde87b4c3d097d0315953521681ba2cd523ee66e5077c3711f7021e65de?s=96&d=mm&r=g","contentUrl":"https:\/\/secure.gravatar.com\/avatar\/497d5cde87b4c3d097d0315953521681ba2cd523ee66e5077c3711f7021e65de?s=96&d=mm&r=g","caption":"Francisco Javier Fern\u00e1ndez Chento"},"description":"Director General y cofundador de La Red de Formaci\u00f3n Vicenciana. Javier es laico vicenciano, afiliado a la Congregaci\u00f3n de la Misi\u00f3n y miembro del Equipo de Misiones Populares de la provincia can\u00f3nica de Zaragoza (Espa\u00f1a) de la Congregaci\u00f3n de la Misi\u00f3n. Graduado en la Universidad Oberta de Catalunya con cuatro grados (Asistente de direcci\u00f3n, Gesti\u00f3n Administrativa, Recursos Humanos y Contabilidad Avanzada). Bil\u00edng\u00fce Espa\u00f1ol\/Ingl\u00e9s. gestiona y mantiene varias p\u00e1ginas web cristianas y vicencianas, incluida including La Red de Formaci\u00f3n Vicenciana, de la que es cofundador. Actualmente es responsable del \u00e1rea de Espa\u00f1ol de .famvin, la Red de Noticias de la Familia Vicenciana. Tambi\u00e9n es m\u00fasico cat\u00f3lico y ha editado varios discos. Es Director General y cofundador de Trovador, una reconocida compa\u00f1\u00eda discogr\u00e1fica critiana de Espa\u00f1a. Trabaja en las Tecnolog\u00edas de la Informaci\u00f3n, ofreciendo servicios de alojamiento, dise\u00f1o y mantenimiento Web, as\u00ed como asesoramiento, formaci\u00f3n y soluciones inform\u00e1ticas, gesti\u00f3n documental y digitalizaci\u00f3n de textos, edici\u00f3n y maquetaci\u00f3n de libros, revistas, flyers, etc.","sameAs":["http:\/\/chento.org","https:\/\/www.facebook.com\/JavierChento","https:\/\/x.com\/https:\/\/twitter.com\/javierchento"],"url":"https:\/\/vincentians.com\/fr\/author\/chento\/"}]}},"jetpack_publicize_connections":[],"jetpack_featured_media_url":"https:\/\/i0.wp.com\/vincentians.com\/fr\/wp-content\/uploads\/sites\/10\/2016\/07\/ephemerides-fb.jpg?fit=1200%2C630&ssl=1","jetpack_sharing_enabled":true,"jetpack_shortlink":"https:\/\/wp.me\/p7ETMP-rGI","jetpack-related-posts":[{"id":105530,"url":"https:\/\/vincentians.com\/fr\/ephemerides-17-janvier\/","url_meta":{"origin":106436,"position":0},"title":"Eph\u00e9m\u00e9rides: 17 janvier","author":"Francisco Javier Fern\u00e1ndez Chento","date":"17\/01\/2017","format":false,"excerpt":"1660. Sainte Louise \u00e9crit \u00e0 Soeur Marguerite Ch\u00e9tif \u00e0 Arras\u00a0: \"Ne trouvez-vous point de filles qui aient envie de se donner en la Compagnie pour le service de Notre-Seigneur en la personne des Pauvres\u00a0? Vous savez qu'il faut des esprits bien faits et qui d\u00e9sirent la perfection de v\u00e9ritables chr\u00e9tiennes,\u2026","rel":"","context":"Dans &quot;\u00c9ph\u00e9m\u00e9rides vincentiens&quot;","block_context":{"text":"\u00c9ph\u00e9m\u00e9rides vincentiens","link":"https:\/\/vincentians.com\/fr\/category\/ephemerides-vincentiens\/"},"img":{"alt_text":"","src":"https:\/\/i0.wp.com\/vincentians.com\/fr\/wp-content\/uploads\/sites\/10\/2016\/07\/ephemerides-fb.jpg?fit=1200%2C630&ssl=1&resize=350%2C200","width":350,"height":200,"srcset":"https:\/\/i0.wp.com\/vincentians.com\/fr\/wp-content\/uploads\/sites\/10\/2016\/07\/ephemerides-fb.jpg?fit=1200%2C630&ssl=1&resize=350%2C200 1x, https:\/\/i0.wp.com\/vincentians.com\/fr\/wp-content\/uploads\/sites\/10\/2016\/07\/ephemerides-fb.jpg?fit=1200%2C630&ssl=1&resize=525%2C300 1.5x, https:\/\/i0.wp.com\/vincentians.com\/fr\/wp-content\/uploads\/sites\/10\/2016\/07\/ephemerides-fb.jpg?fit=1200%2C630&ssl=1&resize=700%2C400 2x, https:\/\/i0.wp.com\/vincentians.com\/fr\/wp-content\/uploads\/sites\/10\/2016\/07\/ephemerides-fb.jpg?fit=1200%2C630&ssl=1&resize=1050%2C600 3x"},"classes":[]},{"id":190223,"url":"https:\/\/vincentians.com\/fr\/ephemerides-02-octobre\/","url_meta":{"origin":106436,"position":1},"title":"Eph\u00e9m\u00e9rides : 02 octobre","author":"Francisco Javier Fern\u00e1ndez Chento","date":"02\/10\/2016","format":false,"excerpt":"1655. Sainte Louise \u00e9crit \u00e0 S\u0153ur Barbe Angiboust \u00e0 Bernay\u00a0: \u201cJe crois que vous savez l\u2019\u00e9tat d\u00e9plorable de la pauvre Pologne et combien la guerre y est grande. L\u2019admirable Providence a fait diff\u00e9rer le partement de nos trois S\u0153urs qui devaient y aller jusqu\u2019au temps o\u00f9 elles ont \u00e9t\u00e9 seulement\u2026","rel":"","context":"Dans &quot;\u00c9ph\u00e9m\u00e9rides vincentiens&quot;","block_context":{"text":"\u00c9ph\u00e9m\u00e9rides vincentiens","link":"https:\/\/vincentians.com\/fr\/category\/ephemerides-vincentiens\/"},"img":{"alt_text":"","src":"https:\/\/i0.wp.com\/vincentians.com\/fr\/wp-content\/uploads\/sites\/10\/2016\/07\/ephemerides-fb.jpg?fit=1200%2C630&ssl=1&resize=350%2C200","width":350,"height":200,"srcset":"https:\/\/i0.wp.com\/vincentians.com\/fr\/wp-content\/uploads\/sites\/10\/2016\/07\/ephemerides-fb.jpg?fit=1200%2C630&ssl=1&resize=350%2C200 1x, https:\/\/i0.wp.com\/vincentians.com\/fr\/wp-content\/uploads\/sites\/10\/2016\/07\/ephemerides-fb.jpg?fit=1200%2C630&ssl=1&resize=525%2C300 1.5x, https:\/\/i0.wp.com\/vincentians.com\/fr\/wp-content\/uploads\/sites\/10\/2016\/07\/ephemerides-fb.jpg?fit=1200%2C630&ssl=1&resize=700%2C400 2x, https:\/\/i0.wp.com\/vincentians.com\/fr\/wp-content\/uploads\/sites\/10\/2016\/07\/ephemerides-fb.jpg?fit=1200%2C630&ssl=1&resize=1050%2C600 3x"},"classes":[]},{"id":190580,"url":"https:\/\/vincentians.com\/fr\/ephemerides-09-juin\/","url_meta":{"origin":106436,"position":2},"title":"Eph\u00e9m\u00e9rides: 09 juin","author":"Francisco Javier Fern\u00e1ndez Chento","date":"09\/06\/2017","format":false,"excerpt":"1651. Sainte Louise \u00e9crit aux S\u0153urs de Richelieu\u00a0: \u201cJe crois que M. Lambert vous aura donn\u00e9, avant de partir, la consolation que vous d\u00e9sirez (de faire les Saints V\u0153ux) non pas pour toute notre vie, mais pour un an seulement, car Monsieur Vincent n\u2019en fait user de la sorte \u00e0\u2026","rel":"","context":"Dans &quot;\u00c9ph\u00e9m\u00e9rides vincentiens&quot;","block_context":{"text":"\u00c9ph\u00e9m\u00e9rides vincentiens","link":"https:\/\/vincentians.com\/fr\/category\/ephemerides-vincentiens\/"},"img":{"alt_text":"","src":"https:\/\/i0.wp.com\/vincentians.com\/fr\/wp-content\/uploads\/sites\/10\/2016\/07\/ephemerides-fb.jpg?fit=1200%2C630&ssl=1&resize=350%2C200","width":350,"height":200,"srcset":"https:\/\/i0.wp.com\/vincentians.com\/fr\/wp-content\/uploads\/sites\/10\/2016\/07\/ephemerides-fb.jpg?fit=1200%2C630&ssl=1&resize=350%2C200 1x, https:\/\/i0.wp.com\/vincentians.com\/fr\/wp-content\/uploads\/sites\/10\/2016\/07\/ephemerides-fb.jpg?fit=1200%2C630&ssl=1&resize=525%2C300 1.5x, https:\/\/i0.wp.com\/vincentians.com\/fr\/wp-content\/uploads\/sites\/10\/2016\/07\/ephemerides-fb.jpg?fit=1200%2C630&ssl=1&resize=700%2C400 2x, https:\/\/i0.wp.com\/vincentians.com\/fr\/wp-content\/uploads\/sites\/10\/2016\/07\/ephemerides-fb.jpg?fit=1200%2C630&ssl=1&resize=1050%2C600 3x"},"classes":[]},{"id":190337,"url":"https:\/\/vincentians.com\/fr\/ephemerides-24-mars\/","url_meta":{"origin":106436,"position":3},"title":"Eph\u00e9m\u00e9rides : 24 mars","author":"Francisco Javier Fern\u00e1ndez Chento","date":"24\/03\/2017","format":false,"excerpt":"1651. Sainte Louise a \u00e9crit huit jours auparavant aux Soeurs de Richelieu pour les encourager \u00e0 la veille des Voeux\u00a0: \"Pour ce qui est de votre d\u00e9sir (de faire des Voeux perp\u00e9tuels) il est bien louable car ce n'est pas assez de bien commencer, il faut pers\u00e9v\u00e9rer comme je crois\u2026","rel":"","context":"Dans &quot;\u00c9ph\u00e9m\u00e9rides vincentiens&quot;","block_context":{"text":"\u00c9ph\u00e9m\u00e9rides vincentiens","link":"https:\/\/vincentians.com\/fr\/category\/ephemerides-vincentiens\/"},"img":{"alt_text":"","src":"https:\/\/i0.wp.com\/vincentians.com\/fr\/wp-content\/uploads\/sites\/10\/2016\/07\/ephemerides-fb.jpg?fit=1200%2C630&ssl=1&resize=350%2C200","width":350,"height":200,"srcset":"https:\/\/i0.wp.com\/vincentians.com\/fr\/wp-content\/uploads\/sites\/10\/2016\/07\/ephemerides-fb.jpg?fit=1200%2C630&ssl=1&resize=350%2C200 1x, https:\/\/i0.wp.com\/vincentians.com\/fr\/wp-content\/uploads\/sites\/10\/2016\/07\/ephemerides-fb.jpg?fit=1200%2C630&ssl=1&resize=525%2C300 1.5x, https:\/\/i0.wp.com\/vincentians.com\/fr\/wp-content\/uploads\/sites\/10\/2016\/07\/ephemerides-fb.jpg?fit=1200%2C630&ssl=1&resize=700%2C400 2x, https:\/\/i0.wp.com\/vincentians.com\/fr\/wp-content\/uploads\/sites\/10\/2016\/07\/ephemerides-fb.jpg?fit=1200%2C630&ssl=1&resize=1050%2C600 3x"},"classes":[]},{"id":105528,"url":"https:\/\/vincentians.com\/fr\/ephemerides-19-janvier\/","url_meta":{"origin":106436,"position":4},"title":"Eph\u00e9m\u00e9rides: 19 janvier","author":"Francisco Javier Fern\u00e1ndez Chento","date":"19\/01\/2017","format":false,"excerpt":"1656. Lettre de sainte Louise \u00e0 Fran\u00e7oise M\u00e9nage\u00a0: \"Promettez-moi de ne plus rien d\u00e9sirer que de plaire \u00e0 Dieu\". (R) 1660. Sainte Louise \u00e9crit \u00e0 saint Vincent pour dire \"la n\u00e9cessit\u00e9 qu'il y a que les R\u00e8gles obligent toujours \u00e0 une vie pauvre, humble et simple\". (R) 1861, en Italie,\u2026","rel":"","context":"Dans &quot;\u00c9ph\u00e9m\u00e9rides vincentiens&quot;","block_context":{"text":"\u00c9ph\u00e9m\u00e9rides vincentiens","link":"https:\/\/vincentians.com\/fr\/category\/ephemerides-vincentiens\/"},"img":{"alt_text":"","src":"https:\/\/i0.wp.com\/vincentians.com\/fr\/wp-content\/uploads\/sites\/10\/2016\/07\/ephemerides-fb.jpg?fit=1200%2C630&ssl=1&resize=350%2C200","width":350,"height":200,"srcset":"https:\/\/i0.wp.com\/vincentians.com\/fr\/wp-content\/uploads\/sites\/10\/2016\/07\/ephemerides-fb.jpg?fit=1200%2C630&ssl=1&resize=350%2C200 1x, https:\/\/i0.wp.com\/vincentians.com\/fr\/wp-content\/uploads\/sites\/10\/2016\/07\/ephemerides-fb.jpg?fit=1200%2C630&ssl=1&resize=525%2C300 1.5x, https:\/\/i0.wp.com\/vincentians.com\/fr\/wp-content\/uploads\/sites\/10\/2016\/07\/ephemerides-fb.jpg?fit=1200%2C630&ssl=1&resize=700%2C400 2x, https:\/\/i0.wp.com\/vincentians.com\/fr\/wp-content\/uploads\/sites\/10\/2016\/07\/ephemerides-fb.jpg?fit=1200%2C630&ssl=1&resize=1050%2C600 3x"},"classes":[]},{"id":190562,"url":"https:\/\/vincentians.com\/fr\/ephemerides-03-juin\/","url_meta":{"origin":106436,"position":5},"title":"Eph\u00e9m\u00e9rides: 03 juin","author":"Francisco Javier Fern\u00e1ndez Chento","date":"03\/06\/2017","format":false,"excerpt":"1645. Sainte Louise \u00e9crit \u00e0 saint Vincent une lettre pleine d\u2019humilit\u00e9\u00a0: \u201cO bon Dieu\u00a0! que j\u2019ai de sujet d\u2019avouer et de reconna\u00eetre que je ne fais rien qui vaille\u00a0! mon c\u0153ur ne s\u2019en aigrit pas pourtant, quoiqu\u2019il ait sujet de craindre que la mis\u00e9ricorde de Dieu se lasse de s\u2019exercer\u2026","rel":"","context":"Dans &quot;\u00c9ph\u00e9m\u00e9rides vincentiens&quot;","block_context":{"text":"\u00c9ph\u00e9m\u00e9rides vincentiens","link":"https:\/\/vincentians.com\/fr\/category\/ephemerides-vincentiens\/"},"img":{"alt_text":"","src":"https:\/\/i0.wp.com\/vincentians.com\/fr\/wp-content\/uploads\/sites\/10\/2016\/07\/ephemerides-fb.jpg?fit=1200%2C630&ssl=1&resize=350%2C200","width":350,"height":200,"srcset":"https:\/\/i0.wp.com\/vincentians.com\/fr\/wp-content\/uploads\/sites\/10\/2016\/07\/ephemerides-fb.jpg?fit=1200%2C630&ssl=1&resize=350%2C200 1x, https:\/\/i0.wp.com\/vincentians.com\/fr\/wp-content\/uploads\/sites\/10\/2016\/07\/ephemerides-fb.jpg?fit=1200%2C630&ssl=1&resize=525%2C300 1.5x, https:\/\/i0.wp.com\/vincentians.com\/fr\/wp-content\/uploads\/sites\/10\/2016\/07\/ephemerides-fb.jpg?fit=1200%2C630&ssl=1&resize=700%2C400 2x, https:\/\/i0.wp.com\/vincentians.com\/fr\/wp-content\/uploads\/sites\/10\/2016\/07\/ephemerides-fb.jpg?fit=1200%2C630&ssl=1&resize=1050%2C600 3x"},"classes":[]}],"_links":{"self":[{"href":"https:\/\/vincentians.com\/fr\/wp-json\/wp\/v2\/posts\/106436","targetHints":{"allow":["GET"]}}],"collection":[{"href":"https:\/\/vincentians.com\/fr\/wp-json\/wp\/v2\/posts"}],"about":[{"href":"https:\/\/vincentians.com\/fr\/wp-json\/wp\/v2\/types\/post"}],"author":[{"embeddable":true,"href":"https:\/\/vincentians.com\/fr\/wp-json\/wp\/v2\/users\/4"}],"replies":[{"embeddable":true,"href":"https:\/\/vincentians.com\/fr\/wp-json\/wp\/v2\/comments?post=106436"}],"version-history":[{"count":0,"href":"https:\/\/vincentians.com\/fr\/wp-json\/wp\/v2\/posts\/106436\/revisions"}],"wp:featuredmedia":[{"embeddable":true,"href":"https:\/\/vincentians.com\/fr\/wp-json\/wp\/v2\/media\/149897"}],"wp:attachment":[{"href":"https:\/\/vincentians.com\/fr\/wp-json\/wp\/v2\/media?parent=106436"}],"wp:term":[{"taxonomy":"category","embeddable":true,"href":"https:\/\/vincentians.com\/fr\/wp-json\/wp\/v2\/categories?post=106436"},{"taxonomy":"post_tag","embeddable":true,"href":"https:\/\/vincentians.com\/fr\/wp-json\/wp\/v2\/tags?post=106436"}],"curies":[{"name":"wp","href":"https:\/\/api.w.org\/{rel}","templated":true}]}}