{"id":106432,"date":"2017-05-19T00:01:17","date_gmt":"2017-05-18T22:01:17","guid":{"rendered":"http:\/\/vincentiens.org\/?p=106432"},"modified":"2017-05-19T00:01:17","modified_gmt":"2017-05-18T22:01:17","slug":"ephemerides-19-mai","status":"publish","type":"post","link":"https:\/\/vincentians.com\/fr\/ephemerides-19-mai\/","title":{"rendered":"Eph\u00e9m\u00e9rides: 19 mai"},"content":{"rendered":"<p align=\"justify\"><strong>En 1707<\/strong>, \u00e0 <em>Paris<\/em>, le cardinal de Noailles signe un d\u00e9cret par lequel il reconna\u00eet comme dioc\u00e9sain le s\u00e9minaire \u00e9tabli aux<em> Bons Enfants<\/em>, et pr\u00e9voyant pour cet \u00e9tablissement un possible changement de local, l&rsquo;archev\u00eaque nomme les Pr\u00eatres de la Mission \u00ab directeurs perp\u00e9tuels d&rsquo;un des s\u00e9minaires du dioc\u00e8se tant au spirituel qu&rsquo;au temporel \u00bb (1).<\/p>\n<p align=\"justify\"><strong>En 1871, <\/strong>\u00e0 <em>Paris<\/em>, les S\u0153urs de l\u2019Infirmerie des Pr\u00eatres \u00e2g\u00e9s du dioc\u00e8se de Paris, Infirmerie Marie-Th\u00e9r\u00e8se, sont perquisitionn\u00e9es et gard\u00e9es \u00e0 vue par les communards. Celles des Enfants-Trouv\u00e9s, toutes proches, \u00e9galement. Elles ont la charge de 900 enfants de 1 jour \u00e0 20 ans\u00a0; 60 filles de service\u00a0; 25 nourrices s\u00e9dentaires\u00a0; 15 \u00e0 20 nourrices de la campagne qui n\u2019ont pu retourner dans leurs foyers. Les F\u00e9d\u00e9r\u00e9s d\u00e9cident de chasser les S\u0153urs. Mais avant l\u2019arriv\u00e9e de l\u2019arm\u00e9e r\u00e9guli\u00e8re, le 25 mai, ils font une barricade dans la rue juste en face de la Maison, et l\u2019on am\u00e8ne des bless\u00e9s tandis qu\u2019on met le feu au couvent du Bon Pasteur.<\/p>\n<p align=\"justify\">Et voici que les Enfants-Trouv\u00e9s sont \u00e0 leur tour menac\u00e9s. Le chef incendiaire arrive. La S\u0153ur Servante se jette \u00e0 ses genoux\u00a0: \u201cDonnez-moi au moins une heure pour \u00e9vacuer. \u2014 Pas m\u00eame cinq minutes nous sommes cern\u00e9s de toute part. \u2014 Mais aurez-vous le courage de faire des victimes de tant d\u2019enfants innocents\u00a0?\u201d. Il p\u00e2lit\u00a0: \u201cMa S\u0153ur, je crois en Dieu, vous ne serez point br\u00fbl\u00e9es\u201d. Il sort et est fusill\u00e9 par ses propres soldats pour les avoir \u00e9pargn\u00e9s. Tout n\u2019est pas fini\u00a0: la poudri\u00e8re du Luxembourg, toute proche, saute\u00a0: les enfants courent au bois au milieu des balles, car le feu arrive. L\u2019arm\u00e9e occupe d\u00e9j\u00e0 le jardin des aveugles et accourt\u00a0: trois soldats se postent \u00e0 l\u2019entr\u00e9e d\u2019une br\u00e8che et prennent un \u00e0 un les petits\u00a0: \u201con ne voit que ces six bras se tendant tour \u00e0 tour pour prendre le premier qui se pr\u00e9sente\u00a0: tous y passent, m\u00eame les mourants envelopp\u00e9s dans une couverture. Comme par miracle, pas un ne reste, qu\u2019il s\u2019agisse des petits malades les yeux band\u00e9s, des nourrissons, des convalescents soutenus sous les bras par les autres\u201d.<\/p>\n<p align=\"justify\">M. l\u2019Aum\u00f4nier donne une absolution g\u00e9n\u00e9rale. On n\u2019avait qu\u2019une pens\u00e9e s\u2019\u00e9loigner des flammes. Les soldats prennent les enfants\u00a0: avancez, avancez\u2026 De jardin en jardin ils les conduisent jusqu\u2019au cimeti\u00e8re Montparnasse, puis de br\u00e8che en br\u00e8che jusqu\u2019\u00e0 Vanves. Les filles de service portent les plus malades \u00e0 bout de bras sans savoir comment elles en ont la force. A Vanves, un ch\u00e2teau inhabit\u00e9 abritera les uns\u00a0; \u00e0 Plaisance la Maison de. s Fr\u00e8res Maristes accueillera les gar\u00e7ons et les nourrices. Mais dans ces locaux, rien\u00a0! On am\u00e8ne deux grandes charret\u00e9es de paille. Chacun essaie d\u2019en prendre un peu. Un petit nourrisson est d\u00e9j\u00e0 mort dans la course \u00e0 travers les jardins, ayant juste re\u00e7u le bapt\u00eame\u00a0: en voici un autre qui se p\u00e2me. Pour lui aussi le ciel va s\u2019ouvrir. Les voisins stup\u00e9faits de tant de mis\u00e8re s\u2019empressent, mais sont effray\u00e9s du spectacle de ces petits malades et mourants. Ils apportent ce qu\u2019ils peuvent. Nuit terrible avec les obus qui ne cessent pas. Finalement tout le monde se regroupe \u00e0 Plaisance chez les Maristes. \u201cOn se case comme on peut, \u00e9crit l\u2019une des S\u0153urs, et gaiement l\u2019on accepte les privations du moment\u00a0: nous ne pouvons nous emp\u00eacher de rire quand arrivait le moment du d\u00eener car aucune vaisselle\u00a0: il fallait se contenter d\u2019un morceau de pain surmont\u00e9 d\u2019une tranche de viande. Et pour dormir, il fallait s\u2019\u00e9tendre toutes habill\u00e9es sur des sommiers avec comme oreillers des soutanes des bons fr\u00e8res bien roul\u00e9es\u2026\u201d<\/p>\n<p align=\"justify\">Cela dura cinq longs jours, le temps que l\u2019arm\u00e9e ait pu compl\u00e8tement lib\u00e9rer Paris.(R)<\/p>\n<p align=\"justify\"><strong>En 1883<\/strong>, \u00e0 <em>Paris<\/em>, ordination de M. Alphonse Delanglie. Cet anniversaire est la meilleure date pour \u00e9voquer le souvenir de ce confr\u00e8re qui a concentr\u00e9 les efforts de toute sa vie sur les r\u00e9solutions qu&rsquo;il \u00e9crivait le jour de sa premi\u00e8re messe. Les feuillets en sont jaunis, us\u00e9s : il les a relus tous les dimanches. Les circonstances qui ont accompagn\u00e9 ses derniers moments ne lui ont pas permis de d\u00e9truire ses papiers intimes. Le jeune pr\u00eatre se promettait de pratiquer l&rsquo;union \u00e0 Notre-Seigneur, l&rsquo;amour de l&rsquo;oraison, la sainte indiff\u00e9rence et la mortification. Or, pr\u00e9cis\u00e9ment, les heureux b\u00e9n\u00e9ficiaires de son sacerdoce &#8211; confr\u00e8res, \u00e9tudiants, s\u00e9minaristes &#8211; peuvent sous ces quatre traits retrouver l&rsquo;admirable physionomie morale de ce fils de saint Vincent. Sous-directeur d\u00e8s son ordination et jusqu&rsquo;en 1884, et directeur, de 1884 \u00e0 1896, du s\u00e9minaire de <em>Notre-Dame du Pouy <\/em>; directeur des \u00e9tudiants de Saint-Lazare de 1896 \u00e0 1903 ; sup\u00e9rieur de <em>Notre-Dame du Pouy,<\/em> de 1903 \u00e0 1918 ; substitut pendant un an ; et, de 1919 \u00e0 sa mort, visiteur d&rsquo;<em>Aquitaine<\/em> ; en tous ces postes, il \u00e0 \u00e9t\u00e9 le pr\u00eatre qui veut imiter le plus possible le Souverain Pr\u00eatre. Dieu seul pourrait dire l&rsquo;influence sanctifiante de cette \u00e2me sur les \u00e2mes de tant de missionnaires dont il a enrichi la petite Compagnie ; et le rayonnement de M. Delanglie se continue par ceux qu&rsquo;il a form\u00e9s. C&rsquo;est l\u00e0 son \u0153uvre ; oeuvre invisible qu&rsquo;il a accomplie par sa saintet\u00e9 jointe \u00e0 la si d\u00e9licate bont\u00e9 de son coeur. Il est une autre \u0153uvre qui perp\u00e9tue de fa\u00e7on visible le travail sacerdotal de M. Delanglie : ce sont les b\u00e2timents et la chapelle de <em>Notre-Dame du Pouy<\/em>. Sans doute, c&rsquo;est le P\u00e8re Fiat qui, sur les lieux o\u00f9 les missionnaires s&rsquo;install\u00e8rent en 1845, voulut que s&rsquo;\u00e9lev\u00e2t une maison de formation : mais c&rsquo;est M. Delanglie qui fit ex\u00e9cuter les plans sur lesquels il a tant travaill\u00e9 lui-m\u00eame. Les pierres, dans la belle ordonnance des b\u00e2timents, dans la haute envol\u00e9e de la chapelle mariale, redisent \u00e0 toutes les g\u00e9n\u00e9rations la haute id\u00e9e que M. Delanglie se faisait du sacerdoce et l&rsquo;amour dont il entourait les \u00e9lus du Ma\u00eetre. Ce pr\u00eatre, sculpteur d&rsquo;\u00e2mes sacerdotales, termina le 1er mai 1923, sa vie de pr\u00eatre l\u00e0 o\u00f9 il l&rsquo;avait inaugur\u00e9e, \u00e0 <em>Notre-Dame du Pouy <\/em>(2).<\/p>\n<p>&#8212;&#8212;&#8212;&#8212;&#8212;&#8212;&#8212;&#8212;&#8212;&#8212;&#8212;&#8212;&#8212;&#8212;&#8212;&#8212;&#8212;&#8212;&#8212;&#8212;&#8212;&#8212;&#8212;&#8212;&#8212;&#8212;&#8212;&#8212;&#8212;&#8212;&#8212;&#8212;&#8212;&#8212;&#8212;&#8211;<\/p>\n<p>(1) <em>Actes du gouvernement,<\/em> p. 40.<br \/>\n(2) <em>Annales<\/em>, t. 83, pp. 162-179 ; 1055-1067 ; t. 90, pp. 356-365 ; 751-759 ; t. 91, pp. 87-96<\/p>\n","protected":false},"excerpt":{"rendered":"<p>En 1707, \u00e0 Paris, le cardinal de Noailles signe un d\u00e9cret par lequel il reconna\u00eet comme dioc\u00e9sain le s\u00e9minaire \u00e9tabli aux Bons Enfants, et pr\u00e9voyant pour cet \u00e9tablissement un possible changement de local, l&rsquo;archev\u00eaque nomme &#8230; <a href=\"https:\/\/vincentians.com\/fr\/ephemerides-19-mai\/\" class=\"more-link\">Read More<\/a><\/p>\n","protected":false},"author":4,"featured_media":149897,"comment_status":"open","ping_status":"open","sticky":false,"template":"","format":"standard","meta":{"jetpack_post_was_ever_published":false,"_jetpack_newsletter_access":"","_jetpack_dont_email_post_to_subs":false,"_jetpack_newsletter_tier_id":0,"_jetpack_memberships_contains_paywalled_content":false,"_jetpack_memberships_contains_paid_content":false,"footnotes":"","jetpack_publicize_message":"","jetpack_publicize_feature_enabled":true,"jetpack_social_post_already_shared":true,"jetpack_social_options":{"image_generator_settings":{"template":"highway","default_image_id":0,"font":"","enabled":false},"version":2}},"categories":[119],"tags":[],"class_list":["post-106432","post","type-post","status-publish","format-standard","has-post-thumbnail","hentry","category-ephemerides-vincentiens"],"yoast_head":"<!-- This site is optimized with the Yoast SEO plugin v26.3 - https:\/\/yoast.com\/wordpress\/plugins\/seo\/ -->\n<title>Eph\u00e9m\u00e9rides: 19 mai - Nous Sommes Vincentiens<\/title>\n<meta name=\"robots\" content=\"index, follow, max-snippet:-1, max-image-preview:large, max-video-preview:-1\" \/>\n<link rel=\"canonical\" href=\"https:\/\/vincentians.com\/fr\/ephemerides-19-mai\/\" \/>\n<meta property=\"og:locale\" content=\"fr_FR\" \/>\n<meta property=\"og:type\" content=\"article\" \/>\n<meta property=\"og:title\" content=\"Eph\u00e9m\u00e9rides: 19 mai - Nous Sommes Vincentiens\" \/>\n<meta property=\"og:description\" content=\"En 1707, \u00e0 Paris, le cardinal de Noailles signe un d\u00e9cret par lequel il reconna\u00eet comme dioc\u00e9sain le s\u00e9minaire \u00e9tabli aux Bons Enfants, et pr\u00e9voyant pour cet \u00e9tablissement un possible changement de local, l&rsquo;archev\u00eaque nomme ... Read More\" \/>\n<meta property=\"og:url\" content=\"https:\/\/vincentians.com\/fr\/ephemerides-19-mai\/\" \/>\n<meta property=\"og:site_name\" content=\"Nous Sommes Vincentiens\" \/>\n<meta property=\"article:publisher\" content=\"https:\/\/www.facebook.com\/WeAreVincentians\/\" \/>\n<meta property=\"article:author\" content=\"https:\/\/www.facebook.com\/JavierChento\" \/>\n<meta property=\"article:published_time\" content=\"2017-05-18T22:01:17+00:00\" \/>\n<meta property=\"og:image\" content=\"https:\/\/i0.wp.com\/vincentians.com\/fr\/wp-content\/uploads\/sites\/10\/2016\/07\/ephemerides-fb.jpg?fit=1200%2C630&ssl=1\" \/>\n\t<meta property=\"og:image:width\" content=\"1200\" \/>\n\t<meta property=\"og:image:height\" content=\"630\" \/>\n\t<meta property=\"og:image:type\" content=\"image\/jpeg\" \/>\n<meta name=\"author\" content=\"Francisco Javier Fern\u00e1ndez Chento\" \/>\n<meta name=\"twitter:card\" content=\"summary_large_image\" \/>\n<meta name=\"twitter:creator\" content=\"@https:\/\/twitter.com\/javierchento\" \/>\n<meta name=\"twitter:site\" content=\"@WeVincentians\" \/>\n<meta name=\"twitter:label1\" content=\"\u00c9crit par\" \/>\n\t<meta name=\"twitter:data1\" content=\"Francisco Javier Fern\u00e1ndez Chento\" \/>\n\t<meta name=\"twitter:label2\" content=\"Dur\u00e9e de lecture estim\u00e9e\" \/>\n\t<meta name=\"twitter:data2\" content=\"5 minutes\" \/>\n<script type=\"application\/ld+json\" class=\"yoast-schema-graph\">{\"@context\":\"https:\/\/schema.org\",\"@graph\":[{\"@type\":\"WebPage\",\"@id\":\"https:\/\/vincentians.com\/fr\/ephemerides-19-mai\/\",\"url\":\"https:\/\/vincentians.com\/fr\/ephemerides-19-mai\/\",\"name\":\"Eph\u00e9m\u00e9rides: 19 mai - Nous Sommes Vincentiens\",\"isPartOf\":{\"@id\":\"https:\/\/vincentians.com\/fr\/#website\"},\"primaryImageOfPage\":{\"@id\":\"https:\/\/vincentians.com\/fr\/ephemerides-19-mai\/#primaryimage\"},\"image\":{\"@id\":\"https:\/\/vincentians.com\/fr\/ephemerides-19-mai\/#primaryimage\"},\"thumbnailUrl\":\"https:\/\/i0.wp.com\/vincentians.com\/fr\/wp-content\/uploads\/sites\/10\/2016\/07\/ephemerides-fb.jpg?fit=1200%2C630&ssl=1\",\"datePublished\":\"2017-05-18T22:01:17+00:00\",\"author\":{\"@id\":\"https:\/\/vincentians.com\/fr\/#\/schema\/person\/9623ef4d9aa3b2dfb8c061f1499288f2\"},\"breadcrumb\":{\"@id\":\"https:\/\/vincentians.com\/fr\/ephemerides-19-mai\/#breadcrumb\"},\"inLanguage\":\"fr-FR\",\"potentialAction\":[{\"@type\":\"ReadAction\",\"target\":[\"https:\/\/vincentians.com\/fr\/ephemerides-19-mai\/\"]}]},{\"@type\":\"ImageObject\",\"inLanguage\":\"fr-FR\",\"@id\":\"https:\/\/vincentians.com\/fr\/ephemerides-19-mai\/#primaryimage\",\"url\":\"https:\/\/i0.wp.com\/vincentians.com\/fr\/wp-content\/uploads\/sites\/10\/2016\/07\/ephemerides-fb.jpg?fit=1200%2C630&ssl=1\",\"contentUrl\":\"https:\/\/i0.wp.com\/vincentians.com\/fr\/wp-content\/uploads\/sites\/10\/2016\/07\/ephemerides-fb.jpg?fit=1200%2C630&ssl=1\",\"width\":1200,\"height\":630},{\"@type\":\"BreadcrumbList\",\"@id\":\"https:\/\/vincentians.com\/fr\/ephemerides-19-mai\/#breadcrumb\",\"itemListElement\":[{\"@type\":\"ListItem\",\"position\":1,\"name\":\"Portada\",\"item\":\"https:\/\/vincentians.com\/fr\/\"},{\"@type\":\"ListItem\",\"position\":2,\"name\":\"Eph\u00e9m\u00e9rides: 19 mai\"}]},{\"@type\":\"WebSite\",\"@id\":\"https:\/\/vincentians.com\/fr\/#website\",\"url\":\"https:\/\/vincentians.com\/fr\/\",\"name\":\"Nous Sommes Vincentiens\",\"description\":\"Know more to serve more\",\"potentialAction\":[{\"@type\":\"SearchAction\",\"target\":{\"@type\":\"EntryPoint\",\"urlTemplate\":\"https:\/\/vincentians.com\/fr\/?s={search_term_string}\"},\"query-input\":{\"@type\":\"PropertyValueSpecification\",\"valueRequired\":true,\"valueName\":\"search_term_string\"}}],\"inLanguage\":\"fr-FR\"},{\"@type\":\"Person\",\"@id\":\"https:\/\/vincentians.com\/fr\/#\/schema\/person\/9623ef4d9aa3b2dfb8c061f1499288f2\",\"name\":\"Francisco Javier Fern\u00e1ndez Chento\",\"image\":{\"@type\":\"ImageObject\",\"inLanguage\":\"fr-FR\",\"@id\":\"https:\/\/vincentians.com\/fr\/#\/schema\/person\/image\/\",\"url\":\"https:\/\/secure.gravatar.com\/avatar\/497d5cde87b4c3d097d0315953521681ba2cd523ee66e5077c3711f7021e65de?s=96&d=mm&r=g\",\"contentUrl\":\"https:\/\/secure.gravatar.com\/avatar\/497d5cde87b4c3d097d0315953521681ba2cd523ee66e5077c3711f7021e65de?s=96&d=mm&r=g\",\"caption\":\"Francisco Javier Fern\u00e1ndez Chento\"},\"description\":\"Director General y cofundador de La Red de Formaci\u00f3n Vicenciana. Javier es laico vicenciano, afiliado a la Congregaci\u00f3n de la Misi\u00f3n y miembro del Equipo de Misiones Populares de la provincia can\u00f3nica de Zaragoza (Espa\u00f1a) de la Congregaci\u00f3n de la Misi\u00f3n. Graduado en la Universidad Oberta de Catalunya con cuatro grados (Asistente de direcci\u00f3n, Gesti\u00f3n Administrativa, Recursos Humanos y Contabilidad Avanzada). Bil\u00edng\u00fce Espa\u00f1ol\/Ingl\u00e9s. gestiona y mantiene varias p\u00e1ginas web cristianas y vicencianas, incluida including La Red de Formaci\u00f3n Vicenciana, de la que es cofundador. Actualmente es responsable del \u00e1rea de Espa\u00f1ol de .famvin, la Red de Noticias de la Familia Vicenciana. Tambi\u00e9n es m\u00fasico cat\u00f3lico y ha editado varios discos. Es Director General y cofundador de Trovador, una reconocida compa\u00f1\u00eda discogr\u00e1fica critiana de Espa\u00f1a. Trabaja en las Tecnolog\u00edas de la Informaci\u00f3n, ofreciendo servicios de alojamiento, dise\u00f1o y mantenimiento Web, as\u00ed como asesoramiento, formaci\u00f3n y soluciones inform\u00e1ticas, gesti\u00f3n documental y digitalizaci\u00f3n de textos, edici\u00f3n y maquetaci\u00f3n de libros, revistas, flyers, etc.\",\"sameAs\":[\"http:\/\/chento.org\",\"https:\/\/www.facebook.com\/JavierChento\",\"https:\/\/x.com\/https:\/\/twitter.com\/javierchento\"],\"url\":\"https:\/\/vincentians.com\/fr\/author\/chento\/\"}]}<\/script>\n<!-- \/ Yoast SEO plugin. -->","yoast_head_json":{"title":"Eph\u00e9m\u00e9rides: 19 mai - Nous Sommes Vincentiens","robots":{"index":"index","follow":"follow","max-snippet":"max-snippet:-1","max-image-preview":"max-image-preview:large","max-video-preview":"max-video-preview:-1"},"canonical":"https:\/\/vincentians.com\/fr\/ephemerides-19-mai\/","og_locale":"fr_FR","og_type":"article","og_title":"Eph\u00e9m\u00e9rides: 19 mai - Nous Sommes Vincentiens","og_description":"En 1707, \u00e0 Paris, le cardinal de Noailles signe un d\u00e9cret par lequel il reconna\u00eet comme dioc\u00e9sain le s\u00e9minaire \u00e9tabli aux Bons Enfants, et pr\u00e9voyant pour cet \u00e9tablissement un possible changement de local, l&rsquo;archev\u00eaque nomme ... Read More","og_url":"https:\/\/vincentians.com\/fr\/ephemerides-19-mai\/","og_site_name":"Nous Sommes Vincentiens","article_publisher":"https:\/\/www.facebook.com\/WeAreVincentians\/","article_author":"https:\/\/www.facebook.com\/JavierChento","article_published_time":"2017-05-18T22:01:17+00:00","og_image":[{"width":1200,"height":630,"url":"https:\/\/i0.wp.com\/vincentians.com\/fr\/wp-content\/uploads\/sites\/10\/2016\/07\/ephemerides-fb.jpg?fit=1200%2C630&ssl=1","type":"image\/jpeg"}],"author":"Francisco Javier Fern\u00e1ndez Chento","twitter_card":"summary_large_image","twitter_creator":"@https:\/\/twitter.com\/javierchento","twitter_site":"@WeVincentians","twitter_misc":{"\u00c9crit par":"Francisco Javier Fern\u00e1ndez Chento","Dur\u00e9e de lecture estim\u00e9e":"5 minutes"},"schema":{"@context":"https:\/\/schema.org","@graph":[{"@type":"WebPage","@id":"https:\/\/vincentians.com\/fr\/ephemerides-19-mai\/","url":"https:\/\/vincentians.com\/fr\/ephemerides-19-mai\/","name":"Eph\u00e9m\u00e9rides: 19 mai - Nous Sommes Vincentiens","isPartOf":{"@id":"https:\/\/vincentians.com\/fr\/#website"},"primaryImageOfPage":{"@id":"https:\/\/vincentians.com\/fr\/ephemerides-19-mai\/#primaryimage"},"image":{"@id":"https:\/\/vincentians.com\/fr\/ephemerides-19-mai\/#primaryimage"},"thumbnailUrl":"https:\/\/i0.wp.com\/vincentians.com\/fr\/wp-content\/uploads\/sites\/10\/2016\/07\/ephemerides-fb.jpg?fit=1200%2C630&ssl=1","datePublished":"2017-05-18T22:01:17+00:00","author":{"@id":"https:\/\/vincentians.com\/fr\/#\/schema\/person\/9623ef4d9aa3b2dfb8c061f1499288f2"},"breadcrumb":{"@id":"https:\/\/vincentians.com\/fr\/ephemerides-19-mai\/#breadcrumb"},"inLanguage":"fr-FR","potentialAction":[{"@type":"ReadAction","target":["https:\/\/vincentians.com\/fr\/ephemerides-19-mai\/"]}]},{"@type":"ImageObject","inLanguage":"fr-FR","@id":"https:\/\/vincentians.com\/fr\/ephemerides-19-mai\/#primaryimage","url":"https:\/\/i0.wp.com\/vincentians.com\/fr\/wp-content\/uploads\/sites\/10\/2016\/07\/ephemerides-fb.jpg?fit=1200%2C630&ssl=1","contentUrl":"https:\/\/i0.wp.com\/vincentians.com\/fr\/wp-content\/uploads\/sites\/10\/2016\/07\/ephemerides-fb.jpg?fit=1200%2C630&ssl=1","width":1200,"height":630},{"@type":"BreadcrumbList","@id":"https:\/\/vincentians.com\/fr\/ephemerides-19-mai\/#breadcrumb","itemListElement":[{"@type":"ListItem","position":1,"name":"Portada","item":"https:\/\/vincentians.com\/fr\/"},{"@type":"ListItem","position":2,"name":"Eph\u00e9m\u00e9rides: 19 mai"}]},{"@type":"WebSite","@id":"https:\/\/vincentians.com\/fr\/#website","url":"https:\/\/vincentians.com\/fr\/","name":"Nous Sommes Vincentiens","description":"Know more to serve more","potentialAction":[{"@type":"SearchAction","target":{"@type":"EntryPoint","urlTemplate":"https:\/\/vincentians.com\/fr\/?s={search_term_string}"},"query-input":{"@type":"PropertyValueSpecification","valueRequired":true,"valueName":"search_term_string"}}],"inLanguage":"fr-FR"},{"@type":"Person","@id":"https:\/\/vincentians.com\/fr\/#\/schema\/person\/9623ef4d9aa3b2dfb8c061f1499288f2","name":"Francisco Javier Fern\u00e1ndez Chento","image":{"@type":"ImageObject","inLanguage":"fr-FR","@id":"https:\/\/vincentians.com\/fr\/#\/schema\/person\/image\/","url":"https:\/\/secure.gravatar.com\/avatar\/497d5cde87b4c3d097d0315953521681ba2cd523ee66e5077c3711f7021e65de?s=96&d=mm&r=g","contentUrl":"https:\/\/secure.gravatar.com\/avatar\/497d5cde87b4c3d097d0315953521681ba2cd523ee66e5077c3711f7021e65de?s=96&d=mm&r=g","caption":"Francisco Javier Fern\u00e1ndez Chento"},"description":"Director General y cofundador de La Red de Formaci\u00f3n Vicenciana. Javier es laico vicenciano, afiliado a la Congregaci\u00f3n de la Misi\u00f3n y miembro del Equipo de Misiones Populares de la provincia can\u00f3nica de Zaragoza (Espa\u00f1a) de la Congregaci\u00f3n de la Misi\u00f3n. Graduado en la Universidad Oberta de Catalunya con cuatro grados (Asistente de direcci\u00f3n, Gesti\u00f3n Administrativa, Recursos Humanos y Contabilidad Avanzada). Bil\u00edng\u00fce Espa\u00f1ol\/Ingl\u00e9s. gestiona y mantiene varias p\u00e1ginas web cristianas y vicencianas, incluida including La Red de Formaci\u00f3n Vicenciana, de la que es cofundador. Actualmente es responsable del \u00e1rea de Espa\u00f1ol de .famvin, la Red de Noticias de la Familia Vicenciana. Tambi\u00e9n es m\u00fasico cat\u00f3lico y ha editado varios discos. Es Director General y cofundador de Trovador, una reconocida compa\u00f1\u00eda discogr\u00e1fica critiana de Espa\u00f1a. Trabaja en las Tecnolog\u00edas de la Informaci\u00f3n, ofreciendo servicios de alojamiento, dise\u00f1o y mantenimiento Web, as\u00ed como asesoramiento, formaci\u00f3n y soluciones inform\u00e1ticas, gesti\u00f3n documental y digitalizaci\u00f3n de textos, edici\u00f3n y maquetaci\u00f3n de libros, revistas, flyers, etc.","sameAs":["http:\/\/chento.org","https:\/\/www.facebook.com\/JavierChento","https:\/\/x.com\/https:\/\/twitter.com\/javierchento"],"url":"https:\/\/vincentians.com\/fr\/author\/chento\/"}]}},"jetpack_publicize_connections":[],"jetpack_featured_media_url":"https:\/\/i0.wp.com\/vincentians.com\/fr\/wp-content\/uploads\/sites\/10\/2016\/07\/ephemerides-fb.jpg?fit=1200%2C630&ssl=1","jetpack_sharing_enabled":true,"jetpack_shortlink":"https:\/\/wp.me\/p7ETMP-rGE","jetpack-related-posts":[{"id":190229,"url":"https:\/\/vincentians.com\/fr\/ephemerides-08-octobre\/","url_meta":{"origin":106432,"position":0},"title":"Eph\u00e9m\u00e9rides : 08 octobre","author":"Francisco Javier Fern\u00e1ndez Chento","date":"08\/10\/2016","format":false,"excerpt":"1642. De Paris, Monsieur Vincent adresse \u00e0 Jean Brunet et \u00e0 \u00c9tienne Blatiron une lettre o\u00f9 il leur dit\u00a0: \u00abJe vous ai d\u00e9j\u00e0 \u00e9crit que la Providence de Dieu vous appelle \u00e0 Rome pour un nouvel \u00e9tablissement\u2026\u00bb C\u2019est une aimable fa\u00e7on de r\u00e9p\u00e9ter aux deux destinataires que sa d\u00e9cision, \u00e0\u2026","rel":"","context":"Dans &quot;\u00c9ph\u00e9m\u00e9rides vincentiens&quot;","block_context":{"text":"\u00c9ph\u00e9m\u00e9rides vincentiens","link":"https:\/\/vincentians.com\/fr\/category\/ephemerides-vincentiens\/"},"img":{"alt_text":"","src":"https:\/\/i0.wp.com\/vincentians.com\/fr\/wp-content\/uploads\/sites\/10\/2016\/07\/ephemerides-fb.jpg?fit=1200%2C630&ssl=1&resize=350%2C200","width":350,"height":200,"srcset":"https:\/\/i0.wp.com\/vincentians.com\/fr\/wp-content\/uploads\/sites\/10\/2016\/07\/ephemerides-fb.jpg?fit=1200%2C630&ssl=1&resize=350%2C200 1x, https:\/\/i0.wp.com\/vincentians.com\/fr\/wp-content\/uploads\/sites\/10\/2016\/07\/ephemerides-fb.jpg?fit=1200%2C630&ssl=1&resize=525%2C300 1.5x, https:\/\/i0.wp.com\/vincentians.com\/fr\/wp-content\/uploads\/sites\/10\/2016\/07\/ephemerides-fb.jpg?fit=1200%2C630&ssl=1&resize=700%2C400 2x, https:\/\/i0.wp.com\/vincentians.com\/fr\/wp-content\/uploads\/sites\/10\/2016\/07\/ephemerides-fb.jpg?fit=1200%2C630&ssl=1&resize=1050%2C600 3x"},"classes":[]},{"id":190069,"url":"https:\/\/vincentians.com\/fr\/ephemerides-13-aout\/","url_meta":{"origin":106432,"position":1},"title":"Eph\u00e9m\u00e9rides: 13 ao\u00fbt","author":"Francisco Javier Fern\u00e1ndez Chento","date":"13\/08\/2016","format":false,"excerpt":"1685. Le procureur de l\u2019Ev\u00eaque et des administrateurs de l\u2019h\u00f4pital de Montauban signe, devant notaires \u00e0 Paris, le contrat d\u2019\u00e9tablissement de quatre S\u0153urs pour le soulagement des pauvres malades et la gloire de Dieu. S\u0153ur Adrienne Hurpy est la premi\u00e8re S\u0153ur Servante. (C) 1705. Le procureur des Dames de la\u2026","rel":"","context":"Dans &quot;\u00c9ph\u00e9m\u00e9rides vincentiens&quot;","block_context":{"text":"\u00c9ph\u00e9m\u00e9rides vincentiens","link":"https:\/\/vincentians.com\/fr\/category\/ephemerides-vincentiens\/"},"img":{"alt_text":"","src":"https:\/\/i0.wp.com\/vincentians.com\/fr\/wp-content\/uploads\/sites\/10\/2016\/07\/ephemerides-fb.jpg?fit=1200%2C630&ssl=1&resize=350%2C200","width":350,"height":200,"srcset":"https:\/\/i0.wp.com\/vincentians.com\/fr\/wp-content\/uploads\/sites\/10\/2016\/07\/ephemerides-fb.jpg?fit=1200%2C630&ssl=1&resize=350%2C200 1x, https:\/\/i0.wp.com\/vincentians.com\/fr\/wp-content\/uploads\/sites\/10\/2016\/07\/ephemerides-fb.jpg?fit=1200%2C630&ssl=1&resize=525%2C300 1.5x, https:\/\/i0.wp.com\/vincentians.com\/fr\/wp-content\/uploads\/sites\/10\/2016\/07\/ephemerides-fb.jpg?fit=1200%2C630&ssl=1&resize=700%2C400 2x, https:\/\/i0.wp.com\/vincentians.com\/fr\/wp-content\/uploads\/sites\/10\/2016\/07\/ephemerides-fb.jpg?fit=1200%2C630&ssl=1&resize=1050%2C600 3x"},"classes":[]},{"id":189320,"url":"https:\/\/vincentians.com\/fr\/ephemerides-16-juilliet\/","url_meta":{"origin":106432,"position":2},"title":"Eph\u00e9m\u00e9rides: 16 juilliet","author":"Francisco Javier Fern\u00e1ndez Chento","date":"16\/07\/2017","format":false,"excerpt":"1680. Le Seigneur de Vitry, M\u00e8re Mathurine Gu\u00e9rin et les S\u0153urs offici\u00e8res signent le contrat d\u2019\u00e9tablissement de deux S\u0153urs pour le soin des malades et l\u2019instruction des petites filles dans la paroisse de Vitry-sur-Seine, aux environs de Paris. (C) 1954. Vincent de Paul, au Ch\u00e2telet de Paris, signe le Contrat\u2026","rel":"","context":"Dans &quot;\u00c9ph\u00e9m\u00e9rides vincentiens&quot;","block_context":{"text":"\u00c9ph\u00e9m\u00e9rides vincentiens","link":"https:\/\/vincentians.com\/fr\/category\/ephemerides-vincentiens\/"},"img":{"alt_text":"","src":"https:\/\/i0.wp.com\/vincentians.com\/fr\/wp-content\/uploads\/sites\/10\/2016\/07\/ephemerides-fb.jpg?fit=1200%2C630&ssl=1&resize=350%2C200","width":350,"height":200,"srcset":"https:\/\/i0.wp.com\/vincentians.com\/fr\/wp-content\/uploads\/sites\/10\/2016\/07\/ephemerides-fb.jpg?fit=1200%2C630&ssl=1&resize=350%2C200 1x, https:\/\/i0.wp.com\/vincentians.com\/fr\/wp-content\/uploads\/sites\/10\/2016\/07\/ephemerides-fb.jpg?fit=1200%2C630&ssl=1&resize=525%2C300 1.5x, https:\/\/i0.wp.com\/vincentians.com\/fr\/wp-content\/uploads\/sites\/10\/2016\/07\/ephemerides-fb.jpg?fit=1200%2C630&ssl=1&resize=700%2C400 2x, https:\/\/i0.wp.com\/vincentians.com\/fr\/wp-content\/uploads\/sites\/10\/2016\/07\/ephemerides-fb.jpg?fit=1200%2C630&ssl=1&resize=1050%2C600 3x"},"classes":[]},{"id":190570,"url":"https:\/\/vincentians.com\/fr\/ephemerides-24-juin\/","url_meta":{"origin":106432,"position":3},"title":"Eph\u00e9m\u00e9rides: 24 juin","author":"Francisco Javier Fern\u00e1ndez Chento","date":"24\/06\/2017","format":false,"excerpt":"1715. La M\u00e8re Jeanne Chevreau et les S\u0153urs offici\u00e8res signent le contrat d\u2019\u00e9tablissement de deux S\u0153urs sur les terres du prieur\u00e9 de Villenauxe la petite (pr\u00e8s de Nogent-sur-Seine) pour enseigner les petites filles et soigner les malades. En avril, le Roi Louis XIV avait sign\u00e9 les Lettres patentes autorisant cet\u2026","rel":"","context":"Dans &quot;\u00c9ph\u00e9m\u00e9rides vincentiens&quot;","block_context":{"text":"\u00c9ph\u00e9m\u00e9rides vincentiens","link":"https:\/\/vincentians.com\/fr\/category\/ephemerides-vincentiens\/"},"img":{"alt_text":"","src":"https:\/\/i0.wp.com\/vincentians.com\/fr\/wp-content\/uploads\/sites\/10\/2016\/07\/ephemerides-fb.jpg?fit=1200%2C630&ssl=1&resize=350%2C200","width":350,"height":200,"srcset":"https:\/\/i0.wp.com\/vincentians.com\/fr\/wp-content\/uploads\/sites\/10\/2016\/07\/ephemerides-fb.jpg?fit=1200%2C630&ssl=1&resize=350%2C200 1x, https:\/\/i0.wp.com\/vincentians.com\/fr\/wp-content\/uploads\/sites\/10\/2016\/07\/ephemerides-fb.jpg?fit=1200%2C630&ssl=1&resize=525%2C300 1.5x, https:\/\/i0.wp.com\/vincentians.com\/fr\/wp-content\/uploads\/sites\/10\/2016\/07\/ephemerides-fb.jpg?fit=1200%2C630&ssl=1&resize=700%2C400 2x, https:\/\/i0.wp.com\/vincentians.com\/fr\/wp-content\/uploads\/sites\/10\/2016\/07\/ephemerides-fb.jpg?fit=1200%2C630&ssl=1&resize=1050%2C600 3x"},"classes":[]},{"id":189319,"url":"https:\/\/vincentians.com\/fr\/ephemerides-25-juilliet\/","url_meta":{"origin":106432,"position":4},"title":"Eph\u00e9m\u00e9rides: 25 juilliet","author":"Francisco Javier Fern\u00e1ndez Chento","date":"25\/07\/2017","format":false,"excerpt":"1643. \u00c0 Paris, Louis XIII ayant demand\u00e9 \u00e0 Monsieur Vincent d\u2019envoyer quelques-uns de ses Pr\u00eatres en Barbarie pour y soulager les chr\u00e9tiens r\u00e9duits en esclavage par les corsaires turcs, la duchesse d\u2019Aiguillon veut participer \u00e0 cette bonne \u0153uvre, et elle signe un contrat par lequel elle \u00e9tablit une maison de\u2026","rel":"","context":"Dans &quot;\u00c9ph\u00e9m\u00e9rides vincentiens&quot;","block_context":{"text":"\u00c9ph\u00e9m\u00e9rides vincentiens","link":"https:\/\/vincentians.com\/fr\/category\/ephemerides-vincentiens\/"},"img":{"alt_text":"","src":"https:\/\/i0.wp.com\/vincentians.com\/fr\/wp-content\/uploads\/sites\/10\/2016\/07\/ephemerides-fb.jpg?fit=1200%2C630&ssl=1&resize=350%2C200","width":350,"height":200,"srcset":"https:\/\/i0.wp.com\/vincentians.com\/fr\/wp-content\/uploads\/sites\/10\/2016\/07\/ephemerides-fb.jpg?fit=1200%2C630&ssl=1&resize=350%2C200 1x, https:\/\/i0.wp.com\/vincentians.com\/fr\/wp-content\/uploads\/sites\/10\/2016\/07\/ephemerides-fb.jpg?fit=1200%2C630&ssl=1&resize=525%2C300 1.5x, https:\/\/i0.wp.com\/vincentians.com\/fr\/wp-content\/uploads\/sites\/10\/2016\/07\/ephemerides-fb.jpg?fit=1200%2C630&ssl=1&resize=700%2C400 2x, https:\/\/i0.wp.com\/vincentians.com\/fr\/wp-content\/uploads\/sites\/10\/2016\/07\/ephemerides-fb.jpg?fit=1200%2C630&ssl=1&resize=1050%2C600 3x"},"classes":[]},{"id":190564,"url":"https:\/\/vincentians.com\/fr\/ephemerides-07-juin\/","url_meta":{"origin":106432,"position":5},"title":"Eph\u00e9m\u00e9rides: 07 juin","author":"Francisco Javier Fern\u00e1ndez Chento","date":"07\/06\/2017","format":false,"excerpt":"1627. \u00c0 Paris, l'approbation de la Congr\u00e9gation de la Mission par le roi ayant d\u00e9plu aux cur\u00e9s de la capitale, ceux-ci chargent leur syndic, Etienne Le Tonnelier, cur\u00e9 de Saint-Eustache, de pr\u00e9senter leurs revendications au Parlement, avant l'ent\u00e9rinement des Lettres royales. Les cur\u00e9s parisiens demandaient des garanties contre les empi\u00e8tements\u2026","rel":"","context":"Dans &quot;\u00c9ph\u00e9m\u00e9rides vincentiens&quot;","block_context":{"text":"\u00c9ph\u00e9m\u00e9rides vincentiens","link":"https:\/\/vincentians.com\/fr\/category\/ephemerides-vincentiens\/"},"img":{"alt_text":"","src":"https:\/\/i0.wp.com\/vincentians.com\/fr\/wp-content\/uploads\/sites\/10\/2016\/07\/ephemerides-fb.jpg?fit=1200%2C630&ssl=1&resize=350%2C200","width":350,"height":200,"srcset":"https:\/\/i0.wp.com\/vincentians.com\/fr\/wp-content\/uploads\/sites\/10\/2016\/07\/ephemerides-fb.jpg?fit=1200%2C630&ssl=1&resize=350%2C200 1x, https:\/\/i0.wp.com\/vincentians.com\/fr\/wp-content\/uploads\/sites\/10\/2016\/07\/ephemerides-fb.jpg?fit=1200%2C630&ssl=1&resize=525%2C300 1.5x, https:\/\/i0.wp.com\/vincentians.com\/fr\/wp-content\/uploads\/sites\/10\/2016\/07\/ephemerides-fb.jpg?fit=1200%2C630&ssl=1&resize=700%2C400 2x, https:\/\/i0.wp.com\/vincentians.com\/fr\/wp-content\/uploads\/sites\/10\/2016\/07\/ephemerides-fb.jpg?fit=1200%2C630&ssl=1&resize=1050%2C600 3x"},"classes":[]}],"_links":{"self":[{"href":"https:\/\/vincentians.com\/fr\/wp-json\/wp\/v2\/posts\/106432","targetHints":{"allow":["GET"]}}],"collection":[{"href":"https:\/\/vincentians.com\/fr\/wp-json\/wp\/v2\/posts"}],"about":[{"href":"https:\/\/vincentians.com\/fr\/wp-json\/wp\/v2\/types\/post"}],"author":[{"embeddable":true,"href":"https:\/\/vincentians.com\/fr\/wp-json\/wp\/v2\/users\/4"}],"replies":[{"embeddable":true,"href":"https:\/\/vincentians.com\/fr\/wp-json\/wp\/v2\/comments?post=106432"}],"version-history":[{"count":0,"href":"https:\/\/vincentians.com\/fr\/wp-json\/wp\/v2\/posts\/106432\/revisions"}],"wp:featuredmedia":[{"embeddable":true,"href":"https:\/\/vincentians.com\/fr\/wp-json\/wp\/v2\/media\/149897"}],"wp:attachment":[{"href":"https:\/\/vincentians.com\/fr\/wp-json\/wp\/v2\/media?parent=106432"}],"wp:term":[{"taxonomy":"category","embeddable":true,"href":"https:\/\/vincentians.com\/fr\/wp-json\/wp\/v2\/categories?post=106432"},{"taxonomy":"post_tag","embeddable":true,"href":"https:\/\/vincentians.com\/fr\/wp-json\/wp\/v2\/tags?post=106432"}],"curies":[{"name":"wp","href":"https:\/\/api.w.org\/{rel}","templated":true}]}}