{"id":105943,"date":"2017-05-10T00:01:17","date_gmt":"2017-05-09T22:01:17","guid":{"rendered":"http:\/\/vincentiens.org\/?p=105943"},"modified":"2017-05-10T00:01:17","modified_gmt":"2017-05-09T22:01:17","slug":"ephemerides-10-mai","status":"publish","type":"post","link":"https:\/\/vincentians.com\/fr\/ephemerides-10-mai\/","title":{"rendered":"Eph\u00e9m\u00e9rides: 10 mai"},"content":{"rendered":"<p align=\"justify\"><strong>En 1711, <\/strong>\u00e0 <em>Paris<\/em>, \u00e9lection de M. Jean Bonnet, 6e Sup\u00e9rieur G\u00e9n\u00e9ral. N\u00e9 \u00e0 Fontainebleau le 29 mars 1664, il re\u00e7ut la tonsure des mains de Bossuet. Entr\u00e9 au S\u00e9minaire interne des Lazaristes en 1681, il est plac\u00e9 au Grand S\u00e9minaire d\u2019Auxerre, puis devient Sup\u00e9rieur \u00e0 celui de Chartres. Assistant du Sup\u00e9rieur G\u00e9n\u00e9ral en 1703, il sera Sup\u00e9rieur G\u00e9n\u00e9ral durant vingt-quatre ans. Il meurt le 3 septembre 1735. Il travaillera de concert avec S\u0153ur Chauveau, S\u0153ur Mazurier, S\u0153ur Jouvin et S\u0153ur Carlier, et sera un des l\u00e9gislateurs de la Compagnie. Le 11 mars 1718, il donne \u00e0 la Compagnie des Statuts qui sont un r\u00e8glement interne s\u2019ajoutant aux R\u00e8gles codifi\u00e9es par M. Alm\u00e9ras, et envoy\u00e9es aux Maisons par M. Jolly. Ce fut M. Bonnet qui \u00e9rigea les premi\u00e8res Provinces\u00a0: 14 d\u2019abord puis 19 ensuite. Il recommande aux Missionnaires de faire soigneusement les Visites canoniques\u00a0; r\u00e9dige des r\u00e8glements pour les charges de la Maison-M\u00e8re (Sup\u00e9rieure et Offici\u00e8res, Directrice du S\u00e9minaire), donne l\u2019ordre du jour des retraites annuelles et mensuelles. Les vocations affluent et il est question d\u2019\u00e9tablir en France, quatre S\u00e9minaires (1724). Il veut qu\u2019on g\u00e8re rigoureusement le temporel, parce que c\u2019est le <em>\u201cbien des Pauvres\u201d<\/em>, et s\u2019\u00e9l\u00e8ve contre la contrebande, m\u00eame dans une bonne intention. Enfin sa derni\u00e8re circulaire est pour exhorter les S\u0153urs \u00e0 se d\u00e9vouer sans peur au service des pestif\u00e9r\u00e9s.\u00a0 (R + 1)<\/p>\n<p align=\"justify\"><strong>En 1917<\/strong>, sur le front de <em>Mac\u00e9doine,<\/em> Victor Dagouassat, atteint d&rsquo;un \u00e9clat d&rsquo;obus en pleine poitrine, meurt en premi\u00e8re ligne, le jour m\u00eame de ses trente et un ans. C&rsquo;est au village de saint Vincent, et dans une humble ferme, \u00e0 <em>Pouy,<\/em> qu&rsquo;il naquit, le 10 mai 1886. Comme saint Vincent, il commence par garder les troupeaux, et de temps en temps il va prier \u00e0 <em>Buglose<\/em>. Mais d\u00e9j\u00e0 il per\u00e7oit l&rsquo;appel de son illustre compatriote. Il inaugure donc ses \u00e9tudes \u00e0 l&rsquo;\u00c9cole apostolique du <em>Berceau <\/em>pour laquelle il gardera un vif attachement. Cependant, d\u00e8s son ann\u00e9e de seconde, il est aux prises avec un combat int\u00e9rieur, l&rsquo;un des plus rudes qu&rsquo;aura \u00e0 soutenir ce futur officier : craignant de faire trop de peine \u00e0 son entourage familial s&rsquo;il suit la vocation missionnaire, il ach\u00e8ve ses \u00e9tudes au petit s\u00e9minaire et entre au grand s\u00e9minaire d&rsquo;<em>Aire<\/em> o\u00f9 certains directeurs jugent qu&rsquo;il n&rsquo;est pas fait pour le sacerdoce. Pendant son service militaire au 24e r\u00e9giment d&rsquo;artillerie, \u00e0 <em>Tarbes<\/em>, le probl\u00e8me de sa vocation le torture, mais il finit par acqu\u00e9rir la certitude que saint Vincent le r\u00e9clame, et il entre au s\u00e9minaire le 26 novembre 1909. Il appara\u00eet tout de suite ce qu&rsquo;il est : pieux, consciencieux, d\u00e9vou\u00e9, expansif. Il est ordonn\u00e9 pr\u00eatre le 12 juillet 1914 et, comme il le d\u00e9sirait, il est destin\u00e9 \u00e0 <em>Madagascar<\/em>. Mais la guerre \u00e9clate. Et le champ d&rsquo;action de ce jeune pr\u00eatre qui promettait tant, ce sera uniquement le champ de bataille. Mar\u00e9chal des logis, il prend part \u00e0 l&rsquo;offensive de <em>Lorraine<\/em> et participe \u00e0 la d\u00e9fense de <em>Nancy<\/em>, avec ce canon de 75 qu&rsquo;il commande et pour lequel il \u00e9prouve une affectueuse admiration. Vrai soldat, il est surtout pr\u00eatre et son ascendant moral sur les hommes est profond. Ses chefs l&rsquo;ont remarqu\u00e9. On l&rsquo;envoie faire un stage d&rsquo;officier d&rsquo;artillerie \u00e0 <em>Fontainebleau<\/em>. Il en sort sous-lieutenant et s&rsquo;inscrit, comme volontaire pour le front d&rsquo;Orient. Il a choisi comme arme les canons de 58 millim\u00e8tres, si fameux sous leur nom de \u00ab<em>crapouillots<\/em>\u00bb. Deux citations, la croix de guerre avec palme soulignent sa vaillance, en attendant que sur son uniforme sanglant son commandant \u00e9pingle la L\u00e9gion d&rsquo;honneur. Gr\u00e2ce aux lettres nombreuses qu&rsquo;il \u00e9crivit, on peut p\u00e9n\u00e9trer dans cette \u00e2me : on y d\u00e9couvre l\u2019emprise totale du sacerdoce, l&rsquo;ardeur missionnaire de ce pr\u00eatre-officier qui fait, \u2014 c&rsquo;est son cri de guerre \u2014 \u00ab <em>joyeusement <\/em>\u00bb son devoir. Et, en fin de compte, l&rsquo;\u00e2me du sous-lieutenant Dagouassat, avec son amour d\u00e9vorant pour le Christ et pour la <em>\u00abdouce France\u00bb<\/em> ressemble \u00e9tonnamment \u00e0 celle des paladins du Moyen Age, \u00e2me pieuse et sensible, \u00e2me intr\u00e9pide et joyeuse, chevaleresque jusqu&rsquo;au supr\u00eame sacrifice (2).<\/p>\n<p align=\"justify\"><strong>En 1934<\/strong>, \u00e0<em> Rome,<\/em> en la f\u00eate de l&rsquo;Ascension, Pierre-Ren\u00e9 Rogue est proclam\u00e9 Bienheureux (3).<\/p>\n<p>&#8212;&#8212;&#8212;&#8212;&#8212;&#8212;&#8212;&#8212;&#8212;&#8212;&#8212;&#8212;&#8212;&#8212;&#8212;&#8212;&#8212;&#8212;&#8212;&#8212;&#8212;&#8212;&#8212;&#8212;&#8212;&#8212;&#8212;&#8212;&#8212;&#8212;&#8212;&#8212;&#8212;&#8212;&#8212;&#8212;<\/p>\n<p>(1) <em>Circulaires<\/em> t. I, p. 249.<br \/>\n(2) <em>Annales<\/em>, t. 82, pp. 999-1041 ; t. 83, pp. 58-122, 451-543.<br \/>\n(3) <em>Annales<\/em>, t. 99, pp. 655-656.<\/p>\n","protected":false},"excerpt":{"rendered":"<p>En 1711, \u00e0 Paris, \u00e9lection de M. Jean Bonnet, 6e Sup\u00e9rieur G\u00e9n\u00e9ral. N\u00e9 \u00e0 Fontainebleau le 29 mars 1664, il re\u00e7ut la tonsure des mains de Bossuet. Entr\u00e9 au S\u00e9minaire interne des Lazaristes en 1681, &#8230; <a href=\"https:\/\/vincentians.com\/fr\/ephemerides-10-mai\/\" class=\"more-link\">Read More<\/a><\/p>\n","protected":false},"author":4,"featured_media":149897,"comment_status":"open","ping_status":"open","sticky":false,"template":"","format":"standard","meta":{"jetpack_post_was_ever_published":false,"_jetpack_newsletter_access":"","_jetpack_dont_email_post_to_subs":false,"_jetpack_newsletter_tier_id":0,"_jetpack_memberships_contains_paywalled_content":false,"_jetpack_memberships_contains_paid_content":false,"footnotes":"","jetpack_publicize_message":"","jetpack_publicize_feature_enabled":true,"jetpack_social_post_already_shared":true,"jetpack_social_options":{"image_generator_settings":{"template":"highway","default_image_id":0,"font":"","enabled":false},"version":2}},"categories":[119],"tags":[],"class_list":["post-105943","post","type-post","status-publish","format-standard","has-post-thumbnail","hentry","category-ephemerides-vincentiens"],"yoast_head":"<!-- This site is optimized with the Yoast SEO plugin v26.3 - https:\/\/yoast.com\/wordpress\/plugins\/seo\/ -->\n<title>Eph\u00e9m\u00e9rides: 10 mai - Nous Sommes Vincentiens<\/title>\n<meta name=\"robots\" content=\"index, follow, max-snippet:-1, max-image-preview:large, max-video-preview:-1\" \/>\n<link rel=\"canonical\" href=\"https:\/\/vincentians.com\/fr\/ephemerides-10-mai\/\" \/>\n<meta property=\"og:locale\" content=\"fr_FR\" \/>\n<meta property=\"og:type\" content=\"article\" \/>\n<meta property=\"og:title\" content=\"Eph\u00e9m\u00e9rides: 10 mai - Nous Sommes Vincentiens\" \/>\n<meta property=\"og:description\" content=\"En 1711, \u00e0 Paris, \u00e9lection de M. Jean Bonnet, 6e Sup\u00e9rieur G\u00e9n\u00e9ral. N\u00e9 \u00e0 Fontainebleau le 29 mars 1664, il re\u00e7ut la tonsure des mains de Bossuet. Entr\u00e9 au S\u00e9minaire interne des Lazaristes en 1681, ... Read More\" \/>\n<meta property=\"og:url\" content=\"https:\/\/vincentians.com\/fr\/ephemerides-10-mai\/\" \/>\n<meta property=\"og:site_name\" content=\"Nous Sommes Vincentiens\" \/>\n<meta property=\"article:publisher\" content=\"https:\/\/www.facebook.com\/WeAreVincentians\/\" \/>\n<meta property=\"article:author\" content=\"https:\/\/www.facebook.com\/JavierChento\" \/>\n<meta property=\"article:published_time\" content=\"2017-05-09T22:01:17+00:00\" \/>\n<meta property=\"og:image\" content=\"https:\/\/i0.wp.com\/vincentians.com\/fr\/wp-content\/uploads\/sites\/10\/2016\/07\/ephemerides-fb.jpg?fit=1200%2C630&ssl=1\" \/>\n\t<meta property=\"og:image:width\" content=\"1200\" \/>\n\t<meta property=\"og:image:height\" content=\"630\" \/>\n\t<meta property=\"og:image:type\" content=\"image\/jpeg\" \/>\n<meta name=\"author\" content=\"Francisco Javier Fern\u00e1ndez Chento\" \/>\n<meta name=\"twitter:card\" content=\"summary_large_image\" \/>\n<meta name=\"twitter:creator\" content=\"@https:\/\/twitter.com\/javierchento\" \/>\n<meta name=\"twitter:site\" content=\"@WeVincentians\" \/>\n<meta name=\"twitter:label1\" content=\"\u00c9crit par\" \/>\n\t<meta name=\"twitter:data1\" content=\"Francisco Javier Fern\u00e1ndez Chento\" \/>\n\t<meta name=\"twitter:label2\" content=\"Dur\u00e9e de lecture estim\u00e9e\" \/>\n\t<meta name=\"twitter:data2\" content=\"4 minutes\" \/>\n<script type=\"application\/ld+json\" class=\"yoast-schema-graph\">{\"@context\":\"https:\/\/schema.org\",\"@graph\":[{\"@type\":\"WebPage\",\"@id\":\"https:\/\/vincentians.com\/fr\/ephemerides-10-mai\/\",\"url\":\"https:\/\/vincentians.com\/fr\/ephemerides-10-mai\/\",\"name\":\"Eph\u00e9m\u00e9rides: 10 mai - Nous Sommes Vincentiens\",\"isPartOf\":{\"@id\":\"https:\/\/vincentians.com\/fr\/#website\"},\"primaryImageOfPage\":{\"@id\":\"https:\/\/vincentians.com\/fr\/ephemerides-10-mai\/#primaryimage\"},\"image\":{\"@id\":\"https:\/\/vincentians.com\/fr\/ephemerides-10-mai\/#primaryimage\"},\"thumbnailUrl\":\"https:\/\/i0.wp.com\/vincentians.com\/fr\/wp-content\/uploads\/sites\/10\/2016\/07\/ephemerides-fb.jpg?fit=1200%2C630&ssl=1\",\"datePublished\":\"2017-05-09T22:01:17+00:00\",\"author\":{\"@id\":\"https:\/\/vincentians.com\/fr\/#\/schema\/person\/9623ef4d9aa3b2dfb8c061f1499288f2\"},\"breadcrumb\":{\"@id\":\"https:\/\/vincentians.com\/fr\/ephemerides-10-mai\/#breadcrumb\"},\"inLanguage\":\"fr-FR\",\"potentialAction\":[{\"@type\":\"ReadAction\",\"target\":[\"https:\/\/vincentians.com\/fr\/ephemerides-10-mai\/\"]}]},{\"@type\":\"ImageObject\",\"inLanguage\":\"fr-FR\",\"@id\":\"https:\/\/vincentians.com\/fr\/ephemerides-10-mai\/#primaryimage\",\"url\":\"https:\/\/i0.wp.com\/vincentians.com\/fr\/wp-content\/uploads\/sites\/10\/2016\/07\/ephemerides-fb.jpg?fit=1200%2C630&ssl=1\",\"contentUrl\":\"https:\/\/i0.wp.com\/vincentians.com\/fr\/wp-content\/uploads\/sites\/10\/2016\/07\/ephemerides-fb.jpg?fit=1200%2C630&ssl=1\",\"width\":1200,\"height\":630},{\"@type\":\"BreadcrumbList\",\"@id\":\"https:\/\/vincentians.com\/fr\/ephemerides-10-mai\/#breadcrumb\",\"itemListElement\":[{\"@type\":\"ListItem\",\"position\":1,\"name\":\"Portada\",\"item\":\"https:\/\/vincentians.com\/fr\/\"},{\"@type\":\"ListItem\",\"position\":2,\"name\":\"Eph\u00e9m\u00e9rides: 10 mai\"}]},{\"@type\":\"WebSite\",\"@id\":\"https:\/\/vincentians.com\/fr\/#website\",\"url\":\"https:\/\/vincentians.com\/fr\/\",\"name\":\"Nous Sommes Vincentiens\",\"description\":\"Know more to serve more\",\"potentialAction\":[{\"@type\":\"SearchAction\",\"target\":{\"@type\":\"EntryPoint\",\"urlTemplate\":\"https:\/\/vincentians.com\/fr\/?s={search_term_string}\"},\"query-input\":{\"@type\":\"PropertyValueSpecification\",\"valueRequired\":true,\"valueName\":\"search_term_string\"}}],\"inLanguage\":\"fr-FR\"},{\"@type\":\"Person\",\"@id\":\"https:\/\/vincentians.com\/fr\/#\/schema\/person\/9623ef4d9aa3b2dfb8c061f1499288f2\",\"name\":\"Francisco Javier Fern\u00e1ndez Chento\",\"image\":{\"@type\":\"ImageObject\",\"inLanguage\":\"fr-FR\",\"@id\":\"https:\/\/vincentians.com\/fr\/#\/schema\/person\/image\/\",\"url\":\"https:\/\/secure.gravatar.com\/avatar\/497d5cde87b4c3d097d0315953521681ba2cd523ee66e5077c3711f7021e65de?s=96&d=mm&r=g\",\"contentUrl\":\"https:\/\/secure.gravatar.com\/avatar\/497d5cde87b4c3d097d0315953521681ba2cd523ee66e5077c3711f7021e65de?s=96&d=mm&r=g\",\"caption\":\"Francisco Javier Fern\u00e1ndez Chento\"},\"description\":\"Director General y cofundador de La Red de Formaci\u00f3n Vicenciana. Javier es laico vicenciano, afiliado a la Congregaci\u00f3n de la Misi\u00f3n y miembro del Equipo de Misiones Populares de la provincia can\u00f3nica de Zaragoza (Espa\u00f1a) de la Congregaci\u00f3n de la Misi\u00f3n. Graduado en la Universidad Oberta de Catalunya con cuatro grados (Asistente de direcci\u00f3n, Gesti\u00f3n Administrativa, Recursos Humanos y Contabilidad Avanzada). Bil\u00edng\u00fce Espa\u00f1ol\/Ingl\u00e9s. gestiona y mantiene varias p\u00e1ginas web cristianas y vicencianas, incluida including La Red de Formaci\u00f3n Vicenciana, de la que es cofundador. Actualmente es responsable del \u00e1rea de Espa\u00f1ol de .famvin, la Red de Noticias de la Familia Vicenciana. Tambi\u00e9n es m\u00fasico cat\u00f3lico y ha editado varios discos. Es Director General y cofundador de Trovador, una reconocida compa\u00f1\u00eda discogr\u00e1fica critiana de Espa\u00f1a. Trabaja en las Tecnolog\u00edas de la Informaci\u00f3n, ofreciendo servicios de alojamiento, dise\u00f1o y mantenimiento Web, as\u00ed como asesoramiento, formaci\u00f3n y soluciones inform\u00e1ticas, gesti\u00f3n documental y digitalizaci\u00f3n de textos, edici\u00f3n y maquetaci\u00f3n de libros, revistas, flyers, etc.\",\"sameAs\":[\"http:\/\/chento.org\",\"https:\/\/www.facebook.com\/JavierChento\",\"https:\/\/x.com\/https:\/\/twitter.com\/javierchento\"],\"url\":\"https:\/\/vincentians.com\/fr\/author\/chento\/\"}]}<\/script>\n<!-- \/ Yoast SEO plugin. -->","yoast_head_json":{"title":"Eph\u00e9m\u00e9rides: 10 mai - Nous Sommes Vincentiens","robots":{"index":"index","follow":"follow","max-snippet":"max-snippet:-1","max-image-preview":"max-image-preview:large","max-video-preview":"max-video-preview:-1"},"canonical":"https:\/\/vincentians.com\/fr\/ephemerides-10-mai\/","og_locale":"fr_FR","og_type":"article","og_title":"Eph\u00e9m\u00e9rides: 10 mai - Nous Sommes Vincentiens","og_description":"En 1711, \u00e0 Paris, \u00e9lection de M. Jean Bonnet, 6e Sup\u00e9rieur G\u00e9n\u00e9ral. N\u00e9 \u00e0 Fontainebleau le 29 mars 1664, il re\u00e7ut la tonsure des mains de Bossuet. Entr\u00e9 au S\u00e9minaire interne des Lazaristes en 1681, ... Read More","og_url":"https:\/\/vincentians.com\/fr\/ephemerides-10-mai\/","og_site_name":"Nous Sommes Vincentiens","article_publisher":"https:\/\/www.facebook.com\/WeAreVincentians\/","article_author":"https:\/\/www.facebook.com\/JavierChento","article_published_time":"2017-05-09T22:01:17+00:00","og_image":[{"width":1200,"height":630,"url":"https:\/\/i0.wp.com\/vincentians.com\/fr\/wp-content\/uploads\/sites\/10\/2016\/07\/ephemerides-fb.jpg?fit=1200%2C630&ssl=1","type":"image\/jpeg"}],"author":"Francisco Javier Fern\u00e1ndez Chento","twitter_card":"summary_large_image","twitter_creator":"@https:\/\/twitter.com\/javierchento","twitter_site":"@WeVincentians","twitter_misc":{"\u00c9crit par":"Francisco Javier Fern\u00e1ndez Chento","Dur\u00e9e de lecture estim\u00e9e":"4 minutes"},"schema":{"@context":"https:\/\/schema.org","@graph":[{"@type":"WebPage","@id":"https:\/\/vincentians.com\/fr\/ephemerides-10-mai\/","url":"https:\/\/vincentians.com\/fr\/ephemerides-10-mai\/","name":"Eph\u00e9m\u00e9rides: 10 mai - Nous Sommes Vincentiens","isPartOf":{"@id":"https:\/\/vincentians.com\/fr\/#website"},"primaryImageOfPage":{"@id":"https:\/\/vincentians.com\/fr\/ephemerides-10-mai\/#primaryimage"},"image":{"@id":"https:\/\/vincentians.com\/fr\/ephemerides-10-mai\/#primaryimage"},"thumbnailUrl":"https:\/\/i0.wp.com\/vincentians.com\/fr\/wp-content\/uploads\/sites\/10\/2016\/07\/ephemerides-fb.jpg?fit=1200%2C630&ssl=1","datePublished":"2017-05-09T22:01:17+00:00","author":{"@id":"https:\/\/vincentians.com\/fr\/#\/schema\/person\/9623ef4d9aa3b2dfb8c061f1499288f2"},"breadcrumb":{"@id":"https:\/\/vincentians.com\/fr\/ephemerides-10-mai\/#breadcrumb"},"inLanguage":"fr-FR","potentialAction":[{"@type":"ReadAction","target":["https:\/\/vincentians.com\/fr\/ephemerides-10-mai\/"]}]},{"@type":"ImageObject","inLanguage":"fr-FR","@id":"https:\/\/vincentians.com\/fr\/ephemerides-10-mai\/#primaryimage","url":"https:\/\/i0.wp.com\/vincentians.com\/fr\/wp-content\/uploads\/sites\/10\/2016\/07\/ephemerides-fb.jpg?fit=1200%2C630&ssl=1","contentUrl":"https:\/\/i0.wp.com\/vincentians.com\/fr\/wp-content\/uploads\/sites\/10\/2016\/07\/ephemerides-fb.jpg?fit=1200%2C630&ssl=1","width":1200,"height":630},{"@type":"BreadcrumbList","@id":"https:\/\/vincentians.com\/fr\/ephemerides-10-mai\/#breadcrumb","itemListElement":[{"@type":"ListItem","position":1,"name":"Portada","item":"https:\/\/vincentians.com\/fr\/"},{"@type":"ListItem","position":2,"name":"Eph\u00e9m\u00e9rides: 10 mai"}]},{"@type":"WebSite","@id":"https:\/\/vincentians.com\/fr\/#website","url":"https:\/\/vincentians.com\/fr\/","name":"Nous Sommes Vincentiens","description":"Know more to serve more","potentialAction":[{"@type":"SearchAction","target":{"@type":"EntryPoint","urlTemplate":"https:\/\/vincentians.com\/fr\/?s={search_term_string}"},"query-input":{"@type":"PropertyValueSpecification","valueRequired":true,"valueName":"search_term_string"}}],"inLanguage":"fr-FR"},{"@type":"Person","@id":"https:\/\/vincentians.com\/fr\/#\/schema\/person\/9623ef4d9aa3b2dfb8c061f1499288f2","name":"Francisco Javier Fern\u00e1ndez Chento","image":{"@type":"ImageObject","inLanguage":"fr-FR","@id":"https:\/\/vincentians.com\/fr\/#\/schema\/person\/image\/","url":"https:\/\/secure.gravatar.com\/avatar\/497d5cde87b4c3d097d0315953521681ba2cd523ee66e5077c3711f7021e65de?s=96&d=mm&r=g","contentUrl":"https:\/\/secure.gravatar.com\/avatar\/497d5cde87b4c3d097d0315953521681ba2cd523ee66e5077c3711f7021e65de?s=96&d=mm&r=g","caption":"Francisco Javier Fern\u00e1ndez Chento"},"description":"Director General y cofundador de La Red de Formaci\u00f3n Vicenciana. Javier es laico vicenciano, afiliado a la Congregaci\u00f3n de la Misi\u00f3n y miembro del Equipo de Misiones Populares de la provincia can\u00f3nica de Zaragoza (Espa\u00f1a) de la Congregaci\u00f3n de la Misi\u00f3n. Graduado en la Universidad Oberta de Catalunya con cuatro grados (Asistente de direcci\u00f3n, Gesti\u00f3n Administrativa, Recursos Humanos y Contabilidad Avanzada). Bil\u00edng\u00fce Espa\u00f1ol\/Ingl\u00e9s. gestiona y mantiene varias p\u00e1ginas web cristianas y vicencianas, incluida including La Red de Formaci\u00f3n Vicenciana, de la que es cofundador. Actualmente es responsable del \u00e1rea de Espa\u00f1ol de .famvin, la Red de Noticias de la Familia Vicenciana. Tambi\u00e9n es m\u00fasico cat\u00f3lico y ha editado varios discos. Es Director General y cofundador de Trovador, una reconocida compa\u00f1\u00eda discogr\u00e1fica critiana de Espa\u00f1a. Trabaja en las Tecnolog\u00edas de la Informaci\u00f3n, ofreciendo servicios de alojamiento, dise\u00f1o y mantenimiento Web, as\u00ed como asesoramiento, formaci\u00f3n y soluciones inform\u00e1ticas, gesti\u00f3n documental y digitalizaci\u00f3n de textos, edici\u00f3n y maquetaci\u00f3n de libros, revistas, flyers, etc.","sameAs":["http:\/\/chento.org","https:\/\/www.facebook.com\/JavierChento","https:\/\/x.com\/https:\/\/twitter.com\/javierchento"],"url":"https:\/\/vincentians.com\/fr\/author\/chento\/"}]}},"jetpack_publicize_connections":[],"jetpack_featured_media_url":"https:\/\/i0.wp.com\/vincentians.com\/fr\/wp-content\/uploads\/sites\/10\/2016\/07\/ephemerides-fb.jpg?fit=1200%2C630&ssl=1","jetpack_sharing_enabled":true,"jetpack_shortlink":"https:\/\/wp.me\/p7ETMP-ryL","jetpack-related-posts":[{"id":104133,"url":"https:\/\/vincentians.com\/fr\/ephemerides-6-novembre\/","url_meta":{"origin":105943,"position":0},"title":"Eph\u00e9m\u00e9rides: 6 novembre","author":"Francisco Javier Fern\u00e1ndez Chento","date":"06\/11\/2016","format":false,"excerpt":"1640. D\u00e9part des premi\u00e8res Filles de la Charit\u00e9 pour l\u2019h\u00f4pital de Sedan. Un autre groupe partira en 1654\u00a0: \u201cVoyons leur dit saint Vincent, voyons ce que vous devez faire pour que Dieu soit honor\u00e9. Je crois, mes Soeurs, qu\u2019il ne faut autre chose que la pratique des vertus qui composent\u2026","rel":"","context":"Dans &quot;\u00c9ph\u00e9m\u00e9rides vincentiens&quot;","block_context":{"text":"\u00c9ph\u00e9m\u00e9rides vincentiens","link":"https:\/\/vincentians.com\/fr\/category\/ephemerides-vincentiens\/"},"img":{"alt_text":"","src":"https:\/\/i0.wp.com\/vincentians.com\/fr\/wp-content\/uploads\/sites\/10\/2016\/07\/ephemerides-fb.jpg?fit=1200%2C630&ssl=1&resize=350%2C200","width":350,"height":200,"srcset":"https:\/\/i0.wp.com\/vincentians.com\/fr\/wp-content\/uploads\/sites\/10\/2016\/07\/ephemerides-fb.jpg?fit=1200%2C630&ssl=1&resize=350%2C200 1x, https:\/\/i0.wp.com\/vincentians.com\/fr\/wp-content\/uploads\/sites\/10\/2016\/07\/ephemerides-fb.jpg?fit=1200%2C630&ssl=1&resize=525%2C300 1.5x, https:\/\/i0.wp.com\/vincentians.com\/fr\/wp-content\/uploads\/sites\/10\/2016\/07\/ephemerides-fb.jpg?fit=1200%2C630&ssl=1&resize=700%2C400 2x, https:\/\/i0.wp.com\/vincentians.com\/fr\/wp-content\/uploads\/sites\/10\/2016\/07\/ephemerides-fb.jpg?fit=1200%2C630&ssl=1&resize=1050%2C600 3x"},"classes":[]},{"id":104126,"url":"https:\/\/vincentians.com\/fr\/ephemerides-21-novembre\/","url_meta":{"origin":105943,"position":1},"title":"Eph\u00e9m\u00e9rides: 21 novembre","author":"Francisco Javier Fern\u00e1ndez Chento","date":"21\/11\/2016","format":false,"excerpt":"1672. M\u00e8re Mathurine Gu\u00e9rin \u00e9crit \u00e0 l\u2019Ev\u00eaque de Cahors le remerciant d\u2019avoir permis le retrait des trois S\u0153urs de l\u2019h\u00f4pital Saint Jacques de sa ville \u00e9piscopale. Les trois S\u0153urs y ont longtemps souffert. (C) 1700. La f\u00eate de la Pr\u00e9sentation de la Vierge Marie oriente le sujet de la Conf\u00e9rence.\u2026","rel":"","context":"Dans &quot;\u00c9ph\u00e9m\u00e9rides vincentiens&quot;","block_context":{"text":"\u00c9ph\u00e9m\u00e9rides vincentiens","link":"https:\/\/vincentians.com\/fr\/category\/ephemerides-vincentiens\/"},"img":{"alt_text":"","src":"https:\/\/i0.wp.com\/vincentians.com\/fr\/wp-content\/uploads\/sites\/10\/2016\/07\/ephemerides-fb.jpg?fit=1200%2C630&ssl=1&resize=350%2C200","width":350,"height":200,"srcset":"https:\/\/i0.wp.com\/vincentians.com\/fr\/wp-content\/uploads\/sites\/10\/2016\/07\/ephemerides-fb.jpg?fit=1200%2C630&ssl=1&resize=350%2C200 1x, https:\/\/i0.wp.com\/vincentians.com\/fr\/wp-content\/uploads\/sites\/10\/2016\/07\/ephemerides-fb.jpg?fit=1200%2C630&ssl=1&resize=525%2C300 1.5x, https:\/\/i0.wp.com\/vincentians.com\/fr\/wp-content\/uploads\/sites\/10\/2016\/07\/ephemerides-fb.jpg?fit=1200%2C630&ssl=1&resize=700%2C400 2x, https:\/\/i0.wp.com\/vincentians.com\/fr\/wp-content\/uploads\/sites\/10\/2016\/07\/ephemerides-fb.jpg?fit=1200%2C630&ssl=1&resize=1050%2C600 3x"},"classes":[]},{"id":190377,"url":"https:\/\/vincentians.com\/fr\/ephemerides-07-mai\/","url_meta":{"origin":105943,"position":2},"title":"Eph\u00e9m\u00e9rides : 07 mai","author":"Francisco Javier Fern\u00e1ndez Chento","date":"07\/05\/2017","format":false,"excerpt":"1711. \u00c0 Paris, ouverture de la huiti\u00e8me Assembl\u00e9e g\u00e9n\u00e9rale. Elle aurait d\u00fb commencer une semaine plus t\u00f4t\u00a0; mais il fallut attendre l'arriv\u00e9e des d\u00e9put\u00e9s d'Italie et de Pologne, ainsi que M. H\u00e9nin, visiteur d'Aquitaine. R\u00e9unis sous la pr\u00e9sidence du vicaire g\u00e9n\u00e9ral, M. Jean Bonnet, les vingt-huit membres donnent, deux jours\u2026","rel":"","context":"Dans &quot;\u00c9ph\u00e9m\u00e9rides vincentiens&quot;","block_context":{"text":"\u00c9ph\u00e9m\u00e9rides vincentiens","link":"https:\/\/vincentians.com\/fr\/category\/ephemerides-vincentiens\/"},"img":{"alt_text":"","src":"https:\/\/i0.wp.com\/vincentians.com\/fr\/wp-content\/uploads\/sites\/10\/2016\/07\/ephemerides-fb.jpg?fit=1200%2C630&ssl=1&resize=350%2C200","width":350,"height":200,"srcset":"https:\/\/i0.wp.com\/vincentians.com\/fr\/wp-content\/uploads\/sites\/10\/2016\/07\/ephemerides-fb.jpg?fit=1200%2C630&ssl=1&resize=350%2C200 1x, https:\/\/i0.wp.com\/vincentians.com\/fr\/wp-content\/uploads\/sites\/10\/2016\/07\/ephemerides-fb.jpg?fit=1200%2C630&ssl=1&resize=525%2C300 1.5x, https:\/\/i0.wp.com\/vincentians.com\/fr\/wp-content\/uploads\/sites\/10\/2016\/07\/ephemerides-fb.jpg?fit=1200%2C630&ssl=1&resize=700%2C400 2x, https:\/\/i0.wp.com\/vincentians.com\/fr\/wp-content\/uploads\/sites\/10\/2016\/07\/ephemerides-fb.jpg?fit=1200%2C630&ssl=1&resize=1050%2C600 3x"},"classes":[]},{"id":104131,"url":"https:\/\/vincentians.com\/fr\/ephemerides-8-novembre\/","url_meta":{"origin":105943,"position":3},"title":"Eph\u00e9m\u00e9rides: 8 novembre","author":"Francisco Javier Fern\u00e1ndez Chento","date":"08\/11\/2016","format":false,"excerpt":"1656. Monsieur Vincent s\u2019excuse aupr\u00e8s de l\u2019Ev\u00eaque de Tr\u00e9guier de ne pouvoir lui envoyer les S\u0153urs qu\u2019il demande. Vu le nombre toujours insuffisant des S\u0153urs, les d\u00e9c\u00e8s nombreux , il n\u2019est pas possible \u00e0 Louise de Marillac de r\u00e9pondre rapidement \u00e0 tous les appels. (C) 1712. Aux Incurables (Laennec) mort\u2026","rel":"","context":"Dans &quot;\u00c9ph\u00e9m\u00e9rides vincentiens&quot;","block_context":{"text":"\u00c9ph\u00e9m\u00e9rides vincentiens","link":"https:\/\/vincentians.com\/fr\/category\/ephemerides-vincentiens\/"},"img":{"alt_text":"","src":"https:\/\/i0.wp.com\/vincentians.com\/fr\/wp-content\/uploads\/sites\/10\/2016\/07\/ephemerides-fb.jpg?fit=1200%2C630&ssl=1&resize=350%2C200","width":350,"height":200,"srcset":"https:\/\/i0.wp.com\/vincentians.com\/fr\/wp-content\/uploads\/sites\/10\/2016\/07\/ephemerides-fb.jpg?fit=1200%2C630&ssl=1&resize=350%2C200 1x, https:\/\/i0.wp.com\/vincentians.com\/fr\/wp-content\/uploads\/sites\/10\/2016\/07\/ephemerides-fb.jpg?fit=1200%2C630&ssl=1&resize=525%2C300 1.5x, https:\/\/i0.wp.com\/vincentians.com\/fr\/wp-content\/uploads\/sites\/10\/2016\/07\/ephemerides-fb.jpg?fit=1200%2C630&ssl=1&resize=700%2C400 2x, https:\/\/i0.wp.com\/vincentians.com\/fr\/wp-content\/uploads\/sites\/10\/2016\/07\/ephemerides-fb.jpg?fit=1200%2C630&ssl=1&resize=1050%2C600 3x"},"classes":[]},{"id":189313,"url":"https:\/\/vincentians.com\/fr\/ephemerides-30-juilliet\/","url_meta":{"origin":105943,"position":4},"title":"Eph\u00e9m\u00e9rides: 30 juilliet","author":"Francisco Javier Fern\u00e1ndez Chento","date":"30\/07\/2017","format":false,"excerpt":"1662. La Conf\u00e9rence de Monsieur Alm\u00e9ras en ce jour a pour sujet l\u2019esprit de la Compagnie. Il recommande l\u2019ob\u00e9issance et le respect de la Sup\u00e9rieure G\u00e9n\u00e9rale. (C) 1671. Par contrat pass\u00e9 devant les notaires du Ch\u00e2telet de Paris, les Pr\u00eatres de la Mission r\u00e9troc\u00e8dent aux Filles de la Charit\u00e9 un\u2026","rel":"","context":"Dans &quot;\u00c9ph\u00e9m\u00e9rides vincentiens&quot;","block_context":{"text":"\u00c9ph\u00e9m\u00e9rides vincentiens","link":"https:\/\/vincentians.com\/fr\/category\/ephemerides-vincentiens\/"},"img":{"alt_text":"","src":"https:\/\/i0.wp.com\/vincentians.com\/fr\/wp-content\/uploads\/sites\/10\/2016\/07\/ephemerides-fb.jpg?fit=1200%2C630&ssl=1&resize=350%2C200","width":350,"height":200,"srcset":"https:\/\/i0.wp.com\/vincentians.com\/fr\/wp-content\/uploads\/sites\/10\/2016\/07\/ephemerides-fb.jpg?fit=1200%2C630&ssl=1&resize=350%2C200 1x, https:\/\/i0.wp.com\/vincentians.com\/fr\/wp-content\/uploads\/sites\/10\/2016\/07\/ephemerides-fb.jpg?fit=1200%2C630&ssl=1&resize=525%2C300 1.5x, https:\/\/i0.wp.com\/vincentians.com\/fr\/wp-content\/uploads\/sites\/10\/2016\/07\/ephemerides-fb.jpg?fit=1200%2C630&ssl=1&resize=700%2C400 2x, https:\/\/i0.wp.com\/vincentians.com\/fr\/wp-content\/uploads\/sites\/10\/2016\/07\/ephemerides-fb.jpg?fit=1200%2C630&ssl=1&resize=1050%2C600 3x"},"classes":[]},{"id":105534,"url":"https:\/\/vincentians.com\/fr\/ephemerides-11-janvier\/","url_meta":{"origin":105943,"position":5},"title":"Eph\u00e9m\u00e9rides: 11 janvier","author":"Francisco Javier Fern\u00e1ndez Chento","date":"11\/01\/2017","format":false,"excerpt":"1659. Sainte Louise \u00e9crit \u00e0 saint Vincent au sujet de notre genre de vie\u00a0: \u201cQuelques esprits d\u00e9licats de la Compagnie ont r\u00e9pugnance \u00e0 ce mot de \u201cconfr\u00e9rie\u201d et ne voudraient que Soci\u00e9t\u00e9 ou Communaut\u00e9. Je pris la libert\u00e9 de dire que ce mot \u00e9tait essentiel\u2026 et qu\u2019il signifiait \"s\u00e9cularit\u00e9\"\u00a0; que\u2026","rel":"","context":"Dans &quot;\u00c9ph\u00e9m\u00e9rides vincentiens&quot;","block_context":{"text":"\u00c9ph\u00e9m\u00e9rides vincentiens","link":"https:\/\/vincentians.com\/fr\/category\/ephemerides-vincentiens\/"},"img":{"alt_text":"","src":"https:\/\/i0.wp.com\/vincentians.com\/fr\/wp-content\/uploads\/sites\/10\/2016\/07\/ephemerides-fb.jpg?fit=1200%2C630&ssl=1&resize=350%2C200","width":350,"height":200,"srcset":"https:\/\/i0.wp.com\/vincentians.com\/fr\/wp-content\/uploads\/sites\/10\/2016\/07\/ephemerides-fb.jpg?fit=1200%2C630&ssl=1&resize=350%2C200 1x, https:\/\/i0.wp.com\/vincentians.com\/fr\/wp-content\/uploads\/sites\/10\/2016\/07\/ephemerides-fb.jpg?fit=1200%2C630&ssl=1&resize=525%2C300 1.5x, https:\/\/i0.wp.com\/vincentians.com\/fr\/wp-content\/uploads\/sites\/10\/2016\/07\/ephemerides-fb.jpg?fit=1200%2C630&ssl=1&resize=700%2C400 2x, https:\/\/i0.wp.com\/vincentians.com\/fr\/wp-content\/uploads\/sites\/10\/2016\/07\/ephemerides-fb.jpg?fit=1200%2C630&ssl=1&resize=1050%2C600 3x"},"classes":[]}],"_links":{"self":[{"href":"https:\/\/vincentians.com\/fr\/wp-json\/wp\/v2\/posts\/105943","targetHints":{"allow":["GET"]}}],"collection":[{"href":"https:\/\/vincentians.com\/fr\/wp-json\/wp\/v2\/posts"}],"about":[{"href":"https:\/\/vincentians.com\/fr\/wp-json\/wp\/v2\/types\/post"}],"author":[{"embeddable":true,"href":"https:\/\/vincentians.com\/fr\/wp-json\/wp\/v2\/users\/4"}],"replies":[{"embeddable":true,"href":"https:\/\/vincentians.com\/fr\/wp-json\/wp\/v2\/comments?post=105943"}],"version-history":[{"count":0,"href":"https:\/\/vincentians.com\/fr\/wp-json\/wp\/v2\/posts\/105943\/revisions"}],"wp:featuredmedia":[{"embeddable":true,"href":"https:\/\/vincentians.com\/fr\/wp-json\/wp\/v2\/media\/149897"}],"wp:attachment":[{"href":"https:\/\/vincentians.com\/fr\/wp-json\/wp\/v2\/media?parent=105943"}],"wp:term":[{"taxonomy":"category","embeddable":true,"href":"https:\/\/vincentians.com\/fr\/wp-json\/wp\/v2\/categories?post=105943"},{"taxonomy":"post_tag","embeddable":true,"href":"https:\/\/vincentians.com\/fr\/wp-json\/wp\/v2\/tags?post=105943"}],"curies":[{"name":"wp","href":"https:\/\/api.w.org\/{rel}","templated":true}]}}