{"id":105805,"date":"2015-05-21T07:50:57","date_gmt":"2015-05-21T05:50:57","guid":{"rendered":"http:\/\/vincentiens.org\/?p=105805"},"modified":"2015-05-21T07:50:57","modified_gmt":"2015-05-21T05:50:57","slug":"jesus-missionnaire-iii","status":"publish","type":"post","link":"https:\/\/vincentians.com\/fr\/jesus-missionnaire-iii\/","title":{"rendered":"Jesus missionnaire (III)"},"content":{"rendered":"<h2><b>C. L&rsquo;Esprit de l&rsquo;evangelisation<\/b><\/h2>\n<p><a href=\"https:\/\/i0.wp.com\/vincentiens.org\/wp-content\/uploads\/2013\/03\/christ_and_the_poor.jpg\"><img data-recalc-dims=\"1\" loading=\"lazy\" decoding=\"async\" class=\"alignright size-medium wp-image-106166\" alt=\"christ_and_the_poor\" src=\"https:\/\/i0.wp.com\/vincentiens.org\/wp-content\/uploads\/2013\/03\/christ_and_the_poor-244x300.jpg?resize=244%2C300\" width=\"244\" height=\"300\" \/><\/a>Dans une lettre \u00e0 M. Alm\u00e9ras \u00e0 Rome, Saint Vincent semblait relativiser le fait que d&rsquo;autres compagnies portent le nom de \u00abCongr\u00e9gation de la Mission\u00bb ou de \u00abmissionnaires\u00bb. Et il concluait :<\/p>\n<p style=\"padding-left: 30px\">\u00abIl vaut mieux commettre cela \u00e0 Dieu et t\u00e2cher de nous distinguer des autres seulement par une grande soumission et d\u00e9f\u00e9rence et par l&rsquo;usage des vertus qui font un vrai missionnaire\u00bb (SV. IV, 57).<\/p>\n<p>Ce qui distingue le Lazariste des autres missionnaires qui font les m\u00eames oeuvres que lui, c&rsquo;est une certaine mani\u00e8re de les faire, un style particulier &#8211; et le style c&rsquo;est l&rsquo;homme &#8211; une certaine fa\u00e7on d&rsquo;agir et de se comporter. Ce style sp\u00e9cifique, cet <i>\u00abhomo vincentianus\u00bb <\/i>est celui qui se caract\u00e9rise par ce que Saint Vincent appelle \u00ables facult\u00e9s de l&rsquo;\u00e2me\u00bb de la Compagnie qu&rsquo;il a fond\u00e9e et de chacun de ses membres. Ce sont : la Simplicit\u00e9, l&rsquo;Humilit\u00e9, la Douceur, le Z\u00e8le et la Mortification.<\/p>\n<p>Une vertu c&rsquo;est une force, une puissance qui agit ; dans l&rsquo;homme, c&rsquo;est une mani\u00e8re d&rsquo;\u00eatre acquise et durable, explique Aristote. C&rsquo;est l&rsquo;effort que fait l&rsquo;homme pour se bien conduire. Car le bien n&rsquo;est pas \u00e0 contempler, mais \u00e0 faire.<\/p>\n<p>C&rsquo;est pour cela que Saint Vincent a transform\u00e9 nos cinq vertus d&rsquo;asc\u00e9tiques en missionnaires. C&rsquo;est-\u00e0-dire qu&rsquo;il les a voulues comme l&rsquo;expression EXISTENTIELLE de l&rsquo;Esprit de J\u00e9sus Christ dont le missionnaire doit se rev\u00eatir. Autrement dit, comme J\u00e9sus Christ a agi selon ces cinq vertus, ainsi doit agir le missionnaire :<\/p>\n<p style=\"padding-left: 30px\">\u00abEnfermons-nous dans ces cinq vertus, comme les lima\u00e7ons dans leur coquille&#8230; Avec cela nous irons partout, nous viendrons \u00e0 bout de tout ; sans cela, nous ne serons que des missionnaires en peinture\u00bb (SV. XII, 322).<\/p>\n<p>Je passerai en revue ces cinq vertus m&rsquo;attardant davantage sur leur aspect actuel que sur celui que Saint Vincent leur avait donn\u00e9, surtout dans son explication des R\u00e8gles Communes (Voir surtout : XII, 114ss ; 167ss ; 182ss ; 195ss ; 211ss ; 273ss ; 298ss ; 311ss).<\/p>\n<h3><b><i>1. La Simplicit\u00e9<\/i><\/b><\/h3>\n<p>Avec l&rsquo;humilit\u00e9, la simplicit\u00e9 est la vertu vincentienne par excellence. C&rsquo;est celle que Saint Vincent affectionne au point de l&rsquo;appeler son \u00ab\u00a0\u00e9vangile\u00a0\u00bb : <i>\u00abJ&rsquo;ai une particuli\u00e8re d\u00e9votion <\/i><i>\u00e0 dire les choses comme elles sont\u00bb, <\/i>dit-il \u00e0 ses Filles. Tout gascon qu&rsquo;il soit, c&rsquo;est celle qu&rsquo;il pratique &#8211; non sans risque &#8211; et qu&rsquo;il cultive &#8211; non sans quelque progr\u00e8s. Dans une lettre \u00e0 M. du Coudray, il se d\u00e9fend de dire autre chose que ce qu&rsquo;il pense :<\/p>\n<p style=\"padding-left: 30px\">\u00abJ\u00e9sus, mon Dieu ! Serais-je r\u00e9duit \u00e0 ce malheur qu&rsquo;il me fall\u00fbt faire ou dire quelque chose \u00e0 votre \u00e9gard contre la simplicit\u00e9 ! Oh ! Dieu m&rsquo;en garde, Monsieur, et \u00e0 l&rsquo;\u00e9gard de qui que ce soit ! C&rsquo;est la vertu que j&rsquo;aime le plus et \u00e0 laquelle je fais plus d&rsquo;attention dans mes actions, si me semble ; et, s&rsquo;il m&rsquo;est loisible de le dire, je dirai que cela se fait avec quelque progr\u00e8s, par la mis\u00e9ricorde de Dieu\u00bb (SV. <b>I, <\/b>284).<\/p>\n<p>La simplicit\u00e9, est son \u00ab\u00a0\u00e9vangile\u00a0\u00bb parce que c&rsquo;est elle qui rapproche le plus des vrais pauvres qui, eux, sont simples et premiers destinataires de l&rsquo;\u00c9vangile ; celle qui rapproche Dieu de nous et celle qui nous rappelle que Dieu aime les simples (SV. XII, 171). La simplicit\u00e9 est comme la m\u00e8re de\u00a0toutes les vertus vincentiennes de telle sorte qu&rsquo;on pourrait se poser la question si on ne pourrait pas r\u00e9duire les quatre autres vertus \u00e0 celle de la simplicit\u00e9, v\u00e9cues chacune dans son propre champ d&rsquo;application.<\/p>\n<p>On pourrait r\u00e9duire la vertu de simplicit\u00e9 \u00e0 trois attitudes fondamentales :<\/p>\n<ol>\n<li>Dire ce qu&rsquo;on pense<\/li>\n<li>Faire comme on dit<\/li>\n<li>Devenir ce qu&rsquo;on est<\/li>\n<\/ol>\n<h4><b>a) Dire ce qu&rsquo;on pense<\/b><\/h4>\n<p>Ce n&rsquo;est pas la haine qui est le plus grand p\u00e9ch\u00e9 contre la charit\u00e9. Mais c&rsquo;est bien le mensonge. Celui-ci, en effet, d\u00e9nie \u00e0 l&rsquo;autre, l&rsquo;\u00eatre m\u00eame ; alors que la haine le fait plut\u00f4t exister comme son objet.<\/p>\n<p>1. Dire ce qu&rsquo;on pense c&rsquo;est, d&rsquo;abord, \u00e9viter le mensonge, cet acte conscient, libre, d\u00e9moniaque, diviseur et destructeur (Jean 8,44 ; Gen\u00e8se 3,4-5)<\/p>\n<p>2. Dire ce qu&rsquo;on pense c&rsquo;est, ensuite, \u00e9viter l&rsquo;hypocrisie et l&rsquo;affectation sous toutes ses formes et dans tous les domaines : la pr\u00e9dication, la tenue, la science, les affaires&#8230; Car, conclut Saint Vincent :<\/p>\n<p style=\"padding-left: 30px\"><i>\u00abL&rsquo;on ne croit point un homme pour \u00eatre bien <\/i><i>savant, mais pour ce que nous l&rsquo;estimons bon et <\/i><i>l&rsquo;aimons&#8230; Faisons ce que nous voudrons ; l&rsquo;on ne <\/i><i>croira jamais en nous, si nous ne t\u00e9moignons de <\/i><i>l&rsquo;amour et de la compassion \u00e0 ceux que nous voulons <\/i><i>qu&rsquo;ils croient en nous\u00bb (SV. I, <\/i>295).<\/p>\n<p>3. Dire ce qu&rsquo;on pense, c&rsquo;est avoir un jugement droit, du bon sens. C&rsquo;est \u00eatre neuf \u00e0 tout instant pour coller au r\u00e9el et l&rsquo;accueillir dans sa simplicit\u00e9 originelle. C&rsquo;est choisir d&rsquo;aller au plus simple dans notre raisonnement : Pourquoi faire compliqu\u00e9 quand on peut faire simple, long quand on peut faire bref, obscur quand on peut faire clair ?<\/p>\n<p>L&rsquo;intelligence n&rsquo;est-elle pas l&rsquo;art de ramener du complexe au simple ? Ou bien on veut faire obscur parce que l&rsquo;obscurit\u00e9 prot\u00e8ge de la critique et provoque l&rsquo;admiration des na\u00effs ?<\/p>\n<p style=\"padding-left: 30px\"><i>\u00abQuand on prend la simplicit\u00e9 pour une vertu <\/i><i>particuli\u00e8re et proprement dite, <\/i>dit Saint Vincent aux missionnaires, <i>elle comprend non seulement la puret\u00e9 <\/i><i>et la v\u00e9rit\u00e9, mais encore une propri\u00e9t\u00e9 qu&rsquo;elle a <\/i><i>d&rsquo;\u00e9loigner de nos paroles et actions, toute tromperie, ruse et duplicit\u00e9\u00bb (SV. XII, 172)<\/i><\/p>\n<p>4. Dire ce qu&rsquo;on pense, c&rsquo;est \u00e9viter la duplicit\u00e9, le double langage :<\/p>\n<p style=\"padding-left: 30px\"><i>\u00abSi nous parlons, il faut que ce ne soit jamais \u00e0 <\/i><i>double entente\u00bb (SV. XII, 174).<\/i><\/p>\n<p style=\"padding-left: 30px\"><i>\u00abLe monde surnage de duplicit\u00e9. \u00c0 peine voit-on <\/i><i>aujourd&rsquo;hui un homme qui parle comme il pense ; le <\/i><i>si\u00e8cle est tellement corrompu qu&rsquo;on ne voit partout <\/i><i>qu&rsquo;artifice et d\u00e9guisement ; cela passe m\u00eame &#8211; le dirai- <\/i><i>je ? &#8211; cela passe la grille&#8230; La duplicit\u00e9 c&rsquo;est la peste du <\/i><i>missionnaire ; la duplicit\u00e9 lui \u00f4te son esprit ; c&rsquo;est le <\/i><i>venin et le poison de la Mission, que de n&rsquo;\u00eatre point <\/i><i>sinc\u00e8re et simple aux yeux de Dieu et des hommes. (SV. XII, 303). <\/i>Car l&rsquo;\u00e2me du mensonge c&rsquo;est la mauvaise foi, c&rsquo;est-\u00e0-dire le contraire de la puret\u00e9 d&rsquo;intention\u00bb (cf. SV. XII, 172).<\/p>\n<h4><b>b) Faire comme on dit (Engagement)<\/b><\/h4>\n<ol>\n<li>C&rsquo;est \u00e9viter ce que beaucoup de nos jours reprochent \u00e0 l&rsquo;\u00c9glise &#8211; et donc \u00e0 nous &#8211; la dichotomie entre ce que nous pr\u00eachons et ce que nous vivons. Cette aberration est d\u00e9j\u00e0 s\u00e9v\u00e8rement stigmatis\u00e9e par J\u00e9sus (Matthieu 23).<\/li>\n<li>La simplicit\u00e9 est ainsi l&rsquo;oubli de soi, l&rsquo;anti-narcissisme, le contraire de la pr\u00e9tention et de la suffisance.<\/li>\n<\/ol>\n<p style=\"padding-left: 30px\">\u00abNous sommes si ch\u00e9tifs et mis\u00e9rables, dit Saint Vincent, que nous voulons avoir de l&rsquo;honneur ! Et qu&rsquo;est-ce que cela ? C&rsquo;est une fum\u00e9e qui est dans l&rsquo;esprit, qui se dissipe en un instant. La plupart se moquent de nous, et cependant nous nous rendons idol\u00e2tres d&rsquo;estime ; c&rsquo;est \u00eatre insens\u00e9, c&rsquo;est \u00eatre fou, c&rsquo;est \u00eatre comme ceux qui s&rsquo;imaginent \u00eatre papes, rois ; c&rsquo;est une folie que cela, une pure r\u00eaverie\u00bb (SV. XII, 318).<\/p>\n<h4><b>c) Devenir ce qu&rsquo;on est<\/b><\/h4>\n<p>Cet aspect rejoint quelque peu le pr\u00e9c\u00e9dent. Mais il insiste davantage sur la fid\u00e9lit\u00e9 \u00e0 son projet fondamental de vie, \u00e0 sa propre v\u00e9rit\u00e9 :<\/p>\n<p style=\"padding-left: 30px\">\u00abOn voit beaucoup de gens, remarque F\u00e9nelon, (cit\u00e9 par Andr\u00e9 Compte-Sponville dans son &lsquo;Petit Trait\u00e9 des Grandes vertus, p. 204) qui sont sinc\u00e8res sans \u00eatre simples : ils ne disent rien qu&rsquo;ils ne croient vrai, ils ne veulent passer pour ce qu&rsquo;ils sont, mais ils craignent sans cesse de passer pour ce qu&rsquo;ils ne sont pas ; ils sont toujours \u00e0 s&rsquo;\u00e9tudier eux-m\u00eames, \u00e0 compasser (mesurer avec un compas) toutes leurs paroles et toutes leurs pens\u00e9es, et \u00e0 repasser tout ce qu&rsquo;ils ont fait dans la crainte d&rsquo;avoir trop fait ou trop dit&#8230; Ils ne sont point \u00e0 leur aise avec les autres, et les autres ne sont pas \u00e0 leur aise avec eux ; on n&rsquo;y trouve rien d&rsquo;ais\u00e9, rien de libre, rien d&rsquo;ing\u00e9nu, rien de naturel ; on aimerait mieux des gens moins r\u00e9guliers et plus imparfaits, qui fussent moins compos\u00e9s. Voil\u00e0 le go\u00fbt des hommes, et celui de Dieu est de m\u00eame : il veut des \u00e2mes qui ne soient point occup\u00e9es d&rsquo;elles\u00bb.<\/p>\n<p style=\"padding-left: 30px\">\u00abLa simplicit\u00e9 est spontan\u00e9it\u00e9, co\u00efncidence imm\u00e9diate \u00e0 soi-m\u00eame, d\u00e9sint\u00e9ressement, d\u00e9tachement, d\u00e9dain de prouver, de l&#8217;emporter, de para\u00eetre&#8230; La simplicit\u00e9 est la vertu des sages et la sagesse des saints\u00bb<\/p>\n<p>La simplicit\u00e9 n&rsquo;est cependant pas stupidit\u00e9. Elle est plut\u00f4t discr\u00e9tion et pudeur. Elle ne dit, elle ne fait rien qui puisse blesser l&rsquo;amour. Elle est prudente, de cette prudence qui a nom d\u00e9licatesse, sensibilit\u00e9, tact et respect. Elle sait choisir ses dires, ses actions et le moment opportun de les accomplir.<\/p>\n<p style=\"padding-left: 30px\">\u00abSon office (la prudence) est encore de faire ce qu&rsquo;on fait, prudemment, sagement et pour un bon motif non seulement quant \u00e0 la substance de l&rsquo;action, mais en ses circonstances, en sorte que le prudent agit comme il faut, quand il faut, et pour la fin qu&rsquo;il faut\u00bb (SV. XII, 175).<\/p>\n<h3><b><i>2. L&rsquo;Humilit\u00e9<\/i><\/b><\/h3>\n<p>Pour Saint Vincent l&rsquo;humilit\u00e9 est <i>\u00able mot du guet\u00bb <\/i>de la Compagnie (XII, 206). Elle est la soeur a\u00een\u00e9e de la simplicit\u00e9, et \u00e0 la fois, la m\u00e8re et la fille de la charit\u00e9 (SV. X, 530 : SV. XII, 273 &#8211; 274) et c&rsquo;est elle qui <i>\u00abam\u00e8ne en l&rsquo;\u00e2me toutes les <\/i><i>autres vertus\u00bb (SV. <\/i>XII, 206 ; 210) ; <i>\u00abet qui les garde\u00bb (SV. <\/i>XI, 2).<\/p>\n<p>L&rsquo;homme moderne vit dans une angoisse end\u00e9mique et est en qu\u00eate de sens : il se prend r\u00e9ellement pour Prom\u00e9th\u00e9e. Fort de ses d\u00e9couvertes, il croit pouvoir dominer la mati\u00e8re, se rendre ma\u00eetre de la vie jusqu&rsquo;en ses sources et devenir \u00e0 lui- m\u00eame sa propre raison d&rsquo;\u00eatre. Il reste, cependant, esclave de trois idoles dominantes : l&rsquo;Avoir, le Pouvoir et le Savoir. Pris de vertige, il a perdu cette lucidit\u00e9 qui lui montrerait ses limites et lui ferait prendre conscience qu&rsquo;il n&rsquo;est pas dieu, et encore moins un dieu tout-puissant. Il a oubli\u00e9 qu&rsquo;il n&rsquo;est que cr\u00e9ature, donc limit\u00e9, fini, et \u00e0 jamais d\u00e9pendant d&rsquo;un Autre.<\/p>\n<p>\u00c0 ce vertige, un antidote : l&rsquo;humilit\u00e9.<\/p>\n<p>L&rsquo;humilit\u00e9 est authenticit\u00e9 \u00e0 l&rsquo;\u00e9gard de soi, des autres et du monde. De sorte que notre jugement est marqu\u00e9 par la v\u00e9rit\u00e9.<\/p>\n<p>L&rsquo;humilit\u00e9 est simplicit\u00e9 parce qu&rsquo;elle s&rsquo;enracine dans la lucidit\u00e9 sur soi et sur les autres et \u00e9vite \u00e0 l&rsquo;homme le ridicule de se prendre pour ce qu&rsquo;il n&rsquo;est pas et ne sera jamais : un surhomme.<\/p>\n<p>L&rsquo;humilit\u00e9 est, enfin, mis\u00e9ricorde envers soi-m\u00eame et envers les autres. Car on ne peut pardonner \u00e0 l&rsquo;autre ou lui demander pardon, sans nous \u00eatre pardonn\u00e9s nous-m\u00eames.<\/p>\n<p>Bref, \u00eatre humble consiste \u00e0 accepter notre manque ontologique et s&rsquo;ouvrir \u00e0 l&rsquo;Esprit pour qu&rsquo;il nous remplisse de ce qu&rsquo;il veut, quand il le veut et comme il le veut.<\/p>\n<p style=\"padding-left: 30px\"><i>\u00abL&rsquo;humble qui ne s&rsquo;adjuge rien, <\/i>\u00e9crit Vladimir Jank\u00e9l\u00e9vitch, <i>l&rsquo;humble qui ne croit pas au bonheur <\/i><i>comme \u00e0 une chose due, re\u00e7oit les moindres bienfaits <\/i><i>avec la reconnaissance infinie d&rsquo;un coeur nu et pu\u00e9ril ; <\/i><i>tout lui est chance merveilleuse, cl\u00e9mence inesp\u00e9r\u00e9e, <\/i><i>remise de peine et miraculeux pardon : il a plus que <\/i><i>quiconque le sens du cadeau facultatif et du don <\/i><i>gracieux, puisqu&rsquo;il croit n&rsquo;avoir rien m\u00e9rit\u00e9 et ne <\/i><i>s&rsquo;arroge aucun droit\u00bb (\u00abLes vertus et l&rsquo;amour\u00bb Volume <\/i><i>1, p. 397).<\/i><\/p>\n<h3><b><i>3. La Douceur<\/i><\/b><\/h3>\n<p>Dans sa conf\u00e9rence du 28 mars 1659 aux missionnaires, Saint Vincent donne \u00e0 la douceur trois aspects :<\/p>\n<p>Un aspect volontaire, viril et masculin, celui de r\u00e9primer les mouvements de l&rsquo;amour-propre bless\u00e9 ;<\/p>\n<p>Un aspect accueil, bienveillant et f\u00e9minin qui facilite la communication et rapproche les coeurs :<\/p>\n<p style=\"padding-left: 30px\"><i>\u00abIL faut quelqu&rsquo;attrait et un visage qui pla\u00eet pour n&rsquo;effaroucher personne\u00bb (SV. XII, 189) ;<\/i><\/p>\n<p>Un aspect mis\u00e9ricorde et divin, celui du pardon :<\/p>\n<p style=\"padding-left: 30px\"><i>\u00abAyant re\u00e7u d\u00e9plaisir de quelqu&rsquo;un, on passe outre, <\/i><i>on n&rsquo;en t\u00e9moigne rien ; on d\u00e9tourne sa pens\u00e9e du grief <\/i><i>pr\u00e9tendu\u00bb (SV. XII, 191).<\/i><\/p>\n<p>Je m&rsquo;attarderai surtout sur son aspect accueil et c&rsquo;est ce qui en fait surtout une vertu missionnaire. Comme son ami Mgr. de Gen\u00e8ve, Saint Vincent pense qu&rsquo;on attire plus de mouches avec une cuiller\u00e9e de miel qu&rsquo;avec un tonneau de vinaigre. Pour cela, il donne \u00e0 la douceur le visage de l&rsquo;amour affectif, ce en quoi elle est f\u00e9minine :<\/p>\n<p style=\"padding-left: 30px\">\u00abL&rsquo;amour affectif, explique-t-il aux Filles de la Charit\u00e9, proc\u00e8de du coeur&#8230; C&rsquo;est la tendresse dans l&rsquo;amour\u00bb (SV. IX, 475 ; 592).<\/p>\n<p>Saint Vincent donne aussi \u00e0 la douceur les traits de la cordialit\u00e9 :<\/p>\n<p style=\"padding-left: 30px\">\u00abC&rsquo;est une joie qu&rsquo;on sent dans le coeur quand on voit une personne qu&rsquo;on aime, et qu&rsquo;on t\u00e9moigne en second lieu par le visage ; car, quand une personne a de la joie au coeur, elle ne la saurait cacher ; vous la voyez bien sur son visage\u00bb (SV. X, 487).<\/p>\n<p>La douceur est une vertu missionnaire dans la mesure o\u00f9 elle est <i>\u00abun courage sans violence, une force sans duret\u00e9 et <\/i><i>un amour sans col\u00e8re\u00bb. <\/i>C&rsquo;est la force de la tendresse maternelle qui apaise, rassure, tranquillise. C&rsquo;est la confiance en acte. C&rsquo;est pour cela que Matthieu met un lien entre la peine de l&rsquo;homme et la douceur du Christ :<\/p>\n<p style=\"padding-left: 30px\">\u00abVenez \u00e0 moi, vous tous qui peinez sous le poids du fardeau, et moi je vous donnerai le repos. Prenez sur vous mon joug et remettez-vous \u00e0 mon \u00e9cole, car je suis doux et humble de coeur, et vous trouverez le repos de vos \u00e2mes\u00bb (Matthieu 11,28-30).<\/p>\n<p>Bref, la douceur c&rsquo;est l&rsquo;amour dans sa g\u00e9n\u00e9rosit\u00e9 et sa bienveillance effectives.<\/p>\n<h3><b><i>4. Le Z\u00e8le<\/i><\/b><\/h3>\n<p style=\"padding-left: 30px\"><i>\u00abSi l&rsquo;amour est un feu, le z\u00e8le en est la flamme\u00bb (SV. <\/i><i>XII, 307).<\/i><\/p>\n<p>Pour Saint Vincent, le z\u00e8le est ce que nous appellerions aujourd&rsquo;hui le don de soi ou l&rsquo;esprit missionnaire.<\/p>\n<p>Avoir l&rsquo;esprit missionnaire c&rsquo;est d&rsquo;abord sortir de sa coquille et \u00e9largir son regard aux dimensions de l&rsquo;univers. Sinon on est des missionnaires de petite p\u00e9riph\u00e9rie ou des <i>\u00abcarcasses de S. Lazare\u00bb (SV. <\/i>XI, <i>17).<\/i><\/p>\n<p style=\"padding-left: 30px\">\u00abNotre vocation est d&rsquo;aller, non en une paroisse, ni seulement en un \u00e9v\u00each\u00e9, mais par toute la terre ; et quoi faire ? Embraser le coeur des hommes, faire ce que le Fils de Dieu a fait, lui qui est venu mettre le feu au monde afin de l&rsquo;enflammer de son amour\u00bb (SV. XII, 262).<\/p>\n<p>C&rsquo;est, ensuite, dans une dynamique centrifuge, ne jamais \u00eatre satisfait de ce qu&rsquo;on r\u00e9alise, ni s&rsquo;installer dans une confortable m\u00e9diocrit\u00e9. Saint Vincent ironise :<\/p>\n<p style=\"padding-left: 30px\">\u00abOn cherche l&rsquo;ombre ; on ne voudrait pas sortir au soleil ; nous aimons si fort nos aises ! En mission du moins on est dans l&rsquo;\u00e9glise \u00e0 couvert des injures du temps, de l&rsquo;ardeur du soleil, de la pluie, auxquelles ces pauvres gens sont expos\u00e9s. Et nous crions \u00e0 l&rsquo;aide si l&rsquo;on nous donne un tant soit peu plus d&rsquo;occupation qu&rsquo;\u00e0 l&rsquo;ordinaire. Ma chambre, mes livres, ma messe ! Est-ce l\u00e0 \u00eatre missionnaire ?\u00bb (SV. XI, 201).<\/p>\n<p>Saint Vincent voudrait plut\u00f4t que nous ayons le d\u00e9sir du martyre :<\/p>\n<p style=\"padding-left: 30px\">\u00abPlaise \u00e0 Dieu, Messieurs et mes fr\u00e8res, que tous ceux qui viennent pour \u00eatre de la Compagnie, y viennent dans la pens\u00e9e du martyre, dans le d\u00e9sir d&rsquo;y <i>souffrir le martyre et de se consacrer enti\u00e8rement au <\/i><i>service de Dieu, soit pour les pays \u00e9loign\u00e9s, soit pour <\/i><i>celui-ci, en quelque lieu que ce soit o\u00f9 il plaira \u00e0 Dieu <\/i><i>se servir de la pauvre petite Compagnie !\u00bb (SV. XI, <\/i><i>371).<\/i><\/p>\n<p>C&rsquo;est enfin, \u00e9tablir, en mission, une qualit\u00e9 de relation telle que l&rsquo;\u00c9vangile se r\u00e9pande dans le respect des \u00abSemences du Verbe\u00bb :<\/p>\n<p style=\"padding-left: 30px\"><i>\u00abD\u00e8s qu&rsquo;on sort de soi, <\/i>\u00e9crit le P. Congar, <i>d\u00e8s qu&rsquo;on <\/i><i>se donne \u00e0 un bien qui nous d\u00e9passe, d\u00e8s qu&rsquo;il y a <\/i><i>vraiment amour, il y a possibilit\u00e9 de rencontrer, sous <\/i><i>les esp\u00e8ces d&rsquo;un absolu, le Dieu cach\u00e9 qui veut nous <\/i><i>attirer et nous sauver\u00bb.<\/i><\/p>\n<p>Se m\u00e9fier, cependant, du z\u00e8le indiscret, \u00e0 la fa\u00e7on des sectes : T\u00e9moin de J\u00e9hovah.<\/p>\n<p>Jean-Paul Il rappelle, enfin, dans <i>\u00abRedemptoris Missio\u00bb <\/i>que le v\u00e9ritable z\u00e8le missionnaire est synonyme de saintet\u00e9 :<\/p>\n<p style=\"padding-left: 30px\"><i>\u00abL&rsquo;appel \u00e0 la mission d\u00e9coule par nature de l&rsquo;appel <\/i><i>\u00e0 la saintet\u00e9. Tout missionnaire n&rsquo;est authentiquement <\/i><i>missionnaire que s&rsquo;il s&rsquo;engage sur la voie de la <\/i><i>saintet\u00e9\u00bb (n\u00b0 90).<\/i><\/p>\n<h3><i>5. La Mortification<\/i><\/h3>\n<p>De nos jours, ce mot n&rsquo;a pas bonne presse. D&rsquo;ailleurs il sonne faux \u00e0 nos oreilles. Car se \u00ab\u00a0mortifier\u00a0\u00bb (se donner la mort) semble contraire \u00e0 l&rsquo;\u00c9vangile qui est \u00abvie en surabondance\u00bb (Jean 10,10). De fait on ne doit tuer en nous et autour de nous que ce qui est intrins\u00e8quement mauvais. Or il n&rsquo;y a rien de vraiment mauvais ni en l&rsquo;homme, ni dans la cr\u00e9ature (Gen\u00e8se 1,31). Mais tout est ambigu (GS, 13).<\/p>\n<p>Cependant, cette ambigu\u00eft\u00e9 n&rsquo;est pas dans les choses, mais plut\u00f4t dans l&rsquo;homme lui-m\u00eame :<\/p>\n<p style=\"padding-left: 30px\"><i>\u00abJe le sais, <\/i>\u00e9crit S. Paul, <i>j&rsquo;en suis convaincu par le <\/i><i>Seigneur J\u00e9sus : rien n&rsquo;est impur en soi. Mais une <\/i><i>chose est impure pour celui qui la consid\u00e8re comme <\/i><i>telle\u00bb (Romains 14,14). <\/i>D&rsquo;un autre c\u00f4t\u00e9, J\u00e9sus affirme : <i>\u00abLa lampe de ton corps c&rsquo;est Quand ton oeil est sain, ton corps tout entier est aussi dans la lumi\u00e8re ; mais si ton oeil est malade, ton corps aussi est dans les t\u00e9n\u00e8bres\u00bb (Luc 11,34-35).<\/i><\/p>\n<p>Au lieu de dire \u00ab\u00a0mortification\u00a0\u00bb, nous dirions aujourd&rsquo;hui plut\u00f4t \u00ab\u00a0asc\u00e8se\u00a0\u00bb (lutte, exercice, discipline de vie) ou \u00ab\u00a0temp\u00e9rance\u00a0\u00bb :<\/p>\n<p style=\"padding-left: 30px\"><i>\u00abUn athl\u00e8te est temp\u00e9rant en tout\u00bb, <\/i>\u00e9crit S. Paul (1 Corinthiens 9,25).<\/p>\n<p>L&rsquo;asc\u00e8se est l&rsquo;ensemble des efforts que l&rsquo;homme s&rsquo;impose afin de se d\u00e9barrasser du vieil homme et garder la ma\u00eetrise de ses sens afin de rester disponible \u00e0 l&rsquo;action de la gr\u00e2ce en lui. Exemple : l&rsquo;eau a plus d&rsquo;\u00e9nergie quand elle est comprim\u00e9e.<\/p>\n<p>Saint Vincent qui, selon le t\u00e9moignage de son secr\u00e9taire, se donnait la discipline le matin \u00e0 son lever et portait des cha\u00eenettes, conseillait la prudence dans l&rsquo;utilisation d&rsquo;une telle asc\u00e8se.<\/p>\n<p>Pour lui, la mortification n&rsquo;est pas un but en soi, mais une vertu qui doit rendre le missionnaire dans une \u00e9galit\u00e9 d&rsquo;\u00e2me face aux efforts, aux privations, aux fatigues, aux emplois et aux exigences du travail missionnaire. Il veut des missionnaires libres et lib\u00e9r\u00e9s, n&rsquo;ayant aucune attache ni \u00e0 eux-m\u00eames, ni \u00e0 leur volont\u00e9, ni \u00e0 leurs aises, ni aux choses (Luc 9,23) :<\/p>\n<p style=\"padding-left: 30px\"><i>\u00abPlaise \u00e0 Dieu, <\/i>dit-il aux missionnaires, <i>de nous <\/i><i>faire la gr\u00e2ce de nous rendre semblables \u00e0 un bon <\/i><i>vigneron qui porte un couteau en sa poche, avec lequel <\/i><i>il coupe tout ce qu&rsquo;il trouve de nuisible \u00e0 sa vigne ! <\/i><i>C&rsquo;est ainsi que nous devons incessamment couper avec <\/i><i>le couteau de la mortification les mauvaises <\/i><i>productions de la nature g\u00e2t\u00e9e&#8230; afin qu&rsquo;elles <\/i><i>n&#8217;emp\u00eachent J\u00e9sus Christ de nous faire fructifier <\/i><i>abondamment dans la pratique des saintes vertus\u00bb (SV. <\/i><i>XII, 225).<\/i><\/p>\n<p>La mortification est aussi une forme de solidarit\u00e9 avec le pauvre et une participation effective \u00e0 son style de vie :<\/p>\n<p style=\"padding-left: 30px\"><i>\u00abLa mortification doit \u00eatre ins\u00e9parable d&rsquo;un <\/i><i>missionnaire, pour agir non seulement avec le pauvre <\/i><i>peuple, mais aussi avec les exercitants, ordinands, <\/i><i>for\u00e7ats et esclaves. Car, si nous ne sommes mortifi\u00e9s, <\/i><i>comment souffrir ce qu&rsquo;il y a \u00e0 souffrir dans ces divers <\/i><i>emplois ?\u00bb (SV. XII, 307).<\/i><\/p>\n<p>La mortification est, enfin, indispensable pour une vie harmonieuse en communaut\u00e9. C&rsquo;est ce qu&rsquo;il appelle le support :<\/p>\n<p style=\"padding-left: 30px\"><i>\u00abO\u00f9 est-ce que l&rsquo;on trouvera deux personnes qui se <\/i><i>ressemblent des traits du visage, qui agissent l&rsquo;une <\/i><i>comme l&rsquo;autre ? &#8230; Vous n&rsquo;en trouverez pas&#8230; Ainsi <\/i><i>tous ont besoin de cette vertu de support, tant pour se supporter eux-m\u00eames que pour supporter les autres\u00bb <\/i><i>(SV. XII, 35).<\/i><\/p>\n<p>C&rsquo;est l&rsquo;acceptation de la diff\u00e9rence.<\/p>\n<p>La mortification est l&rsquo;art de se tellement simplifier qu&rsquo;on peut se contenter de peu et du n\u00e9cessaire, le reste demeurant le bien des pauvres.<\/p>\n<p>Si la mortification n&rsquo;a pas bonne presse aujourd&rsquo;hui, ai-je dit, c&rsquo;est parce que c&rsquo;est une vertu difficile. Car, selon S. Thomas, elle porte sur les d\u00e9sirs les plus n\u00e9cessaires \u00e0 la vie de l&rsquo;individu qu&rsquo;il s&rsquo;agit de contr\u00f4ler, de r\u00e9gler et de maintenir en paix et en harmonie. C&rsquo;est un travail \u00e0 recommencer sans cesse.<\/p>\n","protected":false},"excerpt":{"rendered":"<p>C. L&rsquo;Esprit de l&rsquo;evangelisation Dans une lettre \u00e0 M. Alm\u00e9ras \u00e0 Rome, Saint Vincent semblait relativiser le fait que d&rsquo;autres compagnies portent le nom de \u00abCongr\u00e9gation de la Mission\u00bb ou de \u00abmissionnaires\u00bb. Et il concluait &#8230; <a href=\"https:\/\/vincentians.com\/fr\/jesus-missionnaire-iii\/\" class=\"more-link\">Read More<\/a><\/p>\n","protected":false},"author":4,"featured_media":106166,"comment_status":"open","ping_status":"open","sticky":false,"template":"","format":"standard","meta":{"jetpack_post_was_ever_published":false,"_jetpack_newsletter_access":"","_jetpack_dont_email_post_to_subs":false,"_jetpack_newsletter_tier_id":0,"_jetpack_memberships_contains_paywalled_content":false,"_jetpack_memberships_contains_paid_content":false,"footnotes":"","jetpack_publicize_message":"","jetpack_publicize_feature_enabled":true,"jetpack_social_post_already_shared":true,"jetpack_social_options":{"image_generator_settings":{"template":"highway","default_image_id":0,"font":"","enabled":false},"version":2}},"categories":[118],"tags":[],"class_list":["post-105805","post","type-post","status-publish","format-standard","has-post-thumbnail","hentry","category-formation-vincentienne"],"yoast_head":"<!-- This site is optimized with the Yoast SEO plugin v26.3 - https:\/\/yoast.com\/wordpress\/plugins\/seo\/ -->\n<title>Jesus missionnaire (III) - Nous Sommes Vincentiens<\/title>\n<meta name=\"robots\" content=\"index, follow, max-snippet:-1, max-image-preview:large, max-video-preview:-1\" \/>\n<link rel=\"canonical\" href=\"http:\/\/vincentians.com\/fr\/jesus-missionnaire-iii\/\" \/>\n<meta property=\"og:locale\" content=\"fr_FR\" \/>\n<meta property=\"og:type\" content=\"article\" \/>\n<meta property=\"og:title\" content=\"Jesus missionnaire (III) - Nous Sommes Vincentiens\" \/>\n<meta property=\"og:description\" content=\"C. L&rsquo;Esprit de l&rsquo;evangelisation Dans une lettre \u00e0 M. Alm\u00e9ras \u00e0 Rome, Saint Vincent semblait relativiser le fait que d&rsquo;autres compagnies portent le nom de \u00abCongr\u00e9gation de la Mission\u00bb ou de \u00abmissionnaires\u00bb. Et il concluait ... Read More\" \/>\n<meta property=\"og:url\" content=\"http:\/\/vincentians.com\/fr\/jesus-missionnaire-iii\/\" \/>\n<meta property=\"og:site_name\" content=\"Nous Sommes Vincentiens\" \/>\n<meta property=\"article:publisher\" content=\"https:\/\/www.facebook.com\/WeAreVincentians\/\" \/>\n<meta property=\"article:author\" content=\"https:\/\/www.facebook.com\/JavierChento\" \/>\n<meta property=\"article:published_time\" content=\"2015-05-21T05:50:57+00:00\" \/>\n<meta name=\"author\" content=\"Francisco Javier Fern\u00e1ndez Chento\" \/>\n<meta name=\"twitter:card\" content=\"summary_large_image\" \/>\n<meta name=\"twitter:creator\" content=\"@https:\/\/twitter.com\/javierchento\" \/>\n<meta name=\"twitter:site\" content=\"@WeVincentians\" \/>\n<meta name=\"twitter:label1\" content=\"\u00c9crit par\" \/>\n\t<meta name=\"twitter:data1\" content=\"Francisco Javier Fern\u00e1ndez Chento\" \/>\n\t<meta name=\"twitter:label2\" content=\"Dur\u00e9e de lecture estim\u00e9e\" \/>\n\t<meta name=\"twitter:data2\" content=\"17 minutes\" \/>\n<script type=\"application\/ld+json\" class=\"yoast-schema-graph\">{\"@context\":\"https:\/\/schema.org\",\"@graph\":[{\"@type\":\"WebPage\",\"@id\":\"http:\/\/vincentians.com\/fr\/jesus-missionnaire-iii\/\",\"url\":\"http:\/\/vincentians.com\/fr\/jesus-missionnaire-iii\/\",\"name\":\"Jesus missionnaire (III) - Nous Sommes Vincentiens\",\"isPartOf\":{\"@id\":\"https:\/\/vincentians.com\/fr\/#website\"},\"primaryImageOfPage\":{\"@id\":\"http:\/\/vincentians.com\/fr\/jesus-missionnaire-iii\/#primaryimage\"},\"image\":{\"@id\":\"http:\/\/vincentians.com\/fr\/jesus-missionnaire-iii\/#primaryimage\"},\"thumbnailUrl\":\"\",\"datePublished\":\"2015-05-21T05:50:57+00:00\",\"author\":{\"@id\":\"https:\/\/vincentians.com\/fr\/#\/schema\/person\/9623ef4d9aa3b2dfb8c061f1499288f2\"},\"breadcrumb\":{\"@id\":\"http:\/\/vincentians.com\/fr\/jesus-missionnaire-iii\/#breadcrumb\"},\"inLanguage\":\"fr-FR\",\"potentialAction\":[{\"@type\":\"ReadAction\",\"target\":[\"http:\/\/vincentians.com\/fr\/jesus-missionnaire-iii\/\"]}]},{\"@type\":\"ImageObject\",\"inLanguage\":\"fr-FR\",\"@id\":\"http:\/\/vincentians.com\/fr\/jesus-missionnaire-iii\/#primaryimage\",\"url\":\"\",\"contentUrl\":\"\"},{\"@type\":\"BreadcrumbList\",\"@id\":\"http:\/\/vincentians.com\/fr\/jesus-missionnaire-iii\/#breadcrumb\",\"itemListElement\":[{\"@type\":\"ListItem\",\"position\":1,\"name\":\"Portada\",\"item\":\"https:\/\/vincentians.com\/fr\/\"},{\"@type\":\"ListItem\",\"position\":2,\"name\":\"Jesus missionnaire (III)\"}]},{\"@type\":\"WebSite\",\"@id\":\"https:\/\/vincentians.com\/fr\/#website\",\"url\":\"https:\/\/vincentians.com\/fr\/\",\"name\":\"Nous Sommes Vincentiens\",\"description\":\"Know more to serve more\",\"potentialAction\":[{\"@type\":\"SearchAction\",\"target\":{\"@type\":\"EntryPoint\",\"urlTemplate\":\"https:\/\/vincentians.com\/fr\/?s={search_term_string}\"},\"query-input\":{\"@type\":\"PropertyValueSpecification\",\"valueRequired\":true,\"valueName\":\"search_term_string\"}}],\"inLanguage\":\"fr-FR\"},{\"@type\":\"Person\",\"@id\":\"https:\/\/vincentians.com\/fr\/#\/schema\/person\/9623ef4d9aa3b2dfb8c061f1499288f2\",\"name\":\"Francisco Javier Fern\u00e1ndez Chento\",\"image\":{\"@type\":\"ImageObject\",\"inLanguage\":\"fr-FR\",\"@id\":\"https:\/\/vincentians.com\/fr\/#\/schema\/person\/image\/\",\"url\":\"https:\/\/secure.gravatar.com\/avatar\/497d5cde87b4c3d097d0315953521681ba2cd523ee66e5077c3711f7021e65de?s=96&d=mm&r=g\",\"contentUrl\":\"https:\/\/secure.gravatar.com\/avatar\/497d5cde87b4c3d097d0315953521681ba2cd523ee66e5077c3711f7021e65de?s=96&d=mm&r=g\",\"caption\":\"Francisco Javier Fern\u00e1ndez Chento\"},\"description\":\"Director General y cofundador de La Red de Formaci\u00f3n Vicenciana. Javier es laico vicenciano, afiliado a la Congregaci\u00f3n de la Misi\u00f3n y miembro del Equipo de Misiones Populares de la provincia can\u00f3nica de Zaragoza (Espa\u00f1a) de la Congregaci\u00f3n de la Misi\u00f3n. Graduado en la Universidad Oberta de Catalunya con cuatro grados (Asistente de direcci\u00f3n, Gesti\u00f3n Administrativa, Recursos Humanos y Contabilidad Avanzada). Bil\u00edng\u00fce Espa\u00f1ol\/Ingl\u00e9s. gestiona y mantiene varias p\u00e1ginas web cristianas y vicencianas, incluida including La Red de Formaci\u00f3n Vicenciana, de la que es cofundador. Actualmente es responsable del \u00e1rea de Espa\u00f1ol de .famvin, la Red de Noticias de la Familia Vicenciana. Tambi\u00e9n es m\u00fasico cat\u00f3lico y ha editado varios discos. Es Director General y cofundador de Trovador, una reconocida compa\u00f1\u00eda discogr\u00e1fica critiana de Espa\u00f1a. Trabaja en las Tecnolog\u00edas de la Informaci\u00f3n, ofreciendo servicios de alojamiento, dise\u00f1o y mantenimiento Web, as\u00ed como asesoramiento, formaci\u00f3n y soluciones inform\u00e1ticas, gesti\u00f3n documental y digitalizaci\u00f3n de textos, edici\u00f3n y maquetaci\u00f3n de libros, revistas, flyers, etc.\",\"sameAs\":[\"http:\/\/chento.org\",\"https:\/\/www.facebook.com\/JavierChento\",\"https:\/\/x.com\/https:\/\/twitter.com\/javierchento\"],\"url\":\"https:\/\/vincentians.com\/fr\/author\/chento\/\"}]}<\/script>\n<!-- \/ Yoast SEO plugin. -->","yoast_head_json":{"title":"Jesus missionnaire (III) - Nous Sommes Vincentiens","robots":{"index":"index","follow":"follow","max-snippet":"max-snippet:-1","max-image-preview":"max-image-preview:large","max-video-preview":"max-video-preview:-1"},"canonical":"http:\/\/vincentians.com\/fr\/jesus-missionnaire-iii\/","og_locale":"fr_FR","og_type":"article","og_title":"Jesus missionnaire (III) - Nous Sommes Vincentiens","og_description":"C. L&rsquo;Esprit de l&rsquo;evangelisation Dans une lettre \u00e0 M. Alm\u00e9ras \u00e0 Rome, Saint Vincent semblait relativiser le fait que d&rsquo;autres compagnies portent le nom de \u00abCongr\u00e9gation de la Mission\u00bb ou de \u00abmissionnaires\u00bb. Et il concluait ... Read More","og_url":"http:\/\/vincentians.com\/fr\/jesus-missionnaire-iii\/","og_site_name":"Nous Sommes Vincentiens","article_publisher":"https:\/\/www.facebook.com\/WeAreVincentians\/","article_author":"https:\/\/www.facebook.com\/JavierChento","article_published_time":"2015-05-21T05:50:57+00:00","author":"Francisco Javier Fern\u00e1ndez Chento","twitter_card":"summary_large_image","twitter_creator":"@https:\/\/twitter.com\/javierchento","twitter_site":"@WeVincentians","twitter_misc":{"\u00c9crit par":"Francisco Javier Fern\u00e1ndez Chento","Dur\u00e9e de lecture estim\u00e9e":"17 minutes"},"schema":{"@context":"https:\/\/schema.org","@graph":[{"@type":"WebPage","@id":"http:\/\/vincentians.com\/fr\/jesus-missionnaire-iii\/","url":"http:\/\/vincentians.com\/fr\/jesus-missionnaire-iii\/","name":"Jesus missionnaire (III) - Nous Sommes Vincentiens","isPartOf":{"@id":"https:\/\/vincentians.com\/fr\/#website"},"primaryImageOfPage":{"@id":"http:\/\/vincentians.com\/fr\/jesus-missionnaire-iii\/#primaryimage"},"image":{"@id":"http:\/\/vincentians.com\/fr\/jesus-missionnaire-iii\/#primaryimage"},"thumbnailUrl":"","datePublished":"2015-05-21T05:50:57+00:00","author":{"@id":"https:\/\/vincentians.com\/fr\/#\/schema\/person\/9623ef4d9aa3b2dfb8c061f1499288f2"},"breadcrumb":{"@id":"http:\/\/vincentians.com\/fr\/jesus-missionnaire-iii\/#breadcrumb"},"inLanguage":"fr-FR","potentialAction":[{"@type":"ReadAction","target":["http:\/\/vincentians.com\/fr\/jesus-missionnaire-iii\/"]}]},{"@type":"ImageObject","inLanguage":"fr-FR","@id":"http:\/\/vincentians.com\/fr\/jesus-missionnaire-iii\/#primaryimage","url":"","contentUrl":""},{"@type":"BreadcrumbList","@id":"http:\/\/vincentians.com\/fr\/jesus-missionnaire-iii\/#breadcrumb","itemListElement":[{"@type":"ListItem","position":1,"name":"Portada","item":"https:\/\/vincentians.com\/fr\/"},{"@type":"ListItem","position":2,"name":"Jesus missionnaire (III)"}]},{"@type":"WebSite","@id":"https:\/\/vincentians.com\/fr\/#website","url":"https:\/\/vincentians.com\/fr\/","name":"Nous Sommes Vincentiens","description":"Know more to serve more","potentialAction":[{"@type":"SearchAction","target":{"@type":"EntryPoint","urlTemplate":"https:\/\/vincentians.com\/fr\/?s={search_term_string}"},"query-input":{"@type":"PropertyValueSpecification","valueRequired":true,"valueName":"search_term_string"}}],"inLanguage":"fr-FR"},{"@type":"Person","@id":"https:\/\/vincentians.com\/fr\/#\/schema\/person\/9623ef4d9aa3b2dfb8c061f1499288f2","name":"Francisco Javier Fern\u00e1ndez Chento","image":{"@type":"ImageObject","inLanguage":"fr-FR","@id":"https:\/\/vincentians.com\/fr\/#\/schema\/person\/image\/","url":"https:\/\/secure.gravatar.com\/avatar\/497d5cde87b4c3d097d0315953521681ba2cd523ee66e5077c3711f7021e65de?s=96&d=mm&r=g","contentUrl":"https:\/\/secure.gravatar.com\/avatar\/497d5cde87b4c3d097d0315953521681ba2cd523ee66e5077c3711f7021e65de?s=96&d=mm&r=g","caption":"Francisco Javier Fern\u00e1ndez Chento"},"description":"Director General y cofundador de La Red de Formaci\u00f3n Vicenciana. Javier es laico vicenciano, afiliado a la Congregaci\u00f3n de la Misi\u00f3n y miembro del Equipo de Misiones Populares de la provincia can\u00f3nica de Zaragoza (Espa\u00f1a) de la Congregaci\u00f3n de la Misi\u00f3n. Graduado en la Universidad Oberta de Catalunya con cuatro grados (Asistente de direcci\u00f3n, Gesti\u00f3n Administrativa, Recursos Humanos y Contabilidad Avanzada). Bil\u00edng\u00fce Espa\u00f1ol\/Ingl\u00e9s. gestiona y mantiene varias p\u00e1ginas web cristianas y vicencianas, incluida including La Red de Formaci\u00f3n Vicenciana, de la que es cofundador. Actualmente es responsable del \u00e1rea de Espa\u00f1ol de .famvin, la Red de Noticias de la Familia Vicenciana. Tambi\u00e9n es m\u00fasico cat\u00f3lico y ha editado varios discos. Es Director General y cofundador de Trovador, una reconocida compa\u00f1\u00eda discogr\u00e1fica critiana de Espa\u00f1a. Trabaja en las Tecnolog\u00edas de la Informaci\u00f3n, ofreciendo servicios de alojamiento, dise\u00f1o y mantenimiento Web, as\u00ed como asesoramiento, formaci\u00f3n y soluciones inform\u00e1ticas, gesti\u00f3n documental y digitalizaci\u00f3n de textos, edici\u00f3n y maquetaci\u00f3n de libros, revistas, flyers, etc.","sameAs":["http:\/\/chento.org","https:\/\/www.facebook.com\/JavierChento","https:\/\/x.com\/https:\/\/twitter.com\/javierchento"],"url":"https:\/\/vincentians.com\/fr\/author\/chento\/"}]}},"jetpack_publicize_connections":[],"jetpack_featured_media_url":"","jetpack_sharing_enabled":true,"jetpack_shortlink":"https:\/\/wp.me\/p7ETMP-rwx","jetpack-related-posts":[{"id":45335,"url":"https:\/\/vincentians.com\/fr\/saint-vincent-et-les-missions\/","url_meta":{"origin":105805,"position":0},"title":"Saint Vincent et les Missions","author":"Francisco Javier Fern\u00e1ndez Chento","date":"14\/12\/2014","format":false,"excerpt":"Introduction A.- Lorsque nous essayons d'\u00e9tudier le travail missionnaire de Vincent de Paul et de ses premiers compagnons, nous trouvons une v\u00e9ritable mystique de la Mission; alors que nous d\u00e9sirerions que le Saint nous ait donn\u00e9 aussi une doctrine th\u00e9ologique sur ce qui constitue l'objectif de sa vie, sur ce\u2026","rel":"","context":"Dans &quot;Vincent de Paul&quot;","block_context":{"text":"Vincent de Paul","link":"https:\/\/vincentians.com\/fr\/category\/the-vincentian-family\/founders\/vincent-de-paul\/"},"img":{"alt_text":"Vincent de Paul portrait","src":"https:\/\/i0.wp.com\/vincentiens.org\/wp-content\/uploads\/2014\/12\/Vincent-de-Paul-portrait-300x300.jpg?resize=350%2C200","width":350,"height":200},"classes":[]},{"id":47822,"url":"https:\/\/vincentians.com\/fr\/les-missions-populaires-donnees-par-les-pretres-de-la-mission-dans-les-etats-pontificaux-au-xviieme-s-1640-1700\/","url_meta":{"origin":105805,"position":1},"title":"Les Missions Populaires Donn\u00e9es Par Les Pr\u00eatres De La Mission Dans Les \u00c9tats Pontificaux Au XVII\u00e9me s. 1640-1700","author":"Francisco Javier Fern\u00e1ndez Chento","date":"18\/02\/2015","format":false,"excerpt":"Les compte-rendus des missions populaires constituent une source de premi\u00e8re importance pour l'histoire de l'Eglise, dans sa dimension \u00abterre \u00e1 terre \u00bb. G. Le Bras avait d\u00e9j\u00e0 signal\u00e9 tout Inint\u00e9r\u00eat de cette source et on a commenc\u00e9 concr\u00e8tement \u00e1 l'exploiter en France et en Italie. Mais comme il arrive pour\u2026","rel":"","context":"Dans &quot;Histoire de la Congr\u00e9gation de la Mission&quot;","block_context":{"text":"Histoire de la Congr\u00e9gation de la Mission","link":"https:\/\/vincentians.com\/fr\/category\/histoire-de-la-congregation-de-la-mission\/"},"img":{"alt_text":"","src":"https:\/\/i0.wp.com\/vincentiens.org\/wp-content\/uploads\/2011\/08\/logocm-237x300.jpg?resize=350%2C200","width":350,"height":200},"classes":[]},{"id":54377,"url":"https:\/\/vincentians.com\/fr\/difference-entre-nous-et-les-religieux-notre-secularite-et-notre-exemption\/","url_meta":{"origin":105805,"position":2},"title":"Difference entre nous et les religieux, notre secularit\u00e9 et notre exemption","author":"Francisco Javier Fern\u00e1ndez Chento","date":"21\/12\/2012","format":false,"excerpt":"Au cours du temps, la vie et la profession des \u00ab conseils \u00e9van\u00adg\u00e9liques prennent des formes canoniques vari\u00e9es. Sur ce sujet, nous avons aujourd'hui des \u00e9tudes bien faites et de bonnes synth\u00e9\u00adses. Cf. par exemple, la premi\u00e9re partie de: Per una presenza viva dei Religiosa nella Chiesa e nel mondo,\u2026","rel":"","context":"Dans &quot;Congr\u00e9gation de la Mission&quot;","block_context":{"text":"Congr\u00e9gation de la Mission","link":"https:\/\/vincentians.com\/fr\/category\/congregation-de-la-mission\/"},"img":{"alt_text":"","src":"https:\/\/i0.wp.com\/vincentiens.org\/wp-content\/uploads\/2011\/11\/logocmotro-216x300.jpg?resize=350%2C200","width":350,"height":200},"classes":[]},{"id":57593,"url":"https:\/\/vincentians.com\/fr\/lexpansion-de-la-congregation-de-la-mission-pendant-la-vie-de-st-vincent\/","url_meta":{"origin":105805,"position":3},"title":"L&rsquo;expansion de la Congregation de la Mission pendant la vie de St. Vincent","author":"Francisco Javier Fern\u00e1ndez Chento","date":"20\/05\/2015","format":false,"excerpt":"Pierre Collet (\"La Vie de St. Vincent de Paul\", Nancy 1748, II, 325) a constat\u00e9 que les biographies des grands fondateurs d'ordres sont concentr\u00e9es sur la personne elle-m\u00eame du fondateur. On n'y trouve pas le r\u00e9cit des travaux de leurs premiers disciples.En suivant cet exemple Collet voulut supprimer dans sa\u2026","rel":"","context":"Dans &quot;Au temps de Vincent de Paul&quot;","block_context":{"text":"Au temps de Vincent de Paul","link":"https:\/\/vincentians.com\/fr\/category\/au-temps-de-vincent-de-paul\/"},"img":{"alt_text":"","src":"https:\/\/i0.wp.com\/vincentians.com\/fr\/wp-content\/uploads\/sites\/10\/2015\/05\/congregation-de-la-mission-lazaristes.jpg?fit=1200%2C630&ssl=1&resize=350%2C200","width":350,"height":200,"srcset":"https:\/\/i0.wp.com\/vincentians.com\/fr\/wp-content\/uploads\/sites\/10\/2015\/05\/congregation-de-la-mission-lazaristes.jpg?fit=1200%2C630&ssl=1&resize=350%2C200 1x, https:\/\/i0.wp.com\/vincentians.com\/fr\/wp-content\/uploads\/sites\/10\/2015\/05\/congregation-de-la-mission-lazaristes.jpg?fit=1200%2C630&ssl=1&resize=525%2C300 1.5x, https:\/\/i0.wp.com\/vincentians.com\/fr\/wp-content\/uploads\/sites\/10\/2015\/05\/congregation-de-la-mission-lazaristes.jpg?fit=1200%2C630&ssl=1&resize=700%2C400 2x, https:\/\/i0.wp.com\/vincentians.com\/fr\/wp-content\/uploads\/sites\/10\/2015\/05\/congregation-de-la-mission-lazaristes.jpg?fit=1200%2C630&ssl=1&resize=1050%2C600 3x"},"classes":[]},{"id":38257,"url":"https:\/\/vincentians.com\/fr\/elements-dunion-dans-la-famille-vincentienne\/","url_meta":{"origin":105805,"position":4},"title":"\u00c9l\u00e9ments d\u2019union dans la Famille Vincentienne","author":"Francisco Javier Fern\u00e1ndez Chento","date":"04\/08\/2016","format":false,"excerpt":"A. De quelle famille parlons-nous ? Lorsque nous parlons de la Famille Vincentienne nous faisons allusion \u00e0 tous ces groupes d\u2019associations ou \u00e0 des congr\u00e9gations qui, dans leur vie (style) et dans leur action (apostolat), s\u2019inspirent avec diverses nuances, de ce que nous appelons aujourd\u2019hui \u00ab charisme vincentien \u00bb. D\u2019autre\u2026","rel":"","context":"Dans &quot;La Famille Vincentienne&quot;","block_context":{"text":"La Famille Vincentienne","link":"https:\/\/vincentians.com\/fr\/category\/la-famille-vincentienne\/"},"img":{"alt_text":"","src":"https:\/\/i0.wp.com\/vincentians.com\/fr\/wp-content\/uploads\/sites\/10\/2014\/01\/Vincentian-Family-leaders-meeting-in-Paris.jpg?fit=1200%2C630&ssl=1&resize=350%2C200","width":350,"height":200,"srcset":"https:\/\/i0.wp.com\/vincentians.com\/fr\/wp-content\/uploads\/sites\/10\/2014\/01\/Vincentian-Family-leaders-meeting-in-Paris.jpg?fit=1200%2C630&ssl=1&resize=350%2C200 1x, https:\/\/i0.wp.com\/vincentians.com\/fr\/wp-content\/uploads\/sites\/10\/2014\/01\/Vincentian-Family-leaders-meeting-in-Paris.jpg?fit=1200%2C630&ssl=1&resize=525%2C300 1.5x, https:\/\/i0.wp.com\/vincentians.com\/fr\/wp-content\/uploads\/sites\/10\/2014\/01\/Vincentian-Family-leaders-meeting-in-Paris.jpg?fit=1200%2C630&ssl=1&resize=700%2C400 2x, https:\/\/i0.wp.com\/vincentians.com\/fr\/wp-content\/uploads\/sites\/10\/2014\/01\/Vincentian-Family-leaders-meeting-in-Paris.jpg?fit=1200%2C630&ssl=1&resize=1050%2C600 3x"},"classes":[]},{"id":52052,"url":"https:\/\/vincentians.com\/fr\/saint-vincent-de-paul-et-sa-mission-sociale-iii-laction-1\/","url_meta":{"origin":105805,"position":5},"title":"Saint Vincent De Paul Et Sa Mission Sociale. III &#8211; L\u2019action (1)","author":"Francisco Javier Fern\u00e1ndez Chento","date":"25\/12\/2014","format":false,"excerpt":"LES MISSIONS. \u2014 Saint Vincent de Paul missionnaire. \u2014 Organisation des missions rurales. \u2014 Vertus et qualit\u00e9s des missionnaires. \u2014 La pr\u00e9dication d\u2019apr\u00e8s le saint. \u2014 Sa conduite envers les h\u00e9r\u00e9tiques et les infid\u00e8les. \u2014 Les imitateurs de Vincent de Paul. \u2014 Fruits du nouvel apostolat. \u2014 Missions \u00e0 la\u2026","rel":"","context":"Dans &quot;Vincent de Paul&quot;","block_context":{"text":"Vincent de Paul","link":"https:\/\/vincentians.com\/fr\/category\/the-vincentian-family\/founders\/vincent-de-paul\/"},"img":{"alt_text":"","src":"https:\/\/i0.wp.com\/vincentians.com\/fr\/wp-content\/uploads\/sites\/10\/2016\/07\/vincent-et-sa-action-sociale.jpg?fit=1160%2C630&ssl=1&resize=350%2C200","width":350,"height":200,"srcset":"https:\/\/i0.wp.com\/vincentians.com\/fr\/wp-content\/uploads\/sites\/10\/2016\/07\/vincent-et-sa-action-sociale.jpg?fit=1160%2C630&ssl=1&resize=350%2C200 1x, https:\/\/i0.wp.com\/vincentians.com\/fr\/wp-content\/uploads\/sites\/10\/2016\/07\/vincent-et-sa-action-sociale.jpg?fit=1160%2C630&ssl=1&resize=525%2C300 1.5x, https:\/\/i0.wp.com\/vincentians.com\/fr\/wp-content\/uploads\/sites\/10\/2016\/07\/vincent-et-sa-action-sociale.jpg?fit=1160%2C630&ssl=1&resize=700%2C400 2x, https:\/\/i0.wp.com\/vincentians.com\/fr\/wp-content\/uploads\/sites\/10\/2016\/07\/vincent-et-sa-action-sociale.jpg?fit=1160%2C630&ssl=1&resize=1050%2C600 3x"},"classes":[]}],"_links":{"self":[{"href":"https:\/\/vincentians.com\/fr\/wp-json\/wp\/v2\/posts\/105805","targetHints":{"allow":["GET"]}}],"collection":[{"href":"https:\/\/vincentians.com\/fr\/wp-json\/wp\/v2\/posts"}],"about":[{"href":"https:\/\/vincentians.com\/fr\/wp-json\/wp\/v2\/types\/post"}],"author":[{"embeddable":true,"href":"https:\/\/vincentians.com\/fr\/wp-json\/wp\/v2\/users\/4"}],"replies":[{"embeddable":true,"href":"https:\/\/vincentians.com\/fr\/wp-json\/wp\/v2\/comments?post=105805"}],"version-history":[{"count":0,"href":"https:\/\/vincentians.com\/fr\/wp-json\/wp\/v2\/posts\/105805\/revisions"}],"wp:featuredmedia":[{"embeddable":true,"href":"https:\/\/vincentians.com\/fr\/wp-json\/"}],"wp:attachment":[{"href":"https:\/\/vincentians.com\/fr\/wp-json\/wp\/v2\/media?parent=105805"}],"wp:term":[{"taxonomy":"category","embeddable":true,"href":"https:\/\/vincentians.com\/fr\/wp-json\/wp\/v2\/categories?post=105805"},{"taxonomy":"post_tag","embeddable":true,"href":"https:\/\/vincentians.com\/fr\/wp-json\/wp\/v2\/tags?post=105805"}],"curies":[{"name":"wp","href":"https:\/\/api.w.org\/{rel}","templated":true}]}}