{"id":105803,"date":"2015-05-20T08:21:29","date_gmt":"2015-05-20T06:21:29","guid":{"rendered":"http:\/\/vincentiens.org\/?p=105803"},"modified":"2015-05-20T08:21:29","modified_gmt":"2015-05-20T06:21:29","slug":"jesus-missionnaire-ii","status":"publish","type":"post","link":"https:\/\/vincentians.com\/fr\/jesus-missionnaire-ii\/","title":{"rendered":"Jesus missionnaire (II)"},"content":{"rendered":"<h2><b>B. Contenu de l&rsquo;evangelisation <\/b><\/h2>\n<p><b><i>I. Du temps de Saint Vincent<\/i><\/b><\/p>\n<p><a href=\"https:\/\/i0.wp.com\/vincentiens.org\/wp-content\/uploads\/2013\/03\/missio.jpg\"><img data-recalc-dims=\"1\" loading=\"lazy\" decoding=\"async\" class=\"alignright size-medium wp-image-106157\" alt=\"missio\" src=\"https:\/\/i0.wp.com\/vincentiens.org\/wp-content\/uploads\/2013\/03\/missio-300x225.jpg?resize=300%2C225\" width=\"300\" height=\"225\" \/><\/a>Depuis l&rsquo;exp\u00e9rience de Gannes, la hantise de Saint Vincent \u00e9tait <i>\u00abque le pauvre peuple se damne faute de savoir <\/i><i>les choses n\u00e9cessaires \u00e0 salut et faute de se confesser\u00bb (I, <\/i>115). Pour la calmer, <i>\u00abil aurait sembl\u00e9 (aux signataires du contrat de fondation de la Congr\u00e9gation de la Mission) qu&rsquo;on pourrait aucunement rem\u00e9dier par la pieuse association de quelques eccl\u00e9siastiques de doctrine, pi\u00e9t\u00e9 et capacit\u00e9 connues&#8230; pour&#8230; s&rsquo;appliquer enti\u00e8rement et purement au salut du pauvre peuple allant de village en village&#8230; pr\u00eacher, instruire, exhorter et cat\u00e9chiser ces pauvres gens et les porter \u00e0 faire tous une bonne confession g\u00e9n\u00e9rale de toute leur vie pass\u00e9e\u00bb (SV. XIII, 198).<\/i><\/p>\n<p>Pour Saint Vincent, le contenu de l&rsquo;\u00e9vang\u00e9lisation \u00e9tait : travailler au salut du pauvre et ignorant peuple des campagnes, en l&rsquo;instruisant des Myst\u00e8res de la religion :<\/p>\n<p style=\"padding-left: 30px\"><i>\u00abC&rsquo;est l\u00e0 le capital de notre vocation, et tout le reste <\/i><i>n&rsquo;est qu&rsquo;accessoire\u00bb (SV. XI, 133).<\/i><\/p>\n<p>Cette instruction qui se faisait gratuitement et selon la petite m\u00e9thode, comportait :<\/p>\n<p>Une grande pr\u00e9dication, faite le matin avant que les paysans ne se rendent aux champs, par le plus exp\u00e9riment\u00e9 de l&rsquo;\u00e9quipe missionnaire. Elle traitait les grands sujets : la mis\u00e9ricorde, la r\u00e9conciliation, le salut&#8230;<\/p>\n<p>Un cat\u00e9chisme qu&rsquo; affectionnait beaucoup Saint Vincent. C&rsquo;\u00e9tait un dialogue familier et adapt\u00e9 aux circonstances et \u00e0 l&rsquo;auditoire. Le grand cat\u00e9chisme s&rsquo;adressait, le soir, aux adultes et le petit cat\u00e9chisme aux enfants, l&rsquo;apr\u00e8s-midi.<\/p>\n<p>Parfois, les missionnaires utilisaient des panneaux illustr\u00e8s, balbutiement de l&rsquo;audiovisuel.<\/p>\n<p>La confession g\u00e9n\u00e9rale qui \u00e9tait le barom\u00e8tre du succ\u00e8s de la mission avait lieu, g\u00e9n\u00e9ralement, vers la fin de la mission.<\/p>\n<p>La r\u00e9conciliation et le r\u00e8glement des conflits et des diff\u00e9rends :<\/p>\n<p style=\"padding-left: 30px\"><i>\u00abNous sommes choisis de Dieu, <\/i>dit-il \u00e0 ses missionnaires, <i>comme instruments de son immense et <\/i><i>paternelle charit\u00e9&#8230; Il est donc vrai que je suis envoy\u00e9, non seulement pour aimer Dieu, mais pour le faire aimer. Il ne me suffit pas d&rsquo;aimer Dieu si mon prochain ne <\/i><i>l&rsquo;aime. Je dois&#8230; faire en sorte que&#8230; d&rsquo;une charit\u00e9 <\/i><i>mutuelle (les hommes) s&rsquo;entr&rsquo;aiment pour l&rsquo;amour de <\/i><i>Dieu\u00bb (SV. XII 262- 263).<\/i><\/p>\n<p>La fondation de la Confr\u00e9rie de la Charit\u00e9 avait pour objectif de prendre en charge les pauvres, spirituellement et corporellement. C&rsquo;\u00e9tait l\u00e0 l&rsquo;impact social de la mission qui donnait \u00e0 l&rsquo;\u00c9glise un autre visage et \u00e0 la mission sa cr\u00e9dibilit\u00e9.<\/p>\n<p>Enfin, l&rsquo;aide au clerg\u00e9 des paroisses. C&rsquo;est Abelly qui le souligne :<\/p>\n<p style=\"padding-left: 30px\"><i>\u00abEn plus de toutes ces fonctions pour les la\u00efcs, <\/i><i>Vincent demande aussi \u00e0 ses missionnaires de <\/i><i>travailler, pendant le temps de la mission, et il y insiste, \u00e0 rendre tous les services possibles aux eccl\u00e9siastiques <\/i><i>qui se trouvent aux lieux o\u00f9 se font les missions, et ceci, sp\u00e9cialement au moyen des conf\u00e9rences spirituelles dans lesquelles on traite avec eux des obligations de leur \u00e9tat, des d\u00e9fauts \u00e0 \u00e9viter, des vertus que l&rsquo;on doit pratiquer parce qu&rsquo;elles sont propres et convenantes au sacerdoce, et d&rsquo;autres points semblables\u00bb (Abelly, T. 2, p. 22-23).<\/i><\/p>\n<p>Je ne vais pas m&rsquo;\u00e9tendre sur la mission \u00abad gentes\u00bb chez Saint Vincent. Il la classait dans la cat\u00e9gorie \u00abdes plus pauvres\u00bb et des \u00abplus \u00e9loign\u00e9s\u00bb. \u00c0 ce titre, elle faisait partie du projet missionnaire de la Congr\u00e9gation de la Mission et \u00e9tait m\u00eame le signe de son origine divine :<\/p>\n<p style=\"padding-left: 30px\"><i>\u00abChacun pense dans le monde, <\/i>dit-il \u00e0 ses missionnaires, <i>que cette Compagnie est de Dieu parce <\/i><i>qu&rsquo;on voit qu&rsquo;elle accourt aux besoins plus pressants et <\/i><i>plus d\u00e9laiss\u00e9s\u00bb (SV. XII, 90).<\/i><\/p>\n<h3><b><i>2. L&rsquo;\u00e9vang\u00e9lisation de nos jours<\/i><\/b><\/h3>\n<p>Depuis le premier envoi officiel des Ap\u00f4tres par J\u00e9sus (Mt. 28) jusqu&rsquo;\u00e0 nos jours, l&rsquo;\u00c9glise a toujours \u00e9t\u00e9 et ne peut \u00eatre qu&rsquo;\u00e9vang\u00e9lisatrice. Car elle n&rsquo;est pas un \u00abpour-soi\u00bb et ne se justifie pas en elle-m\u00eame :<\/p>\n<p style=\"padding-left: 30px\"><i>\u00abMalheur \u00e0 moi si je n&rsquo;\u00e9vang\u00e9lise\u00bb, <\/i>s&rsquo;\u00e9crie S. Paul.<\/p>\n<p>Mais ce qui a chang\u00e9 au long des si\u00e8cles, c&rsquo;est la m\u00e9thode, le langage de l&rsquo;\u00e9vang\u00e9lisation et les points d&rsquo;insistance.<\/p>\n<p>En appelant l&rsquo;\u00c9glise \u00e0 une \u00abNouvelle \u00c9vang\u00e9lisation\u00bb, Jean &#8211; Paul Il appelle plut\u00f4t \u00e0 une \u00ab\u00e9vang\u00e9lisation nouvelle\u00bb, c&rsquo;est-\u00e0-dire renouvel\u00e9e non dans son essence, mais dans ses m\u00e9thodes, son langage et sa fa\u00e7on d&rsquo;insertion.<\/p>\n<p>Dans l&rsquo;esprit de Saint Vincent, je m&rsquo;attarderai sur trois modalit\u00e9s de cette \u00e9vang\u00e9lisation nouvelle &#8211; qui sont autant de langages qui expriment l&rsquo;annonce de J\u00e9sus Christ aux hommes de notre temps :<\/p>\n<ol>\n<li>La solidarit\u00e9 avec le pauvre.<\/li>\n<li>L&rsquo;engagement dans la lutte pour la justice.<\/li>\n<li>La lib\u00e9ration de l&rsquo;homme.<\/li>\n<\/ol>\n<p>La solidarit\u00e9 avec le pauvre est une forme de l&rsquo;imitation de J\u00e9sus Christ Incarn\u00e9. En effet, comme le Christ s&rsquo;est fait solidaire de l&rsquo;Homme qu&rsquo;il a assum\u00e9 dans toutes ses dimensions, ainsi le missionnaire, homme pris parmi les hommes, doit vivre dans le monde et l&rsquo;histoire, en solidarit\u00e9 compl\u00e8te avec ses fr\u00e8res humains (G.S., 1).<\/p>\n<p>Il doit commencer par les aimer, d&rsquo;un amour effectif, \u00e0 la fa\u00e7on du Seigneur. Car on ne peut \u00e9vang\u00e9liser que ceux qu&rsquo;on aime. Et comme l&rsquo;amour tend de soi \u00e0 l&rsquo;union, ainsi le missionnaire se doit de partager la vie de ceux qu&rsquo;il \u00e9vang\u00e9lise : juif avec les juifs, grec avec les grecs&#8230;<\/p>\n<p style=\"padding-left: 30px\"><i>\u00abLa solidarit\u00e9, <\/i>\u00e9crit Jean-Paul II dans son encyclique <i>\u00ab\u00a0Sollicitudo Rei Socialis\u00a0\u00bb, n&rsquo;est pas un <\/i><i>sentiment de compassion vague ou d&rsquo;attendrissement <\/i><i>superficiel pour les maux subis par tant de personnes <\/i><i>proches ou lointaines. Au contraire, c&rsquo;est la <\/i><i>d\u00e9termination ferme et pers\u00e9v\u00e9rante de travailler pour <\/i><i>le bien commun ; c&rsquo;est-\u00e0-dire pour le bien de tous et de chacun parce que tous nous sommes vraiment responsables de tous\u00bb (n\u00b0 38).<\/i><\/p>\n<p>Pour le missionnaire, cette solidarit\u00e9 est une r\u00e9elle communion avec le pauvre en J\u00e9sus Christ. Beaucoup plus qu&rsquo;une vertu humaine, la communion est l&rsquo;aboutissement de la charit\u00e9 pl\u00e9ni\u00e8re. Il s&rsquo;agit donc, pour le missionnaire \u00abd&rsquo;\u00eatre-avec\u00bb le pauvre, parce que, malgr\u00e9 toute sa bonne volont\u00e9, il ne pourra jamais \u00ab\u00eatre comme\u00bb le pauvre. Il se doit d&rsquo;\u00eatre dans le monde du pauvre \u00e0 la mani\u00e8re du levain dans la p\u00e2te et du sel dans les aliments.<\/p>\n<p>La communion avec le pauvre s&rsquo;exprime par le fait qu&rsquo;on assume son destin avec tous les risques de marginalisation et de pers\u00e9cution et par le fait de devenir la voix des sans voix, de cette masse silencieuse qu&rsquo;on a r\u00e9duit au silence.<\/p>\n<p>D\u00e9j\u00e0 et \u00e0 plusieurs reprises, Saint Vincent avait insist\u00e9 aupr\u00e8s de ses Fils, comme de ses Filles, de m\u00e9nager les biens mis \u00e0 leur disposition, car ils sont les biens des pauvres <i>\u00abqui <\/i><i>nous nourrissent\u00bb, <\/i>de vivre pauvrement quant \u00e0 la nourriture, les v\u00eatements, les maisons, les \u00e9glises et de n&rsquo;avoir rien de superflu.<\/p>\n<p>En outre, non content de cela, Saint Vincent veut &#8211; et cela pourrait nous \u00eatre sp\u00e9cifique &#8211; que nous allions vers les plus pauvres. C&rsquo;est, 300 ans avant Puebla, \u00abl&rsquo;option fondamentale pour le pauvre\u00bb :<\/p>\n<p style=\"padding-left: 30px\"><i>\u00abAllons donc, mes fr\u00e8res, <\/i>dit-il \u00e0 ses missionnaires, et nous employons avec un nouvel amour \u00e0 servir les pauvres, <i>et m\u00eame cherchons les plus pauvres et les <\/i><i>plus abandonn\u00e9s\u00bb (SV. XI, 393).<\/i><\/p>\n<h3><b><i>3. L&rsquo;engagement dans la lutte pour la justice<\/i><\/b><\/h3>\n<p>Notre plan\u00e8te Terre vit de nos jours une situation end\u00e9mique d&rsquo;injustice. En effet, une minorit\u00e9 est en train d&rsquo;en exploiter &#8211; parfois d&rsquo;une fa\u00e7on irr\u00e9versible &#8211; les richesses \u00e0 son propre profit, alors que la majorit\u00e9 de ses habitants se voit refus\u00e9e m\u00eame la satisfaction de ses besoins les plus primaires. Ce partage in\u00e9gal des biens de la terre &#8211; originairement cr\u00e9\u00e9s pour tous &#8211; exacerb\u00e9 de nos jours par le ph\u00e9nom\u00e8ne de la mondialisation, \u00e9tablit un d\u00e9sordre \u00e9conomique et social h\u00e9g\u00e9monique et uniformisant, qui &#8211; et c&rsquo;est un comble &#8211; se pr\u00e9tend \u00eatre le champion mondial de l&rsquo;application des droits de l&rsquo;homme et se pr\u00e9sente comme le parangon et le gendarme de la moralit\u00e9 internationale.<\/p>\n<p>C&rsquo;est ce cynisme pharisa\u00efque qui est en train d&rsquo;affamer le tiers de l&rsquo;humanit\u00e9, de freiner irr\u00e9versiblement le d\u00e9veloppement de Continents entiers (Afrique, Am\u00e9rique Latine) et de noyer irr\u00e9m\u00e9diablement dans les dettes des \u00e9conomies nationales de plus en plus d\u00e9pendantes de la loi du march\u00e9.<\/p>\n<p>Les \u00c9glises ne sont pas toutes, au moins \u00e0 cause de leur silence, innocentes de cet assassinat collectif. Leur complicit\u00e9 se fait au moins par omission, sinon par leur double langage.<\/p>\n<p>Comment pourraient-elles alors vivre pour leur part, le myst\u00e8re de la solidarit\u00e9 de Dieu avec les hommes ?<\/p>\n<p>Dans quel langage pourraient-elles annoncer l&rsquo;Incarnation du Verbe de Dieu ?<\/p>\n<p>Leur message serait-il cr\u00e9dible ?<\/p>\n<p>O\u00f9 est leur r\u00f4le proph\u00e9tique ? Le message du proph\u00e8te est triple : il conteste, il atteste et il pose des actes proph\u00e9tiques. Ordinairement, les \u00c9glises sont pers\u00e9cut\u00e9es. Nos \u00c9glises sont-elles pers\u00e9cut\u00e9es comme les bons proph\u00e8tes ? Pourquoi pas ?<\/p>\n<p>Y aurait-il un \u00e9vangile chimiquement spirituel ou spirituellement pur ? L&rsquo;\u00c9vangile de J\u00e9sus Christ serait-il neutre ?<\/p>\n<p>Dans le langage de son temps, Saint Vincent tonnait d\u00e9j\u00e0 contre certains pr\u00eatres de S. Lazare, tent\u00e9s par cet ang\u00e9lisme, en affirmant avec v\u00e9h\u00e9mence qu&rsquo;il faut assister les pauvres ET spirituellement ET corporellement. De plus, le discours officiel de l&rsquo;\u00c9glise, surtout depuis le Concile Vatican II, met un lien constitutif entre \u00e9vang\u00e9lisation et d\u00e9veloppement de l&rsquo;homme. Le Synode Romain de 1971 le dit express\u00e9ment :<\/p>\n<p style=\"padding-left: 30px\"><i>\u00abLe combat pour la justice et la participation \u00e0 la transformation du monde nous apparaissent pleinement comme une dimension constitutive de la pr\u00e9dication de l&rsquo;\u00c9vangile qui est la mission de l&rsquo;\u00c9glise pour la r\u00e9demption de l&rsquo;humanit\u00e9 et sa lib\u00e9ration de toute situation oppressive\u00bb.<\/i><\/p>\n<p>Qu&rsquo;en est-il, en fait, de sa praxis ?<\/p>\n<p>Mais c&rsquo;est surtout l&rsquo;irrempla\u00e7able charte de l&rsquo;\u00c9vang\u00e9lisation qu&rsquo;est <i>\u00abEvangelii Nuntiandi\u00bb <\/i>de Paul VI qui l&rsquo;exprime clairement : \u00abEntre \u00e9vang\u00e9lisation et promotion humaine &#8211; d\u00e9veloppement, lib\u00e9ration &#8211; il y a des liens profonds. Liens d&rsquo;ordre anthropologique, parce que l&rsquo;homme \u00e0 \u00e9vang\u00e9liser n&rsquo;est pas un \u00eatre abstrait, mais qu&rsquo;il est sujet aux questions sociales et \u00e9conomiques. Liens d&rsquo;ordre th\u00e9ologique, puisqu&rsquo;on ne peut pas dissocier le plan de la cr\u00e9ation du plan de la R\u00e9demption qui, lui, atteint les situations tr\u00e8s concr\u00e8tes de l&rsquo;injustice \u00e0 combattre et de la justice \u00e0 restaurer. Liens de cet ordre \u00e9minemment \u00e9vang\u00e9lique qui est celui de la charit\u00e9 : comment en effet proclamer le commandement nouveau sans promouvoir dans la justice et la paix la v\u00e9ritable, l&rsquo;authentique croissance de l&rsquo;homme ?\u00bb (n\u00b0 3).<\/p>\n<p>Pour nous, \u00e9vang\u00e9liser aujourd&rsquo;hui c&rsquo;est travailler avec tous les hommes de bonne volont\u00e9 \u00e0 r\u00e9aliser, \u00ab\u00e0 la sueur de nos fronts et \u00e0 la force de nos bras\u00bb, ce que Jean-Paul pr\u00e9conise dans le discours d&rsquo;ouverture des travaux de la 3e.<\/p>\n<p>Conf\u00e9rence de l&rsquo;\u00c9piscopat Latino-am\u00e9ricain \u00e0 Puebla, le 28 juillet 1979 :<\/p>\n<p style=\"padding-left: 30px\"><i>\u00abL&rsquo;\u00c9glise a appris que sa mission \u00e9vang\u00e9lisatrice <\/i><i>comporte, pour une part indispensable, l&rsquo;action pour la <\/i><i>justice et la t\u00e2che de promotion de l&rsquo;homme\u00bb.<\/i><\/p>\n<p>Seuls <b>le travail commun <\/b>de toutes les \u00c9glises, leur unit\u00e9 visible et tous les hommes de bonne volont\u00e9, peuvent freiner quelque peu les retomb\u00e9es n\u00e9gatives de la mondialisation sur les pauvres et les plus pauvres.<\/p>\n<h3><i>4. La lib\u00e9ration de l&rsquo;homme<\/i><\/h3>\n<p>Je n&rsquo;entrerai pas dans la pol\u00e9mique \u00e9pineuse qui entoure la Th\u00e9ologie de la lib\u00e9ration, pourtant si \u00e9minemment biblique.<\/p>\n<p>Cependant, et J\u00e9sus et l&rsquo;\u00e9glise ont mis un lien \u00e9troit entre \u00e9vang\u00e9lisation et lib\u00e9ration de l&rsquo;homme. Saint Vincent, quant \u00e0 lui, ne s\u00e9parait jamais l&rsquo;annonce du salut en J\u00e9sus Christ des r\u00e9alisations concr\u00e8tes de la charit\u00e9 qui la rendaient cr\u00e9dible. Il a donc multipli\u00e9 les actes proph\u00e9tiques \u00ab\u00a0inaudits\u00a0\u00bb jusqu&rsquo;alors. Il a surtout aid\u00e9 le pauvre \u00e0 devenir lui-m\u00eame auteur de sa lib\u00e9ration en lui apprenant \u00e0 sortir de sa situation d&rsquo;assist\u00e9, rapporte Abelly :<\/p>\n<p style=\"padding-left: 30px\"><i>\u00abSaint Vincent fit aussi acheter et dresser des <\/i><i>m\u00e9tiers, des outils et autre choses convenables pour <\/i><i>occuper (les pauvres) selon leurs petites forces et <\/i><i>industries, afin d&rsquo;\u00e9viter l&rsquo;oisivet\u00e9\u00bb (Livre I, ch. 45, p. <\/i><i>213).<\/i><\/p>\n<p>Les multiples ali\u00e9nations \u00e9conomiques, sociales et culturelles dont souffre l&rsquo;homme aujourd&rsquo;hui doivent \u00eatre prises en compte dans notre vision et nos projets missionnaires. Il ne suffit plus de sauver les \u00e2mes. Il faut surtout sauver l&rsquo;homme dans la multiplicit\u00e9 de ses dimensions.<\/p>\n<p>Annoncer l&rsquo;\u00c9vangile aujourd&rsquo;hui au pauvre, c&rsquo;est surtout l&rsquo;aider \u00e0 devenir lui-m\u00eame l&rsquo;auteur de sa propre promotion humaine, comme l&rsquo;\u00e9crit Paul VI dans <i>\u00abEvangelii Nuntiandi\u00bb<\/i><\/p>\n<p style=\"padding-left: 30px\"><i>\u00abL&rsquo;\u00e9vang\u00e9lisation comporte un message explicite, <\/i><i>adapt\u00e9 aux diverses situations, constamment actualis\u00e9, <\/i><i>sur les droits et les devoirs de toute personne humaine, <\/i><i>sur la vie familiale&#8230;, sur la vie en commun dans la <\/i><i>soci\u00e9t\u00e9, sur la vie internationale, la paix, la justice, le <\/i><i>d\u00e9veloppement ; un message particuli\u00e8rement <\/i><i>vigoureux sur la lib\u00e9ration\u00bb (n\u00b0 <\/i>29).<\/p>\n<p>Mais pouvons-nous pr\u00e9tendre lib\u00e9rer les hommes si nous ne sommes pas libres nous-m\u00eames ?<\/p>\n<p>L&rsquo;oeuvre de lib\u00e9ration est si immense qu&rsquo;elle ne peut se faire qu&rsquo;en commun : soit \u00e0 l&rsquo;int\u00e9rieur de la Congr\u00e9gation de la Mission, (utiliser les m\u00e9dias: Internet, m\u00e9dias audiovisuels, travailler en \u00e9quipe&#8230;), soit \u00e0 l&rsquo;int\u00e9rieur de la Famille Vicentienne, soit dans une \u00e9troite collaboration avec les organismes d&rsquo;aide humanitaire et avec tous les hommes de bonne volont\u00e9.<\/p>\n","protected":false},"excerpt":{"rendered":"<p>B. Contenu de l&rsquo;evangelisation I. Du temps de Saint Vincent Depuis l&rsquo;exp\u00e9rience de Gannes, la hantise de Saint Vincent \u00e9tait \u00abque le pauvre peuple se damne faute de savoir les choses n\u00e9cessaires \u00e0 salut et &#8230; <a href=\"https:\/\/vincentians.com\/fr\/jesus-missionnaire-ii\/\" class=\"more-link\">Read More<\/a><\/p>\n","protected":false},"author":4,"featured_media":106157,"comment_status":"open","ping_status":"open","sticky":false,"template":"","format":"standard","meta":{"jetpack_post_was_ever_published":false,"_jetpack_newsletter_access":"","_jetpack_dont_email_post_to_subs":false,"_jetpack_newsletter_tier_id":0,"_jetpack_memberships_contains_paywalled_content":false,"_jetpack_memberships_contains_paid_content":false,"footnotes":"","jetpack_publicize_message":"","jetpack_publicize_feature_enabled":true,"jetpack_social_post_already_shared":true,"jetpack_social_options":{"image_generator_settings":{"template":"highway","default_image_id":0,"font":"","enabled":false},"version":2}},"categories":[118],"tags":[],"class_list":["post-105803","post","type-post","status-publish","format-standard","has-post-thumbnail","hentry","category-formation-vincentienne"],"yoast_head":"<!-- This site is optimized with the Yoast SEO plugin v26.3 - https:\/\/yoast.com\/wordpress\/plugins\/seo\/ -->\n<title>Jesus missionnaire (II) - Nous Sommes Vincentiens<\/title>\n<meta name=\"robots\" content=\"index, follow, max-snippet:-1, max-image-preview:large, max-video-preview:-1\" \/>\n<link rel=\"canonical\" href=\"https:\/\/vincentians.com\/fr\/jesus-missionnaire-ii\/\" \/>\n<meta property=\"og:locale\" content=\"fr_FR\" \/>\n<meta property=\"og:type\" content=\"article\" \/>\n<meta property=\"og:title\" content=\"Jesus missionnaire (II) - Nous Sommes Vincentiens\" \/>\n<meta property=\"og:description\" content=\"B. Contenu de l&rsquo;evangelisation I. Du temps de Saint Vincent Depuis l&rsquo;exp\u00e9rience de Gannes, la hantise de Saint Vincent \u00e9tait \u00abque le pauvre peuple se damne faute de savoir les choses n\u00e9cessaires \u00e0 salut et ... Read More\" \/>\n<meta property=\"og:url\" content=\"https:\/\/vincentians.com\/fr\/jesus-missionnaire-ii\/\" \/>\n<meta property=\"og:site_name\" content=\"Nous Sommes Vincentiens\" \/>\n<meta property=\"article:publisher\" content=\"https:\/\/www.facebook.com\/WeAreVincentians\/\" \/>\n<meta property=\"article:author\" content=\"https:\/\/www.facebook.com\/JavierChento\" \/>\n<meta property=\"article:published_time\" content=\"2015-05-20T06:21:29+00:00\" \/>\n<meta name=\"author\" content=\"Francisco Javier Fern\u00e1ndez Chento\" \/>\n<meta name=\"twitter:card\" content=\"summary_large_image\" \/>\n<meta name=\"twitter:creator\" content=\"@https:\/\/twitter.com\/javierchento\" \/>\n<meta name=\"twitter:site\" content=\"@WeVincentians\" \/>\n<meta name=\"twitter:label1\" content=\"\u00c9crit par\" \/>\n\t<meta name=\"twitter:data1\" content=\"Francisco Javier Fern\u00e1ndez Chento\" \/>\n\t<meta name=\"twitter:label2\" content=\"Dur\u00e9e de lecture estim\u00e9e\" \/>\n\t<meta name=\"twitter:data2\" content=\"11 minutes\" \/>\n<script type=\"application\/ld+json\" class=\"yoast-schema-graph\">{\"@context\":\"https:\/\/schema.org\",\"@graph\":[{\"@type\":\"WebPage\",\"@id\":\"https:\/\/vincentians.com\/fr\/jesus-missionnaire-ii\/\",\"url\":\"https:\/\/vincentians.com\/fr\/jesus-missionnaire-ii\/\",\"name\":\"Jesus missionnaire (II) - Nous Sommes Vincentiens\",\"isPartOf\":{\"@id\":\"https:\/\/vincentians.com\/fr\/#website\"},\"primaryImageOfPage\":{\"@id\":\"https:\/\/vincentians.com\/fr\/jesus-missionnaire-ii\/#primaryimage\"},\"image\":{\"@id\":\"https:\/\/vincentians.com\/fr\/jesus-missionnaire-ii\/#primaryimage\"},\"thumbnailUrl\":\"\",\"datePublished\":\"2015-05-20T06:21:29+00:00\",\"author\":{\"@id\":\"https:\/\/vincentians.com\/fr\/#\/schema\/person\/9623ef4d9aa3b2dfb8c061f1499288f2\"},\"breadcrumb\":{\"@id\":\"https:\/\/vincentians.com\/fr\/jesus-missionnaire-ii\/#breadcrumb\"},\"inLanguage\":\"fr-FR\",\"potentialAction\":[{\"@type\":\"ReadAction\",\"target\":[\"https:\/\/vincentians.com\/fr\/jesus-missionnaire-ii\/\"]}]},{\"@type\":\"ImageObject\",\"inLanguage\":\"fr-FR\",\"@id\":\"https:\/\/vincentians.com\/fr\/jesus-missionnaire-ii\/#primaryimage\",\"url\":\"\",\"contentUrl\":\"\"},{\"@type\":\"BreadcrumbList\",\"@id\":\"https:\/\/vincentians.com\/fr\/jesus-missionnaire-ii\/#breadcrumb\",\"itemListElement\":[{\"@type\":\"ListItem\",\"position\":1,\"name\":\"Portada\",\"item\":\"https:\/\/vincentians.com\/fr\/\"},{\"@type\":\"ListItem\",\"position\":2,\"name\":\"Jesus missionnaire (II)\"}]},{\"@type\":\"WebSite\",\"@id\":\"https:\/\/vincentians.com\/fr\/#website\",\"url\":\"https:\/\/vincentians.com\/fr\/\",\"name\":\"Nous Sommes Vincentiens\",\"description\":\"Know more to serve more\",\"potentialAction\":[{\"@type\":\"SearchAction\",\"target\":{\"@type\":\"EntryPoint\",\"urlTemplate\":\"https:\/\/vincentians.com\/fr\/?s={search_term_string}\"},\"query-input\":{\"@type\":\"PropertyValueSpecification\",\"valueRequired\":true,\"valueName\":\"search_term_string\"}}],\"inLanguage\":\"fr-FR\"},{\"@type\":\"Person\",\"@id\":\"https:\/\/vincentians.com\/fr\/#\/schema\/person\/9623ef4d9aa3b2dfb8c061f1499288f2\",\"name\":\"Francisco Javier Fern\u00e1ndez Chento\",\"image\":{\"@type\":\"ImageObject\",\"inLanguage\":\"fr-FR\",\"@id\":\"https:\/\/vincentians.com\/fr\/#\/schema\/person\/image\/\",\"url\":\"https:\/\/secure.gravatar.com\/avatar\/497d5cde87b4c3d097d0315953521681ba2cd523ee66e5077c3711f7021e65de?s=96&d=mm&r=g\",\"contentUrl\":\"https:\/\/secure.gravatar.com\/avatar\/497d5cde87b4c3d097d0315953521681ba2cd523ee66e5077c3711f7021e65de?s=96&d=mm&r=g\",\"caption\":\"Francisco Javier Fern\u00e1ndez Chento\"},\"description\":\"Director General y cofundador de La Red de Formaci\u00f3n Vicenciana. Javier es laico vicenciano, afiliado a la Congregaci\u00f3n de la Misi\u00f3n y miembro del Equipo de Misiones Populares de la provincia can\u00f3nica de Zaragoza (Espa\u00f1a) de la Congregaci\u00f3n de la Misi\u00f3n. Graduado en la Universidad Oberta de Catalunya con cuatro grados (Asistente de direcci\u00f3n, Gesti\u00f3n Administrativa, Recursos Humanos y Contabilidad Avanzada). Bil\u00edng\u00fce Espa\u00f1ol\/Ingl\u00e9s. gestiona y mantiene varias p\u00e1ginas web cristianas y vicencianas, incluida including La Red de Formaci\u00f3n Vicenciana, de la que es cofundador. Actualmente es responsable del \u00e1rea de Espa\u00f1ol de .famvin, la Red de Noticias de la Familia Vicenciana. Tambi\u00e9n es m\u00fasico cat\u00f3lico y ha editado varios discos. Es Director General y cofundador de Trovador, una reconocida compa\u00f1\u00eda discogr\u00e1fica critiana de Espa\u00f1a. Trabaja en las Tecnolog\u00edas de la Informaci\u00f3n, ofreciendo servicios de alojamiento, dise\u00f1o y mantenimiento Web, as\u00ed como asesoramiento, formaci\u00f3n y soluciones inform\u00e1ticas, gesti\u00f3n documental y digitalizaci\u00f3n de textos, edici\u00f3n y maquetaci\u00f3n de libros, revistas, flyers, etc.\",\"sameAs\":[\"http:\/\/chento.org\",\"https:\/\/www.facebook.com\/JavierChento\",\"https:\/\/x.com\/https:\/\/twitter.com\/javierchento\"],\"url\":\"https:\/\/vincentians.com\/fr\/author\/chento\/\"}]}<\/script>\n<!-- \/ Yoast SEO plugin. -->","yoast_head_json":{"title":"Jesus missionnaire (II) - Nous Sommes Vincentiens","robots":{"index":"index","follow":"follow","max-snippet":"max-snippet:-1","max-image-preview":"max-image-preview:large","max-video-preview":"max-video-preview:-1"},"canonical":"https:\/\/vincentians.com\/fr\/jesus-missionnaire-ii\/","og_locale":"fr_FR","og_type":"article","og_title":"Jesus missionnaire (II) - Nous Sommes Vincentiens","og_description":"B. Contenu de l&rsquo;evangelisation I. Du temps de Saint Vincent Depuis l&rsquo;exp\u00e9rience de Gannes, la hantise de Saint Vincent \u00e9tait \u00abque le pauvre peuple se damne faute de savoir les choses n\u00e9cessaires \u00e0 salut et ... Read More","og_url":"https:\/\/vincentians.com\/fr\/jesus-missionnaire-ii\/","og_site_name":"Nous Sommes Vincentiens","article_publisher":"https:\/\/www.facebook.com\/WeAreVincentians\/","article_author":"https:\/\/www.facebook.com\/JavierChento","article_published_time":"2015-05-20T06:21:29+00:00","author":"Francisco Javier Fern\u00e1ndez Chento","twitter_card":"summary_large_image","twitter_creator":"@https:\/\/twitter.com\/javierchento","twitter_site":"@WeVincentians","twitter_misc":{"\u00c9crit par":"Francisco Javier Fern\u00e1ndez Chento","Dur\u00e9e de lecture estim\u00e9e":"11 minutes"},"schema":{"@context":"https:\/\/schema.org","@graph":[{"@type":"WebPage","@id":"https:\/\/vincentians.com\/fr\/jesus-missionnaire-ii\/","url":"https:\/\/vincentians.com\/fr\/jesus-missionnaire-ii\/","name":"Jesus missionnaire (II) - Nous Sommes Vincentiens","isPartOf":{"@id":"https:\/\/vincentians.com\/fr\/#website"},"primaryImageOfPage":{"@id":"https:\/\/vincentians.com\/fr\/jesus-missionnaire-ii\/#primaryimage"},"image":{"@id":"https:\/\/vincentians.com\/fr\/jesus-missionnaire-ii\/#primaryimage"},"thumbnailUrl":"","datePublished":"2015-05-20T06:21:29+00:00","author":{"@id":"https:\/\/vincentians.com\/fr\/#\/schema\/person\/9623ef4d9aa3b2dfb8c061f1499288f2"},"breadcrumb":{"@id":"https:\/\/vincentians.com\/fr\/jesus-missionnaire-ii\/#breadcrumb"},"inLanguage":"fr-FR","potentialAction":[{"@type":"ReadAction","target":["https:\/\/vincentians.com\/fr\/jesus-missionnaire-ii\/"]}]},{"@type":"ImageObject","inLanguage":"fr-FR","@id":"https:\/\/vincentians.com\/fr\/jesus-missionnaire-ii\/#primaryimage","url":"","contentUrl":""},{"@type":"BreadcrumbList","@id":"https:\/\/vincentians.com\/fr\/jesus-missionnaire-ii\/#breadcrumb","itemListElement":[{"@type":"ListItem","position":1,"name":"Portada","item":"https:\/\/vincentians.com\/fr\/"},{"@type":"ListItem","position":2,"name":"Jesus missionnaire (II)"}]},{"@type":"WebSite","@id":"https:\/\/vincentians.com\/fr\/#website","url":"https:\/\/vincentians.com\/fr\/","name":"Nous Sommes Vincentiens","description":"Know more to serve more","potentialAction":[{"@type":"SearchAction","target":{"@type":"EntryPoint","urlTemplate":"https:\/\/vincentians.com\/fr\/?s={search_term_string}"},"query-input":{"@type":"PropertyValueSpecification","valueRequired":true,"valueName":"search_term_string"}}],"inLanguage":"fr-FR"},{"@type":"Person","@id":"https:\/\/vincentians.com\/fr\/#\/schema\/person\/9623ef4d9aa3b2dfb8c061f1499288f2","name":"Francisco Javier Fern\u00e1ndez Chento","image":{"@type":"ImageObject","inLanguage":"fr-FR","@id":"https:\/\/vincentians.com\/fr\/#\/schema\/person\/image\/","url":"https:\/\/secure.gravatar.com\/avatar\/497d5cde87b4c3d097d0315953521681ba2cd523ee66e5077c3711f7021e65de?s=96&d=mm&r=g","contentUrl":"https:\/\/secure.gravatar.com\/avatar\/497d5cde87b4c3d097d0315953521681ba2cd523ee66e5077c3711f7021e65de?s=96&d=mm&r=g","caption":"Francisco Javier Fern\u00e1ndez Chento"},"description":"Director General y cofundador de La Red de Formaci\u00f3n Vicenciana. Javier es laico vicenciano, afiliado a la Congregaci\u00f3n de la Misi\u00f3n y miembro del Equipo de Misiones Populares de la provincia can\u00f3nica de Zaragoza (Espa\u00f1a) de la Congregaci\u00f3n de la Misi\u00f3n. Graduado en la Universidad Oberta de Catalunya con cuatro grados (Asistente de direcci\u00f3n, Gesti\u00f3n Administrativa, Recursos Humanos y Contabilidad Avanzada). Bil\u00edng\u00fce Espa\u00f1ol\/Ingl\u00e9s. gestiona y mantiene varias p\u00e1ginas web cristianas y vicencianas, incluida including La Red de Formaci\u00f3n Vicenciana, de la que es cofundador. Actualmente es responsable del \u00e1rea de Espa\u00f1ol de .famvin, la Red de Noticias de la Familia Vicenciana. Tambi\u00e9n es m\u00fasico cat\u00f3lico y ha editado varios discos. Es Director General y cofundador de Trovador, una reconocida compa\u00f1\u00eda discogr\u00e1fica critiana de Espa\u00f1a. Trabaja en las Tecnolog\u00edas de la Informaci\u00f3n, ofreciendo servicios de alojamiento, dise\u00f1o y mantenimiento Web, as\u00ed como asesoramiento, formaci\u00f3n y soluciones inform\u00e1ticas, gesti\u00f3n documental y digitalizaci\u00f3n de textos, edici\u00f3n y maquetaci\u00f3n de libros, revistas, flyers, etc.","sameAs":["http:\/\/chento.org","https:\/\/www.facebook.com\/JavierChento","https:\/\/x.com\/https:\/\/twitter.com\/javierchento"],"url":"https:\/\/vincentians.com\/fr\/author\/chento\/"}]}},"jetpack_publicize_connections":[],"jetpack_featured_media_url":"","jetpack_sharing_enabled":true,"jetpack_shortlink":"https:\/\/wp.me\/p7ETMP-rwv","jetpack-related-posts":[{"id":38477,"url":"https:\/\/vincentians.com\/fr\/le-directeur-provincial-animateur-des-filles-de-la-charite\/","url_meta":{"origin":105803,"position":0},"title":"Le Directeur Provincial \u201canimateur\u201d des Filles de la Charit\u00e9","author":"Francisco Javier Fern\u00e1ndez Chento","date":"03\/10\/2012","format":false,"excerpt":"Dans les Constitutions des Filles de la Charit\u00e9, nous trouvons \u00e0 l\u2019article 3.38: le Directeur Provincial est un pr\u00eatre de la Congr\u00e9gation de la Mission, nomm\u00e9 par le Sup\u00e9rieur G\u00e9n\u00e9ral; \u201cil partage avec la Visitatrice et son Conseil la responsabilit\u00e9 de promouvoir l\u2019esprit vincentien dans la Province\u201d Missionnaire, le directeur\u2026","rel":"","context":"Dans &quot;Congr\u00e9gation de la Mission&quot;","block_context":{"text":"Congr\u00e9gation de la Mission","link":"https:\/\/vincentians.com\/fr\/category\/congregation-de-la-mission\/"},"img":{"alt_text":"","src":"https:\/\/i0.wp.com\/vincentiens.org\/wp-content\/uploads\/2011\/05\/filles_charite-228x300.jpg?resize=350%2C200","width":350,"height":200},"classes":[]},{"id":45335,"url":"https:\/\/vincentians.com\/fr\/saint-vincent-et-les-missions\/","url_meta":{"origin":105803,"position":1},"title":"Saint Vincent et les Missions","author":"Francisco Javier Fern\u00e1ndez Chento","date":"14\/12\/2014","format":false,"excerpt":"Introduction A.- Lorsque nous essayons d'\u00e9tudier le travail missionnaire de Vincent de Paul et de ses premiers compagnons, nous trouvons une v\u00e9ritable mystique de la Mission; alors que nous d\u00e9sirerions que le Saint nous ait donn\u00e9 aussi une doctrine th\u00e9ologique sur ce qui constitue l'objectif de sa vie, sur ce\u2026","rel":"","context":"Dans &quot;Vincent de Paul&quot;","block_context":{"text":"Vincent de Paul","link":"https:\/\/vincentians.com\/fr\/category\/the-vincentian-family\/founders\/vincent-de-paul\/"},"img":{"alt_text":"Vincent de Paul portrait","src":"https:\/\/i0.wp.com\/vincentiens.org\/wp-content\/uploads\/2014\/12\/Vincent-de-Paul-portrait-300x300.jpg?resize=350%2C200","width":350,"height":200},"classes":[]},{"id":107459,"url":"https:\/\/vincentians.com\/fr\/histoire-dun-regard-sur-le-pauvre-2\/","url_meta":{"origin":105803,"position":2},"title":"Histoire d&rsquo;un regard sur le pauvre (2)","author":"Francisco Javier Fern\u00e1ndez Chento","date":"26\/12\/2013","format":false,"excerpt":"2. Un regard qui se centre, un regard qui se fixe (1617) En janvier 1617, M. Vincent est donc pr\u00e9cepteur dans la famille des de Gondi. Il peut estimer avoir atteint cette situation enviable \u00e0 laquelle il aspire depuis des ann\u00e9es. Mais il conna\u00eet alors une grave crise spirituelle et\u2026","rel":"","context":"Dans &quot;Au temps de Vincent de Paul&quot;","block_context":{"text":"Au temps de Vincent de Paul","link":"https:\/\/vincentians.com\/fr\/category\/au-temps-de-vincent-de-paul\/"},"img":{"alt_text":"Un_infini_regard_","src":"https:\/\/i0.wp.com\/vincentiens.org\/wp-content\/uploads\/2013\/12\/Un_infini_regard_-225x300.jpg?resize=350%2C200","width":350,"height":200},"classes":[]},{"id":52052,"url":"https:\/\/vincentians.com\/fr\/saint-vincent-de-paul-et-sa-mission-sociale-iii-laction-1\/","url_meta":{"origin":105803,"position":3},"title":"Saint Vincent De Paul Et Sa Mission Sociale. III &#8211; L\u2019action (1)","author":"Francisco Javier Fern\u00e1ndez Chento","date":"25\/12\/2014","format":false,"excerpt":"LES MISSIONS. \u2014 Saint Vincent de Paul missionnaire. \u2014 Organisation des missions rurales. \u2014 Vertus et qualit\u00e9s des missionnaires. \u2014 La pr\u00e9dication d\u2019apr\u00e8s le saint. \u2014 Sa conduite envers les h\u00e9r\u00e9tiques et les infid\u00e8les. \u2014 Les imitateurs de Vincent de Paul. \u2014 Fruits du nouvel apostolat. \u2014 Missions \u00e0 la\u2026","rel":"","context":"Dans &quot;Vincent de Paul&quot;","block_context":{"text":"Vincent de Paul","link":"https:\/\/vincentians.com\/fr\/category\/the-vincentian-family\/founders\/vincent-de-paul\/"},"img":{"alt_text":"","src":"https:\/\/i0.wp.com\/vincentians.com\/fr\/wp-content\/uploads\/sites\/10\/2016\/07\/vincent-et-sa-action-sociale.jpg?fit=1160%2C630&ssl=1&resize=350%2C200","width":350,"height":200,"srcset":"https:\/\/i0.wp.com\/vincentians.com\/fr\/wp-content\/uploads\/sites\/10\/2016\/07\/vincent-et-sa-action-sociale.jpg?fit=1160%2C630&ssl=1&resize=350%2C200 1x, https:\/\/i0.wp.com\/vincentians.com\/fr\/wp-content\/uploads\/sites\/10\/2016\/07\/vincent-et-sa-action-sociale.jpg?fit=1160%2C630&ssl=1&resize=525%2C300 1.5x, https:\/\/i0.wp.com\/vincentians.com\/fr\/wp-content\/uploads\/sites\/10\/2016\/07\/vincent-et-sa-action-sociale.jpg?fit=1160%2C630&ssl=1&resize=700%2C400 2x, https:\/\/i0.wp.com\/vincentians.com\/fr\/wp-content\/uploads\/sites\/10\/2016\/07\/vincent-et-sa-action-sociale.jpg?fit=1160%2C630&ssl=1&resize=1050%2C600 3x"},"classes":[]},{"id":52035,"url":"https:\/\/vincentians.com\/fr\/saint-vincent-de-paul-et-sa-mission-sociale-ii-les-oeuvres-2\/","url_meta":{"origin":105803,"position":4},"title":"Saint Vincent De Paul Et Sa Mission Sociale. II &#8211; Les \u0152uvres (2)","author":"Francisco Javier Fern\u00e1ndez Chento","date":"22\/12\/2014","format":false,"excerpt":"LA CONGR\u00c9GATION DE LA MISSION. \u2014 Fondation de la Mission. \u2014 Madame de Gondi. \u2014 Vincent de Paul est nomm\u00e9 sup\u00e9rieur du coll\u00e8ge des Bons-Enfants. \u2014 Les fondateurs d\u2019ordre. \u2014 But de la Congr\u00e9gation de la Mission. \u2014 L\u2019\u00e9vang\u00e9lisation des pauvres. \u2014 \u00c9tablissement \u00e0 Saint-Lazare. \u2014 Premiers travaux des missionnaires.\u2026","rel":"","context":"Dans &quot;Vincent de Paul&quot;","block_context":{"text":"Vincent de Paul","link":"https:\/\/vincentians.com\/fr\/category\/the-vincentian-family\/founders\/vincent-de-paul\/"},"img":{"alt_text":"","src":"https:\/\/i0.wp.com\/vincentians.com\/fr\/wp-content\/uploads\/sites\/10\/2016\/07\/vincent-et-sa-action-sociale.jpg?fit=1160%2C630&ssl=1&resize=350%2C200","width":350,"height":200,"srcset":"https:\/\/i0.wp.com\/vincentians.com\/fr\/wp-content\/uploads\/sites\/10\/2016\/07\/vincent-et-sa-action-sociale.jpg?fit=1160%2C630&ssl=1&resize=350%2C200 1x, https:\/\/i0.wp.com\/vincentians.com\/fr\/wp-content\/uploads\/sites\/10\/2016\/07\/vincent-et-sa-action-sociale.jpg?fit=1160%2C630&ssl=1&resize=525%2C300 1.5x, https:\/\/i0.wp.com\/vincentians.com\/fr\/wp-content\/uploads\/sites\/10\/2016\/07\/vincent-et-sa-action-sociale.jpg?fit=1160%2C630&ssl=1&resize=700%2C400 2x, https:\/\/i0.wp.com\/vincentians.com\/fr\/wp-content\/uploads\/sites\/10\/2016\/07\/vincent-et-sa-action-sociale.jpg?fit=1160%2C630&ssl=1&resize=1050%2C600 3x"},"classes":[]},{"id":105801,"url":"https:\/\/vincentians.com\/fr\/jesus-missionnaire-i\/","url_meta":{"origin":105803,"position":5},"title":"Jesus missionnaire (I)","author":"Francisco Javier Fern\u00e1ndez Chento","date":"19\/05\/2015","format":false,"excerpt":"Ce nom de \u00abPr\u00eatres de la Mission\u00bb qui nous a \u00e9t\u00e9 donn\u00e9 par le contrat de notre fondation sign\u00e9 entre Messire Vincent de Paul et M. et Mme de Gondi, le 17 avril 1625 (SV. XIII, 197), \u00e9tait si cher au coeur de Saint Vincent qu'il s'est, par exemple, battu\u2026","rel":"","context":"Dans &quot;Formation Vincentienne&quot;","block_context":{"text":"Formation Vincentienne","link":"https:\/\/vincentians.com\/fr\/category\/formation-vincentienne\/"},"img":{"alt_text":"jesus","src":"https:\/\/i0.wp.com\/vincentiens.org\/wp-content\/uploads\/2013\/03\/jesus.jpg?resize=350%2C200","width":350,"height":200},"classes":[]}],"_links":{"self":[{"href":"https:\/\/vincentians.com\/fr\/wp-json\/wp\/v2\/posts\/105803","targetHints":{"allow":["GET"]}}],"collection":[{"href":"https:\/\/vincentians.com\/fr\/wp-json\/wp\/v2\/posts"}],"about":[{"href":"https:\/\/vincentians.com\/fr\/wp-json\/wp\/v2\/types\/post"}],"author":[{"embeddable":true,"href":"https:\/\/vincentians.com\/fr\/wp-json\/wp\/v2\/users\/4"}],"replies":[{"embeddable":true,"href":"https:\/\/vincentians.com\/fr\/wp-json\/wp\/v2\/comments?post=105803"}],"version-history":[{"count":0,"href":"https:\/\/vincentians.com\/fr\/wp-json\/wp\/v2\/posts\/105803\/revisions"}],"wp:featuredmedia":[{"embeddable":true,"href":"https:\/\/vincentians.com\/fr\/wp-json\/"}],"wp:attachment":[{"href":"https:\/\/vincentians.com\/fr\/wp-json\/wp\/v2\/media?parent=105803"}],"wp:term":[{"taxonomy":"category","embeddable":true,"href":"https:\/\/vincentians.com\/fr\/wp-json\/wp\/v2\/categories?post=105803"},{"taxonomy":"post_tag","embeddable":true,"href":"https:\/\/vincentians.com\/fr\/wp-json\/wp\/v2\/tags?post=105803"}],"curies":[{"name":"wp","href":"https:\/\/api.w.org\/{rel}","templated":true}]}}