{"id":105801,"date":"2015-05-19T08:25:43","date_gmt":"2015-05-19T06:25:43","guid":{"rendered":"http:\/\/vincentiens.org\/?p=105801"},"modified":"2015-05-19T08:25:43","modified_gmt":"2015-05-19T06:25:43","slug":"jesus-missionnaire-i","status":"publish","type":"post","link":"https:\/\/vincentians.com\/fr\/jesus-missionnaire-i\/","title":{"rendered":"Jesus missionnaire (I)"},"content":{"rendered":"<p><a href=\"https:\/\/i0.wp.com\/vincentiens.org\/wp-content\/uploads\/2013\/03\/jesus.jpg\"><img data-recalc-dims=\"1\" loading=\"lazy\" decoding=\"async\" class=\"alignright size-full wp-image-106073\" alt=\"jesus\" src=\"https:\/\/i0.wp.com\/vincentiens.org\/wp-content\/uploads\/2013\/03\/jesus.jpg?resize=202%2C249\" width=\"202\" height=\"249\" \/><\/a>Ce nom de <i>\u00abPr\u00eatres de la Mission\u00bb <\/i>qui nous a \u00e9t\u00e9 donn\u00e9 par le contrat de notre fondation sign\u00e9 entre Messire Vincent de Paul et M. et Mme de Gondi, le 17 avril 1625 (SV. XIII, 197), \u00e9tait si cher au coeur de Saint Vincent qu&rsquo;il s&rsquo;est, par exemple, battu pour emp\u00eacher d&rsquo;autres Congr\u00e9gations de le porter ou m\u00eame de porter un nom apparent\u00e9 (cf. IV, 292\u00ad296). Il a m\u00eame voulu qu&rsquo;on nomme <i>\u00ab\u00a0Mission\u00a0\u00bb <\/i>m\u00eame les s\u00e9minaires, car, pour lui ;<\/p>\n<p style=\"padding-left: 30px\"><i>\u00abSouvent les ouvriers tirent leur nom de celui de <\/i><i>leurs ouvrages\u00bb (SV. III, 356)<\/i><\/p>\n<p>En instituant la Compagnie, Saint Vincent a voulu faire ce que le Fils de Dieu est venu faire sur terre : <i>\u00c9vang\u00e9liser les <\/i><i>pauvres.<\/i><\/p>\n<p>Je divise cette derni\u00e8re partie en trois volets :<\/p>\n<ol>\n<li>L&rsquo;objectif de l&rsquo;\u00e9vang\u00e9lisation.<\/li>\n<li>Le contenu de cette \u00e9vang\u00e9lisation.<\/li>\n<li>L&rsquo;Esprit de l&rsquo;\u00e9vang\u00e9lisation<\/li>\n<\/ol>\n<h2>A. Objectifs de l&rsquo;evangelisation<\/h2>\n<p>Pour Saint Vincent, \u00e9vang\u00e9liser c&rsquo;est :<\/p>\n<h3><b><i>1. Poursuivre l&rsquo;oeuvre du Fils de Dieu<\/i><\/b><\/h3>\n<p>Il s&rsquo;agit de pousser l&rsquo;imitation du Christ non seulement jusqu&rsquo;\u00e0 l&rsquo;identification personnelle \u00e0 sa personne, mais aussi jusqu&rsquo;\u00e0 \u00e9pouser le plan du salut con\u00e7u par le P\u00e8re et entrer pleinement dans sa r\u00e9alisation.<\/p>\n<p>Certes, ce plan du salut s&rsquo;\u00e9tend \u00e0 tous les hommes et \u00e0 toutes les cr\u00e9atures, car il est Myst\u00e8re d&rsquo;amour qui appelle tous les hommes \u00e0 se rassembler dans l&rsquo;unit\u00e9 de la communion r\u00e9v\u00e9l\u00e9e en J\u00e9sus Christ. Cependant, J\u00e9sus a donn\u00e9 l&rsquo;\u00e9vang\u00e9lisation des pauvres comme le signe de sa messianit\u00e9 et le sceau de la v\u00e9ridicit\u00e9 de son envoi par le P\u00e8re (Matthieu 11,2-6). Et c&rsquo;est cet aspect-l\u00e0 que retient essentiellement Saint Vincent :<\/p>\n<p style=\"padding-left: 30px\">\u00abNotre Seigneur demande de nous que nous \u00e9vang\u00e9lisions les pauvres ; voil\u00e0 ce qu&rsquo;il a fait et ce qu&rsquo;il veut continuer de faire par nous. Nous avons grand sujet de nous humilier ici, voyant que le P\u00e8re \u00e9ternel nous applique aux desseins de son Fils, qui est venu \u00e9vang\u00e9liser les pauvres et qui a donn\u00e9 cela pour marque qu&rsquo;il \u00e9tait le Fils de Dieu et que le Messie qu&rsquo;on attendait \u00e9tait venu\u00bb (SV. XII, 79).<\/p>\n<p>Cette oeuvre de l&rsquo;\u00e9vang\u00e9lisation des pauvres doit \u00eatre notre \u00ab\u00a0principal\u00a0\u00bb, comme elle le fut pour J\u00e9sus. \u00c0 un objecteur imaginaire qui ne voit pas la sp\u00e9cificit\u00e9 d&rsquo;appartenir \u00e0 la Congr\u00e9gation de la Mission, puisque beaucoup de pr\u00eatres \u00e9vang\u00e9lisent les pauvres, Saint Vincent r\u00e9plique :<\/p>\n<p style=\"padding-left: 30px\">\u00abCela est vrai, mais il ne se trouve en l&rsquo;\u00c9glise de Dieu aucune Compagnie qui ait pour son partage les pauvres et qui se donne toute aux pauvres pour ne jamais pr\u00eacher aux grandes villes ; c&rsquo;est de quoi les missionnaires font profession ; cela leur est particulier d&rsquo;\u00eatre, comme J\u00e9sus Christ, appliqu\u00e9s aux pauvres. Notre vocation donc est une continuation de la sienne, ou, pour le moins, elle lui est rapportant dans ses circonstances&#8230; Faire conna\u00eetre Dieu aux pauvres, leur annoncer J\u00e9sus Christ, leur dire que le Royaume des Cieux est proche et qu&rsquo;il est pour les pauvres. Oh ! que cela est grand ! Mais que nous soyons appel\u00e9s pour \u00eatre consorts et participants aux desseins du Fils de Dieu, cela surpasse notre entendement\u00bb (SV. XII, 79\u00ad80).<\/p>\n<p>De plus, ce travail rev\u00eat beaucoup d&rsquo;importance puisque Dieu compte sur nous pour le r\u00e9aliser :<\/p>\n<p style=\"padding-left: 30px\">\u00abMalheur \u00e0 nous, dit Saint Vincent \u00e0 ses missionnaires, si nous nous rendons l\u00e2ches \u00e0 nous acquitter des obligations que nous avons de secourir les pauvres \u00e2mes ! Car nous nous sommes donn\u00e9s \u00e0 Dieu pour cela, et Dieu se repose sur nous\u00bb (SV. XI, 135).<\/p>\n<p>Vouloir que le Christ continue \u00e0 parler \u00e0 travers lui et \u00e0 travers la Compagnie et que se poursuive ainsi l&rsquo;oeuvre du salut de l&rsquo;homme, voil\u00e0 le point focal de la vie de Saint Vincent. En effet, ni l&rsquo;usure de l&rsquo;\u00e2ge, ni la maladie ne doivent \u00eatre des emp\u00eachements \u00e0 ce travail d&rsquo;\u00e9vang\u00e9lisation des pauvres. Le succ\u00e8s missionnaire de l&rsquo;un de ses confr\u00e8res lui donne<\/p>\n<p style=\"padding-left: 30px\">\u00abDe si grands d\u00e9sirs de pouvoir, parmi mes petites infirmit\u00e9s, aller finir ma vie aupr\u00e8s d&rsquo;un buisson, en travaillant dans quelque village, qu&rsquo;il semble que je serais bien heureux, s&rsquo;il plaisait \u00e0 Dieu de me faire cette gr\u00e2ce\u00bb (SV., V, 204).<\/p>\n<p>Le travail d&rsquo;\u00e9vang\u00e9lisation des pauvres, de tout pauvre, est si important aux yeux de Saint Vincent qu&rsquo;il n&rsquo;a pas peur de le d\u00e9fendre avec une virulence qui frise parfois la violence verbale, contre ses d\u00e9tracteurs d&rsquo;alors et contre ceux qui feront partie de la Congr\u00e9gation de la Mission \u00e0 l&rsquo;avenir. Face au danger d&rsquo;un \u00e9ventuel objecteur qui voudrait bien \u00e9vang\u00e9liser les pauvres, mais ne pas s&rsquo;encombrer de la formation du clerg\u00e9, ni de servir les Filles de la Charit\u00e9, ni de la charge d&rsquo;un h\u00f4pital, ni de s&rsquo;occuper des ali\u00e9n\u00e9s, ni des enfants trouv\u00e9s, ni des victimes de la guerre, ni des prisonniers, ni des missions \u00abad gentes\u00bb, Saint Vincent appelle la Congr\u00e9gation de la Mission \u00e0 la plus grande vigilance, \u00e0 la fid\u00e9lit\u00e9 \u00e0 sa vocation premi\u00e8re et \u00e0 se d\u00e9fendre avec force contre de tels d\u00e9tracteurs :<\/p>\n<p style=\"padding-left: 30px\">\u00abJe vous en avertis, mes fr\u00e8res, avant que je vous quitte, j&rsquo;ai connu que plusieurs d&rsquo;entre vous s&rsquo;\u00e9l\u00e8veront pour s\u00e9duire les autres ; ils feront ce que je vous d\u00e9fends et ne feront pas ce que je vous recommande de la part de Dieu. Gardez-vous bien de vous laisser surprendre&#8230; Apr\u00e8s que je m&rsquo;en serai all\u00e9, il viendra des loups ravissants, et d&rsquo;entre vous se l\u00e8veront de faux fr\u00e8res qui annonceront choses perverses et qui vous enseigneront le contraire de ce que je vous ai dit ; mais ne les \u00e9coutez pas, ce sont de faux proph\u00e8tes. Il se trouvera de m\u00eame, mes fr\u00e8res, des carcasses de missionnaires qui t\u00e2cheront d&rsquo;insinuer de fausses maximes pour ruiner, s&rsquo;ils peuvent, ces fondements de la Compagnie ; \u00e0 ceux-l\u00e0 il faut leur r\u00e9sister&#8230; S&rsquo;il arrivait qu&rsquo;on propos\u00e2t ci-apr\u00e8s en la Compagnie d&rsquo;\u00f4ter cette pratique, de quitter cet h\u00f4pital, de rappeler les ouvriers de Barbarie, de se tenir ici, de n&rsquo;aller pas l\u00e0, d&rsquo;abandonner cet emploi et de ne courir pas aux besoins \u00e9loign\u00e9s, qu&rsquo;on dise hardiment \u00e0 ces faux fr\u00e8res : \u00ablaissez-nous en l&rsquo;\u00e9tat o\u00f9 Notre seigneur \u00e9tait sur la terre ; nous faisons ce qu&rsquo;il a fait ; ne nous emp\u00eachez pas de l&rsquo;imiter&#8230;<\/p>\n<p style=\"padding-left: 30px\">\u00abQui sera-ce qui nous d\u00e9tournera de ces biens commenc\u00e9s ? Des esprits libertins, libertins, qui ne demandent qu&rsquo;\u00e0 se divertir, et, pourvu qu&rsquo;il y ait \u00e0 d\u00eener, ne se mettent en peine d&rsquo;autre chose&#8230; Ce seront des gens mitonn\u00e9s, des gens qui n&rsquo;ont qu&rsquo;une petite p\u00e9riph\u00e9rie, qui bornent leur vue et leurs desseins \u00e0 certaine circonf\u00e9rence o\u00f9 ils s&rsquo;enferment comme en un point ; ils ne veulent sortir de l\u00e0 ; et si on leur montre quelque chose au-del\u00e0, et qu&rsquo;ils s&rsquo;en approchent pour la consid\u00e9rer, aussit\u00f4t ils retournent en leur centre, comme les lima\u00e7ons en leur coquille\u00bb (SV. XII, 90-93).<\/p>\n<h3><b><i>2. Rendre effectif l&rsquo;\u00c9vangile<\/i><\/b><\/h3>\n<p>Saint Vincent \u00e9tait pr\u00e9occup\u00e9, surtout au d\u00e9but de son engagement missionnaire, par l&rsquo;ignorance dans laquelle \u00e9tait le peuple de France des Myst\u00e8res du salut. Il croyait, comme on l&rsquo;enseignait alors, que ceux qui ignoraient ces Myst\u00e8res, alors qu&rsquo;ils pouvaient les conna\u00eetre, \u00e9taient irr\u00e9m\u00e9diablement damn\u00e9s. Il \u00e9crivait en 1631 \u00e0 M. Fran\u00e7ois du Coudray \u00e0 Rome :<\/p>\n<p style=\"padding-left: 30px\"><i>\u00abVous d\u00e9vez faire entendre que le pauvre peuple se <\/i><i>damne, faute de savoir les choses n\u00e9cessaires \u00e0 salut et<\/i> <i>faute de se confesser&#8230; Et que c&rsquo;est la connaissance <\/i><i>qu&rsquo;on en a eue qui a fait \u00e9riger la Compagnie pour, en <\/i><i>quelque fa\u00e7on, y rem\u00e9dier ; que, pour ce faire, il faut <\/i><i>vivre en congr\u00e9gation\u00bb (SV. I, 115).<\/i><\/p>\n<p>Mais, sous le coup des \u00e9v\u00e9nements douloureux que traversait la France : mis\u00e8re des malades, d\u00e9ch\u00e9ance des gal\u00e9riens, le nombre et le sort des enfants trouv\u00e9s, les cons\u00e9quences de la guerre intestine&#8230;, le cri des pauvres \u00e9tait devenu si fort et si lancinant que les horizons de Saint Vincent se sont spontan\u00e9ment \u00e9largis et approfondis : il ne lui suffisait plus d&rsquo;\u00e9vang\u00e9liser par paroles, il fallait y ajouter les \u0153uvres:<\/p>\n<p style=\"padding-left: 30px\">\u00abS&rsquo;il s&rsquo;en trouve parmi nous, dit-il aux missionnaires, qui pensent qu&rsquo;ils sont \u00e0 la Mission pour \u00e9vang\u00e9liser les pauvres et non pour les soulager, pour rem\u00e9dier \u00e0 leurs besoins spirituels et non aux temporels, je r\u00e9ponds que nous les devons assister et faire assister en toutes les mani\u00e8res, par nous et par autrui&#8230; Faire cela c&rsquo;est \u00e9vang\u00e9liser par paroles et par oeuvres, et c&rsquo;est le plus parfait, et c&rsquo;est aussi ce que Notre Seigneur a pratiqu\u00e9, et ce que doivent faire ceux qui le repr\u00e9sentent sur la terre d&rsquo;office et de caract\u00e8re, comme les pr\u00eatres\u00bb (SV. XII, 87 &#8211; 88).<\/p>\n<p>C&rsquo;est ce que Saint Vincent appelle \u00abrendre effectif l&rsquo;\u00c9vangile\u00bb (SV. XII, 84), c&rsquo;est-\u00e0-dire comme il l&rsquo;explique lui-m\u00eame : \u00abFaire les choses pr\u00e9dites et figur\u00e9es par les proph\u00e8tes\u00bb, comme le passage d&rsquo;Isa\u00efe 60, cit\u00e9 par Luc 4, 18.<\/p>\n<h3><b>3. Transformer l&rsquo;homme<\/b><\/h3>\n<p>Le dernier objectif de l&rsquo;\u00e9vang\u00e9lisation est la transformation radicale de l&rsquo;homme, sa conversion, afin qu&rsquo;il r\u00e9alise dans tous les secteurs de sa vie (individuelle, sociale, culturelle&#8230;) sa divinisation et sa filiation divine.<\/p>\n<p>Se convertir c&rsquo;est d\u00e9construire sa personnalit\u00e9 et sa vie afin de les reconstruire selon d&rsquo;autres bases et d&rsquo;autres valeurs.<\/p>\n<p style=\"padding-left: 30px\">\u00abL&rsquo;\u00c9glise \u00e9vang\u00e9lise, (\u00e9crit Paul VI dans \u00abEvangelii Nuntiandi\u00bb), lorsque, par la seule puissance divine du Message qu&rsquo;elle proclame, elle cherche \u00e0 convertir en m\u00eame temps la conscience personnelle et collective des hommes, l&rsquo;activit\u00e9 dans laquelle ils s&rsquo;engagent, la vie et le milieu concrets qui sont les leurs. Pour l&rsquo;\u00c9glise, il ne s&rsquo;agit pas seulement de pr\u00eacher l&rsquo;\u00c9vangile dans des tranches g\u00e9ographiques toujours plus vastes ou \u00e0 des populations toujours plus massives, mais aussi d&rsquo;atteindre et comme de bouleverser par la force de l&rsquo;\u00c9vangile les crit\u00e8res de jugement, les valeurs d\u00e9terminantes, les points d&rsquo;int\u00e9r\u00eats, les lignes de pens\u00e9e, les sources inspiratrices et les mod\u00e8les de vie de l&rsquo;humanit\u00e9, qui sont en contraste avec la parole de Dieu et le dessein du salut\u00bb (n\u00b0 18-19).<\/p>\n<p>Saint Vincent ne dit pas autre chose quand il rappelle \u00e0 ses Filles :<\/p>\n<p style=\"padding-left: 30px\">\u00abL&rsquo;amour des Filles de la Charit\u00e9 n&rsquo;est pas seulement tendre ; il est effectif parce qu&rsquo;elles servent effectivement les pauvres, corporellement et <i>spirituellement. Vous \u00eates oblig\u00e9es de leur apprendre \u00e0 <\/i><i>bien vivre, je dis, mes soeurs, \u00e0 bien vivre; c&rsquo;est ce qui <\/i><i>vous distingue de bien des religieuses\u00bb (SV. IX, 593).<\/i><\/p>\n<p>En effet, c&rsquo;est au niveau du \u00ab\u00a0coeur\u00a0\u00bb, de l&rsquo;int\u00e9riorit\u00e9 la plus profonde, que se noue la rencontre entre l&rsquo;homme et l&rsquo;\u00c9vangile (Matthieu 5 ; 6,19-23). Seule une r\u00e9ponse d&rsquo;amour \u00e0 l&rsquo;amour de Dieu r\u00e9v\u00e9l\u00e9 en J\u00e9sus Christ instaurera une relation authentique entre le message et son destinataire. En ce sens, la charit\u00e9 sera la v\u00e9ritable &lsquo;forme&rsquo; de l&rsquo;existence chr\u00e9tienne (1 Corinthiens 13) ; elle est le fruit de l&rsquo;action permanente de l&rsquo;Esprit qui renouvelle l&rsquo;homme au plus intime de lui-m\u00eame pour le rendre toujours plus participant au Myst\u00e8re du Christ (Romains 5,5)\u00bb.<\/p>\n","protected":false},"excerpt":{"rendered":"<p>Ce nom de \u00abPr\u00eatres de la Mission\u00bb qui nous a \u00e9t\u00e9 donn\u00e9 par le contrat de notre fondation sign\u00e9 entre Messire Vincent de Paul et M. et Mme de Gondi, le 17 avril 1625 (SV. &#8230; <a href=\"https:\/\/vincentians.com\/fr\/jesus-missionnaire-i\/\" class=\"more-link\">Read More<\/a><\/p>\n","protected":false},"author":4,"featured_media":106073,"comment_status":"open","ping_status":"open","sticky":false,"template":"","format":"standard","meta":{"jetpack_post_was_ever_published":false,"_jetpack_newsletter_access":"","_jetpack_dont_email_post_to_subs":false,"_jetpack_newsletter_tier_id":0,"_jetpack_memberships_contains_paywalled_content":false,"_jetpack_memberships_contains_paid_content":false,"footnotes":"","jetpack_publicize_message":"","jetpack_publicize_feature_enabled":true,"jetpack_social_post_already_shared":true,"jetpack_social_options":{"image_generator_settings":{"template":"highway","default_image_id":0,"font":"","enabled":false},"version":2}},"categories":[118],"tags":[],"class_list":["post-105801","post","type-post","status-publish","format-standard","has-post-thumbnail","hentry","category-formation-vincentienne"],"yoast_head":"<!-- This site is optimized with the Yoast SEO plugin v26.3 - https:\/\/yoast.com\/wordpress\/plugins\/seo\/ -->\n<title>Jesus missionnaire (I) - Nous Sommes Vincentiens<\/title>\n<meta name=\"robots\" content=\"index, follow, max-snippet:-1, max-image-preview:large, max-video-preview:-1\" \/>\n<link rel=\"canonical\" href=\"https:\/\/vincentians.com\/fr\/jesus-missionnaire-i\/\" \/>\n<meta property=\"og:locale\" content=\"fr_FR\" \/>\n<meta property=\"og:type\" content=\"article\" \/>\n<meta property=\"og:title\" content=\"Jesus missionnaire (I) - Nous Sommes Vincentiens\" \/>\n<meta property=\"og:description\" content=\"Ce nom de \u00abPr\u00eatres de la Mission\u00bb qui nous a \u00e9t\u00e9 donn\u00e9 par le contrat de notre fondation sign\u00e9 entre Messire Vincent de Paul et M. et Mme de Gondi, le 17 avril 1625 (SV. ... Read More\" \/>\n<meta property=\"og:url\" content=\"https:\/\/vincentians.com\/fr\/jesus-missionnaire-i\/\" \/>\n<meta property=\"og:site_name\" content=\"Nous Sommes Vincentiens\" \/>\n<meta property=\"article:publisher\" content=\"https:\/\/www.facebook.com\/WeAreVincentians\/\" \/>\n<meta property=\"article:author\" content=\"https:\/\/www.facebook.com\/JavierChento\" \/>\n<meta property=\"article:published_time\" content=\"2015-05-19T06:25:43+00:00\" \/>\n<meta name=\"author\" content=\"Francisco Javier Fern\u00e1ndez Chento\" \/>\n<meta name=\"twitter:card\" content=\"summary_large_image\" \/>\n<meta name=\"twitter:creator\" content=\"@https:\/\/twitter.com\/javierchento\" \/>\n<meta name=\"twitter:site\" content=\"@WeVincentians\" \/>\n<meta name=\"twitter:label1\" content=\"\u00c9crit par\" \/>\n\t<meta name=\"twitter:data1\" content=\"Francisco Javier Fern\u00e1ndez Chento\" \/>\n\t<meta name=\"twitter:label2\" content=\"Dur\u00e9e de lecture estim\u00e9e\" \/>\n\t<meta name=\"twitter:data2\" content=\"9 minutes\" \/>\n<script type=\"application\/ld+json\" class=\"yoast-schema-graph\">{\"@context\":\"https:\/\/schema.org\",\"@graph\":[{\"@type\":\"WebPage\",\"@id\":\"https:\/\/vincentians.com\/fr\/jesus-missionnaire-i\/\",\"url\":\"https:\/\/vincentians.com\/fr\/jesus-missionnaire-i\/\",\"name\":\"Jesus missionnaire (I) - Nous Sommes Vincentiens\",\"isPartOf\":{\"@id\":\"https:\/\/vincentians.com\/fr\/#website\"},\"primaryImageOfPage\":{\"@id\":\"https:\/\/vincentians.com\/fr\/jesus-missionnaire-i\/#primaryimage\"},\"image\":{\"@id\":\"https:\/\/vincentians.com\/fr\/jesus-missionnaire-i\/#primaryimage\"},\"thumbnailUrl\":\"\",\"datePublished\":\"2015-05-19T06:25:43+00:00\",\"author\":{\"@id\":\"https:\/\/vincentians.com\/fr\/#\/schema\/person\/9623ef4d9aa3b2dfb8c061f1499288f2\"},\"breadcrumb\":{\"@id\":\"https:\/\/vincentians.com\/fr\/jesus-missionnaire-i\/#breadcrumb\"},\"inLanguage\":\"fr-FR\",\"potentialAction\":[{\"@type\":\"ReadAction\",\"target\":[\"https:\/\/vincentians.com\/fr\/jesus-missionnaire-i\/\"]}]},{\"@type\":\"ImageObject\",\"inLanguage\":\"fr-FR\",\"@id\":\"https:\/\/vincentians.com\/fr\/jesus-missionnaire-i\/#primaryimage\",\"url\":\"\",\"contentUrl\":\"\"},{\"@type\":\"BreadcrumbList\",\"@id\":\"https:\/\/vincentians.com\/fr\/jesus-missionnaire-i\/#breadcrumb\",\"itemListElement\":[{\"@type\":\"ListItem\",\"position\":1,\"name\":\"Portada\",\"item\":\"https:\/\/vincentians.com\/fr\/\"},{\"@type\":\"ListItem\",\"position\":2,\"name\":\"Jesus missionnaire (I)\"}]},{\"@type\":\"WebSite\",\"@id\":\"https:\/\/vincentians.com\/fr\/#website\",\"url\":\"https:\/\/vincentians.com\/fr\/\",\"name\":\"Nous Sommes Vincentiens\",\"description\":\"Know more to serve more\",\"potentialAction\":[{\"@type\":\"SearchAction\",\"target\":{\"@type\":\"EntryPoint\",\"urlTemplate\":\"https:\/\/vincentians.com\/fr\/?s={search_term_string}\"},\"query-input\":{\"@type\":\"PropertyValueSpecification\",\"valueRequired\":true,\"valueName\":\"search_term_string\"}}],\"inLanguage\":\"fr-FR\"},{\"@type\":\"Person\",\"@id\":\"https:\/\/vincentians.com\/fr\/#\/schema\/person\/9623ef4d9aa3b2dfb8c061f1499288f2\",\"name\":\"Francisco Javier Fern\u00e1ndez Chento\",\"image\":{\"@type\":\"ImageObject\",\"inLanguage\":\"fr-FR\",\"@id\":\"https:\/\/vincentians.com\/fr\/#\/schema\/person\/image\/\",\"url\":\"https:\/\/secure.gravatar.com\/avatar\/497d5cde87b4c3d097d0315953521681ba2cd523ee66e5077c3711f7021e65de?s=96&d=mm&r=g\",\"contentUrl\":\"https:\/\/secure.gravatar.com\/avatar\/497d5cde87b4c3d097d0315953521681ba2cd523ee66e5077c3711f7021e65de?s=96&d=mm&r=g\",\"caption\":\"Francisco Javier Fern\u00e1ndez Chento\"},\"description\":\"Director General y cofundador de La Red de Formaci\u00f3n Vicenciana. Javier es laico vicenciano, afiliado a la Congregaci\u00f3n de la Misi\u00f3n y miembro del Equipo de Misiones Populares de la provincia can\u00f3nica de Zaragoza (Espa\u00f1a) de la Congregaci\u00f3n de la Misi\u00f3n. Graduado en la Universidad Oberta de Catalunya con cuatro grados (Asistente de direcci\u00f3n, Gesti\u00f3n Administrativa, Recursos Humanos y Contabilidad Avanzada). Bil\u00edng\u00fce Espa\u00f1ol\/Ingl\u00e9s. gestiona y mantiene varias p\u00e1ginas web cristianas y vicencianas, incluida including La Red de Formaci\u00f3n Vicenciana, de la que es cofundador. Actualmente es responsable del \u00e1rea de Espa\u00f1ol de .famvin, la Red de Noticias de la Familia Vicenciana. Tambi\u00e9n es m\u00fasico cat\u00f3lico y ha editado varios discos. Es Director General y cofundador de Trovador, una reconocida compa\u00f1\u00eda discogr\u00e1fica critiana de Espa\u00f1a. Trabaja en las Tecnolog\u00edas de la Informaci\u00f3n, ofreciendo servicios de alojamiento, dise\u00f1o y mantenimiento Web, as\u00ed como asesoramiento, formaci\u00f3n y soluciones inform\u00e1ticas, gesti\u00f3n documental y digitalizaci\u00f3n de textos, edici\u00f3n y maquetaci\u00f3n de libros, revistas, flyers, etc.\",\"sameAs\":[\"http:\/\/chento.org\",\"https:\/\/www.facebook.com\/JavierChento\",\"https:\/\/x.com\/https:\/\/twitter.com\/javierchento\"],\"url\":\"https:\/\/vincentians.com\/fr\/author\/chento\/\"}]}<\/script>\n<!-- \/ Yoast SEO plugin. -->","yoast_head_json":{"title":"Jesus missionnaire (I) - Nous Sommes Vincentiens","robots":{"index":"index","follow":"follow","max-snippet":"max-snippet:-1","max-image-preview":"max-image-preview:large","max-video-preview":"max-video-preview:-1"},"canonical":"https:\/\/vincentians.com\/fr\/jesus-missionnaire-i\/","og_locale":"fr_FR","og_type":"article","og_title":"Jesus missionnaire (I) - Nous Sommes Vincentiens","og_description":"Ce nom de \u00abPr\u00eatres de la Mission\u00bb qui nous a \u00e9t\u00e9 donn\u00e9 par le contrat de notre fondation sign\u00e9 entre Messire Vincent de Paul et M. et Mme de Gondi, le 17 avril 1625 (SV. ... Read More","og_url":"https:\/\/vincentians.com\/fr\/jesus-missionnaire-i\/","og_site_name":"Nous Sommes Vincentiens","article_publisher":"https:\/\/www.facebook.com\/WeAreVincentians\/","article_author":"https:\/\/www.facebook.com\/JavierChento","article_published_time":"2015-05-19T06:25:43+00:00","author":"Francisco Javier Fern\u00e1ndez Chento","twitter_card":"summary_large_image","twitter_creator":"@https:\/\/twitter.com\/javierchento","twitter_site":"@WeVincentians","twitter_misc":{"\u00c9crit par":"Francisco Javier Fern\u00e1ndez Chento","Dur\u00e9e de lecture estim\u00e9e":"9 minutes"},"schema":{"@context":"https:\/\/schema.org","@graph":[{"@type":"WebPage","@id":"https:\/\/vincentians.com\/fr\/jesus-missionnaire-i\/","url":"https:\/\/vincentians.com\/fr\/jesus-missionnaire-i\/","name":"Jesus missionnaire (I) - Nous Sommes Vincentiens","isPartOf":{"@id":"https:\/\/vincentians.com\/fr\/#website"},"primaryImageOfPage":{"@id":"https:\/\/vincentians.com\/fr\/jesus-missionnaire-i\/#primaryimage"},"image":{"@id":"https:\/\/vincentians.com\/fr\/jesus-missionnaire-i\/#primaryimage"},"thumbnailUrl":"","datePublished":"2015-05-19T06:25:43+00:00","author":{"@id":"https:\/\/vincentians.com\/fr\/#\/schema\/person\/9623ef4d9aa3b2dfb8c061f1499288f2"},"breadcrumb":{"@id":"https:\/\/vincentians.com\/fr\/jesus-missionnaire-i\/#breadcrumb"},"inLanguage":"fr-FR","potentialAction":[{"@type":"ReadAction","target":["https:\/\/vincentians.com\/fr\/jesus-missionnaire-i\/"]}]},{"@type":"ImageObject","inLanguage":"fr-FR","@id":"https:\/\/vincentians.com\/fr\/jesus-missionnaire-i\/#primaryimage","url":"","contentUrl":""},{"@type":"BreadcrumbList","@id":"https:\/\/vincentians.com\/fr\/jesus-missionnaire-i\/#breadcrumb","itemListElement":[{"@type":"ListItem","position":1,"name":"Portada","item":"https:\/\/vincentians.com\/fr\/"},{"@type":"ListItem","position":2,"name":"Jesus missionnaire (I)"}]},{"@type":"WebSite","@id":"https:\/\/vincentians.com\/fr\/#website","url":"https:\/\/vincentians.com\/fr\/","name":"Nous Sommes Vincentiens","description":"Know more to serve more","potentialAction":[{"@type":"SearchAction","target":{"@type":"EntryPoint","urlTemplate":"https:\/\/vincentians.com\/fr\/?s={search_term_string}"},"query-input":{"@type":"PropertyValueSpecification","valueRequired":true,"valueName":"search_term_string"}}],"inLanguage":"fr-FR"},{"@type":"Person","@id":"https:\/\/vincentians.com\/fr\/#\/schema\/person\/9623ef4d9aa3b2dfb8c061f1499288f2","name":"Francisco Javier Fern\u00e1ndez Chento","image":{"@type":"ImageObject","inLanguage":"fr-FR","@id":"https:\/\/vincentians.com\/fr\/#\/schema\/person\/image\/","url":"https:\/\/secure.gravatar.com\/avatar\/497d5cde87b4c3d097d0315953521681ba2cd523ee66e5077c3711f7021e65de?s=96&d=mm&r=g","contentUrl":"https:\/\/secure.gravatar.com\/avatar\/497d5cde87b4c3d097d0315953521681ba2cd523ee66e5077c3711f7021e65de?s=96&d=mm&r=g","caption":"Francisco Javier Fern\u00e1ndez Chento"},"description":"Director General y cofundador de La Red de Formaci\u00f3n Vicenciana. Javier es laico vicenciano, afiliado a la Congregaci\u00f3n de la Misi\u00f3n y miembro del Equipo de Misiones Populares de la provincia can\u00f3nica de Zaragoza (Espa\u00f1a) de la Congregaci\u00f3n de la Misi\u00f3n. Graduado en la Universidad Oberta de Catalunya con cuatro grados (Asistente de direcci\u00f3n, Gesti\u00f3n Administrativa, Recursos Humanos y Contabilidad Avanzada). Bil\u00edng\u00fce Espa\u00f1ol\/Ingl\u00e9s. gestiona y mantiene varias p\u00e1ginas web cristianas y vicencianas, incluida including La Red de Formaci\u00f3n Vicenciana, de la que es cofundador. Actualmente es responsable del \u00e1rea de Espa\u00f1ol de .famvin, la Red de Noticias de la Familia Vicenciana. Tambi\u00e9n es m\u00fasico cat\u00f3lico y ha editado varios discos. Es Director General y cofundador de Trovador, una reconocida compa\u00f1\u00eda discogr\u00e1fica critiana de Espa\u00f1a. Trabaja en las Tecnolog\u00edas de la Informaci\u00f3n, ofreciendo servicios de alojamiento, dise\u00f1o y mantenimiento Web, as\u00ed como asesoramiento, formaci\u00f3n y soluciones inform\u00e1ticas, gesti\u00f3n documental y digitalizaci\u00f3n de textos, edici\u00f3n y maquetaci\u00f3n de libros, revistas, flyers, etc.","sameAs":["http:\/\/chento.org","https:\/\/www.facebook.com\/JavierChento","https:\/\/x.com\/https:\/\/twitter.com\/javierchento"],"url":"https:\/\/vincentians.com\/fr\/author\/chento\/"}]}},"jetpack_publicize_connections":[],"jetpack_featured_media_url":"","jetpack_sharing_enabled":true,"jetpack_shortlink":"https:\/\/wp.me\/p7ETMP-rwt","jetpack-related-posts":[{"id":52035,"url":"https:\/\/vincentians.com\/fr\/saint-vincent-de-paul-et-sa-mission-sociale-ii-les-oeuvres-2\/","url_meta":{"origin":105801,"position":0},"title":"Saint Vincent De Paul Et Sa Mission Sociale. II &#8211; Les \u0152uvres (2)","author":"Francisco Javier Fern\u00e1ndez Chento","date":"22\/12\/2014","format":false,"excerpt":"LA CONGR\u00c9GATION DE LA MISSION. \u2014 Fondation de la Mission. \u2014 Madame de Gondi. \u2014 Vincent de Paul est nomm\u00e9 sup\u00e9rieur du coll\u00e8ge des Bons-Enfants. \u2014 Les fondateurs d\u2019ordre. \u2014 But de la Congr\u00e9gation de la Mission. \u2014 L\u2019\u00e9vang\u00e9lisation des pauvres. \u2014 \u00c9tablissement \u00e0 Saint-Lazare. \u2014 Premiers travaux des missionnaires.\u2026","rel":"","context":"Dans &quot;Vincent de Paul&quot;","block_context":{"text":"Vincent de Paul","link":"https:\/\/vincentians.com\/fr\/category\/the-vincentian-family\/founders\/vincent-de-paul\/"},"img":{"alt_text":"","src":"https:\/\/i0.wp.com\/vincentians.com\/fr\/wp-content\/uploads\/sites\/10\/2016\/07\/vincent-et-sa-action-sociale.jpg?fit=1160%2C630&ssl=1&resize=350%2C200","width":350,"height":200,"srcset":"https:\/\/i0.wp.com\/vincentians.com\/fr\/wp-content\/uploads\/sites\/10\/2016\/07\/vincent-et-sa-action-sociale.jpg?fit=1160%2C630&ssl=1&resize=350%2C200 1x, https:\/\/i0.wp.com\/vincentians.com\/fr\/wp-content\/uploads\/sites\/10\/2016\/07\/vincent-et-sa-action-sociale.jpg?fit=1160%2C630&ssl=1&resize=525%2C300 1.5x, https:\/\/i0.wp.com\/vincentians.com\/fr\/wp-content\/uploads\/sites\/10\/2016\/07\/vincent-et-sa-action-sociale.jpg?fit=1160%2C630&ssl=1&resize=700%2C400 2x, https:\/\/i0.wp.com\/vincentians.com\/fr\/wp-content\/uploads\/sites\/10\/2016\/07\/vincent-et-sa-action-sociale.jpg?fit=1160%2C630&ssl=1&resize=1050%2C600 3x"},"classes":[]},{"id":190569,"url":"https:\/\/vincentians.com\/fr\/ephemerides-23-juin\/","url_meta":{"origin":105801,"position":1},"title":"Eph\u00e9m\u00e9rides: 23 juin","author":"Francisco Javier Fern\u00e1ndez Chento","date":"23\/06\/2017","format":false,"excerpt":"1604. \u00c0 l'\u00e2ge de 24 ans, Fran\u00e7oise-Marguerite de Silly \u00e9pousait le G\u00e9n\u00e9ral des Gal\u00e8res, Philippe-Enimanuel de Gondi\u00a0; et les fils qui naquirent de leur union furent la raison des premi\u00e8res relations de Monsieur Vincent avec Mme de Gondi. Cette m\u00e8re selon le c\u0153ur de Dieu disait\u00a0: \u00abJe souhaite bien plus\u2026","rel":"","context":"Dans &quot;\u00c9ph\u00e9m\u00e9rides vincentiens&quot;","block_context":{"text":"\u00c9ph\u00e9m\u00e9rides vincentiens","link":"https:\/\/vincentians.com\/fr\/category\/ephemerides-vincentiens\/"},"img":{"alt_text":"","src":"https:\/\/i0.wp.com\/vincentians.com\/fr\/wp-content\/uploads\/sites\/10\/2016\/07\/ephemerides-fb.jpg?fit=1200%2C630&ssl=1&resize=350%2C200","width":350,"height":200,"srcset":"https:\/\/i0.wp.com\/vincentians.com\/fr\/wp-content\/uploads\/sites\/10\/2016\/07\/ephemerides-fb.jpg?fit=1200%2C630&ssl=1&resize=350%2C200 1x, https:\/\/i0.wp.com\/vincentians.com\/fr\/wp-content\/uploads\/sites\/10\/2016\/07\/ephemerides-fb.jpg?fit=1200%2C630&ssl=1&resize=525%2C300 1.5x, https:\/\/i0.wp.com\/vincentians.com\/fr\/wp-content\/uploads\/sites\/10\/2016\/07\/ephemerides-fb.jpg?fit=1200%2C630&ssl=1&resize=700%2C400 2x, https:\/\/i0.wp.com\/vincentians.com\/fr\/wp-content\/uploads\/sites\/10\/2016\/07\/ephemerides-fb.jpg?fit=1200%2C630&ssl=1&resize=1050%2C600 3x"},"classes":[]},{"id":38477,"url":"https:\/\/vincentians.com\/fr\/le-directeur-provincial-animateur-des-filles-de-la-charite\/","url_meta":{"origin":105801,"position":2},"title":"Le Directeur Provincial \u201canimateur\u201d des Filles de la Charit\u00e9","author":"Francisco Javier Fern\u00e1ndez Chento","date":"03\/10\/2012","format":false,"excerpt":"Dans les Constitutions des Filles de la Charit\u00e9, nous trouvons \u00e0 l\u2019article 3.38: le Directeur Provincial est un pr\u00eatre de la Congr\u00e9gation de la Mission, nomm\u00e9 par le Sup\u00e9rieur G\u00e9n\u00e9ral; \u201cil partage avec la Visitatrice et son Conseil la responsabilit\u00e9 de promouvoir l\u2019esprit vincentien dans la Province\u201d Missionnaire, le directeur\u2026","rel":"","context":"Dans &quot;Congr\u00e9gation de la Mission&quot;","block_context":{"text":"Congr\u00e9gation de la Mission","link":"https:\/\/vincentians.com\/fr\/category\/congregation-de-la-mission\/"},"img":{"alt_text":"","src":"https:\/\/i0.wp.com\/vincentiens.org\/wp-content\/uploads\/2011\/05\/filles_charite-228x300.jpg?resize=350%2C200","width":350,"height":200},"classes":[]},{"id":52031,"url":"https:\/\/vincentians.com\/fr\/saint-vincent-de-paul-et-sa-mission-sociale-i-la-vocation-3\/","url_meta":{"origin":105801,"position":3},"title":"Saint Vincent De Paul Et Sa Mission Sociale. I &#8211; La vocation (3)","author":"Francisco Javier Fern\u00e1ndez Chento","date":"20\/12\/2014","format":false,"excerpt":"L\u2019APOSTOLAT DE LA CHARIT\u00c9. Les pr\u00e9mices du dix-septi\u00e8me si\u00e8cle. \u2014 Vincent de Paul et le P. de B\u00e9rulle. \u2014 Vincent est nomm\u00e9 cur\u00e9 de Clichy. \u2014 Ses premiers travaux. \u2014 Son entr\u00e9e dans la maison de Gondi. - Les pauvres gens des campagnes. \u2014 Premi\u00e8re mission \u00e0 Folleville. \u2014 Vincent\u2026","rel":"","context":"Dans &quot;Vincent de Paul&quot;","block_context":{"text":"Vincent de Paul","link":"https:\/\/vincentians.com\/fr\/category\/the-vincentian-family\/founders\/vincent-de-paul\/"},"img":{"alt_text":"","src":"https:\/\/i0.wp.com\/vincentians.com\/fr\/wp-content\/uploads\/sites\/10\/2016\/07\/vincent-et-sa-action-sociale.jpg?fit=1160%2C630&ssl=1&resize=350%2C200","width":350,"height":200,"srcset":"https:\/\/i0.wp.com\/vincentians.com\/fr\/wp-content\/uploads\/sites\/10\/2016\/07\/vincent-et-sa-action-sociale.jpg?fit=1160%2C630&ssl=1&resize=350%2C200 1x, https:\/\/i0.wp.com\/vincentians.com\/fr\/wp-content\/uploads\/sites\/10\/2016\/07\/vincent-et-sa-action-sociale.jpg?fit=1160%2C630&ssl=1&resize=525%2C300 1.5x, https:\/\/i0.wp.com\/vincentians.com\/fr\/wp-content\/uploads\/sites\/10\/2016\/07\/vincent-et-sa-action-sociale.jpg?fit=1160%2C630&ssl=1&resize=700%2C400 2x, https:\/\/i0.wp.com\/vincentians.com\/fr\/wp-content\/uploads\/sites\/10\/2016\/07\/vincent-et-sa-action-sociale.jpg?fit=1160%2C630&ssl=1&resize=1050%2C600 3x"},"classes":[]},{"id":42756,"url":"https:\/\/vincentians.com\/fr\/saint-vincent-de-paul-maitre-doraison-lettre-preface\/","url_meta":{"origin":105801,"position":4},"title":"Saint Vincent De Paul, Ma\u00eetre d\u2019Oraison. Lettre pr\u00e9face","author":"Francisco Javier Fern\u00e1ndez Chento","date":"10\/05\/2015","format":false,"excerpt":"Paris, le 7 octobre 1928 MON CHER ABB\u00c9, Ecrivant le 8 avril 1933 \u00e0 M. Coste, pr\u00eatre de la Mission, \u00e9diteur des entretiens de saint Vincent, c'est \u00e0 savoir : les conf\u00e9rences aux missionnaires et aux Filles de la Charit\u00e9, les r\u00e9p\u00e9titions d\u2019oraison, les conseils, avis et lignes de conduite,\u2026","rel":"","context":"Dans &quot;Vincent de Paul&quot;","block_context":{"text":"Vincent de Paul","link":"https:\/\/vincentians.com\/fr\/category\/the-vincentian-family\/founders\/vincent-de-paul\/"},"img":{"alt_text":"","src":"https:\/\/i0.wp.com\/vincentians.com\/fr\/wp-content\/uploads\/sites\/10\/2016\/07\/vincent-maitre-d-oraison.jpg?fit=1200%2C630&ssl=1&resize=350%2C200","width":350,"height":200,"srcset":"https:\/\/i0.wp.com\/vincentians.com\/fr\/wp-content\/uploads\/sites\/10\/2016\/07\/vincent-maitre-d-oraison.jpg?fit=1200%2C630&ssl=1&resize=350%2C200 1x, https:\/\/i0.wp.com\/vincentians.com\/fr\/wp-content\/uploads\/sites\/10\/2016\/07\/vincent-maitre-d-oraison.jpg?fit=1200%2C630&ssl=1&resize=525%2C300 1.5x, https:\/\/i0.wp.com\/vincentians.com\/fr\/wp-content\/uploads\/sites\/10\/2016\/07\/vincent-maitre-d-oraison.jpg?fit=1200%2C630&ssl=1&resize=700%2C400 2x, https:\/\/i0.wp.com\/vincentians.com\/fr\/wp-content\/uploads\/sites\/10\/2016\/07\/vincent-maitre-d-oraison.jpg?fit=1200%2C630&ssl=1&resize=1050%2C600 3x"},"classes":[]},{"id":45335,"url":"https:\/\/vincentians.com\/fr\/saint-vincent-et-les-missions\/","url_meta":{"origin":105801,"position":5},"title":"Saint Vincent et les Missions","author":"Francisco Javier Fern\u00e1ndez Chento","date":"14\/12\/2014","format":false,"excerpt":"Introduction A.- Lorsque nous essayons d'\u00e9tudier le travail missionnaire de Vincent de Paul et de ses premiers compagnons, nous trouvons une v\u00e9ritable mystique de la Mission; alors que nous d\u00e9sirerions que le Saint nous ait donn\u00e9 aussi une doctrine th\u00e9ologique sur ce qui constitue l'objectif de sa vie, sur ce\u2026","rel":"","context":"Dans &quot;Vincent de Paul&quot;","block_context":{"text":"Vincent de Paul","link":"https:\/\/vincentians.com\/fr\/category\/the-vincentian-family\/founders\/vincent-de-paul\/"},"img":{"alt_text":"Vincent de Paul portrait","src":"https:\/\/i0.wp.com\/vincentiens.org\/wp-content\/uploads\/2014\/12\/Vincent-de-Paul-portrait-300x300.jpg?resize=350%2C200","width":350,"height":200},"classes":[]}],"_links":{"self":[{"href":"https:\/\/vincentians.com\/fr\/wp-json\/wp\/v2\/posts\/105801","targetHints":{"allow":["GET"]}}],"collection":[{"href":"https:\/\/vincentians.com\/fr\/wp-json\/wp\/v2\/posts"}],"about":[{"href":"https:\/\/vincentians.com\/fr\/wp-json\/wp\/v2\/types\/post"}],"author":[{"embeddable":true,"href":"https:\/\/vincentians.com\/fr\/wp-json\/wp\/v2\/users\/4"}],"replies":[{"embeddable":true,"href":"https:\/\/vincentians.com\/fr\/wp-json\/wp\/v2\/comments?post=105801"}],"version-history":[{"count":0,"href":"https:\/\/vincentians.com\/fr\/wp-json\/wp\/v2\/posts\/105801\/revisions"}],"wp:featuredmedia":[{"embeddable":true,"href":"https:\/\/vincentians.com\/fr\/wp-json\/"}],"wp:attachment":[{"href":"https:\/\/vincentians.com\/fr\/wp-json\/wp\/v2\/media?parent=105801"}],"wp:term":[{"taxonomy":"category","embeddable":true,"href":"https:\/\/vincentians.com\/fr\/wp-json\/wp\/v2\/categories?post=105801"},{"taxonomy":"post_tag","embeddable":true,"href":"https:\/\/vincentians.com\/fr\/wp-json\/wp\/v2\/tags?post=105801"}],"curies":[{"name":"wp","href":"https:\/\/api.w.org\/{rel}","templated":true}]}}