{"id":105799,"date":"2015-05-18T08:18:19","date_gmt":"2015-05-18T06:18:19","guid":{"rendered":"http:\/\/vincentiens.org\/?p=105799"},"modified":"2015-05-18T08:18:19","modified_gmt":"2015-05-18T06:18:19","slug":"le-christ-regle-de-la-mission","status":"publish","type":"post","link":"https:\/\/vincentians.com\/fr\/le-christ-regle-de-la-mission\/","title":{"rendered":"Le Christ regle de la mission"},"content":{"rendered":"<p><a href=\"https:\/\/i0.wp.com\/vincentiens.org\/wp-content\/uploads\/2013\/03\/Saint_Vincent_de_Paul.jpg\"><img data-recalc-dims=\"1\" loading=\"lazy\" decoding=\"async\" class=\"alignright size-medium wp-image-106029\" alt=\"Saint_Vincent_de_Paul\" src=\"https:\/\/i0.wp.com\/vincentiens.org\/wp-content\/uploads\/2013\/03\/Saint_Vincent_de_Paul-300x214.jpg?resize=300%2C214\" width=\"300\" height=\"214\" \/><\/a>Pour Saint Vincent, le Christ est la seule mesure avec laquelle nous devons tout mesurer. Toute mesure est une chose objective avec laquelle on compare tout ce qu&rsquo;on fait : notre comportement, notre mission et toute notre vie. C&rsquo;est le principe de proportionnalit\u00e9 auquel je reviendrai.<\/p>\n<p><i>\u00abLa fin de la Congr\u00e9gation de la Mission, <\/i>disent nos Con\u00adstitutions, <i>est de suivre le Christ \u00c9vang\u00e9lisateur des Pauvres\u00bb <\/i>(C. 1). De son c\u00f4t\u00e9. S. Augustin se demande : \u00abQu&rsquo;est-ce que suivre, sinon imiter\u00bb.<\/p>\n<p>Or, afin de nous approcher du \u00ab\u00a0Myst\u00e8re\u00a0\u00bb, nous avons besoin de \u00ab\u00a0mod\u00e8le\u00a0\u00bb. Toute forme de savoir humain (scientifique ou autre) a recours \u00e0 l&rsquo;usage structur\u00e9 d&rsquo;un mod\u00e8le v\u00e9rifi\u00e9, mod\u00e8le qui a une valeur p\u00e9dagogique certaine. Dans le contexte culturel d&rsquo;aujourd&rsquo;hui surtout, o\u00f9 les discours id\u00e9ologiques ont v\u00e9rifi\u00e9, par leur \u00e9chec, leur vide et leur inanit\u00e9, seule la vie v\u00e9cue peut exprimer plus ad\u00e9quatement l&rsquo;inexprimable, \u00able Myst\u00e8re\u00bb, c&rsquo;est-\u00e0-dire la qualit\u00e9 de la vie.<\/p>\n<p>Une vie exemplaire, en effet, est, par elle-m\u00eame, un appel \u00e0 l&rsquo;imitation qui n&rsquo;est, \u00e9videmment, ni copie servile, ni reproduction mat\u00e9rielle, ni mim\u00e9tisme ridicule. Cette vie est celle d&rsquo;une personnalit\u00e9 s\u00e9duisante qui, par son influence, ne touche pas seulement la volont\u00e9, mais structure aussi l&rsquo;\u00eatre m\u00eame. Scheler d\u00e9finit le mod\u00e8le comme une \u00abvaleur incarn\u00e9e dans une personne, une figure id\u00e9ale qui est continuellement pr\u00e9sente dans l&rsquo;\u00e2me de l&rsquo;individu ou du groupe, si bien que celle-ci prend peu \u00e0 peu ses traits et sa forme. Son \u00eatre, sa vie, ses actes, consciemment ou inconsciemment, se r\u00e8glent sur elle\u00bb.<\/p>\n<p>\u00c0 la diff\u00e9rence du chef qui agit par voie d&rsquo;autorit\u00e9 et dont l&rsquo;influence s&rsquo;exerce \u00e0 travers l&rsquo;ob\u00e9issance, il suffit au mod\u00e8le d&rsquo;exister. Il agit par attraction, dans une esp\u00e8ce d&rsquo;osmose qui, en se d\u00e9veloppant et en s&rsquo;affirmant, devient amour, ferment de changement et de transformation.<\/p>\n<p>Pour tous ceux qui, avec lui, veulent \u00e9vang\u00e9liser les pauvres, Saint Vincent ne propose ni un vade-mecum du parfait missionnaire, ni une d\u00e9ontologie, ni un code \u00e9thique et pratique qu&rsquo;ils pourront consulter en cas de doute. Mais il met devant les yeux de leur intelligence et de leur coeur le mod\u00e8le qui a structur\u00e9 sa propre personnalit\u00e9 et l&rsquo;a transform\u00e9e : la PERSONNE m\u00eame de J\u00e9sus Christ, le Fils de Dieu fait homme, qui s&rsquo;est dit \u00abla Voie, la V\u00e9rit\u00e9 et la Vie\u00bb (Jean 14, 6). Cette Personne n&rsquo;est pas seulement la parfaite auto-communication et la pleine R\u00e9v\u00e9lation du P\u00e8re, mais elle est aussi <i>le Ma\u00eetre, le Seul. <\/i>Non un ma\u00eetre qui dispense du haut de la chaire des th\u00e9ories abstraites ; mais plut\u00f4t un Ma\u00eetre de vie, capable de faire et de dire : \u00abOn vous a dit&#8230; Moi je vous dis&#8230;\u00bb.<\/p>\n<p>Cet Homme-Dieu est aussi <i>le Sauveur, le Seul, <\/i>de l&rsquo;homme et de la cr\u00e9ature. C&rsquo;est ce titre que Saint Vincent aimait lui donner : \u00ab\u00d4 Sauveur\u00bb !<\/p>\n<p>En bon paulinien, Saint Vincent ne veut pas que nous imitions un mod\u00e8le ext\u00e9rieur ; mais plut\u00f4t celui qui, par le bapt\u00eame, nous est devenu plus int\u00e9rieur \u00e0 nous-m\u00eames que nous-m\u00eames, celui dont nous pouvons dire : \u00abJe vis, mais ce n&rsquo;est plus moi. C&rsquo;est Christ qui vit en moi\u00bb (Galates 2,20). Voil\u00e0 pourquoi, paraphrasant Pascal, Saint Vincent \u00e9crit \u00e0 M. Portail :<\/p>\n<p><i>\u00abRessouvenez-vous, Monsieur, que nous vivons en J\u00e9sus Christ par la mort de J\u00e9sus Christ, et que nous <\/i><i>devons mourir en J\u00e9sus Christ par la vie de J\u00e9sus <\/i><i>Christ, et que notre vie doit \u00eatre cach\u00e9e en J\u00e9sus Christ <\/i><i>et pleine de J\u00e9sus Christ, et que, pour mourir comme <\/i><i>J\u00e9sus Christ, il faut vivre comme J\u00e9sus Christ\u00bb (SV. I, <\/i><i>295).<\/i><\/p>\n<p>Mais quel aspect surtout de cette personnalit\u00e9 divinement riche, Saint Vincent propose-t-il \u00e0 notre imitation ? Ce n&rsquo;est ni le Christ int\u00e9rieur-au-coeur de l&rsquo;Oratoire ; ni le Christ de Geths\u00e9mani de Beno\u00eet de Canfield. Mais c&rsquo;est le Christ missionnaire, envoy\u00e9 du P\u00e8re, l&rsquo; <i>\u00ab\u00c9vang\u00e9lisateur des <\/i><i>Pauvres\u00bb <\/i>par excellence : <i>\u00abSi on demande \u00e0 Notre Seigneur : \u00abQu&rsquo;\u00eates-vous venu faire en terre ? &#8211; \u00ab\u00a0Assister les pauvres\u00a0\u00bb &#8211; \u00ab\u00a0Autre chose ?\u00a0\u00bb -\u00ab\u00a0Assister les pauvres ?\u00a0\u00bb\u00bb (SV. <\/i>XI, 108)<\/p>\n<p>C&rsquo;est donc le Fils de Dieu qui s&rsquo;est incarn\u00e9 pour \u00e9vang\u00e9liser les pauvres que Saint Vincent veut que nous suivions et que nous imitions.<\/p>\n<p>EN QUOI CONSISTE CETTE IMITATION ?<\/p>\n<p>Saint Vincent nous propose de la r\u00e9aliser en deux \u00e9tapes :<\/p>\n<ol>\n<li>Nous vider de nous-m\u00eames (Systole)<\/li>\n<li>Nous rev\u00eatir de l&rsquo;Esprit de J\u00e9sus Christ pour agir comme lui et en lui (Diastole)<\/li>\n<\/ol>\n<h2><i>1. Se vider de soi-m\u00eame (SV. XI, 343)<\/i><\/h2>\n<p>En bon disciple de S. Paul, Saint Vincent a contempl\u00e9 le Christ surtout dans sa K\u00e9nose. Ce Fils de Dieu qui s&rsquo;est pour ainsi dire, vid\u00e9 lui-m\u00eame de sa divinit\u00e9 pour ob\u00e9ir \u00e0 son P\u00e8re jusqu&rsquo;\u00e0 la mort, est le type parfait de ce processus.<\/p>\n<p>En effet, pour atteindre sa pl\u00e9nitude filiale, J\u00e9sus se devait d&rsquo;ob\u00e9ir \u00e0 son P\u00e8re \u00e0 un degr\u00e9 tel que cette ob\u00e9issance devait le mener \u00e0 la souffrance (H\u00e9breux 5,8-9) et, par l\u00e0, \u00e0 la glorification dans la mort (Jean 12,23). Devenu lui-m\u00eame b\u00e9ance, il s&rsquo;ouvre \u00e0 son P\u00e8re et consent \u00e0 ne plus \u00eatre sinon par lui. Ainsi, il exerce pleinement cette \u00abcausalit\u00e9 r\u00e9ceptive\u00bb par laquelle il se r\u00e9alise en accomplissant sa mission de salut.<\/p>\n<p>Il en sera de m\u00eame du disciple qui doit creuser en lui ce vide, devenir b\u00e9ance, se d\u00e9tacher de lui-m\u00eame et ob\u00e9ir, \u00e0 l&rsquo;image du Fils, dans lequel et par lequel le P\u00e8re le comblera.<\/p>\n<p>Ce travail de d\u00e9blaiement n&rsquo;est pas notre oeuvre seule. Mais nous le faisons avec celui qui nous donne \u00able vouloir et le faire\u00bb (Philipiens 2, 13), \u00abla vie, le mouvement et l&rsquo;\u00eatre\u00bb (Actes 17,25 ; 28). Il nous faudrait donc distinguer entre le H\u00e9ros et le Saint. Le h\u00e9ros est celui qui accomplit des choses extraordinaires de par sa propre fore et de sa propre vertu. Alors que le saint est celui qui accepte de tout recevoir de Dieu et de lui en rapporter la gloire et l&rsquo;action de gr\u00e2ce.<\/p>\n<p>Se vider de&rsquo; soi-m\u00eame c&rsquo;est d&rsquo;abord se convaincre que les maximes du monde, comme nos sens, peuvent nous tromper :<\/p>\n<p><i>\u00abNos yeux nous peuvent d\u00e9cevoir\u00bb (SV. <\/i>IX, 4), et que la raison humaine ne peut jamais atteindre la Sagesse divine : <i>\u00abOh, si Dieu nous fait la gr\u00e2ce de ne juger jamais <\/i><i>par le raisonnement humain, parce que jamais il <\/i><i>n&rsquo;atteint la v\u00e9rit\u00e9, jamais il n&rsquo;atteint \u00e0 Dieu, jamais aux <\/i><i>raisons divines, jamais\u00bb (SV. XII, 178).<\/i><\/p>\n<p>C&rsquo;est pourquoi il ne faut pas s&rsquo;arr\u00eater sur l&rsquo;aspect ext\u00e9rieur du pauvre, mais tourner la m\u00e9daille.<\/p>\n<p>Se vider de soi-m\u00eame c&rsquo;est voir les choses telles qu&rsquo;elles sont en Dieu et en J\u00e9sus Christ. \u00c0 Philippe le Vacher, pr\u00eatre de la Mission \u00e0 Marseille, Saint Vincent \u00e9crit :<\/p>\n<p><i>\u00abJe prie Notre Seigneur qu&rsquo;il nous fasse la gr\u00e2ce de regarder ces choses-l\u00e0 comme elles sont en Dieu et non <\/i><i>comme elles paraissent hors de lui, parce que, <\/i><i>autrement, nous pourrions nous tromper et agir <\/i><i>autrement qu&rsquo;il ne veut\u00bb (SV. VII, 388) (cf Abelly I, 83)<\/i><\/p>\n<p>Se vider de soi-m\u00eame c&rsquo;est renoncer \u00e0 soi-m\u00eame, \u00e0 son jugement, \u00e0 sa volont\u00e9<\/p>\n<p>Nous dirions aujourd&rsquo;hui que nous devons renoncer aux crit\u00e8res de jugement du monde et \u00e0 ses valeurs dominantes et non \u00e0 notre propre jugement, puisque nous ne pouvons pas ne pas avoir un jugement ou en porter. Juger est \u00abune d\u00e9cision mentale par laquelle nous arr\u00eatons d&rsquo;une fa\u00e7on r\u00e9fl\u00e9chie le contenu d&rsquo;une assertion et nous le posons \u00e0 titre de v\u00e9rit\u00e9\u00bb. Ou bien, \u00abc&rsquo;est une op\u00e9ration qui consiste \u00e0 se faire une opinion sur laquelle on r\u00e8gle sa conduite, dans le cas o\u00f9 l&rsquo;on ne peut atteindre une connaissance certaine\u00bb. Or ce sont des d\u00e9marches indispensables \u00e0 toute pens\u00e9e consciente.<\/p>\n<p>Dans sa conf\u00e9rence aux missionnaires sur l&rsquo;ob\u00e9issance qui nous fait disciples de Notre Seigneur, Saint Vincent dit :<\/p>\n<p><i>\u00abNous pouvons \u00eatre (disciples de Notre Seigneur) si <\/i><i>nous renon\u00e7ons \u00e0 nous-m\u00eames. Et comme on ne peut <\/i><i>pas se quitter soi-m\u00eame, ni son \u00e2me, ni son corps, <\/i><i>renoncer \u00e0 soi-m\u00eame, c&rsquo;est renoncer \u00e0 son jugement, \u00e0 sa volont\u00e9. \u00d4 mon Sauveur, ce sont ceux qui renoncent <\/i><i>\u00e0 eux-m\u00eames, et eux seulement, que vous prenez et <\/i><i>recevez \u00e0 votre suite en cette vie pour les glorifier l\u00e0- <\/i><i>haut dans le ciel\u00bb (SV. XII, 427).<\/i><\/p>\n<p>Se vider de soi-m\u00eame c&rsquo;est se d\u00e9tacher de tout ce que nous sommes et de tout ce que nous poss\u00e9dons.<\/p>\n<p>Il s&rsquo; agit de vivre, d&rsquo;actualiser dans notre monde de la mondialisation qui recherche \u00e0 tout prix et par tous les moyens le profit le plus rapide et le plus grand, le grand paradoxe de la pauvret\u00e9 de la K\u00e9nose du Christ.<\/p>\n<p>Cette K\u00e9nose a une double dimension : la pauvret\u00e9 de l&rsquo;\u00eatre, celle que Saint Vincent appelle <i>\u00able renoncement \u00e0 soi- <\/i><i>m\u00eame\u00bb <\/i>et la pauvret\u00e9 de l&rsquo;avoir, ou ce qu&rsquo;il appelle <i>\u00able <\/i><i>renoncement \u00e0 ses biens\u00bb.<\/i><\/p>\n<p>Pour le Christ, comme pour nous, cette K\u00e9nose n&rsquo;a qu&rsquo;un seul objectif : la libert\u00e9 totale par rapport \u00e0 tout ce qui n&rsquo;est pas Dieu. En effet, la pauvret\u00e9 ne consiste pas \u00e0 ne pas avoir, \u00e0 ne pas poss\u00e9der, mais aussi et surtout, comme dit Saint Vincent, \u00e0 \u00eatre libre sans avoir.<\/p>\n<h3>La pauvret\u00e9 de l&rsquo;\u00eatre<\/h3>\n<p>C&rsquo;est d&rsquo;abord le renoncement \u00e0 toute recherche du pouvoir, \u00e0 toute volont\u00e9 de puissance et de domination, \u00e0 tout d\u00e9sir de voir les autres d\u00e9pendre de soi. Le pouvoir est multiforme et cam\u00e9l\u00e9on : il peut prendre la forme de l&rsquo;argent, du savoir, des relations sociales, du standing social&#8230;<\/p>\n<p>C&rsquo;est, ensuite le renoncement \u00e0 sa r\u00e9alisation personnelle con\u00e7ue comme une r\u00e9ponse \u00e0 une aspiration purement humaine. Car l&rsquo;\u00e9quilibre psychique n&rsquo;est pas \u00e0 confondre avec la saintet\u00e9 : celle-ci \u00e9tant d&rsquo;un autre ordre. S\u00e9par\u00e9e de sa vis\u00e9e \u00e9vang\u00e9lique, la r\u00e9alisation personnelle devient une forme sournoise de richesse et une course au carri\u00e9risme qui vise d&rsquo;abord \u00e0 la qualification personnelle (dipl\u00f4mes&#8230;) en vue du prestige ou d&rsquo;un quelconque statut social.<\/p>\n<p>La pauvret\u00e9 du coeur est aussi la facult\u00e9 d&rsquo;assumer l&rsquo;\u00e9chec, l&rsquo;incompr\u00e9hension et l&rsquo;injustice \u00e0 notre \u00e9gard. C&rsquo;est une participation \u00e0 la condition du Christ-Serviteur et \u00e0 sa solitude existentielle qui le faisait rechercher la volont\u00e9 de son P\u00e8re et la vie dans son intimit\u00e9.<\/p>\n<p>La pauvret\u00e9 du coeur nous maintient dans la paix quand nous prenons existentiellement conscience de nos limites, de notre manque ontologique, de notre finitude et de notre p\u00e9ch\u00e9. C&rsquo;est cette m\u00eame pauvret\u00e9 qui nous aide \u00e0 accepter cette finitude et \u00e0 tenter de d\u00e9passer nos limites.<\/p>\n<p>Ainsi la pauvret\u00e9 de l&rsquo;\u00eatre nous maintient dans l&rsquo;humilit\u00e9. Elle abolit en nous tout orgueil et toute arrogance dans notre attitude vis \u00e0 vis de nos semblables. C&rsquo;est que l&rsquo;humilit\u00e9 se meut dans le terrain de la v\u00e9rit\u00e9. Alors que le prestige, le pouvoir et la richesse agissent souvent dans le monde de l&rsquo;obscurit\u00e9, celui du mensonge, de la duplicit\u00e9 et de l&rsquo;hypocrisie.<\/p>\n<p>Aux Filles de la Charit\u00e9, Saint Vincent dit :<\/p>\n<p><i>\u00a0\u00abQuitter tout, sans esp\u00e9rance de rien poss\u00e9der, sans savoir ce qu&rsquo;on deviendra, n&rsquo;avoir d&rsquo;autre assurance que la confiance en Dieu, n&rsquo;est-ce pas la vie de Notre Seigneur J\u00e9sus Christ ? <\/i>Y <i>a-t-il rien de plus grand, rien <\/i><i>de plus haut ?\u00bb (SV. IX, 173).<\/i><\/p>\n<p>Bref, se vider de soi-m\u00eame c&rsquo;est se d\u00e9barrasser, dans un processus ininterrompu de conversion, du Vieil Homme, encore atteint par la gr\u00e2ce du Salut. <i>\u00abD\u00e8s que nous serons <\/i><i>vides de nous-m\u00eames, Dieu nous remplira de lui ; car il ne <\/i><i>peut souffrir le vide\u00bb (SV. <\/i>XI, 2)<\/p>\n<h2><i>2. Se rev\u00eatir de J\u00e9sus Christ<\/i><\/h2>\n<p>C&rsquo;est se rev\u00eatir de l&rsquo;Homme Nouveau sauv\u00e9 par le Christ et recr\u00e9\u00e9 \u00e0 son image.<\/p>\n<p>Ce travail de \u00ab\u00a0rev\u00eatement\u00a0\u00bb est d&rsquo;abord l&rsquo;oeuvre de Dieu (et non la n\u00f4tre) qui, dans le bapt\u00eame, identifie myst\u00e9rieusement le baptis\u00e9 \u00e0 J\u00e9sus, qui en fait le temple du Saint-Esprit et l&rsquo;incorpore \u00e0 l&rsquo;\u00c9glise, Corps du Christ (1 Corinthiens 12,13). <i>\u00abPour continuer la mission de J\u00e9sus Chist, dit Saint Vincent, il faut se rev\u00eatir de son Esprit\u00bb <\/i>(XII. 107). Ainsi, le baptis\u00e9 meurt au p\u00e9ch\u00e9 \u00abpar une mort semblable \u00e0 la sienne\u00bb et obtient \u00abpar une r\u00e9surrection semblable\u00bb, de participer \u00e0 la vie du Ressuscit\u00e9. (Romains 6,1-11).<\/p>\n<p>Il devient ainsi \u00abune Nouvelle Cr\u00e9ature\u00bb (2 Corinthiens 5,17), \u00abun Homme Nouveau\u00bb (\u00c9ph\u00e9siens 2,15), parce qu&rsquo;il a rev\u00eatu le Christ (Galates 3,27).<\/p>\n<p>L&rsquo;Esprit qui, par le bapt\u00eame, a \u00e9t\u00e9 r\u00e9pandu sur le baptis\u00e9 (Romains 8,9), fait habiter le Christ dans le coeur du croyant. Ainsi, le Christ devient le sujet de toutes les actions vitales du chr\u00e9tien. Et comme il l&rsquo;a fait pour le Verbe Incarn\u00e9, l&rsquo;Esprit devient le principe dynamique de vie et d&rsquo;op\u00e9ration chez le chr\u00e9tien.<\/p>\n<p>Quel est cet Esprit selon Saint Vincent ?<\/p>\n<p>Le terme \u00abesprit\u00bb prend dans la bouche de Saint Vincent de multiples significations, selon son exp\u00e9rience et les circonstances. Ainsi, il parle de \u00abl&rsquo;Esprit de Dieu\u00bb, de \u00abl&rsquo;Esprit de J\u00e9sus\u00bb, de \u00abl&rsquo;esprit de l&rsquo;\u00c9vangile\u00bb, de \u00abl&rsquo;esprit de la Compagnie\u00bb, de \u00abl&rsquo;esprit de quelqu&rsquo;un\u00bb, en parlant de sa psychologie ou de son comportement ; de la disposition dans laquelle il faut faire une action (\u00abEsprit d&rsquo;humilit\u00e9 et de simplicit\u00e9\u00bb) ; ou bien le terme \u00ab\u00a0esprit\u00a0\u00bb est parfois synonyme de \u00abcaract\u00e8re, habitude\u00bb, quand il parle, par exemple, de l&rsquo;esprit italien qui craint la fatigue&#8230;<\/p>\n<p>Quand Saint Vincent parle de l&rsquo;Esprit de J\u00e9sus Christ, il parle \u00e9videmment de l&rsquo;Esprit Saint, r\u00e9pandu dans le coeur des baptis\u00e9s par l&rsquo;Amour du P\u00e8re (Romains 5,5). Il le d\u00e9finit ainsi :<\/p>\n<p><i>\u00abC&rsquo;est un esprit de parfaite charit\u00e9, rempli d&rsquo;une <\/i><i>merveilleuse estime de la divinit\u00e9 et d&rsquo;un d\u00e9sir infini de <\/i><i>l&rsquo;honorer dignement, une connaissance des grandeurs <\/i><i>de son P\u00e8re pour les admirer et les extoller <\/i><i>incessamment&#8230;Ses humiliations n&rsquo;\u00e9taient qu&rsquo;amour, <\/i><i>son travail qu&rsquo;amour, ses souffrances qu&rsquo;amour, ses <\/i><i>oraisons qu&rsquo;amour, et toutes ses op\u00e9rations int\u00e9rieures <\/i><i>et ext\u00e9rieures n&rsquo;\u00e9taient que des actes r\u00e9it\u00e9r\u00e9s de son <\/i><i>amour. Son amour lui a donn\u00e9 un grand m\u00e9pris du <\/i><i>monde, m\u00e9pris de l&rsquo;esprit du monde, m\u00e9pris des biens, <\/i><i>m\u00e9pris des plaisirs et m\u00e9pris des honneurs\u00bb (SV. XII, <\/i><i>108-109).<\/i><\/p>\n<p>Cet Esprit dont il faut se rev\u00eatir, est lui-m\u00eame agissant, puisqu&rsquo;il est la Puissance de Dieu (Actes 1,8). Voici l&rsquo;explication que donne Saint Vincent de l&rsquo;action de cet Esprit dans la personne qu&rsquo;il habite :<\/p>\n<p><i>\u00abQuand on dit que le Saint-Esprit op\u00e8re en <\/i><i>quelqu&rsquo;un, cela s&rsquo;entend que cet Esprit r\u00e9sidant en <\/i><i>cette personne, lui donne les m\u00eames inclinations et <\/i><i>dispositions que J\u00e9sus Christ avait sur la terre, et elles <\/i><i>le font agir de m\u00eame, je ne dis pas d&rsquo;une \u00e9gale <\/i><i>perfection, mais selon la mesure des dons de ce divin <\/i><i>Esprit\u00bb (SV. XII, 108.)<\/i><\/p>\n<p><i>\u00c0 <\/i>un pr\u00eatre de la mission qui travaille dans un grand s\u00e9minaire, Saint Vincent \u00e9crit :<\/p>\n<p><i>\u00abVous faites l&rsquo;office du Saint-Esprit, \u00e0 qui seul <\/i><i>appartient d&rsquo;illuminer et d&rsquo;enflammer les coeurs; ou <\/i><i>plut\u00f4t c&rsquo;est cet Esprit saint et sanctifiant qui le fait par <\/i><i>vous; car il est r\u00e9sidant et op\u00e9rant en vous, non <\/i><i>seulement pour vous faire vivre de sa vie divine, mais <\/i><i>encore pour \u00e9tablir sa m\u00eame vie et ses op\u00e9rations en <\/i><i>ces Messieurs, appel\u00e9s au plus haut minist\u00e8re qui soit <\/i><i>sur la terre, par lequel ils doivent exercer les deux <\/i><i>grandes vertus de J\u00e9sus Christ, c&rsquo;est \u00e0 savoir la <\/i><i>religion vers son P\u00e8re et la charit\u00e9 vers les hommes\u00bb <\/i><i>(SV.VI, 393).<\/i><\/p>\n<h3><b>a) Religion vers le P\u00e8re<\/b><\/h3>\n<ol>\n<li>Le Christ se re\u00e7oit du P\u00e8re et accepte d&rsquo;\u00eatre Fils. Cette acceptation produit une conformit\u00e9 dans l&rsquo;agir.<\/li>\n<li>Il est tourn\u00e9 vers le P\u00e8re sans lequel il n&rsquo;a pas d&rsquo;existence : \u00abMoi et le P\u00e8re sommes UN\u00bb.<\/li>\n<li>Il se consacre au P\u00e8re : \u00abJe me sanctifie pour eux\u00bb. 4. Il s&rsquo;incarne par ob\u00e9issance : r\u00e9aliser le salut.<\/li>\n<\/ol>\n<h3><b>b) Religion vers l&rsquo;homme<\/b><\/h3>\n<p>Solidarit\u00e9 charnelle et humaine avec l&rsquo;homme<\/p>\n<ol>\n<li>Amour-charit\u00e9 : il porte nos peines (gu\u00e9risons)<\/li>\n<li>Amour-sacrifice : mort et r\u00e9surrection : gloire<\/li>\n<\/ol>\n<h3><b>c) R\u00e9alisme humain<\/b><\/h3>\n<ol>\n<li>La r\u00e9alit\u00e9 de l&rsquo;Incarnation<\/li>\n<li>Pleinement homme : souffrance physique et morale<\/li>\n<li>Pauvret\u00e9<\/li>\n<li>Difficult\u00e9s dans le travail missionnaire<\/li>\n<\/ol>\n<p>\u00abPour le profit des hommes, le Verbe s&rsquo;est fait le dispensateur de la gr\u00e2ce du P\u00e8re, selon ses desseins. Il montre Dieu aux hommes et pr\u00e9sente l&rsquo;homme \u00e0 Dieu, tout en pr\u00e9servant l&rsquo;invisibilit\u00e9 du P\u00e8re, de peur que les hommes n&rsquo;en viennent \u00e0 m\u00e9priser Dieu et pour qu&rsquo;ils aient toujours des progr\u00e8s \u00e0 faire, et, en m\u00eame temps, rendant Dieu visible aux hommes de nombreuses fa\u00e7ons, de peur que, priv\u00e9s totalement de Dieu, ils n&rsquo;en viennent jusqu&rsquo;\u00e0 perdre l&rsquo;existence\u00bb.<\/p>\n<p>Car la gloire de Dieu c&rsquo;est l&rsquo;homme vivant, et la vie de l&rsquo;homme c&rsquo;est la vision de Dieu. Si d\u00e9j\u00e0 la r\u00e9v\u00e9lation de Dieu par la cr\u00e9ation donne la vie \u00e0 tous les \u00eatres qui vivent sur la terre, combien plus la manifestation du P\u00e8re par le Verbe donne la vie \u00e0 ceux qui voient Dieu ! (S. Ir\u00e9n\u00e9e, in <i>adv. <\/i><i>Heres.)<\/i><\/p>\n<h2><b><i>3. Faire en tout la volont\u00e9 de Dieu<\/i><\/b><\/h2>\n<p>\u00c0 l&rsquo;imitation de J\u00e9sus Christ qui n&rsquo;a fait que la volont\u00e9 de son P\u00e8re, faire la volont\u00e9 de Dieu c&rsquo;est parvenir \u00e0 la saintet\u00e9 :<\/p>\n<p><i>\u00abOh ! qu&rsquo;il faut peu pour \u00eatre toute sainte, <\/i>\u00e9crit Saint Vincent \u00e0 Louise de Marillac : <i>faire la volont\u00e9 de <\/i><i>Dieu en toute chose\u00bb (SV. II, 36).<\/i><\/p>\n<p>Pour un chr\u00e9tien, l&rsquo;ob\u00e9issance \u00e0 la volont\u00e9 de Dieu s&rsquo;enracine dans l&rsquo;exp\u00e9rience filiale du Christ avec son P\u00e8re. Elle en est m\u00eame la source et le mod\u00e8le parfait.<\/p>\n<p>En effet, le Fils n&rsquo;est Fils du P\u00e8re que dans la mesure o\u00f9 il accepte de se recevoir du P\u00e8re, qu&rsquo;il acquiesce \u00e0 sa Paternit\u00e9 et qu&rsquo;il accepte de n&rsquo;exister que par lui : \u00abJ&rsquo;ai gard\u00e9 les commandements de mon P\u00e8re, dit-il, et je demeure en son amour\u00bb (Jean 15,10). Aimer le P\u00e8re c&rsquo;est vivre dans la communion \u00e0 son vouloir et non-vouloir. En ob\u00e9issant, le Fils exp\u00e9rimente pleinement sa relation filiale au P\u00e8re.<\/p>\n<p>Ainsi, pour nous, faire la volont\u00e9 du P\u00e8re c&rsquo;est vivre, dans le Fils, l&rsquo;exp\u00e9rience ob\u00e9issante du Fils. Donc, nous sommes d&rsquo;autant plus fils que nous ob\u00e9issons au P\u00e8re, c&rsquo;est-\u00e0-dire dans la mesure o\u00f9 nous nous coulons dans l&rsquo;accomplisse\u00adment de la volont\u00e9 salvifique du P\u00e8re et dans son plan du salut. Accomplir la volont\u00e9 de Dieu c&rsquo;est participer, dans l&rsquo;amour du Fils, \u00e0 l&rsquo;\u00catre-missionnaire du Fils. C&rsquo;est prendre conscience de notre filiation divine et, en m\u00eame temps, la r\u00e9aliser.<\/p>\n<p>La nouveaut\u00e9 apport\u00e9e cependant par Saint Vincent est <i>\u00able <\/i><i>principe de proportionnalit\u00e9\u00bb <\/i>qui consiste \u00e0 se demander, avant d&rsquo;agir, ce que le Christ aurait fait s&rsquo;il s&rsquo;\u00e9tait trouv\u00e9 dans ma situation historique personnelle :<\/p>\n<p><i>\u00abLa vraie prudence nous donne pour r\u00e8gle <\/i><i>inviolable de juger toujours de toutes choses comme <\/i><i>Notre Seigneur en a jug\u00e9, en sorte que, dans les <\/i><i>occasions, nous nous demandions \u00e0 nous-m\u00eames : <\/i><i>Comment est-ce que Notre Seigneur a jug\u00e9 de telle et <\/i><i>telle chose ? Comment s&rsquo;est-il comport\u00e9 en telle ou <\/i><i>telle rencontre ? Qu&rsquo;a-t-il dit et qu&rsquo;a-t-il fait sur tels et <\/i><i>tels sujets ? et qu&rsquo;ainsi nous ajustions toute notre <\/i><i>conduite selon ses maximes et ses exemples\u00bb (SV. XI, <\/i><i>52-53).<\/i><\/p>\n<p>Saint Vincent veut que cela devienne chez nous comme une habitude, une coutume famili\u00e8re et presque un r\u00e9flexe.<\/p>\n<p><i>\u00abComment faire, <\/i>dit-il \u00e0 ses missionnaires, <i>pour ne <\/i><i>pas perdre notre temps et nos peines ? C&rsquo;est de n&rsquo;agir <\/i><i>jamais par mouvement de notre propre int\u00e9r\u00eat ou <\/i><i>fantaisie, mais nous accoutumer<sup>]<\/sup> \u00e0 faire la volont\u00e9 de <\/i><i>Dieu en tout, voyez-vous, en tout, et non pas en partie. <\/i><i>C&rsquo;est cette gr\u00e2ce sanctifiante qui rend l&rsquo;action et la <\/i><i>personne agr\u00e9ables \u00e0 Dieu\u00bb (SV. XII, 156).<\/i><\/p>\n<p>Il voudrait enfin que cet accomplissement de la volont\u00e9 de Dieu rejoigne la vie quotidienne et pratique :<\/p>\n<p><i>\u00abIl faut la pratique, Messieurs, il faut la pratique de <\/i><i>ce que je viens de vous dire pour bien pratiquer la <\/i><i>volont\u00e9 de Dieu\u00bb (SV. XII, 163).<\/i><\/p>\n","protected":false},"excerpt":{"rendered":"<p>Pour Saint Vincent, le Christ est la seule mesure avec laquelle nous devons tout mesurer. Toute mesure est une chose objective avec laquelle on compare tout ce qu&rsquo;on fait : notre comportement, notre mission et &#8230; <a href=\"https:\/\/vincentians.com\/fr\/le-christ-regle-de-la-mission\/\" class=\"more-link\">Read More<\/a><\/p>\n","protected":false},"author":4,"featured_media":106029,"comment_status":"open","ping_status":"open","sticky":false,"template":"","format":"standard","meta":{"jetpack_post_was_ever_published":false,"_jetpack_newsletter_access":"","_jetpack_dont_email_post_to_subs":false,"_jetpack_newsletter_tier_id":0,"_jetpack_memberships_contains_paywalled_content":false,"_jetpack_memberships_contains_paid_content":false,"footnotes":"","jetpack_publicize_message":"","jetpack_publicize_feature_enabled":true,"jetpack_social_post_already_shared":true,"jetpack_social_options":{"image_generator_settings":{"template":"highway","default_image_id":0,"font":"","enabled":false},"version":2}},"categories":[118],"tags":[],"class_list":["post-105799","post","type-post","status-publish","format-standard","has-post-thumbnail","hentry","category-formation-vincentienne"],"yoast_head":"<!-- This site is optimized with the Yoast SEO plugin v26.3 - https:\/\/yoast.com\/wordpress\/plugins\/seo\/ -->\n<title>Le Christ regle de la mission - Nous Sommes Vincentiens<\/title>\n<meta name=\"robots\" content=\"index, follow, max-snippet:-1, max-image-preview:large, max-video-preview:-1\" \/>\n<link rel=\"canonical\" href=\"https:\/\/vincentians.com\/fr\/le-christ-regle-de-la-mission\/\" \/>\n<meta property=\"og:locale\" content=\"fr_FR\" \/>\n<meta property=\"og:type\" content=\"article\" \/>\n<meta property=\"og:title\" content=\"Le Christ regle de la mission - Nous Sommes Vincentiens\" \/>\n<meta property=\"og:description\" content=\"Pour Saint Vincent, le Christ est la seule mesure avec laquelle nous devons tout mesurer. Toute mesure est une chose objective avec laquelle on compare tout ce qu&rsquo;on fait : notre comportement, notre mission et ... Read More\" \/>\n<meta property=\"og:url\" content=\"https:\/\/vincentians.com\/fr\/le-christ-regle-de-la-mission\/\" \/>\n<meta property=\"og:site_name\" content=\"Nous Sommes Vincentiens\" \/>\n<meta property=\"article:publisher\" content=\"https:\/\/www.facebook.com\/WeAreVincentians\/\" \/>\n<meta property=\"article:author\" content=\"https:\/\/www.facebook.com\/JavierChento\" \/>\n<meta property=\"article:published_time\" content=\"2015-05-18T06:18:19+00:00\" \/>\n<meta name=\"author\" content=\"Francisco Javier Fern\u00e1ndez Chento\" \/>\n<meta name=\"twitter:card\" content=\"summary_large_image\" \/>\n<meta name=\"twitter:creator\" content=\"@https:\/\/twitter.com\/javierchento\" \/>\n<meta name=\"twitter:site\" content=\"@WeVincentians\" \/>\n<meta name=\"twitter:label1\" content=\"\u00c9crit par\" \/>\n\t<meta name=\"twitter:data1\" content=\"Francisco Javier Fern\u00e1ndez Chento\" \/>\n\t<meta name=\"twitter:label2\" content=\"Dur\u00e9e de lecture estim\u00e9e\" \/>\n\t<meta name=\"twitter:data2\" content=\"17 minutes\" \/>\n<script type=\"application\/ld+json\" class=\"yoast-schema-graph\">{\"@context\":\"https:\/\/schema.org\",\"@graph\":[{\"@type\":\"WebPage\",\"@id\":\"https:\/\/vincentians.com\/fr\/le-christ-regle-de-la-mission\/\",\"url\":\"https:\/\/vincentians.com\/fr\/le-christ-regle-de-la-mission\/\",\"name\":\"Le Christ regle de la mission - Nous Sommes Vincentiens\",\"isPartOf\":{\"@id\":\"https:\/\/vincentians.com\/fr\/#website\"},\"primaryImageOfPage\":{\"@id\":\"https:\/\/vincentians.com\/fr\/le-christ-regle-de-la-mission\/#primaryimage\"},\"image\":{\"@id\":\"https:\/\/vincentians.com\/fr\/le-christ-regle-de-la-mission\/#primaryimage\"},\"thumbnailUrl\":\"\",\"datePublished\":\"2015-05-18T06:18:19+00:00\",\"author\":{\"@id\":\"https:\/\/vincentians.com\/fr\/#\/schema\/person\/9623ef4d9aa3b2dfb8c061f1499288f2\"},\"breadcrumb\":{\"@id\":\"https:\/\/vincentians.com\/fr\/le-christ-regle-de-la-mission\/#breadcrumb\"},\"inLanguage\":\"fr-FR\",\"potentialAction\":[{\"@type\":\"ReadAction\",\"target\":[\"https:\/\/vincentians.com\/fr\/le-christ-regle-de-la-mission\/\"]}]},{\"@type\":\"ImageObject\",\"inLanguage\":\"fr-FR\",\"@id\":\"https:\/\/vincentians.com\/fr\/le-christ-regle-de-la-mission\/#primaryimage\",\"url\":\"\",\"contentUrl\":\"\"},{\"@type\":\"BreadcrumbList\",\"@id\":\"https:\/\/vincentians.com\/fr\/le-christ-regle-de-la-mission\/#breadcrumb\",\"itemListElement\":[{\"@type\":\"ListItem\",\"position\":1,\"name\":\"Portada\",\"item\":\"https:\/\/vincentians.com\/fr\/\"},{\"@type\":\"ListItem\",\"position\":2,\"name\":\"Le Christ regle de la mission\"}]},{\"@type\":\"WebSite\",\"@id\":\"https:\/\/vincentians.com\/fr\/#website\",\"url\":\"https:\/\/vincentians.com\/fr\/\",\"name\":\"Nous Sommes Vincentiens\",\"description\":\"Know more to serve more\",\"potentialAction\":[{\"@type\":\"SearchAction\",\"target\":{\"@type\":\"EntryPoint\",\"urlTemplate\":\"https:\/\/vincentians.com\/fr\/?s={search_term_string}\"},\"query-input\":{\"@type\":\"PropertyValueSpecification\",\"valueRequired\":true,\"valueName\":\"search_term_string\"}}],\"inLanguage\":\"fr-FR\"},{\"@type\":\"Person\",\"@id\":\"https:\/\/vincentians.com\/fr\/#\/schema\/person\/9623ef4d9aa3b2dfb8c061f1499288f2\",\"name\":\"Francisco Javier Fern\u00e1ndez Chento\",\"image\":{\"@type\":\"ImageObject\",\"inLanguage\":\"fr-FR\",\"@id\":\"https:\/\/vincentians.com\/fr\/#\/schema\/person\/image\/\",\"url\":\"https:\/\/secure.gravatar.com\/avatar\/497d5cde87b4c3d097d0315953521681ba2cd523ee66e5077c3711f7021e65de?s=96&d=mm&r=g\",\"contentUrl\":\"https:\/\/secure.gravatar.com\/avatar\/497d5cde87b4c3d097d0315953521681ba2cd523ee66e5077c3711f7021e65de?s=96&d=mm&r=g\",\"caption\":\"Francisco Javier Fern\u00e1ndez Chento\"},\"description\":\"Director General y cofundador de La Red de Formaci\u00f3n Vicenciana. Javier es laico vicenciano, afiliado a la Congregaci\u00f3n de la Misi\u00f3n y miembro del Equipo de Misiones Populares de la provincia can\u00f3nica de Zaragoza (Espa\u00f1a) de la Congregaci\u00f3n de la Misi\u00f3n. Graduado en la Universidad Oberta de Catalunya con cuatro grados (Asistente de direcci\u00f3n, Gesti\u00f3n Administrativa, Recursos Humanos y Contabilidad Avanzada). Bil\u00edng\u00fce Espa\u00f1ol\/Ingl\u00e9s. gestiona y mantiene varias p\u00e1ginas web cristianas y vicencianas, incluida including La Red de Formaci\u00f3n Vicenciana, de la que es cofundador. Actualmente es responsable del \u00e1rea de Espa\u00f1ol de .famvin, la Red de Noticias de la Familia Vicenciana. Tambi\u00e9n es m\u00fasico cat\u00f3lico y ha editado varios discos. Es Director General y cofundador de Trovador, una reconocida compa\u00f1\u00eda discogr\u00e1fica critiana de Espa\u00f1a. Trabaja en las Tecnolog\u00edas de la Informaci\u00f3n, ofreciendo servicios de alojamiento, dise\u00f1o y mantenimiento Web, as\u00ed como asesoramiento, formaci\u00f3n y soluciones inform\u00e1ticas, gesti\u00f3n documental y digitalizaci\u00f3n de textos, edici\u00f3n y maquetaci\u00f3n de libros, revistas, flyers, etc.\",\"sameAs\":[\"http:\/\/chento.org\",\"https:\/\/www.facebook.com\/JavierChento\",\"https:\/\/x.com\/https:\/\/twitter.com\/javierchento\"],\"url\":\"https:\/\/vincentians.com\/fr\/author\/chento\/\"}]}<\/script>\n<!-- \/ Yoast SEO plugin. -->","yoast_head_json":{"title":"Le Christ regle de la mission - Nous Sommes Vincentiens","robots":{"index":"index","follow":"follow","max-snippet":"max-snippet:-1","max-image-preview":"max-image-preview:large","max-video-preview":"max-video-preview:-1"},"canonical":"https:\/\/vincentians.com\/fr\/le-christ-regle-de-la-mission\/","og_locale":"fr_FR","og_type":"article","og_title":"Le Christ regle de la mission - Nous Sommes Vincentiens","og_description":"Pour Saint Vincent, le Christ est la seule mesure avec laquelle nous devons tout mesurer. Toute mesure est une chose objective avec laquelle on compare tout ce qu&rsquo;on fait : notre comportement, notre mission et ... Read More","og_url":"https:\/\/vincentians.com\/fr\/le-christ-regle-de-la-mission\/","og_site_name":"Nous Sommes Vincentiens","article_publisher":"https:\/\/www.facebook.com\/WeAreVincentians\/","article_author":"https:\/\/www.facebook.com\/JavierChento","article_published_time":"2015-05-18T06:18:19+00:00","author":"Francisco Javier Fern\u00e1ndez Chento","twitter_card":"summary_large_image","twitter_creator":"@https:\/\/twitter.com\/javierchento","twitter_site":"@WeVincentians","twitter_misc":{"\u00c9crit par":"Francisco Javier Fern\u00e1ndez Chento","Dur\u00e9e de lecture estim\u00e9e":"17 minutes"},"schema":{"@context":"https:\/\/schema.org","@graph":[{"@type":"WebPage","@id":"https:\/\/vincentians.com\/fr\/le-christ-regle-de-la-mission\/","url":"https:\/\/vincentians.com\/fr\/le-christ-regle-de-la-mission\/","name":"Le Christ regle de la mission - Nous Sommes Vincentiens","isPartOf":{"@id":"https:\/\/vincentians.com\/fr\/#website"},"primaryImageOfPage":{"@id":"https:\/\/vincentians.com\/fr\/le-christ-regle-de-la-mission\/#primaryimage"},"image":{"@id":"https:\/\/vincentians.com\/fr\/le-christ-regle-de-la-mission\/#primaryimage"},"thumbnailUrl":"","datePublished":"2015-05-18T06:18:19+00:00","author":{"@id":"https:\/\/vincentians.com\/fr\/#\/schema\/person\/9623ef4d9aa3b2dfb8c061f1499288f2"},"breadcrumb":{"@id":"https:\/\/vincentians.com\/fr\/le-christ-regle-de-la-mission\/#breadcrumb"},"inLanguage":"fr-FR","potentialAction":[{"@type":"ReadAction","target":["https:\/\/vincentians.com\/fr\/le-christ-regle-de-la-mission\/"]}]},{"@type":"ImageObject","inLanguage":"fr-FR","@id":"https:\/\/vincentians.com\/fr\/le-christ-regle-de-la-mission\/#primaryimage","url":"","contentUrl":""},{"@type":"BreadcrumbList","@id":"https:\/\/vincentians.com\/fr\/le-christ-regle-de-la-mission\/#breadcrumb","itemListElement":[{"@type":"ListItem","position":1,"name":"Portada","item":"https:\/\/vincentians.com\/fr\/"},{"@type":"ListItem","position":2,"name":"Le Christ regle de la mission"}]},{"@type":"WebSite","@id":"https:\/\/vincentians.com\/fr\/#website","url":"https:\/\/vincentians.com\/fr\/","name":"Nous Sommes Vincentiens","description":"Know more to serve more","potentialAction":[{"@type":"SearchAction","target":{"@type":"EntryPoint","urlTemplate":"https:\/\/vincentians.com\/fr\/?s={search_term_string}"},"query-input":{"@type":"PropertyValueSpecification","valueRequired":true,"valueName":"search_term_string"}}],"inLanguage":"fr-FR"},{"@type":"Person","@id":"https:\/\/vincentians.com\/fr\/#\/schema\/person\/9623ef4d9aa3b2dfb8c061f1499288f2","name":"Francisco Javier Fern\u00e1ndez Chento","image":{"@type":"ImageObject","inLanguage":"fr-FR","@id":"https:\/\/vincentians.com\/fr\/#\/schema\/person\/image\/","url":"https:\/\/secure.gravatar.com\/avatar\/497d5cde87b4c3d097d0315953521681ba2cd523ee66e5077c3711f7021e65de?s=96&d=mm&r=g","contentUrl":"https:\/\/secure.gravatar.com\/avatar\/497d5cde87b4c3d097d0315953521681ba2cd523ee66e5077c3711f7021e65de?s=96&d=mm&r=g","caption":"Francisco Javier Fern\u00e1ndez Chento"},"description":"Director General y cofundador de La Red de Formaci\u00f3n Vicenciana. Javier es laico vicenciano, afiliado a la Congregaci\u00f3n de la Misi\u00f3n y miembro del Equipo de Misiones Populares de la provincia can\u00f3nica de Zaragoza (Espa\u00f1a) de la Congregaci\u00f3n de la Misi\u00f3n. Graduado en la Universidad Oberta de Catalunya con cuatro grados (Asistente de direcci\u00f3n, Gesti\u00f3n Administrativa, Recursos Humanos y Contabilidad Avanzada). Bil\u00edng\u00fce Espa\u00f1ol\/Ingl\u00e9s. gestiona y mantiene varias p\u00e1ginas web cristianas y vicencianas, incluida including La Red de Formaci\u00f3n Vicenciana, de la que es cofundador. Actualmente es responsable del \u00e1rea de Espa\u00f1ol de .famvin, la Red de Noticias de la Familia Vicenciana. Tambi\u00e9n es m\u00fasico cat\u00f3lico y ha editado varios discos. Es Director General y cofundador de Trovador, una reconocida compa\u00f1\u00eda discogr\u00e1fica critiana de Espa\u00f1a. Trabaja en las Tecnolog\u00edas de la Informaci\u00f3n, ofreciendo servicios de alojamiento, dise\u00f1o y mantenimiento Web, as\u00ed como asesoramiento, formaci\u00f3n y soluciones inform\u00e1ticas, gesti\u00f3n documental y digitalizaci\u00f3n de textos, edici\u00f3n y maquetaci\u00f3n de libros, revistas, flyers, etc.","sameAs":["http:\/\/chento.org","https:\/\/www.facebook.com\/JavierChento","https:\/\/x.com\/https:\/\/twitter.com\/javierchento"],"url":"https:\/\/vincentians.com\/fr\/author\/chento\/"}]}},"jetpack_publicize_connections":[],"jetpack_featured_media_url":"","jetpack_sharing_enabled":true,"jetpack_shortlink":"https:\/\/wp.me\/p7ETMP-rwr","jetpack-related-posts":[{"id":38257,"url":"https:\/\/vincentians.com\/fr\/elements-dunion-dans-la-famille-vincentienne\/","url_meta":{"origin":105799,"position":0},"title":"\u00c9l\u00e9ments d\u2019union dans la Famille Vincentienne","author":"Francisco Javier Fern\u00e1ndez Chento","date":"04\/08\/2016","format":false,"excerpt":"A. De quelle famille parlons-nous ? Lorsque nous parlons de la Famille Vincentienne nous faisons allusion \u00e0 tous ces groupes d\u2019associations ou \u00e0 des congr\u00e9gations qui, dans leur vie (style) et dans leur action (apostolat), s\u2019inspirent avec diverses nuances, de ce que nous appelons aujourd\u2019hui \u00ab charisme vincentien \u00bb. D\u2019autre\u2026","rel":"","context":"Dans &quot;La Famille Vincentienne&quot;","block_context":{"text":"La Famille Vincentienne","link":"https:\/\/vincentians.com\/fr\/category\/la-famille-vincentienne\/"},"img":{"alt_text":"","src":"https:\/\/i0.wp.com\/vincentians.com\/fr\/wp-content\/uploads\/sites\/10\/2014\/01\/Vincentian-Family-leaders-meeting-in-Paris.jpg?fit=1200%2C630&ssl=1&resize=350%2C200","width":350,"height":200,"srcset":"https:\/\/i0.wp.com\/vincentians.com\/fr\/wp-content\/uploads\/sites\/10\/2014\/01\/Vincentian-Family-leaders-meeting-in-Paris.jpg?fit=1200%2C630&ssl=1&resize=350%2C200 1x, https:\/\/i0.wp.com\/vincentians.com\/fr\/wp-content\/uploads\/sites\/10\/2014\/01\/Vincentian-Family-leaders-meeting-in-Paris.jpg?fit=1200%2C630&ssl=1&resize=525%2C300 1.5x, https:\/\/i0.wp.com\/vincentians.com\/fr\/wp-content\/uploads\/sites\/10\/2014\/01\/Vincentian-Family-leaders-meeting-in-Paris.jpg?fit=1200%2C630&ssl=1&resize=700%2C400 2x, https:\/\/i0.wp.com\/vincentians.com\/fr\/wp-content\/uploads\/sites\/10\/2014\/01\/Vincentian-Family-leaders-meeting-in-Paris.jpg?fit=1200%2C630&ssl=1&resize=1050%2C600 3x"},"classes":[]},{"id":41345,"url":"https:\/\/vincentians.com\/fr\/la-spiritualite-de-la-fille-de-la-charite\/","url_meta":{"origin":105799,"position":1},"title":"La Spiritualit\u00e9 de la Fille de la Charit\u00e9","author":"Francisco Javier Fern\u00e1ndez Chento","date":"17\/11\/2013","format":false,"excerpt":"Il m\u2019a \u00e9t\u00e9 demand\u00e9 de pr\u00e9senter la spiritualit\u00e9 de la FdlC et comment vivre aujourd\u2019hui la spiritualit\u00e9 de la Compagnie? Je n\u2019ai pas la pr\u00e9tention de faire un expos\u00e9 fondamental sur la spiritualit\u00e9 de la FdlC. Je vais vous partager tout simplement ma mani\u00e8re de pr\u00e9senter notre spiritualit\u00e9 aux jeunes\u2026","rel":"","context":"Dans &quot;Filles de la Charit\u00e9&quot;","block_context":{"text":"Filles de la Charit\u00e9","link":"https:\/\/vincentians.com\/fr\/category\/filles-de-la-charite\/"},"img":{"alt_text":"","src":"https:\/\/i0.wp.com\/vincentiens.org\/wp-content\/uploads\/2011\/05\/cruz_sv-212x300.jpg?resize=350%2C200","width":350,"height":200},"classes":[]},{"id":39762,"url":"https:\/\/vincentians.com\/fr\/lidentite-de-la-fille-de-la-charite-elements-caracteristiques-et-distinctifs-comment-la-fdlc-peut-elle-la-vivre-aujourdhui\/","url_meta":{"origin":105799,"position":2},"title":"L\u2019identit\u00e9 de la Fille de la Charit\u00e9: \u00c9l\u00e9ments caract\u00e9ristiques et distinctifs. Comment la FdlC peut-elle la vivre aujourd\u2019hui?","author":"Francisco Javier Fern\u00e1ndez Chento","date":"05\/10\/2012","format":false,"excerpt":"Introduction Aujourd\u2019hui, les id\u00e9ologies rationalistes et totalitaires sont en partie tomb\u00e9es, et les grands progr\u00e8s scientifiques et techniques r\u00e9alis\u00e9s offrent sans aucun doute \u00e0 notre monde d\u2019immenses possibilit\u00e9s. Les progr\u00e8s mat\u00e9riels donnent lieu \u00e0 l\u2019am\u00e9lioration des conditions de vie de l\u2019humanit\u00e9 dans diff\u00e9rents domaines de la sant\u00e9, de l\u2019\u00e9ducation et\u2026","rel":"","context":"Dans &quot;Filles de la Charit\u00e9&quot;","block_context":{"text":"Filles de la Charit\u00e9","link":"https:\/\/vincentians.com\/fr\/category\/filles-de-la-charite\/"},"img":{"alt_text":"","src":"https:\/\/i0.wp.com\/vincentiens.org\/wp-content\/uploads\/2011\/05\/cruz_sv-212x300.jpg?resize=350%2C200","width":350,"height":200},"classes":[]},{"id":38477,"url":"https:\/\/vincentians.com\/fr\/le-directeur-provincial-animateur-des-filles-de-la-charite\/","url_meta":{"origin":105799,"position":3},"title":"Le Directeur Provincial \u201canimateur\u201d des Filles de la Charit\u00e9","author":"Francisco Javier Fern\u00e1ndez Chento","date":"03\/10\/2012","format":false,"excerpt":"Dans les Constitutions des Filles de la Charit\u00e9, nous trouvons \u00e0 l\u2019article 3.38: le Directeur Provincial est un pr\u00eatre de la Congr\u00e9gation de la Mission, nomm\u00e9 par le Sup\u00e9rieur G\u00e9n\u00e9ral; \u201cil partage avec la Visitatrice et son Conseil la responsabilit\u00e9 de promouvoir l\u2019esprit vincentien dans la Province\u201d Missionnaire, le directeur\u2026","rel":"","context":"Dans &quot;Congr\u00e9gation de la Mission&quot;","block_context":{"text":"Congr\u00e9gation de la Mission","link":"https:\/\/vincentians.com\/fr\/category\/congregation-de-la-mission\/"},"img":{"alt_text":"","src":"https:\/\/i0.wp.com\/vincentiens.org\/wp-content\/uploads\/2011\/05\/filles_charite-228x300.jpg?resize=350%2C200","width":350,"height":200},"classes":[]},{"id":45335,"url":"https:\/\/vincentians.com\/fr\/saint-vincent-et-les-missions\/","url_meta":{"origin":105799,"position":4},"title":"Saint Vincent et les Missions","author":"Francisco Javier Fern\u00e1ndez Chento","date":"14\/12\/2014","format":false,"excerpt":"Introduction A.- Lorsque nous essayons d'\u00e9tudier le travail missionnaire de Vincent de Paul et de ses premiers compagnons, nous trouvons une v\u00e9ritable mystique de la Mission; alors que nous d\u00e9sirerions que le Saint nous ait donn\u00e9 aussi une doctrine th\u00e9ologique sur ce qui constitue l'objectif de sa vie, sur ce\u2026","rel":"","context":"Dans &quot;Vincent de Paul&quot;","block_context":{"text":"Vincent de Paul","link":"https:\/\/vincentians.com\/fr\/category\/the-vincentian-family\/founders\/vincent-de-paul\/"},"img":{"alt_text":"Vincent de Paul portrait","src":"https:\/\/i0.wp.com\/vincentiens.org\/wp-content\/uploads\/2014\/12\/Vincent-de-Paul-portrait-300x300.jpg?resize=350%2C200","width":350,"height":200},"classes":[]},{"id":52061,"url":"https:\/\/vincentians.com\/fr\/saint-vincent-de-paul-et-sa-mission-sociale-iv-le-saint\/","url_meta":{"origin":105799,"position":5},"title":"Saint Vincent De Paul Et Sa Mission Sociale. IV &#8211; Le Saint","author":"Francisco Javier Fern\u00e1ndez Chento","date":"28\/12\/2014","format":false,"excerpt":"La charit\u00e9 ; ses sources, ses effets. \u2014 Foi, humilit\u00e9, douceur de Vincent de Paul. \u2014 Traits de ses vertus. \u2014 Les miracles. \u2014 La vision des deux globes. \u2014 La journ\u00e9e de Vincent ; occupations et aust\u00e9rit\u00e9s. \u2014 Les derniers temps de sa vie. \u2014 Mort et canonisation. \u2014\u2026","rel":"","context":"Dans &quot;Vincent de Paul&quot;","block_context":{"text":"Vincent de Paul","link":"https:\/\/vincentians.com\/fr\/category\/the-vincentian-family\/founders\/vincent-de-paul\/"},"img":{"alt_text":"","src":"https:\/\/i0.wp.com\/vincentians.com\/fr\/wp-content\/uploads\/sites\/10\/2016\/07\/vincent-et-sa-action-sociale.jpg?fit=1160%2C630&ssl=1&resize=350%2C200","width":350,"height":200,"srcset":"https:\/\/i0.wp.com\/vincentians.com\/fr\/wp-content\/uploads\/sites\/10\/2016\/07\/vincent-et-sa-action-sociale.jpg?fit=1160%2C630&ssl=1&resize=350%2C200 1x, https:\/\/i0.wp.com\/vincentians.com\/fr\/wp-content\/uploads\/sites\/10\/2016\/07\/vincent-et-sa-action-sociale.jpg?fit=1160%2C630&ssl=1&resize=525%2C300 1.5x, https:\/\/i0.wp.com\/vincentians.com\/fr\/wp-content\/uploads\/sites\/10\/2016\/07\/vincent-et-sa-action-sociale.jpg?fit=1160%2C630&ssl=1&resize=700%2C400 2x, https:\/\/i0.wp.com\/vincentians.com\/fr\/wp-content\/uploads\/sites\/10\/2016\/07\/vincent-et-sa-action-sociale.jpg?fit=1160%2C630&ssl=1&resize=1050%2C600 3x"},"classes":[]}],"_links":{"self":[{"href":"https:\/\/vincentians.com\/fr\/wp-json\/wp\/v2\/posts\/105799","targetHints":{"allow":["GET"]}}],"collection":[{"href":"https:\/\/vincentians.com\/fr\/wp-json\/wp\/v2\/posts"}],"about":[{"href":"https:\/\/vincentians.com\/fr\/wp-json\/wp\/v2\/types\/post"}],"author":[{"embeddable":true,"href":"https:\/\/vincentians.com\/fr\/wp-json\/wp\/v2\/users\/4"}],"replies":[{"embeddable":true,"href":"https:\/\/vincentians.com\/fr\/wp-json\/wp\/v2\/comments?post=105799"}],"version-history":[{"count":0,"href":"https:\/\/vincentians.com\/fr\/wp-json\/wp\/v2\/posts\/105799\/revisions"}],"wp:featuredmedia":[{"embeddable":true,"href":"https:\/\/vincentians.com\/fr\/wp-json\/"}],"wp:attachment":[{"href":"https:\/\/vincentians.com\/fr\/wp-json\/wp\/v2\/media?parent=105799"}],"wp:term":[{"taxonomy":"category","embeddable":true,"href":"https:\/\/vincentians.com\/fr\/wp-json\/wp\/v2\/categories?post=105799"},{"taxonomy":"post_tag","embeddable":true,"href":"https:\/\/vincentians.com\/fr\/wp-json\/wp\/v2\/tags?post=105799"}],"curies":[{"name":"wp","href":"https:\/\/api.w.org\/{rel}","templated":true}]}}