{"id":105796,"date":"2015-05-17T08:16:17","date_gmt":"2015-05-17T06:16:17","guid":{"rendered":"http:\/\/vincentiens.org\/?p=105796"},"modified":"2015-05-17T08:16:17","modified_gmt":"2015-05-17T06:16:17","slug":"le-jesus-de-saint-vincent","status":"publish","type":"post","link":"https:\/\/vincentians.com\/fr\/le-jesus-de-saint-vincent\/","title":{"rendered":"Le Jesus de saint Vincent"},"content":{"rendered":"<p><a href=\"https:\/\/i0.wp.com\/vincentiens.org\/wp-content\/uploads\/2013\/02\/saint-vincent-de-paul.jpg\"><img data-recalc-dims=\"1\" loading=\"lazy\" decoding=\"async\" class=\"alignleft size-medium wp-image-106027\" alt=\"saint-vincent-de-paul\" src=\"https:\/\/i0.wp.com\/vincentiens.org\/wp-content\/uploads\/2013\/02\/saint-vincent-de-paul-265x300.jpg?resize=265%2C300\" width=\"265\" height=\"300\" \/><\/a>Comme tout fondateur, Saint Vincent a fait de l&rsquo;\u00c9vangile une lecture s\u00e9lective. La personnalit\u00e9 du Christ, en effet, est tellement riche que personne ne peut en saisir toutes les dimensions, et encore moins la contempler &#8211; et surtout l&rsquo;imiter &#8211; dans son ensemble :<\/p>\n<p>\u00abIl y a eu divers \u00e9tats en la vie mortelle et passag\u00e8re de Notre Seigneur ; et cette m\u00eame vie, selon ces divers \u00e9tats, a aussi divers attraits ; tous ces \u00e9tats sont saints et sanctifiants ; ils sont tous adorables et tous imitables, chacun en sa mani\u00e8re. Les compagnies qui sont en l&rsquo;\u00c9glise de Dieu regardent Notre Seigneur diversement, selon les divers attraits de la gr\u00e2ce, selon les lumi\u00e8res et les vues diff\u00e9rentes qu&rsquo;il lui pla\u00eet leur donner&#8230; Et elles l&rsquo;honorent ainsi et l&rsquo;imitent en diverses mani\u00e8res\u00bb (SV. XII, 284).<\/p>\n<p>Toujours \u00e0 partir de son exp\u00e9rience de pauvre campagnard, Saint Vincent est parti &#8211; comme certains de nos th\u00e9ologiens modernes, d&rsquo;une \u00abchristologie d&rsquo;en-bas\u00bb, nous dirions d&rsquo;une anthropologie. Ainsi, au lieu de contempler un Dieu-fait-homme, Saint Vincent a voulu surtout imiter, comme le dit S. Paul, un homme fait-Dieu :<\/p>\n<p>\u00abCet \u00c9vangile concerne son (le P\u00e8re) Fils, issu selon la chair de la lign\u00e9e de David, \u00e9tabli selon l&rsquo;Esprit Saint Fils de Dieu avec puissance par sa R\u00e9surrection d&rsquo;entre les morts\u00bb (Romains 1,2-4).<\/p>\n<p>C&rsquo;est surtout dans le Myst\u00e8re de son Incarnation que Saint Vincent contemple le Christ, cet homme qui ressemble \u00e0 tout homme : au campagnard, au gal\u00e9rien, au pauvre affam\u00e9 qui mendie \u00e0 la porte des \u00e9glises de Paris ou qui r\u00f4de dans ses ruelles&#8230; Bref c&rsquo;est l&rsquo;homme de \u00abl&rsquo;Ecce Homo\u00bb, sauf le p\u00e9ch\u00e9 (H\u00e9breux 4,15).<\/p>\n<p>Avec le Myst\u00e8re de la Sainte Trinit\u00e9, celui de l&rsquo;Incarnation rev\u00eat pour Saint Vincent une importance si capitale qu&rsquo;il l&rsquo;a fait introduire dans la Bulle d&rsquo;\u00c9rection et dans le contrat de fondation de la Congr\u00e9gation de la Mission du 17 avril 1625 (SV. XIII, 257 et 197) (cf. <i>le frontispice mis par Saint <\/i><i>Vincent \u00e0 la l<sup>\u00e8<\/sup>&lsquo; page des Constitutions ou R\u00e8gles de la Congr\u00e9gation de la Mission, en 1658) <\/i>et dans les consignes donn\u00e9es \u00e0 M. Nouelly et au F. Barreau lors de leur envoi en mission \u00e0 Alger :<\/p>\n<p>\u00abPour s&rsquo;acquitter comme il faut (de leur mission d&rsquo;assister spirituellement et corporellement les esclaves chr\u00e9tiens), ils doivent avoir une particuli\u00e8re d\u00e9votion au myst\u00e8re de l&rsquo;Incarnation, par lequel Notre Seigneur est descendu sur la terre pour nous assister dans notre esclavage, dans lequel l&rsquo;esprit malin nous tient captifs\u00bb (SV. XIII, 306).<\/p>\n<p>Loin d&rsquo;occulter sa divinit\u00e9, Saint Vincent parle de J\u00e9sus comme d&rsquo;un v\u00e9ritable \u00eatre de chair, n\u00e9 d&rsquo;une femme, qui a v\u00e9cu humainement comme tout homme. Il parle de <i>\u00abson <\/i><i>corps admirable\u00bb <\/i>qui demeure <i>\u00absi longtemps enferm\u00e9 dans <\/i><i>une vierge\u00bb (SV. <\/i>XII, 200) ; il parle de son coeur dans lequel, si on en avait <i>\u00abfait l&rsquo;anatomie\u00bb, <\/i>on y aurait trouv\u00e9 l&rsquo;humilit\u00e9 <i>\u00abparticuli\u00e8rement grav\u00e9e\u00bb (SV. <\/i>XII, 200). C&rsquo;est un homme qui a mang\u00e9 du pain et peu de viande (SV. IX, 85), qui a aim\u00e9, qui a eu de la tendresse envers les enfants (SV. XII, 89), les pauvres (SV. XIII, 811-812) et tous les laiss\u00e9s pour compte. Il a pleur\u00e9 son ami Lazare (SV. XII, 270-271) et il a pris part \u00e0 la joie de la noce \u00e0 Cana.<\/p>\n<p>C&rsquo;est un homme libre et responsable. Ni pr\u00e9d\u00e9termin\u00e9, ni pr\u00e9programm\u00e9 par son code g\u00e9n\u00e9tique, ou par l&rsquo;h\u00e9ritage inconscient de son enfance ou par les conditionnements sociaux dans lesquels il baigne. Tous ces d\u00e9terminismes l&rsquo;influencent, certes, mais ne le conditionnent pas. Comme tout \u00eatre humain, J\u00e9sus est fa\u00e7onn\u00e9 par ses engagements, ses luttes, sa mort et la signification qu&rsquo;il leur donne. En vivant, il d\u00e9voile ce qu&rsquo;il est.<\/p>\n<p>\u00c0 l&rsquo;exemple des \u00e9vang\u00e9listes qui ne pr\u00e9tendaient pas nous d\u00e9crire la psychologie de J\u00e9sus, Saint Vincent ne s&rsquo;attarde pas \u00e0 relater la somme d&rsquo;obscurit\u00e9, d&rsquo;amertume, de confusion et de d\u00e9ception qui a travers\u00e9 la psych\u00e8 de J\u00e9sus durant sa vie. Il a plut\u00f4t insist\u00e9, comme le faisait la th\u00e9ologie de son temps &#8211; et comme continue \u00e0 le faire une certaine th\u00e9ologie de nos jours qui met surtout en relief la grandeur du Christ, ses pouvoirs de thaumaturge, son h\u00e9ro\u00efsme surhumain, bref ses perfections plut\u00f4t que ses limites &#8211; Saint Vincent a donc surtout insist\u00e9 sur les souffrances physiques et les humiliations de J\u00e9sus et peu sur ses souffrances morales.<\/p>\n<p>J\u00e9sus \u00e9tait socialement pauvre. Et ce n&rsquo;\u00e9tait pas un accident. J\u00e9sus a choisi cet \u00e9tat pour \u00eatre compt\u00e9 parmi les <i>\u00abanawim de yahveh\u00bb, <\/i>ces pauvres qui \u00e9taient la part de Dieu. Et c&rsquo;est un pauvre qui a sauv\u00e9 l&rsquo;humanit\u00e9. \u00abMalheur \u00e0 la cit\u00e9 qui n&rsquo;a pas de pauvre. Elle n&rsquo;a pas de gardien\u00bb (Jean Chrysostome). Saint Vincent en profite pour donner \u00e0 la Congr\u00e9gation de la Mission cette pauvret\u00e9 comme id\u00e9ale.<\/p>\n<p>C&rsquo;est, je crois, qu&rsquo;il voulait proposer le J\u00e9sus pauvre comme mod\u00e8le \u00e0 ses Communaut\u00e9s naissantes qui rencontraient les difficult\u00e9s et les obstacles inh\u00e9rents \u00e0 tout commencement. Pour cela, il lit le texte de l&rsquo;\u00c9vangile presque \u00e0 la lettre, en se permettant quelques commentaires na\u00effs.<\/p>\n<p>Dans sa conf\u00e9rence aux Filles de la Charit\u00e9 du 23 juillet 1656 sur l&rsquo;amour des souffrances physiques et morales, Saint Vincent dilue pour ainsi dire l&rsquo;acuit\u00e9 de la souffrance en la g\u00e9n\u00e9ralisant. En effet, personne sur terre n&rsquo;en est exempt : ni les princes, ni les riches, ni m\u00eame les papes et, \u00e0 plus forte raison, J\u00e9sus Christ<\/p>\n<p><i>\u00abLequel nous a donn\u00e9 l&rsquo;exemple, ayant souffert toute <\/i><i>sa vie en son \u00e2me, en son corps et en son logement, <\/i><i>n&rsquo;en ayant point en son propre, en sa nourriture, vivant <\/i><i>d&rsquo;aum\u00f4nes ; en son honneur ; bref en toutes choses <\/i><i>qu&rsquo;on peut s&rsquo;imaginer\u00bb (SV. X, 184-185). \u00abSi le Fils de <\/i><i>Dieu, <\/i>poursuit-il, <i>a \u00e9t\u00e9 dans la souffrance qui voudra <\/i><i>en \u00eatre exempt ?\u00bb (SV. X, 185).<\/i><\/p>\n<p>La vie de J\u00e9sus Christ a \u00e9t\u00e9 un tissu de souffrances depuis son origine, par sa parent\u00e9 interpos\u00e9e, jusqu&rsquo;\u00e0 sa fin sur la croix, en passant par toutes sortes d&rsquo;humiliations, de calomnies, de Moqueries et de pers\u00e9cutions.<\/p>\n<p>Avouant \u00e0 un pr\u00eatre de la Mission sa vanit\u00e9 cach\u00e9e quand il s&rsquo;\u00e9tait d\u00e9clar\u00e9 <i>\u00abfils d&rsquo;un pauvre laboureur\u00bb <\/i>et <i>\u00abgardien de <\/i><i>pourceaux\u00bb. <\/i>Saint Vincent lui \u00e9crit : \u00ab\u00d4 <i>Monsieur, que nous <\/i><i>sommes heureux de ce que nous honorons la parent\u00e9 pauvre <\/i><i>de Notre Seigneur par la n\u00f4tre pauvre et ch\u00e9tive !\u00bb (SV. <\/i>206). Celui qui s&rsquo;estime ainsi honor\u00e9 <i>\u00abde la pauvre condition <\/i><i>de l&rsquo;Enfant de Bethl\u00e9em et de celle de ses saints parents\u00bb <\/i>est, dit Saint Vincent, <i>\u00abplus fin que le tentateur\u00bb (SV. <\/i>I, 206).<\/p>\n<p>J\u00e9sus Christ a eu, lui aussi, une enfance pauvre, et au lieu d&rsquo;avoir un accueil chaleureux, comme il se doit \u00e0 tout nouveau-n\u00e9, <i>\u00abOn lui avait refus\u00e9 logement et il avait \u00e9t\u00e9 <\/i><i>r\u00e9duit \u00e0 une \u00e9table, et apr\u00e8s avoir re\u00e7u quelques hommages, <\/i><i>partie du ciel et partie de la terre, il tomba incontinent dans <\/i><i>le m\u00e9pris, \u00e9tant contraint de s&rsquo;enfuir en \u00c9gypte pauvrement, <\/i><i>comme un enfant\u00bb (SV. <\/i>XII, 200).<\/p>\n<p>Mais cette pauvret\u00e9 a \u00e9t\u00e9 la marque dominante de toute sa vie. Saint Vincent en dresse \u00e0 ses missionnaires un tableau saisissant dans sa conf\u00e9rence du 6 ao\u00fbt 1655 sur la pauvret\u00e9 :<\/p>\n<p><i>\u00abSi nous avons des biens nous n&rsquo;en avons pas <\/i><i>l&rsquo;usage, et c&rsquo;est en cela que nous sommes semblables \u00e0 <\/i><i>J\u00e9sus Christ, qui, ayant tout, n&rsquo;avait rien ; il \u00e9tait le <\/i><i>ma\u00eetre et le Seigneur de tout le monde, il a fait les biens <\/i><i>qui y sont ; cependant, il a voulu, pour l&rsquo;amour de <\/i><i>nous, se priver de l&rsquo;usage ; bien qu&rsquo;il f\u00fbt le Seigneur de <\/i><i>tout le monde, il s&rsquo;est fait le plus pauvre de tous les <\/i><i>hommes, il en a eu m\u00eame moins que les moindres <\/i><i>animaux : le Fils de Dieu n&rsquo;a pas une pierre pour <\/i><i>reposer sa t\u00eate\u00bb (SV. XI, 224-225).<\/i><\/p>\n<p>Pauvre, J\u00e9sus s&rsquo;est soumis \u00e0 la loi universelle du travail que nous recommandent nos Constitutions (C. 32,1). Afin de pousser ses Filles \u00e0 ne pas perdre leur temps et \u00e0 travailler sans rel\u00e2che, non seulement pour ne pas \u00eatre \u00e0 charge aux autres, mais aussi pour subvenir aux besoins les unes des autres et \u00e0 ceux des pauvres, Saint Vincent met devant leurs yeux la vie laborieuse de J\u00e9sus Christ : <i>\u00abNotre Seigneur a <\/i><i>men\u00e9 deux vies sur terre. L&rsquo;une depuis sa naissance jusqu&rsquo;\u00e0 trente ans, pendant laquelle il travailla \u00e0 la sueur de son divin visage pour gagner sa vie. Le m\u00e9tier de charpentier fut le sien ; il porta la hotte et servit de manoeuvre et d&rsquo;aide- ma\u00e7on. Du matin au soir il fut dans le travail d\u00e8s sa jeunesse et il continua jusqu&rsquo;\u00e0 la mort. L&rsquo;autre \u00e9tat de la vie de J\u00e9sus Christ sur terre est depuis l&rsquo;\u00e2ge de trente ans jusqu&rsquo;\u00e0 sa mort. Pendant ces trois ans que n&rsquo;a-t-il point fait de jour et de nuit, allant pr\u00eacher tant\u00f4t au temple, tant\u00f4t dans une bourgade, sans discontinuation, pour convertir le monde et gagner les \u00e2mes \u00e0 Dieu son P\u00e8re ?\u00bb (SV. <\/i>IX, 491-492)<\/p>\n<p>Que dire aussi des humiliations de toutes sortes que le Fils de Dieu a subies ? Toute sa vie en \u00e9tait parsem\u00e9e, comme Saint Vincent le d\u00e9crit \u00e0 ses missionnaires :<\/p>\n<p><i>\u00abQu&rsquo;est-ce que la vie de ce divin Sauveur, sinon une <\/i><i>humiliation continuelle active et passive ? Il l&rsquo;a <\/i><i>tellement aim\u00e9e, qu&rsquo;il ne l&rsquo;a jamais quitt\u00e9e sur la terre <\/i><i>pendant sa vie ; et m\u00eame apr\u00e8s sa mort, il a voulu que <\/i><i>l&rsquo;\u00c9glise nous ait repr\u00e9sent\u00e9 sa personne par la figure <\/i><i>d&rsquo;un crucifix, afin de para\u00eetre \u00e0 nos yeux dans un \u00e9tat <\/i><i>d&rsquo;ignominie, comme ayant \u00e9t\u00e9 pendu pour nous ainsi <\/i><i>qu&rsquo;un criminel, et comme ayant souffert la mort la plus <\/i><i>honteuse et la plus inf\u00e2me qu&rsquo;on ait pu s&rsquo;imaginer\u00bb <\/i><i>(SV. XI, 61).<\/i><\/p>\n<p>Quant \u00e0 la pers\u00e9cution, J\u00e9sus Christ en a eu \u00e9videmment sa part. Depuis sa tentation au d\u00e9sert, Satan qui \u00abs&rsquo;\u00e9carta de lui jusqu&rsquo;au moment fix\u00e9\u00bb (Luc 4,13), n&rsquo;a pas cess\u00e9 de le poursuivre tout au long de sa vie, jusqu&rsquo;\u00e0 m\u00eame parler par la bouche de Simon-Pierre (Matthieu 16,23), et entrer en Judas le tra\u00eetre (Luc 22,3). On pourrait m\u00eame dire que le harc\u00e8lement psychologique \u00e9tait le pain quotidien de J\u00e9sus : soup\u00e7ons, m\u00e9fiance, jugement d&rsquo;intention, calomnie, f\u00e9lonie de Judas, fausses accusations&#8230; (SV. IV, 81). Il a \u00e9t\u00e9 trait\u00e9 d&rsquo;ivrogne, de noceur, de poss\u00e9d\u00e9 du d\u00e9mon, de fou, de s\u00e9ducteur et de menteur&#8230; jusqu&rsquo;\u00e0 l&rsquo;exclusion (SV. XII, 416).<\/p>\n<p>C&rsquo;est la souffrance physique de J\u00e9sus qui a surtout attir\u00e9 l&rsquo;attention de Saint Vincent. Au lieu d&rsquo;y voir comme J\u00e9sus lui-m\u00eame, le lieu et le moment de sa glorification par son P\u00e8re, Saint Vincent n&rsquo;y voit que l&rsquo;ignominie et l&rsquo;horreur de la souffrance quantitative, sacrifiant ainsi \u00e0 la th\u00e9ologie de son temps :<\/p>\n<p><i>\u00abOn le couronne, on le charge de sa croix, on <\/i><i>l&rsquo;\u00e9tend dessus, on lui fait entrer les clous par force en <\/i><i>ses pieds et en ses mains ; on le l\u00e8ve et on laisse tomber <\/i><i>sa croix avec violence dans le creux qu&rsquo;on lui avait pr\u00e9par\u00e9, enfin on le traite le plus cruellement qu&rsquo;on <\/i><i>peut, bien loin de m\u00ealer \u00e0 tout cela de la douceur.<\/i><\/p>\n<p><i>\u00abLe voil\u00e0 en cet horrible tourment, tourment que je <\/i><i>prie la Compagnie de peser, par la pesanteur de son corps, le bandement de ses bras, la rigueur des clous, <\/i><i>le nombre et la qualit\u00e9 des nerfs perc\u00e9s. Quelle douleur <\/i><i>Messieurs ! Qui s&rsquo;en peut imaginer une plus grande ! <\/i><i>Si vous voulez go\u00fbter tous les exc\u00e8s de sa passion tr\u00e8s <\/i><i>am\u00e8re, vous admirerez comment il a pu, ou voulu les <\/i><i>endurer&#8230; Et apr\u00e8s cette admiration vous direz, comme <\/i><i>ce doux R\u00e9dempteur : \u00ab\u00a0Voyez s&rsquo;il <\/i>y <i>a douleur pareille \u00e0 la mienne\u00a0\u00bb\u00bb (SV. XII, 193).<\/i><\/p>\n<p>Voil\u00e0 en contemplant l&rsquo;Incarnation de J\u00e9sus Christ, les principaux aspects dans sa personnalit\u00e9 que Saint Vincent met devant nos yeux.<\/p>\n<p>Il nous montre J\u00e9sus comme l&rsquo;un d&rsquo;entre nous, qui a pleinement exp\u00e9riment\u00e9 la condition humaine quotidienne avec son poids, ses peines, ses douleurs, ses insucc\u00e8s, ses pleurs comme ses joies. Son travail missionnaire, comme celui de tout autre missionnaire, s&rsquo;est heurt\u00e9 aux difficult\u00e9s inh\u00e9rentes \u00e0 ce minist\u00e8re: la suspicion, le proc\u00e8s d&rsquo;intention, les doutes, les incompr\u00e9hensions et les \u00e9checs.<\/p>\n<p>En fin de compte, Saint Vincent met devant nos yeux un J\u00e9sus, chair de notre chair, os de nos os, sorti de nos rangs pour aller vers le P\u00e8re. Il nous invite \u00e0 refaire son itin\u00e9raire, \u00e0 r\u00e9p\u00e9ter ses choix, ses attitudes et ses comportements. Bref, \u00e0 l&rsquo; imiter.<\/p>\n<p>En conclusion, il faudrait faire en sorte que notre \u00ab\u00eatre vincentien\u00bb soit un \u00eatre incarn\u00e9, c&rsquo;est-\u00e0-dire plong\u00e9 dans la p\u00e2te humaine et se faisant solidaire de tous les hommes. Donc nous sommes faits pour vivre \u00absur les routes de la mission\u00bb ; marchant avec nos fr\u00e8res humains, surtout les pauvres, sur les chemins du Royaume.<\/p>\n","protected":false},"excerpt":{"rendered":"<p>Comme tout fondateur, Saint Vincent a fait de l&rsquo;\u00c9vangile une lecture s\u00e9lective. La personnalit\u00e9 du Christ, en effet, est tellement riche que personne ne peut en saisir toutes les dimensions, et encore moins la contempler &#8230; <a href=\"https:\/\/vincentians.com\/fr\/le-jesus-de-saint-vincent\/\" class=\"more-link\">Read More<\/a><\/p>\n","protected":false},"author":4,"featured_media":106027,"comment_status":"open","ping_status":"open","sticky":false,"template":"","format":"standard","meta":{"jetpack_post_was_ever_published":false,"_jetpack_newsletter_access":"","_jetpack_dont_email_post_to_subs":false,"_jetpack_newsletter_tier_id":0,"_jetpack_memberships_contains_paywalled_content":false,"_jetpack_memberships_contains_paid_content":false,"footnotes":"","jetpack_publicize_message":"","jetpack_publicize_feature_enabled":true,"jetpack_social_post_already_shared":true,"jetpack_social_options":{"image_generator_settings":{"template":"highway","default_image_id":0,"font":"","enabled":false},"version":2}},"categories":[118],"tags":[],"class_list":["post-105796","post","type-post","status-publish","format-standard","has-post-thumbnail","hentry","category-formation-vincentienne"],"yoast_head":"<!-- This site is optimized with the Yoast SEO plugin v26.3 - https:\/\/yoast.com\/wordpress\/plugins\/seo\/ -->\n<title>Le Jesus de saint Vincent - Nous Sommes Vincentiens<\/title>\n<meta name=\"robots\" content=\"index, follow, max-snippet:-1, max-image-preview:large, max-video-preview:-1\" \/>\n<link rel=\"canonical\" href=\"https:\/\/vincentians.com\/fr\/le-jesus-de-saint-vincent\/\" \/>\n<meta property=\"og:locale\" content=\"fr_FR\" \/>\n<meta property=\"og:type\" content=\"article\" \/>\n<meta property=\"og:title\" content=\"Le Jesus de saint Vincent - Nous Sommes Vincentiens\" \/>\n<meta property=\"og:description\" content=\"Comme tout fondateur, Saint Vincent a fait de l&rsquo;\u00c9vangile une lecture s\u00e9lective. La personnalit\u00e9 du Christ, en effet, est tellement riche que personne ne peut en saisir toutes les dimensions, et encore moins la contempler ... Read More\" \/>\n<meta property=\"og:url\" content=\"https:\/\/vincentians.com\/fr\/le-jesus-de-saint-vincent\/\" \/>\n<meta property=\"og:site_name\" content=\"Nous Sommes Vincentiens\" \/>\n<meta property=\"article:publisher\" content=\"https:\/\/www.facebook.com\/WeAreVincentians\/\" \/>\n<meta property=\"article:author\" content=\"https:\/\/www.facebook.com\/JavierChento\" \/>\n<meta property=\"article:published_time\" content=\"2015-05-17T06:16:17+00:00\" \/>\n<meta name=\"author\" content=\"Francisco Javier Fern\u00e1ndez Chento\" \/>\n<meta name=\"twitter:card\" content=\"summary_large_image\" \/>\n<meta name=\"twitter:creator\" content=\"@https:\/\/twitter.com\/javierchento\" \/>\n<meta name=\"twitter:site\" content=\"@WeVincentians\" \/>\n<meta name=\"twitter:label1\" content=\"\u00c9crit par\" \/>\n\t<meta name=\"twitter:data1\" content=\"Francisco Javier Fern\u00e1ndez Chento\" \/>\n\t<meta name=\"twitter:label2\" content=\"Dur\u00e9e de lecture estim\u00e9e\" \/>\n\t<meta name=\"twitter:data2\" content=\"11 minutes\" \/>\n<script type=\"application\/ld+json\" class=\"yoast-schema-graph\">{\"@context\":\"https:\/\/schema.org\",\"@graph\":[{\"@type\":\"WebPage\",\"@id\":\"https:\/\/vincentians.com\/fr\/le-jesus-de-saint-vincent\/\",\"url\":\"https:\/\/vincentians.com\/fr\/le-jesus-de-saint-vincent\/\",\"name\":\"Le Jesus de saint Vincent - Nous Sommes Vincentiens\",\"isPartOf\":{\"@id\":\"https:\/\/vincentians.com\/fr\/#website\"},\"primaryImageOfPage\":{\"@id\":\"https:\/\/vincentians.com\/fr\/le-jesus-de-saint-vincent\/#primaryimage\"},\"image\":{\"@id\":\"https:\/\/vincentians.com\/fr\/le-jesus-de-saint-vincent\/#primaryimage\"},\"thumbnailUrl\":\"\",\"datePublished\":\"2015-05-17T06:16:17+00:00\",\"author\":{\"@id\":\"https:\/\/vincentians.com\/fr\/#\/schema\/person\/9623ef4d9aa3b2dfb8c061f1499288f2\"},\"breadcrumb\":{\"@id\":\"https:\/\/vincentians.com\/fr\/le-jesus-de-saint-vincent\/#breadcrumb\"},\"inLanguage\":\"fr-FR\",\"potentialAction\":[{\"@type\":\"ReadAction\",\"target\":[\"https:\/\/vincentians.com\/fr\/le-jesus-de-saint-vincent\/\"]}]},{\"@type\":\"ImageObject\",\"inLanguage\":\"fr-FR\",\"@id\":\"https:\/\/vincentians.com\/fr\/le-jesus-de-saint-vincent\/#primaryimage\",\"url\":\"\",\"contentUrl\":\"\"},{\"@type\":\"BreadcrumbList\",\"@id\":\"https:\/\/vincentians.com\/fr\/le-jesus-de-saint-vincent\/#breadcrumb\",\"itemListElement\":[{\"@type\":\"ListItem\",\"position\":1,\"name\":\"Portada\",\"item\":\"https:\/\/vincentians.com\/fr\/\"},{\"@type\":\"ListItem\",\"position\":2,\"name\":\"Le Jesus de saint Vincent\"}]},{\"@type\":\"WebSite\",\"@id\":\"https:\/\/vincentians.com\/fr\/#website\",\"url\":\"https:\/\/vincentians.com\/fr\/\",\"name\":\"Nous Sommes Vincentiens\",\"description\":\"Know more to serve more\",\"potentialAction\":[{\"@type\":\"SearchAction\",\"target\":{\"@type\":\"EntryPoint\",\"urlTemplate\":\"https:\/\/vincentians.com\/fr\/?s={search_term_string}\"},\"query-input\":{\"@type\":\"PropertyValueSpecification\",\"valueRequired\":true,\"valueName\":\"search_term_string\"}}],\"inLanguage\":\"fr-FR\"},{\"@type\":\"Person\",\"@id\":\"https:\/\/vincentians.com\/fr\/#\/schema\/person\/9623ef4d9aa3b2dfb8c061f1499288f2\",\"name\":\"Francisco Javier Fern\u00e1ndez Chento\",\"image\":{\"@type\":\"ImageObject\",\"inLanguage\":\"fr-FR\",\"@id\":\"https:\/\/vincentians.com\/fr\/#\/schema\/person\/image\/\",\"url\":\"https:\/\/secure.gravatar.com\/avatar\/497d5cde87b4c3d097d0315953521681ba2cd523ee66e5077c3711f7021e65de?s=96&d=mm&r=g\",\"contentUrl\":\"https:\/\/secure.gravatar.com\/avatar\/497d5cde87b4c3d097d0315953521681ba2cd523ee66e5077c3711f7021e65de?s=96&d=mm&r=g\",\"caption\":\"Francisco Javier Fern\u00e1ndez Chento\"},\"description\":\"Director General y cofundador de La Red de Formaci\u00f3n Vicenciana. Javier es laico vicenciano, afiliado a la Congregaci\u00f3n de la Misi\u00f3n y miembro del Equipo de Misiones Populares de la provincia can\u00f3nica de Zaragoza (Espa\u00f1a) de la Congregaci\u00f3n de la Misi\u00f3n. Graduado en la Universidad Oberta de Catalunya con cuatro grados (Asistente de direcci\u00f3n, Gesti\u00f3n Administrativa, Recursos Humanos y Contabilidad Avanzada). Bil\u00edng\u00fce Espa\u00f1ol\/Ingl\u00e9s. gestiona y mantiene varias p\u00e1ginas web cristianas y vicencianas, incluida including La Red de Formaci\u00f3n Vicenciana, de la que es cofundador. Actualmente es responsable del \u00e1rea de Espa\u00f1ol de .famvin, la Red de Noticias de la Familia Vicenciana. Tambi\u00e9n es m\u00fasico cat\u00f3lico y ha editado varios discos. Es Director General y cofundador de Trovador, una reconocida compa\u00f1\u00eda discogr\u00e1fica critiana de Espa\u00f1a. Trabaja en las Tecnolog\u00edas de la Informaci\u00f3n, ofreciendo servicios de alojamiento, dise\u00f1o y mantenimiento Web, as\u00ed como asesoramiento, formaci\u00f3n y soluciones inform\u00e1ticas, gesti\u00f3n documental y digitalizaci\u00f3n de textos, edici\u00f3n y maquetaci\u00f3n de libros, revistas, flyers, etc.\",\"sameAs\":[\"http:\/\/chento.org\",\"https:\/\/www.facebook.com\/JavierChento\",\"https:\/\/x.com\/https:\/\/twitter.com\/javierchento\"],\"url\":\"https:\/\/vincentians.com\/fr\/author\/chento\/\"}]}<\/script>\n<!-- \/ Yoast SEO plugin. -->","yoast_head_json":{"title":"Le Jesus de saint Vincent - Nous Sommes Vincentiens","robots":{"index":"index","follow":"follow","max-snippet":"max-snippet:-1","max-image-preview":"max-image-preview:large","max-video-preview":"max-video-preview:-1"},"canonical":"https:\/\/vincentians.com\/fr\/le-jesus-de-saint-vincent\/","og_locale":"fr_FR","og_type":"article","og_title":"Le Jesus de saint Vincent - Nous Sommes Vincentiens","og_description":"Comme tout fondateur, Saint Vincent a fait de l&rsquo;\u00c9vangile une lecture s\u00e9lective. La personnalit\u00e9 du Christ, en effet, est tellement riche que personne ne peut en saisir toutes les dimensions, et encore moins la contempler ... Read More","og_url":"https:\/\/vincentians.com\/fr\/le-jesus-de-saint-vincent\/","og_site_name":"Nous Sommes Vincentiens","article_publisher":"https:\/\/www.facebook.com\/WeAreVincentians\/","article_author":"https:\/\/www.facebook.com\/JavierChento","article_published_time":"2015-05-17T06:16:17+00:00","author":"Francisco Javier Fern\u00e1ndez Chento","twitter_card":"summary_large_image","twitter_creator":"@https:\/\/twitter.com\/javierchento","twitter_site":"@WeVincentians","twitter_misc":{"\u00c9crit par":"Francisco Javier Fern\u00e1ndez Chento","Dur\u00e9e de lecture estim\u00e9e":"11 minutes"},"schema":{"@context":"https:\/\/schema.org","@graph":[{"@type":"WebPage","@id":"https:\/\/vincentians.com\/fr\/le-jesus-de-saint-vincent\/","url":"https:\/\/vincentians.com\/fr\/le-jesus-de-saint-vincent\/","name":"Le Jesus de saint Vincent - Nous Sommes Vincentiens","isPartOf":{"@id":"https:\/\/vincentians.com\/fr\/#website"},"primaryImageOfPage":{"@id":"https:\/\/vincentians.com\/fr\/le-jesus-de-saint-vincent\/#primaryimage"},"image":{"@id":"https:\/\/vincentians.com\/fr\/le-jesus-de-saint-vincent\/#primaryimage"},"thumbnailUrl":"","datePublished":"2015-05-17T06:16:17+00:00","author":{"@id":"https:\/\/vincentians.com\/fr\/#\/schema\/person\/9623ef4d9aa3b2dfb8c061f1499288f2"},"breadcrumb":{"@id":"https:\/\/vincentians.com\/fr\/le-jesus-de-saint-vincent\/#breadcrumb"},"inLanguage":"fr-FR","potentialAction":[{"@type":"ReadAction","target":["https:\/\/vincentians.com\/fr\/le-jesus-de-saint-vincent\/"]}]},{"@type":"ImageObject","inLanguage":"fr-FR","@id":"https:\/\/vincentians.com\/fr\/le-jesus-de-saint-vincent\/#primaryimage","url":"","contentUrl":""},{"@type":"BreadcrumbList","@id":"https:\/\/vincentians.com\/fr\/le-jesus-de-saint-vincent\/#breadcrumb","itemListElement":[{"@type":"ListItem","position":1,"name":"Portada","item":"https:\/\/vincentians.com\/fr\/"},{"@type":"ListItem","position":2,"name":"Le Jesus de saint Vincent"}]},{"@type":"WebSite","@id":"https:\/\/vincentians.com\/fr\/#website","url":"https:\/\/vincentians.com\/fr\/","name":"Nous Sommes Vincentiens","description":"Know more to serve more","potentialAction":[{"@type":"SearchAction","target":{"@type":"EntryPoint","urlTemplate":"https:\/\/vincentians.com\/fr\/?s={search_term_string}"},"query-input":{"@type":"PropertyValueSpecification","valueRequired":true,"valueName":"search_term_string"}}],"inLanguage":"fr-FR"},{"@type":"Person","@id":"https:\/\/vincentians.com\/fr\/#\/schema\/person\/9623ef4d9aa3b2dfb8c061f1499288f2","name":"Francisco Javier Fern\u00e1ndez Chento","image":{"@type":"ImageObject","inLanguage":"fr-FR","@id":"https:\/\/vincentians.com\/fr\/#\/schema\/person\/image\/","url":"https:\/\/secure.gravatar.com\/avatar\/497d5cde87b4c3d097d0315953521681ba2cd523ee66e5077c3711f7021e65de?s=96&d=mm&r=g","contentUrl":"https:\/\/secure.gravatar.com\/avatar\/497d5cde87b4c3d097d0315953521681ba2cd523ee66e5077c3711f7021e65de?s=96&d=mm&r=g","caption":"Francisco Javier Fern\u00e1ndez Chento"},"description":"Director General y cofundador de La Red de Formaci\u00f3n Vicenciana. Javier es laico vicenciano, afiliado a la Congregaci\u00f3n de la Misi\u00f3n y miembro del Equipo de Misiones Populares de la provincia can\u00f3nica de Zaragoza (Espa\u00f1a) de la Congregaci\u00f3n de la Misi\u00f3n. Graduado en la Universidad Oberta de Catalunya con cuatro grados (Asistente de direcci\u00f3n, Gesti\u00f3n Administrativa, Recursos Humanos y Contabilidad Avanzada). Bil\u00edng\u00fce Espa\u00f1ol\/Ingl\u00e9s. gestiona y mantiene varias p\u00e1ginas web cristianas y vicencianas, incluida including La Red de Formaci\u00f3n Vicenciana, de la que es cofundador. Actualmente es responsable del \u00e1rea de Espa\u00f1ol de .famvin, la Red de Noticias de la Familia Vicenciana. Tambi\u00e9n es m\u00fasico cat\u00f3lico y ha editado varios discos. Es Director General y cofundador de Trovador, una reconocida compa\u00f1\u00eda discogr\u00e1fica critiana de Espa\u00f1a. Trabaja en las Tecnolog\u00edas de la Informaci\u00f3n, ofreciendo servicios de alojamiento, dise\u00f1o y mantenimiento Web, as\u00ed como asesoramiento, formaci\u00f3n y soluciones inform\u00e1ticas, gesti\u00f3n documental y digitalizaci\u00f3n de textos, edici\u00f3n y maquetaci\u00f3n de libros, revistas, flyers, etc.","sameAs":["http:\/\/chento.org","https:\/\/www.facebook.com\/JavierChento","https:\/\/x.com\/https:\/\/twitter.com\/javierchento"],"url":"https:\/\/vincentians.com\/fr\/author\/chento\/"}]}},"jetpack_publicize_connections":[],"jetpack_featured_media_url":"","jetpack_sharing_enabled":true,"jetpack_shortlink":"https:\/\/wp.me\/p7ETMP-rwo","jetpack-related-posts":[{"id":41345,"url":"https:\/\/vincentians.com\/fr\/la-spiritualite-de-la-fille-de-la-charite\/","url_meta":{"origin":105796,"position":0},"title":"La Spiritualit\u00e9 de la Fille de la Charit\u00e9","author":"Francisco Javier Fern\u00e1ndez Chento","date":"17\/11\/2013","format":false,"excerpt":"Il m\u2019a \u00e9t\u00e9 demand\u00e9 de pr\u00e9senter la spiritualit\u00e9 de la FdlC et comment vivre aujourd\u2019hui la spiritualit\u00e9 de la Compagnie? Je n\u2019ai pas la pr\u00e9tention de faire un expos\u00e9 fondamental sur la spiritualit\u00e9 de la FdlC. Je vais vous partager tout simplement ma mani\u00e8re de pr\u00e9senter notre spiritualit\u00e9 aux jeunes\u2026","rel":"","context":"Dans &quot;Filles de la Charit\u00e9&quot;","block_context":{"text":"Filles de la Charit\u00e9","link":"https:\/\/vincentians.com\/fr\/category\/filles-de-la-charite\/"},"img":{"alt_text":"","src":"https:\/\/i0.wp.com\/vincentiens.org\/wp-content\/uploads\/2011\/05\/cruz_sv-212x300.jpg?resize=350%2C200","width":350,"height":200},"classes":[]},{"id":39762,"url":"https:\/\/vincentians.com\/fr\/lidentite-de-la-fille-de-la-charite-elements-caracteristiques-et-distinctifs-comment-la-fdlc-peut-elle-la-vivre-aujourdhui\/","url_meta":{"origin":105796,"position":1},"title":"L\u2019identit\u00e9 de la Fille de la Charit\u00e9: \u00c9l\u00e9ments caract\u00e9ristiques et distinctifs. Comment la FdlC peut-elle la vivre aujourd\u2019hui?","author":"Francisco Javier Fern\u00e1ndez Chento","date":"05\/10\/2012","format":false,"excerpt":"Introduction Aujourd\u2019hui, les id\u00e9ologies rationalistes et totalitaires sont en partie tomb\u00e9es, et les grands progr\u00e8s scientifiques et techniques r\u00e9alis\u00e9s offrent sans aucun doute \u00e0 notre monde d\u2019immenses possibilit\u00e9s. Les progr\u00e8s mat\u00e9riels donnent lieu \u00e0 l\u2019am\u00e9lioration des conditions de vie de l\u2019humanit\u00e9 dans diff\u00e9rents domaines de la sant\u00e9, de l\u2019\u00e9ducation et\u2026","rel":"","context":"Dans &quot;Filles de la Charit\u00e9&quot;","block_context":{"text":"Filles de la Charit\u00e9","link":"https:\/\/vincentians.com\/fr\/category\/filles-de-la-charite\/"},"img":{"alt_text":"","src":"https:\/\/i0.wp.com\/vincentiens.org\/wp-content\/uploads\/2011\/05\/cruz_sv-212x300.jpg?resize=350%2C200","width":350,"height":200},"classes":[]},{"id":52061,"url":"https:\/\/vincentians.com\/fr\/saint-vincent-de-paul-et-sa-mission-sociale-iv-le-saint\/","url_meta":{"origin":105796,"position":2},"title":"Saint Vincent De Paul Et Sa Mission Sociale. IV &#8211; Le Saint","author":"Francisco Javier Fern\u00e1ndez Chento","date":"28\/12\/2014","format":false,"excerpt":"La charit\u00e9 ; ses sources, ses effets. \u2014 Foi, humilit\u00e9, douceur de Vincent de Paul. \u2014 Traits de ses vertus. \u2014 Les miracles. \u2014 La vision des deux globes. \u2014 La journ\u00e9e de Vincent ; occupations et aust\u00e9rit\u00e9s. \u2014 Les derniers temps de sa vie. \u2014 Mort et canonisation. \u2014\u2026","rel":"","context":"Dans &quot;Vincent de Paul&quot;","block_context":{"text":"Vincent de Paul","link":"https:\/\/vincentians.com\/fr\/category\/the-vincentian-family\/founders\/vincent-de-paul\/"},"img":{"alt_text":"","src":"https:\/\/i0.wp.com\/vincentians.com\/fr\/wp-content\/uploads\/sites\/10\/2016\/07\/vincent-et-sa-action-sociale.jpg?fit=1160%2C630&ssl=1&resize=350%2C200","width":350,"height":200,"srcset":"https:\/\/i0.wp.com\/vincentians.com\/fr\/wp-content\/uploads\/sites\/10\/2016\/07\/vincent-et-sa-action-sociale.jpg?fit=1160%2C630&ssl=1&resize=350%2C200 1x, https:\/\/i0.wp.com\/vincentians.com\/fr\/wp-content\/uploads\/sites\/10\/2016\/07\/vincent-et-sa-action-sociale.jpg?fit=1160%2C630&ssl=1&resize=525%2C300 1.5x, https:\/\/i0.wp.com\/vincentians.com\/fr\/wp-content\/uploads\/sites\/10\/2016\/07\/vincent-et-sa-action-sociale.jpg?fit=1160%2C630&ssl=1&resize=700%2C400 2x, https:\/\/i0.wp.com\/vincentians.com\/fr\/wp-content\/uploads\/sites\/10\/2016\/07\/vincent-et-sa-action-sociale.jpg?fit=1160%2C630&ssl=1&resize=1050%2C600 3x"},"classes":[]},{"id":52052,"url":"https:\/\/vincentians.com\/fr\/saint-vincent-de-paul-et-sa-mission-sociale-iii-laction-1\/","url_meta":{"origin":105796,"position":3},"title":"Saint Vincent De Paul Et Sa Mission Sociale. III &#8211; L\u2019action (1)","author":"Francisco Javier Fern\u00e1ndez Chento","date":"25\/12\/2014","format":false,"excerpt":"LES MISSIONS. \u2014 Saint Vincent de Paul missionnaire. \u2014 Organisation des missions rurales. \u2014 Vertus et qualit\u00e9s des missionnaires. \u2014 La pr\u00e9dication d\u2019apr\u00e8s le saint. \u2014 Sa conduite envers les h\u00e9r\u00e9tiques et les infid\u00e8les. \u2014 Les imitateurs de Vincent de Paul. \u2014 Fruits du nouvel apostolat. \u2014 Missions \u00e0 la\u2026","rel":"","context":"Dans &quot;Vincent de Paul&quot;","block_context":{"text":"Vincent de Paul","link":"https:\/\/vincentians.com\/fr\/category\/the-vincentian-family\/founders\/vincent-de-paul\/"},"img":{"alt_text":"","src":"https:\/\/i0.wp.com\/vincentians.com\/fr\/wp-content\/uploads\/sites\/10\/2016\/07\/vincent-et-sa-action-sociale.jpg?fit=1160%2C630&ssl=1&resize=350%2C200","width":350,"height":200,"srcset":"https:\/\/i0.wp.com\/vincentians.com\/fr\/wp-content\/uploads\/sites\/10\/2016\/07\/vincent-et-sa-action-sociale.jpg?fit=1160%2C630&ssl=1&resize=350%2C200 1x, https:\/\/i0.wp.com\/vincentians.com\/fr\/wp-content\/uploads\/sites\/10\/2016\/07\/vincent-et-sa-action-sociale.jpg?fit=1160%2C630&ssl=1&resize=525%2C300 1.5x, https:\/\/i0.wp.com\/vincentians.com\/fr\/wp-content\/uploads\/sites\/10\/2016\/07\/vincent-et-sa-action-sociale.jpg?fit=1160%2C630&ssl=1&resize=700%2C400 2x, https:\/\/i0.wp.com\/vincentians.com\/fr\/wp-content\/uploads\/sites\/10\/2016\/07\/vincent-et-sa-action-sociale.jpg?fit=1160%2C630&ssl=1&resize=1050%2C600 3x"},"classes":[]},{"id":189844,"url":"https:\/\/vincentians.com\/fr\/les-contributions-du-charisme-vincentien-la-mission-leglise-2\/","url_meta":{"origin":105796,"position":4},"title":"Les contributions du charisme vincentien \u00e0 la mission de l&rsquo;Eglise (2)","author":"Francisco Javier Fern\u00e1ndez Chento","date":"05\/08\/2016","format":false,"excerpt":"2. La vie chr\u00e9tienne dans la perspective de la th\u00e9ologie de la mission\u00a0: continuateurs de la mission du Fils de Dieu Je viens de mentionner le fait que la th\u00e9ologie de la mission est un point de d\u00e9part pour les nouvelles formes de vie dans l'Eglise, des formes de vie\u2026","rel":"","context":"Dans &quot;Formation Vincentienne&quot;","block_context":{"text":"Formation Vincentienne","link":"https:\/\/vincentians.com\/fr\/category\/formation-vincentienne\/"},"img":{"alt_text":"","src":"https:\/\/i0.wp.com\/vincentians.com\/fr\/wp-content\/uploads\/sites\/10\/2016\/06\/contributions-charism.jpg?fit=1200%2C630&ssl=1&resize=350%2C200","width":350,"height":200,"srcset":"https:\/\/i0.wp.com\/vincentians.com\/fr\/wp-content\/uploads\/sites\/10\/2016\/06\/contributions-charism.jpg?fit=1200%2C630&ssl=1&resize=350%2C200 1x, https:\/\/i0.wp.com\/vincentians.com\/fr\/wp-content\/uploads\/sites\/10\/2016\/06\/contributions-charism.jpg?fit=1200%2C630&ssl=1&resize=525%2C300 1.5x, https:\/\/i0.wp.com\/vincentians.com\/fr\/wp-content\/uploads\/sites\/10\/2016\/06\/contributions-charism.jpg?fit=1200%2C630&ssl=1&resize=700%2C400 2x, https:\/\/i0.wp.com\/vincentians.com\/fr\/wp-content\/uploads\/sites\/10\/2016\/06\/contributions-charism.jpg?fit=1200%2C630&ssl=1&resize=1050%2C600 3x"},"classes":[]},{"id":52038,"url":"https:\/\/vincentians.com\/fr\/saint-vincent-de-paul-et-sa-mission-sociale-ii-les-oeuvres-3\/","url_meta":{"origin":105796,"position":5},"title":"Saint Vincent De Paul Et Sa Mission Sociale. II &#8211; Les \u0152uvres (3)","author":"Francisco Javier Fern\u00e1ndez Chento","date":"23\/12\/2014","format":false,"excerpt":"LA S\u0152UR DE CHARIT\u00c9. \u2014 Mademoiselle Le Gras et Vincent de Paul. \u2014 Premiers rapports ; premi\u00e8res \u0153uvres. \u2014 Institution des Filles de la Charit\u00e9, servantes des pauvres. \u2014 Une nouvelle religieuse. \u2014 Conf\u00e9rences. \u2014 R\u00e8gles. \u2014 L\u2019H\u00f4tel de Rambouillet et l\u2019H\u00f4tel-Dieu. \u2014 Les Dames de la Charit\u00e9. Madame Goussault.\u2026","rel":"","context":"Dans &quot;Vincent de Paul&quot;","block_context":{"text":"Vincent de Paul","link":"https:\/\/vincentians.com\/fr\/category\/the-vincentian-family\/founders\/vincent-de-paul\/"},"img":{"alt_text":"","src":"https:\/\/i0.wp.com\/vincentians.com\/fr\/wp-content\/uploads\/sites\/10\/2016\/07\/vincent-et-sa-action-sociale.jpg?fit=1160%2C630&ssl=1&resize=350%2C200","width":350,"height":200,"srcset":"https:\/\/i0.wp.com\/vincentians.com\/fr\/wp-content\/uploads\/sites\/10\/2016\/07\/vincent-et-sa-action-sociale.jpg?fit=1160%2C630&ssl=1&resize=350%2C200 1x, https:\/\/i0.wp.com\/vincentians.com\/fr\/wp-content\/uploads\/sites\/10\/2016\/07\/vincent-et-sa-action-sociale.jpg?fit=1160%2C630&ssl=1&resize=525%2C300 1.5x, https:\/\/i0.wp.com\/vincentians.com\/fr\/wp-content\/uploads\/sites\/10\/2016\/07\/vincent-et-sa-action-sociale.jpg?fit=1160%2C630&ssl=1&resize=700%2C400 2x, https:\/\/i0.wp.com\/vincentians.com\/fr\/wp-content\/uploads\/sites\/10\/2016\/07\/vincent-et-sa-action-sociale.jpg?fit=1160%2C630&ssl=1&resize=1050%2C600 3x"},"classes":[]}],"_links":{"self":[{"href":"https:\/\/vincentians.com\/fr\/wp-json\/wp\/v2\/posts\/105796","targetHints":{"allow":["GET"]}}],"collection":[{"href":"https:\/\/vincentians.com\/fr\/wp-json\/wp\/v2\/posts"}],"about":[{"href":"https:\/\/vincentians.com\/fr\/wp-json\/wp\/v2\/types\/post"}],"author":[{"embeddable":true,"href":"https:\/\/vincentians.com\/fr\/wp-json\/wp\/v2\/users\/4"}],"replies":[{"embeddable":true,"href":"https:\/\/vincentians.com\/fr\/wp-json\/wp\/v2\/comments?post=105796"}],"version-history":[{"count":0,"href":"https:\/\/vincentians.com\/fr\/wp-json\/wp\/v2\/posts\/105796\/revisions"}],"wp:featuredmedia":[{"embeddable":true,"href":"https:\/\/vincentians.com\/fr\/wp-json\/"}],"wp:attachment":[{"href":"https:\/\/vincentians.com\/fr\/wp-json\/wp\/v2\/media?parent=105796"}],"wp:term":[{"taxonomy":"category","embeddable":true,"href":"https:\/\/vincentians.com\/fr\/wp-json\/wp\/v2\/categories?post=105796"},{"taxonomy":"post_tag","embeddable":true,"href":"https:\/\/vincentians.com\/fr\/wp-json\/wp\/v2\/tags?post=105796"}],"curies":[{"name":"wp","href":"https:\/\/api.w.org\/{rel}","templated":true}]}}