{"id":105711,"date":"2016-09-07T12:00:37","date_gmt":"2016-09-07T10:00:37","guid":{"rendered":"http:\/\/vincentiens.org\/?p=105711"},"modified":"2016-08-09T10:22:36","modified_gmt":"2016-08-09T08:22:36","slug":"la-vie-de-mademoiselle-le-gras-livre-troisieme-chapitre-5","status":"publish","type":"post","link":"https:\/\/vincentians.com\/fr\/la-vie-de-mademoiselle-le-gras-livre-troisieme-chapitre-5\/","title":{"rendered":"La Vie de Mademoiselle Le Gras. Livre Troisi\u00e8me, Chapitre 5"},"content":{"rendered":"<p>La charit\u00e9 qui se communiquait hors de la France, ne laissait pas d&rsquo;agir incessamment au dedans, jusqu&rsquo;\u00e0 ce qu&rsquo;elle e\u00fbt rem\u00e9di\u00e9 \u00e0 toutes sortes de besoins par des \u00e9tablissements diff\u00e9rents.<\/p>\n<p>En l&rsquo;ann\u00e9e mille six cent cinquante trois une personne charitable ayant mis entre les mains de Monsieur Vincent une somme consid\u00e9rable, pour \u00eatre appliqu\u00e9e par lui \u00e0 quelque oeuvre de pi\u00e9t\u00e9, ce sage dispensateur jugea qu&rsquo;il ne la pouvait mieux employer, qu&rsquo;\u00e0 fonder un h\u00f4pital pour servir de retraite aux pauvres vieillards, qui n&rsquo;\u00e9taient plus en pouvoir de gagner leur vie. Il l&rsquo;\u00e9tablit au faubourg Saint Laurent sous le titre du tr\u00e8s saint Nom de JESUS ; et sur le fonds qui lui avait \u00e9t\u00e9 confi\u00e9, il fit un revenu pour l&rsquo;entretien de quarante pauvres de l&rsquo;un et l&rsquo;autre sexe par moiti\u00e9. Il logea les hommes et les femmes en deux appartements s\u00e9par\u00e9s ; en sorte n\u00e9anmoins qu&rsquo;ils pourraient, sans se voir ni parler, regarder l&rsquo;autel de la Chapelle pour assister \u00e0 une m\u00eame Messe, et entendre une m\u00eame lecture \u00e0 table, o\u00f9 chaque sexe mangerait \u00e0 part en communaut\u00e9. Et ne pouvant de lui-m\u00eame par sa charit\u00e9 industrieuse que former les desseins et donner des r\u00e8glements, Mademoiselle Le Gras qui lui \u00e9tait n\u00e9cessaire pour l&rsquo;ex\u00e9cution, chargea sa compagnie du gouvernement et de l&rsquo;\u00e9conomie de cet h\u00f4pital et du service des pauvres.<\/p>\n<p>Ce fut l\u00e0 l&rsquo;origine d&rsquo;un des plus grands ouvrages que la charit\u00e9 ait jamais entrepris. Quelques Dames de pi\u00e9t\u00e9 ayant remarqu\u00e9 dans ce petit \u00e9tablissement un si bel ordre pour la conduite, et un si grand bien pour ce nombre de pauvres, con\u00e7urent sur cette id\u00e9e, le dessein d&rsquo;un h\u00f4pital g\u00e9n\u00e9ral.<\/p>\n<p>Auparavant que de prendre r\u00e9solution sur une affaire de cette importance, elles voulurent avoir l&rsquo;avis de Mademoiselle Le Gras : et l&rsquo;ayant consult\u00e9e pour savoir d&rsquo;elle, si des femmes pourraient s&rsquo;engager seules dans cette entreprise, elle leur d\u00e9clara ses sentiments par cette lettre au mois d&rsquo;ao\u00fbt de l&rsquo;ann\u00e9e mille six cent cinquante trois.<\/p>\n<p><i>Si l&rsquo;\u0153uvre est regard\u00e9e comme politique, il semble que les hommes la doivent entreprendre&#8230;Si elle est consid\u00e9r\u00e9e comme \u0153uvre de charit\u00e9, les femmes la peuvent entreprendre en la mani\u00e8re qu&rsquo;elles ont entrepris les autres grands et p\u00e9nibles exercices de charit\u00e9 que Dieu a approuv\u00e9s par la b\u00e9n\u00e9diction qu&rsquo;il y a donn\u00e9e. Que ce soit elles seules, il semble que cela ne se peut, ni ne se doit. Mais il serait \u00e0 d\u00e9sirer que quelques hommes de pi\u00e9t\u00e9, soit de quelque corps de Compagnie ou des particuliers, leur fussent adjoints, tant pour conseil, que pour agir dans les proc\u00e9dures et actions de justice qu&rsquo;il conviendra peut-\u00eatre faire, pour maintenir toutes ces mani\u00e8res de gens en leur devoir, \u00e0 cause de la diversit\u00e9 des esprits, m\u0153urs et humeurs.<\/i><span id='easy-footnote-1-105711' class='easy-footnote-margin-adjust'><\/span><span class='easy-footnote'><a href='https:\/\/vincentians.com\/fr\/la-vie-de-mademoiselle-le-gras-livre-troisieme-chapitre-5\/#easy-footnote-bottom-1-105711' title='Doc. 623 (d\u00e9but du texte)'><sup>1<\/sup><\/a><\/span>\n<p>Voil\u00e0 quelle a \u00e9t\u00e9 la source de ce grand ouvrage de nos jours, l&rsquo;asile et la retraite g\u00e9n\u00e9rale de tous les mis\u00e9rables : qui a \u00e9t\u00e9 form\u00e9 sur le plan d&rsquo;un petit h\u00f4pital de quarante vieillards ; projet\u00e9 par quelques Dames charitables ; entrepris et \u00e9tabli par des hommes z\u00e9l\u00e9s et g\u00e9n\u00e9reux ; gouvern\u00e9 par les premi\u00e8res et les plus consid\u00e9rables de Paris ; entretenu par les aum\u00f4nes publiques ; appuy\u00e9 par l&rsquo;autorit\u00e9 et la lib\u00e9ralit\u00e9 royale. C&rsquo;est l\u00e0 o\u00f9 les pauvres dans leur vieillesse trouvent le repos et l&rsquo;assurance de leur vie ; o\u00f9 l&rsquo;on \u00e9l\u00e8ve les enfants dans la pi\u00e9t\u00e9, et on leur apprend \u00e0 faire toute sorte d&rsquo;ouvrages o\u00f9 les mendiants valides sont occup\u00e9s et tir\u00e9s d&rsquo;une vie oisive et d\u00e9r\u00e9gl\u00e9e ; o\u00f9 par les instructions spirituelles on travaille \u00e0 rendre l&rsquo;indigence salutaire, et \u00e0 lui procurer les richesses de la gr\u00e2ce et du royaume de Dieu.<\/p>\n<p>Pour faire l&rsquo;\u00e9loge de cet ouvrage sur un exemple qui soit digne de lui, on lui peut appliquer ce que saint Gr\u00e9goire de Naziance a dit autrefois d&rsquo;un H\u00f4pital fond\u00e9 par Saint Basile dans C\u00e9sar\u00e9e de Cappadoce sa ville \u00e9piscopale : <i>Si vous sortez, <\/i>dit ce P\u00e8re,<i> hors de C\u00e9sar\u00e9e, vous y verrez comme une nouvelle ville ; la demeure de la charit\u00e9 ; le tr\u00e9sor commun de tous les riches o\u00f9 la mis\u00e8re parait heureuse et est soufferte avec joie ; et o\u00f9 la voie est ouverte \u00e0 tous les fid\u00e8les pour assurer leur salut.<\/i> (Oraison fun\u00e8bre).<\/p>\n<p>Il ne restait plus a Mademoiselle Le Gras pour remplir l&rsquo;\u00e9tendue de son z\u00e8le, que de se charger des pauvres ali\u00e9n\u00e9s d&rsquo;esprit renferm\u00e9s dans l&rsquo;H\u00f4pital des Petites Maisons, apr\u00e8s avoir entrepris le soulagement de toutes les infirmit\u00e9s du corps. Elle accepta cet emploi en l&rsquo;ann\u00e9e mil six cent cinquante cinq, sur la pri\u00e8re qui lui en fut faite par l&rsquo;assembl\u00e9e du grand Bureau des pauvres, si c\u00e9l\u00e8bre dans Paris par la qualit\u00e9 et par le m\u00e9rite des personnes qui la composent : et comme il y a dans cet H\u00f4pital, outre les insens\u00e9s, un grand nombre de vieillards qui y sont entretenus par l&rsquo;ordre de ce Bureau, elle s&rsquo;engagea encore de les faire assister dans leurs maladies.<\/p>\n<p>Il n&rsquo;est pas concevable comment cette pieuse fondatrice a pu satisfaire \u00e0 tant d&#8217;emplois de charit\u00e9 ; se chargeant de toute sorte de n\u00e9cessit\u00e9s ; ne faisant aucune r\u00e9serve, ni pour la qualit\u00e9 des maux, ni pour l&rsquo;\u00e9tat et le nombre des personnes, ou la diversit\u00e9 des lieux : assistant les pauvres dans toutes les maladies du corps et de l&rsquo;esprit : dans l&rsquo;enfance, la force de l&rsquo;\u00e2ge, et la vieillesse ; les faisant servir dans leurs maisons, dans les h\u00f4pitaux, les prisons, et les gal\u00e8res ; dans les villes, les campagnes, et les arm\u00e9es ; dans la paix, et les guerres \u00e9trang\u00e8res et civiles : ne leur \u00e9pargnant aucune sorte de secours pour les besoins du salut \u00e9ternel, ou de la vie temporelle : leur faisant donner des instructions, des consolations, des rem\u00e8des, des aliments : et sacrifiant \u00e0 leur service, avec sa communaut\u00e9, ses soins, ses travaux, et sa vie.<\/p>\n<p>N&rsquo;est-ce pas un miracle de la charit\u00e9, et en effet de la f\u00e9condit\u00e9 admirable, que Dieu a donn\u00e9e \u00e0 cette vertu, dont la nature est telle, selon les paroles de Saint Augustin, <i>Qu&rsquo;elle s&rsquo;accro\u00eet par la distribution ; et que plus elle se communique au dehors, plus elle devient abondante en elle-m\u00eame.<\/i> (Sermon 206)<\/p>\n<p>La veuve dont il est parl\u00e9 dans la quatri\u00e8me livre des Rois, <i>n&rsquo;avait pas assez d&rsquo;huile pour entretenir sa maison, et pour payer ses dettes, lorsqu&rsquo;elle la tenait renferm\u00e9e : mais sit\u00f4t que par l&rsquo;ordre d&rsquo;Elis\u00e9e elle se r\u00e9solut \u00e0 la r\u00e9pandre dans plusieurs vaisseaux, elle trouva une source in\u00e9puisable, qui coula dans tous ceux qui lui furent pr\u00e9sent\u00e9s par ses enfants, et qui ne s&rsquo;arr\u00eata, que lorsqu&rsquo;il n&rsquo;y eut plus de vaisseaux \u00e0 remplir. <\/i>Notre veuve chr\u00e9tienne , qui n&rsquo;avait d&rsquo;abord qu&rsquo;un peu de fonds, une sant\u00e9 faible, et un petit nombre de filles, aurait \u00e9t\u00e9 capable de peu de chose, si elle avait mis des bornes \u00e0 son z\u00e8le : mais lorsque par l&rsquo;avis et la direction d&rsquo;un autre Elis\u00e9e, elle forme le dessein de se communiquer \u00e0 toute sorte de besoins, elle se voit en \u00e9tat de fournir \u00e0 tous les sujets qu&rsquo;on lui offre : c&rsquo;est une huile qui coule avec abondance pour remplir tous les vaisseaux ; elle a assez de force, au milieu de ses infirmit\u00e9s continuelles, pour satisfaire \u00e0 tout par ses soins et par sa conduite ; le nombre de ses filles se multiple, \u00e0 mesure que les occasions se pr\u00e9sentent : elle trouve des biens suffisants pour pourvoir \u00e0 une infinit\u00e9 de mis\u00e8res ; elle embrasse tous les emplois de la Charit\u00e9; et elle fait des \u00e9tablissements, non seulement dans plusieurs paroisses, et h\u00f4pitaux de Paris, mais encore en plus de trente autres lieux de diverses provinces de France ; et elle passe m\u00eame jusque dans les royaumes \u00e9trangers.<\/p>\n<p align=\"center\"><i>Fin du troisi\u00e8me livre.<\/i><\/p>\n","protected":false},"excerpt":{"rendered":"<p>La charit\u00e9 qui se communiquait hors de la France, ne laissait pas d&rsquo;agir incessamment au dedans, jusqu&rsquo;\u00e0 ce qu&rsquo;elle e\u00fbt rem\u00e9di\u00e9 \u00e0 toutes sortes de besoins par des \u00e9tablissements diff\u00e9rents. En l&rsquo;ann\u00e9e mille six cent &#8230; <a href=\"https:\/\/vincentians.com\/fr\/la-vie-de-mademoiselle-le-gras-livre-troisieme-chapitre-5\/\" class=\"more-link\">Read More<\/a><\/p>\n","protected":false},"author":4,"featured_media":149292,"comment_status":"open","ping_status":"open","sticky":false,"template":"","format":"standard","meta":{"jetpack_post_was_ever_published":false,"_jetpack_newsletter_access":"","_jetpack_dont_email_post_to_subs":false,"_jetpack_newsletter_tier_id":0,"_jetpack_memberships_contains_paywalled_content":false,"_jetpack_memberships_contains_paid_content":false,"footnotes":"","jetpack_publicize_message":"","jetpack_publicize_feature_enabled":true,"jetpack_social_post_already_shared":true,"jetpack_social_options":{"image_generator_settings":{"template":"highway","default_image_id":0,"font":"","enabled":false},"version":2}},"categories":[18],"tags":[],"class_list":["post-105711","post","type-post","status-publish","format-standard","has-post-thumbnail","hentry","category-louise-de-marillac"],"yoast_head":"<!-- This site is optimized with the Yoast SEO plugin v26.3 - https:\/\/yoast.com\/wordpress\/plugins\/seo\/ -->\n<title>La Vie de Mademoiselle Le Gras. Livre Troisi\u00e8me, Chapitre 5 - Nous Sommes Vincentiens<\/title>\n<meta name=\"robots\" content=\"index, follow, max-snippet:-1, max-image-preview:large, max-video-preview:-1\" \/>\n<link rel=\"canonical\" href=\"https:\/\/vincentians.com\/fr\/la-vie-de-mademoiselle-le-gras-livre-troisieme-chapitre-5\/\" \/>\n<meta property=\"og:locale\" content=\"fr_FR\" \/>\n<meta property=\"og:type\" content=\"article\" \/>\n<meta property=\"og:title\" content=\"La Vie de Mademoiselle Le Gras. Livre Troisi\u00e8me, Chapitre 5 - Nous Sommes Vincentiens\" \/>\n<meta property=\"og:description\" content=\"La charit\u00e9 qui se communiquait hors de la France, ne laissait pas d&rsquo;agir incessamment au dedans, jusqu&rsquo;\u00e0 ce qu&rsquo;elle e\u00fbt rem\u00e9di\u00e9 \u00e0 toutes sortes de besoins par des \u00e9tablissements diff\u00e9rents. En l&rsquo;ann\u00e9e mille six cent ... Read More\" \/>\n<meta property=\"og:url\" content=\"https:\/\/vincentians.com\/fr\/la-vie-de-mademoiselle-le-gras-livre-troisieme-chapitre-5\/\" \/>\n<meta property=\"og:site_name\" content=\"Nous Sommes Vincentiens\" \/>\n<meta property=\"article:publisher\" content=\"https:\/\/www.facebook.com\/WeAreVincentians\/\" \/>\n<meta property=\"article:author\" content=\"https:\/\/www.facebook.com\/JavierChento\" \/>\n<meta property=\"article:published_time\" content=\"2016-09-07T10:00:37+00:00\" \/>\n<meta property=\"og:image\" content=\"https:\/\/i0.wp.com\/vincentians.com\/fr\/wp-content\/uploads\/sites\/10\/2016\/07\/louise-de-marillac.jpg?fit=1200%2C630&ssl=1\" \/>\n\t<meta property=\"og:image:width\" content=\"1200\" \/>\n\t<meta property=\"og:image:height\" content=\"630\" \/>\n\t<meta property=\"og:image:type\" content=\"image\/jpeg\" \/>\n<meta name=\"author\" content=\"Francisco Javier Fern\u00e1ndez Chento\" \/>\n<meta name=\"twitter:card\" content=\"summary_large_image\" \/>\n<meta name=\"twitter:creator\" content=\"@https:\/\/twitter.com\/javierchento\" \/>\n<meta name=\"twitter:site\" content=\"@WeVincentians\" \/>\n<meta name=\"twitter:label1\" content=\"\u00c9crit par\" \/>\n\t<meta name=\"twitter:data1\" content=\"Francisco Javier Fern\u00e1ndez Chento\" \/>\n\t<meta name=\"twitter:label2\" content=\"Dur\u00e9e de lecture estim\u00e9e\" \/>\n\t<meta name=\"twitter:data2\" content=\"7 minutes\" \/>\n<script type=\"application\/ld+json\" class=\"yoast-schema-graph\">{\"@context\":\"https:\/\/schema.org\",\"@graph\":[{\"@type\":\"WebPage\",\"@id\":\"https:\/\/vincentians.com\/fr\/la-vie-de-mademoiselle-le-gras-livre-troisieme-chapitre-5\/\",\"url\":\"https:\/\/vincentians.com\/fr\/la-vie-de-mademoiselle-le-gras-livre-troisieme-chapitre-5\/\",\"name\":\"La Vie de Mademoiselle Le Gras. Livre Troisi\u00e8me, Chapitre 5 - Nous Sommes Vincentiens\",\"isPartOf\":{\"@id\":\"http:\/\/vincentians.com\/fr\/#website\"},\"primaryImageOfPage\":{\"@id\":\"https:\/\/vincentians.com\/fr\/la-vie-de-mademoiselle-le-gras-livre-troisieme-chapitre-5\/#primaryimage\"},\"image\":{\"@id\":\"https:\/\/vincentians.com\/fr\/la-vie-de-mademoiselle-le-gras-livre-troisieme-chapitre-5\/#primaryimage\"},\"thumbnailUrl\":\"https:\/\/i0.wp.com\/vincentians.com\/fr\/wp-content\/uploads\/sites\/10\/2016\/07\/louise-de-marillac.jpg?fit=1200%2C630&ssl=1\",\"datePublished\":\"2016-09-07T10:00:37+00:00\",\"author\":{\"@id\":\"http:\/\/vincentians.com\/fr\/#\/schema\/person\/9623ef4d9aa3b2dfb8c061f1499288f2\"},\"breadcrumb\":{\"@id\":\"https:\/\/vincentians.com\/fr\/la-vie-de-mademoiselle-le-gras-livre-troisieme-chapitre-5\/#breadcrumb\"},\"inLanguage\":\"fr-FR\",\"potentialAction\":[{\"@type\":\"ReadAction\",\"target\":[\"https:\/\/vincentians.com\/fr\/la-vie-de-mademoiselle-le-gras-livre-troisieme-chapitre-5\/\"]}]},{\"@type\":\"ImageObject\",\"inLanguage\":\"fr-FR\",\"@id\":\"https:\/\/vincentians.com\/fr\/la-vie-de-mademoiselle-le-gras-livre-troisieme-chapitre-5\/#primaryimage\",\"url\":\"https:\/\/i0.wp.com\/vincentians.com\/fr\/wp-content\/uploads\/sites\/10\/2016\/07\/louise-de-marillac.jpg?fit=1200%2C630&ssl=1\",\"contentUrl\":\"https:\/\/i0.wp.com\/vincentians.com\/fr\/wp-content\/uploads\/sites\/10\/2016\/07\/louise-de-marillac.jpg?fit=1200%2C630&ssl=1\",\"width\":1200,\"height\":630},{\"@type\":\"BreadcrumbList\",\"@id\":\"https:\/\/vincentians.com\/fr\/la-vie-de-mademoiselle-le-gras-livre-troisieme-chapitre-5\/#breadcrumb\",\"itemListElement\":[{\"@type\":\"ListItem\",\"position\":1,\"name\":\"Portada\",\"item\":\"http:\/\/vincentians.com\/fr\/\"},{\"@type\":\"ListItem\",\"position\":2,\"name\":\"La Vie de Mademoiselle Le Gras. Livre Troisi\u00e8me, Chapitre 5\"}]},{\"@type\":\"WebSite\",\"@id\":\"http:\/\/vincentians.com\/fr\/#website\",\"url\":\"http:\/\/vincentians.com\/fr\/\",\"name\":\"Nous Sommes Vincentiens\",\"description\":\"Know more to serve more\",\"potentialAction\":[{\"@type\":\"SearchAction\",\"target\":{\"@type\":\"EntryPoint\",\"urlTemplate\":\"http:\/\/vincentians.com\/fr\/?s={search_term_string}\"},\"query-input\":{\"@type\":\"PropertyValueSpecification\",\"valueRequired\":true,\"valueName\":\"search_term_string\"}}],\"inLanguage\":\"fr-FR\"},{\"@type\":\"Person\",\"@id\":\"http:\/\/vincentians.com\/fr\/#\/schema\/person\/9623ef4d9aa3b2dfb8c061f1499288f2\",\"name\":\"Francisco Javier Fern\u00e1ndez Chento\",\"image\":{\"@type\":\"ImageObject\",\"inLanguage\":\"fr-FR\",\"@id\":\"http:\/\/vincentians.com\/fr\/#\/schema\/person\/image\/\",\"url\":\"https:\/\/secure.gravatar.com\/avatar\/497d5cde87b4c3d097d0315953521681ba2cd523ee66e5077c3711f7021e65de?s=96&d=mm&r=g\",\"contentUrl\":\"https:\/\/secure.gravatar.com\/avatar\/497d5cde87b4c3d097d0315953521681ba2cd523ee66e5077c3711f7021e65de?s=96&d=mm&r=g\",\"caption\":\"Francisco Javier Fern\u00e1ndez Chento\"},\"description\":\"Director General y cofundador de La Red de Formaci\u00f3n Vicenciana. Javier es laico vicenciano, afiliado a la Congregaci\u00f3n de la Misi\u00f3n y miembro del Equipo de Misiones Populares de la provincia can\u00f3nica de Zaragoza (Espa\u00f1a) de la Congregaci\u00f3n de la Misi\u00f3n. Graduado en la Universidad Oberta de Catalunya con cuatro grados (Asistente de direcci\u00f3n, Gesti\u00f3n Administrativa, Recursos Humanos y Contabilidad Avanzada). Bil\u00edng\u00fce Espa\u00f1ol\/Ingl\u00e9s. gestiona y mantiene varias p\u00e1ginas web cristianas y vicencianas, incluida including La Red de Formaci\u00f3n Vicenciana, de la que es cofundador. Actualmente es responsable del \u00e1rea de Espa\u00f1ol de .famvin, la Red de Noticias de la Familia Vicenciana. Tambi\u00e9n es m\u00fasico cat\u00f3lico y ha editado varios discos. Es Director General y cofundador de Trovador, una reconocida compa\u00f1\u00eda discogr\u00e1fica critiana de Espa\u00f1a. Trabaja en las Tecnolog\u00edas de la Informaci\u00f3n, ofreciendo servicios de alojamiento, dise\u00f1o y mantenimiento Web, as\u00ed como asesoramiento, formaci\u00f3n y soluciones inform\u00e1ticas, gesti\u00f3n documental y digitalizaci\u00f3n de textos, edici\u00f3n y maquetaci\u00f3n de libros, revistas, flyers, etc.\",\"sameAs\":[\"http:\/\/chento.org\",\"https:\/\/www.facebook.com\/JavierChento\",\"https:\/\/x.com\/https:\/\/twitter.com\/javierchento\"],\"url\":\"https:\/\/vincentians.com\/fr\/author\/chento\/\"}]}<\/script>\n<!-- \/ Yoast SEO plugin. -->","yoast_head_json":{"title":"La Vie de Mademoiselle Le Gras. Livre Troisi\u00e8me, Chapitre 5 - Nous Sommes Vincentiens","robots":{"index":"index","follow":"follow","max-snippet":"max-snippet:-1","max-image-preview":"max-image-preview:large","max-video-preview":"max-video-preview:-1"},"canonical":"https:\/\/vincentians.com\/fr\/la-vie-de-mademoiselle-le-gras-livre-troisieme-chapitre-5\/","og_locale":"fr_FR","og_type":"article","og_title":"La Vie de Mademoiselle Le Gras. Livre Troisi\u00e8me, Chapitre 5 - Nous Sommes Vincentiens","og_description":"La charit\u00e9 qui se communiquait hors de la France, ne laissait pas d&rsquo;agir incessamment au dedans, jusqu&rsquo;\u00e0 ce qu&rsquo;elle e\u00fbt rem\u00e9di\u00e9 \u00e0 toutes sortes de besoins par des \u00e9tablissements diff\u00e9rents. En l&rsquo;ann\u00e9e mille six cent ... Read More","og_url":"https:\/\/vincentians.com\/fr\/la-vie-de-mademoiselle-le-gras-livre-troisieme-chapitre-5\/","og_site_name":"Nous Sommes Vincentiens","article_publisher":"https:\/\/www.facebook.com\/WeAreVincentians\/","article_author":"https:\/\/www.facebook.com\/JavierChento","article_published_time":"2016-09-07T10:00:37+00:00","og_image":[{"width":1200,"height":630,"url":"https:\/\/i0.wp.com\/vincentians.com\/fr\/wp-content\/uploads\/sites\/10\/2016\/07\/louise-de-marillac.jpg?fit=1200%2C630&ssl=1","type":"image\/jpeg"}],"author":"Francisco Javier Fern\u00e1ndez Chento","twitter_card":"summary_large_image","twitter_creator":"@https:\/\/twitter.com\/javierchento","twitter_site":"@WeVincentians","twitter_misc":{"\u00c9crit par":"Francisco Javier Fern\u00e1ndez Chento","Dur\u00e9e de lecture estim\u00e9e":"7 minutes"},"schema":{"@context":"https:\/\/schema.org","@graph":[{"@type":"WebPage","@id":"https:\/\/vincentians.com\/fr\/la-vie-de-mademoiselle-le-gras-livre-troisieme-chapitre-5\/","url":"https:\/\/vincentians.com\/fr\/la-vie-de-mademoiselle-le-gras-livre-troisieme-chapitre-5\/","name":"La Vie de Mademoiselle Le Gras. Livre Troisi\u00e8me, Chapitre 5 - Nous Sommes Vincentiens","isPartOf":{"@id":"http:\/\/vincentians.com\/fr\/#website"},"primaryImageOfPage":{"@id":"https:\/\/vincentians.com\/fr\/la-vie-de-mademoiselle-le-gras-livre-troisieme-chapitre-5\/#primaryimage"},"image":{"@id":"https:\/\/vincentians.com\/fr\/la-vie-de-mademoiselle-le-gras-livre-troisieme-chapitre-5\/#primaryimage"},"thumbnailUrl":"https:\/\/i0.wp.com\/vincentians.com\/fr\/wp-content\/uploads\/sites\/10\/2016\/07\/louise-de-marillac.jpg?fit=1200%2C630&ssl=1","datePublished":"2016-09-07T10:00:37+00:00","author":{"@id":"http:\/\/vincentians.com\/fr\/#\/schema\/person\/9623ef4d9aa3b2dfb8c061f1499288f2"},"breadcrumb":{"@id":"https:\/\/vincentians.com\/fr\/la-vie-de-mademoiselle-le-gras-livre-troisieme-chapitre-5\/#breadcrumb"},"inLanguage":"fr-FR","potentialAction":[{"@type":"ReadAction","target":["https:\/\/vincentians.com\/fr\/la-vie-de-mademoiselle-le-gras-livre-troisieme-chapitre-5\/"]}]},{"@type":"ImageObject","inLanguage":"fr-FR","@id":"https:\/\/vincentians.com\/fr\/la-vie-de-mademoiselle-le-gras-livre-troisieme-chapitre-5\/#primaryimage","url":"https:\/\/i0.wp.com\/vincentians.com\/fr\/wp-content\/uploads\/sites\/10\/2016\/07\/louise-de-marillac.jpg?fit=1200%2C630&ssl=1","contentUrl":"https:\/\/i0.wp.com\/vincentians.com\/fr\/wp-content\/uploads\/sites\/10\/2016\/07\/louise-de-marillac.jpg?fit=1200%2C630&ssl=1","width":1200,"height":630},{"@type":"BreadcrumbList","@id":"https:\/\/vincentians.com\/fr\/la-vie-de-mademoiselle-le-gras-livre-troisieme-chapitre-5\/#breadcrumb","itemListElement":[{"@type":"ListItem","position":1,"name":"Portada","item":"http:\/\/vincentians.com\/fr\/"},{"@type":"ListItem","position":2,"name":"La Vie de Mademoiselle Le Gras. Livre Troisi\u00e8me, Chapitre 5"}]},{"@type":"WebSite","@id":"http:\/\/vincentians.com\/fr\/#website","url":"http:\/\/vincentians.com\/fr\/","name":"Nous Sommes Vincentiens","description":"Know more to serve more","potentialAction":[{"@type":"SearchAction","target":{"@type":"EntryPoint","urlTemplate":"http:\/\/vincentians.com\/fr\/?s={search_term_string}"},"query-input":{"@type":"PropertyValueSpecification","valueRequired":true,"valueName":"search_term_string"}}],"inLanguage":"fr-FR"},{"@type":"Person","@id":"http:\/\/vincentians.com\/fr\/#\/schema\/person\/9623ef4d9aa3b2dfb8c061f1499288f2","name":"Francisco Javier Fern\u00e1ndez Chento","image":{"@type":"ImageObject","inLanguage":"fr-FR","@id":"http:\/\/vincentians.com\/fr\/#\/schema\/person\/image\/","url":"https:\/\/secure.gravatar.com\/avatar\/497d5cde87b4c3d097d0315953521681ba2cd523ee66e5077c3711f7021e65de?s=96&d=mm&r=g","contentUrl":"https:\/\/secure.gravatar.com\/avatar\/497d5cde87b4c3d097d0315953521681ba2cd523ee66e5077c3711f7021e65de?s=96&d=mm&r=g","caption":"Francisco Javier Fern\u00e1ndez Chento"},"description":"Director General y cofundador de La Red de Formaci\u00f3n Vicenciana. Javier es laico vicenciano, afiliado a la Congregaci\u00f3n de la Misi\u00f3n y miembro del Equipo de Misiones Populares de la provincia can\u00f3nica de Zaragoza (Espa\u00f1a) de la Congregaci\u00f3n de la Misi\u00f3n. Graduado en la Universidad Oberta de Catalunya con cuatro grados (Asistente de direcci\u00f3n, Gesti\u00f3n Administrativa, Recursos Humanos y Contabilidad Avanzada). Bil\u00edng\u00fce Espa\u00f1ol\/Ingl\u00e9s. gestiona y mantiene varias p\u00e1ginas web cristianas y vicencianas, incluida including La Red de Formaci\u00f3n Vicenciana, de la que es cofundador. Actualmente es responsable del \u00e1rea de Espa\u00f1ol de .famvin, la Red de Noticias de la Familia Vicenciana. Tambi\u00e9n es m\u00fasico cat\u00f3lico y ha editado varios discos. Es Director General y cofundador de Trovador, una reconocida compa\u00f1\u00eda discogr\u00e1fica critiana de Espa\u00f1a. Trabaja en las Tecnolog\u00edas de la Informaci\u00f3n, ofreciendo servicios de alojamiento, dise\u00f1o y mantenimiento Web, as\u00ed como asesoramiento, formaci\u00f3n y soluciones inform\u00e1ticas, gesti\u00f3n documental y digitalizaci\u00f3n de textos, edici\u00f3n y maquetaci\u00f3n de libros, revistas, flyers, etc.","sameAs":["http:\/\/chento.org","https:\/\/www.facebook.com\/JavierChento","https:\/\/x.com\/https:\/\/twitter.com\/javierchento"],"url":"https:\/\/vincentians.com\/fr\/author\/chento\/"}]}},"jetpack_publicize_connections":[],"jetpack_featured_media_url":"https:\/\/i0.wp.com\/vincentians.com\/fr\/wp-content\/uploads\/sites\/10\/2016\/07\/louise-de-marillac.jpg?fit=1200%2C630&ssl=1","jetpack_sharing_enabled":true,"jetpack_shortlink":"https:\/\/wp.me\/p7ETMP-rv1","jetpack-related-posts":[{"id":38477,"url":"https:\/\/vincentians.com\/fr\/le-directeur-provincial-animateur-des-filles-de-la-charite\/","url_meta":{"origin":105711,"position":0},"title":"Le Directeur Provincial \u201canimateur\u201d des Filles de la Charit\u00e9","author":"Francisco Javier Fern\u00e1ndez Chento","date":"03\/10\/2012","format":false,"excerpt":"Dans les Constitutions des Filles de la Charit\u00e9, nous trouvons \u00e0 l\u2019article 3.38: le Directeur Provincial est un pr\u00eatre de la Congr\u00e9gation de la Mission, nomm\u00e9 par le Sup\u00e9rieur G\u00e9n\u00e9ral; \u201cil partage avec la Visitatrice et son Conseil la responsabilit\u00e9 de promouvoir l\u2019esprit vincentien dans la Province\u201d Missionnaire, le directeur\u2026","rel":"","context":"Dans &quot;Congr\u00e9gation de la Mission&quot;","block_context":{"text":"Congr\u00e9gation de la Mission","link":"https:\/\/vincentians.com\/fr\/category\/congregation-de-la-mission\/"},"img":{"alt_text":"","src":"https:\/\/i0.wp.com\/vincentiens.org\/wp-content\/uploads\/2011\/05\/filles_charite-228x300.jpg?resize=350%2C200","width":350,"height":200},"classes":[]},{"id":52033,"url":"https:\/\/vincentians.com\/fr\/saint-vincent-de-paul-et-sa-mission-sociale-ii-les-oeuvres-1\/","url_meta":{"origin":105711,"position":1},"title":"Saint Vincent De Paul Et Sa Mission Sociale. II &#8211; Les \u0152uvres (1)","author":"Francisco Javier Fern\u00e1ndez Chento","date":"21\/12\/2014","format":false,"excerpt":"LES CONFR\u00c9RIES DE LA CHARIT\u00c9. Organisation et d\u00e9veloppement de la confr\u00e9rie de la Charit\u00e9. \u2014 Les domaines du seigneur de Gondi. \u2014 Premi\u00e8re id\u00e9e de la congr\u00e9gation de la Mission. \u2014 Vincent de Paul devient aum\u00f4nier royal des gal\u00e8res et sup\u00e9rieur des religieuses de la Visitation. \u2014 Saint Fran\u00e7ois de\u2026","rel":"","context":"Dans &quot;Vincent de Paul&quot;","block_context":{"text":"Vincent de Paul","link":"https:\/\/vincentians.com\/fr\/category\/the-vincentian-family\/founders\/vincent-de-paul\/"},"img":{"alt_text":"","src":"https:\/\/i0.wp.com\/vincentians.com\/fr\/wp-content\/uploads\/sites\/10\/2016\/07\/vincent-et-sa-action-sociale.jpg?fit=1160%2C630&ssl=1&resize=350%2C200","width":350,"height":200,"srcset":"https:\/\/i0.wp.com\/vincentians.com\/fr\/wp-content\/uploads\/sites\/10\/2016\/07\/vincent-et-sa-action-sociale.jpg?fit=1160%2C630&ssl=1&resize=350%2C200 1x, https:\/\/i0.wp.com\/vincentians.com\/fr\/wp-content\/uploads\/sites\/10\/2016\/07\/vincent-et-sa-action-sociale.jpg?fit=1160%2C630&ssl=1&resize=525%2C300 1.5x, https:\/\/i0.wp.com\/vincentians.com\/fr\/wp-content\/uploads\/sites\/10\/2016\/07\/vincent-et-sa-action-sociale.jpg?fit=1160%2C630&ssl=1&resize=700%2C400 2x, https:\/\/i0.wp.com\/vincentians.com\/fr\/wp-content\/uploads\/sites\/10\/2016\/07\/vincent-et-sa-action-sociale.jpg?fit=1160%2C630&ssl=1&resize=1050%2C600 3x"},"classes":[]},{"id":52038,"url":"https:\/\/vincentians.com\/fr\/saint-vincent-de-paul-et-sa-mission-sociale-ii-les-oeuvres-3\/","url_meta":{"origin":105711,"position":2},"title":"Saint Vincent De Paul Et Sa Mission Sociale. II &#8211; Les \u0152uvres (3)","author":"Francisco Javier Fern\u00e1ndez Chento","date":"23\/12\/2014","format":false,"excerpt":"LA S\u0152UR DE CHARIT\u00c9. \u2014 Mademoiselle Le Gras et Vincent de Paul. \u2014 Premiers rapports ; premi\u00e8res \u0153uvres. \u2014 Institution des Filles de la Charit\u00e9, servantes des pauvres. \u2014 Une nouvelle religieuse. \u2014 Conf\u00e9rences. \u2014 R\u00e8gles. \u2014 L\u2019H\u00f4tel de Rambouillet et l\u2019H\u00f4tel-Dieu. \u2014 Les Dames de la Charit\u00e9. Madame Goussault.\u2026","rel":"","context":"Dans &quot;Vincent de Paul&quot;","block_context":{"text":"Vincent de Paul","link":"https:\/\/vincentians.com\/fr\/category\/the-vincentian-family\/founders\/vincent-de-paul\/"},"img":{"alt_text":"","src":"https:\/\/i0.wp.com\/vincentians.com\/fr\/wp-content\/uploads\/sites\/10\/2016\/07\/vincent-et-sa-action-sociale.jpg?fit=1160%2C630&ssl=1&resize=350%2C200","width":350,"height":200,"srcset":"https:\/\/i0.wp.com\/vincentians.com\/fr\/wp-content\/uploads\/sites\/10\/2016\/07\/vincent-et-sa-action-sociale.jpg?fit=1160%2C630&ssl=1&resize=350%2C200 1x, https:\/\/i0.wp.com\/vincentians.com\/fr\/wp-content\/uploads\/sites\/10\/2016\/07\/vincent-et-sa-action-sociale.jpg?fit=1160%2C630&ssl=1&resize=525%2C300 1.5x, https:\/\/i0.wp.com\/vincentians.com\/fr\/wp-content\/uploads\/sites\/10\/2016\/07\/vincent-et-sa-action-sociale.jpg?fit=1160%2C630&ssl=1&resize=700%2C400 2x, https:\/\/i0.wp.com\/vincentians.com\/fr\/wp-content\/uploads\/sites\/10\/2016\/07\/vincent-et-sa-action-sociale.jpg?fit=1160%2C630&ssl=1&resize=1050%2C600 3x"},"classes":[]},{"id":52072,"url":"https:\/\/vincentians.com\/fr\/saint-vincent-de-paul-et-sa-mission-sociale-vi-la-posterite-3\/","url_meta":{"origin":105711,"position":3},"title":"Saint Vincent De Paul Et Sa Mission Sociale. VI &#8211; La Post\u00e9rit\u00e9 (3)","author":"Francisco Javier Fern\u00e1ndez Chento","date":"01\/01\/2015","format":false,"excerpt":"LA RESTAURATION. \u2014 R\u00e9sultats de la R\u00e9volution. \u2014 Le retour des Filles de la Charit\u00e9. \u2014 R\u00e9tablissement de la Congr\u00e9gation de la Mission. \u2014 \u00c9preuves et progr\u00e8s. \u2014 La translation du corps de saint Vincent de Paul. \u2014 Une \u00e8re nouvelle de charit\u00e9. \u2014 La Soci\u00e9t\u00e9 de Saint-Vincent-de-Paul. \u2014 \u0152uvres\u2026","rel":"","context":"Dans &quot;Vincent de Paul&quot;","block_context":{"text":"Vincent de Paul","link":"https:\/\/vincentians.com\/fr\/category\/the-vincentian-family\/founders\/vincent-de-paul\/"},"img":{"alt_text":"","src":"https:\/\/i0.wp.com\/vincentians.com\/fr\/wp-content\/uploads\/sites\/10\/2016\/07\/vincent-et-sa-action-sociale.jpg?fit=1160%2C630&ssl=1&resize=350%2C200","width":350,"height":200,"srcset":"https:\/\/i0.wp.com\/vincentians.com\/fr\/wp-content\/uploads\/sites\/10\/2016\/07\/vincent-et-sa-action-sociale.jpg?fit=1160%2C630&ssl=1&resize=350%2C200 1x, https:\/\/i0.wp.com\/vincentians.com\/fr\/wp-content\/uploads\/sites\/10\/2016\/07\/vincent-et-sa-action-sociale.jpg?fit=1160%2C630&ssl=1&resize=525%2C300 1.5x, https:\/\/i0.wp.com\/vincentians.com\/fr\/wp-content\/uploads\/sites\/10\/2016\/07\/vincent-et-sa-action-sociale.jpg?fit=1160%2C630&ssl=1&resize=700%2C400 2x, https:\/\/i0.wp.com\/vincentians.com\/fr\/wp-content\/uploads\/sites\/10\/2016\/07\/vincent-et-sa-action-sociale.jpg?fit=1160%2C630&ssl=1&resize=1050%2C600 3x"},"classes":[]},{"id":52041,"url":"https:\/\/vincentians.com\/fr\/saint-vincent-de-paul-et-sa-mission-sociale-ii-les-oeuvres-4\/","url_meta":{"origin":105711,"position":4},"title":"Saint Vincent De Paul Et Sa Mission Sociale. II &#8211; Les \u0152uvres (4)","author":"Francisco Javier Fern\u00e1ndez Chento","date":"24\/12\/2014","format":false,"excerpt":"L\u2019H\u00d4PITAL. \u2014 La charit\u00e9 dans les premiers si\u00e8cles de l\u2019\u00c9glise. \u2014 Institutions hospitali\u00e8res du moyen \u00e2ge. \u2014 L\u2019antiquit\u00e9 et le christianisme. \u2014 L\u2019h\u00f4pital dans les temps modernes. \u2014 R\u00f4le de saint Vincent de Paul. \u2014 Diverses fondations du saint. \u2014 L\u2019h\u00f4pital du Nom-de-J\u00e9sus. \u2014 L\u2019H\u00f4pital g\u00e9n\u00e9ral. \u2014 La Madeleine. \u2014\u2026","rel":"","context":"Dans &quot;Vincent de Paul&quot;","block_context":{"text":"Vincent de Paul","link":"https:\/\/vincentians.com\/fr\/category\/the-vincentian-family\/founders\/vincent-de-paul\/"},"img":{"alt_text":"","src":"https:\/\/i0.wp.com\/vincentians.com\/fr\/wp-content\/uploads\/sites\/10\/2016\/07\/vincent-et-sa-action-sociale.jpg?fit=1160%2C630&ssl=1&resize=350%2C200","width":350,"height":200,"srcset":"https:\/\/i0.wp.com\/vincentians.com\/fr\/wp-content\/uploads\/sites\/10\/2016\/07\/vincent-et-sa-action-sociale.jpg?fit=1160%2C630&ssl=1&resize=350%2C200 1x, https:\/\/i0.wp.com\/vincentians.com\/fr\/wp-content\/uploads\/sites\/10\/2016\/07\/vincent-et-sa-action-sociale.jpg?fit=1160%2C630&ssl=1&resize=525%2C300 1.5x, https:\/\/i0.wp.com\/vincentians.com\/fr\/wp-content\/uploads\/sites\/10\/2016\/07\/vincent-et-sa-action-sociale.jpg?fit=1160%2C630&ssl=1&resize=700%2C400 2x, https:\/\/i0.wp.com\/vincentians.com\/fr\/wp-content\/uploads\/sites\/10\/2016\/07\/vincent-et-sa-action-sociale.jpg?fit=1160%2C630&ssl=1&resize=1050%2C600 3x"},"classes":[]},{"id":38257,"url":"https:\/\/vincentians.com\/fr\/elements-dunion-dans-la-famille-vincentienne\/","url_meta":{"origin":105711,"position":5},"title":"\u00c9l\u00e9ments d\u2019union dans la Famille Vincentienne","author":"Francisco Javier Fern\u00e1ndez Chento","date":"04\/08\/2016","format":false,"excerpt":"A. De quelle famille parlons-nous ? Lorsque nous parlons de la Famille Vincentienne nous faisons allusion \u00e0 tous ces groupes d\u2019associations ou \u00e0 des congr\u00e9gations qui, dans leur vie (style) et dans leur action (apostolat), s\u2019inspirent avec diverses nuances, de ce que nous appelons aujourd\u2019hui \u00ab charisme vincentien \u00bb. D\u2019autre\u2026","rel":"","context":"Dans &quot;La Famille Vincentienne&quot;","block_context":{"text":"La Famille Vincentienne","link":"https:\/\/vincentians.com\/fr\/category\/la-famille-vincentienne\/"},"img":{"alt_text":"","src":"https:\/\/i0.wp.com\/vincentians.com\/fr\/wp-content\/uploads\/sites\/10\/2014\/01\/Vincentian-Family-leaders-meeting-in-Paris.jpg?fit=1200%2C630&ssl=1&resize=350%2C200","width":350,"height":200,"srcset":"https:\/\/i0.wp.com\/vincentians.com\/fr\/wp-content\/uploads\/sites\/10\/2014\/01\/Vincentian-Family-leaders-meeting-in-Paris.jpg?fit=1200%2C630&ssl=1&resize=350%2C200 1x, https:\/\/i0.wp.com\/vincentians.com\/fr\/wp-content\/uploads\/sites\/10\/2014\/01\/Vincentian-Family-leaders-meeting-in-Paris.jpg?fit=1200%2C630&ssl=1&resize=525%2C300 1.5x, https:\/\/i0.wp.com\/vincentians.com\/fr\/wp-content\/uploads\/sites\/10\/2014\/01\/Vincentian-Family-leaders-meeting-in-Paris.jpg?fit=1200%2C630&ssl=1&resize=700%2C400 2x, https:\/\/i0.wp.com\/vincentians.com\/fr\/wp-content\/uploads\/sites\/10\/2014\/01\/Vincentian-Family-leaders-meeting-in-Paris.jpg?fit=1200%2C630&ssl=1&resize=1050%2C600 3x"},"classes":[]}],"_links":{"self":[{"href":"https:\/\/vincentians.com\/fr\/wp-json\/wp\/v2\/posts\/105711","targetHints":{"allow":["GET"]}}],"collection":[{"href":"https:\/\/vincentians.com\/fr\/wp-json\/wp\/v2\/posts"}],"about":[{"href":"https:\/\/vincentians.com\/fr\/wp-json\/wp\/v2\/types\/post"}],"author":[{"embeddable":true,"href":"https:\/\/vincentians.com\/fr\/wp-json\/wp\/v2\/users\/4"}],"replies":[{"embeddable":true,"href":"https:\/\/vincentians.com\/fr\/wp-json\/wp\/v2\/comments?post=105711"}],"version-history":[{"count":0,"href":"https:\/\/vincentians.com\/fr\/wp-json\/wp\/v2\/posts\/105711\/revisions"}],"wp:featuredmedia":[{"embeddable":true,"href":"https:\/\/vincentians.com\/fr\/wp-json\/wp\/v2\/media\/149292"}],"wp:attachment":[{"href":"https:\/\/vincentians.com\/fr\/wp-json\/wp\/v2\/media?parent=105711"}],"wp:term":[{"taxonomy":"category","embeddable":true,"href":"https:\/\/vincentians.com\/fr\/wp-json\/wp\/v2\/categories?post=105711"},{"taxonomy":"post_tag","embeddable":true,"href":"https:\/\/vincentians.com\/fr\/wp-json\/wp\/v2\/tags?post=105711"}],"curies":[{"name":"wp","href":"https:\/\/api.w.org\/{rel}","templated":true}]}}