{"id":105703,"date":"2016-09-03T12:00:37","date_gmt":"2016-09-03T10:00:37","guid":{"rendered":"http:\/\/vincentiens.org\/la-vie-de-mademoiselle-le-gras-livre-second-chapitre-5-2\/"},"modified":"2016-08-09T10:21:38","modified_gmt":"2016-08-09T08:21:38","slug":"la-vie-de-mademoiselle-le-gras-livre-troisieme-chapitre-1","status":"publish","type":"post","link":"https:\/\/vincentians.com\/fr\/la-vie-de-mademoiselle-le-gras-livre-troisieme-chapitre-1\/","title":{"rendered":"La Vie de Mademoiselle Le Gras. Livre Troisi\u00e8me, Chapitre 1"},"content":{"rendered":"<p>Comme les emplois de charit\u00e9 se multipliaient tous les jours et augmentaient la n\u00e9cessit\u00e9 d&rsquo;un commerce plus fr\u00e9quent avec toutes les personnes qui y prenaient part; Mademoiselle Le Gras r\u00e9solut avec l&rsquo;avis de Monsieur Vincent, de quitter la Chapelle, \u00e0 cause qu&rsquo;elle \u00e9tait trop \u00e9loign\u00e9e, et de venir loger avec sa communaut\u00e9 au faubourg de Saint Lazare. Elle y loua d&rsquo;abord une maison en l&rsquo;ann\u00e9e mille six cent quarante-un, et elle l&rsquo;acheta quelques temps apr\u00e8s, avec l&rsquo;assistance consid\u00e9rable qu&rsquo;elle re\u00e7ut de Madame la Pr\u00e9sidente Goussault. On peut dire que c&rsquo;est dans ce lieu, o\u00f9 elle a b\u00e2ti une demeure et un sanctuaire pour la charit\u00e9. Elle ne lui avait donn\u00e9 jusqu&rsquo;alors que des retraites passag\u00e8res et sujettes au changement, semblables au Tabernacle de Mo\u00efse qui n&rsquo;avait point de stabilit\u00e9 et qui \u00e9tait transport\u00e9 d&rsquo;une place dans une autre : mais elle lui a \u00e9tabli dans cette maison un temple fixe et arr\u00eat\u00e9, comme celui qui fut b\u00e2ti par Salomon dans la ville de J\u00e9rusalem. C&rsquo;est l\u00e0 o\u00f9 des \u00e2mes pures et innocentes s&rsquo;occupant incessamment \u00e0 faire du bien, lui ont depuis offert tous les jours <i>le sacrifice de ces hosties<\/i>, par lesquelles selon la doctrine de l&rsquo;Ap\u00f4tre, <i>on se rend Dieu favorable <\/i>(Heb. 13, 16) Cette maison est devenue le refuge g\u00e9n\u00e9ral de tous les pauvres, que sa r\u00e9putation y a attir\u00e9s de tous cot\u00e9s : et comme le d\u00e9p\u00f4t public de la plupart des aum\u00f4nes de Paris qui ont \u00e9t\u00e9 mises entre les mains de cette Sup\u00e9rieure fid\u00e8le, pour leur \u00eatre dispens\u00e9es par ses ordres.<\/p>\n<p>C&rsquo;est l\u00e0 o\u00f9 dans les temps de mis\u00e8re et de maladie elle leur a fait distribuer la nourriture et les m\u00e9dicaments, s&rsquo;appliquant elle-m\u00eame \u00e0 panser les bless\u00e9s, et en donnant \u00e0 ses filles l&rsquo;instruction et l&rsquo;exemple. Et s&rsquo;il est arriv\u00e9 quelquefois que le fonds des aum\u00f4nes ait \u00e9t\u00e9 \u00e9puis\u00e9, elle a pris sur la subsistance de sa communaut\u00e9, o\u00f9 elle a d\u00e9pouill\u00e9 sa famille, pour ne les pas renvoyer sans secours. On vit un jour que deux personnes s&rsquo;\u00e9tant adress\u00e9es \u00e0 elle avec des chemises pourries sur le dos, elle les rev\u00eatit de celles de son fils, et elle pratiqua pour lors l&rsquo;avis que saint Chrysostome donne aux familles Chr\u00e9tiennes <i>de mettre JESUS CHRIST au nombre de leurs enfants et de leurs h\u00e9ritiers. <\/i>(Homol. 18 dans Lettre aux Romains)<\/p>\n<p>Enfin cette Sup\u00e9rieure a \u00e9tabli dans cette maison un S\u00e9minaire, et une \u00e9cole sainte, o\u00f9 elle s&rsquo;est attach\u00e9e \u00e0 former des filles dans l&rsquo;exercice de la charit\u00e9, et o\u00f9 elle a eu soin d&rsquo;en \u00e9lever toujours, et d&rsquo;en tenir de toutes pr\u00eates, pour ne fournir \u00e0 tous les besoins.<\/p>\n<p>Depuis cet \u00e9tablissement, elle a vu accro\u00eetre sa compagnie de plus en plus : et la Providence a augment\u00e9 le nombre de ses filles, en lui pr\u00e9sentant en m\u00eame temps de nouvelles occasions de les employer. Elle en a donn\u00e9 \u00e0 toutes les prisons de Paris : elle les a r\u00e9pandues dans ses Paroisses et dans ses H\u00f4pitaux : on lui en a demand\u00e9 pour les Paroisses des maisons royales : elle en a envoy\u00e9e dans les campagnes, et dans les villes des provinces, et m\u00eames jusque dans les royaumes \u00e9trangers.<\/p>\n<p>La ville de Nantes en l&rsquo;ann\u00e9e mille six cent quarante six en voulut avoir pour son h\u00f4pital sur la r\u00e9putation des grands services qu&rsquo;elles rendaient dans l&rsquo;h\u00f4pital d&rsquo;Angers : et en ayant obtenu de Monsieur Vincent, il lui envoya Mademoiselle Le Gras avec huit de ses filles.<\/p>\n<p>Voici le r\u00e9cit qu&rsquo;elle a \u00e9crit elle-m\u00eame des particularit\u00e9s de son voyage, qui fait voir la conduite qu&rsquo;elle y observa, et qui doit servir de r\u00e8gle et d&rsquo;exemple \u00e0 sa compagnie.<\/p>\n<p><i>Notre Tr\u00e8s Honor\u00e9 P\u00e8re nous fit la charit\u00e9 nous donner une conf\u00e9rence en le sujet de ce voyage le lundi vingt troisi\u00e8me juillet, sur la fin de laquelle il nomma les S\u0153urs qui devaient venir. Le mercredi suivant, je fus prendre ses ordres pour le voyage ; et sur la juste crainte que j&rsquo;avais de faire beaucoup de fautes , sa charit\u00e9 me commanda d&rsquo;\u00e9crire nos conduites et rencontres durant le dit voyage. Me souvenant de ses saintes instructions et pratiques, je ne me suis form\u00e9e autre vue et intention que celle de la tr\u00e8s sainte volont\u00e9 de Dieu et la pratique de nos r\u00e8gles. <\/i><\/p>\n<p><i>Le jeudi vingt sixi\u00e8me nous nous m\u00eemes dans le coche d&rsquo;Orl\u00e9ans et Dieu nous fit la gr\u00e2ce de faire le voyage sans manquer aux observances. A l&rsquo;abord des villages et villes, quelqu&rsquo;une faisait souvenir de saluer les bons Anges avec d\u00e9sir qu&rsquo;ils redoublassent les soins des \u00e2mes de ces lieux l\u00e0, pour leur aider \u00e0 glorifier Dieu \u00e9ternellement; et passant devant les \u00e9glises nous faisions un acte d&rsquo;adoration au Tr\u00e8s Saint Sacrement, saluant aussi les saints patrons. <\/i><\/p>\n<p><i>Arrivant au lieu du repas et des g\u00eetes, quelque nombre des Soeurs allaient \u00e0 l&rsquo;Eglise rendre gr\u00e2ces \u00e0 Dieu de son assistance, lui en demander la continuation, et sa b\u00e9n\u00e9diction pour faire sa sainte volont\u00e9. S&rsquo;il y avait un h\u00f4pital, ces m\u00eames soeurs l&rsquo;allaient visiter, ou si non quelque autre malade du lieu ; et cela, au nom de toute la Compagnie, pour continuation d&rsquo;offre de nos services et devoirs \u00e0 Dieu, en la personne des pauvres. <\/i><\/p>\n<p><i>Dans les occasions nous disions quelques mots, soit des principaux points de la foi n\u00e9cessaires \u00e0 savoir pour faire son salut, et quelques petits avertissements pour les m\u0153urs, mais bri\u00e8vement. Quand nous le pouvions, nous allions, le matin \u00e0 l&rsquo;\u00e9glise. <\/i><\/p>\n<p><i>Nous e\u00fbmes l&rsquo;honneur au Pont-de-C\u00e9 d&rsquo;\u00eatre chass\u00e9es de l&rsquo;h\u00f4tellerie o\u00f9 nous arriv\u00e2mes un jeudi fort tard, mais au sortir de cette ch\u00e8re maison, nous trouv\u00e2mes une bonne Dame qui nous recueillit b\u00e9nignement. <\/i><\/p>\n<p><i>Nous arriv\u00e2mes \u00e0 Nantes le huiti\u00e8me Ao\u00fbt, \u00e0 deux ou trois heures apr\u00e8s midi. Nous all\u00e2mes \u00e0 l&rsquo;\u00e9glise des Ursulines, qui \u00e9tait la plus proche, pour y adorer Dieu et nous donner tout de nouveau \u00e0 lui pour ex\u00e9cuter sa sainte volont\u00e9. <\/i><\/p>\n<p><i>Aussit\u00f4t plusieurs de ces dames nous vinrent trouver et nous men\u00e8rent \u00e0 l&rsquo;h\u00f4pital ; o\u00f9 sit\u00f4t que nous f\u00fbmes arriv\u00e9es, Messieurs les p\u00e8res et administrateurs nous donn\u00e8rent tout pouvoir. Mais quelque pouvoir qu&rsquo;ils nous donn\u00e8rent, nous n&rsquo;entrepr\u00eemes rien sans leur communiquer et tirer leur consentement. <\/i><\/p>\n<p><i>Toutes les Dames de la ville prirent la peine de nous venir visiter, et m\u00eame beaucoup de Dames de la campagne, et quantit\u00e9 de Sup\u00e9rieurs de religions r\u00e9form\u00e9es : plusieurs Couvents de religieuses oblig\u00e8rent des Dames de nous y mener, d\u00e9sirant voir nos Soeurs et leur habit. <\/i><\/p>\n<p><i>D\u00e8s le lendemain, toutes nos S\u0153urs se mirent \u00e0 travailler avec grand z\u00e8le et affection \u00e0 nettoyer et ranger la salle des femmes ; et en peu de jours il s&rsquo;y trouva tel changement que le monde prenait plaisir \u00e0 y venir. Il y avait aux repas des pauvres telle affluence de monde que l&rsquo;on ne pouvait presque approcher ni les tables ni les lits des malades. <\/i><\/p>\n<p><i>Quelques Dames de la ville s&rsquo;\u00e9tant exerc\u00e9es \u00e0 visiter les malades depuis plusieurs mois, et de leur porter des bouillons et autres choses ; nous leur propos\u00e2mes de les visiter d&rsquo;une autre mani\u00e8re, et de se dispenser de venir le matin, qui leur pouvait \u00eatre un temps incommode pour leur famille, comme aussi de porter des bouillons ; mais qu&rsquo;elles feraient mieux d&rsquo;y venir \u00e0 deux heures apr\u00e8s midi avec quelques confitures et autres choses, comme les Dames font \u00e0 l&rsquo;h\u00f4tel Dieu de Paris ; et elles r\u00e9solurent de suivre notre avis. <\/i><\/p>\n<p><i>Quelques apr\u00e8s que l&rsquo;acte de notre \u00e9tablissement fut sign\u00e9, nous nous dispos\u00e2mes \u00e0 revenir. Toutes nos S\u0153urs nous t\u00e9moign\u00e8rent demeurer avec grand d\u00e9sir de bien faire, et nous en renouvel\u00e8rent leurs r\u00e9solutions avant que je partisse, en sorte que j&rsquo;en demeurai fort consol\u00e9e. <\/i><span id='easy-footnote-1-105703' class='easy-footnote-margin-adjust'><\/span><span class='easy-footnote'><a href='https:\/\/vincentians.com\/fr\/la-vie-de-mademoiselle-le-gras-livre-troisieme-chapitre-1\/#easy-footnote-bottom-1-105703' title='Ecrits 172 &amp;#8211; 178 &amp;lsquo;des extraits)'><sup>1<\/sup><\/a><\/span>\n","protected":false},"excerpt":{"rendered":"<p>Comme les emplois de charit\u00e9 se multipliaient tous les jours et augmentaient la n\u00e9cessit\u00e9 d&rsquo;un commerce plus fr\u00e9quent avec toutes les personnes qui y prenaient part; Mademoiselle Le Gras r\u00e9solut avec l&rsquo;avis de Monsieur Vincent, &#8230; <a href=\"https:\/\/vincentians.com\/fr\/la-vie-de-mademoiselle-le-gras-livre-troisieme-chapitre-1\/\" class=\"more-link\">Read More<\/a><\/p>\n","protected":false},"author":4,"featured_media":149292,"comment_status":"open","ping_status":"open","sticky":false,"template":"","format":"standard","meta":{"jetpack_post_was_ever_published":false,"_jetpack_newsletter_access":"","_jetpack_dont_email_post_to_subs":false,"_jetpack_newsletter_tier_id":0,"_jetpack_memberships_contains_paywalled_content":false,"_jetpack_memberships_contains_paid_content":false,"footnotes":"","jetpack_publicize_message":"","jetpack_publicize_feature_enabled":true,"jetpack_social_post_already_shared":true,"jetpack_social_options":{"image_generator_settings":{"template":"highway","default_image_id":0,"font":"","enabled":false},"version":2}},"categories":[18],"tags":[],"class_list":["post-105703","post","type-post","status-publish","format-standard","has-post-thumbnail","hentry","category-louise-de-marillac"],"yoast_head":"<!-- This site is optimized with the Yoast SEO plugin v26.3 - https:\/\/yoast.com\/wordpress\/plugins\/seo\/ -->\n<title>La Vie de Mademoiselle Le Gras. Livre Troisi\u00e8me, Chapitre 1 - Nous Sommes Vincentiens<\/title>\n<meta name=\"robots\" content=\"index, follow, max-snippet:-1, max-image-preview:large, max-video-preview:-1\" \/>\n<link rel=\"canonical\" href=\"https:\/\/vincentians.com\/fr\/la-vie-de-mademoiselle-le-gras-livre-troisieme-chapitre-1\/\" \/>\n<meta property=\"og:locale\" content=\"fr_FR\" \/>\n<meta property=\"og:type\" content=\"article\" \/>\n<meta property=\"og:title\" content=\"La Vie de Mademoiselle Le Gras. Livre Troisi\u00e8me, Chapitre 1 - Nous Sommes Vincentiens\" \/>\n<meta property=\"og:description\" content=\"Comme les emplois de charit\u00e9 se multipliaient tous les jours et augmentaient la n\u00e9cessit\u00e9 d&rsquo;un commerce plus fr\u00e9quent avec toutes les personnes qui y prenaient part; Mademoiselle Le Gras r\u00e9solut avec l&rsquo;avis de Monsieur Vincent, ... Read More\" \/>\n<meta property=\"og:url\" content=\"https:\/\/vincentians.com\/fr\/la-vie-de-mademoiselle-le-gras-livre-troisieme-chapitre-1\/\" \/>\n<meta property=\"og:site_name\" content=\"Nous Sommes Vincentiens\" \/>\n<meta property=\"article:publisher\" content=\"https:\/\/www.facebook.com\/WeAreVincentians\/\" \/>\n<meta property=\"article:author\" content=\"https:\/\/www.facebook.com\/JavierChento\" \/>\n<meta property=\"article:published_time\" content=\"2016-09-03T10:00:37+00:00\" \/>\n<meta property=\"og:image\" content=\"https:\/\/i0.wp.com\/vincentians.com\/fr\/wp-content\/uploads\/sites\/10\/2016\/07\/louise-de-marillac.jpg?fit=1200%2C630&ssl=1\" \/>\n\t<meta property=\"og:image:width\" content=\"1200\" \/>\n\t<meta property=\"og:image:height\" content=\"630\" \/>\n\t<meta property=\"og:image:type\" content=\"image\/jpeg\" \/>\n<meta name=\"author\" content=\"Francisco Javier Fern\u00e1ndez Chento\" \/>\n<meta name=\"twitter:card\" content=\"summary_large_image\" \/>\n<meta name=\"twitter:creator\" content=\"@https:\/\/twitter.com\/javierchento\" \/>\n<meta name=\"twitter:site\" content=\"@WeVincentians\" \/>\n<meta name=\"twitter:label1\" content=\"\u00c9crit par\" \/>\n\t<meta name=\"twitter:data1\" content=\"Francisco Javier Fern\u00e1ndez Chento\" \/>\n\t<meta name=\"twitter:label2\" content=\"Dur\u00e9e de lecture estim\u00e9e\" \/>\n\t<meta name=\"twitter:data2\" content=\"7 minutes\" \/>\n<script type=\"application\/ld+json\" class=\"yoast-schema-graph\">{\"@context\":\"https:\/\/schema.org\",\"@graph\":[{\"@type\":\"WebPage\",\"@id\":\"https:\/\/vincentians.com\/fr\/la-vie-de-mademoiselle-le-gras-livre-troisieme-chapitre-1\/\",\"url\":\"https:\/\/vincentians.com\/fr\/la-vie-de-mademoiselle-le-gras-livre-troisieme-chapitre-1\/\",\"name\":\"La Vie de Mademoiselle Le Gras. Livre Troisi\u00e8me, Chapitre 1 - Nous Sommes Vincentiens\",\"isPartOf\":{\"@id\":\"http:\/\/vincentians.com\/fr\/#website\"},\"primaryImageOfPage\":{\"@id\":\"https:\/\/vincentians.com\/fr\/la-vie-de-mademoiselle-le-gras-livre-troisieme-chapitre-1\/#primaryimage\"},\"image\":{\"@id\":\"https:\/\/vincentians.com\/fr\/la-vie-de-mademoiselle-le-gras-livre-troisieme-chapitre-1\/#primaryimage\"},\"thumbnailUrl\":\"https:\/\/i0.wp.com\/vincentians.com\/fr\/wp-content\/uploads\/sites\/10\/2016\/07\/louise-de-marillac.jpg?fit=1200%2C630&ssl=1\",\"datePublished\":\"2016-09-03T10:00:37+00:00\",\"author\":{\"@id\":\"http:\/\/vincentians.com\/fr\/#\/schema\/person\/9623ef4d9aa3b2dfb8c061f1499288f2\"},\"breadcrumb\":{\"@id\":\"https:\/\/vincentians.com\/fr\/la-vie-de-mademoiselle-le-gras-livre-troisieme-chapitre-1\/#breadcrumb\"},\"inLanguage\":\"fr-FR\",\"potentialAction\":[{\"@type\":\"ReadAction\",\"target\":[\"https:\/\/vincentians.com\/fr\/la-vie-de-mademoiselle-le-gras-livre-troisieme-chapitre-1\/\"]}]},{\"@type\":\"ImageObject\",\"inLanguage\":\"fr-FR\",\"@id\":\"https:\/\/vincentians.com\/fr\/la-vie-de-mademoiselle-le-gras-livre-troisieme-chapitre-1\/#primaryimage\",\"url\":\"https:\/\/i0.wp.com\/vincentians.com\/fr\/wp-content\/uploads\/sites\/10\/2016\/07\/louise-de-marillac.jpg?fit=1200%2C630&ssl=1\",\"contentUrl\":\"https:\/\/i0.wp.com\/vincentians.com\/fr\/wp-content\/uploads\/sites\/10\/2016\/07\/louise-de-marillac.jpg?fit=1200%2C630&ssl=1\",\"width\":1200,\"height\":630},{\"@type\":\"BreadcrumbList\",\"@id\":\"https:\/\/vincentians.com\/fr\/la-vie-de-mademoiselle-le-gras-livre-troisieme-chapitre-1\/#breadcrumb\",\"itemListElement\":[{\"@type\":\"ListItem\",\"position\":1,\"name\":\"Portada\",\"item\":\"http:\/\/vincentians.com\/fr\/\"},{\"@type\":\"ListItem\",\"position\":2,\"name\":\"La Vie de Mademoiselle Le Gras. Livre Troisi\u00e8me, Chapitre 1\"}]},{\"@type\":\"WebSite\",\"@id\":\"http:\/\/vincentians.com\/fr\/#website\",\"url\":\"http:\/\/vincentians.com\/fr\/\",\"name\":\"Nous Sommes Vincentiens\",\"description\":\"Know more to serve more\",\"potentialAction\":[{\"@type\":\"SearchAction\",\"target\":{\"@type\":\"EntryPoint\",\"urlTemplate\":\"http:\/\/vincentians.com\/fr\/?s={search_term_string}\"},\"query-input\":{\"@type\":\"PropertyValueSpecification\",\"valueRequired\":true,\"valueName\":\"search_term_string\"}}],\"inLanguage\":\"fr-FR\"},{\"@type\":\"Person\",\"@id\":\"http:\/\/vincentians.com\/fr\/#\/schema\/person\/9623ef4d9aa3b2dfb8c061f1499288f2\",\"name\":\"Francisco Javier Fern\u00e1ndez Chento\",\"image\":{\"@type\":\"ImageObject\",\"inLanguage\":\"fr-FR\",\"@id\":\"http:\/\/vincentians.com\/fr\/#\/schema\/person\/image\/\",\"url\":\"https:\/\/secure.gravatar.com\/avatar\/497d5cde87b4c3d097d0315953521681ba2cd523ee66e5077c3711f7021e65de?s=96&d=mm&r=g\",\"contentUrl\":\"https:\/\/secure.gravatar.com\/avatar\/497d5cde87b4c3d097d0315953521681ba2cd523ee66e5077c3711f7021e65de?s=96&d=mm&r=g\",\"caption\":\"Francisco Javier Fern\u00e1ndez Chento\"},\"description\":\"Director General y cofundador de La Red de Formaci\u00f3n Vicenciana. Javier es laico vicenciano, afiliado a la Congregaci\u00f3n de la Misi\u00f3n y miembro del Equipo de Misiones Populares de la provincia can\u00f3nica de Zaragoza (Espa\u00f1a) de la Congregaci\u00f3n de la Misi\u00f3n. Graduado en la Universidad Oberta de Catalunya con cuatro grados (Asistente de direcci\u00f3n, Gesti\u00f3n Administrativa, Recursos Humanos y Contabilidad Avanzada). Bil\u00edng\u00fce Espa\u00f1ol\/Ingl\u00e9s. gestiona y mantiene varias p\u00e1ginas web cristianas y vicencianas, incluida including La Red de Formaci\u00f3n Vicenciana, de la que es cofundador. Actualmente es responsable del \u00e1rea de Espa\u00f1ol de .famvin, la Red de Noticias de la Familia Vicenciana. Tambi\u00e9n es m\u00fasico cat\u00f3lico y ha editado varios discos. Es Director General y cofundador de Trovador, una reconocida compa\u00f1\u00eda discogr\u00e1fica critiana de Espa\u00f1a. Trabaja en las Tecnolog\u00edas de la Informaci\u00f3n, ofreciendo servicios de alojamiento, dise\u00f1o y mantenimiento Web, as\u00ed como asesoramiento, formaci\u00f3n y soluciones inform\u00e1ticas, gesti\u00f3n documental y digitalizaci\u00f3n de textos, edici\u00f3n y maquetaci\u00f3n de libros, revistas, flyers, etc.\",\"sameAs\":[\"http:\/\/chento.org\",\"https:\/\/www.facebook.com\/JavierChento\",\"https:\/\/x.com\/https:\/\/twitter.com\/javierchento\"],\"url\":\"https:\/\/vincentians.com\/fr\/author\/chento\/\"}]}<\/script>\n<!-- \/ Yoast SEO plugin. -->","yoast_head_json":{"title":"La Vie de Mademoiselle Le Gras. Livre Troisi\u00e8me, Chapitre 1 - Nous Sommes Vincentiens","robots":{"index":"index","follow":"follow","max-snippet":"max-snippet:-1","max-image-preview":"max-image-preview:large","max-video-preview":"max-video-preview:-1"},"canonical":"https:\/\/vincentians.com\/fr\/la-vie-de-mademoiselle-le-gras-livre-troisieme-chapitre-1\/","og_locale":"fr_FR","og_type":"article","og_title":"La Vie de Mademoiselle Le Gras. Livre Troisi\u00e8me, Chapitre 1 - Nous Sommes Vincentiens","og_description":"Comme les emplois de charit\u00e9 se multipliaient tous les jours et augmentaient la n\u00e9cessit\u00e9 d&rsquo;un commerce plus fr\u00e9quent avec toutes les personnes qui y prenaient part; Mademoiselle Le Gras r\u00e9solut avec l&rsquo;avis de Monsieur Vincent, ... Read More","og_url":"https:\/\/vincentians.com\/fr\/la-vie-de-mademoiselle-le-gras-livre-troisieme-chapitre-1\/","og_site_name":"Nous Sommes Vincentiens","article_publisher":"https:\/\/www.facebook.com\/WeAreVincentians\/","article_author":"https:\/\/www.facebook.com\/JavierChento","article_published_time":"2016-09-03T10:00:37+00:00","og_image":[{"width":1200,"height":630,"url":"https:\/\/i0.wp.com\/vincentians.com\/fr\/wp-content\/uploads\/sites\/10\/2016\/07\/louise-de-marillac.jpg?fit=1200%2C630&ssl=1","type":"image\/jpeg"}],"author":"Francisco Javier Fern\u00e1ndez Chento","twitter_card":"summary_large_image","twitter_creator":"@https:\/\/twitter.com\/javierchento","twitter_site":"@WeVincentians","twitter_misc":{"\u00c9crit par":"Francisco Javier Fern\u00e1ndez Chento","Dur\u00e9e de lecture estim\u00e9e":"7 minutes"},"schema":{"@context":"https:\/\/schema.org","@graph":[{"@type":"WebPage","@id":"https:\/\/vincentians.com\/fr\/la-vie-de-mademoiselle-le-gras-livre-troisieme-chapitre-1\/","url":"https:\/\/vincentians.com\/fr\/la-vie-de-mademoiselle-le-gras-livre-troisieme-chapitre-1\/","name":"La Vie de Mademoiselle Le Gras. Livre Troisi\u00e8me, Chapitre 1 - Nous Sommes Vincentiens","isPartOf":{"@id":"http:\/\/vincentians.com\/fr\/#website"},"primaryImageOfPage":{"@id":"https:\/\/vincentians.com\/fr\/la-vie-de-mademoiselle-le-gras-livre-troisieme-chapitre-1\/#primaryimage"},"image":{"@id":"https:\/\/vincentians.com\/fr\/la-vie-de-mademoiselle-le-gras-livre-troisieme-chapitre-1\/#primaryimage"},"thumbnailUrl":"https:\/\/i0.wp.com\/vincentians.com\/fr\/wp-content\/uploads\/sites\/10\/2016\/07\/louise-de-marillac.jpg?fit=1200%2C630&ssl=1","datePublished":"2016-09-03T10:00:37+00:00","author":{"@id":"http:\/\/vincentians.com\/fr\/#\/schema\/person\/9623ef4d9aa3b2dfb8c061f1499288f2"},"breadcrumb":{"@id":"https:\/\/vincentians.com\/fr\/la-vie-de-mademoiselle-le-gras-livre-troisieme-chapitre-1\/#breadcrumb"},"inLanguage":"fr-FR","potentialAction":[{"@type":"ReadAction","target":["https:\/\/vincentians.com\/fr\/la-vie-de-mademoiselle-le-gras-livre-troisieme-chapitre-1\/"]}]},{"@type":"ImageObject","inLanguage":"fr-FR","@id":"https:\/\/vincentians.com\/fr\/la-vie-de-mademoiselle-le-gras-livre-troisieme-chapitre-1\/#primaryimage","url":"https:\/\/i0.wp.com\/vincentians.com\/fr\/wp-content\/uploads\/sites\/10\/2016\/07\/louise-de-marillac.jpg?fit=1200%2C630&ssl=1","contentUrl":"https:\/\/i0.wp.com\/vincentians.com\/fr\/wp-content\/uploads\/sites\/10\/2016\/07\/louise-de-marillac.jpg?fit=1200%2C630&ssl=1","width":1200,"height":630},{"@type":"BreadcrumbList","@id":"https:\/\/vincentians.com\/fr\/la-vie-de-mademoiselle-le-gras-livre-troisieme-chapitre-1\/#breadcrumb","itemListElement":[{"@type":"ListItem","position":1,"name":"Portada","item":"http:\/\/vincentians.com\/fr\/"},{"@type":"ListItem","position":2,"name":"La Vie de Mademoiselle Le Gras. Livre Troisi\u00e8me, Chapitre 1"}]},{"@type":"WebSite","@id":"http:\/\/vincentians.com\/fr\/#website","url":"http:\/\/vincentians.com\/fr\/","name":"Nous Sommes Vincentiens","description":"Know more to serve more","potentialAction":[{"@type":"SearchAction","target":{"@type":"EntryPoint","urlTemplate":"http:\/\/vincentians.com\/fr\/?s={search_term_string}"},"query-input":{"@type":"PropertyValueSpecification","valueRequired":true,"valueName":"search_term_string"}}],"inLanguage":"fr-FR"},{"@type":"Person","@id":"http:\/\/vincentians.com\/fr\/#\/schema\/person\/9623ef4d9aa3b2dfb8c061f1499288f2","name":"Francisco Javier Fern\u00e1ndez Chento","image":{"@type":"ImageObject","inLanguage":"fr-FR","@id":"http:\/\/vincentians.com\/fr\/#\/schema\/person\/image\/","url":"https:\/\/secure.gravatar.com\/avatar\/497d5cde87b4c3d097d0315953521681ba2cd523ee66e5077c3711f7021e65de?s=96&d=mm&r=g","contentUrl":"https:\/\/secure.gravatar.com\/avatar\/497d5cde87b4c3d097d0315953521681ba2cd523ee66e5077c3711f7021e65de?s=96&d=mm&r=g","caption":"Francisco Javier Fern\u00e1ndez Chento"},"description":"Director General y cofundador de La Red de Formaci\u00f3n Vicenciana. Javier es laico vicenciano, afiliado a la Congregaci\u00f3n de la Misi\u00f3n y miembro del Equipo de Misiones Populares de la provincia can\u00f3nica de Zaragoza (Espa\u00f1a) de la Congregaci\u00f3n de la Misi\u00f3n. Graduado en la Universidad Oberta de Catalunya con cuatro grados (Asistente de direcci\u00f3n, Gesti\u00f3n Administrativa, Recursos Humanos y Contabilidad Avanzada). Bil\u00edng\u00fce Espa\u00f1ol\/Ingl\u00e9s. gestiona y mantiene varias p\u00e1ginas web cristianas y vicencianas, incluida including La Red de Formaci\u00f3n Vicenciana, de la que es cofundador. Actualmente es responsable del \u00e1rea de Espa\u00f1ol de .famvin, la Red de Noticias de la Familia Vicenciana. Tambi\u00e9n es m\u00fasico cat\u00f3lico y ha editado varios discos. Es Director General y cofundador de Trovador, una reconocida compa\u00f1\u00eda discogr\u00e1fica critiana de Espa\u00f1a. Trabaja en las Tecnolog\u00edas de la Informaci\u00f3n, ofreciendo servicios de alojamiento, dise\u00f1o y mantenimiento Web, as\u00ed como asesoramiento, formaci\u00f3n y soluciones inform\u00e1ticas, gesti\u00f3n documental y digitalizaci\u00f3n de textos, edici\u00f3n y maquetaci\u00f3n de libros, revistas, flyers, etc.","sameAs":["http:\/\/chento.org","https:\/\/www.facebook.com\/JavierChento","https:\/\/x.com\/https:\/\/twitter.com\/javierchento"],"url":"https:\/\/vincentians.com\/fr\/author\/chento\/"}]}},"jetpack_publicize_connections":[],"jetpack_featured_media_url":"https:\/\/i0.wp.com\/vincentians.com\/fr\/wp-content\/uploads\/sites\/10\/2016\/07\/louise-de-marillac.jpg?fit=1200%2C630&ssl=1","jetpack_sharing_enabled":true,"jetpack_shortlink":"https:\/\/wp.me\/p7ETMP-ruT","jetpack-related-posts":[{"id":52038,"url":"https:\/\/vincentians.com\/fr\/saint-vincent-de-paul-et-sa-mission-sociale-ii-les-oeuvres-3\/","url_meta":{"origin":105703,"position":0},"title":"Saint Vincent De Paul Et Sa Mission Sociale. II &#8211; Les \u0152uvres (3)","author":"Francisco Javier Fern\u00e1ndez Chento","date":"23\/12\/2014","format":false,"excerpt":"LA S\u0152UR DE CHARIT\u00c9. \u2014 Mademoiselle Le Gras et Vincent de Paul. \u2014 Premiers rapports ; premi\u00e8res \u0153uvres. \u2014 Institution des Filles de la Charit\u00e9, servantes des pauvres. \u2014 Une nouvelle religieuse. \u2014 Conf\u00e9rences. \u2014 R\u00e8gles. \u2014 L\u2019H\u00f4tel de Rambouillet et l\u2019H\u00f4tel-Dieu. \u2014 Les Dames de la Charit\u00e9. Madame Goussault.\u2026","rel":"","context":"Dans &quot;Vincent de Paul&quot;","block_context":{"text":"Vincent de Paul","link":"https:\/\/vincentians.com\/fr\/category\/the-vincentian-family\/founders\/vincent-de-paul\/"},"img":{"alt_text":"","src":"https:\/\/i0.wp.com\/vincentians.com\/fr\/wp-content\/uploads\/sites\/10\/2016\/07\/vincent-et-sa-action-sociale.jpg?fit=1160%2C630&ssl=1&resize=350%2C200","width":350,"height":200,"srcset":"https:\/\/i0.wp.com\/vincentians.com\/fr\/wp-content\/uploads\/sites\/10\/2016\/07\/vincent-et-sa-action-sociale.jpg?fit=1160%2C630&ssl=1&resize=350%2C200 1x, https:\/\/i0.wp.com\/vincentians.com\/fr\/wp-content\/uploads\/sites\/10\/2016\/07\/vincent-et-sa-action-sociale.jpg?fit=1160%2C630&ssl=1&resize=525%2C300 1.5x, https:\/\/i0.wp.com\/vincentians.com\/fr\/wp-content\/uploads\/sites\/10\/2016\/07\/vincent-et-sa-action-sociale.jpg?fit=1160%2C630&ssl=1&resize=700%2C400 2x, https:\/\/i0.wp.com\/vincentians.com\/fr\/wp-content\/uploads\/sites\/10\/2016\/07\/vincent-et-sa-action-sociale.jpg?fit=1160%2C630&ssl=1&resize=1050%2C600 3x"},"classes":[]},{"id":108155,"url":"https:\/\/vincentians.com\/fr\/la-vie-de-saint-vincent-de-paul-instituteur-de-la-congregation-de-la-mission-et-des-filles-de-la-charite-035\/","url_meta":{"origin":105703,"position":1},"title":"La vie de Saint Vincent de Paul, instituteur de la Congr\u00e9gation de la Mission et des Filles de la Charit\u00e9 (035)","author":"Francisco Javier Fern\u00e1ndez Chento","date":"03\/03\/2014","format":false,"excerpt":"Livre Second 20. Caract\u00e8re de Mademoiselle Le Gras ; ses premiers rapporta avec Saint Vincent Dieu ne tarda pas \u00e0 calmer l'inqui\u00e8tude de son serviteur. A peine \u00e9tait-il entr\u00e9 au Coll\u00e8ge des Bons-enfants, que l'illustre Mademoiselle le Gras prit, sans le conna\u00eetre, une maison, qui n'\u00e9tait pas \u00e9loign\u00e9e de la\u2026","rel":"","context":"Dans &quot;Vincent de Paul&quot;","block_context":{"text":"Vincent de Paul","link":"https:\/\/vincentians.com\/fr\/category\/the-vincentian-family\/founders\/vincent-de-paul\/"},"img":{"alt_text":"collet","src":"https:\/\/i0.wp.com\/vincentiens.org\/wp-content\/uploads\/2014\/01\/collet-248x300.jpg?resize=350%2C200","width":350,"height":200},"classes":[]},{"id":105722,"url":"https:\/\/vincentians.com\/fr\/la-vie-de-mademoiselle-le-gras-livre-quatrieme-chapitre-4\/","url_meta":{"origin":105703,"position":2},"title":"La Vie de Mademoiselle Le Gras. Livre Quatri\u00e8me, Chapitre 4","author":"Francisco Javier Fern\u00e1ndez Chento","date":"11\/09\/2016","format":false,"excerpt":"On ne peut pas douter que Dieu n'ait confirm\u00e9 dans le Ciel le jugement que la puissance eccl\u00e9siastique et s\u00e9culi\u00e8re a prononc\u00e9 sur la terre en faveur de cet institut, et qu'il n'ait grande part \u00e0 l'approbation que le fils de Dieu a donn\u00e9e dans son Evangile aux oeuvres de\u2026","rel":"","context":"Dans &quot;Louise de Marillac&quot;","block_context":{"text":"Louise de Marillac","link":"https:\/\/vincentians.com\/fr\/category\/the-vincentian-family\/founders\/louise-de-marillac\/"},"img":{"alt_text":"","src":"https:\/\/i0.wp.com\/vincentians.com\/fr\/wp-content\/uploads\/sites\/10\/2016\/07\/louise-de-marillac.jpg?fit=1200%2C630&ssl=1&resize=350%2C200","width":350,"height":200,"srcset":"https:\/\/i0.wp.com\/vincentians.com\/fr\/wp-content\/uploads\/sites\/10\/2016\/07\/louise-de-marillac.jpg?fit=1200%2C630&ssl=1&resize=350%2C200 1x, https:\/\/i0.wp.com\/vincentians.com\/fr\/wp-content\/uploads\/sites\/10\/2016\/07\/louise-de-marillac.jpg?fit=1200%2C630&ssl=1&resize=525%2C300 1.5x, https:\/\/i0.wp.com\/vincentians.com\/fr\/wp-content\/uploads\/sites\/10\/2016\/07\/louise-de-marillac.jpg?fit=1200%2C630&ssl=1&resize=700%2C400 2x, https:\/\/i0.wp.com\/vincentians.com\/fr\/wp-content\/uploads\/sites\/10\/2016\/07\/louise-de-marillac.jpg?fit=1200%2C630&ssl=1&resize=1050%2C600 3x"},"classes":[]},{"id":108156,"url":"https:\/\/vincentians.com\/fr\/la-vie-de-saint-vincent-de-paul-instituteur-de-la-congregation-de-la-mission-et-des-filles-de-la-charite-036\/","url_meta":{"origin":105703,"position":3},"title":"La vie de Saint Vincent de Paul, instituteur de la Congr\u00e9gation de la Mission et des Filles de la Charit\u00e9 (036)","author":"Francisco Javier Fern\u00e1ndez Chento","date":"04\/03\/2014","format":false,"excerpt":"Livre Second 21. Il l\u2019emploie \u00e0 la visite des \u00c7onfrairies de la Charit\u00e9 ; succ\u00e8s do Ces visites ; \u00e9v\u00e9nement qui tient du miracle Mademoiselle le Gras partageait son temps entre l'exercice de la pri\u00e8re, et celui de la charit\u00e9 : elle donnait au soulegement de l'indigence tout le temps\u2026","rel":"","context":"Dans &quot;Vincent de Paul&quot;","block_context":{"text":"Vincent de Paul","link":"https:\/\/vincentians.com\/fr\/category\/the-vincentian-family\/founders\/vincent-de-paul\/"},"img":{"alt_text":"collet","src":"https:\/\/i0.wp.com\/vincentiens.org\/wp-content\/uploads\/2014\/01\/collet-248x300.jpg?resize=350%2C200","width":350,"height":200},"classes":[]},{"id":105696,"url":"https:\/\/vincentians.com\/fr\/la-vie-de-mademoiselle-le-gras-livre-second-chapitre-4\/","url_meta":{"origin":105703,"position":4},"title":"La Vie de Mademoiselle Le Gras. Livre Second, Chapitre 4","author":"Francisco Javier Fern\u00e1ndez Chento","date":"01\/09\/2016","format":false,"excerpt":"Dieu fit na\u00eetre \u00e0 Mademoiselle Le Gras en l'ann\u00e9e 1638 une occasion des plus pressantes et des plus dignes de la pi\u00e9t\u00e9 chr\u00e9tienne dans la personne des Enfants trouv\u00e9s. Ces innocents mal-heureux qui \u00e9taient des productions de l'iniquit\u00e9, en devenaient ensuite les victimes par une exposition cruelle qui les abandonnait\u2026","rel":"","context":"Dans &quot;Louise de Marillac&quot;","block_context":{"text":"Louise de Marillac","link":"https:\/\/vincentians.com\/fr\/category\/the-vincentian-family\/founders\/louise-de-marillac\/"},"img":{"alt_text":"","src":"https:\/\/i0.wp.com\/vincentians.com\/fr\/wp-content\/uploads\/sites\/10\/2016\/07\/louise-de-marillac.jpg?fit=1200%2C630&ssl=1&resize=350%2C200","width":350,"height":200,"srcset":"https:\/\/i0.wp.com\/vincentians.com\/fr\/wp-content\/uploads\/sites\/10\/2016\/07\/louise-de-marillac.jpg?fit=1200%2C630&ssl=1&resize=350%2C200 1x, https:\/\/i0.wp.com\/vincentians.com\/fr\/wp-content\/uploads\/sites\/10\/2016\/07\/louise-de-marillac.jpg?fit=1200%2C630&ssl=1&resize=525%2C300 1.5x, https:\/\/i0.wp.com\/vincentians.com\/fr\/wp-content\/uploads\/sites\/10\/2016\/07\/louise-de-marillac.jpg?fit=1200%2C630&ssl=1&resize=700%2C400 2x, https:\/\/i0.wp.com\/vincentians.com\/fr\/wp-content\/uploads\/sites\/10\/2016\/07\/louise-de-marillac.jpg?fit=1200%2C630&ssl=1&resize=1050%2C600 3x"},"classes":[]},{"id":105710,"url":"https:\/\/vincentians.com\/fr\/la-vie-de-mademoiselle-le-gras-livre-troisieme-chapitre-4\/","url_meta":{"origin":105703,"position":5},"title":"La Vie de Mademoiselle Le Gras. Livre Troisi\u00e8me, Chapitre 4","author":"Francisco Javier Fern\u00e1ndez Chento","date":"06\/09\/2016","format":false,"excerpt":"Quoique Mademoiselle Le Gras vit sa Compagnie charg\u00e9e de tant d'occupations dans Paris, dans les campagnes, et dans les provinces fronti\u00e8res; elle ne mit point de bornes \u00e0 son z\u00e8le et \u00e0 ses soins ; elle embrassa dans ce m\u00eame temps des emplois en des Royaumes \u00e9trangers, et elle donna\u2026","rel":"","context":"Dans &quot;Louise de Marillac&quot;","block_context":{"text":"Louise de Marillac","link":"https:\/\/vincentians.com\/fr\/category\/the-vincentian-family\/founders\/louise-de-marillac\/"},"img":{"alt_text":"","src":"https:\/\/i0.wp.com\/vincentians.com\/fr\/wp-content\/uploads\/sites\/10\/2016\/07\/louise-de-marillac.jpg?fit=1200%2C630&ssl=1&resize=350%2C200","width":350,"height":200,"srcset":"https:\/\/i0.wp.com\/vincentians.com\/fr\/wp-content\/uploads\/sites\/10\/2016\/07\/louise-de-marillac.jpg?fit=1200%2C630&ssl=1&resize=350%2C200 1x, https:\/\/i0.wp.com\/vincentians.com\/fr\/wp-content\/uploads\/sites\/10\/2016\/07\/louise-de-marillac.jpg?fit=1200%2C630&ssl=1&resize=525%2C300 1.5x, https:\/\/i0.wp.com\/vincentians.com\/fr\/wp-content\/uploads\/sites\/10\/2016\/07\/louise-de-marillac.jpg?fit=1200%2C630&ssl=1&resize=700%2C400 2x, https:\/\/i0.wp.com\/vincentians.com\/fr\/wp-content\/uploads\/sites\/10\/2016\/07\/louise-de-marillac.jpg?fit=1200%2C630&ssl=1&resize=1050%2C600 3x"},"classes":[]}],"_links":{"self":[{"href":"https:\/\/vincentians.com\/fr\/wp-json\/wp\/v2\/posts\/105703","targetHints":{"allow":["GET"]}}],"collection":[{"href":"https:\/\/vincentians.com\/fr\/wp-json\/wp\/v2\/posts"}],"about":[{"href":"https:\/\/vincentians.com\/fr\/wp-json\/wp\/v2\/types\/post"}],"author":[{"embeddable":true,"href":"https:\/\/vincentians.com\/fr\/wp-json\/wp\/v2\/users\/4"}],"replies":[{"embeddable":true,"href":"https:\/\/vincentians.com\/fr\/wp-json\/wp\/v2\/comments?post=105703"}],"version-history":[{"count":0,"href":"https:\/\/vincentians.com\/fr\/wp-json\/wp\/v2\/posts\/105703\/revisions"}],"wp:featuredmedia":[{"embeddable":true,"href":"https:\/\/vincentians.com\/fr\/wp-json\/wp\/v2\/media\/149292"}],"wp:attachment":[{"href":"https:\/\/vincentians.com\/fr\/wp-json\/wp\/v2\/media?parent=105703"}],"wp:term":[{"taxonomy":"category","embeddable":true,"href":"https:\/\/vincentians.com\/fr\/wp-json\/wp\/v2\/categories?post=105703"},{"taxonomy":"post_tag","embeddable":true,"href":"https:\/\/vincentians.com\/fr\/wp-json\/wp\/v2\/tags?post=105703"}],"curies":[{"name":"wp","href":"https:\/\/api.w.org\/{rel}","templated":true}]}}