{"id":105415,"date":"2015-02-16T07:50:24","date_gmt":"2015-02-16T06:50:24","guid":{"rendered":"http:\/\/vincentiens.org\/?p=105415"},"modified":"2015-02-16T07:50:24","modified_gmt":"2015-02-16T06:50:24","slug":"itineraire-spirituel-de-louise-de-marillac-rencontre-avec-lhumanite-du-fils-de-dieu-5","status":"publish","type":"post","link":"https:\/\/vincentians.com\/fr\/itineraire-spirituel-de-louise-de-marillac-rencontre-avec-lhumanite-du-fils-de-dieu-5\/","title":{"rendered":"Itin\u00e9raire spirituel de Louise de Marillac. Rencontre avec l\u2019humanit\u00e9 du Fils de Dieu (5)"},"content":{"rendered":"<h2><b>Marie, chef d\u2019\u0153uvre de Dieu<\/b><\/h2>\n<p>Pour devenir homme parmi les hommes, Dieu, dans le conseil de la Trinit\u00e9, fait appel \u00e0 une femme et n\u2019h\u00e9site pas \u00e0 l\u2019associer d\u2019une mani\u00e8re tr\u00e8s particuli\u00e8re \u00e0 sa divinit\u00e9. Louise de Marillac en est toute \u00e9blouie\u00a0: \u00ab\u00a0Toute ma vie, au temps, et en l\u2019\u00e9ternit\u00e9, je la veux aimer et honorer, et tant que je pourrai par reconnaissance vers la Sainte Trinit\u00e9, de l\u2019\u00e9lection qu\u2019elle a faite de la Sainte Vierge pour \u00eatre si \u00e9troitement unie \u00e0 sa Divinit\u00e9, je veux honorer les trois personnes distinctement et ensemblement dans l\u2019Unit\u00e9 de l\u2019essence divine\u00a0\u00bb<span id='easy-footnote-1-105415' class='easy-footnote-margin-adjust'><\/span><span class='easy-footnote'><a href='https:\/\/vincentians.com\/fr\/itineraire-spirituel-de-louise-de-marillac-rencontre-avec-lhumanite-du-fils-de-dieu-5\/#easy-footnote-bottom-1-105415' title='ibid.'><sup>1<\/sup><\/a><\/span>. Louise de Marillac consid\u00e8re souvent la relation tr\u00e8s intime de la Vierge Marie \u00e0 la Sainte Trinit\u00e9, souhaitant que chacun lui rende la gloire qu\u2019elle m\u00e9rite \u00ab\u00a0comme Fille bien aim\u00e9e du P\u00e8re, M\u00e8re du Fils, \u00c9pouse du Saint Esprit\u00a0\u00bb<span id='easy-footnote-2-105415' class='easy-footnote-margin-adjust'><\/span><span class='easy-footnote'><a href='https:\/\/vincentians.com\/fr\/itineraire-spirituel-de-louise-de-marillac-rencontre-avec-lhumanite-du-fils-de-dieu-5\/#easy-footnote-bottom-2-105415' title='E. 819 &amp;#8211; A. 31 bis &amp;#8211; Pens\u00e9es sur l&amp;rsquo;Immacul\u00e9e Conception de la Vierge Marie'><sup>2<\/sup><\/a><\/span>. Elle situe Marie au c\u0153ur du grand Dessein d\u2019amour de Dieu sur l\u2019humanit\u00e9. Toute sa spiritualit\u00e9 mariale en d\u00e9coule.<\/p>\n<p>Louise se r\u00e9jouit de voir une femme ainsi glorifi\u00e9e par le choix divin\u00a0: \u00ab\u00a0Soyez b\u00e9ni \u00e0 jamais, \u00f4 mon Dieu, du choix que vous avez fait de la Sainte Vierge,\u2026 Le diable ne m\u00e9ritait-il pas de votre divinit\u00e9 sa derni\u00e8re perdition\u00a0? Il fallait que votre toute-puissance se serv\u00eet du sexe le plus faible de la nature humaine pour lui \u00e9craser la t\u00eate, comme votre justice l\u2019en avait menac\u00e9. Et pour cela vous vous serviez du sang de la Sainte Vierge pour en former un corps \u00e0 votre cher Fils.\u00a0\u00bb<span id='easy-footnote-3-105415' class='easy-footnote-margin-adjust'><\/span><span class='easy-footnote'><a href='https:\/\/vincentians.com\/fr\/itineraire-spirituel-de-louise-de-marillac-rencontre-avec-lhumanite-du-fils-de-dieu-5\/#easy-footnote-bottom-3-105415' title='E. 694 &amp;#8211; A. 4 &amp;#8211; Oblation \u00e0 laVierge'><sup>3<\/sup><\/a><\/span> Par exp\u00e9rience personnelle, Louise de Marillac conna\u00eet la joie de donner la vie \u00e0 un enfant, de lui fournir le plus intime d\u2019elle-m\u00eame, son sang. Elle voudrait exprimer \u00e0 l\u2019humble femme de Nazareth tout le bonheur qui est dans son c\u0153ur\u00a0: \u00ab\u00a0Tr\u00e8s Sainte Vierge\u2026 recevez mes v\u0153ux et mes pri\u00e8res, avec mon c\u0153ur que je vous donne enti\u00e8rement pour glorifier Dieu du choix que sa bont\u00e9 a fait de vous pour \u00eatre la M\u00e8re de son Fils.\u00a0\u00bb<span id='easy-footnote-4-105415' class='easy-footnote-margin-adjust'><\/span><span class='easy-footnote'><a href='https:\/\/vincentians.com\/fr\/itineraire-spirituel-de-louise-de-marillac-rencontre-avec-lhumanite-du-fils-de-dieu-5\/#easy-footnote-bottom-4-105415' title='E. 792 &amp;#8211; A. 13 bis &amp;#8211; Sur le myst\u00e8re de l&amp;rsquo;Incarnation'><sup>4<\/sup><\/a><\/span>\n<p>C\u2019est avec beaucoup d\u2019\u00e9motion qu\u2019elle s\u2019agenouille devant la Cr\u00e8che\u00a0; son regard va de Marie \u00e0 J\u00e9sus, contemplant ce myst\u00e8re inou\u00ef\u00a0: \u00ab\u00a0Tr\u00e8s Sainte Vierge, vous savez ce que mon c\u0153ur a pens\u00e9 aujourd\u2019hui en la consid\u00e9ration de votre tr\u00e8s cher Fils \u00e0 la Cr\u00e8che, et combien grand m\u2019a paru ce saint Myst\u00e8re voyant que c\u2019\u00e9tait la loi de Gr\u00e2ce donn\u00e9e \u00e0 toute la nature humaine\u00a0\u00bb<span id='easy-footnote-5-105415' class='easy-footnote-margin-adjust'><\/span><span class='easy-footnote'><a href='https:\/\/vincentians.com\/fr\/itineraire-spirituel-de-louise-de-marillac-rencontre-avec-lhumanite-du-fils-de-dieu-5\/#easy-footnote-bottom-5-105415' title='E. 693 &amp;#8211; A.4 &amp;#8211; Oblation \u00e0 la Vierge'><sup>5<\/sup><\/a><\/span>. Louise voudrait pouvoir proclamer bien haut toute la splendeur de la femme Marie, de cette femme qui a engendr\u00e9 en son humanit\u00e9 le Fils de Dieu. \u00ab\u00a0O mon Dieu, comment mon esprit n\u2019est-il point capable de faire conna\u00eetre au monde les beaut\u00e9s que vous m\u2019avez fait voir et la grande dignit\u00e9 de la Sainte Vierge. C\u2019est tout dire qu\u2019elle est M\u00e8re de votre Fils, mais que ses op\u00e9rations comme telles sont admirables\u00a0! Ce n\u2019est pas sans raison que la Sainte \u00c9glise la qualifie M\u00e8re de Mis\u00e9ricorde. Elle l\u2019est en cons\u00e9quence qu\u2019elle est M\u00e8re de Gr\u00e2ce.\u00a0\u00bb<span id='easy-footnote-6-105415' class='easy-footnote-margin-adjust'><\/span><span class='easy-footnote'><a href='https:\/\/vincentians.com\/fr\/itineraire-spirituel-de-louise-de-marillac-rencontre-avec-lhumanite-du-fils-de-dieu-5\/#easy-footnote-bottom-6-105415' title='E. 767 &amp;#8211; A. 14 bis &amp;#8211; de la Sainte Vierge'><sup>6<\/sup><\/a><\/span> Pour Louise, Marie est toute gr\u00e2ce, puisqu\u2019elle a engendr\u00e9 la Gr\u00e2ce m\u00eame.<\/p>\n<p>Rejoignant la pens\u00e9e de Duns Scot, elle affirme fortement la n\u00e9cessit\u00e9 de l\u2019Immacul\u00e9e Conception. \u00ab\u00a0Pl\u00fbt \u00e0 Dieu que je puisse \u00e9crire enti\u00e8rement les pens\u00e9es que sa bont\u00e9 m\u2019a fait la gr\u00e2ce d\u2019avoir au sujet de la Conception Immacul\u00e9e de la Sainte Vierge afin que la v\u00e9ritable connaissance que j\u2019ai eue de ses m\u00e9rites et l\u2019honneur que je lui dois et la volont\u00e9 de lui rendre, ne partent jamais de mon c\u0153ur.\u00a0\u00bb<span id='easy-footnote-7-105415' class='easy-footnote-margin-adjust'><\/span><span class='easy-footnote'><a href='https:\/\/vincentians.com\/fr\/itineraire-spirituel-de-louise-de-marillac-rencontre-avec-lhumanite-du-fils-de-dieu-5\/#easy-footnote-bottom-7-105415' title='ibid.'><sup>7<\/sup><\/a><\/span> Marie, quoique vraie fille d\u2019Adam, ne peut porter la tare du p\u00e9ch\u00e9 originel qu\u2019elle aurait transmis \u00e0 son fils. C\u2019est pourquoi Dieu, pour r\u00e9aliser son Incarnation R\u00e9demptrice, lui applique, d\u2019une mani\u00e8re anticip\u00e9e, les m\u00e9rites de la mort de son Fils \u00ab\u00a0Consid\u00e9rant donc cette Sainte Conception j\u2019ai vu \u00e0 m\u00eame temps l\u2019application du dessein de Dieu par l\u2019Incarnation de son Fils \u00e0 la mati\u00e8re qui devait former ce Corps virginal, afin que, quoique vraie fille d\u2019Adam, il n\u2019e\u00fbt aucune tare du p\u00e9ch\u00e9 originel puisque, en lui, se devait former le divin Corps du Fils de Dieu qui n\u2019e\u00fbt pu par sa mort satisfaire \u00e0 la divine justice s\u2019il e\u00fbt particip\u00e9 au p\u00e9ch\u00e9 originel. Ce Corps tr\u00e8s pur de la Sainte Vierge, est le digne logement de l\u2019\u00e2me que Dieu lui a cr\u00e9\u00e9e, et l\u2019un et l\u2019autre toujours agr\u00e9ables \u00e0 Dieu, toujours enrichis, outre sa Conception toute pure, des m\u00e9rites de la mort de son Fils.\u00a0\u00bb<span id='easy-footnote-8-105415' class='easy-footnote-margin-adjust'><\/span><span class='easy-footnote'><a href='https:\/\/vincentians.com\/fr\/itineraire-spirituel-de-louise-de-marillac-rencontre-avec-lhumanite-du-fils-de-dieu-5\/#easy-footnote-bottom-8-105415' title='E. 818 &amp;#8211; A. 31 bis &amp;#8211; Pens\u00e9es sur l&amp;rsquo;Immacul\u00e9e Conception de la Vierge Marie'><sup>8<\/sup><\/a><\/span>\n<p>Louise souhaite que la Conception Immacul\u00e9e de Marie soit reconnue et c\u00e9l\u00e9br\u00e9e car\u00a0: \u00ab\u00a0elle est l\u2019unique pure cr\u00e9ature qui ait toujours \u00e9t\u00e9 agr\u00e9able \u00e0 Dieu, ce qui la fait \u00eatre l\u2019\u00e9tonnement de toute la Cour C\u00e9leste, et admir\u00e9e de tous les humains \u00ab\u00a0<span id='easy-footnote-9-105415' class='easy-footnote-margin-adjust'><\/span><span class='easy-footnote'><a href='https:\/\/vincentians.com\/fr\/itineraire-spirituel-de-louise-de-marillac-rencontre-avec-lhumanite-du-fils-de-dieu-5\/#easy-footnote-bottom-9-105415' title='ibid.'><sup>9<\/sup><\/a><\/span>. Mais, connaissant les disputes qui agitent si fortement les th\u00e9ologiens sur ce sujet et les multiples interventions du Pape en ce d\u00e9but du XVII \u00e8me si\u00e8cle, Louise garde sa pens\u00e9e pour elle-m\u00eame, n\u2019en parle pas aux S\u0153urs dans ses lettres. De plus, elle soumet son opinion \u00e0 la d\u00e9cision de l\u2019Eglise. \u00ab\u00a0(Dieu a voulu) faire un acte de sa volont\u00e9 sp\u00e9cifi\u00e9e pour la cr\u00e9ation de l\u2019\u00e2me de la Sainte Vierge, et ce pourrait aussi avoir \u00e9t\u00e9 un acte effectif, que je soumets enti\u00e8rement \u00e0 la Sainte Eglise, ne m\u2019en servant que pour en honorer davantage la Sainte Vierge\u00a0\u00bb<span id='easy-footnote-10-105415' class='easy-footnote-margin-adjust'><\/span><span class='easy-footnote'><a href='https:\/\/vincentians.com\/fr\/itineraire-spirituel-de-louise-de-marillac-rencontre-avec-lhumanite-du-fils-de-dieu-5\/#easy-footnote-bottom-10-105415' title='ibid.'><sup>10<\/sup><\/a><\/span>.<\/p>\n<p>Dans sa m\u00e9ditation, dans sa pri\u00e8re, Louise associe intimement Marie \u00e0 tous les myst\u00e8res de son Fils. \u00a0\u00bb Dieu a tant voulu honorer la Sainte Vierge, que nous pouvons dire qu\u2019elle a quelque part de contribution \u00e0 tous les myst\u00e8res que Notre-Seigneur a op\u00e9r\u00e9s\u00a0; elle a contribu\u00e9 \u00e0 son humanit\u00e9 par son sang et son lait virginal\u00a0\u00bb<span id='easy-footnote-11-105415' class='easy-footnote-margin-adjust'><\/span><span class='easy-footnote'><a href='https:\/\/vincentians.com\/fr\/itineraire-spirituel-de-louise-de-marillac-rencontre-avec-lhumanite-du-fils-de-dieu-5\/#easy-footnote-bottom-11-105415' title='E. 730 &amp;#8211; M. 35 bis &amp;#8211; Songe, la veille du 8 d\u00e9cembre'><sup>11<\/sup><\/a><\/span>. Chaque fois qu\u2019elle contemple le Christ, Louise rencontre sa M\u00e8re, accueillante \u00e0 tous les hommes rachet\u00e9s par le sang de son Fils et le sien. Louise, peut-\u00eatre marqu\u00e9e par les \u00e9crits de Catherine de Sienne, parle souvent du sang du Christ, le sang de Marie. Il est r\u00e9pandu au Calvaire pour le salut des hommes\u00a0: \u00ab\u00a0Ayez compassion, sainte Vierge, de toutes les \u00e2mes rachet\u00e9es du Fils de Dieu et le v\u00f4tre. Repr\u00e9sentez \u00e0 la justice divine les pures mamelles qui lui ont fourni le sacr\u00e9 sang r\u00e9pandu en la mort de votre divin Fils pour notre R\u00e9demption\u00a0\u00bb<span id='easy-footnote-12-105415' class='easy-footnote-margin-adjust'><\/span><span class='easy-footnote'><a href='https:\/\/vincentians.com\/fr\/itineraire-spirituel-de-louise-de-marillac-rencontre-avec-lhumanite-du-fils-de-dieu-5\/#easy-footnote-bottom-12-105415' title='E. 820 &amp;#8211; M. 5 bis &amp;#8211; La Vierge Co-r\u00e9demptrice'><sup>12<\/sup><\/a><\/span>. Le sang du Christ est l\u00e0 sur l\u2019Autel, source de vie pour tous les hommes \u00ab\u00a0Je l\u2019ai congratul\u00e9e de l\u2019excellente dignit\u00e9 qu\u2019elle a par ce moyen \u00e0 ce grand et divin sacrifice perp\u00e9tuel de la Croix, repr\u00e9sent\u00e9 et offert sur nos autels\u00a0\u00bb<span id='easy-footnote-13-105415' class='easy-footnote-margin-adjust'><\/span><span class='easy-footnote'><a href='https:\/\/vincentians.com\/fr\/itineraire-spirituel-de-louise-de-marillac-rencontre-avec-lhumanite-du-fils-de-dieu-5\/#easy-footnote-bottom-13-105415' title='E. 694 &amp;#8211; A. 4 &amp;#8211; Oblation \u00e0 la Vierge'><sup>13<\/sup><\/a><\/span> La c\u00e9l\u00e9bration eucharistique met en \u00e9vidence la maternit\u00e9 de Marie car comme le dit Jean-Paul II, \u00ab\u00a0le Christ se rend pr\u00e9sent en son vrai corps, n\u00e9 de la Vierge Marie\u00a0\u00bb<span id='easy-footnote-14-105415' class='easy-footnote-margin-adjust'><\/span><span class='easy-footnote'><a href='https:\/\/vincentians.com\/fr\/itineraire-spirituel-de-louise-de-marillac-rencontre-avec-lhumanite-du-fils-de-dieu-5\/#easy-footnote-bottom-14-105415' title='E. 820 &amp;#8211; M. 5 bis &amp;#8211; La Vierge Co-R\u00e9demptrice'><sup>14<\/sup><\/a><\/span>.<\/p>\n<p>Pour honorer ce \u00ab\u00a0chef d\u2019\u0153uvre de la toute puissance de Dieu dans la nature purement humaine\u00a0\u00bb<span id='easy-footnote-15-105415' class='easy-footnote-margin-adjust'><\/span><span class='easy-footnote'><a href='https:\/\/vincentians.com\/fr\/itineraire-spirituel-de-louise-de-marillac-rencontre-avec-lhumanite-du-fils-de-dieu-5\/#easy-footnote-bottom-15-105415' title='JEAN PAUL II &amp;#8211; La m\u00e8redu R\u00e9dempteur &amp;#8211; n\u00b0 44'><sup>15<\/sup><\/a><\/span>, \u00ab\u00a0le commencement de la Lumi\u00e8re que le Fils de Dieu devait apporter au monde\u00a0\u00bb<span id='easy-footnote-16-105415' class='easy-footnote-margin-adjust'><\/span><span class='easy-footnote'><a href='https:\/\/vincentians.com\/fr\/itineraire-spirituel-de-louise-de-marillac-rencontre-avec-lhumanite-du-fils-de-dieu-5\/#easy-footnote-bottom-16-105415' title='E. 819 &amp;#8211; A. 31 bis &amp;#8211; Pens\u00e9es sur l&amp;rsquo;Immacul\u00e9e Conception'><sup>16<\/sup><\/a><\/span>, Louise propose de regarder l\u2019efflorescence de vertus qui jaillissent du c\u0153ur de cette femme, devenue M\u00e8re de Dieu.<\/p>\n<p>Ce qui retient l\u2019attention de Louise de Marillac, c\u2019est tout d\u2019abord l\u2019adh\u00e9sion pl\u00e9ni\u00e8re de Marie aux desseins de Dieu. \u00a0\u00bb Que glorieuse soit \u00e9ternellement cette belle \u00e2me, \u00e9lue entre les mille millions pour l\u2019adh\u00e9rence qu\u2019elle a donn\u00e9e aux desseins de Dieu.\u00a0\u00bb<span id='easy-footnote-17-105415' class='easy-footnote-margin-adjust'><\/span><span class='easy-footnote'><a href='https:\/\/vincentians.com\/fr\/itineraire-spirituel-de-louise-de-marillac-rencontre-avec-lhumanite-du-fils-de-dieu-5\/#easy-footnote-bottom-17-105415' title='E. 730 &amp;#8211; M. 35 bis &amp;#8211; Songe, la veille du 8 d\u00e9cembre'><sup>17<\/sup><\/a><\/span> Louise, dans son acte d\u2019Oblation \u00e0 Marie, lui adresse la pri\u00e8re suivante\u00a0:<\/p>\n<p style=\"text-align: center\">\u00ab\u00a0<i>Je suis \u00e0 vous, Sainte Vierge, pour \u00eatre plus parfaitement \u00e0 Dieu.<br \/>\nVous appartenant, apprenez-moi \u00e0 imiter votre sainte vie,<br \/>\npar l\u2019ex\u00e9cution de ce que Dieu demande de moi.<br \/>\nJe requiers en tout humilit\u00e9 votre assistance\u00a0;<br \/>\nvous connaissez ma faiblesse, vous voyez mon c\u0153ur,<br \/>\nfaites s\u2019il vous pla\u00eet, par vos pri\u00e8res, ce que je laisse par mon impuissance et n\u00e9gligence,<br \/>\net puisque c\u2019est de votre cher Fils, mon R\u00e9dempteur,<br \/>\nque vous avez pris les h\u00e9ro\u00efques vertus que vous avez pratiqu\u00e9es sur la terre,<br \/>\nunissez l\u2019esprit de mes actions \u00e0 sa sainte pr\u00e9sence pour la gloire de son saint Amour. \u00ab\u00a0<\/i><span id='easy-footnote-18-105415' class='easy-footnote-margin-adjust'><\/span><span class='easy-footnote'><a href='https:\/\/vincentians.com\/fr\/itineraire-spirituel-de-louise-de-marillac-rencontre-avec-lhumanite-du-fils-de-dieu-5\/#easy-footnote-bottom-18-105415' title='E. 693 &amp;#8211; A.4 &amp;#8211; Oblation \u00e0 la Vierge'><sup>18<\/sup><\/a><\/span>\n<p>Le dessein de Dieu, manifest\u00e9 en l\u2019Incarnation du Fils, est vraiment au centre des pens\u00e9es de Louise de Marillac. La cons\u00e9cration de la Compagnie des Filles de la Charit\u00e9 \u00e0 Marie appara\u00eet comme la synth\u00e8se de toute sa m\u00e9ditation. Relatant son p\u00e8lerinage \u00e0 Chartres, en octobre 1644, Louise \u00e9crit\u00a0: \u00ab\u00a0Et voyant en la Sainte Vierge, l\u2019accomplissement des promesses de Dieu aux hommes,\u2026 je lui ai demand\u00e9, pour la Compagnie, cette fid\u00e9lit\u00e9 par les m\u00e9rites du sang du Fils de Dieu et de Marie \u00ab\u00a0<span id='easy-footnote-19-105415' class='easy-footnote-margin-adjust'><\/span><span class='easy-footnote'><a href='https:\/\/vincentians.com\/fr\/itineraire-spirituel-de-louise-de-marillac-rencontre-avec-lhumanite-du-fils-de-dieu-5\/#easy-footnote-bottom-19-105415' title='ibid.'><sup>19<\/sup><\/a><\/span> Par son Oui, Marie accueille l\u2019Incarnation du Verbe de Dieu. Le dessein d\u2019Amour de Dieu sur l\u2019humanit\u00e9 peut se r\u00e9aliser. Toute la vie de Marie montre sa participation \u00e0 l\u2019\u0153uvre de la R\u00e9demption\u00a0: au pied de la Croix, elle est \u00e9tablie, par son Fils mourant, M\u00e8re de tous les hommes. De plus, Louise de Marillac ne craint pas d\u2019\u00e9tablir un parall\u00e8le entre la vie de Marie et celle de la Fille de la Charit\u00e9. Femme, appel\u00e9e par Dieu, la Fille de la Charit\u00e9 s\u2019engage, par son service corporel et spirituel, \u00e0 rejoindre l\u2019homme dans toutes les dimensions de son \u00eatre, \u00e0 lui dire la Bonne Nouvelle de J\u00e9sus-Christ. Elle participe \u00e0 l\u2019\u0153uvre de la R\u00e9demption en aidant le pauvre, d\u00e9figur\u00e9 par toutes sortes de mal, \u00e0 s\u2019en lib\u00e9rer et \u00e0 retrouver sa dignit\u00e9 d\u2019homme.<\/p>\n<p>Comme elle avait longuement contempl\u00e9 l\u2019humilit\u00e9 de Dieu en l\u2019Incarnation du Verbe, Louise de Marillac s\u2019arr\u00eate aussi sur l\u2019humilit\u00e9 de Marie\u00a0:\u00a0\u00bb \u00f4 Sainte Vierge, que votre vertu est admirable. Vous voil\u00e0 M\u00e8re d\u2019un Dieu, et n\u00e9anmoins, vous ne vous tirez point de la bassesse et pauvret\u00e9. \u00ab\u00a0<span id='easy-footnote-20-105415' class='easy-footnote-margin-adjust'><\/span><span class='easy-footnote'><a href='https:\/\/vincentians.com\/fr\/itineraire-spirituel-de-louise-de-marillac-rencontre-avec-lhumanite-du-fils-de-dieu-5\/#easy-footnote-bottom-20-105415' title='E. 120 &amp;#8211; L. 111 &amp;#8211; R\u00e9cit du p\u00e9lerinage \u00e0 Chartres &amp;#8211; octobre 1644'><sup>20<\/sup><\/a><\/span>. C\u2019est de Marie, la femme choisie de Dieu, pour donner la Vie au monde que la Fille de la Charit\u00e9, femme appel\u00e9e par Dieu pour porter la vie aux pauvres, pourra apprendre l\u2019humilit\u00e9, cette vertu fondamentale pour tous ceux qui s\u2019engagent dans le service du prochain\u00a0: \u00ab\u00a0Dans la conduite de nos actions, jetons les yeux sur celles de la sainte Vierge, et pensons que le plus grand honneur que nous lui saurions rendre est d\u2019imiter ses vertus, particuli\u00e8rement\u2026 son humilit\u00e9, puisque par elle Dieu a fait en sa personne des choses si grandes\u00a0\u00bb<span id='easy-footnote-21-105415' class='easy-footnote-margin-adjust'><\/span><span class='easy-footnote'><a href='https:\/\/vincentians.com\/fr\/itineraire-spirituel-de-louise-de-marillac-rencontre-avec-lhumanite-du-fils-de-dieu-5\/#easy-footnote-bottom-21-105415' title='E. 767 &amp;#8211; A. 14 bis &amp;#8211; De la Vierge Marie'><sup>21<\/sup><\/a><\/span>. L\u2019humilit\u00e9 demande une grande lucidit\u00e9 sur soi\u00a0: elle n\u2019est pas ignorance de ce que l\u2019on est. Marie reconna\u00eet les dons re\u00e7us de Dieu et en rend gr\u00e2ces\u00a0: \u00ab\u00a0Votre grande humilit\u00e9 vous rendait continuellement pr\u00e9sent ce que Dieu faisait en vous et ce que vous \u00e9tiez en Lui\u00a0\u00bb<span id='easy-footnote-22-105415' class='easy-footnote-margin-adjust'><\/span><span class='easy-footnote'><a href='https:\/\/vincentians.com\/fr\/itineraire-spirituel-de-louise-de-marillac-rencontre-avec-lhumanite-du-fils-de-dieu-5\/#easy-footnote-bottom-22-105415' title='E. 777 &amp;#8211; M. 33 &amp;#8211; La d\u00e9votion \u00e0 la Vierge'><sup>22<\/sup><\/a><\/span>. Louise invite les S\u0153urs \u00e0 entrer dans cette d\u00e9marche de v\u00e9rit\u00e9, qui permet aussi de percevoir ses limites, la distance entre ce que nous sommes et ce que Dieu attend de nous. L\u2019humilit\u00e9 est une vertu contradictoire, car elle demande tout \u00e0 la fois de respecter en soi la dignit\u00e9 de tout homme et exige que le moi n\u2019occupe pas toute la place.<\/p>\n<p>En regardant la Vierge Marie, Louise comprend que l\u2019humilit\u00e9 conduit \u00e0 une r\u00e9elle libert\u00e9 dans l\u2019action, car elle permet de s\u2019engager dans les t\u00e2ches \u00e0 faire sans pr\u00e9tendre savoir \u00e0 l\u2019avance la mesure et les r\u00e9sultats. Marie donne son consentement et accepte de marcher dans la Foi. Ce ne sont pas la petitesse et l\u2019\u00e9troitesse des t\u00e2ches qui d\u00e9finissent l\u2019humilit\u00e9, mais l\u2019acte de ne pas s\u2019appuyer sur sa propre assurance. L\u2019humble, parce qu\u2019il ne porte pas t\u00e9moignage de lui-m\u00eame, devient le vrai t\u00e9moin de Dieu. Ce serait d\u00e9naturer le service des pauvres, si les servantes y recherchaient leur seul int\u00e9r\u00eat\u00a0:\u00a0\u00bb Oh\u00a0! mes ch\u00e8res S\u0153urs, ce n\u2019est pas assez d\u2019\u00eatre Fille de la Charit\u00e9 de nom, ce n\u2019est pas assez d\u2019\u00eatre au service des Pauvres dans un h\u00f4pital quoique ce vous soit un bien que jamais vous ne saurez assez estimer, mais il faut avoir les vraies et solides vertus que vous savez devoir avoir pour bien faire l\u2019\u0153uvre en laquelle vous \u00eates si heureuse d\u2019\u00eatre employ\u00e9es\u00a0; sans cela, mes S\u0153urs, votre travail vous sera presque inutile\u00a0\u00bb<span id='easy-footnote-23-105415' class='easy-footnote-margin-adjust'><\/span><span class='easy-footnote'><a href='https:\/\/vincentians.com\/fr\/itineraire-spirituel-de-louise-de-marillac-rencontre-avec-lhumanite-du-fils-de-dieu-5\/#easy-footnote-bottom-23-105415' title='E. 693 &amp;#8211; A. 4 &amp;#8211; Oblation \u00e0 la Vierge'><sup>23<\/sup><\/a><\/span>. Seule l\u2019humilit\u00e9 permet d\u2019allier, en toute v\u00e9rit\u00e9 et authenticit\u00e9, l\u2019amour de Dieu, des autres et soi-m\u00eame. Louise de Marillac a fait sien l\u2019enseignement de Fran\u00e7ois de Sales\u00a0: \u00ab\u00a0L\u2019humble est d\u2019autant plus courageux qu\u2019il se reconna\u00eet plus impuissant. Et \u00e0 mesure qu\u2019il s\u2019estime ch\u00e9tif, il devient plus hardi parce qu\u2019il a toute sa confiance en Dieu\u00a0\u00bb.<\/p>\n<p>Pour que les S\u0153urs puissent manifester tout l\u2019amour envers la M\u00e8re de Dieu, Louise les convie \u00e0 c\u00e9l\u00e9brer \u00a0\u00bb les f\u00eates que la Sainte Eglise a ordonn\u00e9es en son honneur\u00a0\u00bb<span id='easy-footnote-24-105415' class='easy-footnote-margin-adjust'><\/span><span class='easy-footnote'><a href='https:\/\/vincentians.com\/fr\/itineraire-spirituel-de-louise-de-marillac-rencontre-avec-lhumanite-du-fils-de-dieu-5\/#easy-footnote-bottom-24-105415' title='E. 127 &amp;#8211; A Soeur Madeleine \u00e0 Angers &amp;#8211; 27 juin 1645'><sup>24<\/sup><\/a><\/span>, \u00e0 regarder comment Marie a accueilli la volont\u00e9 de Dieu et \u00ab\u00a0la prier chaque jour de nous aider \u00e0 faire sa sainte volont\u00e9 dans la m\u00eame soumission qu\u2019elle avait pour elle\u00a0\u00bb<span id='easy-footnote-25-105415' class='easy-footnote-margin-adjust'><\/span><span class='easy-footnote'><a href='https:\/\/vincentians.com\/fr\/itineraire-spirituel-de-louise-de-marillac-rencontre-avec-lhumanite-du-fils-de-dieu-5\/#easy-footnote-bottom-25-105415' title='E. 778 &amp;#8211; M. 33 &amp;#8211; La d\u00e9votion \u00e0 la Vierge Marie'><sup>25<\/sup><\/a><\/span>\n<p>La f\u00eate de No\u00ebl est le moment o\u00f9 la maternit\u00e9 divine de Marie est mise en \u00e9vidence. Louise, \u00ab\u00a0tr\u00e8s touch\u00e9e des gr\u00e2ces re\u00e7ues de Dieu, par le moyen de l\u2019Incarnation\u00a0\u00bb<span id='easy-footnote-26-105415' class='easy-footnote-margin-adjust'><\/span><span class='easy-footnote'><a href='https:\/\/vincentians.com\/fr\/itineraire-spirituel-de-louise-de-marillac-rencontre-avec-lhumanite-du-fils-de-dieu-5\/#easy-footnote-bottom-26-105415' title='ibid.'><sup>26<\/sup><\/a><\/span> sait, en son \u00eatre de femme, que Marie est \u00ab\u00a0comme le canal par lequel tout ce bien nous est communiqu\u00e9\u00a0\u00bb<span id='easy-footnote-27-105415' class='easy-footnote-margin-adjust'><\/span><span class='easy-footnote'><a href='https:\/\/vincentians.com\/fr\/itineraire-spirituel-de-louise-de-marillac-rencontre-avec-lhumanite-du-fils-de-dieu-5\/#easy-footnote-bottom-27-105415' title='E. 777 &amp;#8211; ibid.'><sup>27<\/sup><\/a><\/span>. Mais son regard ne quitte pas l\u2019Enfant J\u00e9sus qui vient au monde \u00ab\u00a0en une innocence plus parfaite que celle du premier homme\u00a0\u00bb<span id='easy-footnote-28-105415' class='easy-footnote-margin-adjust'><\/span><span class='easy-footnote'><a href='https:\/\/vincentians.com\/fr\/itineraire-spirituel-de-louise-de-marillac-rencontre-avec-lhumanite-du-fils-de-dieu-5\/#easy-footnote-bottom-28-105415' title='ibid.'><sup>28<\/sup><\/a><\/span>.<\/p>\n<p>La f\u00eate de l\u2019Annonciation qui glorifie tout \u00e0 la fois l\u2019Incarnation du Fils de Dieu et le don total de Marie au Seigneur, est la grande f\u00eate de la Compagnie des Filles de la Charit\u00e9. C\u2019est le jour o\u00f9 chacune d\u2019elles, en tous pays, renouvelle son engagement au Seigneur, puisque, depuis les origines, les v\u0153ux sont des v\u0153ux annuels. Librement, Marie a assum\u00e9 la vocation re\u00e7ue de Dieu et s\u2019est engag\u00e9e dans la mission qui lui \u00e9tait confi\u00e9e\u00a0: donner le Verbe de Vie au monde. Marie est, par sa maternit\u00e9, intimement li\u00e9e au dessein divin de Salut de l\u2019homme. Louise ose dire aux S\u0153urs au cours de l\u2019une de ses conf\u00e9rences\u00a0:\u00a0\u00bbN\u2019est-il pas glorieux aux \u00e2mes de coop\u00e9rer avec Dieu \u00e0 l\u2019accomplissement de ses desseins\u00a0\u00bb<span id='easy-footnote-29-105415' class='easy-footnote-margin-adjust'><\/span><span class='easy-footnote'><a href='https:\/\/vincentians.com\/fr\/itineraire-spirituel-de-louise-de-marillac-rencontre-avec-lhumanite-du-fils-de-dieu-5\/#easy-footnote-bottom-29-105415' title='E. 776 &amp;#8211; A. 14 &amp;#8211; Pens\u00e9es sur l&amp;rsquo;Incarnation et l&amp;rsquo;Eucharistie'><sup>29<\/sup><\/a><\/span> !<\/p>\n<p>Honorer l\u2019Immacul\u00e9e Conception de Marie, c\u2019est admirer la limpidit\u00e9 de tout son \u00eatre, la v\u00e9rit\u00e9 de son amour pour Dieu. C\u2019est, pour la Fille de la Charit\u00e9, essayer de vivre cette m\u00eame puret\u00e9 en toutes ses pens\u00e9es, paroles et actions\u00a0:\u00a0\u00bb Que les amants de cette sainte et toute pure Vierge soient attentifs \u00e0 la consid\u00e9ration de ses actions qui, jamais, n\u2019ont su \u00eatre le moins du monde d\u00e9sagr\u00e9ables \u00e0 Dieu, \u00e9tant toujours faites selon sa tr\u00e8s sainte Volont\u00e9.\u00a0\u00bb<span id='easy-footnote-30-105415' class='easy-footnote-margin-adjust'><\/span><span class='easy-footnote'><a href='https:\/\/vincentians.com\/fr\/itineraire-spirituel-de-louise-de-marillac-rencontre-avec-lhumanite-du-fils-de-dieu-5\/#easy-footnote-bottom-30-105415' title='E. 816 &amp;#8211; A. 27 &amp;#8211; Le pur amour vou\u00e9 \u00e0 Dieu'><sup>30<\/sup><\/a><\/span>\n<p>L\u2019Assomption de Marie glorifie la femme, M\u00e8re de Dieu. C\u2019est une nouvelle invitation \u00e0 d\u00e9couvrir la dignit\u00e9 de tout homme, de toute femme, quelles que soient leur mis\u00e8re, leur pauvret\u00e9, leur d\u00e9ch\u00e9ance. Honorer Marie, ce sera, pour la Fille de la Charit\u00e9, s\u2019engager avec encore plus d\u2019amour dans son service, ce qui implique une profonde vie spirituelle, comme l\u2019explique Louise de Marillac aux S\u0153urs de la communaut\u00e9 d\u2019Angers\u00a0: \u00ab\u00a0Je supplie Notre Seigneur\u2026 que vous ayez aujourd\u2019hui bien accompagn\u00e9 la Sainte Vierge en sa mort par le sacrifice volontaire que vous pouvez lui avoir fait de mourir \u00e0 vous m\u00eame pour bien vivre en Dieu, faisant tout le reste de vos jours sa tr\u00e8s sainte volont\u00e9.\u00a0\u00bb<span id='easy-footnote-31-105415' class='easy-footnote-margin-adjust'><\/span><span class='easy-footnote'><a href='https:\/\/vincentians.com\/fr\/itineraire-spirituel-de-louise-de-marillac-rencontre-avec-lhumanite-du-fils-de-dieu-5\/#easy-footnote-bottom-31-105415' title='E. 819 &amp;#8211; A. 31 bis &amp;#8211; Pens\u00e9es sur l&amp;rsquo;Immacul\u00e9e Conception'><sup>31<\/sup><\/a><\/span>\n<p>Louise de Marillac souhaite que \u00ab\u00a0toutes les \u00e2mes vraiment chr\u00e9tiennes aient un grand amour \u00e0 la Sainte Vierge et l\u2019honore beaucoup pour sa qualit\u00e9 de M\u00e8re de Dieu\u00a0\u00bb<span id='easy-footnote-32-105415' class='easy-footnote-margin-adjust'><\/span><span class='easy-footnote'><a href='https:\/\/vincentians.com\/fr\/itineraire-spirituel-de-louise-de-marillac-rencontre-avec-lhumanite-du-fils-de-dieu-5\/#easy-footnote-bottom-32-105415' title='E. 445 &amp;#8211; A C\u00e9cile Angiboust &amp;#8211; 15 ao\u00fbt 1654'><sup>32<\/sup><\/a><\/span>. Honorer, louer, prier Marie, c\u2019est glorifier son Fils. Marie ne d\u00e9tourne pas de J\u00e9sus, elle y conduit. Elle qui a donn\u00e9 la Lumi\u00e8re au monde, n\u2019h\u00e9site pas \u00e0 demander \u00e0 son Fils, les lumi\u00e8res n\u00e9cessaires \u00e0 chacun et chacune pour vivre, \u00e0 la suite du Christ, dans l\u2019Amour de Dieu et des hommes.<\/p>\n","protected":false},"excerpt":{"rendered":"<p>Marie, chef d\u2019\u0153uvre de Dieu Pour devenir homme parmi les hommes, Dieu, dans le conseil de la Trinit\u00e9, fait appel \u00e0 une femme et n\u2019h\u00e9site pas \u00e0 l\u2019associer d\u2019une mani\u00e8re tr\u00e8s particuli\u00e8re \u00e0 sa divinit\u00e9. &#8230; <a href=\"https:\/\/vincentians.com\/fr\/itineraire-spirituel-de-louise-de-marillac-rencontre-avec-lhumanite-du-fils-de-dieu-5\/\" class=\"more-link\">Read More<\/a><\/p>\n","protected":false},"author":4,"featured_media":104506,"comment_status":"open","ping_status":"open","sticky":false,"template":"","format":"standard","meta":{"jetpack_post_was_ever_published":false,"_jetpack_newsletter_access":"","_jetpack_dont_email_post_to_subs":false,"_jetpack_newsletter_tier_id":0,"_jetpack_memberships_contains_paywalled_content":false,"_jetpack_memberships_contains_paid_content":false,"footnotes":"","jetpack_publicize_message":"","jetpack_publicize_feature_enabled":true,"jetpack_social_post_already_shared":true,"jetpack_social_options":{"image_generator_settings":{"template":"highway","default_image_id":0,"font":"","enabled":false},"version":2}},"categories":[18],"tags":[],"class_list":["post-105415","post","type-post","status-publish","format-standard","has-post-thumbnail","hentry","category-louise-de-marillac"],"yoast_head":"<!-- This site is optimized with the Yoast SEO plugin v26.3 - https:\/\/yoast.com\/wordpress\/plugins\/seo\/ -->\n<title>Itin\u00e9raire spirituel de Louise de Marillac. Rencontre avec l\u2019humanit\u00e9 du Fils de Dieu (5) - Nous Sommes Vincentiens<\/title>\n<meta name=\"robots\" content=\"index, follow, max-snippet:-1, max-image-preview:large, max-video-preview:-1\" \/>\n<link rel=\"canonical\" href=\"https:\/\/vincentians.com\/fr\/itineraire-spirituel-de-louise-de-marillac-rencontre-avec-lhumanite-du-fils-de-dieu-5\/\" \/>\n<meta property=\"og:locale\" content=\"fr_FR\" \/>\n<meta property=\"og:type\" content=\"article\" \/>\n<meta property=\"og:title\" content=\"Itin\u00e9raire spirituel de Louise de Marillac. Rencontre avec l\u2019humanit\u00e9 du Fils de Dieu (5) - Nous Sommes Vincentiens\" \/>\n<meta property=\"og:description\" content=\"Marie, chef d\u2019\u0153uvre de Dieu Pour devenir homme parmi les hommes, Dieu, dans le conseil de la Trinit\u00e9, fait appel \u00e0 une femme et n\u2019h\u00e9site pas \u00e0 l\u2019associer d\u2019une mani\u00e8re tr\u00e8s particuli\u00e8re \u00e0 sa divinit\u00e9. ... Read More\" \/>\n<meta property=\"og:url\" content=\"https:\/\/vincentians.com\/fr\/itineraire-spirituel-de-louise-de-marillac-rencontre-avec-lhumanite-du-fils-de-dieu-5\/\" \/>\n<meta property=\"og:site_name\" content=\"Nous Sommes Vincentiens\" \/>\n<meta property=\"article:publisher\" content=\"https:\/\/www.facebook.com\/WeAreVincentians\/\" \/>\n<meta property=\"article:author\" content=\"https:\/\/www.facebook.com\/JavierChento\" \/>\n<meta property=\"article:published_time\" content=\"2015-02-16T06:50:24+00:00\" \/>\n<meta name=\"author\" content=\"Francisco Javier Fern\u00e1ndez Chento\" \/>\n<meta name=\"twitter:card\" content=\"summary_large_image\" \/>\n<meta name=\"twitter:creator\" content=\"@https:\/\/twitter.com\/javierchento\" \/>\n<meta name=\"twitter:site\" content=\"@WeVincentians\" \/>\n<meta name=\"twitter:label1\" content=\"\u00c9crit par\" \/>\n\t<meta name=\"twitter:data1\" content=\"Francisco Javier Fern\u00e1ndez Chento\" \/>\n\t<meta name=\"twitter:label2\" content=\"Dur\u00e9e de lecture estim\u00e9e\" \/>\n\t<meta name=\"twitter:data2\" content=\"16 minutes\" \/>\n<script type=\"application\/ld+json\" class=\"yoast-schema-graph\">{\"@context\":\"https:\/\/schema.org\",\"@graph\":[{\"@type\":\"WebPage\",\"@id\":\"https:\/\/vincentians.com\/fr\/itineraire-spirituel-de-louise-de-marillac-rencontre-avec-lhumanite-du-fils-de-dieu-5\/\",\"url\":\"https:\/\/vincentians.com\/fr\/itineraire-spirituel-de-louise-de-marillac-rencontre-avec-lhumanite-du-fils-de-dieu-5\/\",\"name\":\"Itin\u00e9raire spirituel de Louise de Marillac. Rencontre avec l\u2019humanit\u00e9 du Fils de Dieu (5) - Nous Sommes Vincentiens\",\"isPartOf\":{\"@id\":\"https:\/\/vincentians.com\/fr\/#website\"},\"primaryImageOfPage\":{\"@id\":\"https:\/\/vincentians.com\/fr\/itineraire-spirituel-de-louise-de-marillac-rencontre-avec-lhumanite-du-fils-de-dieu-5\/#primaryimage\"},\"image\":{\"@id\":\"https:\/\/vincentians.com\/fr\/itineraire-spirituel-de-louise-de-marillac-rencontre-avec-lhumanite-du-fils-de-dieu-5\/#primaryimage\"},\"thumbnailUrl\":\"\",\"datePublished\":\"2015-02-16T06:50:24+00:00\",\"author\":{\"@id\":\"https:\/\/vincentians.com\/fr\/#\/schema\/person\/9623ef4d9aa3b2dfb8c061f1499288f2\"},\"breadcrumb\":{\"@id\":\"https:\/\/vincentians.com\/fr\/itineraire-spirituel-de-louise-de-marillac-rencontre-avec-lhumanite-du-fils-de-dieu-5\/#breadcrumb\"},\"inLanguage\":\"fr-FR\",\"potentialAction\":[{\"@type\":\"ReadAction\",\"target\":[\"https:\/\/vincentians.com\/fr\/itineraire-spirituel-de-louise-de-marillac-rencontre-avec-lhumanite-du-fils-de-dieu-5\/\"]}]},{\"@type\":\"ImageObject\",\"inLanguage\":\"fr-FR\",\"@id\":\"https:\/\/vincentians.com\/fr\/itineraire-spirituel-de-louise-de-marillac-rencontre-avec-lhumanite-du-fils-de-dieu-5\/#primaryimage\",\"url\":\"\",\"contentUrl\":\"\"},{\"@type\":\"BreadcrumbList\",\"@id\":\"https:\/\/vincentians.com\/fr\/itineraire-spirituel-de-louise-de-marillac-rencontre-avec-lhumanite-du-fils-de-dieu-5\/#breadcrumb\",\"itemListElement\":[{\"@type\":\"ListItem\",\"position\":1,\"name\":\"Portada\",\"item\":\"https:\/\/vincentians.com\/fr\/\"},{\"@type\":\"ListItem\",\"position\":2,\"name\":\"Itin\u00e9raire spirituel de Louise de Marillac. Rencontre avec l\u2019humanit\u00e9 du Fils de Dieu (5)\"}]},{\"@type\":\"WebSite\",\"@id\":\"https:\/\/vincentians.com\/fr\/#website\",\"url\":\"https:\/\/vincentians.com\/fr\/\",\"name\":\"Nous Sommes Vincentiens\",\"description\":\"Know more to serve more\",\"potentialAction\":[{\"@type\":\"SearchAction\",\"target\":{\"@type\":\"EntryPoint\",\"urlTemplate\":\"https:\/\/vincentians.com\/fr\/?s={search_term_string}\"},\"query-input\":{\"@type\":\"PropertyValueSpecification\",\"valueRequired\":true,\"valueName\":\"search_term_string\"}}],\"inLanguage\":\"fr-FR\"},{\"@type\":\"Person\",\"@id\":\"https:\/\/vincentians.com\/fr\/#\/schema\/person\/9623ef4d9aa3b2dfb8c061f1499288f2\",\"name\":\"Francisco Javier Fern\u00e1ndez Chento\",\"image\":{\"@type\":\"ImageObject\",\"inLanguage\":\"fr-FR\",\"@id\":\"https:\/\/vincentians.com\/fr\/#\/schema\/person\/image\/\",\"url\":\"https:\/\/secure.gravatar.com\/avatar\/497d5cde87b4c3d097d0315953521681ba2cd523ee66e5077c3711f7021e65de?s=96&d=mm&r=g\",\"contentUrl\":\"https:\/\/secure.gravatar.com\/avatar\/497d5cde87b4c3d097d0315953521681ba2cd523ee66e5077c3711f7021e65de?s=96&d=mm&r=g\",\"caption\":\"Francisco Javier Fern\u00e1ndez Chento\"},\"description\":\"Director General y cofundador de La Red de Formaci\u00f3n Vicenciana. Javier es laico vicenciano, afiliado a la Congregaci\u00f3n de la Misi\u00f3n y miembro del Equipo de Misiones Populares de la provincia can\u00f3nica de Zaragoza (Espa\u00f1a) de la Congregaci\u00f3n de la Misi\u00f3n. Graduado en la Universidad Oberta de Catalunya con cuatro grados (Asistente de direcci\u00f3n, Gesti\u00f3n Administrativa, Recursos Humanos y Contabilidad Avanzada). Bil\u00edng\u00fce Espa\u00f1ol\/Ingl\u00e9s. gestiona y mantiene varias p\u00e1ginas web cristianas y vicencianas, incluida including La Red de Formaci\u00f3n Vicenciana, de la que es cofundador. Actualmente es responsable del \u00e1rea de Espa\u00f1ol de .famvin, la Red de Noticias de la Familia Vicenciana. Tambi\u00e9n es m\u00fasico cat\u00f3lico y ha editado varios discos. Es Director General y cofundador de Trovador, una reconocida compa\u00f1\u00eda discogr\u00e1fica critiana de Espa\u00f1a. Trabaja en las Tecnolog\u00edas de la Informaci\u00f3n, ofreciendo servicios de alojamiento, dise\u00f1o y mantenimiento Web, as\u00ed como asesoramiento, formaci\u00f3n y soluciones inform\u00e1ticas, gesti\u00f3n documental y digitalizaci\u00f3n de textos, edici\u00f3n y maquetaci\u00f3n de libros, revistas, flyers, etc.\",\"sameAs\":[\"http:\/\/chento.org\",\"https:\/\/www.facebook.com\/JavierChento\",\"https:\/\/x.com\/https:\/\/twitter.com\/javierchento\"],\"url\":\"https:\/\/vincentians.com\/fr\/author\/chento\/\"}]}<\/script>\n<!-- \/ Yoast SEO plugin. -->","yoast_head_json":{"title":"Itin\u00e9raire spirituel de Louise de Marillac. Rencontre avec l\u2019humanit\u00e9 du Fils de Dieu (5) - Nous Sommes Vincentiens","robots":{"index":"index","follow":"follow","max-snippet":"max-snippet:-1","max-image-preview":"max-image-preview:large","max-video-preview":"max-video-preview:-1"},"canonical":"https:\/\/vincentians.com\/fr\/itineraire-spirituel-de-louise-de-marillac-rencontre-avec-lhumanite-du-fils-de-dieu-5\/","og_locale":"fr_FR","og_type":"article","og_title":"Itin\u00e9raire spirituel de Louise de Marillac. Rencontre avec l\u2019humanit\u00e9 du Fils de Dieu (5) - Nous Sommes Vincentiens","og_description":"Marie, chef d\u2019\u0153uvre de Dieu Pour devenir homme parmi les hommes, Dieu, dans le conseil de la Trinit\u00e9, fait appel \u00e0 une femme et n\u2019h\u00e9site pas \u00e0 l\u2019associer d\u2019une mani\u00e8re tr\u00e8s particuli\u00e8re \u00e0 sa divinit\u00e9. ... Read More","og_url":"https:\/\/vincentians.com\/fr\/itineraire-spirituel-de-louise-de-marillac-rencontre-avec-lhumanite-du-fils-de-dieu-5\/","og_site_name":"Nous Sommes Vincentiens","article_publisher":"https:\/\/www.facebook.com\/WeAreVincentians\/","article_author":"https:\/\/www.facebook.com\/JavierChento","article_published_time":"2015-02-16T06:50:24+00:00","author":"Francisco Javier Fern\u00e1ndez Chento","twitter_card":"summary_large_image","twitter_creator":"@https:\/\/twitter.com\/javierchento","twitter_site":"@WeVincentians","twitter_misc":{"\u00c9crit par":"Francisco Javier Fern\u00e1ndez Chento","Dur\u00e9e de lecture estim\u00e9e":"16 minutes"},"schema":{"@context":"https:\/\/schema.org","@graph":[{"@type":"WebPage","@id":"https:\/\/vincentians.com\/fr\/itineraire-spirituel-de-louise-de-marillac-rencontre-avec-lhumanite-du-fils-de-dieu-5\/","url":"https:\/\/vincentians.com\/fr\/itineraire-spirituel-de-louise-de-marillac-rencontre-avec-lhumanite-du-fils-de-dieu-5\/","name":"Itin\u00e9raire spirituel de Louise de Marillac. Rencontre avec l\u2019humanit\u00e9 du Fils de Dieu (5) - Nous Sommes Vincentiens","isPartOf":{"@id":"https:\/\/vincentians.com\/fr\/#website"},"primaryImageOfPage":{"@id":"https:\/\/vincentians.com\/fr\/itineraire-spirituel-de-louise-de-marillac-rencontre-avec-lhumanite-du-fils-de-dieu-5\/#primaryimage"},"image":{"@id":"https:\/\/vincentians.com\/fr\/itineraire-spirituel-de-louise-de-marillac-rencontre-avec-lhumanite-du-fils-de-dieu-5\/#primaryimage"},"thumbnailUrl":"","datePublished":"2015-02-16T06:50:24+00:00","author":{"@id":"https:\/\/vincentians.com\/fr\/#\/schema\/person\/9623ef4d9aa3b2dfb8c061f1499288f2"},"breadcrumb":{"@id":"https:\/\/vincentians.com\/fr\/itineraire-spirituel-de-louise-de-marillac-rencontre-avec-lhumanite-du-fils-de-dieu-5\/#breadcrumb"},"inLanguage":"fr-FR","potentialAction":[{"@type":"ReadAction","target":["https:\/\/vincentians.com\/fr\/itineraire-spirituel-de-louise-de-marillac-rencontre-avec-lhumanite-du-fils-de-dieu-5\/"]}]},{"@type":"ImageObject","inLanguage":"fr-FR","@id":"https:\/\/vincentians.com\/fr\/itineraire-spirituel-de-louise-de-marillac-rencontre-avec-lhumanite-du-fils-de-dieu-5\/#primaryimage","url":"","contentUrl":""},{"@type":"BreadcrumbList","@id":"https:\/\/vincentians.com\/fr\/itineraire-spirituel-de-louise-de-marillac-rencontre-avec-lhumanite-du-fils-de-dieu-5\/#breadcrumb","itemListElement":[{"@type":"ListItem","position":1,"name":"Portada","item":"https:\/\/vincentians.com\/fr\/"},{"@type":"ListItem","position":2,"name":"Itin\u00e9raire spirituel de Louise de Marillac. Rencontre avec l\u2019humanit\u00e9 du Fils de Dieu (5)"}]},{"@type":"WebSite","@id":"https:\/\/vincentians.com\/fr\/#website","url":"https:\/\/vincentians.com\/fr\/","name":"Nous Sommes Vincentiens","description":"Know more to serve more","potentialAction":[{"@type":"SearchAction","target":{"@type":"EntryPoint","urlTemplate":"https:\/\/vincentians.com\/fr\/?s={search_term_string}"},"query-input":{"@type":"PropertyValueSpecification","valueRequired":true,"valueName":"search_term_string"}}],"inLanguage":"fr-FR"},{"@type":"Person","@id":"https:\/\/vincentians.com\/fr\/#\/schema\/person\/9623ef4d9aa3b2dfb8c061f1499288f2","name":"Francisco Javier Fern\u00e1ndez Chento","image":{"@type":"ImageObject","inLanguage":"fr-FR","@id":"https:\/\/vincentians.com\/fr\/#\/schema\/person\/image\/","url":"https:\/\/secure.gravatar.com\/avatar\/497d5cde87b4c3d097d0315953521681ba2cd523ee66e5077c3711f7021e65de?s=96&d=mm&r=g","contentUrl":"https:\/\/secure.gravatar.com\/avatar\/497d5cde87b4c3d097d0315953521681ba2cd523ee66e5077c3711f7021e65de?s=96&d=mm&r=g","caption":"Francisco Javier Fern\u00e1ndez Chento"},"description":"Director General y cofundador de La Red de Formaci\u00f3n Vicenciana. Javier es laico vicenciano, afiliado a la Congregaci\u00f3n de la Misi\u00f3n y miembro del Equipo de Misiones Populares de la provincia can\u00f3nica de Zaragoza (Espa\u00f1a) de la Congregaci\u00f3n de la Misi\u00f3n. Graduado en la Universidad Oberta de Catalunya con cuatro grados (Asistente de direcci\u00f3n, Gesti\u00f3n Administrativa, Recursos Humanos y Contabilidad Avanzada). Bil\u00edng\u00fce Espa\u00f1ol\/Ingl\u00e9s. gestiona y mantiene varias p\u00e1ginas web cristianas y vicencianas, incluida including La Red de Formaci\u00f3n Vicenciana, de la que es cofundador. Actualmente es responsable del \u00e1rea de Espa\u00f1ol de .famvin, la Red de Noticias de la Familia Vicenciana. Tambi\u00e9n es m\u00fasico cat\u00f3lico y ha editado varios discos. Es Director General y cofundador de Trovador, una reconocida compa\u00f1\u00eda discogr\u00e1fica critiana de Espa\u00f1a. Trabaja en las Tecnolog\u00edas de la Informaci\u00f3n, ofreciendo servicios de alojamiento, dise\u00f1o y mantenimiento Web, as\u00ed como asesoramiento, formaci\u00f3n y soluciones inform\u00e1ticas, gesti\u00f3n documental y digitalizaci\u00f3n de textos, edici\u00f3n y maquetaci\u00f3n de libros, revistas, flyers, etc.","sameAs":["http:\/\/chento.org","https:\/\/www.facebook.com\/JavierChento","https:\/\/x.com\/https:\/\/twitter.com\/javierchento"],"url":"https:\/\/vincentians.com\/fr\/author\/chento\/"}]}},"jetpack_publicize_connections":[],"jetpack_featured_media_url":"","jetpack_sharing_enabled":true,"jetpack_shortlink":"https:\/\/wp.me\/p7ETMP-rqf","jetpack-related-posts":[{"id":105408,"url":"https:\/\/vincentians.com\/fr\/itineraire-spirituel-de-louise-de-marillac-rencontre-avec-lhumanite-du-fils-de-dieu-1\/","url_meta":{"origin":105415,"position":0},"title":"Itin\u00e9raire spirituel de Louise de Marillac. Rencontre avec l\u2019humanit\u00e9 du Fils de Dieu (1)","author":"Francisco Javier Fern\u00e1ndez Chento","date":"12\/02\/2015","format":false,"excerpt":"Pr\u00e9destin\u00e9s \u00e0 \u00eatre conformes \u00e0 l\u2019image de son Fils Romains 8,29 Dieu inaccessible devient proche B\u00e9rulle a longuement contempl\u00e9 l\u2019union ineffable de l\u2019humanit\u00e9 \u00e0 la Divinit\u00e9 en la personne du Verbe, ce myst\u00e8re d\u2019amour et d\u2019amour infini. \"La nature divine est infiniment distante de la nature humaine et en serait\u2026","rel":"","context":"Dans &quot;Louise de Marillac&quot;","block_context":{"text":"Louise de Marillac","link":"https:\/\/vincentians.com\/fr\/category\/the-vincentian-family\/founders\/louise-de-marillac\/"},"img":{"alt_text":"","src":"","width":0,"height":0},"classes":[]},{"id":38183,"url":"https:\/\/vincentians.com\/fr\/sainte-louise-et-saint-vincent\/","url_meta":{"origin":105415,"position":1},"title":"Sainte Louise et Saint Vincent","author":"Francisco Javier Fern\u00e1ndez Chento","date":"01\/10\/2012","format":false,"excerpt":"Comme chaque ann\u00e9e d\u00e9sormais, la f\u00eate, de Saint Vincent de Paul est c\u00e9l\u00e9br\u00e9e sur trois journ\u00e9es cons\u00e9cutives au berceau. L'Eucharistie de cette ann\u00e9e a \u00e9t\u00e9 c\u00e9l\u00e9br\u00e9e par Mgr Sarrab\u00e8re, anim\u00e9e par le P. Christian Laboure. De nombreux amis entouraient \"les r\u00e9sidants\" dont une d\u00e9l\u00e9gation volontaire de 120 jeunes gens du\u2026","rel":"","context":"Dans &quot;Formation Vincentienne&quot;","block_context":{"text":"Formation Vincentienne","link":"https:\/\/vincentians.com\/fr\/category\/formation-vincentienne\/"},"img":{"alt_text":"","src":"https:\/\/i0.wp.com\/vincentiens.org\/wp-content\/uploads\/2011\/05\/StainedGlassStVincentLouise-140x300.jpg?resize=350%2C200","width":350,"height":200},"classes":[]},{"id":106100,"url":"https:\/\/vincentians.com\/fr\/itineraire-spirituel-de-louise-de-marillac-la-perfection-de-lamour-1\/","url_meta":{"origin":105415,"position":2},"title":"Itin\u00e9raire spirituel de Louise de Marillac. La perfection de l\u2019Amour (1)","author":"Francisco Javier Fern\u00e1ndez Chento","date":"05\/03\/2013","format":false,"excerpt":"Accueillir l\u2019Esprit d\u2019Amour Louise de Marillac semble avoir d\u00e9couvert tardivement le r\u00f4le de l\u2019Esprit Saint, l\u2019ardeur de son Amour, sa puissance d\u2019action dans les \u00e2mes et dans l\u2019Eglise. Sa retraite de 1657 laisse percevoir cette prise de conscience et sa relation \u00e0 l\u2019Esprit en tant que troisi\u00e8me personne de la\u2026","rel":"","context":"Dans &quot;Louise de Marillac&quot;","block_context":{"text":"Louise de Marillac","link":"https:\/\/vincentians.com\/fr\/category\/the-vincentian-family\/founders\/louise-de-marillac\/"},"img":{"alt_text":"","src":"","width":0,"height":0},"classes":[]},{"id":104508,"url":"https:\/\/vincentians.com\/fr\/louise-de-marillac-lettre-0001-a-monsieur-vincent\/","url_meta":{"origin":105415,"position":3},"title":"Louise de Marillac, Lettre 0001: \u00e0 Monsieur Vincent","author":"Francisco Javier Fern\u00e1ndez Chento","date":"12\/07\/2016","format":false,"excerpt":"Ce 5 juin 1627. Monsieur, J'esp\u00e8re que vous me pardonnerez la libert\u00e9 que je prends de vous t\u00e9moigner l'impatience de mon esprit, tant pour le long s\u00e9jour pass\u00e9, que sur l'appr\u00e9hension de l'avenir et de ne savoir le lieu o\u00f9 vous allez apr\u00e8s celui o\u00f9 vous \u00eates. Il est vrai,\u2026","rel":"","context":"Dans &quot;\u00c9crits de Louise de Marillac&quot;","block_context":{"text":"\u00c9crits de Louise de Marillac","link":"https:\/\/vincentians.com\/fr\/category\/ecrits-de-louise-de-marillac\/"},"img":{"alt_text":"","src":"https:\/\/i0.wp.com\/vincentians.com\/fr\/wp-content\/uploads\/sites\/10\/2016\/07\/cartas-luisa-de-marillac.jpg?fit=1200%2C630&ssl=1&resize=350%2C200","width":350,"height":200,"srcset":"https:\/\/i0.wp.com\/vincentians.com\/fr\/wp-content\/uploads\/sites\/10\/2016\/07\/cartas-luisa-de-marillac.jpg?fit=1200%2C630&ssl=1&resize=350%2C200 1x, https:\/\/i0.wp.com\/vincentians.com\/fr\/wp-content\/uploads\/sites\/10\/2016\/07\/cartas-luisa-de-marillac.jpg?fit=1200%2C630&ssl=1&resize=525%2C300 1.5x, https:\/\/i0.wp.com\/vincentians.com\/fr\/wp-content\/uploads\/sites\/10\/2016\/07\/cartas-luisa-de-marillac.jpg?fit=1200%2C630&ssl=1&resize=700%2C400 2x, https:\/\/i0.wp.com\/vincentians.com\/fr\/wp-content\/uploads\/sites\/10\/2016\/07\/cartas-luisa-de-marillac.jpg?fit=1200%2C630&ssl=1&resize=1050%2C600 3x"},"classes":[]},{"id":104990,"url":"https:\/\/vincentians.com\/fr\/itineraire-spirituel-de-louise-de-marillac-avant-propos\/","url_meta":{"origin":105415,"position":4},"title":"Itin\u00e9raire spirituel de Louise de Marillac. Avant-propos","author":"Francisco Javier Fern\u00e1ndez Chento","date":"07\/12\/2012","format":false,"excerpt":"Louise de Marillac fut, pendant pr\u00e8s de 30 ans, la responsable et la formatrice des premi\u00e8res Filles de la Charit\u00e9. Quelques mois apr\u00e8s sa mort survenue le 15 mars 1660, Marguerite Ch\u00e9tif est nomm\u00e9e par Monsieur Vincent de Paul pour lui succ\u00e9der comme Sup\u00e9rieure de la Compagnie des Filles de\u2026","rel":"","context":"Dans &quot;Louise de Marillac&quot;","block_context":{"text":"Louise de Marillac","link":"https:\/\/vincentians.com\/fr\/category\/the-vincentian-family\/founders\/louise-de-marillac\/"},"img":{"alt_text":"","src":"","width":0,"height":0},"classes":[]},{"id":105414,"url":"https:\/\/vincentians.com\/fr\/itineraire-spirituel-de-louise-de-marillac-rencontre-avec-lhumanite-du-fils-de-dieu-4\/","url_meta":{"origin":105415,"position":5},"title":"Itin\u00e9raire spirituel de Louise de Marillac. Rencontre avec l\u2019humanit\u00e9 du Fils de Dieu (4)","author":"Francisco Javier Fern\u00e1ndez Chento","date":"15\/02\/2015","format":false,"excerpt":"L\u2019Eucharistie, une admirable invention En m\u00e9ditant sur l\u2019Incarnation, Louise remarque avec beaucoup d\u2019admiration et d\u2019\u00e9motion que \"le Fils de Dieu ne s\u2019est pas content\u00e9 de prendre un corps humain\" et d\u2019habiter au milieu des hommes, \"mais voulant une union ins\u00e9parable de la nature divine \u00e0 l\u2019humaine, il l\u2019a faite apr\u00e8s\u2026","rel":"","context":"Dans &quot;Louise de Marillac&quot;","block_context":{"text":"Louise de Marillac","link":"https:\/\/vincentians.com\/fr\/category\/the-vincentian-family\/founders\/louise-de-marillac\/"},"img":{"alt_text":"","src":"","width":0,"height":0},"classes":[]}],"_links":{"self":[{"href":"https:\/\/vincentians.com\/fr\/wp-json\/wp\/v2\/posts\/105415","targetHints":{"allow":["GET"]}}],"collection":[{"href":"https:\/\/vincentians.com\/fr\/wp-json\/wp\/v2\/posts"}],"about":[{"href":"https:\/\/vincentians.com\/fr\/wp-json\/wp\/v2\/types\/post"}],"author":[{"embeddable":true,"href":"https:\/\/vincentians.com\/fr\/wp-json\/wp\/v2\/users\/4"}],"replies":[{"embeddable":true,"href":"https:\/\/vincentians.com\/fr\/wp-json\/wp\/v2\/comments?post=105415"}],"version-history":[{"count":0,"href":"https:\/\/vincentians.com\/fr\/wp-json\/wp\/v2\/posts\/105415\/revisions"}],"wp:featuredmedia":[{"embeddable":true,"href":"https:\/\/vincentians.com\/fr\/wp-json\/"}],"wp:attachment":[{"href":"https:\/\/vincentians.com\/fr\/wp-json\/wp\/v2\/media?parent=105415"}],"wp:term":[{"taxonomy":"category","embeddable":true,"href":"https:\/\/vincentians.com\/fr\/wp-json\/wp\/v2\/categories?post=105415"},{"taxonomy":"post_tag","embeddable":true,"href":"https:\/\/vincentians.com\/fr\/wp-json\/wp\/v2\/tags?post=105415"}],"curies":[{"name":"wp","href":"https:\/\/api.w.org\/{rel}","templated":true}]}}