{"id":105353,"date":"2017-05-07T04:00:58","date_gmt":"2017-05-07T02:00:58","guid":{"rendered":"http:\/\/vincentiens.org\/?p=105353"},"modified":"2016-08-11T21:53:14","modified_gmt":"2016-08-11T19:53:14","slug":"jean-gabriel-perboyre-lettre-044-a-son-oncle-a-montauban","status":"publish","type":"post","link":"https:\/\/vincentians.com\/fr\/jean-gabriel-perboyre-lettre-044-a-son-oncle-a-montauban\/","title":{"rendered":"Jean-Gabriel Perboyre, Lettre 044. A son Oncle, \u00e0 Montauban"},"content":{"rendered":"<p>Mon tr\u00e8s cher oncle<span id='easy-footnote-1-105353' class='easy-footnote-margin-adjust'><\/span><span class='easy-footnote'><a href='https:\/\/vincentians.com\/fr\/jean-gabriel-perboyre-lettre-044-a-son-oncle-a-montauban\/#easy-footnote-bottom-1-105353' title='&lt;b&gt;Lettre 44.&lt;\/b&gt; \u2014 Maison-M\u00e8re, original 44.'><sup>1<\/sup><\/a><\/span>,<\/p>\n<p>Apr\u00e8s avoir pr\u00e9sent\u00e9 \u00e0 M.\u00a0le G\u00e9n\u00e9ral vos respects et vos remerciements, je lui ai expos\u00e9 votre d\u00e9sir d\u2019avoir la permission de manger avec nos s\u0153urs quand vous allez chez elles pour 1es confesser. J\u2019ai t\u00e2ch\u00e9 de bien plaider votre cause\u00a0; cependant je n\u2019ai pu la gagner. Le Tr\u00e8s Honor\u00e9 P\u00e8re m\u2019a r\u00e9pondu qu\u2019il avait pris la r\u00e9solution d\u2019avance de n\u2019accorder cette permission \u00e0 personne, qu\u2019il l\u2019avait d\u00e9j\u00e0 refus\u00e9e \u00e0 d\u2019autres, qu\u2019il regrettait beaucoup de ne pouvoir faire une exception pour vous, mais qu\u2019il vous serait facile de d\u00eener avant ou apr\u00e8s les s\u0153urs ou dans un salon s\u00e9par\u00e9. Je ne puis, mon tr\u00e8s cher oncle, vous mieux mettre au courant de ce qui concerne les suffrages pour les confr\u00e8res d\u00e9funts, qu\u2019en vous transcrivant ce qui fut d\u00e9cr\u00e9t\u00e9 sur cela dans l\u2019Assembl\u00e9e g\u00e9n\u00e9rale de 1668 sous M.\u00a0Alm\u00e9ras. \u00ab\u00a0<i>Statuit Conventus ut omnes nostri sacerdotes unam pro quolibet ex nostris defunctis missam celebrent, exhortando etiam sacerdotes dom\u00fbs, in qua quis defunctus est, ut, si obligationes Ecclesiae vel Capellae domesticae id permittant, alias duos missas addant&#8230; Insuper ut in posterum singuli ex nostris sacerdotibus, quantum fieri poterit, semel quolibet mense sacrum faciant universim pro nostris defunctis&#8230;\u00a0\u00bb<\/i> Ce que j\u2019ai omis se rapporte aux fr\u00e8res et aux -simples clercs. M.\u00a0Cayla dans sa circulaire de 1788 d\u00e9clare n\u2019accorder de permission de disposer des honoraires de messes, qu\u2019\u00e0 ces trois conditions\u00a0: \u00ab\u00a01\u00b0 qu\u2019on acquittera comme les autres confr\u00e8res les messes de fondation dans les maisons o\u00f9 on habite\u00a0; 2\u00b0 qu\u2019on rendra les suffrages ordinaires \u00e0 nos morts\u00a0; 3\u00b0 qu\u2019on sera dans une sorte de n\u00e9cessit\u00e9 de soulager des proches parents pauvres et pour le temps seulement que durera leur indigence.\u00a0\u00bb<\/p>\n<p>M.\u00a0le G\u00e9n\u00e9ral a, d\u2019apr\u00e8s le v\u0153u de la derni\u00e8re Assembl\u00e9e, nomm\u00e9 une commission pour l\u2019examen des anciens d\u00e9crets. M.\u00a0Lamboley<span id='easy-footnote-2-105353' class='easy-footnote-margin-adjust'><\/span><span class='easy-footnote'><a href='https:\/\/vincentians.com\/fr\/jean-gabriel-perboyre-lettre-044-a-son-oncle-a-montauban\/#easy-footnote-bottom-2-105353' title='Lamboley, &lt;i&gt;voir&lt;\/i&gt; Lettre 12, note 1, p. 23.'><sup>2<\/sup><\/a><\/span> en est pr\u00e9sident et moi secr\u00e9taire\u00a0; nous nous r\u00e9unissons une fois par semaine.<\/p>\n<p>M.\u00a0Barbier<span id='easy-footnote-3-105353' class='easy-footnote-margin-adjust'><\/span><span class='easy-footnote'><a href='https:\/\/vincentians.com\/fr\/jean-gabriel-perboyre-lettre-044-a-son-oncle-a-montauban\/#easy-footnote-bottom-3-105353' title='Barbier, &lt;i&gt;voir &lt;\/i&gt;Lettre 8, note 4, p. 13.'><sup>3<\/sup><\/a><\/span> est cette ann\u00e9e au coll\u00e8ge de Roye \u00e0 la place de M.\u00a0Boury<span id='easy-footnote-4-105353' class='easy-footnote-margin-adjust'><\/span><span class='easy-footnote'><a href='https:\/\/vincentians.com\/fr\/jean-gabriel-perboyre-lettre-044-a-son-oncle-a-montauban\/#easy-footnote-bottom-4-105353' title='Boury (Joseph), C.M., pr\u00eatre, n\u00e9 \u00e0 Saint-Gratien, dioc\u00e8se d\u2019Amiens, le 29 d\u00e9cembre 1803\u00a0; re\u00e7u au s\u00e9minaire \u00e0 Paris le 3 avril 1827\u00a0; fit les v\u0153ux le 15 ao\u00fbt 1829\u00a0; d\u00e9c\u00e9d\u00e9 \u00e0 Paris le 17 avril 1861.'><sup>4<\/sup><\/a><\/span> qui a \u00e9t\u00e9 envoy\u00e9 au s\u00e9minaire de Ch\u00e2lons avec M.\u00a0Warnier<span id='easy-footnote-5-105353' class='easy-footnote-margin-adjust'><\/span><span class='easy-footnote'><a href='https:\/\/vincentians.com\/fr\/jean-gabriel-perboyre-lettre-044-a-son-oncle-a-montauban\/#easy-footnote-bottom-5-105353' title='Wargnier (Joseph-D\u00e9sir\u00e9), C.M., pr\u00eatre, n\u00e9 \u00e0 Nesle, Somme, le 20 ao\u00fbt 1804\u00a0; re\u00e7u au s\u00e9minaire \u00e0 Paris le 30 ao\u00fbt 1824\u00a0; fit les v\u0153ux le 31 ao\u00fbt 1826\u00a0; d\u00e9c\u00e9d\u00e9 \u00e0 Paris le 17 avril 1861.'><sup>5<\/sup><\/a><\/span> et M.\u00a0Nozo<span id='easy-footnote-6-105353' class='easy-footnote-margin-adjust'><\/span><span class='easy-footnote'><a href='https:\/\/vincentians.com\/fr\/jean-gabriel-perboyre-lettre-044-a-son-oncle-a-montauban\/#easy-footnote-bottom-6-105353' title='Nozo (Jean-Baptiste), le futur Sup\u00e9rieur g\u00e9n\u00e9ral, &lt;i&gt;voir&lt;\/i&gt; Lettre 80, note\u00a02, p. 82).'><sup>6<\/sup><\/a><\/span>.<\/p>\n<p>M.\u00a0Hersent est \u00e0 Valfleury avec M.\u00a0Chossat<span id='easy-footnote-7-105353' class='easy-footnote-margin-adjust'><\/span><span class='easy-footnote'><a href='https:\/\/vincentians.com\/fr\/jean-gabriel-perboyre-lettre-044-a-son-oncle-a-montauban\/#easy-footnote-bottom-7-105353' title='Chossat (Jean-Fran\u00e7ois), C.M., pr\u00eatre, n\u00e9 \u00e0 Marboz, dioc\u00e8se de Belley, le 25 mars 1788\u00a0; re\u00e7u au s\u00e9minaire le 2 octobre 1818\u00a0; fit les v\u0153ux le 15 f\u00e9vrier 1824\u00a0; vic. ap. d\u2019Alger du 11 mars 1823 au 3 juin 1825\u00a0; sup\u00e9rieur du grand s\u00e9minaire d\u2019Evreux\u00a0; d\u00e9c\u00e9d\u00e9 \u00e0 Bourg-en-Bresse le 8 juillet 1853.'><sup>7<\/sup><\/a><\/span> et M.\u00a0Lugan<span id='easy-footnote-8-105353' class='easy-footnote-margin-adjust'><\/span><span class='easy-footnote'><a href='https:\/\/vincentians.com\/fr\/jean-gabriel-perboyre-lettre-044-a-son-oncle-a-montauban\/#easy-footnote-bottom-8-105353' title='Lugan (Jean-Baptiste), C.M., n\u00e9 \u00e0 Monteilset, dioc\u00e8se de Montauban, le 18 ao\u00fbt 1800\u00a0; re\u00e7u au s\u00e9minaire \u00e0 Paris le 1 janvier 1826\u00a0; fit les v\u0153ux \u00e0 Valfleury le 15 janvier 1828\u00a0; d\u00e9c\u00e9d\u00e9 \u00e0 Folleville le 4 juillet 1884.'><sup>8<\/sup><\/a><\/span>.<\/p>\n<p>M.\u00a0Martin professe ici une classe de th\u00e9ologie\u00a0; il est charg\u00e9 en m\u00eame temps de la direction des s\u0153urs des M\u00e9nages. Son coll\u00e8gue professeur est M.\u00a0Leleu<span id='easy-footnote-9-105353' class='easy-footnote-margin-adjust'><\/span><span class='easy-footnote'><a href='https:\/\/vincentians.com\/fr\/jean-gabriel-perboyre-lettre-044-a-son-oncle-a-montauban\/#easy-footnote-bottom-9-105353' title='Leleu (Louis-Florent), C.M., pr\u00eatre, n\u00e9 \u00e0 Hocquelu, dioc\u00e8se d\u2019Amiens, le 7 novembre 1800\u00a0; re\u00e7u au s\u00e9minaire \u00e0 Paris le 2 juillet 1832\u00a0; y fit les v\u0153ux le 3 juillet 1834\u00a0; pr\u00e9fet apostolique en Turquie\u00a0; d\u00e9c\u00e9d\u00e9 \u00e0 Constantinople le 11 novembre 1846.'><sup>9<\/sup><\/a><\/span>, sujet tr\u00e8s distingu\u00e9, ancien Cur\u00e9-doyen de Ham en Picardie.<\/p>\n<p>Si par hasard vous vouliez revenir sur votre r\u00e9solution et venir habiter la Capitale, M.\u00a0le G\u00e9n\u00e9ral para\u00eet toujours dispos\u00e9 \u00e0 vous accueillir avec plaisir.<\/p>\n<p>On me demande quelquefois votre \u00e2ge et votre vocation, Je pense qu\u2019apr\u00e8s M.\u00a0Lego vous devez \u00eatre le plus jeune de nos anciens.<\/p>\n<p>Vous m\u2019aviez propos\u00e9, il y a quelque temps, soixante messes\u00a0; comme vous ne m\u2019en avez plus parl\u00e9 je n\u2019y pense plus.<\/p>\n<p>Ma plus jeune s\u0153ur est maintenant chez les Dames Blanches. Il n\u2019y a pas d\u2019apparences que celle-l\u00e0 entre en Religion<span id='easy-footnote-10-105353' class='easy-footnote-margin-adjust'><\/span><span class='easy-footnote'><a href='https:\/\/vincentians.com\/fr\/jean-gabriel-perboyre-lettre-044-a-son-oncle-a-montauban\/#easy-footnote-bottom-10-105353' title='La plus jeune des s\u0153urs du saint, Marie-Anne, entrera chez les Filles de la Charit\u00e9 en 1840.'><sup>10<\/sup><\/a><\/span>.<\/p>\n<p>J\u2019ai re\u00e7u derni\u00e8rement une lettre de mon fr\u00e8re Antoine qui m\u2019annonce que mon p\u00e8re est malade depuis trois mois. C\u2019est un rhumatisme qui le fait bien souffrir. Cette nouvelle m\u2019a fait diriger vers le Puech une douzaine de m\u00e9dailles que je vous destinais. J\u2019esp\u00e8re vous en d\u00e9dommager bient\u00f4t. (texte en marge\u00a0: Je vous en envoie deux douzaines. Elles sont indulgenci\u00e9es. Si nos s\u0153urs n\u2019en ont pas, je vous prierai de leur en donner.) Elles op\u00e8rent toujours des miracles.<\/p>\n<p>M.\u00a0Deljougla est \u00e0 Saint-Sulpice. M.\u00a0Vinet et M.\u00a0Rochin sont venus me voir. J\u2019ai appris avec bien de la peine la pers\u00e9cution universitaire dont M.\u00a0Gratacap a \u00e9t\u00e9 victime. Je vous prie de vouloir bien lui pr\u00e9senter mes respects ainsi qu\u2019\u00e0 toutes les personnes qui s\u2019int\u00e9ressent \u00e0 moi. Je suis avec tous les sentiments d\u2019attachement et de reconnaissance que vous me connaissez,<\/p>\n<p>Mon tr\u00e8s cher oncle, votre tr\u00e8s respectueux neveu,<\/p>\n<p>J.G. Perboyre.<\/p>\n<p>Tous nos Messieurs se portent bien et vous pr\u00e9sentent des respects.<\/p>\n<p>Paris, le 31 janvier 1834.<\/p>\n","protected":false},"excerpt":{"rendered":"<p>Mon tr\u00e8s cher oncle, Apr\u00e8s avoir pr\u00e9sent\u00e9 \u00e0 M.\u00a0le G\u00e9n\u00e9ral vos respects et vos remerciements, je lui ai expos\u00e9 votre d\u00e9sir d\u2019avoir la permission de manger avec nos s\u0153urs quand vous allez chez elles pour &#8230; <a href=\"https:\/\/vincentians.com\/fr\/jean-gabriel-perboyre-lettre-044-a-son-oncle-a-montauban\/\" class=\"more-link\">Read More<\/a><\/p>\n","protected":false},"author":4,"featured_media":189778,"comment_status":"open","ping_status":"open","sticky":false,"template":"","format":"standard","meta":{"jetpack_post_was_ever_published":false,"_jetpack_newsletter_access":"","_jetpack_dont_email_post_to_subs":false,"_jetpack_newsletter_tier_id":0,"_jetpack_memberships_contains_paywalled_content":false,"_jetpack_memberships_contains_paid_content":false,"footnotes":"","jetpack_publicize_message":"","jetpack_publicize_feature_enabled":true,"jetpack_social_post_already_shared":true,"jetpack_social_options":{"image_generator_settings":{"template":"highway","default_image_id":0,"font":"","enabled":false},"version":2}},"categories":[114],"tags":[],"class_list":["post-105353","post","type-post","status-publish","format-standard","has-post-thumbnail","hentry","category-ecrits-de-jean-gabriel-perboyre"],"yoast_head":"<!-- This site is optimized with the Yoast SEO plugin v26.3 - https:\/\/yoast.com\/wordpress\/plugins\/seo\/ -->\n<title>Jean-Gabriel Perboyre, Lettre 044. A son Oncle, \u00e0 Montauban - Nous Sommes Vincentiens<\/title>\n<meta name=\"robots\" content=\"index, follow, max-snippet:-1, max-image-preview:large, max-video-preview:-1\" \/>\n<link rel=\"canonical\" href=\"https:\/\/vincentians.com\/fr\/jean-gabriel-perboyre-lettre-044-a-son-oncle-a-montauban\/\" \/>\n<meta property=\"og:locale\" content=\"fr_FR\" \/>\n<meta property=\"og:type\" content=\"article\" \/>\n<meta property=\"og:title\" content=\"Jean-Gabriel Perboyre, Lettre 044. A son Oncle, \u00e0 Montauban - Nous Sommes Vincentiens\" \/>\n<meta property=\"og:description\" content=\"Mon tr\u00e8s cher oncle, Apr\u00e8s avoir pr\u00e9sent\u00e9 \u00e0 M.\u00a0le G\u00e9n\u00e9ral vos respects et vos remerciements, je lui ai expos\u00e9 votre d\u00e9sir d\u2019avoir la permission de manger avec nos s\u0153urs quand vous allez chez elles pour ... Read More\" \/>\n<meta property=\"og:url\" content=\"https:\/\/vincentians.com\/fr\/jean-gabriel-perboyre-lettre-044-a-son-oncle-a-montauban\/\" \/>\n<meta property=\"og:site_name\" content=\"Nous Sommes Vincentiens\" \/>\n<meta property=\"article:publisher\" content=\"https:\/\/www.facebook.com\/WeAreVincentians\/\" \/>\n<meta property=\"article:author\" content=\"https:\/\/www.facebook.com\/JavierChento\" \/>\n<meta property=\"article:published_time\" content=\"2017-05-07T02:00:58+00:00\" \/>\n<meta property=\"og:image\" content=\"https:\/\/i0.wp.com\/vincentians.com\/fr\/wp-content\/uploads\/sites\/10\/2016\/07\/cartas-perboyre.jpg?fit=1200%2C630&ssl=1\" \/>\n\t<meta property=\"og:image:width\" content=\"1200\" \/>\n\t<meta property=\"og:image:height\" content=\"630\" \/>\n\t<meta property=\"og:image:type\" content=\"image\/jpeg\" \/>\n<meta name=\"author\" content=\"Francisco Javier Fern\u00e1ndez Chento\" \/>\n<meta name=\"twitter:card\" content=\"summary_large_image\" \/>\n<meta name=\"twitter:creator\" content=\"@https:\/\/twitter.com\/javierchento\" \/>\n<meta name=\"twitter:site\" content=\"@WeVincentians\" \/>\n<meta name=\"twitter:label1\" content=\"\u00c9crit par\" \/>\n\t<meta name=\"twitter:data1\" content=\"Francisco Javier Fern\u00e1ndez Chento\" \/>\n\t<meta name=\"twitter:label2\" content=\"Dur\u00e9e de lecture estim\u00e9e\" \/>\n\t<meta name=\"twitter:data2\" content=\"5 minutes\" \/>\n<script type=\"application\/ld+json\" class=\"yoast-schema-graph\">{\"@context\":\"https:\/\/schema.org\",\"@graph\":[{\"@type\":\"WebPage\",\"@id\":\"https:\/\/vincentians.com\/fr\/jean-gabriel-perboyre-lettre-044-a-son-oncle-a-montauban\/\",\"url\":\"https:\/\/vincentians.com\/fr\/jean-gabriel-perboyre-lettre-044-a-son-oncle-a-montauban\/\",\"name\":\"Jean-Gabriel Perboyre, Lettre 044. A son Oncle, \u00e0 Montauban - Nous Sommes Vincentiens\",\"isPartOf\":{\"@id\":\"http:\/\/vincentians.com\/fr\/#website\"},\"primaryImageOfPage\":{\"@id\":\"https:\/\/vincentians.com\/fr\/jean-gabriel-perboyre-lettre-044-a-son-oncle-a-montauban\/#primaryimage\"},\"image\":{\"@id\":\"https:\/\/vincentians.com\/fr\/jean-gabriel-perboyre-lettre-044-a-son-oncle-a-montauban\/#primaryimage\"},\"thumbnailUrl\":\"https:\/\/i0.wp.com\/vincentians.com\/fr\/wp-content\/uploads\/sites\/10\/2016\/07\/cartas-perboyre.jpg?fit=1200%2C630&ssl=1\",\"datePublished\":\"2017-05-07T02:00:58+00:00\",\"author\":{\"@id\":\"http:\/\/vincentians.com\/fr\/#\/schema\/person\/9623ef4d9aa3b2dfb8c061f1499288f2\"},\"breadcrumb\":{\"@id\":\"https:\/\/vincentians.com\/fr\/jean-gabriel-perboyre-lettre-044-a-son-oncle-a-montauban\/#breadcrumb\"},\"inLanguage\":\"fr-FR\",\"potentialAction\":[{\"@type\":\"ReadAction\",\"target\":[\"https:\/\/vincentians.com\/fr\/jean-gabriel-perboyre-lettre-044-a-son-oncle-a-montauban\/\"]}]},{\"@type\":\"ImageObject\",\"inLanguage\":\"fr-FR\",\"@id\":\"https:\/\/vincentians.com\/fr\/jean-gabriel-perboyre-lettre-044-a-son-oncle-a-montauban\/#primaryimage\",\"url\":\"https:\/\/i0.wp.com\/vincentians.com\/fr\/wp-content\/uploads\/sites\/10\/2016\/07\/cartas-perboyre.jpg?fit=1200%2C630&ssl=1\",\"contentUrl\":\"https:\/\/i0.wp.com\/vincentians.com\/fr\/wp-content\/uploads\/sites\/10\/2016\/07\/cartas-perboyre.jpg?fit=1200%2C630&ssl=1\",\"width\":1200,\"height\":630},{\"@type\":\"BreadcrumbList\",\"@id\":\"https:\/\/vincentians.com\/fr\/jean-gabriel-perboyre-lettre-044-a-son-oncle-a-montauban\/#breadcrumb\",\"itemListElement\":[{\"@type\":\"ListItem\",\"position\":1,\"name\":\"Portada\",\"item\":\"http:\/\/vincentians.com\/fr\/\"},{\"@type\":\"ListItem\",\"position\":2,\"name\":\"Jean-Gabriel Perboyre, Lettre 044. A son Oncle, \u00e0 Montauban\"}]},{\"@type\":\"WebSite\",\"@id\":\"http:\/\/vincentians.com\/fr\/#website\",\"url\":\"http:\/\/vincentians.com\/fr\/\",\"name\":\"Nous Sommes Vincentiens\",\"description\":\"Know more to serve more\",\"potentialAction\":[{\"@type\":\"SearchAction\",\"target\":{\"@type\":\"EntryPoint\",\"urlTemplate\":\"http:\/\/vincentians.com\/fr\/?s={search_term_string}\"},\"query-input\":{\"@type\":\"PropertyValueSpecification\",\"valueRequired\":true,\"valueName\":\"search_term_string\"}}],\"inLanguage\":\"fr-FR\"},{\"@type\":\"Person\",\"@id\":\"http:\/\/vincentians.com\/fr\/#\/schema\/person\/9623ef4d9aa3b2dfb8c061f1499288f2\",\"name\":\"Francisco Javier Fern\u00e1ndez Chento\",\"image\":{\"@type\":\"ImageObject\",\"inLanguage\":\"fr-FR\",\"@id\":\"http:\/\/vincentians.com\/fr\/#\/schema\/person\/image\/\",\"url\":\"https:\/\/secure.gravatar.com\/avatar\/497d5cde87b4c3d097d0315953521681ba2cd523ee66e5077c3711f7021e65de?s=96&d=mm&r=g\",\"contentUrl\":\"https:\/\/secure.gravatar.com\/avatar\/497d5cde87b4c3d097d0315953521681ba2cd523ee66e5077c3711f7021e65de?s=96&d=mm&r=g\",\"caption\":\"Francisco Javier Fern\u00e1ndez Chento\"},\"description\":\"Director General y cofundador de La Red de Formaci\u00f3n Vicenciana. Javier es laico vicenciano, afiliado a la Congregaci\u00f3n de la Misi\u00f3n y miembro del Equipo de Misiones Populares de la provincia can\u00f3nica de Zaragoza (Espa\u00f1a) de la Congregaci\u00f3n de la Misi\u00f3n. Graduado en la Universidad Oberta de Catalunya con cuatro grados (Asistente de direcci\u00f3n, Gesti\u00f3n Administrativa, Recursos Humanos y Contabilidad Avanzada). Bil\u00edng\u00fce Espa\u00f1ol\/Ingl\u00e9s. gestiona y mantiene varias p\u00e1ginas web cristianas y vicencianas, incluida including La Red de Formaci\u00f3n Vicenciana, de la que es cofundador. Actualmente es responsable del \u00e1rea de Espa\u00f1ol de .famvin, la Red de Noticias de la Familia Vicenciana. Tambi\u00e9n es m\u00fasico cat\u00f3lico y ha editado varios discos. Es Director General y cofundador de Trovador, una reconocida compa\u00f1\u00eda discogr\u00e1fica critiana de Espa\u00f1a. Trabaja en las Tecnolog\u00edas de la Informaci\u00f3n, ofreciendo servicios de alojamiento, dise\u00f1o y mantenimiento Web, as\u00ed como asesoramiento, formaci\u00f3n y soluciones inform\u00e1ticas, gesti\u00f3n documental y digitalizaci\u00f3n de textos, edici\u00f3n y maquetaci\u00f3n de libros, revistas, flyers, etc.\",\"sameAs\":[\"http:\/\/chento.org\",\"https:\/\/www.facebook.com\/JavierChento\",\"https:\/\/x.com\/https:\/\/twitter.com\/javierchento\"],\"url\":\"https:\/\/vincentians.com\/fr\/author\/chento\/\"}]}<\/script>\n<!-- \/ Yoast SEO plugin. -->","yoast_head_json":{"title":"Jean-Gabriel Perboyre, Lettre 044. A son Oncle, \u00e0 Montauban - Nous Sommes Vincentiens","robots":{"index":"index","follow":"follow","max-snippet":"max-snippet:-1","max-image-preview":"max-image-preview:large","max-video-preview":"max-video-preview:-1"},"canonical":"https:\/\/vincentians.com\/fr\/jean-gabriel-perboyre-lettre-044-a-son-oncle-a-montauban\/","og_locale":"fr_FR","og_type":"article","og_title":"Jean-Gabriel Perboyre, Lettre 044. A son Oncle, \u00e0 Montauban - Nous Sommes Vincentiens","og_description":"Mon tr\u00e8s cher oncle, Apr\u00e8s avoir pr\u00e9sent\u00e9 \u00e0 M.\u00a0le G\u00e9n\u00e9ral vos respects et vos remerciements, je lui ai expos\u00e9 votre d\u00e9sir d\u2019avoir la permission de manger avec nos s\u0153urs quand vous allez chez elles pour ... Read More","og_url":"https:\/\/vincentians.com\/fr\/jean-gabriel-perboyre-lettre-044-a-son-oncle-a-montauban\/","og_site_name":"Nous Sommes Vincentiens","article_publisher":"https:\/\/www.facebook.com\/WeAreVincentians\/","article_author":"https:\/\/www.facebook.com\/JavierChento","article_published_time":"2017-05-07T02:00:58+00:00","og_image":[{"width":1200,"height":630,"url":"https:\/\/i0.wp.com\/vincentians.com\/fr\/wp-content\/uploads\/sites\/10\/2016\/07\/cartas-perboyre.jpg?fit=1200%2C630&ssl=1","type":"image\/jpeg"}],"author":"Francisco Javier Fern\u00e1ndez Chento","twitter_card":"summary_large_image","twitter_creator":"@https:\/\/twitter.com\/javierchento","twitter_site":"@WeVincentians","twitter_misc":{"\u00c9crit par":"Francisco Javier Fern\u00e1ndez Chento","Dur\u00e9e de lecture estim\u00e9e":"5 minutes"},"schema":{"@context":"https:\/\/schema.org","@graph":[{"@type":"WebPage","@id":"https:\/\/vincentians.com\/fr\/jean-gabriel-perboyre-lettre-044-a-son-oncle-a-montauban\/","url":"https:\/\/vincentians.com\/fr\/jean-gabriel-perboyre-lettre-044-a-son-oncle-a-montauban\/","name":"Jean-Gabriel Perboyre, Lettre 044. A son Oncle, \u00e0 Montauban - Nous Sommes Vincentiens","isPartOf":{"@id":"http:\/\/vincentians.com\/fr\/#website"},"primaryImageOfPage":{"@id":"https:\/\/vincentians.com\/fr\/jean-gabriel-perboyre-lettre-044-a-son-oncle-a-montauban\/#primaryimage"},"image":{"@id":"https:\/\/vincentians.com\/fr\/jean-gabriel-perboyre-lettre-044-a-son-oncle-a-montauban\/#primaryimage"},"thumbnailUrl":"https:\/\/i0.wp.com\/vincentians.com\/fr\/wp-content\/uploads\/sites\/10\/2016\/07\/cartas-perboyre.jpg?fit=1200%2C630&ssl=1","datePublished":"2017-05-07T02:00:58+00:00","author":{"@id":"http:\/\/vincentians.com\/fr\/#\/schema\/person\/9623ef4d9aa3b2dfb8c061f1499288f2"},"breadcrumb":{"@id":"https:\/\/vincentians.com\/fr\/jean-gabriel-perboyre-lettre-044-a-son-oncle-a-montauban\/#breadcrumb"},"inLanguage":"fr-FR","potentialAction":[{"@type":"ReadAction","target":["https:\/\/vincentians.com\/fr\/jean-gabriel-perboyre-lettre-044-a-son-oncle-a-montauban\/"]}]},{"@type":"ImageObject","inLanguage":"fr-FR","@id":"https:\/\/vincentians.com\/fr\/jean-gabriel-perboyre-lettre-044-a-son-oncle-a-montauban\/#primaryimage","url":"https:\/\/i0.wp.com\/vincentians.com\/fr\/wp-content\/uploads\/sites\/10\/2016\/07\/cartas-perboyre.jpg?fit=1200%2C630&ssl=1","contentUrl":"https:\/\/i0.wp.com\/vincentians.com\/fr\/wp-content\/uploads\/sites\/10\/2016\/07\/cartas-perboyre.jpg?fit=1200%2C630&ssl=1","width":1200,"height":630},{"@type":"BreadcrumbList","@id":"https:\/\/vincentians.com\/fr\/jean-gabriel-perboyre-lettre-044-a-son-oncle-a-montauban\/#breadcrumb","itemListElement":[{"@type":"ListItem","position":1,"name":"Portada","item":"http:\/\/vincentians.com\/fr\/"},{"@type":"ListItem","position":2,"name":"Jean-Gabriel Perboyre, Lettre 044. A son Oncle, \u00e0 Montauban"}]},{"@type":"WebSite","@id":"http:\/\/vincentians.com\/fr\/#website","url":"http:\/\/vincentians.com\/fr\/","name":"Nous Sommes Vincentiens","description":"Know more to serve more","potentialAction":[{"@type":"SearchAction","target":{"@type":"EntryPoint","urlTemplate":"http:\/\/vincentians.com\/fr\/?s={search_term_string}"},"query-input":{"@type":"PropertyValueSpecification","valueRequired":true,"valueName":"search_term_string"}}],"inLanguage":"fr-FR"},{"@type":"Person","@id":"http:\/\/vincentians.com\/fr\/#\/schema\/person\/9623ef4d9aa3b2dfb8c061f1499288f2","name":"Francisco Javier Fern\u00e1ndez Chento","image":{"@type":"ImageObject","inLanguage":"fr-FR","@id":"http:\/\/vincentians.com\/fr\/#\/schema\/person\/image\/","url":"https:\/\/secure.gravatar.com\/avatar\/497d5cde87b4c3d097d0315953521681ba2cd523ee66e5077c3711f7021e65de?s=96&d=mm&r=g","contentUrl":"https:\/\/secure.gravatar.com\/avatar\/497d5cde87b4c3d097d0315953521681ba2cd523ee66e5077c3711f7021e65de?s=96&d=mm&r=g","caption":"Francisco Javier Fern\u00e1ndez Chento"},"description":"Director General y cofundador de La Red de Formaci\u00f3n Vicenciana. Javier es laico vicenciano, afiliado a la Congregaci\u00f3n de la Misi\u00f3n y miembro del Equipo de Misiones Populares de la provincia can\u00f3nica de Zaragoza (Espa\u00f1a) de la Congregaci\u00f3n de la Misi\u00f3n. Graduado en la Universidad Oberta de Catalunya con cuatro grados (Asistente de direcci\u00f3n, Gesti\u00f3n Administrativa, Recursos Humanos y Contabilidad Avanzada). Bil\u00edng\u00fce Espa\u00f1ol\/Ingl\u00e9s. gestiona y mantiene varias p\u00e1ginas web cristianas y vicencianas, incluida including La Red de Formaci\u00f3n Vicenciana, de la que es cofundador. Actualmente es responsable del \u00e1rea de Espa\u00f1ol de .famvin, la Red de Noticias de la Familia Vicenciana. Tambi\u00e9n es m\u00fasico cat\u00f3lico y ha editado varios discos. Es Director General y cofundador de Trovador, una reconocida compa\u00f1\u00eda discogr\u00e1fica critiana de Espa\u00f1a. Trabaja en las Tecnolog\u00edas de la Informaci\u00f3n, ofreciendo servicios de alojamiento, dise\u00f1o y mantenimiento Web, as\u00ed como asesoramiento, formaci\u00f3n y soluciones inform\u00e1ticas, gesti\u00f3n documental y digitalizaci\u00f3n de textos, edici\u00f3n y maquetaci\u00f3n de libros, revistas, flyers, etc.","sameAs":["http:\/\/chento.org","https:\/\/www.facebook.com\/JavierChento","https:\/\/x.com\/https:\/\/twitter.com\/javierchento"],"url":"https:\/\/vincentians.com\/fr\/author\/chento\/"}]}},"jetpack_publicize_connections":[],"jetpack_featured_media_url":"https:\/\/i0.wp.com\/vincentians.com\/fr\/wp-content\/uploads\/sites\/10\/2016\/07\/cartas-perboyre.jpg?fit=1200%2C630&ssl=1","jetpack_sharing_enabled":true,"jetpack_shortlink":"https:\/\/wp.me\/p7ETMP-rpf","jetpack-related-posts":[{"id":105044,"url":"https:\/\/vincentians.com\/fr\/jean-gabriel-perboyre-lettre-039-a-son-oncle-a-montauban\/","url_meta":{"origin":105353,"position":0},"title":"Jean-Gabriel Perboyre, Lettre 039. A son Oncle, \u00e0 Montauban","author":"Francisco Javier Fern\u00e1ndez Chento","date":"02\/04\/2017","format":false,"excerpt":"Mon tr\u00e8s cher oncle, J\u2019ai un peu diff\u00e9r\u00e9 de r\u00e9pondre \u00e0 votre derni\u00e8re lettre, parce que je ne voulais pas seulement vous annoncer l\u2019arriv\u00e9e de M.\u00a0Deljougla, mais encore la d\u00e9termination qu\u2019il aurait prise apr\u00e8s avoir pass\u00e9 par la retraite. Sa vocation n\u2019\u00e9tait fond\u00e9e sur rien de solide et de surnaturel\u00a0:\u2026","rel":"","context":"Dans &quot;\u00c9crits de Jean-Gabriel Perboyre&quot;","block_context":{"text":"\u00c9crits de Jean-Gabriel Perboyre","link":"https:\/\/vincentians.com\/fr\/category\/ecrits-de-jean-gabriel-perboyre\/"},"img":{"alt_text":"","src":"https:\/\/i0.wp.com\/vincentians.com\/fr\/wp-content\/uploads\/sites\/10\/2016\/07\/cartas-perboyre.jpg?fit=1200%2C630&ssl=1&resize=350%2C200","width":350,"height":200,"srcset":"https:\/\/i0.wp.com\/vincentians.com\/fr\/wp-content\/uploads\/sites\/10\/2016\/07\/cartas-perboyre.jpg?fit=1200%2C630&ssl=1&resize=350%2C200 1x, https:\/\/i0.wp.com\/vincentians.com\/fr\/wp-content\/uploads\/sites\/10\/2016\/07\/cartas-perboyre.jpg?fit=1200%2C630&ssl=1&resize=525%2C300 1.5x, https:\/\/i0.wp.com\/vincentians.com\/fr\/wp-content\/uploads\/sites\/10\/2016\/07\/cartas-perboyre.jpg?fit=1200%2C630&ssl=1&resize=700%2C400 2x, https:\/\/i0.wp.com\/vincentians.com\/fr\/wp-content\/uploads\/sites\/10\/2016\/07\/cartas-perboyre.jpg?fit=1200%2C630&ssl=1&resize=1050%2C600 3x"},"classes":[]},{"id":107178,"url":"https:\/\/vincentians.com\/fr\/jean-gabriel-perboyre-lettre-053-a-son-oncle-a-montauban\/","url_meta":{"origin":105353,"position":1},"title":"Jean-Gabriel Perboyre, Lettre 053. A son Oncle, \u00e0 Montauban","author":"Francisco Javier Fern\u00e1ndez Chento","date":"09\/07\/2017","format":false,"excerpt":"Paris, le 3 janvier 1835. Mon tr\u00e8s cher oncle, Il y a quelques jours que je vous ai exp\u00e9di\u00e9 sous bande, par la poste, la circulaire de la nouvelle ann\u00e9e. Je pense que vous l\u2019aurez re\u00e7ue. J\u2019ai bien regrett\u00e9 de n\u2019avoir pas pu l\u2019accompagner d\u2019une lettre pour vous exprimer mes\u2026","rel":"","context":"Dans &quot;\u00c9crits de Jean-Gabriel Perboyre&quot;","block_context":{"text":"\u00c9crits de Jean-Gabriel Perboyre","link":"https:\/\/vincentians.com\/fr\/category\/ecrits-de-jean-gabriel-perboyre\/"},"img":{"alt_text":"","src":"https:\/\/i0.wp.com\/vincentians.com\/fr\/wp-content\/uploads\/sites\/10\/2016\/07\/cartas-perboyre.jpg?fit=1200%2C630&ssl=1&resize=350%2C200","width":350,"height":200,"srcset":"https:\/\/i0.wp.com\/vincentians.com\/fr\/wp-content\/uploads\/sites\/10\/2016\/07\/cartas-perboyre.jpg?fit=1200%2C630&ssl=1&resize=350%2C200 1x, https:\/\/i0.wp.com\/vincentians.com\/fr\/wp-content\/uploads\/sites\/10\/2016\/07\/cartas-perboyre.jpg?fit=1200%2C630&ssl=1&resize=525%2C300 1.5x, https:\/\/i0.wp.com\/vincentians.com\/fr\/wp-content\/uploads\/sites\/10\/2016\/07\/cartas-perboyre.jpg?fit=1200%2C630&ssl=1&resize=700%2C400 2x, https:\/\/i0.wp.com\/vincentians.com\/fr\/wp-content\/uploads\/sites\/10\/2016\/07\/cartas-perboyre.jpg?fit=1200%2C630&ssl=1&resize=1050%2C600 3x"},"classes":[]},{"id":107247,"url":"https:\/\/vincentians.com\/fr\/jean-gabriel-perboyre-lettre-055-a-son-oncle-a-montauban\/","url_meta":{"origin":105353,"position":2},"title":"Jean-Gabriel Perboyre, Lettre 055. A son Oncle, \u00e0 Montauban","author":"Francisco Javier Fern\u00e1ndez Chento","date":"23\/07\/2017","format":false,"excerpt":"Paris, le 27 janvier 1835 Mon tr\u00e8s cher oncle, Il y a quelques jours que j\u2019ai remis \u00e0 la Communaut\u00e9 un paquet \u00e0 votre adresse qui a d\u00fb partir avec l\u2019envoi qu\u2019on a fait du drap gris pour le Midi. Vous le recevrez, je pense, par nos S\u0153urs de Montauban.\u2026","rel":"","context":"Dans &quot;\u00c9crits de Jean-Gabriel Perboyre&quot;","block_context":{"text":"\u00c9crits de Jean-Gabriel Perboyre","link":"https:\/\/vincentians.com\/fr\/category\/ecrits-de-jean-gabriel-perboyre\/"},"img":{"alt_text":"","src":"https:\/\/i0.wp.com\/vincentians.com\/fr\/wp-content\/uploads\/sites\/10\/2016\/07\/cartas-perboyre.jpg?fit=1200%2C630&ssl=1&resize=350%2C200","width":350,"height":200,"srcset":"https:\/\/i0.wp.com\/vincentians.com\/fr\/wp-content\/uploads\/sites\/10\/2016\/07\/cartas-perboyre.jpg?fit=1200%2C630&ssl=1&resize=350%2C200 1x, https:\/\/i0.wp.com\/vincentians.com\/fr\/wp-content\/uploads\/sites\/10\/2016\/07\/cartas-perboyre.jpg?fit=1200%2C630&ssl=1&resize=525%2C300 1.5x, https:\/\/i0.wp.com\/vincentians.com\/fr\/wp-content\/uploads\/sites\/10\/2016\/07\/cartas-perboyre.jpg?fit=1200%2C630&ssl=1&resize=700%2C400 2x, https:\/\/i0.wp.com\/vincentians.com\/fr\/wp-content\/uploads\/sites\/10\/2016\/07\/cartas-perboyre.jpg?fit=1200%2C630&ssl=1&resize=1050%2C600 3x"},"classes":[]},{"id":107171,"url":"https:\/\/vincentians.com\/fr\/jean-gabriel-perboyre-lettre-048-a-son-oncle-a-montauban\/","url_meta":{"origin":105353,"position":3},"title":"Jean-Gabriel Perboyre, Lettre 048. A son Oncle, \u00e0 Montauban","author":"Francisco Javier Fern\u00e1ndez Chento","date":"04\/06\/2017","format":false,"excerpt":"Paris, le 20 mai 1834. Mon tr\u00e8s cher oncle, Votre derni\u00e8re lettre pour mon cousin Gabriel doit \u00eatre arriv\u00e9e ce matin \u00e0 sa destination. M.\u00a0Gratacap a bien voulu se donner la peine de venir me voir aussit\u00f4t apr\u00e8s son arriv\u00e9e et m\u2019honorer plusieurs fois de ses visites. Comme c\u2019est aujourd\u2019hui\u2026","rel":"","context":"Dans &quot;\u00c9crits de Jean-Gabriel Perboyre&quot;","block_context":{"text":"\u00c9crits de Jean-Gabriel Perboyre","link":"https:\/\/vincentians.com\/fr\/category\/ecrits-de-jean-gabriel-perboyre\/"},"img":{"alt_text":"","src":"https:\/\/i0.wp.com\/vincentians.com\/fr\/wp-content\/uploads\/sites\/10\/2016\/07\/cartas-perboyre.jpg?fit=1200%2C630&ssl=1&resize=350%2C200","width":350,"height":200,"srcset":"https:\/\/i0.wp.com\/vincentians.com\/fr\/wp-content\/uploads\/sites\/10\/2016\/07\/cartas-perboyre.jpg?fit=1200%2C630&ssl=1&resize=350%2C200 1x, https:\/\/i0.wp.com\/vincentians.com\/fr\/wp-content\/uploads\/sites\/10\/2016\/07\/cartas-perboyre.jpg?fit=1200%2C630&ssl=1&resize=525%2C300 1.5x, https:\/\/i0.wp.com\/vincentians.com\/fr\/wp-content\/uploads\/sites\/10\/2016\/07\/cartas-perboyre.jpg?fit=1200%2C630&ssl=1&resize=700%2C400 2x, https:\/\/i0.wp.com\/vincentians.com\/fr\/wp-content\/uploads\/sites\/10\/2016\/07\/cartas-perboyre.jpg?fit=1200%2C630&ssl=1&resize=1050%2C600 3x"},"classes":[]},{"id":104472,"url":"https:\/\/vincentians.com\/fr\/jean-gabriel-perboyre-lettre-033-a-son-oncle-a-montauban\/","url_meta":{"origin":105353,"position":4},"title":"Jean-Gabriel Perboyre, Lettre 033. A son Oncle, \u00e0 Montauban","author":"Francisco Javier Fern\u00e1ndez Chento","date":"19\/02\/2017","format":false,"excerpt":"Mon tr\u00e8s cher oncle, J\u2019ai trop diff\u00e9r\u00e9 de vous donner la r\u00e9ponse que vous attendiez. Je ne chercherai point d\u2019excuses parce que je n\u2019en trouverais pas de bonnes. Apollonie est arriv\u00e9e heureusement avec ses deux compagnes. Elles m\u2019ont charg\u00e9 de vous l\u2019annoncer parce qu\u2019elles ne peuvent pas vous \u00e9crire encore.\u2026","rel":"","context":"Dans &quot;\u00c9crits de Jean-Gabriel Perboyre&quot;","block_context":{"text":"\u00c9crits de Jean-Gabriel Perboyre","link":"https:\/\/vincentians.com\/fr\/category\/ecrits-de-jean-gabriel-perboyre\/"},"img":{"alt_text":"","src":"https:\/\/i0.wp.com\/vincentians.com\/fr\/wp-content\/uploads\/sites\/10\/2016\/07\/cartas-perboyre.jpg?fit=1200%2C630&ssl=1&resize=350%2C200","width":350,"height":200,"srcset":"https:\/\/i0.wp.com\/vincentians.com\/fr\/wp-content\/uploads\/sites\/10\/2016\/07\/cartas-perboyre.jpg?fit=1200%2C630&ssl=1&resize=350%2C200 1x, https:\/\/i0.wp.com\/vincentians.com\/fr\/wp-content\/uploads\/sites\/10\/2016\/07\/cartas-perboyre.jpg?fit=1200%2C630&ssl=1&resize=525%2C300 1.5x, https:\/\/i0.wp.com\/vincentians.com\/fr\/wp-content\/uploads\/sites\/10\/2016\/07\/cartas-perboyre.jpg?fit=1200%2C630&ssl=1&resize=700%2C400 2x, https:\/\/i0.wp.com\/vincentians.com\/fr\/wp-content\/uploads\/sites\/10\/2016\/07\/cartas-perboyre.jpg?fit=1200%2C630&ssl=1&resize=1050%2C600 3x"},"classes":[]},{"id":104471,"url":"https:\/\/vincentians.com\/fr\/jean-gabriel-perboyre-lettre-032-a-son-pere\/","url_meta":{"origin":105353,"position":5},"title":"Jean-Gabriel Perboyre, Lettre 032. A son P\u00e8re","author":"Francisco Javier Fern\u00e1ndez Chento","date":"12\/02\/2017","format":false,"excerpt":"Mon tr\u00e8s cher P\u00e8re, Par la lettre que j\u2019\u00e9crivis \u00e0 ma s\u0153ur aussit\u00f4t apr\u00e8s mon arriv\u00e9e \u00e0 Paris, vous avez vu que j\u2019avais chang\u00e9 de domicile. Je n\u2019eus pas le temps de vous \u00e9crire avant mon d\u00e9part de Saint-Flour. Mon nouvel emploi est plus favorable que l\u2019ancien \u00e0 ma sant\u00e9\u2026","rel":"","context":"Dans &quot;\u00c9crits de Jean-Gabriel Perboyre&quot;","block_context":{"text":"\u00c9crits de Jean-Gabriel Perboyre","link":"https:\/\/vincentians.com\/fr\/category\/ecrits-de-jean-gabriel-perboyre\/"},"img":{"alt_text":"","src":"https:\/\/i0.wp.com\/vincentians.com\/fr\/wp-content\/uploads\/sites\/10\/2016\/07\/cartas-perboyre.jpg?fit=1200%2C630&ssl=1&resize=350%2C200","width":350,"height":200,"srcset":"https:\/\/i0.wp.com\/vincentians.com\/fr\/wp-content\/uploads\/sites\/10\/2016\/07\/cartas-perboyre.jpg?fit=1200%2C630&ssl=1&resize=350%2C200 1x, https:\/\/i0.wp.com\/vincentians.com\/fr\/wp-content\/uploads\/sites\/10\/2016\/07\/cartas-perboyre.jpg?fit=1200%2C630&ssl=1&resize=525%2C300 1.5x, https:\/\/i0.wp.com\/vincentians.com\/fr\/wp-content\/uploads\/sites\/10\/2016\/07\/cartas-perboyre.jpg?fit=1200%2C630&ssl=1&resize=700%2C400 2x, https:\/\/i0.wp.com\/vincentians.com\/fr\/wp-content\/uploads\/sites\/10\/2016\/07\/cartas-perboyre.jpg?fit=1200%2C630&ssl=1&resize=1050%2C600 3x"},"classes":[]}],"_links":{"self":[{"href":"https:\/\/vincentians.com\/fr\/wp-json\/wp\/v2\/posts\/105353","targetHints":{"allow":["GET"]}}],"collection":[{"href":"https:\/\/vincentians.com\/fr\/wp-json\/wp\/v2\/posts"}],"about":[{"href":"https:\/\/vincentians.com\/fr\/wp-json\/wp\/v2\/types\/post"}],"author":[{"embeddable":true,"href":"https:\/\/vincentians.com\/fr\/wp-json\/wp\/v2\/users\/4"}],"replies":[{"embeddable":true,"href":"https:\/\/vincentians.com\/fr\/wp-json\/wp\/v2\/comments?post=105353"}],"version-history":[{"count":0,"href":"https:\/\/vincentians.com\/fr\/wp-json\/wp\/v2\/posts\/105353\/revisions"}],"wp:featuredmedia":[{"embeddable":true,"href":"https:\/\/vincentians.com\/fr\/wp-json\/wp\/v2\/media\/189778"}],"wp:attachment":[{"href":"https:\/\/vincentians.com\/fr\/wp-json\/wp\/v2\/media?parent=105353"}],"wp:term":[{"taxonomy":"category","embeddable":true,"href":"https:\/\/vincentians.com\/fr\/wp-json\/wp\/v2\/categories?post=105353"},{"taxonomy":"post_tag","embeddable":true,"href":"https:\/\/vincentians.com\/fr\/wp-json\/wp\/v2\/tags?post=105353"}],"curies":[{"name":"wp","href":"https:\/\/api.w.org\/{rel}","templated":true}]}}