{"id":105319,"date":"2017-03-28T04:00:58","date_gmt":"2017-03-28T02:00:58","guid":{"rendered":"http:\/\/vincentiens.org\/?p=105319"},"modified":"2017-03-28T04:00:58","modified_gmt":"2017-03-28T02:00:58","slug":"louise-de-marillac-lettre-0030-a-monsieur-labbe-de-vaux","status":"publish","type":"post","link":"https:\/\/vincentians.com\/fr\/louise-de-marillac-lettre-0030-a-monsieur-labbe-de-vaux\/","title":{"rendered":"Louise de Marillac, Lettre 0030: \u00e0 Monsieur l&rsquo;abb\u00e9 de Vaux"},"content":{"rendered":"<p>De la maison des Enfants Trouv\u00e9s<span id='easy-footnote-1-105319' class='easy-footnote-margin-adjust'><\/span><span class='easy-footnote'><a href='https:\/\/vincentians.com\/fr\/louise-de-marillac-lettre-0030-a-monsieur-labbe-de-vaux\/#easy-footnote-bottom-1-105319' title='La prise en charge de tous les Enfants Trouv\u00e9s fut r\u00e9alis\u00e9e le 30 mars 1640.'><sup>1<\/sup><\/a><\/span>, ce 3 octobre 1640.<\/p>\n<p>Monsieur,<\/p>\n<p>Je suis bien f\u00e2ch\u00e9e que ma S\u0153ur Turgis ait laiss\u00e9 cette bonne fille je lui avais mand\u00e9 ne se pas arr\u00eater aux frais du voyage, s&rsquo;il n&rsquo;y avait que cela \u00e0 redire et qu&rsquo;il se pr\u00e9sente occasion de l&rsquo;envoyer, qu&rsquo;elle serait la bien venue, comme aussi celle dont votre charit\u00e9 m&rsquo;a fait l&rsquo;honneur me parler. Le bienheureux Monsieur de Sales n&rsquo;a point interdit ces pauvres cr\u00e9atures de son ordre, j&rsquo;entends de celui de ses ch\u00e8res filles, c&rsquo;est pourquoi nous aurions grand tort de ne les pas recevoir. Je suis bien marrie d&rsquo;avoir fait tant distance pour la conduite de l&rsquo;horloge, mais il me semble, Monsieur, que j&rsquo;avais remis cela enti\u00e8rement \u00e0 votre ordre, s&rsquo;il vous pla\u00eet en disposer comme de tout autre chose pour la conduite de nos S\u0153urs qui vous ont tant d&rsquo;obligations, et moi en eux, dans toutes celles que votre charit\u00e9 a acquises sur ma mis\u00e8re. C&rsquo;est vous, Monsieur, qui, par votre charitable soin les conduisez, avec la gr\u00e2ce de Dieu, \u00e0 la pratique du d\u00e9tachement que vous avez remarqu\u00e9 en elles \u00e0 cette s\u00e9paration. Vous voyez Monsieur, le besoin qu&rsquo;elles ont de votre assistance pour l&rsquo;accomplissement, de la tr\u00e8s sainte volont\u00e9, laquelle semble para\u00eetre \u00eatre que ma S\u0153ur Elisabeth<span id='easy-footnote-2-105319' class='easy-footnote-margin-adjust'><\/span><span class='easy-footnote'><a href='https:\/\/vincentians.com\/fr\/louise-de-marillac-lettre-0030-a-monsieur-labbe-de-vaux\/#easy-footnote-bottom-2-105319' title='\u00c9lisabeth Martin, S\u0153ur Servante de la communaut\u00e9 de l&amp;rsquo;h\u00f4pital d&amp;rsquo;Angers (voir p. 32).'><sup>2<\/sup><\/a><\/span> demeure \u00e0 Angers, puisque sa bont\u00e9 lui a redonn\u00e9 la sant\u00e9, n&rsquo;\u00e9tant que pour ce sujet que nous vous proposions de la retirer.<\/p>\n<p>Je commen\u00e7ais \u00e0 craindre que vous fussiez malade, et avais r\u00e9solu de m&rsquo;adresser \u00e0 Madame votre s\u0153ur<span id='easy-footnote-3-105319' class='easy-footnote-margin-adjust'><\/span><span class='easy-footnote'><a href='https:\/\/vincentians.com\/fr\/louise-de-marillac-lettre-0030-a-monsieur-labbe-de-vaux\/#easy-footnote-bottom-3-105319' title='Madame du Plessis (voir p. 40).'><sup>3<\/sup><\/a><\/span>, pour avoir plus assur\u00e9ment de vos nouvelles. Dieu soit b\u00e9ni qu&rsquo;elles soient bonnes et nous fasse la gr\u00e2ce de vous conserver pour sa gloire et son amour auquel je suis, Monsieur, Votre tr\u00e8s ob\u00e9issante fille et servante.<\/p>\n","protected":false},"excerpt":{"rendered":"<p>De la maison des Enfants Trouv\u00e9s, ce 3 octobre 1640. Monsieur, Je suis bien f\u00e2ch\u00e9e que ma S\u0153ur Turgis ait laiss\u00e9 cette bonne fille je lui avais mand\u00e9 ne se pas arr\u00eater aux frais du &#8230; <a href=\"https:\/\/vincentians.com\/fr\/louise-de-marillac-lettre-0030-a-monsieur-labbe-de-vaux\/\" class=\"more-link\">Read More<\/a><\/p>\n","protected":false},"author":4,"featured_media":189777,"comment_status":"open","ping_status":"open","sticky":false,"template":"","format":"standard","meta":{"jetpack_post_was_ever_published":false,"_jetpack_newsletter_access":"","_jetpack_dont_email_post_to_subs":false,"_jetpack_newsletter_tier_id":0,"_jetpack_memberships_contains_paywalled_content":false,"_jetpack_memberships_contains_paid_content":false,"footnotes":"","jetpack_publicize_message":"","jetpack_publicize_feature_enabled":true,"jetpack_social_post_already_shared":true,"jetpack_social_options":{"image_generator_settings":{"template":"highway","default_image_id":0,"font":"","enabled":false},"version":2}},"categories":[121],"tags":[],"class_list":["post-105319","post","type-post","status-publish","format-standard","has-post-thumbnail","hentry","category-ecrits-de-louise-de-marillac"],"yoast_head":"<!-- This site is optimized with the Yoast SEO plugin v26.3 - https:\/\/yoast.com\/wordpress\/plugins\/seo\/ -->\n<title>Louise de Marillac, Lettre 0030: \u00e0 Monsieur l&#039;abb\u00e9 de Vaux - Nous Sommes Vincentiens<\/title>\n<meta name=\"robots\" content=\"index, follow, max-snippet:-1, max-image-preview:large, max-video-preview:-1\" \/>\n<link rel=\"canonical\" href=\"https:\/\/vincentians.com\/fr\/louise-de-marillac-lettre-0030-a-monsieur-labbe-de-vaux\/\" \/>\n<meta property=\"og:locale\" content=\"fr_FR\" \/>\n<meta property=\"og:type\" content=\"article\" \/>\n<meta property=\"og:title\" content=\"Louise de Marillac, Lettre 0030: \u00e0 Monsieur l&#039;abb\u00e9 de Vaux - Nous Sommes Vincentiens\" \/>\n<meta property=\"og:description\" content=\"De la maison des Enfants Trouv\u00e9s, ce 3 octobre 1640. Monsieur, Je suis bien f\u00e2ch\u00e9e que ma S\u0153ur Turgis ait laiss\u00e9 cette bonne fille je lui avais mand\u00e9 ne se pas arr\u00eater aux frais du ... Read More\" \/>\n<meta property=\"og:url\" content=\"https:\/\/vincentians.com\/fr\/louise-de-marillac-lettre-0030-a-monsieur-labbe-de-vaux\/\" \/>\n<meta property=\"og:site_name\" content=\"Nous Sommes Vincentiens\" \/>\n<meta property=\"article:publisher\" content=\"https:\/\/www.facebook.com\/WeAreVincentians\/\" \/>\n<meta property=\"article:author\" content=\"https:\/\/www.facebook.com\/JavierChento\" \/>\n<meta property=\"article:published_time\" content=\"2017-03-28T02:00:58+00:00\" \/>\n<meta property=\"og:image\" content=\"https:\/\/i0.wp.com\/vincentians.com\/fr\/wp-content\/uploads\/sites\/10\/2016\/07\/cartas-luisa-de-marillac.jpg?fit=1200%2C630&ssl=1\" \/>\n\t<meta property=\"og:image:width\" content=\"1200\" \/>\n\t<meta property=\"og:image:height\" content=\"630\" \/>\n\t<meta property=\"og:image:type\" content=\"image\/jpeg\" \/>\n<meta name=\"author\" content=\"Francisco Javier Fern\u00e1ndez Chento\" \/>\n<meta name=\"twitter:card\" content=\"summary_large_image\" \/>\n<meta name=\"twitter:creator\" content=\"@https:\/\/twitter.com\/javierchento\" \/>\n<meta name=\"twitter:site\" content=\"@WeVincentians\" \/>\n<meta name=\"twitter:label1\" content=\"\u00c9crit par\" \/>\n\t<meta name=\"twitter:data1\" content=\"Francisco Javier Fern\u00e1ndez Chento\" \/>\n\t<meta name=\"twitter:label2\" content=\"Dur\u00e9e de lecture estim\u00e9e\" \/>\n\t<meta name=\"twitter:data2\" content=\"2 minutes\" \/>\n<script type=\"application\/ld+json\" class=\"yoast-schema-graph\">{\"@context\":\"https:\/\/schema.org\",\"@graph\":[{\"@type\":\"WebPage\",\"@id\":\"https:\/\/vincentians.com\/fr\/louise-de-marillac-lettre-0030-a-monsieur-labbe-de-vaux\/\",\"url\":\"https:\/\/vincentians.com\/fr\/louise-de-marillac-lettre-0030-a-monsieur-labbe-de-vaux\/\",\"name\":\"Louise de Marillac, Lettre 0030: \u00e0 Monsieur l'abb\u00e9 de Vaux - Nous Sommes Vincentiens\",\"isPartOf\":{\"@id\":\"https:\/\/vincentians.com\/fr\/#website\"},\"primaryImageOfPage\":{\"@id\":\"https:\/\/vincentians.com\/fr\/louise-de-marillac-lettre-0030-a-monsieur-labbe-de-vaux\/#primaryimage\"},\"image\":{\"@id\":\"https:\/\/vincentians.com\/fr\/louise-de-marillac-lettre-0030-a-monsieur-labbe-de-vaux\/#primaryimage\"},\"thumbnailUrl\":\"https:\/\/i0.wp.com\/vincentians.com\/fr\/wp-content\/uploads\/sites\/10\/2016\/07\/cartas-luisa-de-marillac.jpg?fit=1200%2C630&ssl=1\",\"datePublished\":\"2017-03-28T02:00:58+00:00\",\"author\":{\"@id\":\"https:\/\/vincentians.com\/fr\/#\/schema\/person\/9623ef4d9aa3b2dfb8c061f1499288f2\"},\"breadcrumb\":{\"@id\":\"https:\/\/vincentians.com\/fr\/louise-de-marillac-lettre-0030-a-monsieur-labbe-de-vaux\/#breadcrumb\"},\"inLanguage\":\"fr-FR\",\"potentialAction\":[{\"@type\":\"ReadAction\",\"target\":[\"https:\/\/vincentians.com\/fr\/louise-de-marillac-lettre-0030-a-monsieur-labbe-de-vaux\/\"]}]},{\"@type\":\"ImageObject\",\"inLanguage\":\"fr-FR\",\"@id\":\"https:\/\/vincentians.com\/fr\/louise-de-marillac-lettre-0030-a-monsieur-labbe-de-vaux\/#primaryimage\",\"url\":\"https:\/\/i0.wp.com\/vincentians.com\/fr\/wp-content\/uploads\/sites\/10\/2016\/07\/cartas-luisa-de-marillac.jpg?fit=1200%2C630&ssl=1\",\"contentUrl\":\"https:\/\/i0.wp.com\/vincentians.com\/fr\/wp-content\/uploads\/sites\/10\/2016\/07\/cartas-luisa-de-marillac.jpg?fit=1200%2C630&ssl=1\",\"width\":1200,\"height\":630},{\"@type\":\"BreadcrumbList\",\"@id\":\"https:\/\/vincentians.com\/fr\/louise-de-marillac-lettre-0030-a-monsieur-labbe-de-vaux\/#breadcrumb\",\"itemListElement\":[{\"@type\":\"ListItem\",\"position\":1,\"name\":\"Portada\",\"item\":\"https:\/\/vincentians.com\/fr\/\"},{\"@type\":\"ListItem\",\"position\":2,\"name\":\"Louise de Marillac, Lettre 0030: \u00e0 Monsieur l&rsquo;abb\u00e9 de Vaux\"}]},{\"@type\":\"WebSite\",\"@id\":\"https:\/\/vincentians.com\/fr\/#website\",\"url\":\"https:\/\/vincentians.com\/fr\/\",\"name\":\"Nous Sommes Vincentiens\",\"description\":\"Know more to serve more\",\"potentialAction\":[{\"@type\":\"SearchAction\",\"target\":{\"@type\":\"EntryPoint\",\"urlTemplate\":\"https:\/\/vincentians.com\/fr\/?s={search_term_string}\"},\"query-input\":{\"@type\":\"PropertyValueSpecification\",\"valueRequired\":true,\"valueName\":\"search_term_string\"}}],\"inLanguage\":\"fr-FR\"},{\"@type\":\"Person\",\"@id\":\"https:\/\/vincentians.com\/fr\/#\/schema\/person\/9623ef4d9aa3b2dfb8c061f1499288f2\",\"name\":\"Francisco Javier Fern\u00e1ndez Chento\",\"image\":{\"@type\":\"ImageObject\",\"inLanguage\":\"fr-FR\",\"@id\":\"https:\/\/vincentians.com\/fr\/#\/schema\/person\/image\/\",\"url\":\"https:\/\/secure.gravatar.com\/avatar\/497d5cde87b4c3d097d0315953521681ba2cd523ee66e5077c3711f7021e65de?s=96&d=mm&r=g\",\"contentUrl\":\"https:\/\/secure.gravatar.com\/avatar\/497d5cde87b4c3d097d0315953521681ba2cd523ee66e5077c3711f7021e65de?s=96&d=mm&r=g\",\"caption\":\"Francisco Javier Fern\u00e1ndez Chento\"},\"description\":\"Director General y cofundador de La Red de Formaci\u00f3n Vicenciana. Javier es laico vicenciano, afiliado a la Congregaci\u00f3n de la Misi\u00f3n y miembro del Equipo de Misiones Populares de la provincia can\u00f3nica de Zaragoza (Espa\u00f1a) de la Congregaci\u00f3n de la Misi\u00f3n. Graduado en la Universidad Oberta de Catalunya con cuatro grados (Asistente de direcci\u00f3n, Gesti\u00f3n Administrativa, Recursos Humanos y Contabilidad Avanzada). Bil\u00edng\u00fce Espa\u00f1ol\/Ingl\u00e9s. gestiona y mantiene varias p\u00e1ginas web cristianas y vicencianas, incluida including La Red de Formaci\u00f3n Vicenciana, de la que es cofundador. Actualmente es responsable del \u00e1rea de Espa\u00f1ol de .famvin, la Red de Noticias de la Familia Vicenciana. Tambi\u00e9n es m\u00fasico cat\u00f3lico y ha editado varios discos. Es Director General y cofundador de Trovador, una reconocida compa\u00f1\u00eda discogr\u00e1fica critiana de Espa\u00f1a. Trabaja en las Tecnolog\u00edas de la Informaci\u00f3n, ofreciendo servicios de alojamiento, dise\u00f1o y mantenimiento Web, as\u00ed como asesoramiento, formaci\u00f3n y soluciones inform\u00e1ticas, gesti\u00f3n documental y digitalizaci\u00f3n de textos, edici\u00f3n y maquetaci\u00f3n de libros, revistas, flyers, etc.\",\"sameAs\":[\"http:\/\/chento.org\",\"https:\/\/www.facebook.com\/JavierChento\",\"https:\/\/x.com\/https:\/\/twitter.com\/javierchento\"],\"url\":\"https:\/\/vincentians.com\/fr\/author\/chento\/\"}]}<\/script>\n<!-- \/ Yoast SEO plugin. -->","yoast_head_json":{"title":"Louise de Marillac, Lettre 0030: \u00e0 Monsieur l'abb\u00e9 de Vaux - Nous Sommes Vincentiens","robots":{"index":"index","follow":"follow","max-snippet":"max-snippet:-1","max-image-preview":"max-image-preview:large","max-video-preview":"max-video-preview:-1"},"canonical":"https:\/\/vincentians.com\/fr\/louise-de-marillac-lettre-0030-a-monsieur-labbe-de-vaux\/","og_locale":"fr_FR","og_type":"article","og_title":"Louise de Marillac, Lettre 0030: \u00e0 Monsieur l'abb\u00e9 de Vaux - Nous Sommes Vincentiens","og_description":"De la maison des Enfants Trouv\u00e9s, ce 3 octobre 1640. Monsieur, Je suis bien f\u00e2ch\u00e9e que ma S\u0153ur Turgis ait laiss\u00e9 cette bonne fille je lui avais mand\u00e9 ne se pas arr\u00eater aux frais du ... Read More","og_url":"https:\/\/vincentians.com\/fr\/louise-de-marillac-lettre-0030-a-monsieur-labbe-de-vaux\/","og_site_name":"Nous Sommes Vincentiens","article_publisher":"https:\/\/www.facebook.com\/WeAreVincentians\/","article_author":"https:\/\/www.facebook.com\/JavierChento","article_published_time":"2017-03-28T02:00:58+00:00","og_image":[{"width":1200,"height":630,"url":"https:\/\/i0.wp.com\/vincentians.com\/fr\/wp-content\/uploads\/sites\/10\/2016\/07\/cartas-luisa-de-marillac.jpg?fit=1200%2C630&ssl=1","type":"image\/jpeg"}],"author":"Francisco Javier Fern\u00e1ndez Chento","twitter_card":"summary_large_image","twitter_creator":"@https:\/\/twitter.com\/javierchento","twitter_site":"@WeVincentians","twitter_misc":{"\u00c9crit par":"Francisco Javier Fern\u00e1ndez Chento","Dur\u00e9e de lecture estim\u00e9e":"2 minutes"},"schema":{"@context":"https:\/\/schema.org","@graph":[{"@type":"WebPage","@id":"https:\/\/vincentians.com\/fr\/louise-de-marillac-lettre-0030-a-monsieur-labbe-de-vaux\/","url":"https:\/\/vincentians.com\/fr\/louise-de-marillac-lettre-0030-a-monsieur-labbe-de-vaux\/","name":"Louise de Marillac, Lettre 0030: \u00e0 Monsieur l'abb\u00e9 de Vaux - Nous Sommes Vincentiens","isPartOf":{"@id":"https:\/\/vincentians.com\/fr\/#website"},"primaryImageOfPage":{"@id":"https:\/\/vincentians.com\/fr\/louise-de-marillac-lettre-0030-a-monsieur-labbe-de-vaux\/#primaryimage"},"image":{"@id":"https:\/\/vincentians.com\/fr\/louise-de-marillac-lettre-0030-a-monsieur-labbe-de-vaux\/#primaryimage"},"thumbnailUrl":"https:\/\/i0.wp.com\/vincentians.com\/fr\/wp-content\/uploads\/sites\/10\/2016\/07\/cartas-luisa-de-marillac.jpg?fit=1200%2C630&ssl=1","datePublished":"2017-03-28T02:00:58+00:00","author":{"@id":"https:\/\/vincentians.com\/fr\/#\/schema\/person\/9623ef4d9aa3b2dfb8c061f1499288f2"},"breadcrumb":{"@id":"https:\/\/vincentians.com\/fr\/louise-de-marillac-lettre-0030-a-monsieur-labbe-de-vaux\/#breadcrumb"},"inLanguage":"fr-FR","potentialAction":[{"@type":"ReadAction","target":["https:\/\/vincentians.com\/fr\/louise-de-marillac-lettre-0030-a-monsieur-labbe-de-vaux\/"]}]},{"@type":"ImageObject","inLanguage":"fr-FR","@id":"https:\/\/vincentians.com\/fr\/louise-de-marillac-lettre-0030-a-monsieur-labbe-de-vaux\/#primaryimage","url":"https:\/\/i0.wp.com\/vincentians.com\/fr\/wp-content\/uploads\/sites\/10\/2016\/07\/cartas-luisa-de-marillac.jpg?fit=1200%2C630&ssl=1","contentUrl":"https:\/\/i0.wp.com\/vincentians.com\/fr\/wp-content\/uploads\/sites\/10\/2016\/07\/cartas-luisa-de-marillac.jpg?fit=1200%2C630&ssl=1","width":1200,"height":630},{"@type":"BreadcrumbList","@id":"https:\/\/vincentians.com\/fr\/louise-de-marillac-lettre-0030-a-monsieur-labbe-de-vaux\/#breadcrumb","itemListElement":[{"@type":"ListItem","position":1,"name":"Portada","item":"https:\/\/vincentians.com\/fr\/"},{"@type":"ListItem","position":2,"name":"Louise de Marillac, Lettre 0030: \u00e0 Monsieur l&rsquo;abb\u00e9 de Vaux"}]},{"@type":"WebSite","@id":"https:\/\/vincentians.com\/fr\/#website","url":"https:\/\/vincentians.com\/fr\/","name":"Nous Sommes Vincentiens","description":"Know more to serve more","potentialAction":[{"@type":"SearchAction","target":{"@type":"EntryPoint","urlTemplate":"https:\/\/vincentians.com\/fr\/?s={search_term_string}"},"query-input":{"@type":"PropertyValueSpecification","valueRequired":true,"valueName":"search_term_string"}}],"inLanguage":"fr-FR"},{"@type":"Person","@id":"https:\/\/vincentians.com\/fr\/#\/schema\/person\/9623ef4d9aa3b2dfb8c061f1499288f2","name":"Francisco Javier Fern\u00e1ndez Chento","image":{"@type":"ImageObject","inLanguage":"fr-FR","@id":"https:\/\/vincentians.com\/fr\/#\/schema\/person\/image\/","url":"https:\/\/secure.gravatar.com\/avatar\/497d5cde87b4c3d097d0315953521681ba2cd523ee66e5077c3711f7021e65de?s=96&d=mm&r=g","contentUrl":"https:\/\/secure.gravatar.com\/avatar\/497d5cde87b4c3d097d0315953521681ba2cd523ee66e5077c3711f7021e65de?s=96&d=mm&r=g","caption":"Francisco Javier Fern\u00e1ndez Chento"},"description":"Director General y cofundador de La Red de Formaci\u00f3n Vicenciana. Javier es laico vicenciano, afiliado a la Congregaci\u00f3n de la Misi\u00f3n y miembro del Equipo de Misiones Populares de la provincia can\u00f3nica de Zaragoza (Espa\u00f1a) de la Congregaci\u00f3n de la Misi\u00f3n. Graduado en la Universidad Oberta de Catalunya con cuatro grados (Asistente de direcci\u00f3n, Gesti\u00f3n Administrativa, Recursos Humanos y Contabilidad Avanzada). Bil\u00edng\u00fce Espa\u00f1ol\/Ingl\u00e9s. gestiona y mantiene varias p\u00e1ginas web cristianas y vicencianas, incluida including La Red de Formaci\u00f3n Vicenciana, de la que es cofundador. Actualmente es responsable del \u00e1rea de Espa\u00f1ol de .famvin, la Red de Noticias de la Familia Vicenciana. Tambi\u00e9n es m\u00fasico cat\u00f3lico y ha editado varios discos. Es Director General y cofundador de Trovador, una reconocida compa\u00f1\u00eda discogr\u00e1fica critiana de Espa\u00f1a. Trabaja en las Tecnolog\u00edas de la Informaci\u00f3n, ofreciendo servicios de alojamiento, dise\u00f1o y mantenimiento Web, as\u00ed como asesoramiento, formaci\u00f3n y soluciones inform\u00e1ticas, gesti\u00f3n documental y digitalizaci\u00f3n de textos, edici\u00f3n y maquetaci\u00f3n de libros, revistas, flyers, etc.","sameAs":["http:\/\/chento.org","https:\/\/www.facebook.com\/JavierChento","https:\/\/x.com\/https:\/\/twitter.com\/javierchento"],"url":"https:\/\/vincentians.com\/fr\/author\/chento\/"}]}},"jetpack_publicize_connections":[],"jetpack_featured_media_url":"https:\/\/i0.wp.com\/vincentians.com\/fr\/wp-content\/uploads\/sites\/10\/2016\/07\/cartas-luisa-de-marillac.jpg?fit=1200%2C630&ssl=1","jetpack_sharing_enabled":true,"jetpack_shortlink":"https:\/\/wp.me\/p7ETMP-roH","jetpack-related-posts":[{"id":104534,"url":"https:\/\/vincentians.com\/fr\/louise-de-marillac-lettre-0012-a-monsieur-labbe-de-vaux\/","url_meta":{"origin":105319,"position":0},"title":"Louise de Marillac, Lettre 0012: \u00e0 Monsieur l&rsquo;abb\u00e9 de Vaux","author":"Francisco Javier Fern\u00e1ndez Chento","date":"18\/10\/2016","format":false,"excerpt":"(\u00e0 Angers) Ce vendredi (1640). Monsieur Notre bonne femme est toute dispos\u00e9e \u00e0 faire ce qu'il vous plaira et, si je ne me trompe, elle vous rendra bon service. Je lui ai propose toutes les conditions n\u00e9cessaires pour cela qu'elle trouve faciles. Elle m'a dit que, depuis qu'elle a servi\u2026","rel":"","context":"Dans &quot;\u00c9crits de Louise de Marillac&quot;","block_context":{"text":"\u00c9crits de Louise de Marillac","link":"https:\/\/vincentians.com\/fr\/category\/ecrits-de-louise-de-marillac\/"},"img":{"alt_text":"","src":"https:\/\/i0.wp.com\/vincentians.com\/fr\/wp-content\/uploads\/sites\/10\/2016\/07\/cartas-luisa-de-marillac.jpg?fit=1200%2C630&ssl=1&resize=350%2C200","width":350,"height":200,"srcset":"https:\/\/i0.wp.com\/vincentians.com\/fr\/wp-content\/uploads\/sites\/10\/2016\/07\/cartas-luisa-de-marillac.jpg?fit=1200%2C630&ssl=1&resize=350%2C200 1x, https:\/\/i0.wp.com\/vincentians.com\/fr\/wp-content\/uploads\/sites\/10\/2016\/07\/cartas-luisa-de-marillac.jpg?fit=1200%2C630&ssl=1&resize=525%2C300 1.5x, https:\/\/i0.wp.com\/vincentians.com\/fr\/wp-content\/uploads\/sites\/10\/2016\/07\/cartas-luisa-de-marillac.jpg?fit=1200%2C630&ssl=1&resize=700%2C400 2x, https:\/\/i0.wp.com\/vincentians.com\/fr\/wp-content\/uploads\/sites\/10\/2016\/07\/cartas-luisa-de-marillac.jpg?fit=1200%2C630&ssl=1&resize=1050%2C600 3x"},"classes":[]},{"id":105316,"url":"https:\/\/vincentians.com\/fr\/louise-de-marillac-lettre-0033-a-monsieur-vincent\/","url_meta":{"origin":105319,"position":1},"title":"Louise de Marillac, Lettre 0033: \u00e0 Monsieur Vincent","author":"Francisco Javier Fern\u00e1ndez Chento","date":"21\/03\/2017","format":false,"excerpt":"Ce jour, Saint-Denis (1640). Monsieur, Les amis de la m\u00e8re d'un de nos enfants presse fort d'accorder* les poursuites que l'on a commenc\u00e9es contre elle, quoique absente, et demande que l'on leur propose ce que l'on d\u00e9sire pour la sortir d'affaire ; il y a un b\u00e9n\u00e9ficier qui s'en m\u00eale\u2026","rel":"","context":"Dans &quot;\u00c9crits de Louise de Marillac&quot;","block_context":{"text":"\u00c9crits de Louise de Marillac","link":"https:\/\/vincentians.com\/fr\/category\/ecrits-de-louise-de-marillac\/"},"img":{"alt_text":"","src":"https:\/\/i0.wp.com\/vincentians.com\/fr\/wp-content\/uploads\/sites\/10\/2016\/07\/cartas-luisa-de-marillac.jpg?fit=1200%2C630&ssl=1&resize=350%2C200","width":350,"height":200,"srcset":"https:\/\/i0.wp.com\/vincentians.com\/fr\/wp-content\/uploads\/sites\/10\/2016\/07\/cartas-luisa-de-marillac.jpg?fit=1200%2C630&ssl=1&resize=350%2C200 1x, https:\/\/i0.wp.com\/vincentians.com\/fr\/wp-content\/uploads\/sites\/10\/2016\/07\/cartas-luisa-de-marillac.jpg?fit=1200%2C630&ssl=1&resize=525%2C300 1.5x, https:\/\/i0.wp.com\/vincentians.com\/fr\/wp-content\/uploads\/sites\/10\/2016\/07\/cartas-luisa-de-marillac.jpg?fit=1200%2C630&ssl=1&resize=700%2C400 2x, https:\/\/i0.wp.com\/vincentians.com\/fr\/wp-content\/uploads\/sites\/10\/2016\/07\/cartas-luisa-de-marillac.jpg?fit=1200%2C630&ssl=1&resize=1050%2C600 3x"},"classes":[]},{"id":104758,"url":"https:\/\/vincentians.com\/fr\/louise-de-marillac-lettre-0022-a-monsieur-labbe-de-vaux\/","url_meta":{"origin":105319,"position":2},"title":"Louise de Marillac, Lettre 0022: \u00e0 Monsieur l&rsquo;abb\u00e9 de Vaux","author":"Francisco Javier Fern\u00e1ndez Chento","date":"03\/01\/2017","format":false,"excerpt":"\u00e0 Angers 29 mai 1640. Monsieur, Un mot seulement de tr\u00e8s humbles remerciements, pour toutes les charit\u00e9s que vous faites \u00e0 nos filles et que vous me mandez. Dieu en soit votre r\u00e9compense \u00e9ternellement. Je suis bien en soin de notre pauvre S\u0153ur Elisabeth. Je ne sais, si ce n'est\u2026","rel":"","context":"Dans &quot;\u00c9crits de Louise de Marillac&quot;","block_context":{"text":"\u00c9crits de Louise de Marillac","link":"https:\/\/vincentians.com\/fr\/category\/ecrits-de-louise-de-marillac\/"},"img":{"alt_text":"","src":"https:\/\/i0.wp.com\/vincentians.com\/fr\/wp-content\/uploads\/sites\/10\/2016\/07\/cartas-luisa-de-marillac.jpg?fit=1200%2C630&ssl=1&resize=350%2C200","width":350,"height":200,"srcset":"https:\/\/i0.wp.com\/vincentians.com\/fr\/wp-content\/uploads\/sites\/10\/2016\/07\/cartas-luisa-de-marillac.jpg?fit=1200%2C630&ssl=1&resize=350%2C200 1x, https:\/\/i0.wp.com\/vincentians.com\/fr\/wp-content\/uploads\/sites\/10\/2016\/07\/cartas-luisa-de-marillac.jpg?fit=1200%2C630&ssl=1&resize=525%2C300 1.5x, https:\/\/i0.wp.com\/vincentians.com\/fr\/wp-content\/uploads\/sites\/10\/2016\/07\/cartas-luisa-de-marillac.jpg?fit=1200%2C630&ssl=1&resize=700%2C400 2x, https:\/\/i0.wp.com\/vincentians.com\/fr\/wp-content\/uploads\/sites\/10\/2016\/07\/cartas-luisa-de-marillac.jpg?fit=1200%2C630&ssl=1&resize=1050%2C600 3x"},"classes":[]},{"id":104519,"url":"https:\/\/vincentians.com\/fr\/louise-de-marillac-lettre-0038-a-monsieur-vincent\/","url_meta":{"origin":105319,"position":3},"title":"Louise de Marillac, Lettre 0038: \u00e0 Monsieur Vincent","author":"Francisco Javier Fern\u00e1ndez Chento","date":"13\/09\/2016","format":false,"excerpt":"Ce dimanche (vers 1638) Monsieur, Je vais envoyer votre r\u00e9ponse \u00e0 Madame Pelletier, par ma S\u0153ur Turgis, je suis si m\u00e9chante que j'eusse bien voulu que ce mot, de son retour bient\u00f4t, n'y e\u00fbt pas \u00e9t\u00e9. Monsieur de Liancourt passa hier ici, je ne le vis pas, mais il me\u2026","rel":"","context":"Dans &quot;\u00c9crits de Louise de Marillac&quot;","block_context":{"text":"\u00c9crits de Louise de Marillac","link":"https:\/\/vincentians.com\/fr\/category\/ecrits-de-louise-de-marillac\/"},"img":{"alt_text":"","src":"https:\/\/i0.wp.com\/vincentians.com\/fr\/wp-content\/uploads\/sites\/10\/2016\/07\/cartas-luisa-de-marillac.jpg?fit=1200%2C630&ssl=1&resize=350%2C200","width":350,"height":200,"srcset":"https:\/\/i0.wp.com\/vincentians.com\/fr\/wp-content\/uploads\/sites\/10\/2016\/07\/cartas-luisa-de-marillac.jpg?fit=1200%2C630&ssl=1&resize=350%2C200 1x, https:\/\/i0.wp.com\/vincentians.com\/fr\/wp-content\/uploads\/sites\/10\/2016\/07\/cartas-luisa-de-marillac.jpg?fit=1200%2C630&ssl=1&resize=525%2C300 1.5x, https:\/\/i0.wp.com\/vincentians.com\/fr\/wp-content\/uploads\/sites\/10\/2016\/07\/cartas-luisa-de-marillac.jpg?fit=1200%2C630&ssl=1&resize=700%2C400 2x, https:\/\/i0.wp.com\/vincentians.com\/fr\/wp-content\/uploads\/sites\/10\/2016\/07\/cartas-luisa-de-marillac.jpg?fit=1200%2C630&ssl=1&resize=1050%2C600 3x"},"classes":[]},{"id":104756,"url":"https:\/\/vincentians.com\/fr\/louise-de-marillac-lettre-0028-a-monsieur-vincent\/","url_meta":{"origin":105319,"position":4},"title":"Louise de Marillac, Lettre 0028: (\u00e0 Monsieur Vincent)","author":"Francisco Javier Fern\u00e1ndez Chento","date":"17\/01\/2017","format":false,"excerpt":"(1640.) Je supplie tr\u00e8s humblement votre charit\u00e9 prendre la peine nous mander * si ce sera pour demain, apr\u00e8s-d\u00eener, que j 'avertirais nos quatre S\u0153urs. Je me suis oubli\u00e9e de vous proposer notre S\u0153ur Anne de Saint-Paul de qui, je crois, il faut m\u00e9nager l'esprit, et notre S\u0153ur Genevi\u00e8ve de\u2026","rel":"","context":"Dans &quot;\u00c9crits de Louise de Marillac&quot;","block_context":{"text":"\u00c9crits de Louise de Marillac","link":"https:\/\/vincentians.com\/fr\/category\/ecrits-de-louise-de-marillac\/"},"img":{"alt_text":"","src":"https:\/\/i0.wp.com\/vincentians.com\/fr\/wp-content\/uploads\/sites\/10\/2016\/07\/cartas-luisa-de-marillac.jpg?fit=1200%2C630&ssl=1&resize=350%2C200","width":350,"height":200,"srcset":"https:\/\/i0.wp.com\/vincentians.com\/fr\/wp-content\/uploads\/sites\/10\/2016\/07\/cartas-luisa-de-marillac.jpg?fit=1200%2C630&ssl=1&resize=350%2C200 1x, https:\/\/i0.wp.com\/vincentians.com\/fr\/wp-content\/uploads\/sites\/10\/2016\/07\/cartas-luisa-de-marillac.jpg?fit=1200%2C630&ssl=1&resize=525%2C300 1.5x, https:\/\/i0.wp.com\/vincentians.com\/fr\/wp-content\/uploads\/sites\/10\/2016\/07\/cartas-luisa-de-marillac.jpg?fit=1200%2C630&ssl=1&resize=700%2C400 2x, https:\/\/i0.wp.com\/vincentians.com\/fr\/wp-content\/uploads\/sites\/10\/2016\/07\/cartas-luisa-de-marillac.jpg?fit=1200%2C630&ssl=1&resize=1050%2C600 3x"},"classes":[]},{"id":105085,"url":"https:\/\/vincentians.com\/fr\/louise-de-marillac-lettre-0107-a-monsieur-labbe-de-vaux\/","url_meta":{"origin":105319,"position":5},"title":"Louise de Marillac, Lettre 0107: \u00e0 Monsieur l&rsquo;abb\u00e9 de Vaux","author":"Francisco Javier Fern\u00e1ndez Chento","date":"07\/03\/2017","format":false,"excerpt":"De septembre le 6eme (1640). Monsieur, Je pense que Messieurs les P\u00e8res Administrateurs et P\u00e8res des Pauvres ne trouveront point mauvais que nous retirions notre S\u0153ur Turgis, car je vous assure que nous en avons tr\u00e8s grand besoin ici, et que sans les maladies de nos S\u0153urs, il y a\u2026","rel":"","context":"Dans &quot;\u00c9crits de Louise de Marillac&quot;","block_context":{"text":"\u00c9crits de Louise de Marillac","link":"https:\/\/vincentians.com\/fr\/category\/ecrits-de-louise-de-marillac\/"},"img":{"alt_text":"","src":"https:\/\/i0.wp.com\/vincentians.com\/fr\/wp-content\/uploads\/sites\/10\/2016\/07\/cartas-luisa-de-marillac.jpg?fit=1200%2C630&ssl=1&resize=350%2C200","width":350,"height":200,"srcset":"https:\/\/i0.wp.com\/vincentians.com\/fr\/wp-content\/uploads\/sites\/10\/2016\/07\/cartas-luisa-de-marillac.jpg?fit=1200%2C630&ssl=1&resize=350%2C200 1x, https:\/\/i0.wp.com\/vincentians.com\/fr\/wp-content\/uploads\/sites\/10\/2016\/07\/cartas-luisa-de-marillac.jpg?fit=1200%2C630&ssl=1&resize=525%2C300 1.5x, https:\/\/i0.wp.com\/vincentians.com\/fr\/wp-content\/uploads\/sites\/10\/2016\/07\/cartas-luisa-de-marillac.jpg?fit=1200%2C630&ssl=1&resize=700%2C400 2x, https:\/\/i0.wp.com\/vincentians.com\/fr\/wp-content\/uploads\/sites\/10\/2016\/07\/cartas-luisa-de-marillac.jpg?fit=1200%2C630&ssl=1&resize=1050%2C600 3x"},"classes":[]}],"_links":{"self":[{"href":"https:\/\/vincentians.com\/fr\/wp-json\/wp\/v2\/posts\/105319","targetHints":{"allow":["GET"]}}],"collection":[{"href":"https:\/\/vincentians.com\/fr\/wp-json\/wp\/v2\/posts"}],"about":[{"href":"https:\/\/vincentians.com\/fr\/wp-json\/wp\/v2\/types\/post"}],"author":[{"embeddable":true,"href":"https:\/\/vincentians.com\/fr\/wp-json\/wp\/v2\/users\/4"}],"replies":[{"embeddable":true,"href":"https:\/\/vincentians.com\/fr\/wp-json\/wp\/v2\/comments?post=105319"}],"version-history":[{"count":0,"href":"https:\/\/vincentians.com\/fr\/wp-json\/wp\/v2\/posts\/105319\/revisions"}],"wp:featuredmedia":[{"embeddable":true,"href":"https:\/\/vincentians.com\/fr\/wp-json\/wp\/v2\/media\/189777"}],"wp:attachment":[{"href":"https:\/\/vincentians.com\/fr\/wp-json\/wp\/v2\/media?parent=105319"}],"wp:term":[{"taxonomy":"category","embeddable":true,"href":"https:\/\/vincentians.com\/fr\/wp-json\/wp\/v2\/categories?post=105319"},{"taxonomy":"post_tag","embeddable":true,"href":"https:\/\/vincentians.com\/fr\/wp-json\/wp\/v2\/tags?post=105319"}],"curies":[{"name":"wp","href":"https:\/\/api.w.org\/{rel}","templated":true}]}}