{"id":105316,"date":"2017-03-21T04:00:58","date_gmt":"2017-03-21T03:00:58","guid":{"rendered":"http:\/\/vincentiens.org\/?p=105316"},"modified":"2017-03-21T04:00:58","modified_gmt":"2017-03-21T03:00:58","slug":"louise-de-marillac-lettre-0033-a-monsieur-vincent","status":"publish","type":"post","link":"https:\/\/vincentians.com\/fr\/louise-de-marillac-lettre-0033-a-monsieur-vincent\/","title":{"rendered":"Louise de Marillac, Lettre 0033: \u00e0 Monsieur Vincent"},"content":{"rendered":"<p align=\"right\">Ce jour, Saint-Denis (1640).<\/p>\n<p>Monsieur,<\/p>\n<p>Les amis de la m\u00e8re d&rsquo;un de nos enfants presse fort d&rsquo;accorder* les poursuites que l&rsquo;on a commenc\u00e9es contre elle, quoique absente, et demande que l&rsquo;on leur propose ce que l&rsquo;on d\u00e9sire pour la sortir d&rsquo;affaire ; il y a un b\u00e9n\u00e9ficier<span id='easy-footnote-1-105316' class='easy-footnote-margin-adjust'><\/span><span class='easy-footnote'><a href='https:\/\/vincentians.com\/fr\/louise-de-marillac-lettre-0033-a-monsieur-vincent\/#easy-footnote-bottom-1-105316' title='B\u00e9n\u00e9ficier: possesseur d&amp;rsquo;un b\u00e9n\u00e9fice eccl\u00e9siastique.'><sup>1<\/sup><\/a><\/span> qui s&rsquo;en m\u00eale et le ma\u00eetre de ladite femme; j&rsquo;ai promis de dire la r\u00e9ponse, savoir, si pour servir d&rsquo;exemple aux autres l&rsquo;on proc\u00e9dera par les voies de la justice, qui la scandalisera tout \u00e0 fait; ou bien si l&rsquo;on prendra la voie plus douce qui est de demander qu&rsquo;elle paie les frais, qu&rsquo;elle reprenne son enfant, en baillant personne solvable, qui r\u00e9ponde qu&rsquo;elle ne fera aucun mal \u00e0 l&rsquo;enfant mais qu&rsquo;elle l&rsquo;\u00e9l\u00e8vera, comme elle est oblig\u00e9e, et qu&rsquo;elle donne \u00e0 la maison quelque aum\u00f4ne et s&rsquo;il vous pla\u00eet me mander * de quelle somme.<\/p>\n<p>Je crois que ceux qui s&rsquo;en m\u00ealent la paieront, c&rsquo;est pourquoi je pense qu&rsquo;il la faudrait demander bonne; ou bien, Monsieur, avant de faire ces demandes, leur demander qu&rsquo;ils se taxent eux-m\u00eames, s&rsquo;il vous pla\u00eet, sans d\u00e9f\u00e9rence \u00e0 d&rsquo;autres, prendre la peine me mander tout cela, car Monsieur Leroy<span id='easy-footnote-2-105316' class='easy-footnote-margin-adjust'><\/span><span class='easy-footnote'><a href='https:\/\/vincentians.com\/fr\/louise-de-marillac-lettre-0033-a-monsieur-vincent\/#easy-footnote-bottom-2-105316' title='Monsieur Leroy, l&amp;rsquo;un des Administrateurs de l&amp;rsquo;\u0153uvre des Enfants Trouv\u00e9s.'><sup>2<\/sup><\/a><\/span> m&rsquo;a mis cela enti\u00e8rement \u00e0 ma disposition.<\/p>\n<p>J&rsquo;entends toujours agir en cette \u0153uvre apr\u00e8s votre ob\u00e9issance, comme en ayant charge des dames que je d\u00e9sirerais bien se trouver toutes les semaines \u00e0 la maison, si vous \u00eates d&rsquo;avis, apr\u00e8s la r\u00e9solution que vous m&rsquo;aurez donn\u00e9e je les avertirai d&rsquo;y venir pour la r\u00e9solution de cette affaire; ou vous prendrez la peine de faire dire \u00e0 notre S\u0153ur qu&rsquo;elle les avertisse de se trouver demain qui est mercredi, d&rsquo;y venir \u00e0 onze heures, qui est l&rsquo;heure que Monsieur Bret doit venir prendre la r\u00e9ponse que j&rsquo;attendrai de votre charit\u00e9.<\/p>\n<p>Madame Turgis<span id='easy-footnote-3-105316' class='easy-footnote-margin-adjust'><\/span><span class='easy-footnote'><a href='https:\/\/vincentians.com\/fr\/louise-de-marillac-lettre-0033-a-monsieur-vincent\/#easy-footnote-bottom-3-105316' title='\u00c9lisabeth Turgis arrive d&amp;rsquo;Angers (voir p. 17 et 39).'><sup>3<\/sup><\/a><\/span> est arriv\u00e9e, trouvez-vous bon que la bonne S\u0153ur qu&rsquo;elle a amen\u00e9e avec elle fasse ici la retraite, avec celle qui vous a parl\u00e9 \u00e0 Saint-Marie, ou chez Monsieur le Commandeur d\u00e9funt<span id='easy-footnote-4-105316' class='easy-footnote-margin-adjust'><\/span><span class='easy-footnote'><a href='https:\/\/vincentians.com\/fr\/louise-de-marillac-lettre-0033-a-monsieur-vincent\/#easy-footnote-bottom-4-105316' title='Le commandeur de Sillery, mort le 26 septembre 1640.'><sup>4<\/sup><\/a><\/span>. J&rsquo;ai dit \u00e0 la bonne S\u0153ur de Saint-Germain<span id='easy-footnote-5-105316' class='easy-footnote-margin-adjust'><\/span><span class='easy-footnote'><a href='https:\/\/vincentians.com\/fr\/louise-de-marillac-lettre-0033-a-monsieur-vincent\/#easy-footnote-bottom-5-105316' title='Paroisse de Paris.'><sup>5<\/sup><\/a><\/span> que nous ne pouvions pas tenir \u00e0 la maison des personnes m\u00e9contentes, ni qui mal \u00e9difiassent les autres S\u0153urs, et que si elle y voulait demeurer il fallait qu&rsquo;elle change\u00e2t cela, et qu&rsquo;elle ne fit point \u00e9tat d&rsquo;aller servir les pauvres au moins de plusieurs ann\u00e9es.<\/p>\n<p>Notre argent est tout en monnaie de France, et fort peu d&rsquo;or qui est de poids j&rsquo;ai bien d\u00e9sir que Dieu s&rsquo;en veuille servir, si c&rsquo;est sa sainte volont\u00e9. J&rsquo;ai vu Madame de Villeneuve<span id='easy-footnote-6-105316' class='easy-footnote-margin-adjust'><\/span><span class='easy-footnote'><a href='https:\/\/vincentians.com\/fr\/louise-de-marillac-lettre-0033-a-monsieur-vincent\/#easy-footnote-bottom-6-105316' title='Madame de Villeneuve amie de Louise de Marillac, fonda en 1641 la congr\u00e9gation des Filles de la Croix. Elle mourut le 15 janvier 1650.'><sup>6<\/sup><\/a><\/span> qui m&rsquo;a dit que l&rsquo;on lui enseignait une maison \u00e0 La Chapelle, je n&rsquo;en sache point, si ce n&rsquo;est la n\u00f4tre, s&rsquo;il vous pla\u00eet d&rsquo;y penser, qu&rsquo;il serait n\u00e9cessaire que nous vous disions toutes les incommodit\u00e9s et ce qui peut y accommoder, avant d&rsquo;en sortir<span id='easy-footnote-7-105316' class='easy-footnote-margin-adjust'><\/span><span class='easy-footnote'><a href='https:\/\/vincentians.com\/fr\/louise-de-marillac-lettre-0033-a-monsieur-vincent\/#easy-footnote-bottom-7-105316' title='Il est question d&amp;rsquo;acheter une maison proche de Saint-Lazare pour y transf\u00e9rer la Maison-M\u00e8re des Filles de la Charit\u00e9 (Coste 11.130,133).'><sup>7<\/sup><\/a><\/span> afin que nous n&rsquo;y eussions point regret. Je supplie la bont\u00e9 de Dieu que rien n&#8217;emp\u00eache ses desseins, et que je sois v\u00e9ritablement Monsieur, Votre tr\u00e8s ob\u00e9issante fille et servante.<\/p>\n","protected":false},"excerpt":{"rendered":"<p>Ce jour, Saint-Denis (1640). Monsieur, Les amis de la m\u00e8re d&rsquo;un de nos enfants presse fort d&rsquo;accorder* les poursuites que l&rsquo;on a commenc\u00e9es contre elle, quoique absente, et demande que l&rsquo;on leur propose ce que &#8230; <a href=\"https:\/\/vincentians.com\/fr\/louise-de-marillac-lettre-0033-a-monsieur-vincent\/\" class=\"more-link\">Read More<\/a><\/p>\n","protected":false},"author":4,"featured_media":189777,"comment_status":"open","ping_status":"open","sticky":false,"template":"","format":"standard","meta":{"jetpack_post_was_ever_published":false,"_jetpack_newsletter_access":"","_jetpack_dont_email_post_to_subs":false,"_jetpack_newsletter_tier_id":0,"_jetpack_memberships_contains_paywalled_content":false,"_jetpack_memberships_contains_paid_content":false,"footnotes":"","jetpack_publicize_message":"","jetpack_publicize_feature_enabled":true,"jetpack_social_post_already_shared":true,"jetpack_social_options":{"image_generator_settings":{"template":"highway","default_image_id":0,"font":"","enabled":false},"version":2}},"categories":[121],"tags":[],"class_list":["post-105316","post","type-post","status-publish","format-standard","has-post-thumbnail","hentry","category-ecrits-de-louise-de-marillac"],"yoast_head":"<!-- This site is optimized with the Yoast SEO plugin v26.3 - https:\/\/yoast.com\/wordpress\/plugins\/seo\/ -->\n<title>Louise de Marillac, Lettre 0033: \u00e0 Monsieur Vincent - Nous Sommes Vincentiens<\/title>\n<meta name=\"robots\" content=\"index, follow, max-snippet:-1, max-image-preview:large, max-video-preview:-1\" \/>\n<link rel=\"canonical\" href=\"https:\/\/vincentians.com\/fr\/louise-de-marillac-lettre-0033-a-monsieur-vincent\/\" \/>\n<meta property=\"og:locale\" content=\"fr_FR\" \/>\n<meta property=\"og:type\" content=\"article\" \/>\n<meta property=\"og:title\" content=\"Louise de Marillac, Lettre 0033: \u00e0 Monsieur Vincent - Nous Sommes Vincentiens\" \/>\n<meta property=\"og:description\" content=\"Ce jour, Saint-Denis (1640). Monsieur, Les amis de la m\u00e8re d&rsquo;un de nos enfants presse fort d&rsquo;accorder* les poursuites que l&rsquo;on a commenc\u00e9es contre elle, quoique absente, et demande que l&rsquo;on leur propose ce que ... Read More\" \/>\n<meta property=\"og:url\" content=\"https:\/\/vincentians.com\/fr\/louise-de-marillac-lettre-0033-a-monsieur-vincent\/\" \/>\n<meta property=\"og:site_name\" content=\"Nous Sommes Vincentiens\" \/>\n<meta property=\"article:publisher\" content=\"https:\/\/www.facebook.com\/WeAreVincentians\/\" \/>\n<meta property=\"article:author\" content=\"https:\/\/www.facebook.com\/JavierChento\" \/>\n<meta property=\"article:published_time\" content=\"2017-03-21T03:00:58+00:00\" \/>\n<meta property=\"og:image\" content=\"https:\/\/i0.wp.com\/vincentians.com\/fr\/wp-content\/uploads\/sites\/10\/2016\/07\/cartas-luisa-de-marillac.jpg?fit=1200%2C630&ssl=1\" \/>\n\t<meta property=\"og:image:width\" content=\"1200\" \/>\n\t<meta property=\"og:image:height\" content=\"630\" \/>\n\t<meta property=\"og:image:type\" content=\"image\/jpeg\" \/>\n<meta name=\"author\" content=\"Francisco Javier Fern\u00e1ndez Chento\" \/>\n<meta name=\"twitter:card\" content=\"summary_large_image\" \/>\n<meta name=\"twitter:creator\" content=\"@https:\/\/twitter.com\/javierchento\" \/>\n<meta name=\"twitter:site\" content=\"@WeVincentians\" \/>\n<meta name=\"twitter:label1\" content=\"\u00c9crit par\" \/>\n\t<meta name=\"twitter:data1\" content=\"Francisco Javier Fern\u00e1ndez Chento\" \/>\n\t<meta name=\"twitter:label2\" content=\"Dur\u00e9e de lecture estim\u00e9e\" \/>\n\t<meta name=\"twitter:data2\" content=\"3 minutes\" \/>\n<script type=\"application\/ld+json\" class=\"yoast-schema-graph\">{\"@context\":\"https:\/\/schema.org\",\"@graph\":[{\"@type\":\"WebPage\",\"@id\":\"https:\/\/vincentians.com\/fr\/louise-de-marillac-lettre-0033-a-monsieur-vincent\/\",\"url\":\"https:\/\/vincentians.com\/fr\/louise-de-marillac-lettre-0033-a-monsieur-vincent\/\",\"name\":\"Louise de Marillac, Lettre 0033: \u00e0 Monsieur Vincent - Nous Sommes Vincentiens\",\"isPartOf\":{\"@id\":\"https:\/\/vincentians.com\/fr\/#website\"},\"primaryImageOfPage\":{\"@id\":\"https:\/\/vincentians.com\/fr\/louise-de-marillac-lettre-0033-a-monsieur-vincent\/#primaryimage\"},\"image\":{\"@id\":\"https:\/\/vincentians.com\/fr\/louise-de-marillac-lettre-0033-a-monsieur-vincent\/#primaryimage\"},\"thumbnailUrl\":\"https:\/\/i0.wp.com\/vincentians.com\/fr\/wp-content\/uploads\/sites\/10\/2016\/07\/cartas-luisa-de-marillac.jpg?fit=1200%2C630&ssl=1\",\"datePublished\":\"2017-03-21T03:00:58+00:00\",\"author\":{\"@id\":\"https:\/\/vincentians.com\/fr\/#\/schema\/person\/9623ef4d9aa3b2dfb8c061f1499288f2\"},\"breadcrumb\":{\"@id\":\"https:\/\/vincentians.com\/fr\/louise-de-marillac-lettre-0033-a-monsieur-vincent\/#breadcrumb\"},\"inLanguage\":\"fr-FR\",\"potentialAction\":[{\"@type\":\"ReadAction\",\"target\":[\"https:\/\/vincentians.com\/fr\/louise-de-marillac-lettre-0033-a-monsieur-vincent\/\"]}]},{\"@type\":\"ImageObject\",\"inLanguage\":\"fr-FR\",\"@id\":\"https:\/\/vincentians.com\/fr\/louise-de-marillac-lettre-0033-a-monsieur-vincent\/#primaryimage\",\"url\":\"https:\/\/i0.wp.com\/vincentians.com\/fr\/wp-content\/uploads\/sites\/10\/2016\/07\/cartas-luisa-de-marillac.jpg?fit=1200%2C630&ssl=1\",\"contentUrl\":\"https:\/\/i0.wp.com\/vincentians.com\/fr\/wp-content\/uploads\/sites\/10\/2016\/07\/cartas-luisa-de-marillac.jpg?fit=1200%2C630&ssl=1\",\"width\":1200,\"height\":630},{\"@type\":\"BreadcrumbList\",\"@id\":\"https:\/\/vincentians.com\/fr\/louise-de-marillac-lettre-0033-a-monsieur-vincent\/#breadcrumb\",\"itemListElement\":[{\"@type\":\"ListItem\",\"position\":1,\"name\":\"Portada\",\"item\":\"https:\/\/vincentians.com\/fr\/\"},{\"@type\":\"ListItem\",\"position\":2,\"name\":\"Louise de Marillac, Lettre 0033: \u00e0 Monsieur Vincent\"}]},{\"@type\":\"WebSite\",\"@id\":\"https:\/\/vincentians.com\/fr\/#website\",\"url\":\"https:\/\/vincentians.com\/fr\/\",\"name\":\"Nous Sommes Vincentiens\",\"description\":\"Know more to serve more\",\"potentialAction\":[{\"@type\":\"SearchAction\",\"target\":{\"@type\":\"EntryPoint\",\"urlTemplate\":\"https:\/\/vincentians.com\/fr\/?s={search_term_string}\"},\"query-input\":{\"@type\":\"PropertyValueSpecification\",\"valueRequired\":true,\"valueName\":\"search_term_string\"}}],\"inLanguage\":\"fr-FR\"},{\"@type\":\"Person\",\"@id\":\"https:\/\/vincentians.com\/fr\/#\/schema\/person\/9623ef4d9aa3b2dfb8c061f1499288f2\",\"name\":\"Francisco Javier Fern\u00e1ndez Chento\",\"image\":{\"@type\":\"ImageObject\",\"inLanguage\":\"fr-FR\",\"@id\":\"https:\/\/vincentians.com\/fr\/#\/schema\/person\/image\/\",\"url\":\"https:\/\/secure.gravatar.com\/avatar\/497d5cde87b4c3d097d0315953521681ba2cd523ee66e5077c3711f7021e65de?s=96&d=mm&r=g\",\"contentUrl\":\"https:\/\/secure.gravatar.com\/avatar\/497d5cde87b4c3d097d0315953521681ba2cd523ee66e5077c3711f7021e65de?s=96&d=mm&r=g\",\"caption\":\"Francisco Javier Fern\u00e1ndez Chento\"},\"description\":\"Director General y cofundador de La Red de Formaci\u00f3n Vicenciana. Javier es laico vicenciano, afiliado a la Congregaci\u00f3n de la Misi\u00f3n y miembro del Equipo de Misiones Populares de la provincia can\u00f3nica de Zaragoza (Espa\u00f1a) de la Congregaci\u00f3n de la Misi\u00f3n. Graduado en la Universidad Oberta de Catalunya con cuatro grados (Asistente de direcci\u00f3n, Gesti\u00f3n Administrativa, Recursos Humanos y Contabilidad Avanzada). Bil\u00edng\u00fce Espa\u00f1ol\/Ingl\u00e9s. gestiona y mantiene varias p\u00e1ginas web cristianas y vicencianas, incluida including La Red de Formaci\u00f3n Vicenciana, de la que es cofundador. Actualmente es responsable del \u00e1rea de Espa\u00f1ol de .famvin, la Red de Noticias de la Familia Vicenciana. Tambi\u00e9n es m\u00fasico cat\u00f3lico y ha editado varios discos. Es Director General y cofundador de Trovador, una reconocida compa\u00f1\u00eda discogr\u00e1fica critiana de Espa\u00f1a. Trabaja en las Tecnolog\u00edas de la Informaci\u00f3n, ofreciendo servicios de alojamiento, dise\u00f1o y mantenimiento Web, as\u00ed como asesoramiento, formaci\u00f3n y soluciones inform\u00e1ticas, gesti\u00f3n documental y digitalizaci\u00f3n de textos, edici\u00f3n y maquetaci\u00f3n de libros, revistas, flyers, etc.\",\"sameAs\":[\"http:\/\/chento.org\",\"https:\/\/www.facebook.com\/JavierChento\",\"https:\/\/x.com\/https:\/\/twitter.com\/javierchento\"],\"url\":\"https:\/\/vincentians.com\/fr\/author\/chento\/\"}]}<\/script>\n<!-- \/ Yoast SEO plugin. -->","yoast_head_json":{"title":"Louise de Marillac, Lettre 0033: \u00e0 Monsieur Vincent - Nous Sommes Vincentiens","robots":{"index":"index","follow":"follow","max-snippet":"max-snippet:-1","max-image-preview":"max-image-preview:large","max-video-preview":"max-video-preview:-1"},"canonical":"https:\/\/vincentians.com\/fr\/louise-de-marillac-lettre-0033-a-monsieur-vincent\/","og_locale":"fr_FR","og_type":"article","og_title":"Louise de Marillac, Lettre 0033: \u00e0 Monsieur Vincent - Nous Sommes Vincentiens","og_description":"Ce jour, Saint-Denis (1640). Monsieur, Les amis de la m\u00e8re d&rsquo;un de nos enfants presse fort d&rsquo;accorder* les poursuites que l&rsquo;on a commenc\u00e9es contre elle, quoique absente, et demande que l&rsquo;on leur propose ce que ... Read More","og_url":"https:\/\/vincentians.com\/fr\/louise-de-marillac-lettre-0033-a-monsieur-vincent\/","og_site_name":"Nous Sommes Vincentiens","article_publisher":"https:\/\/www.facebook.com\/WeAreVincentians\/","article_author":"https:\/\/www.facebook.com\/JavierChento","article_published_time":"2017-03-21T03:00:58+00:00","og_image":[{"width":1200,"height":630,"url":"https:\/\/i0.wp.com\/vincentians.com\/fr\/wp-content\/uploads\/sites\/10\/2016\/07\/cartas-luisa-de-marillac.jpg?fit=1200%2C630&ssl=1","type":"image\/jpeg"}],"author":"Francisco Javier Fern\u00e1ndez Chento","twitter_card":"summary_large_image","twitter_creator":"@https:\/\/twitter.com\/javierchento","twitter_site":"@WeVincentians","twitter_misc":{"\u00c9crit par":"Francisco Javier Fern\u00e1ndez Chento","Dur\u00e9e de lecture estim\u00e9e":"3 minutes"},"schema":{"@context":"https:\/\/schema.org","@graph":[{"@type":"WebPage","@id":"https:\/\/vincentians.com\/fr\/louise-de-marillac-lettre-0033-a-monsieur-vincent\/","url":"https:\/\/vincentians.com\/fr\/louise-de-marillac-lettre-0033-a-monsieur-vincent\/","name":"Louise de Marillac, Lettre 0033: \u00e0 Monsieur Vincent - Nous Sommes Vincentiens","isPartOf":{"@id":"https:\/\/vincentians.com\/fr\/#website"},"primaryImageOfPage":{"@id":"https:\/\/vincentians.com\/fr\/louise-de-marillac-lettre-0033-a-monsieur-vincent\/#primaryimage"},"image":{"@id":"https:\/\/vincentians.com\/fr\/louise-de-marillac-lettre-0033-a-monsieur-vincent\/#primaryimage"},"thumbnailUrl":"https:\/\/i0.wp.com\/vincentians.com\/fr\/wp-content\/uploads\/sites\/10\/2016\/07\/cartas-luisa-de-marillac.jpg?fit=1200%2C630&ssl=1","datePublished":"2017-03-21T03:00:58+00:00","author":{"@id":"https:\/\/vincentians.com\/fr\/#\/schema\/person\/9623ef4d9aa3b2dfb8c061f1499288f2"},"breadcrumb":{"@id":"https:\/\/vincentians.com\/fr\/louise-de-marillac-lettre-0033-a-monsieur-vincent\/#breadcrumb"},"inLanguage":"fr-FR","potentialAction":[{"@type":"ReadAction","target":["https:\/\/vincentians.com\/fr\/louise-de-marillac-lettre-0033-a-monsieur-vincent\/"]}]},{"@type":"ImageObject","inLanguage":"fr-FR","@id":"https:\/\/vincentians.com\/fr\/louise-de-marillac-lettre-0033-a-monsieur-vincent\/#primaryimage","url":"https:\/\/i0.wp.com\/vincentians.com\/fr\/wp-content\/uploads\/sites\/10\/2016\/07\/cartas-luisa-de-marillac.jpg?fit=1200%2C630&ssl=1","contentUrl":"https:\/\/i0.wp.com\/vincentians.com\/fr\/wp-content\/uploads\/sites\/10\/2016\/07\/cartas-luisa-de-marillac.jpg?fit=1200%2C630&ssl=1","width":1200,"height":630},{"@type":"BreadcrumbList","@id":"https:\/\/vincentians.com\/fr\/louise-de-marillac-lettre-0033-a-monsieur-vincent\/#breadcrumb","itemListElement":[{"@type":"ListItem","position":1,"name":"Portada","item":"https:\/\/vincentians.com\/fr\/"},{"@type":"ListItem","position":2,"name":"Louise de Marillac, Lettre 0033: \u00e0 Monsieur Vincent"}]},{"@type":"WebSite","@id":"https:\/\/vincentians.com\/fr\/#website","url":"https:\/\/vincentians.com\/fr\/","name":"Nous Sommes Vincentiens","description":"Know more to serve more","potentialAction":[{"@type":"SearchAction","target":{"@type":"EntryPoint","urlTemplate":"https:\/\/vincentians.com\/fr\/?s={search_term_string}"},"query-input":{"@type":"PropertyValueSpecification","valueRequired":true,"valueName":"search_term_string"}}],"inLanguage":"fr-FR"},{"@type":"Person","@id":"https:\/\/vincentians.com\/fr\/#\/schema\/person\/9623ef4d9aa3b2dfb8c061f1499288f2","name":"Francisco Javier Fern\u00e1ndez Chento","image":{"@type":"ImageObject","inLanguage":"fr-FR","@id":"https:\/\/vincentians.com\/fr\/#\/schema\/person\/image\/","url":"https:\/\/secure.gravatar.com\/avatar\/497d5cde87b4c3d097d0315953521681ba2cd523ee66e5077c3711f7021e65de?s=96&d=mm&r=g","contentUrl":"https:\/\/secure.gravatar.com\/avatar\/497d5cde87b4c3d097d0315953521681ba2cd523ee66e5077c3711f7021e65de?s=96&d=mm&r=g","caption":"Francisco Javier Fern\u00e1ndez Chento"},"description":"Director General y cofundador de La Red de Formaci\u00f3n Vicenciana. Javier es laico vicenciano, afiliado a la Congregaci\u00f3n de la Misi\u00f3n y miembro del Equipo de Misiones Populares de la provincia can\u00f3nica de Zaragoza (Espa\u00f1a) de la Congregaci\u00f3n de la Misi\u00f3n. Graduado en la Universidad Oberta de Catalunya con cuatro grados (Asistente de direcci\u00f3n, Gesti\u00f3n Administrativa, Recursos Humanos y Contabilidad Avanzada). Bil\u00edng\u00fce Espa\u00f1ol\/Ingl\u00e9s. gestiona y mantiene varias p\u00e1ginas web cristianas y vicencianas, incluida including La Red de Formaci\u00f3n Vicenciana, de la que es cofundador. Actualmente es responsable del \u00e1rea de Espa\u00f1ol de .famvin, la Red de Noticias de la Familia Vicenciana. Tambi\u00e9n es m\u00fasico cat\u00f3lico y ha editado varios discos. Es Director General y cofundador de Trovador, una reconocida compa\u00f1\u00eda discogr\u00e1fica critiana de Espa\u00f1a. Trabaja en las Tecnolog\u00edas de la Informaci\u00f3n, ofreciendo servicios de alojamiento, dise\u00f1o y mantenimiento Web, as\u00ed como asesoramiento, formaci\u00f3n y soluciones inform\u00e1ticas, gesti\u00f3n documental y digitalizaci\u00f3n de textos, edici\u00f3n y maquetaci\u00f3n de libros, revistas, flyers, etc.","sameAs":["http:\/\/chento.org","https:\/\/www.facebook.com\/JavierChento","https:\/\/x.com\/https:\/\/twitter.com\/javierchento"],"url":"https:\/\/vincentians.com\/fr\/author\/chento\/"}]}},"jetpack_publicize_connections":[],"jetpack_featured_media_url":"https:\/\/i0.wp.com\/vincentians.com\/fr\/wp-content\/uploads\/sites\/10\/2016\/07\/cartas-luisa-de-marillac.jpg?fit=1200%2C630&ssl=1","jetpack_sharing_enabled":true,"jetpack_shortlink":"https:\/\/wp.me\/p7ETMP-roE","jetpack-related-posts":[{"id":105319,"url":"https:\/\/vincentians.com\/fr\/louise-de-marillac-lettre-0030-a-monsieur-labbe-de-vaux\/","url_meta":{"origin":105316,"position":0},"title":"Louise de Marillac, Lettre 0030: \u00e0 Monsieur l&rsquo;abb\u00e9 de Vaux","author":"Francisco Javier Fern\u00e1ndez Chento","date":"28\/03\/2017","format":false,"excerpt":"De la maison des Enfants Trouv\u00e9s, ce 3 octobre 1640. Monsieur, Je suis bien f\u00e2ch\u00e9e que ma S\u0153ur Turgis ait laiss\u00e9 cette bonne fille je lui avais mand\u00e9 ne se pas arr\u00eater aux frais du voyage, s'il n'y avait que cela \u00e0 redire et qu'il se pr\u00e9sente occasion de l'envoyer,\u2026","rel":"","context":"Dans &quot;\u00c9crits de Louise de Marillac&quot;","block_context":{"text":"\u00c9crits de Louise de Marillac","link":"https:\/\/vincentians.com\/fr\/category\/ecrits-de-louise-de-marillac\/"},"img":{"alt_text":"","src":"https:\/\/i0.wp.com\/vincentians.com\/fr\/wp-content\/uploads\/sites\/10\/2016\/07\/cartas-luisa-de-marillac.jpg?fit=1200%2C630&ssl=1&resize=350%2C200","width":350,"height":200,"srcset":"https:\/\/i0.wp.com\/vincentians.com\/fr\/wp-content\/uploads\/sites\/10\/2016\/07\/cartas-luisa-de-marillac.jpg?fit=1200%2C630&ssl=1&resize=350%2C200 1x, https:\/\/i0.wp.com\/vincentians.com\/fr\/wp-content\/uploads\/sites\/10\/2016\/07\/cartas-luisa-de-marillac.jpg?fit=1200%2C630&ssl=1&resize=525%2C300 1.5x, https:\/\/i0.wp.com\/vincentians.com\/fr\/wp-content\/uploads\/sites\/10\/2016\/07\/cartas-luisa-de-marillac.jpg?fit=1200%2C630&ssl=1&resize=700%2C400 2x, https:\/\/i0.wp.com\/vincentians.com\/fr\/wp-content\/uploads\/sites\/10\/2016\/07\/cartas-luisa-de-marillac.jpg?fit=1200%2C630&ssl=1&resize=1050%2C600 3x"},"classes":[]},{"id":104756,"url":"https:\/\/vincentians.com\/fr\/louise-de-marillac-lettre-0028-a-monsieur-vincent\/","url_meta":{"origin":105316,"position":1},"title":"Louise de Marillac, Lettre 0028: (\u00e0 Monsieur Vincent)","author":"Francisco Javier Fern\u00e1ndez Chento","date":"17\/01\/2017","format":false,"excerpt":"(1640.) Je supplie tr\u00e8s humblement votre charit\u00e9 prendre la peine nous mander * si ce sera pour demain, apr\u00e8s-d\u00eener, que j 'avertirais nos quatre S\u0153urs. Je me suis oubli\u00e9e de vous proposer notre S\u0153ur Anne de Saint-Paul de qui, je crois, il faut m\u00e9nager l'esprit, et notre S\u0153ur Genevi\u00e8ve de\u2026","rel":"","context":"Dans &quot;\u00c9crits de Louise de Marillac&quot;","block_context":{"text":"\u00c9crits de Louise de Marillac","link":"https:\/\/vincentians.com\/fr\/category\/ecrits-de-louise-de-marillac\/"},"img":{"alt_text":"","src":"https:\/\/i0.wp.com\/vincentians.com\/fr\/wp-content\/uploads\/sites\/10\/2016\/07\/cartas-luisa-de-marillac.jpg?fit=1200%2C630&ssl=1&resize=350%2C200","width":350,"height":200,"srcset":"https:\/\/i0.wp.com\/vincentians.com\/fr\/wp-content\/uploads\/sites\/10\/2016\/07\/cartas-luisa-de-marillac.jpg?fit=1200%2C630&ssl=1&resize=350%2C200 1x, https:\/\/i0.wp.com\/vincentians.com\/fr\/wp-content\/uploads\/sites\/10\/2016\/07\/cartas-luisa-de-marillac.jpg?fit=1200%2C630&ssl=1&resize=525%2C300 1.5x, https:\/\/i0.wp.com\/vincentians.com\/fr\/wp-content\/uploads\/sites\/10\/2016\/07\/cartas-luisa-de-marillac.jpg?fit=1200%2C630&ssl=1&resize=700%2C400 2x, https:\/\/i0.wp.com\/vincentians.com\/fr\/wp-content\/uploads\/sites\/10\/2016\/07\/cartas-luisa-de-marillac.jpg?fit=1200%2C630&ssl=1&resize=1050%2C600 3x"},"classes":[]},{"id":104747,"url":"https:\/\/vincentians.com\/fr\/louise-de-marillac-lettre-0018-a-monsieur-labbe-de-vaux\/","url_meta":{"origin":105316,"position":2},"title":"Louise de Marillac, Lettre 0018: \u00e0 Monsieur l&rsquo;abb\u00e9 de Vaux","author":"Francisco Javier Fern\u00e1ndez Chento","date":"29\/11\/2016","format":false,"excerpt":"Ce 27 avril (1640). Monsieur, Je vous demande pardon de ce que mon impatience \u00e0 vous \u00e9crire le dernier voyage * fut cause que je fis demander \u00e0 Monsieur Vincent des Missionnaires pour les lieux o\u00f9 vous les vouliez employer. Sa r\u00e9ponse n'\u00e9tant que verbale, je ne l'entendis pas, ce\u2026","rel":"","context":"Dans &quot;\u00c9crits de Louise de Marillac&quot;","block_context":{"text":"\u00c9crits de Louise de Marillac","link":"https:\/\/vincentians.com\/fr\/category\/ecrits-de-louise-de-marillac\/"},"img":{"alt_text":"","src":"https:\/\/i0.wp.com\/vincentians.com\/fr\/wp-content\/uploads\/sites\/10\/2016\/07\/cartas-luisa-de-marillac.jpg?fit=1200%2C630&ssl=1&resize=350%2C200","width":350,"height":200,"srcset":"https:\/\/i0.wp.com\/vincentians.com\/fr\/wp-content\/uploads\/sites\/10\/2016\/07\/cartas-luisa-de-marillac.jpg?fit=1200%2C630&ssl=1&resize=350%2C200 1x, https:\/\/i0.wp.com\/vincentians.com\/fr\/wp-content\/uploads\/sites\/10\/2016\/07\/cartas-luisa-de-marillac.jpg?fit=1200%2C630&ssl=1&resize=525%2C300 1.5x, https:\/\/i0.wp.com\/vincentians.com\/fr\/wp-content\/uploads\/sites\/10\/2016\/07\/cartas-luisa-de-marillac.jpg?fit=1200%2C630&ssl=1&resize=700%2C400 2x, https:\/\/i0.wp.com\/vincentians.com\/fr\/wp-content\/uploads\/sites\/10\/2016\/07\/cartas-luisa-de-marillac.jpg?fit=1200%2C630&ssl=1&resize=1050%2C600 3x"},"classes":[]},{"id":104532,"url":"https:\/\/vincentians.com\/fr\/louise-de-marillac-lettre-0089-a-monsieur-vincent\/","url_meta":{"origin":105316,"position":3},"title":"Louise de Marillac, Lettre 0089: \u00e0 Monsieur Vincent","author":"Francisco Javier Fern\u00e1ndez Chento","date":"20\/09\/2016","format":false,"excerpt":"Ce jeudi (vers 1638). Monsieur, Ma S\u0153ur Turgis est bien en peine de ce (que) le Sergent de la Compagnie de M. de Castillon lui est venu dire qu'il envoiera des soldats loger, tant au corps de logis de devant, que en celui o\u00f9 logent les enfants ; ils feront\u2026","rel":"","context":"Dans &quot;\u00c9crits de Louise de Marillac&quot;","block_context":{"text":"\u00c9crits de Louise de Marillac","link":"https:\/\/vincentians.com\/fr\/category\/ecrits-de-louise-de-marillac\/"},"img":{"alt_text":"","src":"https:\/\/i0.wp.com\/vincentians.com\/fr\/wp-content\/uploads\/sites\/10\/2016\/07\/cartas-luisa-de-marillac.jpg?fit=1200%2C630&ssl=1&resize=350%2C200","width":350,"height":200,"srcset":"https:\/\/i0.wp.com\/vincentians.com\/fr\/wp-content\/uploads\/sites\/10\/2016\/07\/cartas-luisa-de-marillac.jpg?fit=1200%2C630&ssl=1&resize=350%2C200 1x, https:\/\/i0.wp.com\/vincentians.com\/fr\/wp-content\/uploads\/sites\/10\/2016\/07\/cartas-luisa-de-marillac.jpg?fit=1200%2C630&ssl=1&resize=525%2C300 1.5x, https:\/\/i0.wp.com\/vincentians.com\/fr\/wp-content\/uploads\/sites\/10\/2016\/07\/cartas-luisa-de-marillac.jpg?fit=1200%2C630&ssl=1&resize=700%2C400 2x, https:\/\/i0.wp.com\/vincentians.com\/fr\/wp-content\/uploads\/sites\/10\/2016\/07\/cartas-luisa-de-marillac.jpg?fit=1200%2C630&ssl=1&resize=1050%2C600 3x"},"classes":[]},{"id":104529,"url":"https:\/\/vincentians.com\/fr\/louise-de-marillac-lettre-0005-a-monsieur-dehorgny\/","url_meta":{"origin":105316,"position":4},"title":"Louise de Marillac, Lettre 0005: \u00e0 Monsieur Dehorgny","author":"Francisco Javier Fern\u00e1ndez Chento","date":"09\/08\/2016","format":false,"excerpt":"(au Coll\u00e8ge des Bons Enfants) 29 septembre 1635. Monsieur, J'ai re\u00e7u les cent livres que vous m'avez envoy\u00e9es; je vous supplie prendre la peine me mander * combien vous voulez de chemises, combien de coiffes, combien de mouchoirs et de tout ce que vous avez besoin . Je suis bien\u2026","rel":"","context":"Dans &quot;\u00c9crits de Louise de Marillac&quot;","block_context":{"text":"\u00c9crits de Louise de Marillac","link":"https:\/\/vincentians.com\/fr\/category\/ecrits-de-louise-de-marillac\/"},"img":{"alt_text":"","src":"https:\/\/i0.wp.com\/vincentians.com\/fr\/wp-content\/uploads\/sites\/10\/2016\/07\/cartas-luisa-de-marillac.jpg?fit=1200%2C630&ssl=1&resize=350%2C200","width":350,"height":200,"srcset":"https:\/\/i0.wp.com\/vincentians.com\/fr\/wp-content\/uploads\/sites\/10\/2016\/07\/cartas-luisa-de-marillac.jpg?fit=1200%2C630&ssl=1&resize=350%2C200 1x, https:\/\/i0.wp.com\/vincentians.com\/fr\/wp-content\/uploads\/sites\/10\/2016\/07\/cartas-luisa-de-marillac.jpg?fit=1200%2C630&ssl=1&resize=525%2C300 1.5x, https:\/\/i0.wp.com\/vincentians.com\/fr\/wp-content\/uploads\/sites\/10\/2016\/07\/cartas-luisa-de-marillac.jpg?fit=1200%2C630&ssl=1&resize=700%2C400 2x, https:\/\/i0.wp.com\/vincentians.com\/fr\/wp-content\/uploads\/sites\/10\/2016\/07\/cartas-luisa-de-marillac.jpg?fit=1200%2C630&ssl=1&resize=1050%2C600 3x"},"classes":[]},{"id":104519,"url":"https:\/\/vincentians.com\/fr\/louise-de-marillac-lettre-0038-a-monsieur-vincent\/","url_meta":{"origin":105316,"position":5},"title":"Louise de Marillac, Lettre 0038: \u00e0 Monsieur Vincent","author":"Francisco Javier Fern\u00e1ndez Chento","date":"13\/09\/2016","format":false,"excerpt":"Ce dimanche (vers 1638) Monsieur, Je vais envoyer votre r\u00e9ponse \u00e0 Madame Pelletier, par ma S\u0153ur Turgis, je suis si m\u00e9chante que j'eusse bien voulu que ce mot, de son retour bient\u00f4t, n'y e\u00fbt pas \u00e9t\u00e9. Monsieur de Liancourt passa hier ici, je ne le vis pas, mais il me\u2026","rel":"","context":"Dans &quot;\u00c9crits de Louise de Marillac&quot;","block_context":{"text":"\u00c9crits de Louise de Marillac","link":"https:\/\/vincentians.com\/fr\/category\/ecrits-de-louise-de-marillac\/"},"img":{"alt_text":"","src":"https:\/\/i0.wp.com\/vincentians.com\/fr\/wp-content\/uploads\/sites\/10\/2016\/07\/cartas-luisa-de-marillac.jpg?fit=1200%2C630&ssl=1&resize=350%2C200","width":350,"height":200,"srcset":"https:\/\/i0.wp.com\/vincentians.com\/fr\/wp-content\/uploads\/sites\/10\/2016\/07\/cartas-luisa-de-marillac.jpg?fit=1200%2C630&ssl=1&resize=350%2C200 1x, https:\/\/i0.wp.com\/vincentians.com\/fr\/wp-content\/uploads\/sites\/10\/2016\/07\/cartas-luisa-de-marillac.jpg?fit=1200%2C630&ssl=1&resize=525%2C300 1.5x, https:\/\/i0.wp.com\/vincentians.com\/fr\/wp-content\/uploads\/sites\/10\/2016\/07\/cartas-luisa-de-marillac.jpg?fit=1200%2C630&ssl=1&resize=700%2C400 2x, https:\/\/i0.wp.com\/vincentians.com\/fr\/wp-content\/uploads\/sites\/10\/2016\/07\/cartas-luisa-de-marillac.jpg?fit=1200%2C630&ssl=1&resize=1050%2C600 3x"},"classes":[]}],"_links":{"self":[{"href":"https:\/\/vincentians.com\/fr\/wp-json\/wp\/v2\/posts\/105316","targetHints":{"allow":["GET"]}}],"collection":[{"href":"https:\/\/vincentians.com\/fr\/wp-json\/wp\/v2\/posts"}],"about":[{"href":"https:\/\/vincentians.com\/fr\/wp-json\/wp\/v2\/types\/post"}],"author":[{"embeddable":true,"href":"https:\/\/vincentians.com\/fr\/wp-json\/wp\/v2\/users\/4"}],"replies":[{"embeddable":true,"href":"https:\/\/vincentians.com\/fr\/wp-json\/wp\/v2\/comments?post=105316"}],"version-history":[{"count":0,"href":"https:\/\/vincentians.com\/fr\/wp-json\/wp\/v2\/posts\/105316\/revisions"}],"wp:featuredmedia":[{"embeddable":true,"href":"https:\/\/vincentians.com\/fr\/wp-json\/wp\/v2\/media\/189777"}],"wp:attachment":[{"href":"https:\/\/vincentians.com\/fr\/wp-json\/wp\/v2\/media?parent=105316"}],"wp:term":[{"taxonomy":"category","embeddable":true,"href":"https:\/\/vincentians.com\/fr\/wp-json\/wp\/v2\/categories?post=105316"},{"taxonomy":"post_tag","embeddable":true,"href":"https:\/\/vincentians.com\/fr\/wp-json\/wp\/v2\/tags?post=105316"}],"curies":[{"name":"wp","href":"https:\/\/api.w.org\/{rel}","templated":true}]}}